{"id":119578,"date":"2024-07-18T02:14:25","date_gmt":"2024-07-18T05:14:25","guid":{"rendered":"https:\/\/www.aarquiteta.com.br\/blog\/ideias-sofa-bege\/"},"modified":"2024-07-18T02:14:25","modified_gmt":"2024-07-18T05:14:25","slug":"ideias-sofa-bege","status":"publish","type":"post","link":"https:\/\/www.aarquiteta.com.br\/blog\/ideias-sofa-bege\/","title":{"rendered":"8 ideias Lindas para Decorar sua Sala com Sof\u00e1 Bege"},"content":{"rendered":"<p>Olha s\u00f3, o sof\u00e1 bege \u00e9 um verdadeiro curinga na decora\u00e7\u00e3o! Voc\u00ea sabia que esse tom neutro e elegante pode se transformar em um verdadeiro hit, dependendo de como voc\u00ea o combina? Pois \u00e9, meus amigos, com algumas dicas certeiras, esse m\u00f3vel pode se encaixar perfeitamente em qualquer ambiente, desde o cl\u00e1ssico e sofisticado at\u00e9 o moderno e descontra\u00eddo. Ent\u00e3o, prepara-se, porque hoje vou te dar todas as informa\u00e7\u00f5es que voc\u00ea precisa para arrasar na decora\u00e7\u00e3o da sua sala de estar com um sof\u00e1 bege!<\/p>\n<h2>Principais Pontos:<\/h2>\n<ul>\n<li><b>Combinar cores<\/b> certas \u00e9 a chave para voc\u00ea conseguir transformar seu sof\u00e1 bege em um verdadeiro protagonista da sua sala.<\/li>\n<li>Existem <b>diferentes estilos de sof\u00e1 bege<\/b> que se adaptam perfeitamente a diferentes ambientes, ent\u00e3o \u00e9 importante saber escolher o modelo certo.<\/li>\n<li>Usar o sof\u00e1 bege em <b>ambientes integrados<\/b> pode ser um desafio, mas com as dicas certas voc\u00ea consegue deixar tudo harmonioso e elegante.<\/li>\n<\/ul>\n<h2>Como combinar as cores da sala com o sof\u00e1 bege?<\/h2>\n<p>Primeiro, vamos falar sobre a combina\u00e7\u00e3o de cores. Olha, o bege \u00e9 um tom neutro e vers\u00e1til, ent\u00e3o voc\u00ea pode brincar bastante na hora de escolher os tons que v\u00e3o compor o seu ambiente. Uma dica top \u00e9 apostar em <b>cores terrosas, tons de verde, azul acinzentado ou at\u00e9 mesmo tons de cinza<\/b> &#8211; eles combinam perfeitamente com o bege e trazem um ar super charmoso e elegante para a sua sala.<\/p>\n<figure style=\"width: 1024px\" class=\"wp-caption aligncenter\"><img decoding=\"async\" src=\"https:\/\/www.aarquiteta.com.br\/blog\/wp-content\/uploads\/2024\/07\/imagem_2024-07-14_164221858.png\" alt=\"Sof\u00e1 bege + revestimento de pedra + plantinhas para um toque de frescor \u2013 Projeto: Vanessa Vidal Arquitetura | Foto: Fl\u00e1vio Dias.\" width=\"1024\" height=\"1024\" title=\"\"><figcaption class=\"wp-caption-text\">Sof\u00e1 bege + revestimento de pedra + plantinhas para um toque de frescor \u2013 Projeto: Vanessa Vidal Arquitetura | Foto: Fl\u00e1vio Dias.<\/figcaption><\/figure>\n<p>Agora, se voc\u00ea quiser algo mais vibrante e moderno, que tal experimentar <b>toques de amarelo, vermelho ou at\u00e9 mesmo rosa?<\/b> Esses tons mais alegres e vivos v\u00e3o criar um contraste super interessante com o bege do seu sof\u00e1, deixando tudo mais alegre e descontra\u00eddo. S\u00f3 n\u00e3o vale abusar, hein? Lembre-se de manter o equil\u00edbrio para n\u00e3o ficar uma bagun\u00e7a.<\/p>\n<figure style=\"width: 1024px\" class=\"wp-caption aligncenter\"><img decoding=\"async\" src=\"https:\/\/www.aarquiteta.com.br\/blog\/wp-content\/uploads\/2024\/07\/imagem_2024-07-14_164230476.png\" alt=\"Combine a sofistica\u00e7\u00e3o do porcelanato marmorizado com a versatilidade do sof\u00e1 bege para um ambiente elegante e acolhedor \u2013 Foto: Portinari.\" width=\"1024\" height=\"1024\" title=\"\"><figcaption class=\"wp-caption-text\">Combine a sofistica\u00e7\u00e3o do porcelanato marmorizado com a versatilidade do sof\u00e1 bege para um ambiente elegante e acolhedor \u2013 Foto: Portinari.<\/figcaption><\/figure>\n<h2>Qual \u00e9 o melhor sof\u00e1 bege para sala de TV?<\/h2>\n<p>Ah, a sala de TV merece uma aten\u00e7\u00e3o especial, n\u00e9? Afinal, \u00e9 ali que a gente relaxa depois de um longo dia. Se voc\u00ea tem um sof\u00e1 bege nesse ambiente, <b>opte por modelos mais confort\u00e1veis e aconchegantes<\/b>, como os de estilo retr\u00f4 ou os de linhas mais arredondadas. Eles v\u00e3o criar um clima super acolhedor e aconchegante, perfeito para maratonar seus filmes e s\u00e9ries favoritos.<\/p>\n<figure style=\"width: 1024px\" class=\"wp-caption aligncenter\"><img decoding=\"async\" src=\"https:\/\/www.aarquiteta.com.br\/blog\/wp-content\/uploads\/2024\/07\/imagem_2024-07-14_164238040.png\" alt=\"Sof\u00e1 bege + papel de parede estampado + mobili\u00e1rios neutros \u2013 Projeto: Studio Cris Paola Arquitetura e Design | Foto: Hamilton Penna.\" width=\"1024\" height=\"1024\" title=\"\"><figcaption class=\"wp-caption-text\">Sof\u00e1 bege + papel de parede estampado + mobili\u00e1rios neutros \u2013 Projeto: Studio Cris Paola Arquitetura e Design | Foto: Hamilton Penna.<\/figcaption><\/figure>\n<p>Outra dica importante \u00e9 <b>escolher um sof\u00e1 bege com tecido resistente e f\u00e1cil de limpar<\/b>. Voc\u00ea sabe como \u00e9, n\u00e9? \u00c0s vezes a pipoca ou o refrigerante voam longe e a gente acaba sujando tudo. Ent\u00e3o, um tecido dur\u00e1vel e de f\u00e1cil manuten\u00e7\u00e3o vai te salvar de muores dores de cabe\u00e7a.<\/p>\n<figure style=\"width: 1024px\" class=\"wp-caption aligncenter\"><img decoding=\"async\" src=\"https:\/\/www.aarquiteta.com.br\/blog\/wp-content\/uploads\/2024\/07\/imagem_2024-07-14_164247503.png\" alt=\"O sof\u00e1 bege \u00e9 perfeito para composi\u00e7\u00f5es cl\u00e1ssicas, modernas, coloridas ou minimalistas \u2013 Projeto: Vanessa Vidal Arquitetura | Foto: Fl\u00e1vio Dias.\" width=\"1024\" height=\"1024\" title=\"\"><figcaption class=\"wp-caption-text\">O sof\u00e1 bege \u00e9 perfeito para composi\u00e7\u00f5es cl\u00e1ssicas, modernas, coloridas ou minimalistas \u2013 Projeto: Vanessa Vidal Arquitetura | Foto: Fl\u00e1vio Dias.<\/figcaption><\/figure>\n<h2>Como usar o sof\u00e1 bege em ambientes integrados?<\/h2>\n<p>Ah, os ambientes integrados, n\u00e9? Eles s\u00e3o simplesmente lindos, mas podem ser um desafio na hora de decorar, principalmente quando envolve um sof\u00e1 bege. Mas n\u00e3o se preocupe, eu tenho umas dicas preciosas pra voc\u00ea!<\/p>\n<figure style=\"width: 1024px\" class=\"wp-caption aligncenter\"><img decoding=\"async\" src=\"https:\/\/www.aarquiteta.com.br\/blog\/wp-content\/uploads\/2024\/07\/imagem_2024-07-14_164255275.png\" alt=\"Sof\u00e1 chaise \u00e9 confort\u00e1vel e perfeito para reunir a fam\u00edlia para assistir filmes e s\u00e9ries \u2013 Projeto: Mageste &#038; Blinovas Arquitetura | Foto: Julia Novoa.\" width=\"1024\" height=\"1024\" title=\"\"><figcaption class=\"wp-caption-text\">Sof\u00e1 chaise \u00e9 confort\u00e1vel e perfeito para reunir a fam\u00edlia para assistir filmes e s\u00e9ries \u2013 Projeto: Mageste &#038; Blinovas Arquitetura | Foto: Julia Novoa.<\/figcaption><\/figure>\n<p>Primeiro, <b>preste aten\u00e7\u00e3o na transi\u00e7\u00e3o entre os espa\u00e7os<\/b>. Voc\u00ea pode usar tapetes, elementos decorativos ou at\u00e9 mesmo a cor das paredes para criar uma harmonia visual entre a sala de estar e os outros ambientes. Dessa forma, o sof\u00e1 bege n\u00e3o vai ficar &#8220;jogado&#8221; no meio da integra\u00e7\u00e3o.<\/p>\n<figure style=\"width: 1024px\" class=\"wp-caption aligncenter\"><img decoding=\"async\" src=\"https:\/\/www.aarquiteta.com.br\/blog\/wp-content\/uploads\/2024\/07\/imagem_2024-07-14_164305412.png\" alt=\"Sof\u00e1 de canto bege te ajuda a ganhar mais espa\u00e7o em ambientes integrados \u2013 Projeto: Blaia e Moura Arquitetos | Foto: Rafael Renzo.\" width=\"1024\" height=\"1024\" title=\"\"><figcaption class=\"wp-caption-text\">Sof\u00e1 de canto bege te ajuda a ganhar mais espa\u00e7o em ambientes integrados \u2013 Projeto: Blaia e Moura Arquitetos | Foto: Rafael Renzo.<\/figcaption><\/figure>\n<p>Outra dica super importante \u00e9 <b>apostar em acess\u00f3rios que reforcem a paleta de cores do ambiente<\/b>. Ent\u00e3o, se voc\u00ea tiver uma cozinha com tons de cinza, invista em almofadas e mantas nessa mesma pegada. Isso vai fazer com que tudo fique lindamente integrado.<\/p>\n<figure style=\"width: 1024px\" class=\"wp-caption aligncenter\"><img decoding=\"async\" src=\"https:\/\/www.aarquiteta.com.br\/blog\/wp-content\/uploads\/2024\/07\/imagem_2024-07-14_164314801.png\" alt=\"Personalize sua sala de estar com almofadas coloridas e estampadas no sof\u00e1 bege, criando um ambiente alegre e \u00fanico \u2013 Projeto: Mageste &#038; Blinovas Arquitetura | Foto: Julia Novoa.\" width=\"1024\" height=\"1024\" title=\"\"><figcaption class=\"wp-caption-text\">Personalize sua sala de estar com almofadas coloridas e estampadas no sof\u00e1 bege, criando um ambiente alegre e \u00fanico \u2013 Projeto: Mageste &#038; Blinovas Arquitetura | Foto: Julia Novoa.<\/figcaption><\/figure>\n<h3>Quais cores de almofadas combinam com o sof\u00e1 bege?<\/h3>\n<p>As almofadas s\u00e3o um elemento fundamental para deixar o seu sof\u00e1 bege ainda mais lindo e aconchegante. <b>Tons de azul, verde, cinza e at\u00e9 mesmo o branco<\/b> s\u00e3o \u00f3timas op\u00e7\u00f5es para combinar com o bege. Eles trazem um ar elegante e sofisticado para a sua sala.<\/p>\n<figure style=\"width: 1024px\" class=\"wp-caption aligncenter\"><img decoding=\"async\" src=\"https:\/\/www.aarquiteta.com.br\/blog\/wp-content\/uploads\/2024\/07\/imagem_2024-07-14_164325478.png\" alt=\"Para um visual mais clean, combine almofadas de cores neutras com o sof\u00e1 bege \u2013 Projeto: Fenda Arquitetura | Foto: Gisele Rampazzo.\" width=\"1024\" height=\"1024\" title=\"\"><figcaption class=\"wp-caption-text\">Para um visual mais clean, combine almofadas de cores neutras com o sof\u00e1 bege \u2013 Projeto: Fenda Arquitetura | Foto: Gisele Rampazzo.<\/figcaption><\/figure>\n<p>Agora, se voc\u00ea quiser algo mais vibrante e divertido, que tal <b>apostar em almofadas com estampas geom\u00e9tricas, florais ou at\u00e9 mesmo listras?<\/b> Esses padr\u00f5es v\u00e3o dar um toque de personalidade e modernidade para o seu ambiente.<\/p>\n<figure style=\"width: 1024px\" class=\"wp-caption aligncenter\"><img decoding=\"async\" src=\"https:\/\/www.aarquiteta.com.br\/blog\/wp-content\/uploads\/2024\/07\/imagem_2024-07-14_164335517.png\" alt=\"Manta e almofadas verde escuro + sof\u00e1 chaise bege \u2013 Projeto\/Foto: Priscila Mendon\u00e7a.\" width=\"1024\" height=\"1024\" title=\"\"><figcaption class=\"wp-caption-text\">Manta e almofadas verde escuro + sof\u00e1 chaise bege \u2013 Projeto\/Foto: Priscila Mendon\u00e7a.<\/figcaption><\/figure>\n<h3>Como escolher a manta para sof\u00e1 bege?<\/h3>\n<p>Ah, as mantas s\u00e3o outro item essencial para deixar o seu sof\u00e1 bege ainda mais aconchegante e charmoso. <b>Eu amo apostar em tons neutros, como o bege, o cinza ou at\u00e9 mesmo o branco<\/b> &#8211; eles trazem uma sensa\u00e7\u00e3o de acolhimento e eleg\u00e2ncia para o ambiente.<\/p>\n<figure style=\"width: 1024px\" class=\"wp-caption aligncenter\"><img decoding=\"async\" src=\"https:\/\/www.aarquiteta.com.br\/blog\/wp-content\/uploads\/2024\/07\/imagem_2024-07-14_164345031.png\" alt=\"Para os tapetes, aposte em op\u00e7\u00f5es coloridas para ambientes descontra\u00eddos e neutras para espa\u00e7os clean \u2013 Foto: Fenda Arquitetura | Foto: Jo\u00e3o Paulo Prado.\" width=\"1024\" height=\"1024\" title=\"\"><figcaption class=\"wp-caption-text\">Para os tapetes, aposte em op\u00e7\u00f5es coloridas para ambientes descontra\u00eddos e neutras para espa\u00e7os clean \u2013 Foto: Fenda Arquitetura | Foto: Jo\u00e3o Paulo Prado.<\/figcaption><\/figure>\n<p>Mas se voc\u00ea quiser algo um pouquinho mais ousado, que tal investir em <b>mantas com texturas diferenciadas, como o veludo ou o tric\u00f4?<\/b> Esses materiais v\u00e3o adicionar um toque super interessante e super convidativo ao seu sof\u00e1.<\/p>\n<img decoding=\"async\" src=\"\" alt=\"\" width=\"1024\" height=\"1024\" title=\"\">\n<h3>Qual cor de tapete combina com sof\u00e1 bege?<\/h3>\n<p>O tapete \u00e9 outro item importante na hora de compor a decora\u00e7\u00e3o da sua sala com o sof\u00e1 bege. <b>Tons neutros, como o bege, o cinza ou o off-white<\/b> s\u00e3o \u00f3timas op\u00e7\u00f5es, pois criam uma base s\u00f3lida e elegante para o seu ambiente.<\/p>\n<img decoding=\"async\" src=\"\" alt=\"\" width=\"1024\" height=\"1024\" title=\"\">\n<p>Agora, se voc\u00ea quiser algo um pouco mais ousado, que tal <b>experimentar tapetes com estampas geom\u00e9tricas ou at\u00e9 mesmo com tons de azul ou verde?<\/b> Esses padr\u00f5es e cores v\u00e3o trazer um toque de personalidade e modernidade para a sua sala.<\/p>\n<img decoding=\"async\" src=\"\" alt=\"\" width=\"1024\" height=\"1024\" title=\"\">\n<h2>Conclus\u00e3o<\/h2>\n<p>Ent\u00e3o, meus queridos, agora voc\u00ea j\u00e1 sabe tudo o que precisa para transformar o seu sof\u00e1 bege em um verdadeiro hit da decora\u00e7\u00e3o. S\u00f3 n\u00e3o se esque\u00e7a de <b>sempre levar em conta o estilo do seu ambiente e as suas prefer\u00eancias pessoais<\/b> na hora de escolher as combina\u00e7\u00f5es perfeitas.<\/p>\n<img decoding=\"async\" src=\"\" alt=\"\" width=\"1024\" height=\"1024\" title=\"\">\n<p>Veja mais algumas ideias e inspira\u00e7\u00f5es sobre o assunto abaixo e descubra qual deles mais lhe agrada!<\/p>\n<img decoding=\"async\" src=\"\" alt=\"\" width=\"1024\" height=\"1024\" title=\"\">\n<img decoding=\"async\" src=\"\" alt=\"\" width=\"1024\" height=\"1024\" title=\"\">\n<img decoding=\"async\" src=\"\" alt=\"\" width=\"1024\" height=\"1024\" title=\"\">\n<img decoding=\"async\" src=\"\" alt=\"\" width=\"1024\" height=\"1024\" title=\"\">\n<img decoding=\"async\" src=\"\" alt=\"\" width=\"1024\" height=\"1024\" title=\"\">\n<img decoding=\"async\" src=\"\" alt=\"\" width=\"1024\" height=\"1024\" title=\"\">\n<h3>Assista agora a minha recomenda\u00e7\u00e3o de video abaixo sobre o tema que estamos tratando neste artigo: <\/h3>\n<p><div class=\"youtube-embed\" data-video_id=\"SRw1rjs7LME\"><iframe title=\"8 DICAS VERDADEIRAS PARA DEIXAR SUA SALA ELEGANTE! | Aplique essas dicas para ter uma sala chique!\" width=\"696\" height=\"392\" src=\"https:\/\/www.youtube.com\/embed\/SRw1rjs7LME?feature=oembed&#038;enablejsapi=1\" frameborder=\"0\" allow=\"accelerometer; autoplay; clipboard-write; encrypted-media; gyroscope; picture-in-picture; web-share\" referrerpolicy=\"strict-origin-when-cross-origin\" allowfullscreen><\/iframe><\/div><\/p>\n","protected":false},"excerpt":{"rendered":"<p>Veja algumas ideias incr\u00edveis para decorar sua sala com um sof\u00e1 bege. Transforme seu espa\u00e7o com ideias elegantes e acolhedoras que v\u00e3o deixar seu ambiente ainda mais sofisticado e convidativo!<\/p>\n","protected":false},"author":102,"featured_media":119568,"comment_status":"closed","ping_status":"closed","sticky":false,"template":"","format":"standard","meta":{"footnotes":""},"categories":[1484],"tags":[],"class_list":["post-119578","post","type-post","status-publish","format-standard","has-post-thumbnail","category-decoracao"],"_wp_attached_file":null,"_wp_attachment_metadata":null,"_wp_attachment_context":null,"_wp_attachment_is_custom_header":null,"geo_longitude":null,"geo_public":null,"geo_latitude":null,"_publicize_done_external":null,"_wpas_done_3897181":null,"publicize_twitter_user":null,"_wpas_done_3897175":null,"_wpas_skip_3897181":null,"_wpas_skip_3897175":null,"_wpas_skip_3924723":null,"_wpas_mess":null,"_wpas_done_3924723":null,"wps_subtitle":"","_links":{"self":[{"href":"https:\/\/www.aarquiteta.com.br\/blog\/wp-json\/wp\/v2\/posts\/119578","targetHints":{"allow":["GET"]}}],"collection":[{"href":"https:\/\/www.aarquiteta.com.br\/blog\/wp-json\/wp\/v2\/posts"}],"about":[{"href":"https:\/\/www.aarquiteta.com.br\/blog\/wp-json\/wp\/v2\/types\/post"}],"author":[{"embeddable":true,"href":"https:\/\/www.aarquiteta.com.br\/blog\/wp-json\/wp\/v2\/users\/102"}],"replies":[{"embeddable":true,"href":"https:\/\/www.aarquiteta.com.br\/blog\/wp-json\/wp\/v2\/comments?post=119578"}],"version-history":[{"count":0,"href":"https:\/\/www.aarquiteta.com.br\/blog\/wp-json\/wp\/v2\/posts\/119578\/revisions"}],"wp:featuredmedia":[{"embeddable":true,"href":"https:\/\/www.aarquiteta.com.br\/blog\/wp-json\/wp\/v2\/media\/119568"}],"wp:attachment":[{"href":"https:\/\/www.aarquiteta.com.br\/blog\/wp-json\/wp\/v2\/media?parent=119578"}],"wp:term":[{"taxonomy":"category","embeddable":true,"href":"https:\/\/www.aarquiteta.com.br\/blog\/wp-json\/wp\/v2\/categories?post=119578"},{"taxonomy":"post_tag","embeddable":true,"href":"https:\/\/www.aarquiteta.com.br\/blog\/wp-json\/wp\/v2\/tags?post=119578"}],"curies":[{"name":"wp","href":"https:\/\/api.w.org\/{rel}","templated":true}]}}