{"id":119565,"date":"2024-07-17T20:14:41","date_gmt":"2024-07-17T23:14:41","guid":{"rendered":"https:\/\/www.aarquiteta.com.br\/blog\/guarda-roupa-planejado-2\/"},"modified":"2024-07-17T20:14:41","modified_gmt":"2024-07-17T23:14:41","slug":"guarda-roupa-planejado-2","status":"publish","type":"post","link":"https:\/\/www.aarquiteta.com.br\/blog\/guarda-roupa-planejado-2\/","title":{"rendered":"15 Modelos de Guarda-Roupa Planejado para Quartos Pequenos que Inspiram"},"content":{"rendered":"<p>Viu como um guarda-roupa planejado pode fazer toda a diferen\u00e7a em um quarto pequeno? Esse investimento \u00e9 uma verdadeira m\u00e1gica, otimizando o espa\u00e7o e oferecendo uma solu\u00e7\u00e3o personalizada e funcional para organizar suas roupas, sapatos e acess\u00f3rios. E n\u00e3o \u00e9 s\u00f3 isso, meu caro! Explore 20 ideias inspiradoras e descubra os principais benef\u00edcios desse investimento.<\/p><p><b>Pontos principais:<\/b><\/p><ul><li><b>Maximizar o espa\u00e7o<\/b> com solu\u00e7\u00f5es de guarda-roupa personalizadas<\/li><li><b>Integrar funcionalidade e design<\/b> no seu quarto<\/li><li><b>Explorar diferentes op\u00e7\u00f5es<\/b> de guarda-roupa planejado<\/li><\/ul><h3>Maximizando o Espa\u00e7o com Solu\u00e7\u00f5es Personalizadas<\/h3><p>Voc\u00ea j\u00e1 deve ter se deparado com aquele quarto que parece menor do que realmente \u00e9, n\u00e3o \u00e9 mesmo? Pois bem, \u00e9 a\u00ed que entra a m\u00e1gica do guarda-roupa planejado. Essa solu\u00e7\u00e3o foi feita sob medida para voc\u00ea, levando em conta as suas necessidades e o espa\u00e7o dispon\u00edvel. Adeus, bagun\u00e7a e desperd\u00edcio de espa\u00e7o! Com um guarda-roupa planejado, <b>voc\u00ea otimiza cada cantinho do seu quarto<\/b>, transformando-o em um o\u00e1sis de organiza\u00e7\u00e3o e funcionalidade.<\/p><figure style=\"width: 1024px\" class=\"wp-caption aligncenter\"><img decoding=\"async\" src=\"https:\/\/www.aarquiteta.com.br\/blog\/wp-content\/uploads\/2024\/07\/1-guarda-roupa-Planejado-de-casal.jpg\" alt=\"Guarda-roupa planejado de casal, perfeito para quem compartilha o espa\u00e7o.\" width=\"1024\" height=\"1024\" title=\"\"><figcaption class=\"wp-caption-text\">Guarda-roupa planejado de casal, perfeito para quem compartilha o espa\u00e7o.<\/figcaption><\/figure><h3>Integrando Funcionalidade e Design no Seu Quarto<\/h3><p>Nem pense que um guarda-roupa planejado \u00e9 apenas uma solu\u00e7\u00e3o pr\u00e1tica. Meu amigo, esse investimento tamb\u00e9m \u00e9 uma verdadeira obra de arte! Imagine poder <b>combinar perfeitamente o design do seu guarda-roupa com o restante da decora\u00e7\u00e3o do quarto<\/b>. \u00c9 isso mesmo, voc\u00ea pode escolher cores, texturas e at\u00e9 mesmo a disposi\u00e7\u00e3o dos m\u00f3dulos para criar um visual harmonioso e cheio de personalidade. Afinal, quem disse que organiza\u00e7\u00e3o e beleza n\u00e3o podem andar de m\u00e3os dadas?<\/p><figure style=\"width: 1024px\" class=\"wp-caption aligncenter\"><img decoding=\"async\" src=\"https:\/\/www.aarquiteta.com.br\/blog\/wp-content\/uploads\/2024\/07\/2-guarda-roupa-Planejado-em-l.jpg\" alt=\"Guarda-roupa planejado em L, ideal para cantos do quarto.\" width=\"1024\" height=\"1024\" title=\"\"><figcaption class=\"wp-caption-text\">Guarda-roupa planejado em L, ideal para cantos do quarto.<\/figcaption><\/figure><h2>Explorando Diferentes Solu\u00e7\u00f5es de Guarda-Roupa Planejado<\/h2><h3>Guarda-Roupa em L: Aproveitando os Cantos<\/h3><p>Voc\u00ea sabia que at\u00e9 mesmo os cantos do seu quarto podem se transformar em espa\u00e7os super aproveitados? Com a solu\u00e7\u00e3o de guarda-roupa em &#8220;L&#8221;, <b>voc\u00ea consegue otimizar cada cent\u00edmetro do seu espa\u00e7o<\/b>, criando uma verdadeira sala de exposi\u00e7\u00e3o para todas as suas pe\u00e7as favoritas. Imagine a praticidade de ter tudo ao seu alcance, sem precisar se esfor\u00e7ar para chegar aos seus itens mais distantes.<\/p><figure style=\"width: 1024px\" class=\"wp-caption aligncenter\"><img decoding=\"async\" src=\"https:\/\/www.aarquiteta.com.br\/blog\/wp-content\/uploads\/2024\/07\/3-Guarda-roupa-planejado-com-espaco-para-tv.jpg\" alt=\"Guarda-roupa planejado com espa\u00e7o para TV, \u00f3timo para economizar espa\u00e7o.\" width=\"1024\" height=\"1024\" title=\"\"><figcaption class=\"wp-caption-text\">Guarda-roupa planejado com espa\u00e7o para TV, \u00f3timo para economizar espa\u00e7o.<\/figcaption><\/figure><h3>Guarda-Roupa com \u00c1rea para TV: Combinando Funcionalidades<\/h3><p>Que tal unir <b>a funcionalidade de um guarda-roupa com a conveni\u00eancia de ter a sua TV no quarto<\/b>? Essa solu\u00e7\u00e3o \u00e9 perfeita para quem ama aproveitar o tempo livre assistindo aos seus programas favoritos, sem precisar abrir m\u00e3o do espa\u00e7o para guardar suas coisas. Imagina s\u00f3, voc\u00ea pode ter tudo o que precisa em um \u00fanico ambiente, sem bagun\u00e7a e com um visual impec\u00e1vel.<\/p><figure style=\"width: 1024px\" class=\"wp-caption aligncenter\"><img decoding=\"async\" src=\"https:\/\/www.aarquiteta.com.br\/blog\/wp-content\/uploads\/2024\/07\/4-Guarda-roupa-projetado.jpg\" alt=\"Exemplo de um guarda-roupa projetado personalizado.\" width=\"1024\" height=\"1024\" title=\"\"><figcaption class=\"wp-caption-text\">Exemplo de um guarda-roupa projetado personalizado.<\/figcaption><\/figure><h3>Guarda-Roupa com Escrivaninha: Unindo M\u00faltiplas Necessidades<\/h3><p>E se eu te dissesse que \u00e9 poss\u00edvel ter um guarda-roupa planejado que tamb\u00e9m inclui uma escrivaninha? Essa combina\u00e7\u00e3o \u00e9 ideal para quem precisa de um espa\u00e7o de trabalho no quarto, <b>sem abrir m\u00e3o da organiza\u00e7\u00e3o e do armazenamento<\/b>. Voc\u00ea pode ter tudo o que precisa em um \u00fanico ambiente, desde seu guarda-roupa at\u00e9 sua \u00e1rea de estudos ou <a href=\"https:\/\/www.aarquiteta.com.br\/blog\/decoracao\/ambientes-na-decoracao\/decoracao-de-escritorio\/\" class=\"ilj-generated-link\">home office<\/a>. N\u00e3o \u00e9 uma ideia incr\u00edvel?<\/p><figure style=\"width: 1024px\" class=\"wp-caption aligncenter\"><img decoding=\"async\" src=\"https:\/\/www.aarquiteta.com.br\/blog\/wp-content\/uploads\/2024\/07\/5-guarda-roupa-planejado-sob-medida.jpg\" alt=\"Guarda-roupa sob medida que ocupa precisamente o espa\u00e7o necess\u00e1rio.\" width=\"1024\" height=\"1024\" title=\"\"><figcaption class=\"wp-caption-text\">Guarda-roupa sob medida que ocupa precisamente o espa\u00e7o necess\u00e1rio.<\/figcaption><\/figure><h2>Conclus\u00e3o: Investir em um Guarda-Roupa Planejado Vale a Pena<\/h2><p>Voc\u00ea viu, meu amigo, que um guarda-roupa planejado \u00e9 muito mais do que apenas um m\u00f3vel. \u00c9 uma solu\u00e7\u00e3o que <b>transforma completamente o seu quarto<\/b>, otimizando o espa\u00e7o, integrando funcionalidade e design, e oferecendo op\u00e7\u00f5es incr\u00edveis para voc\u00ea organizar sua vida. E o melhor de tudo? Voc\u00ea pode personalizar essa solu\u00e7\u00e3o de acordo com as suas necessidades e prefer\u00eancias. Ent\u00e3o, o que voc\u00ea est\u00e1 esperando para dar uma nova cara ao seu quarto?<\/p><figure style=\"width: 1024px\" class=\"wp-caption aligncenter\"><img decoding=\"async\" src=\"https:\/\/www.aarquiteta.com.br\/blog\/wp-content\/uploads\/2024\/07\/6-Guarda-roupa-com-escrivaninha.jpg\" alt=\"Guarda-roupa planejado com escrivaninha, une funcionalidade e economia de espa\u00e7o.\" width=\"1024\" height=\"1024\" title=\"\"><figcaption class=\"wp-caption-text\">Guarda-roupa planejado com escrivaninha, une funcionalidade e economia de espa\u00e7o.<\/figcaption><\/figure><p>Veja mais algumas ideias e inspira\u00e7\u00f5es sobre o assunto abaixo e descubra qual deles mais lhe agrada!<\/p><figure style=\"width: 1024px\" class=\"wp-caption aligncenter\"><img decoding=\"async\" src=\"https:\/\/www.aarquiteta.com.br\/blog\/wp-content\/uploads\/2024\/07\/7-guarda-roupa-planejado-sob-medida.jpg\" alt=\"Guarda-roupa planejado sob medida com porta espelhada, funcional e elegante.\" width=\"1024\" height=\"1024\" title=\"\"><figcaption class=\"wp-caption-text\">Guarda-roupa planejado sob medida com porta espelhada, funcional e elegante.<\/figcaption><\/figure><figure style=\"width: 1024px\" class=\"wp-caption aligncenter\"><img decoding=\"async\" src=\"https:\/\/www.aarquiteta.com.br\/blog\/wp-content\/uploads\/2024\/07\/8-Guarda-roupa-planejado-de-canto.jpg\" alt=\"Guarda-roupa planejado de canto, ideal para quartos com espa\u00e7o limitado.\" width=\"1024\" height=\"1024\" title=\"\"><figcaption class=\"wp-caption-text\">Guarda-roupa planejado de canto, ideal para quartos com espa\u00e7o limitado.<\/figcaption><\/figure><figure style=\"width: 1024px\" class=\"wp-caption aligncenter\"><img decoding=\"async\" src=\"https:\/\/www.aarquiteta.com.br\/blog\/wp-content\/uploads\/2024\/07\/9-Guarda-roupas-planejados-com-sapateira-733x1200.jpg\" alt=\"Guarda-roupa planejado com sapateira para melhor organiza\u00e7\u00e3o.\" width=\"1024\" height=\"1024\" title=\"\"><figcaption class=\"wp-caption-text\">Guarda-roupa planejado com sapateira para melhor organiza\u00e7\u00e3o.<\/figcaption><\/figure><figure style=\"width: 1024px\" class=\"wp-caption aligncenter\"><img decoding=\"async\" src=\"https:\/\/www.aarquiteta.com.br\/blog\/wp-content\/uploads\/2024\/07\/10-puxador-moderno-guarda-roupa-1.jpg\" alt=\"Exemplo de puxador moderno em um guarda-roupa planejado.\" width=\"1024\" height=\"1024\" title=\"\"><figcaption class=\"wp-caption-text\">Exemplo de puxador moderno em um guarda-roupa planejado.<\/figcaption><\/figure><figure style=\"width: 1024px\" class=\"wp-caption aligncenter\"><img decoding=\"async\" src=\"https:\/\/www.aarquiteta.com.br\/blog\/wp-content\/uploads\/2024\/07\/11-Guarda-roupa-planejado-quarto-Pequeno.jpg\" alt=\"Guarda-roupa planejado dividido em dois com nichos e prateleiras.\" width=\"1024\" height=\"1024\" title=\"\"><figcaption class=\"wp-caption-text\">Guarda-roupa planejado dividido em dois com nichos e prateleiras.<\/figcaption><\/figure><figure style=\"width: 1024px\" class=\"wp-caption aligncenter\"><img decoding=\"async\" src=\"https:\/\/www.aarquiteta.com.br\/blog\/wp-content\/uploads\/2024\/07\/12-Guarda-roupa-planejado-quarto-Pequeno.jpg\" alt=\"Guarda-roupa com porta espelhada, dando sensa\u00e7\u00e3o de espa\u00e7o mais amplo.\" width=\"1024\" height=\"1024\" title=\"\"><figcaption class=\"wp-caption-text\">Guarda-roupa com porta espelhada, dando sensa\u00e7\u00e3o de espa\u00e7o mais amplo.<\/figcaption><\/figure><figure style=\"width: 1024px\" class=\"wp-caption aligncenter\"><img decoding=\"async\" src=\"https:\/\/www.aarquiteta.com.br\/blog\/wp-content\/uploads\/2024\/07\/13-Guarda-roupa-planejado-quarto-Pequeno.jpg\" alt=\"Guarda-roupa planejado colorido, ideal para quem gosta de cor.\" width=\"1024\" height=\"1024\" title=\"\"><figcaption class=\"wp-caption-text\">Guarda-roupa planejado colorido, ideal para quem gosta de cor.<\/figcaption><\/figure><figure style=\"width: 1024px\" class=\"wp-caption aligncenter\"><img decoding=\"async\" src=\"https:\/\/www.aarquiteta.com.br\/blog\/wp-content\/uploads\/2024\/07\/14-Guarda-roupa-planejado-quarto-Pequeno-706x1200.jpg\" alt=\"Guarda-roupa planejado colorido para quarto de crian\u00e7as.\" width=\"1024\" height=\"1024\" title=\"\"><figcaption class=\"wp-caption-text\">Guarda-roupa planejado colorido para quarto de crian\u00e7as.<\/figcaption><\/figure><figure style=\"width: 1024px\" class=\"wp-caption aligncenter\"><img decoding=\"async\" src=\"https:\/\/www.aarquiteta.com.br\/blog\/wp-content\/uploads\/2024\/07\/15-Guarda-roupa-planejado-quarto-Pequeno.jpg\" alt=\"Guarda-roupa planejado com portas de correr, valoriza o espa\u00e7o.\" width=\"1024\" height=\"1024\" title=\"\"><figcaption class=\"wp-caption-text\">Guarda-roupa planejado com portas de correr, valoriza o espa\u00e7o.<\/figcaption><\/figure><figure style=\"width: 1024px\" class=\"wp-caption aligncenter\"><img decoding=\"async\" src=\"https:\/\/www.aarquiteta.com.br\/blog\/wp-content\/uploads\/2024\/07\/16-Guarda-roupa-planejado-quarto-Pequeno.jpg\" alt=\"Guarda-roupa planejado com lateral de nichos, une funcionalidade e estilo.\" width=\"1024\" height=\"1024\" title=\"\"><figcaption class=\"wp-caption-text\">Guarda-roupa planejado com lateral de nichos, une funcionalidade e estilo.<\/figcaption><\/figure><figure style=\"width: 1024px\" class=\"wp-caption aligncenter\"><img decoding=\"async\" src=\"https:\/\/www.aarquiteta.com.br\/blog\/wp-content\/uploads\/2024\/07\/17-Guarda-roupa-planejado-quarto-Pequeno.jpg\" alt=\"Guarda-roupa planejado com espelho e portas de correr, sofisticado e funcional.\" width=\"1024\" height=\"1024\" title=\"\"><figcaption class=\"wp-caption-text\">Guarda-roupa planejado com espelho e portas de correr, sofisticado e funcional.<\/figcaption><\/figure><figure style=\"width: 1024px\" class=\"wp-caption aligncenter\"><img decoding=\"async\" src=\"https:\/\/www.aarquiteta.com.br\/blog\/wp-content\/uploads\/2024\/07\/18-Guarda-roupa-planejado-quarto-Pequeno.jpg\" alt=\"Guarda-roupa planejado neutro, ideal para quartos infantis.\" width=\"1024\" height=\"1024\" title=\"\"><figcaption class=\"wp-caption-text\">Guarda-roupa planejado neutro, ideal para quartos infantis.<\/figcaption><\/figure><figure style=\"width: 1024px\" class=\"wp-caption aligncenter\"><img decoding=\"async\" src=\"https:\/\/www.aarquiteta.com.br\/blog\/wp-content\/uploads\/2024\/07\/19-Guarda-roupa-planejado-quarto-Pequeno.jpg\" alt=\"Guarda-roupa planejado sem porta, ideal para quem gosta de inovar.\" width=\"1024\" height=\"1024\" title=\"\"><figcaption class=\"wp-caption-text\">Guarda-roupa planejado sem porta, ideal para quem gosta de inovar.<\/figcaption><\/figure><figure style=\"width: 1024px\" class=\"wp-caption aligncenter\"><img decoding=\"async\" src=\"https:\/\/www.aarquiteta.com.br\/blog\/wp-content\/uploads\/2024\/07\/20-Guarda-roupa-planejado-quarto-Pequeno.jpg\" alt=\"Guarda-roupa planejado com espelho e lateral de nichos, combina\u00e7\u00e3o perfeita.\" width=\"1024\" height=\"1024\" title=\"\"><figcaption class=\"wp-caption-text\">Guarda-roupa planejado com espelho e lateral de nichos, combina\u00e7\u00e3o perfeita.<\/figcaption><\/figure><h3>Assista agora a minha recomenda\u00e7\u00e3o de video abaixo sobre o tema que estamos tratando neste artigo: <\/h3><p><div class=\"youtube-embed\" data-video_id=\"gs0xrlsojVw\"><iframe title=\"4 TIPOS DE GUARDA-ROUPAS PRA QUARTOS PEQUENOS | #DicaDaP\u00e2\" width=\"696\" height=\"392\" src=\"https:\/\/www.youtube.com\/embed\/gs0xrlsojVw?feature=oembed&#038;enablejsapi=1\" frameborder=\"0\" allow=\"accelerometer; autoplay; clipboard-write; encrypted-media; gyroscope; picture-in-picture; web-share\" referrerpolicy=\"strict-origin-when-cross-origin\" allowfullscreen><\/iframe><\/div><\/p>","protected":false},"excerpt":{"rendered":"<p>Guarda-roupa planejado para quartos pequenos? Veja 15 modelos que inspiram.<\/p>\n","protected":false},"author":102,"featured_media":119543,"comment_status":"closed","ping_status":"closed","sticky":false,"template":"","format":"standard","meta":{"footnotes":""},"categories":[1484],"tags":[],"class_list":["post-119565","post","type-post","status-publish","format-standard","has-post-thumbnail","category-decoracao"],"_wp_attached_file":null,"_wp_attachment_metadata":null,"_wp_attachment_context":null,"_wp_attachment_is_custom_header":null,"geo_longitude":null,"geo_public":null,"geo_latitude":null,"_publicize_done_external":null,"_wpas_done_3897181":null,"publicize_twitter_user":null,"_wpas_done_3897175":null,"_wpas_skip_3897181":null,"_wpas_skip_3897175":null,"_wpas_skip_3924723":null,"_wpas_mess":null,"_wpas_done_3924723":null,"wps_subtitle":"","_links":{"self":[{"href":"https:\/\/www.aarquiteta.com.br\/blog\/wp-json\/wp\/v2\/posts\/119565","targetHints":{"allow":["GET"]}}],"collection":[{"href":"https:\/\/www.aarquiteta.com.br\/blog\/wp-json\/wp\/v2\/posts"}],"about":[{"href":"https:\/\/www.aarquiteta.com.br\/blog\/wp-json\/wp\/v2\/types\/post"}],"author":[{"embeddable":true,"href":"https:\/\/www.aarquiteta.com.br\/blog\/wp-json\/wp\/v2\/users\/102"}],"replies":[{"embeddable":true,"href":"https:\/\/www.aarquiteta.com.br\/blog\/wp-json\/wp\/v2\/comments?post=119565"}],"version-history":[{"count":0,"href":"https:\/\/www.aarquiteta.com.br\/blog\/wp-json\/wp\/v2\/posts\/119565\/revisions"}],"wp:featuredmedia":[{"embeddable":true,"href":"https:\/\/www.aarquiteta.com.br\/blog\/wp-json\/wp\/v2\/media\/119543"}],"wp:attachment":[{"href":"https:\/\/www.aarquiteta.com.br\/blog\/wp-json\/wp\/v2\/media?parent=119565"}],"wp:term":[{"taxonomy":"category","embeddable":true,"href":"https:\/\/www.aarquiteta.com.br\/blog\/wp-json\/wp\/v2\/categories?post=119565"},{"taxonomy":"post_tag","embeddable":true,"href":"https:\/\/www.aarquiteta.com.br\/blog\/wp-json\/wp\/v2\/tags?post=119565"}],"curies":[{"name":"wp","href":"https:\/\/api.w.org\/{rel}","templated":true}]}}