{"id":119432,"date":"2024-07-16T15:33:57","date_gmt":"2024-07-16T18:33:57","guid":{"rendered":"https:\/\/www.aarquiteta.com.br\/blog\/jardim-com-pedras\/"},"modified":"2024-07-16T15:33:57","modified_gmt":"2024-07-16T18:33:57","slug":"jardim-com-pedras","status":"publish","type":"post","link":"https:\/\/www.aarquiteta.com.br\/blog\/jardim-com-pedras\/","title":{"rendered":"14 Ideias de Jardim com Pedras para Transformar sua Casa"},"content":{"rendered":"<p>Ol\u00e1, meus amigos! Voc\u00ea j\u00e1 imaginou transformar seu <a href=\"https:\/\/www.aarquiteta.com.br\/blog\/quintal\/\" class=\"ilj-generated-link\">quintal<\/a> comum em um verdadeiro o\u00e1sis de beleza e tranquilidade? Pois bem, <b>os jardins com pedras<\/b> s\u00e3o a solu\u00e7\u00e3o perfeita para isso! Essas pequenas maravilhas da natureza podem trazer um toque elegante e acolhedor para a sua \u00e1rea externa, criando um visual deslumbrante e \u00fanico.<\/p><h2>Pontos principais:<\/h2><ul><li><b>Cores e texturas das pedras<\/b> &#8211; Explore uma variedade de op\u00e7\u00f5es, desde as delicadas pedras dolomitas at\u00e9 as imponentes pedras azuis e pretas.<\/li><li><b>Arranjos criativos<\/b> &#8211; Descubra como transformar simples pedras em verdadeiras obras de arte, com canteiros arredondados, trilhas sinuosas e elementos decorativos.<\/li><li><b>Harmonia com a natureza<\/b> &#8211; Aprenda a combinar as pedras com plantas, \u00e1gua e outros ornamentos, criando um jardim equilibrado e encantador.<\/li><\/ul><h2>Cores e Texturas das Pedras<\/h2><h3>Pedras Dolomitas e Cascalho<\/h3><p>Comecemos pela <b>versatilidade das pedras dolomitas e do cascalho<\/b>. Essas op\u00e7\u00f5es mais claras e delicadas trazem um ar leve e arejado para o seu jardim, criando um visual elegante e refinado. Imagine um caminho sinuoso de pedras dolomitas, com delicadas plantas decorando as laterais &#8211; definitivamente uma cena digna de um cart\u00e3o-postal!<\/p><figure style=\"width: 1024px\" class=\"wp-caption aligncenter\"><img decoding=\"async\" src=\"https:\/\/www.aarquiteta.com.br\/blog\/wp-content\/uploads\/2024\/07\/jardim-com-pedras01.jpg\" alt=\"1. Nesse cantinho do jardim, as pedras azuis deram o efeito de lago, com direito a um contorno bastante moderno feito com pedras pretas.\" width=\"1024\" height=\"1024\" title=\"\"><figcaption class=\"wp-caption-text\">1. Nesse cantinho do jardim, as pedras azuis deram o efeito de lago, com direito a um contorno bastante moderno feito com pedras pretas.<\/figcaption><\/figure><h3>Pedras Azuis e Pretas<\/h3><p>Por outro lado, as <b>imponentes pedras azuis e pretas<\/b> adicionam um toque de sofistica\u00e7\u00e3o e modernidade ao seu espa\u00e7o externo. Elas podem ser usadas para criar contrastes impressionantes, como em um canteiro arredondado de pedras pretas rodeado por vegeta\u00e7\u00e3o verde-esmeralda. Uma verdadeira declara\u00e7\u00e3o de estilo!<\/p><figure style=\"width: 1024px\" class=\"wp-caption aligncenter\"><img decoding=\"async\" src=\"https:\/\/www.aarquiteta.com.br\/blog\/wp-content\/uploads\/2024\/07\/jardim-com-pedras02.jpg\" alt=\"2. Aqui foram utilizadas pedras maiores em uma composi\u00e7\u00e3o com plantas e vasos grandes, que d\u00e3o impon\u00eancia ao espa\u00e7o.\" width=\"1024\" height=\"1024\" title=\"\"><figcaption class=\"wp-caption-text\">2. Aqui foram utilizadas pedras maiores em uma composi\u00e7\u00e3o com plantas e vasos grandes, que d\u00e3o impon\u00eancia ao espa\u00e7o.<\/figcaption><\/figure><h3>Pedras Brancas e Beges<\/h3><p>E se voc\u00ea preferir um visual mais cl\u00e1ssico e atemporal? As <b>pedras brancas e beges<\/b> s\u00e3o a escolha perfeita. Elas transmitem sensa\u00e7\u00e3o de paz e pureza, criando um ambiente sereno e contemplativo. Imagine uma deslumbrante fonte de pedra bege no centro do seu jardim &#8211; um verdadeiro convite para relaxar e apreciar a natureza.<\/p><figure style=\"width: 1024px\" class=\"wp-caption aligncenter\"><img decoding=\"async\" src=\"https:\/\/www.aarquiteta.com.br\/blog\/wp-content\/uploads\/2024\/07\/jardim-com-pedras03.jpg\" alt=\"3. Pedras dolomitas s\u00e3o sempre excelentes para decorar jardins. Nesse canteiro foram usados modelos maiores.\" width=\"1024\" height=\"1024\" title=\"\"><figcaption class=\"wp-caption-text\">3. Pedras dolomitas s\u00e3o sempre excelentes para decorar jardins. Nesse canteiro foram usados modelos maiores.<\/figcaption><\/figure><h2>Arranjos Criativos com Pedras<\/h2><h3>Canteiros Arredondados e Sinuosos<\/h3><p>Voc\u00ea sabia que as pedras podem ir muito al\u00e9m de simples caminhos e canteiros retil\u00edneos? <b>Canteiros arredondados e sinuosos<\/b> adicionam um toque elegante e org\u00e2nico ao seu jardim, criando uma sensa\u00e7\u00e3o de fluidez e movimento. Imagine um belo canteiro em formato de S, com pedras pretas pontilhadas por suculentas e gram\u00edneas &#8211; um verdadeiro espet\u00e1culo visual!<\/p><figure style=\"width: 1024px\" class=\"wp-caption aligncenter\"><img decoding=\"async\" src=\"https:\/\/www.aarquiteta.com.br\/blog\/wp-content\/uploads\/2024\/07\/jardim-com-pedras04.jpg\" alt=\"4. O jardim colado ao muro usou grama e um mix de pedras, criando um efeito visual incr\u00edvel!\" width=\"1024\" height=\"1024\" title=\"\"><figcaption class=\"wp-caption-text\">4. O jardim colado ao muro usou grama e um mix de pedras, criando um efeito visual incr\u00edvel!<\/figcaption><\/figure><h3>Trilhas e Caminhos de Pedras<\/h3><p>E se voc\u00ea quiser realmente destacar as pedras no seu jardim? <b>Trilhas e caminhos de pedras<\/b> s\u00e3o a solu\u00e7\u00e3o perfeita! Eles n\u00e3o apenas criam uma passagem funcional, mas tamb\u00e9m adicionam um toque de encanto e mist\u00e9rio ao seu espa\u00e7o. Imagine um caminho de pedras irregulares, conduzindo voc\u00ea por entre vegeta\u00e7\u00e3o exuberante &#8211; uma verdadeira experi\u00eancia de imers\u00e3o na natureza.<\/p><figure style=\"width: 1024px\" class=\"wp-caption aligncenter\"><img decoding=\"async\" src=\"https:\/\/www.aarquiteta.com.br\/blog\/wp-content\/uploads\/2024\/07\/jardim-com-pedras05.jpg\" alt=\"5. Nesse jardim de inverno, vemos modelos diferentes de pedra e um caminho com peda\u00e7os de troncos que se tornou muito interessante. J\u00e1 para decorar a parede, um acabamento igualmente moderno.\" width=\"1024\" height=\"1024\" title=\"\"><figcaption class=\"wp-caption-text\">5. Nesse <a href=\"https:\/\/www.aarquiteta.com.br\/blog\/casa-e-jardim\/jardinagem\/jardim-de-inverno\/\" class=\"ilj-generated-link\">jardim de inverno<\/a>, vemos modelos diferentes de pedra e um caminho com peda\u00e7os de troncos que se tornou muito interessante. J\u00e1 para decorar a parede, um acabamento igualmente moderno.<\/figcaption><\/figure><h3>Pedras como Elemento Decorativo<\/h3><p>Mas as pedras n\u00e3o precisam ficar apenas nos canteiros e trilhas. Elas tamb\u00e9m podem ser <b>usadas como elementos decorativos<\/b> em todo o seu jardim! Coloque pedras brancas em um vaso de cer\u00e2mica, ou use pedras pretas para compor uma linda escultura natural. As possibilidades s\u00e3o infinitas!<\/p><figure style=\"width: 1024px\" class=\"wp-caption aligncenter\"><img decoding=\"async\" src=\"https:\/\/www.aarquiteta.com.br\/blog\/wp-content\/uploads\/2024\/07\/jardim-com-pedras06.jpg\" alt=\"6. J\u00e1 nesse outro jardim, foram usadas pedras-cascalho negras e brancas, que ganharam um maior destaque por conta da ilumina\u00e7\u00e3o.\" width=\"1024\" height=\"1024\" title=\"\"><figcaption class=\"wp-caption-text\">6. J\u00e1 nesse outro jardim, foram usadas pedras-cascalho negras e brancas, que ganharam um maior destaque por conta da ilumina\u00e7\u00e3o.<\/figcaption><\/figure><h2>Harmonizando Pedras e Plantas<\/h2><h3>Jardins de Suculentas<\/h3><p>Agora, vamos falar sobre como <b>harmonizar as pedras com a vegeta\u00e7\u00e3o<\/b> do seu jardim. Uma combina\u00e7\u00e3o perfeita \u00e9 o jardim de suculentas! Essas plantas resilientes e de texturas interessantes se complementam lindamente com as pedras, criando um visual elegante e moderno. Imagine um canteiro de pedras pretas decorado com suculentas em tons de verde, roxo e vermelho &#8211; um verdadeiro deleite para os olhos!<\/p><figure style=\"width: 1024px\" class=\"wp-caption aligncenter\"><img decoding=\"async\" src=\"https:\/\/www.aarquiteta.com.br\/blog\/wp-content\/uploads\/2024\/07\/jardim-com-pedras07.jpg\" alt=\"7. Os diferentes tipos de pedra formaram um espa\u00e7o \u00fanico para o buda decorativo poder meditar, tornando o espa\u00e7o ainda mais harm\u00f4nio por transmitir uma grande tranquilidade.\" width=\"1024\" height=\"1024\" title=\"\"><figcaption class=\"wp-caption-text\">7. Os diferentes tipos de pedra formaram um espa\u00e7o \u00fanico para o buda decorativo poder meditar, tornando o espa\u00e7o ainda mais harm\u00f4nio por transmitir uma grande tranquilidade.<\/figcaption><\/figure><h3>Contrastes de Texturas<\/h3><p>Mas n\u00e3o se limite apenas \u00e0s suculentas! <b>Explore os contrastes de texturas<\/b> entre as pedras e outras plantas, como gramados, arbustos e flores. Um canteiro de pedras brancas, por exemplo, pode ser delicadamente ornamentado com delicadas flores lilases &#8211; uma combina\u00e7\u00e3o que traz equil\u00edbrio e eleg\u00e2ncia para o seu jardim.<\/p><figure style=\"width: 1024px\" class=\"wp-caption aligncenter\"><img decoding=\"async\" src=\"https:\/\/www.aarquiteta.com.br\/blog\/wp-content\/uploads\/2024\/07\/jardim-com-pedras08.jpg\" alt=\"8. As pedras em tom de bege funcionam muito bem, e nesse caso foram colocadas logo na entrada da casa para a forma\u00e7\u00e3o de um lindo jardim.\" width=\"1024\" height=\"1024\" title=\"\"><figcaption class=\"wp-caption-text\">8. As pedras em tom de bege funcionam muito bem, e nesse caso foram colocadas logo na entrada da casa para a forma\u00e7\u00e3o de um lindo jardim.<\/figcaption><\/figure><h3>Efeitos de \u00c1gua e Ornamentos<\/h3><p>E se voc\u00ea quiser adicionar ainda mais encanto ao seu jardim de pedras? <b>Combine-o com elementos de \u00e1gua e ornamentos<\/b> para criar um o\u00e1sis verdadeiramente m\u00e1gico. Imagine uma fonte de pedra escura, refletindo a luz do sol e rodeada por um tapete de pedras brancas &#8211; um cen\u00e1rio digno de um conto de fadas!<\/p><figure style=\"width: 1024px\" class=\"wp-caption aligncenter\"><img decoding=\"async\" src=\"https:\/\/www.aarquiteta.com.br\/blog\/wp-content\/uploads\/2024\/07\/jardim-com-pedras09.jpg\" alt=\"9. Nesse canteiro, uma combina\u00e7\u00e3o de pedras foi feita, dando destaque para um visual organizado e bastante harm\u00f4nio em meio as plantas.\" width=\"1024\" height=\"1024\" title=\"\"><figcaption class=\"wp-caption-text\">9. Nesse canteiro, uma combina\u00e7\u00e3o de pedras foi feita, dando destaque para um visual organizado e bastante harm\u00f4nio em meio as plantas.<\/figcaption><\/figure><h2>Conclus\u00e3o<\/h2><p>Amigos, \u00e9 incr\u00edvel como <b>um jardim com pedras pode transformar completamente a sua \u00e1rea externa<\/b>. Desde as delicadas pedras dolomitas at\u00e9 as imponentes pedras azuis e pretas, h\u00e1 uma infinidade de op\u00e7\u00f5es para criar um visual \u00fanico e encantador. E quando voc\u00ea combina essas maravilhas da natureza com plantas, \u00e1gua e ornamentos, o resultado \u00e9 simplesmente deslumbrante.<\/p><figure style=\"width: 1024px\" class=\"wp-caption aligncenter\"><img decoding=\"async\" src=\"https:\/\/www.aarquiteta.com.br\/blog\/wp-content\/uploads\/2024\/07\/jardim-com-pedras10.jpg\" alt=\"10. Pedras dolomitas ajudaram a forrar esse encantador canteiro de cactos, aliado \u00e0s pedras de argila expandida, que ajudam a reter \u00e1gua.\" width=\"1024\" height=\"1024\" title=\"\"><figcaption class=\"wp-caption-text\">10. Pedras dolomitas ajudaram a forrar esse encantador canteiro de cactos, aliado \u00e0s pedras de argila expandida, que ajudam a reter \u00e1gua.<\/figcaption><\/figure><p>Ent\u00e3o, o que voc\u00ea est\u00e1 esperando? \u00c9 hora de deixar a sua imagina\u00e7\u00e3o voar e transformar o seu quintal em um verdadeiro para\u00edso de beleza e tranquilidade. <b>Veja mais algumas ideias e inspira\u00e7\u00f5es sobre o assunto abaixo e descubra qual deles mais lhe agrada!<\/b><\/p><figure style=\"width: 1024px\" class=\"wp-caption aligncenter\"><img decoding=\"async\" src=\"https:\/\/www.aarquiteta.com.br\/blog\/wp-content\/uploads\/2024\/07\/jardim-com-pedras11.jpg\" alt=\"11. Tipos de pedra variados contornam o canteiro, que ainda ganhou um lindo ornamento com um design que remete a ondas.\" width=\"1024\" height=\"1024\" title=\"\"><figcaption class=\"wp-caption-text\">11. Tipos de pedra variados contornam o canteiro, que ainda ganhou um lindo ornamento com um design que remete a ondas.<\/figcaption><\/figure><figure style=\"width: 1024px\" class=\"wp-caption aligncenter\"><img decoding=\"async\" src=\"https:\/\/www.aarquiteta.com.br\/blog\/wp-content\/uploads\/2024\/07\/jardim-com-pedras12.jpg\" alt=\"12. Pedras cascalho contornam as pedras dolomitas, criando um canteiro muito bonito e devidamente organizado.\" width=\"1024\" height=\"1024\" title=\"\"><figcaption class=\"wp-caption-text\">12. Pedras cascalho contornam as pedras dolomitas, criando um canteiro muito bonito e devidamente organizado.<\/figcaption><\/figure><figure style=\"width: 1024px\" class=\"wp-caption aligncenter\"><img decoding=\"async\" src=\"https:\/\/www.aarquiteta.com.br\/blog\/wp-content\/uploads\/2024\/07\/jardim-com-pedras13.jpg\" alt=\"13. Gramado, plantas bem verdes e pedras grandes trazem mais beleza para esse jardim.\" width=\"1024\" height=\"1024\" title=\"\"><figcaption class=\"wp-caption-text\">13. Gramado, plantas bem verdes e pedras grandes trazem mais beleza para esse jardim.<\/figcaption><\/figure><figure style=\"width: 1024px\" class=\"wp-caption aligncenter\"><img decoding=\"async\" src=\"https:\/\/www.aarquiteta.com.br\/blog\/wp-content\/uploads\/2024\/07\/jardim-com-pedras14.jpg\" alt=\"14. Pedras brancas d\u00e3o um charme a mais nesse canteiro, que ainda conta com a presen\u00e7a de esp\u00e9cies florais em sua composi\u00e7\u00e3o.\" width=\"1024\" height=\"1024\" title=\"\"><figcaption class=\"wp-caption-text\">14. Pedras brancas d\u00e3o um charme a mais nesse canteiro, que ainda conta com a presen\u00e7a de esp\u00e9cies florais em sua composi\u00e7\u00e3o.<\/figcaption><\/figure><figure style=\"width: 1024px\" class=\"wp-caption aligncenter\"><img decoding=\"async\" src=\"https:\/\/www.aarquiteta.com.br\/blog\/wp-content\/uploads\/2024\/07\/jardim-com-pedras15.jpg\" alt=\"15. Pedras dolomitas tamb\u00e9m s\u00e3o destaque nesse jardim de buchinhos, que d\u00e1 mais beleza \u00e0 grama.\" width=\"1024\" height=\"1024\" title=\"\"><figcaption class=\"wp-caption-text\">15. Pedras dolomitas tamb\u00e9m s\u00e3o destaque nesse jardim de buchinhos, que d\u00e1 mais beleza \u00e0 grama.<\/figcaption><\/figure><figure style=\"width: 1024px\" class=\"wp-caption aligncenter\"><img decoding=\"async\" src=\"https:\/\/www.aarquiteta.com.br\/blog\/wp-content\/uploads\/2024\/07\/jardim-com-pedras16.jpg\" alt=\"16. Olhem que visual interessante \u00e9 proporcionado pelas pedras dolomitas nesse jardim de inverno pequeno, com plantas variadas e vasos decorativos!\" width=\"1024\" height=\"1024\" title=\"\"><figcaption class=\"wp-caption-text\">16. Olhem que visual interessante \u00e9 proporcionado pelas pedras dolomitas nesse jardim de inverno pequeno, com plantas variadas e vasos decorativos!<\/figcaption><\/figure><figure style=\"width: 1024px\" class=\"wp-caption aligncenter\"><img decoding=\"async\" src=\"https:\/\/www.aarquiteta.com.br\/blog\/wp-content\/uploads\/2024\/07\/jardim-com-pedras17.jpg\" alt=\"17. Aqui, as pedras aparecem em segundo plano. O destaque fica por conta da composi\u00e7\u00e3o com vasos de barro.\" width=\"1024\" height=\"1024\" title=\"\"><figcaption class=\"wp-caption-text\">17. Aqui, as pedras aparecem em segundo plano. O destaque fica por conta da composi\u00e7\u00e3o com vasos de barro.<\/figcaption><\/figure><figure style=\"width: 1024px\" class=\"wp-caption aligncenter\"><img decoding=\"async\" src=\"https:\/\/www.aarquiteta.com.br\/blog\/wp-content\/uploads\/2024\/07\/jardim-com-pedras18.jpg\" alt=\"18. H\u00e1 duas trilhas para seguir: a de cascalho negro e a de pedras dolomitas brancas. Contornando tudo isso, arbustos coloridos e bel\u00edssimas folhagens.\" width=\"1024\" height=\"1024\" title=\"\"><figcaption class=\"wp-caption-text\">18. H\u00e1 duas trilhas para seguir: a de cascalho negro e a de pedras dolomitas brancas. Contornando tudo isso, arbustos coloridos e bel\u00edssimas folhagens.<\/figcaption><\/figure><figure style=\"width: 1024px\" class=\"wp-caption aligncenter\"><img decoding=\"async\" src=\"https:\/\/www.aarquiteta.com.br\/blog\/wp-content\/uploads\/2024\/07\/jardim-com-pedras19.jpg\" alt=\"19. Nessa \u00e1rea externa com piso em cor similar ao das pedras escolhidas, a harmonia entre tonalidades se torna um fator interessante.\" width=\"1024\" height=\"1024\" title=\"\"><figcaption class=\"wp-caption-text\">19. Nessa \u00e1rea externa com piso em cor similar ao das pedras escolhidas, a harmonia entre tonalidades se torna um fator interessante.<\/figcaption><\/figure><figure style=\"width: 1024px\" class=\"wp-caption aligncenter\"><img decoding=\"async\" src=\"https:\/\/www.aarquiteta.com.br\/blog\/wp-content\/uploads\/2024\/07\/jardim-com-pedras20.jpg\" alt=\"20. Aqui, a \u00e1rea coberta pelas pedrinhas brancas tamb\u00e9m foi a \u00fanica parte voltada para o crescimento das plantas, gerando um jardim mais f\u00e1cil de ser mantido.\" width=\"1024\" height=\"1024\" title=\"\"><figcaption class=\"wp-caption-text\">20. Aqui, a \u00e1rea coberta pelas pedrinhas brancas tamb\u00e9m foi a \u00fanica parte voltada para o crescimento das plantas, gerando um jardim mais f\u00e1cil de ser mantido.<\/figcaption><\/figure><h3>Assista agora a minha recomenda\u00e7\u00e3o de video abaixo sobre o tema que estamos tratando neste artigo: <\/h3><p><div class=\"youtube-embed\" data-video_id=\"l080AtY51D0\"><iframe title=\"IDEIAS F\u00c1CEIS DE JARDIM DE PEDRAS . INSPIRE-SE!\" width=\"696\" height=\"522\" src=\"https:\/\/www.youtube.com\/embed\/l080AtY51D0?feature=oembed&#038;enablejsapi=1\" frameborder=\"0\" allow=\"accelerometer; autoplay; clipboard-write; encrypted-media; gyroscope; picture-in-picture; web-share\" referrerpolicy=\"strict-origin-when-cross-origin\" allowfullscreen><\/iframe><\/div><\/p>","protected":false},"excerpt":{"rendered":"<p>Transforme seu jardim com pedras! Veja 14 ideias incr\u00edveis para sua casa.<\/p>\n","protected":false},"author":102,"featured_media":119412,"comment_status":"closed","ping_status":"closed","sticky":false,"template":"","format":"standard","meta":{"footnotes":""},"categories":[1484],"tags":[],"class_list":["post-119432","post","type-post","status-publish","format-standard","has-post-thumbnail","category-decoracao"],"_wp_attached_file":null,"_wp_attachment_metadata":null,"_wp_attachment_context":null,"_wp_attachment_is_custom_header":null,"geo_longitude":null,"geo_public":null,"geo_latitude":null,"_publicize_done_external":null,"_wpas_done_3897181":null,"publicize_twitter_user":null,"_wpas_done_3897175":null,"_wpas_skip_3897181":null,"_wpas_skip_3897175":null,"_wpas_skip_3924723":null,"_wpas_mess":null,"_wpas_done_3924723":null,"wps_subtitle":"","_links":{"self":[{"href":"https:\/\/www.aarquiteta.com.br\/blog\/wp-json\/wp\/v2\/posts\/119432","targetHints":{"allow":["GET"]}}],"collection":[{"href":"https:\/\/www.aarquiteta.com.br\/blog\/wp-json\/wp\/v2\/posts"}],"about":[{"href":"https:\/\/www.aarquiteta.com.br\/blog\/wp-json\/wp\/v2\/types\/post"}],"author":[{"embeddable":true,"href":"https:\/\/www.aarquiteta.com.br\/blog\/wp-json\/wp\/v2\/users\/102"}],"replies":[{"embeddable":true,"href":"https:\/\/www.aarquiteta.com.br\/blog\/wp-json\/wp\/v2\/comments?post=119432"}],"version-history":[{"count":0,"href":"https:\/\/www.aarquiteta.com.br\/blog\/wp-json\/wp\/v2\/posts\/119432\/revisions"}],"wp:featuredmedia":[{"embeddable":true,"href":"https:\/\/www.aarquiteta.com.br\/blog\/wp-json\/wp\/v2\/media\/119412"}],"wp:attachment":[{"href":"https:\/\/www.aarquiteta.com.br\/blog\/wp-json\/wp\/v2\/media?parent=119432"}],"wp:term":[{"taxonomy":"category","embeddable":true,"href":"https:\/\/www.aarquiteta.com.br\/blog\/wp-json\/wp\/v2\/categories?post=119432"},{"taxonomy":"post_tag","embeddable":true,"href":"https:\/\/www.aarquiteta.com.br\/blog\/wp-json\/wp\/v2\/tags?post=119432"}],"curies":[{"name":"wp","href":"https:\/\/api.w.org\/{rel}","templated":true}]}}