{"id":119363,"date":"2024-07-15T20:45:40","date_gmt":"2024-07-15T23:45:40","guid":{"rendered":"https:\/\/www.aarquiteta.com.br\/blog\/cores-sofa\/"},"modified":"2024-07-16T10:59:17","modified_gmt":"2024-07-16T13:59:17","slug":"cores-sofa","status":"publish","type":"post","link":"https:\/\/www.aarquiteta.com.br\/blog\/cores-sofa\/","title":{"rendered":"12 Cores de Sof\u00e1 para Decorar sua Sala com Estilo"},"content":{"rendered":"<p>Encontrar o sof\u00e1 perfeito para sua sala de estar \u00e9 como encontrar o seu par ideal &#8211; \u00e9 preciso dedica\u00e7\u00e3o, paci\u00eancia e um olhar atento aos detalhes. Mas n\u00e3o se preocupe, eu vou te mostrar como fazer isso de uma maneira super f\u00e1cil e divertida. Vamos descobrir juntos as <b>48 incr\u00edveis op\u00e7\u00f5es de cores de sof\u00e1<\/b> que v\u00e3o transformar seu lar em um verdadeiro o\u00e1sis de conforto e estilo.<\/p>\n<h2>Pontos principais:<\/h2>\n<ul>\n<li>Explore uma ampla gama de <b>cores cl\u00e1ssicas e vibrantes<\/b> para encontrar o sof\u00e1 ideal para sua decora\u00e7\u00e3o.<\/li>\n<li>Aprenda dicas valiosas para escolher o <b>tamanho, conforto e ilumina\u00e7\u00e3o<\/b> certos para o seu ambiente.<\/li>\n<li>Descubra como usar <b>almofadas coloridas<\/b> e <b>ilumina\u00e7\u00e3o suave<\/b> para complementar o visual do seu sof\u00e1.<\/li>\n<\/ul>\n<h2>Cores Vers\u00e1teis para Qualquer Ambiente<\/h2>\n<h3>Destaque com Azul Marinho<\/h3>\n<p>Voc\u00ea sabia que o <b>azul marinho<\/b> \u00e9 uma das cores de sof\u00e1 mais vers\u00e1teis e elegantes que existem? Esse tom profundo e sofisticado se destaca em qualquer sala de estar, criando um visual aconchegante e moderno. \u00c9 uma \u00f3tima escolha para quem quer um toque de cor sem deixar o ambiente muito formal.<\/p>\n<figure style=\"width: 1024px\" class=\"wp-caption aligncenter\"><img decoding=\"async\" src=\"https:\/\/www.aarquiteta.com.br\/blog\/wp-content\/uploads\/2024\/07\/cores-de-sofa-14.jpg\" alt=\"A cor cinza \u00e9 moderna e se adapta \u00e0 v\u00e1rios estilos de decora\u00e7\u00e3o.\" width=\"1024\" height=\"1024\" title=\"\"><figcaption class=\"wp-caption-text\">A cor cinza \u00e9 moderna e se adapta \u00e0 v\u00e1rios estilos de decora\u00e7\u00e3o.<\/figcaption><\/figure>\n<h3>Toque de Cor com Rosa<\/h3>\n<p>J\u00e1 pensou em deixar sua sala de estar com um <b>toque de rosa<\/b>? Essa cor suave e delicada \u00e9 perfeita para quem quer um visual mais descontra\u00eddo e acolhedor. Voc\u00ea pode optar por um sof\u00e1 na cor de rosa antigo ou at\u00e9 mesmo em um tom mais vibrante, dependendo do estilo da sua decora\u00e7\u00e3o.<\/p>\n<figure style=\"width: 1024px\" class=\"wp-caption aligncenter\"><img decoding=\"async\" src=\"https:\/\/www.aarquiteta.com.br\/blog\/wp-content\/uploads\/2024\/07\/cores-de-sofa-15.jpg\" alt=\"O rosa beb\u00ea deixa o ambiente mais suave.\" width=\"1024\" height=\"1024\" title=\"\"><figcaption class=\"wp-caption-text\">O rosa beb\u00ea deixa o ambiente mais suave.<\/figcaption><\/figure>\n<h2>Truques para Decorar com Sof\u00e1s<\/h2>\n<h3>Almofadas Coloridas<\/h3>\n<p>Uma das maneiras mais f\u00e1ceis de atualizar o visual do seu sof\u00e1 \u00e9 com <b>almofadas coloridas<\/b>. Elas podem trazer um toque de cor e personalidade para o seu ambiente, al\u00e9m de deix\u00e1-lo mais confort\u00e1vel e aconchegante. Experimente combinar diferentes padr\u00f5es e texturas para criar um visual super estiloso.<\/p>\n<figure style=\"width: 1024px\" class=\"wp-caption aligncenter\"><img decoding=\"async\" src=\"https:\/\/www.aarquiteta.com.br\/blog\/wp-content\/uploads\/2024\/07\/cores-de-sofa-1.jpg\" alt=\"Modelos mais largos s\u00e3o ideais em grandes ambientes, o azul turquesa se destaca na decora\u00e7\u00e3o.\" width=\"1024\" height=\"1024\" title=\"\"><figcaption class=\"wp-caption-text\">Modelos mais largos s\u00e3o ideais em grandes ambientes, o azul turquesa se destaca na decora\u00e7\u00e3o.<\/figcaption><\/figure>\n<h3>Ilumina\u00e7\u00e3o Suave<\/h3>\n<p>Voc\u00ea sabia que a <b>ilumina\u00e7\u00e3o<\/b> tamb\u00e9m pode fazer toda a diferen\u00e7a na decora\u00e7\u00e3o do seu sof\u00e1? Invista em lumin\u00e1rias de piso ou de mesa com l\u00e2mpadas de luz suave e aconchegante para criar um ambiente acolhedor e aconchegante. Isso vai ajudar a destacar ainda mais as cores e texturas do seu m\u00f3vel favorito.<\/p>\n<figure style=\"width: 1024px\" class=\"wp-caption aligncenter\"><img decoding=\"async\" src=\"https:\/\/www.aarquiteta.com.br\/blog\/wp-content\/uploads\/2024\/07\/cores-de-sofa-16.jpg\" alt=\"Tons terrosos caem muito bem em combina\u00e7\u00e3o com madeira crua.\" width=\"1024\" height=\"1024\" title=\"\"><figcaption class=\"wp-caption-text\">Tons terrosos caem muito bem em combina\u00e7\u00e3o com madeira crua.<\/figcaption><\/figure>\n<h2>Conclus\u00e3o<\/h2>\n<p>Ent\u00e3o, o que voc\u00ea achou dessa jornada pelas <b>48 op\u00e7\u00f5es incr\u00edveis de cores de sof\u00e1<\/b>? Espero que voc\u00ea tenha se inspirado e esteja pronto para transformar sua sala de estar em um verdadeiro o\u00e1sis de conforto e estilo. Lembre-se de levar em conta o tamanho, a ilumina\u00e7\u00e3o e o conforto na hora de escolher o seu novo sof\u00e1. E n\u00e3o esque\u00e7a de complement\u00e1-lo com almofadas coloridas e uma ilumina\u00e7\u00e3o suave para criar um visual perfeito.<\/p>\n<figure style=\"width: 1024px\" class=\"wp-caption aligncenter\"><img decoding=\"async\" src=\"https:\/\/www.aarquiteta.com.br\/blog\/wp-content\/uploads\/2024\/07\/cores-de-sofa-2.jpg\" alt=\"O cinza combinada com o marrom do tapete deixa a sala mais sofisticada.\" width=\"1024\" height=\"1024\" title=\"\"><figcaption class=\"wp-caption-text\">O cinza combinada com o marrom do tapete deixa a sala mais sofisticada.<\/figcaption><\/figure>\n<p>Veja mais algumas ideias e inspira\u00e7\u00f5es sobre o assunto abaixo e descubra qual deles mais lhe agrada!<\/p>\n<figure style=\"width: 1024px\" class=\"wp-caption aligncenter\"><img decoding=\"async\" src=\"https:\/\/www.aarquiteta.com.br\/blog\/wp-content\/uploads\/2024\/07\/adesivo-de-parede-para-sala-28.jpg\" alt=\"Tons neutros s\u00e3o boas op\u00e7\u00f5es para quem prefere colorir com almofadas.\" width=\"1024\" height=\"1024\" title=\"\"><figcaption class=\"wp-caption-text\">Tons neutros s\u00e3o boas op\u00e7\u00f5es para quem prefere colorir com almofadas.<\/figcaption><\/figure>\n<figure style=\"width: 1024px\" class=\"wp-caption aligncenter\"><img decoding=\"async\" src=\"https:\/\/www.aarquiteta.com.br\/blog\/wp-content\/uploads\/2024\/07\/cores-de-sofa-3.jpg\" alt=\"Uma sala moderninha pede um sof\u00e1 cinza claro.\" width=\"1024\" height=\"1024\" title=\"\"><figcaption class=\"wp-caption-text\">Uma sala moderninha pede um sof\u00e1 cinza claro.<\/figcaption><\/figure>\n<figure style=\"width: 1024px\" class=\"wp-caption aligncenter\"><img decoding=\"async\" src=\"https:\/\/www.aarquiteta.com.br\/blog\/wp-content\/uploads\/2024\/07\/cores-de-sofa-10.jpg\" alt=\"Um sof\u00e1 claro pode ser decorado com mantas e almofadas mais chamativas.\" width=\"1024\" height=\"1024\" title=\"\"><figcaption class=\"wp-caption-text\">Um sof\u00e1 claro pode ser decorado com mantas e almofadas mais chamativas.<\/figcaption><\/figure>\n<figure style=\"width: 1024px\" class=\"wp-caption aligncenter\"><img decoding=\"async\" src=\"https:\/\/www.aarquiteta.com.br\/blog\/wp-content\/uploads\/2024\/07\/cores-de-sofa-8.jpg\" alt=\"O destaque na sala \u00e9 o sof\u00e1 em azul marinho. O tecido brilhoso ilumina a cor intensa.\" width=\"1024\" height=\"1024\" title=\"\"><figcaption class=\"wp-caption-text\">O destaque na sala \u00e9 o sof\u00e1 em azul marinho. O tecido brilhoso ilumina a cor intensa.<\/figcaption><\/figure>\n<figure style=\"width: 1024px\" class=\"wp-caption aligncenter\"><img decoding=\"async\" src=\"https:\/\/www.aarquiteta.com.br\/blog\/wp-content\/uploads\/2024\/07\/cores-de-sofa-12.jpg\" alt=\"Aposte em tons b\u00e1sicos que combinam com tudo.\" width=\"1024\" height=\"1024\" title=\"\"><figcaption class=\"wp-caption-text\">Aposte em tons b\u00e1sicos que combinam com tudo.<\/figcaption><\/figure>\n<figure style=\"width: 1024px\" class=\"wp-caption aligncenter\"><img decoding=\"async\" src=\"https:\/\/www.aarquiteta.com.br\/blog\/wp-content\/uploads\/2024\/07\/Almofadas-para-sofa-3.jpg\" alt=\"D\u00ea vida \u00e0 sof\u00e1s de cores neutras com almofadas coloridas.\" width=\"1024\" height=\"1024\" title=\"\"><figcaption class=\"wp-caption-text\">D\u00ea vida \u00e0 sof\u00e1s de cores neutras com almofadas coloridas.<\/figcaption><\/figure>\n<figure style=\"width: 1024px\" class=\"wp-caption aligncenter\"><img decoding=\"async\" src=\"https:\/\/www.aarquiteta.com.br\/blog\/wp-content\/uploads\/2024\/07\/Almofadas-para-sofa-1.jpg\" alt=\"O sof\u00e1 de couro \u00e9 r\u00fastico e charmoso.\" width=\"1024\" height=\"1024\" title=\"\"><figcaption class=\"wp-caption-text\">O sof\u00e1 de couro \u00e9 r\u00fastico e charmoso.<\/figcaption><\/figure>\n<figure style=\"width: 1024px\" class=\"wp-caption aligncenter\"><img decoding=\"async\" src=\"https:\/\/www.aarquiteta.com.br\/blog\/wp-content\/uploads\/2024\/07\/cores-de-sofa-9.jpg\" alt=\"O verde turquesa combinado com o rosa envelhecido d\u00e1 um toque retr\u00f4.\" width=\"1024\" height=\"1024\" title=\"\"><figcaption class=\"wp-caption-text\">O verde turquesa combinado com o rosa envelhecido d\u00e1 um toque retr\u00f4.<\/figcaption><\/figure>\n<figure style=\"width: 1024px\" class=\"wp-caption aligncenter\"><img decoding=\"async\" src=\"https:\/\/www.aarquiteta.com.br\/blog\/wp-content\/uploads\/2024\/07\/cores-de-sofa-11.jpg\" alt=\"Que tal um sof\u00e1 com listras verticais?\" width=\"1024\" height=\"1024\" title=\"\"><figcaption class=\"wp-caption-text\">Que tal um sof\u00e1 com listras verticais?<\/figcaption><\/figure>\n<figure style=\"width: 1024px\" class=\"wp-caption aligncenter\"><img decoding=\"async\" src=\"https:\/\/www.aarquiteta.com.br\/blog\/wp-content\/uploads\/2024\/07\/cores-de-sofa-13.jpg\" alt=\"O rosa envelhecido cai super bem com qualquer tom de verde.\" width=\"1024\" height=\"1024\" title=\"\"><figcaption class=\"wp-caption-text\">O rosa envelhecido cai super bem com qualquer tom de verde.<\/figcaption><\/figure>\n<figure style=\"width: 1024px\" class=\"wp-caption aligncenter\"><img decoding=\"async\" src=\"https:\/\/www.aarquiteta.com.br\/blog\/wp-content\/uploads\/2024\/07\/cores-de-sofa-4.jpg\" alt=\"O azul piscina se destaca em ambientes brancos.\" width=\"1024\" height=\"1024\" title=\"\"><figcaption class=\"wp-caption-text\">O azul piscina se destaca em ambientes brancos.<\/figcaption><\/figure>\n<figure style=\"width: 1024px\" class=\"wp-caption aligncenter\"><img decoding=\"async\" src=\"https:\/\/www.aarquiteta.com.br\/blog\/wp-content\/uploads\/2024\/07\/cores-de-sofa-5.jpg\" alt=\"Essa sof\u00e1 em azul jeans \u00e9 super moderno e aconchegante.\" width=\"1024\" height=\"1024\" title=\"\"><figcaption class=\"wp-caption-text\">Essa sof\u00e1 em azul jeans \u00e9 super moderno e aconchegante.<\/figcaption><\/figure>\n<figure style=\"width: 1024px\" class=\"wp-caption aligncenter\"><img decoding=\"async\" src=\"https:\/\/www.aarquiteta.com.br\/blog\/wp-content\/uploads\/2024\/07\/cores-de-sofa-6.jpg\" alt=\"Sof\u00e1s de cores neutras nunca saem da moda.\" width=\"1024\" height=\"1024\" title=\"\"><figcaption class=\"wp-caption-text\">Sof\u00e1s de cores neutras nunca saem da moda.<\/figcaption><\/figure>\n<figure style=\"width: 1024px\" class=\"wp-caption aligncenter\"><img decoding=\"async\" src=\"https:\/\/www.aarquiteta.com.br\/blog\/wp-content\/uploads\/2024\/07\/cores-de-sofa-7.jpg\" alt=\"O marrom telha combinado com detalhes em dourado \u00e9 pura eleg\u00e2ncia.\" width=\"1024\" height=\"1024\" title=\"\"><figcaption class=\"wp-caption-text\">O marrom telha combinado com detalhes em dourado \u00e9 pura eleg\u00e2ncia.<\/figcaption><\/figure>\n<figure style=\"width: 1024px\" class=\"wp-caption aligncenter\"><img decoding=\"async\" src=\"https:\/\/www.aarquiteta.com.br\/blog\/wp-content\/uploads\/2024\/07\/adesivo-de-parede-para-sala-51.jpg\" alt=\"Capa de sof\u00e1 \u00e9 uma maneira criativa para mudar a cor com pouco gasto.\" width=\"1024\" height=\"1024\" title=\"\"><figcaption class=\"wp-caption-text\">Capa de sof\u00e1 \u00e9 uma maneira criativa para mudar a cor com pouco gasto.<\/figcaption><\/figure>\n<h3>Assista agora a minha recomenda\u00e7\u00e3o de video abaixo sobre o tema que estamos tratando neste artigo:<\/h3>\n<div class=\"youtube-embed\" data-video_id=\"Xxj350_9Qpo\"><iframe title=\"47 ideias para DECORAR sala com sof\u00e1 colorido - Sof\u00e1 AZUL, AMARELO, VERMELHO, ROXO, ROSA, VERDE\" width=\"696\" height=\"392\" src=\"https:\/\/www.youtube.com\/embed\/Xxj350_9Qpo?feature=oembed&#038;enablejsapi=1\" frameborder=\"0\" allow=\"accelerometer; autoplay; clipboard-write; encrypted-media; gyroscope; picture-in-picture; web-share\" referrerpolicy=\"strict-origin-when-cross-origin\" allowfullscreen><\/iframe><\/div>\n","protected":false},"excerpt":{"rendered":"<p>Decore sua sala com 12 cores de sof\u00e1 que v\u00e3o transformar seu ambiente. Confira!<\/p>\n","protected":false},"author":102,"featured_media":119274,"comment_status":"closed","ping_status":"closed","sticky":false,"template":"","format":"standard","meta":{"footnotes":""},"categories":[1484],"tags":[],"class_list":["post-119363","post","type-post","status-publish","format-standard","has-post-thumbnail","category-decoracao"],"_wp_attached_file":null,"_wp_attachment_metadata":null,"_wp_attachment_context":null,"_wp_attachment_is_custom_header":null,"geo_longitude":null,"geo_public":null,"geo_latitude":null,"_publicize_done_external":null,"_wpas_done_3897181":null,"publicize_twitter_user":null,"_wpas_done_3897175":null,"_wpas_skip_3897181":null,"_wpas_skip_3897175":null,"_wpas_skip_3924723":null,"_wpas_mess":null,"_wpas_done_3924723":null,"wps_subtitle":"","_links":{"self":[{"href":"https:\/\/www.aarquiteta.com.br\/blog\/wp-json\/wp\/v2\/posts\/119363","targetHints":{"allow":["GET"]}}],"collection":[{"href":"https:\/\/www.aarquiteta.com.br\/blog\/wp-json\/wp\/v2\/posts"}],"about":[{"href":"https:\/\/www.aarquiteta.com.br\/blog\/wp-json\/wp\/v2\/types\/post"}],"author":[{"embeddable":true,"href":"https:\/\/www.aarquiteta.com.br\/blog\/wp-json\/wp\/v2\/users\/102"}],"replies":[{"embeddable":true,"href":"https:\/\/www.aarquiteta.com.br\/blog\/wp-json\/wp\/v2\/comments?post=119363"}],"version-history":[{"count":0,"href":"https:\/\/www.aarquiteta.com.br\/blog\/wp-json\/wp\/v2\/posts\/119363\/revisions"}],"wp:featuredmedia":[{"embeddable":true,"href":"https:\/\/www.aarquiteta.com.br\/blog\/wp-json\/wp\/v2\/media\/119274"}],"wp:attachment":[{"href":"https:\/\/www.aarquiteta.com.br\/blog\/wp-json\/wp\/v2\/media?parent=119363"}],"wp:term":[{"taxonomy":"category","embeddable":true,"href":"https:\/\/www.aarquiteta.com.br\/blog\/wp-json\/wp\/v2\/categories?post=119363"},{"taxonomy":"post_tag","embeddable":true,"href":"https:\/\/www.aarquiteta.com.br\/blog\/wp-json\/wp\/v2\/tags?post=119363"}],"curies":[{"name":"wp","href":"https:\/\/api.w.org\/{rel}","templated":true}]}}