{"id":119173,"date":"2024-07-12T22:56:33","date_gmt":"2024-07-13T01:56:33","guid":{"rendered":"https:\/\/www.aarquiteta.com.br\/blog\/area-de-servico-externa-2\/"},"modified":"2024-07-12T22:56:33","modified_gmt":"2024-07-13T01:56:33","slug":"area-de-servico-externa-2","status":"publish","type":"post","link":"https:\/\/www.aarquiteta.com.br\/blog\/area-de-servico-externa-2\/","title":{"rendered":"12 Solu\u00e7\u00f5es Pr\u00e1ticas para \u00c1rea de Servi\u00e7o Externa"},"content":{"rendered":"<h2>30 Ideias Incr\u00edveis para Sua Lavanderia Externa<\/h2><p>Olhe s\u00f3 pra fora da sua casa &#8211; aposto que voc\u00ea tem um espa\u00e7o super bacana que poderia ser uma lavanderia externa incr\u00edvel, n\u00e3o \u00e9 mesmo? <b>Essa \u00e1rea de servi\u00e7o ao ar livre \u00e9 uma oportunidade \u00fanica de criar um ambiente leve, pr\u00e1tico e at\u00e9 mesmo charmoso<\/b>, que vai deixar sua rotina de lavar, secar e passar roupa muito mais agrad\u00e1vel. E sabe o melhor? N\u00e3o precisa de muito pra transformar esse canto da sua casa em um espa\u00e7o lindo e funcional.<\/p><h3>Pontos principais:<\/h3><ul><li><b>Aproveite o espa\u00e7o e organize tudo de maneira eficiente<\/b> &#8211; de arm\u00e1rios planejados a um varal compacto, tudo pode ser perfeitamente integrado.<\/li><li><b>Invista na decora\u00e7\u00e3o<\/b> &#8211; cores, materiais, ilumina\u00e7\u00e3o e at\u00e9 mesmo plantas podem deixar sua lavanderia externa super charmosa.<\/li><li><b>Torne o ambiente vers\u00e1til e multifuncional<\/b> &#8211; um espa\u00e7o coberto e bem planejado permite que voc\u00ea use a \u00e1rea para muito mais do que apenas lavar roupa.<\/li><\/ul><h2>Organizando e Tornando a Lavanderia Funcional<\/h2><p>Comecei meu projeto de lavanderia externa com um objetivo bem claro: <b>aproveitar ao m\u00e1ximo o espa\u00e7o dispon\u00edvel e tornar tudo o mais organizado e funcional poss\u00edvel<\/b>. Afinal, n\u00e3o adianta ter um cantinho lindo se ele n\u00e3o for pr\u00e1tico pra lavar, secar e guardar as roupas, n\u00e3o \u00e9 mesmo? Por isso, investi em algumas solu\u00e7\u00f5es inteligentes que fizeram toda a diferen\u00e7a.<\/p><figure style=\"width: 1024px\" class=\"wp-caption aligncenter\"><img decoding=\"async\" src=\"https:\/\/www.aarquiteta.com.br\/blog\/wp-content\/uploads\/2024\/07\/area-de-servico-externa.jpg\" alt=\"Uma \u00e1rea de servi\u00e7o externa no quintal maximiza o uso do espa\u00e7o.\" width=\"1024\" height=\"1024\" title=\"\"><figcaption class=\"wp-caption-text\">Uma \u00e1rea de servi\u00e7o externa no <a href=\"https:\/\/www.aarquiteta.com.br\/blog\/quintal\/\" class=\"ilj-generated-link\">quintal<\/a> maximiza o uso do espa\u00e7o.<\/figcaption><\/figure><h3>Arm\u00e1rios Funcionais e Integra\u00e7\u00e3o com Outros Ambientes<\/h3><p>Uma das primeiras coisas que fiz foi <b>planejar uns arm\u00e1rios lindos e super funcionais<\/b> pra guardar tudo o que preciso na lavanderia &#8211; desde produtos de limpeza at\u00e9 as roupas que acabei de lavar. Esses arm\u00e1rios ficam perfeitamente integrados com o restante da \u00e1rea externa, criando uma unidade visual e pr\u00e1tica.<\/p><figure style=\"width: 1024px\" class=\"wp-caption aligncenter\"><img decoding=\"async\" src=\"https:\/\/www.aarquiteta.com.br\/blog\/wp-content\/uploads\/2024\/07\/area-de-servico-externa01.jpg\" alt=\"Uma pequena \u00e1rea de servi\u00e7o com itens essenciais.\" width=\"1024\" height=\"1024\" title=\"\"><figcaption class=\"wp-caption-text\">Uma pequena \u00e1rea de servi\u00e7o com itens essenciais.<\/figcaption><\/figure><h3>Lavanderia Planejada e Espa\u00e7o Compacto<\/h3><p>J\u00e1 que meu espa\u00e7o externo n\u00e3o \u00e9 dos maiores, <b>planejei tudo certinho pra aproveitar cada cantinho<\/b>. Instalei uma m\u00e1quina de lavar compacta, deixando espa\u00e7o pra um varal retr\u00e1til e um arm\u00e1rio pra guardar tudo. Dessa forma, consegui ter tudo o que preciso numa \u00e1rea bem pequena, sem poluir visualmente o ambiente.<\/p><figure style=\"width: 1024px\" class=\"wp-caption aligncenter\"><img decoding=\"async\" src=\"https:\/\/www.aarquiteta.com.br\/blog\/wp-content\/uploads\/2024\/07\/area-de-servico-externa02.jpg\" alt=\"Arm\u00e1rios funcionais otimizam o espa\u00e7o da \u00e1rea de servi\u00e7o.\" width=\"1024\" height=\"1024\" title=\"\"><figcaption class=\"wp-caption-text\">Arm\u00e1rios funcionais otimizam o espa\u00e7o da \u00e1rea de servi\u00e7o.<\/figcaption><\/figure><h2>Dando um Toque de Estilo e Decora\u00e7\u00e3o<\/h2><p>Depois de resolver a parte funcional, chegou a hora de <b>deixar a lavanderia externa com a minha cara<\/b>. Afinal, por que n\u00e3o ter um cantinho lindo e cheio de personalidade, n\u00e9? Investi em algumas solu\u00e7\u00f5es de decora\u00e7\u00e3o que deixaram o ambiente ainda mais aconchegante e agrad\u00e1vel.<\/p><figure style=\"width: 1024px\" class=\"wp-caption aligncenter\"><img decoding=\"async\" src=\"https:\/\/www.aarquiteta.com.br\/blog\/wp-content\/uploads\/2024\/07\/area-de-servico-externa-3.jpg\" alt=\"Integra\u00e7\u00e3o harmoniosa de \u00e1rea de churrasqueira e servi\u00e7o.\" width=\"1024\" height=\"1024\" title=\"\"><figcaption class=\"wp-caption-text\">Integra\u00e7\u00e3o harmoniosa de \u00e1rea de churrasqueira e servi\u00e7o.<\/figcaption><\/figure><h3>Cores, Materiais e Ilumina\u00e7\u00e3o<\/h3><p>Para criar uma atmosfera descontra\u00edda e acolhedora, optei por <b>cores claras e naturais<\/b>, como o branco, bege e tons de madeira. Al\u00e9m disso, <b>a ilumina\u00e7\u00e3o planejada deixou tudo ainda mais acolhedor<\/b> &#8211; uma verdadeira del\u00edcia pra passar algumas horas cuidando das roupas!<\/p><figure style=\"width: 1024px\" class=\"wp-caption aligncenter\"><img decoding=\"async\" src=\"https:\/\/www.aarquiteta.com.br\/blog\/wp-content\/uploads\/2024\/07\/area-de-servico-externa-4.jpg\" alt=\"M\u00e1quina de lavar disfar\u00e7ada em gabinete em banheiro externo.\" width=\"1024\" height=\"1024\" title=\"\"><figcaption class=\"wp-caption-text\">M\u00e1quina de lavar disfar\u00e7ada em gabinete em banheiro externo.<\/figcaption><\/figure><h3>Plantas e Jardim<\/h3><p>E pra finalizar com chave de ouro, <b>incorporei algumas plantas e elementos naturais<\/b> na decora\u00e7\u00e3o da lavanderia externa. Isso deixou o ambiente muito mais leve, fresco e com um toque r\u00fastico e aconchegante. Agora, \u00e9 s\u00f3 eu escolher uma m\u00fasica boa pra tocar enquanto fa\u00e7o a faxina semanal!<\/p><figure style=\"width: 1024px\" class=\"wp-caption aligncenter\"><img decoding=\"async\" src=\"https:\/\/www.aarquiteta.com.br\/blog\/wp-content\/uploads\/2024\/07\/area-de-servico-externa-5.jpg\" alt=\"Solu\u00e7\u00e3o simples e pr\u00e1tica para \u00e1rea de servi\u00e7o no quintal.\" width=\"1024\" height=\"1024\" title=\"\"><figcaption class=\"wp-caption-text\">Solu\u00e7\u00e3o simples e pr\u00e1tica para \u00e1rea de servi\u00e7o no quintal.<\/figcaption><\/figure><h2>Prote\u00e7\u00e3o e Versatilidade<\/h2><p>Mas n\u00e3o parei por a\u00ed! Ainda tinha algumas ideias incr\u00edveis pra deixar minha lavanderia externa ainda mais incr\u00edvel. <b>A principal delas foi criar um espa\u00e7o coberto e multifuncional<\/b>, que me permite usar esse cantinho pra muito mais do que apenas lavar roupa.<\/p><figure style=\"width: 1024px\" class=\"wp-caption aligncenter\"><img decoding=\"async\" src=\"https:\/\/www.aarquiteta.com.br\/blog\/wp-content\/uploads\/2024\/07\/area-de-servico-externa-6.jpg\" alt=\"Decora\u00e7\u00e3o simples e barata com resultados incr\u00edveis.\" width=\"1024\" height=\"1024\" title=\"\"><figcaption class=\"wp-caption-text\">Decora\u00e7\u00e3o simples e barata com resultados incr\u00edveis.<\/figcaption><\/figure><h3>Espa\u00e7o Coberto e Multifuncional<\/h3><p><b>Ter uma \u00e1rea coberta na lavanderia externa foi uma verdadeira m\u00e3o na roda<\/b> &#8211; agora posso lavar e secar as roupas protegido do sol e da chuva. E o melhor? Esse mesmo espa\u00e7o tamb\u00e9m serve pra pendurar algumas plantas, organizar as ferramentas de jardinagem ou at\u00e9 mesmo montar uma pequena \u00e1rea de descanso. Virou um verdadeiro &#8220;quartinho&#8221; a c\u00e9u aberto!<\/p><figure style=\"width: 1024px\" class=\"wp-caption aligncenter\"><img decoding=\"async\" src=\"https:\/\/www.aarquiteta.com.br\/blog\/wp-content\/uploads\/2024\/07\/area-de-servico-externa03-1.jpg\" alt=\"Lavanderia na varanda para apartamentos sem quintal.\" width=\"1024\" height=\"1024\" title=\"\"><figcaption class=\"wp-caption-text\">Lavanderia na <a href=\"https:\/\/www.aarquiteta.com.br\/blog\/decoracao\/ambientes-na-decoracao\/decoracao-de-varanda-terraco\/\" class=\"ilj-generated-link\">varanda<\/a> para apartamentos sem quintal.<\/figcaption><\/figure><h3>Lavanderia Integrada \u00e0 \u00c1rea Externa<\/h3><p>Por fim, <b>integrei completamente a lavanderia externa com o restante da minha \u00e1rea externa<\/b>. Assim, ela se torna um espa\u00e7o fluido e harm\u00f4nico, que se conecta com o jardim, a <a href=\"https:\/\/www.aarquiteta.com.br\/blog\/casa-e-jardim\/jardinagem\/horta\/\" class=\"ilj-generated-link\">horta<\/a> e at\u00e9 mesmo a churrasqueira. Fica tudo super organizado e bonito de se ver!<\/p><figure style=\"width: 1024px\" class=\"wp-caption aligncenter\"><img decoding=\"async\" src=\"https:\/\/www.aarquiteta.com.br\/blog\/wp-content\/uploads\/2024\/07\/area-de-servico-externa-8.jpg\" alt=\"Lavanderia pequena no quintal para otimizar espa\u00e7o.\" width=\"1024\" height=\"1024\" title=\"\"><figcaption class=\"wp-caption-text\">Lavanderia pequena no quintal para otimizar espa\u00e7o.<\/figcaption><\/figure><h2>Conclus\u00e3o<\/h2><p>Ent\u00e3o \u00e9 isso, pessoal! <b>Transformar a sua lavanderia externa em um espa\u00e7o lindo, funcional e vers\u00e1til<\/b> \u00e9 mais simples do que parece. Basta organizar tudo direitinho, investir na decora\u00e7\u00e3o e ainda criar um ambiente protegido e multifuncional. O resultado \u00e9 um cantinho superaconchegante, que vai deixar sua vida muito mais pr\u00e1tica e agrad\u00e1vel.<\/p><figure style=\"width: 1024px\" class=\"wp-caption aligncenter\"><img decoding=\"async\" src=\"https:\/\/www.aarquiteta.com.br\/blog\/wp-content\/uploads\/2024\/07\/area-de-servico-externa-9.jpg\" alt=\"Lavanderia externa amplia o espa\u00e7o \u00fatil interno.\" width=\"1024\" height=\"1024\" title=\"\"><figcaption class=\"wp-caption-text\">Lavanderia externa amplia o espa\u00e7o \u00fatil interno.<\/figcaption><\/figure><p>Veja mais algumas ideias e inspira\u00e7\u00f5es sobre o assunto abaixo e descubra qual deles mais lhe agrada!<\/p><figure style=\"width: 1024px\" class=\"wp-caption aligncenter\"><img decoding=\"async\" src=\"https:\/\/www.aarquiteta.com.br\/blog\/wp-content\/uploads\/2024\/07\/area-de-servico-externa-10.jpg\" alt=\"Lavanderia planejada para organiza\u00e7\u00e3o e funcionalidade.\" width=\"1024\" height=\"1024\" title=\"\"><figcaption class=\"wp-caption-text\">Lavanderia planejada para organiza\u00e7\u00e3o e funcionalidade.<\/figcaption><\/figure><figure style=\"width: 1024px\" class=\"wp-caption aligncenter\"><img decoding=\"async\" src=\"https:\/\/www.aarquiteta.com.br\/blog\/wp-content\/uploads\/2024\/07\/area-de-servico-externa-11.jpg\" alt=\"Arm\u00e1rios disfar\u00e7ados mant\u00eam o visual organizado.\" width=\"1024\" height=\"1024\" title=\"\"><figcaption class=\"wp-caption-text\">Arm\u00e1rios disfar\u00e7ados mant\u00eam o visual organizado.<\/figcaption><\/figure><figure style=\"width: 1024px\" class=\"wp-caption aligncenter\"><img decoding=\"async\" src=\"https:\/\/www.aarquiteta.com.br\/blog\/wp-content\/uploads\/2024\/07\/area-de-servico-externa-12.jpg\" alt=\"Lavanderia com toque de modernidade e plantas verdes.\" width=\"1024\" height=\"1024\" title=\"\"><figcaption class=\"wp-caption-text\">Lavanderia com toque de modernidade e plantas verdes.<\/figcaption><\/figure><figure style=\"width: 1024px\" class=\"wp-caption aligncenter\"><img decoding=\"async\" src=\"https:\/\/www.aarquiteta.com.br\/blog\/wp-content\/uploads\/2024\/07\/area-de-servico-externa-13.jpg\" alt=\"Ambiente clean com decora\u00e7\u00e3o branca e neutra.\" width=\"1024\" height=\"1024\" title=\"\"><figcaption class=\"wp-caption-text\">Ambiente clean com decora\u00e7\u00e3o branca e neutra.<\/figcaption><\/figure><figure style=\"width: 1024px\" class=\"wp-caption aligncenter\"><img decoding=\"async\" src=\"https:\/\/www.aarquiteta.com.br\/blog\/wp-content\/uploads\/2024\/07\/area-de-servico-externa-14.jpg\" alt=\"\u00c1rea de servi\u00e7o integrada ao banheiro.\" width=\"1024\" height=\"1024\" title=\"\"><figcaption class=\"wp-caption-text\">\u00c1rea de servi\u00e7o integrada ao banheiro.<\/figcaption><\/figure><figure style=\"width: 1024px\" class=\"wp-caption aligncenter\"><img decoding=\"async\" src=\"https:\/\/www.aarquiteta.com.br\/blog\/wp-content\/uploads\/2024\/07\/area-de-servico-externa-15.jpg\" alt=\"Decora\u00e7\u00e3o de impacto com ambiente monocrom\u00e1tico.\" width=\"1024\" height=\"1024\" title=\"\"><figcaption class=\"wp-caption-text\">Decora\u00e7\u00e3o de impacto com ambiente monocrom\u00e1tico.<\/figcaption><\/figure><figure style=\"width: 1024px\" class=\"wp-caption aligncenter\"><img decoding=\"async\" src=\"https:\/\/www.aarquiteta.com.br\/blog\/wp-content\/uploads\/2024\/07\/area-de-servico-externa04.jpg\" alt=\"C\u00f4modo exclusivo para \u00e1rea de servi\u00e7o para melhor organiza\u00e7\u00e3o.\" width=\"1024\" height=\"1024\" title=\"\"><figcaption class=\"wp-caption-text\">C\u00f4modo exclusivo para \u00e1rea de servi\u00e7o para melhor organiza\u00e7\u00e3o.<\/figcaption><\/figure><figure style=\"width: 1024px\" class=\"wp-caption aligncenter\"><img decoding=\"async\" src=\"https:\/\/www.aarquiteta.com.br\/blog\/wp-content\/uploads\/2024\/07\/area-de-servico-externa-17.jpg\" alt=\"Eletrodom\u00e9sticos de inox evitam danos e t\u00eam visual escuro.\" width=\"1024\" height=\"1024\" title=\"\"><figcaption class=\"wp-caption-text\">Eletrodom\u00e9sticos de inox evitam danos e t\u00eam visual escuro.<\/figcaption><\/figure><figure style=\"width: 1024px\" class=\"wp-caption aligncenter\"><img decoding=\"async\" src=\"https:\/\/www.aarquiteta.com.br\/blog\/wp-content\/uploads\/2024\/07\/area-de-servico-externa05.jpg\" alt=\"Boa ilumina\u00e7\u00e3o, aproveitando a luz natural.\" width=\"1024\" height=\"1024\" title=\"\"><figcaption class=\"wp-caption-text\">Boa ilumina\u00e7\u00e3o, aproveitando a luz natural.<\/figcaption><\/figure><figure style=\"width: 1024px\" class=\"wp-caption aligncenter\"><img decoding=\"async\" src=\"https:\/\/www.aarquiteta.com.br\/blog\/wp-content\/uploads\/2024\/07\/area-de-servico-externa-19.jpg\" alt=\"Sofistica\u00e7\u00e3o na \u00e1rea de servi\u00e7o externa.\" width=\"1024\" height=\"1024\" title=\"\"><figcaption class=\"wp-caption-text\">Sofistica\u00e7\u00e3o na \u00e1rea de servi\u00e7o externa.<\/figcaption><\/figure><h3>Assista agora a minha recomenda\u00e7\u00e3o de video abaixo sobre o tema que estamos tratando neste artigo: <\/h3><p><div class=\"youtube-embed\" data-video_id=\"o3fRxDcYK-U\"><iframe title=\"Dicas para Organizar \u00c1rea de Servi\u00e7o\" width=\"696\" height=\"392\" src=\"https:\/\/www.youtube.com\/embed\/o3fRxDcYK-U?feature=oembed&#038;enablejsapi=1\" frameborder=\"0\" allow=\"accelerometer; autoplay; clipboard-write; encrypted-media; gyroscope; picture-in-picture; web-share\" referrerpolicy=\"strict-origin-when-cross-origin\" allowfullscreen><\/iframe><\/div><\/p>","protected":false},"excerpt":{"rendered":"<p>\u00c1rea de servi\u00e7o externa pr\u00e1tica e funcional? Veja 12 solu\u00e7\u00f5es que v\u00e3o facilitar sua vida.<\/p>\n","protected":false},"author":102,"featured_media":119153,"comment_status":"closed","ping_status":"closed","sticky":false,"template":"","format":"standard","meta":{"footnotes":""},"categories":[1484],"tags":[],"class_list":["post-119173","post","type-post","status-publish","format-standard","has-post-thumbnail","category-decoracao"],"_wp_attached_file":null,"_wp_attachment_metadata":null,"_wp_attachment_context":null,"_wp_attachment_is_custom_header":null,"geo_longitude":null,"geo_public":null,"geo_latitude":null,"_publicize_done_external":null,"_wpas_done_3897181":null,"publicize_twitter_user":null,"_wpas_done_3897175":null,"_wpas_skip_3897181":null,"_wpas_skip_3897175":null,"_wpas_skip_3924723":null,"_wpas_mess":null,"_wpas_done_3924723":null,"wps_subtitle":"","_links":{"self":[{"href":"https:\/\/www.aarquiteta.com.br\/blog\/wp-json\/wp\/v2\/posts\/119173","targetHints":{"allow":["GET"]}}],"collection":[{"href":"https:\/\/www.aarquiteta.com.br\/blog\/wp-json\/wp\/v2\/posts"}],"about":[{"href":"https:\/\/www.aarquiteta.com.br\/blog\/wp-json\/wp\/v2\/types\/post"}],"author":[{"embeddable":true,"href":"https:\/\/www.aarquiteta.com.br\/blog\/wp-json\/wp\/v2\/users\/102"}],"replies":[{"embeddable":true,"href":"https:\/\/www.aarquiteta.com.br\/blog\/wp-json\/wp\/v2\/comments?post=119173"}],"version-history":[{"count":0,"href":"https:\/\/www.aarquiteta.com.br\/blog\/wp-json\/wp\/v2\/posts\/119173\/revisions"}],"wp:featuredmedia":[{"embeddable":true,"href":"https:\/\/www.aarquiteta.com.br\/blog\/wp-json\/wp\/v2\/media\/119153"}],"wp:attachment":[{"href":"https:\/\/www.aarquiteta.com.br\/blog\/wp-json\/wp\/v2\/media?parent=119173"}],"wp:term":[{"taxonomy":"category","embeddable":true,"href":"https:\/\/www.aarquiteta.com.br\/blog\/wp-json\/wp\/v2\/categories?post=119173"},{"taxonomy":"post_tag","embeddable":true,"href":"https:\/\/www.aarquiteta.com.br\/blog\/wp-json\/wp\/v2\/tags?post=119173"}],"curies":[{"name":"wp","href":"https:\/\/api.w.org\/{rel}","templated":true}]}}