{"id":11831,"date":"2025-03-23T19:30:23","date_gmt":"2025-03-23T22:30:23","guid":{"rendered":"http:\/\/aarquiteta.com.br\/?p=11831"},"modified":"2025-03-22T12:07:25","modified_gmt":"2025-03-22T15:07:25","slug":"jardim-vertical","status":"publish","type":"post","link":"https:\/\/www.aarquiteta.com.br\/blog\/jardim-vertical\/","title":{"rendered":"Jardins Verticais: Guia Definitivo para Transformar Espa\u00e7os Urbanos em Ref\u00fagios Verdes"},"content":{"rendered":"<p>Jardins verticais transcendem modismos, conquistando cora\u00e7\u00f5es e lares urbanos com eleg\u00e2ncia e funcionalidade, oferecendo um ref\u00fagio verde sem ocupar muito espa\u00e7o.<\/p><p>Al\u00e9m de enriquecer a decora\u00e7\u00e3o, estes jardins promovem sa\u00fade e preservam o meio ambiente, transformando qualquer <a href=\"https:\/\/www.aarquiteta.com.br\/blog\/?s=PAREDE\">parede<\/a> em um o\u00e1sis natural.<\/p><figure id=\"attachment_75249\" aria-describedby=\"caption-attachment-75249\" style=\"width: 637px\" class=\"wp-caption alignnone\"><img decoding=\"async\" class=\"wp-image-75249\" title=\"Jardim Vertical: Guia Completo Para Transformar Suas Paredes com muito Verde\" src=\"https:\/\/www.aarquiteta.com.br\/blog\/wp-content\/uploads\/2022\/02\/jardim-vertical-em-apartamento.jpeg\" alt=\"jardim vertical em apartamento\" width=\"637\" height=\"850\" srcset=\"https:\/\/www.aarquiteta.com.br\/blog\/wp-content\/uploads\/2022\/02\/jardim-vertical-em-apartamento.jpeg 1200w, https:\/\/www.aarquiteta.com.br\/blog\/wp-content\/uploads\/2022\/02\/jardim-vertical-em-apartamento-1024x1365.jpeg 1024w, https:\/\/www.aarquiteta.com.br\/blog\/wp-content\/uploads\/2022\/02\/jardim-vertical-em-apartamento-696x928.jpeg 696w, https:\/\/www.aarquiteta.com.br\/blog\/wp-content\/uploads\/2022\/02\/jardim-vertical-em-apartamento-640x853.jpeg 640w, https:\/\/www.aarquiteta.com.br\/blog\/wp-content\/uploads\/2022\/02\/jardim-vertical-em-apartamento-150x200.jpeg 150w\" sizes=\"(max-width: 637px) 100vw, 637px\" \/><figcaption id=\"caption-attachment-75249\" class=\"wp-caption-text\">Jardim Vertical: Guia Completo Para Transformar Suas <a href=\"https:\/\/www.aarquiteta.com.br\/blog\/?s=PAREDE\">Paredes<\/a> com muito Verde<\/figcaption><\/figure><h3>O que \u00e9 um Jardim Vertical?<\/h3><p>Um jardim vertical \u00e9 uma estrutura decorativa que utiliza paredes para cultivar plantas variadas, trazendo vida e frescor a ambientes internos ou externos.<\/p><p>Imagine uma pintura viva, onde a natureza se integra harmoniosamente ao design, renovando espa\u00e7os com <a href=\"https:\/\/www.aarquiteta.com.br\/blog\/?s=CORES\">cores<\/a>, texturas e sensa\u00e7\u00f5es \u00fanicas.<\/p><figure id=\"attachment_11907\" aria-describedby=\"caption-attachment-11907\" style=\"width: 1100px\" class=\"wp-caption alignnone\"><img decoding=\"async\" class=\"wp-image-11907\" title=\"Jardins Verticais: Guia Definitivo para Transformar Espa\u00e7os Urbanos em Ref\u00fagios Verdes\" src=\"https:\/\/www.aarquiteta.com.br\/blog\/wp-content\/uploads\/2017\/10\/jardim-vertical-balcao.jpg\" alt=\"Jardins Verticais: Guia Definitivo para Transformar Espa\u00e7os Urbanos em Ref\u00fagios Verdes\" width=\"1100\" height=\"1353\" srcset=\"https:\/\/www.aarquiteta.com.br\/blog\/wp-content\/uploads\/2017\/10\/jardim-vertical-balcao.jpg 600w, https:\/\/www.aarquiteta.com.br\/blog\/wp-content\/uploads\/2017\/10\/jardim-vertical-balcao-150x185.jpg 150w\" sizes=\"(max-width: 1100px) 100vw, 1100px\" \/><figcaption id=\"caption-attachment-11907\" class=\"wp-caption-text\">Jardins Verticais: Guia Definitivo para Transformar Espa\u00e7os Urbanos em Ref\u00fagios Verdes<\/figcaption><\/figure><h3>Vantagens dos Jardins Verticais<\/h3><p>Estes jardins transformam paredes sem gra\u00e7a em espet\u00e1culos visuais, adicionando vibrante cor, textura rica e estilo marcante, elevando qualquer ambiente urbano.<\/p><p>Al\u00e9m disso, eles purificam o ar, reduzem consideravelmente o estresse e promovem bem-estar, criando ambientes extremamente saud\u00e1veis, modernos e inspiradores.<\/p><figure id=\"attachment_51085\" aria-describedby=\"caption-attachment-51085\" style=\"width: 700px\" class=\"wp-caption alignnone\"><img decoding=\"async\" class=\"wp-image-51085 size-full\" title=\"Jardins Verticais: Guia Definitivo para Transformar Espa\u00e7os Urbanos em Ref\u00fagios Verdes\" src=\"https:\/\/www.aarquiteta.com.br\/blog\/wp-content\/uploads\/2022\/04\/Dicas-de-porque-ter-um-jardim-vertical-na-sua-casa.6.jpg\" alt=\"Jardins Verticais: Guia Definitivo para Transformar Espa\u00e7os Urbanos em Ref\u00fagios Verdes\" width=\"700\" height=\"400\" srcset=\"https:\/\/www.aarquiteta.com.br\/blog\/wp-content\/uploads\/2022\/04\/Dicas-de-porque-ter-um-jardim-vertical-na-sua-casa.6.jpg 700w, https:\/\/www.aarquiteta.com.br\/blog\/wp-content\/uploads\/2022\/04\/Dicas-de-porque-ter-um-jardim-vertical-na-sua-casa.6-696x398.jpg 696w, https:\/\/www.aarquiteta.com.br\/blog\/wp-content\/uploads\/2022\/04\/Dicas-de-porque-ter-um-jardim-vertical-na-sua-casa.6-150x86.jpg 150w\" sizes=\"(max-width: 700px) 100vw, 700px\" \/><figcaption id=\"caption-attachment-51085\" class=\"wp-caption-text\">Jardins Verticais: Guia Definitivo para Transformar Espa\u00e7os Urbanos em Ref\u00fagios Verdes<\/figcaption><\/figure><h3>Tipos de Jardins Verticais<\/h3><p>Voc\u00ea pode escolher entre jardins verticais naturais, preservados ou artificiais, cada um com caracter\u00edsticas \u00fanicas e requisitos de manuten\u00e7\u00e3o diferenciados.<\/p><p>Opte pelo tipo que melhor se adapta ao seu espa\u00e7o, estilo de vida e disponibilidade para cuidados di\u00e1rios simples e constantes.<\/p><figure id=\"attachment_11908\" aria-describedby=\"caption-attachment-11908\" style=\"width: 1100px\" class=\"wp-caption alignnone\"><img decoding=\"async\" class=\"wp-image-11908\" title=\"Jardim vertical - Como cultivar plantas na vertical?\" src=\"https:\/\/www.aarquiteta.com.br\/blog\/wp-content\/uploads\/2017\/10\/jardim-vertical-pet.jpg\" alt=\"Jardim vertical - Como cultivar plantas na vertical?\" width=\"1100\" height=\"789\" srcset=\"https:\/\/www.aarquiteta.com.br\/blog\/wp-content\/uploads\/2017\/10\/jardim-vertical-pet.jpg 537w, https:\/\/www.aarquiteta.com.br\/blog\/wp-content\/uploads\/2017\/10\/jardim-vertical-pet-150x108.jpg 150w\" sizes=\"(max-width: 1100px) 100vw, 1100px\" \/><figcaption id=\"caption-attachment-11908\" class=\"wp-caption-text\">Jardins Verticais: Guia Definitivo para Transformar Espa\u00e7os Urbanos em Ref\u00fagios Verdes<\/figcaption><\/figure><h3>Como Montar um Jardim Vertical em Casa<\/h3><p>Escolha um local bem iluminado e de f\u00e1cil acesso, garantindo que as plantas recebam luz natural suficiente diariamente para um crescimento saud\u00e1vel.<\/p><p>Selecione esp\u00e9cies compat\u00edveis com o ambiente, adquira materiais resistentes e monte uma estrutura segura e adequada para sustentar seu jardim vertical.<\/p><h3>Escolha das Plantas para o Jardim Vertical<\/h3><p>Prefira plantas de baixa manuten\u00e7\u00e3o, como pothos e peper\u00f4mia, que se adaptam facilmente a ambientes com pouca luz e cuidados simples.<\/p><p>Analise a luminosidade do local e escolha esp\u00e9cies que prosperem em ambientes internos ou externos conforme sua necessidade para resultados sempre surpreendentes.<\/p><figure id=\"attachment_51083\" aria-describedby=\"caption-attachment-51083\" style=\"width: 700px\" class=\"wp-caption alignnone\"><img decoding=\"async\" class=\"wp-image-51083 size-full\" title=\"Jardins Verticais: Guia Definitivo para Transformar Espa\u00e7os Urbanos em Ref\u00fagios Verdes\" src=\"https:\/\/www.aarquiteta.com.br\/blog\/wp-content\/uploads\/2022\/04\/Dicas-de-porque-ter-um-jardim-vertical-na-sua-casa.44.jpg\" alt=\"Porque ter um jardim vertical na sua casa\" width=\"700\" height=\"400\" srcset=\"https:\/\/www.aarquiteta.com.br\/blog\/wp-content\/uploads\/2022\/04\/Dicas-de-porque-ter-um-jardim-vertical-na-sua-casa.44.jpg 700w, https:\/\/www.aarquiteta.com.br\/blog\/wp-content\/uploads\/2022\/04\/Dicas-de-porque-ter-um-jardim-vertical-na-sua-casa.44-696x398.jpg 696w, https:\/\/www.aarquiteta.com.br\/blog\/wp-content\/uploads\/2022\/04\/Dicas-de-porque-ter-um-jardim-vertical-na-sua-casa.44-150x86.jpg 150w\" sizes=\"(max-width: 700px) 100vw, 700px\" \/><figcaption id=\"caption-attachment-51083\" class=\"wp-caption-text\">Jardins Verticais: Guia Definitivo para Transformar Espa\u00e7os Urbanos em Ref\u00fagios Verdes<\/figcaption><\/figure><h3>Manuten\u00e7\u00e3o do Jardim Vertical<\/h3><p>Regue as plantas com modera\u00e7\u00e3o, evitando excesso ou falta de \u00e1gua, que podem comprometer a sa\u00fade do seu jardim vertical.<\/p><p>Adube conforme as necessidades e remova folhas mortas regularmente para prevenir pragas e doen\u00e7as, mantendo o espa\u00e7o vibrante e garantindo crescimento cont\u00ednuo saud\u00e1vel.<\/p><h3>Dicas para Otimizar Espa\u00e7os com Jardins Verticais<\/h3><p>Utilize estruturas criativas, como paletes de <a href=\"https:\/\/www.aarquiteta.com.br\/blog\/?s=MADEIRA\">madeira<\/a>, para instalar jardins verticais que aproveitem cantos esquecidos e transformem ambientes urbanos com estilo singular.<\/p><p>Reaproveite m\u00f3veis e materiais recicl\u00e1veis para criar solu\u00e7\u00f5es sustent\u00e1veis e inovadoras que otimizem cada metro quadrado dispon\u00edvel para maximizar o potencial criativo.<\/p><figure id=\"attachment_51081\" aria-describedby=\"caption-attachment-51081\" style=\"width: 700px\" class=\"wp-caption alignnone\"><img decoding=\"async\" class=\"size-full wp-image-51081\" src=\"https:\/\/www.aarquiteta.com.br\/blog\/wp-content\/uploads\/2022\/04\/Dicas-de-porque-ter-um-jardim-vertical-na-sua-casa.4.jpg\" alt=\"Jardim Suspenso - Mais frescor para sua varanda!\" width=\"700\" height=\"400\" title=\"\" srcset=\"https:\/\/www.aarquiteta.com.br\/blog\/wp-content\/uploads\/2022\/04\/Dicas-de-porque-ter-um-jardim-vertical-na-sua-casa.4.jpg 700w, https:\/\/www.aarquiteta.com.br\/blog\/wp-content\/uploads\/2022\/04\/Dicas-de-porque-ter-um-jardim-vertical-na-sua-casa.4-696x398.jpg 696w, https:\/\/www.aarquiteta.com.br\/blog\/wp-content\/uploads\/2022\/04\/Dicas-de-porque-ter-um-jardim-vertical-na-sua-casa.4-150x86.jpg 150w\" sizes=\"(max-width: 700px) 100vw, 700px\" \/><figcaption id=\"caption-attachment-51081\" class=\"wp-caption-text\">Jardim Suspenso &#8211; Mais frescor para sua <a href=\"https:\/\/www.aarquiteta.com.br\/blog\/?s=varanda\">varanda<\/a>!<\/figcaption><\/figure><h3>Recursos Sustent\u00e1veis para Construir Jardins Verticais<\/h3><p>Adote materiais recicl\u00e1veis, como garrafas PET, para criar vasos inovadores e ecologicamente corretos, contribuindo com a sustentabilidade e promovendo economia circular efetiva.<\/p><p>Incorpore tamb\u00e9m res\u00edduos criativos, transformando-os em suportes funcionais que aliam design moderno e responsabilidade ambiental para um futuro mais sustent\u00e1vel.<\/p><figure id=\"attachment_121582\" aria-describedby=\"caption-attachment-121582\" style=\"width: 334px\" class=\"wp-caption alignnone\"><img decoding=\"async\" class=\"wp-image-121582 size-full\" title=\"Jardins Verticais: Guia Definitivo para Transformar Espa\u00e7os Urbanos em Ref\u00fagios Verdes\" src=\"https:\/\/www.aarquiteta.com.br\/blog\/wp-content\/uploads\/2024\/08\/1_21195-jardim-pequeno-casa-aberta-viva-decora.jpg\" alt=\"Jardins Verticais: Guia Definitivo para Transformar Espa\u00e7os Urbanos em Ref\u00fagios Verdes\" width=\"334\" height=\"500\" \/><figcaption id=\"caption-attachment-121582\" class=\"wp-caption-text\">Jardins Verticais: Guia Definitivo para Transformar Espa\u00e7os Urbanos em Ref\u00fagios Verdes<\/figcaption><\/figure><h3>Considera\u00e7\u00f5es Finais sobre Jardins Verticais<\/h3><p>Jardins verticais revolucionam espa\u00e7os urbanos, trazendo natureza, bem-estar e beleza incompar\u00e1vel para ambientes compactos e modernos, e transformam vidas com eleg\u00e2ncia.<\/p><p>Invista hoje em um jardim vertical e desfrute de um o\u00e1sis verde que melhora a qualidade de vida e eleva seu ambiente.<\/p><h3>Assista agora a minha recomenda\u00e7\u00e3o de video abaixo sobre o tema que estamos tratando neste artigo:<\/h3><div class=\"youtube-embed\" data-video_id=\"_J2fV0XrUlY\"><iframe title=\"3 SEGREDOS pra montar um JARDIM VERTICAL\" width=\"696\" height=\"392\" src=\"https:\/\/www.youtube.com\/embed\/_J2fV0XrUlY?feature=oembed&#038;enablejsapi=1\" frameborder=\"0\" allow=\"accelerometer; autoplay; clipboard-write; encrypted-media; gyroscope; picture-in-picture; web-share\" referrerpolicy=\"strict-origin-when-cross-origin\" allowfullscreen><\/iframe><\/div>","protected":false},"excerpt":{"rendered":"<p>Aprenda tudo sobre jardins verticais! Descubra como instalar, escolher plantas ideais e manter um ambiente verde, pr\u00e1tico e moderno em qualquer espa\u00e7o da sua casa.<\/p>\n","protected":false},"author":102,"featured_media":43220,"comment_status":"closed","ping_status":"closed","sticky":false,"template":"","format":"standard","meta":{"footnotes":""},"categories":[1484,971],"tags":[26445,19693,26443,2198,3386,26444,26446],"class_list":["post-11831","post","type-post","status-publish","format-standard","has-post-thumbnail","category-decoracao","category-design-de-interiores","tag-beneficios-de-um-jardim-vertical","tag-como-cultivar-jardim","tag-construcao-de-jardim-vertical","tag-jardim-vertical","tag-jardins-verticais","tag-manutencao-de-jardim-vertical","tag-paisagismo-vertical"],"_wp_attached_file":null,"_wp_attachment_metadata":null,"_wp_attachment_context":null,"_wp_attachment_is_custom_header":null,"geo_longitude":null,"geo_public":null,"geo_latitude":null,"_publicize_done_external":null,"_wpas_done_3897181":null,"publicize_twitter_user":null,"_wpas_done_3897175":null,"_wpas_skip_3897181":null,"_wpas_skip_3897175":null,"_wpas_skip_3924723":null,"_wpas_mess":null,"_wpas_done_3924723":null,"wps_subtitle":"Confira as melhores dicas de jardinagem que separamos para voc\u00ea criar um projeto de arrasar!","_links":{"self":[{"href":"https:\/\/www.aarquiteta.com.br\/blog\/wp-json\/wp\/v2\/posts\/11831","targetHints":{"allow":["GET"]}}],"collection":[{"href":"https:\/\/www.aarquiteta.com.br\/blog\/wp-json\/wp\/v2\/posts"}],"about":[{"href":"https:\/\/www.aarquiteta.com.br\/blog\/wp-json\/wp\/v2\/types\/post"}],"author":[{"embeddable":true,"href":"https:\/\/www.aarquiteta.com.br\/blog\/wp-json\/wp\/v2\/users\/102"}],"replies":[{"embeddable":true,"href":"https:\/\/www.aarquiteta.com.br\/blog\/wp-json\/wp\/v2\/comments?post=11831"}],"version-history":[{"count":0,"href":"https:\/\/www.aarquiteta.com.br\/blog\/wp-json\/wp\/v2\/posts\/11831\/revisions"}],"wp:featuredmedia":[{"embeddable":true,"href":"https:\/\/www.aarquiteta.com.br\/blog\/wp-json\/wp\/v2\/media\/43220"}],"wp:attachment":[{"href":"https:\/\/www.aarquiteta.com.br\/blog\/wp-json\/wp\/v2\/media?parent=11831"}],"wp:term":[{"taxonomy":"category","embeddable":true,"href":"https:\/\/www.aarquiteta.com.br\/blog\/wp-json\/wp\/v2\/categories?post=11831"},{"taxonomy":"post_tag","embeddable":true,"href":"https:\/\/www.aarquiteta.com.br\/blog\/wp-json\/wp\/v2\/tags?post=11831"}],"curies":[{"name":"wp","href":"https:\/\/api.w.org\/{rel}","templated":true}]}}