{"id":118102,"date":"2024-07-04T19:19:17","date_gmt":"2024-07-04T22:19:17","guid":{"rendered":"https:\/\/www.aarquiteta.com.br\/blog\/design-de-patios\/"},"modified":"2024-07-04T19:19:17","modified_gmt":"2024-07-04T22:19:17","slug":"design-de-patios","status":"publish","type":"post","link":"https:\/\/www.aarquiteta.com.br\/blog\/design-de-patios\/","title":{"rendered":"5 Ideias Criativas de Design de P\u00e1tios para Espa\u00e7os Pequenos"},"content":{"rendered":"<p>Pequenos espa\u00e7os externos n\u00e3o precisam ser um desafio para quem quer desfrutar de um ambiente aconchegante e funcional. Com algumas ideias criativas de design, \u00e9 poss\u00edvel transformar at\u00e9 a menor \u00e1rea em um p\u00e1tio charmoso e acolhedor. <b>A chave est\u00e1 em explorar solu\u00e7\u00f5es inteligentes e multifuncionais que otimizem cada cent\u00edmetro quadrado.<\/b><\/p>\n<p><b>Destaques principais:<\/b><\/p>\n<ul>\n<li>M\u00f3veis multifuncionais permitem aproveitar melhor os espa\u00e7os reduzidos, combinando diferentes fun\u00e7\u00f5es em uma \u00fanica pe\u00e7a.<\/li>\n<li>Plantas verticais s\u00e3o uma \u00f3tima op\u00e7\u00e3o para adicionar vida e cor sem ocupar muito espa\u00e7o no ch\u00e3o.<\/li>\n<li>Ilumina\u00e7\u00e3o adequada \u00e9 essencial para criar ambientes aconchegantes e ampliar a sensa\u00e7\u00e3o de espa\u00e7o.<\/li>\n<\/ul>\n<p>Quando se trata de espa\u00e7os pequenos, a <b>criatividade \u00e9 a melhor aliada<\/b> para criar \u00e1reas externas funcionais e acolhedoras. Como arquiteto experiente, posso garantir que algumas solu\u00e7\u00f5es inteligentes podem fazer toda a diferen\u00e7a na hora de transformar um p\u00e1tio compacto em um verdadeiro ref\u00fagio ao ar livre.<\/p>\n<h3>1. Utilize M\u00f3veis Multifuncionais<\/h3>\n<figure style=\"width: 1024px\" class=\"wp-caption aligncenter\"><img decoding=\"async\" src=\"https:\/\/www.aarquiteta.com.br\/blog\/wp-content\/uploads\/2024\/07\/design-de-patios04.jpg\" alt=\"5 Ideias Criativas de Design de P\u00e1tios para Espa\u00e7os Pequenos\" width=\"1024\" height=\"1024\" title=\"\"><figcaption class=\"wp-caption-text\">5 Ideias Criativas de Design de P\u00e1tios para Espa\u00e7os Pequenos<\/figcaption><\/figure>\n<p>Um dos maiores desafios em \u00e1reas externas reduzidas \u00e9 encontrar m\u00f3veis que se encaixem perfeitamente sem comprometer a circula\u00e7\u00e3o. Por isso, <b>apostar em pe\u00e7as multifuncionais \u00e9 uma excelente estrat\u00e9gia<\/b>. Bancos com compartimentos internos, mesas dobr\u00e1veis ou com tampos que se elevam, pufes que tamb\u00e9m servem como mesa lateral&#8230; As possibilidades s\u00e3o infinitas!<\/p>\n<h3>2. Aposte em Plantas Verticais<\/h3>\n<figure style=\"width: 1024px\" class=\"wp-caption aligncenter\"><img decoding=\"async\" src=\"https:\/\/www.aarquiteta.com.br\/blog\/wp-content\/uploads\/2024\/07\/design-de-patios03.jpg\" alt=\"5 Ideias Criativas de Design de P\u00e1tios para Espa\u00e7os Pequenos\" width=\"1024\" height=\"1024\" title=\"\"><figcaption class=\"wp-caption-text\">5 Ideias Criativas de Design de P\u00e1tios para Espa\u00e7os Pequenos<\/figcaption><\/figure>\n<p>Quem disse que precisa ocupar muito espa\u00e7o no ch\u00e3o para ter um p\u00e1tio verde e florido? As <b>plantas verticais s\u00e3o a solu\u00e7\u00e3o perfeita<\/b> para adicionar vida e cor de forma inteligente. Voc\u00ea pode optar por jardins verticais, vasos suspensos, treli\u00e7as ou at\u00e9 mesmo um pequeno muro ingl\u00eas repleto de vegeta\u00e7\u00e3o.<\/p>\n<h3>3. Crie um Cantinho Aconchegante com Almofadas e Tapetes<\/h3>\n<figure style=\"width: 1024px\" class=\"wp-caption aligncenter\"><img decoding=\"async\" src=\"https:\/\/www.aarquiteta.com.br\/blog\/wp-content\/uploads\/2024\/07\/design-de-patios02.jpg\" alt=\"5 Ideias Criativas de Design de P\u00e1tios para Espa\u00e7os Pequenos\" width=\"1024\" height=\"1024\" title=\"\"><figcaption class=\"wp-caption-text\">5 Ideias Criativas de Design de P\u00e1tios para Espa\u00e7os Pequenos<\/figcaption><\/figure>\n<p>Nada mais convidativo do que um cantinho aconchegante para relaxar ao ar livre. Com algumas <b>almofadas e tapetes macios<\/b>, voc\u00ea pode transformar facilmente um canto do seu p\u00e1tio em um ref\u00fagio perfeito para ler um livro, tomar um drink ou simplesmente desfrutar da brisa fresca.<\/p>\n<h3>4. Adicione Ilumina\u00e7\u00e3o Adequada<\/h3>\n<figure style=\"width: 1024px\" class=\"wp-caption aligncenter\"><img decoding=\"async\" src=\"https:\/\/www.aarquiteta.com.br\/blog\/wp-content\/uploads\/2024\/07\/design-de-patios01.jpg\" alt=\"5 Ideias Criativas de Design de P\u00e1tios para Espa\u00e7os Pequenos\" width=\"1024\" height=\"1024\" title=\"\"><figcaption class=\"wp-caption-text\">5 Ideias Criativas de Design de P\u00e1tios para Espa\u00e7os Pequenos<\/figcaption><\/figure>\n<p>A ilumina\u00e7\u00e3o \u00e9 um elemento-chave para criar ambientes acolhedores e ampliar a sensa\u00e7\u00e3o de espa\u00e7o. <b>Aposte em luzes de diferentes intensidades e alturas<\/b>, como lumin\u00e1rias de piso, arandelas nas paredes e at\u00e9 mesmo lanternas penduradas, para criar uma atmosfera aconchegante e intimista.<\/p>\n<h3>5. Explore Cores e Estampas<\/h3>\n<p>N\u00e3o tenha medo de ousar com <b>cores vibrantes e estampas divertidas<\/b>! Elas podem trazer vida e personalidade ao seu pequeno p\u00e1tio. Desde almofadas coloridas at\u00e9 vasos estampados, essas pequenas adi\u00e7\u00f5es podem fazer toda a diferen\u00e7a na decora\u00e7\u00e3o.<\/p>\n<h2>Conclus\u00e3o<\/h2>\n<p>Mesmo com espa\u00e7os limitados, \u00e9 poss\u00edvel criar <b>p\u00e1tios incr\u00edveis e funcionais<\/b> com um pouco de criatividade e planejamento inteligente. Lembre-se de explorar m\u00f3veis multifuncionais, plantas verticais, ilumina\u00e7\u00e3o adequada e cores vibrantes para transformar seu pequeno ref\u00fagio externo em um verdadeiro o\u00e1sis de tranquilidade e aconchego.<\/p>\n<h3>Assista agora a minha recomenda\u00e7\u00e3o de video abaixo sobre o tema que estamos tratando neste artigo: <\/h3>\n<p><div class=\"youtube-embed\" data-video_id=\"HAnoaawoxjY\"><iframe title=\"46 IDEIAS DE JARDINS ESTREITOS EM ESPA\u00c7OS PEQUENOS VOC\u00ca PRECISA VER\" width=\"696\" height=\"392\" src=\"https:\/\/www.youtube.com\/embed\/HAnoaawoxjY?feature=oembed&#038;enablejsapi=1\" frameborder=\"0\" allow=\"accelerometer; autoplay; clipboard-write; encrypted-media; gyroscope; picture-in-picture; web-share\" referrerpolicy=\"strict-origin-when-cross-origin\" allowfullscreen><\/iframe><\/div><\/p>\n","protected":false},"excerpt":{"rendered":"<p>Descubra 5 ideias criativas de design de p\u00e1tios para otimizar espa\u00e7os pequenos. Veja qual a melhor para voc\u00ea!<\/p>\n","protected":false},"author":102,"featured_media":118099,"comment_status":"closed","ping_status":"closed","sticky":false,"template":"","format":"standard","meta":{"footnotes":""},"categories":[1484,971,18792,18794],"tags":[],"class_list":["post-118102","post","type-post","status-publish","format-standard","has-post-thumbnail","category-decoracao","category-design-de-interiores","category-decoracao-de-apartamento","category-projetos-de-decoracao-de-casas"],"_wp_attached_file":null,"_wp_attachment_metadata":null,"_wp_attachment_context":null,"_wp_attachment_is_custom_header":null,"geo_longitude":null,"geo_public":null,"geo_latitude":null,"_publicize_done_external":null,"_wpas_done_3897181":null,"publicize_twitter_user":null,"_wpas_done_3897175":null,"_wpas_skip_3897181":null,"_wpas_skip_3897175":null,"_wpas_skip_3924723":null,"_wpas_mess":null,"_wpas_done_3924723":null,"wps_subtitle":"","_links":{"self":[{"href":"https:\/\/www.aarquiteta.com.br\/blog\/wp-json\/wp\/v2\/posts\/118102","targetHints":{"allow":["GET"]}}],"collection":[{"href":"https:\/\/www.aarquiteta.com.br\/blog\/wp-json\/wp\/v2\/posts"}],"about":[{"href":"https:\/\/www.aarquiteta.com.br\/blog\/wp-json\/wp\/v2\/types\/post"}],"author":[{"embeddable":true,"href":"https:\/\/www.aarquiteta.com.br\/blog\/wp-json\/wp\/v2\/users\/102"}],"replies":[{"embeddable":true,"href":"https:\/\/www.aarquiteta.com.br\/blog\/wp-json\/wp\/v2\/comments?post=118102"}],"version-history":[{"count":0,"href":"https:\/\/www.aarquiteta.com.br\/blog\/wp-json\/wp\/v2\/posts\/118102\/revisions"}],"wp:featuredmedia":[{"embeddable":true,"href":"https:\/\/www.aarquiteta.com.br\/blog\/wp-json\/wp\/v2\/media\/118099"}],"wp:attachment":[{"href":"https:\/\/www.aarquiteta.com.br\/blog\/wp-json\/wp\/v2\/media?parent=118102"}],"wp:term":[{"taxonomy":"category","embeddable":true,"href":"https:\/\/www.aarquiteta.com.br\/blog\/wp-json\/wp\/v2\/categories?post=118102"},{"taxonomy":"post_tag","embeddable":true,"href":"https:\/\/www.aarquiteta.com.br\/blog\/wp-json\/wp\/v2\/tags?post=118102"}],"curies":[{"name":"wp","href":"https:\/\/api.w.org\/{rel}","templated":true}]}}