{"id":118041,"date":"2024-07-04T12:26:26","date_gmt":"2024-07-04T15:26:26","guid":{"rendered":"https:\/\/www.aarquiteta.com.br\/blog\/sacada-de-vidro-2\/"},"modified":"2024-07-04T12:26:26","modified_gmt":"2024-07-04T15:26:26","slug":"sacada-de-vidro-2","status":"publish","type":"post","link":"https:\/\/www.aarquiteta.com.br\/blog\/sacada-de-vidro-2\/","title":{"rendered":"7 Dicas para uma Sacada de Vidro Elegante"},"content":{"rendered":"<p>Ah, a sacada de vidro! Essa maravilha arquitet\u00f4nica pode transformar completamente o visual da sua casa, trazendo eleg\u00e2ncia, <b>modernidade<\/b> e uma sensa\u00e7\u00e3o de amplitude incr\u00edvel. Mas voc\u00ea sabia que esse detalhe vai muito al\u00e9m do est\u00e9tico? Pois \u00e9, essa solu\u00e7\u00e3o encantadora tamb\u00e9m oferece <b>seguran\u00e7a<\/b>, <b>isolamento ac\u00fastico<\/b> e \u00f3tima <b>ventila\u00e7\u00e3o<\/b>. Vem comigo que eu vou te mostrar todos os benef\u00edcios de ter uma sacada de vidro no seu lar.<\/p>\n<h2>Benef\u00edcios da Sacada de Vidro<\/h2>\n<h3>Seguran\u00e7a e Vis\u00e3o Panor\u00e2mica<\/h3>\n<p>Imagine voc\u00ea curtindo um lindo p\u00f4r do sol do conforto da sua casa, com uma vista incr\u00edvel e sem nenhuma barreira visual. Isso \u00e9 poss\u00edvel gra\u00e7as \u00e0s <b>sacadas de vidro<\/b>, que oferecem uma sensa\u00e7\u00e3o de amplitude e seguran\u00e7a incompar\u00e1vel. Ao inv\u00e9s de paredes, voc\u00ea tem um painel de vidro resistente que mant\u00e9m sua fam\u00edlia protegida, sem abrir m\u00e3o da luminosidade e da vista deslumbrante. \u00c9 um verdadeiro <b>o\u00e1sis de tranquilidade<\/b> no meio da correria do dia a dia.<\/p>\n<figure style=\"width: 1024px\" class=\"wp-caption aligncenter\"><img decoding=\"async\" src=\"https:\/\/www.aarquiteta.com.br\/blog\/wp-content\/uploads\/2024\/07\/sacada-de-vidro01.jpg\" alt=\"Al\u00e9m de trazer seguran\u00e7a, qualquer espa\u00e7o fica mais bonito com uma boa luz como essa proporcionada pela sacada de vidro\" width=\"1024\" height=\"1024\" title=\"\"><figcaption class=\"wp-caption-text\">Al\u00e9m de trazer seguran\u00e7a, qualquer espa\u00e7o fica mais bonito com uma boa luz como essa proporcionada pela sacada de vidro<\/figcaption><\/figure>\n<h3>Isolamento Ac\u00fastico e Integra\u00e7\u00e3o<\/h3>\n<p>Voc\u00ea sabe aquela barulheira da rua que n\u00e3o te deixa em paz nem mesmo dentro de casa? Com a sacada de vidro, esse problema acaba. O <b>isolamento ac\u00fastico<\/b> proporcionado pelo painel de vidro \u00e9 incr\u00edvel, ent\u00e3o voc\u00ea pode aproveitar seu lar em paz e sossego, sem precisar lidar com os ru\u00eddos externos. E o melhor: essa solu\u00e7\u00e3o integra perfeitamente o ambiente interno com o externo, trazendo uma sensa\u00e7\u00e3o de amplitude e <b>conectividade com a natureza<\/b> que vai te deixar encantado.<\/p>\n<figure style=\"width: 1024px\" class=\"wp-caption aligncenter\"><img decoding=\"async\" src=\"https:\/\/www.aarquiteta.com.br\/blog\/wp-content\/uploads\/2024\/07\/sacada-de-vidro02.jpg\" alt=\"Al\u00e9m disso, seu espa\u00e7o externo acaba ganhando uma funcionalidade a mais gra\u00e7as a esse tipo de sacada que permite uma vis\u00e3o bem legal da cidade\" width=\"1024\" height=\"1024\" title=\"\"><figcaption class=\"wp-caption-text\">Al\u00e9m disso, seu espa\u00e7o externo acaba ganhando uma funcionalidade a mais gra\u00e7as a esse tipo de sacada que permite uma vis\u00e3o bem legal da cidade<\/figcaption><\/figure>\n<h2>Modelos e Estilos de Sacada de Vidro<\/h2>\n<h3>Solu\u00e7\u00f5es Compactas e Vers\u00e1teis<\/h3>\n<p>Ah, e n\u00e3o pense que a sacada de vidro \u00e9 uma solu\u00e7\u00e3o s\u00f3 para casas e apartamentos gigantes. Existem <b>modelos compactos e vers\u00e1teis<\/b> que se adaptam perfeitamente at\u00e9 mesmo a espa\u00e7os menores. Voc\u00ea pode optar por uma estrutura de alum\u00ednio ou mesmo vidro temperado, que cabem perfeitamente em qualquer varanda ou terra\u00e7o. O importante \u00e9 escolher a op\u00e7\u00e3o que melhor se encaixa no seu estilo de vida e na decora\u00e7\u00e3o da sua casa.<\/p>\n<figure style=\"width: 1024px\" class=\"wp-caption aligncenter\"><img decoding=\"async\" src=\"https:\/\/www.aarquiteta.com.br\/blog\/wp-content\/uploads\/2024\/07\/sacada-de-vidro03.jpg\" alt=\"Ela fica ainda mais bonita quando inserida em espa\u00e7os arborizados, criando uma vista muito especial para a sua varanda\" width=\"1024\" height=\"1024\" title=\"\"><figcaption class=\"wp-caption-text\">Ela fica ainda mais bonita quando inserida em espa\u00e7os arborizados, criando uma vista muito especial para a sua varanda<\/figcaption><\/figure>\n<h3>Combina\u00e7\u00f5es Elegantes e Modernas<\/h3>\n<p>E por falar em decora\u00e7\u00e3o, as sacadas de vidro combinam super bem com diversos estilos arquitet\u00f4nicos e de interiores. Desde <b>solu\u00e7\u00f5es minimalistas e contempor\u00e2neas<\/b> at\u00e9 combina\u00e7\u00f5es mais cl\u00e1ssicas e tradicionais, h\u00e1 op\u00e7\u00f5es incr\u00edveis para deixar a sua casa ainda mais bonita e sofisticada. Basta voc\u00ea escolher os acabamentos, as esquadrias e a estrutura que mais combinam com o seu gosto pessoal.<\/p>\n<figure style=\"width: 1024px\" class=\"wp-caption aligncenter\"><img decoding=\"async\" src=\"https:\/\/www.aarquiteta.com.br\/blog\/wp-content\/uploads\/2024\/07\/sacada-de-vidro4.jpg\" alt=\"Boa op\u00e7\u00e3o para quem mora em apartamento e deseja ter um isolamento ac\u00fastico no lar, evitando barulhos externos e mantendo boa rela\u00e7\u00e3o com os vizinhos\" width=\"1024\" height=\"1024\" title=\"\"><figcaption class=\"wp-caption-text\">Boa op\u00e7\u00e3o para quem mora em apartamento e deseja ter um isolamento ac\u00fastico no lar, evitando barulhos externos e mantendo boa rela\u00e7\u00e3o com os vizinhos<\/figcaption><\/figure>\n<h2>Inspira\u00e7\u00f5es para Decorar a Sacada de Vidro<\/h2>\n<h3>Espa\u00e7o para Plantas e Lazer<\/h3>\n<p>N\u00e3o basta apenas ter a sacada de vidro, \u00e9 preciso transform\u00e1-la em um espa\u00e7o realmente acolhedor e especial. Uma \u00f3tima dica \u00e9 <b>investir em plantas e pequenos m\u00f3veis de jardim<\/b>, criando um verdadeiro o\u00e1sis de tranquilidade no meio da sua casa. Voc\u00ea pode montar um cantinho de leitura, um espa\u00e7o para tomar um ch\u00e1 ou caf\u00e9 da manh\u00e3, ou at\u00e9 mesmo um mini jardim suspenso. O c\u00e9u \u00e9 o limite quando o assunto \u00e9 decorar a sua sacada de vidro!<\/p>\n<figure style=\"width: 1024px\" class=\"wp-caption aligncenter\"><img decoding=\"async\" src=\"https:\/\/www.aarquiteta.com.br\/blog\/wp-content\/uploads\/2024\/07\/sacada-de-vidro05.jpg\" alt=\"Versatilidade, indo at\u00e9 o teto como nessa inspira\u00e7\u00e3o e dando uma impress\u00e3o visual de local mais amplo\" width=\"1024\" height=\"1024\" title=\"\"><figcaption class=\"wp-caption-text\">Versatilidade, indo at\u00e9 o teto como nessa inspira\u00e7\u00e3o e dando uma impress\u00e3o visual de local mais amplo<\/figcaption><\/figure>\n<h3>Ilumina\u00e7\u00e3o e Ambienta\u00e7\u00e3o Aconchegante<\/h3>\n<p>E, claro, a ilumina\u00e7\u00e3o tamb\u00e9m \u00e9 um fator crucial para deixar a sua sacada ainda mais incr\u00edvel. <b>Aposte em lumin\u00e1rias pendentes, fitas de LED e spots estrategicamente posicionados<\/b> para criar uma atmosfera aconchegante e acolhedora, perfeita para relaxar ap\u00f3s um longo dia. Combine tudo isso com uma decora\u00e7\u00e3o acolhedora, com almofadas macias, tapetes e at\u00e9 mesmo uma mini adega para deixar o ambiente super convidativo.<\/p>\n<figure style=\"width: 1024px\" class=\"wp-caption aligncenter\"><img decoding=\"async\" src=\"https:\/\/www.aarquiteta.com.br\/blog\/wp-content\/uploads\/2024\/07\/sacada-de-vidro06.jpg\" alt=\"A sacada de vidro gera um espa\u00e7o bem legal para apostar em plantinhas que d\u00e3o um estilo a mais no lugar\" width=\"1024\" height=\"1024\" title=\"\"><figcaption class=\"wp-caption-text\">A sacada de vidro gera um espa\u00e7o bem legal para apostar em plantinhas que d\u00e3o um estilo a mais no lugar<\/figcaption><\/figure>\n<h2>Conclus\u00e3o<\/h2>\n<p>Ent\u00e3o, o que voc\u00ea achou de tudo isso? Eu espero ter conseguido te convencer de que a sacada de vidro \u00e9 uma <b>solu\u00e7\u00e3o incr\u00edvel<\/b> para transformar o visual da sua casa, trazendo eleg\u00e2ncia, seguran\u00e7a e muito mais conforto para o seu dia a dia. Veja mais algumas ideias e inspira\u00e7\u00f5es sobre o assunto abaixo e descubra qual deles mais lhe agrada!<\/p>\n<figure style=\"width: 1024px\" class=\"wp-caption aligncenter\"><img decoding=\"async\" src=\"https:\/\/www.aarquiteta.com.br\/blog\/wp-content\/uploads\/2024\/07\/sacada-de-vidro07.jpg\" alt=\"O modelo sacada em L tamb\u00e9m combina muito com o material de vidro, criando uma vis\u00e3o panor\u00e2mica perfeita para quem mora em apartamentos\" width=\"1024\" height=\"1024\" title=\"\"><figcaption class=\"wp-caption-text\">O modelo sacada em L tamb\u00e9m combina muito com o material de vidro, criando uma vis\u00e3o panor\u00e2mica perfeita para quem mora em apartamentos<\/figcaption><\/figure>\n<b>Pontos principais:<\/b><\/p>\n<ul>\n<li>A sacada de vidro traz <b>seguran\u00e7a, isolamento ac\u00fastico e integra\u00e7\u00e3o<\/b> com o ambiente externo.<\/li>\n<li>Existem <b>solu\u00e7\u00f5es compactas e vers\u00e1teis<\/b> que se adaptam a qualquer tipo de espa\u00e7o.<\/li>\n<li>A decora\u00e7\u00e3o da sacada de vidro pode incluir <b>plantas, m\u00f3veis de jardim e ilumina\u00e7\u00e3o aconchegante<\/b>.<\/li>\n<\/ul>\n<figure style=\"width: 1024px\" class=\"wp-caption aligncenter\"><img decoding=\"async\" src=\"https:\/\/www.aarquiteta.com.br\/blog\/wp-content\/uploads\/2024\/07\/sacada-de-vidro08.jpg\" alt=\"Cortinas d\u00e3o um estilo a mais \u00e0 sua varanda e, em conjunto com os lustres, ficou tudo muito bem decorado; a sacada de vidro com acabamento na cor branca contribuiu para isso\" width=\"1024\" height=\"1024\" title=\"\"><figcaption class=\"wp-caption-text\">Cortinas d\u00e3o um estilo a mais \u00e0 sua varanda e, em conjunto com os lustres, ficou tudo muito bem decorado; a sacada de vidro com acabamento na cor branca contribuiu para isso<\/figcaption><\/figure>\n<figure style=\"width: 1024px\" class=\"wp-caption aligncenter\"><img decoding=\"async\" src=\"https:\/\/www.aarquiteta.com.br\/blog\/wp-content\/uploads\/2024\/07\/sacada-de-vidro09.jpg\" alt=\"Uma \u00e1rea gourmet com a sacada de vidro, com prote\u00e7\u00e3o extra dada pela sacada de vidro\" width=\"1024\" height=\"1024\" title=\"\"><figcaption class=\"wp-caption-text\">Uma \u00e1rea gourmet com a sacada de vidro, com prote\u00e7\u00e3o extra dada pela sacada de vidro<\/figcaption><\/figure>\n<figure style=\"width: 1024px\" class=\"wp-caption aligncenter\"><img decoding=\"async\" src=\"https:\/\/www.aarquiteta.com.br\/blog\/wp-content\/uploads\/2024\/07\/sacada-de-vidro10.jpg\" alt=\"A sacada de vidro contribui para um espa\u00e7o clean, principalmente quando combinada com m\u00f3veis em tons mais neutros\" width=\"1024\" height=\"1024\" title=\"\"><figcaption class=\"wp-caption-text\">A sacada de vidro contribui para um espa\u00e7o clean, principalmente quando combinada com m\u00f3veis em tons mais neutros<\/figcaption><\/figure>\n<figure style=\"width: 1024px\" class=\"wp-caption aligncenter\"><img decoding=\"async\" src=\"https:\/\/www.aarquiteta.com.br\/blog\/wp-content\/uploads\/2024\/07\/sacada-de-vidro11.jpg\" alt=\"Essa casa com andar ganhou um toque de decora\u00e7\u00e3o moderno gra\u00e7as \u00e0 sacada de vidro, que cria um ambiente arejado\" width=\"1024\" height=\"1024\" title=\"\"><figcaption class=\"wp-caption-text\">Essa casa com andar ganhou um toque de decora\u00e7\u00e3o moderno gra\u00e7as \u00e0 sacada de vidro, que cria um ambiente arejado<\/figcaption><\/figure>\n<figure style=\"width: 1024px\" class=\"wp-caption aligncenter\"><img decoding=\"async\" src=\"https:\/\/www.aarquiteta.com.br\/blog\/wp-content\/uploads\/2024\/07\/sacada-de-vidro12.jpg\" alt=\"Espa\u00e7o bonito para refei\u00e7\u00f5es com uma vista da cidade, ideal para quem mora em apartamento\" width=\"1024\" height=\"1024\" title=\"\"><figcaption class=\"wp-caption-text\">Espa\u00e7o bonito para refei\u00e7\u00f5es com uma vista da cidade, ideal para quem mora em apartamento<\/figcaption><\/figure>\n<figure style=\"width: 1024px\" class=\"wp-caption aligncenter\"><img decoding=\"async\" src=\"https:\/\/www.aarquiteta.com.br\/blog\/wp-content\/uploads\/2024\/07\/sacada-de-vidro13.jpg\" alt=\"Espa\u00e7o bem aproveitado para churrasco, perfeito para receber amigos com uma vis\u00e3o ampla da cidade\" width=\"1024\" height=\"1024\" title=\"\"><figcaption class=\"wp-caption-text\">Espa\u00e7o bem aproveitado para churrasco, perfeito para receber amigos com uma vis\u00e3o ampla da cidade<\/figcaption><\/figure>\n<figure style=\"width: 1024px\" class=\"wp-caption aligncenter\"><img decoding=\"async\" src=\"https:\/\/www.aarquiteta.com.br\/blog\/wp-content\/uploads\/2024\/07\/sacada-de-vidro14.jpg\" alt=\"N\u00e3o \u00e9 s\u00f3 de dia que a sacada de vidro cria um efeito bonito. Com uma boa disposi\u00e7\u00e3o de luzes, o charme do lugar tamb\u00e9m \u00e9 percebido \u00e0 noite\" width=\"1024\" height=\"1024\" title=\"\"><figcaption class=\"wp-caption-text\">N\u00e3o \u00e9 s\u00f3 de dia que a sacada de vidro cria um efeito bonito. Com uma boa disposi\u00e7\u00e3o de luzes, o charme do lugar tamb\u00e9m \u00e9 percebido \u00e0 noite<\/figcaption><\/figure>\n<figure style=\"width: 1024px\" class=\"wp-caption aligncenter\"><img decoding=\"async\" src=\"https:\/\/www.aarquiteta.com.br\/blog\/wp-content\/uploads\/2024\/07\/sacada-de-vidro15.jpg\" alt=\"Integra\u00e7\u00e3o visual com um aspecto moderno e estiloso, ideal para quem deseja um espa\u00e7o elegante\" width=\"1024\" height=\"1024\" title=\"\"><figcaption class=\"wp-caption-text\">Integra\u00e7\u00e3o visual com um aspecto moderno e estiloso, ideal para quem deseja um espa\u00e7o elegante<\/figcaption><\/figure>\n<figure style=\"width: 1024px\" class=\"wp-caption aligncenter\"><img decoding=\"async\" src=\"https:\/\/www.aarquiteta.com.br\/blog\/wp-content\/uploads\/2024\/07\/sacada-de-vidro16.jpg\" alt=\"A sacada composta inteiramente por vidro mostra que n\u00e3o precisa de tanto espa\u00e7o para inovar na decora\u00e7\u00e3o\" width=\"1024\" height=\"1024\" title=\"\"><figcaption class=\"wp-caption-text\">A sacada composta inteiramente por vidro mostra que n\u00e3o precisa de tanto espa\u00e7o para inovar na decora\u00e7\u00e3o<\/figcaption><\/figure>\n<figure style=\"width: 1024px\" class=\"wp-caption aligncenter\"><img decoding=\"async\" src=\"https:\/\/www.aarquiteta.com.br\/blog\/wp-content\/uploads\/2024\/07\/sacada-de-vidro17.jpg\" alt=\"Espa\u00e7o para bebidas para tornar o espa\u00e7o bem utilizado, com um lugar confort\u00e1vel para sentar e receber amigos\" width=\"1024\" height=\"1024\" title=\"\"><figcaption class=\"wp-caption-text\">Espa\u00e7o para bebidas para tornar o espa\u00e7o bem utilizado, com um lugar confort\u00e1vel para sentar e receber amigos<\/figcaption><\/figure>\n<figure style=\"width: 1024px\" class=\"wp-caption aligncenter\"><img decoding=\"async\" src=\"https:\/\/www.aarquiteta.com.br\/blog\/wp-content\/uploads\/2024\/07\/sacada-de-vidro18.jpg\" alt=\"Porta de vidro separando a sala de estar da sacada de vidro, permite v\u00e1rias formas de criar um ambiente aconchegante\" width=\"1024\" height=\"1024\" title=\"\"><figcaption class=\"wp-caption-text\">Porta de vidro separando a sala de estar da sacada de vidro, permite v\u00e1rias formas de criar um ambiente aconchegante<\/figcaption><\/figure>\n<figure style=\"width: 1024px\" class=\"wp-caption aligncenter\"><img decoding=\"async\" src=\"https:\/\/www.aarquiteta.com.br\/blog\/wp-content\/uploads\/2024\/07\/sacada-de-vidro19.jpg\" alt=\"Pequeno balc\u00e3o para comer enquanto admira a vista, de modo simples e barato\" width=\"1024\" height=\"1024\" title=\"\"><figcaption class=\"wp-caption-text\">Pequeno balc\u00e3o para comer enquanto admira a vista, de modo simples e barato<\/figcaption><\/figure>\n<figure style=\"width: 1024px\" class=\"wp-caption aligncenter\"><img decoding=\"async\" src=\"https:\/\/www.aarquiteta.com.br\/blog\/wp-content\/uploads\/2024\/07\/sacada-de-vidro.jpg\" alt=\"Sacada angular cria uma impress\u00e3o visual de lugar maior, achei bem bacana!\" width=\"1024\" height=\"1024\" title=\"\"><figcaption class=\"wp-caption-text\">Sacada angular cria uma impress\u00e3o visual de lugar maior, achei bem bacana!<\/figcaption><\/figure>\n<h3>Assista agora a minha recomenda\u00e7\u00e3o de video abaixo sobre o tema que estamos tratando neste artigo: <\/h3>\n<p><div class=\"youtube-embed\" data-video_id=\"ODCXdhXx0Wk\"><iframe title=\"COMO TER UMA FACHADA DE VIDRO SEM ESQUENTAR A CASA\" width=\"696\" height=\"392\" src=\"https:\/\/www.youtube.com\/embed\/ODCXdhXx0Wk?feature=oembed&#038;enablejsapi=1\" frameborder=\"0\" allow=\"accelerometer; autoplay; clipboard-write; encrypted-media; gyroscope; picture-in-picture; web-share\" referrerpolicy=\"strict-origin-when-cross-origin\" allowfullscreen><\/iframe><\/div><\/p>\n","protected":false},"excerpt":{"rendered":"<p>Conhe\u00e7a 7 dicas para criar uma sacada de vidro elegante e moderna. Veja todas as sugest\u00f5es!<\/p>\n","protected":false},"author":102,"featured_media":118044,"comment_status":"closed","ping_status":"closed","sticky":false,"template":"","format":"standard","meta":{"footnotes":""},"categories":[1484],"tags":[],"class_list":["post-118041","post","type-post","status-publish","format-standard","has-post-thumbnail","category-decoracao"],"_wp_attached_file":null,"_wp_attachment_metadata":null,"_wp_attachment_context":null,"_wp_attachment_is_custom_header":null,"geo_longitude":null,"geo_public":null,"geo_latitude":null,"_publicize_done_external":null,"_wpas_done_3897181":null,"publicize_twitter_user":null,"_wpas_done_3897175":null,"_wpas_skip_3897181":null,"_wpas_skip_3897175":null,"_wpas_skip_3924723":null,"_wpas_mess":null,"_wpas_done_3924723":null,"wps_subtitle":"","_links":{"self":[{"href":"https:\/\/www.aarquiteta.com.br\/blog\/wp-json\/wp\/v2\/posts\/118041","targetHints":{"allow":["GET"]}}],"collection":[{"href":"https:\/\/www.aarquiteta.com.br\/blog\/wp-json\/wp\/v2\/posts"}],"about":[{"href":"https:\/\/www.aarquiteta.com.br\/blog\/wp-json\/wp\/v2\/types\/post"}],"author":[{"embeddable":true,"href":"https:\/\/www.aarquiteta.com.br\/blog\/wp-json\/wp\/v2\/users\/102"}],"replies":[{"embeddable":true,"href":"https:\/\/www.aarquiteta.com.br\/blog\/wp-json\/wp\/v2\/comments?post=118041"}],"version-history":[{"count":0,"href":"https:\/\/www.aarquiteta.com.br\/blog\/wp-json\/wp\/v2\/posts\/118041\/revisions"}],"wp:featuredmedia":[{"embeddable":true,"href":"https:\/\/www.aarquiteta.com.br\/blog\/wp-json\/wp\/v2\/media\/118044"}],"wp:attachment":[{"href":"https:\/\/www.aarquiteta.com.br\/blog\/wp-json\/wp\/v2\/media?parent=118041"}],"wp:term":[{"taxonomy":"category","embeddable":true,"href":"https:\/\/www.aarquiteta.com.br\/blog\/wp-json\/wp\/v2\/categories?post=118041"},{"taxonomy":"post_tag","embeddable":true,"href":"https:\/\/www.aarquiteta.com.br\/blog\/wp-json\/wp\/v2\/tags?post=118041"}],"curies":[{"name":"wp","href":"https:\/\/api.w.org\/{rel}","templated":true}]}}