{"id":116690,"date":"2024-06-30T10:52:30","date_gmt":"2024-06-30T13:52:30","guid":{"rendered":"https:\/\/www.aarquiteta.com.br\/blog\/decoracao-sala-de-tv-2\/"},"modified":"2024-06-30T12:12:18","modified_gmt":"2024-06-30T15:12:18","slug":"inspire-se-com-mais-de-40-ideias-de-decoracao-para-sala-de-tv","status":"publish","type":"post","link":"https:\/\/www.aarquiteta.com.br\/blog\/inspire-se-com-mais-de-40-ideias-de-decoracao-para-sala-de-tv\/","title":{"rendered":"Inspire-se com mais de 40 Ideias de Decora\u00e7\u00e3o para Sala de TV"},"content":{"rendered":"<p>Vamos l\u00e1, transformar a sua sala de TV em um espa\u00e7o elegante e funcional n\u00e3o \u00e9 t\u00e3o dif\u00edcil quanto parece! <b>Com algumas dicas certeiras, voc\u00ea deixar\u00e1 o ambiente aconchegante e estiloso<\/b>, perfeito para receber visitas ou apenas curtir um momento de descontra\u00e7\u00e3o.<\/p>\n<h3>Pontos principais:<\/h3>\n<ul>\n<li>Aprenda a valorizar as paredes com um lindo painel ripado, que al\u00e9m de organizar todos os cabos e equipamentos, traz sofistica\u00e7\u00e3o.<\/li>\n<li>Descubra solu\u00e7\u00f5es inteligentes para otimizar pequenos espa\u00e7os, unindo salas de TV e estar ou usando divis\u00f3rias modernas.<\/li>\n<li>Invista em um sof\u00e1 confort\u00e1vel e vers\u00e1til, que permitir\u00e1 diversas configura\u00e7\u00f5es conforme a ocasi\u00e3o. Mantas e almofadas deixam o ambiente ainda mais acolhedor.<\/li>\n<\/ul>\n<h3>Destaque para o Painel Ripado<\/h3>\n<p>Eu sempre fui apaixonado por <b>solu\u00e7\u00f5es elegantes que valorizem os ambientes de forma clean e funcional<\/b>. E quando se trata da sala de TV, nada supera um belo painel ripado! Al\u00e9m de trazer muito estilo, ele organiza todos os cabos e equipamentos de forma discreta.<\/p>\n<p>O segredo \u00e9 <b>investir em madeiras nobres ou componentes de qualidade<\/b>, que garantem um acabamento sofisticado. Mas n\u00e3o pense que o painel ripado fica restrito a salas modernas ou minimalistas! Ao contr\u00e1rio, ele combina perfeitamente com estilos diversos, do r\u00fastico ao contempor\u00e2neo.<\/p>\n<figure style=\"width: 1024px\" class=\"wp-caption aligncenter\"><img decoding=\"async\" src=\"https:\/\/www.aarquiteta.com.br\/blog\/wp-content\/uploads\/2024\/06\/1_decoracao-sala-de-tv02.jpg\" alt=\"2. Para decorar esse espa\u00e7o, precisamos inicialmente pensar naquilo que \u00e9 essencial para o espa\u00e7o, come\u00e7ando pelo conforto que se faz indispens\u00e1vel para o melhor uso do ambiente.\" width=\"1024\" height=\"1024\" style=\"display:none\" title=\"\"><figcaption class=\"wp-caption-text\">2. Para decorar esse espa\u00e7o, precisamos inicialmente pensar naquilo que \u00e9 essencial para o espa\u00e7o, come\u00e7ando pelo conforto que se faz indispens\u00e1vel para o melhor uso do ambiente.<\/figcaption><\/figure>\n<h3>Combine com Diferentes Estilos<\/h3>\n<p>Enquanto alguns preferem pain\u00e9is lisos em tons neutros para compor ambientes clean, outros optam por <b>designs arquitet\u00f4nicos trabalhados, com diferentes n\u00edveis de profundidade e at\u00e9 ilumina\u00e7\u00e3o embutida<\/b>. Uma sa\u00edda criativa \u00e9 apostar em um painel ripado de madeira r\u00fastica, que traz aconchego \u00e0 decora\u00e7\u00e3o.<\/p>\n<figure style=\"width: 1024px\" class=\"wp-caption aligncenter\"><img decoding=\"async\" src=\"https:\/\/www.aarquiteta.com.br\/blog\/wp-content\/uploads\/2024\/06\/1_decoracao-sala-de-tv03.jpg\" alt=\"3. Com isso, busque incluir aspectos que tornar\u00e3o o espa\u00e7o aconchegante para voc\u00ea, respeitando sempre o seu estilo, j\u00e1 que a sala de tv pode ser facilmente adaptada de acordo com suas prefer\u00eancias.\" width=\"1024\" height=\"1024\" title=\"\"><figcaption class=\"wp-caption-text\">3. Com isso, busque incluir aspectos que tornar\u00e3o o espa\u00e7o aconchegante para voc\u00ea, respeitando sempre o seu estilo, j\u00e1 que a sala de tv pode ser facilmente adaptada de acordo com suas prefer\u00eancias.<\/figcaption><\/figure>\n<p>Outra tend\u00eancia que vem ganhando for\u00e7a s\u00e3o os pain\u00e9is texturizados, lembrando elementos naturais como pedra, cimento queimado ou at\u00e9 folhas secas. Essas op\u00e7\u00f5es d\u00e3o um up na decora\u00e7\u00e3o, deixando a sala de TV ainda mais charmosa!<\/p>\n<figure style=\"width: 1024px\" class=\"wp-caption aligncenter\"><img decoding=\"async\" src=\"https:\/\/www.aarquiteta.com.br\/blog\/wp-content\/uploads\/2024\/06\/1_decoracao-sala-de-tv04.jpg\" alt=\"4. Entre as principais tend\u00eancias utilizadas nesse ambiente, podemos come\u00e7ar citando o painel ripado, que inclusive pode funcionar como revestimento para uma parede inteira.\" width=\"1024\" height=\"1024\" title=\"\"><figcaption class=\"wp-caption-text\">4. Entre as principais tend\u00eancias utilizadas nesse ambiente, podemos come\u00e7ar citando o painel ripado, que inclusive pode funcionar como revestimento para uma parede inteira.<\/figcaption><\/figure>\n<h2>Solu\u00e7\u00f5es para Salas de TV Pequenas<\/h2>\n<p>Vamos combinar, nem todos temos o privil\u00e9gio de contar com um espa\u00e7o superamplo para nossa sala de TV. Mas n\u00e3o \u00e9 motivo para deixar a decora\u00e7\u00e3o de lado! <b>Com boas ideias e um planejamento inteligente, d\u00e1 para criar um cantinho acolhedor at\u00e9 mesmo em apartamentos compactos.<\/b><\/p>\n<figure style=\"width: 1024px\" class=\"wp-caption aligncenter\"><img decoding=\"async\" src=\"https:\/\/www.aarquiteta.com.br\/blog\/wp-content\/uploads\/2024\/06\/decoracao-sala-de-tv05.jpg\" alt=\"5. Esse tipo de elemento consiste na organiza\u00e7\u00e3o de ripas de madeira naturais que s\u00e3o organizadas lado a lado para compor toda a parede e formar uma painel para sua tv.\" width=\"1024\" height=\"1024\" title=\"\"><figcaption class=\"wp-caption-text\">5. Esse tipo de elemento consiste na organiza\u00e7\u00e3o de ripas de madeira naturais que s\u00e3o organizadas lado a lado para compor toda a parede e formar uma painel para sua tv.<\/figcaption><\/figure>\n<h3>Divis\u00f3rias Modernas e Sofisticadas<\/h3>\n<p>Sabe aquelas divis\u00f3rias tradicionais de ambiente, muitas vezes pesadas e sem gra\u00e7a? Ent\u00e3o, esque\u00e7a esse conceito! Hoje existem op\u00e7\u00f5es lindas e funcionais, que al\u00e9m de separar os espa\u00e7os, <b>trazem um toque de modernidade para o lar<\/b>.<\/p>\n<figure style=\"width: 1024px\" class=\"wp-caption aligncenter\"><img decoding=\"async\" src=\"https:\/\/www.aarquiteta.com.br\/blog\/wp-content\/uploads\/2024\/06\/decoracao-sala-de-tv06.jpg\" alt=\"6. O item, al\u00e9m de ser bastante dur\u00e1vel, combina perfeitamente com a sala de tv, incluindo estilos mais cl\u00e1ssicos e at\u00e9 mesmo r\u00fasticos, j\u00e1 que a madeira transita bem nesse sentido.\" width=\"1024\" height=\"1024\" title=\"\"><figcaption class=\"wp-caption-text\">6. O item, al\u00e9m de ser bastante dur\u00e1vel, combina perfeitamente com a sala de tv, incluindo estilos mais cl\u00e1ssicos e at\u00e9 mesmo r\u00fasticos, j\u00e1 que a madeira transita bem nesse sentido.<\/figcaption><\/figure>\n<p>As divis\u00f3riasaram feitas de vidro temperado, por exemplo, s\u00e3o leves e deixam o ambiente visualmente integrado. Outra ideia \u00e9 investir em estruturas met\u00e1licas com desenhos elegantes e geom\u00e9tricos. Ficam um charme s\u00f3!<\/p>\n<figure style=\"width: 1024px\" class=\"wp-caption aligncenter\"><img decoding=\"async\" src=\"https:\/\/www.aarquiteta.com.br\/blog\/wp-content\/uploads\/2024\/06\/decoracao-sala-de-tv07.jpg\" alt=\"7. Para que tenha uma base de pre\u00e7o, \u00e9 poss\u00edvel considerar o custo de R$150 por cada m\u00b2 de painel ripado. Assim, pode optar por n\u00e3o revestir toda a parede e montar um painel menor para economizar, por exemplo.\" width=\"1024\" height=\"1024\" title=\"\"><figcaption class=\"wp-caption-text\">7. Para que tenha uma base de pre\u00e7o, \u00e9 poss\u00edvel considerar o custo de R$150 por cada m\u00b2 de painel ripado. Assim, pode optar por n\u00e3o revestir toda a parede e montar um painel menor para economizar, por exemplo.<\/figcaption><\/figure>\n<h3>Espa\u00e7os Conjugados<\/h3>\n<p>N\u00e3o tem muito espa\u00e7o sobrando? Que tal aproveitar a \u00e1rea da sala de estar e criar um cantinho aconchegante para a TV? <b>Aposte em um conjunto de poltronas e uma mesa de centro, ou mesmo um lindo sof\u00e1 em L<\/b>. Com essa solu\u00e7\u00e3o inteligente, voc\u00ea une o \u00fatil ao agrad\u00e1vel e ainda abra\u00e7a a decora\u00e7\u00e3o integrada, t\u00e3o desejada nos lares atuais.<\/p>\n<figure style=\"width: 1024px\" class=\"wp-caption aligncenter\"><img decoding=\"async\" src=\"https:\/\/www.aarquiteta.com.br\/blog\/wp-content\/uploads\/2024\/06\/decoracao-sala-de-tv08.jpg\" alt=\"8. E \u00e9 claro, podemos incluir esse item em diferentes tonalidades, j\u00e1 que a madeira natural nos permite contar com essas varia\u00e7\u00f5es para corresponder a ideia que temos para decorar.\" width=\"1024\" height=\"1024\" title=\"\"><figcaption class=\"wp-caption-text\">8. E \u00e9 claro, podemos incluir esse item em diferentes tonalidades, j\u00e1 que a madeira natural nos permite contar com essas varia\u00e7\u00f5es para corresponder a ideia que temos para decorar.<\/figcaption><\/figure>\n<h2>O Papel Fundamental do Sof\u00e1<\/h2>\n<p>Muita gente acha que a TV \u00e9 a verdadeira estrela da sala, mas <b>engana-se redondamente quem despreza o sof\u00e1<\/b>! Esse m\u00f3vel \u00e9 protagonista e deve receber toda a aten\u00e7\u00e3o na hora de decorar. Afinal, quantas vezes voc\u00ea j\u00e1 se aninhou ali para assistir \u00e0 sua s\u00e9rie preferida ou s\u00f3 para relaxar depois de um longo dia?<\/p>\n<figure style=\"width: 1024px\" class=\"wp-caption aligncenter\"><img decoding=\"async\" src=\"https:\/\/www.aarquiteta.com.br\/blog\/wp-content\/uploads\/2024\/06\/decoracao-sala-de-tv09.jpg\" alt=\"9. Quando falamos em decora\u00e7\u00e3o, \u00e9 preciso entender que beleza e funcionalidade s\u00e3o aspectos que precisam estar aliado, e no caso da sua sala de tv n\u00e3o seria diferente.\" width=\"1024\" height=\"1024\" title=\"\"><figcaption class=\"wp-caption-text\">9. Quando falamos em decora\u00e7\u00e3o, \u00e9 preciso entender que beleza e funcionalidade s\u00e3o aspectos que precisam estar aliado, e no caso da sua sala de tv n\u00e3o seria diferente.<\/figcaption><\/figure>\n<h3>Modelos Confort\u00e1veis e Vers\u00e1teis<\/h3>\n<p>Por isso mesmo, minha dica \u00e9 investir em <b>pe\u00e7as confort\u00e1veis e funcionais<\/b>, que permitam diversas configura\u00e7\u00f5es conforme suas necessidades. Um bom sof\u00e1 retr\u00e1til, por exemplo, vira uma charmosa cama quando necess\u00e1rio.<\/p>\n<figure style=\"width: 1024px\" class=\"wp-caption aligncenter\"><img decoding=\"async\" src=\"https:\/\/www.aarquiteta.com.br\/blog\/wp-content\/uploads\/2024\/06\/decoracao-sala-de-tv10.jpg\" alt=\"10. Por isso mesmo, trouxemos ideias de estantes para o espa\u00e7o, contribuindo para que tenha uma maior \u00e1rea tanto para decorar quanto para a organiza\u00e7\u00e3o de itens.\" width=\"1024\" height=\"1024\" title=\"\"><figcaption class=\"wp-caption-text\">10. Por isso mesmo, trouxemos ideias de estantes para o espa\u00e7o, contribuindo para que tenha uma maior \u00e1rea tanto para decorar quanto para a organiza\u00e7\u00e3o de itens.<\/figcaption><\/figure>\n<p>Al\u00e9m disso, considere sempre o estilo que mais combina com a sua personalidade! Dos modelos cl\u00e1ssicos de veludo aos incr\u00edveis sof\u00e1s modulares, existem op\u00e7\u00f5es para todos os gostos. Uma sa\u00edda criativa \u00e9 misturar itens de diferentes estilos, como um sof\u00e1 clean de linhas retas com poltronas mais despojadas.<\/p>\n<figure style=\"width: 1024px\" class=\"wp-caption aligncenter\"><img decoding=\"async\" src=\"https:\/\/www.aarquiteta.com.br\/blog\/wp-content\/uploads\/2024\/06\/decoracao-sala-de-tv11.jpg\" alt=\"11. Caso opte por investir em um m\u00f3vel planejado, ser\u00e1 ainda mais f\u00e1cil chegar a um resultado satisfat\u00f3rio, pensando nas medidas das quais precisa e divis\u00f3rias com as quais deseja contar.\" width=\"1024\" height=\"1024\" title=\"\"><figcaption class=\"wp-caption-text\">11. Caso opte por investir em um m\u00f3vel planejado, ser\u00e1 ainda mais f\u00e1cil chegar a um resultado satisfat\u00f3rio, pensando nas medidas das quais precisa e divis\u00f3rias com as quais deseja contar.<\/figcaption><\/figure>\n<h3>Manta e Almofadas para Personalizar<\/h3>\n<p>E para deixar o ambiente ainda mais aconchegante, <b>abuse das mantas e almofadas decorativas<\/b>! Uma dica de profissional s\u00e3o as pe\u00e7as em tons terrosos, que remetem \u00e0 natureza e trazem calor ao ambiente.<\/p>\n<figure style=\"width: 1024px\" class=\"wp-caption aligncenter\"><img decoding=\"async\" src=\"https:\/\/www.aarquiteta.com.br\/blog\/wp-content\/uploads\/2024\/06\/decoracao-sala-de-tv12.jpg\" alt=\"12. As tend\u00eancias tamb\u00e9m podem ser associadas, como nesse caso onde vemos uma estante ligada ao painel ripado, juntando duas ideias que est\u00e3o muito em alta.\" width=\"1024\" height=\"1024\" title=\"\"><figcaption class=\"wp-caption-text\">12. As tend\u00eancias tamb\u00e9m podem ser associadas, como nesse caso onde vemos uma estante ligada ao painel ripado, juntando duas ideias que est\u00e3o muito em alta.<\/figcaption><\/figure>\n<p>No inverno, voc\u00ea pode incrementar a decora\u00e7\u00e3o com mantas em tric\u00f4 ou de l\u00e3 grossa, que deixar\u00e3o as noites de Netflix ainda mais gostosas. Outra pedida s\u00e3o as almofadas estampadas, que d\u00e3o um up no visual sem muito esfor\u00e7o.<\/p>\n<figure style=\"width: 1024px\" class=\"wp-caption aligncenter\"><img decoding=\"async\" src=\"https:\/\/www.aarquiteta.com.br\/blog\/wp-content\/uploads\/2024\/06\/decoracao-sala-de-tv13.jpg\" alt=\"13. Esse \u00e9 um outro exemplo, diante do qual podemos destacar ainda a harmonia gerada pelos elementos a partir do uso de uma madeira de mesma tonalidade.\" width=\"1024\" height=\"1024\" title=\"\"><figcaption class=\"wp-caption-text\">13. Esse \u00e9 um outro exemplo, diante do qual podemos destacar ainda a harmonia gerada pelos elementos a partir do uso de uma madeira de mesma tonalidade.<\/figcaption><\/figure>\n<h2>Conclus\u00e3o: Decore com Estilo e Funcionalidade<\/h2>\n<p>Como voc\u00ea p\u00f4de ver, transformar a sala de TV em um cantinho aconchegante \u00e9 mais simples do que muitos imaginam! <b>O segredo \u00e9 apostar em solu\u00e7\u00f5es funcionais e, ao mesmo tempo, fazer escolhas que valorizem o seu estilo pessoal<\/b>.<\/p>\n<figure style=\"width: 1024px\" class=\"wp-caption aligncenter\"><img decoding=\"async\" src=\"https:\/\/www.aarquiteta.com.br\/blog\/wp-content\/uploads\/2024\/06\/decoracao-sala-de-tv14.jpg\" alt=\"14. Se a sua maior d\u00favida \u00e9 quanto a decora\u00e7\u00e3o de uma sala de tv pequena, pode ficar tranquilo! Para isso, existem ideias modernas e sofisticadas para incluir divis\u00f3rias entre os c\u00f4modos.\" width=\"1024\" height=\"1024\" title=\"\"><figcaption class=\"wp-caption-text\">14. Se a sua maior d\u00favida \u00e9 quanto a decora\u00e7\u00e3o de uma sala de tv pequena, pode ficar tranquilo! Para isso, existem ideias modernas e sofisticadas para incluir divis\u00f3rias entre os c\u00f4modos.<\/figcaption><\/figure>\n<p>Seja com um lindo painel ripado, divis\u00f3rias modernas ou at\u00e9 mesmo integrando os ambientes, \u00e9 poss\u00edvel criar uma decora\u00e7\u00e3o elegante e pr\u00e1tica. E n\u00e3o se esque\u00e7a: o sof\u00e1 \u00e9 o grande protagonista desse cen\u00e1rio! Ent\u00e3o caprique nos detalhes para deix\u00e1-lo ainda mais charmoso.<\/p>\n<figure style=\"width: 1024px\" class=\"wp-caption aligncenter\"><img decoding=\"async\" src=\"https:\/\/www.aarquiteta.com.br\/blog\/wp-content\/uploads\/2024\/06\/decoracao-sala-de-tv15.jpg\" alt=\"15. Sem uma parede, podemos gerar a impress\u00e3o de que o espa\u00e7o \u00e9 maior do que ele realmente \u00e9, al\u00e9m de que a divis\u00f3ria nesse estilo contribui muito mais para a decora\u00e7\u00e3o.\" width=\"1024\" height=\"1024\" title=\"\"><figcaption class=\"wp-caption-text\">15. Sem uma parede, podemos gerar a impress\u00e3o de que o espa\u00e7o \u00e9 maior do que ele realmente \u00e9, al\u00e9m de que a divis\u00f3ria nesse estilo contribui muito mais para a decora\u00e7\u00e3o.<\/figcaption><\/figure>\n<p>Veja mais algumas ideias e inspira\u00e7\u00f5es sobre o assunto abaixo e descubra qual deles mais lhe agrada!<\/p>\n<figure style=\"width: 1024px\" class=\"wp-caption aligncenter\"><img decoding=\"async\" src=\"https:\/\/www.aarquiteta.com.br\/blog\/wp-content\/uploads\/2024\/06\/decoracao-sala-de-tv16.jpg\" alt=\"16. Vale citar ainda que a divis\u00e3o n\u00e3o precisa ser feita por todo o espa\u00e7o. Quando colocada em uma das \u00e1reas, ela j\u00e1 cumpre bem a sua fun\u00e7\u00e3o sem quebrar o efeito de amplitude.\" width=\"1024\" height=\"1024\" title=\"\"><figcaption class=\"wp-caption-text\">16. Vale citar ainda que a divis\u00e3o n\u00e3o precisa ser feita por todo o espa\u00e7o. Quando colocada em uma das \u00e1reas, ela j\u00e1 cumpre bem a sua fun\u00e7\u00e3o sem quebrar o efeito de amplitude.<\/figcaption><\/figure>\n<figure style=\"width: 1024px\" class=\"wp-caption aligncenter\"><img decoding=\"async\" src=\"https:\/\/www.aarquiteta.com.br\/blog\/wp-content\/uploads\/2024\/06\/decoracao-sala-de-tv17.jpg\" alt=\"17. Por outro lado, uma sugest\u00e3o \u00e9 apostar em espa\u00e7os conjugados. A sala de tv e a sala de jantar, por exemplo, s\u00e3o espa\u00e7os que frequentemente se conectam atrav\u00e9s disso.\" width=\"1024\" height=\"1024\" title=\"\"><figcaption class=\"wp-caption-text\">17. Por outro lado, uma sugest\u00e3o \u00e9 apostar em espa\u00e7os conjugados. A sala de tv e a sala de jantar, por exemplo, s\u00e3o espa\u00e7os que frequentemente se conectam atrav\u00e9s disso.<\/figcaption><\/figure>\n<figure style=\"width: 1024px\" class=\"wp-caption aligncenter\"><img decoding=\"async\" src=\"https:\/\/www.aarquiteta.com.br\/blog\/wp-content\/uploads\/2024\/06\/decoracao-sala-de-tv18.jpg\" alt=\"18. Para conseguir dispor das decora\u00e7\u00f5es que deseja, incluindo elementos pontuais, nossa dica \u00e9 o uso de prateleiras. Com um excelente custo-benef\u00edcio, ela nos garante um maior espa\u00e7o!\" width=\"1024\" height=\"1024\" title=\"\"><figcaption class=\"wp-caption-text\">18. Para conseguir dispor das decora\u00e7\u00f5es que deseja, incluindo elementos pontuais, nossa dica \u00e9 o uso de prateleiras. Com um excelente custo-benef\u00edcio, ela nos garante um maior espa\u00e7o!<\/figcaption><\/figure>\n<figure style=\"width: 1024px\" class=\"wp-caption aligncenter\"><img decoding=\"async\" src=\"https:\/\/www.aarquiteta.com.br\/blog\/wp-content\/uploads\/2024\/06\/decoracao-sala-de-tv19.jpg\" alt=\"19. J\u00e1 para quem tem uma sala maior, pode investir em um m\u00f3vel como a estante. Nesses casos, podemos aproveitar para incluir livros e dar uma utilidade para a sala que vai al\u00e9m de assistir televis\u00e3o.\" width=\"1024\" height=\"1024\" title=\"\"><figcaption class=\"wp-caption-text\">19. J\u00e1 para quem tem uma sala maior, pode investir em um m\u00f3vel como a estante. Nesses casos, podemos aproveitar para incluir livros e dar uma utilidade para a sala que vai al\u00e9m de assistir televis\u00e3o.<\/figcaption><\/figure>\n<figure style=\"width: 1024px\" class=\"wp-caption aligncenter\"><img decoding=\"async\" src=\"https:\/\/www.aarquiteta.com.br\/blog\/wp-content\/uploads\/2024\/06\/decoracao-sala-de-tv20.jpg\" alt=\"20. O espa\u00e7o inferior da estante pode acabar sendo aproveitado por voc\u00ea. Mas aten\u00e7\u00e3o, se tiver animais de estima\u00e7\u00e3o pode acabar n\u00e3o sendo uma boa ideia, j\u00e1 que itens podem ser quebrados por eles diante do f\u00e1cil acesso.\" width=\"1024\" height=\"1024\" title=\"\"><figcaption class=\"wp-caption-text\">20. O espa\u00e7o inferior da estante pode acabar sendo aproveitado por voc\u00ea. Mas aten\u00e7\u00e3o, se tiver animais de estima\u00e7\u00e3o pode acabar n\u00e3o sendo uma boa ideia, j\u00e1 que itens podem ser quebrados por eles diante do f\u00e1cil acesso.<\/figcaption><\/figure>\n","protected":false},"excerpt":{"rendered":"<p>Explore 3 ideias de decora\u00e7\u00e3o para sala de TV e crie um ambiente confort\u00e1vel e estiloso para seus momentos de lazer. Saiba mais!<\/p>\n","protected":false},"author":102,"featured_media":116692,"comment_status":"closed","ping_status":"closed","sticky":false,"template":"","format":"standard","meta":{"footnotes":""},"categories":[1484],"tags":[],"class_list":["post-116690","post","type-post","status-publish","format-standard","has-post-thumbnail","category-decoracao"],"_wp_attached_file":null,"_wp_attachment_metadata":null,"_wp_attachment_context":null,"_wp_attachment_is_custom_header":null,"geo_longitude":null,"geo_public":null,"geo_latitude":null,"_publicize_done_external":null,"_wpas_done_3897181":null,"publicize_twitter_user":null,"_wpas_done_3897175":null,"_wpas_skip_3897181":null,"_wpas_skip_3897175":null,"_wpas_skip_3924723":null,"_wpas_mess":null,"_wpas_done_3924723":null,"wps_subtitle":"","_links":{"self":[{"href":"https:\/\/www.aarquiteta.com.br\/blog\/wp-json\/wp\/v2\/posts\/116690","targetHints":{"allow":["GET"]}}],"collection":[{"href":"https:\/\/www.aarquiteta.com.br\/blog\/wp-json\/wp\/v2\/posts"}],"about":[{"href":"https:\/\/www.aarquiteta.com.br\/blog\/wp-json\/wp\/v2\/types\/post"}],"author":[{"embeddable":true,"href":"https:\/\/www.aarquiteta.com.br\/blog\/wp-json\/wp\/v2\/users\/102"}],"replies":[{"embeddable":true,"href":"https:\/\/www.aarquiteta.com.br\/blog\/wp-json\/wp\/v2\/comments?post=116690"}],"version-history":[{"count":0,"href":"https:\/\/www.aarquiteta.com.br\/blog\/wp-json\/wp\/v2\/posts\/116690\/revisions"}],"wp:featuredmedia":[{"embeddable":true,"href":"https:\/\/www.aarquiteta.com.br\/blog\/wp-json\/wp\/v2\/media\/116692"}],"wp:attachment":[{"href":"https:\/\/www.aarquiteta.com.br\/blog\/wp-json\/wp\/v2\/media?parent=116690"}],"wp:term":[{"taxonomy":"category","embeddable":true,"href":"https:\/\/www.aarquiteta.com.br\/blog\/wp-json\/wp\/v2\/categories?post=116690"},{"taxonomy":"post_tag","embeddable":true,"href":"https:\/\/www.aarquiteta.com.br\/blog\/wp-json\/wp\/v2\/tags?post=116690"}],"curies":[{"name":"wp","href":"https:\/\/api.w.org\/{rel}","templated":true}]}}