{"id":116501,"date":"2024-06-28T14:51:00","date_gmt":"2024-06-28T17:51:00","guid":{"rendered":"https:\/\/www.aarquiteta.com.br\/blog\/o-que-e-design-de-interiores\/"},"modified":"2025-01-30T09:03:08","modified_gmt":"2025-01-30T12:03:08","slug":"o-que-e-design-de-interiores","status":"publish","type":"post","link":"https:\/\/www.aarquiteta.com.br\/blog\/o-que-e-design-de-interiores\/","title":{"rendered":"O que \u00e9 Design de Interiores? Defini\u00e7\u00e3o e sua import\u00e2ncia na cria\u00e7\u00e3o de espa\u00e7os funcionais e acolhedores."},"content":{"rendered":"<p><b>O <a href=\"https:\/\/www.aarquiteta.com.br\/blog\/cursos-de-arquitetura-e-decoracao\/curso-de-design-de-interiores\/\">design de interiores<\/a> tem um impacto significativo na forma como percebemos e vivenciamos os espa\u00e7os ao nosso redor.<\/b> Desde a funcionalidade at\u00e9 a est\u00e9tica, cada detalhe \u00e9 cuidadosamente pensado para criar ambientes harmoniosos e apelativos, adequados \u00e0s necessidades e prefer\u00eancias individuais.<\/p><h3>Destaques principais do artigo:<\/h3><p><img decoding=\"async\" style=\"display: none;\" src=\"https:\/\/www.aarquiteta.com.br\/blog\/wp-content\/uploads\/2024\/06\/o-que-e-design-de-interiores01.jpg\" alt=\"O que \u00e9 Design de Interiores?: Defini\u00e7\u00e3o e import\u00e2ncia do design de interiores.\" width=\"1024\" height=\"1024\" title=\"\"><\/p><ul><li><b>Compreenda o conceito abrangente do design de interiores<\/b> e sua import\u00e2ncia na cria\u00e7\u00e3o de espa\u00e7os funcionais e acolhedores.<\/li><li><b>Descubra os elementos-chave do design de interiores<\/b>, como cor, <a href=\"https:\/\/www.aarquiteta.com.br\/blog\/?s=ILUMINA%C3%87%C3%83O\">ilumina\u00e7\u00e3o<\/a>, mobili\u00e1rio e mais.<\/li><li><b>Explore as tend\u00eancias atuais em design de interiores<\/b> e como elas podem inspirar e transformar seus espa\u00e7os.<\/li><\/ul><figure id=\"attachment_141489\" aria-describedby=\"caption-attachment-141489\" style=\"width: 1408px\" class=\"wp-caption alignnone\"><img decoding=\"async\" class=\"size-full wp-image-141489\" src=\"https:\/\/www.aarquiteta.com.br\/blog\/wp-content\/uploads\/2025\/01\/Design-de-Interiores-por-que-ele-e-essencial-para-o-seu-bem-estar-3.png\" alt=\"Design de Interiores por que ele \u00e9 essencial para o seu bem estar\" width=\"1408\" height=\"768\" title=\"\"><figcaption id=\"caption-attachment-141489\" class=\"wp-caption-text\">Design de Interiores por que ele \u00e9 essencial para o seu bem estar<\/figcaption><\/figure><h3 data-pm-slice=\"1 1 []\"><strong>O Impacto do Design de Interiores na Nossa Vida e Bem-Estar<\/strong><\/h3><p>O design de interiores \u00e9 muito mais do que apenas a escolha de <a href=\"https:\/\/www.aarquiteta.com.br\/blog\/?s=CORES\">cores<\/a> ou mob\u00edlias; \u00e9 uma disciplina que combina arte, ci\u00eancia e tecnologia para criar ambientes funcionais, esteticamente agrad\u00e1veis e saud\u00e1veis. No contexto atual, onde passamos a maior parte do tempo em ambientes internos, o design de interiores desempenha um papel crucial na nossa qualidade de vida e no bem-estar f\u00edsico e mental.<\/p><p>Neste artigo, exploramos os principais conceitos, elementos e tend\u00eancias que fazem do design de interiores uma ferramenta essencial para transformar espa\u00e7os e melhorar nossa experi\u00eancia cotidiana.<\/p><div><figure id=\"attachment_134713\" aria-describedby=\"caption-attachment-134713\" style=\"width: 1024px\" class=\"wp-caption alignnone\"><img decoding=\"async\" class=\"size-full wp-image-134713\" src=\"https:\/\/www.aarquiteta.com.br\/blog\/wp-content\/uploads\/2024\/11\/design-de-interiores-o-que-faz01.jpg\" alt=\"O que faz um profissional de design de interiores?\" width=\"1024\" height=\"1024\" title=\"\"><figcaption id=\"caption-attachment-134713\" class=\"wp-caption-text\">O que faz um profissional de design de interiores?<\/figcaption><\/figure><\/div><h3><strong>1. O Que \u00e9 Design de Interiores?<\/strong><\/h3><p>O design de interiores \u00e9 a arte e a ci\u00eancia de planejar e coordenar espa\u00e7os internos para torn\u00e1-los funcionais e esteticamente agrad\u00e1veis. Vai muito al\u00e9m da decora\u00e7\u00e3o, incluindo considera\u00e7\u00f5es como fluxo de circula\u00e7\u00e3o, ergonomia, ilumina\u00e7\u00e3o, conforto t\u00e9rmico e ac\u00fastico.<\/p><p>A ess\u00eancia do design de interiores est\u00e1 em criar espa\u00e7os que atendam \u00e0s necessidades humanas, ao mesmo tempo que refletem estilo e identidade. Cada <a href=\"https:\/\/www.aarquiteta.com.br\/blog\/?s=PROJETO\">projeto<\/a> \u00e9 \u00fanico, mas o objetivo comum \u00e9 sempre o mesmo: transformar ambientes em experi\u00eancias agrad\u00e1veis e inspiradoras.<\/p><div><figure id=\"attachment_141491\" aria-describedby=\"caption-attachment-141491\" style=\"width: 1024px\" class=\"wp-caption alignnone\"><img decoding=\"async\" class=\"size-full wp-image-141491\" src=\"https:\/\/www.aarquiteta.com.br\/blog\/wp-content\/uploads\/2025\/01\/Design-de-Interiores-por-que-ele-e-essencial-para-o-seu-bem-estar-5.png\" alt=\"Design de Interiores por que ele \u00e9 essencial para o seu bem estar\" width=\"1024\" height=\"1024\" title=\"\"><figcaption id=\"caption-attachment-141491\" class=\"wp-caption-text\">Design de Interiores por que ele \u00e9 essencial para o seu bem estar<\/figcaption><\/figure><\/div><h3><strong>2. Import\u00e2ncia do Design de Interiores<\/strong><\/h3><p>O design de interiores tem um impacto direto na forma como vivenciamos os espa\u00e7os. Seja em casa, no trabalho ou em \u00e1reas comerciais, um projeto bem pensado traz benef\u00edcios que v\u00e3o al\u00e9m da est\u00e9tica:<\/p><h4><strong>Funcionalidade e Efici\u00eancia<\/strong><\/h4><p>Um bom design otimiza o uso do espa\u00e7o, garantindo que cada metro quadrado seja aproveitado de forma eficiente. Layouts bem planejados facilitam a circula\u00e7\u00e3o, a organiza\u00e7\u00e3o e o uso funcional do ambiente.<\/p><h4><strong>Bem-Estar e Conforto<\/strong><\/h4><p>Ambientes internos afetam diretamente nosso humor, produtividade e sa\u00fade. Fatores como ergonomia, ilumina\u00e7\u00e3o natural, qualidade do ar e conforto t\u00e9rmico s\u00e3o cuidadosamente analisados para criar espa\u00e7os que promovam relaxamento e bem-estar.<\/p><h4><strong>Express\u00e3o Pessoal<\/strong><\/h4><p>O design de interiores permite que os espa\u00e7os reflitam a personalidade e o estilo dos ocupantes. Seja atrav\u00e9s de cores, texturas ou mobili\u00e1rios, o ambiente se torna uma extens\u00e3o de quem somos.<\/p><div><figure id=\"attachment_141486\" aria-describedby=\"caption-attachment-141486\" style=\"width: 1408px\" class=\"wp-caption alignnone\"><img decoding=\"async\" class=\"size-full wp-image-141486\" src=\"https:\/\/www.aarquiteta.com.br\/blog\/wp-content\/uploads\/2025\/01\/Design-de-Interiores-por-que-ele-e-essencial-para-o-seu-bem-estar.png\" alt=\"Design de Interiores por que ele \u00e9 essencial para o seu bem estar\" width=\"1408\" height=\"768\" title=\"\"><figcaption id=\"caption-attachment-141486\" class=\"wp-caption-text\">Design de Interiores por que ele \u00e9 essencial para o seu bem estar<\/figcaption><\/figure><\/div><h3><strong>3. Elementos-Chave do Design de Interiores<\/strong><\/h3><h4><strong>Espa\u00e7o e Layout<\/strong><\/h4><p>O layout \u00e9 essencial para organizar o fluxo e definir \u00e1reas funcionais. Uma distribui\u00e7\u00e3o eficiente considera n\u00e3o apenas as dimens\u00f5es do espa\u00e7o, mas tamb\u00e9m as necessidades dos usu\u00e1rios.<\/p><h4><strong>Cor e Ilumina\u00e7\u00e3o<\/strong><\/h4><p>A escolha das cores e a ilumina\u00e7\u00e3o adequada t\u00eam um impacto profundo na atmosfera de um ambiente. Cores claras ampliam espa\u00e7os, enquanto tons quentes criam aconchego. A ilumina\u00e7\u00e3o, por sua vez, influencia tanto a funcionalidade quanto o conforto visual.<\/p><h4><strong>Materiais e Texturas<\/strong><\/h4><p>Materiais como <a href=\"https:\/\/www.aarquiteta.com.br\/blog\/?s=MADEIRA\">madeira<\/a>, tecido, vidro e metal adicionam textura e profundidade aos ambientes. A sele\u00e7\u00e3o cuidadosa desses elementos contribui para o conforto sensorial e a est\u00e9tica do espa\u00e7o.<\/p><h4><strong>Mobili\u00e1rios e Acess\u00f3rios<\/strong><\/h4><p>Mobili\u00e1rios n\u00e3o s\u00f3 cumprem uma fun\u00e7\u00e3o pr\u00e1tica, mas tamb\u00e9m definem o estilo do ambiente. Pe\u00e7as planejadas ou multifuncionais s\u00e3o ideais para otimizar espa\u00e7os pequenos.<\/p><div><figure id=\"attachment_118584\" aria-describedby=\"caption-attachment-118584\" style=\"width: 1024px\" class=\"wp-caption alignnone\"><img decoding=\"async\" class=\"size-full wp-image-118584\" src=\"https:\/\/www.aarquiteta.com.br\/blog\/wp-content\/uploads\/2024\/07\/inspiracoes-de-design-de-interiores02.jpg\" alt=\"Inspira\u00e7\u00f5es de design: Ideias e tend\u00eancias inspiradoras de design de interiores.\" width=\"1024\" height=\"1024\" title=\"\"><figcaption id=\"caption-attachment-118584\" class=\"wp-caption-text\">Inspira\u00e7\u00f5es de design: Ideias e tend\u00eancias inspiradoras de design de interiores.<\/figcaption><\/figure><\/div><h3><strong>4. Tend\u00eancias em Design de Interiores<\/strong><\/h3><h4><strong>Biofilia e Conex\u00e3o com a Natureza<\/strong><\/h4><p>Elementos naturais, como plantas e materiais org\u00e2nicos, criam ambientes relaxantes e conectados \u00e0 natureza. Essa tend\u00eancia ganhou ainda mais relev\u00e2ncia com a busca por bem-estar em casa.<\/p><h4><strong>Sustentabilidade<\/strong><\/h4><p>A utiliza\u00e7\u00e3o de materiais recicl\u00e1veis e pr\u00e1ticas sustent\u00e1veis est\u00e1 em alta. Isso inclui desde revestimentos ecol\u00f3gicos at\u00e9 o reaproveitamento de mobili\u00e1rios antigos.<\/p><h4><strong>Espa\u00e7os Multifuncionais<\/strong><\/h4><p>Com a popula\u00e7\u00e3o vivendo em espa\u00e7os menores, a tend\u00eancia \u00e9 criar ambientes vers\u00e1teis que atendam a diversas fun\u00e7\u00f5es. Por exemplo, um quarto que tamb\u00e9m serve como home office.<\/p><h4><strong>Tecnologia Integrada<\/strong><\/h4><p>A automa\u00e7\u00e3o residencial est\u00e1 revolucionando os interiores. Ilumina\u00e7\u00e3o inteligente, sistemas de \u00e1udio e dispositivos IoT (Internet das Coisas) tornam os ambientes mais funcionais e modernos.<\/p><div><div class=\"youtube-embed\" data-video_id=\"EDjMwpTRRtI\"><iframe title=\"Como projetar espa\u00e7os no Design de Interiores - Curso Completo!\" width=\"696\" height=\"392\" src=\"https:\/\/www.youtube.com\/embed\/EDjMwpTRRtI?feature=oembed&#038;enablejsapi=1\" frameborder=\"0\" allow=\"accelerometer; autoplay; clipboard-write; encrypted-media; gyroscope; picture-in-picture; web-share\" referrerpolicy=\"strict-origin-when-cross-origin\" allowfullscreen><\/iframe><\/div><\/div><h3><strong>5. O Papel do Designer de Interiores<\/strong><\/h3><p>Um designer de interiores vai al\u00e9m da est\u00e9tica. Ele \u00e9 respons\u00e1vel por:<\/p><ul data-spread=\"false\"><li><strong>Planejar layouts funcionais:<\/strong> Considerando circula\u00e7\u00e3o e ergonomia.<\/li><li><strong>Selecionar materiais e acabamentos:<\/strong> Garantindo sustentabilidade e qualidade.<\/li><li><strong>Coordenar equipes:<\/strong> Trabalhando com arquitetos, engenheiros e fornecedores para executar o projeto.<\/li><\/ul><div><figure style=\"width: 1024px\" class=\"wp-caption aligncenter\"><img decoding=\"async\" src=\"https:\/\/www.aarquiteta.com.br\/blog\/wp-content\/uploads\/2024\/06\/o-que-e-design-de-interiores02.jpg\" alt=\"O que \u00e9 Design de Interiores?: Defini\u00e7\u00e3o e import\u00e2ncia do design de interiores.\" width=\"1024\" height=\"1024\" title=\"\"><figcaption class=\"wp-caption-text\">O que \u00e9 Design de Interiores?: Defini\u00e7\u00e3o e import\u00e2ncia do design de interiores.<\/figcaption><\/figure><\/div><h3><strong>6. Conclus\u00e3o: O Poder Transformador do Design de Interiores<\/strong><\/h3><p>O design de interiores n\u00e3o \u00e9 apenas uma quest\u00e3o de est\u00e9tica; ele impacta diretamente a forma como vivemos, trabalhamos e nos relacionamos com o mundo ao nosso redor. Ambientes bem projetados n\u00e3o apenas promovem funcionalidade e conforto, mas tamb\u00e9m melhoram nosso bem-estar e qualidade de vida.<\/p><p>Seja atrav\u00e9s de um projeto profissional ou aplicando princ\u00edpios b\u00e1sicos em sua pr\u00f3pria casa, o design de interiores \u00e9 uma ferramenta poderosa para transformar espa\u00e7os e inspirar vidas. Invista em um ambiente que reflita sua identidade e atenda \u00e0s suas necessidades. Afinal, os espa\u00e7os onde passamos nosso tempo s\u00e3o uma extens\u00e3o de quem somos.<\/p>","protected":false},"excerpt":{"rendered":"<p>Defini\u00e7\u00e3o e import\u00e2ncia do design de interiores. Descubra por que \u00e9 crucial na cria\u00e7\u00e3o de espa\u00e7os!<\/p>\n","protected":false},"author":102,"featured_media":116515,"comment_status":"closed","ping_status":"closed","sticky":false,"template":"","format":"standard","meta":{"footnotes":""},"categories":[971],"tags":[],"class_list":["post-116501","post","type-post","status-publish","format-standard","has-post-thumbnail","category-design-de-interiores"],"_wp_attached_file":null,"_wp_attachment_metadata":null,"_wp_attachment_context":null,"_wp_attachment_is_custom_header":null,"geo_longitude":null,"geo_public":null,"geo_latitude":null,"_publicize_done_external":null,"_wpas_done_3897181":null,"publicize_twitter_user":null,"_wpas_done_3897175":null,"_wpas_skip_3897181":null,"_wpas_skip_3897175":null,"_wpas_skip_3924723":null,"_wpas_mess":null,"_wpas_done_3924723":null,"wps_subtitle":"","_links":{"self":[{"href":"https:\/\/www.aarquiteta.com.br\/blog\/wp-json\/wp\/v2\/posts\/116501","targetHints":{"allow":["GET"]}}],"collection":[{"href":"https:\/\/www.aarquiteta.com.br\/blog\/wp-json\/wp\/v2\/posts"}],"about":[{"href":"https:\/\/www.aarquiteta.com.br\/blog\/wp-json\/wp\/v2\/types\/post"}],"author":[{"embeddable":true,"href":"https:\/\/www.aarquiteta.com.br\/blog\/wp-json\/wp\/v2\/users\/102"}],"replies":[{"embeddable":true,"href":"https:\/\/www.aarquiteta.com.br\/blog\/wp-json\/wp\/v2\/comments?post=116501"}],"version-history":[{"count":0,"href":"https:\/\/www.aarquiteta.com.br\/blog\/wp-json\/wp\/v2\/posts\/116501\/revisions"}],"wp:featuredmedia":[{"embeddable":true,"href":"https:\/\/www.aarquiteta.com.br\/blog\/wp-json\/wp\/v2\/media\/116515"}],"wp:attachment":[{"href":"https:\/\/www.aarquiteta.com.br\/blog\/wp-json\/wp\/v2\/media?parent=116501"}],"wp:term":[{"taxonomy":"category","embeddable":true,"href":"https:\/\/www.aarquiteta.com.br\/blog\/wp-json\/wp\/v2\/categories?post=116501"},{"taxonomy":"post_tag","embeddable":true,"href":"https:\/\/www.aarquiteta.com.br\/blog\/wp-json\/wp\/v2\/tags?post=116501"}],"curies":[{"name":"wp","href":"https:\/\/api.w.org\/{rel}","templated":true}]}}