{"id":115527,"date":"2024-06-24T11:26:36","date_gmt":"2024-06-24T14:26:36","guid":{"rendered":"https:\/\/www.aarquiteta.com.br\/blog\/ideias-praticas-decorar-varandas-pequenas\/"},"modified":"2026-09-05T09:30:09","modified_gmt":"2026-09-05T12:30:09","slug":"ideias-praticas-decorar-varandas-pequenas","status":"publish","type":"post","link":"https:\/\/www.aarquiteta.com.br\/blog\/ideias-praticas-decorar-varandas-pequenas\/","title":{"rendered":"5 Ideias Pr\u00e1ticas para Decorar Varandas Pequenas"},"content":{"rendered":"<p data-start=\"1733\" data-end=\"2055\">Uma varanda pequena pode ficar mais agrad\u00e1vel na primavera sem receber uma cole\u00e7\u00e3o inteira de vasos, m\u00f3veis e acess\u00f3rios novos. Antes de comprar qualquer coisa, vale definir <strong data-start=\"1907\" data-end=\"2054\">como voc\u00ea realmente pretende usar o espa\u00e7o, quanto precisa permanecer livre para circula\u00e7\u00e3o e quais condi\u00e7\u00f5es de sol, vento e chuva existem ali<\/strong>.<\/p>\n<p data-start=\"2057\" data-end=\"2172\">Essas tr\u00eas decis\u00f5es ajudam a evitar um problema comum: uma varanda bonita na foto, mas desconfort\u00e1vel no dia a dia.<\/p>\n<p data-start=\"2174\" data-end=\"2354\">Em espa\u00e7os compactos, menos elementos bem escolhidos costumam funcionar melhor do que tentar encaixar mesa, poltronas, jardim vertical, banco, tapete e v\u00e1rios vasos ao mesmo tempo.<\/p>\n<figure style=\"width: 1024px\" class=\"wp-caption aligncenter\"><img decoding=\"async\" src=\"https:\/\/www.aarquiteta.com.br\/blog\/wp-content\/uploads\/2024\/06\/ideias-praticas-decorar-varandas-pequenas01.jpg\" alt=\"5 Ideias Pr\u00e1ticas para Decorar Varandas Pequenas\" width=\"1024\" height=\"1024\" title=\"\"><figcaption class=\"wp-caption-text\">5 Ideias Pr\u00e1ticas para Decorar Varandas Pequenas<\/figcaption><\/figure>\n<h2 data-section-id=\"1h0dxyy\" data-start=\"2356\" data-end=\"2405\">Primeiro, decida para que a varanda ser\u00e1 usada<\/h2>\n<p data-start=\"2407\" data-end=\"2493\">Uma varanda pequena dificilmente consegue desempenhar todas as fun\u00e7\u00f5es ao mesmo tempo.<\/p>\n<p data-start=\"2495\" data-end=\"2523\">Ela pode ser principalmente:<\/p>\n<ul data-start=\"2525\" data-end=\"2721\">\n<li data-section-id=\"d9mkng\" data-start=\"2525\" data-end=\"2552\">um lugar para tomar caf\u00e9;<\/li>\n<li data-section-id=\"i8mz9j\" data-start=\"2553\" data-end=\"2573\">um pequeno jardim;<\/li>\n<li data-section-id=\"ncj1fx\" data-start=\"2574\" data-end=\"2597\">uma extens\u00e3o da sala;<\/li>\n<li data-section-id=\"13aok2c\" data-start=\"2598\" data-end=\"2623\">um espa\u00e7o para leitura;<\/li>\n<li data-section-id=\"gselw0\" data-start=\"2624\" data-end=\"2647\">apoio para refei\u00e7\u00f5es;<\/li>\n<li data-section-id=\"myv5d4\" data-start=\"2648\" data-end=\"2692\">um lugar para receber uma ou duas pessoas;<\/li>\n<li data-section-id=\"r53d4o\" data-start=\"2693\" data-end=\"2721\">um espa\u00e7o de contempla\u00e7\u00e3o.<\/li>\n<\/ul>\n<p data-start=\"2723\" data-end=\"2760\">Essa decis\u00e3o orienta todo o restante.<\/p>\n<p data-start=\"2762\" data-end=\"2856\">Se o principal objetivo \u00e9 tomar caf\u00e9, uma mesa compacta e duas cadeiras podem ser suficientes.<\/p>\n<p data-start=\"2858\" data-end=\"2987\">Se a inten\u00e7\u00e3o \u00e9 cultivar plantas, talvez seja melhor abrir m\u00e3o da mesa e trabalhar com vasos bem posicionados e um \u00fanico assento.<\/p>\n<p data-start=\"2989\" data-end=\"3085\">Tentar criar cinco ambientes em poucos metros quadrados costuma resultar em circula\u00e7\u00e3o apertada.<\/p>\n<h2 data-section-id=\"qd0pz4\" data-start=\"3087\" data-end=\"3118\">Me\u00e7a antes de comprar m\u00f3veis<\/h2>\n<p data-start=\"3120\" data-end=\"3157\">N\u00e3o confie apenas na sensa\u00e7\u00e3o visual.<\/p>\n<p data-start=\"3159\" data-end=\"3164\">Me\u00e7a:<\/p>\n<ul data-start=\"3166\" data-end=\"3327\">\n<li data-section-id=\"1yl0yiv\" data-start=\"3166\" data-end=\"3187\">largura da varanda;<\/li>\n<li data-section-id=\"ry09gk\" data-start=\"3188\" data-end=\"3202\">comprimento;<\/li>\n<li data-section-id=\"1xdth9e\" data-start=\"3203\" data-end=\"3221\">porta de acesso;<\/li>\n<li data-section-id=\"1ackk9m\" data-start=\"3222\" data-end=\"3244\">sentido de abertura;<\/li>\n<li data-section-id=\"1ipbpzv\" data-start=\"3245\" data-end=\"3260\">guarda-corpo;<\/li>\n<li data-section-id=\"1rafnoa\" data-start=\"3261\" data-end=\"3280\">pontos el\u00e9tricos;<\/li>\n<li data-section-id=\"1mj0zbk\" data-start=\"3281\" data-end=\"3289\">ralos;<\/li>\n<li data-section-id=\"1d76bcz\" data-start=\"3290\" data-end=\"3300\">pilares;<\/li>\n<li data-section-id=\"1fckv5d\" data-start=\"3301\" data-end=\"3327\">\u00e1reas que recebem chuva.<\/li>\n<\/ul>\n<p data-start=\"3329\" data-end=\"3396\">Depois marque no piso, com fita crepe, o tamanho do m\u00f3vel desejado.<\/p>\n<p data-start=\"3398\" data-end=\"3569\">Essa simula\u00e7\u00e3o simples ajuda a perceber algo que cat\u00e1logos n\u00e3o mostram: <strong data-start=\"3470\" data-end=\"3568\">quanto espa\u00e7o resta quando as pessoas est\u00e3o sentadas e quando as cadeiras precisam ser puxadas<\/strong>.<\/p>\n<figure style=\"width: 1024px\" class=\"wp-caption aligncenter\"><img decoding=\"async\" src=\"https:\/\/www.aarquiteta.com.br\/blog\/wp-content\/uploads\/2024\/06\/ideias-praticas-decorar-varandas-pequenas02.jpg\" alt=\"5 Ideias Pr\u00e1ticas para Decorar Varandas Pequenas\" width=\"1024\" height=\"1024\" title=\"\"><figcaption class=\"wp-caption-text\">5 Ideias Pr\u00e1ticas para Decorar Varandas Pequenas<\/figcaption><\/figure>\n<h2 data-section-id=\"cjwckf\" data-start=\"3571\" data-end=\"3625\">Circula\u00e7\u00e3o vale mais que preencher todas as paredes<\/h2>\n<p data-start=\"3627\" data-end=\"3714\">Em uma varanda pequena, manter uma faixa livre de passagem deve vir antes da decora\u00e7\u00e3o.<\/p>\n<p data-start=\"3716\" data-end=\"3753\">Evite m\u00f3veis que obriguem a pessoa a:<\/p>\n<ul data-start=\"3755\" data-end=\"3897\">\n<li data-section-id=\"kbvg2e\" data-start=\"3755\" data-end=\"3772\">passar de lado;<\/li>\n<li data-section-id=\"1nqsi0t\" data-start=\"3773\" data-end=\"3791\">contornar vasos;<\/li>\n<li data-section-id=\"r535vh\" data-start=\"3792\" data-end=\"3812\">desviar de quinas;<\/li>\n<li data-section-id=\"qnaxgb\" data-start=\"3813\" data-end=\"3857\">mover cadeiras toda vez que quiser entrar;<\/li>\n<li data-section-id=\"1yvacs4\" data-start=\"3858\" data-end=\"3897\">bloquear ralo ou acesso \u00e0 manuten\u00e7\u00e3o.<\/li>\n<\/ul>\n<p data-start=\"3899\" data-end=\"4031\">Um banco encostado na parede, por exemplo, pode funcionar melhor do que duas poltronas independentes se liberar o centro da varanda.<\/p>\n<p data-start=\"4033\" data-end=\"4349\">A p\u00e1gina do A Arquiteta sobre <a class=\"decorated-link\" href=\"https:\/\/www.aarquiteta.com.br\/blog\/varanda-pequena\/?utm_source=chatgpt.com\" target=\"_new\" rel=\"noopener\" data-start=\"4063\" data-end=\"4182\">como transformar uma varanda pequena em um ambiente aconchegante<\/a> tamb\u00e9m trabalha mobili\u00e1rio compacto e pode permanecer como refer\u00eancia complementar at\u00e9 concluirmos a consolida\u00e7\u00e3o desse cluster.<\/p>\n<h2 data-section-id=\"1nwklzl\" data-start=\"4351\" data-end=\"4405\">M\u00f3vel dobr\u00e1vel funciona quando voc\u00ea realmente dobra<\/h2>\n<p data-start=\"4407\" data-end=\"4521\">Mesas e cadeiras dobr\u00e1veis aparecem constantemente em projetos de varanda pequena \u2014 e podem ser uma \u00f3tima solu\u00e7\u00e3o.<\/p>\n<p data-start=\"4523\" data-end=\"4536\">Mas pergunte:<\/p>\n<p data-start=\"4538\" data-end=\"4600\"><strong data-start=\"4538\" data-end=\"4600\">voc\u00ea pretende guardar ou recolher esse m\u00f3vel regularmente?<\/strong><\/p>\n<p data-start=\"4602\" data-end=\"4681\">Se a mesa ficar\u00e1 aberta o tempo todo, ela deve ser avaliada como uma mesa fixa.<\/p>\n<p data-start=\"4683\" data-end=\"4749\">O mesmo vale para banco-ba\u00fa, mesa retr\u00e1til e cadeiras empilh\u00e1veis.<\/p>\n<p data-start=\"4751\" data-end=\"4841\">M\u00f3veis multifuncionais s\u00f3 economizam espa\u00e7o quando a segunda fun\u00e7\u00e3o \u00e9 realmente utilizada.<\/p>\n<h2 data-section-id=\"47wibe\" data-start=\"4843\" data-end=\"4908\">Varanda aberta, coberta e envidra\u00e7ada s\u00e3o situa\u00e7\u00f5es diferentes<\/h2>\n<p data-start=\"4910\" data-end=\"4953\">N\u00e3o trate todas as varandas da mesma forma.<\/p>\n<h3 data-section-id=\"1vr6ers\" data-start=\"4955\" data-end=\"4973\">Varanda aberta<\/h3>\n<p data-start=\"4975\" data-end=\"4995\">Est\u00e1 mais sujeita a:<\/p>\n<ul data-start=\"4997\" data-end=\"5066\">\n<li data-section-id=\"1bfttay\" data-start=\"4997\" data-end=\"5005\">chuva;<\/li>\n<li data-section-id=\"1p19kyd\" data-start=\"5006\" data-end=\"5014\">vento;<\/li>\n<li data-section-id=\"qy4apu\" data-start=\"5015\" data-end=\"5028\">sol direto;<\/li>\n<li data-section-id=\"v9slo3\" data-start=\"5029\" data-end=\"5038\">poeira;<\/li>\n<li data-section-id=\"v08fra\" data-start=\"5039\" data-end=\"5066\">varia\u00e7\u00f5es de temperatura.<\/li>\n<\/ul>\n<p data-start=\"5068\" data-end=\"5132\">M\u00f3veis e tecidos precisam ser compat\u00edveis com exposi\u00e7\u00e3o externa.<\/p>\n<h3 data-section-id=\"1n1jjr9\" data-start=\"5134\" data-end=\"5153\">Varanda coberta<\/h3>\n<p data-start=\"5155\" data-end=\"5238\">Pode receber menos chuva direta, mas isso depende da orienta\u00e7\u00e3o e da a\u00e7\u00e3o do vento.<\/p>\n<p data-start=\"5240\" data-end=\"5333\">Observe o espa\u00e7o durante temporais antes de considerar determinada \u00e1rea totalmente protegida.<\/p>\n<h3 data-section-id=\"1xvexl5\" data-start=\"5335\" data-end=\"5358\">Varanda envidra\u00e7ada<\/h3>\n<p data-start=\"5360\" data-end=\"5387\">Tem outra din\u00e2mica t\u00e9rmica.<\/p>\n<p data-start=\"5389\" data-end=\"5477\">Dependendo da orienta\u00e7\u00e3o solar, o fechamento pode elevar bastante a temperatura interna.<\/p>\n<p data-start=\"5479\" data-end=\"5511\">Isso interfere especialmente em:<\/p>\n<ul data-start=\"5513\" data-end=\"5608\">\n<li data-section-id=\"uzxvnc\" data-start=\"5513\" data-end=\"5534\">escolha de plantas;<\/li>\n<li data-section-id=\"1b72fyp\" data-start=\"5535\" data-end=\"5546\">conforto;<\/li>\n<li data-section-id=\"x4nzao\" data-start=\"5547\" data-end=\"5557\">tecidos;<\/li>\n<li data-section-id=\"16liwfp\" data-start=\"5558\" data-end=\"5571\">ventila\u00e7\u00e3o;<\/li>\n<li data-section-id=\"yir864\" data-start=\"5572\" data-end=\"5608\">uso durante as horas mais quentes.<\/li>\n<\/ul>\n<p data-start=\"5610\" data-end=\"5705\">Antes de escolher m\u00f3veis e vegeta\u00e7\u00e3o, observe como sua varanda funciona em diferentes hor\u00e1rios.<\/p>\n<h2 data-section-id=\"1h7mntu\" data-start=\"5707\" data-end=\"5742\">Antes das plantas, observe o sol<\/h2>\n<p data-start=\"5744\" data-end=\"5843\">A chegada da primavera aumenta a oferta de flores e mudas, mas escolher pela apar\u00eancia \u00e9 arriscado.<\/p>\n<p data-start=\"5845\" data-end=\"5869\">Observe por alguns dias:<\/p>\n<ul data-start=\"5871\" data-end=\"6030\">\n<li data-section-id=\"1hp8qh3\" data-start=\"5871\" data-end=\"5905\">em que hor\u00e1rio entra sol direto;<\/li>\n<li data-section-id=\"176ozl9\" data-start=\"5906\" data-end=\"5925\">por quanto tempo;<\/li>\n<li data-section-id=\"i0sgcj\" data-start=\"5926\" data-end=\"5963\">quais pontos permanecem sombreados;<\/li>\n<li data-section-id=\"1ixhpzx\" data-start=\"5964\" data-end=\"5999\">se pr\u00e9dios vizinhos criam sombra;<\/li>\n<li data-section-id=\"ie7d9w\" data-start=\"6000\" data-end=\"6030\">onde o vento \u00e9 mais intenso.<\/li>\n<\/ul>\n<p data-start=\"6032\" data-end=\"6223\">A Prefeitura de S\u00e3o Paulo recomenda considerar, para jardins em pr\u00e9dios e condom\u00ednios, fatores como <strong data-start=\"6132\" data-end=\"6154\">chuva, vento e sol<\/strong> antes da escolha das esp\u00e9cies.<\/p>\n<p data-start=\"6225\" data-end=\"6472\"><a class=\"decorated-link\" href=\"https:\/\/cate.prefeitura.sp.gov.br\/inspiracoes\/meio-ambiente-e-sustentabilidade-inspiracoes\/dica-conheca-as-plantas-ideais-para-jardins-de-predios-e-condominios\/?utm_source=chatgpt.com\" target=\"_new\" rel=\"noopener\" data-start=\"6225\" data-end=\"6472\">Veja a orienta\u00e7\u00e3o da Prefeitura de S\u00e3o Paulo sobre plantas em pr\u00e9dios e condom\u00ednios<\/a><\/p>\n<p data-start=\"6474\" data-end=\"6729\">No A Arquiteta, o artigo sobre <a class=\"decorated-link\" href=\"https:\/\/www.aarquiteta.com.br\/blog\/plantas-ideais-varandas-urbanas\/?utm_source=chatgpt.com\" target=\"_new\" rel=\"noopener\" data-start=\"6505\" data-end=\"6619\">como escolher plantas para varandas urbanas<\/a> aprofunda justamente luz, espa\u00e7o e clima antes da escolha das esp\u00e9cies.<\/p>\n<h2 data-section-id=\"17syi12\" data-start=\"6731\" data-end=\"6784\">\u201cPlanta de varanda\u201d n\u00e3o \u00e9 uma categoria suficiente<\/h2>\n<p data-start=\"6786\" data-end=\"6860\">Uma varanda voltada para o oeste pode receber sol intenso no fim da tarde.<\/p>\n<p data-start=\"6862\" data-end=\"6957\">Outra, orientada de forma diferente e cercada por edif\u00edcios, pode quase n\u00e3o receber sol direto.<\/p>\n<p data-start=\"6959\" data-end=\"7065\">Portanto, uma planta que funciona bem em uma varanda pode ter dificuldade em outra, mesmo na mesma cidade.<\/p>\n<p data-start=\"7067\" data-end=\"7077\">Considere:<\/p>\n<ul data-start=\"7079\" data-end=\"7179\">\n<li data-section-id=\"jegonn\" data-start=\"7079\" data-end=\"7089\">esp\u00e9cie;<\/li>\n<li data-section-id=\"jcovm0\" data-start=\"7090\" data-end=\"7105\">porte adulto;<\/li>\n<li data-section-id=\"1ejsu1i\" data-start=\"7106\" data-end=\"7125\">incid\u00eancia solar;<\/li>\n<li data-section-id=\"1p19kyd\" data-start=\"7126\" data-end=\"7134\">vento;<\/li>\n<li data-section-id=\"uvvz8m\" data-start=\"7135\" data-end=\"7145\">umidade;<\/li>\n<li data-section-id=\"1d79w6b\" data-start=\"7146\" data-end=\"7164\">tamanho do vaso;<\/li>\n<li data-section-id=\"1gm9xwh\" data-start=\"7165\" data-end=\"7179\">clima local.<\/li>\n<\/ul>\n<p data-start=\"7181\" data-end=\"7322\">O melhor caminho \u00e9 escolher a planta para a condi\u00e7\u00e3o existente, e n\u00e3o tentar mudar a rotina da varanda para compensar uma escolha inadequada.<\/p>\n<figure style=\"width: 1024px\" class=\"wp-caption aligncenter\"><img decoding=\"async\" src=\"https:\/\/www.aarquiteta.com.br\/blog\/wp-content\/uploads\/2024\/06\/ideias-praticas-decorar-varandas-pequenas04.jpg\" alt=\"5 Ideias Pr\u00e1ticas para Decorar Varandas Pequenas\" width=\"1024\" height=\"1024\" title=\"\"><figcaption class=\"wp-caption-text\">5 Ideias Pr\u00e1ticas para Decorar Varandas Pequenas<\/figcaption><\/figure>\n<h2 data-section-id=\"kre3rd\" data-start=\"7324\" data-end=\"7392\">Jardim vertical economiza piso, mas n\u00e3o elimina peso e manuten\u00e7\u00e3o<\/h2>\n<p data-start=\"7394\" data-end=\"7511\">Jardins verticais podem ser interessantes em varandas compactas porque transferem parte da vegeta\u00e7\u00e3o para as paredes.<\/p>\n<p data-start=\"7513\" data-end=\"7556\">Mas \u201cvertical\u201d n\u00e3o significa \u201csem impacto\u201d.<\/p>\n<p data-start=\"7558\" data-end=\"7583\">Um sistema pode envolver:<\/p>\n<ul data-start=\"7585\" data-end=\"7660\">\n<li data-section-id=\"iylkx0\" data-start=\"7585\" data-end=\"7597\">estrutura;<\/li>\n<li data-section-id=\"1p3v1ez\" data-start=\"7598\" data-end=\"7606\">vasos;<\/li>\n<li data-section-id=\"v8jwgo\" data-start=\"7607\" data-end=\"7619\">substrato;<\/li>\n<li data-section-id=\"13pqgsh\" data-start=\"7620\" data-end=\"7627\">\u00e1gua;<\/li>\n<li data-section-id=\"1d1mw72\" data-start=\"7628\" data-end=\"7640\">irriga\u00e7\u00e3o;<\/li>\n<li data-section-id=\"fmta98\" data-start=\"7641\" data-end=\"7660\">peso das plantas.<\/li>\n<\/ul>\n<p data-start=\"7662\" data-end=\"7782\">Al\u00e9m disso, qualquer fixa\u00e7\u00e3o em parede ou fachada precisa respeitar as condi\u00e7\u00f5es construtivas e as regras do condom\u00ednio.<\/p>\n<p data-start=\"7784\" data-end=\"7907\">N\u00e3o perfure fachadas, impermeabiliza\u00e7\u00f5es ou elementos estruturais sem verificar previamente a possibilidade de interven\u00e7\u00e3o.<\/p>\n<h2 data-section-id=\"vswemy\" data-start=\"7909\" data-end=\"7940\">Vasos precisam ficar seguros<\/h2>\n<p data-start=\"7942\" data-end=\"7998\">Esse cuidado \u00e9 especialmente importante em apartamentos.<\/p>\n<p data-start=\"8000\" data-end=\"8190\">A Prefeitura de S\u00e3o Paulo, em orienta\u00e7\u00e3o sobre conviv\u00eancia em condom\u00ednios, recomenda <strong data-start=\"8085\" data-end=\"8151\">n\u00e3o colocar vasos ou outros objetos em locais onde possam cair<\/strong>.<\/p>\n<p data-start=\"8192\" data-end=\"8330\"><a class=\"decorated-link\" href=\"https:\/\/prefeitura.sp.gov.br\/web\/habitacao\/cohabold\/abc_do_condominio?utm_source=chatgpt.com\" target=\"_new\" rel=\"noopener\" data-start=\"8192\" data-end=\"8330\">Consultar orienta\u00e7\u00f5es da Prefeitura de S\u00e3o Paulo para condom\u00ednios<\/a><\/p>\n<p data-start=\"8332\" data-end=\"8343\">Na pr\u00e1tica:<\/p>\n<ul data-start=\"8345\" data-end=\"8544\">\n<li data-section-id=\"1vb8jlt\" data-start=\"8345\" data-end=\"8401\">n\u00e3o apoie vasos de forma inst\u00e1vel sobre guarda-corpos;<\/li>\n<li data-section-id=\"r1v7xp\" data-start=\"8402\" data-end=\"8432\">evite suportes improvisados;<\/li>\n<li data-section-id=\"u57a0k\" data-start=\"8433\" data-end=\"8462\">considere rajadas de vento;<\/li>\n<li data-section-id=\"1fyjbun\" data-start=\"8463\" data-end=\"8482\">confira fixa\u00e7\u00f5es;<\/li>\n<li data-section-id=\"x0j25c\" data-start=\"8483\" data-end=\"8544\">n\u00e3o deixe objetos leves onde possam ser lan\u00e7ados para fora.<\/li>\n<\/ul>\n<p data-start=\"8546\" data-end=\"8652\">Em andares altos, o vento pode ser muito mais relevante do que parece a partir do interior do apartamento.<\/p>\n<h2 data-section-id=\"1jc4wr5\" data-start=\"8654\" data-end=\"8695\">O peso dos vasos tamb\u00e9m merece aten\u00e7\u00e3o<\/h2>\n<p data-start=\"8697\" data-end=\"8741\">Um vaso grande n\u00e3o pesa apenas o recipiente.<\/p>\n<p data-start=\"8743\" data-end=\"8760\">Existe o peso de:<\/p>\n<ul data-start=\"8762\" data-end=\"8842\">\n<li data-section-id=\"v8jwgo\" data-start=\"8762\" data-end=\"8774\">substrato;<\/li>\n<li data-section-id=\"s425th\" data-start=\"8775\" data-end=\"8784\">planta;<\/li>\n<li data-section-id=\"cszhba\" data-start=\"8785\" data-end=\"8812\">\u00e1gua acumulada ap\u00f3s rega;<\/li>\n<li data-section-id=\"pcfcb4\" data-start=\"8813\" data-end=\"8842\">pedras ou outros materiais.<\/li>\n<\/ul>\n<p data-start=\"8844\" data-end=\"8933\">V\u00e1rios vasos grandes concentrados no mesmo trecho da varanda merecem avalia\u00e7\u00e3o cuidadosa.<\/p>\n<p data-start=\"8935\" data-end=\"9137\">Se houver d\u00favida sobre carga, jardineiras de alvenaria, grandes floreiras ou interven\u00e7\u00f5es que aumentem significativamente o peso sobre a laje, consulte profissional habilitado e as regras do condom\u00ednio.<\/p>\n<p data-start=\"9139\" data-end=\"9191\">N\u00e3o estime capacidade estrutural apenas visualmente.<\/p>\n<h2 data-section-id=\"1f7gt3z\" data-start=\"9193\" data-end=\"9227\">Todo vaso deve conseguir drenar<\/h2>\n<p data-start=\"9229\" data-end=\"9306\">Para plantas cultivadas em recipientes, \u00e1gua sem sa\u00edda pode causar problemas.<\/p>\n<p data-start=\"9308\" data-end=\"9559\">A Embrapa destaca que o cultivo em pequenos espa\u00e7os depende de recipientes e condi\u00e7\u00f5es adequadas ao desenvolvimento das plantas; varandas, sacadas e terra\u00e7os est\u00e3o entre os locais poss\u00edveis para cultivo dom\u00e9stico.<\/p>\n<p data-start=\"9561\" data-end=\"9716\"><a class=\"decorated-link\" href=\"https:\/\/ainfo.cnptia.embrapa.br\/digital\/bitstream\/item\/176051\/1\/HORTA-EM-PEQUENOS-ESPACOS-4-IMP-2017.pdf?utm_source=chatgpt.com\" target=\"_new\" rel=\"noopener\" data-start=\"9561\" data-end=\"9716\">Consultar Horta em Pequenos Espa\u00e7os, da Embrapa<\/a><\/p>\n<p data-start=\"9718\" data-end=\"9747\">Antes de posicionar os vasos:<\/p>\n<ul data-start=\"9749\" data-end=\"9904\">\n<li data-section-id=\"xfrn58\" data-start=\"9749\" data-end=\"9768\">confira os furos;<\/li>\n<li data-section-id=\"fliqe\" data-start=\"9769\" data-end=\"9803\">veja para onde a \u00e1gua escorrer\u00e1;<\/li>\n<li data-section-id=\"1w76xil\" data-start=\"9804\" data-end=\"9824\">evite \u00e1gua parada;<\/li>\n<li data-section-id=\"1twa1q2\" data-start=\"9825\" data-end=\"9879\">n\u00e3o deixe a irriga\u00e7\u00e3o molhar o apartamento inferior;<\/li>\n<li data-section-id=\"54vae\" data-start=\"9880\" data-end=\"9904\">mantenha ralos livres.<\/li>\n<\/ul>\n<p data-start=\"9906\" data-end=\"9969\">A drenagem precisa funcionar para a planta e para a edifica\u00e7\u00e3o.<\/p>\n<figure id=\"attachment_158032\" aria-describedby=\"caption-attachment-158032\" style=\"width: 1376px\" class=\"wp-caption alignnone\"><img decoding=\"async\" class=\"size-full wp-image-158032\" src=\"https:\/\/www.aarquiteta.com.br\/blog\/wp-content\/uploads\/2024\/06\/Varanda-pequena-organizada-com-mesa-compacta-plantas-em-vasos-e-circulacao-livre-1.jpeg\" alt=\"Em varandas pequenas, definir uso, circula\u00e7\u00e3o, sol e exposi\u00e7\u00e3o \u00e0 chuva antes de comprar m\u00f3veis e plantas evita excesso de elementos\" width=\"1376\" height=\"768\" title=\"\"><figcaption id=\"caption-attachment-158032\" class=\"wp-caption-text\">Em varandas pequenas, definir uso, circula\u00e7\u00e3o, sol e exposi\u00e7\u00e3o \u00e0 chuva antes de comprar m\u00f3veis e plantas evita excesso de elementos<\/figcaption><\/figure>\n<h2 data-section-id=\"9vm8dk\" data-start=\"9971\" data-end=\"10008\">N\u00e3o coloque todos os vasos no ch\u00e3o<\/h2>\n<p data-start=\"10010\" data-end=\"10093\">Mesmo que haja espa\u00e7o, muitos vasos pequenos espalhados pelo piso criam obst\u00e1culos.<\/p>\n<p data-start=\"10095\" data-end=\"10136\">Uma composi\u00e7\u00e3o pode funcionar melhor com:<\/p>\n<ul data-start=\"10138\" data-end=\"10285\">\n<li data-section-id=\"1nmgrgw\" data-start=\"10138\" data-end=\"10161\">poucos vasos maiores;<\/li>\n<li data-section-id=\"bfi05m\" data-start=\"10162\" data-end=\"10183\">alturas diferentes;<\/li>\n<li data-section-id=\"5ww3tc\" data-start=\"10184\" data-end=\"10203\">suportes seguros;<\/li>\n<li data-section-id=\"1me55w0\" data-start=\"10204\" data-end=\"10231\">uma parede verde pontual;<\/li>\n<li data-section-id=\"16mqs4w\" data-start=\"10232\" data-end=\"10285\">vasos suspensos apenas onde a fixa\u00e7\u00e3o for adequada.<\/li>\n<\/ul>\n<p data-start=\"10287\" data-end=\"10354\">Isso reduz a fragmenta\u00e7\u00e3o visual e simplifica limpeza e circula\u00e7\u00e3o.<\/p>\n<h2 data-section-id=\"19brfon\" data-start=\"10356\" data-end=\"10404\">Escolha o porte adulto, n\u00e3o o tamanho da muda<\/h2>\n<p data-start=\"10406\" data-end=\"10452\">Uma pequena muda pode virar um arbusto grande.<\/p>\n<p data-start=\"10454\" data-end=\"10507\">Esse \u00e9 um crit\u00e9rio ainda mais importante em varandas.<\/p>\n<p data-start=\"10509\" data-end=\"10536\">Antes de comprar, pesquise:<\/p>\n<ul data-start=\"10538\" data-end=\"10657\">\n<li data-section-id=\"1k3gaqt\" data-start=\"10538\" data-end=\"10554\">altura adulta;<\/li>\n<li data-section-id=\"1fpc0tp\" data-start=\"10555\" data-end=\"10565\">largura;<\/li>\n<li data-section-id=\"1hdw9fs\" data-start=\"10566\" data-end=\"10588\">necessidade de poda;<\/li>\n<li data-section-id=\"1q4wyi8\" data-start=\"10589\" data-end=\"10604\">tipo de raiz;<\/li>\n<li data-section-id=\"1nbltsq\" data-start=\"10605\" data-end=\"10628\">necessidade de tutor;<\/li>\n<li data-section-id=\"comjpl\" data-start=\"10629\" data-end=\"10657\">velocidade de crescimento.<\/li>\n<\/ul>\n<p data-start=\"10659\" data-end=\"10724\">O vaso e a posi\u00e7\u00e3o precisam funcionar n\u00e3o apenas no primeiro m\u00eas.<\/p>\n<h2 data-section-id=\"8ueefx\" data-start=\"10726\" data-end=\"10777\">Primavera pode ser usada como momento de revis\u00e3o<\/h2>\n<p data-start=\"10779\" data-end=\"10843\">N\u00e3o \u00e9 necess\u00e1rio trocar toda a vegeta\u00e7\u00e3o porque setembro chegou.<\/p>\n<p data-start=\"10845\" data-end=\"10885\">Use a mudan\u00e7a de esta\u00e7\u00e3o para verificar:<\/p>\n<ul data-start=\"10887\" data-end=\"11069\">\n<li data-section-id=\"1l604j4\" data-start=\"10887\" data-end=\"10916\">quais plantas se adaptaram;<\/li>\n<li data-section-id=\"e3dcf5\" data-start=\"10917\" data-end=\"10949\">quais precisam de outro local;<\/li>\n<li data-section-id=\"18rgyzl\" data-start=\"10950\" data-end=\"10983\">se ra\u00edzes ocupam demais o vaso;<\/li>\n<li data-section-id=\"3b19hj\" data-start=\"10984\" data-end=\"11014\">se h\u00e1 problemas de drenagem;<\/li>\n<li data-section-id=\"66v7bz\" data-start=\"11015\" data-end=\"11038\">se a insola\u00e7\u00e3o mudou;<\/li>\n<li data-section-id=\"1tl0wl0\" data-start=\"11039\" data-end=\"11069\">se algum vaso est\u00e1 inseguro.<\/li>\n<\/ul>\n<p data-start=\"11071\" data-end=\"11275\">O artigo do A Arquiteta sobre <a class=\"decorated-link\" href=\"https:\/\/www.aarquiteta.com.br\/blog\/preparando-vasos-e-canteiros-para-primavera\/?utm_source=chatgpt.com\" target=\"_new\" rel=\"noopener\" data-start=\"11101\" data-end=\"11232\">como preparar vasos e canteiros para a primavera<\/a> aprofunda essa revis\u00e3o antes do replantio.<\/p>\n<h2 data-section-id=\"sx8s99\" data-start=\"11277\" data-end=\"11324\">Privacidade n\u00e3o precisa signific fechar tudo<\/h2>\n<p data-start=\"11326\" data-end=\"11389\">Varandas urbanas costumam ficar pr\u00f3ximas de edif\u00edcios vizinhos.<\/p>\n<p data-start=\"11391\" data-end=\"11450\">Existem v\u00e1rias formas de criar maior sensa\u00e7\u00e3o de resguardo:<\/p>\n<ul data-start=\"11452\" data-end=\"11540\">\n<li data-section-id=\"4bikx2\" data-start=\"11452\" data-end=\"11462\">plantas;<\/li>\n<li data-section-id=\"1m9lm68\" data-start=\"11463\" data-end=\"11474\">treli\u00e7as;<\/li>\n<li data-section-id=\"1txdpg6\" data-start=\"11475\" data-end=\"11485\">pain\u00e9is;<\/li>\n<li data-section-id=\"8dgdvo\" data-start=\"11486\" data-end=\"11519\">cortinas pr\u00f3prias para o local;<\/li>\n<li data-section-id=\"fs0ols\" data-start=\"11520\" data-end=\"11540\">elementos vazados.<\/li>\n<\/ul>\n<p data-start=\"11542\" data-end=\"11574\">Mas a solu\u00e7\u00e3o precisa respeitar:<\/p>\n<ul data-start=\"11576\" data-end=\"11660\">\n<li data-section-id=\"gtf6zf\" data-start=\"11576\" data-end=\"11586\">fachada;<\/li>\n<li data-section-id=\"16liwfp\" data-start=\"11587\" data-end=\"11600\">ventila\u00e7\u00e3o;<\/li>\n<li data-section-id=\"1a8alsi\" data-start=\"11601\" data-end=\"11623\">incid\u00eancia de vento;<\/li>\n<li data-section-id=\"1uk3s89\" data-start=\"11624\" data-end=\"11647\">regras do condom\u00ednio;<\/li>\n<li data-section-id=\"u2dehl\" data-start=\"11648\" data-end=\"11660\">seguran\u00e7a.<\/li>\n<\/ul>\n<p data-start=\"11662\" data-end=\"11756\">Pain\u00e9is muito altos ou tecidos inadequadamente fixados podem se comportar mal com vento forte.<\/p>\n<p data-start=\"11758\" data-end=\"11888\">Antes de instalar qualquer elemento vis\u00edvel externamente ou alterar a fachada, consulte a conven\u00e7\u00e3o e o regulamento do condom\u00ednio.<\/p>\n<h2 data-section-id=\"1uaq3i9\" data-start=\"11890\" data-end=\"11941\">Tapete externo: veja primeiro se a varanda molha<\/h2>\n<p data-start=\"11943\" data-end=\"12032\">Um tapete pode deixar a varanda mais confort\u00e1vel e delimitar visualmente a \u00e1rea de estar.<\/p>\n<p data-start=\"12034\" data-end=\"12090\">Mas um modelo inadequado em espa\u00e7o exposto \u00e0 chuva pode:<\/p>\n<ul data-start=\"12092\" data-end=\"12177\">\n<li data-section-id=\"o6poc2\" data-start=\"12092\" data-end=\"12108\">reter umidade;<\/li>\n<li data-section-id=\"1ale31y\" data-start=\"12109\" data-end=\"12127\">demorar a secar;<\/li>\n<li data-section-id=\"1ctfle2\" data-start=\"12128\" data-end=\"12149\">dificultar limpeza;<\/li>\n<li data-section-id=\"1esjfcf\" data-start=\"12150\" data-end=\"12177\">interferir no escoamento.<\/li>\n<\/ul>\n<p data-start=\"12179\" data-end=\"12265\">Se a varanda \u00e9 aberta, escolha materiais apropriados ao uso externo e n\u00e3o cubra ralos.<\/p>\n<p data-start=\"12267\" data-end=\"12383\">Em varanda totalmente protegida, h\u00e1 mais liberdade \u2014 mas ainda \u00e9 importante observar ventila\u00e7\u00e3o e rotina de limpeza.<\/p>\n<h2 data-section-id=\"7tqvh\" data-start=\"12385\" data-end=\"12431\">Almofadas precisam combinar com a exposi\u00e7\u00e3o<\/h2>\n<p data-start=\"12433\" data-end=\"12521\">Tecido comum de sala pode n\u00e3o ser a melhor op\u00e7\u00e3o em uma varanda sujeita a sol e umidade.<\/p>\n<p data-start=\"12523\" data-end=\"12531\">Observe:<\/p>\n<ul data-start=\"12533\" data-end=\"12642\">\n<li data-section-id=\"1cfxs3o\" data-start=\"12533\" data-end=\"12553\">incid\u00eancia de sol;<\/li>\n<li data-section-id=\"1j4bf7r\" data-start=\"12554\" data-end=\"12579\">possibilidade de chuva;<\/li>\n<li data-section-id=\"1hb97pn\" data-start=\"12580\" data-end=\"12606\">facilidade para guardar;<\/li>\n<li data-section-id=\"1dbb7l2\" data-start=\"12607\" data-end=\"12617\">lavagem;<\/li>\n<li data-section-id=\"1ihrvq0\" data-start=\"12618\" data-end=\"12642\">resist\u00eancia do tecido.<\/li>\n<\/ul>\n<p data-start=\"12644\" data-end=\"12747\">Uma solu\u00e7\u00e3o simples \u00e9 manter poucas almofadas e ter um local interno para guard\u00e1-las quando necess\u00e1rio.<\/p>\n<p data-start=\"12749\" data-end=\"12850\">Isso costuma ser mais eficiente do que transformar toda a varanda em espa\u00e7o permanentemente estofado.<\/p>\n<h2 data-section-id=\"6tozet\" data-start=\"12852\" data-end=\"12909\">Mesa para quatro pessoas nem sempre \u00e9 a melhor escolha<\/h2>\n<p data-start=\"12911\" data-end=\"12981\">A vontade de receber visitas pode levar a escolhas superdimensionadas.<\/p>\n<p data-start=\"12983\" data-end=\"13075\">Pergunte quantas pessoas usam a varanda <strong data-start=\"13023\" data-end=\"13040\">todos os dias<\/strong>, n\u00e3o apenas em ocasi\u00f5es especiais.<\/p>\n<p data-start=\"13077\" data-end=\"13167\">Se normalmente uma ou duas pessoas usam o espa\u00e7o, uma mesa compacta pode funcionar melhor.<\/p>\n<p data-start=\"13169\" data-end=\"13250\">Em visitas, talvez seja poss\u00edvel complementar com assentos m\u00f3veis vindos da sala.<\/p>\n<p data-start=\"13252\" data-end=\"13323\">N\u00e3o faz sentido sacrificar a circula\u00e7\u00e3o di\u00e1ria por um evento ocasional.<\/p>\n<h2 data-section-id=\"jxd9li\" data-start=\"13325\" data-end=\"13376\">\u00c0s vezes, duas cadeiras s\u00e3o melhores que um sof\u00e1<\/h2>\n<p data-start=\"13378\" data-end=\"13446\">Um sof\u00e1 pequeno parece aconchegante, mas costuma ser pouco flex\u00edvel.<\/p>\n<p data-start=\"13448\" data-end=\"13468\">Duas cadeiras podem:<\/p>\n<ul data-start=\"13470\" data-end=\"13576\">\n<li data-section-id=\"14t3xar\" data-start=\"13470\" data-end=\"13489\">mudar de posi\u00e7\u00e3o;<\/li>\n<li data-section-id=\"dtpivr\" data-start=\"13490\" data-end=\"13507\">ser recolhidas;<\/li>\n<li data-section-id=\"clkq2c\" data-start=\"13508\" data-end=\"13531\">aproximar-se da mesa;<\/li>\n<li data-section-id=\"rkglnq\" data-start=\"13532\" data-end=\"13549\">abrir passagem;<\/li>\n<li data-section-id=\"1v9gnms\" data-start=\"13550\" data-end=\"13576\">atender usos diferentes.<\/li>\n<\/ul>\n<p data-start=\"13578\" data-end=\"13658\">Em varandas m\u00ednimas, mobilidade pode valer mais que apar\u00eancia de \u201csala externa\u201d.<\/p>\n<h2 data-section-id=\"1gfpo80\" data-start=\"13660\" data-end=\"13698\">Use as paredes sem sobrecarreg\u00e1-las<\/h2>\n<p data-start=\"13700\" data-end=\"13724\">Uma parede pode receber:<\/p>\n<ul data-start=\"13726\" data-end=\"13822\">\n<li data-section-id=\"g45g4j\" data-start=\"13726\" data-end=\"13739\">ilumina\u00e7\u00e3o;<\/li>\n<li data-section-id=\"4bikx2\" data-start=\"13740\" data-end=\"13750\">plantas;<\/li>\n<li data-section-id=\"mnpv61\" data-start=\"13751\" data-end=\"13772\">pequena prateleira;<\/li>\n<li data-section-id=\"1rm6lho\" data-start=\"13773\" data-end=\"13812\">arte pr\u00f3pria para ambiente protegido;<\/li>\n<li data-section-id=\"tzcq49\" data-start=\"13813\" data-end=\"13822\">painel.<\/li>\n<\/ul>\n<p data-start=\"13824\" data-end=\"13861\">Mas n\u00e3o \u00e9 necess\u00e1rio preencher todas.<\/p>\n<p data-start=\"13863\" data-end=\"13992\">Em uma varanda pequena, uma \u00fanica parede de destaque costuma funcionar melhor do que distribuir objetos por todas as superf\u00edcies.<\/p>\n<h2 data-section-id=\"1itutzd\" data-start=\"13994\" data-end=\"14044\">Ilumina\u00e7\u00e3o deve permitir usar a varanda \u00e0 noite<\/h2>\n<p data-start=\"14046\" data-end=\"14131\">A varanda deixa de funcionar quando a \u00fanica ilumina\u00e7\u00e3o \u00e9 uma l\u00e2mpada forte e central.<\/p>\n<p data-start=\"14133\" data-end=\"14190\">Dependendo da instala\u00e7\u00e3o existente, podem ser combinados:<\/p>\n<ul data-start=\"14192\" data-end=\"14293\">\n<li data-section-id=\"1kz95w0\" data-start=\"14192\" data-end=\"14204\">arandelas;<\/li>\n<li data-section-id=\"1g4sf8r\" data-start=\"14205\" data-end=\"14227\">ilumina\u00e7\u00e3o indireta;<\/li>\n<li data-section-id=\"ctzo3w\" data-start=\"14228\" data-end=\"14265\">lumin\u00e1rias adequadas a uso externo;<\/li>\n<li data-section-id=\"xcjr4\" data-start=\"14266\" data-end=\"14293\">pequenos pontos de apoio.<\/li>\n<\/ul>\n<p data-start=\"14295\" data-end=\"14395\">Se o ponto estiver sujeito \u00e0 chuva ou umidade, a lumin\u00e1ria precisa ser compat\u00edvel com essa condi\u00e7\u00e3o.<\/p>\n<p data-start=\"14397\" data-end=\"14519\">Altera\u00e7\u00f5es el\u00e9tricas em \u00e1reas externas devem ser realizadas por profissional habilitado e seguir os requisitos aplic\u00e1veis.<\/p>\n<h2 data-section-id=\"11o52xs\" data-start=\"14521\" data-end=\"14571\">Luz decorativa n\u00e3o substitui seguran\u00e7a el\u00e9trica<\/h2>\n<p data-start=\"14573\" data-end=\"14663\">Cord\u00f5es de luz e lumin\u00e1rias decorativas aparecem frequentemente em refer\u00eancias de varanda.<\/p>\n<p data-start=\"14665\" data-end=\"14679\">Antes de usar:<\/p>\n<ul data-start=\"14681\" data-end=\"14829\">\n<li data-section-id=\"5kmwsf\" data-start=\"14681\" data-end=\"14729\">verifique se o produto \u00e9 adequado ao ambiente;<\/li>\n<li data-section-id=\"qtch5b\" data-start=\"14730\" data-end=\"14768\">n\u00e3o improvise extens\u00f5es permanentes;<\/li>\n<li data-section-id=\"sf5qjj\" data-start=\"14769\" data-end=\"14800\">mantenha conex\u00f5es protegidas;<\/li>\n<li data-section-id=\"114b25i\" data-start=\"14801\" data-end=\"14829\">observe exposi\u00e7\u00e3o \u00e0 chuva.<\/li>\n<\/ul>\n<p data-start=\"14831\" data-end=\"14883\">A est\u00e9tica n\u00e3o deve vir antes da instala\u00e7\u00e3o correta.<\/p>\n<h2 data-section-id=\"1rax8fh\" data-start=\"14885\" data-end=\"14921\">E se a varanda for muito pequena?<\/h2>\n<p data-start=\"14923\" data-end=\"14987\">Se mal cabe uma cadeira, n\u00e3o tente reproduzir uma sala completa.<\/p>\n<p data-start=\"14989\" data-end=\"15014\">H\u00e1 outras possibilidades.<\/p>\n<h3 data-section-id=\"1ahidko\" data-start=\"15016\" data-end=\"15043\">Op\u00e7\u00e3o 1 \u2014 varanda verde<\/h3>\n<p data-start=\"15045\" data-end=\"15101\">Poucos vasos bem posicionados e nenhum m\u00f3vel permanente.<\/p>\n<h3 data-section-id=\"1q2hfbt\" data-start=\"15103\" data-end=\"15121\">Op\u00e7\u00e3o 2 \u2014 caf\u00e9<\/h3>\n<p data-start=\"15123\" data-end=\"15189\">Uma pequena mesa dobr\u00e1vel ou apoio fixo, com uma ou duas cadeiras.<\/p>\n<h3 data-section-id=\"1a50kkd\" data-start=\"15191\" data-end=\"15217\">Op\u00e7\u00e3o 3 \u2014 contempla\u00e7\u00e3o<\/h3>\n<p data-start=\"15219\" data-end=\"15260\">Um \u00fanico assento confort\u00e1vel e vegeta\u00e7\u00e3o.<\/p>\n<h3 data-section-id=\"1n80tgh\" data-start=\"15262\" data-end=\"15299\">Op\u00e7\u00e3o 4 \u2014 extens\u00e3o visual da sala<\/h3>\n<p data-start=\"15301\" data-end=\"15379\">Poucos elementos, piso livre e continuidade de cores entre interior e varanda.<\/p>\n<p data-start=\"15381\" data-end=\"15442\">A melhor fun\u00e7\u00e3o \u00e9 aquela que cabe sem comprometer a passagem.<\/p>\n<h2 data-section-id=\"1dnxtkb\" data-start=\"15444\" data-end=\"15487\">O que eu evitaria em uma varanda pequena<\/h2>\n<h3 data-section-id=\"lhm3hd\" data-start=\"15489\" data-end=\"15514\">Muitos vasos pequenos<\/h3>\n<p data-start=\"15516\" data-end=\"15559\">Criam desordem visual e dificultam limpeza.<\/p>\n<h3 data-section-id=\"35yu8j\" data-start=\"15561\" data-end=\"15603\">M\u00f3vel grande comprado antes da medi\u00e7\u00e3o<\/h3>\n<p data-start=\"15605\" data-end=\"15650\">Pode eliminar praticamente toda a circula\u00e7\u00e3o.<\/p>\n<h3 data-section-id=\"fzdyet\" data-start=\"15652\" data-end=\"15689\">Planta escolhida apenas pela flor<\/h3>\n<p data-start=\"15691\" data-end=\"15730\">A condi\u00e7\u00e3o de sol e vento vem primeiro.<\/p>\n<h3 data-section-id=\"1qpgfia\" data-start=\"15732\" data-end=\"15763\">Jardim vertical improvisado<\/h3>\n<p data-start=\"15765\" data-end=\"15813\">Peso, \u00e1gua e fixa\u00e7\u00f5es precisam ser considerados.<\/p>\n<h3 data-section-id=\"g02c12\" data-start=\"15815\" data-end=\"15851\">Sof\u00e1 profundo em espa\u00e7o estreito<\/h3>\n<p data-start=\"15853\" data-end=\"15914\">O conforto do assento pode custar todo o restante da varanda.<\/p>\n<h3 data-section-id=\"j80b4b\" data-start=\"15916\" data-end=\"15952\">Objetos apoiados no guarda-corpo<\/h3>\n<p data-start=\"15954\" data-end=\"15972\">H\u00e1 risco de queda.<\/p>\n<h3 data-section-id=\"uo3kl3\" data-start=\"15974\" data-end=\"15998\">Tapete cobrindo ralo<\/h3>\n<p data-start=\"16000\" data-end=\"16029\">Pode prejudicar o escoamento.<\/p>\n<h3 data-section-id=\"191knly\" data-start=\"16031\" data-end=\"16066\">Decora\u00e7\u00e3o feita para fotografia<\/h3>\n<p data-start=\"16068\" data-end=\"16124\">A varanda precisa continuar funcionando em um dia comum.<\/p>\n<div class=\"youtube-embed\" data-video_id=\"Hn-0V8bCOcE\"><iframe title=\"10 Dicas Decora\u00e7\u00e3o de Varandas, Sacadas e Terra\u00e7o Pequenas ou Grandes\" width=\"696\" height=\"392\" src=\"https:\/\/www.youtube.com\/embed\/Hn-0V8bCOcE?feature=oembed&#038;enablejsapi=1\" frameborder=\"0\" allow=\"accelerometer; autoplay; clipboard-write; encrypted-media; gyroscope; picture-in-picture; web-share\" referrerpolicy=\"strict-origin-when-cross-origin\" allowfullscreen><\/iframe><\/div>\n<h2 data-section-id=\"xkc6gk\" data-start=\"16126\" data-end=\"16182\">Checklist antes de renovar a varanda para a primavera<\/h2>\n<div class=\"group TyagGW_tableContainer\">\n<div class=\"TyagGW_tableWrapper flex flex-col-reverse w-fit\" tabindex=\"-1\">\n<table class=\"w-fit min-w-(--thread-content-width)\" data-start=\"16184\" data-end=\"16840\">\n<thead data-start=\"16184\" data-end=\"16218\">\n<tr data-start=\"16184\" data-end=\"16218\">\n<th class=\"last:pe-10\" data-start=\"16184\" data-end=\"16198\" data-col-size=\"sm\">Verifica\u00e7\u00e3o<\/th>\n<th class=\"last:pe-10\" data-start=\"16198\" data-end=\"16218\" data-col-size=\"md\">Pergunta pr\u00e1tica<\/th>\n<\/tr>\n<\/thead>\n<tbody data-start=\"16229\" data-end=\"16840\">\n<tr data-start=\"16229\" data-end=\"16292\">\n<td data-start=\"16229\" data-end=\"16238\" data-col-size=\"sm\">Fun\u00e7\u00e3o<\/td>\n<td data-start=\"16238\" data-end=\"16292\" data-col-size=\"md\">Como a varanda ser\u00e1 usada na maior parte dos dias?<\/td>\n<\/tr>\n<tr data-start=\"16293\" data-end=\"16357\">\n<td data-start=\"16293\" data-end=\"16306\" data-col-size=\"sm\">Circula\u00e7\u00e3o<\/td>\n<td data-col-size=\"md\" data-start=\"16306\" data-end=\"16357\">\u00c9 poss\u00edvel entrar e sair sem desviar de m\u00f3veis?<\/td>\n<\/tr>\n<tr data-start=\"16358\" data-end=\"16411\">\n<td data-start=\"16358\" data-end=\"16364\" data-col-size=\"sm\">Sol<\/td>\n<td data-col-size=\"md\" data-start=\"16364\" data-end=\"16411\">Quantas horas de sol direto o local recebe?<\/td>\n<\/tr>\n<tr data-start=\"16412\" data-end=\"16442\">\n<td data-start=\"16412\" data-end=\"16420\" data-col-size=\"sm\">Vento<\/td>\n<td data-start=\"16420\" data-end=\"16442\" data-col-size=\"md\">H\u00e1 rajadas fortes?<\/td>\n<\/tr>\n<tr data-start=\"16443\" data-end=\"16494\">\n<td data-start=\"16443\" data-end=\"16451\" data-col-size=\"sm\">Chuva<\/td>\n<td data-col-size=\"md\" data-start=\"16451\" data-end=\"16494\">Quais \u00e1reas realmente permanecem secas?<\/td>\n<\/tr>\n<tr data-start=\"16495\" data-end=\"16545\">\n<td data-start=\"16495\" data-end=\"16505\" data-col-size=\"sm\">Plantas<\/td>\n<td data-col-size=\"md\" data-start=\"16505\" data-end=\"16545\">O porte adulto combina com o espa\u00e7o?<\/td>\n<\/tr>\n<tr data-start=\"16546\" data-end=\"16585\">\n<td data-start=\"16546\" data-end=\"16554\" data-col-size=\"sm\">Vasos<\/td>\n<td data-col-size=\"md\" data-start=\"16554\" data-end=\"16585\">H\u00e1 drenagem e apoio seguro?<\/td>\n<\/tr>\n<tr data-start=\"16586\" data-end=\"16634\">\n<td data-start=\"16586\" data-end=\"16595\" data-col-size=\"sm\">M\u00f3veis<\/td>\n<td data-start=\"16595\" data-end=\"16634\" data-col-size=\"md\">S\u00e3o proporcionais ao uso cotidiano?<\/td>\n<\/tr>\n<tr data-start=\"16635\" data-end=\"16682\">\n<td data-start=\"16635\" data-end=\"16645\" data-col-size=\"sm\">Tecidos<\/td>\n<td data-col-size=\"md\" data-start=\"16645\" data-end=\"16682\">Resistir\u00e3o \u00e0 exposi\u00e7\u00e3o existente?<\/td>\n<\/tr>\n<tr data-start=\"16683\" data-end=\"16721\">\n<td data-start=\"16683\" data-end=\"16690\" data-col-size=\"sm\">Ralo<\/td>\n<td data-start=\"16690\" data-end=\"16721\" data-col-size=\"md\">Continua livre e acess\u00edvel?<\/td>\n<\/tr>\n<tr data-start=\"16722\" data-end=\"16778\">\n<td data-start=\"16722\" data-end=\"16732\" data-col-size=\"sm\">Fachada<\/td>\n<td data-col-size=\"md\" data-start=\"16732\" data-end=\"16778\">A interven\u00e7\u00e3o \u00e9 permitida pelo condom\u00ednio?<\/td>\n<\/tr>\n<tr data-start=\"16779\" data-end=\"16840\">\n<td data-start=\"16779\" data-end=\"16790\" data-col-size=\"sm\">El\u00e9trica<\/td>\n<td data-col-size=\"md\" data-start=\"16790\" data-end=\"16840\">Lumin\u00e1rias e pontos s\u00e3o adequados ao ambiente?<\/td>\n<\/tr>\n<\/tbody>\n<\/table>\n<\/div>\n<\/div>\n<h2 data-section-id=\"yds8ur\" data-start=\"16842\" data-end=\"16888\">Antes de comprar, retire o que n\u00e3o funciona<\/h2>\n<p data-start=\"16890\" data-end=\"17011\">A chegada da primavera pode despertar vontade de renovar a varanda, mas o primeiro passo pode ser justamente o contr\u00e1rio.<\/p>\n<p data-start=\"17013\" data-end=\"17020\">Retire:<\/p>\n<ul data-start=\"17022\" data-end=\"17155\">\n<li data-section-id=\"xztho3\" data-start=\"17022\" data-end=\"17037\">vasos vazios;<\/li>\n<li data-section-id=\"10wbfjx\" data-start=\"17038\" data-end=\"17060\">m\u00f3veis pouco usados;<\/li>\n<li data-section-id=\"1q1wxxx\" data-start=\"17061\" data-end=\"17079\">pe\u00e7as quebradas;<\/li>\n<li data-section-id=\"1o8rvgi\" data-start=\"17080\" data-end=\"17113\">objetos que bloqueiam passagem;<\/li>\n<li data-section-id=\"1elc38v\" data-start=\"17114\" data-end=\"17155\">plantas que precisam de outro ambiente.<\/li>\n<\/ul>\n<p data-start=\"17157\" data-end=\"17187\">Depois observe o espa\u00e7o vazio.<\/p>\n<p data-start=\"17189\" data-end=\"17246\">Talvez ele precise de menos coisas do que voc\u00ea imaginava.<\/p>\n<h2 data-section-id=\"1pllapc\" data-start=\"17248\" data-end=\"17312\">Uma varanda pequena funciona melhor quando tem uma prioridade<\/h2>\n<p data-start=\"17314\" data-end=\"17374\">O segredo n\u00e3o \u00e9 aproveitar cada cent\u00edmetro com algum objeto.<\/p>\n<p data-start=\"17376\" data-end=\"17434\">\u00c9 decidir <strong data-start=\"17386\" data-end=\"17433\">quais cent\u00edmetros precisam continuar livres<\/strong>.<\/p>\n<p data-start=\"17436\" data-end=\"17554\">Uma varanda pequena pode ter plantas, mesa, cadeira e ilumina\u00e7\u00e3o \u2014 mas isso n\u00e3o significa que todas precisem ter tudo.<\/p>\n<p data-start=\"17556\" data-end=\"17699\">Na primavera, antes de comprar novas mudas ou trocar os m\u00f3veis, observe como o espa\u00e7o recebe sol, chuva e vento e escolha uma fun\u00e7\u00e3o principal.<\/p>\n<p data-start=\"17701\" data-end=\"17724\">A decora\u00e7\u00e3o vem depois.<\/p>\n<p data-start=\"17726\" data-end=\"17871\">Quando circula\u00e7\u00e3o, seguran\u00e7a e uso real est\u00e3o resolvidos, mesmo poucos elementos conseguem fazer a varanda parecer mais agrad\u00e1vel e mais pessoal.<\/p>\n<div class=\"mceTemp\"><\/div>\n","protected":false},"excerpt":{"rendered":"<p>Conhe\u00e7a 5 ideias pr\u00e1ticas para decorar varandas pequenas e aproveite ao m\u00e1ximo seu espa\u00e7o ao ar livre. Confira todas as sugest\u00f5es!<\/p>\n","protected":false},"author":102,"featured_media":158031,"comment_status":"closed","ping_status":"closed","sticky":false,"template":"","format":"standard","meta":{"footnotes":""},"categories":[1484,971,18792,18794],"tags":[],"class_list":["post-115527","post","type-post","status-publish","format-standard","has-post-thumbnail","category-decoracao","category-design-de-interiores","category-decoracao-de-apartamento","category-projetos-de-decoracao-de-casas"],"_wp_attached_file":null,"_wp_attachment_metadata":null,"_wp_attachment_context":null,"_wp_attachment_is_custom_header":null,"geo_longitude":null,"geo_public":null,"geo_latitude":null,"_publicize_done_external":null,"_wpas_done_3897181":null,"publicize_twitter_user":null,"_wpas_done_3897175":null,"_wpas_skip_3897181":null,"_wpas_skip_3897175":null,"_wpas_skip_3924723":null,"_wpas_mess":null,"_wpas_done_3924723":null,"wps_subtitle":"A primavera est\u00e1 chegando: antes de encher a varanda de plantas, fa\u00e7a estas escolhas","_links":{"self":[{"href":"https:\/\/www.aarquiteta.com.br\/blog\/wp-json\/wp\/v2\/posts\/115527","targetHints":{"allow":["GET"]}}],"collection":[{"href":"https:\/\/www.aarquiteta.com.br\/blog\/wp-json\/wp\/v2\/posts"}],"about":[{"href":"https:\/\/www.aarquiteta.com.br\/blog\/wp-json\/wp\/v2\/types\/post"}],"author":[{"embeddable":true,"href":"https:\/\/www.aarquiteta.com.br\/blog\/wp-json\/wp\/v2\/users\/102"}],"replies":[{"embeddable":true,"href":"https:\/\/www.aarquiteta.com.br\/blog\/wp-json\/wp\/v2\/comments?post=115527"}],"version-history":[{"count":2,"href":"https:\/\/www.aarquiteta.com.br\/blog\/wp-json\/wp\/v2\/posts\/115527\/revisions"}],"predecessor-version":[{"id":158034,"href":"https:\/\/www.aarquiteta.com.br\/blog\/wp-json\/wp\/v2\/posts\/115527\/revisions\/158034"}],"wp:featuredmedia":[{"embeddable":true,"href":"https:\/\/www.aarquiteta.com.br\/blog\/wp-json\/wp\/v2\/media\/158031"}],"wp:attachment":[{"href":"https:\/\/www.aarquiteta.com.br\/blog\/wp-json\/wp\/v2\/media?parent=115527"}],"wp:term":[{"taxonomy":"category","embeddable":true,"href":"https:\/\/www.aarquiteta.com.br\/blog\/wp-json\/wp\/v2\/categories?post=115527"},{"taxonomy":"post_tag","embeddable":true,"href":"https:\/\/www.aarquiteta.com.br\/blog\/wp-json\/wp\/v2\/tags?post=115527"}],"curies":[{"name":"wp","href":"https:\/\/api.w.org\/{rel}","templated":true}]}}