{"id":115320,"date":"2024-06-19T19:37:39","date_gmt":"2024-06-19T22:37:39","guid":{"rendered":"https:\/\/www.aarquiteta.com.br\/blog\/papel-de-parede-aesthetic\/"},"modified":"2024-06-19T19:37:39","modified_gmt":"2024-06-19T22:37:39","slug":"papel-de-parede-aesthetic","status":"publish","type":"post","link":"https:\/\/www.aarquiteta.com.br\/blog\/papel-de-parede-aesthetic\/","title":{"rendered":"3 Temas de Papel de Parede Aesthetic para Decorar sua Casa"},"content":{"rendered":"<p>Transforme sua casa num espa\u00e7o aconchegante e cheio de estilo com <b>pap\u00e9is de parede &#8220;aesthetic&#8221;<\/b>. Essas tend\u00eancias de decora\u00e7\u00e3o v\u00e3o deixar seus ambientes modernos, elegantes e totalmente harmoniosos.<\/p>\n<h3>3 Principais Destaques<\/h3>\n<figure style=\"width: 1024px\" class=\"wp-caption aligncenter\"><img decoding=\"async\" src=\"https:\/\/www.aarquiteta.com.br\/blog\/wp-content\/uploads\/2024\/06\/papel-de-parede-aesthetic04.jpg\" alt=\"3 Temas de Papel de Parede Aesthetic para Decorar sua Casa\" width=\"1024\" height=\"1024\" title=\"\"><figcaption class=\"wp-caption-text\">3 Temas de Papel de Parede Aesthetic para Decorar sua Casa<\/figcaption><\/figure>\n<ul>\n<li>Descubra o poder da natureza para trazer calma e serenidade aos seus espa\u00e7os.<\/li>\n<li>Aposte em padr\u00f5es geom\u00e9tricos para criar ambientes contempor\u00e2neos e vibrantes.<\/li>\n<li>Adote a simplicidade do minimalismo para um visual clean e sofisticado.<\/li>\n<\/ul>\n<h2>Tema 1: Natureza<\/h2>\n<p>Se voc\u00ea busca <b>trazer mais harmonia e tranquilidade para o seu lar<\/b>, nada melhor do que se inspirar na natureza. Os pap\u00e9is de parede &#8220;aesthetic&#8221; com motivos naturais s\u00e3o verdadeiros o\u00e1sis de paz e serenidade. Imagine acordar todos os dias cercado por paisagens deslumbrantes, florestas exuberantes ou praias paradis\u00edacas. Que sensa\u00e7\u00e3o revigorante!<\/p>\n<h3>Cores Serenas e Acolhedoras<\/h3>\n<figure style=\"width: 1024px\" class=\"wp-caption aligncenter\"><img decoding=\"async\" src=\"https:\/\/www.aarquiteta.com.br\/blog\/wp-content\/uploads\/2024\/06\/papel-de-parede-aesthetic03.jpg\" alt=\"3 Temas de Papel de Parede Aesthetic para Decorar sua Casa\" width=\"1024\" height=\"1024\" title=\"\"><figcaption class=\"wp-caption-text\">3 Temas de Papel de Parede Aesthetic para Decorar sua Casa<\/figcaption><\/figure>\n<p>Os tons terrosos e suaves, como verdes, bege e azul celeste, <b>trazem uma atmosfera aconchegante<\/b> e convidativa. Esses matizes se harmonizam perfeitamente com m\u00f3veis de madeira e plantas naturais, criando um visual integrado e org\u00e2nico.<\/p>\n<h3>Texturas Realistas<\/h3>\n<style id=\"wp_carousel_dynamic_css104045\">.sp-wp-carousel-free-id-104045.wpcf-fancybox-wrapper .fancybox-bg{background: #0b0b0b;opacity: 0.8;}.sp-wp-carousel-free-id-104045.wpcf-fancybox-wrapper .fancybox-navigation .fancybox-button .wpcp-fancybox-nav-arrow i {color: #ccc;}.sp-wp-carousel-free-id-104045.wpcf-fancybox-wrapper .fancybox-navigation .fancybox-button .wpcp-fancybox-nav-arrow i:hover {color: #fff;}.sp-wp-carousel-free-id-104045.wpcf-fancybox-wrapper .fancybox-navigation .fancybox-button {background: #1e1e1e;}.sp-wp-carousel-free-id-104045.wpcf-fancybox-wrapper .fancybox-navigation .fancybox-button:hover {background: #1e1e1e;}#sp-wp-carousel-free-id-104045 .wpcp-swiper-dots {margin: 40px 0px 0px 0px;}.wpcp-wrapper-104045 .swiper-wrapper .swiper-slide-kenburn, .wpcp-wrapper-104045 .swiper-wrapper, .wpcp-wrapper-104045 .wpcpro-row{align-items: center;}#sp-wp-carousel-free-id-104045 .wpcp-single-item {box-shadow: 0px 0px 0px 0px #dddddd;transition: all .3s;margin: 0px;}#sp-wp-carousel-free-id-104045.swiper-flip .wpcp-single-item{margin: 0!important;}#sp-wp-carousel-free-id-104045 .wpcp-single-item:hover {box-shadow: 0px 0px 0px 0px #dddddd;}#sp-wp-carousel-free-id-104045.sp-wpcp-104045 .wpcp-single-item {border: 1px solid #dddddd;}#sp-wp-carousel-free-id-104045.sp-wpcp-104045 .swiper-button-prev,#sp-wp-carousel-free-id-104045.sp-wpcp-104045 .swiper-button-next,#sp-wp-carousel-free-id-104045.sp-wpcp-104045 .swiper-button-prev:hover,#sp-wp-carousel-free-id-104045.sp-wpcp-104045 .swiper-button-next:hover {background: none;border: none;font-size: 30px;}#sp-wp-carousel-free-id-104045.sp-wpcp-104045 .swiper-button-prev i,#sp-wp-carousel-free-id-104045.sp-wpcp-104045 .swiper-button-next i {color: #aaa;}#sp-wp-carousel-free-id-104045.sp-wpcp-104045 .swiper-button-prev i:hover,#sp-wp-carousel-free-id-104045.sp-wpcp-104045 .swiper-button-next i:hover {color: #178087;}#sp-wp-carousel-free-id-104045.sp-wpcp-104045 .wpcp-swiper-dots .swiper-pagination-bullet {background-color: #cccccc;}#sp-wp-carousel-free-id-104045.sp-wpcp-104045 .wpcp-swiper-dots .swiper-pagination-bullet.swiper-pagination-bullet-active {background-color: #178087;} #sp-wp-carousel-free-id-104045.sp-wpcp-104045.wpcp-image-carousel .wpcp-single-item:hover img, #sp-wp-carousel-free-id-104045.sp-wpcp-104045.wpcp-post-carousel .wpcp-single-item:hover img, #sp-wp-carousel-free-id-104045.sp-wpcp-104045.wpcp-product-carousel .wpcp-single-item:hover img{-webkit-transform: scale(1.2);-moz-transform: scale(1.2);transform: scale(1.2);}#sp-wp-carousel-free-id-104045 .wpcpro-row>[class*=\"wpcpro-col-\"] { padding: 0 10px; padding-bottom: 20px;} #sp-wp-carousel-free-id-104045 .swiper-slide .single-item-fade:not(:last-child) { margin-right: 20px;}@media (min-width: 480px) { .wpcpro-row .wpcpro-col-sm-1 { flex: 0 0 100%; max-width: 100%; } .wpcpro-row .wpcpro-col-sm-2 { flex: 0 0 50%; max-width: 50%; } .wpcpro-row .wpcpro-col-sm-2-5 { flex: 0 0 75%; max-width: 75%; } .wpcpro-row .wpcpro-col-sm-3 { flex: 0 0 33.333%; max-width: 33.333%; } .wpcpro-row .wpcpro-col-sm-4 { flex: 0 0 25%; max-width: 25%; } .wpcpro-row .wpcpro-col-sm-5 { flex: 0 0 20%; max-width: 20%; } .wpcpro-row .wpcpro-col-sm-6 { flex: 0 0 16.66666666666667%; max-width: 16.66666666666667%; } .wpcpro-row .wpcpro-col-sm-7 { flex: 0 0 14.28571428%; max-width: 14.28571428%; } .wpcpro-row .wpcpro-col-sm-8 { flex: 0 0 12.5%; max-width: 12.5%; } } @media (max-width: 480px) { .wpcpro-row .wpcpro-col-xs-1 { flex: 0 0 100%; max-width: 100%; } .wpcpro-row .wpcpro-col-xs-2 { flex: 0 0 50%; max-width: 50%; } .wpcpro-row .wpcpro-col-xs-3 { flex: 0 0 33.222%; max-width: 33.222%; } .wpcpro-row .wpcpro-col-xs-4 { flex: 0 0 25%; max-width: 25%; } .wpcpro-row .wpcpro-col-xs-5 { flex: 0 0 20%; max-width: 20%; } .wpcpro-row .wpcpro-col-xs-6 { flex: 0 0 16.6667%; max-width: 16.6667%; } .wpcpro-row .wpcpro-col-xs-7 { flex: 0 0 14.28571428%; max-width: 14.28571428%; } .wpcpro-row .wpcpro-col-xs-8 { flex: 0 0 12.5%; max-width: 12.5%; } } @media (min-width: 736px) { .wpcpro-row .wpcpro-col-md-1 { flex: 0 0 100%; max-width: 100%; } .wpcpro-row .wpcpro-col-md-2 { flex: 0 0 50%; max-width: 50%; } .wpcpro-row .wpcpro-col-md-2-5 { flex: 0 0 75%; max-width: 75%; } .wpcpro-row .wpcpro-col-md-3 { flex: 0 0 33.333%; max-width: 33.333%; } .wpcpro-row .wpcpro-col-md-4 { flex: 0 0 25%; max-width: 25%; } .wpcpro-row .wpcpro-col-md-5 { flex: 0 0 20%; max-width: 20%; } .wpcpro-row .wpcpro-col-md-6 { flex: 0 0 16.66666666666667%; max-width: 16.66666666666667%; } .wpcpro-row .wpcpro-col-md-7 { flex: 0 0 14.28571428%; max-width: 14.28571428%; } .wpcpro-row .wpcpro-col-md-8 { flex: 0 0 12.5%; max-width: 12.5%; } } @media (min-width: 980px) { .wpcpro-row .wpcpro-col-lg-1 { flex: 0 0 100%; max-width: 100%; } .wpcpro-row .wpcpro-col-lg-2 { flex: 0 0 50%; max-width: 50%; } .wpcpro-row .wpcpro-col-lg-3 { flex: 0 0 33.222%; max-width: 33.222%; } .wpcpro-row .wpcpro-col-lg-4 { flex: 0 0 25%; max-width: 25%; } .wpcpro-row .wpcpro-col-lg-5 { flex: 0 0 20%; max-width: 20%; } .wpcpro-row .wpcpro-col-lg-6 { flex: 0 0 16.6667%; max-width: 16.6667%; } .wpcpro-row .wpcpro-col-lg-7 { flex: 0 0 14.28571428%; max-width: 14.28571428%; } .wpcpro-row .wpcpro-col-lg-8 { flex: 0 0 12.5%; max-width: 12.5%; } } @media (min-width: 1200px) { .wpcpro-row .wpcpro-col-xl-1 { flex: 0 0 100%; max-width: 100%; } .wpcpro-row .wpcpro-col-xl-2 { flex: 0 0 50%; max-width: 50%; } .wpcpro-row .wpcpro-col-xl-3 { flex: 0 0 33.22222222%; max-width: 33.22222222%; } .wpcpro-row .wpcpro-col-xl-4 { flex: 0 0 25%; max-width: 25%; } .wpcpro-row .wpcpro-col-xl-5 { flex: 0 0 20%; max-width: 20%; } .wpcpro-row .wpcpro-col-xl-6 { flex: 0 0 16.66667%; max-width: 16.66667%; } .wpcpro-row .wpcpro-col-xl-7 { flex: 0 0 14.28571428%; max-width: 14.28571428%; } .wpcpro-row .wpcpro-col-xl-8 { flex: 0 0 12.5%; max-width: 12.5%; } }<\/style><div class=\"wpcp-carousel-wrapper wpcp-wrapper-104045\">\n\t<div id=\"wpcp-preloader-104045\" class=\"wpcp-carousel-preloader\"><img decoding=\"async\" src=\"https:\/\/www.aarquiteta.com.br\/blog\/wp-content\/plugins\/wp-carousel-free\/public\/css\/spinner.svg\" alt=\"Preloader Image\" title=\"\"><\/div>\t<div class=\"wpcp-carousel-content-wrapper\">\n\t<div id=\"sp-wp-carousel-free-id-104045\" class=\"wpcp-carousel-section sp-wpcp-104045  nav-vertical-center wpcp-image-carousel wpcp-preloader wpcp-standard\" data-swiper='{ &quot;pagination_type&quot;: &quot;dots&quot;,&quot;accessibility&quot;:true, &quot;spaceBetween&quot;:20, &quot;arrows&quot;:false, &quot;freeMode&quot;: false, &quot;autoplay&quot;:true, &quot;effect&quot;: &quot;&quot;, &quot;centerMode&quot;: false, &quot;autoplaySpeed&quot;:3000, &quot;dots&quot;:true, &quot;infinite&quot;:true, &quot;speed&quot;:600, &quot;pauseOnHover&quot;:true,\n\t\t\t&quot;slidesToShow&quot;:{&quot;lg_desktop&quot;:5, &quot;desktop&quot;: 4, &quot;laptop&quot;: 3, &quot;tablet&quot;: 2, &quot;mobile&quot;: 1}, &quot;responsive&quot;:{&quot;desktop&quot;:1200, &quot;laptop&quot;: 980, &quot;tablet&quot;: 736, &quot;mobile&quot;: 480}, &quot;rtl&quot;:false, &quot;lazyLoad&quot;: &quot;false&quot;, &quot;swipe&quot;: true, &quot;draggable&quot;: true, &quot;swipeToSlide&quot;:false }' dir=\"ltr\">\n\t\t<div class=\"swiper-wrapper\">\n\t\t<div class=\"swiper-slide\">\n\t<div class=\"wpcp-single-item\">\n\t\t\t<a class=\"wcp-light-box\" data-buttons='[\"close\"]' data-wpc_url='https:\/\/www.aarquiteta.com.br\/blog\/wp-content\/uploads\/2023\/12\/5-Itens-de-Decoracao-que-Viraram-Icones-em-Filmes-Famosos02.jpg' href=\"https:\/\/www.aarquiteta.com.br\/blog\/wp-content\/uploads\/2023\/12\/5-Itens-de-Decoracao-que-Viraram-Icones-em-Filmes-Famosos02.jpg\" data-fancybox=\"wpcp_view\">\n\t\t<figure>\n\t\t\t<img decoding=\"async\" class=\"skip-lazy\" src=\"https:\/\/www.aarquiteta.com.br\/blog\/wp-content\/uploads\/2023\/12\/5-Itens-de-Decoracao-que-Viraram-Icones-em-Filmes-Famosos02.jpg\" alt=\"5 Itens de Decora\u00e7\u00e3o que Viraram \u00cdcones em Filmes Famosos\" width=\"1024\" height=\"1024\" title=\"\">\t\t<\/figure>\n\t<\/a>\n\t\t<\/div>\n<\/div>\n\t<div class=\"swiper-slide\">\n\t<div class=\"wpcp-single-item\">\n\t\t\t<a class=\"wcp-light-box\" data-buttons='[\"close\"]' data-wpc_url='https:\/\/www.aarquiteta.com.br\/blog\/wp-content\/uploads\/2023\/12\/5-Itens-de-Decoracao-que-Viraram-Icones-em-Filmes-Famosos01.jpg' href=\"https:\/\/www.aarquiteta.com.br\/blog\/wp-content\/uploads\/2023\/12\/5-Itens-de-Decoracao-que-Viraram-Icones-em-Filmes-Famosos01.jpg\" data-fancybox=\"wpcp_view\">\n\t\t<figure>\n\t\t\t<img decoding=\"async\" class=\"skip-lazy\" src=\"https:\/\/www.aarquiteta.com.br\/blog\/wp-content\/uploads\/2023\/12\/5-Itens-de-Decoracao-que-Viraram-Icones-em-Filmes-Famosos01.jpg\" alt=\"5 Itens de Decora\u00e7\u00e3o que Viraram \u00cdcones em Filmes Famosos\" width=\"1024\" height=\"1024\" title=\"\">\t\t<\/figure>\n\t<\/a>\n\t\t<\/div>\n<\/div>\n\t<div class=\"swiper-slide\">\n\t<div class=\"wpcp-single-item\">\n\t\t\t<a class=\"wcp-light-box\" data-buttons='[\"close\"]' data-wpc_url='https:\/\/www.aarquiteta.com.br\/blog\/wp-content\/uploads\/2023\/12\/5-Itens-de-Decoracao-que-Viraram-Icones-em-Filmes-Famosos04.jpg' href=\"https:\/\/www.aarquiteta.com.br\/blog\/wp-content\/uploads\/2023\/12\/5-Itens-de-Decoracao-que-Viraram-Icones-em-Filmes-Famosos04.jpg\" data-fancybox=\"wpcp_view\">\n\t\t<figure>\n\t\t\t<img decoding=\"async\" class=\"skip-lazy\" src=\"https:\/\/www.aarquiteta.com.br\/blog\/wp-content\/uploads\/2023\/12\/5-Itens-de-Decoracao-que-Viraram-Icones-em-Filmes-Famosos04.jpg\" alt=\"5 Itens de Decora\u00e7\u00e3o que Viraram \u00cdcones em Filmes Famosos\" width=\"1024\" height=\"1024\" title=\"\">\t\t<\/figure>\n\t<\/a>\n\t\t<\/div>\n<\/div>\n\t<div class=\"swiper-slide\">\n\t<div class=\"wpcp-single-item\">\n\t\t\t<a class=\"wcp-light-box\" data-buttons='[\"close\"]' data-wpc_url='https:\/\/www.aarquiteta.com.br\/blog\/wp-content\/uploads\/2023\/12\/5-Itens-de-Decoracao-que-Viraram-Icones-em-Filmes-Famosos03.jpg' href=\"https:\/\/www.aarquiteta.com.br\/blog\/wp-content\/uploads\/2023\/12\/5-Itens-de-Decoracao-que-Viraram-Icones-em-Filmes-Famosos03.jpg\" data-fancybox=\"wpcp_view\">\n\t\t<figure>\n\t\t\t<img decoding=\"async\" class=\"skip-lazy\" src=\"https:\/\/www.aarquiteta.com.br\/blog\/wp-content\/uploads\/2023\/12\/5-Itens-de-Decoracao-que-Viraram-Icones-em-Filmes-Famosos03.jpg\" alt=\"5 Itens de Decora\u00e7\u00e3o que Viraram \u00cdcones em Filmes Famosos\" width=\"1024\" height=\"1024\" title=\"\">\t\t<\/figure>\n\t<\/a>\n\t\t<\/div>\n<\/div>\n\t<div class=\"swiper-slide\">\n\t<div class=\"wpcp-single-item\">\n\t\t\t<a class=\"wcp-light-box\" data-buttons='[\"close\"]' data-wpc_url='https:\/\/www.aarquiteta.com.br\/blog\/wp-content\/uploads\/2023\/12\/5-dicas-de-decoracao-para-mini-salas04.jpg' href=\"https:\/\/www.aarquiteta.com.br\/blog\/wp-content\/uploads\/2023\/12\/5-dicas-de-decoracao-para-mini-salas04.jpg\" data-fancybox=\"wpcp_view\">\n\t\t<figure>\n\t\t\t<img decoding=\"async\" class=\"skip-lazy\" src=\"https:\/\/www.aarquiteta.com.br\/blog\/wp-content\/uploads\/2023\/12\/5-dicas-de-decoracao-para-mini-salas04.jpg\" alt=\"5 dicas de decora\u00e7\u00e3o para mini salas\" width=\"1024\" height=\"1024\" title=\"\">\t\t<\/figure>\n\t<\/a>\n\t\t<\/div>\n<\/div>\n\t<div class=\"swiper-slide\">\n\t<div class=\"wpcp-single-item\">\n\t\t\t<a class=\"wcp-light-box\" data-buttons='[\"close\"]' data-wpc_url='https:\/\/www.aarquiteta.com.br\/blog\/wp-content\/uploads\/2023\/12\/5-dicas-de-decoracao-para-mini-salas03.jpg' href=\"https:\/\/www.aarquiteta.com.br\/blog\/wp-content\/uploads\/2023\/12\/5-dicas-de-decoracao-para-mini-salas03.jpg\" data-fancybox=\"wpcp_view\">\n\t\t<figure>\n\t\t\t<img decoding=\"async\" class=\"skip-lazy\" src=\"https:\/\/www.aarquiteta.com.br\/blog\/wp-content\/uploads\/2023\/12\/5-dicas-de-decoracao-para-mini-salas03.jpg\" alt=\"5 dicas de decora\u00e7\u00e3o para mini salas\" width=\"1024\" height=\"1024\" title=\"\">\t\t<\/figure>\n\t<\/a>\n\t\t<\/div>\n<\/div>\n\t<div class=\"swiper-slide\">\n\t<div class=\"wpcp-single-item\">\n\t\t\t<a class=\"wcp-light-box\" data-buttons='[\"close\"]' data-wpc_url='https:\/\/www.aarquiteta.com.br\/blog\/wp-content\/uploads\/2023\/12\/5-dicas-de-decoracao-para-mini-salas02.jpg' href=\"https:\/\/www.aarquiteta.com.br\/blog\/wp-content\/uploads\/2023\/12\/5-dicas-de-decoracao-para-mini-salas02.jpg\" data-fancybox=\"wpcp_view\">\n\t\t<figure>\n\t\t\t<img decoding=\"async\" class=\"skip-lazy\" src=\"https:\/\/www.aarquiteta.com.br\/blog\/wp-content\/uploads\/2023\/12\/5-dicas-de-decoracao-para-mini-salas02.jpg\" alt=\"5 dicas de decora\u00e7\u00e3o para mini salas\" width=\"1024\" height=\"1024\" title=\"\">\t\t<\/figure>\n\t<\/a>\n\t\t<\/div>\n<\/div>\n\t<div class=\"swiper-slide\">\n\t<div class=\"wpcp-single-item\">\n\t\t\t<a class=\"wcp-light-box\" data-buttons='[\"close\"]' data-wpc_url='https:\/\/www.aarquiteta.com.br\/blog\/wp-content\/uploads\/2023\/12\/5-dicas-de-decoracao-para-mini-salas01.jpg' href=\"https:\/\/www.aarquiteta.com.br\/blog\/wp-content\/uploads\/2023\/12\/5-dicas-de-decoracao-para-mini-salas01.jpg\" data-fancybox=\"wpcp_view\">\n\t\t<figure>\n\t\t\t<img decoding=\"async\" class=\"skip-lazy\" src=\"https:\/\/www.aarquiteta.com.br\/blog\/wp-content\/uploads\/2023\/12\/5-dicas-de-decoracao-para-mini-salas01.jpg\" alt=\"5 dicas de decora\u00e7\u00e3o para mini salas\" width=\"1024\" height=\"1024\" title=\"\">\t\t<\/figure>\n\t<\/a>\n\t\t<\/div>\n<\/div>\n\t<div class=\"swiper-slide\">\n\t<div class=\"wpcp-single-item\">\n\t\t\t<a class=\"wcp-light-box\" data-buttons='[\"close\"]' data-wpc_url='https:\/\/www.aarquiteta.com.br\/blog\/wp-content\/uploads\/2023\/12\/5-dicas-de-Como-Modernizar-a-Decoracao-e-Evitar-Elementos-que-Envelhecem-sua-Casa-2.jpg' href=\"https:\/\/www.aarquiteta.com.br\/blog\/wp-content\/uploads\/2023\/12\/5-dicas-de-Como-Modernizar-a-Decoracao-e-Evitar-Elementos-que-Envelhecem-sua-Casa-2.jpg\" data-fancybox=\"wpcp_view\">\n\t\t<figure>\n\t\t\t<img decoding=\"async\" class=\"skip-lazy\" src=\"https:\/\/www.aarquiteta.com.br\/blog\/wp-content\/uploads\/2023\/12\/5-dicas-de-Como-Modernizar-a-Decoracao-e-Evitar-Elementos-que-Envelhecem-sua-Casa-2.jpg\" alt=\"5 dicas de Como Modernizar a Decora\u00e7\u00e3o e Evitar Elementos que Envelhecem sua Casa\" width=\"1024\" height=\"1024\" title=\"\">\t\t<\/figure>\n\t<\/a>\n\t\t<\/div>\n<\/div>\n\t<div class=\"swiper-slide\">\n\t<div class=\"wpcp-single-item\">\n\t\t\t<a class=\"wcp-light-box\" data-buttons='[\"close\"]' data-wpc_url='https:\/\/www.aarquiteta.com.br\/blog\/wp-content\/uploads\/2023\/12\/5-dicas-de-Como-Modernizar-a-Decoracao-e-Evitar-Elementos-que-Envelhecem-sua-Casa-3.jpg' href=\"https:\/\/www.aarquiteta.com.br\/blog\/wp-content\/uploads\/2023\/12\/5-dicas-de-Como-Modernizar-a-Decoracao-e-Evitar-Elementos-que-Envelhecem-sua-Casa-3.jpg\" data-fancybox=\"wpcp_view\">\n\t\t<figure>\n\t\t\t<img decoding=\"async\" class=\"skip-lazy\" src=\"https:\/\/www.aarquiteta.com.br\/blog\/wp-content\/uploads\/2023\/12\/5-dicas-de-Como-Modernizar-a-Decoracao-e-Evitar-Elementos-que-Envelhecem-sua-Casa-3.jpg\" alt=\"5 dicas de Como Modernizar a Decora\u00e7\u00e3o e Evitar Elementos que Envelhecem sua Casa\" width=\"1024\" height=\"1024\" title=\"\">\t\t<\/figure>\n\t<\/a>\n\t\t<\/div>\n<\/div>\n\t<div class=\"swiper-slide\">\n\t<div class=\"wpcp-single-item\">\n\t\t\t<a class=\"wcp-light-box\" data-buttons='[\"close\"]' data-wpc_url='https:\/\/www.aarquiteta.com.br\/blog\/wp-content\/uploads\/2023\/12\/10-Erros-Comuns-de-Decoracao-que-Voce-Deve-Evitar-em-Sua-Casa.jpg' href=\"https:\/\/www.aarquiteta.com.br\/blog\/wp-content\/uploads\/2023\/12\/10-Erros-Comuns-de-Decoracao-que-Voce-Deve-Evitar-em-Sua-Casa.jpg\" data-fancybox=\"wpcp_view\">\n\t\t<figure>\n\t\t\t<img decoding=\"async\" class=\"skip-lazy\" src=\"https:\/\/www.aarquiteta.com.br\/blog\/wp-content\/uploads\/2023\/12\/10-Erros-Comuns-de-Decoracao-que-Voce-Deve-Evitar-em-Sua-Casa.jpg\" alt=\"10 Erros Comuns de Decora\u00e7\u00e3o que Voc\u00ea Deve Evitar em Sua Casa\" width=\"1024\" height=\"1024\" title=\"\">\t\t<\/figure>\n\t<\/a>\n\t\t<\/div>\n<\/div>\n\t<div class=\"swiper-slide\">\n\t<div class=\"wpcp-single-item\">\n\t\t\t<a class=\"wcp-light-box\" data-buttons='[\"close\"]' data-wpc_url='https:\/\/www.aarquiteta.com.br\/blog\/wp-content\/uploads\/2023\/12\/Transforme-Sua-Casa-com-Elegancia-10-Dicas-Incriveis-para-uma-Decoracao-Chique-e-Economica.jpg' href=\"https:\/\/www.aarquiteta.com.br\/blog\/wp-content\/uploads\/2023\/12\/Transforme-Sua-Casa-com-Elegancia-10-Dicas-Incriveis-para-uma-Decoracao-Chique-e-Economica.jpg\" data-fancybox=\"wpcp_view\">\n\t\t<figure>\n\t\t\t<img decoding=\"async\" class=\"skip-lazy\" src=\"https:\/\/www.aarquiteta.com.br\/blog\/wp-content\/uploads\/2023\/12\/Transforme-Sua-Casa-com-Elegancia-10-Dicas-Incriveis-para-uma-Decoracao-Chique-e-Economica.jpg\" alt=\"Transforme Sua Casa com Eleg\u00e2ncia 10 Dicas Incr\u00edveis para uma Decora\u00e7\u00e3o Chique e Econ\u00f4mica\" width=\"1024\" height=\"1024\" title=\"\">\t\t<\/figure>\n\t<\/a>\n\t\t<\/div>\n<\/div>\n\t<div class=\"swiper-slide\">\n\t<div class=\"wpcp-single-item\">\n\t\t\t<a class=\"wcp-light-box\" data-buttons='[\"close\"]' data-wpc_url='https:\/\/www.aarquiteta.com.br\/blog\/wp-content\/uploads\/2023\/12\/decoracaoa-chique-1.jpg' href=\"https:\/\/www.aarquiteta.com.br\/blog\/wp-content\/uploads\/2023\/12\/decoracaoa-chique-1.jpg\" data-fancybox=\"wpcp_view\">\n\t\t<figure>\n\t\t\t<img decoding=\"async\" class=\"skip-lazy\" src=\"https:\/\/www.aarquiteta.com.br\/blog\/wp-content\/uploads\/2023\/12\/decoracaoa-chique-1.jpg\" alt=\"Transforme Sua Casa com Eleg\u00e2ncia 10 Dicas Incr\u00edveis para uma Decora\u00e7\u00e3o Chique e Econ\u00f4mica\" width=\"923\" height=\"928\" title=\"\">\t\t<\/figure>\n\t<\/a>\n\t\t<\/div>\n<\/div>\n\t<div class=\"swiper-slide\">\n\t<div class=\"wpcp-single-item\">\n\t\t\t<a class=\"wcp-light-box\" data-buttons='[\"close\"]' data-wpc_url='https:\/\/www.aarquiteta.com.br\/blog\/wp-content\/uploads\/2023\/12\/Decoracao-Desatualizada-10-Itens-que-Voce-Deve-Evitar-para-Manter-sua-Casa-Moderna-e-Atraente-2.jpg' href=\"https:\/\/www.aarquiteta.com.br\/blog\/wp-content\/uploads\/2023\/12\/Decoracao-Desatualizada-10-Itens-que-Voce-Deve-Evitar-para-Manter-sua-Casa-Moderna-e-Atraente-2.jpg\" data-fancybox=\"wpcp_view\">\n\t\t<figure>\n\t\t\t<img decoding=\"async\" class=\"skip-lazy\" src=\"https:\/\/www.aarquiteta.com.br\/blog\/wp-content\/uploads\/2023\/12\/Decoracao-Desatualizada-10-Itens-que-Voce-Deve-Evitar-para-Manter-sua-Casa-Moderna-e-Atraente-2.jpg\" alt=\"Decora\u00e7\u00e3o Desatualizada 10 Itens que Voc\u00ea Deve Evitar para Manter sua Casa Moderna e Atraente\" width=\"925\" height=\"925\" title=\"\">\t\t<\/figure>\n\t<\/a>\n\t\t<\/div>\n<\/div>\n\t<div class=\"swiper-slide\">\n\t<div class=\"wpcp-single-item\">\n\t\t\t<a class=\"wcp-light-box\" data-buttons='[\"close\"]' data-wpc_url='https:\/\/www.aarquiteta.com.br\/blog\/wp-content\/uploads\/2023\/12\/Decoracao-Desatualizada-10-Itens-que-Voce-Deve-Evitar-para-Manter-sua-Casa-Moderna-e-Atraente-1.jpg' href=\"https:\/\/www.aarquiteta.com.br\/blog\/wp-content\/uploads\/2023\/12\/Decoracao-Desatualizada-10-Itens-que-Voce-Deve-Evitar-para-Manter-sua-Casa-Moderna-e-Atraente-1.jpg\" data-fancybox=\"wpcp_view\">\n\t\t<figure>\n\t\t\t<img decoding=\"async\" class=\"skip-lazy\" src=\"https:\/\/www.aarquiteta.com.br\/blog\/wp-content\/uploads\/2023\/12\/Decoracao-Desatualizada-10-Itens-que-Voce-Deve-Evitar-para-Manter-sua-Casa-Moderna-e-Atraente-1.jpg\" alt=\"Decora\u00e7\u00e3o Desatualizada 10 Itens que Voc\u00ea Deve Evitar para Manter sua Casa Moderna e Atraente\" width=\"1024\" height=\"1024\" title=\"\">\t\t<\/figure>\n\t<\/a>\n\t\t<\/div>\n<\/div>\n\t<div class=\"swiper-slide\">\n\t<div class=\"wpcp-single-item\">\n\t\t\t<a class=\"wcp-light-box\" data-buttons='[\"close\"]' data-wpc_url='https:\/\/www.aarquiteta.com.br\/blog\/wp-content\/uploads\/2023\/11\/principais-tendencias-de-decoracao-para-2024-02.jpg' href=\"https:\/\/www.aarquiteta.com.br\/blog\/wp-content\/uploads\/2023\/11\/principais-tendencias-de-decoracao-para-2024-02.jpg\" data-fancybox=\"wpcp_view\">\n\t\t<figure>\n\t\t\t<img decoding=\"async\" class=\"skip-lazy\" src=\"https:\/\/www.aarquiteta.com.br\/blog\/wp-content\/uploads\/2023\/11\/principais-tendencias-de-decoracao-para-2024-02.jpg\" alt=\"principais tendencias de decora\u00e7\u00e3o para 2024\" width=\"920\" height=\"920\" title=\"\">\t\t<\/figure>\n\t<\/a>\n\t\t<\/div>\n<\/div>\n\t\t\t<\/div>\n\t\t\t\t\t<div class=\"wpcp-swiper-dots swiper-pagination\"><\/div>\n\t\t\t\t<!-- If we need navigation buttons -->\n\t\t\t<\/div>\n\t<\/div>\n<\/div>\n\n<p>A beleza desses pap\u00e9is de parede est\u00e1 nos detalhes. <b>Texturas realistas de troncos, folhas e pedras<\/b> d\u00e3o profundidade e riqueza ao ambiente, transportando-nos para o cora\u00e7\u00e3o da natureza.<\/p>\n<h3>Combina\u00e7\u00e3o Perfeita<\/h3>\n<figure style=\"width: 1024px\" class=\"wp-caption aligncenter\"><img decoding=\"async\" src=\"https:\/\/www.aarquiteta.com.br\/blog\/wp-content\/uploads\/2024\/06\/papel-de-parede-aesthetic02.jpg\" alt=\"3 Temas de Papel de Parede Aesthetic para Decorar sua Casa\" width=\"1024\" height=\"1024\" title=\"\"><figcaption class=\"wp-caption-text\">3 Temas de Papel de Parede Aesthetic para Decorar sua Casa<\/figcaption><\/figure>\n<p>Esse tema funciona maravilhosamente bem em <b>quartos, salas de estar e at\u00e9 banheiros<\/b>. Imagine tomar um banho relaxante em uma paisagem tropical ou se refrescar em uma cachoeira cristalina ap\u00f3s um longo dia de trabalho.<\/p>\n<h2>Tema 2: Geom\u00e9trico<\/h2>\n<p>Se voc\u00ea \u00e9 uma pessoa mais urbana e adora <b>ambientes vibrantes e cheios de personalidade<\/b>, os pap\u00e9is de parede com estampas geom\u00e9tricas ser\u00e3o seus grandes aliados. Esses padr\u00f5es criam espa\u00e7os modernos, descolados e repletos de energia positiva.<\/p>\n<h3>Linhas Ousadas<\/h3>\n<figure style=\"width: 1024px\" class=\"wp-caption aligncenter\"><img decoding=\"async\" src=\"https:\/\/www.aarquiteta.com.br\/blog\/wp-content\/uploads\/2024\/06\/papel-de-parede-aesthetic01.jpg\" alt=\"3 Temas de Papel de Parede Aesthetic para Decorar sua Casa\" width=\"1024\" height=\"1024\" title=\"\"><figcaption class=\"wp-caption-text\">3 Temas de Papel de Parede Aesthetic para Decorar sua Casa<\/figcaption><\/figure>\n<p><b>Linhas retas, tri\u00e2ngulos e hex\u00e1gonos<\/b> se unem em composi\u00e7\u00f5es arrojadas e cativantes. Essas formas geom\u00e9tricas pontuam as paredes com um estilo \u00fanico e vanguardista.<\/p>\n<h3>Cores Vibrantes<\/h3>\n<h3>Assista agora a minha recomenda\u00e7\u00e3o de video abaixo sobre o tema que estamos tratando neste artigo: <\/h3>\n<p><div class=\"youtube-embed\" data-video_id=\"zFqF1qWXwVU\"><iframe title=\"ideias de coisas para decorar seu quarto\" width=\"696\" height=\"392\" src=\"https:\/\/www.youtube.com\/embed\/zFqF1qWXwVU?feature=oembed&#038;enablejsapi=1\" frameborder=\"0\" allow=\"accelerometer; autoplay; clipboard-write; encrypted-media; gyroscope; picture-in-picture; web-share\" referrerpolicy=\"strict-origin-when-cross-origin\" allowfullscreen><\/iframe><\/div>\n<\/p>\n<p>Para quem n\u00e3o tem medo de ousar, <b>cores intensas como azul profundo, amarelo vibrante e vermelho vivo<\/b> garantem ambientes repletos de personalidade e energia.<\/p>\n<h3>Mistura de Materiais<\/h3>\n<p>Uma das grandes tend\u00eancias \u00e9 <b>misturar diferentes materiais e texturas<\/b>, como pap\u00e9is de parede geom\u00e9tricos combinados com elementos de madeira, metal ou cimento queimado. Essa mescla cria um visual sofisticado e descontra\u00eddo ao mesmo tempo.<\/p>\n<h2>Tema 3: Minimalista<\/h2>\n<p>Para os amantes do estilo clean e despojado, <b>o minimalismo \u00e9 a escolha perfeita<\/b>. Esses pap\u00e9is de parede &#8220;aesthetic&#8221; trazem eleg\u00e2ncia e sofistica\u00e7\u00e3o com sua simplicidade proposital.<\/p>\n<h3>Menos \u00e9 Mais<\/h3>\n<p style=\"text-align: center;\">[amazon table=&#8221;88348&#8243;]\n[amazon table=&#8221;90467&#8243;]\n[amazon table=&#8221;88822&#8243;]\n<p>O estilo minimalista combina perfeitamente com <b>m\u00f3veis clean, linhas retas e cores s\u00f3brias<\/b>. Esse visual despojado e atemporal \u00e9 perfeito para quem busca um lar elegante e acolhedor ao mesmo tempo.<\/p>\n<h2>Conclus\u00e3o<\/h2>\n<p>Seja para criar um <b>ref\u00fagio natural, um espa\u00e7o vibrante ou um ambiente sofisticado<\/b>, os pap\u00e9is de parede &#8220;aesthetic&#8221; s\u00e3o verdadeiros coringas da decora\u00e7\u00e3o. Com tantas op\u00e7\u00f5es incr\u00edveis, fica f\u00e1cil transformar sua casa em um verdadeiro lar dos sonhos, cheio de estilo e personalidade. Ent\u00e3o, o que est\u00e1 esperando? \u00c9 hora de ousar e fazer dessa mudan\u00e7a o come\u00e7o de uma nova e encantadora jornada para sua casa!<\/p>\n","protected":false},"excerpt":{"rendered":"<p>Explore 3 temas de papel de parede aesthetic para decorar sua casa e criar um ambiente mais bonito e acolhedor. Saiba mais!<\/p>\n","protected":false},"author":102,"featured_media":115317,"comment_status":"closed","ping_status":"closed","sticky":false,"template":"","format":"standard","meta":{"footnotes":""},"categories":[1484,971,18792,18794],"tags":[],"class_list":["post-115320","post","type-post","status-publish","format-standard","has-post-thumbnail","category-decoracao","category-design-de-interiores","category-decoracao-de-apartamento","category-projetos-de-decoracao-de-casas"],"_wp_attached_file":null,"_wp_attachment_metadata":null,"_wp_attachment_context":null,"_wp_attachment_is_custom_header":null,"geo_longitude":null,"geo_public":null,"geo_latitude":null,"_publicize_done_external":null,"_wpas_done_3897181":null,"publicize_twitter_user":null,"_wpas_done_3897175":null,"_wpas_skip_3897181":null,"_wpas_skip_3897175":null,"_wpas_skip_3924723":null,"_wpas_mess":null,"_wpas_done_3924723":null,"wps_subtitle":"","_links":{"self":[{"href":"https:\/\/www.aarquiteta.com.br\/blog\/wp-json\/wp\/v2\/posts\/115320","targetHints":{"allow":["GET"]}}],"collection":[{"href":"https:\/\/www.aarquiteta.com.br\/blog\/wp-json\/wp\/v2\/posts"}],"about":[{"href":"https:\/\/www.aarquiteta.com.br\/blog\/wp-json\/wp\/v2\/types\/post"}],"author":[{"embeddable":true,"href":"https:\/\/www.aarquiteta.com.br\/blog\/wp-json\/wp\/v2\/users\/102"}],"replies":[{"embeddable":true,"href":"https:\/\/www.aarquiteta.com.br\/blog\/wp-json\/wp\/v2\/comments?post=115320"}],"version-history":[{"count":0,"href":"https:\/\/www.aarquiteta.com.br\/blog\/wp-json\/wp\/v2\/posts\/115320\/revisions"}],"wp:featuredmedia":[{"embeddable":true,"href":"https:\/\/www.aarquiteta.com.br\/blog\/wp-json\/wp\/v2\/media\/115317"}],"wp:attachment":[{"href":"https:\/\/www.aarquiteta.com.br\/blog\/wp-json\/wp\/v2\/media?parent=115320"}],"wp:term":[{"taxonomy":"category","embeddable":true,"href":"https:\/\/www.aarquiteta.com.br\/blog\/wp-json\/wp\/v2\/categories?post=115320"},{"taxonomy":"post_tag","embeddable":true,"href":"https:\/\/www.aarquiteta.com.br\/blog\/wp-json\/wp\/v2\/tags?post=115320"}],"curies":[{"name":"wp","href":"https:\/\/api.w.org\/{rel}","templated":true}]}}