{"id":115269,"date":"2024-06-18T17:51:29","date_gmt":"2024-06-18T20:51:29","guid":{"rendered":"https:\/\/www.aarquiteta.com.br\/blog\/formas-utilizar-prateleiras-cozinha-otimizar-espaco\/"},"modified":"2024-07-03T14:16:13","modified_gmt":"2024-07-03T17:16:13","slug":"formas-utilizar-prateleiras-cozinha-otimizar-espaco","status":"publish","type":"post","link":"https:\/\/www.aarquiteta.com.br\/blog\/formas-utilizar-prateleiras-cozinha-otimizar-espaco\/","title":{"rendered":"3 Formas de Utilizar Prateleiras na Cozinha para Otimizar Espa\u00e7o"},"content":{"rendered":"<p>Conseguir espa\u00e7o extra na cozinha e manter tudo organizado pode ser um desafio. <b>Prateleiras s\u00e3o a solu\u00e7\u00e3o perfeita<\/b> &#8211; elas adicionam \u00e1rea de armazenamento sem ocupar muito espa\u00e7o no ch\u00e3o. Seja para guardar utens\u00edlios, temperos ou at\u00e9 a lou\u00e7a, h\u00e1 uma prateleira ideal para cada necessidade.<\/p>\n<h3>Principais Ideias:<\/h3>\n<figure style=\"width: 1024px\" class=\"wp-caption aligncenter\"><img decoding=\"async\" src=\"https:\/\/www.aarquiteta.com.br\/blog\/wp-content\/uploads\/2024\/06\/formas-utilizar-prateleiras-cozinha-otimizar-espaco04.jpg\" alt=\"3 Formas de Utilizar Prateleiras na Cozinha para Otimizar Espa\u00e7o\" width=\"1024\" height=\"1024\" title=\"\"><figcaption class=\"wp-caption-text\">3 Formas de Utilizar Prateleiras na Cozinha para Otimizar Espa\u00e7o<\/figcaption><\/figure>\n<ul>\n<li>Prateleiras suspensas aproveitam o espa\u00e7o ocioso na parede, deixando o ch\u00e3o livre.<\/li>\n<li>Prateleiras embutidas nos arm\u00e1rios ou nichos permitem organizar e separar itens com efici\u00eancia.<\/li>\n<li>Prateleiras m\u00f3veis trazem flexibilidade, podendo ser realocadas conforme a necessidade.<\/li>\n<\/ul>\n<h2>1. Prateleiras suspensas<\/h2>\n<p>As prateleiras suspensas s\u00e3o uma excelente op\u00e7\u00e3o para <b>cozinhas compactas ou integradas \u00e0 sala<\/b>. Como s\u00e3o fixadas na parede, elas n\u00e3o ocupam espa\u00e7o no ch\u00e3o, liberando a \u00e1rea para circula\u00e7\u00e3o. Al\u00e9m disso, <b>valorizam a decora\u00e7\u00e3o<\/b> ao expor objetos bonitos ou utens\u00edlios de uso frequente.<\/p>\n<h3>1.1 Instala\u00e7\u00e3o<\/h3>\n<figure style=\"width: 1024px\" class=\"wp-caption aligncenter\"><img decoding=\"async\" src=\"https:\/\/www.aarquiteta.com.br\/blog\/wp-content\/uploads\/2024\/06\/formas-utilizar-prateleiras-cozinha-otimizar-espaco03.jpg\" alt=\"3 Formas de Utilizar Prateleiras na Cozinha para Otimizar Espa\u00e7o\" width=\"1024\" height=\"1024\" title=\"\"><figcaption class=\"wp-caption-text\">3 Formas de Utilizar Prateleiras na Cozinha para Otimizar Espa\u00e7o<\/figcaption><\/figure>\n<p>A instala\u00e7\u00e3o de prateleiras suspensas \u00e9 relativamente simples e requer apenas algumas ferramentas b\u00e1sicas como furadeira, buchas e parafusos. O segredo est\u00e1 em <b>fix\u00e1-las com firmeza na parede<\/b> para evitar acidentes. Preste aten\u00e7\u00e3o na capacidade de carga recomendada pelo fabricante.<\/p>\n<p>Uma dica bastante \u00fatil \u00e9 apostar em <b>prateleiras com suportes bem estruturados<\/b>, de prefer\u00eancia em a\u00e7o ou outro material resistente. Assim, voc\u00ea pode armazenar objetos mais pesados com tranquilidade.<\/p>\n<h2>2. Prateleiras embutidas<\/h2>\n<p>Se voc\u00ea est\u00e1 reformando ou construindo a cozinha do zero, <b>aproveite para projetar nichos e v\u00e3os na parede<\/b> para receber prateleiras embutidas. Essa solu\u00e7\u00e3o oferece um visual elegante e clean, al\u00e9m de <b>otimizar cada cent\u00edmetro do ambiente<\/b>.<\/p>\n<h3>2.1 Aproveitamento de espa\u00e7os<\/h3>\n<p>Uma grande vantagem das prateleiras embutidas \u00e9 o <b>aproveitamento inteligente de espa\u00e7os<\/b> antes desperdi\u00e7ados. Por exemplo, \u00e9 poss\u00edvel criar um nicho entre os arm\u00e1rios para colocar uma prateleira e guardar temperos, potes ou lou\u00e7as de uso eventual.<\/p>\n<p>Voc\u00ea tamb\u00e9m pode fazer prateleiras embutidas embaixo do forno ou cooktop, ocupando um espa\u00e7o que normalmente fica vazio. Uma dica criativa: <b>opte por prateleiras de vidro<\/b> para um efeito clean e moderno.<\/p>\n<h2>3. Prateleiras m\u00f3veis<\/h2>\n<p>Para quem preza pela <b>flexibilidade na organiza\u00e7\u00e3o da cozinha<\/b>, as prateleiras m\u00f3veis s\u00e3o uma \u00f3tima pedida. Elas podem ser deslocadas conforme a necessidade, permitindo diferentes configura\u00e7\u00f5es.<\/p>\n<h3>3.1 Flexibilidade na organiza\u00e7\u00e3o<\/h3>\n<figure style=\"width: 1024px\" class=\"wp-caption aligncenter\"><img decoding=\"async\" src=\"https:\/\/www.aarquiteta.com.br\/blog\/wp-content\/uploads\/2024\/06\/formas-utilizar-prateleiras-cozinha-otimizar-espaco02.jpg\" alt=\"3 Formas de Utilizar Prateleiras na Cozinha para Otimizar Espa\u00e7o\" width=\"1024\" height=\"1024\" title=\"\"><figcaption class=\"wp-caption-text\">3 Formas de Utilizar Prateleiras na Cozinha para Otimizar Espa\u00e7o<\/figcaption><\/figure>\n<p>As prateleiras com rod\u00edzios s\u00e3o um exemplo pr\u00e1tico de solu\u00e7\u00e3o m\u00f3vel. <b>Basta empurr\u00e1-las para o local desejado<\/b> quando precisar ter mais \u00e1rea de trabalho ou at\u00e9 mesmo levar os utens\u00edlios para perto do fog\u00e3o.<\/p>\n<p>Outra possibilidade s\u00e3o as <b>prateleiras deslizantes fixadas em trilhos<\/b>. Essa op\u00e7\u00e3o \u00e9 muito funcional dentro de arm\u00e1rios e despensas, facilitando o acesso aos itens armazenados no fundo.<\/p>\n<h2>Conclus\u00e3o<\/h2>\n<p>Como voc\u00ea pode ver, existem <b>diversas alternativas de prateleiras para deixar sua cozinha ainda mais funcional e bonita<\/b>. Seja para pequenos utens\u00edlios ou eletrodom\u00e9sticos maiores, aposte nelas para aproveitar cada cantinho dispon\u00edvel. Uma cozinha bem organizada traz <b>praticidade no dia a dia<\/b> e uma sensa\u00e7\u00e3o de aconchego que convida a passar mais tempo nesse espa\u00e7o t\u00e3o especial.<\/p>\n<figure style=\"width: 1024px\" class=\"wp-caption aligncenter\"><img decoding=\"async\" src=\"https:\/\/www.aarquiteta.com.br\/blog\/wp-content\/uploads\/2024\/06\/formas-utilizar-prateleiras-cozinha-otimizar-espaco01.jpg\" alt=\"3 Formas de Utilizar Prateleiras na Cozinha para Otimizar Espa\u00e7o\" width=\"1024\" height=\"1024\" title=\"\"><figcaption class=\"wp-caption-text\">3 Formas de Utilizar Prateleiras na Cozinha para Otimizar Espa\u00e7o<\/figcaption><\/figure>\n<h3>Assista agora a minha recomenda\u00e7\u00e3o de video abaixo sobre o tema que estamos tratando neste artigo:<\/h3>\n<div class=\"youtube-embed\" data-video_id=\"IWgKQSaqzlo\"><iframe title=\"COMO ORGANIZAR ARM\u00c1RIO DA COZINHA em 4 PASSOS: copos, pratos, talheres, alimentos e mais\" width=\"696\" height=\"392\" src=\"https:\/\/www.youtube.com\/embed\/IWgKQSaqzlo?feature=oembed&#038;enablejsapi=1\" frameborder=\"0\" allow=\"accelerometer; autoplay; clipboard-write; encrypted-media; gyroscope; picture-in-picture; web-share\" referrerpolicy=\"strict-origin-when-cross-origin\" allowfullscreen><\/iframe><\/div>\n<p style=\"text-align: center;\">\n","protected":false},"excerpt":{"rendered":"<p>Aprenda 3 formas de utilizar prateleiras na cozinha para otimizar o espa\u00e7o e manter tudo organizado. Escolha a melhor ideia!<\/p>\n","protected":false},"author":102,"featured_media":115266,"comment_status":"closed","ping_status":"closed","sticky":false,"template":"","format":"standard","meta":{"footnotes":""},"categories":[35414,18754,1484,35452],"tags":[],"class_list":["post-115269","post","type-post","status-publish","format-standard","has-post-thumbnail","category-acessorios-para-decoracao","category-decoracao-de-cozinha","category-decoracao","category-prateleiras-e-nichos"],"_wp_attached_file":null,"_wp_attachment_metadata":null,"_wp_attachment_context":null,"_wp_attachment_is_custom_header":null,"geo_longitude":null,"geo_public":null,"geo_latitude":null,"_publicize_done_external":null,"_wpas_done_3897181":null,"publicize_twitter_user":null,"_wpas_done_3897175":null,"_wpas_skip_3897181":null,"_wpas_skip_3897175":null,"_wpas_skip_3924723":null,"_wpas_mess":null,"_wpas_done_3924723":null,"wps_subtitle":"","_links":{"self":[{"href":"https:\/\/www.aarquiteta.com.br\/blog\/wp-json\/wp\/v2\/posts\/115269","targetHints":{"allow":["GET"]}}],"collection":[{"href":"https:\/\/www.aarquiteta.com.br\/blog\/wp-json\/wp\/v2\/posts"}],"about":[{"href":"https:\/\/www.aarquiteta.com.br\/blog\/wp-json\/wp\/v2\/types\/post"}],"author":[{"embeddable":true,"href":"https:\/\/www.aarquiteta.com.br\/blog\/wp-json\/wp\/v2\/users\/102"}],"replies":[{"embeddable":true,"href":"https:\/\/www.aarquiteta.com.br\/blog\/wp-json\/wp\/v2\/comments?post=115269"}],"version-history":[{"count":0,"href":"https:\/\/www.aarquiteta.com.br\/blog\/wp-json\/wp\/v2\/posts\/115269\/revisions"}],"wp:featuredmedia":[{"embeddable":true,"href":"https:\/\/www.aarquiteta.com.br\/blog\/wp-json\/wp\/v2\/media\/115266"}],"wp:attachment":[{"href":"https:\/\/www.aarquiteta.com.br\/blog\/wp-json\/wp\/v2\/media?parent=115269"}],"wp:term":[{"taxonomy":"category","embeddable":true,"href":"https:\/\/www.aarquiteta.com.br\/blog\/wp-json\/wp\/v2\/categories?post=115269"},{"taxonomy":"post_tag","embeddable":true,"href":"https:\/\/www.aarquiteta.com.br\/blog\/wp-json\/wp\/v2\/tags?post=115269"}],"curies":[{"name":"wp","href":"https:\/\/api.w.org\/{rel}","templated":true}]}}