{"id":114614,"date":"2024-06-11T14:04:29","date_gmt":"2024-06-11T17:04:29","guid":{"rendered":"https:\/\/www.aarquiteta.com.br\/blog\/decoracao-de-quintal-com-pergolado\/"},"modified":"2024-06-27T16:57:54","modified_gmt":"2024-06-27T19:57:54","slug":"decoracao-de-quintal-com-pergolado","status":"publish","type":"post","link":"https:\/\/www.aarquiteta.com.br\/blog\/decoracao-de-quintal-com-pergolado\/","title":{"rendered":"5 Ideias Criativas de Decora\u00e7\u00e3o de Quintal com Pergolado para Transformar Seu Espa\u00e7o"},"content":{"rendered":"<p>Transformar seu quintal com um <b>pergolado decorativo<\/b> pode ser a solu\u00e7\u00e3o perfeita para criar um ref\u00fagio aconchegante e cheio de charme ao ar livre. Seja para desfrutar de momentos relaxantes, receber amigos ou simplesmente admirar a natureza, essas cinco ideias criativas v\u00e3o inspir\u00e1-lo a renovar o seu espa\u00e7o com estilo e funcionalidade.<\/p>\n<h2>Principais Destaques<\/h2>\n<ul>\n<li><b>Pergolado com Plantas Trepadeiras:<\/b> Crie um dossel natural com plantas trepadeiras resistentes e de crescimento r\u00e1pido, como a glic\u00ednia, a roseira trepadeira ou a hera inglesa.<\/li>\n<li><b>Ilumina\u00e7\u00e3o Aconchegante:<\/b> Luzes de LED instaladas nas vigas do pergolado ou pendentes de diversos tamanhos e formatos criam uma atmosfera m\u00e1gica e acolhedora.<\/li>\n<li><b>M\u00f3veis Confort\u00e1veis e Funcionais:<\/b> Invista em m\u00f3veis como sof\u00e1s, poltronas e mesas feitos de materiais resistentes \u00e0s intemp\u00e9ries, como alum\u00ednio, rattan sint\u00e9tico ou madeira tratada.<\/li>\n<\/ul>\n<h2>1. Pergolado com plantas trepadeiras<\/h2>\n<p>Nada mais charmoso do que um <b>pergolado coberto por plantas trepadeiras<\/b> formando um dossel natural. Al\u00e9m de criar uma atmosfera rom\u00e2ntica e acolhedora, as plantas tamb\u00e9m oferecem sombra e privacidade ao seu ref\u00fagio ao ar livre.<\/p>\n<h3>Escolha das plantas adequadas<\/h3>\n<figure style=\"width: 1024px\" class=\"wp-caption aligncenter\"><img decoding=\"async\" src=\"https:\/\/www.aarquiteta.com.br\/blog\/wp-content\/uploads\/2024\/06\/decoracao-de-quintal-com-pergolado04.jpg\" alt=\"5 Ideias Criativas de Decora\u00e7\u00e3o de Quintal com Pergolado para Transformar Seu Espa\u00e7o\" width=\"1024\" height=\"1024\" title=\"\"><figcaption class=\"wp-caption-text\">5 Ideias Criativas de Decora\u00e7\u00e3o de Quintal com Pergolado para Transformar Seu Espa\u00e7o<\/figcaption><\/figure>\n<p>Para obter o melhor resultado, escolha <b>plantas trepadeiras resistentes<\/b> e de crescimento r\u00e1pido, como a glic\u00ednia, a roseira trepadeira ou a hera inglesa. Lembre-se de preparar adequadamente o solo e fornecer um sistema de sustenta\u00e7\u00e3o para as plantas se desenvolverem plenamente.<\/p>\n<h2>2. Ilumina\u00e7\u00e3o aconchegante<\/h2>\n<p>Nada \u00e9 mais <b>acolhedor do que uma ilumina\u00e7\u00e3o suave e aconchegante<\/b> ao anoitecer. Para criar esse efeito m\u00e1gico, aposte em luzes de LED instaladas nas vigas do pergolado ou pendentes de diversos tamanhos e formatos.<\/p>\n<h3>Uso de luzes de LED<\/h3>\n<figure style=\"width: 1024px\" class=\"wp-caption aligncenter\"><img decoding=\"async\" src=\"https:\/\/www.aarquiteta.com.br\/blog\/wp-content\/uploads\/2024\/06\/decoracao-de-quintal-com-pergolado03.jpg\" alt=\"5 Ideias Criativas de Decora\u00e7\u00e3o de Quintal com Pergolado para Transformar Seu Espa\u00e7o\" width=\"1024\" height=\"1024\" title=\"\"><figcaption class=\"wp-caption-text\">5 Ideias Criativas de Decora\u00e7\u00e3o de Quintal com Pergolado para Transformar Seu Espa\u00e7o<\/figcaption><\/figure>\n<p>As luzes de LED s\u00e3o a escolha perfeita para iluminar seu pergolado de forma <b>eficiente e econ\u00f4mica<\/b>. Elas consomem menos energia, duram mais e oferecem uma luz suave e agrad\u00e1vel. Experimente combinar diferentes tons de luz para criar uma atmosfera \u00fanica e aconchegante.<\/p>\n<h2>3. M\u00f3veis confort\u00e1veis e funcionais<\/h2>\n<p>Para aproveitar ao m\u00e1ximo o seu <b>ref\u00fagio ao ar livre<\/b>, \u00e9 essencial investir em m\u00f3veis confort\u00e1veis e resistentes \u00e0s intemp\u00e9ries. Um conjunto de sof\u00e1s ou poltronas com almofadas macias e uma mesa de centro podem transformar o seu pergolado em uma verdadeira sala de estar externa.<\/p>\n<h3>Op\u00e7\u00f5es de m\u00f3veis resistentes \u00e0s intemp\u00e9ries<\/h3>\n<style id=\"wp_carousel_dynamic_css104054\">.sp-wp-carousel-free-id-104054.wpcf-fancybox-wrapper .fancybox-bg{background: #0b0b0b;opacity: 0.8;}.sp-wp-carousel-free-id-104054.wpcf-fancybox-wrapper .fancybox-navigation .fancybox-button .wpcp-fancybox-nav-arrow i {color: #ccc;}.sp-wp-carousel-free-id-104054.wpcf-fancybox-wrapper .fancybox-navigation .fancybox-button .wpcp-fancybox-nav-arrow i:hover {color: #fff;}.sp-wp-carousel-free-id-104054.wpcf-fancybox-wrapper .fancybox-navigation .fancybox-button {background: #1e1e1e;}.sp-wp-carousel-free-id-104054.wpcf-fancybox-wrapper .fancybox-navigation .fancybox-button:hover {background: #1e1e1e;}#sp-wp-carousel-free-id-104054 .wpcp-swiper-dots {margin: 40px 0px 0px 0px;}.wpcp-wrapper-104054 .swiper-wrapper .swiper-slide-kenburn, .wpcp-wrapper-104054 .swiper-wrapper, .wpcp-wrapper-104054 .wpcpro-row{align-items: center;}#sp-wp-carousel-free-id-104054 .wpcp-single-item {box-shadow: 0px 0px 0px 0px #dddddd;transition: all .3s;margin: 0px;}#sp-wp-carousel-free-id-104054.swiper-flip .wpcp-single-item{margin: 0!important;}#sp-wp-carousel-free-id-104054 .wpcp-single-item:hover {box-shadow: 0px 0px 0px 0px #dddddd;}#sp-wp-carousel-free-id-104054.sp-wpcp-104054 .wpcp-single-item {border: 1px solid #dddddd;}#sp-wp-carousel-free-id-104054.sp-wpcp-104054 .swiper-button-prev,#sp-wp-carousel-free-id-104054.sp-wpcp-104054 .swiper-button-next,#sp-wp-carousel-free-id-104054.sp-wpcp-104054 .swiper-button-prev:hover,#sp-wp-carousel-free-id-104054.sp-wpcp-104054 .swiper-button-next:hover {background: none;border: none;font-size: 30px;}#sp-wp-carousel-free-id-104054.sp-wpcp-104054 .swiper-button-prev i,#sp-wp-carousel-free-id-104054.sp-wpcp-104054 .swiper-button-next i {color: #aaa;}#sp-wp-carousel-free-id-104054.sp-wpcp-104054 .swiper-button-prev i:hover,#sp-wp-carousel-free-id-104054.sp-wpcp-104054 .swiper-button-next i:hover {color: #178087;}#sp-wp-carousel-free-id-104054.sp-wpcp-104054 .wpcp-swiper-dots .swiper-pagination-bullet {background-color: #cccccc;}#sp-wp-carousel-free-id-104054.sp-wpcp-104054 .wpcp-swiper-dots .swiper-pagination-bullet.swiper-pagination-bullet-active {background-color: #178087;} #sp-wp-carousel-free-id-104054.sp-wpcp-104054.wpcp-image-carousel .wpcp-single-item:hover img, #sp-wp-carousel-free-id-104054.sp-wpcp-104054.wpcp-post-carousel .wpcp-single-item:hover img, #sp-wp-carousel-free-id-104054.sp-wpcp-104054.wpcp-product-carousel .wpcp-single-item:hover img{-webkit-transform: scale(1.2);-moz-transform: scale(1.2);transform: scale(1.2);}#sp-wp-carousel-free-id-104054 .wpcpro-row>[class*=\"wpcpro-col-\"] { padding: 0 10px; padding-bottom: 20px;} #sp-wp-carousel-free-id-104054 .swiper-slide .single-item-fade:not(:last-child) { margin-right: 20px;}@media (min-width: 480px) { .wpcpro-row .wpcpro-col-sm-1 { flex: 0 0 100%; max-width: 100%; } .wpcpro-row .wpcpro-col-sm-2 { flex: 0 0 50%; max-width: 50%; } .wpcpro-row .wpcpro-col-sm-2-5 { flex: 0 0 75%; max-width: 75%; } .wpcpro-row .wpcpro-col-sm-3 { flex: 0 0 33.333%; max-width: 33.333%; } .wpcpro-row .wpcpro-col-sm-4 { flex: 0 0 25%; max-width: 25%; } .wpcpro-row .wpcpro-col-sm-5 { flex: 0 0 20%; max-width: 20%; } .wpcpro-row .wpcpro-col-sm-6 { flex: 0 0 16.66666666666667%; max-width: 16.66666666666667%; } .wpcpro-row .wpcpro-col-sm-7 { flex: 0 0 14.28571428%; max-width: 14.28571428%; } .wpcpro-row .wpcpro-col-sm-8 { flex: 0 0 12.5%; max-width: 12.5%; } } @media (max-width: 480px) { .wpcpro-row .wpcpro-col-xs-1 { flex: 0 0 100%; max-width: 100%; } .wpcpro-row .wpcpro-col-xs-2 { flex: 0 0 50%; max-width: 50%; } .wpcpro-row .wpcpro-col-xs-3 { flex: 0 0 33.222%; max-width: 33.222%; } .wpcpro-row .wpcpro-col-xs-4 { flex: 0 0 25%; max-width: 25%; } .wpcpro-row .wpcpro-col-xs-5 { flex: 0 0 20%; max-width: 20%; } .wpcpro-row .wpcpro-col-xs-6 { flex: 0 0 16.6667%; max-width: 16.6667%; } .wpcpro-row .wpcpro-col-xs-7 { flex: 0 0 14.28571428%; max-width: 14.28571428%; } .wpcpro-row .wpcpro-col-xs-8 { flex: 0 0 12.5%; max-width: 12.5%; } } @media (min-width: 736px) { .wpcpro-row .wpcpro-col-md-1 { flex: 0 0 100%; max-width: 100%; } .wpcpro-row .wpcpro-col-md-2 { flex: 0 0 50%; max-width: 50%; } .wpcpro-row .wpcpro-col-md-2-5 { flex: 0 0 75%; max-width: 75%; } .wpcpro-row .wpcpro-col-md-3 { flex: 0 0 33.333%; max-width: 33.333%; } .wpcpro-row .wpcpro-col-md-4 { flex: 0 0 25%; max-width: 25%; } .wpcpro-row .wpcpro-col-md-5 { flex: 0 0 20%; max-width: 20%; } .wpcpro-row .wpcpro-col-md-6 { flex: 0 0 16.66666666666667%; max-width: 16.66666666666667%; } .wpcpro-row .wpcpro-col-md-7 { flex: 0 0 14.28571428%; max-width: 14.28571428%; } .wpcpro-row .wpcpro-col-md-8 { flex: 0 0 12.5%; max-width: 12.5%; } } @media (min-width: 980px) { .wpcpro-row .wpcpro-col-lg-1 { flex: 0 0 100%; max-width: 100%; } .wpcpro-row .wpcpro-col-lg-2 { flex: 0 0 50%; max-width: 50%; } .wpcpro-row .wpcpro-col-lg-3 { flex: 0 0 33.222%; max-width: 33.222%; } .wpcpro-row .wpcpro-col-lg-4 { flex: 0 0 25%; max-width: 25%; } .wpcpro-row .wpcpro-col-lg-5 { flex: 0 0 20%; max-width: 20%; } .wpcpro-row .wpcpro-col-lg-6 { flex: 0 0 16.6667%; max-width: 16.6667%; } .wpcpro-row .wpcpro-col-lg-7 { flex: 0 0 14.28571428%; max-width: 14.28571428%; } .wpcpro-row .wpcpro-col-lg-8 { flex: 0 0 12.5%; max-width: 12.5%; } } @media (min-width: 1200px) { .wpcpro-row .wpcpro-col-xl-1 { flex: 0 0 100%; max-width: 100%; } .wpcpro-row .wpcpro-col-xl-2 { flex: 0 0 50%; max-width: 50%; } .wpcpro-row .wpcpro-col-xl-3 { flex: 0 0 33.22222222%; max-width: 33.22222222%; } .wpcpro-row .wpcpro-col-xl-4 { flex: 0 0 25%; max-width: 25%; } .wpcpro-row .wpcpro-col-xl-5 { flex: 0 0 20%; max-width: 20%; } .wpcpro-row .wpcpro-col-xl-6 { flex: 0 0 16.66667%; max-width: 16.66667%; } .wpcpro-row .wpcpro-col-xl-7 { flex: 0 0 14.28571428%; max-width: 14.28571428%; } .wpcpro-row .wpcpro-col-xl-8 { flex: 0 0 12.5%; max-width: 12.5%; } }<\/style><div class=\"wpcp-carousel-wrapper wpcp-wrapper-104054\">\n\t<div id=\"wpcp-preloader-104054\" class=\"wpcp-carousel-preloader\"><img decoding=\"async\" src=\"https:\/\/www.aarquiteta.com.br\/blog\/wp-content\/plugins\/wp-carousel-free\/public\/css\/spinner.svg\" alt=\"Preloader Image\" title=\"\"><\/div>\t<div class=\"wpcp-carousel-content-wrapper\">\n\t<div id=\"sp-wp-carousel-free-id-104054\" class=\"wpcp-carousel-section sp-wpcp-104054  nav-vertical-center wpcp-image-carousel wpcp-preloader wpcp-standard\" data-swiper='{ &quot;pagination_type&quot;: &quot;dots&quot;,&quot;accessibility&quot;:true, &quot;spaceBetween&quot;:20, &quot;arrows&quot;:false, &quot;freeMode&quot;: false, &quot;autoplay&quot;:true, &quot;effect&quot;: &quot;&quot;, &quot;centerMode&quot;: false, &quot;autoplaySpeed&quot;:3000, &quot;dots&quot;:true, &quot;infinite&quot;:true, &quot;speed&quot;:600, &quot;pauseOnHover&quot;:true,\n\t\t\t&quot;slidesToShow&quot;:{&quot;lg_desktop&quot;:5, &quot;desktop&quot;: 4, &quot;laptop&quot;: 3, &quot;tablet&quot;: 2, &quot;mobile&quot;: 1}, &quot;responsive&quot;:{&quot;desktop&quot;:1200, &quot;laptop&quot;: 980, &quot;tablet&quot;: 736, &quot;mobile&quot;: 480}, &quot;rtl&quot;:false, &quot;lazyLoad&quot;: &quot;false&quot;, &quot;swipe&quot;: true, &quot;draggable&quot;: true, &quot;swipeToSlide&quot;:false }' dir=\"ltr\">\n\t\t<div class=\"swiper-wrapper\">\n\t\t<div class=\"swiper-slide\">\n\t<div class=\"wpcp-single-item\">\n\t\t\t<a class=\"wcp-light-box\" data-buttons='[\"close\"]' data-wpc_url='https:\/\/www.aarquiteta.com.br\/blog\/wp-content\/uploads\/2023\/12\/escubra-como-Transformar-Sua-Casa-com-o-Incrivel-Efeito-Madeira-Usando-Apenas-Argamassa.jpg' href=\"https:\/\/www.aarquiteta.com.br\/blog\/wp-content\/uploads\/2023\/12\/escubra-como-Transformar-Sua-Casa-com-o-Incrivel-Efeito-Madeira-Usando-Apenas-Argamassa.jpg\" data-fancybox=\"wpcp_view\">\n\t\t<figure>\n\t\t\t<img decoding=\"async\" class=\"skip-lazy\" src=\"https:\/\/www.aarquiteta.com.br\/blog\/wp-content\/uploads\/2023\/12\/escubra-como-Transformar-Sua-Casa-com-o-Incrivel-Efeito-Madeira-Usando-Apenas-Argamassa.jpg\" alt=\"Descubra como Transformar Sua Casa com o Incr\u00edvel Efeito Madeira Usando Apenas Argamassa\" width=\"1024\" height=\"1024\" title=\"\">\t\t<\/figure>\n\t<\/a>\n\t\t<\/div>\n<\/div>\n\t<div class=\"swiper-slide\">\n\t<div class=\"wpcp-single-item\">\n\t\t\t<a class=\"wcp-light-box\" data-buttons='[\"close\"]' data-wpc_url='https:\/\/www.aarquiteta.com.br\/blog\/wp-content\/uploads\/2023\/12\/pisos-que-imitam-madeira04.jpg' href=\"https:\/\/www.aarquiteta.com.br\/blog\/wp-content\/uploads\/2023\/12\/pisos-que-imitam-madeira04.jpg\" data-fancybox=\"wpcp_view\">\n\t\t<figure>\n\t\t\t<img decoding=\"async\" class=\"skip-lazy\" src=\"https:\/\/www.aarquiteta.com.br\/blog\/wp-content\/uploads\/2023\/12\/pisos-que-imitam-madeira04.jpg\" alt=\"pisos que imitam madeira\" width=\"1024\" height=\"1024\" title=\"\">\t\t<\/figure>\n\t<\/a>\n\t\t<\/div>\n<\/div>\n\t<div class=\"swiper-slide\">\n\t<div class=\"wpcp-single-item\">\n\t\t\t<a class=\"wcp-light-box\" data-buttons='[\"close\"]' data-wpc_url='https:\/\/www.aarquiteta.com.br\/blog\/wp-content\/uploads\/2024\/01\/poltrona-de-madeira02.jpg' href=\"https:\/\/www.aarquiteta.com.br\/blog\/wp-content\/uploads\/2024\/01\/poltrona-de-madeira02.jpg\" data-fancybox=\"wpcp_view\">\n\t\t<figure>\n\t\t\t<img decoding=\"async\" class=\"skip-lazy\" src=\"https:\/\/www.aarquiteta.com.br\/blog\/wp-content\/uploads\/2024\/01\/poltrona-de-madeira02.jpg\" alt=\"poltrona de madeira\" width=\"1024\" height=\"1024\" title=\"\">\t\t<\/figure>\n\t<\/a>\n\t\t<\/div>\n<\/div>\n\t<div class=\"swiper-slide\">\n\t<div class=\"wpcp-single-item\">\n\t\t\t<a class=\"wcp-light-box\" data-buttons='[\"close\"]' data-wpc_url='https:\/\/www.aarquiteta.com.br\/blog\/wp-content\/uploads\/2023\/12\/pisos-que-imitam-madeira01.jpg' href=\"https:\/\/www.aarquiteta.com.br\/blog\/wp-content\/uploads\/2023\/12\/pisos-que-imitam-madeira01.jpg\" data-fancybox=\"wpcp_view\">\n\t\t<figure>\n\t\t\t<img decoding=\"async\" class=\"skip-lazy\" src=\"https:\/\/www.aarquiteta.com.br\/blog\/wp-content\/uploads\/2023\/12\/pisos-que-imitam-madeira01.jpg\" alt=\"pisos que imitam madeira\" width=\"1024\" height=\"1024\" title=\"\">\t\t<\/figure>\n\t<\/a>\n\t\t<\/div>\n<\/div>\n\t<div class=\"swiper-slide\">\n\t<div class=\"wpcp-single-item\">\n\t\t\t<a class=\"wcp-light-box\" data-buttons='[\"close\"]' data-wpc_url='https:\/\/www.aarquiteta.com.br\/blog\/wp-content\/uploads\/2023\/12\/cabeceira-de-madeira04.jpg' href=\"https:\/\/www.aarquiteta.com.br\/blog\/wp-content\/uploads\/2023\/12\/cabeceira-de-madeira04.jpg\" data-fancybox=\"wpcp_view\">\n\t\t<figure>\n\t\t\t<img decoding=\"async\" class=\"skip-lazy\" src=\"https:\/\/www.aarquiteta.com.br\/blog\/wp-content\/uploads\/2023\/12\/cabeceira-de-madeira04.jpg\" alt=\"cabeceira de madeira\" width=\"1024\" height=\"1024\" title=\"\">\t\t<\/figure>\n\t<\/a>\n\t\t<\/div>\n<\/div>\n\t<div class=\"swiper-slide\">\n\t<div class=\"wpcp-single-item\">\n\t\t\t<a class=\"wcp-light-box\" data-buttons='[\"close\"]' data-wpc_url='https:\/\/www.aarquiteta.com.br\/blog\/wp-content\/uploads\/2023\/12\/divisoria-de-madeira01.jpg' href=\"https:\/\/www.aarquiteta.com.br\/blog\/wp-content\/uploads\/2023\/12\/divisoria-de-madeira01.jpg\" data-fancybox=\"wpcp_view\">\n\t\t<figure>\n\t\t\t<img decoding=\"async\" class=\"skip-lazy\" src=\"https:\/\/www.aarquiteta.com.br\/blog\/wp-content\/uploads\/2023\/12\/divisoria-de-madeira01.jpg\" alt=\"divis\u00f3ria de madeira\" width=\"1024\" height=\"1024\" title=\"\">\t\t<\/figure>\n\t<\/a>\n\t\t<\/div>\n<\/div>\n\t<div class=\"swiper-slide\">\n\t<div class=\"wpcp-single-item\">\n\t\t\t<a class=\"wcp-light-box\" data-buttons='[\"close\"]' data-wpc_url='https:\/\/www.aarquiteta.com.br\/blog\/wp-content\/uploads\/2023\/12\/rack-de-madeira03.jpg' href=\"https:\/\/www.aarquiteta.com.br\/blog\/wp-content\/uploads\/2023\/12\/rack-de-madeira03.jpg\" data-fancybox=\"wpcp_view\">\n\t\t<figure>\n\t\t\t<img decoding=\"async\" class=\"skip-lazy\" src=\"https:\/\/www.aarquiteta.com.br\/blog\/wp-content\/uploads\/2023\/12\/rack-de-madeira03.jpg\" alt=\"rack de madeira\" width=\"1024\" height=\"1024\" title=\"\">\t\t<\/figure>\n\t<\/a>\n\t\t<\/div>\n<\/div>\n\t<div class=\"swiper-slide\">\n\t<div class=\"wpcp-single-item\">\n\t\t\t<a class=\"wcp-light-box\" data-buttons='[\"close\"]' data-wpc_url='https:\/\/www.aarquiteta.com.br\/blog\/wp-content\/uploads\/2023\/12\/cabeceira-de-madeira02.jpg' href=\"https:\/\/www.aarquiteta.com.br\/blog\/wp-content\/uploads\/2023\/12\/cabeceira-de-madeira02.jpg\" data-fancybox=\"wpcp_view\">\n\t\t<figure>\n\t\t\t<img decoding=\"async\" class=\"skip-lazy\" src=\"https:\/\/www.aarquiteta.com.br\/blog\/wp-content\/uploads\/2023\/12\/cabeceira-de-madeira02.jpg\" alt=\"cabeceira de madeira\" width=\"1024\" height=\"1024\" title=\"\">\t\t<\/figure>\n\t<\/a>\n\t\t<\/div>\n<\/div>\n\t<div class=\"swiper-slide\">\n\t<div class=\"wpcp-single-item\">\n\t\t\t<a class=\"wcp-light-box\" data-buttons='[\"close\"]' data-wpc_url='https:\/\/www.aarquiteta.com.br\/blog\/wp-content\/uploads\/2023\/11\/escadas-de-madeira04.jpg' href=\"https:\/\/www.aarquiteta.com.br\/blog\/wp-content\/uploads\/2023\/11\/escadas-de-madeira04.jpg\" data-fancybox=\"wpcp_view\">\n\t\t<figure>\n\t\t\t<img decoding=\"async\" class=\"skip-lazy\" src=\"https:\/\/www.aarquiteta.com.br\/blog\/wp-content\/uploads\/2023\/11\/escadas-de-madeira04.jpg\" alt=\"escadas de madeira\" width=\"1024\" height=\"1024\" title=\"\">\t\t<\/figure>\n\t<\/a>\n\t\t<\/div>\n<\/div>\n\t<div class=\"swiper-slide\">\n\t<div class=\"wpcp-single-item\">\n\t\t\t<a class=\"wcp-light-box\" data-buttons='[\"close\"]' data-wpc_url='https:\/\/www.aarquiteta.com.br\/blog\/wp-content\/uploads\/2023\/11\/escadas-de-madeira01.jpg' href=\"https:\/\/www.aarquiteta.com.br\/blog\/wp-content\/uploads\/2023\/11\/escadas-de-madeira01.jpg\" data-fancybox=\"wpcp_view\">\n\t\t<figure>\n\t\t\t<img decoding=\"async\" class=\"skip-lazy\" src=\"https:\/\/www.aarquiteta.com.br\/blog\/wp-content\/uploads\/2023\/11\/escadas-de-madeira01.jpg\" alt=\"escadas de madeira\" width=\"1024\" height=\"1024\" title=\"\">\t\t<\/figure>\n\t<\/a>\n\t\t<\/div>\n<\/div>\n\t<div class=\"swiper-slide\">\n\t<div class=\"wpcp-single-item\">\n\t\t\t<a class=\"wcp-light-box\" data-buttons='[\"close\"]' data-wpc_url='https:\/\/www.aarquiteta.com.br\/blog\/wp-content\/uploads\/2023\/11\/carpete-de-madeira04.jpg' href=\"https:\/\/www.aarquiteta.com.br\/blog\/wp-content\/uploads\/2023\/11\/carpete-de-madeira04.jpg\" data-fancybox=\"wpcp_view\">\n\t\t<figure>\n\t\t\t<img decoding=\"async\" class=\"skip-lazy\" src=\"https:\/\/www.aarquiteta.com.br\/blog\/wp-content\/uploads\/2023\/11\/carpete-de-madeira04.jpg\" alt=\"carpete de madeira\" width=\"1024\" height=\"1024\" title=\"\">\t\t<\/figure>\n\t<\/a>\n\t\t<\/div>\n<\/div>\n\t<div class=\"swiper-slide\">\n\t<div class=\"wpcp-single-item\">\n\t\t\t<a class=\"wcp-light-box\" data-buttons='[\"close\"]' data-wpc_url='https:\/\/www.aarquiteta.com.br\/blog\/wp-content\/uploads\/2023\/11\/O-que-e-e-como-usar-a-brise-de-madeira02.jpg' href=\"https:\/\/www.aarquiteta.com.br\/blog\/wp-content\/uploads\/2023\/11\/O-que-e-e-como-usar-a-brise-de-madeira02.jpg\" data-fancybox=\"wpcp_view\">\n\t\t<figure>\n\t\t\t<img decoding=\"async\" class=\"skip-lazy\" src=\"https:\/\/www.aarquiteta.com.br\/blog\/wp-content\/uploads\/2023\/11\/O-que-e-e-como-usar-a-brise-de-madeira02.jpg\" alt=\"O que \u00e9 e como usar a brise de madeira\" width=\"1024\" height=\"1024\" title=\"\">\t\t<\/figure>\n\t<\/a>\n\t\t<\/div>\n<\/div>\n\t<div class=\"swiper-slide\">\n\t<div class=\"wpcp-single-item\">\n\t\t\t<a class=\"wcp-light-box\" data-buttons='[\"close\"]' data-wpc_url='https:\/\/www.aarquiteta.com.br\/blog\/wp-content\/uploads\/2023\/10\/tinta-para-madeira02.jpg' href=\"https:\/\/www.aarquiteta.com.br\/blog\/wp-content\/uploads\/2023\/10\/tinta-para-madeira02.jpg\" data-fancybox=\"wpcp_view\">\n\t\t<figure>\n\t\t\t<img decoding=\"async\" class=\"skip-lazy\" src=\"https:\/\/www.aarquiteta.com.br\/blog\/wp-content\/uploads\/2023\/10\/tinta-para-madeira02.jpg\" alt=\"tinta para madeira\" width=\"1024\" height=\"1024\" title=\"\">\t\t<\/figure>\n\t<\/a>\n\t\t<\/div>\n<\/div>\n\t<div class=\"swiper-slide\">\n\t<div class=\"wpcp-single-item\">\n\t\t\t<a class=\"wcp-light-box\" data-buttons='[\"close\"]' data-wpc_url='https:\/\/www.aarquiteta.com.br\/blog\/wp-content\/uploads\/2023\/10\/mesa-de-madeira-rustica04.jpg' href=\"https:\/\/www.aarquiteta.com.br\/blog\/wp-content\/uploads\/2023\/10\/mesa-de-madeira-rustica04.jpg\" data-fancybox=\"wpcp_view\">\n\t\t<figure>\n\t\t\t<img decoding=\"async\" class=\"skip-lazy\" src=\"https:\/\/www.aarquiteta.com.br\/blog\/wp-content\/uploads\/2023\/10\/mesa-de-madeira-rustica04.jpg\" alt=\"mesa de madeira r\u00fastica\" width=\"1024\" height=\"1024\" title=\"\">\t\t<\/figure>\n\t<\/a>\n\t\t<\/div>\n<\/div>\n\t<div class=\"swiper-slide\">\n\t<div class=\"wpcp-single-item\">\n\t\t\t<a class=\"wcp-light-box\" data-buttons='[\"close\"]' data-wpc_url='https:\/\/www.aarquiteta.com.br\/blog\/wp-content\/uploads\/2023\/08\/pergolados-de-madeira-1.png' href=\"https:\/\/www.aarquiteta.com.br\/blog\/wp-content\/uploads\/2023\/08\/pergolados-de-madeira-1.png\" data-fancybox=\"wpcp_view\">\n\t\t<figure>\n\t\t\t<img decoding=\"async\" class=\"skip-lazy\" src=\"https:\/\/www.aarquiteta.com.br\/blog\/wp-content\/uploads\/2023\/08\/pergolados-de-madeira-1.png\" alt=\"Os 5 Tipos de Pergolados Mais Populares para Transformar seu Espa\u00e7o com Estilo e Conforto\" width=\"1024\" height=\"1024\" title=\"\">\t\t<\/figure>\n\t<\/a>\n\t\t<\/div>\n<\/div>\n\t<div class=\"swiper-slide\">\n\t<div class=\"wpcp-single-item\">\n\t\t\t<a class=\"wcp-light-box\" data-buttons='[\"close\"]' data-wpc_url='https:\/\/www.aarquiteta.com.br\/blog\/wp-content\/uploads\/2023\/08\/pergolados-de-madeira.png' href=\"https:\/\/www.aarquiteta.com.br\/blog\/wp-content\/uploads\/2023\/08\/pergolados-de-madeira.png\" data-fancybox=\"wpcp_view\">\n\t\t<figure>\n\t\t\t<img decoding=\"async\" class=\"skip-lazy\" src=\"https:\/\/www.aarquiteta.com.br\/blog\/wp-content\/uploads\/2023\/08\/pergolados-de-madeira.png\" alt=\"pergolados de madeira\" width=\"1024\" height=\"1024\" title=\"\">\t\t<\/figure>\n\t<\/a>\n\t\t<\/div>\n<\/div>\n\t<div class=\"swiper-slide\">\n\t<div class=\"wpcp-single-item\">\n\t\t\t<a class=\"wcp-light-box\" data-buttons='[\"close\"]' data-wpc_url='https:\/\/www.aarquiteta.com.br\/blog\/wp-content\/uploads\/2023\/05\/pergolado-de-madeira-3.png' href=\"https:\/\/www.aarquiteta.com.br\/blog\/wp-content\/uploads\/2023\/05\/pergolado-de-madeira-3.png\" data-fancybox=\"wpcp_view\">\n\t\t<figure>\n\t\t\t<img decoding=\"async\" class=\"skip-lazy\" src=\"https:\/\/www.aarquiteta.com.br\/blog\/wp-content\/uploads\/2023\/05\/pergolado-de-madeira-3.png\" alt=\"\" width=\"1456\" height=\"816\" title=\"\">\t\t<\/figure>\n\t<\/a>\n\t\t<\/div>\n<\/div>\n\t<div class=\"swiper-slide\">\n\t<div class=\"wpcp-single-item\">\n\t\t\t<a class=\"wcp-light-box\" data-buttons='[\"close\"]' data-wpc_url='https:\/\/www.aarquiteta.com.br\/blog\/wp-content\/uploads\/2023\/06\/piso-laminado-de-madeira-2.png' href=\"https:\/\/www.aarquiteta.com.br\/blog\/wp-content\/uploads\/2023\/06\/piso-laminado-de-madeira-2.png\" data-fancybox=\"wpcp_view\">\n\t\t<figure>\n\t\t\t<img decoding=\"async\" class=\"skip-lazy\" src=\"https:\/\/www.aarquiteta.com.br\/blog\/wp-content\/uploads\/2023\/06\/piso-laminado-de-madeira-2.png\" alt=\"piso laminado de madeira\" width=\"1456\" height=\"816\" title=\"\">\t\t<\/figure>\n\t<\/a>\n\t\t<\/div>\n<\/div>\n\t<div class=\"swiper-slide\">\n\t<div class=\"wpcp-single-item\">\n\t\t\t<a class=\"wcp-light-box\" data-buttons='[\"close\"]' data-wpc_url='https:\/\/www.aarquiteta.com.br\/blog\/wp-content\/uploads\/2023\/05\/piso-vinilico-7.jpg' href=\"https:\/\/www.aarquiteta.com.br\/blog\/wp-content\/uploads\/2023\/05\/piso-vinilico-7.jpg\" data-fancybox=\"wpcp_view\">\n\t\t<figure>\n\t\t\t<img decoding=\"async\" class=\"skip-lazy\" src=\"https:\/\/www.aarquiteta.com.br\/blog\/wp-content\/uploads\/2023\/05\/piso-vinilico-7.jpg\" alt=\"A ascens\u00e3o do Piso Vin\u00edlico - O piso que est\u00e1 derrotando a Madeira!\" width=\"1200\" height=\"800\" title=\"\">\t\t<\/figure>\n\t<\/a>\n\t\t<\/div>\n<\/div>\n\t<div class=\"swiper-slide\">\n\t<div class=\"wpcp-single-item\">\n\t\t\t<a class=\"wcp-light-box\" data-buttons='[\"close\"]' data-wpc_url='https:\/\/www.aarquiteta.com.br\/blog\/wp-content\/uploads\/2023\/05\/piso-vinilico-6.jpg' href=\"https:\/\/www.aarquiteta.com.br\/blog\/wp-content\/uploads\/2023\/05\/piso-vinilico-6.jpg\" data-fancybox=\"wpcp_view\">\n\t\t<figure>\n\t\t\t<img decoding=\"async\" class=\"skip-lazy\" src=\"https:\/\/www.aarquiteta.com.br\/blog\/wp-content\/uploads\/2023\/05\/piso-vinilico-6.jpg\" alt=\"A ascens\u00e3o do Piso Vin\u00edlico - O piso que est\u00e1 derrotando a Madeira!\" width=\"1200\" height=\"800\" title=\"\">\t\t<\/figure>\n\t<\/a>\n\t\t<\/div>\n<\/div>\n\t<div class=\"swiper-slide\">\n\t<div class=\"wpcp-single-item\">\n\t\t\t<a class=\"wcp-light-box\" data-buttons='[\"close\"]' data-wpc_url='https:\/\/www.aarquiteta.com.br\/blog\/wp-content\/uploads\/2023\/05\/casa-de-madeira-4.png' href=\"https:\/\/www.aarquiteta.com.br\/blog\/wp-content\/uploads\/2023\/05\/casa-de-madeira-4.png\" data-fancybox=\"wpcp_view\">\n\t\t<figure>\n\t\t\t<img decoding=\"async\" class=\"skip-lazy\" src=\"https:\/\/www.aarquiteta.com.br\/blog\/wp-content\/uploads\/2023\/05\/casa-de-madeira-4.png\" alt=\"casa de madeira\" width=\"1456\" height=\"816\" title=\"\">\t\t<\/figure>\n\t<\/a>\n\t\t<\/div>\n<\/div>\n\t<div class=\"swiper-slide\">\n\t<div class=\"wpcp-single-item\">\n\t\t\t<a class=\"wcp-light-box\" data-buttons='[\"close\"]' data-wpc_url='https:\/\/www.aarquiteta.com.br\/blog\/wp-content\/uploads\/2023\/05\/Painel-Ripado-de-madeira-3.png' href=\"https:\/\/www.aarquiteta.com.br\/blog\/wp-content\/uploads\/2023\/05\/Painel-Ripado-de-madeira-3.png\" data-fancybox=\"wpcp_view\">\n\t\t<figure>\n\t\t\t<img decoding=\"async\" class=\"skip-lazy\" src=\"https:\/\/www.aarquiteta.com.br\/blog\/wp-content\/uploads\/2023\/05\/Painel-Ripado-de-madeira-3.png\" alt=\"sala de tv planejada painel ripado\" width=\"1664\" height=\"960\" title=\"\">\t\t<\/figure>\n\t<\/a>\n\t\t<\/div>\n<\/div>\n\t\t\t<\/div>\n\t\t\t\t\t<div class=\"wpcp-swiper-dots swiper-pagination\"><\/div>\n\t\t\t\t<!-- If we need navigation buttons -->\n\t\t\t<\/div>\n\t<\/div>\n<\/div>\n\n<p>Ao escolher os m\u00f3veis para o seu pergolado, d\u00ea prefer\u00eancia a <b>materiais como o alum\u00ednio, o rattan sint\u00e9tico ou a madeira tratada<\/b>. Eles s\u00e3o dur\u00e1veis, f\u00e1ceis de limpar e resistem \u00e0s condi\u00e7\u00f5es clim\u00e1ticas adversas, garantindo anos de uso e conforto ao ar livre.<\/p>\n<h2>4. Decora\u00e7\u00e3o com cortinas ou tecidos leves<\/h2>\n<p>Para adicionar um toque de <b>privacidade e charme<\/b> ao seu pergolado, considere usar cortinas ou tecidos leves. Eles podem ser amarrados aos pilares ou instalados em um sistema de trilhos, proporcionando uma sensa\u00e7\u00e3o acolhedora e intimista.<\/p>\n<h3>Como escolher as cortinas ideais<\/h3>\n<figure style=\"width: 1024px\" class=\"wp-caption aligncenter\"><img decoding=\"async\" src=\"https:\/\/www.aarquiteta.com.br\/blog\/wp-content\/uploads\/2024\/06\/decoracao-de-quintal-com-pergolado02.jpg\" alt=\"5 Ideias Criativas de Decora\u00e7\u00e3o de Quintal com Pergolado para Transformar Seu Espa\u00e7o\" width=\"1024\" height=\"1024\" title=\"\"><figcaption class=\"wp-caption-text\">5 Ideias Criativas de Decora\u00e7\u00e3o de Quintal com Pergolado para Transformar Seu Espa\u00e7o<\/figcaption><\/figure>\n<p>Ao selecionar as cortinas para o seu pergolado, opte por <b>tecidos leves e fluidos<\/b>, como o linho, o algod\u00e3o ou o voile. Eles permitem a circula\u00e7\u00e3o do ar e criam um efeito delicado e rom\u00e2ntico. Escolha cores suaves ou estampas discretas para harmonizar com o restante da decora\u00e7\u00e3o.<\/p>\n<h2>5. Crie um espa\u00e7o de relaxamento<\/h2>\n<p>Nada \u00e9 mais relaxante do que <b>desfrutar de uma boa leitura ou cochilar ao ar livre<\/b>. Para tornar o seu pergolado ainda mais aconchegante, inclua redes, balan\u00e7os ou espregui\u00e7adeiras confort\u00e1veis.<\/p>\n<h3>Inclua redes, balan\u00e7os ou espregui\u00e7adeiras<\/h3>\n<figure style=\"width: 1024px\" class=\"wp-caption aligncenter\"><img decoding=\"async\" src=\"https:\/\/www.aarquiteta.com.br\/blog\/wp-content\/uploads\/2024\/06\/decoracao-de-quintal-com-pergolado01.jpg\" alt=\"5 Ideias Criativas de Decora\u00e7\u00e3o de Quintal com Pergolado para Transformar Seu Espa\u00e7o\" width=\"1024\" height=\"1024\" title=\"\"><figcaption class=\"wp-caption-text\">5 Ideias Criativas de Decora\u00e7\u00e3o de Quintal com Pergolado para Transformar Seu Espa\u00e7o<\/figcaption><\/figure>\n<p>Uma rede suspensa entre os pilares do pergolado pode ser o <b>lugar perfeito para relaxar<\/b> nas tardes de ver\u00e3o. Ou, se preferir, instale um balan\u00e7o ou uma espregui\u00e7adeira com almofadas macias para aproveitar a brisa fresca enquanto l\u00ea um bom livro ou simplesmente contempla a natureza.<\/p>\n<h2>Conclus\u00e3o<\/h2>\n<p>Transformar seu quintal com um pergolado decorativo \u00e9 uma maneira criativa e charmosa de <b>criar um ref\u00fagio ao ar livre<\/b>. Ao combinar plantas trepadeiras, ilumina\u00e7\u00e3o aconchegante, m\u00f3veis confort\u00e1veis, cortinas leves e espa\u00e7os para relaxamento, voc\u00ea ter\u00e1 um ambiente acolhedor e exclusivo para desfrutar com fam\u00edlia e amigos ou simplesmente para apreciar a natureza em todo o seu esplendor.<\/p>\n<p><!-- Takeaways --><\/p>\n<h3>Assista agora a minha recomenda\u00e7\u00e3o de video abaixo sobre o tema que estamos tratando neste artigo:<\/h3>\n<div class=\"youtube-embed\" data-video_id=\"pFai5bofcRI\"><iframe title=\"56 IDEIAS E MODELOS DE QUINTAL PEQUENO PARA SUA INSPIRA\u00c7\u00c3O N\u00c3O PERCA\" width=\"696\" height=\"392\" src=\"https:\/\/www.youtube.com\/embed\/pFai5bofcRI?feature=oembed&#038;enablejsapi=1\" frameborder=\"0\" allow=\"accelerometer; autoplay; clipboard-write; encrypted-media; gyroscope; picture-in-picture; web-share\" referrerpolicy=\"strict-origin-when-cross-origin\" allowfullscreen><\/iframe><\/div>\n<p style=\"text-align: center;\">[amazon table=&#8221;89025&#8243;]\n","protected":false},"excerpt":{"rendered":"<p>Transforme seu quintal com estas 5 ideias criativas de decora\u00e7\u00e3o com pergolado. Descubra dicas incr\u00edveis e renove seu espa\u00e7o!<\/p>\n","protected":false},"author":102,"featured_media":114611,"comment_status":"closed","ping_status":"closed","sticky":false,"template":"","format":"standard","meta":{"footnotes":""},"categories":[1484,971,35329,18792,18794,35330],"tags":[],"class_list":["post-114614","post","type-post","status-publish","format-standard","has-post-thumbnail","category-decoracao","category-design-de-interiores","category-pergolados","category-decoracao-de-apartamento","category-projetos-de-decoracao-de-casas","category-quintal"],"_wp_attached_file":null,"_wp_attachment_metadata":null,"_wp_attachment_context":null,"_wp_attachment_is_custom_header":null,"geo_longitude":null,"geo_public":null,"geo_latitude":null,"_publicize_done_external":null,"_wpas_done_3897181":null,"publicize_twitter_user":null,"_wpas_done_3897175":null,"_wpas_skip_3897181":null,"_wpas_skip_3897175":null,"_wpas_skip_3924723":null,"_wpas_mess":null,"_wpas_done_3924723":null,"wps_subtitle":"","_links":{"self":[{"href":"https:\/\/www.aarquiteta.com.br\/blog\/wp-json\/wp\/v2\/posts\/114614","targetHints":{"allow":["GET"]}}],"collection":[{"href":"https:\/\/www.aarquiteta.com.br\/blog\/wp-json\/wp\/v2\/posts"}],"about":[{"href":"https:\/\/www.aarquiteta.com.br\/blog\/wp-json\/wp\/v2\/types\/post"}],"author":[{"embeddable":true,"href":"https:\/\/www.aarquiteta.com.br\/blog\/wp-json\/wp\/v2\/users\/102"}],"replies":[{"embeddable":true,"href":"https:\/\/www.aarquiteta.com.br\/blog\/wp-json\/wp\/v2\/comments?post=114614"}],"version-history":[{"count":0,"href":"https:\/\/www.aarquiteta.com.br\/blog\/wp-json\/wp\/v2\/posts\/114614\/revisions"}],"wp:featuredmedia":[{"embeddable":true,"href":"https:\/\/www.aarquiteta.com.br\/blog\/wp-json\/wp\/v2\/media\/114611"}],"wp:attachment":[{"href":"https:\/\/www.aarquiteta.com.br\/blog\/wp-json\/wp\/v2\/media?parent=114614"}],"wp:term":[{"taxonomy":"category","embeddable":true,"href":"https:\/\/www.aarquiteta.com.br\/blog\/wp-json\/wp\/v2\/categories?post=114614"},{"taxonomy":"post_tag","embeddable":true,"href":"https:\/\/www.aarquiteta.com.br\/blog\/wp-json\/wp\/v2\/tags?post=114614"}],"curies":[{"name":"wp","href":"https:\/\/api.w.org\/{rel}","templated":true}]}}