{"id":114483,"date":"2024-06-08T19:25:50","date_gmt":"2024-06-08T22:25:50","guid":{"rendered":"https:\/\/www.aarquiteta.com.br\/blog\/5-dicas-para-varanda-gourmet-pequena-em-apartamentos\/"},"modified":"2024-06-08T19:25:50","modified_gmt":"2024-06-08T22:25:50","slug":"5-dicas-para-varanda-gourmet-pequena-em-apartamentos","status":"publish","type":"post","link":"https:\/\/www.aarquiteta.com.br\/blog\/5-dicas-para-varanda-gourmet-pequena-em-apartamentos\/","title":{"rendered":"5 Dicas para Varanda Gourmet Pequena em Apartamentos"},"content":{"rendered":"<p>Transformar uma pequena varanda em um espa\u00e7o acolhedor e funcional pode parecer um desafio, mas com algumas dicas inteligentes, voc\u00ea pode criar um ambiente incr\u00edvel para desfrutar ao ar livre. <b>Descubra como otimizar cada cent\u00edmetro quadrado e tornar sua varanda gourmet compacta um verdadeiro o\u00e1sis urbano.<\/b><\/p><h3>Takeaways Principais:<\/h3><figure style=\"width: 1024px\" class=\"wp-caption aligncenter\"><img decoding=\"async\" src=\"https:\/\/www.aarquiteta.com.br\/blog\/wp-content\/uploads\/2024\/06\/5-Dicas-para-Varanda-Gourmet-Pequena-em-Apartamentos04.jpg\" alt=\"5 Dicas para Varanda Gourmet Pequena em Apartamentos\" width=\"1024\" height=\"1024\" title=\"\"><figcaption class=\"wp-caption-text\">5 Dicas para Varanda Gourmet Pequena em Apartamentos<\/figcaption><\/figure><ul><li>M\u00f3veis multifuncionais economizam espa\u00e7o e criam \u00e1reas vers\u00e1teis.<\/li><li>Eletrodom\u00e9sticos compactos, como churrasqueiras el\u00e9tricas e cooktops port\u00e1teis, permitem cozinhar ao ar livre.<\/li><li>Solu\u00e7\u00f5es de armazenamento inteligentes, como prateleiras e nichos, mant\u00eam a organiza\u00e7\u00e3o.<\/li><\/ul><h2>1. Escolha m\u00f3veis multifuncionais<\/h2><p>Quando se trata de varandas pequenas, <b>cada cent\u00edmetro quadrado \u00e9 precioso<\/b>. Por isso, optar por m\u00f3veis multifuncionais \u00e9 a chave para criar um espa\u00e7o acolhedor e pr\u00e1tico. Uma mesa dobr\u00e1vel com bancos embutidos, por exemplo, pode ser usada para refei\u00e7\u00f5es e, quando n\u00e3o estiver em uso, dobrada para liberar espa\u00e7o.<\/p><p>Outra op\u00e7\u00e3o inteligente s\u00e3o os sof\u00e1s com bra\u00e7os remov\u00edveis, que se transformam em camas confort\u00e1veis quando necess\u00e1rio. E para economizar ainda mais espa\u00e7o, <b>aposte em mesas laterais suspensos ou encaixados nas paredes<\/b>.<\/p><h3>Pense fora da caixa<\/h3><figure style=\"width: 1024px\" class=\"wp-caption aligncenter\"><img decoding=\"async\" src=\"https:\/\/www.aarquiteta.com.br\/blog\/wp-content\/uploads\/2024\/06\/5-Dicas-para-Varanda-Gourmet-Pequena-em-Apartamentos03.jpg\" alt=\"5 Dicas para Varanda Gourmet Pequena em Apartamentos\" width=\"1024\" height=\"1024\" title=\"\"><figcaption class=\"wp-caption-text\">5 Dicas para Varanda Gourmet Pequena em Apartamentos<\/figcaption><\/figure><p>N\u00e3o tenha medo de ser criativo! Um antigo ba\u00fa de madeira, por exemplo, pode ser transformado em um lindo banco com espa\u00e7o de armazenamento interno. E aquela antiga mesa de piquenique pode se tornar uma bancada de trabalho perfeita para preparar drinks e petiscos.<\/p><h2>2. Invista em uma churrasqueira el\u00e9trica ou cooktop port\u00e1til<\/h2><p>Nada melhor do que desfrutar de uma refei\u00e7\u00e3o deliciosa ao ar livre, n\u00e3o \u00e9 mesmo? <b>Mas em uma varanda pequena, uma churrasqueira a carv\u00e3o ou a g\u00e1s pode ser um desafio<\/b>. A solu\u00e7\u00e3o? Investir em uma churrasqueira el\u00e9trica ou em um cooktop port\u00e1til.<\/p><p>Essas op\u00e7\u00f5es compactas e vers\u00e1teis permitem que voc\u00ea prepare pratos saborosos sem ocupar muito espa\u00e7o. E o melhor de tudo: <b>n\u00e3o h\u00e1 fuma\u00e7a nem cheiro indesejado para incomodar seus vizinhos<\/b>.<\/p><h3>Pense al\u00e9m do churrasco<\/h3><style id=\"wp_carousel_dynamic_css104054\">.sp-wp-carousel-free-id-104054.wpcf-fancybox-wrapper .fancybox-bg{background: #0b0b0b;opacity: 0.8;}.sp-wp-carousel-free-id-104054.wpcf-fancybox-wrapper .fancybox-navigation .fancybox-button .wpcp-fancybox-nav-arrow i {color: #ccc;}.sp-wp-carousel-free-id-104054.wpcf-fancybox-wrapper .fancybox-navigation .fancybox-button .wpcp-fancybox-nav-arrow i:hover {color: #fff;}.sp-wp-carousel-free-id-104054.wpcf-fancybox-wrapper .fancybox-navigation .fancybox-button {background: #1e1e1e;}.sp-wp-carousel-free-id-104054.wpcf-fancybox-wrapper .fancybox-navigation .fancybox-button:hover {background: #1e1e1e;}#sp-wp-carousel-free-id-104054 .wpcp-swiper-dots {margin: 40px 0px 0px 0px;}.wpcp-wrapper-104054 .swiper-wrapper .swiper-slide-kenburn, .wpcp-wrapper-104054 .swiper-wrapper, .wpcp-wrapper-104054 .wpcpro-row{align-items: center;}#sp-wp-carousel-free-id-104054 .wpcp-single-item {box-shadow: 0px 0px 0px 0px #dddddd;transition: all .3s;margin: 0px;}#sp-wp-carousel-free-id-104054.swiper-flip .wpcp-single-item{margin: 0!important;}#sp-wp-carousel-free-id-104054 .wpcp-single-item:hover {box-shadow: 0px 0px 0px 0px #dddddd;}#sp-wp-carousel-free-id-104054.sp-wpcp-104054 .wpcp-single-item {border: 1px solid #dddddd;}#sp-wp-carousel-free-id-104054.sp-wpcp-104054 .swiper-button-prev,#sp-wp-carousel-free-id-104054.sp-wpcp-104054 .swiper-button-next,#sp-wp-carousel-free-id-104054.sp-wpcp-104054 .swiper-button-prev:hover,#sp-wp-carousel-free-id-104054.sp-wpcp-104054 .swiper-button-next:hover {background: none;border: none;font-size: 30px;}#sp-wp-carousel-free-id-104054.sp-wpcp-104054 .swiper-button-prev i,#sp-wp-carousel-free-id-104054.sp-wpcp-104054 .swiper-button-next i {color: #aaa;}#sp-wp-carousel-free-id-104054.sp-wpcp-104054 .swiper-button-prev i:hover,#sp-wp-carousel-free-id-104054.sp-wpcp-104054 .swiper-button-next i:hover {color: #178087;}#sp-wp-carousel-free-id-104054.sp-wpcp-104054 .wpcp-swiper-dots .swiper-pagination-bullet {background-color: #cccccc;}#sp-wp-carousel-free-id-104054.sp-wpcp-104054 .wpcp-swiper-dots .swiper-pagination-bullet.swiper-pagination-bullet-active {background-color: #178087;} #sp-wp-carousel-free-id-104054.sp-wpcp-104054.wpcp-image-carousel .wpcp-single-item:hover img, #sp-wp-carousel-free-id-104054.sp-wpcp-104054.wpcp-post-carousel .wpcp-single-item:hover img, #sp-wp-carousel-free-id-104054.sp-wpcp-104054.wpcp-product-carousel .wpcp-single-item:hover img{-webkit-transform: scale(1.2);-moz-transform: scale(1.2);transform: scale(1.2);}#sp-wp-carousel-free-id-104054 .wpcpro-row>[class*=\"wpcpro-col-\"] { padding: 0 10px; padding-bottom: 20px;} #sp-wp-carousel-free-id-104054 .swiper-slide .single-item-fade:not(:last-child) { margin-right: 20px;}@media (min-width: 480px) { .wpcpro-row .wpcpro-col-sm-1 { flex: 0 0 100%; max-width: 100%; } .wpcpro-row .wpcpro-col-sm-2 { flex: 0 0 50%; max-width: 50%; } .wpcpro-row .wpcpro-col-sm-2-5 { flex: 0 0 75%; max-width: 75%; } .wpcpro-row .wpcpro-col-sm-3 { flex: 0 0 33.333%; max-width: 33.333%; } .wpcpro-row .wpcpro-col-sm-4 { flex: 0 0 25%; max-width: 25%; } .wpcpro-row .wpcpro-col-sm-5 { flex: 0 0 20%; max-width: 20%; } .wpcpro-row .wpcpro-col-sm-6 { flex: 0 0 16.66666666666667%; max-width: 16.66666666666667%; } .wpcpro-row .wpcpro-col-sm-7 { flex: 0 0 14.28571428%; max-width: 14.28571428%; } .wpcpro-row .wpcpro-col-sm-8 { flex: 0 0 12.5%; max-width: 12.5%; } } @media (max-width: 480px) { .wpcpro-row .wpcpro-col-xs-1 { flex: 0 0 100%; max-width: 100%; } .wpcpro-row .wpcpro-col-xs-2 { flex: 0 0 50%; max-width: 50%; } .wpcpro-row .wpcpro-col-xs-3 { flex: 0 0 33.222%; max-width: 33.222%; } .wpcpro-row .wpcpro-col-xs-4 { flex: 0 0 25%; max-width: 25%; } .wpcpro-row .wpcpro-col-xs-5 { flex: 0 0 20%; max-width: 20%; } .wpcpro-row .wpcpro-col-xs-6 { flex: 0 0 16.6667%; max-width: 16.6667%; } .wpcpro-row .wpcpro-col-xs-7 { flex: 0 0 14.28571428%; max-width: 14.28571428%; } .wpcpro-row .wpcpro-col-xs-8 { flex: 0 0 12.5%; max-width: 12.5%; } } @media (min-width: 736px) { .wpcpro-row .wpcpro-col-md-1 { flex: 0 0 100%; max-width: 100%; } .wpcpro-row .wpcpro-col-md-2 { flex: 0 0 50%; max-width: 50%; } .wpcpro-row .wpcpro-col-md-2-5 { flex: 0 0 75%; max-width: 75%; } .wpcpro-row .wpcpro-col-md-3 { flex: 0 0 33.333%; max-width: 33.333%; } .wpcpro-row .wpcpro-col-md-4 { flex: 0 0 25%; max-width: 25%; } .wpcpro-row .wpcpro-col-md-5 { flex: 0 0 20%; max-width: 20%; } .wpcpro-row .wpcpro-col-md-6 { flex: 0 0 16.66666666666667%; max-width: 16.66666666666667%; } .wpcpro-row .wpcpro-col-md-7 { flex: 0 0 14.28571428%; max-width: 14.28571428%; } .wpcpro-row .wpcpro-col-md-8 { flex: 0 0 12.5%; max-width: 12.5%; } } @media (min-width: 980px) { .wpcpro-row .wpcpro-col-lg-1 { flex: 0 0 100%; max-width: 100%; } .wpcpro-row .wpcpro-col-lg-2 { flex: 0 0 50%; max-width: 50%; } .wpcpro-row .wpcpro-col-lg-3 { flex: 0 0 33.222%; max-width: 33.222%; } .wpcpro-row .wpcpro-col-lg-4 { flex: 0 0 25%; max-width: 25%; } .wpcpro-row .wpcpro-col-lg-5 { flex: 0 0 20%; max-width: 20%; } .wpcpro-row .wpcpro-col-lg-6 { flex: 0 0 16.6667%; max-width: 16.6667%; } .wpcpro-row .wpcpro-col-lg-7 { flex: 0 0 14.28571428%; max-width: 14.28571428%; } .wpcpro-row .wpcpro-col-lg-8 { flex: 0 0 12.5%; max-width: 12.5%; } } @media (min-width: 1200px) { .wpcpro-row .wpcpro-col-xl-1 { flex: 0 0 100%; max-width: 100%; } .wpcpro-row .wpcpro-col-xl-2 { flex: 0 0 50%; max-width: 50%; } .wpcpro-row .wpcpro-col-xl-3 { flex: 0 0 33.22222222%; max-width: 33.22222222%; } .wpcpro-row .wpcpro-col-xl-4 { flex: 0 0 25%; max-width: 25%; } .wpcpro-row .wpcpro-col-xl-5 { flex: 0 0 20%; max-width: 20%; } .wpcpro-row .wpcpro-col-xl-6 { flex: 0 0 16.66667%; max-width: 16.66667%; } .wpcpro-row .wpcpro-col-xl-7 { flex: 0 0 14.28571428%; max-width: 14.28571428%; } .wpcpro-row .wpcpro-col-xl-8 { flex: 0 0 12.5%; max-width: 12.5%; } }<\/style><div class=\"wpcp-carousel-wrapper wpcp-wrapper-104054\">\t<div id=\"wpcp-preloader-104054\" class=\"wpcp-carousel-preloader\"><img decoding=\"async\" src=\"https:\/\/www.aarquiteta.com.br\/blog\/wp-content\/plugins\/wp-carousel-free\/public\/css\/spinner.svg\" alt=\"Preloader Image\" title=\"\"><\/div>\t<div class=\"wpcp-carousel-content-wrapper\">\t<div id=\"sp-wp-carousel-free-id-104054\" class=\"wpcp-carousel-section sp-wpcp-104054  nav-vertical-center wpcp-image-carousel wpcp-preloader wpcp-standard\" data-swiper='{ &quot;pagination_type&quot;: &quot;dots&quot;,&quot;accessibility&quot;:true, &quot;spaceBetween&quot;:20, &quot;arrows&quot;:false, &quot;freeMode&quot;: false, &quot;autoplay&quot;:true, &quot;effect&quot;: &quot;&quot;, &quot;centerMode&quot;: false, &quot;autoplaySpeed&quot;:3000, &quot;dots&quot;:true, &quot;infinite&quot;:true, &quot;speed&quot;:600, &quot;pauseOnHover&quot;:true,\n\t\t\t&quot;slidesToShow&quot;:{&quot;lg_desktop&quot;:5, &quot;desktop&quot;: 4, &quot;laptop&quot;: 3, &quot;tablet&quot;: 2, &quot;mobile&quot;: 1}, &quot;responsive&quot;:{&quot;desktop&quot;:1200, &quot;laptop&quot;: 980, &quot;tablet&quot;: 736, &quot;mobile&quot;: 480}, &quot;rtl&quot;:false, &quot;lazyLoad&quot;: &quot;false&quot;, &quot;swipe&quot;: true, &quot;draggable&quot;: true, &quot;swipeToSlide&quot;:false }' dir=\"ltr\">\t\t<div class=\"swiper-wrapper\">\t\t<div class=\"swiper-slide\">\t<div class=\"wpcp-single-item\">\t\t\t<a class=\"wcp-light-box\" data-buttons='[\"close\"]' data-wpc_url='https:\/\/www.aarquiteta.com.br\/blog\/wp-content\/uploads\/2023\/12\/escubra-como-Transformar-Sua-Casa-com-o-Incrivel-Efeito-Madeira-Usando-Apenas-Argamassa.jpg' href=\"https:\/\/www.aarquiteta.com.br\/blog\/wp-content\/uploads\/2023\/12\/escubra-como-Transformar-Sua-Casa-com-o-Incrivel-Efeito-Madeira-Usando-Apenas-Argamassa.jpg\" data-fancybox=\"wpcp_view\">\n\t\t<figure>\n\t\t\t<img decoding=\"async\" class=\"skip-lazy\" src=\"https:\/\/www.aarquiteta.com.br\/blog\/wp-content\/uploads\/2023\/12\/escubra-como-Transformar-Sua-Casa-com-o-Incrivel-Efeito-Madeira-Usando-Apenas-Argamassa.jpg\" alt=\"Descubra como Transformar Sua Casa com o Incr\u00edvel Efeito Madeira Usando Apenas Argamassa\" width=\"1024\" height=\"1024\" title=\"\">\t\t<\/figure>\n\t<\/a>\t\t<\/div><\/div>\t<div class=\"swiper-slide\">\t<div class=\"wpcp-single-item\">\t\t\t<a class=\"wcp-light-box\" data-buttons='[\"close\"]' data-wpc_url='https:\/\/www.aarquiteta.com.br\/blog\/wp-content\/uploads\/2023\/12\/pisos-que-imitam-madeira04.jpg' href=\"https:\/\/www.aarquiteta.com.br\/blog\/wp-content\/uploads\/2023\/12\/pisos-que-imitam-madeira04.jpg\" data-fancybox=\"wpcp_view\">\n\t\t<figure>\n\t\t\t<img decoding=\"async\" class=\"skip-lazy\" src=\"https:\/\/www.aarquiteta.com.br\/blog\/wp-content\/uploads\/2023\/12\/pisos-que-imitam-madeira04.jpg\" alt=\"pisos que imitam madeira\" width=\"1024\" height=\"1024\" title=\"\">\t\t<\/figure>\n\t<\/a>\t\t<\/div><\/div>\t<div class=\"swiper-slide\">\t<div class=\"wpcp-single-item\">\t\t\t<a class=\"wcp-light-box\" data-buttons='[\"close\"]' data-wpc_url='https:\/\/www.aarquiteta.com.br\/blog\/wp-content\/uploads\/2024\/01\/poltrona-de-madeira02.jpg' href=\"https:\/\/www.aarquiteta.com.br\/blog\/wp-content\/uploads\/2024\/01\/poltrona-de-madeira02.jpg\" data-fancybox=\"wpcp_view\">\n\t\t<figure>\n\t\t\t<img decoding=\"async\" class=\"skip-lazy\" src=\"https:\/\/www.aarquiteta.com.br\/blog\/wp-content\/uploads\/2024\/01\/poltrona-de-madeira02.jpg\" alt=\"poltrona de madeira\" width=\"1024\" height=\"1024\" title=\"\">\t\t<\/figure>\n\t<\/a>\t\t<\/div><\/div>\t<div class=\"swiper-slide\">\t<div class=\"wpcp-single-item\">\t\t\t<a class=\"wcp-light-box\" data-buttons='[\"close\"]' data-wpc_url='https:\/\/www.aarquiteta.com.br\/blog\/wp-content\/uploads\/2023\/12\/pisos-que-imitam-madeira01.jpg' href=\"https:\/\/www.aarquiteta.com.br\/blog\/wp-content\/uploads\/2023\/12\/pisos-que-imitam-madeira01.jpg\" data-fancybox=\"wpcp_view\">\n\t\t<figure>\n\t\t\t<img decoding=\"async\" class=\"skip-lazy\" src=\"https:\/\/www.aarquiteta.com.br\/blog\/wp-content\/uploads\/2023\/12\/pisos-que-imitam-madeira01.jpg\" alt=\"pisos que imitam madeira\" width=\"1024\" height=\"1024\" title=\"\">\t\t<\/figure>\n\t<\/a>\t\t<\/div><\/div>\t<div class=\"swiper-slide\">\t<div class=\"wpcp-single-item\">\t\t\t<a class=\"wcp-light-box\" data-buttons='[\"close\"]' data-wpc_url='https:\/\/www.aarquiteta.com.br\/blog\/wp-content\/uploads\/2023\/12\/cabeceira-de-madeira04.jpg' href=\"https:\/\/www.aarquiteta.com.br\/blog\/wp-content\/uploads\/2023\/12\/cabeceira-de-madeira04.jpg\" data-fancybox=\"wpcp_view\">\n\t\t<figure>\n\t\t\t<img decoding=\"async\" class=\"skip-lazy\" src=\"https:\/\/www.aarquiteta.com.br\/blog\/wp-content\/uploads\/2023\/12\/cabeceira-de-madeira04.jpg\" alt=\"cabeceira de madeira\" width=\"1024\" height=\"1024\" title=\"\">\t\t<\/figure>\n\t<\/a>\t\t<\/div><\/div>\t<div class=\"swiper-slide\">\t<div class=\"wpcp-single-item\">\t\t\t<a class=\"wcp-light-box\" data-buttons='[\"close\"]' data-wpc_url='https:\/\/www.aarquiteta.com.br\/blog\/wp-content\/uploads\/2023\/12\/divisoria-de-madeira01.jpg' href=\"https:\/\/www.aarquiteta.com.br\/blog\/wp-content\/uploads\/2023\/12\/divisoria-de-madeira01.jpg\" data-fancybox=\"wpcp_view\">\n\t\t<figure>\n\t\t\t<img decoding=\"async\" class=\"skip-lazy\" src=\"https:\/\/www.aarquiteta.com.br\/blog\/wp-content\/uploads\/2023\/12\/divisoria-de-madeira01.jpg\" alt=\"divis\u00f3ria de madeira\" width=\"1024\" height=\"1024\" title=\"\">\t\t<\/figure>\n\t<\/a>\t\t<\/div><\/div>\t<div class=\"swiper-slide\">\t<div class=\"wpcp-single-item\">\t\t\t<a class=\"wcp-light-box\" data-buttons='[\"close\"]' data-wpc_url='https:\/\/www.aarquiteta.com.br\/blog\/wp-content\/uploads\/2023\/12\/rack-de-madeira03.jpg' href=\"https:\/\/www.aarquiteta.com.br\/blog\/wp-content\/uploads\/2023\/12\/rack-de-madeira03.jpg\" data-fancybox=\"wpcp_view\">\n\t\t<figure>\n\t\t\t<img decoding=\"async\" class=\"skip-lazy\" src=\"https:\/\/www.aarquiteta.com.br\/blog\/wp-content\/uploads\/2023\/12\/rack-de-madeira03.jpg\" alt=\"rack de madeira\" width=\"1024\" height=\"1024\" title=\"\">\t\t<\/figure>\n\t<\/a>\t\t<\/div><\/div>\t<div class=\"swiper-slide\">\t<div class=\"wpcp-single-item\">\t\t\t<a class=\"wcp-light-box\" data-buttons='[\"close\"]' data-wpc_url='https:\/\/www.aarquiteta.com.br\/blog\/wp-content\/uploads\/2023\/12\/cabeceira-de-madeira02.jpg' href=\"https:\/\/www.aarquiteta.com.br\/blog\/wp-content\/uploads\/2023\/12\/cabeceira-de-madeira02.jpg\" data-fancybox=\"wpcp_view\">\n\t\t<figure>\n\t\t\t<img decoding=\"async\" class=\"skip-lazy\" src=\"https:\/\/www.aarquiteta.com.br\/blog\/wp-content\/uploads\/2023\/12\/cabeceira-de-madeira02.jpg\" alt=\"cabeceira de madeira\" width=\"1024\" height=\"1024\" title=\"\">\t\t<\/figure>\n\t<\/a>\t\t<\/div><\/div>\t<div class=\"swiper-slide\">\t<div class=\"wpcp-single-item\">\t\t\t<a class=\"wcp-light-box\" data-buttons='[\"close\"]' data-wpc_url='https:\/\/www.aarquiteta.com.br\/blog\/wp-content\/uploads\/2023\/11\/escadas-de-madeira04.jpg' href=\"https:\/\/www.aarquiteta.com.br\/blog\/wp-content\/uploads\/2023\/11\/escadas-de-madeira04.jpg\" data-fancybox=\"wpcp_view\">\n\t\t<figure>\n\t\t\t<img decoding=\"async\" class=\"skip-lazy\" src=\"https:\/\/www.aarquiteta.com.br\/blog\/wp-content\/uploads\/2023\/11\/escadas-de-madeira04.jpg\" alt=\"escadas de madeira\" width=\"1024\" height=\"1024\" title=\"\">\t\t<\/figure>\n\t<\/a>\t\t<\/div><\/div>\t<div class=\"swiper-slide\">\t<div class=\"wpcp-single-item\">\t\t\t<a class=\"wcp-light-box\" data-buttons='[\"close\"]' data-wpc_url='https:\/\/www.aarquiteta.com.br\/blog\/wp-content\/uploads\/2023\/11\/escadas-de-madeira01.jpg' href=\"https:\/\/www.aarquiteta.com.br\/blog\/wp-content\/uploads\/2023\/11\/escadas-de-madeira01.jpg\" data-fancybox=\"wpcp_view\">\n\t\t<figure>\n\t\t\t<img decoding=\"async\" class=\"skip-lazy\" src=\"https:\/\/www.aarquiteta.com.br\/blog\/wp-content\/uploads\/2023\/11\/escadas-de-madeira01.jpg\" alt=\"escadas de madeira\" width=\"1024\" height=\"1024\" title=\"\">\t\t<\/figure>\n\t<\/a>\t\t<\/div><\/div>\t<div class=\"swiper-slide\">\t<div class=\"wpcp-single-item\">\t\t\t<a class=\"wcp-light-box\" data-buttons='[\"close\"]' data-wpc_url='https:\/\/www.aarquiteta.com.br\/blog\/wp-content\/uploads\/2023\/11\/carpete-de-madeira04.jpg' href=\"https:\/\/www.aarquiteta.com.br\/blog\/wp-content\/uploads\/2023\/11\/carpete-de-madeira04.jpg\" data-fancybox=\"wpcp_view\">\n\t\t<figure>\n\t\t\t<img decoding=\"async\" class=\"skip-lazy\" src=\"https:\/\/www.aarquiteta.com.br\/blog\/wp-content\/uploads\/2023\/11\/carpete-de-madeira04.jpg\" alt=\"carpete de madeira\" width=\"1024\" height=\"1024\" title=\"\">\t\t<\/figure>\n\t<\/a>\t\t<\/div><\/div>\t<div class=\"swiper-slide\">\t<div class=\"wpcp-single-item\">\t\t\t<a class=\"wcp-light-box\" data-buttons='[\"close\"]' data-wpc_url='https:\/\/www.aarquiteta.com.br\/blog\/wp-content\/uploads\/2023\/11\/O-que-e-e-como-usar-a-brise-de-madeira02.jpg' href=\"https:\/\/www.aarquiteta.com.br\/blog\/wp-content\/uploads\/2023\/11\/O-que-e-e-como-usar-a-brise-de-madeira02.jpg\" data-fancybox=\"wpcp_view\">\n\t\t<figure>\n\t\t\t<img decoding=\"async\" class=\"skip-lazy\" src=\"https:\/\/www.aarquiteta.com.br\/blog\/wp-content\/uploads\/2023\/11\/O-que-e-e-como-usar-a-brise-de-madeira02.jpg\" alt=\"O que \u00e9 e como usar a brise de madeira\" width=\"1024\" height=\"1024\" title=\"\">\t\t<\/figure>\n\t<\/a>\t\t<\/div><\/div>\t<div class=\"swiper-slide\">\t<div class=\"wpcp-single-item\">\t\t\t<a class=\"wcp-light-box\" data-buttons='[\"close\"]' data-wpc_url='https:\/\/www.aarquiteta.com.br\/blog\/wp-content\/uploads\/2023\/10\/tinta-para-madeira02.jpg' href=\"https:\/\/www.aarquiteta.com.br\/blog\/wp-content\/uploads\/2023\/10\/tinta-para-madeira02.jpg\" data-fancybox=\"wpcp_view\">\n\t\t<figure>\n\t\t\t<img decoding=\"async\" class=\"skip-lazy\" src=\"https:\/\/www.aarquiteta.com.br\/blog\/wp-content\/uploads\/2023\/10\/tinta-para-madeira02.jpg\" alt=\"tinta para madeira\" width=\"1024\" height=\"1024\" title=\"\">\t\t<\/figure>\n\t<\/a>\t\t<\/div><\/div>\t<div class=\"swiper-slide\">\t<div class=\"wpcp-single-item\">\t\t\t<a class=\"wcp-light-box\" data-buttons='[\"close\"]' data-wpc_url='https:\/\/www.aarquiteta.com.br\/blog\/wp-content\/uploads\/2023\/10\/mesa-de-madeira-rustica04.jpg' href=\"https:\/\/www.aarquiteta.com.br\/blog\/wp-content\/uploads\/2023\/10\/mesa-de-madeira-rustica04.jpg\" data-fancybox=\"wpcp_view\">\n\t\t<figure>\n\t\t\t<img decoding=\"async\" class=\"skip-lazy\" src=\"https:\/\/www.aarquiteta.com.br\/blog\/wp-content\/uploads\/2023\/10\/mesa-de-madeira-rustica04.jpg\" alt=\"mesa de madeira r\u00fastica\" width=\"1024\" height=\"1024\" title=\"\">\t\t<\/figure>\n\t<\/a>\t\t<\/div><\/div>\t<div class=\"swiper-slide\">\t<div class=\"wpcp-single-item\">\t\t\t<a class=\"wcp-light-box\" data-buttons='[\"close\"]' data-wpc_url='https:\/\/www.aarquiteta.com.br\/blog\/wp-content\/uploads\/2023\/08\/pergolados-de-madeira-1.png' href=\"https:\/\/www.aarquiteta.com.br\/blog\/wp-content\/uploads\/2023\/08\/pergolados-de-madeira-1.png\" data-fancybox=\"wpcp_view\">\n\t\t<figure>\n\t\t\t<img decoding=\"async\" class=\"skip-lazy\" src=\"https:\/\/www.aarquiteta.com.br\/blog\/wp-content\/uploads\/2023\/08\/pergolados-de-madeira-1.png\" alt=\"Os 5 Tipos de Pergolados Mais Populares para Transformar seu Espa\u00e7o com Estilo e Conforto\" width=\"1024\" height=\"1024\" title=\"\">\t\t<\/figure>\n\t<\/a>\t\t<\/div><\/div>\t<div class=\"swiper-slide\">\t<div class=\"wpcp-single-item\">\t\t\t<a class=\"wcp-light-box\" data-buttons='[\"close\"]' data-wpc_url='https:\/\/www.aarquiteta.com.br\/blog\/wp-content\/uploads\/2023\/08\/pergolados-de-madeira.png' href=\"https:\/\/www.aarquiteta.com.br\/blog\/wp-content\/uploads\/2023\/08\/pergolados-de-madeira.png\" data-fancybox=\"wpcp_view\">\n\t\t<figure>\n\t\t\t<img decoding=\"async\" class=\"skip-lazy\" src=\"https:\/\/www.aarquiteta.com.br\/blog\/wp-content\/uploads\/2023\/08\/pergolados-de-madeira.png\" alt=\"pergolados de madeira\" width=\"1024\" height=\"1024\" title=\"\">\t\t<\/figure>\n\t<\/a>\t\t<\/div><\/div>\t<div class=\"swiper-slide\">\t<div class=\"wpcp-single-item\">\t\t\t<a class=\"wcp-light-box\" data-buttons='[\"close\"]' data-wpc_url='https:\/\/www.aarquiteta.com.br\/blog\/wp-content\/uploads\/2023\/05\/pergolado-de-madeira-3.png' href=\"https:\/\/www.aarquiteta.com.br\/blog\/wp-content\/uploads\/2023\/05\/pergolado-de-madeira-3.png\" data-fancybox=\"wpcp_view\">\n\t\t<figure>\n\t\t\t<img decoding=\"async\" class=\"skip-lazy\" src=\"https:\/\/www.aarquiteta.com.br\/blog\/wp-content\/uploads\/2023\/05\/pergolado-de-madeira-3.png\" alt=\"\" width=\"1456\" height=\"816\" title=\"\">\t\t<\/figure>\n\t<\/a>\t\t<\/div><\/div>\t<div class=\"swiper-slide\">\t<div class=\"wpcp-single-item\">\t\t\t<a class=\"wcp-light-box\" data-buttons='[\"close\"]' data-wpc_url='https:\/\/www.aarquiteta.com.br\/blog\/wp-content\/uploads\/2023\/06\/piso-laminado-de-madeira-2.png' href=\"https:\/\/www.aarquiteta.com.br\/blog\/wp-content\/uploads\/2023\/06\/piso-laminado-de-madeira-2.png\" data-fancybox=\"wpcp_view\">\n\t\t<figure>\n\t\t\t<img decoding=\"async\" class=\"skip-lazy\" src=\"https:\/\/www.aarquiteta.com.br\/blog\/wp-content\/uploads\/2023\/06\/piso-laminado-de-madeira-2.png\" alt=\"piso laminado de madeira\" width=\"1456\" height=\"816\" title=\"\">\t\t<\/figure>\n\t<\/a>\t\t<\/div><\/div>\t<div class=\"swiper-slide\">\t<div class=\"wpcp-single-item\">\t\t\t<a class=\"wcp-light-box\" data-buttons='[\"close\"]' data-wpc_url='https:\/\/www.aarquiteta.com.br\/blog\/wp-content\/uploads\/2023\/05\/piso-vinilico-7.jpg' href=\"https:\/\/www.aarquiteta.com.br\/blog\/wp-content\/uploads\/2023\/05\/piso-vinilico-7.jpg\" data-fancybox=\"wpcp_view\">\n\t\t<figure>\n\t\t\t<img decoding=\"async\" class=\"skip-lazy\" src=\"https:\/\/www.aarquiteta.com.br\/blog\/wp-content\/uploads\/2023\/05\/piso-vinilico-7.jpg\" alt=\"A ascens\u00e3o do Piso Vin\u00edlico - O piso que est\u00e1 derrotando a Madeira!\" width=\"1200\" height=\"800\" title=\"\">\t\t<\/figure>\n\t<\/a>\t\t<\/div><\/div>\t<div class=\"swiper-slide\">\t<div class=\"wpcp-single-item\">\t\t\t<a class=\"wcp-light-box\" data-buttons='[\"close\"]' data-wpc_url='https:\/\/www.aarquiteta.com.br\/blog\/wp-content\/uploads\/2023\/05\/piso-vinilico-6.jpg' href=\"https:\/\/www.aarquiteta.com.br\/blog\/wp-content\/uploads\/2023\/05\/piso-vinilico-6.jpg\" data-fancybox=\"wpcp_view\">\n\t\t<figure>\n\t\t\t<img decoding=\"async\" class=\"skip-lazy\" src=\"https:\/\/www.aarquiteta.com.br\/blog\/wp-content\/uploads\/2023\/05\/piso-vinilico-6.jpg\" alt=\"A ascens\u00e3o do Piso Vin\u00edlico - O piso que est\u00e1 derrotando a Madeira!\" width=\"1200\" height=\"800\" title=\"\">\t\t<\/figure>\n\t<\/a>\t\t<\/div><\/div>\t<div class=\"swiper-slide\">\t<div class=\"wpcp-single-item\">\t\t\t<a class=\"wcp-light-box\" data-buttons='[\"close\"]' data-wpc_url='https:\/\/www.aarquiteta.com.br\/blog\/wp-content\/uploads\/2023\/05\/casa-de-madeira-4.png' href=\"https:\/\/www.aarquiteta.com.br\/blog\/wp-content\/uploads\/2023\/05\/casa-de-madeira-4.png\" data-fancybox=\"wpcp_view\">\n\t\t<figure>\n\t\t\t<img decoding=\"async\" class=\"skip-lazy\" src=\"https:\/\/www.aarquiteta.com.br\/blog\/wp-content\/uploads\/2023\/05\/casa-de-madeira-4.png\" alt=\"casa de madeira\" width=\"1456\" height=\"816\" title=\"\">\t\t<\/figure>\n\t<\/a>\t\t<\/div><\/div>\t<div class=\"swiper-slide\">\t<div class=\"wpcp-single-item\">\t\t\t<a class=\"wcp-light-box\" data-buttons='[\"close\"]' data-wpc_url='https:\/\/www.aarquiteta.com.br\/blog\/wp-content\/uploads\/2023\/05\/Painel-Ripado-de-madeira-3.png' href=\"https:\/\/www.aarquiteta.com.br\/blog\/wp-content\/uploads\/2023\/05\/Painel-Ripado-de-madeira-3.png\" data-fancybox=\"wpcp_view\">\n\t\t<figure>\n\t\t\t<img decoding=\"async\" class=\"skip-lazy\" src=\"https:\/\/www.aarquiteta.com.br\/blog\/wp-content\/uploads\/2023\/05\/Painel-Ripado-de-madeira-3.png\" alt=\"sala de tv planejada painel ripado\" width=\"1664\" height=\"960\" title=\"\">\t\t<\/figure>\n\t<\/a>\t\t<\/div><\/div>\t\t\t<\/div>\t\t\t\t\t<div class=\"wpcp-swiper-dots swiper-pagination\"><\/div>\t\t\t\t<!-- If we need navigation buttons -->\t\t\t<\/div>\t<\/div><\/div><p>Com um cooktop port\u00e1til, voc\u00ea pode preparar desde um delicioso caf\u00e9 da manh\u00e3 at\u00e9 um jantar sofisticado. Basta usar sua criatividade e experimentar receitas diferentes. E quando n\u00e3o estiver em uso, esses eletrodom\u00e9sticos podem ser facilmente armazenados em um arm\u00e1rio ou prateleira.<\/p><h2>3. Utilize prateleiras e nichos para otimizar o espa\u00e7o<\/h2><p>Em uma varanda pequena, <b>cada cantinho deve ser aproveitado<\/b>. Por isso, n\u00e3o deixe de explorar as paredes e cantos vazios. Prateleiras suspensas s\u00e3o perfeitas para exibir vasos de plantas, livros ou pequenos objetos decorativos.<\/p><p>E se voc\u00ea tem espa\u00e7o dispon\u00edvel embaixo da janela ou perto do teto, aproveite para criar nichos de armazenamento. Esses espa\u00e7os podem guardar desde utens\u00edlios de cozinha at\u00e9 toalhas e mantimentos.<\/p><h3>Personalize seu espa\u00e7o<\/h3><figure style=\"width: 1024px\" class=\"wp-caption aligncenter\"><img decoding=\"async\" src=\"https:\/\/www.aarquiteta.com.br\/blog\/wp-content\/uploads\/2024\/06\/5-Dicas-para-Varanda-Gourmet-Pequena-em-Apartamentos02.jpg\" alt=\"5 Dicas para Varanda Gourmet Pequena em Apartamentos\" width=\"1024\" height=\"1024\" title=\"\"><figcaption class=\"wp-caption-text\">5 Dicas para Varanda Gourmet Pequena em Apartamentos<\/figcaption><\/figure><p>N\u00e3o se contente com prateleiras comuns. <b>Transforme-as em verdadeiras pe\u00e7as de decora\u00e7\u00e3o<\/b>, pintando-as com cores vibrantes ou adicionando detalhes em madeira ou metal. Voc\u00ea tamb\u00e9m pode envelhecer algumas prateleiras para criar um visual r\u00fastico e charmoso.<\/p><h2>4. Aposte em plantas e vasos suspensos<\/h2><p>Nada traz mais vida e frescor a um espa\u00e7o do que as plantas. Em uma varanda compacta, <b>a solu\u00e7\u00e3o \u00e9 apostar em vasos suspensos e pendentes<\/b>. Al\u00e9m de economizarem espa\u00e7o no ch\u00e3o, eles criam um visual encantador e deixam o ambiente mais acolhedor.<\/p><p>Experimente diferentes tamanhos e formatos de vasos, combinando-os com trepadeiras e plantas de folhagem densa para criar uma verdadeira parede verde. E para um toque extra de charme, pendure algumas lanternas ou lumin\u00e1rias entre as plantas.<\/p><h3>Dica de jardinagem<\/h3><figure style=\"width: 1024px\" class=\"wp-caption aligncenter\"><img decoding=\"async\" src=\"https:\/\/www.aarquiteta.com.br\/blog\/wp-content\/uploads\/2024\/06\/5-Dicas-para-Varanda-Gourmet-Pequena-em-Apartamentos01.jpg\" alt=\"5 Dicas para Varanda Gourmet Pequena em Apartamentos\" width=\"1024\" height=\"1024\" title=\"\"><figcaption class=\"wp-caption-text\">5 Dicas para Varanda Gourmet Pequena em Apartamentos<\/figcaption><\/figure><p>Escolha plantas que sejam f\u00e1ceis de cuidar e resistentes ao sol e \u00e0 chuva. Alguns exemplos perfeitos para varandas s\u00e3o o espada-de-s\u00e3o-jorge, a samambaia e a costela-de-ad\u00e3o. E n\u00e3o se esque\u00e7a de regar regularmente para manter suas plantinhas saud\u00e1veis e vi\u00e7osas.<\/p><h2>5. Capriche na ilumina\u00e7\u00e3o e na decora\u00e7\u00e3o<\/h2><p>Uma boa ilumina\u00e7\u00e3o \u00e9 essencial para criar um ambiente aconchegante em sua varanda gourmet. <b>Aposte em lumin\u00e1rias de ch\u00e3o ou pendentes para criar um clima intimista<\/b>, al\u00e9m de instalar uma ilumina\u00e7\u00e3o geral para facilitar a movimenta\u00e7\u00e3o.<\/p><p>E n\u00e3o se esque\u00e7a de investir em decora\u00e7\u00e3o! Almofadas coloridas, tapetes texturizados e pequenos objetos decorativos podem transformar completamente o visual do seu espa\u00e7o. Seja criativo e misture diferentes estilos e materiais para criar uma atmosfera \u00fanica e cheia de personalidade.<\/p><h3>Dica de decora\u00e7\u00e3o<\/h3><h3>Assista agora a minha recomenda\u00e7\u00e3o de video abaixo sobre o tema que estamos tratando neste artigo: <\/h3><p><div class=\"youtube-embed\" data-video_id=\"rLJYqjWQyP0\"><iframe title=\"25 VARANDAS GOURMET PEQUENAS (DE APARTAMENTO)\" width=\"696\" height=\"392\" src=\"https:\/\/www.youtube.com\/embed\/rLJYqjWQyP0?feature=oembed&#038;enablejsapi=1\" frameborder=\"0\" allow=\"accelerometer; autoplay; clipboard-write; encrypted-media; gyroscope; picture-in-picture; web-share\" referrerpolicy=\"strict-origin-when-cross-origin\" allowfullscreen><\/iframe><\/div><\/p><p>Procure por pe\u00e7as antigas ou de segunda m\u00e3o para dar um toque r\u00fastico e charmoso \u00e0 sua varanda. Um velho ba\u00fa de madeira pode se tornar uma mesa de centro incr\u00edvel, enquanto uma antiga escada pode ser transformada em uma estante para exibir seus vasos de plantas.<\/p><h2>Conclus\u00e3o<\/h2><p>Transformar uma pequena varanda em um verdadeiro o\u00e1sis urbano \u00e9 poss\u00edvel com um pouco de criatividade e algumas dicas inteligentes. <b>Aproveite cada cent\u00edmetro quadrado, invista em m\u00f3veis multifuncionais e solu\u00e7\u00f5es compactas de armazenamento, e n\u00e3o se esque\u00e7a de trazer vida e charme com plantas e decora\u00e7\u00e3o personalizada<\/b>.<\/p><p>Com essas dicas, voc\u00ea pode criar um espa\u00e7o acolhedor e funcional para desfrutar de momentos especiais ao ar livre, seja tomando um caf\u00e9 da manh\u00e3 relaxante ou compartilhando um jantar delicioso com amigos e familiares. Ent\u00e3o, m\u00e3os \u00e0 obra e transforme sua varanda no ref\u00fagio perfeito para relaxar e se reconectar com a natureza!<\/p><p style=\"text-align: center;\">[amazon table=&#8221;82992&#8243;]","protected":false},"excerpt":{"rendered":"<p>Crie um espa\u00e7o acolhedor e pr\u00e1tico com estas cinco dicas para varandas gourmet pequenas em apartamentos.<\/p>\n","protected":false},"author":102,"featured_media":114480,"comment_status":"closed","ping_status":"closed","sticky":false,"template":"","format":"standard","meta":{"footnotes":""},"categories":[1484,971,18792,18794],"tags":[],"class_list":["post-114483","post","type-post","status-publish","format-standard","has-post-thumbnail","category-decoracao","category-design-de-interiores","category-decoracao-de-apartamento","category-projetos-de-decoracao-de-casas"],"_wp_attached_file":null,"_wp_attachment_metadata":null,"_wp_attachment_context":null,"_wp_attachment_is_custom_header":null,"geo_longitude":null,"geo_public":null,"geo_latitude":null,"_publicize_done_external":null,"_wpas_done_3897181":null,"publicize_twitter_user":null,"_wpas_done_3897175":null,"_wpas_skip_3897181":null,"_wpas_skip_3897175":null,"_wpas_skip_3924723":null,"_wpas_mess":null,"_wpas_done_3924723":null,"wps_subtitle":"","_links":{"self":[{"href":"https:\/\/www.aarquiteta.com.br\/blog\/wp-json\/wp\/v2\/posts\/114483","targetHints":{"allow":["GET"]}}],"collection":[{"href":"https:\/\/www.aarquiteta.com.br\/blog\/wp-json\/wp\/v2\/posts"}],"about":[{"href":"https:\/\/www.aarquiteta.com.br\/blog\/wp-json\/wp\/v2\/types\/post"}],"author":[{"embeddable":true,"href":"https:\/\/www.aarquiteta.com.br\/blog\/wp-json\/wp\/v2\/users\/102"}],"replies":[{"embeddable":true,"href":"https:\/\/www.aarquiteta.com.br\/blog\/wp-json\/wp\/v2\/comments?post=114483"}],"version-history":[{"count":0,"href":"https:\/\/www.aarquiteta.com.br\/blog\/wp-json\/wp\/v2\/posts\/114483\/revisions"}],"wp:featuredmedia":[{"embeddable":true,"href":"https:\/\/www.aarquiteta.com.br\/blog\/wp-json\/wp\/v2\/media\/114480"}],"wp:attachment":[{"href":"https:\/\/www.aarquiteta.com.br\/blog\/wp-json\/wp\/v2\/media?parent=114483"}],"wp:term":[{"taxonomy":"category","embeddable":true,"href":"https:\/\/www.aarquiteta.com.br\/blog\/wp-json\/wp\/v2\/categories?post=114483"},{"taxonomy":"post_tag","embeddable":true,"href":"https:\/\/www.aarquiteta.com.br\/blog\/wp-json\/wp\/v2\/tags?post=114483"}],"curies":[{"name":"wp","href":"https:\/\/api.w.org\/{rel}","templated":true}]}}