{"id":114368,"date":"2024-06-06T13:21:27","date_gmt":"2024-06-06T16:21:27","guid":{"rendered":"https:\/\/www.aarquiteta.com.br\/blog\/5-ideias-de-pergolado-rustico-para-transformar-seu-jardim\/"},"modified":"2024-07-02T10:54:23","modified_gmt":"2024-07-02T13:54:23","slug":"5-ideias-de-pergolado-rustico-para-transformar-seu-jardim","status":"publish","type":"post","link":"https:\/\/www.aarquiteta.com.br\/blog\/5-ideias-de-pergolado-rustico-para-transformar-seu-jardim\/","title":{"rendered":"5 Ideias de Pergolado R\u00fastico para Transformar seu Jardim"},"content":{"rendered":"<p><body><\/p>\n<p><b>Transforme seu jardim em um lugar m\u00e1gico e encantador com pergolados r\u00fasticos!<\/b> Essas estruturas arquitet\u00f4nicas simples, mas incrivelmente charmosas, podem adicionar um toque r\u00fastico e aconchegante ao seu espa\u00e7o externo. Prepare-se para mergulhar em ideias inspiradoras que v\u00e3o fazer voc\u00ea querer come\u00e7ar a construir o seu pr\u00f3prio pergolado hoje mesmo!<\/p>\n<h3>Key Takeaways:<\/h3>\n<figure style=\"width: 1024px\" class=\"wp-caption aligncenter\"><img decoding=\"async\" src=\"https:\/\/www.aarquiteta.com.br\/blog\/wp-content\/uploads\/2024\/06\/5-Ideias-de-Pergolado-Rustico-para-Transformar-seu-Jardim04.jpg\" alt=\"5 Ideias de Pergolado R\u00fastico para Transformar seu Jardim\" width=\"1024\" height=\"1024\" title=\"\"><figcaption class=\"wp-caption-text\">5 Ideias de Pergolado R\u00fastico para Transformar seu Jardim<\/figcaption><\/figure>\n<ul>\n<li>Descubra como criar pergolados r\u00fasticos com madeira, palha, ferro e detalhes acolhedores.<\/li>\n<li>Explore diferentes op\u00e7\u00f5es de plantas trepadeiras para adicionar vida e beleza \u00e0 estrutura.<\/li>\n<li>Aprenda dicas para incorporar ilumina\u00e7\u00e3o r\u00fastica e criar um ambiente aconchegante \u00e0 noite.<\/li>\n<\/ul>\n<h2>1. Pergolado de madeira com trepadeiras<\/h2>\n<p>Nada mais r\u00fastico e encantador do que um pergolado de madeira natural, certo? Imagine uma estrutura robusta, constru\u00edda com vigas de madeira maci\u00e7a, criando uma sombra acolhedora no seu jardim. <b>Agora, acrescente plantas trepadeiras como hera, glic\u00ednias ou rosas para escalar pelas colunas e formar um teto vivo e florido.<\/b> Esse \u00e9 o toque m\u00e1gico que transforma um simples pergolado em um verdadeiro ref\u00fagio natural.<\/p>\n<h3>Dicas para um pergolado de madeira perfeito:<\/h3>\n<figure style=\"width: 1024px\" class=\"wp-caption aligncenter\"><img decoding=\"async\" src=\"https:\/\/www.aarquiteta.com.br\/blog\/wp-content\/uploads\/2024\/06\/5-Ideias-de-Pergolado-Rustico-para-Transformar-seu-Jardim03.jpg\" alt=\"5 Ideias de Pergolado R\u00fastico para Transformar seu Jardim\" width=\"1024\" height=\"1024\" title=\"\"><figcaption class=\"wp-caption-text\">5 Ideias de Pergolado R\u00fastico para Transformar seu Jardim<\/figcaption><\/figure>\n<ul>\n<li>Escolha madeiras nobres e resistentes, como cedro ou ip\u00ea, para garantir durabilidade.<\/li>\n<li>Instale suportes para as trepadeiras se enrolarem com facilidade.<\/li>\n<li>Adicione bancos r\u00fasticos embaixo do pergolado para criar um espa\u00e7o de descanso.<\/li>\n<\/ul>\n<h2>2. Pergolado com cobertura de palha<\/h2>\n<p>Quer transportar seu jardim para um cen\u00e1rio tipicamente tropical? <b>Um pergolado com cobertura de palha \u00e9 a solu\u00e7\u00e3o perfeita!<\/b> Essa estrutura r\u00fastica e ex\u00f3tica pode ser facilmente constru\u00edda com colunas de madeira e uma cobertura tran\u00e7ada de palha, bambu ou at\u00e9 mesmo folhas secas de bananeira.<\/p>\n<h3>Dicas para um pergolado tropical:<\/h3>\n<style id=\"wp_carousel_dynamic_css104054\">.sp-wp-carousel-free-id-104054.wpcf-fancybox-wrapper .fancybox-bg{background: #0b0b0b;opacity: 0.8;}.sp-wp-carousel-free-id-104054.wpcf-fancybox-wrapper .fancybox-navigation .fancybox-button .wpcp-fancybox-nav-arrow i {color: #ccc;}.sp-wp-carousel-free-id-104054.wpcf-fancybox-wrapper .fancybox-navigation .fancybox-button .wpcp-fancybox-nav-arrow i:hover {color: #fff;}.sp-wp-carousel-free-id-104054.wpcf-fancybox-wrapper .fancybox-navigation .fancybox-button {background: #1e1e1e;}.sp-wp-carousel-free-id-104054.wpcf-fancybox-wrapper .fancybox-navigation .fancybox-button:hover {background: #1e1e1e;}#sp-wp-carousel-free-id-104054 .wpcp-swiper-dots {margin: 40px 0px 0px 0px;}.wpcp-wrapper-104054 .swiper-wrapper .swiper-slide-kenburn, .wpcp-wrapper-104054 .swiper-wrapper, .wpcp-wrapper-104054 .wpcpro-row{align-items: center;}#sp-wp-carousel-free-id-104054 .wpcp-single-item {box-shadow: 0px 0px 0px 0px #dddddd;transition: all .3s;margin: 0px;}#sp-wp-carousel-free-id-104054.swiper-flip .wpcp-single-item{margin: 0!important;}#sp-wp-carousel-free-id-104054 .wpcp-single-item:hover {box-shadow: 0px 0px 0px 0px #dddddd;}#sp-wp-carousel-free-id-104054.sp-wpcp-104054 .wpcp-single-item {border: 1px solid #dddddd;}#sp-wp-carousel-free-id-104054.sp-wpcp-104054 .swiper-button-prev,#sp-wp-carousel-free-id-104054.sp-wpcp-104054 .swiper-button-next,#sp-wp-carousel-free-id-104054.sp-wpcp-104054 .swiper-button-prev:hover,#sp-wp-carousel-free-id-104054.sp-wpcp-104054 .swiper-button-next:hover {background: none;border: none;font-size: 30px;}#sp-wp-carousel-free-id-104054.sp-wpcp-104054 .swiper-button-prev i,#sp-wp-carousel-free-id-104054.sp-wpcp-104054 .swiper-button-next i {color: #aaa;}#sp-wp-carousel-free-id-104054.sp-wpcp-104054 .swiper-button-prev i:hover,#sp-wp-carousel-free-id-104054.sp-wpcp-104054 .swiper-button-next i:hover {color: #178087;}#sp-wp-carousel-free-id-104054.sp-wpcp-104054 .wpcp-swiper-dots .swiper-pagination-bullet {background-color: #cccccc;}#sp-wp-carousel-free-id-104054.sp-wpcp-104054 .wpcp-swiper-dots .swiper-pagination-bullet.swiper-pagination-bullet-active {background-color: #178087;} #sp-wp-carousel-free-id-104054.sp-wpcp-104054.wpcp-image-carousel .wpcp-single-item:hover img, #sp-wp-carousel-free-id-104054.sp-wpcp-104054.wpcp-post-carousel .wpcp-single-item:hover img, #sp-wp-carousel-free-id-104054.sp-wpcp-104054.wpcp-product-carousel .wpcp-single-item:hover img{-webkit-transform: scale(1.2);-moz-transform: scale(1.2);transform: scale(1.2);}#sp-wp-carousel-free-id-104054 .wpcpro-row>[class*=\"wpcpro-col-\"] { padding: 0 10px; padding-bottom: 20px;} #sp-wp-carousel-free-id-104054 .swiper-slide .single-item-fade:not(:last-child) { margin-right: 20px;}@media (min-width: 480px) { .wpcpro-row .wpcpro-col-sm-1 { flex: 0 0 100%; max-width: 100%; } .wpcpro-row .wpcpro-col-sm-2 { flex: 0 0 50%; max-width: 50%; } .wpcpro-row .wpcpro-col-sm-2-5 { flex: 0 0 75%; max-width: 75%; } .wpcpro-row .wpcpro-col-sm-3 { flex: 0 0 33.333%; max-width: 33.333%; } .wpcpro-row .wpcpro-col-sm-4 { flex: 0 0 25%; max-width: 25%; } .wpcpro-row .wpcpro-col-sm-5 { flex: 0 0 20%; max-width: 20%; } .wpcpro-row .wpcpro-col-sm-6 { flex: 0 0 16.66666666666667%; max-width: 16.66666666666667%; } .wpcpro-row .wpcpro-col-sm-7 { flex: 0 0 14.28571428%; max-width: 14.28571428%; } .wpcpro-row .wpcpro-col-sm-8 { flex: 0 0 12.5%; max-width: 12.5%; } } @media (max-width: 480px) { .wpcpro-row .wpcpro-col-xs-1 { flex: 0 0 100%; max-width: 100%; } .wpcpro-row .wpcpro-col-xs-2 { flex: 0 0 50%; max-width: 50%; } .wpcpro-row .wpcpro-col-xs-3 { flex: 0 0 33.222%; max-width: 33.222%; } .wpcpro-row .wpcpro-col-xs-4 { flex: 0 0 25%; max-width: 25%; } .wpcpro-row .wpcpro-col-xs-5 { flex: 0 0 20%; max-width: 20%; } .wpcpro-row .wpcpro-col-xs-6 { flex: 0 0 16.6667%; max-width: 16.6667%; } .wpcpro-row .wpcpro-col-xs-7 { flex: 0 0 14.28571428%; max-width: 14.28571428%; } .wpcpro-row .wpcpro-col-xs-8 { flex: 0 0 12.5%; max-width: 12.5%; } } @media (min-width: 736px) { .wpcpro-row .wpcpro-col-md-1 { flex: 0 0 100%; max-width: 100%; } .wpcpro-row .wpcpro-col-md-2 { flex: 0 0 50%; max-width: 50%; } .wpcpro-row .wpcpro-col-md-2-5 { flex: 0 0 75%; max-width: 75%; } .wpcpro-row .wpcpro-col-md-3 { flex: 0 0 33.333%; max-width: 33.333%; } .wpcpro-row .wpcpro-col-md-4 { flex: 0 0 25%; max-width: 25%; } .wpcpro-row .wpcpro-col-md-5 { flex: 0 0 20%; max-width: 20%; } .wpcpro-row .wpcpro-col-md-6 { flex: 0 0 16.66666666666667%; max-width: 16.66666666666667%; } .wpcpro-row .wpcpro-col-md-7 { flex: 0 0 14.28571428%; max-width: 14.28571428%; } .wpcpro-row .wpcpro-col-md-8 { flex: 0 0 12.5%; max-width: 12.5%; } } @media (min-width: 980px) { .wpcpro-row .wpcpro-col-lg-1 { flex: 0 0 100%; max-width: 100%; } .wpcpro-row .wpcpro-col-lg-2 { flex: 0 0 50%; max-width: 50%; } .wpcpro-row .wpcpro-col-lg-3 { flex: 0 0 33.222%; max-width: 33.222%; } .wpcpro-row .wpcpro-col-lg-4 { flex: 0 0 25%; max-width: 25%; } .wpcpro-row .wpcpro-col-lg-5 { flex: 0 0 20%; max-width: 20%; } .wpcpro-row .wpcpro-col-lg-6 { flex: 0 0 16.6667%; max-width: 16.6667%; } .wpcpro-row .wpcpro-col-lg-7 { flex: 0 0 14.28571428%; max-width: 14.28571428%; } .wpcpro-row .wpcpro-col-lg-8 { flex: 0 0 12.5%; max-width: 12.5%; } } @media (min-width: 1200px) { .wpcpro-row .wpcpro-col-xl-1 { flex: 0 0 100%; max-width: 100%; } .wpcpro-row .wpcpro-col-xl-2 { flex: 0 0 50%; max-width: 50%; } .wpcpro-row .wpcpro-col-xl-3 { flex: 0 0 33.22222222%; max-width: 33.22222222%; } .wpcpro-row .wpcpro-col-xl-4 { flex: 0 0 25%; max-width: 25%; } .wpcpro-row .wpcpro-col-xl-5 { flex: 0 0 20%; max-width: 20%; } .wpcpro-row .wpcpro-col-xl-6 { flex: 0 0 16.66667%; max-width: 16.66667%; } .wpcpro-row .wpcpro-col-xl-7 { flex: 0 0 14.28571428%; max-width: 14.28571428%; } .wpcpro-row .wpcpro-col-xl-8 { flex: 0 0 12.5%; max-width: 12.5%; } }<\/style><div class=\"wpcp-carousel-wrapper wpcp-wrapper-104054\">\n\t<div id=\"wpcp-preloader-104054\" class=\"wpcp-carousel-preloader\"><img decoding=\"async\" src=\"https:\/\/www.aarquiteta.com.br\/blog\/wp-content\/plugins\/wp-carousel-free\/public\/css\/spinner.svg\" alt=\"Preloader Image\" title=\"\"><\/div>\t<div class=\"wpcp-carousel-content-wrapper\">\n\t<div id=\"sp-wp-carousel-free-id-104054\" class=\"wpcp-carousel-section sp-wpcp-104054  nav-vertical-center wpcp-image-carousel wpcp-preloader wpcp-standard\" data-swiper='{ &quot;pagination_type&quot;: &quot;dots&quot;,&quot;accessibility&quot;:true, &quot;spaceBetween&quot;:20, &quot;arrows&quot;:false, &quot;freeMode&quot;: false, &quot;autoplay&quot;:true, &quot;effect&quot;: &quot;&quot;, &quot;centerMode&quot;: false, &quot;autoplaySpeed&quot;:3000, &quot;dots&quot;:true, &quot;infinite&quot;:true, &quot;speed&quot;:600, &quot;pauseOnHover&quot;:true,\n\t\t\t&quot;slidesToShow&quot;:{&quot;lg_desktop&quot;:5, &quot;desktop&quot;: 4, &quot;laptop&quot;: 3, &quot;tablet&quot;: 2, &quot;mobile&quot;: 1}, &quot;responsive&quot;:{&quot;desktop&quot;:1200, &quot;laptop&quot;: 980, &quot;tablet&quot;: 736, &quot;mobile&quot;: 480}, &quot;rtl&quot;:false, &quot;lazyLoad&quot;: &quot;false&quot;, &quot;swipe&quot;: true, &quot;draggable&quot;: true, &quot;swipeToSlide&quot;:false }' dir=\"ltr\">\n\t\t<div class=\"swiper-wrapper\">\n\t\t<div class=\"swiper-slide\">\n\t<div class=\"wpcp-single-item\">\n\t\t\t<a class=\"wcp-light-box\" data-buttons='[\"close\"]' data-wpc_url='https:\/\/www.aarquiteta.com.br\/blog\/wp-content\/uploads\/2023\/12\/escubra-como-Transformar-Sua-Casa-com-o-Incrivel-Efeito-Madeira-Usando-Apenas-Argamassa.jpg' href=\"https:\/\/www.aarquiteta.com.br\/blog\/wp-content\/uploads\/2023\/12\/escubra-como-Transformar-Sua-Casa-com-o-Incrivel-Efeito-Madeira-Usando-Apenas-Argamassa.jpg\" data-fancybox=\"wpcp_view\">\n\t\t<figure>\n\t\t\t<img decoding=\"async\" class=\"skip-lazy\" src=\"https:\/\/www.aarquiteta.com.br\/blog\/wp-content\/uploads\/2023\/12\/escubra-como-Transformar-Sua-Casa-com-o-Incrivel-Efeito-Madeira-Usando-Apenas-Argamassa.jpg\" alt=\"Descubra como Transformar Sua Casa com o Incr\u00edvel Efeito Madeira Usando Apenas Argamassa\" width=\"1024\" height=\"1024\" title=\"\">\t\t<\/figure>\n\t<\/a>\n\t\t<\/div>\n<\/div>\n\t<div class=\"swiper-slide\">\n\t<div class=\"wpcp-single-item\">\n\t\t\t<a class=\"wcp-light-box\" data-buttons='[\"close\"]' data-wpc_url='https:\/\/www.aarquiteta.com.br\/blog\/wp-content\/uploads\/2023\/12\/pisos-que-imitam-madeira04.jpg' href=\"https:\/\/www.aarquiteta.com.br\/blog\/wp-content\/uploads\/2023\/12\/pisos-que-imitam-madeira04.jpg\" data-fancybox=\"wpcp_view\">\n\t\t<figure>\n\t\t\t<img decoding=\"async\" class=\"skip-lazy\" src=\"https:\/\/www.aarquiteta.com.br\/blog\/wp-content\/uploads\/2023\/12\/pisos-que-imitam-madeira04.jpg\" alt=\"pisos que imitam madeira\" width=\"1024\" height=\"1024\" title=\"\">\t\t<\/figure>\n\t<\/a>\n\t\t<\/div>\n<\/div>\n\t<div class=\"swiper-slide\">\n\t<div class=\"wpcp-single-item\">\n\t\t\t<a class=\"wcp-light-box\" data-buttons='[\"close\"]' data-wpc_url='https:\/\/www.aarquiteta.com.br\/blog\/wp-content\/uploads\/2024\/01\/poltrona-de-madeira02.jpg' href=\"https:\/\/www.aarquiteta.com.br\/blog\/wp-content\/uploads\/2024\/01\/poltrona-de-madeira02.jpg\" data-fancybox=\"wpcp_view\">\n\t\t<figure>\n\t\t\t<img decoding=\"async\" class=\"skip-lazy\" src=\"https:\/\/www.aarquiteta.com.br\/blog\/wp-content\/uploads\/2024\/01\/poltrona-de-madeira02.jpg\" alt=\"poltrona de madeira\" width=\"1024\" height=\"1024\" title=\"\">\t\t<\/figure>\n\t<\/a>\n\t\t<\/div>\n<\/div>\n\t<div class=\"swiper-slide\">\n\t<div class=\"wpcp-single-item\">\n\t\t\t<a class=\"wcp-light-box\" data-buttons='[\"close\"]' data-wpc_url='https:\/\/www.aarquiteta.com.br\/blog\/wp-content\/uploads\/2023\/12\/pisos-que-imitam-madeira01.jpg' href=\"https:\/\/www.aarquiteta.com.br\/blog\/wp-content\/uploads\/2023\/12\/pisos-que-imitam-madeira01.jpg\" data-fancybox=\"wpcp_view\">\n\t\t<figure>\n\t\t\t<img decoding=\"async\" class=\"skip-lazy\" src=\"https:\/\/www.aarquiteta.com.br\/blog\/wp-content\/uploads\/2023\/12\/pisos-que-imitam-madeira01.jpg\" alt=\"pisos que imitam madeira\" width=\"1024\" height=\"1024\" title=\"\">\t\t<\/figure>\n\t<\/a>\n\t\t<\/div>\n<\/div>\n\t<div class=\"swiper-slide\">\n\t<div class=\"wpcp-single-item\">\n\t\t\t<a class=\"wcp-light-box\" data-buttons='[\"close\"]' data-wpc_url='https:\/\/www.aarquiteta.com.br\/blog\/wp-content\/uploads\/2023\/12\/cabeceira-de-madeira04.jpg' href=\"https:\/\/www.aarquiteta.com.br\/blog\/wp-content\/uploads\/2023\/12\/cabeceira-de-madeira04.jpg\" data-fancybox=\"wpcp_view\">\n\t\t<figure>\n\t\t\t<img decoding=\"async\" class=\"skip-lazy\" src=\"https:\/\/www.aarquiteta.com.br\/blog\/wp-content\/uploads\/2023\/12\/cabeceira-de-madeira04.jpg\" alt=\"cabeceira de madeira\" width=\"1024\" height=\"1024\" title=\"\">\t\t<\/figure>\n\t<\/a>\n\t\t<\/div>\n<\/div>\n\t<div class=\"swiper-slide\">\n\t<div class=\"wpcp-single-item\">\n\t\t\t<a class=\"wcp-light-box\" data-buttons='[\"close\"]' data-wpc_url='https:\/\/www.aarquiteta.com.br\/blog\/wp-content\/uploads\/2023\/12\/divisoria-de-madeira01.jpg' href=\"https:\/\/www.aarquiteta.com.br\/blog\/wp-content\/uploads\/2023\/12\/divisoria-de-madeira01.jpg\" data-fancybox=\"wpcp_view\">\n\t\t<figure>\n\t\t\t<img decoding=\"async\" class=\"skip-lazy\" src=\"https:\/\/www.aarquiteta.com.br\/blog\/wp-content\/uploads\/2023\/12\/divisoria-de-madeira01.jpg\" alt=\"divis\u00f3ria de madeira\" width=\"1024\" height=\"1024\" title=\"\">\t\t<\/figure>\n\t<\/a>\n\t\t<\/div>\n<\/div>\n\t<div class=\"swiper-slide\">\n\t<div class=\"wpcp-single-item\">\n\t\t\t<a class=\"wcp-light-box\" data-buttons='[\"close\"]' data-wpc_url='https:\/\/www.aarquiteta.com.br\/blog\/wp-content\/uploads\/2023\/12\/rack-de-madeira03.jpg' href=\"https:\/\/www.aarquiteta.com.br\/blog\/wp-content\/uploads\/2023\/12\/rack-de-madeira03.jpg\" data-fancybox=\"wpcp_view\">\n\t\t<figure>\n\t\t\t<img decoding=\"async\" class=\"skip-lazy\" src=\"https:\/\/www.aarquiteta.com.br\/blog\/wp-content\/uploads\/2023\/12\/rack-de-madeira03.jpg\" alt=\"rack de madeira\" width=\"1024\" height=\"1024\" title=\"\">\t\t<\/figure>\n\t<\/a>\n\t\t<\/div>\n<\/div>\n\t<div class=\"swiper-slide\">\n\t<div class=\"wpcp-single-item\">\n\t\t\t<a class=\"wcp-light-box\" data-buttons='[\"close\"]' data-wpc_url='https:\/\/www.aarquiteta.com.br\/blog\/wp-content\/uploads\/2023\/12\/cabeceira-de-madeira02.jpg' href=\"https:\/\/www.aarquiteta.com.br\/blog\/wp-content\/uploads\/2023\/12\/cabeceira-de-madeira02.jpg\" data-fancybox=\"wpcp_view\">\n\t\t<figure>\n\t\t\t<img decoding=\"async\" class=\"skip-lazy\" src=\"https:\/\/www.aarquiteta.com.br\/blog\/wp-content\/uploads\/2023\/12\/cabeceira-de-madeira02.jpg\" alt=\"cabeceira de madeira\" width=\"1024\" height=\"1024\" title=\"\">\t\t<\/figure>\n\t<\/a>\n\t\t<\/div>\n<\/div>\n\t<div class=\"swiper-slide\">\n\t<div class=\"wpcp-single-item\">\n\t\t\t<a class=\"wcp-light-box\" data-buttons='[\"close\"]' data-wpc_url='https:\/\/www.aarquiteta.com.br\/blog\/wp-content\/uploads\/2023\/11\/escadas-de-madeira04.jpg' href=\"https:\/\/www.aarquiteta.com.br\/blog\/wp-content\/uploads\/2023\/11\/escadas-de-madeira04.jpg\" data-fancybox=\"wpcp_view\">\n\t\t<figure>\n\t\t\t<img decoding=\"async\" class=\"skip-lazy\" src=\"https:\/\/www.aarquiteta.com.br\/blog\/wp-content\/uploads\/2023\/11\/escadas-de-madeira04.jpg\" alt=\"escadas de madeira\" width=\"1024\" height=\"1024\" title=\"\">\t\t<\/figure>\n\t<\/a>\n\t\t<\/div>\n<\/div>\n\t<div class=\"swiper-slide\">\n\t<div class=\"wpcp-single-item\">\n\t\t\t<a class=\"wcp-light-box\" data-buttons='[\"close\"]' data-wpc_url='https:\/\/www.aarquiteta.com.br\/blog\/wp-content\/uploads\/2023\/11\/escadas-de-madeira01.jpg' href=\"https:\/\/www.aarquiteta.com.br\/blog\/wp-content\/uploads\/2023\/11\/escadas-de-madeira01.jpg\" data-fancybox=\"wpcp_view\">\n\t\t<figure>\n\t\t\t<img decoding=\"async\" class=\"skip-lazy\" src=\"https:\/\/www.aarquiteta.com.br\/blog\/wp-content\/uploads\/2023\/11\/escadas-de-madeira01.jpg\" alt=\"escadas de madeira\" width=\"1024\" height=\"1024\" title=\"\">\t\t<\/figure>\n\t<\/a>\n\t\t<\/div>\n<\/div>\n\t<div class=\"swiper-slide\">\n\t<div class=\"wpcp-single-item\">\n\t\t\t<a class=\"wcp-light-box\" data-buttons='[\"close\"]' data-wpc_url='https:\/\/www.aarquiteta.com.br\/blog\/wp-content\/uploads\/2023\/11\/carpete-de-madeira04.jpg' href=\"https:\/\/www.aarquiteta.com.br\/blog\/wp-content\/uploads\/2023\/11\/carpete-de-madeira04.jpg\" data-fancybox=\"wpcp_view\">\n\t\t<figure>\n\t\t\t<img decoding=\"async\" class=\"skip-lazy\" src=\"https:\/\/www.aarquiteta.com.br\/blog\/wp-content\/uploads\/2023\/11\/carpete-de-madeira04.jpg\" alt=\"carpete de madeira\" width=\"1024\" height=\"1024\" title=\"\">\t\t<\/figure>\n\t<\/a>\n\t\t<\/div>\n<\/div>\n\t<div class=\"swiper-slide\">\n\t<div class=\"wpcp-single-item\">\n\t\t\t<a class=\"wcp-light-box\" data-buttons='[\"close\"]' data-wpc_url='https:\/\/www.aarquiteta.com.br\/blog\/wp-content\/uploads\/2023\/11\/O-que-e-e-como-usar-a-brise-de-madeira02.jpg' href=\"https:\/\/www.aarquiteta.com.br\/blog\/wp-content\/uploads\/2023\/11\/O-que-e-e-como-usar-a-brise-de-madeira02.jpg\" data-fancybox=\"wpcp_view\">\n\t\t<figure>\n\t\t\t<img decoding=\"async\" class=\"skip-lazy\" src=\"https:\/\/www.aarquiteta.com.br\/blog\/wp-content\/uploads\/2023\/11\/O-que-e-e-como-usar-a-brise-de-madeira02.jpg\" alt=\"O que \u00e9 e como usar a brise de madeira\" width=\"1024\" height=\"1024\" title=\"\">\t\t<\/figure>\n\t<\/a>\n\t\t<\/div>\n<\/div>\n\t<div class=\"swiper-slide\">\n\t<div class=\"wpcp-single-item\">\n\t\t\t<a class=\"wcp-light-box\" data-buttons='[\"close\"]' data-wpc_url='https:\/\/www.aarquiteta.com.br\/blog\/wp-content\/uploads\/2023\/10\/tinta-para-madeira02.jpg' href=\"https:\/\/www.aarquiteta.com.br\/blog\/wp-content\/uploads\/2023\/10\/tinta-para-madeira02.jpg\" data-fancybox=\"wpcp_view\">\n\t\t<figure>\n\t\t\t<img decoding=\"async\" class=\"skip-lazy\" src=\"https:\/\/www.aarquiteta.com.br\/blog\/wp-content\/uploads\/2023\/10\/tinta-para-madeira02.jpg\" alt=\"tinta para madeira\" width=\"1024\" height=\"1024\" title=\"\">\t\t<\/figure>\n\t<\/a>\n\t\t<\/div>\n<\/div>\n\t<div class=\"swiper-slide\">\n\t<div class=\"wpcp-single-item\">\n\t\t\t<a class=\"wcp-light-box\" data-buttons='[\"close\"]' data-wpc_url='https:\/\/www.aarquiteta.com.br\/blog\/wp-content\/uploads\/2023\/10\/mesa-de-madeira-rustica04.jpg' href=\"https:\/\/www.aarquiteta.com.br\/blog\/wp-content\/uploads\/2023\/10\/mesa-de-madeira-rustica04.jpg\" data-fancybox=\"wpcp_view\">\n\t\t<figure>\n\t\t\t<img decoding=\"async\" class=\"skip-lazy\" src=\"https:\/\/www.aarquiteta.com.br\/blog\/wp-content\/uploads\/2023\/10\/mesa-de-madeira-rustica04.jpg\" alt=\"mesa de madeira r\u00fastica\" width=\"1024\" height=\"1024\" title=\"\">\t\t<\/figure>\n\t<\/a>\n\t\t<\/div>\n<\/div>\n\t<div class=\"swiper-slide\">\n\t<div class=\"wpcp-single-item\">\n\t\t\t<a class=\"wcp-light-box\" data-buttons='[\"close\"]' data-wpc_url='https:\/\/www.aarquiteta.com.br\/blog\/wp-content\/uploads\/2023\/08\/pergolados-de-madeira-1.png' href=\"https:\/\/www.aarquiteta.com.br\/blog\/wp-content\/uploads\/2023\/08\/pergolados-de-madeira-1.png\" data-fancybox=\"wpcp_view\">\n\t\t<figure>\n\t\t\t<img decoding=\"async\" class=\"skip-lazy\" src=\"https:\/\/www.aarquiteta.com.br\/blog\/wp-content\/uploads\/2023\/08\/pergolados-de-madeira-1.png\" alt=\"Os 5 Tipos de Pergolados Mais Populares para Transformar seu Espa\u00e7o com Estilo e Conforto\" width=\"1024\" height=\"1024\" title=\"\">\t\t<\/figure>\n\t<\/a>\n\t\t<\/div>\n<\/div>\n\t<div class=\"swiper-slide\">\n\t<div class=\"wpcp-single-item\">\n\t\t\t<a class=\"wcp-light-box\" data-buttons='[\"close\"]' data-wpc_url='https:\/\/www.aarquiteta.com.br\/blog\/wp-content\/uploads\/2023\/08\/pergolados-de-madeira.png' href=\"https:\/\/www.aarquiteta.com.br\/blog\/wp-content\/uploads\/2023\/08\/pergolados-de-madeira.png\" data-fancybox=\"wpcp_view\">\n\t\t<figure>\n\t\t\t<img decoding=\"async\" class=\"skip-lazy\" src=\"https:\/\/www.aarquiteta.com.br\/blog\/wp-content\/uploads\/2023\/08\/pergolados-de-madeira.png\" alt=\"pergolados de madeira\" width=\"1024\" height=\"1024\" title=\"\">\t\t<\/figure>\n\t<\/a>\n\t\t<\/div>\n<\/div>\n\t<div class=\"swiper-slide\">\n\t<div class=\"wpcp-single-item\">\n\t\t\t<a class=\"wcp-light-box\" data-buttons='[\"close\"]' data-wpc_url='https:\/\/www.aarquiteta.com.br\/blog\/wp-content\/uploads\/2023\/05\/pergolado-de-madeira-3.png' href=\"https:\/\/www.aarquiteta.com.br\/blog\/wp-content\/uploads\/2023\/05\/pergolado-de-madeira-3.png\" data-fancybox=\"wpcp_view\">\n\t\t<figure>\n\t\t\t<img decoding=\"async\" class=\"skip-lazy\" src=\"https:\/\/www.aarquiteta.com.br\/blog\/wp-content\/uploads\/2023\/05\/pergolado-de-madeira-3.png\" alt=\"\" width=\"1456\" height=\"816\" title=\"\">\t\t<\/figure>\n\t<\/a>\n\t\t<\/div>\n<\/div>\n\t<div class=\"swiper-slide\">\n\t<div class=\"wpcp-single-item\">\n\t\t\t<a class=\"wcp-light-box\" data-buttons='[\"close\"]' data-wpc_url='https:\/\/www.aarquiteta.com.br\/blog\/wp-content\/uploads\/2023\/06\/piso-laminado-de-madeira-2.png' href=\"https:\/\/www.aarquiteta.com.br\/blog\/wp-content\/uploads\/2023\/06\/piso-laminado-de-madeira-2.png\" data-fancybox=\"wpcp_view\">\n\t\t<figure>\n\t\t\t<img decoding=\"async\" class=\"skip-lazy\" src=\"https:\/\/www.aarquiteta.com.br\/blog\/wp-content\/uploads\/2023\/06\/piso-laminado-de-madeira-2.png\" alt=\"piso laminado de madeira\" width=\"1456\" height=\"816\" title=\"\">\t\t<\/figure>\n\t<\/a>\n\t\t<\/div>\n<\/div>\n\t<div class=\"swiper-slide\">\n\t<div class=\"wpcp-single-item\">\n\t\t\t<a class=\"wcp-light-box\" data-buttons='[\"close\"]' data-wpc_url='https:\/\/www.aarquiteta.com.br\/blog\/wp-content\/uploads\/2023\/05\/piso-vinilico-7.jpg' href=\"https:\/\/www.aarquiteta.com.br\/blog\/wp-content\/uploads\/2023\/05\/piso-vinilico-7.jpg\" data-fancybox=\"wpcp_view\">\n\t\t<figure>\n\t\t\t<img decoding=\"async\" class=\"skip-lazy\" src=\"https:\/\/www.aarquiteta.com.br\/blog\/wp-content\/uploads\/2023\/05\/piso-vinilico-7.jpg\" alt=\"A ascens\u00e3o do Piso Vin\u00edlico - O piso que est\u00e1 derrotando a Madeira!\" width=\"1200\" height=\"800\" title=\"\">\t\t<\/figure>\n\t<\/a>\n\t\t<\/div>\n<\/div>\n\t<div class=\"swiper-slide\">\n\t<div class=\"wpcp-single-item\">\n\t\t\t<a class=\"wcp-light-box\" data-buttons='[\"close\"]' data-wpc_url='https:\/\/www.aarquiteta.com.br\/blog\/wp-content\/uploads\/2023\/05\/piso-vinilico-6.jpg' href=\"https:\/\/www.aarquiteta.com.br\/blog\/wp-content\/uploads\/2023\/05\/piso-vinilico-6.jpg\" data-fancybox=\"wpcp_view\">\n\t\t<figure>\n\t\t\t<img decoding=\"async\" class=\"skip-lazy\" src=\"https:\/\/www.aarquiteta.com.br\/blog\/wp-content\/uploads\/2023\/05\/piso-vinilico-6.jpg\" alt=\"A ascens\u00e3o do Piso Vin\u00edlico - O piso que est\u00e1 derrotando a Madeira!\" width=\"1200\" height=\"800\" title=\"\">\t\t<\/figure>\n\t<\/a>\n\t\t<\/div>\n<\/div>\n\t<div class=\"swiper-slide\">\n\t<div class=\"wpcp-single-item\">\n\t\t\t<a class=\"wcp-light-box\" data-buttons='[\"close\"]' data-wpc_url='https:\/\/www.aarquiteta.com.br\/blog\/wp-content\/uploads\/2023\/05\/casa-de-madeira-4.png' href=\"https:\/\/www.aarquiteta.com.br\/blog\/wp-content\/uploads\/2023\/05\/casa-de-madeira-4.png\" data-fancybox=\"wpcp_view\">\n\t\t<figure>\n\t\t\t<img decoding=\"async\" class=\"skip-lazy\" src=\"https:\/\/www.aarquiteta.com.br\/blog\/wp-content\/uploads\/2023\/05\/casa-de-madeira-4.png\" alt=\"casa de madeira\" width=\"1456\" height=\"816\" title=\"\">\t\t<\/figure>\n\t<\/a>\n\t\t<\/div>\n<\/div>\n\t<div class=\"swiper-slide\">\n\t<div class=\"wpcp-single-item\">\n\t\t\t<a class=\"wcp-light-box\" data-buttons='[\"close\"]' data-wpc_url='https:\/\/www.aarquiteta.com.br\/blog\/wp-content\/uploads\/2023\/05\/Painel-Ripado-de-madeira-3.png' href=\"https:\/\/www.aarquiteta.com.br\/blog\/wp-content\/uploads\/2023\/05\/Painel-Ripado-de-madeira-3.png\" data-fancybox=\"wpcp_view\">\n\t\t<figure>\n\t\t\t<img decoding=\"async\" class=\"skip-lazy\" src=\"https:\/\/www.aarquiteta.com.br\/blog\/wp-content\/uploads\/2023\/05\/Painel-Ripado-de-madeira-3.png\" alt=\"sala de tv planejada painel ripado\" width=\"1664\" height=\"960\" title=\"\">\t\t<\/figure>\n\t<\/a>\n\t\t<\/div>\n<\/div>\n\t\t\t<\/div>\n\t\t\t\t\t<div class=\"wpcp-swiper-dots swiper-pagination\"><\/div>\n\t\t\t\t<!-- If we need navigation buttons -->\n\t\t\t<\/div>\n\t<\/div>\n<\/div>\n\n<ul>\n<li>Utilize materiais naturais e sustent\u00e1veis, como palha e bambu.<\/li>\n<li>Plante esp\u00e9cies tropicais ao redor, como hibiscos e palmeiras, para complementar o visual.<\/li>\n<li>Adicione uma rede ou redes para criar um cantinho descontra\u00eddo e relaxante.<\/li>\n<\/ul>\n<h2>3. Pergolado com detalhes em ferro<\/h2>\n<p>Se voc\u00ea est\u00e1 buscando um toque r\u00fastico, mas com um visual mais sofisticado, <b>um pergolado com detalhes em ferro \u00e9 a op\u00e7\u00e3o ideal.<\/b> Imagine uma estrutura s\u00f3lida de madeira, complementada por pe\u00e7as de ferro forjado, como suportes, grades ou at\u00e9 mesmo um teto trabalhado.<\/p>\n<h3>Dicas para um pergolado com detalhes em ferro:<\/h3>\n<figure style=\"width: 1024px\" class=\"wp-caption aligncenter\"><img decoding=\"async\" src=\"https:\/\/www.aarquiteta.com.br\/blog\/wp-content\/uploads\/2024\/06\/5-Ideias-de-Pergolado-Rustico-para-Transformar-seu-Jardim02.jpg\" alt=\"5 Ideias de Pergolado R\u00fastico para Transformar seu Jardim\" width=\"1024\" height=\"1024\" title=\"\"><figcaption class=\"wp-caption-text\">5 Ideias de Pergolado R\u00fastico para Transformar seu Jardim<\/figcaption><\/figure>\n<ul>\n<li>Combine madeira r\u00fastica com pe\u00e7as de ferro envelhecido para um visual harmonioso.<\/li>\n<li>Opte por desenhos cl\u00e1ssicos e elegantes nos detalhes de ferro.<\/li>\n<li>Adicione vasos de ferro com plantas penduradas para completar o visual.<\/li>\n<\/ul>\n<h2>4. Pergolado com bancos de madeira<\/h2>\n<p>Quer criar um o\u00e1sis de tranquilidade no seu jardim? <b>Um pergolado com bancos de madeira incorporados \u00e9 a solu\u00e7\u00e3o perfeita!<\/b> Imagine uma estrutura r\u00fastica, com vigas de madeira maci\u00e7a e bancos esculpidos diretamente nas colunas. Esse design aconchegante convida voc\u00ea a sentar, relaxar e desfrutar da beleza ao seu redor.<\/p>\n<h3>Dicas para um pergolado com bancos:<\/h3>\n<figure style=\"width: 1024px\" class=\"wp-caption aligncenter\"><img decoding=\"async\" src=\"https:\/\/www.aarquiteta.com.br\/blog\/wp-content\/uploads\/2024\/06\/5-Ideias-de-Pergolado-Rustico-para-Transformar-seu-Jardim01.jpg\" alt=\"5 Ideias de Pergolado R\u00fastico para Transformar seu Jardim\" width=\"1024\" height=\"1024\" title=\"\"><figcaption class=\"wp-caption-text\">5 Ideias de Pergolado R\u00fastico para Transformar seu Jardim<\/figcaption><\/figure>\n<ul>\n<li>Escolha madeiras resistentes, como cumaru ou jatob\u00e1, para os bancos.<\/li>\n<li>Adicione almofadas r\u00fasticas e confort\u00e1veis nos bancos.<\/li>\n<li>Plante trepadeiras ao redor para criar um ambiente envolvente e intimista.<\/li>\n<\/ul>\n<h2>5. Pergolado com ilumina\u00e7\u00e3o r\u00fastica<\/h2>\n<p>Transforme seu jardim em um cen\u00e1rio m\u00e1gico \u00e0 noite com <b>um pergolado com ilumina\u00e7\u00e3o r\u00fastica.<\/b> Imagine cord\u00f5es de luzes amareladas distribu\u00eddos entre as vigas de madeira, criando um ambiente acolhedor e rom\u00e2ntico. Ou ent\u00e3o, opte por lanternas e lumin\u00e1rias de ferro forjado penduradas, para um visual r\u00fastico e encantador.<\/p>\n<h3>Dicas para uma ilumina\u00e7\u00e3o r\u00fastica perfeita:<\/h3>\n<h3>Assista agora a minha recomenda\u00e7\u00e3o de video abaixo sobre o tema que estamos tratando neste artigo: <\/h3>\n<p><div class=\"youtube-embed\" data-video_id=\"BCq479J6seI\"><iframe title=\"IDEIAS DE PAISAGISMO PARA CH\u00c1CARAS E S\u00cdTIOS! QUE VOC\u00ca VAI QUERER REPLICAR!\" width=\"696\" height=\"392\" src=\"https:\/\/www.youtube.com\/embed\/BCq479J6seI?feature=oembed&#038;enablejsapi=1\" frameborder=\"0\" allow=\"accelerometer; autoplay; clipboard-write; encrypted-media; gyroscope; picture-in-picture; web-share\" referrerpolicy=\"strict-origin-when-cross-origin\" allowfullscreen><\/iframe><\/div>\n<\/p>\n<ul>\n<li>Use luzes de LED para economizar energia e durar mais.<\/li>\n<li>Combine diferentes tipos de ilumina\u00e7\u00e3o, como lanternas e cord\u00f5es de luz.<\/li>\n<li>Adicione velas em suportes de ferro ou vidro para um toque ainda mais rom\u00e2ntico.<\/li>\n<\/ul>\n<h2>Conclus\u00e3o<\/h2>\n<p><b>Seu jardim merece um cantinho m\u00e1gico e encantador, e um pergolado r\u00fastico \u00e9 a resposta perfeita!<\/b> Seja com madeira r\u00fastica, palha tropical, detalhes em ferro forjado, bancos acolhedores ou ilumina\u00e7\u00e3o rom\u00e2ntica, essas ideias v\u00e3o transformar seu espa\u00e7o externo em um verdadeiro ref\u00fagio. Ent\u00e3o, inspire-se nessas sugest\u00f5es e comece a planejar o pergolado dos seus sonhos hoje mesmo. Seu jardim nunca mais ser\u00e1 o mesmo!<\/p>\n<p><\/body><\/p>\n<p style=\"text-align: center;\">[amazon table=&#8221;89025&#8243;]\n","protected":false},"excerpt":{"rendered":"<p>Descubra 5 ideias de pergolado r\u00fastico que v\u00e3o transformar seu jardim. Clique e inspire-se com essas op\u00e7\u00f5es encantadoras!<\/p>\n","protected":false},"author":102,"featured_media":114365,"comment_status":"closed","ping_status":"closed","sticky":false,"template":"","format":"standard","meta":{"footnotes":""},"categories":[1484,971,35366,35364,35329,18792,18794],"tags":[],"class_list":["post-114368","post","type-post","status-publish","format-standard","has-post-thumbnail","category-decoracao","category-design-de-interiores","category-estilo-rustico-na-decoracao-de-interiores","category-estilos-de-decoracao-de-interiores","category-pergolados","category-decoracao-de-apartamento","category-projetos-de-decoracao-de-casas"],"_wp_attached_file":null,"_wp_attachment_metadata":null,"_wp_attachment_context":null,"_wp_attachment_is_custom_header":null,"geo_longitude":null,"geo_public":null,"geo_latitude":null,"_publicize_done_external":null,"_wpas_done_3897181":null,"publicize_twitter_user":null,"_wpas_done_3897175":null,"_wpas_skip_3897181":null,"_wpas_skip_3897175":null,"_wpas_skip_3924723":null,"_wpas_mess":null,"_wpas_done_3924723":null,"wps_subtitle":"","_links":{"self":[{"href":"https:\/\/www.aarquiteta.com.br\/blog\/wp-json\/wp\/v2\/posts\/114368","targetHints":{"allow":["GET"]}}],"collection":[{"href":"https:\/\/www.aarquiteta.com.br\/blog\/wp-json\/wp\/v2\/posts"}],"about":[{"href":"https:\/\/www.aarquiteta.com.br\/blog\/wp-json\/wp\/v2\/types\/post"}],"author":[{"embeddable":true,"href":"https:\/\/www.aarquiteta.com.br\/blog\/wp-json\/wp\/v2\/users\/102"}],"replies":[{"embeddable":true,"href":"https:\/\/www.aarquiteta.com.br\/blog\/wp-json\/wp\/v2\/comments?post=114368"}],"version-history":[{"count":0,"href":"https:\/\/www.aarquiteta.com.br\/blog\/wp-json\/wp\/v2\/posts\/114368\/revisions"}],"wp:featuredmedia":[{"embeddable":true,"href":"https:\/\/www.aarquiteta.com.br\/blog\/wp-json\/wp\/v2\/media\/114365"}],"wp:attachment":[{"href":"https:\/\/www.aarquiteta.com.br\/blog\/wp-json\/wp\/v2\/media?parent=114368"}],"wp:term":[{"taxonomy":"category","embeddable":true,"href":"https:\/\/www.aarquiteta.com.br\/blog\/wp-json\/wp\/v2\/categories?post=114368"},{"taxonomy":"post_tag","embeddable":true,"href":"https:\/\/www.aarquiteta.com.br\/blog\/wp-json\/wp\/v2\/tags?post=114368"}],"curies":[{"name":"wp","href":"https:\/\/api.w.org\/{rel}","templated":true}]}}