{"id":114345,"date":"2024-06-05T17:52:28","date_gmt":"2024-06-05T20:52:28","guid":{"rendered":"https:\/\/www.aarquiteta.com.br\/blog\/5-decoracoes-internas-com-plantas-que-voce-vai-adorar\/"},"modified":"2024-06-05T17:52:28","modified_gmt":"2024-06-05T20:52:28","slug":"5-decoracoes-internas-com-plantas-que-voce-vai-adorar","status":"publish","type":"post","link":"https:\/\/www.aarquiteta.com.br\/blog\/5-decoracoes-internas-com-plantas-que-voce-vai-adorar\/","title":{"rendered":"5 Decora\u00e7\u00f5es Internas com Plantas que Voc\u00ea Vai Adorar"},"content":{"rendered":"<p><b>Transforme sua casa com plantas!<\/b> As plantas n\u00e3o apenas embelezam os ambientes, mas tamb\u00e9m trazem benef\u00edcios incr\u00edveis para a sa\u00fade e o bem-estar. Elas purificam o ar, reduzem o estresse e criam uma atmosfera acolhedora e relaxante. Descubra como incorporar essas maravilhas naturais na decora\u00e7\u00e3o da sua casa.<\/p>\n<h3>Principais T\u00f3picos:<\/h3>\n<figure style=\"width: 1024px\" class=\"wp-caption aligncenter\"><img decoding=\"async\" src=\"https:\/\/www.aarquiteta.com.br\/blog\/wp-content\/uploads\/2024\/06\/5-Decoracoes-Internas-com-Plantas-que-Voce-Vai-Adorar04.jpg\" alt=\"5 Decora\u00e7\u00f5es Internas com Plantas que Voc\u00ea Vai Adorar\" width=\"1024\" height=\"1024\" title=\"\"><figcaption class=\"wp-caption-text\">5 Decora\u00e7\u00f5es Internas com Plantas que Voc\u00ea Vai Adorar<\/figcaption><\/figure>\n<ul>\n<li>Valorize a natureza em sua decora\u00e7\u00e3o interna<\/li>\n<li>Escolha as plantas certas para cada c\u00f4modo<\/li>\n<li>Dicas criativas para integrar plantas \u00e0 sua decora\u00e7\u00e3o<\/li>\n<\/ul>\n<h2>1. Benef\u00edcios de ter plantas na decora\u00e7\u00e3o interna<\/h2>\n<p>Antes de mergulharmos nas ideias de decora\u00e7\u00e3o com plantas, vamos falar sobre os <b>in\u00fameros benef\u00edcios que elas trazem para nosso lar<\/b>. Voc\u00ea sabia que as plantas s\u00e3o verdadeiros purificadores de ar naturais? Elas absorvem gases t\u00f3xicos como o di\u00f3xido de carbono e liberam oxig\u00eanio, tornando o ar mais fresco e saud\u00e1vel.<\/p>\n<p>Al\u00e9m disso, estudos comprovam que <b>ter plantas em ambientes fechados reduz o estresse e a ansiedade<\/b>. Seu simples visual relaxante ajuda a acalmar a mente e a promover um ambiente mais tranquilo. \u00c9 como trazer um pedacinho da natureza para dentro de casa!<\/p>\n<h3>Plantas tamb\u00e9m s\u00e3o \u00f3timas para a umidade do ar<\/h3>\n<figure style=\"width: 1024px\" class=\"wp-caption aligncenter\"><img decoding=\"async\" src=\"https:\/\/www.aarquiteta.com.br\/blog\/wp-content\/uploads\/2024\/06\/5-Decoracoes-Internas-com-Plantas-que-Voce-Vai-Adorar03.jpg\" alt=\"5 Decora\u00e7\u00f5es Internas com Plantas que Voc\u00ea Vai Adorar\" width=\"1024\" height=\"1024\" title=\"\"><figcaption class=\"wp-caption-text\">5 Decora\u00e7\u00f5es Internas com Plantas que Voc\u00ea Vai Adorar<\/figcaption><\/figure>\n<p>Aqui vai uma dica especial: algumas esp\u00e9cies de plantas, como a espada-de-s\u00e3o-jorge e o clorofito, s\u00e3o excelentes para regular a umidade do ar em ambientes internos. Elas evitam que o ar fique muito seco, o que pode causar problemas respirat\u00f3rios e ressecamento da pele.<\/p>\n<h2>2. Escolhendo as plantas ideais para cada ambiente<\/h2>\n<p>Agora que voc\u00ea conhece os benef\u00edcios, vamos falar sobre <b>como escolher as plantas certas para cada c\u00f4modo da sua casa<\/b>. Afinal, cada ambiente tem suas particularidades, como n\u00edveis de ilumina\u00e7\u00e3o, temperatura e umidade.<\/p>\n<h3>Plantas para a sala de estar<\/h3>\n<style id=\"wp_carousel_dynamic_css104049\">.sp-wp-carousel-free-id-104049.wpcf-fancybox-wrapper .fancybox-bg{background: #0b0b0b;opacity: 0.8;}.sp-wp-carousel-free-id-104049.wpcf-fancybox-wrapper .fancybox-navigation .fancybox-button .wpcp-fancybox-nav-arrow i {color: #ccc;}.sp-wp-carousel-free-id-104049.wpcf-fancybox-wrapper .fancybox-navigation .fancybox-button .wpcp-fancybox-nav-arrow i:hover {color: #fff;}.sp-wp-carousel-free-id-104049.wpcf-fancybox-wrapper .fancybox-navigation .fancybox-button {background: #1e1e1e;}.sp-wp-carousel-free-id-104049.wpcf-fancybox-wrapper .fancybox-navigation .fancybox-button:hover {background: #1e1e1e;}#sp-wp-carousel-free-id-104049 .wpcp-swiper-dots {margin: 40px 0px 0px 0px;}.wpcp-wrapper-104049 .swiper-wrapper .swiper-slide-kenburn, .wpcp-wrapper-104049 .swiper-wrapper, .wpcp-wrapper-104049 .wpcpro-row{align-items: center;}#sp-wp-carousel-free-id-104049 .wpcp-single-item {box-shadow: 0px 0px 0px 0px #dddddd;transition: all .3s;margin: 0px;}#sp-wp-carousel-free-id-104049.swiper-flip .wpcp-single-item{margin: 0!important;}#sp-wp-carousel-free-id-104049 .wpcp-single-item:hover {box-shadow: 0px 0px 0px 0px #dddddd;}#sp-wp-carousel-free-id-104049.sp-wpcp-104049 .wpcp-single-item {border: 1px solid #dddddd;}#sp-wp-carousel-free-id-104049.sp-wpcp-104049 .swiper-button-prev,#sp-wp-carousel-free-id-104049.sp-wpcp-104049 .swiper-button-next,#sp-wp-carousel-free-id-104049.sp-wpcp-104049 .swiper-button-prev:hover,#sp-wp-carousel-free-id-104049.sp-wpcp-104049 .swiper-button-next:hover {background: none;border: none;font-size: 30px;}#sp-wp-carousel-free-id-104049.sp-wpcp-104049 .swiper-button-prev i,#sp-wp-carousel-free-id-104049.sp-wpcp-104049 .swiper-button-next i {color: #aaa;}#sp-wp-carousel-free-id-104049.sp-wpcp-104049 .swiper-button-prev i:hover,#sp-wp-carousel-free-id-104049.sp-wpcp-104049 .swiper-button-next i:hover {color: #178087;}#sp-wp-carousel-free-id-104049.sp-wpcp-104049 .wpcp-swiper-dots .swiper-pagination-bullet {background-color: #cccccc;}#sp-wp-carousel-free-id-104049.sp-wpcp-104049 .wpcp-swiper-dots .swiper-pagination-bullet.swiper-pagination-bullet-active {background-color: #178087;} #sp-wp-carousel-free-id-104049.sp-wpcp-104049.wpcp-image-carousel .wpcp-single-item:hover img, #sp-wp-carousel-free-id-104049.sp-wpcp-104049.wpcp-post-carousel .wpcp-single-item:hover img, #sp-wp-carousel-free-id-104049.sp-wpcp-104049.wpcp-product-carousel .wpcp-single-item:hover img{-webkit-transform: scale(1.2);-moz-transform: scale(1.2);transform: scale(1.2);}#sp-wp-carousel-free-id-104049 .wpcpro-row>[class*=\"wpcpro-col-\"] { padding: 0 10px; padding-bottom: 20px;} #sp-wp-carousel-free-id-104049 .swiper-slide .single-item-fade:not(:last-child) { margin-right: 20px;}@media (min-width: 480px) { .wpcpro-row .wpcpro-col-sm-1 { flex: 0 0 100%; max-width: 100%; } .wpcpro-row .wpcpro-col-sm-2 { flex: 0 0 50%; max-width: 50%; } .wpcpro-row .wpcpro-col-sm-2-5 { flex: 0 0 75%; max-width: 75%; } .wpcpro-row .wpcpro-col-sm-3 { flex: 0 0 33.333%; max-width: 33.333%; } .wpcpro-row .wpcpro-col-sm-4 { flex: 0 0 25%; max-width: 25%; } .wpcpro-row .wpcpro-col-sm-5 { flex: 0 0 20%; max-width: 20%; } .wpcpro-row .wpcpro-col-sm-6 { flex: 0 0 16.66666666666667%; max-width: 16.66666666666667%; } .wpcpro-row .wpcpro-col-sm-7 { flex: 0 0 14.28571428%; max-width: 14.28571428%; } .wpcpro-row .wpcpro-col-sm-8 { flex: 0 0 12.5%; max-width: 12.5%; } } @media (max-width: 480px) { .wpcpro-row .wpcpro-col-xs-1 { flex: 0 0 100%; max-width: 100%; } .wpcpro-row .wpcpro-col-xs-2 { flex: 0 0 50%; max-width: 50%; } .wpcpro-row .wpcpro-col-xs-3 { flex: 0 0 33.222%; max-width: 33.222%; } .wpcpro-row .wpcpro-col-xs-4 { flex: 0 0 25%; max-width: 25%; } .wpcpro-row .wpcpro-col-xs-5 { flex: 0 0 20%; max-width: 20%; } .wpcpro-row .wpcpro-col-xs-6 { flex: 0 0 16.6667%; max-width: 16.6667%; } .wpcpro-row .wpcpro-col-xs-7 { flex: 0 0 14.28571428%; max-width: 14.28571428%; } .wpcpro-row .wpcpro-col-xs-8 { flex: 0 0 12.5%; max-width: 12.5%; } } @media (min-width: 736px) { .wpcpro-row .wpcpro-col-md-1 { flex: 0 0 100%; max-width: 100%; } .wpcpro-row .wpcpro-col-md-2 { flex: 0 0 50%; max-width: 50%; } .wpcpro-row .wpcpro-col-md-2-5 { flex: 0 0 75%; max-width: 75%; } .wpcpro-row .wpcpro-col-md-3 { flex: 0 0 33.333%; max-width: 33.333%; } .wpcpro-row .wpcpro-col-md-4 { flex: 0 0 25%; max-width: 25%; } .wpcpro-row .wpcpro-col-md-5 { flex: 0 0 20%; max-width: 20%; } .wpcpro-row .wpcpro-col-md-6 { flex: 0 0 16.66666666666667%; max-width: 16.66666666666667%; } .wpcpro-row .wpcpro-col-md-7 { flex: 0 0 14.28571428%; max-width: 14.28571428%; } .wpcpro-row .wpcpro-col-md-8 { flex: 0 0 12.5%; max-width: 12.5%; } } @media (min-width: 980px) { .wpcpro-row .wpcpro-col-lg-1 { flex: 0 0 100%; max-width: 100%; } .wpcpro-row .wpcpro-col-lg-2 { flex: 0 0 50%; max-width: 50%; } .wpcpro-row .wpcpro-col-lg-3 { flex: 0 0 33.222%; max-width: 33.222%; } .wpcpro-row .wpcpro-col-lg-4 { flex: 0 0 25%; max-width: 25%; } .wpcpro-row .wpcpro-col-lg-5 { flex: 0 0 20%; max-width: 20%; } .wpcpro-row .wpcpro-col-lg-6 { flex: 0 0 16.6667%; max-width: 16.6667%; } .wpcpro-row .wpcpro-col-lg-7 { flex: 0 0 14.28571428%; max-width: 14.28571428%; } .wpcpro-row .wpcpro-col-lg-8 { flex: 0 0 12.5%; max-width: 12.5%; } } @media (min-width: 1200px) { .wpcpro-row .wpcpro-col-xl-1 { flex: 0 0 100%; max-width: 100%; } .wpcpro-row .wpcpro-col-xl-2 { flex: 0 0 50%; max-width: 50%; } .wpcpro-row .wpcpro-col-xl-3 { flex: 0 0 33.22222222%; max-width: 33.22222222%; } .wpcpro-row .wpcpro-col-xl-4 { flex: 0 0 25%; max-width: 25%; } .wpcpro-row .wpcpro-col-xl-5 { flex: 0 0 20%; max-width: 20%; } .wpcpro-row .wpcpro-col-xl-6 { flex: 0 0 16.66667%; max-width: 16.66667%; } .wpcpro-row .wpcpro-col-xl-7 { flex: 0 0 14.28571428%; max-width: 14.28571428%; } .wpcpro-row .wpcpro-col-xl-8 { flex: 0 0 12.5%; max-width: 12.5%; } }<\/style><div class=\"wpcp-carousel-wrapper wpcp-wrapper-104049\">\n\t<div id=\"wpcp-preloader-104049\" class=\"wpcp-carousel-preloader\"><img decoding=\"async\" src=\"https:\/\/www.aarquiteta.com.br\/blog\/wp-content\/plugins\/wp-carousel-free\/public\/css\/spinner.svg\" alt=\"Preloader Image\" title=\"\"><\/div>\t<div class=\"wpcp-carousel-content-wrapper\">\n\t<div id=\"sp-wp-carousel-free-id-104049\" class=\"wpcp-carousel-section sp-wpcp-104049  nav-vertical-center wpcp-image-carousel wpcp-preloader wpcp-standard\" data-swiper='{ &quot;pagination_type&quot;: &quot;dots&quot;,&quot;accessibility&quot;:true, &quot;spaceBetween&quot;:20, &quot;arrows&quot;:false, &quot;freeMode&quot;: false, &quot;autoplay&quot;:true, &quot;effect&quot;: &quot;&quot;, &quot;centerMode&quot;: false, &quot;autoplaySpeed&quot;:3000, &quot;dots&quot;:true, &quot;infinite&quot;:true, &quot;speed&quot;:600, &quot;pauseOnHover&quot;:true,\n\t\t\t&quot;slidesToShow&quot;:{&quot;lg_desktop&quot;:5, &quot;desktop&quot;: 4, &quot;laptop&quot;: 3, &quot;tablet&quot;: 2, &quot;mobile&quot;: 1}, &quot;responsive&quot;:{&quot;desktop&quot;:1200, &quot;laptop&quot;: 980, &quot;tablet&quot;: 736, &quot;mobile&quot;: 480}, &quot;rtl&quot;:false, &quot;lazyLoad&quot;: &quot;false&quot;, &quot;swipe&quot;: true, &quot;draggable&quot;: true, &quot;swipeToSlide&quot;:false }' dir=\"ltr\">\n\t\t<div class=\"swiper-wrapper\">\n\t\t<div class=\"swiper-slide\">\n\t<div class=\"wpcp-single-item\">\n\t\t\t<a class=\"wcp-light-box\" data-buttons='[\"close\"]' data-wpc_url='https:\/\/www.aarquiteta.com.br\/blog\/wp-content\/uploads\/2023\/12\/transformacao-incrivel-parede-poucos-minutos-tecnica-inovadora01.jpg' href=\"https:\/\/www.aarquiteta.com.br\/blog\/wp-content\/uploads\/2023\/12\/transformacao-incrivel-parede-poucos-minutos-tecnica-inovadora01.jpg\" data-fancybox=\"wpcp_view\">\n\t\t<figure>\n\t\t\t<img decoding=\"async\" class=\"skip-lazy\" src=\"https:\/\/www.aarquiteta.com.br\/blog\/wp-content\/uploads\/2023\/12\/transformacao-incrivel-parede-poucos-minutos-tecnica-inovadora01.jpg\" alt=\"transformacao-incrivel-parede-poucos-minutos-tecnica-inovadora\" width=\"1024\" height=\"1024\" title=\"\">\t\t<\/figure>\n\t<\/a>\n\t\t<\/div>\n<\/div>\n\t<div class=\"swiper-slide\">\n\t<div class=\"wpcp-single-item\">\n\t\t\t<a class=\"wcp-light-box\" data-buttons='[\"close\"]' data-wpc_url='https:\/\/www.aarquiteta.com.br\/blog\/wp-content\/uploads\/2023\/12\/nichos-de-parede03.jpg' href=\"https:\/\/www.aarquiteta.com.br\/blog\/wp-content\/uploads\/2023\/12\/nichos-de-parede03.jpg\" data-fancybox=\"wpcp_view\">\n\t\t<figure>\n\t\t\t<img decoding=\"async\" class=\"skip-lazy\" src=\"https:\/\/www.aarquiteta.com.br\/blog\/wp-content\/uploads\/2023\/12\/nichos-de-parede03.jpg\" alt=\"nichos de parede\" width=\"1024\" height=\"1024\" title=\"\">\t\t<\/figure>\n\t<\/a>\n\t\t<\/div>\n<\/div>\n\t<div class=\"swiper-slide\">\n\t<div class=\"wpcp-single-item\">\n\t\t\t<a class=\"wcp-light-box\" data-buttons='[\"close\"]' data-wpc_url='https:\/\/www.aarquiteta.com.br\/blog\/wp-content\/uploads\/2023\/12\/nichos-de-parede02.jpg' href=\"https:\/\/www.aarquiteta.com.br\/blog\/wp-content\/uploads\/2023\/12\/nichos-de-parede02.jpg\" data-fancybox=\"wpcp_view\">\n\t\t<figure>\n\t\t\t<img decoding=\"async\" class=\"skip-lazy\" src=\"https:\/\/www.aarquiteta.com.br\/blog\/wp-content\/uploads\/2023\/12\/nichos-de-parede02.jpg\" alt=\"nichos de parede\" width=\"1024\" height=\"1024\" title=\"\">\t\t<\/figure>\n\t<\/a>\n\t\t<\/div>\n<\/div>\n\t<div class=\"swiper-slide\">\n\t<div class=\"wpcp-single-item\">\n\t\t\t<a class=\"wcp-light-box\" data-buttons='[\"close\"]' data-wpc_url='https:\/\/www.aarquiteta.com.br\/blog\/wp-content\/uploads\/2023\/12\/nichos-de-parede01.jpg' href=\"https:\/\/www.aarquiteta.com.br\/blog\/wp-content\/uploads\/2023\/12\/nichos-de-parede01.jpg\" data-fancybox=\"wpcp_view\">\n\t\t<figure>\n\t\t\t<img decoding=\"async\" class=\"skip-lazy\" src=\"https:\/\/www.aarquiteta.com.br\/blog\/wp-content\/uploads\/2023\/12\/nichos-de-parede01.jpg\" alt=\"nichos de parede\" width=\"1024\" height=\"1024\" title=\"\">\t\t<\/figure>\n\t<\/a>\n\t\t<\/div>\n<\/div>\n\t<div class=\"swiper-slide\">\n\t<div class=\"wpcp-single-item\">\n\t\t\t<a class=\"wcp-light-box\" data-buttons='[\"close\"]' data-wpc_url='https:\/\/www.aarquiteta.com.br\/blog\/wp-content\/uploads\/2023\/11\/decoracao-de-parede-da-sala03.jpg' href=\"https:\/\/www.aarquiteta.com.br\/blog\/wp-content\/uploads\/2023\/11\/decoracao-de-parede-da-sala03.jpg\" data-fancybox=\"wpcp_view\">\n\t\t<figure>\n\t\t\t<img decoding=\"async\" class=\"skip-lazy\" src=\"https:\/\/www.aarquiteta.com.br\/blog\/wp-content\/uploads\/2023\/11\/decoracao-de-parede-da-sala03.jpg\" alt=\"decora\u00e7\u00e3o de parede da sala\" width=\"1024\" height=\"1024\" title=\"\">\t\t<\/figure>\n\t<\/a>\n\t\t<\/div>\n<\/div>\n\t<div class=\"swiper-slide\">\n\t<div class=\"wpcp-single-item\">\n\t\t\t<a class=\"wcp-light-box\" data-buttons='[\"close\"]' data-wpc_url='https:\/\/www.aarquiteta.com.br\/blog\/wp-content\/uploads\/2023\/12\/como-pintar-parede01.jpg' href=\"https:\/\/www.aarquiteta.com.br\/blog\/wp-content\/uploads\/2023\/12\/como-pintar-parede01.jpg\" data-fancybox=\"wpcp_view\">\n\t\t<figure>\n\t\t\t<img decoding=\"async\" class=\"skip-lazy\" src=\"https:\/\/www.aarquiteta.com.br\/blog\/wp-content\/uploads\/2023\/12\/como-pintar-parede01.jpg\" alt=\"como pintar parede\" width=\"1024\" height=\"1024\" title=\"\">\t\t<\/figure>\n\t<\/a>\n\t\t<\/div>\n<\/div>\n\t<div class=\"swiper-slide\">\n\t<div class=\"wpcp-single-item\">\n\t\t\t<a class=\"wcp-light-box\" data-buttons='[\"close\"]' data-wpc_url='https:\/\/www.aarquiteta.com.br\/blog\/wp-content\/uploads\/2023\/12\/como-pintar-parede02.jpg' href=\"https:\/\/www.aarquiteta.com.br\/blog\/wp-content\/uploads\/2023\/12\/como-pintar-parede02.jpg\" data-fancybox=\"wpcp_view\">\n\t\t<figure>\n\t\t\t<img decoding=\"async\" class=\"skip-lazy\" src=\"https:\/\/www.aarquiteta.com.br\/blog\/wp-content\/uploads\/2023\/12\/como-pintar-parede02.jpg\" alt=\"como pintar parede\" width=\"1024\" height=\"1024\" title=\"\">\t\t<\/figure>\n\t<\/a>\n\t\t<\/div>\n<\/div>\n\t<div class=\"swiper-slide\">\n\t<div class=\"wpcp-single-item\">\n\t\t\t<a class=\"wcp-light-box\" data-buttons='[\"close\"]' data-wpc_url='https:\/\/www.aarquiteta.com.br\/blog\/wp-content\/uploads\/2023\/11\/decoracao-de-parede-da-sala02.jpg' href=\"https:\/\/www.aarquiteta.com.br\/blog\/wp-content\/uploads\/2023\/11\/decoracao-de-parede-da-sala02.jpg\" data-fancybox=\"wpcp_view\">\n\t\t<figure>\n\t\t\t<img decoding=\"async\" class=\"skip-lazy\" src=\"https:\/\/www.aarquiteta.com.br\/blog\/wp-content\/uploads\/2023\/11\/decoracao-de-parede-da-sala02.jpg\" alt=\"decora\u00e7\u00e3o de parede da sala\" width=\"1024\" height=\"1024\" title=\"\">\t\t<\/figure>\n\t<\/a>\n\t\t<\/div>\n<\/div>\n\t<div class=\"swiper-slide\">\n\t<div class=\"wpcp-single-item\">\n\t\t\t<a class=\"wcp-light-box\" data-buttons='[\"close\"]' data-wpc_url='https:\/\/www.aarquiteta.com.br\/blog\/wp-content\/uploads\/2023\/11\/decoracao-de-parede-da-sala01.jpg' href=\"https:\/\/www.aarquiteta.com.br\/blog\/wp-content\/uploads\/2023\/11\/decoracao-de-parede-da-sala01.jpg\" data-fancybox=\"wpcp_view\">\n\t\t<figure>\n\t\t\t<img decoding=\"async\" class=\"skip-lazy\" src=\"https:\/\/www.aarquiteta.com.br\/blog\/wp-content\/uploads\/2023\/11\/decoracao-de-parede-da-sala01.jpg\" alt=\"decora\u00e7\u00e3o de parede da sala\" width=\"1024\" height=\"1024\" title=\"\">\t\t<\/figure>\n\t<\/a>\n\t\t<\/div>\n<\/div>\n\t<div class=\"swiper-slide\">\n\t<div class=\"wpcp-single-item\">\n\t\t\t<a class=\"wcp-light-box\" data-buttons='[\"close\"]' data-wpc_url='https:\/\/www.aarquiteta.com.br\/blog\/wp-content\/uploads\/2023\/11\/5-dicas-para-decorar-as-paredes-da-sua-casa02.jpg' href=\"https:\/\/www.aarquiteta.com.br\/blog\/wp-content\/uploads\/2023\/11\/5-dicas-para-decorar-as-paredes-da-sua-casa02.jpg\" data-fancybox=\"wpcp_view\">\n\t\t<figure>\n\t\t\t<img decoding=\"async\" class=\"skip-lazy\" src=\"https:\/\/www.aarquiteta.com.br\/blog\/wp-content\/uploads\/2023\/11\/5-dicas-para-decorar-as-paredes-da-sua-casa02.jpg\" alt=\"5 dicas para decorar as paredes da sua casa\" width=\"1024\" height=\"1024\" title=\"\">\t\t<\/figure>\n\t<\/a>\n\t\t<\/div>\n<\/div>\n\t<div class=\"swiper-slide\">\n\t<div class=\"wpcp-single-item\">\n\t\t\t<a class=\"wcp-light-box\" data-buttons='[\"close\"]' data-wpc_url='https:\/\/www.aarquiteta.com.br\/blog\/wp-content\/uploads\/2023\/11\/revestimento-de-parede-externa04.jpg' href=\"https:\/\/www.aarquiteta.com.br\/blog\/wp-content\/uploads\/2023\/11\/revestimento-de-parede-externa04.jpg\" data-fancybox=\"wpcp_view\">\n\t\t<figure>\n\t\t\t<img decoding=\"async\" class=\"skip-lazy\" src=\"https:\/\/www.aarquiteta.com.br\/blog\/wp-content\/uploads\/2023\/11\/revestimento-de-parede-externa04.jpg\" alt=\"revestimento de parede externa\" width=\"1024\" height=\"1024\" title=\"\">\t\t<\/figure>\n\t<\/a>\n\t\t<\/div>\n<\/div>\n\t<div class=\"swiper-slide\">\n\t<div class=\"wpcp-single-item\">\n\t\t\t<a class=\"wcp-light-box\" data-buttons='[\"close\"]' data-wpc_url='https:\/\/www.aarquiteta.com.br\/blog\/wp-content\/uploads\/2023\/11\/revestimento-de-parede-externa03.jpg' href=\"https:\/\/www.aarquiteta.com.br\/blog\/wp-content\/uploads\/2023\/11\/revestimento-de-parede-externa03.jpg\" data-fancybox=\"wpcp_view\">\n\t\t<figure>\n\t\t\t<img decoding=\"async\" class=\"skip-lazy\" src=\"https:\/\/www.aarquiteta.com.br\/blog\/wp-content\/uploads\/2023\/11\/revestimento-de-parede-externa03.jpg\" alt=\"revestimento de parede externa\" width=\"1024\" height=\"1024\" title=\"\">\t\t<\/figure>\n\t<\/a>\n\t\t<\/div>\n<\/div>\n\t<div class=\"swiper-slide\">\n\t<div class=\"wpcp-single-item\">\n\t\t\t<a class=\"wcp-light-box\" data-buttons='[\"close\"]' data-wpc_url='https:\/\/www.aarquiteta.com.br\/blog\/wp-content\/uploads\/2023\/11\/revestimento-de-parede-externa01.jpg' href=\"https:\/\/www.aarquiteta.com.br\/blog\/wp-content\/uploads\/2023\/11\/revestimento-de-parede-externa01.jpg\" data-fancybox=\"wpcp_view\">\n\t\t<figure>\n\t\t\t<img decoding=\"async\" class=\"skip-lazy\" src=\"https:\/\/www.aarquiteta.com.br\/blog\/wp-content\/uploads\/2023\/11\/revestimento-de-parede-externa01.jpg\" alt=\"revestimento de parede externa\" width=\"1024\" height=\"1024\" title=\"\">\t\t<\/figure>\n\t<\/a>\n\t\t<\/div>\n<\/div>\n\t<div class=\"swiper-slide\">\n\t<div class=\"wpcp-single-item\">\n\t\t\t<a class=\"wcp-light-box\" data-buttons='[\"close\"]' data-wpc_url='https:\/\/www.aarquiteta.com.br\/blog\/wp-content\/uploads\/2023\/11\/parede-de-tijolo-aparente04.jpg' href=\"https:\/\/www.aarquiteta.com.br\/blog\/wp-content\/uploads\/2023\/11\/parede-de-tijolo-aparente04.jpg\" data-fancybox=\"wpcp_view\">\n\t\t<figure>\n\t\t\t<img decoding=\"async\" class=\"skip-lazy\" src=\"https:\/\/www.aarquiteta.com.br\/blog\/wp-content\/uploads\/2023\/11\/parede-de-tijolo-aparente04.jpg\" alt=\"parede de tijolo aparente\" width=\"1024\" height=\"1024\" title=\"\">\t\t<\/figure>\n\t<\/a>\n\t\t<\/div>\n<\/div>\n\t<div class=\"swiper-slide\">\n\t<div class=\"wpcp-single-item\">\n\t\t\t<a class=\"wcp-light-box\" data-buttons='[\"close\"]' data-wpc_url='https:\/\/www.aarquiteta.com.br\/blog\/wp-content\/uploads\/2023\/11\/do-clssico-ao-moderno-dicas-para-acertar-na-escolha-do-papel-de-parede-para-salavmqa.jpg' href=\"https:\/\/www.aarquiteta.com.br\/blog\/wp-content\/uploads\/2023\/11\/do-clssico-ao-moderno-dicas-para-acertar-na-escolha-do-papel-de-parede-para-salavmqa.jpg\" data-fancybox=\"wpcp_view\">\n\t\t<figure>\n\t\t\t<img decoding=\"async\" class=\"skip-lazy\" src=\"https:\/\/www.aarquiteta.com.br\/blog\/wp-content\/uploads\/2023\/11\/do-clssico-ao-moderno-dicas-para-acertar-na-escolha-do-papel-de-parede-para-salavmqa.jpg\" alt=\"Do Clssico ao Moderno Dicas para Acertar na Escolha do Papel de Parede para Sala\" width=\"1024\" height=\"768\" title=\"\">\t\t<\/figure>\n\t<\/a>\n\t\t<\/div>\n<\/div>\n\t<div class=\"swiper-slide\">\n\t<div class=\"wpcp-single-item\">\n\t\t\t<a class=\"wcp-light-box\" data-buttons='[\"close\"]' data-wpc_url='https:\/\/www.aarquiteta.com.br\/blog\/wp-content\/uploads\/2023\/11\/parede-de-tijolo-aparente01.jpg' href=\"https:\/\/www.aarquiteta.com.br\/blog\/wp-content\/uploads\/2023\/11\/parede-de-tijolo-aparente01.jpg\" data-fancybox=\"wpcp_view\">\n\t\t<figure>\n\t\t\t<img decoding=\"async\" class=\"skip-lazy\" src=\"https:\/\/www.aarquiteta.com.br\/blog\/wp-content\/uploads\/2023\/11\/parede-de-tijolo-aparente01.jpg\" alt=\"parede de tijolo aparente\" width=\"1024\" height=\"1024\" title=\"\">\t\t<\/figure>\n\t<\/a>\n\t\t<\/div>\n<\/div>\n\t<div class=\"swiper-slide\">\n\t<div class=\"wpcp-single-item\">\n\t\t\t<a class=\"wcp-light-box\" data-buttons='[\"close\"]' data-wpc_url='https:\/\/www.aarquiteta.com.br\/blog\/wp-content\/uploads\/2023\/11\/Artesanato-Criativo-7-Tendencias-de-Decoracao-de-Parede-para-2023-que-Vao-Revolucionar-Seu-Espaco03.jpg' href=\"https:\/\/www.aarquiteta.com.br\/blog\/wp-content\/uploads\/2023\/11\/Artesanato-Criativo-7-Tendencias-de-Decoracao-de-Parede-para-2023-que-Vao-Revolucionar-Seu-Espaco03.jpg\" data-fancybox=\"wpcp_view\">\n\t\t<figure>\n\t\t\t<img decoding=\"async\" class=\"skip-lazy\" src=\"https:\/\/www.aarquiteta.com.br\/blog\/wp-content\/uploads\/2023\/11\/Artesanato-Criativo-7-Tendencias-de-Decoracao-de-Parede-para-2023-que-Vao-Revolucionar-Seu-Espaco03.jpg\" alt=\"Artesanato Criativo: 7 Tend\u00eancias de Decora\u00e7\u00e3o de Parede para 2023 que V\u00e3o Revolucionar Seu Espa\u00e7o!\" width=\"1024\" height=\"1024\" title=\"\">\t\t<\/figure>\n\t<\/a>\n\t\t<\/div>\n<\/div>\n\t<div class=\"swiper-slide\">\n\t<div class=\"wpcp-single-item\">\n\t\t\t<a class=\"wcp-light-box\" data-buttons='[\"close\"]' data-wpc_url='https:\/\/www.aarquiteta.com.br\/blog\/wp-content\/uploads\/2023\/11\/como-decorar-a-parede-da-sua-casa-atras-do-sofa01.jpg' href=\"https:\/\/www.aarquiteta.com.br\/blog\/wp-content\/uploads\/2023\/11\/como-decorar-a-parede-da-sua-casa-atras-do-sofa01.jpg\" data-fancybox=\"wpcp_view\">\n\t\t<figure>\n\t\t\t<img decoding=\"async\" class=\"skip-lazy\" src=\"https:\/\/www.aarquiteta.com.br\/blog\/wp-content\/uploads\/2023\/11\/como-decorar-a-parede-da-sua-casa-atras-do-sofa01.jpg\" alt=\"como decorar a parede da sua casa atras do sof\u00e1?\" width=\"1024\" height=\"1024\" title=\"\">\t\t<\/figure>\n\t<\/a>\n\t\t<\/div>\n<\/div>\n\t<div class=\"swiper-slide\">\n\t<div class=\"wpcp-single-item\">\n\t\t\t<a class=\"wcp-light-box\" data-buttons='[\"close\"]' data-wpc_url='https:\/\/www.aarquiteta.com.br\/blog\/wp-content\/uploads\/2023\/11\/floreira-de-parede04.jpg' href=\"https:\/\/www.aarquiteta.com.br\/blog\/wp-content\/uploads\/2023\/11\/floreira-de-parede04.jpg\" data-fancybox=\"wpcp_view\">\n\t\t<figure>\n\t\t\t<img decoding=\"async\" class=\"skip-lazy\" src=\"https:\/\/www.aarquiteta.com.br\/blog\/wp-content\/uploads\/2023\/11\/floreira-de-parede04.jpg\" alt=\"floreira de parede\" width=\"1024\" height=\"1024\" title=\"\">\t\t<\/figure>\n\t<\/a>\n\t\t<\/div>\n<\/div>\n\t\t\t<\/div>\n\t\t\t\t\t<div class=\"wpcp-swiper-dots swiper-pagination\"><\/div>\n\t\t\t\t<!-- If we need navigation buttons -->\n\t\t\t<\/div>\n\t<\/div>\n<\/div>\n\n<p>A sala de estar \u00e9 o cora\u00e7\u00e3o da sua casa, onde voc\u00ea recebe visitas e se re\u00fane com a fam\u00edlia. Por isso, algumas boas op\u00e7\u00f5es s\u00e3o plantas ornamentais, como a samambaia e a palmeira-leque. Elas trazem um toque de eleg\u00e2ncia e frescor ao ambiente.<\/p>\n<h3>Plantas para o quarto<\/h3>\n<figure style=\"width: 1024px\" class=\"wp-caption aligncenter\"><img decoding=\"async\" src=\"https:\/\/www.aarquiteta.com.br\/blog\/wp-content\/uploads\/2024\/06\/5-Decoracoes-Internas-com-Plantas-que-Voce-Vai-Adorar02.jpg\" alt=\"5 Decora\u00e7\u00f5es Internas com Plantas que Voc\u00ea Vai Adorar\" width=\"1024\" height=\"1024\" title=\"\"><figcaption class=\"wp-caption-text\">5 Decora\u00e7\u00f5es Internas com Plantas que Voc\u00ea Vai Adorar<\/figcaption><\/figure>\n<p>No quarto, onde voc\u00ea descansa e dorme, <b>\u00e9 interessante optar por plantas que purifiquem o ar durante a noite<\/b>, como a jiboia e a jade. Elas melhoram a qualidade do ar enquanto voc\u00ea dorme, garantindo um sono mais revigorante.<\/p>\n<h2>3. Como incorporar plantas na decora\u00e7\u00e3o da sala de estar<\/h2>\n<p>A sala de estar \u00e9 um dos ambientes mais prop\u00edcios para incorporar plantas na decora\u00e7\u00e3o. Al\u00e9m de trazerem vida e frescor, elas podem ser verdadeiras obras de arte quando combinadas de forma criativa.<\/p>\n<h3>Vasos e suportes<\/h3>\n<figure style=\"width: 1024px\" class=\"wp-caption aligncenter\"><img decoding=\"async\" src=\"https:\/\/www.aarquiteta.com.br\/blog\/wp-content\/uploads\/2024\/06\/5-Decoracoes-Internas-com-Plantas-que-Voce-Vai-Adorar01.jpg\" alt=\"5 Decora\u00e7\u00f5es Internas com Plantas que Voc\u00ea Vai Adorar\" width=\"1024\" height=\"1024\" title=\"\"><figcaption class=\"wp-caption-text\">5 Decora\u00e7\u00f5es Internas com Plantas que Voc\u00ea Vai Adorar<\/figcaption><\/figure>\n<p>Comece escolhendo vasos ou suportes bonitos e que combinem com o estilo da sua sala. Voc\u00ea pode optar por pe\u00e7as de cer\u00e2mica, vidro, madeira ou at\u00e9 mesmo cestos tran\u00e7ados \u00e0 m\u00e3o. <b>O importante \u00e9 que eles sejam harmoniosos com a decora\u00e7\u00e3o existente<\/b>.<\/p>\n<h3>Disposi\u00e7\u00e3o estrat\u00e9gica<\/h3>\n<h3>Assista agora a minha recomenda\u00e7\u00e3o de video abaixo sobre o tema que estamos tratando neste artigo: <\/h3>\n<p><div class=\"youtube-embed\" data-video_id=\"KGyQICJ-yt8\"><iframe title=\"5 PLANTAS F\u00c1CEIS DE CUIDAR PARA DENTRO DE CASA! | Esp\u00e9cies que n\u00e3o exigem sol o tempo inteiro!\" width=\"696\" height=\"392\" src=\"https:\/\/www.youtube.com\/embed\/KGyQICJ-yt8?feature=oembed&#038;enablejsapi=1\" frameborder=\"0\" allow=\"accelerometer; autoplay; clipboard-write; encrypted-media; gyroscope; picture-in-picture; web-share\" referrerpolicy=\"strict-origin-when-cross-origin\" allowfullscreen><\/iframe><\/div>\n<\/p>\n<p>Depois, pense na melhor forma de dispor as plantas no ambiente. Voc\u00ea pode coloc\u00e1-las em cantinhos estrat\u00e9gicos, como ao lado do sof\u00e1 ou em uma mesa de canto. Outra ideia \u00e9 criar um lindo jardim vertical em uma parede vazia, o que dar\u00e1 um toque \u00fanico e moderno \u00e0 decora\u00e7\u00e3o.<\/p>\n<h2>4. Plantas que se adaptam bem a ambientes internos<\/h2>\n<p>Algumas plantas s\u00e3o mais resilientes e se adaptam melhor a ambientes internos. <b>Vou apresentar algumas das minhas favoritas:<\/b><\/p>\n<h3>Samambaia<\/h3>\n<p>A samambaia \u00e9 uma planta elegante e de f\u00e1cil manuten\u00e7\u00e3o. Ela se adapta bem a ambientes com pouca ilumina\u00e7\u00e3o e requer rega moderada.<\/p>\n<h3>Espada-de-s\u00e3o-jorge<\/h3>\n<p style=\"text-align: center;\">[amazon table=&#8221;88350&#8243;]\n<p>Cada planta tem suas necessidades espec\u00edficas de rega. Algumas precisam de solo \u00famido, enquanto outras preferem que o solo seque um pouco entre as regas. Fique atento \u00e0s instru\u00e7\u00f5es de cada esp\u00e9cie.<\/p>\n<h3>Luz solar<\/h3>\n<p>A maioria das plantas precisa de alguma exposi\u00e7\u00e3o \u00e0 luz solar direta ou indireta. Posicione-as perto de janelas ou use l\u00e2mpadas especiais para plantas, se necess\u00e1rio.<\/p>\n<h3>Aduba\u00e7\u00e3o<\/h3>\n<p>N\u00e3o se esque\u00e7a de adubar suas plantas periodicamente. <b>Um adubo l\u00edquido ou granulado fornecer\u00e1 os nutrientes necess\u00e1rios para um crescimento saud\u00e1vel<\/b>.<\/p>\n<h2>6. Ideias criativas de decora\u00e7\u00e3o com plantas<\/h2>\n<p>Agora que voc\u00ea j\u00e1 conhece os fundamentos, est\u00e1 na hora de soltar a criatividade! <b>Vou compartilhar algumas ideias incr\u00edveis para decorar com plantas:<\/b><\/p>\n<h3>Vasos pendurados<\/h3>\n<p>Os vasos pendurados s\u00e3o uma \u00f3tima op\u00e7\u00e3o para aproveitar o espa\u00e7o vertical. Eles ficam lindos pendurados em varais ou prateleiras, trazendo um toque r\u00fastico e charmoso \u00e0 decora\u00e7\u00e3o.<\/p>\n<h3>Terr\u00e1rios<\/h3>\n<p>Os terr\u00e1rios s\u00e3o verdadeiras obras de arte! Eles consistem em pequenos jardins fechados em recipientes de vidro ou acr\u00edlico, criando um lindo e delicado micro-habitat.<\/p>\n<h3>Jardim vertical<\/h3>\n<p>Se voc\u00ea quer causar um grande impacto visual, nada melhor do que um jardim vertical. Ele transforma uma parede vazia em um verdadeiro espet\u00e1culo de cores e texturas.<\/p>\n<h2>Conclus\u00e3o<\/h2>\n<p><b>Incorporar plantas na decora\u00e7\u00e3o interna \u00e9 uma tend\u00eancia que veio para ficar<\/b>. Al\u00e9m de embelezar os ambientes, elas trazem in\u00fameros benef\u00edcios para a sa\u00fade e o bem-estar. Ent\u00e3o, n\u00e3o hesite em trazer um pouquinho da natureza para dentro da sua casa. Siga as dicas que compartilhei e surpreenda-se com a capacidade que as plantas t\u00eam de transformar completamente a atmosfera do seu lar.<\/p>\n","protected":false},"excerpt":{"rendered":"<p>Descubra 5 decora\u00e7\u00f5es internas com plantas que v\u00e3o transformar sua casa. Clique e inspire-se!<\/p>\n","protected":false},"author":102,"featured_media":114342,"comment_status":"closed","ping_status":"closed","sticky":false,"template":"","format":"standard","meta":{"footnotes":""},"categories":[1484,971,18792,18794],"tags":[],"class_list":["post-114345","post","type-post","status-publish","format-standard","has-post-thumbnail","category-decoracao","category-design-de-interiores","category-decoracao-de-apartamento","category-projetos-de-decoracao-de-casas"],"_wp_attached_file":null,"_wp_attachment_metadata":null,"_wp_attachment_context":null,"_wp_attachment_is_custom_header":null,"geo_longitude":null,"geo_public":null,"geo_latitude":null,"_publicize_done_external":null,"_wpas_done_3897181":null,"publicize_twitter_user":null,"_wpas_done_3897175":null,"_wpas_skip_3897181":null,"_wpas_skip_3897175":null,"_wpas_skip_3924723":null,"_wpas_mess":null,"_wpas_done_3924723":null,"wps_subtitle":"","_links":{"self":[{"href":"https:\/\/www.aarquiteta.com.br\/blog\/wp-json\/wp\/v2\/posts\/114345","targetHints":{"allow":["GET"]}}],"collection":[{"href":"https:\/\/www.aarquiteta.com.br\/blog\/wp-json\/wp\/v2\/posts"}],"about":[{"href":"https:\/\/www.aarquiteta.com.br\/blog\/wp-json\/wp\/v2\/types\/post"}],"author":[{"embeddable":true,"href":"https:\/\/www.aarquiteta.com.br\/blog\/wp-json\/wp\/v2\/users\/102"}],"replies":[{"embeddable":true,"href":"https:\/\/www.aarquiteta.com.br\/blog\/wp-json\/wp\/v2\/comments?post=114345"}],"version-history":[{"count":0,"href":"https:\/\/www.aarquiteta.com.br\/blog\/wp-json\/wp\/v2\/posts\/114345\/revisions"}],"wp:featuredmedia":[{"embeddable":true,"href":"https:\/\/www.aarquiteta.com.br\/blog\/wp-json\/wp\/v2\/media\/114342"}],"wp:attachment":[{"href":"https:\/\/www.aarquiteta.com.br\/blog\/wp-json\/wp\/v2\/media?parent=114345"}],"wp:term":[{"taxonomy":"category","embeddable":true,"href":"https:\/\/www.aarquiteta.com.br\/blog\/wp-json\/wp\/v2\/categories?post=114345"},{"taxonomy":"post_tag","embeddable":true,"href":"https:\/\/www.aarquiteta.com.br\/blog\/wp-json\/wp\/v2\/tags?post=114345"}],"curies":[{"name":"wp","href":"https:\/\/api.w.org\/{rel}","templated":true}]}}