{"id":114228,"date":"2024-06-03T15:18:08","date_gmt":"2024-06-03T18:18:08","guid":{"rendered":"https:\/\/www.aarquiteta.com.br\/blog\/5-dicas-para-planejar-uma-cozinha-americana-pequena\/"},"modified":"2024-09-15T09:42:25","modified_gmt":"2024-09-15T12:42:25","slug":"5-dicas-para-planejar-uma-cozinha-americana-pequena","status":"publish","type":"post","link":"https:\/\/www.aarquiteta.com.br\/blog\/5-dicas-para-planejar-uma-cozinha-americana-pequena\/","title":{"rendered":"5 Dicas para Planejar uma Cozinha Americana Pequena"},"content":{"rendered":"<p><b>Transformar uma <a href=\"https:\/\/www.aarquiteta.com.br\/blog\/decoracao\/ambientes-na-decoracao\/decoracao-de-cozinha\/\">cozinha<\/a> pequena em um espa\u00e7o funcional e aconchegante pode ser um desafio<\/b>, mas com as dicas certas, \u00e9 poss\u00edvel criar um ambiente acolhedor e eficiente, mesmo em espa\u00e7os reduzidos. A chave est\u00e1 em aproveitar cada cent\u00edmetro de maneira inteligente e criativa, sem comprometer o estilo e a conviv\u00eancia.<\/p><h3>Key Takeaways:<\/h3><figure style=\"width: 1024px\" class=\"wp-caption aligncenter\"><img decoding=\"async\" src=\"https:\/\/www.aarquiteta.com.br\/blog\/wp-content\/uploads\/2024\/06\/5-Dicas-para-Planejar-uma-Cozinha-Americana-Pequena04.jpg\" alt=\"5 Dicas para Planejar uma Cozinha Americana Pequena\" width=\"1024\" height=\"1024\" title=\"\"><figcaption class=\"wp-caption-text\">5 Dicas para Planejar uma Cozinha Americana Pequena<\/figcaption><\/figure><ul><li>Escolha eletrodom\u00e9sticos compactos e eficientes para economizar espa\u00e7o.<\/li><li>Priorize o armazenamento inteligente para manter a organiza\u00e7\u00e3o.<\/li><li>Utilize <a href=\"https:\/\/www.aarquiteta.com.br\/blog\/?s=CORES\">cores<\/a> claras, ilumina\u00e7\u00e3o adequada e m\u00f3veis multifuncionais para ampliar visualmente o ambiente.<\/li><\/ul><h2>1. Escolha os eletrodom\u00e9sticos certos<\/h2><p>Ao projetar uma cozinha americana pequena, a <b>sele\u00e7\u00e3o dos eletrodom\u00e9sticos \u00e9 crucial<\/b>. Opte por modelos compactos e eficientes em termos de energia e espa\u00e7o. Uma geladeira de propor\u00e7\u00f5es menores, um forno combinado e uma cooktop de indu\u00e7\u00e3o s\u00e3o excelentes op\u00e7\u00f5es para economizar espa\u00e7o valioso.<\/p><h3>Dica profissional:<\/h3><figure style=\"width: 1024px\" class=\"wp-caption aligncenter\"><img decoding=\"async\" src=\"https:\/\/www.aarquiteta.com.br\/blog\/wp-content\/uploads\/2024\/06\/5-Dicas-para-Planejar-uma-Cozinha-Americana-Pequena03.jpg\" alt=\"5 Dicas para Planejar uma Cozinha Americana Pequena\" width=\"1024\" height=\"1024\" title=\"\"><figcaption class=\"wp-caption-text\">5 Dicas para Planejar uma Cozinha Americana Pequena<\/figcaption><\/figure><p>Invista em eletrodom\u00e9sticos embutidos, como um forno e microondas de embutir. Essa escolha <b>otimiza o espa\u00e7o<\/b> e confere um visual mais clean e integrado \u00e0 cozinha. Al\u00e9m disso, explore op\u00e7\u00f5es multifuncionais, como um forno combinado com fun\u00e7\u00f5es de micro-ondas e grill, economizando ainda mais espa\u00e7o.<\/p><h2>2. Priorize o espa\u00e7o de armazenamento<\/h2><p>Em uma cozinha pequena, <b>o armazenamento inteligente \u00e9 fundamental<\/b>. Aproveite cada cent\u00edmetro dispon\u00edvel com solu\u00e7\u00f5es criativas, como arm\u00e1rios at\u00e9 o teto, gavetas internas deslizantes e prateleiras girat\u00f3rias. Essas op\u00e7\u00f5es ajudam a manter a organiza\u00e7\u00e3o e evitar a sensa\u00e7\u00e3o de desorganiza\u00e7\u00e3o.<\/p><h3>Dica de especialista:<\/h3><style id=\"wp_carousel_dynamic_css102759\">.sp-wp-carousel-free-id-102759.wpcf-fancybox-wrapper .fancybox-bg{background: #0b0b0b;opacity: 0.8;}.sp-wp-carousel-free-id-102759.wpcf-fancybox-wrapper .fancybox-navigation .fancybox-button .wpcp-fancybox-nav-arrow i {color: #ccc;}.sp-wp-carousel-free-id-102759.wpcf-fancybox-wrapper .fancybox-navigation .fancybox-button .wpcp-fancybox-nav-arrow i:hover {color: #fff;}.sp-wp-carousel-free-id-102759.wpcf-fancybox-wrapper .fancybox-navigation .fancybox-button {background: #1e1e1e;}.sp-wp-carousel-free-id-102759.wpcf-fancybox-wrapper .fancybox-navigation .fancybox-button:hover {background: #1e1e1e;}#sp-wp-carousel-free-id-102759 .wpcp-swiper-dots {margin: 40px 0px 0px 0px;}.wpcp-wrapper-102759 .swiper-wrapper .swiper-slide-kenburn, .wpcp-wrapper-102759 .swiper-wrapper, .wpcp-wrapper-102759 .wpcpro-row{align-items: center;}#sp-wp-carousel-free-id-102759 .wpcp-single-item {box-shadow: 0px 0px 0px 0px #dddddd;transition: all .3s;margin: 0px;}#sp-wp-carousel-free-id-102759.swiper-flip .wpcp-single-item{margin: 0!important;}#sp-wp-carousel-free-id-102759 .wpcp-single-item:hover {box-shadow: 0px 0px 0px 0px #dddddd;}#sp-wp-carousel-free-id-102759.sp-wpcp-102759 .wpcp-single-item {border: 1px solid #dddddd;}#sp-wp-carousel-free-id-102759.sp-wpcp-102759 .swiper-button-prev,#sp-wp-carousel-free-id-102759.sp-wpcp-102759 .swiper-button-next,#sp-wp-carousel-free-id-102759.sp-wpcp-102759 .swiper-button-prev:hover,#sp-wp-carousel-free-id-102759.sp-wpcp-102759 .swiper-button-next:hover {background: none;border: none;font-size: 30px;}#sp-wp-carousel-free-id-102759.sp-wpcp-102759 .swiper-button-prev i,#sp-wp-carousel-free-id-102759.sp-wpcp-102759 .swiper-button-next i {color: #aaa;}#sp-wp-carousel-free-id-102759.sp-wpcp-102759 .swiper-button-prev i:hover,#sp-wp-carousel-free-id-102759.sp-wpcp-102759 .swiper-button-next i:hover {color: #178087;}#sp-wp-carousel-free-id-102759.sp-wpcp-102759 .wpcp-swiper-dots .swiper-pagination-bullet {background-color: #cccccc;}#sp-wp-carousel-free-id-102759.sp-wpcp-102759 .wpcp-swiper-dots .swiper-pagination-bullet.swiper-pagination-bullet-active {background-color: #178087;} #sp-wp-carousel-free-id-102759.sp-wpcp-102759.wpcp-image-carousel .wpcp-single-item:hover img, #sp-wp-carousel-free-id-102759.sp-wpcp-102759.wpcp-post-carousel .wpcp-single-item:hover img, #sp-wp-carousel-free-id-102759.sp-wpcp-102759.wpcp-product-carousel .wpcp-single-item:hover img{-webkit-transform: scale(1.2);-moz-transform: scale(1.2);transform: scale(1.2);}#sp-wp-carousel-free-id-102759 .wpcpro-row>[class*=\"wpcpro-col-\"] { padding: 0 10px; padding-bottom: 20px;} #sp-wp-carousel-free-id-102759 .swiper-slide .single-item-fade:not(:last-child) { margin-right: 20px;}@media (min-width: 480px) { .wpcpro-row .wpcpro-col-sm-1 { flex: 0 0 100%; max-width: 100%; } .wpcpro-row .wpcpro-col-sm-2 { flex: 0 0 50%; max-width: 50%; } .wpcpro-row .wpcpro-col-sm-2-5 { flex: 0 0 75%; max-width: 75%; } .wpcpro-row .wpcpro-col-sm-3 { flex: 0 0 33.333%; max-width: 33.333%; } .wpcpro-row .wpcpro-col-sm-4 { flex: 0 0 25%; max-width: 25%; } .wpcpro-row .wpcpro-col-sm-5 { flex: 0 0 20%; max-width: 20%; } .wpcpro-row .wpcpro-col-sm-6 { flex: 0 0 16.66666666666667%; max-width: 16.66666666666667%; } .wpcpro-row .wpcpro-col-sm-7 { flex: 0 0 14.28571428%; max-width: 14.28571428%; } .wpcpro-row .wpcpro-col-sm-8 { flex: 0 0 12.5%; max-width: 12.5%; } } @media (max-width: 480px) { .wpcpro-row .wpcpro-col-xs-1 { flex: 0 0 100%; max-width: 100%; } .wpcpro-row .wpcpro-col-xs-2 { flex: 0 0 50%; max-width: 50%; } .wpcpro-row .wpcpro-col-xs-3 { flex: 0 0 33.222%; max-width: 33.222%; } .wpcpro-row .wpcpro-col-xs-4 { flex: 0 0 25%; max-width: 25%; } .wpcpro-row .wpcpro-col-xs-5 { flex: 0 0 20%; max-width: 20%; } .wpcpro-row .wpcpro-col-xs-6 { flex: 0 0 16.6667%; max-width: 16.6667%; } .wpcpro-row .wpcpro-col-xs-7 { flex: 0 0 14.28571428%; max-width: 14.28571428%; } .wpcpro-row .wpcpro-col-xs-8 { flex: 0 0 12.5%; max-width: 12.5%; } } @media (min-width: 736px) { .wpcpro-row .wpcpro-col-md-1 { flex: 0 0 100%; max-width: 100%; } .wpcpro-row .wpcpro-col-md-2 { flex: 0 0 50%; max-width: 50%; } .wpcpro-row .wpcpro-col-md-2-5 { flex: 0 0 75%; max-width: 75%; } .wpcpro-row .wpcpro-col-md-3 { flex: 0 0 33.333%; max-width: 33.333%; } .wpcpro-row .wpcpro-col-md-4 { flex: 0 0 25%; max-width: 25%; } .wpcpro-row .wpcpro-col-md-5 { flex: 0 0 20%; max-width: 20%; } .wpcpro-row .wpcpro-col-md-6 { flex: 0 0 16.66666666666667%; max-width: 16.66666666666667%; } .wpcpro-row .wpcpro-col-md-7 { flex: 0 0 14.28571428%; max-width: 14.28571428%; } .wpcpro-row .wpcpro-col-md-8 { flex: 0 0 12.5%; max-width: 12.5%; } } @media (min-width: 980px) { .wpcpro-row .wpcpro-col-lg-1 { flex: 0 0 100%; max-width: 100%; } .wpcpro-row .wpcpro-col-lg-2 { flex: 0 0 50%; max-width: 50%; } .wpcpro-row .wpcpro-col-lg-3 { flex: 0 0 33.222%; max-width: 33.222%; } .wpcpro-row .wpcpro-col-lg-4 { flex: 0 0 25%; max-width: 25%; } .wpcpro-row .wpcpro-col-lg-5 { flex: 0 0 20%; max-width: 20%; } .wpcpro-row .wpcpro-col-lg-6 { flex: 0 0 16.6667%; max-width: 16.6667%; } .wpcpro-row .wpcpro-col-lg-7 { flex: 0 0 14.28571428%; max-width: 14.28571428%; } .wpcpro-row .wpcpro-col-lg-8 { flex: 0 0 12.5%; max-width: 12.5%; } } @media (min-width: 1200px) { .wpcpro-row .wpcpro-col-xl-1 { flex: 0 0 100%; max-width: 100%; } .wpcpro-row .wpcpro-col-xl-2 { flex: 0 0 50%; max-width: 50%; } .wpcpro-row .wpcpro-col-xl-3 { flex: 0 0 33.22222222%; max-width: 33.22222222%; } .wpcpro-row .wpcpro-col-xl-4 { flex: 0 0 25%; max-width: 25%; } .wpcpro-row .wpcpro-col-xl-5 { flex: 0 0 20%; max-width: 20%; } .wpcpro-row .wpcpro-col-xl-6 { flex: 0 0 16.66667%; max-width: 16.66667%; } .wpcpro-row .wpcpro-col-xl-7 { flex: 0 0 14.28571428%; max-width: 14.28571428%; } .wpcpro-row .wpcpro-col-xl-8 { flex: 0 0 12.5%; max-width: 12.5%; } }<\/style><div class=\"wpcp-carousel-wrapper wpcp-wrapper-102759\">\t<div id=\"wpcp-preloader-102759\" class=\"wpcp-carousel-preloader\"><img decoding=\"async\" src=\"https:\/\/www.aarquiteta.com.br\/blog\/wp-content\/plugins\/wp-carousel-free\/public\/css\/spinner.svg\" alt=\"Preloader Image\" title=\"\"><\/div>\t<div class=\"wpcp-carousel-content-wrapper\">\t<div id=\"sp-wp-carousel-free-id-102759\" class=\"wpcp-carousel-section sp-wpcp-102759  nav-vertical-center wpcp-image-carousel wpcp-preloader wpcp-standard\" data-swiper='{ &quot;pagination_type&quot;: &quot;dots&quot;,&quot;accessibility&quot;:true, &quot;spaceBetween&quot;:20, &quot;arrows&quot;:false, &quot;freeMode&quot;: false, &quot;autoplay&quot;:true, &quot;effect&quot;: &quot;&quot;, &quot;centerMode&quot;: false, &quot;autoplaySpeed&quot;:3000, &quot;dots&quot;:true, &quot;infinite&quot;:true, &quot;speed&quot;:600, &quot;pauseOnHover&quot;:true,\n\t\t\t&quot;slidesToShow&quot;:{&quot;lg_desktop&quot;:5, &quot;desktop&quot;: 4, &quot;laptop&quot;: 3, &quot;tablet&quot;: 2, &quot;mobile&quot;: 1}, &quot;responsive&quot;:{&quot;desktop&quot;:1200, &quot;laptop&quot;: 980, &quot;tablet&quot;: 736, &quot;mobile&quot;: 480}, &quot;rtl&quot;:false, &quot;lazyLoad&quot;: &quot;false&quot;, &quot;swipe&quot;: true, &quot;draggable&quot;: true, &quot;swipeToSlide&quot;:false }' dir=\"ltr\">\t\t<div class=\"swiper-wrapper\">\t\t<div class=\"swiper-slide\">\t<div class=\"wpcp-single-item\">\t\t\t<a class=\"wcp-light-box\" data-buttons='[\"close\"]' data-wpc_url='https:\/\/www.aarquiteta.com.br\/blog\/wp-content\/uploads\/2023\/12\/Otimizando-Cozinhas-Pequenas-Projetos-Funcionais-e-Modernos-01.jpg' href=\"https:\/\/www.aarquiteta.com.br\/blog\/wp-content\/uploads\/2023\/12\/Otimizando-Cozinhas-Pequenas-Projetos-Funcionais-e-Modernos-01.jpg\" data-fancybox=\"wpcp_view\">\n\t\t<figure>\n\t\t\t<img decoding=\"async\" class=\"skip-lazy\" src=\"https:\/\/www.aarquiteta.com.br\/blog\/wp-content\/uploads\/2023\/12\/Otimizando-Cozinhas-Pequenas-Projetos-Funcionais-e-Modernos-01.jpg\" alt=\"Otimizando Cozinhas Pequenas: Projetos Funcionais e Modernos\" width=\"1024\" height=\"1024\" title=\"\">\t\t<\/figure>\n\t<\/a>\t\t<\/div><\/div>\t<div class=\"swiper-slide\">\t<div class=\"wpcp-single-item\">\t\t\t<a class=\"wcp-light-box\" data-buttons='[\"close\"]' data-wpc_url='https:\/\/www.aarquiteta.com.br\/blog\/wp-content\/uploads\/2023\/12\/Otimizando-Cozinhas-Pequenas-Projetos-Funcionais-e-Modernos-04.jpg' href=\"https:\/\/www.aarquiteta.com.br\/blog\/wp-content\/uploads\/2023\/12\/Otimizando-Cozinhas-Pequenas-Projetos-Funcionais-e-Modernos-04.jpg\" data-fancybox=\"wpcp_view\">\n\t\t<figure>\n\t\t\t<img decoding=\"async\" class=\"skip-lazy\" src=\"https:\/\/www.aarquiteta.com.br\/blog\/wp-content\/uploads\/2023\/12\/Otimizando-Cozinhas-Pequenas-Projetos-Funcionais-e-Modernos-04.jpg\" alt=\"Otimizando Cozinhas Pequenas: Projetos Funcionais e Modernos\" width=\"1024\" height=\"1024\" title=\"\">\t\t<\/figure>\n\t<\/a>\t\t<\/div><\/div>\t<div class=\"swiper-slide\">\t<div class=\"wpcp-single-item\">\t\t\t<a class=\"wcp-light-box\" data-buttons='[\"close\"]' data-wpc_url='https:\/\/www.aarquiteta.com.br\/blog\/wp-content\/uploads\/2023\/11\/pendentes-para-cozinha01.jpg' href=\"https:\/\/www.aarquiteta.com.br\/blog\/wp-content\/uploads\/2023\/11\/pendentes-para-cozinha01.jpg\" data-fancybox=\"wpcp_view\">\n\t\t<figure>\n\t\t\t<img decoding=\"async\" class=\"skip-lazy\" src=\"https:\/\/www.aarquiteta.com.br\/blog\/wp-content\/uploads\/2023\/11\/pendentes-para-cozinha01.jpg\" alt=\"pendentes para cozinha\" width=\"1024\" height=\"1024\" title=\"\">\t\t<\/figure>\n\t<\/a>\t\t<\/div><\/div>\t<div class=\"swiper-slide\">\t<div class=\"wpcp-single-item\">\t\t\t<a class=\"wcp-light-box\" data-buttons='[\"close\"]' data-wpc_url='https:\/\/www.aarquiteta.com.br\/blog\/wp-content\/uploads\/2023\/11\/5-dicas-para-decorar-a-parede-da-sua-cozinha04.jpg' href=\"https:\/\/www.aarquiteta.com.br\/blog\/wp-content\/uploads\/2023\/11\/5-dicas-para-decorar-a-parede-da-sua-cozinha04.jpg\" data-fancybox=\"wpcp_view\">\n\t\t<figure>\n\t\t\t<img decoding=\"async\" class=\"skip-lazy\" src=\"https:\/\/www.aarquiteta.com.br\/blog\/wp-content\/uploads\/2023\/11\/5-dicas-para-decorar-a-parede-da-sua-cozinha04.jpg\" alt=\"5 dicas para decorar a parede da sua cozinha\" width=\"1024\" height=\"1024\" title=\"\">\t\t<\/figure>\n\t<\/a>\t\t<\/div><\/div>\t<div class=\"swiper-slide\">\t<div class=\"wpcp-single-item\">\t\t\t<a class=\"wcp-light-box\" data-buttons='[\"close\"]' data-wpc_url='https:\/\/www.aarquiteta.com.br\/blog\/wp-content\/uploads\/2023\/11\/bancada-para-cozinha-pequena-01.jpg' href=\"https:\/\/www.aarquiteta.com.br\/blog\/wp-content\/uploads\/2023\/11\/bancada-para-cozinha-pequena-01.jpg\" data-fancybox=\"wpcp_view\">\n\t\t<figure>\n\t\t\t<img decoding=\"async\" class=\"skip-lazy\" src=\"https:\/\/www.aarquiteta.com.br\/blog\/wp-content\/uploads\/2023\/11\/bancada-para-cozinha-pequena-01.jpg\" alt=\"bancada para cozinha pequena\" width=\"1024\" height=\"1024\" title=\"\">\t\t<\/figure>\n\t<\/a>\t\t<\/div><\/div>\t<div class=\"swiper-slide\">\t<div class=\"wpcp-single-item\">\t\t\t<a class=\"wcp-light-box\" data-buttons='[\"close\"]' data-wpc_url='https:\/\/www.aarquiteta.com.br\/blog\/wp-content\/uploads\/2023\/11\/cozinha-americana-7-ideias-para-criar-um-espao-simples-e-funcional6oot.jpg' href=\"https:\/\/www.aarquiteta.com.br\/blog\/wp-content\/uploads\/2023\/11\/cozinha-americana-7-ideias-para-criar-um-espao-simples-e-funcional6oot.jpg\" data-fancybox=\"wpcp_view\">\n\t\t<figure>\n\t\t\t<img decoding=\"async\" class=\"skip-lazy\" src=\"https:\/\/www.aarquiteta.com.br\/blog\/wp-content\/uploads\/2023\/11\/cozinha-americana-7-ideias-para-criar-um-espao-simples-e-funcional6oot.jpg\" alt=\"Cozinha Americana 7 Ideias para Criar um Espao Simples e Funcional\" width=\"1024\" height=\"768\" title=\"\">\t\t<\/figure>\n\t<\/a>\t\t<\/div><\/div>\t<div class=\"swiper-slide\">\t<div class=\"wpcp-single-item\">\t\t\t<a class=\"wcp-light-box\" data-buttons='[\"close\"]' data-wpc_url='https:\/\/www.aarquiteta.com.br\/blog\/wp-content\/uploads\/2023\/11\/pastilhas-para-cozinha04.jpg' href=\"https:\/\/www.aarquiteta.com.br\/blog\/wp-content\/uploads\/2023\/11\/pastilhas-para-cozinha04.jpg\" data-fancybox=\"wpcp_view\">\n\t\t<figure>\n\t\t\t<img decoding=\"async\" class=\"skip-lazy\" src=\"https:\/\/www.aarquiteta.com.br\/blog\/wp-content\/uploads\/2023\/11\/pastilhas-para-cozinha04.jpg\" alt=\"pastilhas para cozinha\" width=\"1024\" height=\"1024\" title=\"\">\t\t<\/figure>\n\t<\/a>\t\t<\/div><\/div>\t<div class=\"swiper-slide\">\t<div class=\"wpcp-single-item\">\t\t\t<a class=\"wcp-light-box\" data-buttons='[\"close\"]' data-wpc_url='https:\/\/www.aarquiteta.com.br\/blog\/wp-content\/uploads\/2023\/10\/cozinha-rosa04.jpg' href=\"https:\/\/www.aarquiteta.com.br\/blog\/wp-content\/uploads\/2023\/10\/cozinha-rosa04.jpg\" data-fancybox=\"wpcp_view\">\n\t\t<figure>\n\t\t\t<img decoding=\"async\" class=\"skip-lazy\" src=\"https:\/\/www.aarquiteta.com.br\/blog\/wp-content\/uploads\/2023\/10\/cozinha-rosa04.jpg\" alt=\"cozinha rosa\" width=\"1024\" height=\"1024\" title=\"\">\t\t<\/figure>\n\t<\/a>\t\t<\/div><\/div>\t<div class=\"swiper-slide\">\t<div class=\"wpcp-single-item\">\t\t\t<a class=\"wcp-light-box\" data-buttons='[\"close\"]' data-wpc_url='https:\/\/www.aarquiteta.com.br\/blog\/wp-content\/uploads\/2023\/10\/cozinha-rosa01.jpg' href=\"https:\/\/www.aarquiteta.com.br\/blog\/wp-content\/uploads\/2023\/10\/cozinha-rosa01.jpg\" data-fancybox=\"wpcp_view\">\n\t\t<figure>\n\t\t\t<img decoding=\"async\" class=\"skip-lazy\" src=\"https:\/\/www.aarquiteta.com.br\/blog\/wp-content\/uploads\/2023\/10\/cozinha-rosa01.jpg\" alt=\"**Inspire-se com a Cozinha Rosa: Dicas para Criar um Ambiente Charmoso e Aconchegante**\" width=\"1024\" height=\"1024\" title=\"\">\t\t<\/figure>\n\t<\/a>\t\t<\/div><\/div>\t<div class=\"swiper-slide\">\t<div class=\"wpcp-single-item\">\t\t\t<a class=\"wcp-light-box\" data-buttons='[\"close\"]' data-wpc_url='https:\/\/www.aarquiteta.com.br\/blog\/wp-content\/uploads\/2023\/10\/cozinha-em-l02.jpg' href=\"https:\/\/www.aarquiteta.com.br\/blog\/wp-content\/uploads\/2023\/10\/cozinha-em-l02.jpg\" data-fancybox=\"wpcp_view\">\n\t\t<figure>\n\t\t\t<img decoding=\"async\" class=\"skip-lazy\" src=\"https:\/\/www.aarquiteta.com.br\/blog\/wp-content\/uploads\/2023\/10\/cozinha-em-l02.jpg\" alt=\"cozinha em l\" width=\"1024\" height=\"1024\" title=\"\">\t\t<\/figure>\n\t<\/a>\t\t<\/div><\/div>\t<div class=\"swiper-slide\">\t<div class=\"wpcp-single-item\">\t\t\t<a class=\"wcp-light-box\" data-buttons='[\"close\"]' data-wpc_url='https:\/\/www.aarquiteta.com.br\/blog\/wp-content\/uploads\/2023\/10\/cozinha-modulada01.jpg' href=\"https:\/\/www.aarquiteta.com.br\/blog\/wp-content\/uploads\/2023\/10\/cozinha-modulada01.jpg\" data-fancybox=\"wpcp_view\">\n\t\t<figure>\n\t\t\t<img decoding=\"async\" class=\"skip-lazy\" src=\"https:\/\/www.aarquiteta.com.br\/blog\/wp-content\/uploads\/2023\/10\/cozinha-modulada01.jpg\" alt=\"cozinha modulada\" width=\"1024\" height=\"1024\" title=\"\">\t\t<\/figure>\n\t<\/a>\t\t<\/div><\/div>\t<div class=\"swiper-slide\">\t<div class=\"wpcp-single-item\">\t\t\t<a class=\"wcp-light-box\" data-buttons='[\"close\"]' data-wpc_url='https:\/\/www.aarquiteta.com.br\/blog\/wp-content\/uploads\/2023\/10\/cozinha-modulada03.jpg' href=\"https:\/\/www.aarquiteta.com.br\/blog\/wp-content\/uploads\/2023\/10\/cozinha-modulada03.jpg\" data-fancybox=\"wpcp_view\">\n\t\t<figure>\n\t\t\t<img decoding=\"async\" class=\"skip-lazy\" src=\"https:\/\/www.aarquiteta.com.br\/blog\/wp-content\/uploads\/2023\/10\/cozinha-modulada03.jpg\" alt=\"cozinha modulada\" width=\"1024\" height=\"1024\" title=\"\">\t\t<\/figure>\n\t<\/a>\t\t<\/div><\/div>\t<div class=\"swiper-slide\">\t<div class=\"wpcp-single-item\">\t\t\t<a class=\"wcp-light-box\" data-buttons='[\"close\"]' data-wpc_url='https:\/\/www.aarquiteta.com.br\/blog\/wp-content\/uploads\/2023\/10\/cozinha-planejada-com-ilha02.jpg' href=\"https:\/\/www.aarquiteta.com.br\/blog\/wp-content\/uploads\/2023\/10\/cozinha-planejada-com-ilha02.jpg\" data-fancybox=\"wpcp_view\">\n\t\t<figure>\n\t\t\t<img decoding=\"async\" class=\"skip-lazy\" src=\"https:\/\/www.aarquiteta.com.br\/blog\/wp-content\/uploads\/2023\/10\/cozinha-planejada-com-ilha02.jpg\" alt=\"cozinha planejada com ilha\" width=\"1024\" height=\"1024\" title=\"\">\t\t<\/figure>\n\t<\/a>\t\t<\/div><\/div>\t<div class=\"swiper-slide\">\t<div class=\"wpcp-single-item\">\t\t\t<a class=\"wcp-light-box\" data-buttons='[\"close\"]' data-wpc_url='https:\/\/www.aarquiteta.com.br\/blog\/wp-content\/uploads\/2023\/09\/balcao-de-cozinha-bem-decorada.png' href=\"https:\/\/www.aarquiteta.com.br\/blog\/wp-content\/uploads\/2023\/09\/balcao-de-cozinha-bem-decorada.png\" data-fancybox=\"wpcp_view\">\n\t\t<figure>\n\t\t\t<img decoding=\"async\" class=\"skip-lazy\" src=\"https:\/\/www.aarquiteta.com.br\/blog\/wp-content\/uploads\/2023\/09\/balcao-de-cozinha-bem-decorada.png\" alt=\"balcao de cozinha bem decorada\" width=\"1024\" height=\"1024\" title=\"\">\t\t<\/figure>\n\t<\/a>\t\t<\/div><\/div>\t<div class=\"swiper-slide\">\t<div class=\"wpcp-single-item\">\t\t\t<a class=\"wcp-light-box\" data-buttons='[\"close\"]' data-wpc_url='https:\/\/www.aarquiteta.com.br\/blog\/wp-content\/uploads\/2023\/08\/Cozinha-Pequena-5-Estrategias-para-Aproveitar-Cada-Centimetro.png' href=\"https:\/\/www.aarquiteta.com.br\/blog\/wp-content\/uploads\/2023\/08\/Cozinha-Pequena-5-Estrategias-para-Aproveitar-Cada-Centimetro.png\" data-fancybox=\"wpcp_view\">\n\t\t<figure>\n\t\t\t<img decoding=\"async\" class=\"skip-lazy\" src=\"https:\/\/www.aarquiteta.com.br\/blog\/wp-content\/uploads\/2023\/08\/Cozinha-Pequena-5-Estrategias-para-Aproveitar-Cada-Centimetro.png\" alt=\"Cozinha Pequena 5 Estrat\u00e9gias para Aproveitar Cada Cent\u00edmetro\" width=\"1024\" height=\"1024\" title=\"\">\t\t<\/figure>\n\t<\/a>\t\t<\/div><\/div>\t<div class=\"swiper-slide\">\t<div class=\"wpcp-single-item\">\t\t\t<a class=\"wcp-light-box\" data-buttons='[\"close\"]' data-wpc_url='https:\/\/www.aarquiteta.com.br\/blog\/wp-content\/uploads\/2023\/07\/cores-para-parede-da-cozinha-1.png' href=\"https:\/\/www.aarquiteta.com.br\/blog\/wp-content\/uploads\/2023\/07\/cores-para-parede-da-cozinha-1.png\" data-fancybox=\"wpcp_view\">\n\t\t<figure>\n\t\t\t<img decoding=\"async\" class=\"skip-lazy\" src=\"https:\/\/www.aarquiteta.com.br\/blog\/wp-content\/uploads\/2023\/07\/cores-para-parede-da-cozinha-1.png\" alt=\"cores para parede da cozinha\" width=\"1024\" height=\"1024\" title=\"\">\t\t<\/figure>\n\t<\/a>\t\t<\/div><\/div>\t<div class=\"swiper-slide\">\t<div class=\"wpcp-single-item\">\t\t\t<a class=\"wcp-light-box\" data-buttons='[\"close\"]' data-wpc_url='https:\/\/www.aarquiteta.com.br\/blog\/wp-content\/uploads\/2022\/12\/armario-de-cozinha-de-parede-1.jpg' href=\"https:\/\/www.aarquiteta.com.br\/blog\/wp-content\/uploads\/2022\/12\/armario-de-cozinha-de-parede-1.jpg\" data-fancybox=\"wpcp_view\">\n\t\t<figure>\n\t\t\t<img decoding=\"async\" class=\"skip-lazy\" src=\"https:\/\/www.aarquiteta.com.br\/blog\/wp-content\/uploads\/2022\/12\/armario-de-cozinha-de-parede-1.jpg\" alt=\"\" width=\"1000\" height=\"776\" title=\"\">\t\t<\/figure>\n\t<\/a>\t\t<\/div><\/div>\t<div class=\"swiper-slide\">\t<div class=\"wpcp-single-item\">\t\t\t<a class=\"wcp-light-box\" data-buttons='[\"close\"]' data-wpc_url='https:\/\/www.aarquiteta.com.br\/blog\/wp-content\/uploads\/2023\/07\/como-decorar-sua-cozinha-no-estilo-mediterraneocu14.jpg-GX6I.jpg' href=\"https:\/\/www.aarquiteta.com.br\/blog\/wp-content\/uploads\/2023\/07\/como-decorar-sua-cozinha-no-estilo-mediterraneocu14.jpg-GX6I.jpg\" data-fancybox=\"wpcp_view\">\n\t\t<figure>\n\t\t\t<img decoding=\"async\" class=\"skip-lazy\" src=\"https:\/\/www.aarquiteta.com.br\/blog\/wp-content\/uploads\/2023\/07\/como-decorar-sua-cozinha-no-estilo-mediterraneocu14.jpg-GX6I.jpg\" alt=\"como-decorar-sua-cozinha-no-estilo-mediterraneocu14.jpg-GX6I\" width=\"900\" height=\"620\" title=\"\">\t\t<\/figure>\n\t<\/a>\t\t<\/div><\/div>\t<div class=\"swiper-slide\">\t<div class=\"wpcp-single-item\">\t\t\t<a class=\"wcp-light-box\" data-buttons='[\"close\"]' data-wpc_url='https:\/\/www.aarquiteta.com.br\/blog\/wp-content\/uploads\/2023\/06\/Cozinha-pequena-de-apartamento-planejada-2.png' href=\"https:\/\/www.aarquiteta.com.br\/blog\/wp-content\/uploads\/2023\/06\/Cozinha-pequena-de-apartamento-planejada-2.png\" data-fancybox=\"wpcp_view\">\n\t\t<figure>\n\t\t\t<img decoding=\"async\" class=\"skip-lazy\" src=\"https:\/\/www.aarquiteta.com.br\/blog\/wp-content\/uploads\/2023\/06\/Cozinha-pequena-de-apartamento-planejada-2.png\" alt=\"Cozinha pequena de apartamento planejada\" width=\"1024\" height=\"1024\" title=\"\">\t\t<\/figure>\n\t<\/a>\t\t<\/div><\/div>\t<div class=\"swiper-slide\">\t<div class=\"wpcp-single-item\">\t\t\t<a class=\"wcp-light-box\" data-buttons='[\"close\"]' data-wpc_url='https:\/\/www.aarquiteta.com.br\/blog\/wp-content\/uploads\/2023\/05\/Cozinha-Pequena-com-Balcao.jpg' href=\"https:\/\/www.aarquiteta.com.br\/blog\/wp-content\/uploads\/2023\/05\/Cozinha-Pequena-com-Balcao.jpg\" data-fancybox=\"wpcp_view\">\n\t\t<figure>\n\t\t\t<img decoding=\"async\" class=\"skip-lazy\" src=\"https:\/\/www.aarquiteta.com.br\/blog\/wp-content\/uploads\/2023\/05\/Cozinha-Pequena-com-Balcao.jpg\" alt=\"Cozinha Pequena com Balc\u00e3o Funcional - 9 Dicas para ganhar cada cent\u00edmetro!\" width=\"1200\" height=\"800\" title=\"\">\t\t<\/figure>\n\t<\/a>\t\t<\/div><\/div>\t<div class=\"swiper-slide\">\t<div class=\"wpcp-single-item\">\t\t\t<a class=\"wcp-light-box\" data-buttons='[\"close\"]' data-wpc_url='https:\/\/www.aarquiteta.com.br\/blog\/wp-content\/uploads\/2023\/05\/como-organizar-cozinha-compacta-5.png' href=\"https:\/\/www.aarquiteta.com.br\/blog\/wp-content\/uploads\/2023\/05\/como-organizar-cozinha-compacta-5.png\" data-fancybox=\"wpcp_view\">\n\t\t<figure>\n\t\t\t<img decoding=\"async\" class=\"skip-lazy\" src=\"https:\/\/www.aarquiteta.com.br\/blog\/wp-content\/uploads\/2023\/05\/como-organizar-cozinha-compacta-5.png\" alt=\"12 Truques para manter sua cozinha organizada e visualmente deslumbrante!\" width=\"1456\" height=\"816\" title=\"\">\t\t<\/figure>\n\t<\/a>\t\t<\/div><\/div>\t<div class=\"swiper-slide\">\t<div class=\"wpcp-single-item\">\t\t\t<a class=\"wcp-light-box\" data-buttons='[\"close\"]' data-wpc_url='https:\/\/www.aarquiteta.com.br\/blog\/wp-content\/uploads\/2023\/04\/Armarios-de-Cozinha-Cinza-8.jpg' href=\"https:\/\/www.aarquiteta.com.br\/blog\/wp-content\/uploads\/2023\/04\/Armarios-de-Cozinha-Cinza-8.jpg\" data-fancybox=\"wpcp_view\">\n\t\t<figure>\n\t\t\t<img decoding=\"async\" class=\"skip-lazy\" src=\"https:\/\/www.aarquiteta.com.br\/blog\/wp-content\/uploads\/2023\/04\/Armarios-de-Cozinha-Cinza-8.jpg\" alt=\"Arm\u00e1rio de Cozinha Cinza: A Eleg\u00e2ncia que Falta na Sua Casa\" width=\"1200\" height=\"800\" title=\"\">\t\t<\/figure>\n\t<\/a>\t\t<\/div><\/div>\t<div class=\"swiper-slide\">\t<div class=\"wpcp-single-item\">\t\t\t<a class=\"wcp-light-box\" data-buttons='[\"close\"]' data-wpc_url='https:\/\/www.aarquiteta.com.br\/blog\/wp-content\/uploads\/2023\/04\/Armarios-de-Cozinha-Cinza-10.jpg' href=\"https:\/\/www.aarquiteta.com.br\/blog\/wp-content\/uploads\/2023\/04\/Armarios-de-Cozinha-Cinza-10.jpg\" data-fancybox=\"wpcp_view\">\n\t\t<figure>\n\t\t\t<img decoding=\"async\" class=\"skip-lazy\" src=\"https:\/\/www.aarquiteta.com.br\/blog\/wp-content\/uploads\/2023\/04\/Armarios-de-Cozinha-Cinza-10.jpg\" alt=\"Arm\u00e1rio de Cozinha Cinza: A Eleg\u00e2ncia que Falta na Sua Casa\" width=\"1200\" height=\"800\" title=\"\">\t\t<\/figure>\n\t<\/a>\t\t<\/div><\/div>\t\t\t<\/div>\t\t\t\t\t<div class=\"wpcp-swiper-dots swiper-pagination\"><\/div>\t\t\t\t<!-- If we need navigation buttons -->\t\t\t<\/div>\t<\/div><\/div><p>Considere instalar um arm\u00e1rio de <a href=\"https:\/\/www.aarquiteta.com.br\/blog\/?s=PAREDE\">parede<\/a> com portas de vidro para exibir suas lou\u00e7as e utens\u00edlios bonitos. Essa solu\u00e7\u00e3o <b>adiciona profundidade visual<\/b> e pode ser um ponto focal charmoso na sua cozinha compacta.<\/p><p><a href=\"https:\/\/www.cursosdearquitetura.com.br\/5-dicas-para-decorar-uma-cozinha-pequena\/\" target=\"_blank\" rel=\"noopener\">Veja mais dicas para decorar uma cozinha pequena<\/a><\/p><h2>3. Utilize cores claras e ilumina\u00e7\u00e3o adequada<\/h2><p>Para ampliar visualmente o espa\u00e7o, <b>aposte em tons claros e <a href=\"https:\/\/www.aarquiteta.com.br\/blog\/?s=ILUMINA%C3%87%C3%83O\">ilumina\u00e7\u00e3o<\/a> estrat\u00e9gica<\/b>. Cores como o branco, bege e tons past\u00e9is refletem mais luz, criando a ilus\u00e3o de um ambiente maior. Complemente com lumin\u00e1rias de teto, luzes embutidas e ilumina\u00e7\u00e3o sob os arm\u00e1rios para eliminar cantos escuros.<\/p><h3>Inspira\u00e7\u00e3o criativa:<\/h3><figure style=\"width: 1024px\" class=\"wp-caption aligncenter\"><img decoding=\"async\" src=\"https:\/\/www.aarquiteta.com.br\/blog\/wp-content\/uploads\/2024\/06\/5-Dicas-para-Planejar-uma-Cozinha-Americana-Pequena02.jpg\" alt=\"5 Dicas para Planejar uma Cozinha Americana Pequena\" width=\"1024\" height=\"1024\" title=\"\"><figcaption class=\"wp-caption-text\">5 Dicas para Planejar uma Cozinha Americana Pequena<\/figcaption><\/figure><p>Brinque com texturas e materiais para adicionar interesse visual. Uma parede de tijolinho branco, por exemplo, pode <b>trazer profundidade e car\u00e1ter<\/b> sem comprometer a sensa\u00e7\u00e3o de amplitude.<\/p><p><a href=\"https:\/\/www.cursosdearquitetura.com.br\/dicas-para-criar-ambientes-acolhedores-e-funcionais\/\" target=\"_blank\" rel=\"noopener\">Confira mais inspira\u00e7\u00f5es para criar ambientes acolhedores e funcionais<\/a><\/p><h2>4. Aposte em m\u00f3veis multifuncionais<\/h2><p>M\u00f3veis multifuncionais s\u00e3o verdadeiros campe\u00f5es do espa\u00e7o em cozinhas compactas. <b>Uma mesa dobr\u00e1vel ou uma <a href=\"https:\/\/www.aarquiteta.com.br\/blog\/?s=BANCADA\">bancada<\/a> com rod\u00edzios<\/b> pode ser recolhida quando n\u00e3o estiver em uso, liberando \u00e1rea para circula\u00e7\u00e3o. Uma banqueta alta com compartimento interno \u00e9 perfeita para guardar utens\u00edlios ou at\u00e9 mesmo como assento extra.<\/p><h3>Toque de criatividade:<\/h3><figure style=\"width: 1024px\" class=\"wp-caption aligncenter\"><img decoding=\"async\" src=\"https:\/\/www.aarquiteta.com.br\/blog\/wp-content\/uploads\/2024\/06\/5-Dicas-para-Planejar-uma-Cozinha-Americana-Pequena01.jpg\" alt=\"5 Dicas para Planejar uma Cozinha Americana Pequena\" width=\"1024\" height=\"1024\" title=\"\"><figcaption class=\"wp-caption-text\">5 Dicas para Planejar uma Cozinha Americana Pequena<\/figcaption><\/figure><p>Para adicionar um toque l\u00fadico e pr\u00e1tico, considere instalar um arm\u00e1rio embutido com portas de correr que possam ser usadas como mesa quando abertas. Essa solu\u00e7\u00e3o <b>combina armazenamento e funcionalidade<\/b> de maneira engenhosa.<\/p><p>Saiba como escolher os m\u00f3veis certos para uma cozinha compacta<\/p><h2>5. Mantenha a organiza\u00e7\u00e3o e a limpeza<\/h2><p>Por fim, <b>a organiza\u00e7\u00e3o e a limpeza s\u00e3o essenciais<\/b> para manter uma cozinha pequena acolhedora e funcional. Estabele\u00e7a rotinas de arruma\u00e7\u00e3o e descarte itens desnecess\u00e1rios regularmente. Limpe as superf\u00edcies e mantenha tudo em seu devido lugar para evitar a sensa\u00e7\u00e3o de bagun\u00e7a e desorganiza\u00e7\u00e3o.<\/p><h3>Um toque de humor:<\/h3><h3>Assista agora a minha recomenda\u00e7\u00e3o de video abaixo sobre o tema que estamos tratando neste artigo: <\/h3><p><div class=\"youtube-embed\" data-video_id=\"5snK4tRAK_k\"><iframe title=\"COZINHA  PLANEJADA PEQUENA - 13 DICAS SIMPLES PARA COZINHA PEQUENA\" width=\"696\" height=\"392\" src=\"https:\/\/www.youtube.com\/embed\/5snK4tRAK_k?feature=oembed&#038;enablejsapi=1\" frameborder=\"0\" allow=\"accelerometer; autoplay; clipboard-write; encrypted-media; gyroscope; picture-in-picture; web-share\" referrerpolicy=\"strict-origin-when-cross-origin\" allowfullscreen><\/iframe><\/div><\/p><p>Lembre-se: uma cozinha bagun\u00e7ada \u00e9 o caminho mais r\u00e1pido para uma vida cheia de caos culin\u00e1rio! \ud83d\ude43 Ent\u00e3o, mantenha tudo em ordem e <b>seu pequeno santu\u00e1rio culin\u00e1rio ficar\u00e1 pronto para receber convidados<\/b> a qualquer momento.<\/p><p>Confira dicas para manter uma cozinha pequena sempre organizada<\/p><h2>Conclus\u00e3o<\/h2><p>Transformar uma cozinha pequena em um espa\u00e7o funcional e aconchegante \u00e9 <b>uma quest\u00e3o de planejamento inteligente e criatividade<\/b>. Siga essas dicas de estilo e conviv\u00eancia, e sua cozinha compacta se tornar\u00e1 um ambiente acolhedor e eficiente, pronto para receber amigos e familiares em deliciosos momentos gastron\u00f4micos. Afinal, n\u00e3o \u00e9 o tamanho que importa, mas sim a maneira como voc\u00ea aproveita cada cent\u00edmetro com sabedoria.<\/p><p style=\"text-align: center;\">[amazon table=&#8221;95675&#8243;]","protected":false},"excerpt":{"rendered":"<p>Planeje uma cozinha americana pequena com estas cinco dicas de estilo e conviv\u00eancia.<\/p>\n","protected":false},"author":102,"featured_media":114224,"comment_status":"closed","ping_status":"closed","sticky":false,"template":"","format":"standard","meta":{"footnotes":""},"categories":[1484,971,18792,18794],"tags":[],"class_list":["post-114228","post","type-post","status-publish","format-standard","has-post-thumbnail","category-decoracao","category-design-de-interiores","category-decoracao-de-apartamento","category-projetos-de-decoracao-de-casas"],"_wp_attached_file":null,"_wp_attachment_metadata":null,"_wp_attachment_context":null,"_wp_attachment_is_custom_header":null,"geo_longitude":null,"geo_public":null,"geo_latitude":null,"_publicize_done_external":null,"_wpas_done_3897181":null,"publicize_twitter_user":null,"_wpas_done_3897175":null,"_wpas_skip_3897181":null,"_wpas_skip_3897175":null,"_wpas_skip_3924723":null,"_wpas_mess":null,"_wpas_done_3924723":null,"wps_subtitle":"","_links":{"self":[{"href":"https:\/\/www.aarquiteta.com.br\/blog\/wp-json\/wp\/v2\/posts\/114228","targetHints":{"allow":["GET"]}}],"collection":[{"href":"https:\/\/www.aarquiteta.com.br\/blog\/wp-json\/wp\/v2\/posts"}],"about":[{"href":"https:\/\/www.aarquiteta.com.br\/blog\/wp-json\/wp\/v2\/types\/post"}],"author":[{"embeddable":true,"href":"https:\/\/www.aarquiteta.com.br\/blog\/wp-json\/wp\/v2\/users\/102"}],"replies":[{"embeddable":true,"href":"https:\/\/www.aarquiteta.com.br\/blog\/wp-json\/wp\/v2\/comments?post=114228"}],"version-history":[{"count":0,"href":"https:\/\/www.aarquiteta.com.br\/blog\/wp-json\/wp\/v2\/posts\/114228\/revisions"}],"wp:featuredmedia":[{"embeddable":true,"href":"https:\/\/www.aarquiteta.com.br\/blog\/wp-json\/wp\/v2\/media\/114224"}],"wp:attachment":[{"href":"https:\/\/www.aarquiteta.com.br\/blog\/wp-json\/wp\/v2\/media?parent=114228"}],"wp:term":[{"taxonomy":"category","embeddable":true,"href":"https:\/\/www.aarquiteta.com.br\/blog\/wp-json\/wp\/v2\/categories?post=114228"},{"taxonomy":"post_tag","embeddable":true,"href":"https:\/\/www.aarquiteta.com.br\/blog\/wp-json\/wp\/v2\/tags?post=114228"}],"curies":[{"name":"wp","href":"https:\/\/api.w.org\/{rel}","templated":true}]}}