{"id":114209,"date":"2024-06-03T10:02:00","date_gmt":"2024-06-03T13:02:00","guid":{"rendered":"https:\/\/www.aarquiteta.com.br\/blog\/3-solucoes-criativas-para-aproveitar-corredor-estreito\/"},"modified":"2024-09-15T09:42:22","modified_gmt":"2024-09-15T12:42:22","slug":"3-solucoes-criativas-para-aproveitar-corredor-estreito","status":"publish","type":"post","link":"https:\/\/www.aarquiteta.com.br\/blog\/3-solucoes-criativas-para-aproveitar-corredor-estreito\/","title":{"rendered":"3 Solu\u00e7\u00f5es Criativas para Aproveitar Corredor Estreito"},"content":{"rendered":"<p><body><\/p><p>Ter um <b><a href=\"https:\/\/www.aarquiteta.com.br\/blog\/?s=CORREDOR\">corredor<\/a> estreito<\/b> em casa pode parecer um desafio, mas com um pouco de criatividade e planejamento inteligente, esse espa\u00e7o pode se transformar em uma \u00e1rea encantadora e funcional. Neste artigo, exploraremos solu\u00e7\u00f5es pr\u00e1ticas para maximizar o potencial desses corredores, transformando-os em verdadeiros destaques arquitet\u00f4nicos.<\/p><h2>1. Utilize prateleiras flutuantes<\/h2><p>As prateleiras flutuantes s\u00e3o uma \u00f3tima op\u00e7\u00e3o para <b>corredores estreitos<\/b>, pois n\u00e3o ocupam espa\u00e7o no ch\u00e3o e criam \u00e1reas de armazenamento adicionais. Voc\u00ea pode instal\u00e1-las em alturas diferentes para exibir plantas, livros ou objetos decorativos, dando um toque de personalidade ao ambiente.<\/p><h3>Dica profissional<\/h3><figure style=\"width: 1024px\" class=\"wp-caption aligncenter\"><img decoding=\"async\" src=\"https:\/\/www.aarquiteta.com.br\/blog\/wp-content\/uploads\/2024\/06\/3-Solucoes-Criativas-para-Aproveitar-Corredor-Estreito04.jpg\" alt=\"3 Solu\u00e7\u00f5es Criativas para Aproveitar Corredor Estreito\" width=\"1024\" height=\"1024\" title=\"\"><figcaption class=\"wp-caption-text\">3 Solu\u00e7\u00f5es Criativas para Aproveitar Corredor Estreito<\/figcaption><\/figure><p>Para um visual mais elegante, opte por prateleiras de <a href=\"https:\/\/www.aarquiteta.com.br\/blog\/?s=MADEIRA\">madeira<\/a> maci\u00e7a ou materiais nobres, como m\u00e1rmore ou metal. Eles acrescentam um toque de sofistica\u00e7\u00e3o e podem ser perfeitamente integrados a diferentes estilos de decora\u00e7\u00e3o.<\/p><p><a href=\"https:\/\/www.cursosdearquitetura.com.br\/aproveite-os-espacos-com-prateleiras-flutuantes\/\" target=\"_blank\" rel=\"noopener\">Saiba mais sobre prateleiras flutuantes em corredores estreitos<\/a><\/p><h2>2. Aposte em espelhos para ampliar o espa\u00e7o<\/h2><p>Os espelhos s\u00e3o verdadeiros m\u00e1gicos quando se trata de <b>criar a ilus\u00e3o de amplitude<\/b> em ambientes pequenos. Estrategicamente posicionados, eles refletem a luz e ampliam visualmente o espa\u00e7o, dando a sensa\u00e7\u00e3o de um corredor mais amplo e arejado.<\/p><h3>Dica criativa<\/h3><figure style=\"width: 1024px\" class=\"wp-caption aligncenter\"><img decoding=\"async\" src=\"https:\/\/www.aarquiteta.com.br\/blog\/wp-content\/uploads\/2024\/06\/3-Solucoes-Criativas-para-Aproveitar-Corredor-Estreito03.jpg\" alt=\"3 Solu\u00e7\u00f5es Criativas para Aproveitar Corredor Estreito\" width=\"1024\" height=\"1024\" title=\"\"><figcaption class=\"wp-caption-text\">3 Solu\u00e7\u00f5es Criativas para Aproveitar Corredor Estreito<\/figcaption><\/figure><p>Em vez de um \u00fanico espelho grande, experimente uma composi\u00e7\u00e3o de v\u00e1rios espelhos menores em diferentes formatos e tamanhos. Esse recurso n\u00e3o apenas traz dramaticidade ao corredor, como tamb\u00e9m adiciona profundidade visual e movimento.<\/p><p>Inspire-se com ideias criativas de espelhos para ampliar ambientes<\/p><h2>3. Crie um cantinho de leitura<\/h2><p>Transforme seu corredor estreito em um <b>ref\u00fagio aconchegante<\/b> criando um pequeno cantinho de leitura. Uma poltrona confort\u00e1vel, um abajur e uma mesinha lateral s\u00e3o tudo o que voc\u00ea precisa para criar um espa\u00e7o \u00edntimo e relaxante.<\/p><h3>Dica descontra\u00edda<\/h3><style id=\"wp_carousel_dynamic_css104049\">.sp-wp-carousel-free-id-104049.wpcf-fancybox-wrapper .fancybox-bg{background: #0b0b0b;opacity: 0.8;}.sp-wp-carousel-free-id-104049.wpcf-fancybox-wrapper .fancybox-navigation .fancybox-button .wpcp-fancybox-nav-arrow i {color: #ccc;}.sp-wp-carousel-free-id-104049.wpcf-fancybox-wrapper .fancybox-navigation .fancybox-button .wpcp-fancybox-nav-arrow i:hover {color: #fff;}.sp-wp-carousel-free-id-104049.wpcf-fancybox-wrapper .fancybox-navigation .fancybox-button {background: #1e1e1e;}.sp-wp-carousel-free-id-104049.wpcf-fancybox-wrapper .fancybox-navigation .fancybox-button:hover {background: #1e1e1e;}#sp-wp-carousel-free-id-104049 .wpcp-swiper-dots {margin: 40px 0px 0px 0px;}.wpcp-wrapper-104049 .swiper-wrapper .swiper-slide-kenburn, .wpcp-wrapper-104049 .swiper-wrapper, .wpcp-wrapper-104049 .wpcpro-row{align-items: center;}#sp-wp-carousel-free-id-104049 .wpcp-single-item {box-shadow: 0px 0px 0px 0px #dddddd;transition: all .3s;margin: 0px;}#sp-wp-carousel-free-id-104049.swiper-flip .wpcp-single-item{margin: 0!important;}#sp-wp-carousel-free-id-104049 .wpcp-single-item:hover {box-shadow: 0px 0px 0px 0px #dddddd;}#sp-wp-carousel-free-id-104049.sp-wpcp-104049 .wpcp-single-item {border: 1px solid #dddddd;}#sp-wp-carousel-free-id-104049.sp-wpcp-104049 .swiper-button-prev,#sp-wp-carousel-free-id-104049.sp-wpcp-104049 .swiper-button-next,#sp-wp-carousel-free-id-104049.sp-wpcp-104049 .swiper-button-prev:hover,#sp-wp-carousel-free-id-104049.sp-wpcp-104049 .swiper-button-next:hover {background: none;border: none;font-size: 30px;}#sp-wp-carousel-free-id-104049.sp-wpcp-104049 .swiper-button-prev i,#sp-wp-carousel-free-id-104049.sp-wpcp-104049 .swiper-button-next i {color: #aaa;}#sp-wp-carousel-free-id-104049.sp-wpcp-104049 .swiper-button-prev i:hover,#sp-wp-carousel-free-id-104049.sp-wpcp-104049 .swiper-button-next i:hover {color: #178087;}#sp-wp-carousel-free-id-104049.sp-wpcp-104049 .wpcp-swiper-dots .swiper-pagination-bullet {background-color: #cccccc;}#sp-wp-carousel-free-id-104049.sp-wpcp-104049 .wpcp-swiper-dots .swiper-pagination-bullet.swiper-pagination-bullet-active {background-color: #178087;} #sp-wp-carousel-free-id-104049.sp-wpcp-104049.wpcp-image-carousel .wpcp-single-item:hover img, #sp-wp-carousel-free-id-104049.sp-wpcp-104049.wpcp-post-carousel .wpcp-single-item:hover img, #sp-wp-carousel-free-id-104049.sp-wpcp-104049.wpcp-product-carousel .wpcp-single-item:hover img{-webkit-transform: scale(1.2);-moz-transform: scale(1.2);transform: scale(1.2);}#sp-wp-carousel-free-id-104049 .wpcpro-row>[class*=\"wpcpro-col-\"] { padding: 0 10px; padding-bottom: 20px;} #sp-wp-carousel-free-id-104049 .swiper-slide .single-item-fade:not(:last-child) { margin-right: 20px;}@media (min-width: 480px) { .wpcpro-row .wpcpro-col-sm-1 { flex: 0 0 100%; max-width: 100%; } .wpcpro-row .wpcpro-col-sm-2 { flex: 0 0 50%; max-width: 50%; } .wpcpro-row .wpcpro-col-sm-2-5 { flex: 0 0 75%; max-width: 75%; } .wpcpro-row .wpcpro-col-sm-3 { flex: 0 0 33.333%; max-width: 33.333%; } .wpcpro-row .wpcpro-col-sm-4 { flex: 0 0 25%; max-width: 25%; } .wpcpro-row .wpcpro-col-sm-5 { flex: 0 0 20%; max-width: 20%; } .wpcpro-row .wpcpro-col-sm-6 { flex: 0 0 16.66666666666667%; max-width: 16.66666666666667%; } .wpcpro-row .wpcpro-col-sm-7 { flex: 0 0 14.28571428%; max-width: 14.28571428%; } .wpcpro-row .wpcpro-col-sm-8 { flex: 0 0 12.5%; max-width: 12.5%; } } @media (max-width: 480px) { .wpcpro-row .wpcpro-col-xs-1 { flex: 0 0 100%; max-width: 100%; } .wpcpro-row .wpcpro-col-xs-2 { flex: 0 0 50%; max-width: 50%; } .wpcpro-row .wpcpro-col-xs-3 { flex: 0 0 33.222%; max-width: 33.222%; } .wpcpro-row .wpcpro-col-xs-4 { flex: 0 0 25%; max-width: 25%; } .wpcpro-row .wpcpro-col-xs-5 { flex: 0 0 20%; max-width: 20%; } .wpcpro-row .wpcpro-col-xs-6 { flex: 0 0 16.6667%; max-width: 16.6667%; } .wpcpro-row .wpcpro-col-xs-7 { flex: 0 0 14.28571428%; max-width: 14.28571428%; } .wpcpro-row .wpcpro-col-xs-8 { flex: 0 0 12.5%; max-width: 12.5%; } } @media (min-width: 736px) { .wpcpro-row .wpcpro-col-md-1 { flex: 0 0 100%; max-width: 100%; } .wpcpro-row .wpcpro-col-md-2 { flex: 0 0 50%; max-width: 50%; } .wpcpro-row .wpcpro-col-md-2-5 { flex: 0 0 75%; max-width: 75%; } .wpcpro-row .wpcpro-col-md-3 { flex: 0 0 33.333%; max-width: 33.333%; } .wpcpro-row .wpcpro-col-md-4 { flex: 0 0 25%; max-width: 25%; } .wpcpro-row .wpcpro-col-md-5 { flex: 0 0 20%; max-width: 20%; } .wpcpro-row .wpcpro-col-md-6 { flex: 0 0 16.66666666666667%; max-width: 16.66666666666667%; } .wpcpro-row .wpcpro-col-md-7 { flex: 0 0 14.28571428%; max-width: 14.28571428%; } .wpcpro-row .wpcpro-col-md-8 { flex: 0 0 12.5%; max-width: 12.5%; } } @media (min-width: 980px) { .wpcpro-row .wpcpro-col-lg-1 { flex: 0 0 100%; max-width: 100%; } .wpcpro-row .wpcpro-col-lg-2 { flex: 0 0 50%; max-width: 50%; } .wpcpro-row .wpcpro-col-lg-3 { flex: 0 0 33.222%; max-width: 33.222%; } .wpcpro-row .wpcpro-col-lg-4 { flex: 0 0 25%; max-width: 25%; } .wpcpro-row .wpcpro-col-lg-5 { flex: 0 0 20%; max-width: 20%; } .wpcpro-row .wpcpro-col-lg-6 { flex: 0 0 16.6667%; max-width: 16.6667%; } .wpcpro-row .wpcpro-col-lg-7 { flex: 0 0 14.28571428%; max-width: 14.28571428%; } .wpcpro-row .wpcpro-col-lg-8 { flex: 0 0 12.5%; max-width: 12.5%; } } @media (min-width: 1200px) { .wpcpro-row .wpcpro-col-xl-1 { flex: 0 0 100%; max-width: 100%; } .wpcpro-row .wpcpro-col-xl-2 { flex: 0 0 50%; max-width: 50%; } .wpcpro-row .wpcpro-col-xl-3 { flex: 0 0 33.22222222%; max-width: 33.22222222%; } .wpcpro-row .wpcpro-col-xl-4 { flex: 0 0 25%; max-width: 25%; } .wpcpro-row .wpcpro-col-xl-5 { flex: 0 0 20%; max-width: 20%; } .wpcpro-row .wpcpro-col-xl-6 { flex: 0 0 16.66667%; max-width: 16.66667%; } .wpcpro-row .wpcpro-col-xl-7 { flex: 0 0 14.28571428%; max-width: 14.28571428%; } .wpcpro-row .wpcpro-col-xl-8 { flex: 0 0 12.5%; max-width: 12.5%; } }<\/style><div class=\"wpcp-carousel-wrapper wpcp-wrapper-104049\">\t<div id=\"wpcp-preloader-104049\" class=\"wpcp-carousel-preloader\"><img decoding=\"async\" src=\"https:\/\/www.aarquiteta.com.br\/blog\/wp-content\/plugins\/wp-carousel-free\/public\/css\/spinner.svg\" alt=\"Preloader Image\" title=\"\"><\/div>\t<div class=\"wpcp-carousel-content-wrapper\">\t<div id=\"sp-wp-carousel-free-id-104049\" class=\"wpcp-carousel-section sp-wpcp-104049  nav-vertical-center wpcp-image-carousel wpcp-preloader wpcp-standard\" data-swiper='{ &quot;pagination_type&quot;: &quot;dots&quot;,&quot;accessibility&quot;:true, &quot;spaceBetween&quot;:20, &quot;arrows&quot;:false, &quot;freeMode&quot;: false, &quot;autoplay&quot;:true, &quot;effect&quot;: &quot;&quot;, &quot;centerMode&quot;: false, &quot;autoplaySpeed&quot;:3000, &quot;dots&quot;:true, &quot;infinite&quot;:true, &quot;speed&quot;:600, &quot;pauseOnHover&quot;:true,\n\t\t\t&quot;slidesToShow&quot;:{&quot;lg_desktop&quot;:5, &quot;desktop&quot;: 4, &quot;laptop&quot;: 3, &quot;tablet&quot;: 2, &quot;mobile&quot;: 1}, &quot;responsive&quot;:{&quot;desktop&quot;:1200, &quot;laptop&quot;: 980, &quot;tablet&quot;: 736, &quot;mobile&quot;: 480}, &quot;rtl&quot;:false, &quot;lazyLoad&quot;: &quot;false&quot;, &quot;swipe&quot;: true, &quot;draggable&quot;: true, &quot;swipeToSlide&quot;:false }' dir=\"ltr\">\t\t<div class=\"swiper-wrapper\">\t\t<div class=\"swiper-slide\">\t<div class=\"wpcp-single-item\">\t\t\t<a class=\"wcp-light-box\" data-buttons=\"[&quot;close&quot;]\" data-wpc_url=\"https:\/\/www.aarquiteta.com.br\/blog\/wp-content\/uploads\/2023\/12\/transformacao-incrivel-parede-poucos-minutos-tecnica-inovadora01.jpg\" href=\"https:\/\/www.aarquiteta.com.br\/blog\/wp-content\/uploads\/2023\/12\/transformacao-incrivel-parede-poucos-minutos-tecnica-inovadora01.jpg\" data-fancybox=\"wpcp_view\">\n\t\t<figure>\n\t\t\t<img decoding=\"async\" class=\"skip-lazy\" src=\"https:\/\/www.aarquiteta.com.br\/blog\/wp-content\/uploads\/2023\/12\/transformacao-incrivel-parede-poucos-minutos-tecnica-inovadora01.jpg\" alt=\"transformacao-incrivel-parede-poucos-minutos-tecnica-inovadora\" width=\"1024\" height=\"1024\" title=\"\">\t\t<\/figure>\n\t<\/a>\t\t<\/div><\/div>\t<div class=\"swiper-slide\">\t<div class=\"wpcp-single-item\">\t\t\t<a class=\"wcp-light-box\" data-buttons=\"[&quot;close&quot;]\" data-wpc_url=\"https:\/\/www.aarquiteta.com.br\/blog\/wp-content\/uploads\/2023\/12\/nichos-de-parede03.jpg\" href=\"https:\/\/www.aarquiteta.com.br\/blog\/wp-content\/uploads\/2023\/12\/nichos-de-parede03.jpg\" data-fancybox=\"wpcp_view\">\n\t\t<figure>\n\t\t\t<img decoding=\"async\" class=\"skip-lazy\" src=\"https:\/\/www.aarquiteta.com.br\/blog\/wp-content\/uploads\/2023\/12\/nichos-de-parede03.jpg\" alt=\"nichos de parede\" width=\"1024\" height=\"1024\" title=\"\">\t\t<\/figure>\n\t<\/a>\t\t<\/div><\/div>\t<div class=\"swiper-slide\">\t<div class=\"wpcp-single-item\">\t\t\t<a class=\"wcp-light-box\" data-buttons=\"[&quot;close&quot;]\" data-wpc_url=\"https:\/\/www.aarquiteta.com.br\/blog\/wp-content\/uploads\/2023\/12\/nichos-de-parede02.jpg\" href=\"https:\/\/www.aarquiteta.com.br\/blog\/wp-content\/uploads\/2023\/12\/nichos-de-parede02.jpg\" data-fancybox=\"wpcp_view\">\n\t\t<figure>\n\t\t\t<img decoding=\"async\" class=\"skip-lazy\" src=\"https:\/\/www.aarquiteta.com.br\/blog\/wp-content\/uploads\/2023\/12\/nichos-de-parede02.jpg\" alt=\"nichos de parede\" width=\"1024\" height=\"1024\" title=\"\">\t\t<\/figure>\n\t<\/a>\t\t<\/div><\/div>\t<div class=\"swiper-slide\">\t<div class=\"wpcp-single-item\">\t\t\t<a class=\"wcp-light-box\" data-buttons=\"[&quot;close&quot;]\" data-wpc_url=\"https:\/\/www.aarquiteta.com.br\/blog\/wp-content\/uploads\/2023\/12\/nichos-de-parede01.jpg\" href=\"https:\/\/www.aarquiteta.com.br\/blog\/wp-content\/uploads\/2023\/12\/nichos-de-parede01.jpg\" data-fancybox=\"wpcp_view\">\n\t\t<figure>\n\t\t\t<img decoding=\"async\" class=\"skip-lazy\" src=\"https:\/\/www.aarquiteta.com.br\/blog\/wp-content\/uploads\/2023\/12\/nichos-de-parede01.jpg\" alt=\"nichos de parede\" width=\"1024\" height=\"1024\" title=\"\">\t\t<\/figure>\n\t<\/a>\t\t<\/div><\/div>\t<div class=\"swiper-slide\">\t<div class=\"wpcp-single-item\">\t\t\t<a class=\"wcp-light-box\" data-buttons=\"[&quot;close&quot;]\" data-wpc_url=\"https:\/\/www.aarquiteta.com.br\/blog\/wp-content\/uploads\/2023\/11\/decoracao-de-parede-da-sala03.jpg\" href=\"https:\/\/www.aarquiteta.com.br\/blog\/wp-content\/uploads\/2023\/11\/decoracao-de-parede-da-sala03.jpg\" data-fancybox=\"wpcp_view\">\n\t\t<figure>\n\t\t\t<img decoding=\"async\" class=\"skip-lazy\" src=\"https:\/\/www.aarquiteta.com.br\/blog\/wp-content\/uploads\/2023\/11\/decoracao-de-parede-da-sala03.jpg\" alt=\"decora\u00e7\u00e3o de parede da sala\" width=\"1024\" height=\"1024\" title=\"\">\t\t<\/figure>\n\t<\/a>\t\t<\/div><\/div>\t<div class=\"swiper-slide\">\t<div class=\"wpcp-single-item\">\t\t\t<a class=\"wcp-light-box\" data-buttons=\"[&quot;close&quot;]\" data-wpc_url=\"https:\/\/www.aarquiteta.com.br\/blog\/wp-content\/uploads\/2023\/12\/como-pintar-parede01.jpg\" href=\"https:\/\/www.aarquiteta.com.br\/blog\/wp-content\/uploads\/2023\/12\/como-pintar-parede01.jpg\" data-fancybox=\"wpcp_view\">\n\t\t<figure>\n\t\t\t<img decoding=\"async\" class=\"skip-lazy\" src=\"https:\/\/www.aarquiteta.com.br\/blog\/wp-content\/uploads\/2023\/12\/como-pintar-parede01.jpg\" alt=\"como pintar parede\" width=\"1024\" height=\"1024\" title=\"\">\t\t<\/figure>\n\t<\/a>\t\t<\/div><\/div>\t<div class=\"swiper-slide\">\t<div class=\"wpcp-single-item\">\t\t\t<a class=\"wcp-light-box\" data-buttons=\"[&quot;close&quot;]\" data-wpc_url=\"https:\/\/www.aarquiteta.com.br\/blog\/wp-content\/uploads\/2023\/12\/como-pintar-parede02.jpg\" href=\"https:\/\/www.aarquiteta.com.br\/blog\/wp-content\/uploads\/2023\/12\/como-pintar-parede02.jpg\" data-fancybox=\"wpcp_view\">\n\t\t<figure>\n\t\t\t<img decoding=\"async\" class=\"skip-lazy\" src=\"https:\/\/www.aarquiteta.com.br\/blog\/wp-content\/uploads\/2023\/12\/como-pintar-parede02.jpg\" alt=\"como pintar parede\" width=\"1024\" height=\"1024\" title=\"\">\t\t<\/figure>\n\t<\/a>\t\t<\/div><\/div>\t<div class=\"swiper-slide\">\t<div class=\"wpcp-single-item\">\t\t\t<a class=\"wcp-light-box\" data-buttons=\"[&quot;close&quot;]\" data-wpc_url=\"https:\/\/www.aarquiteta.com.br\/blog\/wp-content\/uploads\/2023\/11\/decoracao-de-parede-da-sala02.jpg\" href=\"https:\/\/www.aarquiteta.com.br\/blog\/wp-content\/uploads\/2023\/11\/decoracao-de-parede-da-sala02.jpg\" data-fancybox=\"wpcp_view\">\n\t\t<figure>\n\t\t\t<img decoding=\"async\" class=\"skip-lazy\" src=\"https:\/\/www.aarquiteta.com.br\/blog\/wp-content\/uploads\/2023\/11\/decoracao-de-parede-da-sala02.jpg\" alt=\"decora\u00e7\u00e3o de parede da sala\" width=\"1024\" height=\"1024\" title=\"\">\t\t<\/figure>\n\t<\/a>\t\t<\/div><\/div>\t<div class=\"swiper-slide\">\t<div class=\"wpcp-single-item\">\t\t\t<a class=\"wcp-light-box\" data-buttons=\"[&quot;close&quot;]\" data-wpc_url=\"https:\/\/www.aarquiteta.com.br\/blog\/wp-content\/uploads\/2023\/11\/decoracao-de-parede-da-sala01.jpg\" href=\"https:\/\/www.aarquiteta.com.br\/blog\/wp-content\/uploads\/2023\/11\/decoracao-de-parede-da-sala01.jpg\" data-fancybox=\"wpcp_view\">\n\t\t<figure>\n\t\t\t<img decoding=\"async\" class=\"skip-lazy\" src=\"https:\/\/www.aarquiteta.com.br\/blog\/wp-content\/uploads\/2023\/11\/decoracao-de-parede-da-sala01.jpg\" alt=\"decora\u00e7\u00e3o de parede da sala\" width=\"1024\" height=\"1024\" title=\"\">\t\t<\/figure>\n\t<\/a>\t\t<\/div><\/div>\t<div class=\"swiper-slide\">\t<div class=\"wpcp-single-item\">\t\t\t<a class=\"wcp-light-box\" data-buttons=\"[&quot;close&quot;]\" data-wpc_url=\"https:\/\/www.aarquiteta.com.br\/blog\/wp-content\/uploads\/2023\/11\/5-dicas-para-decorar-as-paredes-da-sua-casa02.jpg\" href=\"https:\/\/www.aarquiteta.com.br\/blog\/wp-content\/uploads\/2023\/11\/5-dicas-para-decorar-as-paredes-da-sua-casa02.jpg\" data-fancybox=\"wpcp_view\">\n\t\t<figure>\n\t\t\t<img decoding=\"async\" class=\"skip-lazy\" src=\"https:\/\/www.aarquiteta.com.br\/blog\/wp-content\/uploads\/2023\/11\/5-dicas-para-decorar-as-paredes-da-sua-casa02.jpg\" alt=\"5 dicas para decorar as paredes da sua casa\" width=\"1024\" height=\"1024\" title=\"\">\t\t<\/figure>\n\t<\/a>\t\t<\/div><\/div>\t<div class=\"swiper-slide\">\t<div class=\"wpcp-single-item\">\t\t\t<a class=\"wcp-light-box\" data-buttons=\"[&quot;close&quot;]\" data-wpc_url=\"https:\/\/www.aarquiteta.com.br\/blog\/wp-content\/uploads\/2023\/11\/revestimento-de-parede-externa04.jpg\" href=\"https:\/\/www.aarquiteta.com.br\/blog\/wp-content\/uploads\/2023\/11\/revestimento-de-parede-externa04.jpg\" data-fancybox=\"wpcp_view\">\n\t\t<figure>\n\t\t\t<img decoding=\"async\" class=\"skip-lazy\" src=\"https:\/\/www.aarquiteta.com.br\/blog\/wp-content\/uploads\/2023\/11\/revestimento-de-parede-externa04.jpg\" alt=\"revestimento de parede externa\" width=\"1024\" height=\"1024\" title=\"\">\t\t<\/figure>\n\t<\/a>\t\t<\/div><\/div>\t<div class=\"swiper-slide\">\t<div class=\"wpcp-single-item\">\t\t\t<a class=\"wcp-light-box\" data-buttons=\"[&quot;close&quot;]\" data-wpc_url=\"https:\/\/www.aarquiteta.com.br\/blog\/wp-content\/uploads\/2023\/11\/revestimento-de-parede-externa03.jpg\" href=\"https:\/\/www.aarquiteta.com.br\/blog\/wp-content\/uploads\/2023\/11\/revestimento-de-parede-externa03.jpg\" data-fancybox=\"wpcp_view\">\n\t\t<figure>\n\t\t\t<img decoding=\"async\" class=\"skip-lazy\" src=\"https:\/\/www.aarquiteta.com.br\/blog\/wp-content\/uploads\/2023\/11\/revestimento-de-parede-externa03.jpg\" alt=\"revestimento de parede externa\" width=\"1024\" height=\"1024\" title=\"\">\t\t<\/figure>\n\t<\/a>\t\t<\/div><\/div>\t<div class=\"swiper-slide\">\t<div class=\"wpcp-single-item\">\t\t\t<a class=\"wcp-light-box\" data-buttons=\"[&quot;close&quot;]\" data-wpc_url=\"https:\/\/www.aarquiteta.com.br\/blog\/wp-content\/uploads\/2023\/11\/revestimento-de-parede-externa01.jpg\" href=\"https:\/\/www.aarquiteta.com.br\/blog\/wp-content\/uploads\/2023\/11\/revestimento-de-parede-externa01.jpg\" data-fancybox=\"wpcp_view\">\n\t\t<figure>\n\t\t\t<img decoding=\"async\" class=\"skip-lazy\" src=\"https:\/\/www.aarquiteta.com.br\/blog\/wp-content\/uploads\/2023\/11\/revestimento-de-parede-externa01.jpg\" alt=\"revestimento de parede externa\" width=\"1024\" height=\"1024\" title=\"\">\t\t<\/figure>\n\t<\/a>\t\t<\/div><\/div>\t<div class=\"swiper-slide\">\t<div class=\"wpcp-single-item\">\t\t\t<a class=\"wcp-light-box\" data-buttons=\"[&quot;close&quot;]\" data-wpc_url=\"https:\/\/www.aarquiteta.com.br\/blog\/wp-content\/uploads\/2023\/11\/parede-de-tijolo-aparente04.jpg\" href=\"https:\/\/www.aarquiteta.com.br\/blog\/wp-content\/uploads\/2023\/11\/parede-de-tijolo-aparente04.jpg\" data-fancybox=\"wpcp_view\">\n\t\t<figure>\n\t\t\t<img decoding=\"async\" class=\"skip-lazy\" src=\"https:\/\/www.aarquiteta.com.br\/blog\/wp-content\/uploads\/2023\/11\/parede-de-tijolo-aparente04.jpg\" alt=\"parede de tijolo aparente\" width=\"1024\" height=\"1024\" title=\"\">\t\t<\/figure>\n\t<\/a>\t\t<\/div><\/div>\t<div class=\"swiper-slide\">\t<div class=\"wpcp-single-item\">\t\t\t<a class=\"wcp-light-box\" data-buttons=\"[&quot;close&quot;]\" data-wpc_url=\"https:\/\/www.aarquiteta.com.br\/blog\/wp-content\/uploads\/2023\/11\/do-clssico-ao-moderno-dicas-para-acertar-na-escolha-do-papel-de-parede-para-salavmqa.jpg\" href=\"https:\/\/www.aarquiteta.com.br\/blog\/wp-content\/uploads\/2023\/11\/do-clssico-ao-moderno-dicas-para-acertar-na-escolha-do-papel-de-parede-para-salavmqa.jpg\" data-fancybox=\"wpcp_view\">\n\t\t<figure>\n\t\t\t<img decoding=\"async\" class=\"skip-lazy\" src=\"https:\/\/www.aarquiteta.com.br\/blog\/wp-content\/uploads\/2023\/11\/do-clssico-ao-moderno-dicas-para-acertar-na-escolha-do-papel-de-parede-para-salavmqa.jpg\" alt=\"Do Clssico ao Moderno Dicas para Acertar na Escolha do Papel de Parede para Sala\" width=\"1024\" height=\"768\" title=\"\">\t\t<\/figure>\n\t<\/a>\t\t<\/div><\/div>\t<div class=\"swiper-slide\">\t<div class=\"wpcp-single-item\">\t\t\t<a class=\"wcp-light-box\" data-buttons=\"[&quot;close&quot;]\" data-wpc_url=\"https:\/\/www.aarquiteta.com.br\/blog\/wp-content\/uploads\/2023\/11\/parede-de-tijolo-aparente01.jpg\" href=\"https:\/\/www.aarquiteta.com.br\/blog\/wp-content\/uploads\/2023\/11\/parede-de-tijolo-aparente01.jpg\" data-fancybox=\"wpcp_view\">\n\t\t<figure>\n\t\t\t<img decoding=\"async\" class=\"skip-lazy\" src=\"https:\/\/www.aarquiteta.com.br\/blog\/wp-content\/uploads\/2023\/11\/parede-de-tijolo-aparente01.jpg\" alt=\"parede de tijolo aparente\" width=\"1024\" height=\"1024\" title=\"\">\t\t<\/figure>\n\t<\/a>\t\t<\/div><\/div>\t<div class=\"swiper-slide\">\t<div class=\"wpcp-single-item\">\t\t\t<a class=\"wcp-light-box\" data-buttons=\"[&quot;close&quot;]\" data-wpc_url=\"https:\/\/www.aarquiteta.com.br\/blog\/wp-content\/uploads\/2023\/11\/Artesanato-Criativo-7-Tendencias-de-Decoracao-de-Parede-para-2023-que-Vao-Revolucionar-Seu-Espaco03.jpg\" href=\"https:\/\/www.aarquiteta.com.br\/blog\/wp-content\/uploads\/2023\/11\/Artesanato-Criativo-7-Tendencias-de-Decoracao-de-Parede-para-2023-que-Vao-Revolucionar-Seu-Espaco03.jpg\" data-fancybox=\"wpcp_view\">\n\t\t<figure>\n\t\t\t<img decoding=\"async\" class=\"skip-lazy\" src=\"https:\/\/www.aarquiteta.com.br\/blog\/wp-content\/uploads\/2023\/11\/Artesanato-Criativo-7-Tendencias-de-Decoracao-de-Parede-para-2023-que-Vao-Revolucionar-Seu-Espaco03.jpg\" alt=\"Artesanato Criativo: 7 Tend\u00eancias de Decora\u00e7\u00e3o de Parede para 2023 que V\u00e3o Revolucionar Seu Espa\u00e7o!\" width=\"1024\" height=\"1024\" title=\"\">\t\t<\/figure>\n\t<\/a>\t\t<\/div><\/div>\t<div class=\"swiper-slide\">\t<div class=\"wpcp-single-item\">\t\t\t<a class=\"wcp-light-box\" data-buttons=\"[&quot;close&quot;]\" data-wpc_url=\"https:\/\/www.aarquiteta.com.br\/blog\/wp-content\/uploads\/2023\/11\/como-decorar-a-parede-da-sua-casa-atras-do-sofa01.jpg\" href=\"https:\/\/www.aarquiteta.com.br\/blog\/wp-content\/uploads\/2023\/11\/como-decorar-a-parede-da-sua-casa-atras-do-sofa01.jpg\" data-fancybox=\"wpcp_view\">\n\t\t<figure>\n\t\t\t<img decoding=\"async\" class=\"skip-lazy\" src=\"https:\/\/www.aarquiteta.com.br\/blog\/wp-content\/uploads\/2023\/11\/como-decorar-a-parede-da-sua-casa-atras-do-sofa01.jpg\" alt=\"como decorar a parede da sua casa atras do sof\u00e1?\" width=\"1024\" height=\"1024\" title=\"\">\t\t<\/figure>\n\t<\/a>\t\t<\/div><\/div>\t<div class=\"swiper-slide\">\t<div class=\"wpcp-single-item\">\t\t\t<a class=\"wcp-light-box\" data-buttons=\"[&quot;close&quot;]\" data-wpc_url=\"https:\/\/www.aarquiteta.com.br\/blog\/wp-content\/uploads\/2023\/11\/floreira-de-parede04.jpg\" href=\"https:\/\/www.aarquiteta.com.br\/blog\/wp-content\/uploads\/2023\/11\/floreira-de-parede04.jpg\" data-fancybox=\"wpcp_view\">\n\t\t<figure>\n\t\t\t<img decoding=\"async\" class=\"skip-lazy\" src=\"https:\/\/www.aarquiteta.com.br\/blog\/wp-content\/uploads\/2023\/11\/floreira-de-parede04.jpg\" alt=\"floreira de parede\" width=\"1024\" height=\"1024\" title=\"\">\t\t<\/figure>\n\t<\/a>\t\t<\/div><\/div>\t\t\t<\/div>\t\t\t\t\t<div class=\"wpcp-swiper-dots swiper-pagination\"><\/div>\t\t\t\t<!-- If we need navigation buttons -->\t\t\t<\/div>\t<\/div><\/div><p>Acrescente um toque de humor e descontra\u00e7\u00e3o com uma almofada divertida ou um puff extravagante. Afinal, quem disse que corredores precisam ser entediantes?<\/p><p><a href=\"https:\/\/www.cursosdearquitetura.com.br\/cantinho-de-leitura-em-espacos-pequenos\/\" target=\"_blank\" rel=\"noopener\">Ideias inspiradoras para criar um cantinho de leitura aconchegante<\/a><\/p><h2>4. Instale um jardim vertical<\/h2><p>Traga a natureza para dentro de casa com a instala\u00e7\u00e3o de um <b>jardim vertical<\/b> no corredor. Al\u00e9m de acrescentar um toque de vida ao ambiente, as plantas purificam o ar e criam uma atmosfera relaxante e revigorante.<\/p><h3>Dica sustent\u00e1vel<\/h3><figure style=\"width: 1024px\" class=\"wp-caption aligncenter\"><img decoding=\"async\" src=\"https:\/\/www.aarquiteta.com.br\/blog\/wp-content\/uploads\/2024\/06\/3-Solucoes-Criativas-para-Aproveitar-Corredor-Estreito02.jpg\" alt=\"3 Solu\u00e7\u00f5es Criativas para Aproveitar Corredor Estreito\" width=\"1024\" height=\"1024\" title=\"\"><figcaption class=\"wp-caption-text\">3 Solu\u00e7\u00f5es Criativas para Aproveitar Corredor Estreito<\/figcaption><\/figure><p>Para um jardim vertical de baixa manuten\u00e7\u00e3o, opte por esp\u00e9cies resistentes e de f\u00e1cil cultivo, como samambaias, <a href=\"https:\/\/www.aarquiteta.com.br\/blog\/?s=SUCULENTA\">suculentas<\/a> e musgo. Elas tornam seu corredor \u00fanico e exigem poucos cuidados regulares.<\/p><p>Descubra como criar um jardim vertical encantador em seu corredor<\/p><h2>5. Opte por m\u00f3veis multifuncionais<\/h2><p>Em espa\u00e7os reduzidos, \u00e9 essencial <b>otimizar cada cent\u00edmetro<\/b>. M\u00f3veis multifuncionais, como bancos com compartimentos de armazenamento embutidos ou mesas retr\u00e1teis, s\u00e3o \u00f3timas solu\u00e7\u00f5es para corredores estreitos, pois economizam espa\u00e7o sem comprometer o estilo.<\/p><h3>Dica divertida<\/h3><figure style=\"width: 1024px\" class=\"wp-caption aligncenter\"><img decoding=\"async\" src=\"https:\/\/www.aarquiteta.com.br\/blog\/wp-content\/uploads\/2024\/06\/3-Solucoes-Criativas-para-Aproveitar-Corredor-Estreito01.jpg\" alt=\"3 Solu\u00e7\u00f5es Criativas para Aproveitar Corredor Estreito\" width=\"1024\" height=\"1024\" title=\"\"><figcaption class=\"wp-caption-text\">3 Solu\u00e7\u00f5es Criativas para Aproveitar Corredor Estreito<\/figcaption><\/figure><p>Voc\u00ea j\u00e1 pensou em transformar seu corredor em uma \u00e1rea de jogos? Uma mesa de pebolim ou at\u00e9 mesmo um fliperama <a href=\"https:\/\/www.aarquiteta.com.br\/blog\/?s=RETRO\">retr\u00f4<\/a> podem trazer divers\u00e3o e personalidade ao ambiente.<\/p><p><a href=\"https:\/\/www.cursosdearquitetura.com.br\/moveis-multifuncionais-para-espacos-pequenos\/\" target=\"_blank\" rel=\"noopener\">Conhe\u00e7a m\u00f3veis multifuncionais criativos para aproveitar melhor seu corredor<\/a><\/p><h2>6. Invista em ilumina\u00e7\u00e3o estrat\u00e9gica<\/h2><p>A ilumina\u00e7\u00e3o desempenha um papel fundamental na cria\u00e7\u00e3o de ambientes acolhedores e funcionais. Em corredores estreitos, <b>aposte em luzes direcionadas<\/b> que iluminem \u00e1reas espec\u00edficas, como nichos, prateleiras ou obras de arte.<\/p><h3>Dica profissional<\/h3><h3>Assista agora a minha recomenda\u00e7\u00e3o de video abaixo sobre o tema que estamos tratando neste artigo: <\/h3><p><div class=\"youtube-embed\" data-video_id=\"9SB5x9ceJUs\"><iframe title=\"DICAS SIMPLES PARA UM CORREDOR CHIQUE DA SUA CASA\" width=\"696\" height=\"392\" src=\"https:\/\/www.youtube.com\/embed\/9SB5x9ceJUs?feature=oembed&#038;enablejsapi=1\" frameborder=\"0\" allow=\"accelerometer; autoplay; clipboard-write; encrypted-media; gyroscope; picture-in-picture; web-share\" referrerpolicy=\"strict-origin-when-cross-origin\" allowfullscreen><\/iframe><\/div><\/p><p>Experimente combinar diferentes fontes de ilumina\u00e7\u00e3o, como lumin\u00e1rias de parede, spots embutidos e fitas de LED, para criar camadas de luz e destacar os elementos arquitet\u00f4nicos do corredor.<\/p><p>Descubra dicas profissionais de ilumina\u00e7\u00e3o para corredores estreitos<\/p><h2>Conclus\u00e3o<\/h2><p>Corredores estreitos n\u00e3o precisam ser vistos como limita\u00e7\u00f5es, mas sim como <b>oportunidades criativas<\/b> para explorar solu\u00e7\u00f5es inteligentes e estilosas. Com um pouco de imagina\u00e7\u00e3o e planejamento, esses espa\u00e7os podem se transformar em verdadeiras joias arquitet\u00f4nicas, refletindo sua personalidade e estilo de vida \u00fanico. Ent\u00e3o, inspire-se nessas dicas e libere o designer interior que existe em voc\u00ea!<\/p><p><\/body><\/p><p style=\"text-align: center;\">[amazon table=&#8221;90360&#8243;][amazon table=&#8221;88247&#8243;][amazon table=&#8221;82513&#8243;]","protected":false},"excerpt":{"rendered":"<p>Encontre solu\u00e7\u00f5es criativas para aproveitar seu corredor estreito. Leia agora!<\/p>\n","protected":false},"author":102,"featured_media":114206,"comment_status":"closed","ping_status":"closed","sticky":false,"template":"","format":"standard","meta":{"footnotes":""},"categories":[1484,971,18792,18794],"tags":[],"class_list":["post-114209","post","type-post","status-publish","format-standard","has-post-thumbnail","category-decoracao","category-design-de-interiores","category-decoracao-de-apartamento","category-projetos-de-decoracao-de-casas"],"_wp_attached_file":null,"_wp_attachment_metadata":null,"_wp_attachment_context":null,"_wp_attachment_is_custom_header":null,"geo_longitude":null,"geo_public":null,"geo_latitude":null,"_publicize_done_external":null,"_wpas_done_3897181":null,"publicize_twitter_user":null,"_wpas_done_3897175":null,"_wpas_skip_3897181":null,"_wpas_skip_3897175":null,"_wpas_skip_3924723":null,"_wpas_mess":null,"_wpas_done_3924723":null,"wps_subtitle":"","_links":{"self":[{"href":"https:\/\/www.aarquiteta.com.br\/blog\/wp-json\/wp\/v2\/posts\/114209","targetHints":{"allow":["GET"]}}],"collection":[{"href":"https:\/\/www.aarquiteta.com.br\/blog\/wp-json\/wp\/v2\/posts"}],"about":[{"href":"https:\/\/www.aarquiteta.com.br\/blog\/wp-json\/wp\/v2\/types\/post"}],"author":[{"embeddable":true,"href":"https:\/\/www.aarquiteta.com.br\/blog\/wp-json\/wp\/v2\/users\/102"}],"replies":[{"embeddable":true,"href":"https:\/\/www.aarquiteta.com.br\/blog\/wp-json\/wp\/v2\/comments?post=114209"}],"version-history":[{"count":0,"href":"https:\/\/www.aarquiteta.com.br\/blog\/wp-json\/wp\/v2\/posts\/114209\/revisions"}],"wp:featuredmedia":[{"embeddable":true,"href":"https:\/\/www.aarquiteta.com.br\/blog\/wp-json\/wp\/v2\/media\/114206"}],"wp:attachment":[{"href":"https:\/\/www.aarquiteta.com.br\/blog\/wp-json\/wp\/v2\/media?parent=114209"}],"wp:term":[{"taxonomy":"category","embeddable":true,"href":"https:\/\/www.aarquiteta.com.br\/blog\/wp-json\/wp\/v2\/categories?post=114209"},{"taxonomy":"post_tag","embeddable":true,"href":"https:\/\/www.aarquiteta.com.br\/blog\/wp-json\/wp\/v2\/tags?post=114209"}],"curies":[{"name":"wp","href":"https:\/\/api.w.org\/{rel}","templated":true}]}}