{"id":114103,"date":"2024-06-01T12:50:36","date_gmt":"2024-06-01T15:50:36","guid":{"rendered":"https:\/\/www.aarquiteta.com.br\/blog\/7-solucoes-funcionais-e-criativas-para-usar-aparadores-e-buffets\/"},"modified":"2024-07-03T16:03:40","modified_gmt":"2024-07-03T19:03:40","slug":"7-solucoes-funcionais-e-criativas-para-usar-aparadores-e-buffets","status":"publish","type":"post","link":"https:\/\/www.aarquiteta.com.br\/blog\/7-solucoes-funcionais-e-criativas-para-usar-aparadores-e-buffets\/","title":{"rendered":"7 Solu\u00e7\u00f5es Funcionais e Criativas para Usar Aparadores e Buffets em Espa\u00e7os Compactos."},"content":{"rendered":"<p>Descubra sete inspira\u00e7\u00f5es criativas para utilizar aparadores e buffets na decora\u00e7\u00e3o da sua casa em 2024. Explore diferentes estilos e aplica\u00e7\u00f5es desses m\u00f3veis vers\u00e1teis em ambientes distintos, desde a sala de estar at\u00e9 corredores e halls de entrada.<\/p>\n<p><b>Principais destaques:<\/b><\/p>\n<ul>\n<li>Aparadores da mesma cor da parede para um visual integrado e harm\u00f4nico.<\/li>\n<li>Solu\u00e7\u00f5es funcionais, como aparadores bar e cantinhos do caf\u00e9.<\/li>\n<li>Ideias para valorizar espa\u00e7os despercebidos, como embaixo de escadas e corredores.<\/li>\n<\/ul>\n<h3>Aparador da Mesma Cor da Parede<\/h3>\n<p>Come\u00e7amos nossa jornada com uma solu\u00e7\u00e3o elegante e minimalista: <b>um aparador na mesma cor da parede<\/b>. Essa t\u00e9cnica cria uma sensa\u00e7\u00e3o de continuidade visual, integrando perfeitamente o m\u00f3vel ao ambiente. Imagine uma parede azul vibrante com um aparador da mesma tonalidade. Adicione detalhes complementares, como um quadro bicolor e uma lumin\u00e1ria combinando, para um impacto ainda maior.<\/p>\n<p>Essa abordagem \u00e9 perfeita para <a href=\"https:\/\/www.cursosdearquitetura.com.br\/imoveis\/apartamentos\/decoracao-apartamento-pequeno\/\" target=\"_blank\" rel=\"noopener noreferrer\">apartamentos compactos<\/a>, onde a sensa\u00e7\u00e3o de amplitude \u00e9 fundamental. Al\u00e9m disso, cria um visual sofisticado e harm\u00f4nico, digno de uma revista de decora\u00e7\u00e3o.<\/p>\n<h3>Aparador Verde Integrado \u00e0 Decora\u00e7\u00e3o<\/h3>\n<figure style=\"width: 1024px\" class=\"wp-caption aligncenter\"><img decoding=\"async\" src=\"https:\/\/www.aarquiteta.com.br\/blog\/wp-content\/uploads\/2024\/06\/7-solucoes-funcionais-e-criativas-para-usar-aparadores-e-buffets01.jpg\" alt=\"7 Solu\u00e7\u00f5es Funcionais e Criativas para Usar Aparadores e Buffets em Espa\u00e7os Compactos.\" width=\"1024\" height=\"1024\" title=\"\"><figcaption class=\"wp-caption-text\">7 Solu\u00e7\u00f5es Funcionais e Criativas para Usar Aparadores e Buffets em Espa\u00e7os Compactos.<\/figcaption><\/figure>\n<p>Se voc\u00ea \u00e9 adepto do estilo natural e acolhedor, essa inspira\u00e7\u00e3o \u00e9 para voc\u00ea. Imagine uma parede verde musgo, complementada por um aparador na mesma tonalidade. <b>O truque est\u00e1 em adicionar detalhes dourados<\/b>, como molduras e p\u00e9s do m\u00f3vel, criando um contraste sutil e elegante.<\/p>\n<p>Essa solu\u00e7\u00e3o \u00e9 perfeita para <a href=\"https:\/\/www.cursosdearquitetura.com.br\/imoveis\/casas\/\" target=\"_blank\" rel=\"noopener noreferrer\">casas amplas<\/a>, onde o verde traz uma sensa\u00e7\u00e3o de frescor e tranquilidade. Voc\u00ea pode at\u00e9 complementar com vasos e objetos decorativos na mesma paleta, criando um ambiente aconchegante e cheio de personalidade.<\/p>\n<h3>Aparador como Apoio de Sof\u00e1<\/h3>\n<p>Esque\u00e7a a ideia tradicional de sempre posicionar o sof\u00e1 encostado na parede. <b>Um aparador atr\u00e1s do sof\u00e1<\/b> \u00e9 uma solu\u00e7\u00e3o criativa e funcional, especialmente em salas de estar amplas. Al\u00e9m de trazer um toque decorativo, ele esconde as costas do m\u00f3vel, criando uma sensa\u00e7\u00e3o de ordem e limpeza visual.<\/p>\n<p>Para harmonizar esse look, <a href=\"https:\/\/www.cursosdearquitetura.com.br\/interiores\/salas-de-estar\/\" target=\"_blank\" rel=\"noopener noreferrer\">escolha aparadores e racks na mesma tonalidade de madeira<\/a>. Adicione alguns adornos e plantas para trazer vida e aconchego ao ambiente.<\/p>\n<h3>Aparador\/Buffet Bar<\/h3>\n<figure style=\"width: 1024px\" class=\"wp-caption aligncenter\"><img decoding=\"async\" src=\"https:\/\/www.aarquiteta.com.br\/blog\/wp-content\/uploads\/2024\/06\/7-solucoes-funcionais-e-criativas-para-usar-aparadores-e-buffets03.jpg\" alt=\"7 Solu\u00e7\u00f5es Funcionais e Criativas para Usar Aparadores e Buffets em Espa\u00e7os Compactos.\" width=\"1024\" height=\"1024\" title=\"\"><figcaption class=\"wp-caption-text\">7 Solu\u00e7\u00f5es Funcionais e Criativas para Usar Aparadores e Buffets em Espa\u00e7os Compactos.<\/figcaption><\/figure>\n<p>Quem n\u00e3o adora receber amigos em casa com um drinque especial? <b>Transforme seu aparador em um bar compacto e estiloso<\/b>, perfeito para momentos de descontra\u00e7\u00e3o. Basta adicionar bandejas com garrafas, ta\u00e7as e copos. Voc\u00ea pode at\u00e9 investir em um carrinho bar com rodinhas, facilitando o servi\u00e7o aos convidados.<\/p>\n<p>Para um toque ainda mais sofisticado, <a href=\"https:\/\/www.cursosdearquitetura.com.br\/interiores\/areas-de-lazer\/\" target=\"_blank\" rel=\"noopener noreferrer\">decore o aparador com revestimentos geom\u00e9tricos e plantas<\/a>. Um ambiente acolhedor e cheio de estilo para receber seus amigos com muito charme.<\/p>\n<h3>Aparador Embaixo da Escada<\/h3>\n<p>Aquele cantinho embaixo da escada que sempre fica vazio? Transforme-o em um espa\u00e7o funcional e decorativo com um aparador! Dependendo do tamanho do espa\u00e7o, voc\u00ea pode <b>criar um mini bar ou at\u00e9 mesmo um cantinho para trabalho ou leitura<\/b>.<\/p>\n<p>Uma dica criativa \u00e9 instalar uma adega ou cervejeira embaixo da escada, aproveitando o aparador como bancada. Adicione algumas banquetas e voc\u00ea ter\u00e1 um ref\u00fagio perfeito para desfrutar de uma boa bebida ap\u00f3s um longo dia.<\/p>\n<h3>Aparador para Cantinho do Caf\u00e9<\/h3>\n<figure style=\"width: 1024px\" class=\"wp-caption aligncenter\"><img decoding=\"async\" src=\"https:\/\/www.aarquiteta.com.br\/blog\/wp-content\/uploads\/2024\/06\/7-solucoes-funcionais-e-criativas-para-usar-aparadores-e-buffets04.jpg\" alt=\"7 Solu\u00e7\u00f5es Funcionais e Criativas para Usar Aparadores e Buffets em Espa\u00e7os Compactos.\" width=\"1024\" height=\"1024\" title=\"\"><figcaption class=\"wp-caption-text\">7 Solu\u00e7\u00f5es Funcionais e Criativas para Usar Aparadores e Buffets em Espa\u00e7os Compactos.<\/figcaption><\/figure>\n<p>Nada melhor do que come\u00e7ar o dia com <b>um delicioso caf\u00e9 em um cantinho aconchegante da sua casa<\/b>. Um aparador ou buffet compacto \u00e9 o m\u00f3vel ideal para criar esse espa\u00e7o especial. Coloque a cafeteira, x\u00edcaras, pires e tudo o que voc\u00ea precisa para preparar sua bebida favorita.<\/p>\n<p>Para um visual ainda mais charmoso, <a href=\"https:\/\/www.cursosdearquitetura.com.br\/interiores\/cozinhas\/\" target=\"_blank\" rel=\"noopener noreferrer\">combine cores vibrantes, como o azul Tiffany, com detalhes em madeira<\/a>. Adicione um vaso de plantas e um quadro tem\u00e1tico para completar o ambiente acolhedor.<\/p>\n<h3>Aparador em Corredores<\/h3>\n<p>Corredores estreitos sempre s\u00e3o um desafio na hora de decorar. Mas <b>um aparador fino pode ser a solu\u00e7\u00e3o perfeita<\/b> para valorizar esse espa\u00e7o. Al\u00e9m de trazer um toque de cor e estilo, ele pode abrigar objetos decorativos, espelhos e at\u00e9 mesmo uma lumin\u00e1ria.<\/p>\n<p>A chave \u00e9 escolher um aparador proporcional ao tamanho do corredor, garantindo circula\u00e7\u00e3o confort\u00e1vel. <a href=\"https:\/\/www.cursosdearquitetura.com.br\/interiores\/corredores\/\" target=\"_blank\" rel=\"noopener noreferrer\">Combine com um tapete listrado<\/a> para criar uma sensa\u00e7\u00e3o de amplitude e dinamismo.<\/p>\n<h3>Aparador no Hall de Entrada<\/h3>\n<h3><b>veja mais informa\u00e7\u00f5es sobre o tema do artigo no v\u00eddeo abaixo!<\/b><\/h3>\n<p>Caso seja necess\u00e1rio, ative as legendas em Portugu\u00eas Brasil, nas configura\u00e7\u00f5es do v\u00eddeo e aproveite!<\/p>\n<p><div class=\"youtube-embed\" data-video_id=\"UZ7u6khIRP8\"><iframe title=\"7 Inspira\u00e7\u00f5es de como usar o APARADOR \/ BUFFET na sua Casa\" width=\"696\" height=\"392\" src=\"https:\/\/www.youtube.com\/embed\/UZ7u6khIRP8?feature=oembed&#038;enablejsapi=1\" frameborder=\"0\" allow=\"accelerometer; autoplay; clipboard-write; encrypted-media; gyroscope; picture-in-picture; web-share\" referrerpolicy=\"strict-origin-when-cross-origin\" allowfullscreen><\/iframe><\/div>\n<\/p>\n<p>Espero que tenha encontrado o v\u00eddeo informativo e enriquecedor. <\/p>\n<p>Se gostou do conte\u00fado, n\u00e3o deixe de deslizar para baixo e explorar mais dicas e insights valiosos como este. <\/p>\n<p>Estamos sempre aqui para oferecer informa\u00e7\u00f5es \u00fateis e inspiradoras para voc\u00ea!<\/p>\n<p>O hall de entrada \u00e9 o cart\u00e3o de visitas da sua casa. <b>Um aparador compacto e bem decorado<\/b> pode ser a primeira impress\u00e3o que seus convidados ter\u00e3o do seu estilo. Opte por um m\u00f3vel minimalista, com um espelho e uma lumin\u00e1ria para criar um ambiente acolhedor.<\/p>\n<p>Se o espa\u00e7o for realmente apertado, <a href=\"https:\/\/www.cursosdearquitetura.com.br\/imoveis\/entradas\/\" target=\"_blank\" rel=\"noopener noreferrer\">use uma parede revestida em 3D como pano de fundo para o aparador<\/a>. Adicione um vaso de costela-de-ad\u00e3o e uma escultura decorativa para completar o visual sofisticado.<\/p>\n<h3>Conclus\u00e3o<\/h3>\n<p>Como voc\u00ea pode ver, os aparadores e buffets s\u00e3o m\u00f3veis incrivelmente vers\u00e1teis que podem trazer estilo, funcionalidade e organiza\u00e7\u00e3o para diversos ambientes da sua casa. Seja integrando-os harmoniosamente \u00e0 decora\u00e7\u00e3o, criando espa\u00e7os funcionais ou valorizando cantos despercebidos, essas sete inspira\u00e7\u00f5es provam que <b>um simples aparador pode fazer toda a diferen\u00e7a<\/b> na atmosfera do seu lar. Ent\u00e3o, por que n\u00e3o colocar essas ideias em pr\u00e1tica e dar um toque criativo \u00e0 sua decora\u00e7\u00e3o?<\/p>\n<figure style=\"width: 1024px\" class=\"wp-caption aligncenter\"><img decoding=\"async\" src=\"https:\/\/www.aarquiteta.com.br\/blog\/wp-content\/uploads\/2024\/06\/7-solucoes-funcionais-e-criativas-para-usar-aparadores-e-buffets02.jpg\" alt=\"7 Solu\u00e7\u00f5es Funcionais e Criativas para Usar Aparadores e Buffets em Espa\u00e7os Compactos.\" width=\"1024\" height=\"1024\" title=\"\"><figcaption class=\"wp-caption-text\">7 Solu\u00e7\u00f5es Funcionais e Criativas para Usar Aparadores e Buffets em Espa\u00e7os Compactos.<\/figcaption><\/figure>\n","protected":false},"excerpt":{"rendered":"<p>7 Solu\u00e7\u00f5es Funcionais e Criativas para Usar Aparadores e Buffets em Espa\u00e7os Compactos.<\/p>\n","protected":false},"author":102,"featured_media":114099,"comment_status":"closed","ping_status":"closed","sticky":false,"template":"","format":"standard","meta":{"footnotes":""},"categories":[35414,35384,249],"tags":[],"class_list":["post-114103","post","type-post","status-publish","format-standard","has-post-thumbnail","category-acessorios-para-decoracao","category-armarios-e-aparadores","category-engenharia-e-construcao-civil"],"_wp_attached_file":null,"_wp_attachment_metadata":null,"_wp_attachment_context":null,"_wp_attachment_is_custom_header":null,"geo_longitude":null,"geo_public":null,"geo_latitude":null,"_publicize_done_external":null,"_wpas_done_3897181":null,"publicize_twitter_user":null,"_wpas_done_3897175":null,"_wpas_skip_3897181":null,"_wpas_skip_3897175":null,"_wpas_skip_3924723":null,"_wpas_mess":null,"_wpas_done_3924723":null,"wps_subtitle":"","_links":{"self":[{"href":"https:\/\/www.aarquiteta.com.br\/blog\/wp-json\/wp\/v2\/posts\/114103","targetHints":{"allow":["GET"]}}],"collection":[{"href":"https:\/\/www.aarquiteta.com.br\/blog\/wp-json\/wp\/v2\/posts"}],"about":[{"href":"https:\/\/www.aarquiteta.com.br\/blog\/wp-json\/wp\/v2\/types\/post"}],"author":[{"embeddable":true,"href":"https:\/\/www.aarquiteta.com.br\/blog\/wp-json\/wp\/v2\/users\/102"}],"replies":[{"embeddable":true,"href":"https:\/\/www.aarquiteta.com.br\/blog\/wp-json\/wp\/v2\/comments?post=114103"}],"version-history":[{"count":0,"href":"https:\/\/www.aarquiteta.com.br\/blog\/wp-json\/wp\/v2\/posts\/114103\/revisions"}],"wp:featuredmedia":[{"embeddable":true,"href":"https:\/\/www.aarquiteta.com.br\/blog\/wp-json\/wp\/v2\/media\/114099"}],"wp:attachment":[{"href":"https:\/\/www.aarquiteta.com.br\/blog\/wp-json\/wp\/v2\/media?parent=114103"}],"wp:term":[{"taxonomy":"category","embeddable":true,"href":"https:\/\/www.aarquiteta.com.br\/blog\/wp-json\/wp\/v2\/categories?post=114103"},{"taxonomy":"post_tag","embeddable":true,"href":"https:\/\/www.aarquiteta.com.br\/blog\/wp-json\/wp\/v2\/tags?post=114103"}],"curies":[{"name":"wp","href":"https:\/\/api.w.org\/{rel}","templated":true}]}}