{"id":114039,"date":"2024-05-30T21:57:31","date_gmt":"2024-05-31T00:57:31","guid":{"rendered":"https:\/\/www.aarquiteta.com.br\/blog\/5-ideias-de-decoracao-para-banheiros-pequenos\/"},"modified":"2024-06-15T13:12:14","modified_gmt":"2024-06-15T16:12:14","slug":"5-ideias-de-decoracao-para-banheiros-pequenos","status":"publish","type":"post","link":"https:\/\/www.aarquiteta.com.br\/blog\/5-ideias-de-decoracao-para-banheiros-pequenos\/","title":{"rendered":"5 Ideias de Decora\u00e7\u00e3o para Banheiros Pequenos"},"content":{"rendered":"<p>Ter um banheiro pequeno n\u00e3o significa abrir m\u00e3o de estilo e funcionalidade. Com algumas ideias criativas e aten\u00e7\u00e3o aos detalhes, \u00e9 poss\u00edvel transformar esse espa\u00e7o em um <b>ambiente acolhedor e charmoso<\/b>.<\/p>\n<h3>Key Takeaways<\/h3>\n<figure style=\"width: 1024px\" class=\"wp-caption aligncenter\"><img decoding=\"async\" src=\"https:\/\/www.aarquiteta.com.br\/blog\/wp-content\/uploads\/2024\/05\/5-Ideias-de-Decoracao-para-Banheiros-Pequenos04.jpg\" alt=\"5 Ideias de Decora\u00e7\u00e3o para Banheiros Pequenos\" width=\"1024\" height=\"1024\" title=\"\"><figcaption class=\"wp-caption-text\">5 Ideias de Decora\u00e7\u00e3o para Banheiros Pequenos<\/figcaption><\/figure>\n<ul>\n<li><b>Cores claras e espelhos estrategicamente posicionados criam a ilus\u00e3o de espa\u00e7os maiores e mais iluminados<\/b>.<\/li>\n<li><b>Prateleiras e nichos s\u00e3o solu\u00e7\u00f5es inteligentes para o armazenamento organizado em banheiros compactos<\/b>.<\/li>\n<li><b>M\u00f3veis planejados e ilumina\u00e7\u00e3o adequada otimizam o aproveitamento do espa\u00e7o e trazem comodidade ao ambiente<\/b>.<\/li>\n<\/ul>\n<h2>1. Cores claras e espelhos<\/h2>\n<p>A primeira dica para <b>ampliar visualmente o espa\u00e7o<\/b> \u00e9 apostar em cores claras para as paredes e pisos. Tons neutros como branco, bege e cinza criam a sensa\u00e7\u00e3o de amplitude e luminosidade. Para <b>real\u00e7ar esse efeito<\/b>, utilize espelhos estrategicamente posicionados, que n\u00e3o apenas refletem a luz, mas tamb\u00e9m duplicam visualmente os ambientes, fazendo-os parecer maiores.<\/p>\n<p>Voc\u00ea pode ir al\u00e9m e optar por <b>revestimentos com acabamentos brilhantes ou metalizados<\/b>, que tamb\u00e9m contribuem para a sensa\u00e7\u00e3o de espa\u00e7o ampliado. Ah, e n\u00e3o se esque\u00e7a de manter as superf\u00edcies bem iluminadas \u2013 a luz natural \u00e9 sua melhor aliada nessa empreitada!<\/p>\n<h3>Exemplo pr\u00e1tico<\/h3>\n<figure style=\"width: 1024px\" class=\"wp-caption aligncenter\"><img decoding=\"async\" src=\"https:\/\/www.aarquiteta.com.br\/blog\/wp-content\/uploads\/2024\/05\/5-Ideias-de-Decoracao-para-Banheiros-Pequenos03.jpg\" alt=\"5 Ideias de Decora\u00e7\u00e3o para Banheiros Pequenos\" width=\"1024\" height=\"1024\" title=\"\"><figcaption class=\"wp-caption-text\">5 Ideias de Decora\u00e7\u00e3o para Banheiros Pequenos<\/figcaption><\/figure>\n<p>Imagine um banheiro com <b>paredes revestidas em cer\u00e2mica branca brilhante e um piso de porcelanato cinza claro<\/b>. Agora, acrescente um <b>espelho grande ocupando toda a parede acima da pia<\/b>. O resultado? Um ambiente que parece muito mais espa\u00e7oso e arejado, gra\u00e7as ao jogo de cores claras e reflexos!<\/p>\n<h2>2. Prateleiras e nichos<\/h2>\n<p>Em banheiros pequenos, <b>o desafio \u00e9 armazenar todos os itens necess\u00e1rios sem causar uma sensa\u00e7\u00e3o de desordem<\/b>. Aqui, a solu\u00e7\u00e3o s\u00e3o as prateleiras e nichos bem planejados. Eles podem ser embutidos nas paredes, aproveitando espa\u00e7os ociosos, ou instalados de forma criativa, como prateleiras suspensas ou suportes de cantoneira.<\/p>\n<p>Al\u00e9m de <b>organizarem os produtos de higiene pessoal e decora\u00e7\u00e3o<\/b>, as prateleiras tamb\u00e9m podem ser utilizadas para exibir itens bonitos, como plantas, velas perfumadas ou at\u00e9 mesmo pequenas obras de arte. Brinque com diferentes tamanhos, alturas e materiais para criar um visual harmonioso e personalizado.<\/p>\n<h3>Dica profissional<\/h3>\n<style id=\"wp_carousel_dynamic_css104047\">.sp-wp-carousel-free-id-104047.wpcf-fancybox-wrapper .fancybox-bg{background: #0b0b0b;opacity: 0.8;}.sp-wp-carousel-free-id-104047.wpcf-fancybox-wrapper .fancybox-navigation .fancybox-button .wpcp-fancybox-nav-arrow i {color: #ccc;}.sp-wp-carousel-free-id-104047.wpcf-fancybox-wrapper .fancybox-navigation .fancybox-button .wpcp-fancybox-nav-arrow i:hover {color: #fff;}.sp-wp-carousel-free-id-104047.wpcf-fancybox-wrapper .fancybox-navigation .fancybox-button {background: #1e1e1e;}.sp-wp-carousel-free-id-104047.wpcf-fancybox-wrapper .fancybox-navigation .fancybox-button:hover {background: #1e1e1e;}#sp-wp-carousel-free-id-104047 .wpcp-swiper-dots {margin: 40px 0px 0px 0px;}.wpcp-wrapper-104047 .swiper-wrapper .swiper-slide-kenburn, .wpcp-wrapper-104047 .swiper-wrapper, .wpcp-wrapper-104047 .wpcpro-row{align-items: center;}#sp-wp-carousel-free-id-104047 .wpcp-single-item {box-shadow: 0px 0px 0px 0px #dddddd;transition: all .3s;margin: 0px;}#sp-wp-carousel-free-id-104047.swiper-flip .wpcp-single-item{margin: 0!important;}#sp-wp-carousel-free-id-104047 .wpcp-single-item:hover {box-shadow: 0px 0px 0px 0px #dddddd;}#sp-wp-carousel-free-id-104047.sp-wpcp-104047 .wpcp-single-item {border: 1px solid #dddddd;}#sp-wp-carousel-free-id-104047.sp-wpcp-104047 .swiper-button-prev,#sp-wp-carousel-free-id-104047.sp-wpcp-104047 .swiper-button-next,#sp-wp-carousel-free-id-104047.sp-wpcp-104047 .swiper-button-prev:hover,#sp-wp-carousel-free-id-104047.sp-wpcp-104047 .swiper-button-next:hover {background: none;border: none;font-size: 30px;}#sp-wp-carousel-free-id-104047.sp-wpcp-104047 .swiper-button-prev i,#sp-wp-carousel-free-id-104047.sp-wpcp-104047 .swiper-button-next i {color: #aaa;}#sp-wp-carousel-free-id-104047.sp-wpcp-104047 .swiper-button-prev i:hover,#sp-wp-carousel-free-id-104047.sp-wpcp-104047 .swiper-button-next i:hover {color: #178087;}#sp-wp-carousel-free-id-104047.sp-wpcp-104047 .wpcp-swiper-dots .swiper-pagination-bullet {background-color: #cccccc;}#sp-wp-carousel-free-id-104047.sp-wpcp-104047 .wpcp-swiper-dots .swiper-pagination-bullet.swiper-pagination-bullet-active {background-color: #178087;} #sp-wp-carousel-free-id-104047.sp-wpcp-104047.wpcp-image-carousel .wpcp-single-item:hover img, #sp-wp-carousel-free-id-104047.sp-wpcp-104047.wpcp-post-carousel .wpcp-single-item:hover img, #sp-wp-carousel-free-id-104047.sp-wpcp-104047.wpcp-product-carousel .wpcp-single-item:hover img{-webkit-transform: scale(1.2);-moz-transform: scale(1.2);transform: scale(1.2);}#sp-wp-carousel-free-id-104047 .wpcpro-row>[class*=\"wpcpro-col-\"] { padding: 0 10px; padding-bottom: 20px;} #sp-wp-carousel-free-id-104047 .swiper-slide .single-item-fade:not(:last-child) { margin-right: 20px;}@media (min-width: 480px) { .wpcpro-row .wpcpro-col-sm-1 { flex: 0 0 100%; max-width: 100%; } .wpcpro-row .wpcpro-col-sm-2 { flex: 0 0 50%; max-width: 50%; } .wpcpro-row .wpcpro-col-sm-2-5 { flex: 0 0 75%; max-width: 75%; } .wpcpro-row .wpcpro-col-sm-3 { flex: 0 0 33.333%; max-width: 33.333%; } .wpcpro-row .wpcpro-col-sm-4 { flex: 0 0 25%; max-width: 25%; } .wpcpro-row .wpcpro-col-sm-5 { flex: 0 0 20%; max-width: 20%; } .wpcpro-row .wpcpro-col-sm-6 { flex: 0 0 16.66666666666667%; max-width: 16.66666666666667%; } .wpcpro-row .wpcpro-col-sm-7 { flex: 0 0 14.28571428%; max-width: 14.28571428%; } .wpcpro-row .wpcpro-col-sm-8 { flex: 0 0 12.5%; max-width: 12.5%; } } @media (max-width: 480px) { .wpcpro-row .wpcpro-col-xs-1 { flex: 0 0 100%; max-width: 100%; } .wpcpro-row .wpcpro-col-xs-2 { flex: 0 0 50%; max-width: 50%; } .wpcpro-row .wpcpro-col-xs-3 { flex: 0 0 33.222%; max-width: 33.222%; } .wpcpro-row .wpcpro-col-xs-4 { flex: 0 0 25%; max-width: 25%; } .wpcpro-row .wpcpro-col-xs-5 { flex: 0 0 20%; max-width: 20%; } .wpcpro-row .wpcpro-col-xs-6 { flex: 0 0 16.6667%; max-width: 16.6667%; } .wpcpro-row .wpcpro-col-xs-7 { flex: 0 0 14.28571428%; max-width: 14.28571428%; } .wpcpro-row .wpcpro-col-xs-8 { flex: 0 0 12.5%; max-width: 12.5%; } } @media (min-width: 736px) { .wpcpro-row .wpcpro-col-md-1 { flex: 0 0 100%; max-width: 100%; } .wpcpro-row .wpcpro-col-md-2 { flex: 0 0 50%; max-width: 50%; } .wpcpro-row .wpcpro-col-md-2-5 { flex: 0 0 75%; max-width: 75%; } .wpcpro-row .wpcpro-col-md-3 { flex: 0 0 33.333%; max-width: 33.333%; } .wpcpro-row .wpcpro-col-md-4 { flex: 0 0 25%; max-width: 25%; } .wpcpro-row .wpcpro-col-md-5 { flex: 0 0 20%; max-width: 20%; } .wpcpro-row .wpcpro-col-md-6 { flex: 0 0 16.66666666666667%; max-width: 16.66666666666667%; } .wpcpro-row .wpcpro-col-md-7 { flex: 0 0 14.28571428%; max-width: 14.28571428%; } .wpcpro-row .wpcpro-col-md-8 { flex: 0 0 12.5%; max-width: 12.5%; } } @media (min-width: 980px) { .wpcpro-row .wpcpro-col-lg-1 { flex: 0 0 100%; max-width: 100%; } .wpcpro-row .wpcpro-col-lg-2 { flex: 0 0 50%; max-width: 50%; } .wpcpro-row .wpcpro-col-lg-3 { flex: 0 0 33.222%; max-width: 33.222%; } .wpcpro-row .wpcpro-col-lg-4 { flex: 0 0 25%; max-width: 25%; } .wpcpro-row .wpcpro-col-lg-5 { flex: 0 0 20%; max-width: 20%; } .wpcpro-row .wpcpro-col-lg-6 { flex: 0 0 16.6667%; max-width: 16.6667%; } .wpcpro-row .wpcpro-col-lg-7 { flex: 0 0 14.28571428%; max-width: 14.28571428%; } .wpcpro-row .wpcpro-col-lg-8 { flex: 0 0 12.5%; max-width: 12.5%; } } @media (min-width: 1200px) { .wpcpro-row .wpcpro-col-xl-1 { flex: 0 0 100%; max-width: 100%; } .wpcpro-row .wpcpro-col-xl-2 { flex: 0 0 50%; max-width: 50%; } .wpcpro-row .wpcpro-col-xl-3 { flex: 0 0 33.22222222%; max-width: 33.22222222%; } .wpcpro-row .wpcpro-col-xl-4 { flex: 0 0 25%; max-width: 25%; } .wpcpro-row .wpcpro-col-xl-5 { flex: 0 0 20%; max-width: 20%; } .wpcpro-row .wpcpro-col-xl-6 { flex: 0 0 16.66667%; max-width: 16.66667%; } .wpcpro-row .wpcpro-col-xl-7 { flex: 0 0 14.28571428%; max-width: 14.28571428%; } .wpcpro-row .wpcpro-col-xl-8 { flex: 0 0 12.5%; max-width: 12.5%; } }<\/style><div class=\"wpcp-carousel-wrapper wpcp-wrapper-104047\">\n\t<div id=\"wpcp-preloader-104047\" class=\"wpcp-carousel-preloader\"><img decoding=\"async\" src=\"https:\/\/www.aarquiteta.com.br\/blog\/wp-content\/plugins\/wp-carousel-free\/public\/css\/spinner.svg\" alt=\"Preloader Image\" title=\"\"><\/div>\t<div class=\"wpcp-carousel-content-wrapper\">\n\t<div id=\"sp-wp-carousel-free-id-104047\" class=\"wpcp-carousel-section sp-wpcp-104047  nav-vertical-center wpcp-image-carousel wpcp-preloader wpcp-standard\" data-swiper='{ &quot;pagination_type&quot;: &quot;dots&quot;,&quot;accessibility&quot;:true, &quot;spaceBetween&quot;:20, &quot;arrows&quot;:false, &quot;freeMode&quot;: false, &quot;autoplay&quot;:true, &quot;effect&quot;: &quot;&quot;, &quot;centerMode&quot;: false, &quot;autoplaySpeed&quot;:3000, &quot;dots&quot;:true, &quot;infinite&quot;:true, &quot;speed&quot;:600, &quot;pauseOnHover&quot;:true,\n\t\t\t&quot;slidesToShow&quot;:{&quot;lg_desktop&quot;:5, &quot;desktop&quot;: 4, &quot;laptop&quot;: 3, &quot;tablet&quot;: 2, &quot;mobile&quot;: 1}, &quot;responsive&quot;:{&quot;desktop&quot;:1200, &quot;laptop&quot;: 980, &quot;tablet&quot;: 736, &quot;mobile&quot;: 480}, &quot;rtl&quot;:false, &quot;lazyLoad&quot;: &quot;false&quot;, &quot;swipe&quot;: true, &quot;draggable&quot;: true, &quot;swipeToSlide&quot;:false }' dir=\"ltr\">\n\t\t<div class=\"swiper-wrapper\">\n\t\t<div class=\"swiper-slide\">\n\t<div class=\"wpcp-single-item\">\n\t\t\t<a class=\"wcp-light-box\" data-buttons='[\"close\"]' data-wpc_url='https:\/\/www.aarquiteta.com.br\/blog\/wp-content\/uploads\/2023\/12\/transforme-seu-banheiro-em-um-espaco-charmoso01.jpg' href=\"https:\/\/www.aarquiteta.com.br\/blog\/wp-content\/uploads\/2023\/12\/transforme-seu-banheiro-em-um-espaco-charmoso01.jpg\" data-fancybox=\"wpcp_view\">\n\t\t<figure>\n\t\t\t<img decoding=\"async\" class=\"skip-lazy\" src=\"https:\/\/www.aarquiteta.com.br\/blog\/wp-content\/uploads\/2023\/12\/transforme-seu-banheiro-em-um-espaco-charmoso01.jpg\" alt=\"transforme-seu-banheiro-em-um-espaco-charmoso\" width=\"1024\" height=\"1024\" title=\"\">\t\t<\/figure>\n\t<\/a>\n\t\t<\/div>\n<\/div>\n\t<div class=\"swiper-slide\">\n\t<div class=\"wpcp-single-item\">\n\t\t\t<a class=\"wcp-light-box\" data-buttons='[\"close\"]' data-wpc_url='https:\/\/www.aarquiteta.com.br\/blog\/wp-content\/uploads\/2023\/12\/5-ideias-para-ter-um-banheiro-planejado-funcional-e-bonito04.jpg' href=\"https:\/\/www.aarquiteta.com.br\/blog\/wp-content\/uploads\/2023\/12\/5-ideias-para-ter-um-banheiro-planejado-funcional-e-bonito04.jpg\" data-fancybox=\"wpcp_view\">\n\t\t<figure>\n\t\t\t<img decoding=\"async\" class=\"skip-lazy\" src=\"https:\/\/www.aarquiteta.com.br\/blog\/wp-content\/uploads\/2023\/12\/5-ideias-para-ter-um-banheiro-planejado-funcional-e-bonito04.jpg\" alt=\"5 ideias para ter um banheiro planejado funcional e bonito\" width=\"1024\" height=\"1024\" title=\"\">\t\t<\/figure>\n\t<\/a>\n\t\t<\/div>\n<\/div>\n\t<div class=\"swiper-slide\">\n\t<div class=\"wpcp-single-item\">\n\t\t\t<a class=\"wcp-light-box\" data-buttons='[\"close\"]' data-wpc_url='https:\/\/www.aarquiteta.com.br\/blog\/wp-content\/uploads\/2023\/12\/5-ideias-para-ter-um-banheiro-planejado-funcional-e-bonito01.jpg' href=\"https:\/\/www.aarquiteta.com.br\/blog\/wp-content\/uploads\/2023\/12\/5-ideias-para-ter-um-banheiro-planejado-funcional-e-bonito01.jpg\" data-fancybox=\"wpcp_view\">\n\t\t<figure>\n\t\t\t<img decoding=\"async\" class=\"skip-lazy\" src=\"https:\/\/www.aarquiteta.com.br\/blog\/wp-content\/uploads\/2023\/12\/5-ideias-para-ter-um-banheiro-planejado-funcional-e-bonito01.jpg\" alt=\"5 ideias para ter um banheiro planejado funcional e bonito\" width=\"1024\" height=\"1024\" title=\"\">\t\t<\/figure>\n\t<\/a>\n\t\t<\/div>\n<\/div>\n\t<div class=\"swiper-slide\">\n\t<div class=\"wpcp-single-item\">\n\t\t\t<a class=\"wcp-light-box\" data-buttons='[\"close\"]' data-wpc_url='https:\/\/www.aarquiteta.com.br\/blog\/wp-content\/uploads\/2023\/11\/piso-para-banheiro04.jpg' href=\"https:\/\/www.aarquiteta.com.br\/blog\/wp-content\/uploads\/2023\/11\/piso-para-banheiro04.jpg\" data-fancybox=\"wpcp_view\">\n\t\t<figure>\n\t\t\t<img decoding=\"async\" class=\"skip-lazy\" src=\"https:\/\/www.aarquiteta.com.br\/blog\/wp-content\/uploads\/2023\/11\/piso-para-banheiro04.jpg\" alt=\"piso para banheiro\" width=\"1024\" height=\"1024\" title=\"\">\t\t<\/figure>\n\t<\/a>\n\t\t<\/div>\n<\/div>\n\t<div class=\"swiper-slide\">\n\t<div class=\"wpcp-single-item\">\n\t\t\t<a class=\"wcp-light-box\" data-buttons='[\"close\"]' data-wpc_url='https:\/\/www.aarquiteta.com.br\/blog\/wp-content\/uploads\/2023\/11\/plantas-para-banheiro03.jpg' href=\"https:\/\/www.aarquiteta.com.br\/blog\/wp-content\/uploads\/2023\/11\/plantas-para-banheiro03.jpg\" data-fancybox=\"wpcp_view\">\n\t\t<figure>\n\t\t\t<img decoding=\"async\" class=\"skip-lazy\" src=\"https:\/\/www.aarquiteta.com.br\/blog\/wp-content\/uploads\/2023\/11\/plantas-para-banheiro03.jpg\" alt=\"plantas para banheiro\" width=\"1024\" height=\"1024\" title=\"\">\t\t<\/figure>\n\t<\/a>\n\t\t<\/div>\n<\/div>\n\t<div class=\"swiper-slide\">\n\t<div class=\"wpcp-single-item\">\n\t\t\t<a class=\"wcp-light-box\" data-buttons='[\"close\"]' data-wpc_url='https:\/\/www.aarquiteta.com.br\/blog\/wp-content\/uploads\/2023\/10\/Banheiro-compacto-solucoes-inovadoras-para-otimizar-seu-espaco03.jpg' href=\"https:\/\/www.aarquiteta.com.br\/blog\/wp-content\/uploads\/2023\/10\/Banheiro-compacto-solucoes-inovadoras-para-otimizar-seu-espaco03.jpg\" data-fancybox=\"wpcp_view\">\n\t\t<figure>\n\t\t\t<img decoding=\"async\" class=\"skip-lazy\" src=\"https:\/\/www.aarquiteta.com.br\/blog\/wp-content\/uploads\/2023\/10\/Banheiro-compacto-solucoes-inovadoras-para-otimizar-seu-espaco03.jpg\" alt=\"Banheiro compacto: solu\u00e7\u00f5es inovadoras para otimizar seu espa\u00e7o\" width=\"1024\" height=\"1024\" title=\"\">\t\t<\/figure>\n\t<\/a>\n\t\t<\/div>\n<\/div>\n\t<div class=\"swiper-slide\">\n\t<div class=\"wpcp-single-item\">\n\t\t\t<a class=\"wcp-light-box\" data-buttons='[\"close\"]' data-wpc_url='https:\/\/www.aarquiteta.com.br\/blog\/wp-content\/uploads\/2023\/10\/Como-Escolher-o-Armario-de-Banheiro-Ideal-para-Espacos-Pequenos01.jpg' href=\"https:\/\/www.aarquiteta.com.br\/blog\/wp-content\/uploads\/2023\/10\/Como-Escolher-o-Armario-de-Banheiro-Ideal-para-Espacos-Pequenos01.jpg\" data-fancybox=\"wpcp_view\">\n\t\t<figure>\n\t\t\t<img decoding=\"async\" class=\"skip-lazy\" src=\"https:\/\/www.aarquiteta.com.br\/blog\/wp-content\/uploads\/2023\/10\/Como-Escolher-o-Armario-de-Banheiro-Ideal-para-Espacos-Pequenos01.jpg\" alt=\"Como Escolher o Arm\u00e1rio de Banheiro Ideal para Espa\u00e7os Pequenos\" width=\"1024\" height=\"1024\" title=\"\">\t\t<\/figure>\n\t<\/a>\n\t\t<\/div>\n<\/div>\n\t<div class=\"swiper-slide\">\n\t<div class=\"wpcp-single-item\">\n\t\t\t<a class=\"wcp-light-box\" data-buttons='[\"close\"]' data-wpc_url='https:\/\/www.aarquiteta.com.br\/blog\/wp-content\/uploads\/2023\/10\/espelho-no-banheiro03.jpg' href=\"https:\/\/www.aarquiteta.com.br\/blog\/wp-content\/uploads\/2023\/10\/espelho-no-banheiro03.jpg\" data-fancybox=\"wpcp_view\">\n\t\t<figure>\n\t\t\t<img decoding=\"async\" class=\"skip-lazy\" src=\"https:\/\/www.aarquiteta.com.br\/blog\/wp-content\/uploads\/2023\/10\/espelho-no-banheiro03.jpg\" alt=\"espelho no banheiro\" width=\"1024\" height=\"1024\" title=\"\">\t\t<\/figure>\n\t<\/a>\n\t\t<\/div>\n<\/div>\n\t<div class=\"swiper-slide\">\n\t<div class=\"wpcp-single-item\">\n\t\t\t<a class=\"wcp-light-box\" data-buttons='[\"close\"]' data-wpc_url='https:\/\/www.aarquiteta.com.br\/blog\/wp-content\/uploads\/2023\/10\/espelho-no-banheiro02.jpg' href=\"https:\/\/www.aarquiteta.com.br\/blog\/wp-content\/uploads\/2023\/10\/espelho-no-banheiro02.jpg\" data-fancybox=\"wpcp_view\">\n\t\t<figure>\n\t\t\t<img decoding=\"async\" class=\"skip-lazy\" src=\"https:\/\/www.aarquiteta.com.br\/blog\/wp-content\/uploads\/2023\/10\/espelho-no-banheiro02.jpg\" alt=\"espelho no banheiro\" width=\"1024\" height=\"1024\" title=\"\">\t\t<\/figure>\n\t<\/a>\n\t\t<\/div>\n<\/div>\n\t<div class=\"swiper-slide\">\n\t<div class=\"wpcp-single-item\">\n\t\t\t<a class=\"wcp-light-box\" data-buttons='[\"close\"]' data-wpc_url='https:\/\/www.aarquiteta.com.br\/blog\/wp-content\/uploads\/2023\/10\/closet-com-banheiro01.jpg' href=\"https:\/\/www.aarquiteta.com.br\/blog\/wp-content\/uploads\/2023\/10\/closet-com-banheiro01.jpg\" data-fancybox=\"wpcp_view\">\n\t\t<figure>\n\t\t\t<img decoding=\"async\" class=\"skip-lazy\" src=\"https:\/\/www.aarquiteta.com.br\/blog\/wp-content\/uploads\/2023\/10\/closet-com-banheiro01.jpg\" alt=\"closet com banheiro\" width=\"1024\" height=\"1024\" title=\"\">\t\t<\/figure>\n\t<\/a>\n\t\t<\/div>\n<\/div>\n\t<div class=\"swiper-slide\">\n\t<div class=\"wpcp-single-item\">\n\t\t\t<a class=\"wcp-light-box\" data-buttons='[\"close\"]' data-wpc_url='https:\/\/www.aarquiteta.com.br\/blog\/wp-content\/uploads\/2023\/10\/ideias-de-decoracao-para-banheiro-02.jpg' href=\"https:\/\/www.aarquiteta.com.br\/blog\/wp-content\/uploads\/2023\/10\/ideias-de-decoracao-para-banheiro-02.jpg\" data-fancybox=\"wpcp_view\">\n\t\t<figure>\n\t\t\t<img decoding=\"async\" class=\"skip-lazy\" src=\"https:\/\/www.aarquiteta.com.br\/blog\/wp-content\/uploads\/2023\/10\/ideias-de-decoracao-para-banheiro-02.jpg\" alt=\"Ideias de Decora\u00e7\u00e3o para Banheiro: Sugest\u00f5es Criativas e Inspiradoras\" width=\"1024\" height=\"1024\" title=\"\">\t\t<\/figure>\n\t<\/a>\n\t\t<\/div>\n<\/div>\n\t<div class=\"swiper-slide\">\n\t<div class=\"wpcp-single-item\">\n\t\t\t<a class=\"wcp-light-box\" data-buttons='[\"close\"]' data-wpc_url='https:\/\/www.aarquiteta.com.br\/blog\/wp-content\/uploads\/2023\/10\/ideias-para-decorar-banheiro-02.jpg' href=\"https:\/\/www.aarquiteta.com.br\/blog\/wp-content\/uploads\/2023\/10\/ideias-para-decorar-banheiro-02.jpg\" data-fancybox=\"wpcp_view\">\n\t\t<figure>\n\t\t\t<img decoding=\"async\" class=\"skip-lazy\" src=\"https:\/\/www.aarquiteta.com.br\/blog\/wp-content\/uploads\/2023\/10\/ideias-para-decorar-banheiro-02.jpg\" alt=\"Ideias para Decorar Banheiro: Instru\u00e7\u00f5es e Sugest\u00f5es para Ambientes Aconchegantes e Modernos\" width=\"1024\" height=\"1024\" title=\"\">\t\t<\/figure>\n\t<\/a>\n\t\t<\/div>\n<\/div>\n\t<div class=\"swiper-slide\">\n\t<div class=\"wpcp-single-item\">\n\t\t\t<a class=\"wcp-light-box\" data-buttons='[\"close\"]' data-wpc_url='https:\/\/www.aarquiteta.com.br\/blog\/wp-content\/uploads\/2023\/09\/ideias-de-decoracao-para-banheiro-1.jpg' href=\"https:\/\/www.aarquiteta.com.br\/blog\/wp-content\/uploads\/2023\/09\/ideias-de-decoracao-para-banheiro-1.jpg\" data-fancybox=\"wpcp_view\">\n\t\t<figure>\n\t\t\t<img decoding=\"async\" class=\"skip-lazy\" src=\"https:\/\/www.aarquiteta.com.br\/blog\/wp-content\/uploads\/2023\/09\/ideias-de-decoracao-para-banheiro-1.jpg\" alt=\"ideias de decoracao para banheiro\" width=\"1024\" height=\"1024\" title=\"\">\t\t<\/figure>\n\t<\/a>\n\t\t<\/div>\n<\/div>\n\t<div class=\"swiper-slide\">\n\t<div class=\"wpcp-single-item\">\n\t\t\t<a class=\"wcp-light-box\" data-buttons='[\"close\"]' data-wpc_url='https:\/\/www.aarquiteta.com.br\/blog\/wp-content\/uploads\/2023\/09\/banheiro-simples-pequeno-e-barato-1.png' href=\"https:\/\/www.aarquiteta.com.br\/blog\/wp-content\/uploads\/2023\/09\/banheiro-simples-pequeno-e-barato-1.png\" data-fancybox=\"wpcp_view\">\n\t\t<figure>\n\t\t\t<img decoding=\"async\" class=\"skip-lazy\" src=\"https:\/\/www.aarquiteta.com.br\/blog\/wp-content\/uploads\/2023\/09\/banheiro-simples-pequeno-e-barato-1.png\" alt=\"Banheiro Pequeno e barato: 5 dicas para Transformar seu Espa\u00e7o sem gastar muito.\" width=\"1024\" height=\"1024\" title=\"\">\t\t<\/figure>\n\t<\/a>\n\t\t<\/div>\n<\/div>\n\t\t\t<\/div>\n\t\t\t\t\t<div class=\"wpcp-swiper-dots swiper-pagination\"><\/div>\n\t\t\t\t<!-- If we need navigation buttons -->\n\t\t\t<\/div>\n\t<\/div>\n<\/div>\n\n<p>Quer <b>dar um toque diferenciado<\/b> \u00e0s suas prateleiras? Aposte em materiais naturais, como madeira ou fibras vegetais. Eles trazem um <b>ar r\u00fastico e aconchegante<\/b> ao ambiente, al\u00e9m de serem excelentes op\u00e7\u00f5es sustent\u00e1veis.<\/p>\n<h2>3. M\u00f3veis planejados<\/h2>\n<p>Quando o espa\u00e7o \u00e9 limitado, <b>\u00e9 fundamental investir em m\u00f3veis planejados<\/b>. Eles s\u00e3o projetados sob medida para aproveitar at\u00e9 o \u00faltimo cantinho, eliminando desperd\u00edcios e oferecendo solu\u00e7\u00f5es inteligentes de armazenamento. Pense em arm\u00e1rios embutidos, gabinetes suspensos e at\u00e9 mesmo uma pia ou bancada compacta.<\/p>\n<p>Ao planejar seus m\u00f3veis, <b>leve em considera\u00e7\u00e3o suas necessidades espec\u00edficas<\/b>. Precisa de muitos compartimentos para produtos de beleza? Ou prefere \u00e1reas abertas para toalhas e roup\u00f5es? Com um bom planejamento, \u00e9 poss\u00edvel atender a todas as suas demandas de forma eficiente e elegante.<\/p>\n<h3>Exemplo real<\/h3>\n<figure style=\"width: 1024px\" class=\"wp-caption aligncenter\"><img decoding=\"async\" src=\"https:\/\/www.aarquiteta.com.br\/blog\/wp-content\/uploads\/2024\/05\/5-Ideias-de-Decoracao-para-Banheiros-Pequenos02.jpg\" alt=\"5 Ideias de Decora\u00e7\u00e3o para Banheiros Pequenos\" width=\"1024\" height=\"1024\" title=\"\"><figcaption class=\"wp-caption-text\">5 Ideias de Decora\u00e7\u00e3o para Banheiros Pequenos<\/figcaption><\/figure>\n<p>Recentemente, projetei um <b>arm\u00e1rio embutido com espelho central para um banheiro de apenas 3m\u00b2<\/b>. Ele abrigava todas as necessidades do cliente, desde produtos de higiene at\u00e9 roup\u00f5es e toalhas, tudo organizado em prateleiras e gavetas internas. O <a href=\"https:\/\/www.cursosdearquitetura.com.br\/como-aproveitar-pequenos-espacos-em-seu-projeto\/\" target=\"_blank\" rel=\"noopener\">resultado foi um ambiente compacto, por\u00e9m extremamente funcional e agrad\u00e1vel<\/a>.<\/p>\n<h2>4. Ilumina\u00e7\u00e3o adequada<\/h2>\n<p>A ilumina\u00e7\u00e3o \u00e9 um <b>elemento crucial em qualquer projeto de decora\u00e7\u00e3o<\/b>, e nos banheiros pequenos n\u00e3o \u00e9 diferente. Aqui, a dica \u00e9 apostar em lumin\u00e1rias de diferentes tipos e intensidades para criar ambientes aconchegantes e bem iluminados.<\/p>\n<p>Comece com uma <b>luz geral difusa<\/b>, proveniente de lumin\u00e1rias embutidas no teto ou arandelas de parede. Em seguida, adicione <b>luzes direcionais<\/b> sobre a pia e o espelho, para facilitar as atividades de higiene pessoal. Por fim, inclua <b>pequenos pontos de luz decorativos<\/b>, como velas perfumadas ou fitas de LED, para criar um toque acolhedor e relaxante.<\/p>\n<h3>Dica criativa<\/h3>\n<figure style=\"width: 1024px\" class=\"wp-caption aligncenter\"><img decoding=\"async\" src=\"https:\/\/www.aarquiteta.com.br\/blog\/wp-content\/uploads\/2024\/05\/5-Ideias-de-Decoracao-para-Banheiros-Pequenos01.jpg\" alt=\"5 Ideias de Decora\u00e7\u00e3o para Banheiros Pequenos\" width=\"1024\" height=\"1024\" title=\"\"><figcaption class=\"wp-caption-text\">5 Ideias de Decora\u00e7\u00e3o para Banheiros Pequenos<\/figcaption><\/figure>\n<p>Quer <b>adicionar um toque l\u00fadico e descontra\u00eddo<\/b> ao seu banheiro? Aposte em <b>lumin\u00e1rias com formatos divertidos ou cores vibrantes<\/b>. Elas trar\u00e3o personalidade e bom humor ao ambiente, al\u00e9m de se tornarem pe\u00e7as decorativas interessantes.<\/p>\n<h2>5. Plantas e elementos naturais<\/h2>\n<p>Por fim, <b>n\u00e3o se esque\u00e7a de trazer um pouco da natureza para dentro do seu banheiro<\/b>. Plantas e elementos naturais, como pedras, madeira ou fibras vegetais, ajudam a criar um ambiente mais acolhedor e relaxante.<\/p>\n<p>As plantas, <b>al\u00e9m de embelezarem o espa\u00e7o<\/b>, tamb\u00e9m purificam o ar e trazem benef\u00edcios para a sa\u00fade mental. Escolha esp\u00e9cies resistentes \u00e0 umidade, como samambaias, orqu\u00eddeas ou at\u00e9 mesmo algumas ervas arom\u00e1ticas.<\/p>\n<p>J\u00e1 os elementos naturais podem ser incorporados em diferentes itens, como <b>cestos de vime para organizar toalhas<\/b>, banquinhos de madeira r\u00fastica ou at\u00e9 mesmo um chuveiro com revestimento de pedras naturais. Permita que sua criatividade flua e traga um toque org\u00e2nico e aconchegante ao seu cantinho de bem-estar.<\/p>\n<h3>Analogia divertida<\/h3>\n<h3>Assista agora a minha recomenda\u00e7\u00e3o de video abaixo sobre o tema que estamos tratando neste artigo: <\/h3>\n<p><div class=\"youtube-embed\" data-video_id=\"TGum_uSS8Fk\"><iframe title=\"BANHEIRO PEQUENO - 9 DICAS PARA DECORAR DE FOMA SIMPLES E F\u00c1CIL\" width=\"696\" height=\"392\" src=\"https:\/\/www.youtube.com\/embed\/TGum_uSS8Fk?feature=oembed&#038;enablejsapi=1\" frameborder=\"0\" allow=\"accelerometer; autoplay; clipboard-write; encrypted-media; gyroscope; picture-in-picture; web-share\" referrerpolicy=\"strict-origin-when-cross-origin\" allowfullscreen><\/iframe><\/div>\n<\/p>\n<p>Sabe quando voc\u00ea est\u00e1 em meio \u00e0 selva urbana e, de repente, se depara com <b>um pequeno o\u00e1sis de paz<\/b>? \u00c9 exatamente essa sensa\u00e7\u00e3o que queremos criar no seu banheiro: <b>um ref\u00fagio acolhedor<\/b> em meio ao caos da vida moderna, onde voc\u00ea pode se reconectar com a natureza e renovar suas energias.<\/p>\n<h2>Conclus\u00e3o<\/h2>\n<p>Transformar um banheiro pequeno em um <b>espa\u00e7o encantador e funcional<\/b> \u00e9 poss\u00edvel com algumas ideias criativas e aten\u00e7\u00e3o aos detalhes. Cores claras, espelhos estrat\u00e9gicos, prateleiras inteligentes, m\u00f3veis planejados, ilumina\u00e7\u00e3o acolhedora e toques naturais s\u00e3o as chaves para <b>criar um ambiente aconchegante e harmonioso<\/b>, mesmo em \u00e1reas compactas.<\/p>\n<p>Lembre-se: <b>a decora\u00e7\u00e3o \u00e9 uma forma de express\u00e3o pessoal<\/b>. Ent\u00e3o, n\u00e3o tenha medo de ousar, misturar estilos e adicionar toques \u00fanicos que reflitam sua personalidade. <b>Seu banheiro pequeno pode se tornar um verdadeiro cantinho de ref\u00fagio e relaxamento<\/b>, um o\u00e1sis particular em meio \u00e0 correria do dia a dia.<\/p>\n<p>Ent\u00e3o, <b>deixe sua criatividade fluir<\/b> e transforme esse espa\u00e7o em um ambiente cheio de charme e aconchego. Afinal, como diz o velho ditado: &#8220;Grandes coisas acontecem em pequenos espa\u00e7os&#8221;!<\/p>\n<p style=\"text-align: center;\">[amazon table=&#8221;95741&#8243;]\n","protected":false},"excerpt":{"rendered":"<p>Transforme seu banheiro pequeno em um espa\u00e7o de destaque com cinco ideias de decora\u00e7\u00e3o.<\/p>\n","protected":false},"author":102,"featured_media":114036,"comment_status":"closed","ping_status":"closed","sticky":false,"template":"","format":"standard","meta":{"footnotes":""},"categories":[1484,971,18792,18794],"tags":[],"class_list":["post-114039","post","type-post","status-publish","format-standard","has-post-thumbnail","category-decoracao","category-design-de-interiores","category-decoracao-de-apartamento","category-projetos-de-decoracao-de-casas"],"_wp_attached_file":null,"_wp_attachment_metadata":null,"_wp_attachment_context":null,"_wp_attachment_is_custom_header":null,"geo_longitude":null,"geo_public":null,"geo_latitude":null,"_publicize_done_external":null,"_wpas_done_3897181":null,"publicize_twitter_user":null,"_wpas_done_3897175":null,"_wpas_skip_3897181":null,"_wpas_skip_3897175":null,"_wpas_skip_3924723":null,"_wpas_mess":null,"_wpas_done_3924723":null,"wps_subtitle":"","_links":{"self":[{"href":"https:\/\/www.aarquiteta.com.br\/blog\/wp-json\/wp\/v2\/posts\/114039","targetHints":{"allow":["GET"]}}],"collection":[{"href":"https:\/\/www.aarquiteta.com.br\/blog\/wp-json\/wp\/v2\/posts"}],"about":[{"href":"https:\/\/www.aarquiteta.com.br\/blog\/wp-json\/wp\/v2\/types\/post"}],"author":[{"embeddable":true,"href":"https:\/\/www.aarquiteta.com.br\/blog\/wp-json\/wp\/v2\/users\/102"}],"replies":[{"embeddable":true,"href":"https:\/\/www.aarquiteta.com.br\/blog\/wp-json\/wp\/v2\/comments?post=114039"}],"version-history":[{"count":0,"href":"https:\/\/www.aarquiteta.com.br\/blog\/wp-json\/wp\/v2\/posts\/114039\/revisions"}],"wp:featuredmedia":[{"embeddable":true,"href":"https:\/\/www.aarquiteta.com.br\/blog\/wp-json\/wp\/v2\/media\/114036"}],"wp:attachment":[{"href":"https:\/\/www.aarquiteta.com.br\/blog\/wp-json\/wp\/v2\/media?parent=114039"}],"wp:term":[{"taxonomy":"category","embeddable":true,"href":"https:\/\/www.aarquiteta.com.br\/blog\/wp-json\/wp\/v2\/categories?post=114039"},{"taxonomy":"post_tag","embeddable":true,"href":"https:\/\/www.aarquiteta.com.br\/blog\/wp-json\/wp\/v2\/tags?post=114039"}],"curies":[{"name":"wp","href":"https:\/\/api.w.org\/{rel}","templated":true}]}}