{"id":114026,"date":"2024-05-30T17:23:22","date_gmt":"2024-05-30T20:23:22","guid":{"rendered":"https:\/\/www.aarquiteta.com.br\/blog\/5-estrategias-para-otimizar-espacos-com-armarios-de-cozinha-pequenos\/"},"modified":"2024-09-15T09:42:05","modified_gmt":"2024-09-15T12:42:05","slug":"5-estrategias-para-otimizar-espacos-com-armarios-de-cozinha-pequenos","status":"publish","type":"post","link":"https:\/\/www.aarquiteta.com.br\/blog\/5-estrategias-para-otimizar-espacos-com-armarios-de-cozinha-pequenos\/","title":{"rendered":"5 Estrat\u00e9gias para Otimizar Espa\u00e7os com Arm\u00e1rios de Cozinha Pequenos"},"content":{"rendered":"<p>Maximizar o espa\u00e7o em uma <a href=\"https:\/\/www.aarquiteta.com.br\/blog\/decoracao\/ambientes-na-decoracao\/decoracao-de-cozinha\/\">cozinha<\/a> pequena pode parecer um desafio, mas com algumas estrat\u00e9gias inteligentes, \u00e9 poss\u00edvel transformar esse ambiente compacto em um espa\u00e7o funcional e acolhedor. <b>Os arm\u00e1rios s\u00e3o elementos-chave para otimizar o armazenamento e a organiza\u00e7\u00e3o, e com as dicas certas, voc\u00ea pode criar uma cozinha aconchegante e eficiente.<\/b><\/p><h3>Takeaways Principais:<\/h3><figure style=\"width: 1024px\" class=\"wp-caption aligncenter\"><img decoding=\"async\" src=\"https:\/\/www.aarquiteta.com.br\/blog\/wp-content\/uploads\/2024\/05\/5-Estrategias-para-Otimizar-Espacos-com-Armarios-de-Cozinha-Pequenos04.jpg\" alt=\"5 Estrat\u00e9gias para Otimizar Espa\u00e7os com Arm\u00e1rios de Cozinha Pequenos\" width=\"1024\" height=\"1024\" title=\"\"><figcaption class=\"wp-caption-text\">5 Estrat\u00e9gias para Otimizar Espa\u00e7os com <a href=\"https:\/\/www.aarquiteta.com.br\/blog\/home-decor\/acessorios-para-decoracao\/armarios-e-aparadores\/\" class=\"ilj-generated-link\">Arm\u00e1rios<\/a> de Cozinha Pequenos<\/figcaption><\/figure><ul><li>Aproveite cada cent\u00edmetro com solu\u00e7\u00f5es verticais e organizadores internos.<\/li><li>Opte por designs inteligentes, como portas de correr e arm\u00e1rios suspensos.<\/li><li>Planeje com cuidado para maximizar a funcionalidade e o estilo em espa\u00e7os reduzidos.<\/li><\/ul><h2>1. Utilize prateleiras adicionais<\/h2><p>N\u00e3o deixe nenhum espa\u00e7o ocioso nos seus arm\u00e1rios. <b><a href=\"https:\/\/www.aarquiteta.com.br\/blog\/home-decor\/acessorios-para-decoracao\/prateleiras-e-nichos\/\" class=\"ilj-generated-link\">Prateleiras<\/a> extras s\u00e3o uma excelente maneira de aproveitar cada cent\u00edmetro dispon\u00edvel.<\/b> Voc\u00ea pode encontrar op\u00e7\u00f5es ajust\u00e1veis que se adaptam perfeitamente ao tamanho dos seus arm\u00e1rios, tornando-os mais vers\u00e1teis e eficientes.<\/p><p>Al\u00e9m disso, considere instalar <a href=\"https:\/\/www.cursosdearquitetura.com.br\/aprenda-a-otimizar-os-espacos-na-cozinha.html\" target=\"_blank\" rel=\"noopener\">prateleiras girat\u00f3rias<\/a> nos cantos, que facilitam o acesso a itens frequentemente negligenciados. Dessa forma, nada ficar\u00e1 esquecido no fundo do arm\u00e1rio!<\/p><h2>2. Aposte em organizadores internos<\/h2><p>Os organizadores internos s\u00e3o verdadeiros aliados quando se trata de <b>maximizar o espa\u00e7o em arm\u00e1rios pequenos<\/b>. Cestos, <a href=\"https:\/\/www.aarquiteta.com.br\/blog\/home-decor\/acessorios-para-decoracao\/divisorias-e-biombos\/\" class=\"ilj-generated-link\">divis\u00f3rias<\/a> e suportes para pratos ajudam a manter tudo organizado e acess\u00edvel. Uma cozinha bem organizada economiza tempo e esfor\u00e7o, al\u00e9m de evitar o ac\u00famulo de bagun\u00e7a.<\/p><h3>Dica profissional:<\/h3><figure style=\"width: 1024px\" class=\"wp-caption aligncenter\"><img decoding=\"async\" src=\"https:\/\/www.aarquiteta.com.br\/blog\/wp-content\/uploads\/2024\/05\/5-Estrategias-para-Otimizar-Espacos-com-Armarios-de-Cozinha-Pequenos03.jpg\" alt=\"5 Estrat\u00e9gias para Otimizar Espa\u00e7os com Arm\u00e1rios de Cozinha Pequenos\" width=\"1024\" height=\"1024\" title=\"\"><figcaption class=\"wp-caption-text\">5 Estrat\u00e9gias para Otimizar Espa\u00e7os com Arm\u00e1rios de Cozinha Pequenos<\/figcaption><\/figure><p>&#8220;<i>Invista em organizadores modulares que podem ser reposicionados \u00e0 medida que suas necessidades mudam<\/i>&#8220;, aconselha a arquiteta Mariana Silva. &#8220;<i>Essa flexibilidade \u00e9 fundamental para manter a organiza\u00e7\u00e3o a longo prazo.<\/i>&#8220;<\/p><h2>3. Escolha portas de correr<\/h2><p>As portas tradicionais podem ocupar muito espa\u00e7o quando abertas, reduzindo a \u00e1rea \u00fatil da cozinha. <b>Uma solu\u00e7\u00e3o inteligente \u00e9 optar por portas de correr, que deslizam lateralmente ao inv\u00e9s de abrir para fora.<\/b> Essa escolha n\u00e3o apenas economiza espa\u00e7o valioso, mas tamb\u00e9m confere um toque moderno e elegante \u00e0 sua cozinha.<\/p><p>Para uma apar\u00eancia ainda mais sofisticada, considere <a href=\"https:\/\/www.cursosdearquitetura.com.br\/como-maximizar-espaco-em-cozinhas-pequenas.html\" target=\"_blank\" rel=\"noopener\">portas de correr embutidas<\/a>, que se fundem harmoniosamente com os arm\u00e1rios, criando uma sensa\u00e7\u00e3o de continuidade.<\/p><h2>4. Aproveite espa\u00e7os verticais<\/h2><p>Em uma cozinha pequena, <b>cada cent\u00edmetro conta<\/b>. Portanto, \u00e9 essencial aproveitar os espa\u00e7os verticais. Arm\u00e1rios altos at\u00e9 o teto s\u00e3o uma excelente op\u00e7\u00e3o para maximizar o armazenamento sem ocupar \u00e1rea no ch\u00e3o.<\/p><p>E por que n\u00e3o levar essa ideia um passo adiante? Considere a instala\u00e7\u00e3o de prateleiras suspensas acima da <a href=\"https:\/\/www.aarquiteta.com.br\/blog\/?s=BANCADA\">bancada<\/a> ou da pia, criando uma \u00e1rea extra para guardar utens\u00edlios de uso frequente.<\/p><h3>Fato curioso:<\/h3><style id=\"wp_carousel_dynamic_css104058\">.sp-wp-carousel-free-id-104058.wpcf-fancybox-wrapper .fancybox-bg{background: #0b0b0b;opacity: 0.8;}.sp-wp-carousel-free-id-104058.wpcf-fancybox-wrapper .fancybox-navigation .fancybox-button .wpcp-fancybox-nav-arrow i {color: #ccc;}.sp-wp-carousel-free-id-104058.wpcf-fancybox-wrapper .fancybox-navigation .fancybox-button .wpcp-fancybox-nav-arrow i:hover {color: #fff;}.sp-wp-carousel-free-id-104058.wpcf-fancybox-wrapper .fancybox-navigation .fancybox-button {background: #1e1e1e;}.sp-wp-carousel-free-id-104058.wpcf-fancybox-wrapper .fancybox-navigation .fancybox-button:hover {background: #1e1e1e;}#sp-wp-carousel-free-id-104058 .wpcp-swiper-dots {margin: 40px 0px 0px 0px;}.wpcp-wrapper-104058 .swiper-wrapper .swiper-slide-kenburn, .wpcp-wrapper-104058 .swiper-wrapper, .wpcp-wrapper-104058 .wpcpro-row{align-items: center;}#sp-wp-carousel-free-id-104058 .wpcp-single-item {box-shadow: 0px 0px 0px 0px #dddddd;transition: all .3s;margin: 0px;}#sp-wp-carousel-free-id-104058.swiper-flip .wpcp-single-item{margin: 0!important;}#sp-wp-carousel-free-id-104058 .wpcp-single-item:hover {box-shadow: 0px 0px 0px 0px #dddddd;}#sp-wp-carousel-free-id-104058.sp-wpcp-104058 .wpcp-single-item {border: 1px solid #dddddd;}#sp-wp-carousel-free-id-104058.sp-wpcp-104058 .swiper-button-prev,#sp-wp-carousel-free-id-104058.sp-wpcp-104058 .swiper-button-next,#sp-wp-carousel-free-id-104058.sp-wpcp-104058 .swiper-button-prev:hover,#sp-wp-carousel-free-id-104058.sp-wpcp-104058 .swiper-button-next:hover {background: none;border: none;font-size: 30px;}#sp-wp-carousel-free-id-104058.sp-wpcp-104058 .swiper-button-prev i,#sp-wp-carousel-free-id-104058.sp-wpcp-104058 .swiper-button-next i {color: #aaa;}#sp-wp-carousel-free-id-104058.sp-wpcp-104058 .swiper-button-prev i:hover,#sp-wp-carousel-free-id-104058.sp-wpcp-104058 .swiper-button-next i:hover {color: #178087;}#sp-wp-carousel-free-id-104058.sp-wpcp-104058 .wpcp-swiper-dots .swiper-pagination-bullet {background-color: #cccccc;}#sp-wp-carousel-free-id-104058.sp-wpcp-104058 .wpcp-swiper-dots .swiper-pagination-bullet.swiper-pagination-bullet-active {background-color: #178087;} #sp-wp-carousel-free-id-104058.sp-wpcp-104058.wpcp-image-carousel .wpcp-single-item:hover img, #sp-wp-carousel-free-id-104058.sp-wpcp-104058.wpcp-post-carousel .wpcp-single-item:hover img, #sp-wp-carousel-free-id-104058.sp-wpcp-104058.wpcp-product-carousel .wpcp-single-item:hover img{-webkit-transform: scale(1.2);-moz-transform: scale(1.2);transform: scale(1.2);}#sp-wp-carousel-free-id-104058 .wpcpro-row>[class*=\"wpcpro-col-\"] { padding: 0 10px; padding-bottom: 20px;} #sp-wp-carousel-free-id-104058 .swiper-slide .single-item-fade:not(:last-child) { margin-right: 20px;}@media (min-width: 480px) { .wpcpro-row .wpcpro-col-sm-1 { flex: 0 0 100%; max-width: 100%; } .wpcpro-row .wpcpro-col-sm-2 { flex: 0 0 50%; max-width: 50%; } .wpcpro-row .wpcpro-col-sm-2-5 { flex: 0 0 75%; max-width: 75%; } .wpcpro-row .wpcpro-col-sm-3 { flex: 0 0 33.333%; max-width: 33.333%; } .wpcpro-row .wpcpro-col-sm-4 { flex: 0 0 25%; max-width: 25%; } .wpcpro-row .wpcpro-col-sm-5 { flex: 0 0 20%; max-width: 20%; } .wpcpro-row .wpcpro-col-sm-6 { flex: 0 0 16.66666666666667%; max-width: 16.66666666666667%; } .wpcpro-row .wpcpro-col-sm-7 { flex: 0 0 14.28571428%; max-width: 14.28571428%; } .wpcpro-row .wpcpro-col-sm-8 { flex: 0 0 12.5%; max-width: 12.5%; } } @media (max-width: 480px) { .wpcpro-row .wpcpro-col-xs-1 { flex: 0 0 100%; max-width: 100%; } .wpcpro-row .wpcpro-col-xs-2 { flex: 0 0 50%; max-width: 50%; } .wpcpro-row .wpcpro-col-xs-3 { flex: 0 0 33.222%; max-width: 33.222%; } .wpcpro-row .wpcpro-col-xs-4 { flex: 0 0 25%; max-width: 25%; } .wpcpro-row .wpcpro-col-xs-5 { flex: 0 0 20%; max-width: 20%; } .wpcpro-row .wpcpro-col-xs-6 { flex: 0 0 16.6667%; max-width: 16.6667%; } .wpcpro-row .wpcpro-col-xs-7 { flex: 0 0 14.28571428%; max-width: 14.28571428%; } .wpcpro-row .wpcpro-col-xs-8 { flex: 0 0 12.5%; max-width: 12.5%; } } @media (min-width: 736px) { .wpcpro-row .wpcpro-col-md-1 { flex: 0 0 100%; max-width: 100%; } .wpcpro-row .wpcpro-col-md-2 { flex: 0 0 50%; max-width: 50%; } .wpcpro-row .wpcpro-col-md-2-5 { flex: 0 0 75%; max-width: 75%; } .wpcpro-row .wpcpro-col-md-3 { flex: 0 0 33.333%; max-width: 33.333%; } .wpcpro-row .wpcpro-col-md-4 { flex: 0 0 25%; max-width: 25%; } .wpcpro-row .wpcpro-col-md-5 { flex: 0 0 20%; max-width: 20%; } .wpcpro-row .wpcpro-col-md-6 { flex: 0 0 16.66666666666667%; max-width: 16.66666666666667%; } .wpcpro-row .wpcpro-col-md-7 { flex: 0 0 14.28571428%; max-width: 14.28571428%; } .wpcpro-row .wpcpro-col-md-8 { flex: 0 0 12.5%; max-width: 12.5%; } } @media (min-width: 980px) { .wpcpro-row .wpcpro-col-lg-1 { flex: 0 0 100%; max-width: 100%; } .wpcpro-row .wpcpro-col-lg-2 { flex: 0 0 50%; max-width: 50%; } .wpcpro-row .wpcpro-col-lg-3 { flex: 0 0 33.222%; max-width: 33.222%; } .wpcpro-row .wpcpro-col-lg-4 { flex: 0 0 25%; max-width: 25%; } .wpcpro-row .wpcpro-col-lg-5 { flex: 0 0 20%; max-width: 20%; } .wpcpro-row .wpcpro-col-lg-6 { flex: 0 0 16.6667%; max-width: 16.6667%; } .wpcpro-row .wpcpro-col-lg-7 { flex: 0 0 14.28571428%; max-width: 14.28571428%; } .wpcpro-row .wpcpro-col-lg-8 { flex: 0 0 12.5%; max-width: 12.5%; } } @media (min-width: 1200px) { .wpcpro-row .wpcpro-col-xl-1 { flex: 0 0 100%; max-width: 100%; } .wpcpro-row .wpcpro-col-xl-2 { flex: 0 0 50%; max-width: 50%; } .wpcpro-row .wpcpro-col-xl-3 { flex: 0 0 33.22222222%; max-width: 33.22222222%; } .wpcpro-row .wpcpro-col-xl-4 { flex: 0 0 25%; max-width: 25%; } .wpcpro-row .wpcpro-col-xl-5 { flex: 0 0 20%; max-width: 20%; } .wpcpro-row .wpcpro-col-xl-6 { flex: 0 0 16.66667%; max-width: 16.66667%; } .wpcpro-row .wpcpro-col-xl-7 { flex: 0 0 14.28571428%; max-width: 14.28571428%; } .wpcpro-row .wpcpro-col-xl-8 { flex: 0 0 12.5%; max-width: 12.5%; } }<\/style><div class=\"wpcp-carousel-wrapper wpcp-wrapper-104058\">\t<div id=\"wpcp-preloader-104058\" class=\"wpcp-carousel-preloader\"><img decoding=\"async\" src=\"https:\/\/www.aarquiteta.com.br\/blog\/wp-content\/plugins\/wp-carousel-free\/public\/css\/spinner.svg\" alt=\"Preloader Image\" title=\"\"><\/div>\t<div class=\"wpcp-carousel-content-wrapper\">\t<div id=\"sp-wp-carousel-free-id-104058\" class=\"wpcp-carousel-section sp-wpcp-104058  nav-vertical-center wpcp-image-carousel wpcp-preloader wpcp-standard\" data-swiper='{ &quot;pagination_type&quot;: &quot;dots&quot;,&quot;accessibility&quot;:true, &quot;spaceBetween&quot;:20, &quot;arrows&quot;:false, &quot;freeMode&quot;: false, &quot;autoplay&quot;:true, &quot;effect&quot;: &quot;&quot;, &quot;centerMode&quot;: false, &quot;autoplaySpeed&quot;:3000, &quot;dots&quot;:true, &quot;infinite&quot;:true, &quot;speed&quot;:600, &quot;pauseOnHover&quot;:true,\n\t\t\t&quot;slidesToShow&quot;:{&quot;lg_desktop&quot;:5, &quot;desktop&quot;: 4, &quot;laptop&quot;: 3, &quot;tablet&quot;: 2, &quot;mobile&quot;: 1}, &quot;responsive&quot;:{&quot;desktop&quot;:1200, &quot;laptop&quot;: 980, &quot;tablet&quot;: 736, &quot;mobile&quot;: 480}, &quot;rtl&quot;:false, &quot;lazyLoad&quot;: &quot;false&quot;, &quot;swipe&quot;: true, &quot;draggable&quot;: true, &quot;swipeToSlide&quot;:false }' dir=\"ltr\">\t\t<div class=\"swiper-wrapper\">\t\t<div class=\"swiper-slide\">\t<div class=\"wpcp-single-item\">\t\t\t<a class=\"wcp-light-box\" data-buttons=\"[&quot;close&quot;]\" data-wpc_url=\"https:\/\/www.aarquiteta.com.br\/blog\/wp-content\/uploads\/2024\/01\/casa-em-terreno-estreito01.jpg\" href=\"https:\/\/www.aarquiteta.com.br\/blog\/wp-content\/uploads\/2024\/01\/casa-em-terreno-estreito01.jpg\" data-fancybox=\"wpcp_view\">\n\t\t<figure>\n\t\t\t<img decoding=\"async\" class=\"skip-lazy\" src=\"https:\/\/www.aarquiteta.com.br\/blog\/wp-content\/uploads\/2024\/01\/casa-em-terreno-estreito01.jpg\" alt=\"casa em terreno estreito\" width=\"1024\" height=\"1024\" title=\"\">\t\t<\/figure>\n\t<\/a>\t\t<\/div><\/div>\t<div class=\"swiper-slide\">\t<div class=\"wpcp-single-item\">\t\t\t<a class=\"wcp-light-box\" data-buttons=\"[&quot;close&quot;]\" data-wpc_url=\"https:\/\/www.aarquiteta.com.br\/blog\/wp-content\/uploads\/2023\/12\/designer-inovador-transforma-materias-primas-casa-ultramoderna02.jpg\" href=\"https:\/\/www.aarquiteta.com.br\/blog\/wp-content\/uploads\/2023\/12\/designer-inovador-transforma-materias-primas-casa-ultramoderna02.jpg\" data-fancybox=\"wpcp_view\">\n\t\t<figure>\n\t\t\t<img decoding=\"async\" class=\"skip-lazy\" src=\"https:\/\/www.aarquiteta.com.br\/blog\/wp-content\/uploads\/2023\/12\/designer-inovador-transforma-materias-primas-casa-ultramoderna02.jpg\" alt=\"designer-inovador-transforma-materias-primas-casa-ultramoderna\" width=\"1024\" height=\"1024\" title=\"\">\t\t<\/figure>\n\t<\/a>\t\t<\/div><\/div>\t<div class=\"swiper-slide\">\t<div class=\"wpcp-single-item\">\t\t\t<a class=\"wcp-light-box\" data-buttons=\"[&quot;close&quot;]\" data-wpc_url=\"https:\/\/www.aarquiteta.com.br\/blog\/wp-content\/uploads\/2023\/12\/fachadas-de-casas-simples04.jpg\" href=\"https:\/\/www.aarquiteta.com.br\/blog\/wp-content\/uploads\/2023\/12\/fachadas-de-casas-simples04.jpg\" data-fancybox=\"wpcp_view\">\n\t\t<figure>\n\t\t\t<img decoding=\"async\" class=\"skip-lazy\" src=\"https:\/\/www.aarquiteta.com.br\/blog\/wp-content\/uploads\/2023\/12\/fachadas-de-casas-simples04.jpg\" alt=\"fachadas de casas simples\" width=\"1024\" height=\"1024\" title=\"\">\t\t<\/figure>\n\t<\/a>\t\t<\/div><\/div>\t<div class=\"swiper-slide\">\t<div class=\"wpcp-single-item\">\t\t\t<a class=\"wcp-light-box\" data-buttons=\"[&quot;close&quot;]\" data-wpc_url=\"https:\/\/www.aarquiteta.com.br\/blog\/wp-content\/uploads\/2023\/12\/fachadas-de-casas-simples01.jpg\" href=\"https:\/\/www.aarquiteta.com.br\/blog\/wp-content\/uploads\/2023\/12\/fachadas-de-casas-simples01.jpg\" data-fancybox=\"wpcp_view\">\n\t\t<figure>\n\t\t\t<img decoding=\"async\" class=\"skip-lazy\" src=\"https:\/\/www.aarquiteta.com.br\/blog\/wp-content\/uploads\/2023\/12\/fachadas-de-casas-simples01.jpg\" alt=\"fachadas de casas simples\" width=\"1024\" height=\"1024\" title=\"\">\t\t<\/figure>\n\t<\/a>\t\t<\/div><\/div>\t<div class=\"swiper-slide\">\t<div class=\"wpcp-single-item\">\t\t\t<a class=\"wcp-light-box\" data-buttons=\"[&quot;close&quot;]\" data-wpc_url=\"https:\/\/www.aarquiteta.com.br\/blog\/wp-content\/uploads\/2023\/12\/Casas-pre-fabricadas-custos-e-vantagens-para-sua-obra04.jpg\" href=\"https:\/\/www.aarquiteta.com.br\/blog\/wp-content\/uploads\/2023\/12\/Casas-pre-fabricadas-custos-e-vantagens-para-sua-obra04.jpg\" data-fancybox=\"wpcp_view\">\n\t\t<figure>\n\t\t\t<img decoding=\"async\" class=\"skip-lazy\" src=\"https:\/\/www.aarquiteta.com.br\/blog\/wp-content\/uploads\/2023\/12\/Casas-pre-fabricadas-custos-e-vantagens-para-sua-obra04.jpg\" alt=\"Casas pr\u00e9-fabricadas: custos e vantagens para sua obra\" width=\"1024\" height=\"1024\" title=\"\">\t\t<\/figure>\n\t<\/a>\t\t<\/div><\/div>\t<div class=\"swiper-slide\">\t<div class=\"wpcp-single-item\">\t\t\t<a class=\"wcp-light-box\" data-buttons=\"[&quot;close&quot;]\" data-wpc_url=\"https:\/\/www.aarquiteta.com.br\/blog\/wp-content\/uploads\/2023\/11\/como-aumentar-o-valor-da-sua-casa01.jpg\" href=\"https:\/\/www.aarquiteta.com.br\/blog\/wp-content\/uploads\/2023\/11\/como-aumentar-o-valor-da-sua-casa01.jpg\" data-fancybox=\"wpcp_view\">\n\t\t<figure>\n\t\t\t<img decoding=\"async\" class=\"skip-lazy\" src=\"https:\/\/www.aarquiteta.com.br\/blog\/wp-content\/uploads\/2023\/11\/como-aumentar-o-valor-da-sua-casa01.jpg\" alt=\"como aumentar o valor da sua casa\" width=\"1024\" height=\"1024\" title=\"\">\t\t<\/figure>\n\t<\/a>\t\t<\/div><\/div>\t<div class=\"swiper-slide\">\t<div class=\"wpcp-single-item\">\t\t\t<a class=\"wcp-light-box\" data-buttons=\"[&quot;close&quot;]\" data-wpc_url=\"https:\/\/www.aarquiteta.com.br\/blog\/wp-content\/uploads\/2023\/11\/casa-de-fazenda03.jpg\" href=\"https:\/\/www.aarquiteta.com.br\/blog\/wp-content\/uploads\/2023\/11\/casa-de-fazenda03.jpg\" data-fancybox=\"wpcp_view\">\n\t\t<figure>\n\t\t\t<img decoding=\"async\" class=\"skip-lazy\" src=\"https:\/\/www.aarquiteta.com.br\/blog\/wp-content\/uploads\/2023\/11\/casa-de-fazenda03.jpg\" alt=\"casa de fazenda\" width=\"1024\" height=\"1024\" title=\"\">\t\t<\/figure>\n\t<\/a>\t\t<\/div><\/div>\t<div class=\"swiper-slide\">\t<div class=\"wpcp-single-item\">\t\t\t<a class=\"wcp-light-box\" data-buttons=\"[&quot;close&quot;]\" data-wpc_url=\"https:\/\/www.aarquiteta.com.br\/blog\/wp-content\/uploads\/2023\/11\/arquitetura-sustentvel-dicas-para-criar-uma-casa-container-modernarumt.jpg\" href=\"https:\/\/www.aarquiteta.com.br\/blog\/wp-content\/uploads\/2023\/11\/arquitetura-sustentvel-dicas-para-criar-uma-casa-container-modernarumt.jpg\" data-fancybox=\"wpcp_view\">\n\t\t<figure>\n\t\t\t<img decoding=\"async\" class=\"skip-lazy\" src=\"https:\/\/www.aarquiteta.com.br\/blog\/wp-content\/uploads\/2023\/11\/arquitetura-sustentvel-dicas-para-criar-uma-casa-container-modernarumt.jpg\" alt=\"Arquitetura Sustentvel Dicas para Criar uma Casa Container Moderna\" width=\"1024\" height=\"768\" title=\"\">\t\t<\/figure>\n\t<\/a>\t\t<\/div><\/div>\t<div class=\"swiper-slide\">\t<div class=\"wpcp-single-item\">\t\t\t<a class=\"wcp-light-box\" data-buttons=\"[&quot;close&quot;]\" data-wpc_url=\"https:\/\/www.aarquiteta.com.br\/blog\/wp-content\/uploads\/2023\/11\/modelos-de-casa02.jpg\" href=\"https:\/\/www.aarquiteta.com.br\/blog\/wp-content\/uploads\/2023\/11\/modelos-de-casa02.jpg\" data-fancybox=\"wpcp_view\">\n\t\t<figure>\n\t\t\t<img decoding=\"async\" class=\"skip-lazy\" src=\"https:\/\/www.aarquiteta.com.br\/blog\/wp-content\/uploads\/2023\/11\/modelos-de-casa02.jpg\" alt=\"modelos de casa\" width=\"1024\" height=\"1024\" title=\"\">\t\t<\/figure>\n\t<\/a>\t\t<\/div><\/div>\t<div class=\"swiper-slide\">\t<div class=\"wpcp-single-item\">\t\t\t<a class=\"wcp-light-box\" data-buttons=\"[&quot;close&quot;]\" data-wpc_url=\"https:\/\/www.aarquiteta.com.br\/blog\/wp-content\/uploads\/2023\/11\/casa-simples-arrumada01.jpg\" href=\"https:\/\/www.aarquiteta.com.br\/blog\/wp-content\/uploads\/2023\/11\/casa-simples-arrumada01.jpg\" data-fancybox=\"wpcp_view\">\n\t\t<figure>\n\t\t\t<img decoding=\"async\" class=\"skip-lazy\" src=\"https:\/\/www.aarquiteta.com.br\/blog\/wp-content\/uploads\/2023\/11\/casa-simples-arrumada01.jpg\" alt=\"casa simples arrumada\" width=\"1024\" height=\"1024\" title=\"\">\t\t<\/figure>\n\t<\/a>\t\t<\/div><\/div>\t<div class=\"swiper-slide\">\t<div class=\"wpcp-single-item\">\t\t\t<a class=\"wcp-light-box\" data-buttons=\"[&quot;close&quot;]\" data-wpc_url=\"https:\/\/www.aarquiteta.com.br\/blog\/wp-content\/uploads\/2023\/11\/modelos-de-casa04.jpg\" href=\"https:\/\/www.aarquiteta.com.br\/blog\/wp-content\/uploads\/2023\/11\/modelos-de-casa04.jpg\" data-fancybox=\"wpcp_view\">\n\t\t<figure>\n\t\t\t<img decoding=\"async\" class=\"skip-lazy\" src=\"https:\/\/www.aarquiteta.com.br\/blog\/wp-content\/uploads\/2023\/11\/modelos-de-casa04.jpg\" alt=\"modelos de casa\" width=\"1024\" height=\"1024\" title=\"\">\t\t<\/figure>\n\t<\/a>\t\t<\/div><\/div>\t<div class=\"swiper-slide\">\t<div class=\"wpcp-single-item\">\t\t\t<a class=\"wcp-light-box\" data-buttons=\"[&quot;close&quot;]\" data-wpc_url=\"https:\/\/www.aarquiteta.com.br\/blog\/wp-content\/uploads\/2023\/10\/muros-modernos-ecologicos5-dicas-para-usar-na-fachada-da-sua-casa.02.jpg\" href=\"https:\/\/www.aarquiteta.com.br\/blog\/wp-content\/uploads\/2023\/10\/muros-modernos-ecologicos5-dicas-para-usar-na-fachada-da-sua-casa.02.jpg\" data-fancybox=\"wpcp_view\">\n\t\t<figure>\n\t\t\t<img decoding=\"async\" class=\"skip-lazy\" src=\"https:\/\/www.aarquiteta.com.br\/blog\/wp-content\/uploads\/2023\/10\/muros-modernos-ecologicos5-dicas-para-usar-na-fachada-da-sua-casa.02.jpg\" alt=\"muros modernos ecol\u00f3gicos:5 dicas para usar na fachada da sua casa.\" width=\"1024\" height=\"1024\" title=\"\">\t\t<\/figure>\n\t<\/a>\t\t<\/div><\/div>\t<div class=\"swiper-slide\">\t<div class=\"wpcp-single-item\">\t\t\t<a class=\"wcp-light-box\" data-buttons=\"[&quot;close&quot;]\" data-wpc_url=\"https:\/\/www.aarquiteta.com.br\/blog\/wp-content\/uploads\/2023\/10\/casa-na-arvore-moderna.jpg\" href=\"https:\/\/www.aarquiteta.com.br\/blog\/wp-content\/uploads\/2023\/10\/casa-na-arvore-moderna.jpg\" data-fancybox=\"wpcp_view\">\n\t\t<figure>\n\t\t\t<img decoding=\"async\" class=\"skip-lazy\" src=\"https:\/\/www.aarquiteta.com.br\/blog\/wp-content\/uploads\/2023\/10\/casa-na-arvore-moderna.jpg\" alt=\"Integra\u00e7\u00e3o com a Natureza: Os Melhores Projetos de Casas em \u00c1reas Verdes!\" width=\"1200\" height=\"800\" title=\"\">\t\t<\/figure>\n\t<\/a>\t\t<\/div><\/div>\t<div class=\"swiper-slide\">\t<div class=\"wpcp-single-item\">\t\t\t<a class=\"wcp-light-box\" data-buttons=\"[&quot;close&quot;]\" data-wpc_url=\"https:\/\/www.aarquiteta.com.br\/blog\/wp-content\/uploads\/2023\/10\/casas-pre-fabricadas02.jpg\" href=\"https:\/\/www.aarquiteta.com.br\/blog\/wp-content\/uploads\/2023\/10\/casas-pre-fabricadas02.jpg\" data-fancybox=\"wpcp_view\">\n\t\t<figure>\n\t\t\t<img decoding=\"async\" class=\"skip-lazy\" src=\"https:\/\/www.aarquiteta.com.br\/blog\/wp-content\/uploads\/2023\/10\/casas-pre-fabricadas02.jpg\" alt=\"casas pr\u00e9 fabricadas\" width=\"1024\" height=\"1024\" title=\"\">\t\t<\/figure>\n\t<\/a>\t\t<\/div><\/div>\t<div class=\"swiper-slide\">\t<div class=\"wpcp-single-item\">\t\t\t<a class=\"wcp-light-box\" data-buttons=\"[&quot;close&quot;]\" data-wpc_url=\"https:\/\/www.aarquiteta.com.br\/blog\/wp-content\/uploads\/2023\/10\/muros-de-casas01.jpg\" href=\"https:\/\/www.aarquiteta.com.br\/blog\/wp-content\/uploads\/2023\/10\/muros-de-casas01.jpg\" data-fancybox=\"wpcp_view\">\n\t\t<figure>\n\t\t\t<img decoding=\"async\" class=\"skip-lazy\" src=\"https:\/\/www.aarquiteta.com.br\/blog\/wp-content\/uploads\/2023\/10\/muros-de-casas01.jpg\" alt=\"Muros de Casas: Ideias Criativas para Transformar a Apar\u00eancia de sua Resid\u00eancia.\" width=\"1024\" height=\"1024\" title=\"\">\t\t<\/figure>\n\t<\/a>\t\t<\/div><\/div>\t\t\t<\/div>\t\t\t\t\t<div class=\"wpcp-swiper-dots swiper-pagination\"><\/div>\t\t\t\t<!-- If we need navigation buttons -->\t\t\t<\/div>\t<\/div><\/div><p>Voc\u00ea sabia que uma pessoa passa, em m\u00e9dia, <b>tr\u00eas horas por dia<\/b> na cozinha? Por isso, \u00e9 t\u00e3o importante tornar esse ambiente agrad\u00e1vel e funcional, mesmo quando o espa\u00e7o \u00e9 limitado.<\/p><h2>5. Opte por arm\u00e1rios suspensos<\/h2><p>Os arm\u00e1rios suspensos s\u00e3o verdadeiros campe\u00f5es em <b>economizar espa\u00e7o em cozinhas compactas<\/b>. Al\u00e9m de liberarem \u00e1rea no ch\u00e3o, eles tamb\u00e9m proporcionam uma sensa\u00e7\u00e3o de leveza e amplitude ao ambiente.<\/p><p>Para maximizar a funcionalidade, considere a instala\u00e7\u00e3o de arm\u00e1rios suspensos com portas de vidro ou sem portas, tornando o conte\u00fado facilmente vis\u00edvel. Dessa forma, voc\u00ea evita a tenta\u00e7\u00e3o de empilhar itens em cima da bancada, mantendo a superf\u00edcie de trabalho organizada e desimpedida.<\/p><h3>Dica de especialista:<\/h3><figure style=\"width: 1024px\" class=\"wp-caption aligncenter\"><img decoding=\"async\" src=\"https:\/\/www.aarquiteta.com.br\/blog\/wp-content\/uploads\/2024\/05\/5-Estrategias-para-Otimizar-Espacos-com-Armarios-de-Cozinha-Pequenos02.jpg\" alt=\"5 Estrat\u00e9gias para Otimizar Espa\u00e7os com Arm\u00e1rios de Cozinha Pequenos\" width=\"1024\" height=\"1024\" title=\"\"><figcaption class=\"wp-caption-text\">5 Estrat\u00e9gias para Otimizar Espa\u00e7os com Arm\u00e1rios de Cozinha Pequenos<\/figcaption><\/figure><p>&#8220;<i>Ao planejar arm\u00e1rios suspensos, lembre-se de deixar um espa\u00e7o adequado entre eles e a bancada<\/i>&#8220;, aconselha o designer de interiores Pedro Oliveira. &#8220;<i>Essa dist\u00e2ncia permite movimentos confort\u00e1veis durante a prepara\u00e7\u00e3o dos alimentos.<\/i>&#8220;<\/p><h2>Conclus\u00e3o<\/h2><p>Transformar uma cozinha pequena em um espa\u00e7o funcional e atraente \u00e9 poss\u00edvel com <b>criatividade e solu\u00e7\u00f5es inteligentes de armazenamento<\/b>. Ao aproveitar cada cent\u00edmetro dispon\u00edvel, optar por designs inteligentes e investir em organiza\u00e7\u00e3o interna, voc\u00ea pode criar um ambiente acolhedor e eficiente, mesmo em espa\u00e7os reduzidos.<\/p><p>Lembre-se de que a chave para uma cozinha bem-sucedida \u00e9 <b>planejar com cuidado e pensar fora da caixa<\/b>. Com as dicas certas, sua cozinha pequena pode se tornar um verdadeiro ref\u00fagio culin\u00e1rio, repleto de charme e praticidade.<\/p><h3>Recursos Externos:<\/h3><figure style=\"width: 1024px\" class=\"wp-caption aligncenter\"><img decoding=\"async\" src=\"https:\/\/www.aarquiteta.com.br\/blog\/wp-content\/uploads\/2024\/05\/5-Estrategias-para-Otimizar-Espacos-com-Armarios-de-Cozinha-Pequenos01.jpg\" alt=\"5 Estrat\u00e9gias para Otimizar Espa\u00e7os com Arm\u00e1rios de Cozinha Pequenos\" width=\"1024\" height=\"1024\" title=\"\"><figcaption class=\"wp-caption-text\">5 Estrat\u00e9gias para Otimizar Espa\u00e7os com Arm\u00e1rios de Cozinha Pequenos<\/figcaption><\/figure><ul><li><a href=\"https:\/\/www.mobly.com.br\/blog\/decoracao-cozinhas-pequenas\/\" target=\"_blank\" rel=\"noopener\">Dicas para decorar cozinhas pequenas (Mobly)<\/a><\/li><li>10 Dicas para Aproveitar Melhor o Espa\u00e7o em Cozinhas Pequenas (Decor Creative)<\/li><li>6 Dicas para Decorar uma Cozinha Pequena (Reserva Virtual)<\/li><\/ul><h3>Assista agora a minha recomenda\u00e7\u00e3o de video abaixo sobre o tema que estamos tratando neste artigo: <\/h3><p><div class=\"youtube-embed\" data-video_id=\"5snK4tRAK_k\"><iframe title=\"COZINHA  PLANEJADA PEQUENA - 13 DICAS SIMPLES PARA COZINHA PEQUENA\" width=\"696\" height=\"392\" src=\"https:\/\/www.youtube.com\/embed\/5snK4tRAK_k?feature=oembed&#038;enablejsapi=1\" frameborder=\"0\" allow=\"accelerometer; autoplay; clipboard-write; encrypted-media; gyroscope; picture-in-picture; web-share\" referrerpolicy=\"strict-origin-when-cross-origin\" allowfullscreen><\/iframe><\/div><\/p><p style=\"text-align: center;\">[amazon table=&#8221;82956&#8243;]","protected":false},"excerpt":{"rendered":"<p>Maximize o espa\u00e7o de sua cozinha com estas cinco estrat\u00e9gias para arm\u00e1rios pequenos.<\/p>\n","protected":false},"author":102,"featured_media":114023,"comment_status":"closed","ping_status":"closed","sticky":false,"template":"","format":"standard","meta":{"footnotes":""},"categories":[35414,35384,1484,971,20353,18792,18794],"tags":[],"class_list":["post-114026","post","type-post","status-publish","format-standard","has-post-thumbnail","category-acessorios-para-decoracao","category-armarios-e-aparadores","category-decoracao","category-design-de-interiores","category-home-decor","category-decoracao-de-apartamento","category-projetos-de-decoracao-de-casas"],"_wp_attached_file":null,"_wp_attachment_metadata":null,"_wp_attachment_context":null,"_wp_attachment_is_custom_header":null,"geo_longitude":null,"geo_public":null,"geo_latitude":null,"_publicize_done_external":null,"_wpas_done_3897181":null,"publicize_twitter_user":null,"_wpas_done_3897175":null,"_wpas_skip_3897181":null,"_wpas_skip_3897175":null,"_wpas_skip_3924723":null,"_wpas_mess":null,"_wpas_done_3924723":null,"wps_subtitle":"","_links":{"self":[{"href":"https:\/\/www.aarquiteta.com.br\/blog\/wp-json\/wp\/v2\/posts\/114026","targetHints":{"allow":["GET"]}}],"collection":[{"href":"https:\/\/www.aarquiteta.com.br\/blog\/wp-json\/wp\/v2\/posts"}],"about":[{"href":"https:\/\/www.aarquiteta.com.br\/blog\/wp-json\/wp\/v2\/types\/post"}],"author":[{"embeddable":true,"href":"https:\/\/www.aarquiteta.com.br\/blog\/wp-json\/wp\/v2\/users\/102"}],"replies":[{"embeddable":true,"href":"https:\/\/www.aarquiteta.com.br\/blog\/wp-json\/wp\/v2\/comments?post=114026"}],"version-history":[{"count":0,"href":"https:\/\/www.aarquiteta.com.br\/blog\/wp-json\/wp\/v2\/posts\/114026\/revisions"}],"wp:featuredmedia":[{"embeddable":true,"href":"https:\/\/www.aarquiteta.com.br\/blog\/wp-json\/wp\/v2\/media\/114023"}],"wp:attachment":[{"href":"https:\/\/www.aarquiteta.com.br\/blog\/wp-json\/wp\/v2\/media?parent=114026"}],"wp:term":[{"taxonomy":"category","embeddable":true,"href":"https:\/\/www.aarquiteta.com.br\/blog\/wp-json\/wp\/v2\/categories?post=114026"},{"taxonomy":"post_tag","embeddable":true,"href":"https:\/\/www.aarquiteta.com.br\/blog\/wp-json\/wp\/v2\/tags?post=114026"}],"curies":[{"name":"wp","href":"https:\/\/api.w.org\/{rel}","templated":true}]}}