{"id":113976,"date":"2024-05-29T18:11:36","date_gmt":"2024-05-29T21:11:36","guid":{"rendered":"https:\/\/www.aarquiteta.com.br\/blog\/transforme-sua-casa-em-um-oasis-moderno\/"},"modified":"2024-05-29T18:11:36","modified_gmt":"2024-05-29T21:11:36","slug":"transforme-sua-casa-em-um-oasis-moderno","status":"publish","type":"post","link":"https:\/\/www.aarquiteta.com.br\/blog\/transforme-sua-casa-em-um-oasis-moderno\/","title":{"rendered":"Transforme sua casa em um o\u00e1sis moderno com esta incr\u00edvel remodela\u00e7\u00e3o de 4x6m com mezanino."},"content":{"rendered":"<p>Uma casa pequena, por\u00e9m cheia de estilo e funcionalidade! Descubra como transformar um espa\u00e7o de 4&#215;6 metros em um verdadeiro ref\u00fagio aconchegante e moderno, perfeito para o ano de 2024. Com solu\u00e7\u00f5es inteligentes de design, este projeto traz dicas valiosas para otimizar cada cent\u00edmetro e criar um lar irresist\u00edvel.<\/p>\n<h3>3 Destaques Principais:<\/h3>\n<ul>\n<li><b>Versatilidade m\u00e1xima:<\/b> Explore a incr\u00edvel capacidade de adapta\u00e7\u00e3o deste projeto, que transforma um pequeno lote em uma casa completa, com mezanino e \u00e1reas bem distribu\u00eddas.<\/li>\n<li><b>Estilo vanguardista:<\/b> Descubra as tend\u00eancias de decora\u00e7\u00e3o que ser\u00e3o destaque em 2024, incorporadas neste design moderno e sofisticado.<\/li>\n<li><b>Solu\u00e7\u00f5es criativas:<\/b> Inspire-se com ideias inovadoras para aproveitar cada cent\u00edmetro do espa\u00e7o, otimizando a funcionalidade e o conforto.<\/li>\n<\/ul>\n<h3>Um Projeto Vision\u00e1rio para 2024<\/h3>\n<figure style=\"width: 1024px\" class=\"wp-caption aligncenter\"><img decoding=\"async\" src=\"https:\/\/www.aarquiteta.com.br\/blog\/wp-content\/uploads\/2024\/05\/Transforme-sua-casa-em-um-oasis-moderno01.jpg\" alt=\"Transforme sua casa em um o\u00e1sis moderno com esta incr\u00edvel remodela\u00e7\u00e3o de 4x6m com mezanino.\" width=\"1024\" height=\"1024\" title=\"\"><figcaption class=\"wp-caption-text\">Transforme sua casa em um o\u00e1sis moderno com esta incr\u00edvel remodela\u00e7\u00e3o de 4x6m com mezanino.<\/figcaption><\/figure>\n<p>Ol\u00e1, meus caros leitores! Como arquiteto experiente, <b>estou empolgado em compartilhar com voc\u00eas um projeto verdadeiramente especial<\/b>. Trata-se de uma casa compacta, com apenas 4&#215;6 metros, por\u00e9m repleta de solu\u00e7\u00f5es inteligentes e um design de vanguarda perfeito para 2024.<\/p>\n<p>Acredito que a ess\u00eancia de um bom projeto arquitet\u00f4nico est\u00e1 em sua capacidade de <b>maximizar o espa\u00e7o dispon\u00edvel<\/b>, transformando cada cent\u00edmetro em uma oportunidade de criar ambientes funcionais e acolhedores. E \u00e9 exatamente isso que buscamos alcan\u00e7ar com esta casa.<\/p>\n<h3>O Encanto do Telhado Abobadado<\/h3>\n<p>Um dos destaques deste projeto \u00e9, sem d\u00favida, o <b>impressionante telhado abobadado<\/b>, tamb\u00e9m conhecido como telhado capela. Este estilo arquitet\u00f4nico confere uma beleza \u00fanica ao ambiente interno, criando uma atmosfera aconchegante e sofisticada.<\/p>\n<p>Ao adentrar a casa, <b>voc\u00ea ser\u00e1 imediatamente cativado pela sensa\u00e7\u00e3o de amplitude<\/b> proporcionada por este telhado majestoso. A linha curva do teto adiciona uma camada de eleg\u00e2ncia e charme, enquanto a ilumina\u00e7\u00e3o natural flui suavemente, preenchendo cada canto com uma luminosidade acolhedora.<\/p>\n<h3>O Mezanino: Maximizando o Espa\u00e7o<\/h3>\n<figure style=\"width: 1024px\" class=\"wp-caption aligncenter\"><img decoding=\"async\" src=\"https:\/\/www.aarquiteta.com.br\/blog\/wp-content\/uploads\/2024\/05\/Transforme-sua-casa-em-um-oasis-moderno03.jpg\" alt=\"Transforme sua casa em um o\u00e1sis moderno com esta incr\u00edvel remodela\u00e7\u00e3o de 4x6m com mezanino.\" width=\"1024\" height=\"1024\" title=\"\"><figcaption class=\"wp-caption-text\">Transforme sua casa em um o\u00e1sis moderno com esta incr\u00edvel remodela\u00e7\u00e3o de 4x6m com mezanino.<\/figcaption><\/figure>\n<p>Agora, permita-me gui\u00e1-lo para o cora\u00e7\u00e3o deste projeto: <b>o incr\u00edvel mezanino<\/b>. Com dimens\u00f5es surpreendentes de at\u00e9 3,74 metros de altura, este espa\u00e7o \u00e9 uma verdadeira joia arquitet\u00f4nica, pronta para ser moldada de acordo com suas necessidades e prefer\u00eancias.<\/p>\n<p>Imagine <b>um cantinho aconchegante para trabalhar em casa<\/b>, com uma mesa espa\u00e7osa e uma vista deslumbrante para a \u00e1rea de estar abaixo. Ou, se preferir, transforme-o em um ref\u00fagio de leitura ou um espa\u00e7o de lazer, onde voc\u00ea pode se entregar ao descanso e \u00e0 tranquilidade.<\/p>\n<h3>Espa\u00e7os Bem Distribu\u00eddos e Funcionais<\/h3>\n<p>Mas n\u00e3o para por a\u00ed! <b>Este projeto foi cuidadosamente projetado para otimizar cada cent\u00edmetro<\/b>, garantindo que cada \u00e1rea seja perfeitamente integrada e funcional.<\/p>\n<p>A cozinha compacta, por\u00e9m eficiente, oferece espa\u00e7o suficiente para acomodar todos os eletrodom\u00e9sticos essenciais e uma \u00e1rea de trabalho pr\u00e1tica. O banheiro, por sua vez, surpreende com sua sensa\u00e7\u00e3o de amplitude, gra\u00e7as a solu\u00e7\u00f5es inteligentes de design.<\/p>\n<h3>Tend\u00eancias de Decora\u00e7\u00e3o para 2024<\/h3>\n<figure style=\"width: 1024px\" class=\"wp-caption aligncenter\"><img decoding=\"async\" src=\"https:\/\/www.aarquiteta.com.br\/blog\/wp-content\/uploads\/2024\/05\/Transforme-sua-casa-em-um-oasis-moderno04.jpg\" alt=\"Transforme sua casa em um o\u00e1sis moderno com esta incr\u00edvel remodela\u00e7\u00e3o de 4x6m com mezanino.\" width=\"1024\" height=\"1024\" title=\"\"><figcaption class=\"wp-caption-text\">Transforme sua casa em um o\u00e1sis moderno com esta incr\u00edvel remodela\u00e7\u00e3o de 4x6m com mezanino.<\/figcaption><\/figure>\n<p>Agora, vamos falar sobre as <b>tend\u00eancias de decora\u00e7\u00e3o que ser\u00e3o destaque em 2024<\/b>. Este projeto foi cuidadosamente concebido para incorporar elementos de estilo modernos e vanguardistas, garantindo que sua casa esteja na crista da onda do design.<\/p>\n<p>Dos <b>acabamentos minimalistas aos toques de madeira natural<\/b>, cada detalhe foi pensado para criar uma atmosfera acolhedora e sofisticada. As linhas limpas e os tons neutros se fundem harmoniosamente, proporcionando um ambiente sereno e elegante.<\/p>\n<h3>Versatilidade e Adaptabilidade<\/h3>\n<p>Uma das grandes vantagens deste projeto \u00e9 sua <b>versatilidade incr\u00edvel<\/b>. Seja voc\u00ea um casal rec\u00e9m-casado procurando um lar aconchegante, uma pessoa solteira em busca de um ref\u00fagio urbano ou mesmo uma fam\u00edlia em crescimento, esta casa se adapta perfeitamente \u00e0s suas necessidades.<\/p>\n<p>Com <b>solu\u00e7\u00f5es inteligentes de m\u00f3veis multifuncionais<\/b> e a possibilidade de personalizar cada espa\u00e7o de acordo com seu estilo de vida, voc\u00ea ter\u00e1 a liberdade de moldar este lar \u00e0 sua imagem e semelhan\u00e7a.<\/p>\n<h3>Sustentabilidade e Efici\u00eancia Energ\u00e9tica<\/h3>\n<h3><b>veja mais informa\u00e7\u00f5es sobre o tema do artigo no v\u00eddeo abaixo!<\/b><\/h3>\n<p>Caso seja necess\u00e1rio, ative as legendas em Portugu\u00eas Brasil, nas configura\u00e7\u00f5es do v\u00eddeo e aproveite!<\/p>\n<p><div class=\"youtube-embed\" data-video_id=\"80Jpdka_154\"><iframe title=\"Casa 4X6 metros - com mezanino, House 4X6m, Casa para alugar, Mini casa decorada\" width=\"696\" height=\"392\" src=\"https:\/\/www.youtube.com\/embed\/80Jpdka_154?feature=oembed&#038;enablejsapi=1\" frameborder=\"0\" allow=\"accelerometer; autoplay; clipboard-write; encrypted-media; gyroscope; picture-in-picture; web-share\" referrerpolicy=\"strict-origin-when-cross-origin\" allowfullscreen><\/iframe><\/div>\n<\/p>\n<p>Espero que tenha encontrado o v\u00eddeo informativo e enriquecedor. <\/p>\n<p>Se gostou do conte\u00fado, n\u00e3o deixe de deslizar para baixo e explorar mais dicas e insights valiosos como este. <\/p>\n<p>Estamos sempre aqui para oferecer informa\u00e7\u00f5es \u00fateis e inspiradoras para voc\u00ea!<\/p>\n<p>Em um mundo cada vez mais consciente em rela\u00e7\u00e3o \u00e0 preserva\u00e7\u00e3o do meio ambiente, <b>este projeto n\u00e3o deixa de lado a sustentabilidade<\/b>. Atrav\u00e9s da incorpora\u00e7\u00e3o de materiais ecol\u00f3gicos, sistemas eficientes de ilumina\u00e7\u00e3o e ventila\u00e7\u00e3o natural, voc\u00ea ter\u00e1 a oportunidade de reduzir sua pegada de carbono sem abrir m\u00e3o do conforto e do estilo.<\/p>\n<h3>Transformando Seu Sonho em Realidade<\/h3>\n<p>Agora que voc\u00ea conhece todos os detalhes deste projeto vision\u00e1rio, \u00e9 hora de <b>transformar seu sonho em realidade<\/b>. Conte com a expertise de profissionais qualificados para orient\u00e1-lo neste processo e garanta que cada aspecto seja executado com precis\u00e3o e qualidade.<\/p>\n<p>Lembre-se: esta \u00e9 a sua oportunidade de criar um lar verdadeiramente \u00fanico e atemporal, um ref\u00fagio que reflete sua personalidade e estilo de vida. Ent\u00e3o, <b>n\u00e3o hesite em embarcar nesta jornada emocionante<\/b> e descubra o verdadeiro potencial de viver em um espa\u00e7o compacto e repleto de encantos.<\/p>\n<h3>Conclus\u00e3o<\/h3>\n<figure style=\"width: 1024px\" class=\"wp-caption aligncenter\"><img decoding=\"async\" src=\"https:\/\/www.aarquiteta.com.br\/blog\/wp-content\/uploads\/2024\/05\/Transforme-sua-casa-em-um-oasis-moderno02.jpg\" alt=\"Transforme sua casa em um o\u00e1sis moderno com esta incr\u00edvel remodela\u00e7\u00e3o de 4x6m com mezanino.\" width=\"1024\" height=\"1024\" title=\"\"><figcaption class=\"wp-caption-text\">Transforme sua casa em um o\u00e1sis moderno com esta incr\u00edvel remodela\u00e7\u00e3o de 4x6m com mezanino.<\/figcaption><\/figure>\n<p>Este projeto de casa de 4&#215;6 metros com mezanino e decora\u00e7\u00e3o moderna para 2024 \u00e9 muito mais do que apenas uma constru\u00e7\u00e3o \u2013 <b>\u00e9 uma obra-prima arquitet\u00f4nica que combina funcionalidade, estilo e sustentabilidade<\/b>. Aqui, cada detalhe foi cuidadosamente pensado para maximizar o espa\u00e7o dispon\u00edvel e criar ambientes acolhedores e inspiradores.<\/p>\n<p>Ent\u00e3o, <b>abrace esta oportunidade \u00fanica de viver em um lar verdadeiramente excepcional<\/b>, onde a beleza do design se funde com a praticidade do dia a dia. Permita-se sonhar e transforme esse sonho em realidade com a ajuda dos melhores profissionais do ramo. A jornada promete ser emocionante e gratificante!<\/p>\n","protected":false},"excerpt":{"rendered":"<p>Transforme sua casa em um o\u00e1sis moderno com esta incr\u00edvel remodela\u00e7\u00e3o de 4x6m com mezanino.<\/p>\n","protected":false},"author":102,"featured_media":113972,"comment_status":"closed","ping_status":"closed","sticky":false,"template":"","format":"standard","meta":{"footnotes":""},"categories":[249],"tags":[],"class_list":["post-113976","post","type-post","status-publish","format-standard","has-post-thumbnail","category-engenharia-e-construcao-civil"],"_wp_attached_file":null,"_wp_attachment_metadata":null,"_wp_attachment_context":null,"_wp_attachment_is_custom_header":null,"geo_longitude":null,"geo_public":null,"geo_latitude":null,"_publicize_done_external":null,"_wpas_done_3897181":null,"publicize_twitter_user":null,"_wpas_done_3897175":null,"_wpas_skip_3897181":null,"_wpas_skip_3897175":null,"_wpas_skip_3924723":null,"_wpas_mess":null,"_wpas_done_3924723":null,"wps_subtitle":"","_links":{"self":[{"href":"https:\/\/www.aarquiteta.com.br\/blog\/wp-json\/wp\/v2\/posts\/113976","targetHints":{"allow":["GET"]}}],"collection":[{"href":"https:\/\/www.aarquiteta.com.br\/blog\/wp-json\/wp\/v2\/posts"}],"about":[{"href":"https:\/\/www.aarquiteta.com.br\/blog\/wp-json\/wp\/v2\/types\/post"}],"author":[{"embeddable":true,"href":"https:\/\/www.aarquiteta.com.br\/blog\/wp-json\/wp\/v2\/users\/102"}],"replies":[{"embeddable":true,"href":"https:\/\/www.aarquiteta.com.br\/blog\/wp-json\/wp\/v2\/comments?post=113976"}],"version-history":[{"count":0,"href":"https:\/\/www.aarquiteta.com.br\/blog\/wp-json\/wp\/v2\/posts\/113976\/revisions"}],"wp:featuredmedia":[{"embeddable":true,"href":"https:\/\/www.aarquiteta.com.br\/blog\/wp-json\/wp\/v2\/media\/113972"}],"wp:attachment":[{"href":"https:\/\/www.aarquiteta.com.br\/blog\/wp-json\/wp\/v2\/media?parent=113976"}],"wp:term":[{"taxonomy":"category","embeddable":true,"href":"https:\/\/www.aarquiteta.com.br\/blog\/wp-json\/wp\/v2\/categories?post=113976"},{"taxonomy":"post_tag","embeddable":true,"href":"https:\/\/www.aarquiteta.com.br\/blog\/wp-json\/wp\/v2\/tags?post=113976"}],"curies":[{"name":"wp","href":"https:\/\/api.w.org\/{rel}","templated":true}]}}