{"id":113893,"date":"2024-05-28T14:47:13","date_gmt":"2024-05-28T17:47:13","guid":{"rendered":"https:\/\/www.aarquiteta.com.br\/blog\/5-nichos-estilosos-para-organizar-quartos-pequenos\/"},"modified":"2024-05-28T14:47:13","modified_gmt":"2024-05-28T17:47:13","slug":"5-nichos-estilosos-para-organizar-quartos-pequenos","status":"publish","type":"post","link":"https:\/\/www.aarquiteta.com.br\/blog\/5-nichos-estilosos-para-organizar-quartos-pequenos\/","title":{"rendered":"5 Nichos Estilosos para Organizar Quartos Pequenos"},"content":{"rendered":"<p>Nichos s\u00e3o elementos arquitet\u00f4nicos que trazem charme, personalidade e <b>funcionalidade<\/b> para os ambientes. Essas cavidades embutidas nas paredes ou divis\u00f3rias podem ser utilizadas para exibir objetos decorativos, livros ou simplesmente criar espa\u00e7os de destaque. Neste artigo, exploraremos <b>diferentes tipos de nichos<\/b> e como eles podem transformar qualquer canto em algo especial.<\/p>\n<h2>1. Nicho de Parede<\/h2>\n<p>Os nichos de parede s\u00e3o os mais tradicionais e vers\u00e1teis. Perfeitos para <b>salas de estar, quartos ou at\u00e9 mesmo banheiros<\/b>, eles podem ser constru\u00eddos em diversas formas e tamanhos. Retangulares, quadrados ou arredondados, esses nichos trazem um toque de sofistica\u00e7\u00e3o e permitem expor aqueles objetos que tanto amamos.<\/p>\n<h3>Dicas para Nichos de Parede<\/h3>\n<figure style=\"width: 1024px\" class=\"wp-caption aligncenter\"><img decoding=\"async\" src=\"https:\/\/www.aarquiteta.com.br\/blog\/wp-content\/uploads\/2024\/05\/5-Nichos-Estilosos-para-Organizar-Quartos-Pequenos04.jpg\" alt=\"5 Nichos Estilosos para Organizar Quartos Pequenos\" width=\"1024\" height=\"1024\" title=\"\"><figcaption class=\"wp-caption-text\">5 Nichos Estilosos para Organizar Quartos Pequenos<\/figcaption><\/figure>\n<p>Ao planejar um nicho de parede, lembre-se de considerar a altura ideal para o uso pretendido. <b>Nichos mais baixos<\/b> s\u00e3o \u00f3timos para exibir plantas ou esculturas, enquanto os mais altos podem acomodar livros ou pe\u00e7as maiores. Ilumina\u00e7\u00e3o embutida \u00e9 sempre uma boa ideia, criando um efeito aconchegante e valorizando o que est\u00e1 exposto.<\/p>\n<h2>2. Nicho Suspenso<\/h2>\n<p>Para os amantes de um estilo mais <b>moderno e clean<\/b>, os nichos suspensos s\u00e3o a escolha perfeita. Fixados diretamente na parede, sem qualquer apoio inferior, eles criam a ilus\u00e3o de objetos flutuantes. Ideais para <b>salas de jantar, home offices ou at\u00e9 mesmo cozinhas<\/b>, esses nichos trazem um toque de sofistica\u00e7\u00e3o e minimalismo.<\/p>\n<h3>Ousadia nos Nichos Suspensos<\/h3>\n<figure style=\"width: 1024px\" class=\"wp-caption aligncenter\"><img decoding=\"async\" src=\"https:\/\/www.aarquiteta.com.br\/blog\/wp-content\/uploads\/2024\/05\/5-Nichos-Estilosos-para-Organizar-Quartos-Pequenos03.jpg\" alt=\"5 Nichos Estilosos para Organizar Quartos Pequenos\" width=\"1024\" height=\"1024\" title=\"\"><figcaption class=\"wp-caption-text\">5 Nichos Estilosos para Organizar Quartos Pequenos<\/figcaption><\/figure>\n<p>N\u00e3o tenha medo de ousar com os nichos suspensos! Experimente diferentes formatos, como c\u00edrculos ou hex\u00e1gonos, e combine-os com <b>ilumina\u00e7\u00e3o indireta<\/b> para criar um efeito verdadeiramente deslumbrante. Esses nichos tamb\u00e9m podem ser usados como prateleiras funcionais, exibindo livros, plantas ou at\u00e9 mesmo pequenos objetos decorativos.<\/p>\n<h2>3. Nicho Embutido<\/h2>\n<p>Os nichos embutidos s\u00e3o perfeitos para <b>aproveitar cada cent\u00edmetro<\/b> do seu espa\u00e7o. Discretos e integrados \u00e0s paredes, eles se tornam verdadeiros <b>aliados na organiza\u00e7\u00e3o<\/b>. Ideais para guardar itens de uso di\u00e1rio, como toalhas de banho ou at\u00e9 mesmo mantimentos na cozinha, esses nichos trazem praticidade e estilo.<\/p>\n<h3>Criatividade nos Nichos Embutidos<\/h3>\n<style id=\"wp_carousel_dynamic_css102741\">.sp-wp-carousel-free-id-102741.wpcf-fancybox-wrapper .fancybox-bg{background: #0b0b0b;opacity: 0.8;}.sp-wp-carousel-free-id-102741.wpcf-fancybox-wrapper .fancybox-navigation .fancybox-button .wpcp-fancybox-nav-arrow i {color: #ccc;}.sp-wp-carousel-free-id-102741.wpcf-fancybox-wrapper .fancybox-navigation .fancybox-button .wpcp-fancybox-nav-arrow i:hover {color: #fff;}.sp-wp-carousel-free-id-102741.wpcf-fancybox-wrapper .fancybox-navigation .fancybox-button {background: #1e1e1e;}.sp-wp-carousel-free-id-102741.wpcf-fancybox-wrapper .fancybox-navigation .fancybox-button:hover {background: #1e1e1e;}#sp-wp-carousel-free-id-102741 .wpcp-swiper-dots {margin: 40px 0px 0px 0px;}.wpcp-wrapper-102741 .swiper-wrapper .swiper-slide-kenburn, .wpcp-wrapper-102741 .swiper-wrapper, .wpcp-wrapper-102741 .wpcpro-row{align-items: center;}#sp-wp-carousel-free-id-102741 .wpcp-single-item {box-shadow: 0px 0px 0px 0px #dddddd;transition: all .3s;margin: 0px;}#sp-wp-carousel-free-id-102741.swiper-flip .wpcp-single-item{margin: 0!important;}#sp-wp-carousel-free-id-102741 .wpcp-single-item:hover {box-shadow: 0px 0px 0px 0px #dddddd;}#sp-wp-carousel-free-id-102741.sp-wpcp-102741 .wpcp-single-item {border: 1px solid #dddddd;}#sp-wp-carousel-free-id-102741.sp-wpcp-102741 .swiper-button-prev,#sp-wp-carousel-free-id-102741.sp-wpcp-102741 .swiper-button-next,#sp-wp-carousel-free-id-102741.sp-wpcp-102741 .swiper-button-prev:hover,#sp-wp-carousel-free-id-102741.sp-wpcp-102741 .swiper-button-next:hover {background: none;border: none;font-size: 30px;}#sp-wp-carousel-free-id-102741.sp-wpcp-102741 .swiper-button-prev i,#sp-wp-carousel-free-id-102741.sp-wpcp-102741 .swiper-button-next i {color: #aaa;}#sp-wp-carousel-free-id-102741.sp-wpcp-102741 .swiper-button-prev i:hover,#sp-wp-carousel-free-id-102741.sp-wpcp-102741 .swiper-button-next i:hover {color: #178087;}#sp-wp-carousel-free-id-102741.sp-wpcp-102741 .wpcp-swiper-dots .swiper-pagination-bullet {background-color: #cccccc;}#sp-wp-carousel-free-id-102741.sp-wpcp-102741 .wpcp-swiper-dots .swiper-pagination-bullet.swiper-pagination-bullet-active {background-color: #178087;} #sp-wp-carousel-free-id-102741.sp-wpcp-102741.wpcp-image-carousel .wpcp-single-item:hover img, #sp-wp-carousel-free-id-102741.sp-wpcp-102741.wpcp-post-carousel .wpcp-single-item:hover img, #sp-wp-carousel-free-id-102741.sp-wpcp-102741.wpcp-product-carousel .wpcp-single-item:hover img{-webkit-transform: scale(1.2);-moz-transform: scale(1.2);transform: scale(1.2);}#sp-wp-carousel-free-id-102741 .wpcpro-row>[class*=\"wpcpro-col-\"] { padding: 0 10px; padding-bottom: 20px;} #sp-wp-carousel-free-id-102741 .swiper-slide .single-item-fade:not(:last-child) { margin-right: 20px;}@media (min-width: 480px) { .wpcpro-row .wpcpro-col-sm-1 { flex: 0 0 100%; max-width: 100%; } .wpcpro-row .wpcpro-col-sm-2 { flex: 0 0 50%; max-width: 50%; } .wpcpro-row .wpcpro-col-sm-2-5 { flex: 0 0 75%; max-width: 75%; } .wpcpro-row .wpcpro-col-sm-3 { flex: 0 0 33.333%; max-width: 33.333%; } .wpcpro-row .wpcpro-col-sm-4 { flex: 0 0 25%; max-width: 25%; } .wpcpro-row .wpcpro-col-sm-5 { flex: 0 0 20%; max-width: 20%; } .wpcpro-row .wpcpro-col-sm-6 { flex: 0 0 16.66666666666667%; max-width: 16.66666666666667%; } .wpcpro-row .wpcpro-col-sm-7 { flex: 0 0 14.28571428%; max-width: 14.28571428%; } .wpcpro-row .wpcpro-col-sm-8 { flex: 0 0 12.5%; max-width: 12.5%; } } @media (max-width: 480px) { .wpcpro-row .wpcpro-col-xs-1 { flex: 0 0 100%; max-width: 100%; } .wpcpro-row .wpcpro-col-xs-2 { flex: 0 0 50%; max-width: 50%; } .wpcpro-row .wpcpro-col-xs-3 { flex: 0 0 33.222%; max-width: 33.222%; } .wpcpro-row .wpcpro-col-xs-4 { flex: 0 0 25%; max-width: 25%; } .wpcpro-row .wpcpro-col-xs-5 { flex: 0 0 20%; max-width: 20%; } .wpcpro-row .wpcpro-col-xs-6 { flex: 0 0 16.6667%; max-width: 16.6667%; } .wpcpro-row .wpcpro-col-xs-7 { flex: 0 0 14.28571428%; max-width: 14.28571428%; } .wpcpro-row .wpcpro-col-xs-8 { flex: 0 0 12.5%; max-width: 12.5%; } } @media (min-width: 736px) { .wpcpro-row .wpcpro-col-md-1 { flex: 0 0 100%; max-width: 100%; } .wpcpro-row .wpcpro-col-md-2 { flex: 0 0 50%; max-width: 50%; } .wpcpro-row .wpcpro-col-md-2-5 { flex: 0 0 75%; max-width: 75%; } .wpcpro-row .wpcpro-col-md-3 { flex: 0 0 33.333%; max-width: 33.333%; } .wpcpro-row .wpcpro-col-md-4 { flex: 0 0 25%; max-width: 25%; } .wpcpro-row .wpcpro-col-md-5 { flex: 0 0 20%; max-width: 20%; } .wpcpro-row .wpcpro-col-md-6 { flex: 0 0 16.66666666666667%; max-width: 16.66666666666667%; } .wpcpro-row .wpcpro-col-md-7 { flex: 0 0 14.28571428%; max-width: 14.28571428%; } .wpcpro-row .wpcpro-col-md-8 { flex: 0 0 12.5%; max-width: 12.5%; } } @media (min-width: 980px) { .wpcpro-row .wpcpro-col-lg-1 { flex: 0 0 100%; max-width: 100%; } .wpcpro-row .wpcpro-col-lg-2 { flex: 0 0 50%; max-width: 50%; } .wpcpro-row .wpcpro-col-lg-3 { flex: 0 0 33.222%; max-width: 33.222%; } .wpcpro-row .wpcpro-col-lg-4 { flex: 0 0 25%; max-width: 25%; } .wpcpro-row .wpcpro-col-lg-5 { flex: 0 0 20%; max-width: 20%; } .wpcpro-row .wpcpro-col-lg-6 { flex: 0 0 16.6667%; max-width: 16.6667%; } .wpcpro-row .wpcpro-col-lg-7 { flex: 0 0 14.28571428%; max-width: 14.28571428%; } .wpcpro-row .wpcpro-col-lg-8 { flex: 0 0 12.5%; max-width: 12.5%; } } @media (min-width: 1200px) { .wpcpro-row .wpcpro-col-xl-1 { flex: 0 0 100%; max-width: 100%; } .wpcpro-row .wpcpro-col-xl-2 { flex: 0 0 50%; max-width: 50%; } .wpcpro-row .wpcpro-col-xl-3 { flex: 0 0 33.22222222%; max-width: 33.22222222%; } .wpcpro-row .wpcpro-col-xl-4 { flex: 0 0 25%; max-width: 25%; } .wpcpro-row .wpcpro-col-xl-5 { flex: 0 0 20%; max-width: 20%; } .wpcpro-row .wpcpro-col-xl-6 { flex: 0 0 16.66667%; max-width: 16.66667%; } .wpcpro-row .wpcpro-col-xl-7 { flex: 0 0 14.28571428%; max-width: 14.28571428%; } .wpcpro-row .wpcpro-col-xl-8 { flex: 0 0 12.5%; max-width: 12.5%; } }<\/style><div class=\"wpcp-carousel-wrapper wpcp-wrapper-102741\">\n\t<div id=\"wpcp-preloader-102741\" class=\"wpcp-carousel-preloader\"><img decoding=\"async\" src=\"https:\/\/www.aarquiteta.com.br\/blog\/wp-content\/plugins\/wp-carousel-free\/public\/css\/spinner.svg\" alt=\"Preloader Image\" title=\"\"><\/div>\t<div class=\"wpcp-carousel-content-wrapper\">\n\t<div id=\"sp-wp-carousel-free-id-102741\" class=\"wpcp-carousel-section sp-wpcp-102741  nav-vertical-center wpcp-image-carousel wpcp-preloader wpcp-standard\" data-swiper='{ &quot;pagination_type&quot;: &quot;dots&quot;,&quot;accessibility&quot;:true, &quot;spaceBetween&quot;:20, &quot;arrows&quot;:false, &quot;freeMode&quot;: false, &quot;autoplay&quot;:true, &quot;effect&quot;: &quot;&quot;, &quot;centerMode&quot;: false, &quot;autoplaySpeed&quot;:3000, &quot;dots&quot;:true, &quot;infinite&quot;:true, &quot;speed&quot;:600, &quot;pauseOnHover&quot;:true,\n\t\t\t&quot;slidesToShow&quot;:{&quot;lg_desktop&quot;:5, &quot;desktop&quot;: 4, &quot;laptop&quot;: 3, &quot;tablet&quot;: 2, &quot;mobile&quot;: 1}, &quot;responsive&quot;:{&quot;desktop&quot;:1200, &quot;laptop&quot;: 980, &quot;tablet&quot;: 736, &quot;mobile&quot;: 480}, &quot;rtl&quot;:false, &quot;lazyLoad&quot;: &quot;false&quot;, &quot;swipe&quot;: true, &quot;draggable&quot;: true, &quot;swipeToSlide&quot;:false }' dir=\"ltr\">\n\t\t<div class=\"swiper-wrapper\">\n\t\t<div class=\"swiper-slide\">\n\t<div class=\"wpcp-single-item\">\n\t\t\t<a class=\"wcp-light-box\" data-buttons='[\"close\"]' data-wpc_url='https:\/\/www.aarquiteta.com.br\/blog\/wp-content\/uploads\/2023\/12\/cortina-para-quarto-de-menino01.jpg' href=\"https:\/\/www.aarquiteta.com.br\/blog\/wp-content\/uploads\/2023\/12\/cortina-para-quarto-de-menino01.jpg\" data-fancybox=\"wpcp_view\">\n\t\t<figure>\n\t\t\t<img decoding=\"async\" class=\"skip-lazy\" src=\"https:\/\/www.aarquiteta.com.br\/blog\/wp-content\/uploads\/2023\/12\/cortina-para-quarto-de-menino01.jpg\" alt=\"cortina para quarto de menino\" width=\"1024\" height=\"1024\" title=\"\">\t\t<\/figure>\n\t<\/a>\n\t\t<\/div>\n<\/div>\n\t<div class=\"swiper-slide\">\n\t<div class=\"wpcp-single-item\">\n\t\t\t<a class=\"wcp-light-box\" data-buttons='[\"close\"]' data-wpc_url='https:\/\/www.aarquiteta.com.br\/blog\/wp-content\/uploads\/2023\/12\/cortinas-para-quarto01.jpg' href=\"https:\/\/www.aarquiteta.com.br\/blog\/wp-content\/uploads\/2023\/12\/cortinas-para-quarto01.jpg\" data-fancybox=\"wpcp_view\">\n\t\t<figure>\n\t\t\t<img decoding=\"async\" class=\"skip-lazy\" src=\"https:\/\/www.aarquiteta.com.br\/blog\/wp-content\/uploads\/2023\/12\/cortinas-para-quarto01.jpg\" alt=\"cortinas para quarto\" width=\"1024\" height=\"1024\" title=\"\">\t\t<\/figure>\n\t<\/a>\n\t\t<\/div>\n<\/div>\n\t<div class=\"swiper-slide\">\n\t<div class=\"wpcp-single-item\">\n\t\t\t<a class=\"wcp-light-box\" data-buttons='[\"close\"]' data-wpc_url='https:\/\/www.aarquiteta.com.br\/blog\/wp-content\/uploads\/2023\/11\/cabeceira-de-cama-ripada-4.jpg' href=\"https:\/\/www.aarquiteta.com.br\/blog\/wp-content\/uploads\/2023\/11\/cabeceira-de-cama-ripada-4.jpg\" data-fancybox=\"wpcp_view\">\n\t\t<figure>\n\t\t\t<img decoding=\"async\" class=\"skip-lazy\" src=\"https:\/\/www.aarquiteta.com.br\/blog\/wp-content\/uploads\/2023\/11\/cabeceira-de-cama-ripada-4.jpg\" alt=\"Cabeceira Ripada: 5 Ideias Para Modernizar e Aconchegar Seu Quarto.\" width=\"1200\" height=\"1200\" title=\"\">\t\t<\/figure>\n\t<\/a>\n\t\t<\/div>\n<\/div>\n\t<div class=\"swiper-slide\">\n\t<div class=\"wpcp-single-item\">\n\t\t\t<a class=\"wcp-light-box\" data-buttons='[\"close\"]' data-wpc_url='https:\/\/www.aarquiteta.com.br\/blog\/wp-content\/uploads\/2023\/10\/quarto-de-solteiro-decorado04.jpg' href=\"https:\/\/www.aarquiteta.com.br\/blog\/wp-content\/uploads\/2023\/10\/quarto-de-solteiro-decorado04.jpg\" data-fancybox=\"wpcp_view\">\n\t\t<figure>\n\t\t\t<img decoding=\"async\" class=\"skip-lazy\" src=\"https:\/\/www.aarquiteta.com.br\/blog\/wp-content\/uploads\/2023\/10\/quarto-de-solteiro-decorado04.jpg\" alt=\"quarto de solteiro decorado\" width=\"1024\" height=\"1024\" title=\"\">\t\t<\/figure>\n\t<\/a>\n\t\t<\/div>\n<\/div>\n\t<div class=\"swiper-slide\">\n\t<div class=\"wpcp-single-item\">\n\t\t\t<a class=\"wcp-light-box\" data-buttons='[\"close\"]' data-wpc_url='https:\/\/www.aarquiteta.com.br\/blog\/wp-content\/uploads\/2023\/10\/nichos-para-quarto03.jpg' href=\"https:\/\/www.aarquiteta.com.br\/blog\/wp-content\/uploads\/2023\/10\/nichos-para-quarto03.jpg\" data-fancybox=\"wpcp_view\">\n\t\t<figure>\n\t\t\t<img decoding=\"async\" class=\"skip-lazy\" src=\"https:\/\/www.aarquiteta.com.br\/blog\/wp-content\/uploads\/2023\/10\/nichos-para-quarto03.jpg\" alt=\"nichos para quarto\" width=\"1024\" height=\"1024\" title=\"\">\t\t<\/figure>\n\t<\/a>\n\t\t<\/div>\n<\/div>\n\t<div class=\"swiper-slide\">\n\t<div class=\"wpcp-single-item\">\n\t\t\t<a class=\"wcp-light-box\" data-buttons='[\"close\"]' data-wpc_url='https:\/\/www.aarquiteta.com.br\/blog\/wp-content\/uploads\/2023\/10\/cortina-para-quarto-de-bebe03.jpg' href=\"https:\/\/www.aarquiteta.com.br\/blog\/wp-content\/uploads\/2023\/10\/cortina-para-quarto-de-bebe03.jpg\" data-fancybox=\"wpcp_view\">\n\t\t<figure>\n\t\t\t<img decoding=\"async\" class=\"skip-lazy\" src=\"https:\/\/www.aarquiteta.com.br\/blog\/wp-content\/uploads\/2023\/10\/cortina-para-quarto-de-bebe03.jpg\" alt=\"cortina para quarto de beb\u00ea\" width=\"1024\" height=\"1024\" title=\"\">\t\t<\/figure>\n\t<\/a>\n\t\t<\/div>\n<\/div>\n\t<div class=\"swiper-slide\">\n\t<div class=\"wpcp-single-item\">\n\t\t\t<a class=\"wcp-light-box\" data-buttons='[\"close\"]' data-wpc_url='https:\/\/www.aarquiteta.com.br\/blog\/wp-content\/uploads\/2023\/10\/cortina-para-quarto-de-bebe01.jpg' href=\"https:\/\/www.aarquiteta.com.br\/blog\/wp-content\/uploads\/2023\/10\/cortina-para-quarto-de-bebe01.jpg\" data-fancybox=\"wpcp_view\">\n\t\t<figure>\n\t\t\t<img decoding=\"async\" class=\"skip-lazy\" src=\"https:\/\/www.aarquiteta.com.br\/blog\/wp-content\/uploads\/2023\/10\/cortina-para-quarto-de-bebe01.jpg\" alt=\"*Cortina para Quarto de Beb\u00ea: Encante e Proteja com Estilo*\" width=\"1024\" height=\"1024\" title=\"\">\t\t<\/figure>\n\t<\/a>\n\t\t<\/div>\n<\/div>\n\t<div class=\"swiper-slide\">\n\t<div class=\"wpcp-single-item\">\n\t\t\t<a class=\"wcp-light-box\" data-buttons='[\"close\"]' data-wpc_url='https:\/\/www.aarquiteta.com.br\/blog\/wp-content\/uploads\/2023\/10\/adesivos-de-parede-para-quarto01.jpg' href=\"https:\/\/www.aarquiteta.com.br\/blog\/wp-content\/uploads\/2023\/10\/adesivos-de-parede-para-quarto01.jpg\" data-fancybox=\"wpcp_view\">\n\t\t<figure>\n\t\t\t<img decoding=\"async\" class=\"skip-lazy\" src=\"https:\/\/www.aarquiteta.com.br\/blog\/wp-content\/uploads\/2023\/10\/adesivos-de-parede-para-quarto01.jpg\" alt=\"Descubra as melhores formas de adesivos de parede para quarto\" width=\"1024\" height=\"1024\" title=\"\">\t\t<\/figure>\n\t<\/a>\n\t\t<\/div>\n<\/div>\n\t<div class=\"swiper-slide\">\n\t<div class=\"wpcp-single-item\">\n\t\t\t<a class=\"wcp-light-box\" data-buttons='[\"close\"]' data-wpc_url='https:\/\/www.aarquiteta.com.br\/blog\/wp-content\/uploads\/2023\/10\/ideias-para-decoracao-de-quarto-04.jpg' href=\"https:\/\/www.aarquiteta.com.br\/blog\/wp-content\/uploads\/2023\/10\/ideias-para-decoracao-de-quarto-04.jpg\" data-fancybox=\"wpcp_view\">\n\t\t<figure>\n\t\t\t<img decoding=\"async\" class=\"skip-lazy\" src=\"https:\/\/www.aarquiteta.com.br\/blog\/wp-content\/uploads\/2023\/10\/ideias-para-decoracao-de-quarto-04.jpg\" alt=\"Sugest\u00f5es para decora\u00e7\u00e3o de quarto: encontre as melhores ideias online!\" width=\"1024\" height=\"1024\" title=\"\">\t\t<\/figure>\n\t<\/a>\n\t\t<\/div>\n<\/div>\n\t<div class=\"swiper-slide\">\n\t<div class=\"wpcp-single-item\">\n\t\t\t<a class=\"wcp-light-box\" data-buttons='[\"close\"]' data-wpc_url='https:\/\/www.aarquiteta.com.br\/blog\/wp-content\/uploads\/2023\/09\/Ideias-de-decoracao-para-quarto-pequeno-1.jpg' href=\"https:\/\/www.aarquiteta.com.br\/blog\/wp-content\/uploads\/2023\/09\/Ideias-de-decoracao-para-quarto-pequeno-1.jpg\" data-fancybox=\"wpcp_view\">\n\t\t<figure>\n\t\t\t<img decoding=\"async\" class=\"skip-lazy\" src=\"https:\/\/www.aarquiteta.com.br\/blog\/wp-content\/uploads\/2023\/09\/Ideias-de-decoracao-para-quarto-pequeno-1.jpg\" alt=\"Ideias de decora\u00e7\u00e3o para quarto pequeno\" width=\"1024\" height=\"1024\" title=\"\">\t\t<\/figure>\n\t<\/a>\n\t\t<\/div>\n<\/div>\n\t<div class=\"swiper-slide\">\n\t<div class=\"wpcp-single-item\">\n\t\t\t<a class=\"wcp-light-box\" data-buttons='[\"close\"]' data-wpc_url='https:\/\/www.aarquiteta.com.br\/blog\/wp-content\/uploads\/2023\/09\/ideias-para-decoracao-de-quarto-1.jpg' href=\"https:\/\/www.aarquiteta.com.br\/blog\/wp-content\/uploads\/2023\/09\/ideias-para-decoracao-de-quarto-1.jpg\" data-fancybox=\"wpcp_view\">\n\t\t<figure>\n\t\t\t<img decoding=\"async\" class=\"skip-lazy\" src=\"https:\/\/www.aarquiteta.com.br\/blog\/wp-content\/uploads\/2023\/09\/ideias-para-decoracao-de-quarto-1.jpg\" alt=\"ideias para decora\u00e7\u00e3o de quarto\" width=\"1024\" height=\"1024\" title=\"\">\t\t<\/figure>\n\t<\/a>\n\t\t<\/div>\n<\/div>\n\t<div class=\"swiper-slide\">\n\t<div class=\"wpcp-single-item\">\n\t\t\t<a class=\"wcp-light-box\" data-buttons='[\"close\"]' data-wpc_url='https:\/\/www.aarquiteta.com.br\/blog\/wp-content\/uploads\/2023\/09\/ideias-para-decoracao-de-quarto.jpg' href=\"https:\/\/www.aarquiteta.com.br\/blog\/wp-content\/uploads\/2023\/09\/ideias-para-decoracao-de-quarto.jpg\" data-fancybox=\"wpcp_view\">\n\t\t<figure>\n\t\t\t<img decoding=\"async\" class=\"skip-lazy\" src=\"https:\/\/www.aarquiteta.com.br\/blog\/wp-content\/uploads\/2023\/09\/ideias-para-decoracao-de-quarto.jpg\" alt=\"ideias para decora\u00e7\u00e3o de quarto\" width=\"1024\" height=\"1024\" title=\"\">\t\t<\/figure>\n\t<\/a>\n\t\t<\/div>\n<\/div>\n\t<div class=\"swiper-slide\">\n\t<div class=\"wpcp-single-item\">\n\t\t\t<a class=\"wcp-light-box\" data-buttons='[\"close\"]' data-wpc_url='https:\/\/www.aarquiteta.com.br\/blog\/wp-content\/uploads\/2023\/09\/ideias-decoracao-de-quarto-infantil-masculino-simples-e-barato-2.png' href=\"https:\/\/www.aarquiteta.com.br\/blog\/wp-content\/uploads\/2023\/09\/ideias-decoracao-de-quarto-infantil-masculino-simples-e-barato-2.png\" data-fancybox=\"wpcp_view\">\n\t\t<figure>\n\t\t\t<img decoding=\"async\" class=\"skip-lazy\" src=\"https:\/\/www.aarquiteta.com.br\/blog\/wp-content\/uploads\/2023\/09\/ideias-decoracao-de-quarto-infantil-masculino-simples-e-barato-2.png\" alt=\"ideias decora\u00e7\u00e3o de quarto infantil masculino simples e barato\" width=\"1024\" height=\"1024\" title=\"\">\t\t<\/figure>\n\t<\/a>\n\t\t<\/div>\n<\/div>\n\t<div class=\"swiper-slide\">\n\t<div class=\"wpcp-single-item\">\n\t\t\t<a class=\"wcp-light-box\" data-buttons='[\"close\"]' data-wpc_url='https:\/\/www.aarquiteta.com.br\/blog\/wp-content\/uploads\/2023\/09\/Quarto-Feminino.png' href=\"https:\/\/www.aarquiteta.com.br\/blog\/wp-content\/uploads\/2023\/09\/Quarto-Feminino.png\" data-fancybox=\"wpcp_view\">\n\t\t<figure>\n\t\t\t<img decoding=\"async\" class=\"skip-lazy\" src=\"https:\/\/www.aarquiteta.com.br\/blog\/wp-content\/uploads\/2023\/09\/Quarto-Feminino.png\" alt=\"Transforme seu Quarto Feminino: Ideias Inspiradoras para Uma Decora\u00e7\u00e3o Personalizada\" width=\"1024\" height=\"1024\" title=\"\">\t\t<\/figure>\n\t<\/a>\n\t\t<\/div>\n<\/div>\n\t<div class=\"swiper-slide\">\n\t<div class=\"wpcp-single-item\">\n\t\t\t<a class=\"wcp-light-box\" data-buttons='[\"close\"]' data-wpc_url='https:\/\/www.aarquiteta.com.br\/blog\/wp-content\/uploads\/2023\/08\/5-Estampas-para-Transformar-a-Decoracao-do-Seu-Quarto-1.png' href=\"https:\/\/www.aarquiteta.com.br\/blog\/wp-content\/uploads\/2023\/08\/5-Estampas-para-Transformar-a-Decoracao-do-Seu-Quarto-1.png\" data-fancybox=\"wpcp_view\">\n\t\t<figure>\n\t\t\t<img decoding=\"async\" class=\"skip-lazy\" src=\"https:\/\/www.aarquiteta.com.br\/blog\/wp-content\/uploads\/2023\/08\/5-Estampas-para-Transformar-a-Decoracao-do-Seu-Quarto-1.png\" alt=\"5 Estampas para Transformar a Decora\u00e7\u00e3o do Seu Quarto\" width=\"1024\" height=\"1024\" title=\"\">\t\t<\/figure>\n\t<\/a>\n\t\t<\/div>\n<\/div>\n\t<div class=\"swiper-slide\">\n\t<div class=\"wpcp-single-item\">\n\t\t\t<a class=\"wcp-light-box\" data-buttons='[\"close\"]' data-wpc_url='https:\/\/www.aarquiteta.com.br\/blog\/wp-content\/uploads\/2023\/08\/5-Estampas-para-Transformar-a-Decoracao-do-Seu-Quarto.png' href=\"https:\/\/www.aarquiteta.com.br\/blog\/wp-content\/uploads\/2023\/08\/5-Estampas-para-Transformar-a-Decoracao-do-Seu-Quarto.png\" data-fancybox=\"wpcp_view\">\n\t\t<figure>\n\t\t\t<img decoding=\"async\" class=\"skip-lazy\" src=\"https:\/\/www.aarquiteta.com.br\/blog\/wp-content\/uploads\/2023\/08\/5-Estampas-para-Transformar-a-Decoracao-do-Seu-Quarto.png\" alt=\"5 Estampas para Transformar a Decora\u00e7\u00e3o do Seu Quarto\" width=\"1024\" height=\"1024\" title=\"\">\t\t<\/figure>\n\t<\/a>\n\t\t<\/div>\n<\/div>\n\t<div class=\"swiper-slide\">\n\t<div class=\"wpcp-single-item\">\n\t\t\t<a class=\"wcp-light-box\" data-buttons='[\"close\"]' data-wpc_url='https:\/\/www.aarquiteta.com.br\/blog\/wp-content\/uploads\/2023\/08\/Dicas-de-Decoracao-para-um-Quarto-de-Casal-Aconchegante-1.png' href=\"https:\/\/www.aarquiteta.com.br\/blog\/wp-content\/uploads\/2023\/08\/Dicas-de-Decoracao-para-um-Quarto-de-Casal-Aconchegante-1.png\" data-fancybox=\"wpcp_view\">\n\t\t<figure>\n\t\t\t<img decoding=\"async\" class=\"skip-lazy\" src=\"https:\/\/www.aarquiteta.com.br\/blog\/wp-content\/uploads\/2023\/08\/Dicas-de-Decoracao-para-um-Quarto-de-Casal-Aconchegante-1.png\" alt=\"Dicas de Decora\u00e7\u00e3o para um Quarto de Casal Aconchegante.\" width=\"1024\" height=\"1024\" title=\"\">\t\t<\/figure>\n\t<\/a>\n\t\t<\/div>\n<\/div>\n\t<div class=\"swiper-slide\">\n\t<div class=\"wpcp-single-item\">\n\t\t\t<a class=\"wcp-light-box\" data-buttons='[\"close\"]' data-wpc_url='https:\/\/www.aarquiteta.com.br\/blog\/wp-content\/uploads\/2023\/08\/quarto-de-casal-pequeno-decorado-de-forma-economica-e-funcional.png' href=\"https:\/\/www.aarquiteta.com.br\/blog\/wp-content\/uploads\/2023\/08\/quarto-de-casal-pequeno-decorado-de-forma-economica-e-funcional.png\" data-fancybox=\"wpcp_view\">\n\t\t<figure>\n\t\t\t<img decoding=\"async\" class=\"skip-lazy\" src=\"https:\/\/www.aarquiteta.com.br\/blog\/wp-content\/uploads\/2023\/08\/quarto-de-casal-pequeno-decorado-de-forma-economica-e-funcional.png\" alt=\"Quarto de Casal Pequeno? Descubra Como Decorar Gastando Pouco!\" width=\"1024\" height=\"1024\" title=\"\">\t\t<\/figure>\n\t<\/a>\n\t\t<\/div>\n<\/div>\n\t\t\t<\/div>\n\t\t\t\t\t<div class=\"wpcp-swiper-dots swiper-pagination\"><\/div>\n\t\t\t\t<!-- If we need navigation buttons -->\n\t\t\t<\/div>\n\t<\/div>\n<\/div>\n\n<p>N\u00e3o se limite aos formatos tradicionais! Experimente nichos embutidos com <b>curvas suaves<\/b> ou cantos arredondados para trazer um toque de originalidade. Outra op\u00e7\u00e3o divertida \u00e9 criar nichos embutidos tem\u00e1ticos, como uma pequena adega de vinhos ou uma \u00e1rea dedicada aos seus livros favoritos.<\/p>\n<h2>4. Nicho Divis\u00f3ria<\/h2>\n<p>Os nichos divis\u00f3ria s\u00e3o verdadeiros <b>elementos arquitet\u00f4nicos<\/b> que definem \u00e1reas sem a necessidade de paredes s\u00f3lidas. Perfeitos para <b>ambientes integrados<\/b>, eles criam zonas distintas de forma elegante e funcional. Seja em salas de estar ou at\u00e9 mesmo entre a cozinha e a sala de jantar, esses nichos trazem um toque de criatividade e organiza\u00e7\u00e3o.<\/p>\n<h3>Versatilidade dos Nichos Divis\u00f3ria<\/h3>\n<figure style=\"width: 1024px\" class=\"wp-caption aligncenter\"><img decoding=\"async\" src=\"https:\/\/www.aarquiteta.com.br\/blog\/wp-content\/uploads\/2024\/05\/5-Nichos-Estilosos-para-Organizar-Quartos-Pequenos02.jpg\" alt=\"5 Nichos Estilosos para Organizar Quartos Pequenos\" width=\"1024\" height=\"1024\" title=\"\"><figcaption class=\"wp-caption-text\">5 Nichos Estilosos para Organizar Quartos Pequenos<\/figcaption><\/figure>\n<p>A beleza dos nichos divis\u00f3ria est\u00e1 na sua versatilidade. Eles podem ser <b>totalmente abertos<\/b> ou fechados com portas de vidro ou madeira, dependendo das suas necessidades. Al\u00e9m disso, \u00e9 poss\u00edvel combinar diferentes materiais, como pedra, tijolo ou at\u00e9 mesmo concreto aparente, para criar um efeito \u00fanico e personalizado.<\/p>\n<h2>5. Nicho Multifuncional<\/h2>\n<p>Por que ter apenas um nicho quando voc\u00ea pode ter <b>v\u00e1rios em um s\u00f3?<\/b> Os nichos multifuncionais s\u00e3o verdadeiros camale\u00f5es, adaptando-se \u00e0s suas necessidades com criatividade e estilo. Imagine um nicho que possa ser usado como estante, bar ou at\u00e9 mesmo escrivaninha! Essa versatilidade \u00e9 perfeita para <b>espa\u00e7os compactos<\/b>, onde cada cent\u00edmetro precisa ser aproveitado.<\/p>\n<h3>Explorando os Nichos Multifuncionais<\/h3>\n<figure style=\"width: 1024px\" class=\"wp-caption aligncenter\"><img decoding=\"async\" src=\"https:\/\/www.aarquiteta.com.br\/blog\/wp-content\/uploads\/2024\/05\/5-Nichos-Estilosos-para-Organizar-Quartos-Pequenos01.jpg\" alt=\"5 Nichos Estilosos para Organizar Quartos Pequenos\" width=\"1024\" height=\"1024\" title=\"\"><figcaption class=\"wp-caption-text\">5 Nichos Estilosos para Organizar Quartos Pequenos<\/figcaption><\/figure>\n<p>Ao projetar um nicho multifuncional, deixe sua imagina\u00e7\u00e3o fluir! Combina\u00e7\u00f5es inusitadas, como uma <b>estante com bar embutido<\/b>, podem surpreender de forma positiva. Lembre-se de pensar em solu\u00e7\u00f5es inteligentes, como prateleiras girat\u00f3rias ou gavetas ocultas, para maximizar o uso do espa\u00e7o dispon\u00edvel.<\/p>\n<h2>Conclus\u00e3o<\/h2>\n<p>Os nichos s\u00e3o verdadeiros <b>pontos focais<\/b> em qualquer ambiente, trazendo personalidade, funcionalidade e um toque de originalidade. Seja um nicho de parede cl\u00e1ssico ou uma solu\u00e7\u00e3o multifuncional ousada, n\u00e3o tenha medo de explorar essas cavidades arquitet\u00f4nicas. Afinal, eles s\u00e3o a <b>prova de que at\u00e9 os menores detalhes podem transformar um espa\u00e7o<\/b> em algo verdadeiramente especial.<\/p>\n<h3>Assista agora a minha recomenda\u00e7\u00e3o de video abaixo sobre o tema que estamos tratando neste artigo: <\/h3>\n<p><div class=\"youtube-embed\" data-video_id=\"-hUdaNVK02I\"><iframe title=\"Como ter um QUARTO ESTILOSO gastando POUCO\" width=\"696\" height=\"392\" src=\"https:\/\/www.youtube.com\/embed\/-hUdaNVK02I?feature=oembed&#038;enablejsapi=1\" frameborder=\"0\" allow=\"accelerometer; autoplay; clipboard-write; encrypted-media; gyroscope; picture-in-picture; web-share\" referrerpolicy=\"strict-origin-when-cross-origin\" allowfullscreen><\/iframe><\/div>\n<\/p>\n<p style=\"text-align: center;\">[amazon table=&#8221;82965&#8243;]\n","protected":false},"excerpt":{"rendered":"<p>Organize e decore quartos pequenos com cinco solu\u00e7\u00f5es estilosas de nichos.<\/p>\n","protected":false},"author":102,"featured_media":113890,"comment_status":"closed","ping_status":"closed","sticky":false,"template":"","format":"standard","meta":{"footnotes":""},"categories":[1484,971,18792,18794],"tags":[],"class_list":["post-113893","post","type-post","status-publish","format-standard","has-post-thumbnail","category-decoracao","category-design-de-interiores","category-decoracao-de-apartamento","category-projetos-de-decoracao-de-casas"],"_wp_attached_file":null,"_wp_attachment_metadata":null,"_wp_attachment_context":null,"_wp_attachment_is_custom_header":null,"geo_longitude":null,"geo_public":null,"geo_latitude":null,"_publicize_done_external":null,"_wpas_done_3897181":null,"publicize_twitter_user":null,"_wpas_done_3897175":null,"_wpas_skip_3897181":null,"_wpas_skip_3897175":null,"_wpas_skip_3924723":null,"_wpas_mess":null,"_wpas_done_3924723":null,"wps_subtitle":"","_links":{"self":[{"href":"https:\/\/www.aarquiteta.com.br\/blog\/wp-json\/wp\/v2\/posts\/113893","targetHints":{"allow":["GET"]}}],"collection":[{"href":"https:\/\/www.aarquiteta.com.br\/blog\/wp-json\/wp\/v2\/posts"}],"about":[{"href":"https:\/\/www.aarquiteta.com.br\/blog\/wp-json\/wp\/v2\/types\/post"}],"author":[{"embeddable":true,"href":"https:\/\/www.aarquiteta.com.br\/blog\/wp-json\/wp\/v2\/users\/102"}],"replies":[{"embeddable":true,"href":"https:\/\/www.aarquiteta.com.br\/blog\/wp-json\/wp\/v2\/comments?post=113893"}],"version-history":[{"count":0,"href":"https:\/\/www.aarquiteta.com.br\/blog\/wp-json\/wp\/v2\/posts\/113893\/revisions"}],"wp:featuredmedia":[{"embeddable":true,"href":"https:\/\/www.aarquiteta.com.br\/blog\/wp-json\/wp\/v2\/media\/113890"}],"wp:attachment":[{"href":"https:\/\/www.aarquiteta.com.br\/blog\/wp-json\/wp\/v2\/media?parent=113893"}],"wp:term":[{"taxonomy":"category","embeddable":true,"href":"https:\/\/www.aarquiteta.com.br\/blog\/wp-json\/wp\/v2\/categories?post=113893"},{"taxonomy":"post_tag","embeddable":true,"href":"https:\/\/www.aarquiteta.com.br\/blog\/wp-json\/wp\/v2\/tags?post=113893"}],"curies":[{"name":"wp","href":"https:\/\/api.w.org\/{rel}","templated":true}]}}