{"id":113724,"date":"2024-05-24T11:25:07","date_gmt":"2024-05-24T14:25:07","guid":{"rendered":"https:\/\/www.aarquiteta.com.br\/blog\/guia-pratico-como-escolher-o-armario-ideal-para-banheiro-pequeno\/"},"modified":"2024-07-03T15:57:06","modified_gmt":"2024-07-03T18:57:06","slug":"guia-pratico-como-escolher-o-armario-ideal-para-banheiro-pequeno","status":"publish","type":"post","link":"https:\/\/www.aarquiteta.com.br\/blog\/guia-pratico-como-escolher-o-armario-ideal-para-banheiro-pequeno\/","title":{"rendered":"Guia Pr\u00e1tico: Como Escolher o Arm\u00e1rio Ideal para Banheiro Pequeno"},"content":{"rendered":"<p>Ter um banheiro pequeno n\u00e3o significa abrir m\u00e3o da organiza\u00e7\u00e3o e funcionalidade. Com a escolha certa do arm\u00e1rio de banheiro, voc\u00ea pode maximizar o espa\u00e7o dispon\u00edvel e criar um ambiente acolhedor e pr\u00e1tico. Neste guia pr\u00e1tico, vamos explorar dicas valiosas para <b>escolher o arm\u00e1rio ideal para o seu banheiro compacto<\/b>.<\/p>\n<h2>Principais Aspectos a Considerar<\/h2>\n<ul>\n<li><b>Medir o espa\u00e7o dispon\u00edvel<\/b>: Determinar as dimens\u00f5es exatas do local onde o arm\u00e1rio ser\u00e1 instalado \u00e9 o primeiro passo crucial.<\/li>\n<li><b>Escolher o material adequado<\/b>: Opte por materiais resistentes \u00e0 umidade, como madeira tratada ou sistemas de arm\u00e1rios modulares.<\/li>\n<li><b>Priorizar armazenamento vertical<\/b>: Aproveite ao m\u00e1ximo a altura do ambiente com prateleiras e nichos verticais.<\/li>\n<li><b>Portas de correr ou dobradi\u00e7as<\/b>: Avalie qual op\u00e7\u00e3o economiza mais espa\u00e7o e se adapta melhor ao layout do banheiro.<\/li>\n<li><b>Considerar a ilumina\u00e7\u00e3o<\/b>: Um arm\u00e1rio iluminado internamente torna a organiza\u00e7\u00e3o mais f\u00e1cil e agrad\u00e1vel.<\/li>\n<li><b>Cores claras e espelhos<\/b>: Essas op\u00e7\u00f5es ajudam a ampliar visualmente o espa\u00e7o e criar a sensa\u00e7\u00e3o de amplitude.<\/li>\n<\/ul>\n<h2>1. Medir o Espa\u00e7o Dispon\u00edvel<\/h2>\n<h3>Determine as dimens\u00f5es precisas para maximizar o aproveitamento do espa\u00e7o<\/h3>\n<figure style=\"width: 1024px\" class=\"wp-caption aligncenter\"><img decoding=\"async\" src=\"https:\/\/www.aarquiteta.com.br\/blog\/wp-content\/uploads\/2024\/05\/Guia-Pratico-Como-Escolher-o-Armario-Ideal-para-Banheiro-Pequeno04.jpg\" alt=\"Guia Pr\u00e1tico: Como Escolher o Arm\u00e1rio Ideal para Banheiro Pequeno\" width=\"1024\" height=\"1024\" title=\"\"><figcaption class=\"wp-caption-text\">Guia Pr\u00e1tico: Como Escolher o Arm\u00e1rio Ideal para Banheiro Pequeno<\/figcaption><\/figure>\n<p>Antes de qualquer coisa, \u00e9 fundamental <b>medir com precis\u00e3o o espa\u00e7o dispon\u00edvel<\/b> no seu banheiro. Anote as medidas de altura, largura e profundidade do local onde deseja instalar o arm\u00e1rio. Lembre-se de levar em considera\u00e7\u00e3o aberturas de portas, janelas e outros obst\u00e1culos que possam interferir na instala\u00e7\u00e3o.<\/p>\n<p>Ao ter essas medidas em m\u00e3os, voc\u00ea poder\u00e1 <b>escolher um arm\u00e1rio que se encaixe perfeitamente no espa\u00e7o<\/b>, evitando desperd\u00edcios e garantindo um visual harm\u00f4nico. Al\u00e9m disso, \u00e9 importante avaliar se h\u00e1 espa\u00e7o suficiente para abrir as portas do arm\u00e1rio sem problemas ou se uma solu\u00e7\u00e3o de portas de correr seria mais adequada.<\/p>\n<h2>2. Escolher o Material Adequado<\/h2>\n<h3>Durabilidade e resist\u00eancia \u00e0 umidade s\u00e3o essenciais em um banheiro<\/h3>\n<figure style=\"width: 1024px\" class=\"wp-caption aligncenter\"><img decoding=\"async\" src=\"https:\/\/www.aarquiteta.com.br\/blog\/wp-content\/uploads\/2024\/05\/Guia-Pratico-Como-Escolher-o-Armario-Ideal-para-Banheiro-Pequeno03.jpg\" alt=\"Guia Pr\u00e1tico: Como Escolher o Arm\u00e1rio Ideal para Banheiro Pequeno\" width=\"1024\" height=\"1024\" title=\"\"><figcaption class=\"wp-caption-text\">Guia Pr\u00e1tico: Como Escolher o Arm\u00e1rio Ideal para Banheiro Pequeno<\/figcaption><\/figure>\n<p>O banheiro \u00e9 um ambiente sujeito a altos n\u00edveis de umidade, por isso, <b>escolher um material resistente e dur\u00e1vel<\/b> para o arm\u00e1rio \u00e9 fundamental. Madeira tratada, como o MDF (Medium Density Fiberboard), \u00e9 uma op\u00e7\u00e3o popular, pois \u00e9 resistente \u00e0 umidade e oferece \u00f3tima rela\u00e7\u00e3o custo-benef\u00edcio.<\/p>\n<p>Outra alternativa excelente s\u00e3o os sistemas de arm\u00e1rios modulares, geralmente feitos de materiais pl\u00e1sticos ou met\u00e1licos. Esses sistemas <b>permitem configura\u00e7\u00f5es personalizadas<\/b>, adequando-se perfeitamente ao espa\u00e7o dispon\u00edvel no seu banheiro. Al\u00e9m disso, muitos deles s\u00e3o resistentes \u00e0 corros\u00e3o e \u00e0 umidade, garantindo uma longa vida \u00fatil.<\/p>\n<h2>3. Priorizar Armazenamento Vertical<\/h2>\n<h3>Aproveite cada cent\u00edmetro de altura para maximizar o espa\u00e7o de armazenamento<\/h3>\n<style id=\"wp_carousel_dynamic_css104047\">.sp-wp-carousel-free-id-104047.wpcf-fancybox-wrapper .fancybox-bg{background: #0b0b0b;opacity: 0.8;}.sp-wp-carousel-free-id-104047.wpcf-fancybox-wrapper .fancybox-navigation .fancybox-button .wpcp-fancybox-nav-arrow i {color: #ccc;}.sp-wp-carousel-free-id-104047.wpcf-fancybox-wrapper .fancybox-navigation .fancybox-button .wpcp-fancybox-nav-arrow i:hover {color: #fff;}.sp-wp-carousel-free-id-104047.wpcf-fancybox-wrapper .fancybox-navigation .fancybox-button {background: #1e1e1e;}.sp-wp-carousel-free-id-104047.wpcf-fancybox-wrapper .fancybox-navigation .fancybox-button:hover {background: #1e1e1e;}#sp-wp-carousel-free-id-104047 .wpcp-swiper-dots {margin: 40px 0px 0px 0px;}.wpcp-wrapper-104047 .swiper-wrapper .swiper-slide-kenburn, .wpcp-wrapper-104047 .swiper-wrapper, .wpcp-wrapper-104047 .wpcpro-row{align-items: center;}#sp-wp-carousel-free-id-104047 .wpcp-single-item {box-shadow: 0px 0px 0px 0px #dddddd;transition: all .3s;margin: 0px;}#sp-wp-carousel-free-id-104047.swiper-flip .wpcp-single-item{margin: 0!important;}#sp-wp-carousel-free-id-104047 .wpcp-single-item:hover {box-shadow: 0px 0px 0px 0px #dddddd;}#sp-wp-carousel-free-id-104047.sp-wpcp-104047 .wpcp-single-item {border: 1px solid #dddddd;}#sp-wp-carousel-free-id-104047.sp-wpcp-104047 .swiper-button-prev,#sp-wp-carousel-free-id-104047.sp-wpcp-104047 .swiper-button-next,#sp-wp-carousel-free-id-104047.sp-wpcp-104047 .swiper-button-prev:hover,#sp-wp-carousel-free-id-104047.sp-wpcp-104047 .swiper-button-next:hover {background: none;border: none;font-size: 30px;}#sp-wp-carousel-free-id-104047.sp-wpcp-104047 .swiper-button-prev i,#sp-wp-carousel-free-id-104047.sp-wpcp-104047 .swiper-button-next i {color: #aaa;}#sp-wp-carousel-free-id-104047.sp-wpcp-104047 .swiper-button-prev i:hover,#sp-wp-carousel-free-id-104047.sp-wpcp-104047 .swiper-button-next i:hover {color: #178087;}#sp-wp-carousel-free-id-104047.sp-wpcp-104047 .wpcp-swiper-dots .swiper-pagination-bullet {background-color: #cccccc;}#sp-wp-carousel-free-id-104047.sp-wpcp-104047 .wpcp-swiper-dots .swiper-pagination-bullet.swiper-pagination-bullet-active {background-color: #178087;} #sp-wp-carousel-free-id-104047.sp-wpcp-104047.wpcp-image-carousel .wpcp-single-item:hover img, #sp-wp-carousel-free-id-104047.sp-wpcp-104047.wpcp-post-carousel .wpcp-single-item:hover img, #sp-wp-carousel-free-id-104047.sp-wpcp-104047.wpcp-product-carousel .wpcp-single-item:hover img{-webkit-transform: scale(1.2);-moz-transform: scale(1.2);transform: scale(1.2);}#sp-wp-carousel-free-id-104047 .wpcpro-row>[class*=\"wpcpro-col-\"] { padding: 0 10px; padding-bottom: 20px;} #sp-wp-carousel-free-id-104047 .swiper-slide .single-item-fade:not(:last-child) { margin-right: 20px;}@media (min-width: 480px) { .wpcpro-row .wpcpro-col-sm-1 { flex: 0 0 100%; max-width: 100%; } .wpcpro-row .wpcpro-col-sm-2 { flex: 0 0 50%; max-width: 50%; } .wpcpro-row .wpcpro-col-sm-2-5 { flex: 0 0 75%; max-width: 75%; } .wpcpro-row .wpcpro-col-sm-3 { flex: 0 0 33.333%; max-width: 33.333%; } .wpcpro-row .wpcpro-col-sm-4 { flex: 0 0 25%; max-width: 25%; } .wpcpro-row .wpcpro-col-sm-5 { flex: 0 0 20%; max-width: 20%; } .wpcpro-row .wpcpro-col-sm-6 { flex: 0 0 16.66666666666667%; max-width: 16.66666666666667%; } .wpcpro-row .wpcpro-col-sm-7 { flex: 0 0 14.28571428%; max-width: 14.28571428%; } .wpcpro-row .wpcpro-col-sm-8 { flex: 0 0 12.5%; max-width: 12.5%; } } @media (max-width: 480px) { .wpcpro-row .wpcpro-col-xs-1 { flex: 0 0 100%; max-width: 100%; } .wpcpro-row .wpcpro-col-xs-2 { flex: 0 0 50%; max-width: 50%; } .wpcpro-row .wpcpro-col-xs-3 { flex: 0 0 33.222%; max-width: 33.222%; } .wpcpro-row .wpcpro-col-xs-4 { flex: 0 0 25%; max-width: 25%; } .wpcpro-row .wpcpro-col-xs-5 { flex: 0 0 20%; max-width: 20%; } .wpcpro-row .wpcpro-col-xs-6 { flex: 0 0 16.6667%; max-width: 16.6667%; } .wpcpro-row .wpcpro-col-xs-7 { flex: 0 0 14.28571428%; max-width: 14.28571428%; } .wpcpro-row .wpcpro-col-xs-8 { flex: 0 0 12.5%; max-width: 12.5%; } } @media (min-width: 736px) { .wpcpro-row .wpcpro-col-md-1 { flex: 0 0 100%; max-width: 100%; } .wpcpro-row .wpcpro-col-md-2 { flex: 0 0 50%; max-width: 50%; } .wpcpro-row .wpcpro-col-md-2-5 { flex: 0 0 75%; max-width: 75%; } .wpcpro-row .wpcpro-col-md-3 { flex: 0 0 33.333%; max-width: 33.333%; } .wpcpro-row .wpcpro-col-md-4 { flex: 0 0 25%; max-width: 25%; } .wpcpro-row .wpcpro-col-md-5 { flex: 0 0 20%; max-width: 20%; } .wpcpro-row .wpcpro-col-md-6 { flex: 0 0 16.66666666666667%; max-width: 16.66666666666667%; } .wpcpro-row .wpcpro-col-md-7 { flex: 0 0 14.28571428%; max-width: 14.28571428%; } .wpcpro-row .wpcpro-col-md-8 { flex: 0 0 12.5%; max-width: 12.5%; } } @media (min-width: 980px) { .wpcpro-row .wpcpro-col-lg-1 { flex: 0 0 100%; max-width: 100%; } .wpcpro-row .wpcpro-col-lg-2 { flex: 0 0 50%; max-width: 50%; } .wpcpro-row .wpcpro-col-lg-3 { flex: 0 0 33.222%; max-width: 33.222%; } .wpcpro-row .wpcpro-col-lg-4 { flex: 0 0 25%; max-width: 25%; } .wpcpro-row .wpcpro-col-lg-5 { flex: 0 0 20%; max-width: 20%; } .wpcpro-row .wpcpro-col-lg-6 { flex: 0 0 16.6667%; max-width: 16.6667%; } .wpcpro-row .wpcpro-col-lg-7 { flex: 0 0 14.28571428%; max-width: 14.28571428%; } .wpcpro-row .wpcpro-col-lg-8 { flex: 0 0 12.5%; max-width: 12.5%; } } @media (min-width: 1200px) { .wpcpro-row .wpcpro-col-xl-1 { flex: 0 0 100%; max-width: 100%; } .wpcpro-row .wpcpro-col-xl-2 { flex: 0 0 50%; max-width: 50%; } .wpcpro-row .wpcpro-col-xl-3 { flex: 0 0 33.22222222%; max-width: 33.22222222%; } .wpcpro-row .wpcpro-col-xl-4 { flex: 0 0 25%; max-width: 25%; } .wpcpro-row .wpcpro-col-xl-5 { flex: 0 0 20%; max-width: 20%; } .wpcpro-row .wpcpro-col-xl-6 { flex: 0 0 16.66667%; max-width: 16.66667%; } .wpcpro-row .wpcpro-col-xl-7 { flex: 0 0 14.28571428%; max-width: 14.28571428%; } .wpcpro-row .wpcpro-col-xl-8 { flex: 0 0 12.5%; max-width: 12.5%; } }<\/style><div class=\"wpcp-carousel-wrapper wpcp-wrapper-104047\">\n\t<div id=\"wpcp-preloader-104047\" class=\"wpcp-carousel-preloader\"><img decoding=\"async\" src=\"https:\/\/www.aarquiteta.com.br\/blog\/wp-content\/plugins\/wp-carousel-free\/public\/css\/spinner.svg\" alt=\"Preloader Image\" title=\"\"><\/div>\t<div class=\"wpcp-carousel-content-wrapper\">\n\t<div id=\"sp-wp-carousel-free-id-104047\" class=\"wpcp-carousel-section sp-wpcp-104047  nav-vertical-center wpcp-image-carousel wpcp-preloader wpcp-standard\" data-swiper='{ &quot;pagination_type&quot;: &quot;dots&quot;,&quot;accessibility&quot;:true, &quot;spaceBetween&quot;:20, &quot;arrows&quot;:false, &quot;freeMode&quot;: false, &quot;autoplay&quot;:true, &quot;effect&quot;: &quot;&quot;, &quot;centerMode&quot;: false, &quot;autoplaySpeed&quot;:3000, &quot;dots&quot;:true, &quot;infinite&quot;:true, &quot;speed&quot;:600, &quot;pauseOnHover&quot;:true,\n\t\t\t&quot;slidesToShow&quot;:{&quot;lg_desktop&quot;:5, &quot;desktop&quot;: 4, &quot;laptop&quot;: 3, &quot;tablet&quot;: 2, &quot;mobile&quot;: 1}, &quot;responsive&quot;:{&quot;desktop&quot;:1200, &quot;laptop&quot;: 980, &quot;tablet&quot;: 736, &quot;mobile&quot;: 480}, &quot;rtl&quot;:false, &quot;lazyLoad&quot;: &quot;false&quot;, &quot;swipe&quot;: true, &quot;draggable&quot;: true, &quot;swipeToSlide&quot;:false }' dir=\"ltr\">\n\t\t<div class=\"swiper-wrapper\">\n\t\t<div class=\"swiper-slide\">\n\t<div class=\"wpcp-single-item\">\n\t\t\t<a class=\"wcp-light-box\" data-buttons='[\"close\"]' data-wpc_url='https:\/\/www.aarquiteta.com.br\/blog\/wp-content\/uploads\/2023\/12\/transforme-seu-banheiro-em-um-espaco-charmoso01.jpg' href=\"https:\/\/www.aarquiteta.com.br\/blog\/wp-content\/uploads\/2023\/12\/transforme-seu-banheiro-em-um-espaco-charmoso01.jpg\" data-fancybox=\"wpcp_view\">\n\t\t<figure>\n\t\t\t<img decoding=\"async\" class=\"skip-lazy\" src=\"https:\/\/www.aarquiteta.com.br\/blog\/wp-content\/uploads\/2023\/12\/transforme-seu-banheiro-em-um-espaco-charmoso01.jpg\" alt=\"transforme-seu-banheiro-em-um-espaco-charmoso\" width=\"1024\" height=\"1024\" title=\"\">\t\t<\/figure>\n\t<\/a>\n\t\t<\/div>\n<\/div>\n\t<div class=\"swiper-slide\">\n\t<div class=\"wpcp-single-item\">\n\t\t\t<a class=\"wcp-light-box\" data-buttons='[\"close\"]' data-wpc_url='https:\/\/www.aarquiteta.com.br\/blog\/wp-content\/uploads\/2023\/12\/5-ideias-para-ter-um-banheiro-planejado-funcional-e-bonito04.jpg' href=\"https:\/\/www.aarquiteta.com.br\/blog\/wp-content\/uploads\/2023\/12\/5-ideias-para-ter-um-banheiro-planejado-funcional-e-bonito04.jpg\" data-fancybox=\"wpcp_view\">\n\t\t<figure>\n\t\t\t<img decoding=\"async\" class=\"skip-lazy\" src=\"https:\/\/www.aarquiteta.com.br\/blog\/wp-content\/uploads\/2023\/12\/5-ideias-para-ter-um-banheiro-planejado-funcional-e-bonito04.jpg\" alt=\"5 ideias para ter um banheiro planejado funcional e bonito\" width=\"1024\" height=\"1024\" title=\"\">\t\t<\/figure>\n\t<\/a>\n\t\t<\/div>\n<\/div>\n\t<div class=\"swiper-slide\">\n\t<div class=\"wpcp-single-item\">\n\t\t\t<a class=\"wcp-light-box\" data-buttons='[\"close\"]' data-wpc_url='https:\/\/www.aarquiteta.com.br\/blog\/wp-content\/uploads\/2023\/12\/5-ideias-para-ter-um-banheiro-planejado-funcional-e-bonito01.jpg' href=\"https:\/\/www.aarquiteta.com.br\/blog\/wp-content\/uploads\/2023\/12\/5-ideias-para-ter-um-banheiro-planejado-funcional-e-bonito01.jpg\" data-fancybox=\"wpcp_view\">\n\t\t<figure>\n\t\t\t<img decoding=\"async\" class=\"skip-lazy\" src=\"https:\/\/www.aarquiteta.com.br\/blog\/wp-content\/uploads\/2023\/12\/5-ideias-para-ter-um-banheiro-planejado-funcional-e-bonito01.jpg\" alt=\"5 ideias para ter um banheiro planejado funcional e bonito\" width=\"1024\" height=\"1024\" title=\"\">\t\t<\/figure>\n\t<\/a>\n\t\t<\/div>\n<\/div>\n\t<div class=\"swiper-slide\">\n\t<div class=\"wpcp-single-item\">\n\t\t\t<a class=\"wcp-light-box\" data-buttons='[\"close\"]' data-wpc_url='https:\/\/www.aarquiteta.com.br\/blog\/wp-content\/uploads\/2023\/11\/piso-para-banheiro04.jpg' href=\"https:\/\/www.aarquiteta.com.br\/blog\/wp-content\/uploads\/2023\/11\/piso-para-banheiro04.jpg\" data-fancybox=\"wpcp_view\">\n\t\t<figure>\n\t\t\t<img decoding=\"async\" class=\"skip-lazy\" src=\"https:\/\/www.aarquiteta.com.br\/blog\/wp-content\/uploads\/2023\/11\/piso-para-banheiro04.jpg\" alt=\"piso para banheiro\" width=\"1024\" height=\"1024\" title=\"\">\t\t<\/figure>\n\t<\/a>\n\t\t<\/div>\n<\/div>\n\t<div class=\"swiper-slide\">\n\t<div class=\"wpcp-single-item\">\n\t\t\t<a class=\"wcp-light-box\" data-buttons='[\"close\"]' data-wpc_url='https:\/\/www.aarquiteta.com.br\/blog\/wp-content\/uploads\/2023\/11\/plantas-para-banheiro03.jpg' href=\"https:\/\/www.aarquiteta.com.br\/blog\/wp-content\/uploads\/2023\/11\/plantas-para-banheiro03.jpg\" data-fancybox=\"wpcp_view\">\n\t\t<figure>\n\t\t\t<img decoding=\"async\" class=\"skip-lazy\" src=\"https:\/\/www.aarquiteta.com.br\/blog\/wp-content\/uploads\/2023\/11\/plantas-para-banheiro03.jpg\" alt=\"plantas para banheiro\" width=\"1024\" height=\"1024\" title=\"\">\t\t<\/figure>\n\t<\/a>\n\t\t<\/div>\n<\/div>\n\t<div class=\"swiper-slide\">\n\t<div class=\"wpcp-single-item\">\n\t\t\t<a class=\"wcp-light-box\" data-buttons='[\"close\"]' data-wpc_url='https:\/\/www.aarquiteta.com.br\/blog\/wp-content\/uploads\/2023\/10\/Banheiro-compacto-solucoes-inovadoras-para-otimizar-seu-espaco03.jpg' href=\"https:\/\/www.aarquiteta.com.br\/blog\/wp-content\/uploads\/2023\/10\/Banheiro-compacto-solucoes-inovadoras-para-otimizar-seu-espaco03.jpg\" data-fancybox=\"wpcp_view\">\n\t\t<figure>\n\t\t\t<img decoding=\"async\" class=\"skip-lazy\" src=\"https:\/\/www.aarquiteta.com.br\/blog\/wp-content\/uploads\/2023\/10\/Banheiro-compacto-solucoes-inovadoras-para-otimizar-seu-espaco03.jpg\" alt=\"Banheiro compacto: solu\u00e7\u00f5es inovadoras para otimizar seu espa\u00e7o\" width=\"1024\" height=\"1024\" title=\"\">\t\t<\/figure>\n\t<\/a>\n\t\t<\/div>\n<\/div>\n\t<div class=\"swiper-slide\">\n\t<div class=\"wpcp-single-item\">\n\t\t\t<a class=\"wcp-light-box\" data-buttons='[\"close\"]' data-wpc_url='https:\/\/www.aarquiteta.com.br\/blog\/wp-content\/uploads\/2023\/10\/Como-Escolher-o-Armario-de-Banheiro-Ideal-para-Espacos-Pequenos01.jpg' href=\"https:\/\/www.aarquiteta.com.br\/blog\/wp-content\/uploads\/2023\/10\/Como-Escolher-o-Armario-de-Banheiro-Ideal-para-Espacos-Pequenos01.jpg\" data-fancybox=\"wpcp_view\">\n\t\t<figure>\n\t\t\t<img decoding=\"async\" class=\"skip-lazy\" src=\"https:\/\/www.aarquiteta.com.br\/blog\/wp-content\/uploads\/2023\/10\/Como-Escolher-o-Armario-de-Banheiro-Ideal-para-Espacos-Pequenos01.jpg\" alt=\"Como Escolher o Arm\u00e1rio de Banheiro Ideal para Espa\u00e7os Pequenos\" width=\"1024\" height=\"1024\" title=\"\">\t\t<\/figure>\n\t<\/a>\n\t\t<\/div>\n<\/div>\n\t<div class=\"swiper-slide\">\n\t<div class=\"wpcp-single-item\">\n\t\t\t<a class=\"wcp-light-box\" data-buttons='[\"close\"]' data-wpc_url='https:\/\/www.aarquiteta.com.br\/blog\/wp-content\/uploads\/2023\/10\/espelho-no-banheiro03.jpg' href=\"https:\/\/www.aarquiteta.com.br\/blog\/wp-content\/uploads\/2023\/10\/espelho-no-banheiro03.jpg\" data-fancybox=\"wpcp_view\">\n\t\t<figure>\n\t\t\t<img decoding=\"async\" class=\"skip-lazy\" src=\"https:\/\/www.aarquiteta.com.br\/blog\/wp-content\/uploads\/2023\/10\/espelho-no-banheiro03.jpg\" alt=\"espelho no banheiro\" width=\"1024\" height=\"1024\" title=\"\">\t\t<\/figure>\n\t<\/a>\n\t\t<\/div>\n<\/div>\n\t<div class=\"swiper-slide\">\n\t<div class=\"wpcp-single-item\">\n\t\t\t<a class=\"wcp-light-box\" data-buttons='[\"close\"]' data-wpc_url='https:\/\/www.aarquiteta.com.br\/blog\/wp-content\/uploads\/2023\/10\/espelho-no-banheiro02.jpg' href=\"https:\/\/www.aarquiteta.com.br\/blog\/wp-content\/uploads\/2023\/10\/espelho-no-banheiro02.jpg\" data-fancybox=\"wpcp_view\">\n\t\t<figure>\n\t\t\t<img decoding=\"async\" class=\"skip-lazy\" src=\"https:\/\/www.aarquiteta.com.br\/blog\/wp-content\/uploads\/2023\/10\/espelho-no-banheiro02.jpg\" alt=\"espelho no banheiro\" width=\"1024\" height=\"1024\" title=\"\">\t\t<\/figure>\n\t<\/a>\n\t\t<\/div>\n<\/div>\n\t<div class=\"swiper-slide\">\n\t<div class=\"wpcp-single-item\">\n\t\t\t<a class=\"wcp-light-box\" data-buttons='[\"close\"]' data-wpc_url='https:\/\/www.aarquiteta.com.br\/blog\/wp-content\/uploads\/2023\/10\/closet-com-banheiro01.jpg' href=\"https:\/\/www.aarquiteta.com.br\/blog\/wp-content\/uploads\/2023\/10\/closet-com-banheiro01.jpg\" data-fancybox=\"wpcp_view\">\n\t\t<figure>\n\t\t\t<img decoding=\"async\" class=\"skip-lazy\" src=\"https:\/\/www.aarquiteta.com.br\/blog\/wp-content\/uploads\/2023\/10\/closet-com-banheiro01.jpg\" alt=\"closet com banheiro\" width=\"1024\" height=\"1024\" title=\"\">\t\t<\/figure>\n\t<\/a>\n\t\t<\/div>\n<\/div>\n\t<div class=\"swiper-slide\">\n\t<div class=\"wpcp-single-item\">\n\t\t\t<a class=\"wcp-light-box\" data-buttons='[\"close\"]' data-wpc_url='https:\/\/www.aarquiteta.com.br\/blog\/wp-content\/uploads\/2023\/10\/ideias-de-decoracao-para-banheiro-02.jpg' href=\"https:\/\/www.aarquiteta.com.br\/blog\/wp-content\/uploads\/2023\/10\/ideias-de-decoracao-para-banheiro-02.jpg\" data-fancybox=\"wpcp_view\">\n\t\t<figure>\n\t\t\t<img decoding=\"async\" class=\"skip-lazy\" src=\"https:\/\/www.aarquiteta.com.br\/blog\/wp-content\/uploads\/2023\/10\/ideias-de-decoracao-para-banheiro-02.jpg\" alt=\"Ideias de Decora\u00e7\u00e3o para Banheiro: Sugest\u00f5es Criativas e Inspiradoras\" width=\"1024\" height=\"1024\" title=\"\">\t\t<\/figure>\n\t<\/a>\n\t\t<\/div>\n<\/div>\n\t<div class=\"swiper-slide\">\n\t<div class=\"wpcp-single-item\">\n\t\t\t<a class=\"wcp-light-box\" data-buttons='[\"close\"]' data-wpc_url='https:\/\/www.aarquiteta.com.br\/blog\/wp-content\/uploads\/2023\/10\/ideias-para-decorar-banheiro-02.jpg' href=\"https:\/\/www.aarquiteta.com.br\/blog\/wp-content\/uploads\/2023\/10\/ideias-para-decorar-banheiro-02.jpg\" data-fancybox=\"wpcp_view\">\n\t\t<figure>\n\t\t\t<img decoding=\"async\" class=\"skip-lazy\" src=\"https:\/\/www.aarquiteta.com.br\/blog\/wp-content\/uploads\/2023\/10\/ideias-para-decorar-banheiro-02.jpg\" alt=\"Ideias para Decorar Banheiro: Instru\u00e7\u00f5es e Sugest\u00f5es para Ambientes Aconchegantes e Modernos\" width=\"1024\" height=\"1024\" title=\"\">\t\t<\/figure>\n\t<\/a>\n\t\t<\/div>\n<\/div>\n\t<div class=\"swiper-slide\">\n\t<div class=\"wpcp-single-item\">\n\t\t\t<a class=\"wcp-light-box\" data-buttons='[\"close\"]' data-wpc_url='https:\/\/www.aarquiteta.com.br\/blog\/wp-content\/uploads\/2023\/09\/ideias-de-decoracao-para-banheiro-1.jpg' href=\"https:\/\/www.aarquiteta.com.br\/blog\/wp-content\/uploads\/2023\/09\/ideias-de-decoracao-para-banheiro-1.jpg\" data-fancybox=\"wpcp_view\">\n\t\t<figure>\n\t\t\t<img decoding=\"async\" class=\"skip-lazy\" src=\"https:\/\/www.aarquiteta.com.br\/blog\/wp-content\/uploads\/2023\/09\/ideias-de-decoracao-para-banheiro-1.jpg\" alt=\"ideias de decoracao para banheiro\" width=\"1024\" height=\"1024\" title=\"\">\t\t<\/figure>\n\t<\/a>\n\t\t<\/div>\n<\/div>\n\t<div class=\"swiper-slide\">\n\t<div class=\"wpcp-single-item\">\n\t\t\t<a class=\"wcp-light-box\" data-buttons='[\"close\"]' data-wpc_url='https:\/\/www.aarquiteta.com.br\/blog\/wp-content\/uploads\/2023\/09\/banheiro-simples-pequeno-e-barato-1.png' href=\"https:\/\/www.aarquiteta.com.br\/blog\/wp-content\/uploads\/2023\/09\/banheiro-simples-pequeno-e-barato-1.png\" data-fancybox=\"wpcp_view\">\n\t\t<figure>\n\t\t\t<img decoding=\"async\" class=\"skip-lazy\" src=\"https:\/\/www.aarquiteta.com.br\/blog\/wp-content\/uploads\/2023\/09\/banheiro-simples-pequeno-e-barato-1.png\" alt=\"Banheiro Pequeno e barato: 5 dicas para Transformar seu Espa\u00e7o sem gastar muito.\" width=\"1024\" height=\"1024\" title=\"\">\t\t<\/figure>\n\t<\/a>\n\t\t<\/div>\n<\/div>\n\t\t\t<\/div>\n\t\t\t\t\t<div class=\"wpcp-swiper-dots swiper-pagination\"><\/div>\n\t\t\t\t<!-- If we need navigation buttons -->\n\t\t\t<\/div>\n\t<\/div>\n<\/div>\n\n<p>Em um banheiro pequeno, <b>aproveitar a altura<\/b> \u00e9 essencial para criar espa\u00e7os de armazenamento inteligentes. Arm\u00e1rios com prateleiras verticais e nichos permitem organizar itens de higiene pessoal, toalhas e outros acess\u00f3rios de forma eficiente, sem ocupar espa\u00e7o precioso no ch\u00e3o.<\/p>\n<p>Voc\u00ea tamb\u00e9m pode considerar a instala\u00e7\u00e3o de arm\u00e1rios suspensos, que <b>deixam o ch\u00e3o livre<\/b> e criam uma sensa\u00e7\u00e3o de amplitude visual. Outra op\u00e7\u00e3o interessante \u00e9 combinar arm\u00e1rios superiores e inferiores, maximizando o aproveitamento do espa\u00e7o desde o teto at\u00e9 o piso.<\/p>\n<h2>4. Optar por Portas de Correr ou Dobradi\u00e7as<\/h2>\n<h3>Escolha a solu\u00e7\u00e3o mais adequada para o fluxo de movimento no banheiro<\/h3>\n<figure style=\"width: 1024px\" class=\"wp-caption aligncenter\"><img decoding=\"async\" src=\"https:\/\/www.aarquiteta.com.br\/blog\/wp-content\/uploads\/2024\/05\/Guia-Pratico-Como-Escolher-o-Armario-Ideal-para-Banheiro-Pequeno02.jpg\" alt=\"Guia Pr\u00e1tico: Como Escolher o Arm\u00e1rio Ideal para Banheiro Pequeno\" width=\"1024\" height=\"1024\" title=\"\"><figcaption class=\"wp-caption-text\">Guia Pr\u00e1tico: Como Escolher o Arm\u00e1rio Ideal para Banheiro Pequeno<\/figcaption><\/figure>\n<p>Em banheiros compactos, <b>cada cent\u00edmetro conta<\/b>. Por isso, a escolha entre portas de correr ou portas com dobradi\u00e7as pode fazer uma grande diferen\u00e7a no aproveitamento do espa\u00e7o.<\/p>\n<p>As portas de correr s\u00e3o uma excelente op\u00e7\u00e3o quando h\u00e1 pouco espa\u00e7o para a abertura de portas convencionais. Elas <b>deslizam suavemente sobre trilhos<\/b>, economizando espa\u00e7o valioso no banheiro. No entanto, \u00e9 importante considerar o acesso \u00e0s prateleiras internas, que pode ficar comprometido com essa solu\u00e7\u00e3o.<\/p>\n<p>Por outro lado, as portas com dobradi\u00e7as oferecem <b>acesso total ao interior do arm\u00e1rio<\/b>, facilitando a organiza\u00e7\u00e3o e o alcance dos itens armazenados. No entanto, elas requerem espa\u00e7o para a abertura, o que pode ser um desafio em banheiros muito pequenos.<\/p>\n<h2>5. Considerar a Ilumina\u00e7\u00e3o do Ambiente<\/h2>\n<h3>Um arm\u00e1rio iluminado torna a organiza\u00e7\u00e3o mais f\u00e1cil e agrad\u00e1vel<\/h3>\n<figure style=\"width: 1024px\" class=\"wp-caption aligncenter\"><img decoding=\"async\" src=\"https:\/\/www.aarquiteta.com.br\/blog\/wp-content\/uploads\/2024\/05\/Guia-Pratico-Como-Escolher-o-Armario-Ideal-para-Banheiro-Pequeno01.jpg\" alt=\"Guia Pr\u00e1tico: Como Escolher o Arm\u00e1rio Ideal para Banheiro Pequeno\" width=\"1024\" height=\"1024\" title=\"\"><figcaption class=\"wp-caption-text\">Guia Pr\u00e1tico: Como Escolher o Arm\u00e1rio Ideal para Banheiro Pequeno<\/figcaption><\/figure>\n<p>A ilumina\u00e7\u00e3o adequada \u00e9 um fator importante a ser considerado na escolha do arm\u00e1rio de banheiro. <b>Um arm\u00e1rio bem iluminado<\/b> torna a organiza\u00e7\u00e3o dos itens mais f\u00e1cil e agrad\u00e1vel, evitando a sensa\u00e7\u00e3o de ambiente escuro e opressivo.<\/p>\n<p>Voc\u00ea pode optar por arm\u00e1rios com ilumina\u00e7\u00e3o interna, geralmente proporcionada por fitas de LED instaladas nas prateleiras. Essa solu\u00e7\u00e3o <b>cria uma atmosfera aconchegante<\/b> e destaca os itens armazenados, facilitando a localiza\u00e7\u00e3o de produtos.<\/p>\n<p>Outra op\u00e7\u00e3o \u00e9 instalar lumin\u00e1rias externas, como spots de embutir ou arandelas, que iluminem o arm\u00e1rio de forma indireta. Essa alternativa pode ser mais econ\u00f4mica e flex\u00edvel, permitindo ajustes na intensidade e dire\u00e7\u00e3o da ilumina\u00e7\u00e3o conforme a necessidade.<\/p>\n<h2>6. Apostar em Cores Claras e Espelhos<\/h2>\n<h3>Truques visuais para ampliar a sensa\u00e7\u00e3o de espa\u00e7o no banheiro<\/h3>\n<h3>Assista agora a minha recomenda\u00e7\u00e3o de video abaixo sobre o tema que estamos tratando neste artigo: <\/h3>\n<p><div class=\"youtube-embed\" data-video_id=\"Mqp829UZ9KM\"><iframe title=\"Como escolher gabinete de banheiro?\" width=\"696\" height=\"392\" src=\"https:\/\/www.youtube.com\/embed\/Mqp829UZ9KM?feature=oembed&#038;enablejsapi=1\" frameborder=\"0\" allow=\"accelerometer; autoplay; clipboard-write; encrypted-media; gyroscope; picture-in-picture; web-share\" referrerpolicy=\"strict-origin-when-cross-origin\" allowfullscreen><\/iframe><\/div>\n<\/p>\n<p>Al\u00e9m de escolher o arm\u00e1rio certo, algumas <b>t\u00e9cnicas visuais<\/b> podem ajudar a ampliar a percep\u00e7\u00e3o de espa\u00e7o no seu banheiro compacto. Uma delas \u00e9 optar por cores claras, como branco, bege ou tons past\u00e9is, que refletem a luz natural e criam uma sensa\u00e7\u00e3o de amplitude.<\/p>\n<p>Outra estrat\u00e9gia eficaz \u00e9 a <b>instala\u00e7\u00e3o de espelhos<\/b>. Eles refletem a luz e o ambiente, criando a ilus\u00e3o de um espa\u00e7o maior. Voc\u00ea pode instalar um grande espelho sobre a pia ou optar por portas espelhadas no arm\u00e1rio, multiplicando visualmente o espa\u00e7o do banheiro.<\/p>\n<h2>Conclus\u00e3o<\/h2>\n<p>Escolher o arm\u00e1rio ideal para um banheiro pequeno \u00e9 uma tarefa que requer <b>planejamento cuidadoso<\/b> e aten\u00e7\u00e3o aos detalhes. Ao seguir as dicas apresentadas neste guia, voc\u00ea poder\u00e1 transformar um espa\u00e7o limitado em um ambiente funcional, organizado e acolhedor. Lembre-se de levar em considera\u00e7\u00e3o as suas necessidades espec\u00edficas, o estilo do banheiro e, acima de tudo, <b>aproveitar cada cent\u00edmetro dispon\u00edvel de forma inteligente<\/b>.<\/p>\n<p style=\"text-align: center;\">[amazon table=&#8221;95676&#8243;]\n","protected":false},"excerpt":{"rendered":"<p>Aprenda a escolher o arm\u00e1rio perfeito para seu banheiro pequeno com nosso guia pr\u00e1tico.<\/p>\n","protected":false},"author":102,"featured_media":113721,"comment_status":"closed","ping_status":"closed","sticky":false,"template":"","format":"standard","meta":{"footnotes":""},"categories":[35414,35384,1484,971,20353,18792,18794],"tags":[],"class_list":["post-113724","post","type-post","status-publish","format-standard","has-post-thumbnail","category-acessorios-para-decoracao","category-armarios-e-aparadores","category-decoracao","category-design-de-interiores","category-home-decor","category-decoracao-de-apartamento","category-projetos-de-decoracao-de-casas"],"_wp_attached_file":null,"_wp_attachment_metadata":null,"_wp_attachment_context":null,"_wp_attachment_is_custom_header":null,"geo_longitude":null,"geo_public":null,"geo_latitude":null,"_publicize_done_external":null,"_wpas_done_3897181":null,"publicize_twitter_user":null,"_wpas_done_3897175":null,"_wpas_skip_3897181":null,"_wpas_skip_3897175":null,"_wpas_skip_3924723":null,"_wpas_mess":null,"_wpas_done_3924723":null,"wps_subtitle":"","_links":{"self":[{"href":"https:\/\/www.aarquiteta.com.br\/blog\/wp-json\/wp\/v2\/posts\/113724","targetHints":{"allow":["GET"]}}],"collection":[{"href":"https:\/\/www.aarquiteta.com.br\/blog\/wp-json\/wp\/v2\/posts"}],"about":[{"href":"https:\/\/www.aarquiteta.com.br\/blog\/wp-json\/wp\/v2\/types\/post"}],"author":[{"embeddable":true,"href":"https:\/\/www.aarquiteta.com.br\/blog\/wp-json\/wp\/v2\/users\/102"}],"replies":[{"embeddable":true,"href":"https:\/\/www.aarquiteta.com.br\/blog\/wp-json\/wp\/v2\/comments?post=113724"}],"version-history":[{"count":0,"href":"https:\/\/www.aarquiteta.com.br\/blog\/wp-json\/wp\/v2\/posts\/113724\/revisions"}],"wp:featuredmedia":[{"embeddable":true,"href":"https:\/\/www.aarquiteta.com.br\/blog\/wp-json\/wp\/v2\/media\/113721"}],"wp:attachment":[{"href":"https:\/\/www.aarquiteta.com.br\/blog\/wp-json\/wp\/v2\/media?parent=113724"}],"wp:term":[{"taxonomy":"category","embeddable":true,"href":"https:\/\/www.aarquiteta.com.br\/blog\/wp-json\/wp\/v2\/categories?post=113724"},{"taxonomy":"post_tag","embeddable":true,"href":"https:\/\/www.aarquiteta.com.br\/blog\/wp-json\/wp\/v2\/tags?post=113724"}],"curies":[{"name":"wp","href":"https:\/\/api.w.org\/{rel}","templated":true}]}}