{"id":113694,"date":"2024-05-23T20:57:58","date_gmt":"2024-05-23T23:57:58","guid":{"rendered":"https:\/\/www.aarquiteta.com.br\/blog\/5-dicas-incriveis-para-transformar-sua-kitnet-em-loft\/"},"modified":"2024-05-23T20:57:58","modified_gmt":"2024-05-23T23:57:58","slug":"5-dicas-incriveis-para-transformar-sua-kitnet-em-loft","status":"publish","type":"post","link":"https:\/\/www.aarquiteta.com.br\/blog\/5-dicas-incriveis-para-transformar-sua-kitnet-em-loft\/","title":{"rendered":"5 dicas incr\u00edveis para transformar sua kitnet em um loft elegante e surpreendente."},"content":{"rendered":"<p>Aqui est\u00e1 um artigo de 500 palavras, escrito em Portugu\u00eas do Brasil, seguindo a estrutura e as orienta\u00e7\u00f5es fornecidas:<\/p>\n<h3>Um Pequeno Loft com Grandes Solu\u00e7\u00f5es<\/h3>\n<p>Com apenas 30 m\u00b2, esse loft se destaca por um <b>design inteligente e funcional<\/b>, provando que espa\u00e7os reduzidos podem ser transformados em verdadeiros ref\u00fagios aconchegantes. Esse projeto \u00e9 um exemplo brilhante de como <b>a criatividade e o planejamento minucioso<\/b> podem superar os desafios impostos por \u00e1reas compactas.<\/p>\n<h3>Tr\u00eas Insights Valiosos<\/h3>\n<figure style=\"width: 1024px\" class=\"wp-caption aligncenter\"><img decoding=\"async\" src=\"https:\/\/www.aarquiteta.com.br\/blog\/wp-content\/uploads\/2024\/05\/5-dicas-incriveis-para-transformar-sua-kitnet-em-loft01.jpg\" alt=\"5 dicas incr\u00edveis para transformar sua kitnet em um loft elegante e surpreendente.\" width=\"1024\" height=\"1024\" title=\"\"><figcaption class=\"wp-caption-text\">5 dicas incr\u00edveis para transformar sua kitnet em um loft elegante e surpreendente.<\/figcaption><\/figure>\n<ul>\n<li>Descubra como <b>aproveitar cada cent\u00edmetro<\/b> de forma eficiente, maximizando o espa\u00e7o dispon\u00edvel.<\/li>\n<li>Conhe\u00e7a <b>solu\u00e7\u00f5es inteligentes de armazenamento<\/b> que manter\u00e3o seu lar organizado e acolhedor.<\/li>\n<li>Inspire-se com <b>ideias criativas de design<\/b> que tornam esse pequeno loft extremamente funcional e esteticamente agrad\u00e1vel.<\/li>\n<\/ul>\n<h3>Planejamento Inteligente: A Chave para o Sucesso<\/h3>\n<p>Ao entrar nesse loft, <b>a sensa\u00e7\u00e3o de amplitude imediatamente me surpreende<\/b>. Cada detalhe foi meticulosamente pensado para criar uma ilus\u00e3o de espa\u00e7o, desde a escolha de cores claras at\u00e9 a disposi\u00e7\u00e3o estrat\u00e9gica dos m\u00f3veis. \u00c9 impressionante como um planejamento criterioso pode transformar completamente a percep\u00e7\u00e3o de uma \u00e1rea limitada.<\/p>\n<h3>Solu\u00e7\u00f5es Criativas de Armazenamento<\/h3>\n<figure style=\"width: 1024px\" class=\"wp-caption aligncenter\"><img decoding=\"async\" src=\"https:\/\/www.aarquiteta.com.br\/blog\/wp-content\/uploads\/2024\/05\/5-dicas-incriveis-para-transformar-sua-kitnet-em-loft03.jpg\" alt=\"5 dicas incr\u00edveis para transformar sua kitnet em um loft elegante e surpreendente.\" width=\"1024\" height=\"1024\" title=\"\"><figcaption class=\"wp-caption-text\">5 dicas incr\u00edveis para transformar sua kitnet em um loft elegante e surpreendente.<\/figcaption><\/figure>\n<p>Um dos maiores desafios em ambientes compactos \u00e9 encontrar espa\u00e7o suficiente para acomodar todas as nossas necessidades. <b>Nesse loft, as solu\u00e7\u00f5es de armazenamento inteligentes roubam a cena<\/b>. Desde nichos embutidos nas paredes at\u00e9 arm\u00e1rios sob medida, cada cent\u00edmetro quadrado \u00e9 aproveitado de forma brilhante. \u00c9 simplesmente incr\u00edvel como esses truques de design conseguem manter tudo organizado e acess\u00edvel, sem comprometer a est\u00e9tica do espa\u00e7o.<\/p>\n<h3>Aproveitando Cada Cent\u00edmetro<\/h3>\n<p>O segredo por tr\u00e1s desse loft \u00e9 <b>a habilidade em aproveitar cada cent\u00edmetro dispon\u00edvel<\/b>. Desde a escada estrategicamente posicionada, que serve tanto como acesso ao mezanino quanto como \u00e1rea de armazenamento adicional, at\u00e9 o uso inteligente de \u00e1reas antes negligenciadas, como os cantos e espa\u00e7os abaixo das escadas, tudo foi cuidadosamente planejado para maximizar a funcionalidade.<\/p>\n<h3>Design Multifuncional: A Chave para Espa\u00e7os Pequenos<\/h3>\n<figure style=\"width: 1024px\" class=\"wp-caption aligncenter\"><img decoding=\"async\" src=\"https:\/\/www.aarquiteta.com.br\/blog\/wp-content\/uploads\/2024\/05\/5-dicas-incriveis-para-transformar-sua-kitnet-em-loft04.jpg\" alt=\"5 dicas incr\u00edveis para transformar sua kitnet em um loft elegante e surpreendente.\" width=\"1024\" height=\"1024\" title=\"\"><figcaption class=\"wp-caption-text\">5 dicas incr\u00edveis para transformar sua kitnet em um loft elegante e surpreendente.<\/figcaption><\/figure>\n<p>Um dos principais destaques desse loft \u00e9 <b>a abordagem multifuncional adotada no design<\/b>. Cada elemento desempenha m\u00faltiplos pap\u00e9is, tornando o espa\u00e7o extremamente vers\u00e1til. A mesa de jantar, por exemplo, pode ser facilmente transformada em uma \u00e1rea de trabalho, enquanto o sof\u00e1 se converte em um confort\u00e1vel espa\u00e7o para relaxar ou receber convidados.<\/p>\n<h3>Ilumina\u00e7\u00e3o e Ventila\u00e7\u00e3o: Elementos Essenciais<\/h3>\n<p>Em espa\u00e7os reduzidos, <b>a ilumina\u00e7\u00e3o e a ventila\u00e7\u00e3o adequadas s\u00e3o fundamentais<\/b> para criar uma atmosfera agrad\u00e1vel e saud\u00e1vel. Nesse loft, as grandes janelas estrategicamente posicionadas permitem a entrada abundante de luz natural, enquanto a ventila\u00e7\u00e3o cruzada garante a circula\u00e7\u00e3o constante de ar fresco. Essa combina\u00e7\u00e3o n\u00e3o apenas torna o ambiente mais convidativo, como tamb\u00e9m contribui para a sensa\u00e7\u00e3o de amplitude.<\/p>\n<h3>Cores e Texturas: Harmonizando o Espa\u00e7o<\/h3>\n<h3><b>veja mais informa\u00e7\u00f5es sobre o tema do artigo no v\u00eddeo abaixo!<\/b><\/h3>\n<p>Caso seja necess\u00e1rio, ative as legendas em Portugu\u00eas Brasil, nas configura\u00e7\u00f5es do v\u00eddeo e aproveite!<\/p>\n<p><div class=\"youtube-embed\" data-video_id=\"iWfyGJ82Kug\"><iframe title=\"KITNET estilo LOFT | Mostrei PROJETO e Quanto CUSTOU | Mostrei TUDO nos 30 m\u00b2\" width=\"696\" height=\"392\" src=\"https:\/\/www.youtube.com\/embed\/iWfyGJ82Kug?feature=oembed&#038;enablejsapi=1\" frameborder=\"0\" allow=\"accelerometer; autoplay; clipboard-write; encrypted-media; gyroscope; picture-in-picture; web-share\" referrerpolicy=\"strict-origin-when-cross-origin\" allowfullscreen><\/iframe><\/div>\n<\/p>\n<p>Espero que tenha encontrado o v\u00eddeo informativo e enriquecedor. <\/p>\n<p>Se gostou do conte\u00fado, n\u00e3o deixe de deslizar para baixo e explorar mais dicas e insights valiosos como este. <\/p>\n<p>Estamos sempre aqui para oferecer informa\u00e7\u00f5es \u00fateis e inspiradoras para voc\u00ea!<\/p>\n<p>A escolha cuidadosa de cores e texturas desempenha um papel crucial na cria\u00e7\u00e3o de um <b>ambiente acolhedor e coeso<\/b>. Nesse loft, as cores neutras e suaves s\u00e3o complementadas por toques de madeira natural e materiais texturizados, resultando em um espa\u00e7o aconchegante e sofisticado ao mesmo tempo. Essa harmonia visual ajuda a unificar os diferentes elementos do design, criando uma sensa\u00e7\u00e3o de continuidade e fluidez.<\/p>\n<h3>Versatilidade e Flexibilidade<\/h3>\n<p>Um dos maiores trunfos desse loft \u00e9 <b>sua capacidade de se adaptar \u00e0s necessidades mut\u00e1veis de seus moradores<\/b>. Gra\u00e7as ao design flex\u00edvel e vers\u00e1til, os espa\u00e7os podem ser facilmente reconfigurados para se adequarem a diferentes prop\u00f3sitos, desde \u00e1reas de trabalho at\u00e9 espa\u00e7os de entretenimento. Essa flexibilidade garante que o loft permane\u00e7a relevante e funcional, independentemente das mudan\u00e7as na vida de seus ocupantes.<\/p>\n<h3>Conclus\u00e3o: Inspira\u00e7\u00e3o para Espa\u00e7os Pequenos<\/h3>\n<figure style=\"width: 1024px\" class=\"wp-caption aligncenter\"><img decoding=\"async\" src=\"https:\/\/www.aarquiteta.com.br\/blog\/wp-content\/uploads\/2024\/05\/5-dicas-incriveis-para-transformar-sua-kitnet-em-loft02.jpg\" alt=\"5 dicas incr\u00edveis para transformar sua kitnet em um loft elegante e surpreendente.\" width=\"1024\" height=\"1024\" title=\"\"><figcaption class=\"wp-caption-text\">5 dicas incr\u00edveis para transformar sua kitnet em um loft elegante e surpreendente.<\/figcaption><\/figure>\n<p>Esse loft de 30 m\u00b2 \u00e9 uma prova viva de que <b>espa\u00e7os pequenos podem ser transformados em verdadeiros ref\u00fagios acolhedores e funcionais<\/b>. Atrav\u00e9s de um planejamento meticuloso, solu\u00e7\u00f5es criativas de design e uma abordagem multifuncional, esse projeto desafia as no\u00e7\u00f5es tradicionais de como devemos viver em \u00e1reas limitadas. Seja voc\u00ea um morador urbano em busca de um lar compacto ou simplesmente algu\u00e9m que aprecia boas ideias de design, esse loft certamente servir\u00e1 como uma fonte inesgot\u00e1vel de inspira\u00e7\u00e3o.<\/p>\n","protected":false},"excerpt":{"rendered":"<p>5 dicas incr\u00edveis para transformar sua kitnet em um loft elegante e surpreendente.<\/p>\n","protected":false},"author":102,"featured_media":113690,"comment_status":"closed","ping_status":"closed","sticky":false,"template":"","format":"standard","meta":{"footnotes":""},"categories":[249],"tags":[],"class_list":["post-113694","post","type-post","status-publish","format-standard","has-post-thumbnail","category-engenharia-e-construcao-civil"],"_wp_attached_file":null,"_wp_attachment_metadata":null,"_wp_attachment_context":null,"_wp_attachment_is_custom_header":null,"geo_longitude":null,"geo_public":null,"geo_latitude":null,"_publicize_done_external":null,"_wpas_done_3897181":null,"publicize_twitter_user":null,"_wpas_done_3897175":null,"_wpas_skip_3897181":null,"_wpas_skip_3897175":null,"_wpas_skip_3924723":null,"_wpas_mess":null,"_wpas_done_3924723":null,"wps_subtitle":"","_links":{"self":[{"href":"https:\/\/www.aarquiteta.com.br\/blog\/wp-json\/wp\/v2\/posts\/113694","targetHints":{"allow":["GET"]}}],"collection":[{"href":"https:\/\/www.aarquiteta.com.br\/blog\/wp-json\/wp\/v2\/posts"}],"about":[{"href":"https:\/\/www.aarquiteta.com.br\/blog\/wp-json\/wp\/v2\/types\/post"}],"author":[{"embeddable":true,"href":"https:\/\/www.aarquiteta.com.br\/blog\/wp-json\/wp\/v2\/users\/102"}],"replies":[{"embeddable":true,"href":"https:\/\/www.aarquiteta.com.br\/blog\/wp-json\/wp\/v2\/comments?post=113694"}],"version-history":[{"count":0,"href":"https:\/\/www.aarquiteta.com.br\/blog\/wp-json\/wp\/v2\/posts\/113694\/revisions"}],"wp:featuredmedia":[{"embeddable":true,"href":"https:\/\/www.aarquiteta.com.br\/blog\/wp-json\/wp\/v2\/media\/113690"}],"wp:attachment":[{"href":"https:\/\/www.aarquiteta.com.br\/blog\/wp-json\/wp\/v2\/media?parent=113694"}],"wp:term":[{"taxonomy":"category","embeddable":true,"href":"https:\/\/www.aarquiteta.com.br\/blog\/wp-json\/wp\/v2\/categories?post=113694"},{"taxonomy":"post_tag","embeddable":true,"href":"https:\/\/www.aarquiteta.com.br\/blog\/wp-json\/wp\/v2\/tags?post=113694"}],"curies":[{"name":"wp","href":"https:\/\/api.w.org\/{rel}","templated":true}]}}