{"id":113675,"date":"2024-05-23T14:42:05","date_gmt":"2024-05-23T17:42:05","guid":{"rendered":"https:\/\/www.aarquiteta.com.br\/blog\/armario-planejado-5-dicas-para-cozinhas-pequenas\/"},"modified":"2024-07-03T15:57:08","modified_gmt":"2024-07-03T18:57:08","slug":"armario-planejado-5-dicas-para-cozinhas-pequenas","status":"publish","type":"post","link":"https:\/\/www.aarquiteta.com.br\/blog\/armario-planejado-5-dicas-para-cozinhas-pequenas\/","title":{"rendered":"Arm\u00e1rio Planejado: 5 Dicas para Cozinhas Pequenas"},"content":{"rendered":"<p><intro><br \/>\nCozinhas pequenas s\u00e3o um desafio constante para muitos lares, especialmente quando se trata de espa\u00e7o de armazenamento e organiza\u00e7\u00e3o. No entanto, um arm\u00e1rio planejado sob medida pode transformar completamente esse cen\u00e1rio, maximizando cada cent\u00edmetro dispon\u00edvel e criando um ambiente funcional e acolhedor. Neste artigo, exploraremos 5 dicas essenciais para planejar um arm\u00e1rio planejado em cozinhas pequenas, ajudando voc\u00ea a tirar o m\u00e1ximo proveito desse espa\u00e7o t\u00e3o precioso.<br \/>\n<\/intro><\/p>\n<p><keytakeaways><\/p>\n<ul>\n<li>Avaliar o espa\u00e7o dispon\u00edvel \u00e9 o primeiro passo crucial para um planejamento eficiente do arm\u00e1rio, garantindo que cada cent\u00edmetro seja aproveitado de forma inteligente.<\/li>\n<li>Priorizar a organiza\u00e7\u00e3o \u00e9 fundamental para maximizar o espa\u00e7o e facilitar o acesso a utens\u00edlios e ingredientes, tornando a cozinha um ambiente mais agrad\u00e1vel e produtivo.<\/li>\n<li>A escolha de materiais resistentes e funcionais garante a durabilidade e praticidade do arm\u00e1rio planejado, adaptando-se perfeitamente \u00e0s necessidades de uma cozinha pequena.<\/li>\n<li>Aproveitar os espa\u00e7os verticais \u00e9 uma excelente estrat\u00e9gia para otimizar o armazenamento em cozinhas compactas, transformando \u00e1reas muitas vezes negligenciadas em \u00e1reas \u00fateis.<\/li>\n<li>Investir em solu\u00e7\u00f5es inteligentes de armazenamento, como prateleiras deslizantes, cestos girat\u00f3rios e divis\u00f3rias ajust\u00e1veis, pode fazer uma enorme diferen\u00e7a na organiza\u00e7\u00e3o e aproveitamento do espa\u00e7o.<\/li>\n<\/ul>\n<p><\/keytakeaways><\/p>\n<h3>1. Avalie o Espa\u00e7o Dispon\u00edvel<\/h3>\n<figure style=\"width: 1024px\" class=\"wp-caption aligncenter\"><img decoding=\"async\" src=\"https:\/\/www.aarquiteta.com.br\/blog\/wp-content\/uploads\/2024\/05\/Armario-Planejado-5-Dicas-para-Cozinhas-Pequenas04.jpg\" alt=\"Arm\u00e1rio Planejado: 5 Dicas para Cozinhas Pequenas\" width=\"1024\" height=\"1024\" title=\"\"><figcaption class=\"wp-caption-text\">Arm\u00e1rio Planejado: 5 Dicas para Cozinhas Pequenas<\/figcaption><\/figure>\n<b>Antes de iniciar o planejamento do seu arm\u00e1rio sob medida<\/b>, \u00e9 essencial avaliar cuidadosamente o espa\u00e7o dispon\u00edvel em sua cozinha. Me\u00e7a meticulosamente cada cent\u00edmetro, desde as paredes at\u00e9 os cantos mais rec\u00f4nditos. Lembre-se de considerar tamb\u00e9m a altura, pois muitas vezes podemos aproveitar os espa\u00e7os a\u00e9reos para aumentar a capacidade de armazenamento.<\/p>\n<p>Ao analisar o espa\u00e7o, n\u00e3o se esque\u00e7a de levar em conta os eletrodom\u00e9sticos existentes, como o fog\u00e3o, a geladeira e o forno. Esses itens geralmente ocupam uma \u00e1rea consider\u00e1vel e devem ser incorporados ao layout do arm\u00e1rio planejado de forma inteligente e ergon\u00f4mica.<\/p>\n<h3>2. Priorize a Organiza\u00e7\u00e3o<\/h3>\n<figure style=\"width: 1024px\" class=\"wp-caption aligncenter\"><img decoding=\"async\" src=\"https:\/\/www.aarquiteta.com.br\/blog\/wp-content\/uploads\/2024\/05\/Armario-Planejado-5-Dicas-para-Cozinhas-Pequenas03.jpg\" alt=\"Arm\u00e1rio Planejado: 5 Dicas para Cozinhas Pequenas\" width=\"1024\" height=\"1024\" title=\"\"><figcaption class=\"wp-caption-text\">Arm\u00e1rio Planejado: 5 Dicas para Cozinhas Pequenas<\/figcaption><\/figure>\nUma cozinha pequena exige <b>organiza\u00e7\u00e3o impec\u00e1vel<\/b> para evitar o ac\u00famulo de bagun\u00e7a e a sensa\u00e7\u00e3o de desconforto. Ao planejar o seu arm\u00e1rio, considere as suas necessidades espec\u00edficas e priorize a organiza\u00e7\u00e3o de utens\u00edlios, ingredientes e eletrodom\u00e9sticos de acordo com a frequ\u00eancia de uso.<\/p>\n<p>Divida os itens em categorias, como panelas, talheres, temperos, mantimentos secos e utensilios de cozinha. Isso facilitar\u00e1 a localiza\u00e7\u00e3o r\u00e1pida dos itens de que voc\u00ea precisa durante a prepara\u00e7\u00e3o das refei\u00e7\u00f5es. Al\u00e9m disso, reserve espa\u00e7os espec\u00edficos para guardar os itens mais utilizados, tornando-os facilmente acess\u00edveis.<\/p>\n<h3>3. Escolha Materiais Resistentes e Funcionais<\/h3>\n<style id=\"wp_carousel_dynamic_css102759\">.sp-wp-carousel-free-id-102759.wpcf-fancybox-wrapper .fancybox-bg{background: #0b0b0b;opacity: 0.8;}.sp-wp-carousel-free-id-102759.wpcf-fancybox-wrapper .fancybox-navigation .fancybox-button .wpcp-fancybox-nav-arrow i {color: #ccc;}.sp-wp-carousel-free-id-102759.wpcf-fancybox-wrapper .fancybox-navigation .fancybox-button .wpcp-fancybox-nav-arrow i:hover {color: #fff;}.sp-wp-carousel-free-id-102759.wpcf-fancybox-wrapper .fancybox-navigation .fancybox-button {background: #1e1e1e;}.sp-wp-carousel-free-id-102759.wpcf-fancybox-wrapper .fancybox-navigation .fancybox-button:hover {background: #1e1e1e;}#sp-wp-carousel-free-id-102759 .wpcp-swiper-dots {margin: 40px 0px 0px 0px;}.wpcp-wrapper-102759 .swiper-wrapper .swiper-slide-kenburn, .wpcp-wrapper-102759 .swiper-wrapper, .wpcp-wrapper-102759 .wpcpro-row{align-items: center;}#sp-wp-carousel-free-id-102759 .wpcp-single-item {box-shadow: 0px 0px 0px 0px #dddddd;transition: all .3s;margin: 0px;}#sp-wp-carousel-free-id-102759.swiper-flip .wpcp-single-item{margin: 0!important;}#sp-wp-carousel-free-id-102759 .wpcp-single-item:hover {box-shadow: 0px 0px 0px 0px #dddddd;}#sp-wp-carousel-free-id-102759.sp-wpcp-102759 .wpcp-single-item {border: 1px solid #dddddd;}#sp-wp-carousel-free-id-102759.sp-wpcp-102759 .swiper-button-prev,#sp-wp-carousel-free-id-102759.sp-wpcp-102759 .swiper-button-next,#sp-wp-carousel-free-id-102759.sp-wpcp-102759 .swiper-button-prev:hover,#sp-wp-carousel-free-id-102759.sp-wpcp-102759 .swiper-button-next:hover {background: none;border: none;font-size: 30px;}#sp-wp-carousel-free-id-102759.sp-wpcp-102759 .swiper-button-prev i,#sp-wp-carousel-free-id-102759.sp-wpcp-102759 .swiper-button-next i {color: #aaa;}#sp-wp-carousel-free-id-102759.sp-wpcp-102759 .swiper-button-prev i:hover,#sp-wp-carousel-free-id-102759.sp-wpcp-102759 .swiper-button-next i:hover {color: #178087;}#sp-wp-carousel-free-id-102759.sp-wpcp-102759 .wpcp-swiper-dots .swiper-pagination-bullet {background-color: #cccccc;}#sp-wp-carousel-free-id-102759.sp-wpcp-102759 .wpcp-swiper-dots .swiper-pagination-bullet.swiper-pagination-bullet-active {background-color: #178087;} #sp-wp-carousel-free-id-102759.sp-wpcp-102759.wpcp-image-carousel .wpcp-single-item:hover img, #sp-wp-carousel-free-id-102759.sp-wpcp-102759.wpcp-post-carousel .wpcp-single-item:hover img, #sp-wp-carousel-free-id-102759.sp-wpcp-102759.wpcp-product-carousel .wpcp-single-item:hover img{-webkit-transform: scale(1.2);-moz-transform: scale(1.2);transform: scale(1.2);}#sp-wp-carousel-free-id-102759 .wpcpro-row>[class*=\"wpcpro-col-\"] { padding: 0 10px; padding-bottom: 20px;} #sp-wp-carousel-free-id-102759 .swiper-slide .single-item-fade:not(:last-child) { margin-right: 20px;}@media (min-width: 480px) { .wpcpro-row .wpcpro-col-sm-1 { flex: 0 0 100%; max-width: 100%; } .wpcpro-row .wpcpro-col-sm-2 { flex: 0 0 50%; max-width: 50%; } .wpcpro-row .wpcpro-col-sm-2-5 { flex: 0 0 75%; max-width: 75%; } .wpcpro-row .wpcpro-col-sm-3 { flex: 0 0 33.333%; max-width: 33.333%; } .wpcpro-row .wpcpro-col-sm-4 { flex: 0 0 25%; max-width: 25%; } .wpcpro-row .wpcpro-col-sm-5 { flex: 0 0 20%; max-width: 20%; } .wpcpro-row .wpcpro-col-sm-6 { flex: 0 0 16.66666666666667%; max-width: 16.66666666666667%; } .wpcpro-row .wpcpro-col-sm-7 { flex: 0 0 14.28571428%; max-width: 14.28571428%; } .wpcpro-row .wpcpro-col-sm-8 { flex: 0 0 12.5%; max-width: 12.5%; } } @media (max-width: 480px) { .wpcpro-row .wpcpro-col-xs-1 { flex: 0 0 100%; max-width: 100%; } .wpcpro-row .wpcpro-col-xs-2 { flex: 0 0 50%; max-width: 50%; } .wpcpro-row .wpcpro-col-xs-3 { flex: 0 0 33.222%; max-width: 33.222%; } .wpcpro-row .wpcpro-col-xs-4 { flex: 0 0 25%; max-width: 25%; } .wpcpro-row .wpcpro-col-xs-5 { flex: 0 0 20%; max-width: 20%; } .wpcpro-row .wpcpro-col-xs-6 { flex: 0 0 16.6667%; max-width: 16.6667%; } .wpcpro-row .wpcpro-col-xs-7 { flex: 0 0 14.28571428%; max-width: 14.28571428%; } .wpcpro-row .wpcpro-col-xs-8 { flex: 0 0 12.5%; max-width: 12.5%; } } @media (min-width: 736px) { .wpcpro-row .wpcpro-col-md-1 { flex: 0 0 100%; max-width: 100%; } .wpcpro-row .wpcpro-col-md-2 { flex: 0 0 50%; max-width: 50%; } .wpcpro-row .wpcpro-col-md-2-5 { flex: 0 0 75%; max-width: 75%; } .wpcpro-row .wpcpro-col-md-3 { flex: 0 0 33.333%; max-width: 33.333%; } .wpcpro-row .wpcpro-col-md-4 { flex: 0 0 25%; max-width: 25%; } .wpcpro-row .wpcpro-col-md-5 { flex: 0 0 20%; max-width: 20%; } .wpcpro-row .wpcpro-col-md-6 { flex: 0 0 16.66666666666667%; max-width: 16.66666666666667%; } .wpcpro-row .wpcpro-col-md-7 { flex: 0 0 14.28571428%; max-width: 14.28571428%; } .wpcpro-row .wpcpro-col-md-8 { flex: 0 0 12.5%; max-width: 12.5%; } } @media (min-width: 980px) { .wpcpro-row .wpcpro-col-lg-1 { flex: 0 0 100%; max-width: 100%; } .wpcpro-row .wpcpro-col-lg-2 { flex: 0 0 50%; max-width: 50%; } .wpcpro-row .wpcpro-col-lg-3 { flex: 0 0 33.222%; max-width: 33.222%; } .wpcpro-row .wpcpro-col-lg-4 { flex: 0 0 25%; max-width: 25%; } .wpcpro-row .wpcpro-col-lg-5 { flex: 0 0 20%; max-width: 20%; } .wpcpro-row .wpcpro-col-lg-6 { flex: 0 0 16.6667%; max-width: 16.6667%; } .wpcpro-row .wpcpro-col-lg-7 { flex: 0 0 14.28571428%; max-width: 14.28571428%; } .wpcpro-row .wpcpro-col-lg-8 { flex: 0 0 12.5%; max-width: 12.5%; } } @media (min-width: 1200px) { .wpcpro-row .wpcpro-col-xl-1 { flex: 0 0 100%; max-width: 100%; } .wpcpro-row .wpcpro-col-xl-2 { flex: 0 0 50%; max-width: 50%; } .wpcpro-row .wpcpro-col-xl-3 { flex: 0 0 33.22222222%; max-width: 33.22222222%; } .wpcpro-row .wpcpro-col-xl-4 { flex: 0 0 25%; max-width: 25%; } .wpcpro-row .wpcpro-col-xl-5 { flex: 0 0 20%; max-width: 20%; } .wpcpro-row .wpcpro-col-xl-6 { flex: 0 0 16.66667%; max-width: 16.66667%; } .wpcpro-row .wpcpro-col-xl-7 { flex: 0 0 14.28571428%; max-width: 14.28571428%; } .wpcpro-row .wpcpro-col-xl-8 { flex: 0 0 12.5%; max-width: 12.5%; } }<\/style><div class=\"wpcp-carousel-wrapper wpcp-wrapper-102759\">\n\t<div id=\"wpcp-preloader-102759\" class=\"wpcp-carousel-preloader\"><img decoding=\"async\" src=\"https:\/\/www.aarquiteta.com.br\/blog\/wp-content\/plugins\/wp-carousel-free\/public\/css\/spinner.svg\" alt=\"Preloader Image\" title=\"\"><\/div>\t<div class=\"wpcp-carousel-content-wrapper\">\n\t<div id=\"sp-wp-carousel-free-id-102759\" class=\"wpcp-carousel-section sp-wpcp-102759  nav-vertical-center wpcp-image-carousel wpcp-preloader wpcp-standard\" data-swiper='{ &quot;pagination_type&quot;: &quot;dots&quot;,&quot;accessibility&quot;:true, &quot;spaceBetween&quot;:20, &quot;arrows&quot;:false, &quot;freeMode&quot;: false, &quot;autoplay&quot;:true, &quot;effect&quot;: &quot;&quot;, &quot;centerMode&quot;: false, &quot;autoplaySpeed&quot;:3000, &quot;dots&quot;:true, &quot;infinite&quot;:true, &quot;speed&quot;:600, &quot;pauseOnHover&quot;:true,\n\t\t\t&quot;slidesToShow&quot;:{&quot;lg_desktop&quot;:5, &quot;desktop&quot;: 4, &quot;laptop&quot;: 3, &quot;tablet&quot;: 2, &quot;mobile&quot;: 1}, &quot;responsive&quot;:{&quot;desktop&quot;:1200, &quot;laptop&quot;: 980, &quot;tablet&quot;: 736, &quot;mobile&quot;: 480}, &quot;rtl&quot;:false, &quot;lazyLoad&quot;: &quot;false&quot;, &quot;swipe&quot;: true, &quot;draggable&quot;: true, &quot;swipeToSlide&quot;:false }' dir=\"ltr\">\n\t\t<div class=\"swiper-wrapper\">\n\t\t<div class=\"swiper-slide\">\n\t<div class=\"wpcp-single-item\">\n\t\t\t<a class=\"wcp-light-box\" data-buttons='[\"close\"]' data-wpc_url='https:\/\/www.aarquiteta.com.br\/blog\/wp-content\/uploads\/2023\/12\/Otimizando-Cozinhas-Pequenas-Projetos-Funcionais-e-Modernos-01.jpg' href=\"https:\/\/www.aarquiteta.com.br\/blog\/wp-content\/uploads\/2023\/12\/Otimizando-Cozinhas-Pequenas-Projetos-Funcionais-e-Modernos-01.jpg\" data-fancybox=\"wpcp_view\">\n\t\t<figure>\n\t\t\t<img decoding=\"async\" class=\"skip-lazy\" src=\"https:\/\/www.aarquiteta.com.br\/blog\/wp-content\/uploads\/2023\/12\/Otimizando-Cozinhas-Pequenas-Projetos-Funcionais-e-Modernos-01.jpg\" alt=\"Otimizando Cozinhas Pequenas: Projetos Funcionais e Modernos\" width=\"1024\" height=\"1024\" title=\"\">\t\t<\/figure>\n\t<\/a>\n\t\t<\/div>\n<\/div>\n\t<div class=\"swiper-slide\">\n\t<div class=\"wpcp-single-item\">\n\t\t\t<a class=\"wcp-light-box\" data-buttons='[\"close\"]' data-wpc_url='https:\/\/www.aarquiteta.com.br\/blog\/wp-content\/uploads\/2023\/12\/Otimizando-Cozinhas-Pequenas-Projetos-Funcionais-e-Modernos-04.jpg' href=\"https:\/\/www.aarquiteta.com.br\/blog\/wp-content\/uploads\/2023\/12\/Otimizando-Cozinhas-Pequenas-Projetos-Funcionais-e-Modernos-04.jpg\" data-fancybox=\"wpcp_view\">\n\t\t<figure>\n\t\t\t<img decoding=\"async\" class=\"skip-lazy\" src=\"https:\/\/www.aarquiteta.com.br\/blog\/wp-content\/uploads\/2023\/12\/Otimizando-Cozinhas-Pequenas-Projetos-Funcionais-e-Modernos-04.jpg\" alt=\"Otimizando Cozinhas Pequenas: Projetos Funcionais e Modernos\" width=\"1024\" height=\"1024\" title=\"\">\t\t<\/figure>\n\t<\/a>\n\t\t<\/div>\n<\/div>\n\t<div class=\"swiper-slide\">\n\t<div class=\"wpcp-single-item\">\n\t\t\t<a class=\"wcp-light-box\" data-buttons='[\"close\"]' data-wpc_url='https:\/\/www.aarquiteta.com.br\/blog\/wp-content\/uploads\/2023\/11\/pendentes-para-cozinha01.jpg' href=\"https:\/\/www.aarquiteta.com.br\/blog\/wp-content\/uploads\/2023\/11\/pendentes-para-cozinha01.jpg\" data-fancybox=\"wpcp_view\">\n\t\t<figure>\n\t\t\t<img decoding=\"async\" class=\"skip-lazy\" src=\"https:\/\/www.aarquiteta.com.br\/blog\/wp-content\/uploads\/2023\/11\/pendentes-para-cozinha01.jpg\" alt=\"pendentes para cozinha\" width=\"1024\" height=\"1024\" title=\"\">\t\t<\/figure>\n\t<\/a>\n\t\t<\/div>\n<\/div>\n\t<div class=\"swiper-slide\">\n\t<div class=\"wpcp-single-item\">\n\t\t\t<a class=\"wcp-light-box\" data-buttons='[\"close\"]' data-wpc_url='https:\/\/www.aarquiteta.com.br\/blog\/wp-content\/uploads\/2023\/11\/5-dicas-para-decorar-a-parede-da-sua-cozinha04.jpg' href=\"https:\/\/www.aarquiteta.com.br\/blog\/wp-content\/uploads\/2023\/11\/5-dicas-para-decorar-a-parede-da-sua-cozinha04.jpg\" data-fancybox=\"wpcp_view\">\n\t\t<figure>\n\t\t\t<img decoding=\"async\" class=\"skip-lazy\" src=\"https:\/\/www.aarquiteta.com.br\/blog\/wp-content\/uploads\/2023\/11\/5-dicas-para-decorar-a-parede-da-sua-cozinha04.jpg\" alt=\"5 dicas para decorar a parede da sua cozinha\" width=\"1024\" height=\"1024\" title=\"\">\t\t<\/figure>\n\t<\/a>\n\t\t<\/div>\n<\/div>\n\t<div class=\"swiper-slide\">\n\t<div class=\"wpcp-single-item\">\n\t\t\t<a class=\"wcp-light-box\" data-buttons='[\"close\"]' data-wpc_url='https:\/\/www.aarquiteta.com.br\/blog\/wp-content\/uploads\/2023\/11\/bancada-para-cozinha-pequena-01.jpg' href=\"https:\/\/www.aarquiteta.com.br\/blog\/wp-content\/uploads\/2023\/11\/bancada-para-cozinha-pequena-01.jpg\" data-fancybox=\"wpcp_view\">\n\t\t<figure>\n\t\t\t<img decoding=\"async\" class=\"skip-lazy\" src=\"https:\/\/www.aarquiteta.com.br\/blog\/wp-content\/uploads\/2023\/11\/bancada-para-cozinha-pequena-01.jpg\" alt=\"bancada para cozinha pequena\" width=\"1024\" height=\"1024\" title=\"\">\t\t<\/figure>\n\t<\/a>\n\t\t<\/div>\n<\/div>\n\t<div class=\"swiper-slide\">\n\t<div class=\"wpcp-single-item\">\n\t\t\t<a class=\"wcp-light-box\" data-buttons='[\"close\"]' data-wpc_url='https:\/\/www.aarquiteta.com.br\/blog\/wp-content\/uploads\/2023\/11\/cozinha-americana-7-ideias-para-criar-um-espao-simples-e-funcional6oot.jpg' href=\"https:\/\/www.aarquiteta.com.br\/blog\/wp-content\/uploads\/2023\/11\/cozinha-americana-7-ideias-para-criar-um-espao-simples-e-funcional6oot.jpg\" data-fancybox=\"wpcp_view\">\n\t\t<figure>\n\t\t\t<img decoding=\"async\" class=\"skip-lazy\" src=\"https:\/\/www.aarquiteta.com.br\/blog\/wp-content\/uploads\/2023\/11\/cozinha-americana-7-ideias-para-criar-um-espao-simples-e-funcional6oot.jpg\" alt=\"Cozinha Americana 7 Ideias para Criar um Espao Simples e Funcional\" width=\"1024\" height=\"768\" title=\"\">\t\t<\/figure>\n\t<\/a>\n\t\t<\/div>\n<\/div>\n\t<div class=\"swiper-slide\">\n\t<div class=\"wpcp-single-item\">\n\t\t\t<a class=\"wcp-light-box\" data-buttons='[\"close\"]' data-wpc_url='https:\/\/www.aarquiteta.com.br\/blog\/wp-content\/uploads\/2023\/11\/pastilhas-para-cozinha04.jpg' href=\"https:\/\/www.aarquiteta.com.br\/blog\/wp-content\/uploads\/2023\/11\/pastilhas-para-cozinha04.jpg\" data-fancybox=\"wpcp_view\">\n\t\t<figure>\n\t\t\t<img decoding=\"async\" class=\"skip-lazy\" src=\"https:\/\/www.aarquiteta.com.br\/blog\/wp-content\/uploads\/2023\/11\/pastilhas-para-cozinha04.jpg\" alt=\"pastilhas para cozinha\" width=\"1024\" height=\"1024\" title=\"\">\t\t<\/figure>\n\t<\/a>\n\t\t<\/div>\n<\/div>\n\t<div class=\"swiper-slide\">\n\t<div class=\"wpcp-single-item\">\n\t\t\t<a class=\"wcp-light-box\" data-buttons='[\"close\"]' data-wpc_url='https:\/\/www.aarquiteta.com.br\/blog\/wp-content\/uploads\/2023\/10\/cozinha-rosa04.jpg' href=\"https:\/\/www.aarquiteta.com.br\/blog\/wp-content\/uploads\/2023\/10\/cozinha-rosa04.jpg\" data-fancybox=\"wpcp_view\">\n\t\t<figure>\n\t\t\t<img decoding=\"async\" class=\"skip-lazy\" src=\"https:\/\/www.aarquiteta.com.br\/blog\/wp-content\/uploads\/2023\/10\/cozinha-rosa04.jpg\" alt=\"cozinha rosa\" width=\"1024\" height=\"1024\" title=\"\">\t\t<\/figure>\n\t<\/a>\n\t\t<\/div>\n<\/div>\n\t<div class=\"swiper-slide\">\n\t<div class=\"wpcp-single-item\">\n\t\t\t<a class=\"wcp-light-box\" data-buttons='[\"close\"]' data-wpc_url='https:\/\/www.aarquiteta.com.br\/blog\/wp-content\/uploads\/2023\/10\/cozinha-rosa01.jpg' href=\"https:\/\/www.aarquiteta.com.br\/blog\/wp-content\/uploads\/2023\/10\/cozinha-rosa01.jpg\" data-fancybox=\"wpcp_view\">\n\t\t<figure>\n\t\t\t<img decoding=\"async\" class=\"skip-lazy\" src=\"https:\/\/www.aarquiteta.com.br\/blog\/wp-content\/uploads\/2023\/10\/cozinha-rosa01.jpg\" alt=\"**Inspire-se com a Cozinha Rosa: Dicas para Criar um Ambiente Charmoso e Aconchegante**\" width=\"1024\" height=\"1024\" title=\"\">\t\t<\/figure>\n\t<\/a>\n\t\t<\/div>\n<\/div>\n\t<div class=\"swiper-slide\">\n\t<div class=\"wpcp-single-item\">\n\t\t\t<a class=\"wcp-light-box\" data-buttons='[\"close\"]' data-wpc_url='https:\/\/www.aarquiteta.com.br\/blog\/wp-content\/uploads\/2023\/10\/cozinha-em-l02.jpg' href=\"https:\/\/www.aarquiteta.com.br\/blog\/wp-content\/uploads\/2023\/10\/cozinha-em-l02.jpg\" data-fancybox=\"wpcp_view\">\n\t\t<figure>\n\t\t\t<img decoding=\"async\" class=\"skip-lazy\" src=\"https:\/\/www.aarquiteta.com.br\/blog\/wp-content\/uploads\/2023\/10\/cozinha-em-l02.jpg\" alt=\"cozinha em l\" width=\"1024\" height=\"1024\" title=\"\">\t\t<\/figure>\n\t<\/a>\n\t\t<\/div>\n<\/div>\n\t<div class=\"swiper-slide\">\n\t<div class=\"wpcp-single-item\">\n\t\t\t<a class=\"wcp-light-box\" data-buttons='[\"close\"]' data-wpc_url='https:\/\/www.aarquiteta.com.br\/blog\/wp-content\/uploads\/2023\/10\/cozinha-modulada01.jpg' href=\"https:\/\/www.aarquiteta.com.br\/blog\/wp-content\/uploads\/2023\/10\/cozinha-modulada01.jpg\" data-fancybox=\"wpcp_view\">\n\t\t<figure>\n\t\t\t<img decoding=\"async\" class=\"skip-lazy\" src=\"https:\/\/www.aarquiteta.com.br\/blog\/wp-content\/uploads\/2023\/10\/cozinha-modulada01.jpg\" alt=\"cozinha modulada\" width=\"1024\" height=\"1024\" title=\"\">\t\t<\/figure>\n\t<\/a>\n\t\t<\/div>\n<\/div>\n\t<div class=\"swiper-slide\">\n\t<div class=\"wpcp-single-item\">\n\t\t\t<a class=\"wcp-light-box\" data-buttons='[\"close\"]' data-wpc_url='https:\/\/www.aarquiteta.com.br\/blog\/wp-content\/uploads\/2023\/10\/cozinha-modulada03.jpg' href=\"https:\/\/www.aarquiteta.com.br\/blog\/wp-content\/uploads\/2023\/10\/cozinha-modulada03.jpg\" data-fancybox=\"wpcp_view\">\n\t\t<figure>\n\t\t\t<img decoding=\"async\" class=\"skip-lazy\" src=\"https:\/\/www.aarquiteta.com.br\/blog\/wp-content\/uploads\/2023\/10\/cozinha-modulada03.jpg\" alt=\"cozinha modulada\" width=\"1024\" height=\"1024\" title=\"\">\t\t<\/figure>\n\t<\/a>\n\t\t<\/div>\n<\/div>\n\t<div class=\"swiper-slide\">\n\t<div class=\"wpcp-single-item\">\n\t\t\t<a class=\"wcp-light-box\" data-buttons='[\"close\"]' data-wpc_url='https:\/\/www.aarquiteta.com.br\/blog\/wp-content\/uploads\/2023\/10\/cozinha-planejada-com-ilha02.jpg' href=\"https:\/\/www.aarquiteta.com.br\/blog\/wp-content\/uploads\/2023\/10\/cozinha-planejada-com-ilha02.jpg\" data-fancybox=\"wpcp_view\">\n\t\t<figure>\n\t\t\t<img decoding=\"async\" class=\"skip-lazy\" src=\"https:\/\/www.aarquiteta.com.br\/blog\/wp-content\/uploads\/2023\/10\/cozinha-planejada-com-ilha02.jpg\" alt=\"cozinha planejada com ilha\" width=\"1024\" height=\"1024\" title=\"\">\t\t<\/figure>\n\t<\/a>\n\t\t<\/div>\n<\/div>\n\t<div class=\"swiper-slide\">\n\t<div class=\"wpcp-single-item\">\n\t\t\t<a class=\"wcp-light-box\" data-buttons='[\"close\"]' data-wpc_url='https:\/\/www.aarquiteta.com.br\/blog\/wp-content\/uploads\/2023\/09\/balcao-de-cozinha-bem-decorada.png' href=\"https:\/\/www.aarquiteta.com.br\/blog\/wp-content\/uploads\/2023\/09\/balcao-de-cozinha-bem-decorada.png\" data-fancybox=\"wpcp_view\">\n\t\t<figure>\n\t\t\t<img decoding=\"async\" class=\"skip-lazy\" src=\"https:\/\/www.aarquiteta.com.br\/blog\/wp-content\/uploads\/2023\/09\/balcao-de-cozinha-bem-decorada.png\" alt=\"balcao de cozinha bem decorada\" width=\"1024\" height=\"1024\" title=\"\">\t\t<\/figure>\n\t<\/a>\n\t\t<\/div>\n<\/div>\n\t<div class=\"swiper-slide\">\n\t<div class=\"wpcp-single-item\">\n\t\t\t<a class=\"wcp-light-box\" data-buttons='[\"close\"]' data-wpc_url='https:\/\/www.aarquiteta.com.br\/blog\/wp-content\/uploads\/2023\/08\/Cozinha-Pequena-5-Estrategias-para-Aproveitar-Cada-Centimetro.png' href=\"https:\/\/www.aarquiteta.com.br\/blog\/wp-content\/uploads\/2023\/08\/Cozinha-Pequena-5-Estrategias-para-Aproveitar-Cada-Centimetro.png\" data-fancybox=\"wpcp_view\">\n\t\t<figure>\n\t\t\t<img decoding=\"async\" class=\"skip-lazy\" src=\"https:\/\/www.aarquiteta.com.br\/blog\/wp-content\/uploads\/2023\/08\/Cozinha-Pequena-5-Estrategias-para-Aproveitar-Cada-Centimetro.png\" alt=\"Cozinha Pequena 5 Estrat\u00e9gias para Aproveitar Cada Cent\u00edmetro\" width=\"1024\" height=\"1024\" title=\"\">\t\t<\/figure>\n\t<\/a>\n\t\t<\/div>\n<\/div>\n\t<div class=\"swiper-slide\">\n\t<div class=\"wpcp-single-item\">\n\t\t\t<a class=\"wcp-light-box\" data-buttons='[\"close\"]' data-wpc_url='https:\/\/www.aarquiteta.com.br\/blog\/wp-content\/uploads\/2023\/07\/cores-para-parede-da-cozinha-1.png' href=\"https:\/\/www.aarquiteta.com.br\/blog\/wp-content\/uploads\/2023\/07\/cores-para-parede-da-cozinha-1.png\" data-fancybox=\"wpcp_view\">\n\t\t<figure>\n\t\t\t<img decoding=\"async\" class=\"skip-lazy\" src=\"https:\/\/www.aarquiteta.com.br\/blog\/wp-content\/uploads\/2023\/07\/cores-para-parede-da-cozinha-1.png\" alt=\"cores para parede da cozinha\" width=\"1024\" height=\"1024\" title=\"\">\t\t<\/figure>\n\t<\/a>\n\t\t<\/div>\n<\/div>\n\t<div class=\"swiper-slide\">\n\t<div class=\"wpcp-single-item\">\n\t\t\t<a class=\"wcp-light-box\" data-buttons='[\"close\"]' data-wpc_url='https:\/\/www.aarquiteta.com.br\/blog\/wp-content\/uploads\/2022\/12\/armario-de-cozinha-de-parede-1.jpg' href=\"https:\/\/www.aarquiteta.com.br\/blog\/wp-content\/uploads\/2022\/12\/armario-de-cozinha-de-parede-1.jpg\" data-fancybox=\"wpcp_view\">\n\t\t<figure>\n\t\t\t<img decoding=\"async\" class=\"skip-lazy\" src=\"https:\/\/www.aarquiteta.com.br\/blog\/wp-content\/uploads\/2022\/12\/armario-de-cozinha-de-parede-1.jpg\" alt=\"\" width=\"1000\" height=\"776\" title=\"\">\t\t<\/figure>\n\t<\/a>\n\t\t<\/div>\n<\/div>\n\t<div class=\"swiper-slide\">\n\t<div class=\"wpcp-single-item\">\n\t\t\t<a class=\"wcp-light-box\" data-buttons='[\"close\"]' data-wpc_url='https:\/\/www.aarquiteta.com.br\/blog\/wp-content\/uploads\/2023\/07\/como-decorar-sua-cozinha-no-estilo-mediterraneocu14.jpg-GX6I.jpg' href=\"https:\/\/www.aarquiteta.com.br\/blog\/wp-content\/uploads\/2023\/07\/como-decorar-sua-cozinha-no-estilo-mediterraneocu14.jpg-GX6I.jpg\" data-fancybox=\"wpcp_view\">\n\t\t<figure>\n\t\t\t<img decoding=\"async\" class=\"skip-lazy\" src=\"https:\/\/www.aarquiteta.com.br\/blog\/wp-content\/uploads\/2023\/07\/como-decorar-sua-cozinha-no-estilo-mediterraneocu14.jpg-GX6I.jpg\" alt=\"como-decorar-sua-cozinha-no-estilo-mediterraneocu14.jpg-GX6I\" width=\"900\" height=\"620\" title=\"\">\t\t<\/figure>\n\t<\/a>\n\t\t<\/div>\n<\/div>\n\t<div class=\"swiper-slide\">\n\t<div class=\"wpcp-single-item\">\n\t\t\t<a class=\"wcp-light-box\" data-buttons='[\"close\"]' data-wpc_url='https:\/\/www.aarquiteta.com.br\/blog\/wp-content\/uploads\/2023\/06\/Cozinha-pequena-de-apartamento-planejada-2.png' href=\"https:\/\/www.aarquiteta.com.br\/blog\/wp-content\/uploads\/2023\/06\/Cozinha-pequena-de-apartamento-planejada-2.png\" data-fancybox=\"wpcp_view\">\n\t\t<figure>\n\t\t\t<img decoding=\"async\" class=\"skip-lazy\" src=\"https:\/\/www.aarquiteta.com.br\/blog\/wp-content\/uploads\/2023\/06\/Cozinha-pequena-de-apartamento-planejada-2.png\" alt=\"Cozinha pequena de apartamento planejada\" width=\"1024\" height=\"1024\" title=\"\">\t\t<\/figure>\n\t<\/a>\n\t\t<\/div>\n<\/div>\n\t<div class=\"swiper-slide\">\n\t<div class=\"wpcp-single-item\">\n\t\t\t<a class=\"wcp-light-box\" data-buttons='[\"close\"]' data-wpc_url='https:\/\/www.aarquiteta.com.br\/blog\/wp-content\/uploads\/2023\/05\/Cozinha-Pequena-com-Balcao.jpg' href=\"https:\/\/www.aarquiteta.com.br\/blog\/wp-content\/uploads\/2023\/05\/Cozinha-Pequena-com-Balcao.jpg\" data-fancybox=\"wpcp_view\">\n\t\t<figure>\n\t\t\t<img decoding=\"async\" class=\"skip-lazy\" src=\"https:\/\/www.aarquiteta.com.br\/blog\/wp-content\/uploads\/2023\/05\/Cozinha-Pequena-com-Balcao.jpg\" alt=\"Cozinha Pequena com Balc\u00e3o Funcional - 9 Dicas para ganhar cada cent\u00edmetro!\" width=\"1200\" height=\"800\" title=\"\">\t\t<\/figure>\n\t<\/a>\n\t\t<\/div>\n<\/div>\n\t<div class=\"swiper-slide\">\n\t<div class=\"wpcp-single-item\">\n\t\t\t<a class=\"wcp-light-box\" data-buttons='[\"close\"]' data-wpc_url='https:\/\/www.aarquiteta.com.br\/blog\/wp-content\/uploads\/2023\/05\/como-organizar-cozinha-compacta-5.png' href=\"https:\/\/www.aarquiteta.com.br\/blog\/wp-content\/uploads\/2023\/05\/como-organizar-cozinha-compacta-5.png\" data-fancybox=\"wpcp_view\">\n\t\t<figure>\n\t\t\t<img decoding=\"async\" class=\"skip-lazy\" src=\"https:\/\/www.aarquiteta.com.br\/blog\/wp-content\/uploads\/2023\/05\/como-organizar-cozinha-compacta-5.png\" alt=\"12 Truques para manter sua cozinha organizada e visualmente deslumbrante!\" width=\"1456\" height=\"816\" title=\"\">\t\t<\/figure>\n\t<\/a>\n\t\t<\/div>\n<\/div>\n\t<div class=\"swiper-slide\">\n\t<div class=\"wpcp-single-item\">\n\t\t\t<a class=\"wcp-light-box\" data-buttons='[\"close\"]' data-wpc_url='https:\/\/www.aarquiteta.com.br\/blog\/wp-content\/uploads\/2023\/04\/Armarios-de-Cozinha-Cinza-8.jpg' href=\"https:\/\/www.aarquiteta.com.br\/blog\/wp-content\/uploads\/2023\/04\/Armarios-de-Cozinha-Cinza-8.jpg\" data-fancybox=\"wpcp_view\">\n\t\t<figure>\n\t\t\t<img decoding=\"async\" class=\"skip-lazy\" src=\"https:\/\/www.aarquiteta.com.br\/blog\/wp-content\/uploads\/2023\/04\/Armarios-de-Cozinha-Cinza-8.jpg\" alt=\"Arm\u00e1rio de Cozinha Cinza: A Eleg\u00e2ncia que Falta na Sua Casa\" width=\"1200\" height=\"800\" title=\"\">\t\t<\/figure>\n\t<\/a>\n\t\t<\/div>\n<\/div>\n\t<div class=\"swiper-slide\">\n\t<div class=\"wpcp-single-item\">\n\t\t\t<a class=\"wcp-light-box\" data-buttons='[\"close\"]' data-wpc_url='https:\/\/www.aarquiteta.com.br\/blog\/wp-content\/uploads\/2023\/04\/Armarios-de-Cozinha-Cinza-10.jpg' href=\"https:\/\/www.aarquiteta.com.br\/blog\/wp-content\/uploads\/2023\/04\/Armarios-de-Cozinha-Cinza-10.jpg\" data-fancybox=\"wpcp_view\">\n\t\t<figure>\n\t\t\t<img decoding=\"async\" class=\"skip-lazy\" src=\"https:\/\/www.aarquiteta.com.br\/blog\/wp-content\/uploads\/2023\/04\/Armarios-de-Cozinha-Cinza-10.jpg\" alt=\"Arm\u00e1rio de Cozinha Cinza: A Eleg\u00e2ncia que Falta na Sua Casa\" width=\"1200\" height=\"800\" title=\"\">\t\t<\/figure>\n\t<\/a>\n\t\t<\/div>\n<\/div>\n\t\t\t<\/div>\n\t\t\t\t\t<div class=\"wpcp-swiper-dots swiper-pagination\"><\/div>\n\t\t\t\t<!-- If we need navigation buttons -->\n\t\t\t<\/div>\n\t<\/div>\n<\/div>\n\nEm uma cozinha <b>pequena e movimentada<\/b>, os arm\u00e1rios est\u00e3o sujeitos a um desgaste constante. Por isso, \u00e9 fundamental escolher materiais resistentes e funcionais que possam suportar o uso di\u00e1rio e prolongado.<\/p>\n<p>Opte por madeiras nobres, como a madeira maci\u00e7a tratada, ou materiais como o MDF (Medium Density Fiberboard) revestido com laminados de alta resist\u00eancia. Esses materiais s\u00e3o dur\u00e1veis, f\u00e1ceis de limpar e resistentes a umidade e manchas.<\/p>\n<p>Al\u00e9m disso, considere a utiliza\u00e7\u00e3o de acess\u00f3rios inteligentes, como gavetas de abertura total, dobradi\u00e7as embutidas e prateleiras deslizantes. Esses recursos n\u00e3o apenas facilitam o acesso aos itens armazenados, como tamb\u00e9m contribuem para a organiza\u00e7\u00e3o e o aspecto geral do arm\u00e1rio.<\/p>\n<h3>4. Aproveite Espa\u00e7os Verticais<\/h3>\n<figure style=\"width: 1024px\" class=\"wp-caption aligncenter\"><img decoding=\"async\" src=\"https:\/\/www.aarquiteta.com.br\/blog\/wp-content\/uploads\/2024\/05\/Armario-Planejado-5-Dicas-para-Cozinhas-Pequenas02.jpg\" alt=\"Arm\u00e1rio Planejado: 5 Dicas para Cozinhas Pequenas\" width=\"1024\" height=\"1024\" title=\"\"><figcaption class=\"wp-caption-text\">Arm\u00e1rio Planejado: 5 Dicas para Cozinhas Pequenas<\/figcaption><\/figure>\nEm uma cozinha <b>compacta<\/b>, cada cent\u00edmetro conta. Por isso, \u00e9 fundamental aproveitar os espa\u00e7os verticais de forma inteligente. Ao planejar o seu arm\u00e1rio, considere a instala\u00e7\u00e3o de prateleiras altas e arm\u00e1rios a\u00e9reos que possam abrigar itens menos utilizados ou sazonais.<\/p>\n<p>Outra op\u00e7\u00e3o interessante \u00e9 a utiliza\u00e7\u00e3o de suportes para panelas e utens\u00edlios pendurados em uma barra ou ganchos. Essa solu\u00e7\u00e3o n\u00e3o apenas libera espa\u00e7o nas prateleiras, como tamb\u00e9m deixa os itens mais acess\u00edveis e \u00e0 m\u00e3o durante o preparo das refei\u00e7\u00f5es.<\/p>\n<h3>5. Invista em Solu\u00e7\u00f5es Inteligentes de Armazenamento<\/h3>\n<figure style=\"width: 1024px\" class=\"wp-caption aligncenter\"><img decoding=\"async\" src=\"https:\/\/www.aarquiteta.com.br\/blog\/wp-content\/uploads\/2024\/05\/Armario-Planejado-5-Dicas-para-Cozinhas-Pequenas01.jpg\" alt=\"Arm\u00e1rio Planejado: 5 Dicas para Cozinhas Pequenas\" width=\"1024\" height=\"1024\" title=\"\"><figcaption class=\"wp-caption-text\">Arm\u00e1rio Planejado: 5 Dicas para Cozinhas Pequenas<\/figcaption><\/figure>\nPara <b>maximizar o espa\u00e7o<\/b> em uma cozinha pequena, \u00e9 essencial investir em solu\u00e7\u00f5es inteligentes de armazenamento. Prateleiras girat\u00f3rias, gavetas de cantos e divis\u00f3rias ajust\u00e1veis s\u00e3o apenas algumas das op\u00e7\u00f5es dispon\u00edveis para tornar o seu arm\u00e1rio mais funcional e organizado.<\/p>\n<p>As prateleiras girat\u00f3rias, por exemplo, permitem o acesso f\u00e1cil a todos os itens armazenados, evitando a necessidade de remover e empilhar objetos para alcan\u00e7ar o que voc\u00ea precisa. J\u00e1 as gavetas de cantos aproveitam os espa\u00e7os muitas vezes negligenciados, transformando-os em \u00e1reas \u00fateis para armazenamento.<\/p>\n<p>Al\u00e9m disso, considere a utiliza\u00e7\u00e3o de divis\u00f3rias ajust\u00e1veis dentro das gavetas e prateleiras. Essa solu\u00e7\u00e3o permite que voc\u00ea organize os itens de forma personalizada, evitando a bagun\u00e7a e o descontrole.<\/p>\n<h3>Opte por Portas de Correr ou Dobr\u00e1veis<\/h3>\n<h3>Assista agora a minha recomenda\u00e7\u00e3o de video abaixo sobre o tema que estamos tratando neste artigo: <\/h3>\n<p><div class=\"youtube-embed\" data-video_id=\"5snK4tRAK_k\"><iframe title=\"COZINHA  PLANEJADA PEQUENA - 13 DICAS SIMPLES PARA COZINHA PEQUENA\" width=\"696\" height=\"392\" src=\"https:\/\/www.youtube.com\/embed\/5snK4tRAK_k?feature=oembed&#038;enablejsapi=1\" frameborder=\"0\" allow=\"accelerometer; autoplay; clipboard-write; encrypted-media; gyroscope; picture-in-picture; web-share\" referrerpolicy=\"strict-origin-when-cross-origin\" allowfullscreen><\/iframe><\/div>\n<\/p>\n<p>Em uma cozinha <b>realmente pequena<\/b>, at\u00e9 mesmo a abertura das portas dos arm\u00e1rios pode se tornar um desafio. Para contornar esse problema, opte por portas de correr ou dobr\u00e1veis. Essas solu\u00e7\u00f5es n\u00e3o apenas liberam espa\u00e7o valioso, como tamb\u00e9m facilitam o acesso aos itens armazenados.<\/p>\n<p>As portas de correr deslizam suavemente sobre trilhos, permitindo que voc\u00ea abra e feche os arm\u00e1rios sem obstruir a \u00e1rea de circula\u00e7\u00e3o. J\u00e1 as portas dobr\u00e1veis s\u00e3o uma op\u00e7\u00e3o mais compacta e discreta, dobrando-se sobre si mesmas quando abertas.<\/p>\n<h3>Utilize Prateleiras e Gavetas Modulares<\/h3>\n<p>A versatilidade \u00e9 a chave para um <b>arm\u00e1rio planejado eficiente<\/b> em uma cozinha pequena. Por isso, considere a utiliza\u00e7\u00e3o de prateleiras e gavetas modulares que possam ser ajustadas de acordo com as suas necessidades.<\/p>\n<p>As prateleiras modulares podem ser removidas ou reposicionadas em diferentes alturas, permitindo que voc\u00ea organize os itens de maneira personalizada. J\u00e1 as gavetas modulares oferecem a mesma flexibilidade, podendo ser adicionadas ou removidas conforme a demanda.<\/p>\n<p>Essa abordagem modular n\u00e3o apenas facilita a organiza\u00e7\u00e3o, como tamb\u00e9m permite que voc\u00ea adapte o arm\u00e1rio \u00e0s suas necessidades em constante mudan\u00e7a, tornando-o uma solu\u00e7\u00e3o vers\u00e1til e duradoura.<\/p>\n<h3>Considere a Inclus\u00e3o de Nichos e Prateleiras Embutidas<\/h3>\n<p style=\"text-align: center;\">[amazon table=&#8221;95666&#8243;]\n<p>Lembre-se de que <b>cada cozinha \u00e9 \u00fanica<\/b>, e o seu arm\u00e1rio planejado deve refletir as suas necessidades e prefer\u00eancias pessoais. N\u00e3o hesite em personaliz\u00e1-lo com solu\u00e7\u00f5es criativas e funcionais que atendam \u00e0s suas demandas espec\u00edficas.<\/p>\n<p>Talvez voc\u00ea precise de um espa\u00e7o dedicado para guardar garrafas de vinho, ou de uma \u00e1rea espec\u00edfica para armazenar os utens\u00edlios de confeitaria. Seja qual for a sua necessidade, um arm\u00e1rio planejado sob medida pode ser adaptado para atend\u00ea-la perfeitamente.<\/p>\n<h3>Mantenha a Cozinha Sempre Organizada<\/h3>\n<p>Mesmo com um <b>arm\u00e1rio planejado eficiente<\/b>, \u00e9 essencial manter a organiza\u00e7\u00e3o e a limpeza constantes na sua cozinha. Reserve um tempo regularmente para verificar os itens armazenados, removendo aqueles que est\u00e3o vencidos ou que voc\u00ea n\u00e3o utiliza mais.<\/p>\n<p>Incentive todos os membros da fam\u00edlia a manterem a cozinha arrumada, devolvendo os utens\u00edlios e ingredientes aos seus devidos lugares ap\u00f3s o uso. Essa pr\u00e1tica simples ajudar\u00e1 a manter a ordem e a funcionalidade do seu arm\u00e1rio planejado, tornando a sua experi\u00eancia na cozinha mais agrad\u00e1vel e produtiva.<\/p>\n<h3>Busque a Ajuda de Profissionais Especializados<\/h3>\n<p>Planejar um arm\u00e1rio sob medida para uma cozinha pequena pode ser <b>um desafio complexo<\/b>. Por isso, n\u00e3o hesite em buscar a ajuda de profissionais especializados, como arquitetos ou marceneiros experientes.<\/p>\n<p>Esses profissionais possuem o conhecimento t\u00e9cnico e a experi\u00eancia necess\u00e1ria para avaliar o espa\u00e7o dispon\u00edvel, sugerir solu\u00e7\u00f5es inteligentes e projetar um arm\u00e1rio planejado que atenda \u00e0s suas necessidades espec\u00edficas. Al\u00e9m disso, eles poder\u00e3o orient\u00e1-lo na escolha dos materiais mais adequados e garantir uma instala\u00e7\u00e3o impec\u00e1vel.<\/p>\n<p>## Conclus\u00e3o<br \/>\n<b>Um arm\u00e1rio planejado sob medida<\/b> pode ser a solu\u00e7\u00e3o perfeita para maximizar o espa\u00e7o e a organiza\u00e7\u00e3o em uma cozinha pequena. Ao seguir as dicas apresentadas neste artigo, voc\u00ea poder\u00e1 criar um ambiente funcional, acolhedor e esteticamente agrad\u00e1vel, transformando essa \u00e1rea t\u00e3o importante de sua casa em um verdadeiro ref\u00fagio culin\u00e1rio.<\/p>\n<p>Lembre-se de avaliar cuidadosamente o espa\u00e7o dispon\u00edvel, priorizar a organiza\u00e7\u00e3o, escolher materiais resistentes e funcionais, aproveitar os espa\u00e7os verticais e investir em solu\u00e7\u00f5es inteligentes de armazenamento. N\u00e3o se esque\u00e7a tamb\u00e9m de personalizar o arm\u00e1rio de acordo com suas necessidades e manter a cozinha sempre organizada.<\/p>\n<p>Com um pouco de criatividade, planejamento e a ajuda de profissionais especializados, voc\u00ea pode transformar at\u00e9 mesmo a cozinha mais compacta em um verdadeiro <b>o\u00e1sis de efici\u00eancia e harmonia<\/b>.<\/p>\n<perguntas>\n### Perguntas Frequentes sobre Arm\u00e1rios Planejados para Cozinhas Pequenas<br \/>\n1. <b>Quais s\u00e3o os principais benef\u00edcios de optar por um arm\u00e1rio planejado em uma cozinha pequena?<\/b><br \/>\nUm arm\u00e1rio planejado sob medida \u00e9 a solu\u00e7\u00e3o perfeita para maximizar o espa\u00e7o e a organiza\u00e7\u00e3o em uma cozinha compacta. Ele permite o aproveitamento inteligente de cada cent\u00edmetro dispon\u00edvel, tornando o ambiente mais funcional e acolhedor.<\/p>\n<p>2. <b>Como escolher o melhor layout para um arm\u00e1rio planejado em uma cozinha pequena?<\/b><br \/>\nAo escolher o layout ideal, \u00e9 fundamental avaliar cuidadosamente o espa\u00e7o dispon\u00edvel, considerando a localiza\u00e7\u00e3o dos eletrodom\u00e9sticos e as \u00e1reas de circula\u00e7\u00e3o. Al\u00e9m disso, priorize a organiza\u00e7\u00e3o dos itens de acordo com a frequ\u00eancia de uso e opte por solu\u00e7\u00f5es inteligentes de armazenamento, como prateleiras girat\u00f3rias e gavetas de cantos.<\/p>\n<p>3. <b>Qual \u00e9 o custo m\u00e9dio de um arm\u00e1rio planejado para cozinhas pequenas?<\/b><br \/>\nO custo de um arm\u00e1rio planejado para cozinhas pequenas pode variar consideravelmente, dependendo dos materiais escolhidos, das solu\u00e7\u00f5es de armazenamento incorporadas e da complexidade do projeto. No entanto, \u00e9 importante lembrar que um investimento adequado nessa solu\u00e7\u00e3o pode trazer in\u00fameros benef\u00edcios em termos de organiza\u00e7\u00e3o, funcionalidade e valoriza\u00e7\u00e3o do im\u00f3vel.\n<\/perguntas>\n","protected":false},"excerpt":{"rendered":"<p>Personalize sua cozinha pequena com arm\u00e1rios planejados. Veja cinco dicas essenciais para transformar seu espa\u00e7o.<\/p>\n","protected":false},"author":102,"featured_media":113672,"comment_status":"closed","ping_status":"closed","sticky":false,"template":"","format":"standard","meta":{"footnotes":""},"categories":[35414,35384,1484,971,20353,18792,18794],"tags":[],"class_list":["post-113675","post","type-post","status-publish","format-standard","has-post-thumbnail","category-acessorios-para-decoracao","category-armarios-e-aparadores","category-decoracao","category-design-de-interiores","category-home-decor","category-decoracao-de-apartamento","category-projetos-de-decoracao-de-casas"],"_wp_attached_file":null,"_wp_attachment_metadata":null,"_wp_attachment_context":null,"_wp_attachment_is_custom_header":null,"geo_longitude":null,"geo_public":null,"geo_latitude":null,"_publicize_done_external":null,"_wpas_done_3897181":null,"publicize_twitter_user":null,"_wpas_done_3897175":null,"_wpas_skip_3897181":null,"_wpas_skip_3897175":null,"_wpas_skip_3924723":null,"_wpas_mess":null,"_wpas_done_3924723":null,"wps_subtitle":"","_links":{"self":[{"href":"https:\/\/www.aarquiteta.com.br\/blog\/wp-json\/wp\/v2\/posts\/113675","targetHints":{"allow":["GET"]}}],"collection":[{"href":"https:\/\/www.aarquiteta.com.br\/blog\/wp-json\/wp\/v2\/posts"}],"about":[{"href":"https:\/\/www.aarquiteta.com.br\/blog\/wp-json\/wp\/v2\/types\/post"}],"author":[{"embeddable":true,"href":"https:\/\/www.aarquiteta.com.br\/blog\/wp-json\/wp\/v2\/users\/102"}],"replies":[{"embeddable":true,"href":"https:\/\/www.aarquiteta.com.br\/blog\/wp-json\/wp\/v2\/comments?post=113675"}],"version-history":[{"count":0,"href":"https:\/\/www.aarquiteta.com.br\/blog\/wp-json\/wp\/v2\/posts\/113675\/revisions"}],"wp:featuredmedia":[{"embeddable":true,"href":"https:\/\/www.aarquiteta.com.br\/blog\/wp-json\/wp\/v2\/media\/113672"}],"wp:attachment":[{"href":"https:\/\/www.aarquiteta.com.br\/blog\/wp-json\/wp\/v2\/media?parent=113675"}],"wp:term":[{"taxonomy":"category","embeddable":true,"href":"https:\/\/www.aarquiteta.com.br\/blog\/wp-json\/wp\/v2\/categories?post=113675"},{"taxonomy":"post_tag","embeddable":true,"href":"https:\/\/www.aarquiteta.com.br\/blog\/wp-json\/wp\/v2\/tags?post=113675"}],"curies":[{"name":"wp","href":"https:\/\/api.w.org\/{rel}","templated":true}]}}