{"id":113510,"date":"2024-05-20T11:24:22","date_gmt":"2024-05-20T14:24:22","guid":{"rendered":"https:\/\/www.aarquiteta.com.br\/blog\/8-dicas-para-transformar-sua-varanda-pequena-em-um-retiro-urbano-sem-gastar-muito\/"},"modified":"2024-05-20T11:24:22","modified_gmt":"2024-05-20T14:24:22","slug":"8-dicas-para-transformar-sua-varanda-pequena-em-um-retiro-urbano-sem-gastar-muito","status":"publish","type":"post","link":"https:\/\/www.aarquiteta.com.br\/blog\/8-dicas-para-transformar-sua-varanda-pequena-em-um-retiro-urbano-sem-gastar-muito\/","title":{"rendered":"8 Dicas para Transformar Sua Varanda Pequena em um Retiro Urbano, Sem Gastar Muito"},"content":{"rendered":"<p><Introdu\u00e7\u00e3o><br \/>\nTer uma varanda pequena n\u00e3o significa abrir m\u00e3o de um espa\u00e7o acolhedor e relaxante. Com um pouco de criatividade e algumas dicas inteligentes, \u00e9 poss\u00edvel transformar essa \u00e1rea em um verdadeiro retiro urbano, sem gastar muito. Preparado para descobrir como? Vamos l\u00e1!<\/p>\n<h3>M\u00f3veis Multifuncionais: A Chave para Aproveitar Cada Cent\u00edmetro<\/h3>\n<figure style=\"width: 1024px\" class=\"wp-caption aligncenter\"><img decoding=\"async\" src=\"https:\/\/www.aarquiteta.com.br\/blog\/wp-content\/uploads\/2024\/05\/dicas-transformar-varanda-pequena-retiro-urbano-gastar-pouco04.jpg\" alt=\"8 Dicas para Transformar Sua Varanda Pequena em um Retiro Urbano, Sem Gastar Muito\" width=\"1024\" height=\"1024\" title=\"\"><figcaption class=\"wp-caption-text\">8 Dicas para Transformar Sua Varanda Pequena em um Retiro Urbano, Sem Gastar Muito<\/figcaption><\/figure>\nQuando o espa\u00e7o \u00e9 limitado, cada pe\u00e7a de mob\u00edlia precisa ser escolhida com sabedoria. A solu\u00e7\u00e3o? <b>Apostar em m\u00f3veis multifuncionais<\/b>! Bancos com compartimentos internos, mesas dobr\u00e1veis e poltronas com bra\u00e7os remov\u00edveis s\u00e3o apenas alguns exemplos de como voc\u00ea pode otimizar cada cent\u00edmetro da sua varanda.<\/p>\n<h3>Um Toque de Verde: Plantas para Trazer Vida e Frescor<\/h3>\n<figure style=\"width: 1024px\" class=\"wp-caption aligncenter\"><img decoding=\"async\" src=\"https:\/\/www.aarquiteta.com.br\/blog\/wp-content\/uploads\/2024\/05\/dicas-transformar-varanda-pequena-retiro-urbano-gastar-pouco03.jpg\" alt=\"8 Dicas para Transformar Sua Varanda Pequena em um Retiro Urbano, Sem Gastar Muito\" width=\"1024\" height=\"1024\" title=\"\"><figcaption class=\"wp-caption-text\">8 Dicas para Transformar Sua Varanda Pequena em um Retiro Urbano, Sem Gastar Muito<\/figcaption><\/figure>\nNada como um pouco de <b>verde para trazer vida e frescor<\/b> ao ambiente! Al\u00e9m de embelezarem o espa\u00e7o, as plantas tamb\u00e9m t\u00eam o poder de purificar o ar e trazer uma sensa\u00e7\u00e3o de tranquilidade. Vasos suspensos, jardins verticais e floreiras s\u00e3o \u00f3timas op\u00e7\u00f5es para varandas pequenas.<\/p>\n<h3>Aconchego \u00e0 Vista: Crie um Cantinho Acolhedor<\/h3>\n<style id=\"wp_carousel_dynamic_css104058\">.sp-wp-carousel-free-id-104058.wpcf-fancybox-wrapper .fancybox-bg{background: #0b0b0b;opacity: 0.8;}.sp-wp-carousel-free-id-104058.wpcf-fancybox-wrapper .fancybox-navigation .fancybox-button .wpcp-fancybox-nav-arrow i {color: #ccc;}.sp-wp-carousel-free-id-104058.wpcf-fancybox-wrapper .fancybox-navigation .fancybox-button .wpcp-fancybox-nav-arrow i:hover {color: #fff;}.sp-wp-carousel-free-id-104058.wpcf-fancybox-wrapper .fancybox-navigation .fancybox-button {background: #1e1e1e;}.sp-wp-carousel-free-id-104058.wpcf-fancybox-wrapper .fancybox-navigation .fancybox-button:hover {background: #1e1e1e;}#sp-wp-carousel-free-id-104058 .wpcp-swiper-dots {margin: 40px 0px 0px 0px;}.wpcp-wrapper-104058 .swiper-wrapper .swiper-slide-kenburn, .wpcp-wrapper-104058 .swiper-wrapper, .wpcp-wrapper-104058 .wpcpro-row{align-items: center;}#sp-wp-carousel-free-id-104058 .wpcp-single-item {box-shadow: 0px 0px 0px 0px #dddddd;transition: all .3s;margin: 0px;}#sp-wp-carousel-free-id-104058.swiper-flip .wpcp-single-item{margin: 0!important;}#sp-wp-carousel-free-id-104058 .wpcp-single-item:hover {box-shadow: 0px 0px 0px 0px #dddddd;}#sp-wp-carousel-free-id-104058.sp-wpcp-104058 .wpcp-single-item {border: 1px solid #dddddd;}#sp-wp-carousel-free-id-104058.sp-wpcp-104058 .swiper-button-prev,#sp-wp-carousel-free-id-104058.sp-wpcp-104058 .swiper-button-next,#sp-wp-carousel-free-id-104058.sp-wpcp-104058 .swiper-button-prev:hover,#sp-wp-carousel-free-id-104058.sp-wpcp-104058 .swiper-button-next:hover {background: none;border: none;font-size: 30px;}#sp-wp-carousel-free-id-104058.sp-wpcp-104058 .swiper-button-prev i,#sp-wp-carousel-free-id-104058.sp-wpcp-104058 .swiper-button-next i {color: #aaa;}#sp-wp-carousel-free-id-104058.sp-wpcp-104058 .swiper-button-prev i:hover,#sp-wp-carousel-free-id-104058.sp-wpcp-104058 .swiper-button-next i:hover {color: #178087;}#sp-wp-carousel-free-id-104058.sp-wpcp-104058 .wpcp-swiper-dots .swiper-pagination-bullet {background-color: #cccccc;}#sp-wp-carousel-free-id-104058.sp-wpcp-104058 .wpcp-swiper-dots .swiper-pagination-bullet.swiper-pagination-bullet-active {background-color: #178087;} #sp-wp-carousel-free-id-104058.sp-wpcp-104058.wpcp-image-carousel .wpcp-single-item:hover img, #sp-wp-carousel-free-id-104058.sp-wpcp-104058.wpcp-post-carousel .wpcp-single-item:hover img, #sp-wp-carousel-free-id-104058.sp-wpcp-104058.wpcp-product-carousel .wpcp-single-item:hover img{-webkit-transform: scale(1.2);-moz-transform: scale(1.2);transform: scale(1.2);}#sp-wp-carousel-free-id-104058 .wpcpro-row>[class*=\"wpcpro-col-\"] { padding: 0 10px; padding-bottom: 20px;} #sp-wp-carousel-free-id-104058 .swiper-slide .single-item-fade:not(:last-child) { margin-right: 20px;}@media (min-width: 480px) { .wpcpro-row .wpcpro-col-sm-1 { flex: 0 0 100%; max-width: 100%; } .wpcpro-row .wpcpro-col-sm-2 { flex: 0 0 50%; max-width: 50%; } .wpcpro-row .wpcpro-col-sm-2-5 { flex: 0 0 75%; max-width: 75%; } .wpcpro-row .wpcpro-col-sm-3 { flex: 0 0 33.333%; max-width: 33.333%; } .wpcpro-row .wpcpro-col-sm-4 { flex: 0 0 25%; max-width: 25%; } .wpcpro-row .wpcpro-col-sm-5 { flex: 0 0 20%; max-width: 20%; } .wpcpro-row .wpcpro-col-sm-6 { flex: 0 0 16.66666666666667%; max-width: 16.66666666666667%; } .wpcpro-row .wpcpro-col-sm-7 { flex: 0 0 14.28571428%; max-width: 14.28571428%; } .wpcpro-row .wpcpro-col-sm-8 { flex: 0 0 12.5%; max-width: 12.5%; } } @media (max-width: 480px) { .wpcpro-row .wpcpro-col-xs-1 { flex: 0 0 100%; max-width: 100%; } .wpcpro-row .wpcpro-col-xs-2 { flex: 0 0 50%; max-width: 50%; } .wpcpro-row .wpcpro-col-xs-3 { flex: 0 0 33.222%; max-width: 33.222%; } .wpcpro-row .wpcpro-col-xs-4 { flex: 0 0 25%; max-width: 25%; } .wpcpro-row .wpcpro-col-xs-5 { flex: 0 0 20%; max-width: 20%; } .wpcpro-row .wpcpro-col-xs-6 { flex: 0 0 16.6667%; max-width: 16.6667%; } .wpcpro-row .wpcpro-col-xs-7 { flex: 0 0 14.28571428%; max-width: 14.28571428%; } .wpcpro-row .wpcpro-col-xs-8 { flex: 0 0 12.5%; max-width: 12.5%; } } @media (min-width: 736px) { .wpcpro-row .wpcpro-col-md-1 { flex: 0 0 100%; max-width: 100%; } .wpcpro-row .wpcpro-col-md-2 { flex: 0 0 50%; max-width: 50%; } .wpcpro-row .wpcpro-col-md-2-5 { flex: 0 0 75%; max-width: 75%; } .wpcpro-row .wpcpro-col-md-3 { flex: 0 0 33.333%; max-width: 33.333%; } .wpcpro-row .wpcpro-col-md-4 { flex: 0 0 25%; max-width: 25%; } .wpcpro-row .wpcpro-col-md-5 { flex: 0 0 20%; max-width: 20%; } .wpcpro-row .wpcpro-col-md-6 { flex: 0 0 16.66666666666667%; max-width: 16.66666666666667%; } .wpcpro-row .wpcpro-col-md-7 { flex: 0 0 14.28571428%; max-width: 14.28571428%; } .wpcpro-row .wpcpro-col-md-8 { flex: 0 0 12.5%; max-width: 12.5%; } } @media (min-width: 980px) { .wpcpro-row .wpcpro-col-lg-1 { flex: 0 0 100%; max-width: 100%; } .wpcpro-row .wpcpro-col-lg-2 { flex: 0 0 50%; max-width: 50%; } .wpcpro-row .wpcpro-col-lg-3 { flex: 0 0 33.222%; max-width: 33.222%; } .wpcpro-row .wpcpro-col-lg-4 { flex: 0 0 25%; max-width: 25%; } .wpcpro-row .wpcpro-col-lg-5 { flex: 0 0 20%; max-width: 20%; } .wpcpro-row .wpcpro-col-lg-6 { flex: 0 0 16.6667%; max-width: 16.6667%; } .wpcpro-row .wpcpro-col-lg-7 { flex: 0 0 14.28571428%; max-width: 14.28571428%; } .wpcpro-row .wpcpro-col-lg-8 { flex: 0 0 12.5%; max-width: 12.5%; } } @media (min-width: 1200px) { .wpcpro-row .wpcpro-col-xl-1 { flex: 0 0 100%; max-width: 100%; } .wpcpro-row .wpcpro-col-xl-2 { flex: 0 0 50%; max-width: 50%; } .wpcpro-row .wpcpro-col-xl-3 { flex: 0 0 33.22222222%; max-width: 33.22222222%; } .wpcpro-row .wpcpro-col-xl-4 { flex: 0 0 25%; max-width: 25%; } .wpcpro-row .wpcpro-col-xl-5 { flex: 0 0 20%; max-width: 20%; } .wpcpro-row .wpcpro-col-xl-6 { flex: 0 0 16.66667%; max-width: 16.66667%; } .wpcpro-row .wpcpro-col-xl-7 { flex: 0 0 14.28571428%; max-width: 14.28571428%; } .wpcpro-row .wpcpro-col-xl-8 { flex: 0 0 12.5%; max-width: 12.5%; } }<\/style><div class=\"wpcp-carousel-wrapper wpcp-wrapper-104058\">\n\t<div id=\"wpcp-preloader-104058\" class=\"wpcp-carousel-preloader\"><img decoding=\"async\" src=\"https:\/\/www.aarquiteta.com.br\/blog\/wp-content\/plugins\/wp-carousel-free\/public\/css\/spinner.svg\" alt=\"Preloader Image\" title=\"\"><\/div>\t<div class=\"wpcp-carousel-content-wrapper\">\n\t<div id=\"sp-wp-carousel-free-id-104058\" class=\"wpcp-carousel-section sp-wpcp-104058  nav-vertical-center wpcp-image-carousel wpcp-preloader wpcp-standard\" data-swiper='{ &quot;pagination_type&quot;: &quot;dots&quot;,&quot;accessibility&quot;:true, &quot;spaceBetween&quot;:20, &quot;arrows&quot;:false, &quot;freeMode&quot;: false, &quot;autoplay&quot;:true, &quot;effect&quot;: &quot;&quot;, &quot;centerMode&quot;: false, &quot;autoplaySpeed&quot;:3000, &quot;dots&quot;:true, &quot;infinite&quot;:true, &quot;speed&quot;:600, &quot;pauseOnHover&quot;:true,\n\t\t\t&quot;slidesToShow&quot;:{&quot;lg_desktop&quot;:5, &quot;desktop&quot;: 4, &quot;laptop&quot;: 3, &quot;tablet&quot;: 2, &quot;mobile&quot;: 1}, &quot;responsive&quot;:{&quot;desktop&quot;:1200, &quot;laptop&quot;: 980, &quot;tablet&quot;: 736, &quot;mobile&quot;: 480}, &quot;rtl&quot;:false, &quot;lazyLoad&quot;: &quot;false&quot;, &quot;swipe&quot;: true, &quot;draggable&quot;: true, &quot;swipeToSlide&quot;:false }' dir=\"ltr\">\n\t\t<div class=\"swiper-wrapper\">\n\t\t<div class=\"swiper-slide\">\n\t<div class=\"wpcp-single-item\">\n\t\t\t<a class=\"wcp-light-box\" data-buttons='[\"close\"]' data-wpc_url='https:\/\/www.aarquiteta.com.br\/blog\/wp-content\/uploads\/2024\/01\/casa-em-terreno-estreito01.jpg' href=\"https:\/\/www.aarquiteta.com.br\/blog\/wp-content\/uploads\/2024\/01\/casa-em-terreno-estreito01.jpg\" data-fancybox=\"wpcp_view\">\n\t\t<figure>\n\t\t\t<img decoding=\"async\" class=\"skip-lazy\" src=\"https:\/\/www.aarquiteta.com.br\/blog\/wp-content\/uploads\/2024\/01\/casa-em-terreno-estreito01.jpg\" alt=\"casa em terreno estreito\" width=\"1024\" height=\"1024\" title=\"\">\t\t<\/figure>\n\t<\/a>\n\t\t<\/div>\n<\/div>\n\t<div class=\"swiper-slide\">\n\t<div class=\"wpcp-single-item\">\n\t\t\t<a class=\"wcp-light-box\" data-buttons='[\"close\"]' data-wpc_url='https:\/\/www.aarquiteta.com.br\/blog\/wp-content\/uploads\/2023\/12\/designer-inovador-transforma-materias-primas-casa-ultramoderna02.jpg' href=\"https:\/\/www.aarquiteta.com.br\/blog\/wp-content\/uploads\/2023\/12\/designer-inovador-transforma-materias-primas-casa-ultramoderna02.jpg\" data-fancybox=\"wpcp_view\">\n\t\t<figure>\n\t\t\t<img decoding=\"async\" class=\"skip-lazy\" src=\"https:\/\/www.aarquiteta.com.br\/blog\/wp-content\/uploads\/2023\/12\/designer-inovador-transforma-materias-primas-casa-ultramoderna02.jpg\" alt=\"designer-inovador-transforma-materias-primas-casa-ultramoderna\" width=\"1024\" height=\"1024\" title=\"\">\t\t<\/figure>\n\t<\/a>\n\t\t<\/div>\n<\/div>\n\t<div class=\"swiper-slide\">\n\t<div class=\"wpcp-single-item\">\n\t\t\t<a class=\"wcp-light-box\" data-buttons='[\"close\"]' data-wpc_url='https:\/\/www.aarquiteta.com.br\/blog\/wp-content\/uploads\/2023\/12\/fachadas-de-casas-simples04.jpg' href=\"https:\/\/www.aarquiteta.com.br\/blog\/wp-content\/uploads\/2023\/12\/fachadas-de-casas-simples04.jpg\" data-fancybox=\"wpcp_view\">\n\t\t<figure>\n\t\t\t<img decoding=\"async\" class=\"skip-lazy\" src=\"https:\/\/www.aarquiteta.com.br\/blog\/wp-content\/uploads\/2023\/12\/fachadas-de-casas-simples04.jpg\" alt=\"fachadas de casas simples\" width=\"1024\" height=\"1024\" title=\"\">\t\t<\/figure>\n\t<\/a>\n\t\t<\/div>\n<\/div>\n\t<div class=\"swiper-slide\">\n\t<div class=\"wpcp-single-item\">\n\t\t\t<a class=\"wcp-light-box\" data-buttons='[\"close\"]' data-wpc_url='https:\/\/www.aarquiteta.com.br\/blog\/wp-content\/uploads\/2023\/12\/fachadas-de-casas-simples01.jpg' href=\"https:\/\/www.aarquiteta.com.br\/blog\/wp-content\/uploads\/2023\/12\/fachadas-de-casas-simples01.jpg\" data-fancybox=\"wpcp_view\">\n\t\t<figure>\n\t\t\t<img decoding=\"async\" class=\"skip-lazy\" src=\"https:\/\/www.aarquiteta.com.br\/blog\/wp-content\/uploads\/2023\/12\/fachadas-de-casas-simples01.jpg\" alt=\"fachadas de casas simples\" width=\"1024\" height=\"1024\" title=\"\">\t\t<\/figure>\n\t<\/a>\n\t\t<\/div>\n<\/div>\n\t<div class=\"swiper-slide\">\n\t<div class=\"wpcp-single-item\">\n\t\t\t<a class=\"wcp-light-box\" data-buttons='[\"close\"]' data-wpc_url='https:\/\/www.aarquiteta.com.br\/blog\/wp-content\/uploads\/2023\/12\/Casas-pre-fabricadas-custos-e-vantagens-para-sua-obra04.jpg' href=\"https:\/\/www.aarquiteta.com.br\/blog\/wp-content\/uploads\/2023\/12\/Casas-pre-fabricadas-custos-e-vantagens-para-sua-obra04.jpg\" data-fancybox=\"wpcp_view\">\n\t\t<figure>\n\t\t\t<img decoding=\"async\" class=\"skip-lazy\" src=\"https:\/\/www.aarquiteta.com.br\/blog\/wp-content\/uploads\/2023\/12\/Casas-pre-fabricadas-custos-e-vantagens-para-sua-obra04.jpg\" alt=\"Casas pr\u00e9-fabricadas: custos e vantagens para sua obra\" width=\"1024\" height=\"1024\" title=\"\">\t\t<\/figure>\n\t<\/a>\n\t\t<\/div>\n<\/div>\n\t<div class=\"swiper-slide\">\n\t<div class=\"wpcp-single-item\">\n\t\t\t<a class=\"wcp-light-box\" data-buttons='[\"close\"]' data-wpc_url='https:\/\/www.aarquiteta.com.br\/blog\/wp-content\/uploads\/2023\/11\/como-aumentar-o-valor-da-sua-casa01.jpg' href=\"https:\/\/www.aarquiteta.com.br\/blog\/wp-content\/uploads\/2023\/11\/como-aumentar-o-valor-da-sua-casa01.jpg\" data-fancybox=\"wpcp_view\">\n\t\t<figure>\n\t\t\t<img decoding=\"async\" class=\"skip-lazy\" src=\"https:\/\/www.aarquiteta.com.br\/blog\/wp-content\/uploads\/2023\/11\/como-aumentar-o-valor-da-sua-casa01.jpg\" alt=\"como aumentar o valor da sua casa\" width=\"1024\" height=\"1024\" title=\"\">\t\t<\/figure>\n\t<\/a>\n\t\t<\/div>\n<\/div>\n\t<div class=\"swiper-slide\">\n\t<div class=\"wpcp-single-item\">\n\t\t\t<a class=\"wcp-light-box\" data-buttons='[\"close\"]' data-wpc_url='https:\/\/www.aarquiteta.com.br\/blog\/wp-content\/uploads\/2023\/11\/casa-de-fazenda03.jpg' href=\"https:\/\/www.aarquiteta.com.br\/blog\/wp-content\/uploads\/2023\/11\/casa-de-fazenda03.jpg\" data-fancybox=\"wpcp_view\">\n\t\t<figure>\n\t\t\t<img decoding=\"async\" class=\"skip-lazy\" src=\"https:\/\/www.aarquiteta.com.br\/blog\/wp-content\/uploads\/2023\/11\/casa-de-fazenda03.jpg\" alt=\"casa de fazenda\" width=\"1024\" height=\"1024\" title=\"\">\t\t<\/figure>\n\t<\/a>\n\t\t<\/div>\n<\/div>\n\t<div class=\"swiper-slide\">\n\t<div class=\"wpcp-single-item\">\n\t\t\t<a class=\"wcp-light-box\" data-buttons='[\"close\"]' data-wpc_url='https:\/\/www.aarquiteta.com.br\/blog\/wp-content\/uploads\/2023\/11\/arquitetura-sustentvel-dicas-para-criar-uma-casa-container-modernarumt.jpg' href=\"https:\/\/www.aarquiteta.com.br\/blog\/wp-content\/uploads\/2023\/11\/arquitetura-sustentvel-dicas-para-criar-uma-casa-container-modernarumt.jpg\" data-fancybox=\"wpcp_view\">\n\t\t<figure>\n\t\t\t<img decoding=\"async\" class=\"skip-lazy\" src=\"https:\/\/www.aarquiteta.com.br\/blog\/wp-content\/uploads\/2023\/11\/arquitetura-sustentvel-dicas-para-criar-uma-casa-container-modernarumt.jpg\" alt=\"Arquitetura Sustentvel Dicas para Criar uma Casa Container Moderna\" width=\"1024\" height=\"768\" title=\"\">\t\t<\/figure>\n\t<\/a>\n\t\t<\/div>\n<\/div>\n\t<div class=\"swiper-slide\">\n\t<div class=\"wpcp-single-item\">\n\t\t\t<a class=\"wcp-light-box\" data-buttons='[\"close\"]' data-wpc_url='https:\/\/www.aarquiteta.com.br\/blog\/wp-content\/uploads\/2023\/11\/modelos-de-casa02.jpg' href=\"https:\/\/www.aarquiteta.com.br\/blog\/wp-content\/uploads\/2023\/11\/modelos-de-casa02.jpg\" data-fancybox=\"wpcp_view\">\n\t\t<figure>\n\t\t\t<img decoding=\"async\" class=\"skip-lazy\" src=\"https:\/\/www.aarquiteta.com.br\/blog\/wp-content\/uploads\/2023\/11\/modelos-de-casa02.jpg\" alt=\"modelos de casa\" width=\"1024\" height=\"1024\" title=\"\">\t\t<\/figure>\n\t<\/a>\n\t\t<\/div>\n<\/div>\n\t<div class=\"swiper-slide\">\n\t<div class=\"wpcp-single-item\">\n\t\t\t<a class=\"wcp-light-box\" data-buttons='[\"close\"]' data-wpc_url='https:\/\/www.aarquiteta.com.br\/blog\/wp-content\/uploads\/2023\/11\/casa-simples-arrumada01.jpg' href=\"https:\/\/www.aarquiteta.com.br\/blog\/wp-content\/uploads\/2023\/11\/casa-simples-arrumada01.jpg\" data-fancybox=\"wpcp_view\">\n\t\t<figure>\n\t\t\t<img decoding=\"async\" class=\"skip-lazy\" src=\"https:\/\/www.aarquiteta.com.br\/blog\/wp-content\/uploads\/2023\/11\/casa-simples-arrumada01.jpg\" alt=\"casa simples arrumada\" width=\"1024\" height=\"1024\" title=\"\">\t\t<\/figure>\n\t<\/a>\n\t\t<\/div>\n<\/div>\n\t<div class=\"swiper-slide\">\n\t<div class=\"wpcp-single-item\">\n\t\t\t<a class=\"wcp-light-box\" data-buttons='[\"close\"]' data-wpc_url='https:\/\/www.aarquiteta.com.br\/blog\/wp-content\/uploads\/2023\/11\/modelos-de-casa04.jpg' href=\"https:\/\/www.aarquiteta.com.br\/blog\/wp-content\/uploads\/2023\/11\/modelos-de-casa04.jpg\" data-fancybox=\"wpcp_view\">\n\t\t<figure>\n\t\t\t<img decoding=\"async\" class=\"skip-lazy\" src=\"https:\/\/www.aarquiteta.com.br\/blog\/wp-content\/uploads\/2023\/11\/modelos-de-casa04.jpg\" alt=\"modelos de casa\" width=\"1024\" height=\"1024\" title=\"\">\t\t<\/figure>\n\t<\/a>\n\t\t<\/div>\n<\/div>\n\t<div class=\"swiper-slide\">\n\t<div class=\"wpcp-single-item\">\n\t\t\t<a class=\"wcp-light-box\" data-buttons='[\"close\"]' data-wpc_url='https:\/\/www.aarquiteta.com.br\/blog\/wp-content\/uploads\/2023\/10\/muros-modernos-ecologicos5-dicas-para-usar-na-fachada-da-sua-casa.02.jpg' href=\"https:\/\/www.aarquiteta.com.br\/blog\/wp-content\/uploads\/2023\/10\/muros-modernos-ecologicos5-dicas-para-usar-na-fachada-da-sua-casa.02.jpg\" data-fancybox=\"wpcp_view\">\n\t\t<figure>\n\t\t\t<img decoding=\"async\" class=\"skip-lazy\" src=\"https:\/\/www.aarquiteta.com.br\/blog\/wp-content\/uploads\/2023\/10\/muros-modernos-ecologicos5-dicas-para-usar-na-fachada-da-sua-casa.02.jpg\" alt=\"muros modernos ecol\u00f3gicos:5 dicas para usar na fachada da sua casa.\" width=\"1024\" height=\"1024\" title=\"\">\t\t<\/figure>\n\t<\/a>\n\t\t<\/div>\n<\/div>\n\t<div class=\"swiper-slide\">\n\t<div class=\"wpcp-single-item\">\n\t\t\t<a class=\"wcp-light-box\" data-buttons='[\"close\"]' data-wpc_url='https:\/\/www.aarquiteta.com.br\/blog\/wp-content\/uploads\/2023\/10\/casa-na-arvore-moderna.jpg' href=\"https:\/\/www.aarquiteta.com.br\/blog\/wp-content\/uploads\/2023\/10\/casa-na-arvore-moderna.jpg\" data-fancybox=\"wpcp_view\">\n\t\t<figure>\n\t\t\t<img decoding=\"async\" class=\"skip-lazy\" src=\"https:\/\/www.aarquiteta.com.br\/blog\/wp-content\/uploads\/2023\/10\/casa-na-arvore-moderna.jpg\" alt=\"Integra\u00e7\u00e3o com a Natureza: Os Melhores Projetos de Casas em \u00c1reas Verdes!\" width=\"1200\" height=\"800\" title=\"\">\t\t<\/figure>\n\t<\/a>\n\t\t<\/div>\n<\/div>\n\t<div class=\"swiper-slide\">\n\t<div class=\"wpcp-single-item\">\n\t\t\t<a class=\"wcp-light-box\" data-buttons='[\"close\"]' data-wpc_url='https:\/\/www.aarquiteta.com.br\/blog\/wp-content\/uploads\/2023\/10\/casas-pre-fabricadas02.jpg' href=\"https:\/\/www.aarquiteta.com.br\/blog\/wp-content\/uploads\/2023\/10\/casas-pre-fabricadas02.jpg\" data-fancybox=\"wpcp_view\">\n\t\t<figure>\n\t\t\t<img decoding=\"async\" class=\"skip-lazy\" src=\"https:\/\/www.aarquiteta.com.br\/blog\/wp-content\/uploads\/2023\/10\/casas-pre-fabricadas02.jpg\" alt=\"casas pr\u00e9 fabricadas\" width=\"1024\" height=\"1024\" title=\"\">\t\t<\/figure>\n\t<\/a>\n\t\t<\/div>\n<\/div>\n\t<div class=\"swiper-slide\">\n\t<div class=\"wpcp-single-item\">\n\t\t\t<a class=\"wcp-light-box\" data-buttons='[\"close\"]' data-wpc_url='https:\/\/www.aarquiteta.com.br\/blog\/wp-content\/uploads\/2023\/10\/muros-de-casas01.jpg' href=\"https:\/\/www.aarquiteta.com.br\/blog\/wp-content\/uploads\/2023\/10\/muros-de-casas01.jpg\" data-fancybox=\"wpcp_view\">\n\t\t<figure>\n\t\t\t<img decoding=\"async\" class=\"skip-lazy\" src=\"https:\/\/www.aarquiteta.com.br\/blog\/wp-content\/uploads\/2023\/10\/muros-de-casas01.jpg\" alt=\"Muros de Casas: Ideias Criativas para Transformar a Apar\u00eancia de sua Resid\u00eancia.\" width=\"1024\" height=\"1024\" title=\"\">\t\t<\/figure>\n\t<\/a>\n\t\t<\/div>\n<\/div>\n\t\t\t<\/div>\n\t\t\t\t\t<div class=\"wpcp-swiper-dots swiper-pagination\"><\/div>\n\t\t\t\t<!-- If we need navigation buttons -->\n\t\t\t<\/div>\n\t<\/div>\n<\/div>\n\nQue tal transformar sua varanda em um verdadeiro ninho de <b>aconchego e relaxamento<\/b>? Aposte em almofadas macias, mantas quentinhas e uma pequena mesinha para apoiar uma x\u00edcara de ch\u00e1 ou um livro. Esse cantinho ser\u00e1 perfeito para curtir os momentos de tranquilidade ao ar livre.<\/p>\n<h3>Ilumina\u00e7\u00e3o Criativa: Destaque os Melhores \u00c2ngulos<\/h3>\n<p>A ilumina\u00e7\u00e3o certa pode fazer toda a diferen\u00e7a na atmosfera do ambiente. <b>Experimente com luzes de LED, lanternas decorativas e cord\u00f5es de luz<\/b> para criar um clima aconchegante e destacar os melhores \u00e2ngulos da sua varanda.<\/p>\n<h3>Tapetes e Cortinas: Delimitando Espa\u00e7os com Estilo<\/h3>\n<figure style=\"width: 1024px\" class=\"wp-caption aligncenter\"><img decoding=\"async\" src=\"https:\/\/www.aarquiteta.com.br\/blog\/wp-content\/uploads\/2024\/05\/dicas-transformar-varanda-pequena-retiro-urbano-gastar-pouco02.jpg\" alt=\"8 Dicas para Transformar Sua Varanda Pequena em um Retiro Urbano, Sem Gastar Muito\" width=\"1024\" height=\"1024\" title=\"\"><figcaption class=\"wp-caption-text\">8 Dicas para Transformar Sua Varanda Pequena em um Retiro Urbano, Sem Gastar Muito<\/figcaption><\/figure>\nTapetes e cortinas leves s\u00e3o \u00f3timos recursos para <b>delimitar \u00e1reas e criar a sensa\u00e7\u00e3o de ambientes distintos<\/b>, mesmo em espa\u00e7os pequenos. Al\u00e9m de funcionais, eles tamb\u00e9m podem adicionar um toque de cor e textura \u00e0 decora\u00e7\u00e3o.<\/p>\n<h3>Jardim Vertical: Trazendo a Natureza para Perto<\/h3>\n<figure style=\"width: 1024px\" class=\"wp-caption aligncenter\"><img decoding=\"async\" src=\"https:\/\/www.aarquiteta.com.br\/blog\/wp-content\/uploads\/2024\/05\/dicas-transformar-varanda-pequena-retiro-urbano-gastar-pouco01.jpg\" alt=\"8 Dicas para Transformar Sua Varanda Pequena em um Retiro Urbano, Sem Gastar Muito\" width=\"1024\" height=\"1024\" title=\"\"><figcaption class=\"wp-caption-text\">8 Dicas para Transformar Sua Varanda Pequena em um Retiro Urbano, Sem Gastar Muito<\/figcaption><\/figure>\nSe voc\u00ea \u00e9 um amante da natureza, um jardim vertical \u00e9 a solu\u00e7\u00e3o perfeita! Aproveite as paredes da sua varanda para <b>criar um verdadeiro o\u00e1sis verde<\/b>, repleto de plantas arom\u00e1ticas, flores e at\u00e9 mesmo pequenas hortali\u00e7as.<\/p>\n<h3>Toque Pessoal: Adicione Elementos Decorativos \u00danicos<\/h3>\n<p>Para tornar o ambiente ainda mais acolhedor e <b>refletir sua personalidade<\/b>, adicione elementos decorativos personalizados. Quadros, esculturas, objetos de viagem e at\u00e9 mesmo pe\u00e7as feitas por voc\u00ea mesmo podem dar um toque especial \u00e0 decora\u00e7\u00e3o.<\/p>\n<h3>Organiza\u00e7\u00e3o \u00e9 Tudo: Mantenha a Varanda Limpa e Arrumada<\/h3>\n<h3>Assista agora a minha recomenda\u00e7\u00e3o de video abaixo sobre o tema que estamos tratando neste artigo: <\/h3>\n<p><div class=\"youtube-embed\" data-video_id=\"x8q_3WpV8wg\"><iframe title=\"3 IDEIAS PARA APROVEITAR UMA VARANDA PEQUENA ABERTA\" width=\"696\" height=\"392\" src=\"https:\/\/www.youtube.com\/embed\/x8q_3WpV8wg?feature=oembed&#038;enablejsapi=1\" frameborder=\"0\" allow=\"accelerometer; autoplay; clipboard-write; encrypted-media; gyroscope; picture-in-picture; web-share\" referrerpolicy=\"strict-origin-when-cross-origin\" allowfullscreen><\/iframe><\/div>\n<\/p>\n<p style=\"text-align: center;\">[amazon table=&#8221;88247&#8243;]\n","protected":false},"excerpt":{"rendered":"<p>8 Dicas para Transformar Sua Varanda Pequena em um Retiro Urbano, Sem Gastar Muito<\/p>\n","protected":false},"author":102,"featured_media":113507,"comment_status":"closed","ping_status":"closed","sticky":false,"template":"","format":"standard","meta":{"footnotes":""},"categories":[1484],"tags":[],"class_list":["post-113510","post","type-post","status-publish","format-standard","has-post-thumbnail","category-decoracao"],"_wp_attached_file":null,"_wp_attachment_metadata":null,"_wp_attachment_context":null,"_wp_attachment_is_custom_header":null,"geo_longitude":null,"geo_public":null,"geo_latitude":null,"_publicize_done_external":null,"_wpas_done_3897181":null,"publicize_twitter_user":null,"_wpas_done_3897175":null,"_wpas_skip_3897181":null,"_wpas_skip_3897175":null,"_wpas_skip_3924723":null,"_wpas_mess":null,"_wpas_done_3924723":null,"wps_subtitle":"","_links":{"self":[{"href":"https:\/\/www.aarquiteta.com.br\/blog\/wp-json\/wp\/v2\/posts\/113510","targetHints":{"allow":["GET"]}}],"collection":[{"href":"https:\/\/www.aarquiteta.com.br\/blog\/wp-json\/wp\/v2\/posts"}],"about":[{"href":"https:\/\/www.aarquiteta.com.br\/blog\/wp-json\/wp\/v2\/types\/post"}],"author":[{"embeddable":true,"href":"https:\/\/www.aarquiteta.com.br\/blog\/wp-json\/wp\/v2\/users\/102"}],"replies":[{"embeddable":true,"href":"https:\/\/www.aarquiteta.com.br\/blog\/wp-json\/wp\/v2\/comments?post=113510"}],"version-history":[{"count":0,"href":"https:\/\/www.aarquiteta.com.br\/blog\/wp-json\/wp\/v2\/posts\/113510\/revisions"}],"wp:featuredmedia":[{"embeddable":true,"href":"https:\/\/www.aarquiteta.com.br\/blog\/wp-json\/wp\/v2\/media\/113507"}],"wp:attachment":[{"href":"https:\/\/www.aarquiteta.com.br\/blog\/wp-json\/wp\/v2\/media?parent=113510"}],"wp:term":[{"taxonomy":"category","embeddable":true,"href":"https:\/\/www.aarquiteta.com.br\/blog\/wp-json\/wp\/v2\/categories?post=113510"},{"taxonomy":"post_tag","embeddable":true,"href":"https:\/\/www.aarquiteta.com.br\/blog\/wp-json\/wp\/v2\/tags?post=113510"}],"curies":[{"name":"wp","href":"https:\/\/api.w.org\/{rel}","templated":true}]}}