{"id":113489,"date":"2024-05-19T19:47:20","date_gmt":"2024-05-19T22:47:20","guid":{"rendered":"https:\/\/www.aarquiteta.com.br\/blog\/8-dicas-para-integrar-espacos-com-fluidez-em-cozinhas-americanas-com-salas-pequenas\/"},"modified":"2024-05-19T19:47:20","modified_gmt":"2024-05-19T22:47:20","slug":"8-dicas-para-integrar-espacos-com-fluidez-em-cozinhas-americanas-com-salas-pequenas","status":"publish","type":"post","link":"https:\/\/www.aarquiteta.com.br\/blog\/8-dicas-para-integrar-espacos-com-fluidez-em-cozinhas-americanas-com-salas-pequenas\/","title":{"rendered":"8 Dicas para Integrar Espa\u00e7os com Fluidez em Cozinhas Americanas com Salas Pequenas"},"content":{"rendered":"<p>Integrar a cozinha e a sala em um espa\u00e7o pequeno pode parecer um desafio, mas com criatividade e algumas dicas inteligentes, \u00e9 poss\u00edvel criar um ambiente aconchegante e funcional. Vamos explorar as principais estrat\u00e9gias para harmonizar esses ambientes de forma fluida.<\/p>\n<h3>Escolha uma Paleta de Cores Coesa<\/h3>\n<figure style=\"width: 1024px\" class=\"wp-caption aligncenter\"><img decoding=\"async\" src=\"https:\/\/www.aarquiteta.com.br\/blog\/wp-content\/uploads\/2024\/05\/dicas-integrar-espacos-fluidez-cozinhas-americanas-salas-pequenas04.jpg\" alt=\"8 Dicas para Integrar Espa\u00e7os com Fluidez em Cozinhas Americanas com Salas Pequenas\" width=\"1024\" height=\"1024\" title=\"\"><figcaption class=\"wp-caption-text\">8 Dicas para Integrar Espa\u00e7os com Fluidez em Cozinhas Americanas com Salas Pequenas<\/figcaption><\/figure>\n<p>A chave para criar uma sensa\u00e7\u00e3o de unidade \u00e9 adotar uma <b>paleta de cores harmoniosa<\/b> que percorra todos os ambientes. Cores neutras, como bege, cinza e branco, s\u00e3o ideais para criar uma base acolhedora. Adicione toques de cor com acess\u00f3rios, como almofadas, quadros e objetos decorativos, para trazer vida ao espa\u00e7o. Mantenha a consist\u00eancia das cores entre a cozinha e a sala para garantir uma transi\u00e7\u00e3o suave.<\/p>\n<h3>Aposte em M\u00f3veis Vers\u00e1teis<\/h3>\n<figure style=\"width: 1024px\" class=\"wp-caption aligncenter\"><img decoding=\"async\" src=\"https:\/\/www.aarquiteta.com.br\/blog\/wp-content\/uploads\/2024\/05\/dicas-integrar-espacos-fluidez-cozinhas-americanas-salas-pequenas03.jpg\" alt=\"8 Dicas para Integrar Espa\u00e7os com Fluidez em Cozinhas Americanas com Salas Pequenas\" width=\"1024\" height=\"1024\" title=\"\"><figcaption class=\"wp-caption-text\">8 Dicas para Integrar Espa\u00e7os com Fluidez em Cozinhas Americanas com Salas Pequenas<\/figcaption><\/figure>\n<p>Em espa\u00e7os menores, \u00e9 essencial <b>otimizar cada cent\u00edmetro<\/b>. Opte por m\u00f3veis multifuncionais que possam servir para mais de uma finalidade. Uma mesa de jantar compacta, por exemplo, pode ser utilizada como \u00e1rea de trabalho ou estudo durante o dia. Priorize pe\u00e7as que n\u00e3o obstruam a passagem e que ofere\u00e7am conforto e praticidade.<\/p>\n<h3>Divis\u00f3rias Inteligentes: A Chave para Ambientes Integrados<\/h3>\n<style id=\"wp_carousel_dynamic_css102759\">.sp-wp-carousel-free-id-102759.wpcf-fancybox-wrapper .fancybox-bg{background: #0b0b0b;opacity: 0.8;}.sp-wp-carousel-free-id-102759.wpcf-fancybox-wrapper .fancybox-navigation .fancybox-button .wpcp-fancybox-nav-arrow i {color: #ccc;}.sp-wp-carousel-free-id-102759.wpcf-fancybox-wrapper .fancybox-navigation .fancybox-button .wpcp-fancybox-nav-arrow i:hover {color: #fff;}.sp-wp-carousel-free-id-102759.wpcf-fancybox-wrapper .fancybox-navigation .fancybox-button {background: #1e1e1e;}.sp-wp-carousel-free-id-102759.wpcf-fancybox-wrapper .fancybox-navigation .fancybox-button:hover {background: #1e1e1e;}#sp-wp-carousel-free-id-102759 .wpcp-swiper-dots {margin: 40px 0px 0px 0px;}.wpcp-wrapper-102759 .swiper-wrapper .swiper-slide-kenburn, .wpcp-wrapper-102759 .swiper-wrapper, .wpcp-wrapper-102759 .wpcpro-row{align-items: center;}#sp-wp-carousel-free-id-102759 .wpcp-single-item {box-shadow: 0px 0px 0px 0px #dddddd;transition: all .3s;margin: 0px;}#sp-wp-carousel-free-id-102759.swiper-flip .wpcp-single-item{margin: 0!important;}#sp-wp-carousel-free-id-102759 .wpcp-single-item:hover {box-shadow: 0px 0px 0px 0px #dddddd;}#sp-wp-carousel-free-id-102759.sp-wpcp-102759 .wpcp-single-item {border: 1px solid #dddddd;}#sp-wp-carousel-free-id-102759.sp-wpcp-102759 .swiper-button-prev,#sp-wp-carousel-free-id-102759.sp-wpcp-102759 .swiper-button-next,#sp-wp-carousel-free-id-102759.sp-wpcp-102759 .swiper-button-prev:hover,#sp-wp-carousel-free-id-102759.sp-wpcp-102759 .swiper-button-next:hover {background: none;border: none;font-size: 30px;}#sp-wp-carousel-free-id-102759.sp-wpcp-102759 .swiper-button-prev i,#sp-wp-carousel-free-id-102759.sp-wpcp-102759 .swiper-button-next i {color: #aaa;}#sp-wp-carousel-free-id-102759.sp-wpcp-102759 .swiper-button-prev i:hover,#sp-wp-carousel-free-id-102759.sp-wpcp-102759 .swiper-button-next i:hover {color: #178087;}#sp-wp-carousel-free-id-102759.sp-wpcp-102759 .wpcp-swiper-dots .swiper-pagination-bullet {background-color: #cccccc;}#sp-wp-carousel-free-id-102759.sp-wpcp-102759 .wpcp-swiper-dots .swiper-pagination-bullet.swiper-pagination-bullet-active {background-color: #178087;} #sp-wp-carousel-free-id-102759.sp-wpcp-102759.wpcp-image-carousel .wpcp-single-item:hover img, #sp-wp-carousel-free-id-102759.sp-wpcp-102759.wpcp-post-carousel .wpcp-single-item:hover img, #sp-wp-carousel-free-id-102759.sp-wpcp-102759.wpcp-product-carousel .wpcp-single-item:hover img{-webkit-transform: scale(1.2);-moz-transform: scale(1.2);transform: scale(1.2);}#sp-wp-carousel-free-id-102759 .wpcpro-row>[class*=\"wpcpro-col-\"] { padding: 0 10px; padding-bottom: 20px;} #sp-wp-carousel-free-id-102759 .swiper-slide .single-item-fade:not(:last-child) { margin-right: 20px;}@media (min-width: 480px) { .wpcpro-row .wpcpro-col-sm-1 { flex: 0 0 100%; max-width: 100%; } .wpcpro-row .wpcpro-col-sm-2 { flex: 0 0 50%; max-width: 50%; } .wpcpro-row .wpcpro-col-sm-2-5 { flex: 0 0 75%; max-width: 75%; } .wpcpro-row .wpcpro-col-sm-3 { flex: 0 0 33.333%; max-width: 33.333%; } .wpcpro-row .wpcpro-col-sm-4 { flex: 0 0 25%; max-width: 25%; } .wpcpro-row .wpcpro-col-sm-5 { flex: 0 0 20%; max-width: 20%; } .wpcpro-row .wpcpro-col-sm-6 { flex: 0 0 16.66666666666667%; max-width: 16.66666666666667%; } .wpcpro-row .wpcpro-col-sm-7 { flex: 0 0 14.28571428%; max-width: 14.28571428%; } .wpcpro-row .wpcpro-col-sm-8 { flex: 0 0 12.5%; max-width: 12.5%; } } @media (max-width: 480px) { .wpcpro-row .wpcpro-col-xs-1 { flex: 0 0 100%; max-width: 100%; } .wpcpro-row .wpcpro-col-xs-2 { flex: 0 0 50%; max-width: 50%; } .wpcpro-row .wpcpro-col-xs-3 { flex: 0 0 33.222%; max-width: 33.222%; } .wpcpro-row .wpcpro-col-xs-4 { flex: 0 0 25%; max-width: 25%; } .wpcpro-row .wpcpro-col-xs-5 { flex: 0 0 20%; max-width: 20%; } .wpcpro-row .wpcpro-col-xs-6 { flex: 0 0 16.6667%; max-width: 16.6667%; } .wpcpro-row .wpcpro-col-xs-7 { flex: 0 0 14.28571428%; max-width: 14.28571428%; } .wpcpro-row .wpcpro-col-xs-8 { flex: 0 0 12.5%; max-width: 12.5%; } } @media (min-width: 736px) { .wpcpro-row .wpcpro-col-md-1 { flex: 0 0 100%; max-width: 100%; } .wpcpro-row .wpcpro-col-md-2 { flex: 0 0 50%; max-width: 50%; } .wpcpro-row .wpcpro-col-md-2-5 { flex: 0 0 75%; max-width: 75%; } .wpcpro-row .wpcpro-col-md-3 { flex: 0 0 33.333%; max-width: 33.333%; } .wpcpro-row .wpcpro-col-md-4 { flex: 0 0 25%; max-width: 25%; } .wpcpro-row .wpcpro-col-md-5 { flex: 0 0 20%; max-width: 20%; } .wpcpro-row .wpcpro-col-md-6 { flex: 0 0 16.66666666666667%; max-width: 16.66666666666667%; } .wpcpro-row .wpcpro-col-md-7 { flex: 0 0 14.28571428%; max-width: 14.28571428%; } .wpcpro-row .wpcpro-col-md-8 { flex: 0 0 12.5%; max-width: 12.5%; } } @media (min-width: 980px) { .wpcpro-row .wpcpro-col-lg-1 { flex: 0 0 100%; max-width: 100%; } .wpcpro-row .wpcpro-col-lg-2 { flex: 0 0 50%; max-width: 50%; } .wpcpro-row .wpcpro-col-lg-3 { flex: 0 0 33.222%; max-width: 33.222%; } .wpcpro-row .wpcpro-col-lg-4 { flex: 0 0 25%; max-width: 25%; } .wpcpro-row .wpcpro-col-lg-5 { flex: 0 0 20%; max-width: 20%; } .wpcpro-row .wpcpro-col-lg-6 { flex: 0 0 16.6667%; max-width: 16.6667%; } .wpcpro-row .wpcpro-col-lg-7 { flex: 0 0 14.28571428%; max-width: 14.28571428%; } .wpcpro-row .wpcpro-col-lg-8 { flex: 0 0 12.5%; max-width: 12.5%; } } @media (min-width: 1200px) { .wpcpro-row .wpcpro-col-xl-1 { flex: 0 0 100%; max-width: 100%; } .wpcpro-row .wpcpro-col-xl-2 { flex: 0 0 50%; max-width: 50%; } .wpcpro-row .wpcpro-col-xl-3 { flex: 0 0 33.22222222%; max-width: 33.22222222%; } .wpcpro-row .wpcpro-col-xl-4 { flex: 0 0 25%; max-width: 25%; } .wpcpro-row .wpcpro-col-xl-5 { flex: 0 0 20%; max-width: 20%; } .wpcpro-row .wpcpro-col-xl-6 { flex: 0 0 16.66667%; max-width: 16.66667%; } .wpcpro-row .wpcpro-col-xl-7 { flex: 0 0 14.28571428%; max-width: 14.28571428%; } .wpcpro-row .wpcpro-col-xl-8 { flex: 0 0 12.5%; max-width: 12.5%; } }<\/style><div class=\"wpcp-carousel-wrapper wpcp-wrapper-102759\">\n\t<div id=\"wpcp-preloader-102759\" class=\"wpcp-carousel-preloader\"><img decoding=\"async\" src=\"https:\/\/www.aarquiteta.com.br\/blog\/wp-content\/plugins\/wp-carousel-free\/public\/css\/spinner.svg\" alt=\"Preloader Image\" title=\"\"><\/div>\t<div class=\"wpcp-carousel-content-wrapper\">\n\t<div id=\"sp-wp-carousel-free-id-102759\" class=\"wpcp-carousel-section sp-wpcp-102759  nav-vertical-center wpcp-image-carousel wpcp-preloader wpcp-standard\" data-swiper='{ &quot;pagination_type&quot;: &quot;dots&quot;,&quot;accessibility&quot;:true, &quot;spaceBetween&quot;:20, &quot;arrows&quot;:false, &quot;freeMode&quot;: false, &quot;autoplay&quot;:true, &quot;effect&quot;: &quot;&quot;, &quot;centerMode&quot;: false, &quot;autoplaySpeed&quot;:3000, &quot;dots&quot;:true, &quot;infinite&quot;:true, &quot;speed&quot;:600, &quot;pauseOnHover&quot;:true,\n\t\t\t&quot;slidesToShow&quot;:{&quot;lg_desktop&quot;:5, &quot;desktop&quot;: 4, &quot;laptop&quot;: 3, &quot;tablet&quot;: 2, &quot;mobile&quot;: 1}, &quot;responsive&quot;:{&quot;desktop&quot;:1200, &quot;laptop&quot;: 980, &quot;tablet&quot;: 736, &quot;mobile&quot;: 480}, &quot;rtl&quot;:false, &quot;lazyLoad&quot;: &quot;false&quot;, &quot;swipe&quot;: true, &quot;draggable&quot;: true, &quot;swipeToSlide&quot;:false }' dir=\"ltr\">\n\t\t<div class=\"swiper-wrapper\">\n\t\t<div class=\"swiper-slide\">\n\t<div class=\"wpcp-single-item\">\n\t\t\t<a class=\"wcp-light-box\" data-buttons='[\"close\"]' data-wpc_url='https:\/\/www.aarquiteta.com.br\/blog\/wp-content\/uploads\/2023\/12\/Otimizando-Cozinhas-Pequenas-Projetos-Funcionais-e-Modernos-01.jpg' href=\"https:\/\/www.aarquiteta.com.br\/blog\/wp-content\/uploads\/2023\/12\/Otimizando-Cozinhas-Pequenas-Projetos-Funcionais-e-Modernos-01.jpg\" data-fancybox=\"wpcp_view\">\n\t\t<figure>\n\t\t\t<img decoding=\"async\" class=\"skip-lazy\" src=\"https:\/\/www.aarquiteta.com.br\/blog\/wp-content\/uploads\/2023\/12\/Otimizando-Cozinhas-Pequenas-Projetos-Funcionais-e-Modernos-01.jpg\" alt=\"Otimizando Cozinhas Pequenas: Projetos Funcionais e Modernos\" width=\"1024\" height=\"1024\" title=\"\">\t\t<\/figure>\n\t<\/a>\n\t\t<\/div>\n<\/div>\n\t<div class=\"swiper-slide\">\n\t<div class=\"wpcp-single-item\">\n\t\t\t<a class=\"wcp-light-box\" data-buttons='[\"close\"]' data-wpc_url='https:\/\/www.aarquiteta.com.br\/blog\/wp-content\/uploads\/2023\/12\/Otimizando-Cozinhas-Pequenas-Projetos-Funcionais-e-Modernos-04.jpg' href=\"https:\/\/www.aarquiteta.com.br\/blog\/wp-content\/uploads\/2023\/12\/Otimizando-Cozinhas-Pequenas-Projetos-Funcionais-e-Modernos-04.jpg\" data-fancybox=\"wpcp_view\">\n\t\t<figure>\n\t\t\t<img decoding=\"async\" class=\"skip-lazy\" src=\"https:\/\/www.aarquiteta.com.br\/blog\/wp-content\/uploads\/2023\/12\/Otimizando-Cozinhas-Pequenas-Projetos-Funcionais-e-Modernos-04.jpg\" alt=\"Otimizando Cozinhas Pequenas: Projetos Funcionais e Modernos\" width=\"1024\" height=\"1024\" title=\"\">\t\t<\/figure>\n\t<\/a>\n\t\t<\/div>\n<\/div>\n\t<div class=\"swiper-slide\">\n\t<div class=\"wpcp-single-item\">\n\t\t\t<a class=\"wcp-light-box\" data-buttons='[\"close\"]' data-wpc_url='https:\/\/www.aarquiteta.com.br\/blog\/wp-content\/uploads\/2023\/11\/pendentes-para-cozinha01.jpg' href=\"https:\/\/www.aarquiteta.com.br\/blog\/wp-content\/uploads\/2023\/11\/pendentes-para-cozinha01.jpg\" data-fancybox=\"wpcp_view\">\n\t\t<figure>\n\t\t\t<img decoding=\"async\" class=\"skip-lazy\" src=\"https:\/\/www.aarquiteta.com.br\/blog\/wp-content\/uploads\/2023\/11\/pendentes-para-cozinha01.jpg\" alt=\"pendentes para cozinha\" width=\"1024\" height=\"1024\" title=\"\">\t\t<\/figure>\n\t<\/a>\n\t\t<\/div>\n<\/div>\n\t<div class=\"swiper-slide\">\n\t<div class=\"wpcp-single-item\">\n\t\t\t<a class=\"wcp-light-box\" data-buttons='[\"close\"]' data-wpc_url='https:\/\/www.aarquiteta.com.br\/blog\/wp-content\/uploads\/2023\/11\/5-dicas-para-decorar-a-parede-da-sua-cozinha04.jpg' href=\"https:\/\/www.aarquiteta.com.br\/blog\/wp-content\/uploads\/2023\/11\/5-dicas-para-decorar-a-parede-da-sua-cozinha04.jpg\" data-fancybox=\"wpcp_view\">\n\t\t<figure>\n\t\t\t<img decoding=\"async\" class=\"skip-lazy\" src=\"https:\/\/www.aarquiteta.com.br\/blog\/wp-content\/uploads\/2023\/11\/5-dicas-para-decorar-a-parede-da-sua-cozinha04.jpg\" alt=\"5 dicas para decorar a parede da sua cozinha\" width=\"1024\" height=\"1024\" title=\"\">\t\t<\/figure>\n\t<\/a>\n\t\t<\/div>\n<\/div>\n\t<div class=\"swiper-slide\">\n\t<div class=\"wpcp-single-item\">\n\t\t\t<a class=\"wcp-light-box\" data-buttons='[\"close\"]' data-wpc_url='https:\/\/www.aarquiteta.com.br\/blog\/wp-content\/uploads\/2023\/11\/bancada-para-cozinha-pequena-01.jpg' href=\"https:\/\/www.aarquiteta.com.br\/blog\/wp-content\/uploads\/2023\/11\/bancada-para-cozinha-pequena-01.jpg\" data-fancybox=\"wpcp_view\">\n\t\t<figure>\n\t\t\t<img decoding=\"async\" class=\"skip-lazy\" src=\"https:\/\/www.aarquiteta.com.br\/blog\/wp-content\/uploads\/2023\/11\/bancada-para-cozinha-pequena-01.jpg\" alt=\"bancada para cozinha pequena\" width=\"1024\" height=\"1024\" title=\"\">\t\t<\/figure>\n\t<\/a>\n\t\t<\/div>\n<\/div>\n\t<div class=\"swiper-slide\">\n\t<div class=\"wpcp-single-item\">\n\t\t\t<a class=\"wcp-light-box\" data-buttons='[\"close\"]' data-wpc_url='https:\/\/www.aarquiteta.com.br\/blog\/wp-content\/uploads\/2023\/11\/cozinha-americana-7-ideias-para-criar-um-espao-simples-e-funcional6oot.jpg' href=\"https:\/\/www.aarquiteta.com.br\/blog\/wp-content\/uploads\/2023\/11\/cozinha-americana-7-ideias-para-criar-um-espao-simples-e-funcional6oot.jpg\" data-fancybox=\"wpcp_view\">\n\t\t<figure>\n\t\t\t<img decoding=\"async\" class=\"skip-lazy\" src=\"https:\/\/www.aarquiteta.com.br\/blog\/wp-content\/uploads\/2023\/11\/cozinha-americana-7-ideias-para-criar-um-espao-simples-e-funcional6oot.jpg\" alt=\"Cozinha Americana 7 Ideias para Criar um Espao Simples e Funcional\" width=\"1024\" height=\"768\" title=\"\">\t\t<\/figure>\n\t<\/a>\n\t\t<\/div>\n<\/div>\n\t<div class=\"swiper-slide\">\n\t<div class=\"wpcp-single-item\">\n\t\t\t<a class=\"wcp-light-box\" data-buttons='[\"close\"]' data-wpc_url='https:\/\/www.aarquiteta.com.br\/blog\/wp-content\/uploads\/2023\/11\/pastilhas-para-cozinha04.jpg' href=\"https:\/\/www.aarquiteta.com.br\/blog\/wp-content\/uploads\/2023\/11\/pastilhas-para-cozinha04.jpg\" data-fancybox=\"wpcp_view\">\n\t\t<figure>\n\t\t\t<img decoding=\"async\" class=\"skip-lazy\" src=\"https:\/\/www.aarquiteta.com.br\/blog\/wp-content\/uploads\/2023\/11\/pastilhas-para-cozinha04.jpg\" alt=\"pastilhas para cozinha\" width=\"1024\" height=\"1024\" title=\"\">\t\t<\/figure>\n\t<\/a>\n\t\t<\/div>\n<\/div>\n\t<div class=\"swiper-slide\">\n\t<div class=\"wpcp-single-item\">\n\t\t\t<a class=\"wcp-light-box\" data-buttons='[\"close\"]' data-wpc_url='https:\/\/www.aarquiteta.com.br\/blog\/wp-content\/uploads\/2023\/10\/cozinha-rosa04.jpg' href=\"https:\/\/www.aarquiteta.com.br\/blog\/wp-content\/uploads\/2023\/10\/cozinha-rosa04.jpg\" data-fancybox=\"wpcp_view\">\n\t\t<figure>\n\t\t\t<img decoding=\"async\" class=\"skip-lazy\" src=\"https:\/\/www.aarquiteta.com.br\/blog\/wp-content\/uploads\/2023\/10\/cozinha-rosa04.jpg\" alt=\"cozinha rosa\" width=\"1024\" height=\"1024\" title=\"\">\t\t<\/figure>\n\t<\/a>\n\t\t<\/div>\n<\/div>\n\t<div class=\"swiper-slide\">\n\t<div class=\"wpcp-single-item\">\n\t\t\t<a class=\"wcp-light-box\" data-buttons='[\"close\"]' data-wpc_url='https:\/\/www.aarquiteta.com.br\/blog\/wp-content\/uploads\/2023\/10\/cozinha-rosa01.jpg' href=\"https:\/\/www.aarquiteta.com.br\/blog\/wp-content\/uploads\/2023\/10\/cozinha-rosa01.jpg\" data-fancybox=\"wpcp_view\">\n\t\t<figure>\n\t\t\t<img decoding=\"async\" class=\"skip-lazy\" src=\"https:\/\/www.aarquiteta.com.br\/blog\/wp-content\/uploads\/2023\/10\/cozinha-rosa01.jpg\" alt=\"**Inspire-se com a Cozinha Rosa: Dicas para Criar um Ambiente Charmoso e Aconchegante**\" width=\"1024\" height=\"1024\" title=\"\">\t\t<\/figure>\n\t<\/a>\n\t\t<\/div>\n<\/div>\n\t<div class=\"swiper-slide\">\n\t<div class=\"wpcp-single-item\">\n\t\t\t<a class=\"wcp-light-box\" data-buttons='[\"close\"]' data-wpc_url='https:\/\/www.aarquiteta.com.br\/blog\/wp-content\/uploads\/2023\/10\/cozinha-em-l02.jpg' href=\"https:\/\/www.aarquiteta.com.br\/blog\/wp-content\/uploads\/2023\/10\/cozinha-em-l02.jpg\" data-fancybox=\"wpcp_view\">\n\t\t<figure>\n\t\t\t<img decoding=\"async\" class=\"skip-lazy\" src=\"https:\/\/www.aarquiteta.com.br\/blog\/wp-content\/uploads\/2023\/10\/cozinha-em-l02.jpg\" alt=\"cozinha em l\" width=\"1024\" height=\"1024\" title=\"\">\t\t<\/figure>\n\t<\/a>\n\t\t<\/div>\n<\/div>\n\t<div class=\"swiper-slide\">\n\t<div class=\"wpcp-single-item\">\n\t\t\t<a class=\"wcp-light-box\" data-buttons='[\"close\"]' data-wpc_url='https:\/\/www.aarquiteta.com.br\/blog\/wp-content\/uploads\/2023\/10\/cozinha-modulada01.jpg' href=\"https:\/\/www.aarquiteta.com.br\/blog\/wp-content\/uploads\/2023\/10\/cozinha-modulada01.jpg\" data-fancybox=\"wpcp_view\">\n\t\t<figure>\n\t\t\t<img decoding=\"async\" class=\"skip-lazy\" src=\"https:\/\/www.aarquiteta.com.br\/blog\/wp-content\/uploads\/2023\/10\/cozinha-modulada01.jpg\" alt=\"cozinha modulada\" width=\"1024\" height=\"1024\" title=\"\">\t\t<\/figure>\n\t<\/a>\n\t\t<\/div>\n<\/div>\n\t<div class=\"swiper-slide\">\n\t<div class=\"wpcp-single-item\">\n\t\t\t<a class=\"wcp-light-box\" data-buttons='[\"close\"]' data-wpc_url='https:\/\/www.aarquiteta.com.br\/blog\/wp-content\/uploads\/2023\/10\/cozinha-modulada03.jpg' href=\"https:\/\/www.aarquiteta.com.br\/blog\/wp-content\/uploads\/2023\/10\/cozinha-modulada03.jpg\" data-fancybox=\"wpcp_view\">\n\t\t<figure>\n\t\t\t<img decoding=\"async\" class=\"skip-lazy\" src=\"https:\/\/www.aarquiteta.com.br\/blog\/wp-content\/uploads\/2023\/10\/cozinha-modulada03.jpg\" alt=\"cozinha modulada\" width=\"1024\" height=\"1024\" title=\"\">\t\t<\/figure>\n\t<\/a>\n\t\t<\/div>\n<\/div>\n\t<div class=\"swiper-slide\">\n\t<div class=\"wpcp-single-item\">\n\t\t\t<a class=\"wcp-light-box\" data-buttons='[\"close\"]' data-wpc_url='https:\/\/www.aarquiteta.com.br\/blog\/wp-content\/uploads\/2023\/10\/cozinha-planejada-com-ilha02.jpg' href=\"https:\/\/www.aarquiteta.com.br\/blog\/wp-content\/uploads\/2023\/10\/cozinha-planejada-com-ilha02.jpg\" data-fancybox=\"wpcp_view\">\n\t\t<figure>\n\t\t\t<img decoding=\"async\" class=\"skip-lazy\" src=\"https:\/\/www.aarquiteta.com.br\/blog\/wp-content\/uploads\/2023\/10\/cozinha-planejada-com-ilha02.jpg\" alt=\"cozinha planejada com ilha\" width=\"1024\" height=\"1024\" title=\"\">\t\t<\/figure>\n\t<\/a>\n\t\t<\/div>\n<\/div>\n\t<div class=\"swiper-slide\">\n\t<div class=\"wpcp-single-item\">\n\t\t\t<a class=\"wcp-light-box\" data-buttons='[\"close\"]' data-wpc_url='https:\/\/www.aarquiteta.com.br\/blog\/wp-content\/uploads\/2023\/09\/balcao-de-cozinha-bem-decorada.png' href=\"https:\/\/www.aarquiteta.com.br\/blog\/wp-content\/uploads\/2023\/09\/balcao-de-cozinha-bem-decorada.png\" data-fancybox=\"wpcp_view\">\n\t\t<figure>\n\t\t\t<img decoding=\"async\" class=\"skip-lazy\" src=\"https:\/\/www.aarquiteta.com.br\/blog\/wp-content\/uploads\/2023\/09\/balcao-de-cozinha-bem-decorada.png\" alt=\"balcao de cozinha bem decorada\" width=\"1024\" height=\"1024\" title=\"\">\t\t<\/figure>\n\t<\/a>\n\t\t<\/div>\n<\/div>\n\t<div class=\"swiper-slide\">\n\t<div class=\"wpcp-single-item\">\n\t\t\t<a class=\"wcp-light-box\" data-buttons='[\"close\"]' data-wpc_url='https:\/\/www.aarquiteta.com.br\/blog\/wp-content\/uploads\/2023\/08\/Cozinha-Pequena-5-Estrategias-para-Aproveitar-Cada-Centimetro.png' href=\"https:\/\/www.aarquiteta.com.br\/blog\/wp-content\/uploads\/2023\/08\/Cozinha-Pequena-5-Estrategias-para-Aproveitar-Cada-Centimetro.png\" data-fancybox=\"wpcp_view\">\n\t\t<figure>\n\t\t\t<img decoding=\"async\" class=\"skip-lazy\" src=\"https:\/\/www.aarquiteta.com.br\/blog\/wp-content\/uploads\/2023\/08\/Cozinha-Pequena-5-Estrategias-para-Aproveitar-Cada-Centimetro.png\" alt=\"Cozinha Pequena 5 Estrat\u00e9gias para Aproveitar Cada Cent\u00edmetro\" width=\"1024\" height=\"1024\" title=\"\">\t\t<\/figure>\n\t<\/a>\n\t\t<\/div>\n<\/div>\n\t<div class=\"swiper-slide\">\n\t<div class=\"wpcp-single-item\">\n\t\t\t<a class=\"wcp-light-box\" data-buttons='[\"close\"]' data-wpc_url='https:\/\/www.aarquiteta.com.br\/blog\/wp-content\/uploads\/2023\/07\/cores-para-parede-da-cozinha-1.png' href=\"https:\/\/www.aarquiteta.com.br\/blog\/wp-content\/uploads\/2023\/07\/cores-para-parede-da-cozinha-1.png\" data-fancybox=\"wpcp_view\">\n\t\t<figure>\n\t\t\t<img decoding=\"async\" class=\"skip-lazy\" src=\"https:\/\/www.aarquiteta.com.br\/blog\/wp-content\/uploads\/2023\/07\/cores-para-parede-da-cozinha-1.png\" alt=\"cores para parede da cozinha\" width=\"1024\" height=\"1024\" title=\"\">\t\t<\/figure>\n\t<\/a>\n\t\t<\/div>\n<\/div>\n\t<div class=\"swiper-slide\">\n\t<div class=\"wpcp-single-item\">\n\t\t\t<a class=\"wcp-light-box\" data-buttons='[\"close\"]' data-wpc_url='https:\/\/www.aarquiteta.com.br\/blog\/wp-content\/uploads\/2022\/12\/armario-de-cozinha-de-parede-1.jpg' href=\"https:\/\/www.aarquiteta.com.br\/blog\/wp-content\/uploads\/2022\/12\/armario-de-cozinha-de-parede-1.jpg\" data-fancybox=\"wpcp_view\">\n\t\t<figure>\n\t\t\t<img decoding=\"async\" class=\"skip-lazy\" src=\"https:\/\/www.aarquiteta.com.br\/blog\/wp-content\/uploads\/2022\/12\/armario-de-cozinha-de-parede-1.jpg\" alt=\"\" width=\"1000\" height=\"776\" title=\"\">\t\t<\/figure>\n\t<\/a>\n\t\t<\/div>\n<\/div>\n\t<div class=\"swiper-slide\">\n\t<div class=\"wpcp-single-item\">\n\t\t\t<a class=\"wcp-light-box\" data-buttons='[\"close\"]' data-wpc_url='https:\/\/www.aarquiteta.com.br\/blog\/wp-content\/uploads\/2023\/07\/como-decorar-sua-cozinha-no-estilo-mediterraneocu14.jpg-GX6I.jpg' href=\"https:\/\/www.aarquiteta.com.br\/blog\/wp-content\/uploads\/2023\/07\/como-decorar-sua-cozinha-no-estilo-mediterraneocu14.jpg-GX6I.jpg\" data-fancybox=\"wpcp_view\">\n\t\t<figure>\n\t\t\t<img decoding=\"async\" class=\"skip-lazy\" src=\"https:\/\/www.aarquiteta.com.br\/blog\/wp-content\/uploads\/2023\/07\/como-decorar-sua-cozinha-no-estilo-mediterraneocu14.jpg-GX6I.jpg\" alt=\"como-decorar-sua-cozinha-no-estilo-mediterraneocu14.jpg-GX6I\" width=\"900\" height=\"620\" title=\"\">\t\t<\/figure>\n\t<\/a>\n\t\t<\/div>\n<\/div>\n\t<div class=\"swiper-slide\">\n\t<div class=\"wpcp-single-item\">\n\t\t\t<a class=\"wcp-light-box\" data-buttons='[\"close\"]' data-wpc_url='https:\/\/www.aarquiteta.com.br\/blog\/wp-content\/uploads\/2023\/06\/Cozinha-pequena-de-apartamento-planejada-2.png' href=\"https:\/\/www.aarquiteta.com.br\/blog\/wp-content\/uploads\/2023\/06\/Cozinha-pequena-de-apartamento-planejada-2.png\" data-fancybox=\"wpcp_view\">\n\t\t<figure>\n\t\t\t<img decoding=\"async\" class=\"skip-lazy\" src=\"https:\/\/www.aarquiteta.com.br\/blog\/wp-content\/uploads\/2023\/06\/Cozinha-pequena-de-apartamento-planejada-2.png\" alt=\"Cozinha pequena de apartamento planejada\" width=\"1024\" height=\"1024\" title=\"\">\t\t<\/figure>\n\t<\/a>\n\t\t<\/div>\n<\/div>\n\t<div class=\"swiper-slide\">\n\t<div class=\"wpcp-single-item\">\n\t\t\t<a class=\"wcp-light-box\" data-buttons='[\"close\"]' data-wpc_url='https:\/\/www.aarquiteta.com.br\/blog\/wp-content\/uploads\/2023\/05\/Cozinha-Pequena-com-Balcao.jpg' href=\"https:\/\/www.aarquiteta.com.br\/blog\/wp-content\/uploads\/2023\/05\/Cozinha-Pequena-com-Balcao.jpg\" data-fancybox=\"wpcp_view\">\n\t\t<figure>\n\t\t\t<img decoding=\"async\" class=\"skip-lazy\" src=\"https:\/\/www.aarquiteta.com.br\/blog\/wp-content\/uploads\/2023\/05\/Cozinha-Pequena-com-Balcao.jpg\" alt=\"Cozinha Pequena com Balc\u00e3o Funcional - 9 Dicas para ganhar cada cent\u00edmetro!\" width=\"1200\" height=\"800\" title=\"\">\t\t<\/figure>\n\t<\/a>\n\t\t<\/div>\n<\/div>\n\t<div class=\"swiper-slide\">\n\t<div class=\"wpcp-single-item\">\n\t\t\t<a class=\"wcp-light-box\" data-buttons='[\"close\"]' data-wpc_url='https:\/\/www.aarquiteta.com.br\/blog\/wp-content\/uploads\/2023\/05\/como-organizar-cozinha-compacta-5.png' href=\"https:\/\/www.aarquiteta.com.br\/blog\/wp-content\/uploads\/2023\/05\/como-organizar-cozinha-compacta-5.png\" data-fancybox=\"wpcp_view\">\n\t\t<figure>\n\t\t\t<img decoding=\"async\" class=\"skip-lazy\" src=\"https:\/\/www.aarquiteta.com.br\/blog\/wp-content\/uploads\/2023\/05\/como-organizar-cozinha-compacta-5.png\" alt=\"12 Truques para manter sua cozinha organizada e visualmente deslumbrante!\" width=\"1456\" height=\"816\" title=\"\">\t\t<\/figure>\n\t<\/a>\n\t\t<\/div>\n<\/div>\n\t<div class=\"swiper-slide\">\n\t<div class=\"wpcp-single-item\">\n\t\t\t<a class=\"wcp-light-box\" data-buttons='[\"close\"]' data-wpc_url='https:\/\/www.aarquiteta.com.br\/blog\/wp-content\/uploads\/2023\/04\/Armarios-de-Cozinha-Cinza-8.jpg' href=\"https:\/\/www.aarquiteta.com.br\/blog\/wp-content\/uploads\/2023\/04\/Armarios-de-Cozinha-Cinza-8.jpg\" data-fancybox=\"wpcp_view\">\n\t\t<figure>\n\t\t\t<img decoding=\"async\" class=\"skip-lazy\" src=\"https:\/\/www.aarquiteta.com.br\/blog\/wp-content\/uploads\/2023\/04\/Armarios-de-Cozinha-Cinza-8.jpg\" alt=\"Arm\u00e1rio de Cozinha Cinza: A Eleg\u00e2ncia que Falta na Sua Casa\" width=\"1200\" height=\"800\" title=\"\">\t\t<\/figure>\n\t<\/a>\n\t\t<\/div>\n<\/div>\n\t<div class=\"swiper-slide\">\n\t<div class=\"wpcp-single-item\">\n\t\t\t<a class=\"wcp-light-box\" data-buttons='[\"close\"]' data-wpc_url='https:\/\/www.aarquiteta.com.br\/blog\/wp-content\/uploads\/2023\/04\/Armarios-de-Cozinha-Cinza-10.jpg' href=\"https:\/\/www.aarquiteta.com.br\/blog\/wp-content\/uploads\/2023\/04\/Armarios-de-Cozinha-Cinza-10.jpg\" data-fancybox=\"wpcp_view\">\n\t\t<figure>\n\t\t\t<img decoding=\"async\" class=\"skip-lazy\" src=\"https:\/\/www.aarquiteta.com.br\/blog\/wp-content\/uploads\/2023\/04\/Armarios-de-Cozinha-Cinza-10.jpg\" alt=\"Arm\u00e1rio de Cozinha Cinza: A Eleg\u00e2ncia que Falta na Sua Casa\" width=\"1200\" height=\"800\" title=\"\">\t\t<\/figure>\n\t<\/a>\n\t\t<\/div>\n<\/div>\n\t\t\t<\/div>\n\t\t\t\t\t<div class=\"wpcp-swiper-dots swiper-pagination\"><\/div>\n\t\t\t\t<!-- If we need navigation buttons -->\n\t\t\t<\/div>\n\t<\/div>\n<\/div>\n\n<p>Delimitar os espa\u00e7os sem criar divis\u00f5es r\u00edgidas \u00e9 fundamental. <b>Prateleiras vazadas<\/b> s\u00e3o uma \u00f3tima op\u00e7\u00e3o para separar visualmente a cozinha e a sala, mantendo a sensa\u00e7\u00e3o de amplitude. Biombos e cortinas leves tamb\u00e9m podem ser utilizados como divis\u00f3rias tempor\u00e1rias. Evite estruturas pesadas que bloqueiem a entrada de luz natural.<\/p>\n<h3>Ilumina\u00e7\u00e3o Estrat\u00e9gica: Criando Ambientes Acolhedores<\/h3>\n<p>A ilumina\u00e7\u00e3o desempenha um papel crucial na <b>integra\u00e7\u00e3o dos ambientes<\/b>. Aproveite ao m\u00e1ximo a luz natural, abrindo janelas e cortinas durante o dia. \u00c0 noite, aposte em diferentes tipos de ilumina\u00e7\u00e3o artificial, como lumin\u00e1rias de piso, spots embutidos e pendentes. Estas \u00faltimas s\u00e3o \u00f3timas para delimitar \u00e1reas, como a mesa de jantar ou a bancada da cozinha.<\/p>\n<h3>Organiza\u00e7\u00e3o: A Chave para um Espa\u00e7o Harmonioso<\/h3>\n<figure style=\"width: 1024px\" class=\"wp-caption aligncenter\"><img decoding=\"async\" src=\"https:\/\/www.aarquiteta.com.br\/blog\/wp-content\/uploads\/2024\/05\/dicas-integrar-espacos-fluidez-cozinhas-americanas-salas-pequenas02.jpg\" alt=\"8 Dicas para Integrar Espa\u00e7os com Fluidez em Cozinhas Americanas com Salas Pequenas\" width=\"1024\" height=\"1024\" title=\"\"><figcaption class=\"wp-caption-text\">8 Dicas para Integrar Espa\u00e7os com Fluidez em Cozinhas Americanas com Salas Pequenas<\/figcaption><\/figure>\n<p>Manter a organiza\u00e7\u00e3o em dia \u00e9 fundamental para <b>evitar a sensa\u00e7\u00e3o de desordem<\/b>. Utilize prateleiras, nichos e organizadores para manter tudo no lugar. Cestos e caixas podem ser \u00f3timos aliados para armazenar itens menores. Evite acumular objetos desnecess\u00e1rios, pois isso pode criar uma sensa\u00e7\u00e3o de ambiente sobrecarregado.<\/p>\n<h3>Crie uma Harmonia Visual<\/h3>\n<figure style=\"width: 1024px\" class=\"wp-caption aligncenter\"><img decoding=\"async\" src=\"https:\/\/www.aarquiteta.com.br\/blog\/wp-content\/uploads\/2024\/05\/dicas-integrar-espacos-fluidez-cozinhas-americanas-salas-pequenas01.jpg\" alt=\"8 Dicas para Integrar Espa\u00e7os com Fluidez em Cozinhas Americanas com Salas Pequenas\" width=\"1024\" height=\"1024\" title=\"\"><figcaption class=\"wp-caption-text\">8 Dicas para Integrar Espa\u00e7os com Fluidez em Cozinhas Americanas com Salas Pequenas<\/figcaption><\/figure>\n<p>Para uma <b>integra\u00e7\u00e3o suave<\/b> entre os ambientes, escolha elementos de decora\u00e7\u00e3o que conversem entre si. Mantenha um estilo de decora\u00e7\u00e3o consistente, seja ele minimalista, r\u00fastico ou moderno. Evite o excesso de informa\u00e7\u00e3o visual, pois isso pode gerar uma sensa\u00e7\u00e3o de confus\u00e3o e desequil\u00edbrio.<\/p>\n<h3>Priorize a Circula\u00e7\u00e3o<\/h3>\n<p>Em espa\u00e7os pequenos, <b>garantir a livre circula\u00e7\u00e3o<\/b> \u00e9 essencial. Deixe \u00e1reas livres para que as pessoas possam se movimentar com facilidade. Evite m\u00f3veis grandes no meio do ambiente e garanta que haja espa\u00e7o suficiente para abrir portas e gavetas sem obstru\u00e7\u00f5es.<\/p>\n<h3>Solu\u00e7\u00f5es Criativas: Pense Fora da Caixa<\/h3>\n<h3>Assista agora a minha recomenda\u00e7\u00e3o de video abaixo sobre o tema que estamos tratando neste artigo: <\/h3>\n<p><div class=\"youtube-embed\" data-video_id=\"5bMvWellJBQ\"><iframe title=\"8 DICAS PARA SALA INTEGRADA COM A COZINHA\" width=\"696\" height=\"392\" src=\"https:\/\/www.youtube.com\/embed\/5bMvWellJBQ?feature=oembed&#038;enablejsapi=1\" frameborder=\"0\" allow=\"accelerometer; autoplay; clipboard-write; encrypted-media; gyroscope; picture-in-picture; web-share\" referrerpolicy=\"strict-origin-when-cross-origin\" allowfullscreen><\/iframe><\/div>\n<\/p>\n<p style=\"text-align: center;\">[amazon table=&#8221;83099&#8243;]\n","protected":false},"excerpt":{"rendered":"<p>8 Dicas para Integrar Espa\u00e7os com Fluidez em Cozinhas Americanas com Salas Pequenas<\/p>\n","protected":false},"author":102,"featured_media":113486,"comment_status":"closed","ping_status":"closed","sticky":false,"template":"","format":"standard","meta":{"footnotes":""},"categories":[1484],"tags":[],"class_list":["post-113489","post","type-post","status-publish","format-standard","has-post-thumbnail","category-decoracao"],"_wp_attached_file":null,"_wp_attachment_metadata":null,"_wp_attachment_context":null,"_wp_attachment_is_custom_header":null,"geo_longitude":null,"geo_public":null,"geo_latitude":null,"_publicize_done_external":null,"_wpas_done_3897181":null,"publicize_twitter_user":null,"_wpas_done_3897175":null,"_wpas_skip_3897181":null,"_wpas_skip_3897175":null,"_wpas_skip_3924723":null,"_wpas_mess":null,"_wpas_done_3924723":null,"wps_subtitle":"","_links":{"self":[{"href":"https:\/\/www.aarquiteta.com.br\/blog\/wp-json\/wp\/v2\/posts\/113489","targetHints":{"allow":["GET"]}}],"collection":[{"href":"https:\/\/www.aarquiteta.com.br\/blog\/wp-json\/wp\/v2\/posts"}],"about":[{"href":"https:\/\/www.aarquiteta.com.br\/blog\/wp-json\/wp\/v2\/types\/post"}],"author":[{"embeddable":true,"href":"https:\/\/www.aarquiteta.com.br\/blog\/wp-json\/wp\/v2\/users\/102"}],"replies":[{"embeddable":true,"href":"https:\/\/www.aarquiteta.com.br\/blog\/wp-json\/wp\/v2\/comments?post=113489"}],"version-history":[{"count":0,"href":"https:\/\/www.aarquiteta.com.br\/blog\/wp-json\/wp\/v2\/posts\/113489\/revisions"}],"wp:featuredmedia":[{"embeddable":true,"href":"https:\/\/www.aarquiteta.com.br\/blog\/wp-json\/wp\/v2\/media\/113486"}],"wp:attachment":[{"href":"https:\/\/www.aarquiteta.com.br\/blog\/wp-json\/wp\/v2\/media?parent=113489"}],"wp:term":[{"taxonomy":"category","embeddable":true,"href":"https:\/\/www.aarquiteta.com.br\/blog\/wp-json\/wp\/v2\/categories?post=113489"},{"taxonomy":"post_tag","embeddable":true,"href":"https:\/\/www.aarquiteta.com.br\/blog\/wp-json\/wp\/v2\/tags?post=113489"}],"curies":[{"name":"wp","href":"https:\/\/api.w.org\/{rel}","templated":true}]}}