{"id":113431,"date":"2024-05-18T18:33:55","date_gmt":"2024-05-18T21:33:55","guid":{"rendered":"https:\/\/www.aarquiteta.com.br\/blog\/6-maneiras-de-ampliar-sua-sala-de-apartamento-pequeno-com-decoracao\/"},"modified":"2024-05-18T18:33:55","modified_gmt":"2024-05-18T21:33:55","slug":"6-maneiras-de-ampliar-sua-sala-de-apartamento-pequeno-com-decoracao","status":"publish","type":"post","link":"https:\/\/www.aarquiteta.com.br\/blog\/6-maneiras-de-ampliar-sua-sala-de-apartamento-pequeno-com-decoracao\/","title":{"rendered":"6 Maneiras de Ampliar Sua Sala de Apartamento Pequeno com Decora\u00e7\u00e3o"},"content":{"rendered":"<p><intro><br \/>\nO conceito de ampliar visualmente um espa\u00e7o pequeno pode parecer um desafio, mas com as dicas certas, \u00e9 poss\u00edvel transformar sua sala de apartamento em um ambiente acolhedor e espa\u00e7oso. Neste artigo, exploraremos estrat\u00e9gias decorativas eficazes para maximizar o potencial de sua sala, criando uma sensa\u00e7\u00e3o de amplitude e harmonia.<br \/>\n<\/intro><\/p>\n<p><context-brief><\/p>\n<ul>\n<li><b>Cores Claras e Neutras:<\/b> Descubra como as cores neutras e claras podem fazer sua sala parecer maior e mais arejada.<\/li>\n<li><b>M\u00f3veis Multifuncionais:<\/b> Aprenda a escolher m\u00f3veis inteligentes que otimizam o espa\u00e7o e atendem a v\u00e1rias necessidades.<\/li>\n<li><b>Organiza\u00e7\u00e3o e Aproveitamento de Espa\u00e7os:<\/b> Explore dicas para manter a sala organizada e aproveitar \u00e1reas inexploradas, como paredes e cantos.<\/li>\n<li><b>Ilumina\u00e7\u00e3o Estrat\u00e9gica:<\/b> Descubra como a ilumina\u00e7\u00e3o correta pode criar a ilus\u00e3o de amplitude e destacar \u00e1reas espec\u00edficas.<\/li>\n<li><b>Sele\u00e7\u00e3o de M\u00f3veis e Acess\u00f3rios:<\/b> Conhe\u00e7a os melhores formatos, tamanhos e estilos de m\u00f3veis e acess\u00f3rios para ambientes pequenos.<\/li>\n<li><b>Elementos Naturais:<\/b> Entenda como plantas e outros elementos naturais podem trazer vida e frescor \u00e0 sua sala.<\/li>\n<\/ul>\n<p><\/context-brief><\/p>\n<h3>A Magia das Cores Claras<\/h3>\n<figure style=\"width: 1024px\" class=\"wp-caption aligncenter\"><img decoding=\"async\" src=\"https:\/\/www.aarquiteta.com.br\/blog\/wp-content\/uploads\/2024\/05\/6-maneiras-de-ampliar-sua-sala-de-apartamento-pequeno04.jpg\" alt=\"6 Maneiras de Ampliar Sua Sala de Apartamento Pequeno com Decora\u00e7\u00e3o\" width=\"1024\" height=\"1024\" title=\"\"><figcaption class=\"wp-caption-text\">6 Maneiras de Ampliar Sua Sala de Apartamento Pequeno com Decora\u00e7\u00e3o<\/figcaption><\/figure>\n<p>Uma das chaves para <b>ampliar visualmente um ambiente pequeno<\/b> \u00e9 a escolha das cores certas. As <b>cores claras e neutras<\/b>, como o branco, o bege e os tons pastel, t\u00eam a capacidade de refletir a luz natural, criando uma sensa\u00e7\u00e3o de espa\u00e7o e leveza. Ao pintar as paredes com essas cores, voc\u00ea estar\u00e1 criando uma tela em branco para trabalhar com outros elementos decorativos.<\/p>\n<p>No entanto, <b>n\u00e3o se limite apenas \u00e0s paredes<\/b>. Considere estender essas cores para os m\u00f3veis, cortinas e at\u00e9 mesmo para o piso. Uma paleta de cores claras e coesa ajudar\u00e1 a criar uma <b>sensa\u00e7\u00e3o de fluidez e unidade<\/b> em todo o ambiente. Al\u00e9m disso, lembre-se de que <b>menos \u00e9 mais<\/b> quando se trata de cores em espa\u00e7os pequenos. Evite misturar muitas tonalidades diferentes, pois isso pode tornar o ambiente visualmente polu\u00eddo e compacto.<\/p>\n<h3>A Magia dos Espelhos<\/h3>\n<figure style=\"width: 1024px\" class=\"wp-caption aligncenter\"><img decoding=\"async\" src=\"https:\/\/www.aarquiteta.com.br\/blog\/wp-content\/uploads\/2024\/05\/6-maneiras-de-ampliar-sua-sala-de-apartamento-pequeno03.jpg\" alt=\"6 Maneiras de Ampliar Sua Sala de Apartamento Pequeno com Decora\u00e7\u00e3o\" width=\"1024\" height=\"1024\" title=\"\"><figcaption class=\"wp-caption-text\">6 Maneiras de Ampliar Sua Sala de Apartamento Pequeno com Decora\u00e7\u00e3o<\/figcaption><\/figure>\n<p>Os espelhos s\u00e3o verdadeiros <b>aliados na ilus\u00e3o de amplitude<\/b>. Ao refletir a luz natural e os elementos da sala, eles criam a sensa\u00e7\u00e3o de um espa\u00e7o muito maior do que realmente \u00e9. A chave est\u00e1 em <b>posicion\u00e1-los estrategicamente<\/b>. Coloque-os de frente para janelas ou fontes de luz, de modo que reflitam essa luminosidade para o resto do ambiente.<\/p>\n<p>Al\u00e9m disso, <b>experimente diferentes formatos e tamanhos<\/b>. Um grande espelho de parede pode ser uma pe\u00e7a central impressionante, enquanto v\u00e1rios espelhos menores, distribu\u00eddos pela sala, criam um efeito de multiplica\u00e7\u00e3o do espa\u00e7o. N\u00e3o tenha medo de ser criativo e ousado com os espelhos \u2013 eles podem adicionar profundidade e interesse visual \u00e0 sua decora\u00e7\u00e3o.<\/p>\n<h3>M\u00f3veis Multifuncionais: A Chave para o Espa\u00e7o Otimizado<\/h3>\n<style id=\"wp_carousel_dynamic_css104046\">.sp-wp-carousel-free-id-104046.wpcf-fancybox-wrapper .fancybox-bg{background: #0b0b0b;opacity: 0.8;}.sp-wp-carousel-free-id-104046.wpcf-fancybox-wrapper .fancybox-navigation .fancybox-button .wpcp-fancybox-nav-arrow i {color: #ccc;}.sp-wp-carousel-free-id-104046.wpcf-fancybox-wrapper .fancybox-navigation .fancybox-button .wpcp-fancybox-nav-arrow i:hover {color: #fff;}.sp-wp-carousel-free-id-104046.wpcf-fancybox-wrapper .fancybox-navigation .fancybox-button {background: #1e1e1e;}.sp-wp-carousel-free-id-104046.wpcf-fancybox-wrapper .fancybox-navigation .fancybox-button:hover {background: #1e1e1e;}#sp-wp-carousel-free-id-104046 .wpcp-swiper-dots {margin: 40px 0px 0px 0px;}.wpcp-wrapper-104046 .swiper-wrapper .swiper-slide-kenburn, .wpcp-wrapper-104046 .swiper-wrapper, .wpcp-wrapper-104046 .wpcpro-row{align-items: center;}#sp-wp-carousel-free-id-104046 .wpcp-single-item {box-shadow: 0px 0px 0px 0px #dddddd;transition: all .3s;margin: 0px;}#sp-wp-carousel-free-id-104046.swiper-flip .wpcp-single-item{margin: 0!important;}#sp-wp-carousel-free-id-104046 .wpcp-single-item:hover {box-shadow: 0px 0px 0px 0px #dddddd;}#sp-wp-carousel-free-id-104046.sp-wpcp-104046 .wpcp-single-item {border: 1px solid #dddddd;}#sp-wp-carousel-free-id-104046.sp-wpcp-104046 .swiper-button-prev,#sp-wp-carousel-free-id-104046.sp-wpcp-104046 .swiper-button-next,#sp-wp-carousel-free-id-104046.sp-wpcp-104046 .swiper-button-prev:hover,#sp-wp-carousel-free-id-104046.sp-wpcp-104046 .swiper-button-next:hover {background: none;border: none;font-size: 30px;}#sp-wp-carousel-free-id-104046.sp-wpcp-104046 .swiper-button-prev i,#sp-wp-carousel-free-id-104046.sp-wpcp-104046 .swiper-button-next i {color: #aaa;}#sp-wp-carousel-free-id-104046.sp-wpcp-104046 .swiper-button-prev i:hover,#sp-wp-carousel-free-id-104046.sp-wpcp-104046 .swiper-button-next i:hover {color: #178087;}#sp-wp-carousel-free-id-104046.sp-wpcp-104046 .wpcp-swiper-dots .swiper-pagination-bullet {background-color: #cccccc;}#sp-wp-carousel-free-id-104046.sp-wpcp-104046 .wpcp-swiper-dots .swiper-pagination-bullet.swiper-pagination-bullet-active {background-color: #178087;} #sp-wp-carousel-free-id-104046.sp-wpcp-104046.wpcp-image-carousel .wpcp-single-item:hover img, #sp-wp-carousel-free-id-104046.sp-wpcp-104046.wpcp-post-carousel .wpcp-single-item:hover img, #sp-wp-carousel-free-id-104046.sp-wpcp-104046.wpcp-product-carousel .wpcp-single-item:hover img{-webkit-transform: scale(1.2);-moz-transform: scale(1.2);transform: scale(1.2);}#sp-wp-carousel-free-id-104046 .wpcpro-row>[class*=\"wpcpro-col-\"] { padding: 0 10px; padding-bottom: 20px;} #sp-wp-carousel-free-id-104046 .swiper-slide .single-item-fade:not(:last-child) { margin-right: 20px;}@media (min-width: 480px) { .wpcpro-row .wpcpro-col-sm-1 { flex: 0 0 100%; max-width: 100%; } .wpcpro-row .wpcpro-col-sm-2 { flex: 0 0 50%; max-width: 50%; } .wpcpro-row .wpcpro-col-sm-2-5 { flex: 0 0 75%; max-width: 75%; } .wpcpro-row .wpcpro-col-sm-3 { flex: 0 0 33.333%; max-width: 33.333%; } .wpcpro-row .wpcpro-col-sm-4 { flex: 0 0 25%; max-width: 25%; } .wpcpro-row .wpcpro-col-sm-5 { flex: 0 0 20%; max-width: 20%; } .wpcpro-row .wpcpro-col-sm-6 { flex: 0 0 16.66666666666667%; max-width: 16.66666666666667%; } .wpcpro-row .wpcpro-col-sm-7 { flex: 0 0 14.28571428%; max-width: 14.28571428%; } .wpcpro-row .wpcpro-col-sm-8 { flex: 0 0 12.5%; max-width: 12.5%; } } @media (max-width: 480px) { .wpcpro-row .wpcpro-col-xs-1 { flex: 0 0 100%; max-width: 100%; } .wpcpro-row .wpcpro-col-xs-2 { flex: 0 0 50%; max-width: 50%; } .wpcpro-row .wpcpro-col-xs-3 { flex: 0 0 33.222%; max-width: 33.222%; } .wpcpro-row .wpcpro-col-xs-4 { flex: 0 0 25%; max-width: 25%; } .wpcpro-row .wpcpro-col-xs-5 { flex: 0 0 20%; max-width: 20%; } .wpcpro-row .wpcpro-col-xs-6 { flex: 0 0 16.6667%; max-width: 16.6667%; } .wpcpro-row .wpcpro-col-xs-7 { flex: 0 0 14.28571428%; max-width: 14.28571428%; } .wpcpro-row .wpcpro-col-xs-8 { flex: 0 0 12.5%; max-width: 12.5%; } } @media (min-width: 736px) { .wpcpro-row .wpcpro-col-md-1 { flex: 0 0 100%; max-width: 100%; } .wpcpro-row .wpcpro-col-md-2 { flex: 0 0 50%; max-width: 50%; } .wpcpro-row .wpcpro-col-md-2-5 { flex: 0 0 75%; max-width: 75%; } .wpcpro-row .wpcpro-col-md-3 { flex: 0 0 33.333%; max-width: 33.333%; } .wpcpro-row .wpcpro-col-md-4 { flex: 0 0 25%; max-width: 25%; } .wpcpro-row .wpcpro-col-md-5 { flex: 0 0 20%; max-width: 20%; } .wpcpro-row .wpcpro-col-md-6 { flex: 0 0 16.66666666666667%; max-width: 16.66666666666667%; } .wpcpro-row .wpcpro-col-md-7 { flex: 0 0 14.28571428%; max-width: 14.28571428%; } .wpcpro-row .wpcpro-col-md-8 { flex: 0 0 12.5%; max-width: 12.5%; } } @media (min-width: 980px) { .wpcpro-row .wpcpro-col-lg-1 { flex: 0 0 100%; max-width: 100%; } .wpcpro-row .wpcpro-col-lg-2 { flex: 0 0 50%; max-width: 50%; } .wpcpro-row .wpcpro-col-lg-3 { flex: 0 0 33.222%; max-width: 33.222%; } .wpcpro-row .wpcpro-col-lg-4 { flex: 0 0 25%; max-width: 25%; } .wpcpro-row .wpcpro-col-lg-5 { flex: 0 0 20%; max-width: 20%; } .wpcpro-row .wpcpro-col-lg-6 { flex: 0 0 16.6667%; max-width: 16.6667%; } .wpcpro-row .wpcpro-col-lg-7 { flex: 0 0 14.28571428%; max-width: 14.28571428%; } .wpcpro-row .wpcpro-col-lg-8 { flex: 0 0 12.5%; max-width: 12.5%; } } @media (min-width: 1200px) { .wpcpro-row .wpcpro-col-xl-1 { flex: 0 0 100%; max-width: 100%; } .wpcpro-row .wpcpro-col-xl-2 { flex: 0 0 50%; max-width: 50%; } .wpcpro-row .wpcpro-col-xl-3 { flex: 0 0 33.22222222%; max-width: 33.22222222%; } .wpcpro-row .wpcpro-col-xl-4 { flex: 0 0 25%; max-width: 25%; } .wpcpro-row .wpcpro-col-xl-5 { flex: 0 0 20%; max-width: 20%; } .wpcpro-row .wpcpro-col-xl-6 { flex: 0 0 16.66667%; max-width: 16.66667%; } .wpcpro-row .wpcpro-col-xl-7 { flex: 0 0 14.28571428%; max-width: 14.28571428%; } .wpcpro-row .wpcpro-col-xl-8 { flex: 0 0 12.5%; max-width: 12.5%; } }<\/style><div class=\"wpcp-carousel-wrapper wpcp-wrapper-104046\">\n\t<div id=\"wpcp-preloader-104046\" class=\"wpcp-carousel-preloader\"><img decoding=\"async\" src=\"https:\/\/www.aarquiteta.com.br\/blog\/wp-content\/plugins\/wp-carousel-free\/public\/css\/spinner.svg\" alt=\"Preloader Image\" title=\"\"><\/div>\t<div class=\"wpcp-carousel-content-wrapper\">\n\t<div id=\"sp-wp-carousel-free-id-104046\" class=\"wpcp-carousel-section sp-wpcp-104046  nav-vertical-center wpcp-image-carousel wpcp-preloader wpcp-standard\" data-swiper='{ &quot;pagination_type&quot;: &quot;dots&quot;,&quot;accessibility&quot;:true, &quot;spaceBetween&quot;:20, &quot;arrows&quot;:false, &quot;freeMode&quot;: false, &quot;autoplay&quot;:true, &quot;effect&quot;: &quot;&quot;, &quot;centerMode&quot;: false, &quot;autoplaySpeed&quot;:3000, &quot;dots&quot;:true, &quot;infinite&quot;:true, &quot;speed&quot;:600, &quot;pauseOnHover&quot;:true,\n\t\t\t&quot;slidesToShow&quot;:{&quot;lg_desktop&quot;:5, &quot;desktop&quot;: 4, &quot;laptop&quot;: 3, &quot;tablet&quot;: 2, &quot;mobile&quot;: 1}, &quot;responsive&quot;:{&quot;desktop&quot;:1200, &quot;laptop&quot;: 980, &quot;tablet&quot;: 736, &quot;mobile&quot;: 480}, &quot;rtl&quot;:false, &quot;lazyLoad&quot;: &quot;false&quot;, &quot;swipe&quot;: true, &quot;draggable&quot;: true, &quot;swipeToSlide&quot;:false }' dir=\"ltr\">\n\t\t<div class=\"swiper-wrapper\">\n\t\t<div class=\"swiper-slide\">\n\t<div class=\"wpcp-single-item\">\n\t\t\t<a class=\"wcp-light-box\" data-buttons='[\"close\"]' data-wpc_url='https:\/\/www.aarquiteta.com.br\/blog\/wp-content\/uploads\/2024\/01\/transformei-sala-estar-refugio-aconchegante02.jpg' href=\"https:\/\/www.aarquiteta.com.br\/blog\/wp-content\/uploads\/2024\/01\/transformei-sala-estar-refugio-aconchegante02.jpg\" data-fancybox=\"wpcp_view\">\n\t\t<figure>\n\t\t\t<img decoding=\"async\" class=\"skip-lazy\" src=\"https:\/\/www.aarquiteta.com.br\/blog\/wp-content\/uploads\/2024\/01\/transformei-sala-estar-refugio-aconchegante02.jpg\" alt=\"transformei-sala-estar-refugio-aconchegante\" width=\"1024\" height=\"1024\" title=\"\">\t\t<\/figure>\n\t<\/a>\n\t\t<\/div>\n<\/div>\n\t<div class=\"swiper-slide\">\n\t<div class=\"wpcp-single-item\">\n\t\t\t<a class=\"wcp-light-box\" data-buttons='[\"close\"]' data-wpc_url='https:\/\/www.aarquiteta.com.br\/blog\/wp-content\/uploads\/2023\/12\/plantas-na-sala-de-estar02.jpg' href=\"https:\/\/www.aarquiteta.com.br\/blog\/wp-content\/uploads\/2023\/12\/plantas-na-sala-de-estar02.jpg\" data-fancybox=\"wpcp_view\">\n\t\t<figure>\n\t\t\t<img decoding=\"async\" class=\"skip-lazy\" src=\"https:\/\/www.aarquiteta.com.br\/blog\/wp-content\/uploads\/2023\/12\/plantas-na-sala-de-estar02.jpg\" alt=\"plantas na sala de estar\" width=\"1024\" height=\"1024\" title=\"\">\t\t<\/figure>\n\t<\/a>\n\t\t<\/div>\n<\/div>\n\t<div class=\"swiper-slide\">\n\t<div class=\"wpcp-single-item\">\n\t\t\t<a class=\"wcp-light-box\" data-buttons='[\"close\"]' data-wpc_url='https:\/\/www.aarquiteta.com.br\/blog\/wp-content\/uploads\/2023\/12\/Elementos-em-Espacos-Modernos-da-Sala-de-Estar-e-Jantar-1.jpg' href=\"https:\/\/www.aarquiteta.com.br\/blog\/wp-content\/uploads\/2023\/12\/Elementos-em-Espacos-Modernos-da-Sala-de-Estar-e-Jantar-1.jpg\" data-fancybox=\"wpcp_view\">\n\t\t<figure>\n\t\t\t<img decoding=\"async\" class=\"skip-lazy\" src=\"https:\/\/www.aarquiteta.com.br\/blog\/wp-content\/uploads\/2023\/12\/Elementos-em-Espacos-Modernos-da-Sala-de-Estar-e-Jantar-1.jpg\" alt=\"Elementos em Espa\u00e7os Modernos da Sala de Estar e Jantar\" width=\"1024\" height=\"1024\" title=\"\">\t\t<\/figure>\n\t<\/a>\n\t\t<\/div>\n<\/div>\n\t<div class=\"swiper-slide\">\n\t<div class=\"wpcp-single-item\">\n\t\t\t<a class=\"wcp-light-box\" data-buttons='[\"close\"]' data-wpc_url='https:\/\/www.aarquiteta.com.br\/blog\/wp-content\/uploads\/2023\/11\/sala-de-estar-sofisticada02.jpg' href=\"https:\/\/www.aarquiteta.com.br\/blog\/wp-content\/uploads\/2023\/11\/sala-de-estar-sofisticada02.jpg\" data-fancybox=\"wpcp_view\">\n\t\t<figure>\n\t\t\t<img decoding=\"async\" class=\"skip-lazy\" src=\"https:\/\/www.aarquiteta.com.br\/blog\/wp-content\/uploads\/2023\/11\/sala-de-estar-sofisticada02.jpg\" alt=\"sala de estar sofisticada\" width=\"1024\" height=\"1024\" title=\"\">\t\t<\/figure>\n\t<\/a>\n\t\t<\/div>\n<\/div>\n\t<div class=\"swiper-slide\">\n\t<div class=\"wpcp-single-item\">\n\t\t\t<a class=\"wcp-light-box\" data-buttons='[\"close\"]' data-wpc_url='https:\/\/www.aarquiteta.com.br\/blog\/wp-content\/uploads\/2023\/11\/5-dicas-para-uma-mini-sala-de-estar-planejada04.jpg' href=\"https:\/\/www.aarquiteta.com.br\/blog\/wp-content\/uploads\/2023\/11\/5-dicas-para-uma-mini-sala-de-estar-planejada04.jpg\" data-fancybox=\"wpcp_view\">\n\t\t<figure>\n\t\t\t<img decoding=\"async\" class=\"skip-lazy\" src=\"https:\/\/www.aarquiteta.com.br\/blog\/wp-content\/uploads\/2023\/11\/5-dicas-para-uma-mini-sala-de-estar-planejada04.jpg\" alt=\"5 dicas para uma mini sala de estar planejada\" width=\"1024\" height=\"1024\" title=\"\">\t\t<\/figure>\n\t<\/a>\n\t\t<\/div>\n<\/div>\n\t<div class=\"swiper-slide\">\n\t<div class=\"wpcp-single-item\">\n\t\t\t<a class=\"wcp-light-box\" data-buttons='[\"close\"]' data-wpc_url='https:\/\/www.aarquiteta.com.br\/blog\/wp-content\/uploads\/2023\/11\/sala-de-estar-sofisticada04.jpg' href=\"https:\/\/www.aarquiteta.com.br\/blog\/wp-content\/uploads\/2023\/11\/sala-de-estar-sofisticada04.jpg\" data-fancybox=\"wpcp_view\">\n\t\t<figure>\n\t\t\t<img decoding=\"async\" class=\"skip-lazy\" src=\"https:\/\/www.aarquiteta.com.br\/blog\/wp-content\/uploads\/2023\/11\/sala-de-estar-sofisticada04.jpg\" alt=\"sala de estar sofisticada\" width=\"1024\" height=\"1024\" title=\"\">\t\t<\/figure>\n\t<\/a>\n\t\t<\/div>\n<\/div>\n\t<div class=\"swiper-slide\">\n\t<div class=\"wpcp-single-item\">\n\t\t\t<a class=\"wcp-light-box\" data-buttons='[\"close\"]' data-wpc_url='https:\/\/www.aarquiteta.com.br\/blog\/wp-content\/uploads\/2023\/11\/sala-de-estar-sofisticada03.jpg' href=\"https:\/\/www.aarquiteta.com.br\/blog\/wp-content\/uploads\/2023\/11\/sala-de-estar-sofisticada03.jpg\" data-fancybox=\"wpcp_view\">\n\t\t<figure>\n\t\t\t<img decoding=\"async\" class=\"skip-lazy\" src=\"https:\/\/www.aarquiteta.com.br\/blog\/wp-content\/uploads\/2023\/11\/sala-de-estar-sofisticada03.jpg\" alt=\"sala de estar sofisticada\" width=\"1024\" height=\"1024\" title=\"\">\t\t<\/figure>\n\t<\/a>\n\t\t<\/div>\n<\/div>\n\t<div class=\"swiper-slide\">\n\t<div class=\"wpcp-single-item\">\n\t\t\t<a class=\"wcp-light-box\" data-buttons='[\"close\"]' data-wpc_url='https:\/\/www.aarquiteta.com.br\/blog\/wp-content\/uploads\/2023\/11\/sala-de-estar-sofisticada04.jpg' href=\"https:\/\/www.aarquiteta.com.br\/blog\/wp-content\/uploads\/2023\/11\/sala-de-estar-sofisticada04.jpg\" data-fancybox=\"wpcp_view\">\n\t\t<figure>\n\t\t\t<img decoding=\"async\" class=\"skip-lazy\" src=\"https:\/\/www.aarquiteta.com.br\/blog\/wp-content\/uploads\/2023\/11\/sala-de-estar-sofisticada04.jpg\" alt=\"sala de estar sofisticada\" width=\"1024\" height=\"1024\" title=\"\">\t\t<\/figure>\n\t<\/a>\n\t\t<\/div>\n<\/div>\n\t<div class=\"swiper-slide\">\n\t<div class=\"wpcp-single-item\">\n\t\t\t<a class=\"wcp-light-box\" data-buttons='[\"close\"]' data-wpc_url='https:\/\/www.aarquiteta.com.br\/blog\/wp-content\/uploads\/2023\/10\/ideias-de-decoracao-para-sala-04.jpg' href=\"https:\/\/www.aarquiteta.com.br\/blog\/wp-content\/uploads\/2023\/10\/ideias-de-decoracao-para-sala-04.jpg\" data-fancybox=\"wpcp_view\">\n\t\t<figure>\n\t\t\t<img decoding=\"async\" class=\"skip-lazy\" src=\"https:\/\/www.aarquiteta.com.br\/blog\/wp-content\/uploads\/2023\/10\/ideias-de-decoracao-para-sala-04.jpg\" alt=\"Ideias e sugest\u00f5es para decora\u00e7\u00e3o de salas de estar\" width=\"1024\" height=\"1024\" title=\"\">\t\t<\/figure>\n\t<\/a>\n\t\t<\/div>\n<\/div>\n\t<div class=\"swiper-slide\">\n\t<div class=\"wpcp-single-item\">\n\t\t\t<a class=\"wcp-light-box\" data-buttons='[\"close\"]' data-wpc_url='https:\/\/www.aarquiteta.com.br\/blog\/wp-content\/uploads\/2023\/07\/espelhos-decorativos-2.png' href=\"https:\/\/www.aarquiteta.com.br\/blog\/wp-content\/uploads\/2023\/07\/espelhos-decorativos-2.png\" data-fancybox=\"wpcp_view\">\n\t\t<figure>\n\t\t\t<img decoding=\"async\" class=\"skip-lazy\" src=\"https:\/\/www.aarquiteta.com.br\/blog\/wp-content\/uploads\/2023\/07\/espelhos-decorativos-2.png\" alt=\"Reflexos de Beleza: Espelhos Decorativos que Transformam sua Sala de Estar!\" width=\"1024\" height=\"1024\" title=\"\">\t\t<\/figure>\n\t<\/a>\n\t\t<\/div>\n<\/div>\n\t<div class=\"swiper-slide\">\n\t<div class=\"wpcp-single-item\">\n\t\t\t<a class=\"wcp-light-box\" data-buttons='[\"close\"]' data-wpc_url='https:\/\/www.aarquiteta.com.br\/blog\/wp-content\/uploads\/2023\/07\/Decoracao-eficiente-dicas-para-maximizar-o-espaco-e-economizar-dinheiro.png' href=\"https:\/\/www.aarquiteta.com.br\/blog\/wp-content\/uploads\/2023\/07\/Decoracao-eficiente-dicas-para-maximizar-o-espaco-e-economizar-dinheiro.png\" data-fancybox=\"wpcp_view\">\n\t\t<figure>\n\t\t\t<img decoding=\"async\" class=\"skip-lazy\" src=\"https:\/\/www.aarquiteta.com.br\/blog\/wp-content\/uploads\/2023\/07\/Decoracao-eficiente-dicas-para-maximizar-o-espaco-e-economizar-dinheiro.png\" alt=\"Transforme sua Sala de Estar com Esses Projetos DIY\" width=\"1024\" height=\"1024\" title=\"\">\t\t<\/figure>\n\t<\/a>\n\t\t<\/div>\n<\/div>\n\t\t\t<\/div>\n\t\t\t\t\t<div class=\"wpcp-swiper-dots swiper-pagination\"><\/div>\n\t\t\t\t<!-- If we need navigation buttons -->\n\t\t\t<\/div>\n\t<\/div>\n<\/div>\n\n<p>Em uma sala pequena, <b>cada cent\u00edmetro quadrado \u00e9 precioso<\/b>. \u00c9 a\u00ed que entram os m\u00f3veis multifuncionais. Esses itens inteligentes s\u00e3o projetados para atender a mais de uma necessidade, economizando espa\u00e7o valioso. Pense em sof\u00e1s-cama, mesas com gavetas embutidas, bancos com compartimentos de armazenamento e at\u00e9 mesmo camas com espa\u00e7o embaixo para guardar objetos.<\/p>\n<p>Ao investir em <b>m\u00f3veis vers\u00e1teis<\/b>, voc\u00ea estar\u00e1 maximizando o potencial de sua sala, transformando-a em um ambiente pr\u00e1tico e funcional. Al\u00e9m disso, esses m\u00f3veis geralmente apresentam <b>designs compactos e linhas retas<\/b>, o que contribui para a sensa\u00e7\u00e3o de amplitude visual. N\u00e3o deixe de explorar essa tend\u00eancia e escolher pe\u00e7as que combinem perfeitamente com o estilo geral de sua decora\u00e7\u00e3o.<\/p>\n<h3>A Arte de Organizar e Aproveitar Espa\u00e7os<\/h3>\n<p>Uma sala desorganizada e lotada pode parecer muito menor do que realmente \u00e9. Por isso, <b>manter a organiza\u00e7\u00e3o<\/b> \u00e9 fundamental para criar a ilus\u00e3o de amplitude. Invista em solu\u00e7\u00f5es de armazenamento inteligentes, como prateleiras, cestos e caixas decorativas, para manter tudo no seu devido lugar.<\/p>\n<p>Al\u00e9m disso, <b>n\u00e3o deixe nenhum espa\u00e7o inexplorado<\/b>. Aproveite as paredes para instalar prateleiras e nichos, onde voc\u00ea pode exibir objetos decorativos e itens funcionais. Os cantos tamb\u00e9m podem ser utilizados de forma criativa, com a adi\u00e7\u00e3o de uma pequena mesa de canto ou um banco acolchoado para criar um cantinho aconchegante.<\/p>\n<h3>Ilumina\u00e7\u00e3o Estrat\u00e9gica: A Chave para a Amplitude<\/h3>\n<figure style=\"width: 1024px\" class=\"wp-caption aligncenter\"><img decoding=\"async\" src=\"https:\/\/www.aarquiteta.com.br\/blog\/wp-content\/uploads\/2024\/05\/6-maneiras-de-ampliar-sua-sala-de-apartamento-pequeno02.jpg\" alt=\"6 Maneiras de Ampliar Sua Sala de Apartamento Pequeno com Decora\u00e7\u00e3o\" width=\"1024\" height=\"1024\" title=\"\"><figcaption class=\"wp-caption-text\">6 Maneiras de Ampliar Sua Sala de Apartamento Pequeno com Decora\u00e7\u00e3o<\/figcaption><\/figure>\n<p>A ilumina\u00e7\u00e3o correta pode fazer <b>toda a diferen\u00e7a na percep\u00e7\u00e3o de espa\u00e7o<\/b>. Em vez de uma \u00fanica fonte de luz central, opte por <b>m\u00faltiplos pontos de ilumina\u00e7\u00e3o<\/b>, como lumin\u00e1rias de ch\u00e3o, abajures e at\u00e9 mesmo fitas de LED embutidas. Essa abordagem cria v\u00e1rias camadas de luz, destacando diferentes \u00e1reas da sala e criando uma atmosfera acolhedora e espa\u00e7osa.<\/p>\n<p>Al\u00e9m disso, <b>aproveite ao m\u00e1ximo a luz natural<\/b>. Mantenha as cortinas abertas durante o dia e considere a instala\u00e7\u00e3o de janelas adicionais ou portas de vidro, se poss\u00edvel. A luz natural tem a capacidade de tornar qualquer ambiente mais amplo e convidativo.<\/p>\n<h3>A Magia dos Elementos Naturais<\/h3>\n<figure style=\"width: 1024px\" class=\"wp-caption aligncenter\"><img decoding=\"async\" src=\"https:\/\/www.aarquiteta.com.br\/blog\/wp-content\/uploads\/2024\/05\/6-maneiras-de-ampliar-sua-sala-de-apartamento-pequeno01.jpg\" alt=\"6 Maneiras de Ampliar Sua Sala de Apartamento Pequeno com Decora\u00e7\u00e3o\" width=\"1024\" height=\"1024\" title=\"\"><figcaption class=\"wp-caption-text\">6 Maneiras de Ampliar Sua Sala de Apartamento Pequeno com Decora\u00e7\u00e3o<\/figcaption><\/figure>\n<p>Finalmente, <b>n\u00e3o subestime o poder dos elementos naturais<\/b> em sua decora\u00e7\u00e3o. As plantas s\u00e3o uma \u00f3tima escolha para trazer vida e frescor a um ambiente pequeno. Al\u00e9m de purificarem o ar, elas tamb\u00e9m adicionam textura e cor, criando uma sensa\u00e7\u00e3o de conex\u00e3o com a natureza.<\/p>\n<p>Ao escolher as plantas certas, leve em considera\u00e7\u00e3o a quantidade de luz dispon\u00edvel e o espa\u00e7o que elas ocupar\u00e3o quando atingirem o tamanho completo. <b>Opte por esp\u00e9cies menores e compactas<\/b>, como suculentas, ervas arom\u00e1ticas ou at\u00e9 mesmo um pequeno vaso de orqu\u00eddeas. Esses elementos naturais ajudar\u00e3o a equilibrar o ambiente e torn\u00e1-lo mais acolhedor e relaxante.<\/p>\n<p><conclusao><br \/>\nAmpliar visualmente uma sala de apartamento pequeno requer criatividade e estrat\u00e9gia decorativa. Ao seguir essas dicas, voc\u00ea poder\u00e1 transformar seu espa\u00e7o em um ambiente aconchegante e espa\u00e7oso, repleto de charme e personalidade. Lembre-se de que cada detalhe conta, desde a escolha das cores at\u00e9 a ilumina\u00e7\u00e3o e os elementos naturais. Com um pouco de planejamento e imagina\u00e7\u00e3o, voc\u00ea pode criar um lar verdadeiramente \u00fanico e inspirador, mesmo em um espa\u00e7o limitado.<br \/>\n<\/conclusao><\/p>\n<perguntas-frequentes>\n<h3>1. Como escolher o tamanho ideal de tapete para uma sala pequena?<\/h3>\n<p>Ao escolher um tapete para uma sala pequena, \u00e9 importante <b>encontrar o equil\u00edbrio perfeito<\/b>. Um tapete muito grande pode fazer o ambiente parecer ainda menor, enquanto um tapete min\u00fasculo pode se perder no espa\u00e7o. A regra geral \u00e9 <b>escolher um tapete que caiba sob os p\u00e9s dianteiros dos m\u00f3veis principais<\/b>, como o sof\u00e1 e as poltronas. Isso ajudar\u00e1 a definir a \u00e1rea de estar e criar uma sensa\u00e7\u00e3o de unidade. Al\u00e9m disso, considere tapetes com padr\u00f5es claros e desenhos simples, pois eles tendem a ser mais leves visualmente e n\u00e3o sobrecarregam o espa\u00e7o.<\/p>\n<\/perguntas-frequentes>\n<h3>Assista agora a minha recomenda\u00e7\u00e3o de video abaixo sobre o tema que estamos tratando neste artigo: <\/h3>\n<p><div class=\"youtube-embed\" data-video_id=\"jzu7HDqSWNg\"><iframe title=\"Dicas para ampliar sua sala\" width=\"696\" height=\"392\" src=\"https:\/\/www.youtube.com\/embed\/jzu7HDqSWNg?feature=oembed&#038;enablejsapi=1\" frameborder=\"0\" allow=\"accelerometer; autoplay; clipboard-write; encrypted-media; gyroscope; picture-in-picture; web-share\" referrerpolicy=\"strict-origin-when-cross-origin\" allowfullscreen><\/iframe><\/div>\n<\/p>\n<p style=\"text-align: center;\">[amazon table=&#8221;88348&#8243;]\n","protected":false},"excerpt":{"rendered":"<p>6 Maneiras de Ampliar Sua Sala de Apartamento Pequeno com Decora\u00e7\u00e3o<\/p>\n","protected":false},"author":102,"featured_media":113428,"comment_status":"closed","ping_status":"closed","sticky":false,"template":"","format":"standard","meta":{"footnotes":""},"categories":[1484],"tags":[],"class_list":["post-113431","post","type-post","status-publish","format-standard","has-post-thumbnail","category-decoracao"],"_wp_attached_file":null,"_wp_attachment_metadata":null,"_wp_attachment_context":null,"_wp_attachment_is_custom_header":null,"geo_longitude":null,"geo_public":null,"geo_latitude":null,"_publicize_done_external":null,"_wpas_done_3897181":null,"publicize_twitter_user":null,"_wpas_done_3897175":null,"_wpas_skip_3897181":null,"_wpas_skip_3897175":null,"_wpas_skip_3924723":null,"_wpas_mess":null,"_wpas_done_3924723":null,"wps_subtitle":"","_links":{"self":[{"href":"https:\/\/www.aarquiteta.com.br\/blog\/wp-json\/wp\/v2\/posts\/113431","targetHints":{"allow":["GET"]}}],"collection":[{"href":"https:\/\/www.aarquiteta.com.br\/blog\/wp-json\/wp\/v2\/posts"}],"about":[{"href":"https:\/\/www.aarquiteta.com.br\/blog\/wp-json\/wp\/v2\/types\/post"}],"author":[{"embeddable":true,"href":"https:\/\/www.aarquiteta.com.br\/blog\/wp-json\/wp\/v2\/users\/102"}],"replies":[{"embeddable":true,"href":"https:\/\/www.aarquiteta.com.br\/blog\/wp-json\/wp\/v2\/comments?post=113431"}],"version-history":[{"count":0,"href":"https:\/\/www.aarquiteta.com.br\/blog\/wp-json\/wp\/v2\/posts\/113431\/revisions"}],"wp:featuredmedia":[{"embeddable":true,"href":"https:\/\/www.aarquiteta.com.br\/blog\/wp-json\/wp\/v2\/media\/113428"}],"wp:attachment":[{"href":"https:\/\/www.aarquiteta.com.br\/blog\/wp-json\/wp\/v2\/media?parent=113431"}],"wp:term":[{"taxonomy":"category","embeddable":true,"href":"https:\/\/www.aarquiteta.com.br\/blog\/wp-json\/wp\/v2\/categories?post=113431"},{"taxonomy":"post_tag","embeddable":true,"href":"https:\/\/www.aarquiteta.com.br\/blog\/wp-json\/wp\/v2\/tags?post=113431"}],"curies":[{"name":"wp","href":"https:\/\/api.w.org\/{rel}","templated":true}]}}