{"id":113418,"date":"2024-05-18T15:15:39","date_gmt":"2024-05-18T18:15:39","guid":{"rendered":"https:\/\/www.aarquiteta.com.br\/blog\/5-ideias-para-decoracao-unica-em-cozinhas-pequenas-maximizando-o-estilo-sem-gastar-muito\/"},"modified":"2024-05-18T15:15:39","modified_gmt":"2024-05-18T18:15:39","slug":"5-ideias-para-decoracao-unica-em-cozinhas-pequenas-maximizando-o-estilo-sem-gastar-muito","status":"publish","type":"post","link":"https:\/\/www.aarquiteta.com.br\/blog\/5-ideias-para-decoracao-unica-em-cozinhas-pequenas-maximizando-o-estilo-sem-gastar-muito\/","title":{"rendered":"5 Ideias para Decora\u00e7\u00e3o \u00danica em Cozinhas Pequenas, Maximizando o Estilo sem Gastar Muito"},"content":{"rendered":"<p><body><\/p>\n<p>Quando se trata de decorar cozinhas pequenas, \u00e9 essencial aproveitar cada cent\u00edmetro com criatividade e intelig\u00eancia. Transformar esses espa\u00e7os compactos em ambientes acolhedores e funcionais pode ser um verdadeiro desafio, mas n\u00e3o \u00e9 imposs\u00edvel. \u00c9 a\u00ed que entram as ideias \u00fanicas e criativas de decora\u00e7\u00e3o, capazes de ampliar visualmente o ambiente e torn\u00e1-lo um verdadeiro charme.<\/p>\n<h3>Cores claras para ampliar o espa\u00e7o<\/h3>\n<figure style=\"width: 1024px\" class=\"wp-caption aligncenter\"><img decoding=\"async\" src=\"https:\/\/www.aarquiteta.com.br\/blog\/wp-content\/uploads\/2024\/05\/ideias-decoracao-unica-cozinhas-pequenas-maximizando-estilo04.jpg\" alt=\"5 Ideias para Decora\u00e7\u00e3o \u00danica em Cozinhas Pequenas, Maximizando o Estilo sem Gastar Muito\" width=\"1024\" height=\"1024\" title=\"\"><figcaption class=\"wp-caption-text\">5 Ideias para Decora\u00e7\u00e3o \u00danica em Cozinhas Pequenas, Maximizando o Estilo sem Gastar Muito<\/figcaption><\/figure>\n<p>Uma das t\u00e9cnicas mais eficazes para criar a ilus\u00e3o de <b>amplitude<\/b> em cozinhas pequenas \u00e9 apostar em cores claras. Tons suaves como branco, bege e tons past\u00e9is t\u00eam o poder de refletir a luz natural, criando uma sensa\u00e7\u00e3o de espa\u00e7o extra. Al\u00e9m disso, eles trazem uma atmosfera acolhedora e clean, perfeita para um ambiente de preparo de alimentos.<\/p>\n<h3>Aproveitamento de espa\u00e7os verticais<\/h3>\n<figure style=\"width: 1024px\" class=\"wp-caption aligncenter\"><img decoding=\"async\" src=\"https:\/\/www.aarquiteta.com.br\/blog\/wp-content\/uploads\/2024\/05\/ideias-decoracao-unica-cozinhas-pequenas-maximizando-estilo03.jpg\" alt=\"5 Ideias para Decora\u00e7\u00e3o \u00danica em Cozinhas Pequenas, Maximizando o Estilo sem Gastar Muito\" width=\"1024\" height=\"1024\" title=\"\"><figcaption class=\"wp-caption-text\">5 Ideias para Decora\u00e7\u00e3o \u00danica em Cozinhas Pequenas, Maximizando o Estilo sem Gastar Muito<\/figcaption><\/figure>\n<p>Quando o espa\u00e7o \u00e9 limitado, a solu\u00e7\u00e3o muitas vezes est\u00e1 em <b>olhar para cima<\/b>. Aproveitar os espa\u00e7os verticais \u00e9 uma excelente estrat\u00e9gia para cozinhas pequenas. Instalar prateleiras, nichos e arm\u00e1rios at\u00e9 o teto pode proporcionar um armazenamento extra sem ocupar \u00e1rea de circula\u00e7\u00e3o. E, se poss\u00edvel, opte por m\u00f3veis suspensos, que criam a ilus\u00e3o de mais espa\u00e7o no ch\u00e3o.<\/p>\n<h3>Utiliza\u00e7\u00e3o de prateleiras abertas<\/h3>\n<style id=\"wp_carousel_dynamic_css102759\">.sp-wp-carousel-free-id-102759.wpcf-fancybox-wrapper .fancybox-bg{background: #0b0b0b;opacity: 0.8;}.sp-wp-carousel-free-id-102759.wpcf-fancybox-wrapper .fancybox-navigation .fancybox-button .wpcp-fancybox-nav-arrow i {color: #ccc;}.sp-wp-carousel-free-id-102759.wpcf-fancybox-wrapper .fancybox-navigation .fancybox-button .wpcp-fancybox-nav-arrow i:hover {color: #fff;}.sp-wp-carousel-free-id-102759.wpcf-fancybox-wrapper .fancybox-navigation .fancybox-button {background: #1e1e1e;}.sp-wp-carousel-free-id-102759.wpcf-fancybox-wrapper .fancybox-navigation .fancybox-button:hover {background: #1e1e1e;}#sp-wp-carousel-free-id-102759 .wpcp-swiper-dots {margin: 40px 0px 0px 0px;}.wpcp-wrapper-102759 .swiper-wrapper .swiper-slide-kenburn, .wpcp-wrapper-102759 .swiper-wrapper, .wpcp-wrapper-102759 .wpcpro-row{align-items: center;}#sp-wp-carousel-free-id-102759 .wpcp-single-item {box-shadow: 0px 0px 0px 0px #dddddd;transition: all .3s;margin: 0px;}#sp-wp-carousel-free-id-102759.swiper-flip .wpcp-single-item{margin: 0!important;}#sp-wp-carousel-free-id-102759 .wpcp-single-item:hover {box-shadow: 0px 0px 0px 0px #dddddd;}#sp-wp-carousel-free-id-102759.sp-wpcp-102759 .wpcp-single-item {border: 1px solid #dddddd;}#sp-wp-carousel-free-id-102759.sp-wpcp-102759 .swiper-button-prev,#sp-wp-carousel-free-id-102759.sp-wpcp-102759 .swiper-button-next,#sp-wp-carousel-free-id-102759.sp-wpcp-102759 .swiper-button-prev:hover,#sp-wp-carousel-free-id-102759.sp-wpcp-102759 .swiper-button-next:hover {background: none;border: none;font-size: 30px;}#sp-wp-carousel-free-id-102759.sp-wpcp-102759 .swiper-button-prev i,#sp-wp-carousel-free-id-102759.sp-wpcp-102759 .swiper-button-next i {color: #aaa;}#sp-wp-carousel-free-id-102759.sp-wpcp-102759 .swiper-button-prev i:hover,#sp-wp-carousel-free-id-102759.sp-wpcp-102759 .swiper-button-next i:hover {color: #178087;}#sp-wp-carousel-free-id-102759.sp-wpcp-102759 .wpcp-swiper-dots .swiper-pagination-bullet {background-color: #cccccc;}#sp-wp-carousel-free-id-102759.sp-wpcp-102759 .wpcp-swiper-dots .swiper-pagination-bullet.swiper-pagination-bullet-active {background-color: #178087;} #sp-wp-carousel-free-id-102759.sp-wpcp-102759.wpcp-image-carousel .wpcp-single-item:hover img, #sp-wp-carousel-free-id-102759.sp-wpcp-102759.wpcp-post-carousel .wpcp-single-item:hover img, #sp-wp-carousel-free-id-102759.sp-wpcp-102759.wpcp-product-carousel .wpcp-single-item:hover img{-webkit-transform: scale(1.2);-moz-transform: scale(1.2);transform: scale(1.2);}#sp-wp-carousel-free-id-102759 .wpcpro-row>[class*=\"wpcpro-col-\"] { padding: 0 10px; padding-bottom: 20px;} #sp-wp-carousel-free-id-102759 .swiper-slide .single-item-fade:not(:last-child) { margin-right: 20px;}@media (min-width: 480px) { .wpcpro-row .wpcpro-col-sm-1 { flex: 0 0 100%; max-width: 100%; } .wpcpro-row .wpcpro-col-sm-2 { flex: 0 0 50%; max-width: 50%; } .wpcpro-row .wpcpro-col-sm-2-5 { flex: 0 0 75%; max-width: 75%; } .wpcpro-row .wpcpro-col-sm-3 { flex: 0 0 33.333%; max-width: 33.333%; } .wpcpro-row .wpcpro-col-sm-4 { flex: 0 0 25%; max-width: 25%; } .wpcpro-row .wpcpro-col-sm-5 { flex: 0 0 20%; max-width: 20%; } .wpcpro-row .wpcpro-col-sm-6 { flex: 0 0 16.66666666666667%; max-width: 16.66666666666667%; } .wpcpro-row .wpcpro-col-sm-7 { flex: 0 0 14.28571428%; max-width: 14.28571428%; } .wpcpro-row .wpcpro-col-sm-8 { flex: 0 0 12.5%; max-width: 12.5%; } } @media (max-width: 480px) { .wpcpro-row .wpcpro-col-xs-1 { flex: 0 0 100%; max-width: 100%; } .wpcpro-row .wpcpro-col-xs-2 { flex: 0 0 50%; max-width: 50%; } .wpcpro-row .wpcpro-col-xs-3 { flex: 0 0 33.222%; max-width: 33.222%; } .wpcpro-row .wpcpro-col-xs-4 { flex: 0 0 25%; max-width: 25%; } .wpcpro-row .wpcpro-col-xs-5 { flex: 0 0 20%; max-width: 20%; } .wpcpro-row .wpcpro-col-xs-6 { flex: 0 0 16.6667%; max-width: 16.6667%; } .wpcpro-row .wpcpro-col-xs-7 { flex: 0 0 14.28571428%; max-width: 14.28571428%; } .wpcpro-row .wpcpro-col-xs-8 { flex: 0 0 12.5%; max-width: 12.5%; } } @media (min-width: 736px) { .wpcpro-row .wpcpro-col-md-1 { flex: 0 0 100%; max-width: 100%; } .wpcpro-row .wpcpro-col-md-2 { flex: 0 0 50%; max-width: 50%; } .wpcpro-row .wpcpro-col-md-2-5 { flex: 0 0 75%; max-width: 75%; } .wpcpro-row .wpcpro-col-md-3 { flex: 0 0 33.333%; max-width: 33.333%; } .wpcpro-row .wpcpro-col-md-4 { flex: 0 0 25%; max-width: 25%; } .wpcpro-row .wpcpro-col-md-5 { flex: 0 0 20%; max-width: 20%; } .wpcpro-row .wpcpro-col-md-6 { flex: 0 0 16.66666666666667%; max-width: 16.66666666666667%; } .wpcpro-row .wpcpro-col-md-7 { flex: 0 0 14.28571428%; max-width: 14.28571428%; } .wpcpro-row .wpcpro-col-md-8 { flex: 0 0 12.5%; max-width: 12.5%; } } @media (min-width: 980px) { .wpcpro-row .wpcpro-col-lg-1 { flex: 0 0 100%; max-width: 100%; } .wpcpro-row .wpcpro-col-lg-2 { flex: 0 0 50%; max-width: 50%; } .wpcpro-row .wpcpro-col-lg-3 { flex: 0 0 33.222%; max-width: 33.222%; } .wpcpro-row .wpcpro-col-lg-4 { flex: 0 0 25%; max-width: 25%; } .wpcpro-row .wpcpro-col-lg-5 { flex: 0 0 20%; max-width: 20%; } .wpcpro-row .wpcpro-col-lg-6 { flex: 0 0 16.6667%; max-width: 16.6667%; } .wpcpro-row .wpcpro-col-lg-7 { flex: 0 0 14.28571428%; max-width: 14.28571428%; } .wpcpro-row .wpcpro-col-lg-8 { flex: 0 0 12.5%; max-width: 12.5%; } } @media (min-width: 1200px) { .wpcpro-row .wpcpro-col-xl-1 { flex: 0 0 100%; max-width: 100%; } .wpcpro-row .wpcpro-col-xl-2 { flex: 0 0 50%; max-width: 50%; } .wpcpro-row .wpcpro-col-xl-3 { flex: 0 0 33.22222222%; max-width: 33.22222222%; } .wpcpro-row .wpcpro-col-xl-4 { flex: 0 0 25%; max-width: 25%; } .wpcpro-row .wpcpro-col-xl-5 { flex: 0 0 20%; max-width: 20%; } .wpcpro-row .wpcpro-col-xl-6 { flex: 0 0 16.66667%; max-width: 16.66667%; } .wpcpro-row .wpcpro-col-xl-7 { flex: 0 0 14.28571428%; max-width: 14.28571428%; } .wpcpro-row .wpcpro-col-xl-8 { flex: 0 0 12.5%; max-width: 12.5%; } }<\/style><div class=\"wpcp-carousel-wrapper wpcp-wrapper-102759\">\n\t<div id=\"wpcp-preloader-102759\" class=\"wpcp-carousel-preloader\"><img decoding=\"async\" src=\"https:\/\/www.aarquiteta.com.br\/blog\/wp-content\/plugins\/wp-carousel-free\/public\/css\/spinner.svg\" alt=\"Preloader Image\" title=\"\"><\/div>\t<div class=\"wpcp-carousel-content-wrapper\">\n\t<div id=\"sp-wp-carousel-free-id-102759\" class=\"wpcp-carousel-section sp-wpcp-102759  nav-vertical-center wpcp-image-carousel wpcp-preloader wpcp-standard\" data-swiper='{ &quot;pagination_type&quot;: &quot;dots&quot;,&quot;accessibility&quot;:true, &quot;spaceBetween&quot;:20, &quot;arrows&quot;:false, &quot;freeMode&quot;: false, &quot;autoplay&quot;:true, &quot;effect&quot;: &quot;&quot;, &quot;centerMode&quot;: false, &quot;autoplaySpeed&quot;:3000, &quot;dots&quot;:true, &quot;infinite&quot;:true, &quot;speed&quot;:600, &quot;pauseOnHover&quot;:true,\n\t\t\t&quot;slidesToShow&quot;:{&quot;lg_desktop&quot;:5, &quot;desktop&quot;: 4, &quot;laptop&quot;: 3, &quot;tablet&quot;: 2, &quot;mobile&quot;: 1}, &quot;responsive&quot;:{&quot;desktop&quot;:1200, &quot;laptop&quot;: 980, &quot;tablet&quot;: 736, &quot;mobile&quot;: 480}, &quot;rtl&quot;:false, &quot;lazyLoad&quot;: &quot;false&quot;, &quot;swipe&quot;: true, &quot;draggable&quot;: true, &quot;swipeToSlide&quot;:false }' dir=\"ltr\">\n\t\t<div class=\"swiper-wrapper\">\n\t\t<div class=\"swiper-slide\">\n\t<div class=\"wpcp-single-item\">\n\t\t\t<a class=\"wcp-light-box\" data-buttons='[\"close\"]' data-wpc_url='https:\/\/www.aarquiteta.com.br\/blog\/wp-content\/uploads\/2023\/12\/Otimizando-Cozinhas-Pequenas-Projetos-Funcionais-e-Modernos-01.jpg' href=\"https:\/\/www.aarquiteta.com.br\/blog\/wp-content\/uploads\/2023\/12\/Otimizando-Cozinhas-Pequenas-Projetos-Funcionais-e-Modernos-01.jpg\" data-fancybox=\"wpcp_view\">\n\t\t<figure>\n\t\t\t<img decoding=\"async\" class=\"skip-lazy\" src=\"https:\/\/www.aarquiteta.com.br\/blog\/wp-content\/uploads\/2023\/12\/Otimizando-Cozinhas-Pequenas-Projetos-Funcionais-e-Modernos-01.jpg\" alt=\"Otimizando Cozinhas Pequenas: Projetos Funcionais e Modernos\" width=\"1024\" height=\"1024\" title=\"\">\t\t<\/figure>\n\t<\/a>\n\t\t<\/div>\n<\/div>\n\t<div class=\"swiper-slide\">\n\t<div class=\"wpcp-single-item\">\n\t\t\t<a class=\"wcp-light-box\" data-buttons='[\"close\"]' data-wpc_url='https:\/\/www.aarquiteta.com.br\/blog\/wp-content\/uploads\/2023\/12\/Otimizando-Cozinhas-Pequenas-Projetos-Funcionais-e-Modernos-04.jpg' href=\"https:\/\/www.aarquiteta.com.br\/blog\/wp-content\/uploads\/2023\/12\/Otimizando-Cozinhas-Pequenas-Projetos-Funcionais-e-Modernos-04.jpg\" data-fancybox=\"wpcp_view\">\n\t\t<figure>\n\t\t\t<img decoding=\"async\" class=\"skip-lazy\" src=\"https:\/\/www.aarquiteta.com.br\/blog\/wp-content\/uploads\/2023\/12\/Otimizando-Cozinhas-Pequenas-Projetos-Funcionais-e-Modernos-04.jpg\" alt=\"Otimizando Cozinhas Pequenas: Projetos Funcionais e Modernos\" width=\"1024\" height=\"1024\" title=\"\">\t\t<\/figure>\n\t<\/a>\n\t\t<\/div>\n<\/div>\n\t<div class=\"swiper-slide\">\n\t<div class=\"wpcp-single-item\">\n\t\t\t<a class=\"wcp-light-box\" data-buttons='[\"close\"]' data-wpc_url='https:\/\/www.aarquiteta.com.br\/blog\/wp-content\/uploads\/2023\/11\/pendentes-para-cozinha01.jpg' href=\"https:\/\/www.aarquiteta.com.br\/blog\/wp-content\/uploads\/2023\/11\/pendentes-para-cozinha01.jpg\" data-fancybox=\"wpcp_view\">\n\t\t<figure>\n\t\t\t<img decoding=\"async\" class=\"skip-lazy\" src=\"https:\/\/www.aarquiteta.com.br\/blog\/wp-content\/uploads\/2023\/11\/pendentes-para-cozinha01.jpg\" alt=\"pendentes para cozinha\" width=\"1024\" height=\"1024\" title=\"\">\t\t<\/figure>\n\t<\/a>\n\t\t<\/div>\n<\/div>\n\t<div class=\"swiper-slide\">\n\t<div class=\"wpcp-single-item\">\n\t\t\t<a class=\"wcp-light-box\" data-buttons='[\"close\"]' data-wpc_url='https:\/\/www.aarquiteta.com.br\/blog\/wp-content\/uploads\/2023\/11\/5-dicas-para-decorar-a-parede-da-sua-cozinha04.jpg' href=\"https:\/\/www.aarquiteta.com.br\/blog\/wp-content\/uploads\/2023\/11\/5-dicas-para-decorar-a-parede-da-sua-cozinha04.jpg\" data-fancybox=\"wpcp_view\">\n\t\t<figure>\n\t\t\t<img decoding=\"async\" class=\"skip-lazy\" src=\"https:\/\/www.aarquiteta.com.br\/blog\/wp-content\/uploads\/2023\/11\/5-dicas-para-decorar-a-parede-da-sua-cozinha04.jpg\" alt=\"5 dicas para decorar a parede da sua cozinha\" width=\"1024\" height=\"1024\" title=\"\">\t\t<\/figure>\n\t<\/a>\n\t\t<\/div>\n<\/div>\n\t<div class=\"swiper-slide\">\n\t<div class=\"wpcp-single-item\">\n\t\t\t<a class=\"wcp-light-box\" data-buttons='[\"close\"]' data-wpc_url='https:\/\/www.aarquiteta.com.br\/blog\/wp-content\/uploads\/2023\/11\/bancada-para-cozinha-pequena-01.jpg' href=\"https:\/\/www.aarquiteta.com.br\/blog\/wp-content\/uploads\/2023\/11\/bancada-para-cozinha-pequena-01.jpg\" data-fancybox=\"wpcp_view\">\n\t\t<figure>\n\t\t\t<img decoding=\"async\" class=\"skip-lazy\" src=\"https:\/\/www.aarquiteta.com.br\/blog\/wp-content\/uploads\/2023\/11\/bancada-para-cozinha-pequena-01.jpg\" alt=\"bancada para cozinha pequena\" width=\"1024\" height=\"1024\" title=\"\">\t\t<\/figure>\n\t<\/a>\n\t\t<\/div>\n<\/div>\n\t<div class=\"swiper-slide\">\n\t<div class=\"wpcp-single-item\">\n\t\t\t<a class=\"wcp-light-box\" data-buttons='[\"close\"]' data-wpc_url='https:\/\/www.aarquiteta.com.br\/blog\/wp-content\/uploads\/2023\/11\/cozinha-americana-7-ideias-para-criar-um-espao-simples-e-funcional6oot.jpg' href=\"https:\/\/www.aarquiteta.com.br\/blog\/wp-content\/uploads\/2023\/11\/cozinha-americana-7-ideias-para-criar-um-espao-simples-e-funcional6oot.jpg\" data-fancybox=\"wpcp_view\">\n\t\t<figure>\n\t\t\t<img decoding=\"async\" class=\"skip-lazy\" src=\"https:\/\/www.aarquiteta.com.br\/blog\/wp-content\/uploads\/2023\/11\/cozinha-americana-7-ideias-para-criar-um-espao-simples-e-funcional6oot.jpg\" alt=\"Cozinha Americana 7 Ideias para Criar um Espao Simples e Funcional\" width=\"1024\" height=\"768\" title=\"\">\t\t<\/figure>\n\t<\/a>\n\t\t<\/div>\n<\/div>\n\t<div class=\"swiper-slide\">\n\t<div class=\"wpcp-single-item\">\n\t\t\t<a class=\"wcp-light-box\" data-buttons='[\"close\"]' data-wpc_url='https:\/\/www.aarquiteta.com.br\/blog\/wp-content\/uploads\/2023\/11\/pastilhas-para-cozinha04.jpg' href=\"https:\/\/www.aarquiteta.com.br\/blog\/wp-content\/uploads\/2023\/11\/pastilhas-para-cozinha04.jpg\" data-fancybox=\"wpcp_view\">\n\t\t<figure>\n\t\t\t<img decoding=\"async\" class=\"skip-lazy\" src=\"https:\/\/www.aarquiteta.com.br\/blog\/wp-content\/uploads\/2023\/11\/pastilhas-para-cozinha04.jpg\" alt=\"pastilhas para cozinha\" width=\"1024\" height=\"1024\" title=\"\">\t\t<\/figure>\n\t<\/a>\n\t\t<\/div>\n<\/div>\n\t<div class=\"swiper-slide\">\n\t<div class=\"wpcp-single-item\">\n\t\t\t<a class=\"wcp-light-box\" data-buttons='[\"close\"]' data-wpc_url='https:\/\/www.aarquiteta.com.br\/blog\/wp-content\/uploads\/2023\/10\/cozinha-rosa04.jpg' href=\"https:\/\/www.aarquiteta.com.br\/blog\/wp-content\/uploads\/2023\/10\/cozinha-rosa04.jpg\" data-fancybox=\"wpcp_view\">\n\t\t<figure>\n\t\t\t<img decoding=\"async\" class=\"skip-lazy\" src=\"https:\/\/www.aarquiteta.com.br\/blog\/wp-content\/uploads\/2023\/10\/cozinha-rosa04.jpg\" alt=\"cozinha rosa\" width=\"1024\" height=\"1024\" title=\"\">\t\t<\/figure>\n\t<\/a>\n\t\t<\/div>\n<\/div>\n\t<div class=\"swiper-slide\">\n\t<div class=\"wpcp-single-item\">\n\t\t\t<a class=\"wcp-light-box\" data-buttons='[\"close\"]' data-wpc_url='https:\/\/www.aarquiteta.com.br\/blog\/wp-content\/uploads\/2023\/10\/cozinha-rosa01.jpg' href=\"https:\/\/www.aarquiteta.com.br\/blog\/wp-content\/uploads\/2023\/10\/cozinha-rosa01.jpg\" data-fancybox=\"wpcp_view\">\n\t\t<figure>\n\t\t\t<img decoding=\"async\" class=\"skip-lazy\" src=\"https:\/\/www.aarquiteta.com.br\/blog\/wp-content\/uploads\/2023\/10\/cozinha-rosa01.jpg\" alt=\"**Inspire-se com a Cozinha Rosa: Dicas para Criar um Ambiente Charmoso e Aconchegante**\" width=\"1024\" height=\"1024\" title=\"\">\t\t<\/figure>\n\t<\/a>\n\t\t<\/div>\n<\/div>\n\t<div class=\"swiper-slide\">\n\t<div class=\"wpcp-single-item\">\n\t\t\t<a class=\"wcp-light-box\" data-buttons='[\"close\"]' data-wpc_url='https:\/\/www.aarquiteta.com.br\/blog\/wp-content\/uploads\/2023\/10\/cozinha-em-l02.jpg' href=\"https:\/\/www.aarquiteta.com.br\/blog\/wp-content\/uploads\/2023\/10\/cozinha-em-l02.jpg\" data-fancybox=\"wpcp_view\">\n\t\t<figure>\n\t\t\t<img decoding=\"async\" class=\"skip-lazy\" src=\"https:\/\/www.aarquiteta.com.br\/blog\/wp-content\/uploads\/2023\/10\/cozinha-em-l02.jpg\" alt=\"cozinha em l\" width=\"1024\" height=\"1024\" title=\"\">\t\t<\/figure>\n\t<\/a>\n\t\t<\/div>\n<\/div>\n\t<div class=\"swiper-slide\">\n\t<div class=\"wpcp-single-item\">\n\t\t\t<a class=\"wcp-light-box\" data-buttons='[\"close\"]' data-wpc_url='https:\/\/www.aarquiteta.com.br\/blog\/wp-content\/uploads\/2023\/10\/cozinha-modulada01.jpg' href=\"https:\/\/www.aarquiteta.com.br\/blog\/wp-content\/uploads\/2023\/10\/cozinha-modulada01.jpg\" data-fancybox=\"wpcp_view\">\n\t\t<figure>\n\t\t\t<img decoding=\"async\" class=\"skip-lazy\" src=\"https:\/\/www.aarquiteta.com.br\/blog\/wp-content\/uploads\/2023\/10\/cozinha-modulada01.jpg\" alt=\"cozinha modulada\" width=\"1024\" height=\"1024\" title=\"\">\t\t<\/figure>\n\t<\/a>\n\t\t<\/div>\n<\/div>\n\t<div class=\"swiper-slide\">\n\t<div class=\"wpcp-single-item\">\n\t\t\t<a class=\"wcp-light-box\" data-buttons='[\"close\"]' data-wpc_url='https:\/\/www.aarquiteta.com.br\/blog\/wp-content\/uploads\/2023\/10\/cozinha-modulada03.jpg' href=\"https:\/\/www.aarquiteta.com.br\/blog\/wp-content\/uploads\/2023\/10\/cozinha-modulada03.jpg\" data-fancybox=\"wpcp_view\">\n\t\t<figure>\n\t\t\t<img decoding=\"async\" class=\"skip-lazy\" src=\"https:\/\/www.aarquiteta.com.br\/blog\/wp-content\/uploads\/2023\/10\/cozinha-modulada03.jpg\" alt=\"cozinha modulada\" width=\"1024\" height=\"1024\" title=\"\">\t\t<\/figure>\n\t<\/a>\n\t\t<\/div>\n<\/div>\n\t<div class=\"swiper-slide\">\n\t<div class=\"wpcp-single-item\">\n\t\t\t<a class=\"wcp-light-box\" data-buttons='[\"close\"]' data-wpc_url='https:\/\/www.aarquiteta.com.br\/blog\/wp-content\/uploads\/2023\/10\/cozinha-planejada-com-ilha02.jpg' href=\"https:\/\/www.aarquiteta.com.br\/blog\/wp-content\/uploads\/2023\/10\/cozinha-planejada-com-ilha02.jpg\" data-fancybox=\"wpcp_view\">\n\t\t<figure>\n\t\t\t<img decoding=\"async\" class=\"skip-lazy\" src=\"https:\/\/www.aarquiteta.com.br\/blog\/wp-content\/uploads\/2023\/10\/cozinha-planejada-com-ilha02.jpg\" alt=\"cozinha planejada com ilha\" width=\"1024\" height=\"1024\" title=\"\">\t\t<\/figure>\n\t<\/a>\n\t\t<\/div>\n<\/div>\n\t<div class=\"swiper-slide\">\n\t<div class=\"wpcp-single-item\">\n\t\t\t<a class=\"wcp-light-box\" data-buttons='[\"close\"]' data-wpc_url='https:\/\/www.aarquiteta.com.br\/blog\/wp-content\/uploads\/2023\/09\/balcao-de-cozinha-bem-decorada.png' href=\"https:\/\/www.aarquiteta.com.br\/blog\/wp-content\/uploads\/2023\/09\/balcao-de-cozinha-bem-decorada.png\" data-fancybox=\"wpcp_view\">\n\t\t<figure>\n\t\t\t<img decoding=\"async\" class=\"skip-lazy\" src=\"https:\/\/www.aarquiteta.com.br\/blog\/wp-content\/uploads\/2023\/09\/balcao-de-cozinha-bem-decorada.png\" alt=\"balcao de cozinha bem decorada\" width=\"1024\" height=\"1024\" title=\"\">\t\t<\/figure>\n\t<\/a>\n\t\t<\/div>\n<\/div>\n\t<div class=\"swiper-slide\">\n\t<div class=\"wpcp-single-item\">\n\t\t\t<a class=\"wcp-light-box\" data-buttons='[\"close\"]' data-wpc_url='https:\/\/www.aarquiteta.com.br\/blog\/wp-content\/uploads\/2023\/08\/Cozinha-Pequena-5-Estrategias-para-Aproveitar-Cada-Centimetro.png' href=\"https:\/\/www.aarquiteta.com.br\/blog\/wp-content\/uploads\/2023\/08\/Cozinha-Pequena-5-Estrategias-para-Aproveitar-Cada-Centimetro.png\" data-fancybox=\"wpcp_view\">\n\t\t<figure>\n\t\t\t<img decoding=\"async\" class=\"skip-lazy\" src=\"https:\/\/www.aarquiteta.com.br\/blog\/wp-content\/uploads\/2023\/08\/Cozinha-Pequena-5-Estrategias-para-Aproveitar-Cada-Centimetro.png\" alt=\"Cozinha Pequena 5 Estrat\u00e9gias para Aproveitar Cada Cent\u00edmetro\" width=\"1024\" height=\"1024\" title=\"\">\t\t<\/figure>\n\t<\/a>\n\t\t<\/div>\n<\/div>\n\t<div class=\"swiper-slide\">\n\t<div class=\"wpcp-single-item\">\n\t\t\t<a class=\"wcp-light-box\" data-buttons='[\"close\"]' data-wpc_url='https:\/\/www.aarquiteta.com.br\/blog\/wp-content\/uploads\/2023\/07\/cores-para-parede-da-cozinha-1.png' href=\"https:\/\/www.aarquiteta.com.br\/blog\/wp-content\/uploads\/2023\/07\/cores-para-parede-da-cozinha-1.png\" data-fancybox=\"wpcp_view\">\n\t\t<figure>\n\t\t\t<img decoding=\"async\" class=\"skip-lazy\" src=\"https:\/\/www.aarquiteta.com.br\/blog\/wp-content\/uploads\/2023\/07\/cores-para-parede-da-cozinha-1.png\" alt=\"cores para parede da cozinha\" width=\"1024\" height=\"1024\" title=\"\">\t\t<\/figure>\n\t<\/a>\n\t\t<\/div>\n<\/div>\n\t<div class=\"swiper-slide\">\n\t<div class=\"wpcp-single-item\">\n\t\t\t<a class=\"wcp-light-box\" data-buttons='[\"close\"]' data-wpc_url='https:\/\/www.aarquiteta.com.br\/blog\/wp-content\/uploads\/2022\/12\/armario-de-cozinha-de-parede-1.jpg' href=\"https:\/\/www.aarquiteta.com.br\/blog\/wp-content\/uploads\/2022\/12\/armario-de-cozinha-de-parede-1.jpg\" data-fancybox=\"wpcp_view\">\n\t\t<figure>\n\t\t\t<img decoding=\"async\" class=\"skip-lazy\" src=\"https:\/\/www.aarquiteta.com.br\/blog\/wp-content\/uploads\/2022\/12\/armario-de-cozinha-de-parede-1.jpg\" alt=\"\" width=\"1000\" height=\"776\" title=\"\">\t\t<\/figure>\n\t<\/a>\n\t\t<\/div>\n<\/div>\n\t<div class=\"swiper-slide\">\n\t<div class=\"wpcp-single-item\">\n\t\t\t<a class=\"wcp-light-box\" data-buttons='[\"close\"]' data-wpc_url='https:\/\/www.aarquiteta.com.br\/blog\/wp-content\/uploads\/2023\/07\/como-decorar-sua-cozinha-no-estilo-mediterraneocu14.jpg-GX6I.jpg' href=\"https:\/\/www.aarquiteta.com.br\/blog\/wp-content\/uploads\/2023\/07\/como-decorar-sua-cozinha-no-estilo-mediterraneocu14.jpg-GX6I.jpg\" data-fancybox=\"wpcp_view\">\n\t\t<figure>\n\t\t\t<img decoding=\"async\" class=\"skip-lazy\" src=\"https:\/\/www.aarquiteta.com.br\/blog\/wp-content\/uploads\/2023\/07\/como-decorar-sua-cozinha-no-estilo-mediterraneocu14.jpg-GX6I.jpg\" alt=\"como-decorar-sua-cozinha-no-estilo-mediterraneocu14.jpg-GX6I\" width=\"900\" height=\"620\" title=\"\">\t\t<\/figure>\n\t<\/a>\n\t\t<\/div>\n<\/div>\n\t<div class=\"swiper-slide\">\n\t<div class=\"wpcp-single-item\">\n\t\t\t<a class=\"wcp-light-box\" data-buttons='[\"close\"]' data-wpc_url='https:\/\/www.aarquiteta.com.br\/blog\/wp-content\/uploads\/2023\/06\/Cozinha-pequena-de-apartamento-planejada-2.png' href=\"https:\/\/www.aarquiteta.com.br\/blog\/wp-content\/uploads\/2023\/06\/Cozinha-pequena-de-apartamento-planejada-2.png\" data-fancybox=\"wpcp_view\">\n\t\t<figure>\n\t\t\t<img decoding=\"async\" class=\"skip-lazy\" src=\"https:\/\/www.aarquiteta.com.br\/blog\/wp-content\/uploads\/2023\/06\/Cozinha-pequena-de-apartamento-planejada-2.png\" alt=\"Cozinha pequena de apartamento planejada\" width=\"1024\" height=\"1024\" title=\"\">\t\t<\/figure>\n\t<\/a>\n\t\t<\/div>\n<\/div>\n\t<div class=\"swiper-slide\">\n\t<div class=\"wpcp-single-item\">\n\t\t\t<a class=\"wcp-light-box\" data-buttons='[\"close\"]' data-wpc_url='https:\/\/www.aarquiteta.com.br\/blog\/wp-content\/uploads\/2023\/05\/Cozinha-Pequena-com-Balcao.jpg' href=\"https:\/\/www.aarquiteta.com.br\/blog\/wp-content\/uploads\/2023\/05\/Cozinha-Pequena-com-Balcao.jpg\" data-fancybox=\"wpcp_view\">\n\t\t<figure>\n\t\t\t<img decoding=\"async\" class=\"skip-lazy\" src=\"https:\/\/www.aarquiteta.com.br\/blog\/wp-content\/uploads\/2023\/05\/Cozinha-Pequena-com-Balcao.jpg\" alt=\"Cozinha Pequena com Balc\u00e3o Funcional - 9 Dicas para ganhar cada cent\u00edmetro!\" width=\"1200\" height=\"800\" title=\"\">\t\t<\/figure>\n\t<\/a>\n\t\t<\/div>\n<\/div>\n\t<div class=\"swiper-slide\">\n\t<div class=\"wpcp-single-item\">\n\t\t\t<a class=\"wcp-light-box\" data-buttons='[\"close\"]' data-wpc_url='https:\/\/www.aarquiteta.com.br\/blog\/wp-content\/uploads\/2023\/05\/como-organizar-cozinha-compacta-5.png' href=\"https:\/\/www.aarquiteta.com.br\/blog\/wp-content\/uploads\/2023\/05\/como-organizar-cozinha-compacta-5.png\" data-fancybox=\"wpcp_view\">\n\t\t<figure>\n\t\t\t<img decoding=\"async\" class=\"skip-lazy\" src=\"https:\/\/www.aarquiteta.com.br\/blog\/wp-content\/uploads\/2023\/05\/como-organizar-cozinha-compacta-5.png\" alt=\"12 Truques para manter sua cozinha organizada e visualmente deslumbrante!\" width=\"1456\" height=\"816\" title=\"\">\t\t<\/figure>\n\t<\/a>\n\t\t<\/div>\n<\/div>\n\t<div class=\"swiper-slide\">\n\t<div class=\"wpcp-single-item\">\n\t\t\t<a class=\"wcp-light-box\" data-buttons='[\"close\"]' data-wpc_url='https:\/\/www.aarquiteta.com.br\/blog\/wp-content\/uploads\/2023\/04\/Armarios-de-Cozinha-Cinza-8.jpg' href=\"https:\/\/www.aarquiteta.com.br\/blog\/wp-content\/uploads\/2023\/04\/Armarios-de-Cozinha-Cinza-8.jpg\" data-fancybox=\"wpcp_view\">\n\t\t<figure>\n\t\t\t<img decoding=\"async\" class=\"skip-lazy\" src=\"https:\/\/www.aarquiteta.com.br\/blog\/wp-content\/uploads\/2023\/04\/Armarios-de-Cozinha-Cinza-8.jpg\" alt=\"Arm\u00e1rio de Cozinha Cinza: A Eleg\u00e2ncia que Falta na Sua Casa\" width=\"1200\" height=\"800\" title=\"\">\t\t<\/figure>\n\t<\/a>\n\t\t<\/div>\n<\/div>\n\t<div class=\"swiper-slide\">\n\t<div class=\"wpcp-single-item\">\n\t\t\t<a class=\"wcp-light-box\" data-buttons='[\"close\"]' data-wpc_url='https:\/\/www.aarquiteta.com.br\/blog\/wp-content\/uploads\/2023\/04\/Armarios-de-Cozinha-Cinza-10.jpg' href=\"https:\/\/www.aarquiteta.com.br\/blog\/wp-content\/uploads\/2023\/04\/Armarios-de-Cozinha-Cinza-10.jpg\" data-fancybox=\"wpcp_view\">\n\t\t<figure>\n\t\t\t<img decoding=\"async\" class=\"skip-lazy\" src=\"https:\/\/www.aarquiteta.com.br\/blog\/wp-content\/uploads\/2023\/04\/Armarios-de-Cozinha-Cinza-10.jpg\" alt=\"Arm\u00e1rio de Cozinha Cinza: A Eleg\u00e2ncia que Falta na Sua Casa\" width=\"1200\" height=\"800\" title=\"\">\t\t<\/figure>\n\t<\/a>\n\t\t<\/div>\n<\/div>\n\t\t\t<\/div>\n\t\t\t\t\t<div class=\"wpcp-swiper-dots swiper-pagination\"><\/div>\n\t\t\t\t<!-- If we need navigation buttons -->\n\t\t\t<\/div>\n\t<\/div>\n<\/div>\n\n<p>As prateleiras abertas s\u00e3o uma tend\u00eancia que combina perfeitamente com cozinhas pequenas. Al\u00e9m de <b>otimizarem o espa\u00e7o<\/b>, elas trazem um toque de personalidade e estilo ao ambiente. Exiba seus utens\u00edlios de cozinha favoritos, livros de receitas ou at\u00e9 mesmo plantas arom\u00e1ticas, transformando-os em elementos decorativos.<\/p>\n<h3>Adi\u00e7\u00e3o de plantas e ervas arom\u00e1ticas<\/h3>\n<p>Nada como um toque de natureza para trazer vida e frescor a uma cozinha pequena. Adicionar plantas e ervas arom\u00e1ticas n\u00e3o apenas <b>embeleza o ambiente<\/b>, mas tamb\u00e9m pode ser uma fonte de ingredientes frescos para suas receitas. Escolha esp\u00e9cies que se adaptem bem a espa\u00e7os internos e n\u00e3o exijam muitos cuidados.<\/p>\n<h3>Personaliza\u00e7\u00e3o com objetos decorativos<\/h3>\n<figure style=\"width: 1024px\" class=\"wp-caption aligncenter\"><img decoding=\"async\" src=\"https:\/\/www.aarquiteta.com.br\/blog\/wp-content\/uploads\/2024\/05\/ideias-decoracao-unica-cozinhas-pequenas-maximizando-estilo02.jpg\" alt=\"5 Ideias para Decora\u00e7\u00e3o \u00danica em Cozinhas Pequenas, Maximizando o Estilo sem Gastar Muito\" width=\"1024\" height=\"1024\" title=\"\"><figcaption class=\"wp-caption-text\">5 Ideias para Decora\u00e7\u00e3o \u00danica em Cozinhas Pequenas, Maximizando o Estilo sem Gastar Muito<\/figcaption><\/figure>\n<p>Por fim, n\u00e3o se esque\u00e7a de <b>personalizar<\/b> sua cozinha pequena com objetos decorativos que reflitam seu estilo e personalidade. Quadros, vasos, esculturas e at\u00e9 mesmo antiguidades podem adicionar um toque \u00fanico e acolhedor ao ambiente. Apenas tenha cuidado para n\u00e3o exagerar, a fim de evitar a sensa\u00e7\u00e3o de desorganiza\u00e7\u00e3o.<\/p>\n<h2>Conclus\u00e3o<\/h2>\n<p>Decorar cozinhas pequenas pode ser um verdadeiro exerc\u00edcio de criatividade, mas os resultados valem a pena. Com as ideias certas, \u00e9 poss\u00edvel transformar esses espa\u00e7os compactos em ambientes acolhedores, funcionais e cheios de personalidade. Ent\u00e3o, n\u00e3o tenha medo de ousar e explorar solu\u00e7\u00f5es \u00fanicas que se adequem \u00e0s suas necessidades e estilo de vida.<\/p>\n<h2>Perguntas Frequentes<\/h2>\n<h3>1. Como escolher os m\u00f3veis ideais para uma cozinha pequena?<\/h3>\n<figure style=\"width: 1024px\" class=\"wp-caption aligncenter\"><img decoding=\"async\" src=\"https:\/\/www.aarquiteta.com.br\/blog\/wp-content\/uploads\/2024\/05\/ideias-decoracao-unica-cozinhas-pequenas-maximizando-estilo01.jpg\" alt=\"5 Ideias para Decora\u00e7\u00e3o \u00danica em Cozinhas Pequenas, Maximizando o Estilo sem Gastar Muito\" width=\"1024\" height=\"1024\" title=\"\"><figcaption class=\"wp-caption-text\">5 Ideias para Decora\u00e7\u00e3o \u00danica em Cozinhas Pequenas, Maximizando o Estilo sem Gastar Muito<\/figcaption><\/figure>\n<p>Ao escolher m\u00f3veis para uma cozinha pequena, opte por pe\u00e7as compactas e multifuncionais. Mesas dobr\u00e1veis, bancos e arm\u00e1rios com rod\u00edzios s\u00e3o \u00f3timas op\u00e7\u00f5es para otimizar o espa\u00e7o. Al\u00e9m disso, priorize m\u00f3veis com linhas retas e minimalistas, que criam uma sensa\u00e7\u00e3o de leveza e amplitude.<\/p>\n<h3>2. Qual a import\u00e2ncia da ilumina\u00e7\u00e3o na decora\u00e7\u00e3o de cozinhas pequenas?<\/h3>\n<p>A ilumina\u00e7\u00e3o desempenha um papel crucial em cozinhas pequenas. Apostar em fontes de luz naturais, como janelas amplas, pode criar a ilus\u00e3o de um ambiente mais espa\u00e7oso. Al\u00e9m disso, a ilumina\u00e7\u00e3o artificial estrat\u00e9gica, como luzes de teto, spots e lumin\u00e1rias sob os arm\u00e1rios, pode destacar \u00e1reas espec\u00edficas e criar a sensa\u00e7\u00e3o de profundidade.<\/p>\n<h3>3. Como manter a organiza\u00e7\u00e3o em uma cozinha pequena?<\/h3>\n<h3>Assista agora a minha recomenda\u00e7\u00e3o de video abaixo sobre o tema que estamos tratando neste artigo: <\/h3>\n<p><div class=\"youtube-embed\" data-video_id=\"5fu9D_uL2Fc\"><iframe title=\"35 IDEIAS DE COZINHAS  PARA VOC\u00ca SE INSPIRAR!(Fotos do Pinterest)\" width=\"696\" height=\"522\" src=\"https:\/\/www.youtube.com\/embed\/5fu9D_uL2Fc?feature=oembed&#038;enablejsapi=1\" frameborder=\"0\" allow=\"accelerometer; autoplay; clipboard-write; encrypted-media; gyroscope; picture-in-picture; web-share\" referrerpolicy=\"strict-origin-when-cross-origin\" allowfullscreen><\/iframe><\/div>\n<\/p>\n<p style=\"text-align: center;\">[amazon table=&#8221;88247&#8243;]\n<p><\/body><\/p>\n","protected":false},"excerpt":{"rendered":"<p>5 Ideias para Decora\u00e7\u00e3o \u00danica em Cozinhas Pequenas, Maximizando o Estilo sem Gastar Muito<\/p>\n","protected":false},"author":102,"featured_media":113415,"comment_status":"closed","ping_status":"closed","sticky":false,"template":"","format":"standard","meta":{"footnotes":""},"categories":[1484],"tags":[],"class_list":["post-113418","post","type-post","status-publish","format-standard","has-post-thumbnail","category-decoracao"],"_wp_attached_file":null,"_wp_attachment_metadata":null,"_wp_attachment_context":null,"_wp_attachment_is_custom_header":null,"geo_longitude":null,"geo_public":null,"geo_latitude":null,"_publicize_done_external":null,"_wpas_done_3897181":null,"publicize_twitter_user":null,"_wpas_done_3897175":null,"_wpas_skip_3897181":null,"_wpas_skip_3897175":null,"_wpas_skip_3924723":null,"_wpas_mess":null,"_wpas_done_3924723":null,"wps_subtitle":"","_links":{"self":[{"href":"https:\/\/www.aarquiteta.com.br\/blog\/wp-json\/wp\/v2\/posts\/113418","targetHints":{"allow":["GET"]}}],"collection":[{"href":"https:\/\/www.aarquiteta.com.br\/blog\/wp-json\/wp\/v2\/posts"}],"about":[{"href":"https:\/\/www.aarquiteta.com.br\/blog\/wp-json\/wp\/v2\/types\/post"}],"author":[{"embeddable":true,"href":"https:\/\/www.aarquiteta.com.br\/blog\/wp-json\/wp\/v2\/users\/102"}],"replies":[{"embeddable":true,"href":"https:\/\/www.aarquiteta.com.br\/blog\/wp-json\/wp\/v2\/comments?post=113418"}],"version-history":[{"count":0,"href":"https:\/\/www.aarquiteta.com.br\/blog\/wp-json\/wp\/v2\/posts\/113418\/revisions"}],"wp:featuredmedia":[{"embeddable":true,"href":"https:\/\/www.aarquiteta.com.br\/blog\/wp-json\/wp\/v2\/media\/113415"}],"wp:attachment":[{"href":"https:\/\/www.aarquiteta.com.br\/blog\/wp-json\/wp\/v2\/media?parent=113418"}],"wp:term":[{"taxonomy":"category","embeddable":true,"href":"https:\/\/www.aarquiteta.com.br\/blog\/wp-json\/wp\/v2\/categories?post=113418"},{"taxonomy":"post_tag","embeddable":true,"href":"https:\/\/www.aarquiteta.com.br\/blog\/wp-json\/wp\/v2\/tags?post=113418"}],"curies":[{"name":"wp","href":"https:\/\/api.w.org\/{rel}","templated":true}]}}