{"id":113357,"date":"2024-05-17T09:37:47","date_gmt":"2024-05-17T12:37:47","guid":{"rendered":"https:\/\/www.aarquiteta.com.br\/blog\/7-solucoes-para-decorar-cozinhas-pequenas-com-estilos-encantadores-economizando\/"},"modified":"2024-05-17T09:37:47","modified_gmt":"2024-05-17T12:37:47","slug":"7-solucoes-para-decorar-cozinhas-pequenas-com-estilos-encantadores-economizando","status":"publish","type":"post","link":"https:\/\/www.aarquiteta.com.br\/blog\/7-solucoes-para-decorar-cozinhas-pequenas-com-estilos-encantadores-economizando\/","title":{"rendered":"7 Solu\u00e7\u00f5es para Decorar Cozinhas Pequenas com Estilos Encantadores, Economizando"},"content":{"rendered":"<p><Introdu\u00e7\u00e3o><br \/>\nTer uma cozinha pequena n\u00e3o \u00e9 necessariamente um problema. Na verdade, com a decora\u00e7\u00e3o certa, voc\u00ea pode transformar esse espa\u00e7o limitado em um ambiente aconchegante e funcional. As cozinhas compactas podem ser verdadeiros cantinhos de charme e estilo, basta saber como aproveit\u00e1-las da melhor maneira. Neste artigo, vamos explorar <b>7 solu\u00e7\u00f5es criativas para decorar cozinhas pequenas<\/b>, economizando tempo e dinheiro. Prepare-se para descobrir dicas incr\u00edveis que tornar\u00e3o seu espa\u00e7o culin\u00e1ro mais bonito e pr\u00e1tico!<\/p>\n<h3>Cores claras para ampliar o espa\u00e7o<\/h3>\n<figure style=\"width: 1024px\" class=\"wp-caption aligncenter\"><img decoding=\"async\" src=\"https:\/\/www.aarquiteta.com.br\/blog\/wp-content\/uploads\/2024\/05\/sete-solucoes-decorar-cozinhas-pequenas-estilos-encantadores04.jpg\" alt=\"7 Solu\u00e7\u00f5es para Decorar Cozinhas Pequenas com Estilos Encantadores, Economizando\" width=\"1024\" height=\"1024\" title=\"\"><figcaption class=\"wp-caption-text\">7 Solu\u00e7\u00f5es para Decorar Cozinhas Pequenas com Estilos Encantadores, Economizando<\/figcaption><\/figure>\nUma das melhores estrat\u00e9gias para criar a ilus\u00e3o de amplitude em uma cozinha compacta \u00e9 apostar em <b>cores claras<\/b>. Tons como branco, bege e tons past\u00e9is refletem mais luz, fazendo o ambiente parecer maior. Al\u00e9m disso, essas cores transmitem uma sensa\u00e7\u00e3o de leveza e frescor, perfeitas para deixar o pequeno espa\u00e7o mais arejado.<\/p>\n<p>Ent\u00e3o, por que n\u00e3o pintar as paredes de branco ou optar por um acabamento em tons neutros? Voc\u00ea tamb\u00e9m pode investir em arm\u00e1rios de cozinha claros ou at\u00e9 mesmo em uma bancada de tom claro. O segredo est\u00e1 em combinar diferentes tons de forma harmoniosa, criando um visual clean e acolhedor.<\/p>\n<h3>Aproveitamento de espa\u00e7os verticais<\/h3>\n<figure style=\"width: 1024px\" class=\"wp-caption aligncenter\"><img decoding=\"async\" src=\"https:\/\/www.aarquiteta.com.br\/blog\/wp-content\/uploads\/2024\/05\/sete-solucoes-decorar-cozinhas-pequenas-estilos-encantadores03.jpg\" alt=\"7 Solu\u00e7\u00f5es para Decorar Cozinhas Pequenas com Estilos Encantadores, Economizando\" width=\"1024\" height=\"1024\" title=\"\"><figcaption class=\"wp-caption-text\">7 Solu\u00e7\u00f5es para Decorar Cozinhas Pequenas com Estilos Encantadores, Economizando<\/figcaption><\/figure>\nEm uma cozinha pequena, \u00e9 essencial <b>aproveitar cada cent\u00edmetro dispon\u00edvel<\/b>. E uma das melhores maneiras de fazer isso \u00e9 explorando os espa\u00e7os verticais. Invista em prateleiras, nichos e arm\u00e1rios suspensos para guardar seus utens\u00edlios, temperos e outros itens de cozinha.<\/p>\n<p>Al\u00e9m de otimizar o espa\u00e7o, essa estrat\u00e9gia tamb\u00e9m adiciona um toque de charme \u00e0 decora\u00e7\u00e3o. Imagine prateleiras de madeira r\u00fastica exibindo seus potes de cer\u00e2mica ou uma elegante estante de metal abrigando seus livros de receitas preferidos. Tudo fica mais bonito e organizado!<\/p>\n<h3>M\u00f3veis multifuncionais<\/h3>\n<style id=\"wp_carousel_dynamic_css104052\">.sp-wp-carousel-free-id-104052.wpcf-fancybox-wrapper .fancybox-bg{background: #0b0b0b;opacity: 0.8;}.sp-wp-carousel-free-id-104052.wpcf-fancybox-wrapper .fancybox-navigation .fancybox-button .wpcp-fancybox-nav-arrow i {color: #ccc;}.sp-wp-carousel-free-id-104052.wpcf-fancybox-wrapper .fancybox-navigation .fancybox-button .wpcp-fancybox-nav-arrow i:hover {color: #fff;}.sp-wp-carousel-free-id-104052.wpcf-fancybox-wrapper .fancybox-navigation .fancybox-button {background: #1e1e1e;}.sp-wp-carousel-free-id-104052.wpcf-fancybox-wrapper .fancybox-navigation .fancybox-button:hover {background: #1e1e1e;}#sp-wp-carousel-free-id-104052 .wpcp-swiper-dots {margin: 40px 0px 0px 0px;}.wpcp-wrapper-104052 .swiper-wrapper .swiper-slide-kenburn, .wpcp-wrapper-104052 .swiper-wrapper, .wpcp-wrapper-104052 .wpcpro-row{align-items: center;}#sp-wp-carousel-free-id-104052 .wpcp-single-item {box-shadow: 0px 0px 0px 0px #dddddd;transition: all .3s;margin: 0px;}#sp-wp-carousel-free-id-104052.swiper-flip .wpcp-single-item{margin: 0!important;}#sp-wp-carousel-free-id-104052 .wpcp-single-item:hover {box-shadow: 0px 0px 0px 0px #dddddd;}#sp-wp-carousel-free-id-104052.sp-wpcp-104052 .wpcp-single-item {border: 1px solid #dddddd;}#sp-wp-carousel-free-id-104052.sp-wpcp-104052 .swiper-button-prev,#sp-wp-carousel-free-id-104052.sp-wpcp-104052 .swiper-button-next,#sp-wp-carousel-free-id-104052.sp-wpcp-104052 .swiper-button-prev:hover,#sp-wp-carousel-free-id-104052.sp-wpcp-104052 .swiper-button-next:hover {background: none;border: none;font-size: 30px;}#sp-wp-carousel-free-id-104052.sp-wpcp-104052 .swiper-button-prev i,#sp-wp-carousel-free-id-104052.sp-wpcp-104052 .swiper-button-next i {color: #aaa;}#sp-wp-carousel-free-id-104052.sp-wpcp-104052 .swiper-button-prev i:hover,#sp-wp-carousel-free-id-104052.sp-wpcp-104052 .swiper-button-next i:hover {color: #178087;}#sp-wp-carousel-free-id-104052.sp-wpcp-104052 .wpcp-swiper-dots .swiper-pagination-bullet {background-color: #cccccc;}#sp-wp-carousel-free-id-104052.sp-wpcp-104052 .wpcp-swiper-dots .swiper-pagination-bullet.swiper-pagination-bullet-active {background-color: #178087;} #sp-wp-carousel-free-id-104052.sp-wpcp-104052.wpcp-image-carousel .wpcp-single-item:hover img, #sp-wp-carousel-free-id-104052.sp-wpcp-104052.wpcp-post-carousel .wpcp-single-item:hover img, #sp-wp-carousel-free-id-104052.sp-wpcp-104052.wpcp-product-carousel .wpcp-single-item:hover img{-webkit-transform: scale(1.2);-moz-transform: scale(1.2);transform: scale(1.2);}#sp-wp-carousel-free-id-104052 .wpcpro-row>[class*=\"wpcpro-col-\"] { padding: 0 10px; padding-bottom: 20px;} #sp-wp-carousel-free-id-104052 .swiper-slide .single-item-fade:not(:last-child) { margin-right: 20px;}@media (min-width: 480px) { .wpcpro-row .wpcpro-col-sm-1 { flex: 0 0 100%; max-width: 100%; } .wpcpro-row .wpcpro-col-sm-2 { flex: 0 0 50%; max-width: 50%; } .wpcpro-row .wpcpro-col-sm-2-5 { flex: 0 0 75%; max-width: 75%; } .wpcpro-row .wpcpro-col-sm-3 { flex: 0 0 33.333%; max-width: 33.333%; } .wpcpro-row .wpcpro-col-sm-4 { flex: 0 0 25%; max-width: 25%; } .wpcpro-row .wpcpro-col-sm-5 { flex: 0 0 20%; max-width: 20%; } .wpcpro-row .wpcpro-col-sm-6 { flex: 0 0 16.66666666666667%; max-width: 16.66666666666667%; } .wpcpro-row .wpcpro-col-sm-7 { flex: 0 0 14.28571428%; max-width: 14.28571428%; } .wpcpro-row .wpcpro-col-sm-8 { flex: 0 0 12.5%; max-width: 12.5%; } } @media (max-width: 480px) { .wpcpro-row .wpcpro-col-xs-1 { flex: 0 0 100%; max-width: 100%; } .wpcpro-row .wpcpro-col-xs-2 { flex: 0 0 50%; max-width: 50%; } .wpcpro-row .wpcpro-col-xs-3 { flex: 0 0 33.222%; max-width: 33.222%; } .wpcpro-row .wpcpro-col-xs-4 { flex: 0 0 25%; max-width: 25%; } .wpcpro-row .wpcpro-col-xs-5 { flex: 0 0 20%; max-width: 20%; } .wpcpro-row .wpcpro-col-xs-6 { flex: 0 0 16.6667%; max-width: 16.6667%; } .wpcpro-row .wpcpro-col-xs-7 { flex: 0 0 14.28571428%; max-width: 14.28571428%; } .wpcpro-row .wpcpro-col-xs-8 { flex: 0 0 12.5%; max-width: 12.5%; } } @media (min-width: 736px) { .wpcpro-row .wpcpro-col-md-1 { flex: 0 0 100%; max-width: 100%; } .wpcpro-row .wpcpro-col-md-2 { flex: 0 0 50%; max-width: 50%; } .wpcpro-row .wpcpro-col-md-2-5 { flex: 0 0 75%; max-width: 75%; } .wpcpro-row .wpcpro-col-md-3 { flex: 0 0 33.333%; max-width: 33.333%; } .wpcpro-row .wpcpro-col-md-4 { flex: 0 0 25%; max-width: 25%; } .wpcpro-row .wpcpro-col-md-5 { flex: 0 0 20%; max-width: 20%; } .wpcpro-row .wpcpro-col-md-6 { flex: 0 0 16.66666666666667%; max-width: 16.66666666666667%; } .wpcpro-row .wpcpro-col-md-7 { flex: 0 0 14.28571428%; max-width: 14.28571428%; } .wpcpro-row .wpcpro-col-md-8 { flex: 0 0 12.5%; max-width: 12.5%; } } @media (min-width: 980px) { .wpcpro-row .wpcpro-col-lg-1 { flex: 0 0 100%; max-width: 100%; } .wpcpro-row .wpcpro-col-lg-2 { flex: 0 0 50%; max-width: 50%; } .wpcpro-row .wpcpro-col-lg-3 { flex: 0 0 33.222%; max-width: 33.222%; } .wpcpro-row .wpcpro-col-lg-4 { flex: 0 0 25%; max-width: 25%; } .wpcpro-row .wpcpro-col-lg-5 { flex: 0 0 20%; max-width: 20%; } .wpcpro-row .wpcpro-col-lg-6 { flex: 0 0 16.6667%; max-width: 16.6667%; } .wpcpro-row .wpcpro-col-lg-7 { flex: 0 0 14.28571428%; max-width: 14.28571428%; } .wpcpro-row .wpcpro-col-lg-8 { flex: 0 0 12.5%; max-width: 12.5%; } } @media (min-width: 1200px) { .wpcpro-row .wpcpro-col-xl-1 { flex: 0 0 100%; max-width: 100%; } .wpcpro-row .wpcpro-col-xl-2 { flex: 0 0 50%; max-width: 50%; } .wpcpro-row .wpcpro-col-xl-3 { flex: 0 0 33.22222222%; max-width: 33.22222222%; } .wpcpro-row .wpcpro-col-xl-4 { flex: 0 0 25%; max-width: 25%; } .wpcpro-row .wpcpro-col-xl-5 { flex: 0 0 20%; max-width: 20%; } .wpcpro-row .wpcpro-col-xl-6 { flex: 0 0 16.66667%; max-width: 16.66667%; } .wpcpro-row .wpcpro-col-xl-7 { flex: 0 0 14.28571428%; max-width: 14.28571428%; } .wpcpro-row .wpcpro-col-xl-8 { flex: 0 0 12.5%; max-width: 12.5%; } }<\/style><div class=\"wpcp-carousel-wrapper wpcp-wrapper-104052\">\n\t<div id=\"wpcp-preloader-104052\" class=\"wpcp-carousel-preloader\"><img decoding=\"async\" src=\"https:\/\/www.aarquiteta.com.br\/blog\/wp-content\/plugins\/wp-carousel-free\/public\/css\/spinner.svg\" alt=\"Preloader Image\" title=\"\"><\/div>\t<div class=\"wpcp-carousel-content-wrapper\">\n\t<div id=\"sp-wp-carousel-free-id-104052\" class=\"wpcp-carousel-section sp-wpcp-104052  nav-vertical-center wpcp-image-carousel wpcp-preloader wpcp-standard\" data-swiper='{ &quot;pagination_type&quot;: &quot;dots&quot;,&quot;accessibility&quot;:true, &quot;spaceBetween&quot;:20, &quot;arrows&quot;:false, &quot;freeMode&quot;: false, &quot;autoplay&quot;:true, &quot;effect&quot;: &quot;&quot;, &quot;centerMode&quot;: false, &quot;autoplaySpeed&quot;:3000, &quot;dots&quot;:true, &quot;infinite&quot;:true, &quot;speed&quot;:600, &quot;pauseOnHover&quot;:true,\n\t\t\t&quot;slidesToShow&quot;:{&quot;lg_desktop&quot;:5, &quot;desktop&quot;: 4, &quot;laptop&quot;: 3, &quot;tablet&quot;: 2, &quot;mobile&quot;: 1}, &quot;responsive&quot;:{&quot;desktop&quot;:1200, &quot;laptop&quot;: 980, &quot;tablet&quot;: 736, &quot;mobile&quot;: 480}, &quot;rtl&quot;:false, &quot;lazyLoad&quot;: &quot;false&quot;, &quot;swipe&quot;: true, &quot;draggable&quot;: true, &quot;swipeToSlide&quot;:false }' dir=\"ltr\">\n\t\t<div class=\"swiper-wrapper\">\n\t\t<div class=\"swiper-slide\">\n\t<div class=\"wpcp-single-item\">\n\t\t\t<a class=\"wcp-light-box\" data-buttons='[\"close\"]' data-wpc_url='https:\/\/www.aarquiteta.com.br\/blog\/wp-content\/uploads\/2023\/09\/Cuba-Pia-De-Semi-Encaixe-Branca-Quadrada-35x35-Rubelita-Para-Banheiro-Lavabo.jpg' href=\"https:\/\/www.aarquiteta.com.br\/blog\/wp-content\/uploads\/2023\/09\/Cuba-Pia-De-Semi-Encaixe-Branca-Quadrada-35x35-Rubelita-Para-Banheiro-Lavabo.jpg\" data-fancybox=\"wpcp_view\">\n\t\t<figure>\n\t\t\t<img decoding=\"async\" class=\"skip-lazy\" src=\"https:\/\/www.aarquiteta.com.br\/blog\/wp-content\/uploads\/2023\/09\/Cuba-Pia-De-Semi-Encaixe-Branca-Quadrada-35x35-Rubelita-Para-Banheiro-Lavabo.jpg\" alt=\"Pias de Banheiro: Como Equilibrar Praticidade e Beleza!\" width=\"1000\" height=\"1000\" title=\"\">\t\t<\/figure>\n\t<\/a>\n\t\t<\/div>\n<\/div>\n\t<div class=\"swiper-slide\">\n\t<div class=\"wpcp-single-item\">\n\t\t\t<a class=\"wcp-light-box\" data-buttons='[\"close\"]' data-wpc_url='https:\/\/www.aarquiteta.com.br\/blog\/wp-content\/uploads\/2023\/09\/pia-e-Gabinete-Armario-Banheiro-Pia-De-Coluna-Mark-Flex-Collor.jpg' href=\"https:\/\/www.aarquiteta.com.br\/blog\/wp-content\/uploads\/2023\/09\/pia-e-Gabinete-Armario-Banheiro-Pia-De-Coluna-Mark-Flex-Collor.jpg\" data-fancybox=\"wpcp_view\">\n\t\t<figure>\n\t\t\t<img decoding=\"async\" class=\"skip-lazy\" src=\"https:\/\/www.aarquiteta.com.br\/blog\/wp-content\/uploads\/2023\/09\/pia-e-Gabinete-Armario-Banheiro-Pia-De-Coluna-Mark-Flex-Collor.jpg\" alt=\"Pias de Banheiro: Como Equilibrar Praticidade e Beleza!\" width=\"805\" height=\"791\" title=\"\">\t\t<\/figure>\n\t<\/a>\n\t\t<\/div>\n<\/div>\n\t<div class=\"swiper-slide\">\n\t<div class=\"wpcp-single-item\">\n\t\t\t<a class=\"wcp-light-box\" data-buttons='[\"close\"]' data-wpc_url='https:\/\/www.aarquiteta.com.br\/blog\/wp-content\/uploads\/2023\/08\/pia-de-banheiro-esculpida-4.png' href=\"https:\/\/www.aarquiteta.com.br\/blog\/wp-content\/uploads\/2023\/08\/pia-de-banheiro-esculpida-4.png\" data-fancybox=\"wpcp_view\">\n\t\t<figure>\n\t\t\t<img decoding=\"async\" class=\"skip-lazy\" src=\"https:\/\/www.aarquiteta.com.br\/blog\/wp-content\/uploads\/2023\/08\/pia-de-banheiro-esculpida-4.png\" alt=\"Descubra Como a Cuba Esculpida Pode Transformar o Ambiente do Seu Banheiro em Um Spa Particular!\" width=\"1024\" height=\"1024\" title=\"\">\t\t<\/figure>\n\t<\/a>\n\t\t<\/div>\n<\/div>\n\t<div class=\"swiper-slide\">\n\t<div class=\"wpcp-single-item\">\n\t\t\t<a class=\"wcp-light-box\" data-buttons='[\"close\"]' data-wpc_url='https:\/\/www.aarquiteta.com.br\/blog\/wp-content\/uploads\/2023\/08\/pia-de-banheiro-esculpida-3.png' href=\"https:\/\/www.aarquiteta.com.br\/blog\/wp-content\/uploads\/2023\/08\/pia-de-banheiro-esculpida-3.png\" data-fancybox=\"wpcp_view\">\n\t\t<figure>\n\t\t\t<img decoding=\"async\" class=\"skip-lazy\" src=\"https:\/\/www.aarquiteta.com.br\/blog\/wp-content\/uploads\/2023\/08\/pia-de-banheiro-esculpida-3.png\" alt=\"Descubra Como a Cuba Esculpida Pode Transformar o Ambiente do Seu Banheiro em Um Spa Particular!\" width=\"1024\" height=\"1024\" title=\"\">\t\t<\/figure>\n\t<\/a>\n\t\t<\/div>\n<\/div>\n\t<div class=\"swiper-slide\">\n\t<div class=\"wpcp-single-item\">\n\t\t\t<a class=\"wcp-light-box\" data-buttons='[\"close\"]' data-wpc_url='https:\/\/www.aarquiteta.com.br\/blog\/wp-content\/uploads\/2023\/08\/pia-de-banheiro-esculpida-1.png' href=\"https:\/\/www.aarquiteta.com.br\/blog\/wp-content\/uploads\/2023\/08\/pia-de-banheiro-esculpida-1.png\" data-fancybox=\"wpcp_view\">\n\t\t<figure>\n\t\t\t<img decoding=\"async\" class=\"skip-lazy\" src=\"https:\/\/www.aarquiteta.com.br\/blog\/wp-content\/uploads\/2023\/08\/pia-de-banheiro-esculpida-1.png\" alt=\"pia de banheiro esculpida 1\" width=\"1024\" height=\"1024\" title=\"\">\t\t<\/figure>\n\t<\/a>\n\t\t<\/div>\n<\/div>\n\t<div class=\"swiper-slide\">\n\t<div class=\"wpcp-single-item\">\n\t\t\t<a class=\"wcp-light-box\" data-buttons='[\"close\"]' data-wpc_url='https:\/\/www.aarquiteta.com.br\/blog\/wp-content\/uploads\/2023\/06\/pia-de-cozinha-simples-e-barata-3.png' href=\"https:\/\/www.aarquiteta.com.br\/blog\/wp-content\/uploads\/2023\/06\/pia-de-cozinha-simples-e-barata-3.png\" data-fancybox=\"wpcp_view\">\n\t\t<figure>\n\t\t\t<img decoding=\"async\" class=\"skip-lazy\" src=\"https:\/\/www.aarquiteta.com.br\/blog\/wp-content\/uploads\/2023\/06\/pia-de-cozinha-simples-e-barata-3.png\" alt=\"pia de cozinha simples e barata\" width=\"1456\" height=\"816\" title=\"\">\t\t<\/figure>\n\t<\/a>\n\t\t<\/div>\n<\/div>\n\t<div class=\"swiper-slide\">\n\t<div class=\"wpcp-single-item\">\n\t\t\t<a class=\"wcp-light-box\" data-buttons='[\"close\"]' data-wpc_url='https:\/\/www.aarquiteta.com.br\/blog\/wp-content\/uploads\/2023\/06\/pia-de-cozinha-simples-e-barata-4.png' href=\"https:\/\/www.aarquiteta.com.br\/blog\/wp-content\/uploads\/2023\/06\/pia-de-cozinha-simples-e-barata-4.png\" data-fancybox=\"wpcp_view\">\n\t\t<figure>\n\t\t\t<img decoding=\"async\" class=\"skip-lazy\" src=\"https:\/\/www.aarquiteta.com.br\/blog\/wp-content\/uploads\/2023\/06\/pia-de-cozinha-simples-e-barata-4.png\" alt=\"pia de cozinha simples e barata\" width=\"1456\" height=\"816\" title=\"\">\t\t<\/figure>\n\t<\/a>\n\t\t<\/div>\n<\/div>\n\t<div class=\"swiper-slide\">\n\t<div class=\"wpcp-single-item\">\n\t\t\t<a class=\"wcp-light-box\" data-buttons='[\"close\"]' data-wpc_url='https:\/\/www.aarquiteta.com.br\/blog\/wp-content\/uploads\/2022\/11\/contemporary-bathroom-with-sink-and-mirror-stockpack-pexels-scaled.jpg' href=\"https:\/\/www.aarquiteta.com.br\/blog\/wp-content\/uploads\/2022\/11\/contemporary-bathroom-with-sink-and-mirror-stockpack-pexels-scaled.jpg\" data-fancybox=\"wpcp_view\">\n\t\t<figure>\n\t\t\t<img decoding=\"async\" class=\"skip-lazy\" src=\"https:\/\/www.aarquiteta.com.br\/blog\/wp-content\/uploads\/2022\/11\/contemporary-bathroom-with-sink-and-mirror-stockpack-pexels-scaled.jpg\" alt=\"Banheiro moderno\" width=\"1365\" height=\"2048\" title=\"\">\t\t<\/figure>\n\t<\/a>\n\t\t<\/div>\n<\/div>\n\t<div class=\"swiper-slide\">\n\t<div class=\"wpcp-single-item\">\n\t\t\t<a class=\"wcp-light-box\" data-buttons='[\"close\"]' data-wpc_url='https:\/\/www.aarquiteta.com.br\/blog\/wp-content\/uploads\/2022\/05\/cropped-pia4.jpg' href=\"https:\/\/www.aarquiteta.com.br\/blog\/wp-content\/uploads\/2022\/05\/cropped-pia4.jpg\" data-fancybox=\"wpcp_view\">\n\t\t<figure>\n\t\t\t<img decoding=\"async\" class=\"skip-lazy\" src=\"https:\/\/www.aarquiteta.com.br\/blog\/wp-content\/uploads\/2022\/05\/cropped-pia4.jpg\" alt=\"pia4\" width=\"640\" height=\"853\" title=\"\">\t\t<\/figure>\n\t<\/a>\n\t\t<\/div>\n<\/div>\n\t<div class=\"swiper-slide\">\n\t<div class=\"wpcp-single-item\">\n\t\t\t<a class=\"wcp-light-box\" data-buttons='[\"close\"]' data-wpc_url='https:\/\/www.aarquiteta.com.br\/blog\/wp-content\/uploads\/2022\/05\/cropped-pia.jpg' href=\"https:\/\/www.aarquiteta.com.br\/blog\/wp-content\/uploads\/2022\/05\/cropped-pia.jpg\" data-fancybox=\"wpcp_view\">\n\t\t<figure>\n\t\t\t<img decoding=\"async\" class=\"skip-lazy\" src=\"https:\/\/www.aarquiteta.com.br\/blog\/wp-content\/uploads\/2022\/05\/cropped-pia.jpg\" alt=\"pia\" width=\"640\" height=\"853\" title=\"\">\t\t<\/figure>\n\t<\/a>\n\t\t<\/div>\n<\/div>\n\t<div class=\"swiper-slide\">\n\t<div class=\"wpcp-single-item\">\n\t\t\t<a class=\"wcp-light-box\" data-buttons='[\"close\"]' data-wpc_url='https:\/\/www.aarquiteta.com.br\/blog\/wp-content\/uploads\/2022\/07\/pia-de-marmore.webp' href=\"https:\/\/www.aarquiteta.com.br\/blog\/wp-content\/uploads\/2022\/07\/pia-de-marmore.webp\" data-fancybox=\"wpcp_view\">\n\t\t<figure>\n\t\t\t<img decoding=\"async\" class=\"skip-lazy\" src=\"https:\/\/www.aarquiteta.com.br\/blog\/wp-content\/uploads\/2022\/07\/pia-de-marmore.webp\" alt=\"pia de marmore\" width=\"648\" height=\"648\" title=\"\">\t\t<\/figure>\n\t<\/a>\n\t\t<\/div>\n<\/div>\n\t<div class=\"swiper-slide\">\n\t<div class=\"wpcp-single-item\">\n\t\t\t<a class=\"wcp-light-box\" data-buttons='[\"close\"]' data-wpc_url='https:\/\/www.aarquiteta.com.br\/blog\/wp-content\/uploads\/2022\/07\/pia-rustica-de-banheiro.jpg' href=\"https:\/\/www.aarquiteta.com.br\/blog\/wp-content\/uploads\/2022\/07\/pia-rustica-de-banheiro.jpg\" data-fancybox=\"wpcp_view\">\n\t\t<figure>\n\t\t\t<img decoding=\"async\" class=\"skip-lazy\" src=\"https:\/\/www.aarquiteta.com.br\/blog\/wp-content\/uploads\/2022\/07\/pia-rustica-de-banheiro.jpg\" alt=\"pia rustica de banheiro\" width=\"1200\" height=\"900\" title=\"\">\t\t<\/figure>\n\t<\/a>\n\t\t<\/div>\n<\/div>\n\t<div class=\"swiper-slide\">\n\t<div class=\"wpcp-single-item\">\n\t\t\t<a class=\"wcp-light-box\" data-buttons='[\"close\"]' data-wpc_url='https:\/\/www.aarquiteta.com.br\/blog\/wp-content\/uploads\/2022\/05\/pia4.jpg' href=\"https:\/\/www.aarquiteta.com.br\/blog\/wp-content\/uploads\/2022\/05\/pia4.jpg\" data-fancybox=\"wpcp_view\">\n\t\t<figure>\n\t\t\t<img decoding=\"async\" class=\"skip-lazy\" src=\"https:\/\/www.aarquiteta.com.br\/blog\/wp-content\/uploads\/2022\/05\/pia4.jpg\" alt=\"pia4\" width=\"720\" height=\"720\" title=\"\">\t\t<\/figure>\n\t<\/a>\n\t\t<\/div>\n<\/div>\n\t<div class=\"swiper-slide\">\n\t<div class=\"wpcp-single-item\">\n\t\t\t<a class=\"wcp-light-box\" data-buttons='[\"close\"]' data-wpc_url='https:\/\/www.aarquiteta.com.br\/blog\/wp-content\/uploads\/2022\/02\/Dicas-de-modelos-gabinete-cozinha3.jpg' href=\"https:\/\/www.aarquiteta.com.br\/blog\/wp-content\/uploads\/2022\/02\/Dicas-de-modelos-gabinete-cozinha3.jpg\" data-fancybox=\"wpcp_view\">\n\t\t<figure>\n\t\t\t<img decoding=\"async\" class=\"skip-lazy\" src=\"https:\/\/www.aarquiteta.com.br\/blog\/wp-content\/uploads\/2022\/02\/Dicas-de-modelos-gabinete-cozinha3.jpg\" alt=\"Gabinete com cooktop e pia\" width=\"700\" height=\"400\" title=\"\">\t\t<\/figure>\n\t<\/a>\n\t\t<\/div>\n<\/div>\n\t<div class=\"swiper-slide\">\n\t<div class=\"wpcp-single-item\">\n\t\t\t<a class=\"wcp-light-box\" data-buttons='[\"close\"]' data-wpc_url='https:\/\/www.aarquiteta.com.br\/blog\/wp-content\/uploads\/2021\/12\/pias-para-cozinha.jpg' href=\"https:\/\/www.aarquiteta.com.br\/blog\/wp-content\/uploads\/2021\/12\/pias-para-cozinha.jpg\" data-fancybox=\"wpcp_view\">\n\t\t<figure>\n\t\t\t<img decoding=\"async\" class=\"skip-lazy\" src=\"https:\/\/www.aarquiteta.com.br\/blog\/wp-content\/uploads\/2021\/12\/pias-para-cozinha.jpg\" alt=\"pias para cozinha\" width=\"700\" height=\"400\" title=\"\">\t\t<\/figure>\n\t<\/a>\n\t\t<\/div>\n<\/div>\n\t<div class=\"swiper-slide\">\n\t<div class=\"wpcp-single-item\">\n\t\t\t<a class=\"wcp-light-box\" data-buttons='[\"close\"]' data-wpc_url='https:\/\/www.aarquiteta.com.br\/blog\/wp-content\/uploads\/2019\/10\/banheiro_com_pia_branca_e_torneira_dourada.jpg' href=\"https:\/\/www.aarquiteta.com.br\/blog\/wp-content\/uploads\/2019\/10\/banheiro_com_pia_branca_e_torneira_dourada.jpg\" data-fancybox=\"wpcp_view\">\n\t\t<figure>\n\t\t\t<img decoding=\"async\" class=\"skip-lazy\" src=\"https:\/\/www.aarquiteta.com.br\/blog\/wp-content\/uploads\/2019\/10\/banheiro_com_pia_branca_e_torneira_dourada.jpg\" alt=\"banheiro_com_pia_branca_e_torneira_dourada\" width=\"1060\" height=\"1292\" title=\"\">\t\t<\/figure>\n\t<\/a>\n\t\t<\/div>\n<\/div>\n\t<div class=\"swiper-slide\">\n\t<div class=\"wpcp-single-item\">\n\t\t\t<a class=\"wcp-light-box\" data-buttons='[\"close\"]' data-wpc_url='https:\/\/www.aarquiteta.com.br\/blog\/wp-content\/uploads\/2019\/09\/pia_com_acess\u00f3rios.jpg' href=\"https:\/\/www.aarquiteta.com.br\/blog\/wp-content\/uploads\/2019\/09\/pia_com_acess\u00f3rios.jpg\" data-fancybox=\"wpcp_view\">\n\t\t<figure>\n\t\t\t<img decoding=\"async\" class=\"skip-lazy\" src=\"https:\/\/www.aarquiteta.com.br\/blog\/wp-content\/uploads\/2019\/09\/pia_com_acess\u00f3rios.jpg\" alt=\"pia_com_acess\u00f3rios\" width=\"1051\" height=\"761\" title=\"\">\t\t<\/figure>\n\t<\/a>\n\t\t<\/div>\n<\/div>\n\t\t\t<\/div>\n\t\t\t\t\t<div class=\"wpcp-swiper-dots swiper-pagination\"><\/div>\n\t\t\t\t<!-- If we need navigation buttons -->\n\t\t\t<\/div>\n\t<\/div>\n<\/div>\n\nEm uma cozinha compacta, cada pe\u00e7a de mob\u00edlia precisa ser <b>funcional e vers\u00e1til<\/b>. Por isso, aposte em m\u00f3veis multifuncionais que possam desempenhar v\u00e1rias tarefas ao mesmo tempo. Uma mesa dobr\u00e1vel, por exemplo, pode ser usada tanto para refei\u00e7\u00f5es quanto como uma \u00e1rea de trabalho adicional quando necess\u00e1rio.<\/p>\n<p>Outra op\u00e7\u00e3o incr\u00edvel s\u00e3o os bancos ou banquetas com compartimentos de armazenamento embutidos. Eles n\u00e3o apenas fornecem um lugar para sentar, mas tamb\u00e9m um espa\u00e7o extra para guardar itens de cozinha. Criatividade \u00e9 a chave para aproveitar ao m\u00e1ximo cada cent\u00edmetro dispon\u00edvel!<\/p>\n<h3>Ilumina\u00e7\u00e3o estrat\u00e9gica<\/h3>\n<p>A ilumina\u00e7\u00e3o desempenha um papel fundamental na decora\u00e7\u00e3o de cozinhas pequenas. <b>Luzes bem posicionadas<\/b> podem criar a ilus\u00e3o de amplitude e real\u00e7ar os detalhes mais bonitos do ambiente. Aposte em lumin\u00e1rias de teto, luzes embutidas sob os arm\u00e1rios e at\u00e9 mesmo fitas de LED para iluminar os cantos mais escuros.<\/p>\n<p>Al\u00e9m disso, n\u00e3o se esque\u00e7a de aproveitar a luz natural sempre que poss\u00edvel. Cortinas leves e janelas amplas permitem que a claridade exterior entre, tornando o espa\u00e7o mais acolhedor e convidativo. Uma boa ilumina\u00e7\u00e3o pode fazer toda a diferen\u00e7a na atmosfera da sua pequena cozinha.<\/p>\n<h3>Utiliza\u00e7\u00e3o de espelhos<\/h3>\n<figure style=\"width: 1024px\" class=\"wp-caption aligncenter\"><img decoding=\"async\" src=\"https:\/\/www.aarquiteta.com.br\/blog\/wp-content\/uploads\/2024\/05\/sete-solucoes-decorar-cozinhas-pequenas-estilos-encantadores02.jpg\" alt=\"7 Solu\u00e7\u00f5es para Decorar Cozinhas Pequenas com Estilos Encantadores, Economizando\" width=\"1024\" height=\"1024\" title=\"\"><figcaption class=\"wp-caption-text\">7 Solu\u00e7\u00f5es para Decorar Cozinhas Pequenas com Estilos Encantadores, Economizando<\/figcaption><\/figure>\nOs espelhos s\u00e3o verdadeiros aliados quando se trata de <b>ampliar visualmente um espa\u00e7o reduzido<\/b>. Ao refletir a luz e criar a ilus\u00e3o de profundidade, eles t\u00eam o poder de transformar a apar\u00eancia da sua cozinha compacta.<\/p>\n<p>Experimente posicionar um espelho grande em uma parede estrat\u00e9gica ou at\u00e9 mesmo instalar pain\u00e9is espelhados em arm\u00e1rios. Voc\u00ea ficar\u00e1 surpreso com o efeito ilus\u00f3rio de amplitude que eles podem criar. Al\u00e9m disso, os espelhos tamb\u00e9m adicionam um toque de sofistica\u00e7\u00e3o \u00e0 decora\u00e7\u00e3o, tornando-a mais elegante e charmosa.<\/p>\n<h3>Organiza\u00e7\u00e3o com prateleiras<\/h3>\n<figure style=\"width: 1024px\" class=\"wp-caption aligncenter\"><img decoding=\"async\" src=\"https:\/\/www.aarquiteta.com.br\/blog\/wp-content\/uploads\/2024\/05\/sete-solucoes-decorar-cozinhas-pequenas-estilos-encantadores01.jpg\" alt=\"7 Solu\u00e7\u00f5es para Decorar Cozinhas Pequenas com Estilos Encantadores, Economizando\" width=\"1024\" height=\"1024\" title=\"\"><figcaption class=\"wp-caption-text\">7 Solu\u00e7\u00f5es para Decorar Cozinhas Pequenas com Estilos Encantadores, Economizando<\/figcaption><\/figure>\nManter uma cozinha pequena organizada \u00e9 essencial para evitar a sensa\u00e7\u00e3o de desordem e desconforto. E <b>nada melhor do que investir em prateleiras<\/b> para manter tudo em ordem. Elas n\u00e3o apenas fornecem espa\u00e7o de armazenamento adicional, mas tamb\u00e9m podem ser transformadas em verdadeiros elementos decorativos.<\/p>\n<p>Prateleiras abertas exibindo seus utens\u00edlios de cozinha favoritos ou uma cole\u00e7\u00e3o de potes de cer\u00e2mica criam um visual aconchegante e personalizado. Al\u00e9m disso, voc\u00ea pode brincar com diferentes materiais, como madeira, metal ou at\u00e9 mesmo corda, para adicionar texturas interessantes \u00e0 decora\u00e7\u00e3o.<\/p>\n<h3>Toques de personalidade com objetos decorativos<\/h3>\n<p>Por fim, n\u00e3o se esque\u00e7a de <b>adicionar toques de personalidade<\/b> \u00e0 sua cozinha pequena. Objetos decorativos, como vasos, quadros ou at\u00e9 mesmo uma pequena horta em um vaso, podem dar vida e charme ao ambiente.<\/p>\n<p>Lembre-se de escolher itens que reflitam seu estilo e gostos pessoais. Uma antiga cafeteira vintage, por exemplo, pode ser um lindo complemento para uma cozinha r\u00fastica. Ou ent\u00e3o, uma escultura moderna pode trazer um toque de sofistica\u00e7\u00e3o a um espa\u00e7o minimalista.<\/p>\n<p><Conclus\u00e3o><br \/>\nDecorar uma cozinha pequena pode ser um verdadeiro desafio, mas com criatividade e algumas estrat\u00e9gias inteligentes, \u00e9 poss\u00edvel transformar esse espa\u00e7o limitado em um cantinho encantador e funcional. Lembre-se de <b>aproveitar cada cent\u00edmetro dispon\u00edvel<\/b>, explorar cores claras, investir em m\u00f3veis multifuncionais e n\u00e3o ter medo de adicionar toques de personalidade. Com as dicas apresentadas neste artigo, voc\u00ea ter\u00e1 todas as ferramentas necess\u00e1rias para criar uma cozinha compacta e charmosa, capaz de impressionar at\u00e9 os convidados mais exigentes!<\/p>\n<h3>Perguntas Frequentes<\/h3>\n<h3>Assista agora a minha recomenda\u00e7\u00e3o de video abaixo sobre o tema que estamos tratando neste artigo: <\/h3>\n<p><div class=\"youtube-embed\" data-video_id=\"SMRp8uP4kvs\"><iframe title=\"7 SOLU\u00c7\u00d5ES para  DECORAR COZINHA PLANEJADA SEM ERROS\" width=\"696\" height=\"392\" src=\"https:\/\/www.youtube.com\/embed\/SMRp8uP4kvs?feature=oembed&#038;enablejsapi=1\" frameborder=\"0\" allow=\"accelerometer; autoplay; clipboard-write; encrypted-media; gyroscope; picture-in-picture; web-share\" referrerpolicy=\"strict-origin-when-cross-origin\" allowfullscreen><\/iframe><\/div>\n<\/p>\n<p style=\"text-align: center;\">[amazon table=&#8221;82992&#8243;]\n","protected":false},"excerpt":{"rendered":"<p>7 Solu\u00e7\u00f5es para Decorar Cozinhas Pequenas com Estilos Encantadores, Economizando<\/p>\n","protected":false},"author":102,"featured_media":113354,"comment_status":"closed","ping_status":"closed","sticky":false,"template":"","format":"standard","meta":{"footnotes":""},"categories":[1484],"tags":[],"class_list":["post-113357","post","type-post","status-publish","format-standard","has-post-thumbnail","category-decoracao"],"_wp_attached_file":null,"_wp_attachment_metadata":null,"_wp_attachment_context":null,"_wp_attachment_is_custom_header":null,"geo_longitude":null,"geo_public":null,"geo_latitude":null,"_publicize_done_external":null,"_wpas_done_3897181":null,"publicize_twitter_user":null,"_wpas_done_3897175":null,"_wpas_skip_3897181":null,"_wpas_skip_3897175":null,"_wpas_skip_3924723":null,"_wpas_mess":null,"_wpas_done_3924723":null,"wps_subtitle":"","_links":{"self":[{"href":"https:\/\/www.aarquiteta.com.br\/blog\/wp-json\/wp\/v2\/posts\/113357","targetHints":{"allow":["GET"]}}],"collection":[{"href":"https:\/\/www.aarquiteta.com.br\/blog\/wp-json\/wp\/v2\/posts"}],"about":[{"href":"https:\/\/www.aarquiteta.com.br\/blog\/wp-json\/wp\/v2\/types\/post"}],"author":[{"embeddable":true,"href":"https:\/\/www.aarquiteta.com.br\/blog\/wp-json\/wp\/v2\/users\/102"}],"replies":[{"embeddable":true,"href":"https:\/\/www.aarquiteta.com.br\/blog\/wp-json\/wp\/v2\/comments?post=113357"}],"version-history":[{"count":0,"href":"https:\/\/www.aarquiteta.com.br\/blog\/wp-json\/wp\/v2\/posts\/113357\/revisions"}],"wp:featuredmedia":[{"embeddable":true,"href":"https:\/\/www.aarquiteta.com.br\/blog\/wp-json\/wp\/v2\/media\/113354"}],"wp:attachment":[{"href":"https:\/\/www.aarquiteta.com.br\/blog\/wp-json\/wp\/v2\/media?parent=113357"}],"wp:term":[{"taxonomy":"category","embeddable":true,"href":"https:\/\/www.aarquiteta.com.br\/blog\/wp-json\/wp\/v2\/categories?post=113357"},{"taxonomy":"post_tag","embeddable":true,"href":"https:\/\/www.aarquiteta.com.br\/blog\/wp-json\/wp\/v2\/tags?post=113357"}],"curies":[{"name":"wp","href":"https:\/\/api.w.org\/{rel}","templated":true}]}}