{"id":113270,"date":"2024-05-15T18:05:02","date_gmt":"2024-05-15T21:05:02","guid":{"rendered":"https:\/\/www.aarquiteta.com.br\/blog\/6-solucoes-para-maximizar-seu-espaco-com-armarios-de-cozinha-planejados\/"},"modified":"2024-07-03T15:57:15","modified_gmt":"2024-07-03T18:57:15","slug":"6-solucoes-para-maximizar-seu-espaco-com-armarios-de-cozinha-planejados","status":"publish","type":"post","link":"https:\/\/www.aarquiteta.com.br\/blog\/6-solucoes-para-maximizar-seu-espaco-com-armarios-de-cozinha-planejados\/","title":{"rendered":"6 Solu\u00e7\u00f5es para Maximizar seu Espa\u00e7o com Arm\u00e1rios de Cozinha Planejados"},"content":{"rendered":"<p>Aproveitar ao m\u00e1ximo cada cent\u00edmetro quadrado em uma cozinha pode ser um desafio, principalmente em espa\u00e7os menores. \u00c9 a\u00ed que entram os arm\u00e1rios de cozinha planejados, uma solu\u00e7\u00e3o inteligente e personalizada para otimizar o armazenamento e a organiza\u00e7\u00e3o. Antes de mergulharmos nesse universo, vamos destacar os principais t\u00f3picos que ser\u00e3o abordados:<\/p>\n<ul>\n<li><b>Por que escolher arm\u00e1rios de cozinha planejados:<\/b> Descubra as vantagens da personaliza\u00e7\u00e3o, do melhor aproveitamento do espa\u00e7o e da durabilidade superior.<\/li>\n<li><b>Dicas para otimizar o espa\u00e7o com arm\u00e1rios planejados:<\/b> Aprenda estrat\u00e9gias pr\u00e1ticas, como escolher arm\u00e1rios at\u00e9 o teto, utilizar prateleiras deslizantes, apostar em gavetas organizadoras e solu\u00e7\u00f5es inteligentes para cantos.<\/li>\n<li><b>Cores e materiais ideais:<\/b> Explore op\u00e7\u00f5es de cores claras para ambientes pequenos, materiais dur\u00e1veis e f\u00e1ceis de limpar, al\u00e9m de acabamentos que combinem com a decora\u00e7\u00e3o.<\/li>\n<li><b>Como manter a organiza\u00e7\u00e3o:<\/b> Descubra rotinas de limpeza e organiza\u00e7\u00e3o, a import\u00e2ncia de organizadores internos e o descarte regular de itens desnecess\u00e1rios.<\/li>\n<li><b>Vantagens de investir em arm\u00e1rios planejados:<\/b> Entenda por que vale a pena optar por essa solu\u00e7\u00e3o, que proporciona melhor aproveitamento do espa\u00e7o, maior durabilidade e valoriza\u00e7\u00e3o do im\u00f3vel.<\/li>\n<li><b>Cuidados na escolha e instala\u00e7\u00e3o:<\/b> Saiba como contratar profissionais especializados, verificar a reputa\u00e7\u00e3o da empresa fornecedora e garantir a qualidade dos materiais utilizados.<\/li>\n<\/ul>\n<p>Preparado para embarcar nessa jornada em busca da cozinha dos seus sonhos? Ent\u00e3o, vamos l\u00e1!<\/p>\n<h3>Por que escolher arm\u00e1rios de cozinha planejados?<\/h3>\n<p>Em um mundo onde cada cent\u00edmetro quadrado conta, os arm\u00e1rios de cozinha planejados surgem como uma solu\u00e7\u00e3o brilhante. <b>Imaginem um ambiente totalmente personalizado \u00e0s suas necessidades<\/b>, onde cada espa\u00e7o \u00e9 aproveitado de forma inteligente e funcional. Essa \u00e9 a principal vantagem desse tipo de arm\u00e1rio: <b>a customiza\u00e7\u00e3o completa<\/b>.<\/p>\n<p>Ao contr\u00e1rio dos arm\u00e1rios convencionais, que geralmente seguem medidas padr\u00e3o, os arm\u00e1rios planejados s\u00e3o projetados sob medida para o seu espa\u00e7o espec\u00edfico. Isso significa que <b>n\u00e3o haver\u00e1 desperd\u00edcio de espa\u00e7o<\/b>, e cada cantinho poder\u00e1 ser utilizado de forma pr\u00e1tica e eficiente.<\/p>\n<p>Al\u00e9m disso, os arm\u00e1rios planejados s\u00e3o conhecidos por sua <b>durabilidade superior<\/b>. Ao contratar uma empresa especializada, voc\u00ea ter\u00e1 acesso a materiais de alta qualidade e um trabalho profissional, garantindo que seus arm\u00e1rios resistir\u00e3o ao uso di\u00e1rio por muitos anos.<\/p>\n<h3>Dicas para otimizar o espa\u00e7o com arm\u00e1rios planejados<\/h3>\n<figure style=\"width: 1024px\" class=\"wp-caption aligncenter\"><img decoding=\"async\" src=\"https:\/\/www.aarquiteta.com.br\/blog\/wp-content\/uploads\/2024\/05\/seis-solucoes-maximizar-espaco-com-armarios-cozinha-planejados04.jpg\" alt=\"6 Solu\u00e7\u00f5es para Maximizar seu Espa\u00e7o com Arm\u00e1rios de Cozinha Planejados\" width=\"1024\" height=\"1024\" title=\"\"><figcaption class=\"wp-caption-text\">6 Solu\u00e7\u00f5es para Maximizar seu Espa\u00e7o com Arm\u00e1rios de Cozinha Planejados<\/figcaption><\/figure>\n<p>Agora que voc\u00ea j\u00e1 conhece as principais vantagens dos arm\u00e1rios de cozinha planejados, \u00e9 hora de explorar algumas dicas pr\u00e1ticas para <b>maximizar o aproveitamento do espa\u00e7o<\/b>. Afinal, essa \u00e9 a chave para uma cozinha organizada e funcional.<\/p>\n<ol>\n<li><b>Escolha arm\u00e1rios at\u00e9 o teto:<\/b> Por que perder espa\u00e7o precioso? Aproveite cada cent\u00edmetro e opte por arm\u00e1rios que v\u00e3o at\u00e9 o teto. Essa \u00e9 uma excelente forma de ganhar mais \u00e1reas de armazenamento.<\/li>\n<li><b>Utilize prateleiras deslizantes:<\/b> Essas prateleiras m\u00e1gicas facilitam o acesso a todos os itens, evitando aquela bagun\u00e7a no fundo dos arm\u00e1rios. Com um simples movimento, voc\u00ea ter\u00e1 tudo ao seu alcance.<\/li>\n<li><b>Aposte em gavetas organizadoras:<\/b> Nada mais pr\u00e1tico do que ter gavetas divididas em compartimentos para separar talheres, utens\u00edlios de cozinha e at\u00e9 temperos. Essa \u00e9 uma \u00f3tima maneira de manter tudo organizado e \u00e0 m\u00e3o.<\/li>\n<li><b>Aproveite cantos com solu\u00e7\u00f5es inteligentes:<\/b> Os cantos costumam ser \u00e1reas problem\u00e1ticas em cozinhas, mas n\u00e3o com os arm\u00e1rios planejados. Existem solu\u00e7\u00f5es criativas, como prateleiras girat\u00f3rias e aramados especiais, que transformam esses espa\u00e7os em \u00e1reas de armazenamento eficientes.<\/li>\n<li><b>Invista em portas de correr:<\/b> Se voc\u00ea est\u00e1 lidando com um espa\u00e7o reduzido, as portas de correr podem ser uma excelente op\u00e7\u00e3o. Elas economizam espa\u00e7o e facilitam o acesso aos arm\u00e1rios, tornando sua cozinha mais funcional.<\/li>\n<\/ol>\n<h3>Cores e materiais ideais para arm\u00e1rios planejados<\/h3>\n<p>Al\u00e9m da funcionalidade, a est\u00e9tica tamb\u00e9m \u00e9 um fator importante a ser considerado na escolha dos arm\u00e1rios de cozinha planejados. <b>A combina\u00e7\u00e3o certa de cores e materiais pode fazer toda a diferen\u00e7a<\/b> na cria\u00e7\u00e3o de um ambiente acolhedor e harmonioso.<\/p>\n<p>Para ambientes menores, as <b>cores claras<\/b> s\u00e3o sempre uma \u00f3tima op\u00e7\u00e3o. Elas ajudam a ampliar visualmente o espa\u00e7o e transmitem uma sensa\u00e7\u00e3o de leveza. Pense em tons suaves de branco, bege ou cinza claro.<\/p>\n<p>Quando o assunto \u00e9 materiais, <b>a durabilidade e facilidade de limpeza<\/b> devem ser prioridades. Op\u00e7\u00f5es como madeira laminada, MDF ou a\u00e7o inoxid\u00e1vel s\u00e3o excelentes escolhas. Lembre-se de que a cozinha \u00e9 um ambiente com muita atividade, ent\u00e3o \u00e9 importante investir em materiais resistentes e de f\u00e1cil manuten\u00e7\u00e3o.<\/p>\n<p>Por fim, n\u00e3o se esque\u00e7a de <b>harmonizar os arm\u00e1rios com a decora\u00e7\u00e3o geral<\/b> da sua cozinha. Escolha acabamentos e texturas que combinem com o estilo que voc\u00ea deseja criar, seja ele mais moderno, r\u00fastico ou cl\u00e1ssico.<\/p>\n<h3>Como manter seus arm\u00e1rios planejados organizados<\/h3>\n<style id=\"wp_carousel_dynamic_css102759\">.sp-wp-carousel-free-id-102759.wpcf-fancybox-wrapper .fancybox-bg{background: #0b0b0b;opacity: 0.8;}.sp-wp-carousel-free-id-102759.wpcf-fancybox-wrapper .fancybox-navigation .fancybox-button .wpcp-fancybox-nav-arrow i {color: #ccc;}.sp-wp-carousel-free-id-102759.wpcf-fancybox-wrapper .fancybox-navigation .fancybox-button .wpcp-fancybox-nav-arrow i:hover {color: #fff;}.sp-wp-carousel-free-id-102759.wpcf-fancybox-wrapper .fancybox-navigation .fancybox-button {background: #1e1e1e;}.sp-wp-carousel-free-id-102759.wpcf-fancybox-wrapper .fancybox-navigation .fancybox-button:hover {background: #1e1e1e;}#sp-wp-carousel-free-id-102759 .wpcp-swiper-dots {margin: 40px 0px 0px 0px;}.wpcp-wrapper-102759 .swiper-wrapper .swiper-slide-kenburn, .wpcp-wrapper-102759 .swiper-wrapper, .wpcp-wrapper-102759 .wpcpro-row{align-items: center;}#sp-wp-carousel-free-id-102759 .wpcp-single-item {box-shadow: 0px 0px 0px 0px #dddddd;transition: all .3s;margin: 0px;}#sp-wp-carousel-free-id-102759.swiper-flip .wpcp-single-item{margin: 0!important;}#sp-wp-carousel-free-id-102759 .wpcp-single-item:hover {box-shadow: 0px 0px 0px 0px #dddddd;}#sp-wp-carousel-free-id-102759.sp-wpcp-102759 .wpcp-single-item {border: 1px solid #dddddd;}#sp-wp-carousel-free-id-102759.sp-wpcp-102759 .swiper-button-prev,#sp-wp-carousel-free-id-102759.sp-wpcp-102759 .swiper-button-next,#sp-wp-carousel-free-id-102759.sp-wpcp-102759 .swiper-button-prev:hover,#sp-wp-carousel-free-id-102759.sp-wpcp-102759 .swiper-button-next:hover {background: none;border: none;font-size: 30px;}#sp-wp-carousel-free-id-102759.sp-wpcp-102759 .swiper-button-prev i,#sp-wp-carousel-free-id-102759.sp-wpcp-102759 .swiper-button-next i {color: #aaa;}#sp-wp-carousel-free-id-102759.sp-wpcp-102759 .swiper-button-prev i:hover,#sp-wp-carousel-free-id-102759.sp-wpcp-102759 .swiper-button-next i:hover {color: #178087;}#sp-wp-carousel-free-id-102759.sp-wpcp-102759 .wpcp-swiper-dots .swiper-pagination-bullet {background-color: #cccccc;}#sp-wp-carousel-free-id-102759.sp-wpcp-102759 .wpcp-swiper-dots .swiper-pagination-bullet.swiper-pagination-bullet-active {background-color: #178087;} #sp-wp-carousel-free-id-102759.sp-wpcp-102759.wpcp-image-carousel .wpcp-single-item:hover img, #sp-wp-carousel-free-id-102759.sp-wpcp-102759.wpcp-post-carousel .wpcp-single-item:hover img, #sp-wp-carousel-free-id-102759.sp-wpcp-102759.wpcp-product-carousel .wpcp-single-item:hover img{-webkit-transform: scale(1.2);-moz-transform: scale(1.2);transform: scale(1.2);}#sp-wp-carousel-free-id-102759 .wpcpro-row>[class*=\"wpcpro-col-\"] { padding: 0 10px; padding-bottom: 20px;} #sp-wp-carousel-free-id-102759 .swiper-slide .single-item-fade:not(:last-child) { margin-right: 20px;}@media (min-width: 480px) { .wpcpro-row .wpcpro-col-sm-1 { flex: 0 0 100%; max-width: 100%; } .wpcpro-row .wpcpro-col-sm-2 { flex: 0 0 50%; max-width: 50%; } .wpcpro-row .wpcpro-col-sm-2-5 { flex: 0 0 75%; max-width: 75%; } .wpcpro-row .wpcpro-col-sm-3 { flex: 0 0 33.333%; max-width: 33.333%; } .wpcpro-row .wpcpro-col-sm-4 { flex: 0 0 25%; max-width: 25%; } .wpcpro-row .wpcpro-col-sm-5 { flex: 0 0 20%; max-width: 20%; } .wpcpro-row .wpcpro-col-sm-6 { flex: 0 0 16.66666666666667%; max-width: 16.66666666666667%; } .wpcpro-row .wpcpro-col-sm-7 { flex: 0 0 14.28571428%; max-width: 14.28571428%; } .wpcpro-row .wpcpro-col-sm-8 { flex: 0 0 12.5%; max-width: 12.5%; } } @media (max-width: 480px) { .wpcpro-row .wpcpro-col-xs-1 { flex: 0 0 100%; max-width: 100%; } .wpcpro-row .wpcpro-col-xs-2 { flex: 0 0 50%; max-width: 50%; } .wpcpro-row .wpcpro-col-xs-3 { flex: 0 0 33.222%; max-width: 33.222%; } .wpcpro-row .wpcpro-col-xs-4 { flex: 0 0 25%; max-width: 25%; } .wpcpro-row .wpcpro-col-xs-5 { flex: 0 0 20%; max-width: 20%; } .wpcpro-row .wpcpro-col-xs-6 { flex: 0 0 16.6667%; max-width: 16.6667%; } .wpcpro-row .wpcpro-col-xs-7 { flex: 0 0 14.28571428%; max-width: 14.28571428%; } .wpcpro-row .wpcpro-col-xs-8 { flex: 0 0 12.5%; max-width: 12.5%; } } @media (min-width: 736px) { .wpcpro-row .wpcpro-col-md-1 { flex: 0 0 100%; max-width: 100%; } .wpcpro-row .wpcpro-col-md-2 { flex: 0 0 50%; max-width: 50%; } .wpcpro-row .wpcpro-col-md-2-5 { flex: 0 0 75%; max-width: 75%; } .wpcpro-row .wpcpro-col-md-3 { flex: 0 0 33.333%; max-width: 33.333%; } .wpcpro-row .wpcpro-col-md-4 { flex: 0 0 25%; max-width: 25%; } .wpcpro-row .wpcpro-col-md-5 { flex: 0 0 20%; max-width: 20%; } .wpcpro-row .wpcpro-col-md-6 { flex: 0 0 16.66666666666667%; max-width: 16.66666666666667%; } .wpcpro-row .wpcpro-col-md-7 { flex: 0 0 14.28571428%; max-width: 14.28571428%; } .wpcpro-row .wpcpro-col-md-8 { flex: 0 0 12.5%; max-width: 12.5%; } } @media (min-width: 980px) { .wpcpro-row .wpcpro-col-lg-1 { flex: 0 0 100%; max-width: 100%; } .wpcpro-row .wpcpro-col-lg-2 { flex: 0 0 50%; max-width: 50%; } .wpcpro-row .wpcpro-col-lg-3 { flex: 0 0 33.222%; max-width: 33.222%; } .wpcpro-row .wpcpro-col-lg-4 { flex: 0 0 25%; max-width: 25%; } .wpcpro-row .wpcpro-col-lg-5 { flex: 0 0 20%; max-width: 20%; } .wpcpro-row .wpcpro-col-lg-6 { flex: 0 0 16.6667%; max-width: 16.6667%; } .wpcpro-row .wpcpro-col-lg-7 { flex: 0 0 14.28571428%; max-width: 14.28571428%; } .wpcpro-row .wpcpro-col-lg-8 { flex: 0 0 12.5%; max-width: 12.5%; } } @media (min-width: 1200px) { .wpcpro-row .wpcpro-col-xl-1 { flex: 0 0 100%; max-width: 100%; } .wpcpro-row .wpcpro-col-xl-2 { flex: 0 0 50%; max-width: 50%; } .wpcpro-row .wpcpro-col-xl-3 { flex: 0 0 33.22222222%; max-width: 33.22222222%; } .wpcpro-row .wpcpro-col-xl-4 { flex: 0 0 25%; max-width: 25%; } .wpcpro-row .wpcpro-col-xl-5 { flex: 0 0 20%; max-width: 20%; } .wpcpro-row .wpcpro-col-xl-6 { flex: 0 0 16.66667%; max-width: 16.66667%; } .wpcpro-row .wpcpro-col-xl-7 { flex: 0 0 14.28571428%; max-width: 14.28571428%; } .wpcpro-row .wpcpro-col-xl-8 { flex: 0 0 12.5%; max-width: 12.5%; } }<\/style><div class=\"wpcp-carousel-wrapper wpcp-wrapper-102759\">\n\t<div id=\"wpcp-preloader-102759\" class=\"wpcp-carousel-preloader\"><img decoding=\"async\" src=\"https:\/\/www.aarquiteta.com.br\/blog\/wp-content\/plugins\/wp-carousel-free\/public\/css\/spinner.svg\" alt=\"Preloader Image\" title=\"\"><\/div>\t<div class=\"wpcp-carousel-content-wrapper\">\n\t<div id=\"sp-wp-carousel-free-id-102759\" class=\"wpcp-carousel-section sp-wpcp-102759  nav-vertical-center wpcp-image-carousel wpcp-preloader wpcp-standard\" data-swiper='{ &quot;pagination_type&quot;: &quot;dots&quot;,&quot;accessibility&quot;:true, &quot;spaceBetween&quot;:20, &quot;arrows&quot;:false, &quot;freeMode&quot;: false, &quot;autoplay&quot;:true, &quot;effect&quot;: &quot;&quot;, &quot;centerMode&quot;: false, &quot;autoplaySpeed&quot;:3000, &quot;dots&quot;:true, &quot;infinite&quot;:true, &quot;speed&quot;:600, &quot;pauseOnHover&quot;:true,\n\t\t\t&quot;slidesToShow&quot;:{&quot;lg_desktop&quot;:5, &quot;desktop&quot;: 4, &quot;laptop&quot;: 3, &quot;tablet&quot;: 2, &quot;mobile&quot;: 1}, &quot;responsive&quot;:{&quot;desktop&quot;:1200, &quot;laptop&quot;: 980, &quot;tablet&quot;: 736, &quot;mobile&quot;: 480}, &quot;rtl&quot;:false, &quot;lazyLoad&quot;: &quot;false&quot;, &quot;swipe&quot;: true, &quot;draggable&quot;: true, &quot;swipeToSlide&quot;:false }' dir=\"ltr\">\n\t\t<div class=\"swiper-wrapper\">\n\t\t<div class=\"swiper-slide\">\n\t<div class=\"wpcp-single-item\">\n\t\t\t<a class=\"wcp-light-box\" data-buttons='[\"close\"]' data-wpc_url='https:\/\/www.aarquiteta.com.br\/blog\/wp-content\/uploads\/2023\/12\/Otimizando-Cozinhas-Pequenas-Projetos-Funcionais-e-Modernos-01.jpg' href=\"https:\/\/www.aarquiteta.com.br\/blog\/wp-content\/uploads\/2023\/12\/Otimizando-Cozinhas-Pequenas-Projetos-Funcionais-e-Modernos-01.jpg\" data-fancybox=\"wpcp_view\">\n\t\t<figure>\n\t\t\t<img decoding=\"async\" class=\"skip-lazy\" src=\"https:\/\/www.aarquiteta.com.br\/blog\/wp-content\/uploads\/2023\/12\/Otimizando-Cozinhas-Pequenas-Projetos-Funcionais-e-Modernos-01.jpg\" alt=\"Otimizando Cozinhas Pequenas: Projetos Funcionais e Modernos\" width=\"1024\" height=\"1024\" title=\"\">\t\t<\/figure>\n\t<\/a>\n\t\t<\/div>\n<\/div>\n\t<div class=\"swiper-slide\">\n\t<div class=\"wpcp-single-item\">\n\t\t\t<a class=\"wcp-light-box\" data-buttons='[\"close\"]' data-wpc_url='https:\/\/www.aarquiteta.com.br\/blog\/wp-content\/uploads\/2023\/12\/Otimizando-Cozinhas-Pequenas-Projetos-Funcionais-e-Modernos-04.jpg' href=\"https:\/\/www.aarquiteta.com.br\/blog\/wp-content\/uploads\/2023\/12\/Otimizando-Cozinhas-Pequenas-Projetos-Funcionais-e-Modernos-04.jpg\" data-fancybox=\"wpcp_view\">\n\t\t<figure>\n\t\t\t<img decoding=\"async\" class=\"skip-lazy\" src=\"https:\/\/www.aarquiteta.com.br\/blog\/wp-content\/uploads\/2023\/12\/Otimizando-Cozinhas-Pequenas-Projetos-Funcionais-e-Modernos-04.jpg\" alt=\"Otimizando Cozinhas Pequenas: Projetos Funcionais e Modernos\" width=\"1024\" height=\"1024\" title=\"\">\t\t<\/figure>\n\t<\/a>\n\t\t<\/div>\n<\/div>\n\t<div class=\"swiper-slide\">\n\t<div class=\"wpcp-single-item\">\n\t\t\t<a class=\"wcp-light-box\" data-buttons='[\"close\"]' data-wpc_url='https:\/\/www.aarquiteta.com.br\/blog\/wp-content\/uploads\/2023\/11\/pendentes-para-cozinha01.jpg' href=\"https:\/\/www.aarquiteta.com.br\/blog\/wp-content\/uploads\/2023\/11\/pendentes-para-cozinha01.jpg\" data-fancybox=\"wpcp_view\">\n\t\t<figure>\n\t\t\t<img decoding=\"async\" class=\"skip-lazy\" src=\"https:\/\/www.aarquiteta.com.br\/blog\/wp-content\/uploads\/2023\/11\/pendentes-para-cozinha01.jpg\" alt=\"pendentes para cozinha\" width=\"1024\" height=\"1024\" title=\"\">\t\t<\/figure>\n\t<\/a>\n\t\t<\/div>\n<\/div>\n\t<div class=\"swiper-slide\">\n\t<div class=\"wpcp-single-item\">\n\t\t\t<a class=\"wcp-light-box\" data-buttons='[\"close\"]' data-wpc_url='https:\/\/www.aarquiteta.com.br\/blog\/wp-content\/uploads\/2023\/11\/5-dicas-para-decorar-a-parede-da-sua-cozinha04.jpg' href=\"https:\/\/www.aarquiteta.com.br\/blog\/wp-content\/uploads\/2023\/11\/5-dicas-para-decorar-a-parede-da-sua-cozinha04.jpg\" data-fancybox=\"wpcp_view\">\n\t\t<figure>\n\t\t\t<img decoding=\"async\" class=\"skip-lazy\" src=\"https:\/\/www.aarquiteta.com.br\/blog\/wp-content\/uploads\/2023\/11\/5-dicas-para-decorar-a-parede-da-sua-cozinha04.jpg\" alt=\"5 dicas para decorar a parede da sua cozinha\" width=\"1024\" height=\"1024\" title=\"\">\t\t<\/figure>\n\t<\/a>\n\t\t<\/div>\n<\/div>\n\t<div class=\"swiper-slide\">\n\t<div class=\"wpcp-single-item\">\n\t\t\t<a class=\"wcp-light-box\" data-buttons='[\"close\"]' data-wpc_url='https:\/\/www.aarquiteta.com.br\/blog\/wp-content\/uploads\/2023\/11\/bancada-para-cozinha-pequena-01.jpg' href=\"https:\/\/www.aarquiteta.com.br\/blog\/wp-content\/uploads\/2023\/11\/bancada-para-cozinha-pequena-01.jpg\" data-fancybox=\"wpcp_view\">\n\t\t<figure>\n\t\t\t<img decoding=\"async\" class=\"skip-lazy\" src=\"https:\/\/www.aarquiteta.com.br\/blog\/wp-content\/uploads\/2023\/11\/bancada-para-cozinha-pequena-01.jpg\" alt=\"bancada para cozinha pequena\" width=\"1024\" height=\"1024\" title=\"\">\t\t<\/figure>\n\t<\/a>\n\t\t<\/div>\n<\/div>\n\t<div class=\"swiper-slide\">\n\t<div class=\"wpcp-single-item\">\n\t\t\t<a class=\"wcp-light-box\" data-buttons='[\"close\"]' data-wpc_url='https:\/\/www.aarquiteta.com.br\/blog\/wp-content\/uploads\/2023\/11\/cozinha-americana-7-ideias-para-criar-um-espao-simples-e-funcional6oot.jpg' href=\"https:\/\/www.aarquiteta.com.br\/blog\/wp-content\/uploads\/2023\/11\/cozinha-americana-7-ideias-para-criar-um-espao-simples-e-funcional6oot.jpg\" data-fancybox=\"wpcp_view\">\n\t\t<figure>\n\t\t\t<img decoding=\"async\" class=\"skip-lazy\" src=\"https:\/\/www.aarquiteta.com.br\/blog\/wp-content\/uploads\/2023\/11\/cozinha-americana-7-ideias-para-criar-um-espao-simples-e-funcional6oot.jpg\" alt=\"Cozinha Americana 7 Ideias para Criar um Espao Simples e Funcional\" width=\"1024\" height=\"768\" title=\"\">\t\t<\/figure>\n\t<\/a>\n\t\t<\/div>\n<\/div>\n\t<div class=\"swiper-slide\">\n\t<div class=\"wpcp-single-item\">\n\t\t\t<a class=\"wcp-light-box\" data-buttons='[\"close\"]' data-wpc_url='https:\/\/www.aarquiteta.com.br\/blog\/wp-content\/uploads\/2023\/11\/pastilhas-para-cozinha04.jpg' href=\"https:\/\/www.aarquiteta.com.br\/blog\/wp-content\/uploads\/2023\/11\/pastilhas-para-cozinha04.jpg\" data-fancybox=\"wpcp_view\">\n\t\t<figure>\n\t\t\t<img decoding=\"async\" class=\"skip-lazy\" src=\"https:\/\/www.aarquiteta.com.br\/blog\/wp-content\/uploads\/2023\/11\/pastilhas-para-cozinha04.jpg\" alt=\"pastilhas para cozinha\" width=\"1024\" height=\"1024\" title=\"\">\t\t<\/figure>\n\t<\/a>\n\t\t<\/div>\n<\/div>\n\t<div class=\"swiper-slide\">\n\t<div class=\"wpcp-single-item\">\n\t\t\t<a class=\"wcp-light-box\" data-buttons='[\"close\"]' data-wpc_url='https:\/\/www.aarquiteta.com.br\/blog\/wp-content\/uploads\/2023\/10\/cozinha-rosa04.jpg' href=\"https:\/\/www.aarquiteta.com.br\/blog\/wp-content\/uploads\/2023\/10\/cozinha-rosa04.jpg\" data-fancybox=\"wpcp_view\">\n\t\t<figure>\n\t\t\t<img decoding=\"async\" class=\"skip-lazy\" src=\"https:\/\/www.aarquiteta.com.br\/blog\/wp-content\/uploads\/2023\/10\/cozinha-rosa04.jpg\" alt=\"cozinha rosa\" width=\"1024\" height=\"1024\" title=\"\">\t\t<\/figure>\n\t<\/a>\n\t\t<\/div>\n<\/div>\n\t<div class=\"swiper-slide\">\n\t<div class=\"wpcp-single-item\">\n\t\t\t<a class=\"wcp-light-box\" data-buttons='[\"close\"]' data-wpc_url='https:\/\/www.aarquiteta.com.br\/blog\/wp-content\/uploads\/2023\/10\/cozinha-rosa01.jpg' href=\"https:\/\/www.aarquiteta.com.br\/blog\/wp-content\/uploads\/2023\/10\/cozinha-rosa01.jpg\" data-fancybox=\"wpcp_view\">\n\t\t<figure>\n\t\t\t<img decoding=\"async\" class=\"skip-lazy\" src=\"https:\/\/www.aarquiteta.com.br\/blog\/wp-content\/uploads\/2023\/10\/cozinha-rosa01.jpg\" alt=\"**Inspire-se com a Cozinha Rosa: Dicas para Criar um Ambiente Charmoso e Aconchegante**\" width=\"1024\" height=\"1024\" title=\"\">\t\t<\/figure>\n\t<\/a>\n\t\t<\/div>\n<\/div>\n\t<div class=\"swiper-slide\">\n\t<div class=\"wpcp-single-item\">\n\t\t\t<a class=\"wcp-light-box\" data-buttons='[\"close\"]' data-wpc_url='https:\/\/www.aarquiteta.com.br\/blog\/wp-content\/uploads\/2023\/10\/cozinha-em-l02.jpg' href=\"https:\/\/www.aarquiteta.com.br\/blog\/wp-content\/uploads\/2023\/10\/cozinha-em-l02.jpg\" data-fancybox=\"wpcp_view\">\n\t\t<figure>\n\t\t\t<img decoding=\"async\" class=\"skip-lazy\" src=\"https:\/\/www.aarquiteta.com.br\/blog\/wp-content\/uploads\/2023\/10\/cozinha-em-l02.jpg\" alt=\"cozinha em l\" width=\"1024\" height=\"1024\" title=\"\">\t\t<\/figure>\n\t<\/a>\n\t\t<\/div>\n<\/div>\n\t<div class=\"swiper-slide\">\n\t<div class=\"wpcp-single-item\">\n\t\t\t<a class=\"wcp-light-box\" data-buttons='[\"close\"]' data-wpc_url='https:\/\/www.aarquiteta.com.br\/blog\/wp-content\/uploads\/2023\/10\/cozinha-modulada01.jpg' href=\"https:\/\/www.aarquiteta.com.br\/blog\/wp-content\/uploads\/2023\/10\/cozinha-modulada01.jpg\" data-fancybox=\"wpcp_view\">\n\t\t<figure>\n\t\t\t<img decoding=\"async\" class=\"skip-lazy\" src=\"https:\/\/www.aarquiteta.com.br\/blog\/wp-content\/uploads\/2023\/10\/cozinha-modulada01.jpg\" alt=\"cozinha modulada\" width=\"1024\" height=\"1024\" title=\"\">\t\t<\/figure>\n\t<\/a>\n\t\t<\/div>\n<\/div>\n\t<div class=\"swiper-slide\">\n\t<div class=\"wpcp-single-item\">\n\t\t\t<a class=\"wcp-light-box\" data-buttons='[\"close\"]' data-wpc_url='https:\/\/www.aarquiteta.com.br\/blog\/wp-content\/uploads\/2023\/10\/cozinha-modulada03.jpg' href=\"https:\/\/www.aarquiteta.com.br\/blog\/wp-content\/uploads\/2023\/10\/cozinha-modulada03.jpg\" data-fancybox=\"wpcp_view\">\n\t\t<figure>\n\t\t\t<img decoding=\"async\" class=\"skip-lazy\" src=\"https:\/\/www.aarquiteta.com.br\/blog\/wp-content\/uploads\/2023\/10\/cozinha-modulada03.jpg\" alt=\"cozinha modulada\" width=\"1024\" height=\"1024\" title=\"\">\t\t<\/figure>\n\t<\/a>\n\t\t<\/div>\n<\/div>\n\t<div class=\"swiper-slide\">\n\t<div class=\"wpcp-single-item\">\n\t\t\t<a class=\"wcp-light-box\" data-buttons='[\"close\"]' data-wpc_url='https:\/\/www.aarquiteta.com.br\/blog\/wp-content\/uploads\/2023\/10\/cozinha-planejada-com-ilha02.jpg' href=\"https:\/\/www.aarquiteta.com.br\/blog\/wp-content\/uploads\/2023\/10\/cozinha-planejada-com-ilha02.jpg\" data-fancybox=\"wpcp_view\">\n\t\t<figure>\n\t\t\t<img decoding=\"async\" class=\"skip-lazy\" src=\"https:\/\/www.aarquiteta.com.br\/blog\/wp-content\/uploads\/2023\/10\/cozinha-planejada-com-ilha02.jpg\" alt=\"cozinha planejada com ilha\" width=\"1024\" height=\"1024\" title=\"\">\t\t<\/figure>\n\t<\/a>\n\t\t<\/div>\n<\/div>\n\t<div class=\"swiper-slide\">\n\t<div class=\"wpcp-single-item\">\n\t\t\t<a class=\"wcp-light-box\" data-buttons='[\"close\"]' data-wpc_url='https:\/\/www.aarquiteta.com.br\/blog\/wp-content\/uploads\/2023\/09\/balcao-de-cozinha-bem-decorada.png' href=\"https:\/\/www.aarquiteta.com.br\/blog\/wp-content\/uploads\/2023\/09\/balcao-de-cozinha-bem-decorada.png\" data-fancybox=\"wpcp_view\">\n\t\t<figure>\n\t\t\t<img decoding=\"async\" class=\"skip-lazy\" src=\"https:\/\/www.aarquiteta.com.br\/blog\/wp-content\/uploads\/2023\/09\/balcao-de-cozinha-bem-decorada.png\" alt=\"balcao de cozinha bem decorada\" width=\"1024\" height=\"1024\" title=\"\">\t\t<\/figure>\n\t<\/a>\n\t\t<\/div>\n<\/div>\n\t<div class=\"swiper-slide\">\n\t<div class=\"wpcp-single-item\">\n\t\t\t<a class=\"wcp-light-box\" data-buttons='[\"close\"]' data-wpc_url='https:\/\/www.aarquiteta.com.br\/blog\/wp-content\/uploads\/2023\/08\/Cozinha-Pequena-5-Estrategias-para-Aproveitar-Cada-Centimetro.png' href=\"https:\/\/www.aarquiteta.com.br\/blog\/wp-content\/uploads\/2023\/08\/Cozinha-Pequena-5-Estrategias-para-Aproveitar-Cada-Centimetro.png\" data-fancybox=\"wpcp_view\">\n\t\t<figure>\n\t\t\t<img decoding=\"async\" class=\"skip-lazy\" src=\"https:\/\/www.aarquiteta.com.br\/blog\/wp-content\/uploads\/2023\/08\/Cozinha-Pequena-5-Estrategias-para-Aproveitar-Cada-Centimetro.png\" alt=\"Cozinha Pequena 5 Estrat\u00e9gias para Aproveitar Cada Cent\u00edmetro\" width=\"1024\" height=\"1024\" title=\"\">\t\t<\/figure>\n\t<\/a>\n\t\t<\/div>\n<\/div>\n\t<div class=\"swiper-slide\">\n\t<div class=\"wpcp-single-item\">\n\t\t\t<a class=\"wcp-light-box\" data-buttons='[\"close\"]' data-wpc_url='https:\/\/www.aarquiteta.com.br\/blog\/wp-content\/uploads\/2023\/07\/cores-para-parede-da-cozinha-1.png' href=\"https:\/\/www.aarquiteta.com.br\/blog\/wp-content\/uploads\/2023\/07\/cores-para-parede-da-cozinha-1.png\" data-fancybox=\"wpcp_view\">\n\t\t<figure>\n\t\t\t<img decoding=\"async\" class=\"skip-lazy\" src=\"https:\/\/www.aarquiteta.com.br\/blog\/wp-content\/uploads\/2023\/07\/cores-para-parede-da-cozinha-1.png\" alt=\"cores para parede da cozinha\" width=\"1024\" height=\"1024\" title=\"\">\t\t<\/figure>\n\t<\/a>\n\t\t<\/div>\n<\/div>\n\t<div class=\"swiper-slide\">\n\t<div class=\"wpcp-single-item\">\n\t\t\t<a class=\"wcp-light-box\" data-buttons='[\"close\"]' data-wpc_url='https:\/\/www.aarquiteta.com.br\/blog\/wp-content\/uploads\/2022\/12\/armario-de-cozinha-de-parede-1.jpg' href=\"https:\/\/www.aarquiteta.com.br\/blog\/wp-content\/uploads\/2022\/12\/armario-de-cozinha-de-parede-1.jpg\" data-fancybox=\"wpcp_view\">\n\t\t<figure>\n\t\t\t<img decoding=\"async\" class=\"skip-lazy\" src=\"https:\/\/www.aarquiteta.com.br\/blog\/wp-content\/uploads\/2022\/12\/armario-de-cozinha-de-parede-1.jpg\" alt=\"\" width=\"1000\" height=\"776\" title=\"\">\t\t<\/figure>\n\t<\/a>\n\t\t<\/div>\n<\/div>\n\t<div class=\"swiper-slide\">\n\t<div class=\"wpcp-single-item\">\n\t\t\t<a class=\"wcp-light-box\" data-buttons='[\"close\"]' data-wpc_url='https:\/\/www.aarquiteta.com.br\/blog\/wp-content\/uploads\/2023\/07\/como-decorar-sua-cozinha-no-estilo-mediterraneocu14.jpg-GX6I.jpg' href=\"https:\/\/www.aarquiteta.com.br\/blog\/wp-content\/uploads\/2023\/07\/como-decorar-sua-cozinha-no-estilo-mediterraneocu14.jpg-GX6I.jpg\" data-fancybox=\"wpcp_view\">\n\t\t<figure>\n\t\t\t<img decoding=\"async\" class=\"skip-lazy\" src=\"https:\/\/www.aarquiteta.com.br\/blog\/wp-content\/uploads\/2023\/07\/como-decorar-sua-cozinha-no-estilo-mediterraneocu14.jpg-GX6I.jpg\" alt=\"como-decorar-sua-cozinha-no-estilo-mediterraneocu14.jpg-GX6I\" width=\"900\" height=\"620\" title=\"\">\t\t<\/figure>\n\t<\/a>\n\t\t<\/div>\n<\/div>\n\t<div class=\"swiper-slide\">\n\t<div class=\"wpcp-single-item\">\n\t\t\t<a class=\"wcp-light-box\" data-buttons='[\"close\"]' data-wpc_url='https:\/\/www.aarquiteta.com.br\/blog\/wp-content\/uploads\/2023\/06\/Cozinha-pequena-de-apartamento-planejada-2.png' href=\"https:\/\/www.aarquiteta.com.br\/blog\/wp-content\/uploads\/2023\/06\/Cozinha-pequena-de-apartamento-planejada-2.png\" data-fancybox=\"wpcp_view\">\n\t\t<figure>\n\t\t\t<img decoding=\"async\" class=\"skip-lazy\" src=\"https:\/\/www.aarquiteta.com.br\/blog\/wp-content\/uploads\/2023\/06\/Cozinha-pequena-de-apartamento-planejada-2.png\" alt=\"Cozinha pequena de apartamento planejada\" width=\"1024\" height=\"1024\" title=\"\">\t\t<\/figure>\n\t<\/a>\n\t\t<\/div>\n<\/div>\n\t<div class=\"swiper-slide\">\n\t<div class=\"wpcp-single-item\">\n\t\t\t<a class=\"wcp-light-box\" data-buttons='[\"close\"]' data-wpc_url='https:\/\/www.aarquiteta.com.br\/blog\/wp-content\/uploads\/2023\/05\/Cozinha-Pequena-com-Balcao.jpg' href=\"https:\/\/www.aarquiteta.com.br\/blog\/wp-content\/uploads\/2023\/05\/Cozinha-Pequena-com-Balcao.jpg\" data-fancybox=\"wpcp_view\">\n\t\t<figure>\n\t\t\t<img decoding=\"async\" class=\"skip-lazy\" src=\"https:\/\/www.aarquiteta.com.br\/blog\/wp-content\/uploads\/2023\/05\/Cozinha-Pequena-com-Balcao.jpg\" alt=\"Cozinha Pequena com Balc\u00e3o Funcional - 9 Dicas para ganhar cada cent\u00edmetro!\" width=\"1200\" height=\"800\" title=\"\">\t\t<\/figure>\n\t<\/a>\n\t\t<\/div>\n<\/div>\n\t<div class=\"swiper-slide\">\n\t<div class=\"wpcp-single-item\">\n\t\t\t<a class=\"wcp-light-box\" data-buttons='[\"close\"]' data-wpc_url='https:\/\/www.aarquiteta.com.br\/blog\/wp-content\/uploads\/2023\/05\/como-organizar-cozinha-compacta-5.png' href=\"https:\/\/www.aarquiteta.com.br\/blog\/wp-content\/uploads\/2023\/05\/como-organizar-cozinha-compacta-5.png\" data-fancybox=\"wpcp_view\">\n\t\t<figure>\n\t\t\t<img decoding=\"async\" class=\"skip-lazy\" src=\"https:\/\/www.aarquiteta.com.br\/blog\/wp-content\/uploads\/2023\/05\/como-organizar-cozinha-compacta-5.png\" alt=\"12 Truques para manter sua cozinha organizada e visualmente deslumbrante!\" width=\"1456\" height=\"816\" title=\"\">\t\t<\/figure>\n\t<\/a>\n\t\t<\/div>\n<\/div>\n\t<div class=\"swiper-slide\">\n\t<div class=\"wpcp-single-item\">\n\t\t\t<a class=\"wcp-light-box\" data-buttons='[\"close\"]' data-wpc_url='https:\/\/www.aarquiteta.com.br\/blog\/wp-content\/uploads\/2023\/04\/Armarios-de-Cozinha-Cinza-8.jpg' href=\"https:\/\/www.aarquiteta.com.br\/blog\/wp-content\/uploads\/2023\/04\/Armarios-de-Cozinha-Cinza-8.jpg\" data-fancybox=\"wpcp_view\">\n\t\t<figure>\n\t\t\t<img decoding=\"async\" class=\"skip-lazy\" src=\"https:\/\/www.aarquiteta.com.br\/blog\/wp-content\/uploads\/2023\/04\/Armarios-de-Cozinha-Cinza-8.jpg\" alt=\"Arm\u00e1rio de Cozinha Cinza: A Eleg\u00e2ncia que Falta na Sua Casa\" width=\"1200\" height=\"800\" title=\"\">\t\t<\/figure>\n\t<\/a>\n\t\t<\/div>\n<\/div>\n\t<div class=\"swiper-slide\">\n\t<div class=\"wpcp-single-item\">\n\t\t\t<a class=\"wcp-light-box\" data-buttons='[\"close\"]' data-wpc_url='https:\/\/www.aarquiteta.com.br\/blog\/wp-content\/uploads\/2023\/04\/Armarios-de-Cozinha-Cinza-10.jpg' href=\"https:\/\/www.aarquiteta.com.br\/blog\/wp-content\/uploads\/2023\/04\/Armarios-de-Cozinha-Cinza-10.jpg\" data-fancybox=\"wpcp_view\">\n\t\t<figure>\n\t\t\t<img decoding=\"async\" class=\"skip-lazy\" src=\"https:\/\/www.aarquiteta.com.br\/blog\/wp-content\/uploads\/2023\/04\/Armarios-de-Cozinha-Cinza-10.jpg\" alt=\"Arm\u00e1rio de Cozinha Cinza: A Eleg\u00e2ncia que Falta na Sua Casa\" width=\"1200\" height=\"800\" title=\"\">\t\t<\/figure>\n\t<\/a>\n\t\t<\/div>\n<\/div>\n\t\t\t<\/div>\n\t\t\t\t\t<div class=\"wpcp-swiper-dots swiper-pagination\"><\/div>\n\t\t\t\t<!-- If we need navigation buttons -->\n\t\t\t<\/div>\n\t<\/div>\n<\/div>\n\n<p>Ter arm\u00e1rios de cozinha planejados \u00e9 apenas o primeiro passo para uma cozinha organizada e funcional. <b>Manter a ordem \u00e9 essencial<\/b> para aproveitar ao m\u00e1ximo todos os benef\u00edcios dessa solu\u00e7\u00e3o inteligente.<\/p>\n<p>A chave est\u00e1 em <b>estabelecer uma rotina de limpeza e organiza\u00e7\u00e3o<\/b>. Reserve um tempo semanal para dar uma geral nos arm\u00e1rios, removendo itens desnecess\u00e1rios e reorganizando os utens\u00edlios e alimentos de forma pr\u00e1tica.<\/p>\n<p>Outro aliado nessa miss\u00e3o s\u00e3o os <b>organizadores internos<\/b>. Existem op\u00e7\u00f5es incr\u00edveis, como cestos aramados, separadores de gavetas e suportes para pratos, que podem ajudar a manter tudo no seu devido lugar.<\/p>\n<p>Por fim, <b>n\u00e3o tenha medo de descartar<\/b>. Aquele velho conjunto de panelas que voc\u00ea nunca usa ou os temperos vencidos precisam ir embora. Fa\u00e7a uma faxina regular e libere espa\u00e7o para o que realmente \u00e9 \u00fatil e necess\u00e1rio na sua cozinha.<\/p>\n<h3>Vantagens de investir em arm\u00e1rios de cozinha planejados<\/h3>\n<p>Agora que voc\u00ea j\u00e1 conhece as principais caracter\u00edsticas e dicas sobre os arm\u00e1rios de cozinha planejados, \u00e9 hora de refor\u00e7ar as <b>vantagens de investir nessa solu\u00e7\u00e3o<\/b>.<\/p>\n<p>Primeiramente, \u00e9 importante destacar o <b>melhor aproveitamento do espa\u00e7o<\/b>. Com um projeto personalizado, cada cent\u00edmetro quadrado da sua cozinha ser\u00e1 utilizado de forma inteligente e funcional, maximizando o armazenamento e a organiza\u00e7\u00e3o.<\/p>\n<p>Al\u00e9m disso, os arm\u00e1rios planejados s\u00e3o conhecidos por sua <b>durabilidade superior<\/b>. Ao optar por materiais de qualidade e contar com a expertise de profissionais especializados, voc\u00ea garantir\u00e1 que seus arm\u00e1rios resistir\u00e3o ao uso di\u00e1rio por muitos anos.<\/p>\n<p>Por fim, vale lembrar que <b>investir em arm\u00e1rios planejados pode valorizar o seu im\u00f3vel<\/b>. Uma cozinha bem projetada e organizada \u00e9 um atrativo importante para potenciais compradores ou locat\u00e1rios, agregando valor \u00e0 sua propriedade.<\/p>\n<h3>Cuidados na escolha e instala\u00e7\u00e3o de arm\u00e1rios planejados<\/h3>\n<figure style=\"width: 1024px\" class=\"wp-caption aligncenter\"><img decoding=\"async\" src=\"https:\/\/www.aarquiteta.com.br\/blog\/wp-content\/uploads\/2024\/05\/seis-solucoes-maximizar-espaco-com-armarios-cozinha-planejados02.jpg\" alt=\"6 Solu\u00e7\u00f5es para Maximizar seu Espa\u00e7o com Arm\u00e1rios de Cozinha Planejados\" width=\"1024\" height=\"1024\" title=\"\"><figcaption class=\"wp-caption-text\">6 Solu\u00e7\u00f5es para Maximizar seu Espa\u00e7o com Arm\u00e1rios de Cozinha Planejados<\/figcaption><\/figure>\n<p>Antes de finalizar, \u00e9 importante ressaltar alguns <b>cuidados essenciais<\/b> na escolha e instala\u00e7\u00e3o dos seus arm\u00e1rios de cozinha planejados. Afinal, voc\u00ea est\u00e1 investindo em uma solu\u00e7\u00e3o duradoura e precisa garantir que tudo seja feito da maneira correta.<\/p>\n<p>Primeiro, <b>contrate profissionais especializados<\/b>. Essa \u00e9 uma etapa crucial, pois eles ser\u00e3o respons\u00e1veis por avaliar o espa\u00e7o dispon\u00edvel, projetar os arm\u00e1rios de acordo com suas necessidades e realizar a instala\u00e7\u00e3o de forma impec\u00e1vel.<\/p>\n<p>Outro ponto importante \u00e9 <b>verificar a reputa\u00e7\u00e3o da empresa fornecedora<\/b>. Pesquise avalia\u00e7\u00f5es de clientes, analise o portf\u00f3lio de trabalhos anteriores e certifique-se de que esteja lidando com uma empresa confi\u00e1vel e experiente.<\/p>\n<p>Por fim, <b>n\u00e3o negligencie a qualidade dos materiais utilizados<\/b>. Invista em op\u00e7\u00f5es dur\u00e1veis e resistentes, que possam suportar o uso intenso da cozinha sem perder a apar\u00eancia ou a funcionalidade ao longo do tempo.<\/p>\n<h3>Conclus\u00e3o<\/h3>\n<p>Os arm\u00e1rios de cozinha planejados s\u00e3o muito mais do que simples \u00e1reas de armazenamento. Eles representam uma <b>solu\u00e7\u00e3o inteligente e personalizada<\/b> para otimizar cada cent\u00edmetro quadrado da sua cozinha, transformando-a em um ambiente funcional, organizado e esteticamente agrad\u00e1vel.<\/p>\n<p>Ao seguir as dicas e estrat\u00e9gias compartilhadas neste artigo, voc\u00ea estar\u00e1 no caminho certo para <b>criar a cozinha dos seus sonhos<\/b>, onde tudo tem seu lugar e o aproveitamento do espa\u00e7o \u00e9 maximizado.<\/p>\n<p>Ent\u00e3o, n\u00e3o perca mais tempo! <b>Invista em arm\u00e1rios planejados<\/b> e desfrute de uma cozinha verdadeiramente projetada para atender \u00e0s suas necessidades e facilitar o seu dia a dia. Afinal, uma cozinha organizada \u00e9 o segredo para uma vida mais tranquila e equilibrada.<\/p>\n<h3>Perguntas Frequentes Exclusivas<\/h3>\n<figure style=\"width: 1024px\" class=\"wp-caption aligncenter\"><img decoding=\"async\" src=\"https:\/\/www.aarquiteta.com.br\/blog\/wp-content\/uploads\/2024\/05\/seis-solucoes-maximizar-espaco-com-armarios-cozinha-planejados01.jpg\" alt=\"6 Solu\u00e7\u00f5es para Maximizar seu Espa\u00e7o com Arm\u00e1rios de Cozinha Planejados\" width=\"1024\" height=\"1024\" title=\"\"><figcaption class=\"wp-caption-text\">6 Solu\u00e7\u00f5es para Maximizar seu Espa\u00e7o com Arm\u00e1rios de Cozinha Planejados<\/figcaption><\/figure>\n<p>1. <b>Quais s\u00e3o as vantagens dos arm\u00e1rios de cozinha planejados em compara\u00e7\u00e3o com os arm\u00e1rios convencionais?<\/b><\/p>\n<p>Os arm\u00e1rios de cozinha planejados oferecem vantagens significativas em rela\u00e7\u00e3o aos arm\u00e1rios convencionais. Eles s\u00e3o projetados sob medida para o espa\u00e7o dispon\u00edvel, garantindo um <b>aproveitamento m\u00e1ximo de cada cent\u00edmetro quadrado<\/b>. Al\u00e9m disso, s\u00e3o confeccionados com materiais de alta qualidade e instalados por profissionais especializados, o que resulta em uma <b>durabilidade superior<\/b>. Outra vantagem \u00e9 a <b>personaliza\u00e7\u00e3o completa<\/b>, permitindo que voc\u00ea customize cores, acabamentos e solu\u00e7\u00f5es internas de acordo com suas necessidades e prefer\u00eancias.<\/p>\n<p>2. <b>Como posso garantir que meus arm\u00e1rios planejados ser\u00e3o funcionais e atender\u00e3o \u00e0s minhas necessidades?<\/b><\/p>\n<p>Para garantir que seus arm\u00e1rios planejados sejam verdadeiramente funcionais e atendam \u00e0s suas necessidades, \u00e9 fundamental <b>contratar uma empresa especializada<\/b> e trabalhar em estreita colabora\u00e7\u00e3o com os profissionais envolvidos no projeto. Fa\u00e7a um levantamento detalhado das suas necessidades, compartilhe seus h\u00e1bitos na cozinha e ou\u00e7a as sugest\u00f5es dos especialistas. Al\u00e9m disso, opte por <b>solu\u00e7\u00f5es inteligentes<\/b>, como prateleiras deslizantes, gavetas organizadoras e solu\u00e7\u00f5es para cantos, que otimizar\u00e3o o uso do espa\u00e7o e facilitar\u00e3o a organiza\u00e7\u00e3o.<\/p>\n<p>3. <b>Qual \u00e9 o tempo m\u00e9dio de vida \u00fatil de arm\u00e1rios de cozinha planejados?<\/b><\/p>\n<p>O tempo m\u00e9dio de vida \u00fatil dos arm\u00e1rios de cozinha planejados pode variar de acordo com diversos fatores, como <b>a qualidade dos materiais utilizados<\/b>, a intensidade de uso e a manuten\u00e7\u00e3o adequada. No entanto, se voc\u00ea optar por materiais de alta qualidade, como madeira laminada ou MDF resistente, e seguir as recomenda\u00e7\u00f5es de cuidados e limpeza, seus arm\u00e1rios planejados podem durar facilmente de <b>15 a 20 anos<\/b>, ou at\u00e9 mais, mantendo a apar\u00eancia impec\u00e1vel e a funcionalidade intacta.<\/p>\n<figure style=\"width: 1024px\" class=\"wp-caption aligncenter\"><img decoding=\"async\" src=\"https:\/\/www.aarquiteta.com.br\/blog\/wp-content\/uploads\/2024\/05\/seis-solucoes-maximizar-espaco-com-armarios-cozinha-planejados03.jpg\" alt=\"6 Solu\u00e7\u00f5es para Maximizar seu Espa\u00e7o com Arm\u00e1rios de Cozinha Planejados\" width=\"1024\" height=\"1024\" title=\"\"><figcaption class=\"wp-caption-text\">6 Solu\u00e7\u00f5es para Maximizar seu Espa\u00e7o com Arm\u00e1rios de Cozinha Planejados<\/figcaption><\/figure>\n<h3>Assista agora a minha recomenda\u00e7\u00e3o de video abaixo sobre o tema que estamos tratando neste artigo: <\/h3>\n<p><div class=\"youtube-embed\" data-video_id=\"GR0D5PJ368g\"><iframe title=\"Prieto M\u00f3veis - 5 DICAS GENIAIS para GANHAR ESPA\u00c7O na sua MIN\u00daSCULA COZINHA PLANEJADA\" width=\"696\" height=\"392\" src=\"https:\/\/www.youtube.com\/embed\/GR0D5PJ368g?feature=oembed&#038;enablejsapi=1\" frameborder=\"0\" allow=\"accelerometer; autoplay; clipboard-write; encrypted-media; gyroscope; picture-in-picture; web-share\" referrerpolicy=\"strict-origin-when-cross-origin\" allowfullscreen><\/iframe><\/div>\n<\/p>\n<p style=\"text-align: center;\">[amazon table=&#8221;82945&#8243;]\n","protected":false},"excerpt":{"rendered":"<p>6 Solu\u00e7\u00f5es para Maximizar seu Espa\u00e7o com Arm\u00e1rios de Cozinha Planejados<\/p>\n","protected":false},"author":102,"featured_media":113267,"comment_status":"closed","ping_status":"closed","sticky":false,"template":"","format":"standard","meta":{"footnotes":""},"categories":[35414,35384,1484,20353],"tags":[],"class_list":["post-113270","post","type-post","status-publish","format-standard","has-post-thumbnail","category-acessorios-para-decoracao","category-armarios-e-aparadores","category-decoracao","category-home-decor"],"_wp_attached_file":null,"_wp_attachment_metadata":null,"_wp_attachment_context":null,"_wp_attachment_is_custom_header":null,"geo_longitude":null,"geo_public":null,"geo_latitude":null,"_publicize_done_external":null,"_wpas_done_3897181":null,"publicize_twitter_user":null,"_wpas_done_3897175":null,"_wpas_skip_3897181":null,"_wpas_skip_3897175":null,"_wpas_skip_3924723":null,"_wpas_mess":null,"_wpas_done_3924723":null,"wps_subtitle":"","_links":{"self":[{"href":"https:\/\/www.aarquiteta.com.br\/blog\/wp-json\/wp\/v2\/posts\/113270","targetHints":{"allow":["GET"]}}],"collection":[{"href":"https:\/\/www.aarquiteta.com.br\/blog\/wp-json\/wp\/v2\/posts"}],"about":[{"href":"https:\/\/www.aarquiteta.com.br\/blog\/wp-json\/wp\/v2\/types\/post"}],"author":[{"embeddable":true,"href":"https:\/\/www.aarquiteta.com.br\/blog\/wp-json\/wp\/v2\/users\/102"}],"replies":[{"embeddable":true,"href":"https:\/\/www.aarquiteta.com.br\/blog\/wp-json\/wp\/v2\/comments?post=113270"}],"version-history":[{"count":0,"href":"https:\/\/www.aarquiteta.com.br\/blog\/wp-json\/wp\/v2\/posts\/113270\/revisions"}],"wp:featuredmedia":[{"embeddable":true,"href":"https:\/\/www.aarquiteta.com.br\/blog\/wp-json\/wp\/v2\/media\/113267"}],"wp:attachment":[{"href":"https:\/\/www.aarquiteta.com.br\/blog\/wp-json\/wp\/v2\/media?parent=113270"}],"wp:term":[{"taxonomy":"category","embeddable":true,"href":"https:\/\/www.aarquiteta.com.br\/blog\/wp-json\/wp\/v2\/categories?post=113270"},{"taxonomy":"post_tag","embeddable":true,"href":"https:\/\/www.aarquiteta.com.br\/blog\/wp-json\/wp\/v2\/tags?post=113270"}],"curies":[{"name":"wp","href":"https:\/\/api.w.org\/{rel}","templated":true}]}}