{"id":112976,"date":"2024-05-11T15:04:26","date_gmt":"2024-05-11T18:04:26","guid":{"rendered":"https:\/\/www.aarquiteta.com.br\/blog\/5-solucoes-para-organizar-e-estilizar-sua-sala-pequena-com-aparadores-preservando-o-orcamento\/"},"modified":"2024-07-03T16:03:43","modified_gmt":"2024-07-03T19:03:43","slug":"5-solucoes-para-organizar-e-estilizar-sua-sala-pequena-com-aparadores-preservando-o-orcamento","status":"publish","type":"post","link":"https:\/\/www.aarquiteta.com.br\/blog\/5-solucoes-para-organizar-e-estilizar-sua-sala-pequena-com-aparadores-preservando-o-orcamento\/","title":{"rendered":"5 Solu\u00e7\u00f5es para Organizar e Estilizar Sua Sala Pequena com Aparadores, Preservando o Or\u00e7amento"},"content":{"rendered":"<p>Ter uma sala de estar aconchegante e funcional \u00e9 o desejo de muitos, especialmente quando se trata de espa\u00e7os reduzidos. \u00c9 a\u00ed que os aparadores entram em cena, trazendo organiza\u00e7\u00e3o e estilo de forma inteligente. Preparado para transformar sua sala pequena em um verdadeiro cantinho de charme? Vamos l\u00e1!<\/p>\n<p><b>Principais destaques:<\/b><\/p>\n<ul>\n<li>Aprenda a escolher o aparador ideal para otimizar o espa\u00e7o.<\/li>\n<li>Descubra t\u00e9cnicas de aproveitamento vertical para ganhar mais \u00e1rea \u00fatil.<\/li>\n<li>Organize seus pertences de forma pr\u00e1tica e elegante.<\/li>\n<li>Utilize espelhos estrategicamente para ampliar a sensa\u00e7\u00e3o de amplitude.<\/li>\n<li>Adicione toques de personalidade que refletem seu estilo \u00fanico.<\/li>\n<\/ul>\n<h3>A Chave est\u00e1 na Escolha Certeira<\/h3>\n<p>Antes de qualquer coisa, \u00e9 essencial <b>escolher um aparador que se encaixe perfeitamente no ambiente<\/b>. Aquele m\u00f3vel enorme e imponente pode ser tentador, mas vai apenas sufocar o espa\u00e7o. Opte por pe\u00e7as mais compactas, com linhas retas e limpas, que n\u00e3o sobrecarreguem visualmente. E aten\u00e7\u00e3o especial ao tamanho: me\u00e7a cuidadosamente o local antes de comprar, para garantir que seu novo aparador caiba como uma luva.<\/p>\n<h3>Explorando a Verticalidade<\/h3>\n<figure style=\"width: 1024px\" class=\"wp-caption aligncenter\"><img decoding=\"async\" src=\"https:\/\/www.aarquiteta.com.br\/blog\/wp-content\/uploads\/2024\/05\/5-solucoes-para-organizar-e-estilizar-sua-sala-pequena04.jpg\" alt=\"5 Solu\u00e7\u00f5es para Organizar e Estilizar Sua Sala Pequena com Aparadores, Preservando o Or\u00e7amento\" width=\"1024\" height=\"1024\" title=\"\"><figcaption class=\"wp-caption-text\">5 Solu\u00e7\u00f5es para Organizar e Estilizar Sua Sala Pequena com Aparadores, Preservando o Or\u00e7amento<\/figcaption><\/figure>\n<p>Quando o assunto \u00e9 otimizar pequenos espa\u00e7os, a verticalidade \u00e9 sua maior aliada. <b>Aproveite cada cent\u00edmetro dispon\u00edvel<\/b>, desde as prateleiras superiores do aparador at\u00e9 as paredes ao redor. Nichos, prateleiras suspensas e at\u00e9 mesmo um painel de madeira podem se transformar em \u00e1reas de armazenamento extra, mantendo tudo organizado e ao alcance das m\u00e3os.<\/p>\n<h3>A Arte de Organizar com Intelig\u00eancia<\/h3>\n<p>Um aparador bem organizado \u00e9 a chave para <b>manter a sala de estar acolhedora e livre de bagun\u00e7a<\/b>. Comece separando seus pertences por categorias e destinando um espa\u00e7o espec\u00edfico para cada uma delas. Livros, revistas, objetos decorativos, todos devem ter seu cantinho especial. E n\u00e3o se esque\u00e7a de alternar tamanhos e texturas para criar um visual harmonioso e interessante.<\/p>\n<h3>O Poder dos Espelhos<\/h3>\n<style id=\"wp_carousel_dynamic_css104046\">.sp-wp-carousel-free-id-104046.wpcf-fancybox-wrapper .fancybox-bg{background: #0b0b0b;opacity: 0.8;}.sp-wp-carousel-free-id-104046.wpcf-fancybox-wrapper .fancybox-navigation .fancybox-button .wpcp-fancybox-nav-arrow i {color: #ccc;}.sp-wp-carousel-free-id-104046.wpcf-fancybox-wrapper .fancybox-navigation .fancybox-button .wpcp-fancybox-nav-arrow i:hover {color: #fff;}.sp-wp-carousel-free-id-104046.wpcf-fancybox-wrapper .fancybox-navigation .fancybox-button {background: #1e1e1e;}.sp-wp-carousel-free-id-104046.wpcf-fancybox-wrapper .fancybox-navigation .fancybox-button:hover {background: #1e1e1e;}#sp-wp-carousel-free-id-104046 .wpcp-swiper-dots {margin: 40px 0px 0px 0px;}.wpcp-wrapper-104046 .swiper-wrapper .swiper-slide-kenburn, .wpcp-wrapper-104046 .swiper-wrapper, .wpcp-wrapper-104046 .wpcpro-row{align-items: center;}#sp-wp-carousel-free-id-104046 .wpcp-single-item {box-shadow: 0px 0px 0px 0px #dddddd;transition: all .3s;margin: 0px;}#sp-wp-carousel-free-id-104046.swiper-flip .wpcp-single-item{margin: 0!important;}#sp-wp-carousel-free-id-104046 .wpcp-single-item:hover {box-shadow: 0px 0px 0px 0px #dddddd;}#sp-wp-carousel-free-id-104046.sp-wpcp-104046 .wpcp-single-item {border: 1px solid #dddddd;}#sp-wp-carousel-free-id-104046.sp-wpcp-104046 .swiper-button-prev,#sp-wp-carousel-free-id-104046.sp-wpcp-104046 .swiper-button-next,#sp-wp-carousel-free-id-104046.sp-wpcp-104046 .swiper-button-prev:hover,#sp-wp-carousel-free-id-104046.sp-wpcp-104046 .swiper-button-next:hover {background: none;border: none;font-size: 30px;}#sp-wp-carousel-free-id-104046.sp-wpcp-104046 .swiper-button-prev i,#sp-wp-carousel-free-id-104046.sp-wpcp-104046 .swiper-button-next i {color: #aaa;}#sp-wp-carousel-free-id-104046.sp-wpcp-104046 .swiper-button-prev i:hover,#sp-wp-carousel-free-id-104046.sp-wpcp-104046 .swiper-button-next i:hover {color: #178087;}#sp-wp-carousel-free-id-104046.sp-wpcp-104046 .wpcp-swiper-dots .swiper-pagination-bullet {background-color: #cccccc;}#sp-wp-carousel-free-id-104046.sp-wpcp-104046 .wpcp-swiper-dots .swiper-pagination-bullet.swiper-pagination-bullet-active {background-color: #178087;} #sp-wp-carousel-free-id-104046.sp-wpcp-104046.wpcp-image-carousel .wpcp-single-item:hover img, #sp-wp-carousel-free-id-104046.sp-wpcp-104046.wpcp-post-carousel .wpcp-single-item:hover img, #sp-wp-carousel-free-id-104046.sp-wpcp-104046.wpcp-product-carousel .wpcp-single-item:hover img{-webkit-transform: scale(1.2);-moz-transform: scale(1.2);transform: scale(1.2);}#sp-wp-carousel-free-id-104046 .wpcpro-row>[class*=\"wpcpro-col-\"] { padding: 0 10px; padding-bottom: 20px;} #sp-wp-carousel-free-id-104046 .swiper-slide .single-item-fade:not(:last-child) { margin-right: 20px;}@media (min-width: 480px) { .wpcpro-row .wpcpro-col-sm-1 { flex: 0 0 100%; max-width: 100%; } .wpcpro-row .wpcpro-col-sm-2 { flex: 0 0 50%; max-width: 50%; } .wpcpro-row .wpcpro-col-sm-2-5 { flex: 0 0 75%; max-width: 75%; } .wpcpro-row .wpcpro-col-sm-3 { flex: 0 0 33.333%; max-width: 33.333%; } .wpcpro-row .wpcpro-col-sm-4 { flex: 0 0 25%; max-width: 25%; } .wpcpro-row .wpcpro-col-sm-5 { flex: 0 0 20%; max-width: 20%; } .wpcpro-row .wpcpro-col-sm-6 { flex: 0 0 16.66666666666667%; max-width: 16.66666666666667%; } .wpcpro-row .wpcpro-col-sm-7 { flex: 0 0 14.28571428%; max-width: 14.28571428%; } .wpcpro-row .wpcpro-col-sm-8 { flex: 0 0 12.5%; max-width: 12.5%; } } @media (max-width: 480px) { .wpcpro-row .wpcpro-col-xs-1 { flex: 0 0 100%; max-width: 100%; } .wpcpro-row .wpcpro-col-xs-2 { flex: 0 0 50%; max-width: 50%; } .wpcpro-row .wpcpro-col-xs-3 { flex: 0 0 33.222%; max-width: 33.222%; } .wpcpro-row .wpcpro-col-xs-4 { flex: 0 0 25%; max-width: 25%; } .wpcpro-row .wpcpro-col-xs-5 { flex: 0 0 20%; max-width: 20%; } .wpcpro-row .wpcpro-col-xs-6 { flex: 0 0 16.6667%; max-width: 16.6667%; } .wpcpro-row .wpcpro-col-xs-7 { flex: 0 0 14.28571428%; max-width: 14.28571428%; } .wpcpro-row .wpcpro-col-xs-8 { flex: 0 0 12.5%; max-width: 12.5%; } } @media (min-width: 736px) { .wpcpro-row .wpcpro-col-md-1 { flex: 0 0 100%; max-width: 100%; } .wpcpro-row .wpcpro-col-md-2 { flex: 0 0 50%; max-width: 50%; } .wpcpro-row .wpcpro-col-md-2-5 { flex: 0 0 75%; max-width: 75%; } .wpcpro-row .wpcpro-col-md-3 { flex: 0 0 33.333%; max-width: 33.333%; } .wpcpro-row .wpcpro-col-md-4 { flex: 0 0 25%; max-width: 25%; } .wpcpro-row .wpcpro-col-md-5 { flex: 0 0 20%; max-width: 20%; } .wpcpro-row .wpcpro-col-md-6 { flex: 0 0 16.66666666666667%; max-width: 16.66666666666667%; } .wpcpro-row .wpcpro-col-md-7 { flex: 0 0 14.28571428%; max-width: 14.28571428%; } .wpcpro-row .wpcpro-col-md-8 { flex: 0 0 12.5%; max-width: 12.5%; } } @media (min-width: 980px) { .wpcpro-row .wpcpro-col-lg-1 { flex: 0 0 100%; max-width: 100%; } .wpcpro-row .wpcpro-col-lg-2 { flex: 0 0 50%; max-width: 50%; } .wpcpro-row .wpcpro-col-lg-3 { flex: 0 0 33.222%; max-width: 33.222%; } .wpcpro-row .wpcpro-col-lg-4 { flex: 0 0 25%; max-width: 25%; } .wpcpro-row .wpcpro-col-lg-5 { flex: 0 0 20%; max-width: 20%; } .wpcpro-row .wpcpro-col-lg-6 { flex: 0 0 16.6667%; max-width: 16.6667%; } .wpcpro-row .wpcpro-col-lg-7 { flex: 0 0 14.28571428%; max-width: 14.28571428%; } .wpcpro-row .wpcpro-col-lg-8 { flex: 0 0 12.5%; max-width: 12.5%; } } @media (min-width: 1200px) { .wpcpro-row .wpcpro-col-xl-1 { flex: 0 0 100%; max-width: 100%; } .wpcpro-row .wpcpro-col-xl-2 { flex: 0 0 50%; max-width: 50%; } .wpcpro-row .wpcpro-col-xl-3 { flex: 0 0 33.22222222%; max-width: 33.22222222%; } .wpcpro-row .wpcpro-col-xl-4 { flex: 0 0 25%; max-width: 25%; } .wpcpro-row .wpcpro-col-xl-5 { flex: 0 0 20%; max-width: 20%; } .wpcpro-row .wpcpro-col-xl-6 { flex: 0 0 16.66667%; max-width: 16.66667%; } .wpcpro-row .wpcpro-col-xl-7 { flex: 0 0 14.28571428%; max-width: 14.28571428%; } .wpcpro-row .wpcpro-col-xl-8 { flex: 0 0 12.5%; max-width: 12.5%; } }<\/style><div class=\"wpcp-carousel-wrapper wpcp-wrapper-104046\">\n\t<div id=\"wpcp-preloader-104046\" class=\"wpcp-carousel-preloader\"><img decoding=\"async\" src=\"https:\/\/www.aarquiteta.com.br\/blog\/wp-content\/plugins\/wp-carousel-free\/public\/css\/spinner.svg\" alt=\"Preloader Image\" title=\"\"><\/div>\t<div class=\"wpcp-carousel-content-wrapper\">\n\t<div id=\"sp-wp-carousel-free-id-104046\" class=\"wpcp-carousel-section sp-wpcp-104046  nav-vertical-center wpcp-image-carousel wpcp-preloader wpcp-standard\" data-swiper='{ &quot;pagination_type&quot;: &quot;dots&quot;,&quot;accessibility&quot;:true, &quot;spaceBetween&quot;:20, &quot;arrows&quot;:false, &quot;freeMode&quot;: false, &quot;autoplay&quot;:true, &quot;effect&quot;: &quot;&quot;, &quot;centerMode&quot;: false, &quot;autoplaySpeed&quot;:3000, &quot;dots&quot;:true, &quot;infinite&quot;:true, &quot;speed&quot;:600, &quot;pauseOnHover&quot;:true,\n\t\t\t&quot;slidesToShow&quot;:{&quot;lg_desktop&quot;:5, &quot;desktop&quot;: 4, &quot;laptop&quot;: 3, &quot;tablet&quot;: 2, &quot;mobile&quot;: 1}, &quot;responsive&quot;:{&quot;desktop&quot;:1200, &quot;laptop&quot;: 980, &quot;tablet&quot;: 736, &quot;mobile&quot;: 480}, &quot;rtl&quot;:false, &quot;lazyLoad&quot;: &quot;false&quot;, &quot;swipe&quot;: true, &quot;draggable&quot;: true, &quot;swipeToSlide&quot;:false }' dir=\"ltr\">\n\t\t<div class=\"swiper-wrapper\">\n\t\t<div class=\"swiper-slide\">\n\t<div class=\"wpcp-single-item\">\n\t\t\t<a class=\"wcp-light-box\" data-buttons='[\"close\"]' data-wpc_url='https:\/\/www.aarquiteta.com.br\/blog\/wp-content\/uploads\/2024\/01\/transformei-sala-estar-refugio-aconchegante02.jpg' href=\"https:\/\/www.aarquiteta.com.br\/blog\/wp-content\/uploads\/2024\/01\/transformei-sala-estar-refugio-aconchegante02.jpg\" data-fancybox=\"wpcp_view\">\n\t\t<figure>\n\t\t\t<img decoding=\"async\" class=\"skip-lazy\" src=\"https:\/\/www.aarquiteta.com.br\/blog\/wp-content\/uploads\/2024\/01\/transformei-sala-estar-refugio-aconchegante02.jpg\" alt=\"transformei-sala-estar-refugio-aconchegante\" width=\"1024\" height=\"1024\" title=\"\">\t\t<\/figure>\n\t<\/a>\n\t\t<\/div>\n<\/div>\n\t<div class=\"swiper-slide\">\n\t<div class=\"wpcp-single-item\">\n\t\t\t<a class=\"wcp-light-box\" data-buttons='[\"close\"]' data-wpc_url='https:\/\/www.aarquiteta.com.br\/blog\/wp-content\/uploads\/2023\/12\/plantas-na-sala-de-estar02.jpg' href=\"https:\/\/www.aarquiteta.com.br\/blog\/wp-content\/uploads\/2023\/12\/plantas-na-sala-de-estar02.jpg\" data-fancybox=\"wpcp_view\">\n\t\t<figure>\n\t\t\t<img decoding=\"async\" class=\"skip-lazy\" src=\"https:\/\/www.aarquiteta.com.br\/blog\/wp-content\/uploads\/2023\/12\/plantas-na-sala-de-estar02.jpg\" alt=\"plantas na sala de estar\" width=\"1024\" height=\"1024\" title=\"\">\t\t<\/figure>\n\t<\/a>\n\t\t<\/div>\n<\/div>\n\t<div class=\"swiper-slide\">\n\t<div class=\"wpcp-single-item\">\n\t\t\t<a class=\"wcp-light-box\" data-buttons='[\"close\"]' data-wpc_url='https:\/\/www.aarquiteta.com.br\/blog\/wp-content\/uploads\/2023\/12\/Elementos-em-Espacos-Modernos-da-Sala-de-Estar-e-Jantar-1.jpg' href=\"https:\/\/www.aarquiteta.com.br\/blog\/wp-content\/uploads\/2023\/12\/Elementos-em-Espacos-Modernos-da-Sala-de-Estar-e-Jantar-1.jpg\" data-fancybox=\"wpcp_view\">\n\t\t<figure>\n\t\t\t<img decoding=\"async\" class=\"skip-lazy\" src=\"https:\/\/www.aarquiteta.com.br\/blog\/wp-content\/uploads\/2023\/12\/Elementos-em-Espacos-Modernos-da-Sala-de-Estar-e-Jantar-1.jpg\" alt=\"Elementos em Espa\u00e7os Modernos da Sala de Estar e Jantar\" width=\"1024\" height=\"1024\" title=\"\">\t\t<\/figure>\n\t<\/a>\n\t\t<\/div>\n<\/div>\n\t<div class=\"swiper-slide\">\n\t<div class=\"wpcp-single-item\">\n\t\t\t<a class=\"wcp-light-box\" data-buttons='[\"close\"]' data-wpc_url='https:\/\/www.aarquiteta.com.br\/blog\/wp-content\/uploads\/2023\/11\/sala-de-estar-sofisticada02.jpg' href=\"https:\/\/www.aarquiteta.com.br\/blog\/wp-content\/uploads\/2023\/11\/sala-de-estar-sofisticada02.jpg\" data-fancybox=\"wpcp_view\">\n\t\t<figure>\n\t\t\t<img decoding=\"async\" class=\"skip-lazy\" src=\"https:\/\/www.aarquiteta.com.br\/blog\/wp-content\/uploads\/2023\/11\/sala-de-estar-sofisticada02.jpg\" alt=\"sala de estar sofisticada\" width=\"1024\" height=\"1024\" title=\"\">\t\t<\/figure>\n\t<\/a>\n\t\t<\/div>\n<\/div>\n\t<div class=\"swiper-slide\">\n\t<div class=\"wpcp-single-item\">\n\t\t\t<a class=\"wcp-light-box\" data-buttons='[\"close\"]' data-wpc_url='https:\/\/www.aarquiteta.com.br\/blog\/wp-content\/uploads\/2023\/11\/5-dicas-para-uma-mini-sala-de-estar-planejada04.jpg' href=\"https:\/\/www.aarquiteta.com.br\/blog\/wp-content\/uploads\/2023\/11\/5-dicas-para-uma-mini-sala-de-estar-planejada04.jpg\" data-fancybox=\"wpcp_view\">\n\t\t<figure>\n\t\t\t<img decoding=\"async\" class=\"skip-lazy\" src=\"https:\/\/www.aarquiteta.com.br\/blog\/wp-content\/uploads\/2023\/11\/5-dicas-para-uma-mini-sala-de-estar-planejada04.jpg\" alt=\"5 dicas para uma mini sala de estar planejada\" width=\"1024\" height=\"1024\" title=\"\">\t\t<\/figure>\n\t<\/a>\n\t\t<\/div>\n<\/div>\n\t<div class=\"swiper-slide\">\n\t<div class=\"wpcp-single-item\">\n\t\t\t<a class=\"wcp-light-box\" data-buttons='[\"close\"]' data-wpc_url='https:\/\/www.aarquiteta.com.br\/blog\/wp-content\/uploads\/2023\/11\/sala-de-estar-sofisticada04.jpg' href=\"https:\/\/www.aarquiteta.com.br\/blog\/wp-content\/uploads\/2023\/11\/sala-de-estar-sofisticada04.jpg\" data-fancybox=\"wpcp_view\">\n\t\t<figure>\n\t\t\t<img decoding=\"async\" class=\"skip-lazy\" src=\"https:\/\/www.aarquiteta.com.br\/blog\/wp-content\/uploads\/2023\/11\/sala-de-estar-sofisticada04.jpg\" alt=\"sala de estar sofisticada\" width=\"1024\" height=\"1024\" title=\"\">\t\t<\/figure>\n\t<\/a>\n\t\t<\/div>\n<\/div>\n\t<div class=\"swiper-slide\">\n\t<div class=\"wpcp-single-item\">\n\t\t\t<a class=\"wcp-light-box\" data-buttons='[\"close\"]' data-wpc_url='https:\/\/www.aarquiteta.com.br\/blog\/wp-content\/uploads\/2023\/11\/sala-de-estar-sofisticada03.jpg' href=\"https:\/\/www.aarquiteta.com.br\/blog\/wp-content\/uploads\/2023\/11\/sala-de-estar-sofisticada03.jpg\" data-fancybox=\"wpcp_view\">\n\t\t<figure>\n\t\t\t<img decoding=\"async\" class=\"skip-lazy\" src=\"https:\/\/www.aarquiteta.com.br\/blog\/wp-content\/uploads\/2023\/11\/sala-de-estar-sofisticada03.jpg\" alt=\"sala de estar sofisticada\" width=\"1024\" height=\"1024\" title=\"\">\t\t<\/figure>\n\t<\/a>\n\t\t<\/div>\n<\/div>\n\t<div class=\"swiper-slide\">\n\t<div class=\"wpcp-single-item\">\n\t\t\t<a class=\"wcp-light-box\" data-buttons='[\"close\"]' data-wpc_url='https:\/\/www.aarquiteta.com.br\/blog\/wp-content\/uploads\/2023\/11\/sala-de-estar-sofisticada04.jpg' href=\"https:\/\/www.aarquiteta.com.br\/blog\/wp-content\/uploads\/2023\/11\/sala-de-estar-sofisticada04.jpg\" data-fancybox=\"wpcp_view\">\n\t\t<figure>\n\t\t\t<img decoding=\"async\" class=\"skip-lazy\" src=\"https:\/\/www.aarquiteta.com.br\/blog\/wp-content\/uploads\/2023\/11\/sala-de-estar-sofisticada04.jpg\" alt=\"sala de estar sofisticada\" width=\"1024\" height=\"1024\" title=\"\">\t\t<\/figure>\n\t<\/a>\n\t\t<\/div>\n<\/div>\n\t<div class=\"swiper-slide\">\n\t<div class=\"wpcp-single-item\">\n\t\t\t<a class=\"wcp-light-box\" data-buttons='[\"close\"]' data-wpc_url='https:\/\/www.aarquiteta.com.br\/blog\/wp-content\/uploads\/2023\/10\/ideias-de-decoracao-para-sala-04.jpg' href=\"https:\/\/www.aarquiteta.com.br\/blog\/wp-content\/uploads\/2023\/10\/ideias-de-decoracao-para-sala-04.jpg\" data-fancybox=\"wpcp_view\">\n\t\t<figure>\n\t\t\t<img decoding=\"async\" class=\"skip-lazy\" src=\"https:\/\/www.aarquiteta.com.br\/blog\/wp-content\/uploads\/2023\/10\/ideias-de-decoracao-para-sala-04.jpg\" alt=\"Ideias e sugest\u00f5es para decora\u00e7\u00e3o de salas de estar\" width=\"1024\" height=\"1024\" title=\"\">\t\t<\/figure>\n\t<\/a>\n\t\t<\/div>\n<\/div>\n\t<div class=\"swiper-slide\">\n\t<div class=\"wpcp-single-item\">\n\t\t\t<a class=\"wcp-light-box\" data-buttons='[\"close\"]' data-wpc_url='https:\/\/www.aarquiteta.com.br\/blog\/wp-content\/uploads\/2023\/07\/espelhos-decorativos-2.png' href=\"https:\/\/www.aarquiteta.com.br\/blog\/wp-content\/uploads\/2023\/07\/espelhos-decorativos-2.png\" data-fancybox=\"wpcp_view\">\n\t\t<figure>\n\t\t\t<img decoding=\"async\" class=\"skip-lazy\" src=\"https:\/\/www.aarquiteta.com.br\/blog\/wp-content\/uploads\/2023\/07\/espelhos-decorativos-2.png\" alt=\"Reflexos de Beleza: Espelhos Decorativos que Transformam sua Sala de Estar!\" width=\"1024\" height=\"1024\" title=\"\">\t\t<\/figure>\n\t<\/a>\n\t\t<\/div>\n<\/div>\n\t<div class=\"swiper-slide\">\n\t<div class=\"wpcp-single-item\">\n\t\t\t<a class=\"wcp-light-box\" data-buttons='[\"close\"]' data-wpc_url='https:\/\/www.aarquiteta.com.br\/blog\/wp-content\/uploads\/2023\/07\/Decoracao-eficiente-dicas-para-maximizar-o-espaco-e-economizar-dinheiro.png' href=\"https:\/\/www.aarquiteta.com.br\/blog\/wp-content\/uploads\/2023\/07\/Decoracao-eficiente-dicas-para-maximizar-o-espaco-e-economizar-dinheiro.png\" data-fancybox=\"wpcp_view\">\n\t\t<figure>\n\t\t\t<img decoding=\"async\" class=\"skip-lazy\" src=\"https:\/\/www.aarquiteta.com.br\/blog\/wp-content\/uploads\/2023\/07\/Decoracao-eficiente-dicas-para-maximizar-o-espaco-e-economizar-dinheiro.png\" alt=\"Transforme sua Sala de Estar com Esses Projetos DIY\" width=\"1024\" height=\"1024\" title=\"\">\t\t<\/figure>\n\t<\/a>\n\t\t<\/div>\n<\/div>\n\t\t\t<\/div>\n\t\t\t\t\t<div class=\"wpcp-swiper-dots swiper-pagination\"><\/div>\n\t\t\t\t<!-- If we need navigation buttons -->\n\t\t\t<\/div>\n\t<\/div>\n<\/div>\n\n<p>Nada amplia visualmente um ambiente como um espelho estrategicamente posicionado. <b>Coloque-o de frente para o aparador<\/b> e veja a m\u00e1gica acontecer! Al\u00e9m de refletir a luz natural, criando a sensa\u00e7\u00e3o de um espa\u00e7o maior, ele tamb\u00e9m duplica os elementos decorativos, dando a impress\u00e3o de profundidade. Um verdadeiro truque de mestre para salas pequenas!<\/p>\n<h3>Personalidade \u00e0 Vista<\/h3>\n<p>Por fim, n\u00e3o se esque\u00e7a de <b>deixar sua marca pessoal na decora\u00e7\u00e3o<\/b>. Um aparador \u00e9 o local perfeito para exibir aqueles objetos que contam sua hist\u00f3ria e refletem seu estilo \u00fanico. Uma escultura antiga herdada da av\u00f3, uma cole\u00e7\u00e3o de miniaturas adquirida em suas viagens, ou simplesmente um vaso de flores frescas para trazer vida e aconchego ao ambiente.<\/p>\n<h3>Conclus\u00e3o<\/h3>\n<figure style=\"width: 1024px\" class=\"wp-caption aligncenter\"><img decoding=\"async\" src=\"https:\/\/www.aarquiteta.com.br\/blog\/wp-content\/uploads\/2024\/05\/5-solucoes-para-organizar-e-estilizar-sua-sala-pequena02.jpg\" alt=\"5 Solu\u00e7\u00f5es para Organizar e Estilizar Sua Sala Pequena com Aparadores, Preservando o Or\u00e7amento\" width=\"1024\" height=\"1024\" title=\"\"><figcaption class=\"wp-caption-text\">5 Solu\u00e7\u00f5es para Organizar e Estilizar Sua Sala Pequena com Aparadores, Preservando o Or\u00e7amento<\/figcaption><\/figure>\n<p>Transformar uma sala pequena em um espa\u00e7o acolhedor e estiloso n\u00e3o \u00e9 uma tarefa imposs\u00edvel. Com criatividade, organiza\u00e7\u00e3o e os aparadores certos, voc\u00ea pode criar um verdadeiro cantinho de charme, <b>otimizando cada cent\u00edmetro de forma inteligente e atraente<\/b>. Ent\u00e3o, inspire-se nessas dicas e comece a planejar sua reforma hoje mesmo. Sua sala de estar merece todo esse carinho!<\/p>\n<figure style=\"width: 1024px\" class=\"wp-caption aligncenter\"><img decoding=\"async\" src=\"https:\/\/www.aarquiteta.com.br\/blog\/wp-content\/uploads\/2024\/05\/5-solucoes-para-organizar-e-estilizar-sua-sala-pequena01.jpg\" alt=\"5 Solu\u00e7\u00f5es para Organizar e Estilizar Sua Sala Pequena com Aparadores, Preservando o Or\u00e7amento\" width=\"1024\" height=\"1024\" title=\"\"><figcaption class=\"wp-caption-text\">5 Solu\u00e7\u00f5es para Organizar e Estilizar Sua Sala Pequena com Aparadores, Preservando o Or\u00e7amento<\/figcaption><\/figure>\n<figure style=\"width: 1024px\" class=\"wp-caption aligncenter\"><img decoding=\"async\" src=\"https:\/\/www.aarquiteta.com.br\/blog\/wp-content\/uploads\/2024\/05\/5-solucoes-para-organizar-e-estilizar-sua-sala-pequena03.jpg\" alt=\"5 Solu\u00e7\u00f5es para Organizar e Estilizar Sua Sala Pequena com Aparadores, Preservando o Or\u00e7amento\" width=\"1024\" height=\"1024\" title=\"\"><figcaption class=\"wp-caption-text\">5 Solu\u00e7\u00f5es para Organizar e Estilizar Sua Sala Pequena com Aparadores, Preservando o Or\u00e7amento<\/figcaption><\/figure>\n<h3>Assista agora a minha recomenda\u00e7\u00e3o de video abaixo sobre o tema que estamos tratando neste artigo: <\/h3>\n<p><div class=\"youtube-embed\" data-video_id=\"LyymNJkNaSY\"><iframe title=\"SALA PEQUENA N\u00c3O FA\u00c7A ISSO NA SUA - Mariana Cabral\" width=\"696\" height=\"392\" src=\"https:\/\/www.youtube.com\/embed\/LyymNJkNaSY?feature=oembed&#038;enablejsapi=1\" frameborder=\"0\" allow=\"accelerometer; autoplay; clipboard-write; encrypted-media; gyroscope; picture-in-picture; web-share\" referrerpolicy=\"strict-origin-when-cross-origin\" allowfullscreen><\/iframe><\/div>\n<\/p>\n<p style=\"text-align: center;\">[amazon table=&#8221;88247&#8243;]\n","protected":false},"excerpt":{"rendered":"<p>5 Solu\u00e7\u00f5es para Organizar e Estilizar Sua Sala Pequena com Aparadores, Preservando o Or\u00e7amento<\/p>\n","protected":false},"author":102,"featured_media":112973,"comment_status":"closed","ping_status":"closed","sticky":false,"template":"","format":"standard","meta":{"footnotes":""},"categories":[35414,35384,1484],"tags":[],"class_list":["post-112976","post","type-post","status-publish","format-standard","has-post-thumbnail","category-acessorios-para-decoracao","category-armarios-e-aparadores","category-decoracao"],"_wp_attached_file":null,"_wp_attachment_metadata":null,"_wp_attachment_context":null,"_wp_attachment_is_custom_header":null,"geo_longitude":null,"geo_public":null,"geo_latitude":null,"_publicize_done_external":null,"_wpas_done_3897181":null,"publicize_twitter_user":null,"_wpas_done_3897175":null,"_wpas_skip_3897181":null,"_wpas_skip_3897175":null,"_wpas_skip_3924723":null,"_wpas_mess":null,"_wpas_done_3924723":null,"wps_subtitle":"","_links":{"self":[{"href":"https:\/\/www.aarquiteta.com.br\/blog\/wp-json\/wp\/v2\/posts\/112976","targetHints":{"allow":["GET"]}}],"collection":[{"href":"https:\/\/www.aarquiteta.com.br\/blog\/wp-json\/wp\/v2\/posts"}],"about":[{"href":"https:\/\/www.aarquiteta.com.br\/blog\/wp-json\/wp\/v2\/types\/post"}],"author":[{"embeddable":true,"href":"https:\/\/www.aarquiteta.com.br\/blog\/wp-json\/wp\/v2\/users\/102"}],"replies":[{"embeddable":true,"href":"https:\/\/www.aarquiteta.com.br\/blog\/wp-json\/wp\/v2\/comments?post=112976"}],"version-history":[{"count":0,"href":"https:\/\/www.aarquiteta.com.br\/blog\/wp-json\/wp\/v2\/posts\/112976\/revisions"}],"wp:featuredmedia":[{"embeddable":true,"href":"https:\/\/www.aarquiteta.com.br\/blog\/wp-json\/wp\/v2\/media\/112973"}],"wp:attachment":[{"href":"https:\/\/www.aarquiteta.com.br\/blog\/wp-json\/wp\/v2\/media?parent=112976"}],"wp:term":[{"taxonomy":"category","embeddable":true,"href":"https:\/\/www.aarquiteta.com.br\/blog\/wp-json\/wp\/v2\/categories?post=112976"},{"taxonomy":"post_tag","embeddable":true,"href":"https:\/\/www.aarquiteta.com.br\/blog\/wp-json\/wp\/v2\/tags?post=112976"}],"curies":[{"name":"wp","href":"https:\/\/api.w.org\/{rel}","templated":true}]}}