{"id":1128,"date":"2014-04-01T12:16:11","date_gmt":"2014-04-01T15:16:11","guid":{"rendered":"http:\/\/aarquiteta.com.br\/?p=1128"},"modified":"2023-07-25T19:11:57","modified_gmt":"2023-07-25T22:11:57","slug":"museu-oscar-niemeyer","status":"publish","type":"post","link":"https:\/\/www.aarquiteta.com.br\/blog\/museu-oscar-niemeyer\/","title":{"rendered":"Arquitetura: Museu Oscar Niemeyer Curitiba-PR &#8211; Veja as fotos!"},"content":{"rendered":"<p style=\"text-align: justify;\"><a href=\"https:\/\/www.aarquiteta.com.br\/curso-sketchup\/\" target=\"_blank\" rel=\"noopener\"><img decoding=\"async\" class=\"aligncenter size-full wp-image-2829\" src=\"https:\/\/www.aarquiteta.com.br\/blog\/wp-content\/uploads\/2014\/03\/ban-skt.jpg\" alt=\"ban skt\" width=\"653\" height=\"99\" title=\"\" srcset=\"https:\/\/www.aarquiteta.com.br\/blog\/wp-content\/uploads\/2014\/03\/ban-skt.jpg 653w, https:\/\/www.aarquiteta.com.br\/blog\/wp-content\/uploads\/2014\/03\/ban-skt-150x23.jpg 150w\" sizes=\"(max-width: 653px) 100vw, 653px\" \/><\/a><\/p>\n<p style=\"text-align: justify;\">Confira como foi nossa visita ao Museu Oscar Niemeyer na cidade de Curitiba no Paran\u00e1!<\/p>\n<p style=\"text-align: justify;\">Pra voc\u00eas conhecerem um pouco mais vejam sobre o Museu Oscar Niemeyer, ele localiza-se na cidade de Curitiba, capital do estado do Paran\u00e1, Brasil.<\/p>\n<p style=\"text-align: justify;\">Ao chegarmos de longe j\u00e1 notamos a sintuosidade do edificio ao lado dos edificios c\u00edvicos da cidade, pena que n\u00e3o pegamos o tubo certo e tivemos que dar uma voltinha a mais, por\u00e9m chegamos f\u00e1cil f\u00e1cil, parece que tudo em Curitiba \u00e9 pertinho pertinho.<\/p>\n<p style=\"text-align: center;\"><a href=\"https:\/\/www.aarquiteta.com.br\/blog\/wp-content\/uploads\/2013\/09\/27.jpg\"><img decoding=\"async\" class=\"aligncenter wp-image-1132\" src=\"https:\/\/www.aarquiteta.com.br\/blog\/wp-content\/uploads\/2013\/09\/27.jpg\" alt=\"27\" width=\"360\" height=\"480\" title=\"\" srcset=\"https:\/\/www.aarquiteta.com.br\/blog\/wp-content\/uploads\/2013\/09\/27.jpg 600w, https:\/\/www.aarquiteta.com.br\/blog\/wp-content\/uploads\/2013\/09\/27-150x200.jpg 150w\" sizes=\"(max-width: 360px) 100vw, 360px\" \/><\/a><\/p>\n<p style=\"text-align: justify;\">Com o tubo voc\u00ea vai de uma ponta da cidade a outra com facilidade, tanto que na porta do Museu tem um esta\u00e7\u00e3o pra voc\u00ea!<\/p>\n<p style=\"text-align: justify;\"><a href=\"https:\/\/www.aarquiteta.com.br\/blog\/wp-content\/uploads\/2013\/09\/Imagem313.jpg\"><img decoding=\"async\" class=\"aligncenter size-large wp-image-1489\" src=\"https:\/\/www.aarquiteta.com.br\/blog\/wp-content\/uploads\/2013\/09\/Imagem313-1024x768.jpg\" alt=\"Imagem(313)\" width=\"660\" height=\"495\" title=\"\" srcset=\"https:\/\/www.aarquiteta.com.br\/blog\/wp-content\/uploads\/2013\/09\/Imagem313-1024x768.jpg 1024w, https:\/\/www.aarquiteta.com.br\/blog\/wp-content\/uploads\/2013\/09\/Imagem313-696x522.jpg 696w, https:\/\/www.aarquiteta.com.br\/blog\/wp-content\/uploads\/2013\/09\/Imagem313-150x113.jpg 150w, https:\/\/www.aarquiteta.com.br\/blog\/wp-content\/uploads\/2013\/09\/Imagem313.jpg 1600w\" sizes=\"(max-width: 660px) 100vw, 660px\" \/><\/a><\/p>\n<p style=\"text-align: justify;\">O complexo de dois pr\u00e9dios, instalado em uma \u00e1rea de trinta e cinco mil metros quadrados (dos quais dezenove mil dedicados \u00e0 \u00e1rea de exposi\u00e7\u00f5es), \u00e9 um verdadeiro exemplo da Arquitetura aliada \u00e0 Arte.<\/p>\n<p style=\"text-align: justify;\"><a href=\"https:\/\/www.aarquiteta.com.br\/curso-autocad-completo\/\" target=\"_blank\" rel=\"noopener\"><img decoding=\"async\" class=\"aligncenter size-full wp-image-2828\" src=\"https:\/\/www.aarquiteta.com.br\/blog\/wp-content\/uploads\/2014\/03\/BAN-cad.jpg\" alt=\"BAN cad\" width=\"656\" height=\"98\" title=\"\" srcset=\"https:\/\/www.aarquiteta.com.br\/blog\/wp-content\/uploads\/2014\/03\/BAN-cad.jpg 656w, https:\/\/www.aarquiteta.com.br\/blog\/wp-content\/uploads\/2014\/03\/BAN-cad-150x22.jpg 150w\" sizes=\"(max-width: 656px) 100vw, 656px\" \/><\/a><\/p>\n<p style=\"text-align: center;\"><a href=\"https:\/\/www.aarquiteta.com.br\/blog\/wp-content\/uploads\/2013\/09\/261.jpg\"><img decoding=\"async\" class=\"aligncenter wp-image-1491\" src=\"https:\/\/www.aarquiteta.com.br\/blog\/wp-content\/uploads\/2013\/09\/261.jpg\" alt=\"26\" width=\"640\" height=\"480\" title=\"\" srcset=\"https:\/\/www.aarquiteta.com.br\/blog\/wp-content\/uploads\/2013\/09\/261.jpg 800w, https:\/\/www.aarquiteta.com.br\/blog\/wp-content\/uploads\/2013\/09\/261-696x522.jpg 696w, https:\/\/www.aarquiteta.com.br\/blog\/wp-content\/uploads\/2013\/09\/261-150x113.jpg 150w\" sizes=\"(max-width: 640px) 100vw, 640px\" \/><\/a><\/p>\n<p style=\"text-align: justify;\">Parece que sa\u00edmos\u00a0de dentro de um livro a c\u00e9u aberto, pois tudo que vemos na faculdade e ouvimos falar \u00e9 exatamente a mesma coisa.<\/p>\n<p style=\"text-align: justify;\">Melhor ainda j\u00e1 que estamos vendo com nossos pr\u00f3prios olhos!<\/p>\n<p style=\"text-align: justify;\"><a href=\"https:\/\/www.aarquiteta.com.br\/blog\/wp-content\/uploads\/2013\/09\/30.jpg\"><img decoding=\"async\" class=\"aligncenter size-full wp-image-1492\" src=\"https:\/\/www.aarquiteta.com.br\/blog\/wp-content\/uploads\/2013\/09\/30.jpg\" alt=\"30\" width=\"600\" height=\"800\" title=\"\" srcset=\"https:\/\/www.aarquiteta.com.br\/blog\/wp-content\/uploads\/2013\/09\/30.jpg 600w, https:\/\/www.aarquiteta.com.br\/blog\/wp-content\/uploads\/2013\/09\/30-150x200.jpg 150w\" sizes=\"(max-width: 600px) 100vw, 600px\" \/><\/a><\/p>\n<p>&nbsp;<\/p>\n<h2 style=\"text-align: justify;\">Informa\u00e7\u00f5es t\u00e9cnicas:<\/h2>\n<p style=\"text-align: justify;\">O primeiro pr\u00e9dio foi projetado por Oscar Niemeyer em 1967, fiel ao estilo da \u00e9poca, concebido como um Instituto de Educa\u00e7\u00e3o.<\/p>\n<p style=\"text-align: justify;\">Este edif\u00edcio possui o segundo maior v\u00e3o livre do Brasil, com 65m.\u00a0Foi reformado e adaptado \u00e0 fun\u00e7\u00e3o de museu, para o qual Niemeyer projetou o anexo, lembrando um olho, imprimindo-lhe uma nova identidade caracter\u00edstica.<\/p>\n<p style=\"text-align: justify;\">Inaugurado em 2002 com o nome de Novo Museu, com a conclus\u00e3o do anexo foi reinaugurado em 8 de Julho de 2003, recebendo a atual denomina\u00e7\u00e3o.<\/p>\n[amazon table=&#8221;83162&#8243;]\n<p style=\"text-align: justify;\">\u00c9 conhecido localmente como Museu do Olho, devido ao design de seu edif\u00edcio.\u00a0A institui\u00e7\u00e3o tem como foco as artes visuais, a arquitetura e o design.<\/p>\n<p style=\"text-align: justify;\">Pela sua grandiosidade, beleza e pela import\u00e2ncia do acervo, atualmente representa uma institui\u00e7\u00e3o cultural com proje\u00e7\u00e3o nacional e internacional.<\/p>\n<p style=\"text-align: justify;\">Ap\u00f3s a visita recomendo a todos a tomar um delicioso caf\u00e9 no caf\u00e9 localizado no terr\u00e9o, \u00e9 muito aconchegante e tem uma vista linda!<\/p>\n<p style=\"text-align: justify;\">A seguir uma apresenta\u00e7\u00e3o de um trabalho que realizei na faculdade sobre o Museu!<\/p>\n<p style=\"text-align: center;\"><a href=\"https:\/\/www.aarquiteta.com.br\/blog\/wp-content\/uploads\/2013\/09\/Estudo-de-caso-Museu-Curitiba1.jpg\"><img decoding=\"async\" class=\"aligncenter size-large wp-image-1131\" src=\"https:\/\/www.aarquiteta.com.br\/blog\/wp-content\/uploads\/2013\/09\/Estudo-de-caso-Museu-Curitiba1-1024x724.jpg\" alt=\"Estudo de caso Museu Curitiba\" width=\"660\" height=\"466\" title=\"\" srcset=\"https:\/\/www.aarquiteta.com.br\/blog\/wp-content\/uploads\/2013\/09\/Estudo-de-caso-Museu-Curitiba1-1024x724.jpg 1024w, https:\/\/www.aarquiteta.com.br\/blog\/wp-content\/uploads\/2013\/09\/Estudo-de-caso-Museu-Curitiba1-696x492.jpg 696w, https:\/\/www.aarquiteta.com.br\/blog\/wp-content\/uploads\/2013\/09\/Estudo-de-caso-Museu-Curitiba1-150x106.jpg 150w, https:\/\/www.aarquiteta.com.br\/blog\/wp-content\/uploads\/2013\/09\/Estudo-de-caso-Museu-Curitiba1.jpg 2048w\" sizes=\"(max-width: 660px) 100vw, 660px\" \/><\/a><\/p>\n<p>Visitem!<\/p>\n<p>Tenho certeza que vcs v\u00e3o ADORAR!<\/p>\n","protected":false},"excerpt":{"rendered":"<p>Confira como foi nossa visita ao Museu Oscar Niemeyer na cidade de Curitiba no Paran\u00e1! Pra voc\u00eas conhecerem um pouco mais vejam sobre o Museu Oscar Niemeyer, ele localiza-se na cidade de Curitiba, capital do estado do Paran\u00e1, Brasil. Ao chegarmos de longe j\u00e1 notamos a sintuosidade do edificio ao lado dos edificios c\u00edvicos da [&hellip;]<\/p>\n","protected":false},"author":102,"featured_media":1154,"comment_status":"closed","ping_status":"closed","sticky":false,"template":"","format":"standard","meta":{"footnotes":""},"categories":[996],"tags":[218],"class_list":["post-1128","post","type-post","status-publish","format-standard","has-post-thumbnail","category-viagens","tag-museu-oscar-niemeyer-curitiba"],"_wp_attached_file":null,"_wp_attachment_metadata":null,"_wp_attachment_context":null,"_wp_attachment_is_custom_header":null,"geo_longitude":null,"geo_public":null,"geo_latitude":null,"_publicize_done_external":null,"_wpas_done_3897181":null,"publicize_twitter_user":null,"_wpas_done_3897175":null,"_wpas_skip_3897181":null,"_wpas_skip_3897175":null,"_wpas_skip_3924723":null,"_wpas_mess":null,"_wpas_done_3924723":null,"wps_subtitle":"","_links":{"self":[{"href":"https:\/\/www.aarquiteta.com.br\/blog\/wp-json\/wp\/v2\/posts\/1128","targetHints":{"allow":["GET"]}}],"collection":[{"href":"https:\/\/www.aarquiteta.com.br\/blog\/wp-json\/wp\/v2\/posts"}],"about":[{"href":"https:\/\/www.aarquiteta.com.br\/blog\/wp-json\/wp\/v2\/types\/post"}],"author":[{"embeddable":true,"href":"https:\/\/www.aarquiteta.com.br\/blog\/wp-json\/wp\/v2\/users\/102"}],"replies":[{"embeddable":true,"href":"https:\/\/www.aarquiteta.com.br\/blog\/wp-json\/wp\/v2\/comments?post=1128"}],"version-history":[{"count":0,"href":"https:\/\/www.aarquiteta.com.br\/blog\/wp-json\/wp\/v2\/posts\/1128\/revisions"}],"wp:featuredmedia":[{"embeddable":true,"href":"https:\/\/www.aarquiteta.com.br\/blog\/wp-json\/wp\/v2\/media\/1154"}],"wp:attachment":[{"href":"https:\/\/www.aarquiteta.com.br\/blog\/wp-json\/wp\/v2\/media?parent=1128"}],"wp:term":[{"taxonomy":"category","embeddable":true,"href":"https:\/\/www.aarquiteta.com.br\/blog\/wp-json\/wp\/v2\/categories?post=1128"},{"taxonomy":"post_tag","embeddable":true,"href":"https:\/\/www.aarquiteta.com.br\/blog\/wp-json\/wp\/v2\/tags?post=1128"}],"curies":[{"name":"wp","href":"https:\/\/api.w.org\/{rel}","templated":true}]}}