{"id":111831,"date":"2024-04-28T10:07:04","date_gmt":"2024-04-28T13:07:04","guid":{"rendered":"https:\/\/www.aarquiteta.com.br\/blog\/casa-de-3x8m-perfeita-para-familias\/"},"modified":"2024-04-28T10:07:04","modified_gmt":"2024-04-28T13:07:04","slug":"casa-de-3x8m-perfeita-para-familias","status":"publish","type":"post","link":"https:\/\/www.aarquiteta.com.br\/blog\/casa-de-3x8m-perfeita-para-familias\/","title":{"rendered":"Voc\u00ea acreditaria se eu dissesse que essa casa de 3x8m \u00e9 perfeita para fam\u00edlias com 2 quartos?."},"content":{"rendered":"<h3>Projeto de Casa Pequena 3&#215;8 metros<\/h3><p>Nesta p\u00e9rola arquitet\u00f4nica minimalista, o renomado designer Aldieres Pereira desafia as no\u00e7\u00f5es convencionais de espa\u00e7o e conforto. Com uma pegada compacta de 3&#215;8 metros, este projeto de casa pequena se destaca como <b>uma solu\u00e7\u00e3o inteligente<\/b> para fam\u00edlias urbanas contempor\u00e2neas. Preparemo-nos para uma jornada repleta de criatividade e design funcional.<\/p><ul><li><b>Um recanto acolhedor:<\/b> Aldieres habilmente transformou cada cent\u00edmetro quadrado em um santu\u00e1rio aconchegante, provando que a grandeza reside na simplicidade elegante.<\/li><li><b>Efici\u00eancia espacial:<\/b> Com um olhar arguto para o fluxo e a praticidade, cada canto foi meticulosamente projetado para <b>maximizar o uso do espa\u00e7o dispon\u00edvel<\/b>, garantindo uma viv\u00eancia descomplicada e harmoniosa.<\/li><li><b>Toque pessoal:<\/b> Al\u00e9m da genialidade t\u00e9cnica, Aldieres infundiu a planta com um <b>toque de personalidade \u00edmpar<\/b>, refletindo um estilo de vida contempor\u00e2neo e acolhedor.<\/li><\/ul><h3>Detalhes da Planta Superior<\/h3><figure style=\"width: 1024px\" class=\"wp-caption aligncenter\"><img decoding=\"async\" src=\"https:\/\/www.aarquiteta.com.br\/blog\/wp-content\/uploads\/2024\/04\/Casa-de-3x8m-perfeita-para-familias01.jpg\" alt=\"Voc\u00ea acreditaria se eu dissesse que essa casa de 3x8m \u00e9 perfeita para fam\u00edlias com 2 quartos?.\" width=\"1024\" height=\"1024\" title=\"\"><figcaption class=\"wp-caption-text\">Voc\u00ea acreditaria se eu dissesse que essa casa de 3x8m \u00e9 perfeita para fam\u00edlias com 2 quartos?.<\/figcaption><\/figure><p>Subindo a escada, somos recebidos por um <b>corredor sinuoso<\/b> que conduz aos aposentos mais \u00edntimos. O quarto de casal, um verdadeiro ref\u00fagio, exala tranquilidade com suas dimens\u00f5es generosas de 2,4 x 2,7 metros. Aqui, Aldieres emprega seu toque m\u00e1gico, transformando o espa\u00e7o em um <b>o\u00e1sis de serenidade<\/b> com uma decora\u00e7\u00e3o minimalista e aconchegante.<\/p><p>Mas a verdadeira joia da coroa \u00e9 o <b>banheiro diferenciado<\/b>. Aldieres desafia as conven\u00e7\u00f5es, criando um espa\u00e7o \u00fanico e funcional. O box \u00e9 estrategicamente posicionado, enquanto a pia e o espelho formam um cantinho elegante. E para garantir a privacidade, uma <b>janela discreta<\/b> traz a luz natural de forma sutil.<\/p><p>N\u00e3o poder\u00edamos esquecer do quarto de solteiro, um ref\u00fagio perfeito para as crian\u00e7as ou at\u00e9 mesmo um escrit\u00f3rio acolhedor. Com uma <b>janela esguia<\/b> trazendo o mundo exterior para dentro, este c\u00f4modo vers\u00e1til se adapta \u00e0s necessidades de cada morador.<\/p><h3>Detalhes da Planta Inferior<\/h3><p>Descendo as escadas, somos recebidos por uma <b>sala de estar acolhedora<\/b>, projetada com maestria. Aldieres provou sua habilidade ao criar um espa\u00e7o aberto e fluido, perfeito para reunir a fam\u00edlia depois de um longo dia. O destaque \u00e9 o cantinho aconchegante da escada, <b>um o\u00e1sis de tranquilidade<\/b> repleto de charme e personalidade.<\/p><p>Mas \u00e9 na cozinha que <b>a magia realmente acontece<\/b>. Aldieres projetou um espa\u00e7o funcional e elegante, com uma mesa de refei\u00e7\u00f5es espa\u00e7osa e uma \u00e1rea de trabalho eficiente. O fog\u00e3o de cinco bocas \u00e9 um verdadeiro tesouro para os amantes da culin\u00e1ria, enquanto a janela estrategicamente posicionada traz um <b>toque de frescor e ilumina\u00e7\u00e3o natural<\/b>.<\/p><p>E n\u00e3o podemos esquecer do <a href=\"https:\/\/www.aarquiteta.com.br\/blog\/?s=quarto\">lavabo<\/a>, uma adi\u00e7\u00e3o pr\u00e1tica que economiza tempo e esfor\u00e7o. Com sua decora\u00e7\u00e3o simples, mas requintada, este cantinho se torna um <b>ref\u00fagio de tranquilidade<\/b> para os momentos de necessidade.<\/p><p>Em suma, este projeto de casa pequena de 3&#215;8 metros \u00e9 uma verdadeira <b>obra-prima de design inteligente e funcionalidade<\/b>. Aldieres Pereira provou, mais uma vez, que a grandeza n\u00e3o reside no tamanho, mas na capacidade de transformar cada cent\u00edmetro quadrado em um lar acolhedor e cheio de personalidade.<\/p><figure style=\"width: 1024px\" class=\"wp-caption aligncenter\"><img decoding=\"async\" src=\"https:\/\/www.aarquiteta.com.br\/blog\/wp-content\/uploads\/2024\/04\/Casa-de-3x8m-perfeita-para-familias03.jpg\" alt=\"Voc\u00ea acreditaria se eu dissesse que essa casa de 3x8m \u00e9 perfeita para fam\u00edlias com 2 quartos?.\" width=\"1024\" height=\"1024\" title=\"\"><figcaption class=\"wp-caption-text\">Voc\u00ea acreditaria se eu dissesse que essa casa de 3x8m \u00e9 perfeita para fam\u00edlias com 2 quartos?.<\/figcaption><\/figure><figure style=\"width: 1024px\" class=\"wp-caption aligncenter\"><img decoding=\"async\" src=\"https:\/\/www.aarquiteta.com.br\/blog\/wp-content\/uploads\/2024\/04\/Casa-de-3x8m-perfeita-para-familias04.jpg\" alt=\"Voc\u00ea acreditaria se eu dissesse que essa casa de 3x8m \u00e9 perfeita para fam\u00edlias com 2 quartos?.\" width=\"1024\" height=\"1024\" title=\"\"><figcaption class=\"wp-caption-text\">Voc\u00ea acreditaria se eu dissesse que essa casa de 3x8m \u00e9 perfeita para fam\u00edlias com 2 quartos?.<\/figcaption><\/figure><h3><b>veja mais informa\u00e7\u00f5es sobre o tema do artigo no v\u00eddeo abaixo!<\/b><\/h3><p>Caso seja necess\u00e1rio, ative as legendas em Portugu\u00eas Brasil, nas configura\u00e7\u00f5es do v\u00eddeo e aproveite!<\/p><p><div class=\"youtube-embed\" data-video_id=\"SyV8hMBnVCg\"><iframe title=\"Projeto de Casa Pequena 3x8 metros \u2013 Uma casa para fam\u00edlia \u2013 Casa com 2 quartos\" width=\"696\" height=\"392\" src=\"https:\/\/www.youtube.com\/embed\/SyV8hMBnVCg?feature=oembed&#038;enablejsapi=1\" frameborder=\"0\" allow=\"accelerometer; autoplay; clipboard-write; encrypted-media; gyroscope; picture-in-picture; web-share\" referrerpolicy=\"strict-origin-when-cross-origin\" allowfullscreen><\/iframe><\/div><\/p><p>Espero que tenha encontrado o v\u00eddeo informativo e enriquecedor. <\/p><p>Se gostou do conte\u00fado, n\u00e3o deixe de deslizar para baixo e explorar mais dicas e insights valiosos como este. <\/p><p>Estamos sempre aqui para oferecer informa\u00e7\u00f5es \u00fateis e inspiradoras para voc\u00ea!<\/p><figure style=\"width: 1024px\" class=\"wp-caption aligncenter\"><img decoding=\"async\" src=\"https:\/\/www.aarquiteta.com.br\/blog\/wp-content\/uploads\/2024\/04\/Casa-de-3x8m-perfeita-para-familias02.jpg\" alt=\"Voc\u00ea acreditaria se eu dissesse que essa casa de 3x8m \u00e9 perfeita para fam\u00edlias com 2 quartos?.\" width=\"1024\" height=\"1024\" title=\"\"><figcaption class=\"wp-caption-text\">Voc\u00ea acreditaria se eu dissesse que essa casa de 3x8m \u00e9 perfeita para fam\u00edlias com 2 quartos?.<\/figcaption><\/figure>","protected":false},"excerpt":{"rendered":"<p>Voc\u00ea acreditaria se eu dissesse que essa casa de 3x8m \u00e9 perfeita para fam\u00edlias com 2 quartos?.<\/p>\n","protected":false},"author":102,"featured_media":111827,"comment_status":"closed","ping_status":"closed","sticky":false,"template":"","format":"standard","meta":{"footnotes":""},"categories":[249],"tags":[],"class_list":["post-111831","post","type-post","status-publish","format-standard","has-post-thumbnail","category-engenharia-e-construcao-civil"],"_wp_attached_file":null,"_wp_attachment_metadata":null,"_wp_attachment_context":null,"_wp_attachment_is_custom_header":null,"geo_longitude":null,"geo_public":null,"geo_latitude":null,"_publicize_done_external":null,"_wpas_done_3897181":null,"publicize_twitter_user":null,"_wpas_done_3897175":null,"_wpas_skip_3897181":null,"_wpas_skip_3897175":null,"_wpas_skip_3924723":null,"_wpas_mess":null,"_wpas_done_3924723":null,"wps_subtitle":"","_links":{"self":[{"href":"https:\/\/www.aarquiteta.com.br\/blog\/wp-json\/wp\/v2\/posts\/111831","targetHints":{"allow":["GET"]}}],"collection":[{"href":"https:\/\/www.aarquiteta.com.br\/blog\/wp-json\/wp\/v2\/posts"}],"about":[{"href":"https:\/\/www.aarquiteta.com.br\/blog\/wp-json\/wp\/v2\/types\/post"}],"author":[{"embeddable":true,"href":"https:\/\/www.aarquiteta.com.br\/blog\/wp-json\/wp\/v2\/users\/102"}],"replies":[{"embeddable":true,"href":"https:\/\/www.aarquiteta.com.br\/blog\/wp-json\/wp\/v2\/comments?post=111831"}],"version-history":[{"count":0,"href":"https:\/\/www.aarquiteta.com.br\/blog\/wp-json\/wp\/v2\/posts\/111831\/revisions"}],"wp:featuredmedia":[{"embeddable":true,"href":"https:\/\/www.aarquiteta.com.br\/blog\/wp-json\/wp\/v2\/media\/111827"}],"wp:attachment":[{"href":"https:\/\/www.aarquiteta.com.br\/blog\/wp-json\/wp\/v2\/media?parent=111831"}],"wp:term":[{"taxonomy":"category","embeddable":true,"href":"https:\/\/www.aarquiteta.com.br\/blog\/wp-json\/wp\/v2\/categories?post=111831"},{"taxonomy":"post_tag","embeddable":true,"href":"https:\/\/www.aarquiteta.com.br\/blog\/wp-json\/wp\/v2\/tags?post=111831"}],"curies":[{"name":"wp","href":"https:\/\/api.w.org\/{rel}","templated":true}]}}