{"id":111657,"date":"2024-04-26T09:25:37","date_gmt":"2024-04-26T12:25:37","guid":{"rendered":"https:\/\/www.aarquiteta.com.br\/blog\/5-tendencias-de-cabeceiras-para-2024-que-vao-surpreender\/"},"modified":"2024-04-26T09:25:37","modified_gmt":"2024-04-26T12:25:37","slug":"5-tendencias-de-cabeceiras-para-2024-que-vao-surpreender","status":"publish","type":"post","link":"https:\/\/www.aarquiteta.com.br\/blog\/5-tendencias-de-cabeceiras-para-2024-que-vao-surpreender\/","title":{"rendered":"Voc\u00ea ficar\u00e1 surpreso com estas 5 tend\u00eancias de cabeceiras que v\u00e3o dominar 2024."},"content":{"rendered":"<h3>Tend\u00eancias de Cabeceiras para 2023<\/h3>\n<p>Nos dias de hoje, o quarto \u00e9 muito mais do que um simples espa\u00e7o para dormir. \u00c9 um ref\u00fagio, um santu\u00e1rio acolhedor onde podemos relaxar e recarregar as energias. E nada dita o tom desse ambiente t\u00e3o pessoal como uma cabeceira de cama bem escolhida. A cabeceira certa n\u00e3o apenas define o estilo do quarto, mas tamb\u00e9m adiciona camadas de textura, cor e personalidade. Com 2023 batendo \u00e0 porta, a Carol, uma renomada designer de interiores, compartilha as principais tend\u00eancias de cabeceiras que prometer\u00e3o elevar a experi\u00eancia do seu quarto a novos patamares de beleza e conforto.<\/p>\n<p>Deixe-se inspirar pelas seguintes tend\u00eancias:<\/p>\n<ul>\n<li><b>Estilos Modulares e Ripados em Destaque<\/b><\/li>\n<li><b>Cabeceiras Curvas e Estofadas: Op\u00e7\u00f5es Elegantes e Aconchegantes<\/b><\/li>\n<li><b>Cabeceiras Lisas e Minimalistas: Menos \u00e9 Mais<\/b><\/li>\n<\/ul>\n<h3>Estilos Modulares e Ripados em Destaque<\/h3>\n<figure style=\"width: 1024px\" class=\"wp-caption aligncenter\"><img decoding=\"async\" src=\"https:\/\/www.aarquiteta.com.br\/blog\/wp-content\/uploads\/2024\/04\/5-tendencias-de-cabeceiras-para-2024-que-vao-surpreender.01.jpg\" alt=\"Voc\u00ea ficar\u00e1 surpreso com estas 5 tend\u00eancias de cabeceiras que v\u00e3o dominar 2024.\" width=\"1024\" height=\"1024\" title=\"\"><figcaption class=\"wp-caption-text\">Voc\u00ea ficar\u00e1 surpreso com estas 5 tend\u00eancias de cabeceiras que v\u00e3o dominar 2024.<\/figcaption><\/figure>\n<p>Come\u00e7ando com um cl\u00e1ssico contempor\u00e2neo, <b>as cabeceiras modulares quadradas<\/b> continuam sendo uma op\u00e7\u00e3o vers\u00e1til e atemporal. Essas pe\u00e7as pr\u00e1ticas e visualmente cativantes podem ser encontradas em uma variedade de materiais, desde o suave suede at\u00e9 o dur\u00e1vel courino. <b>Elas podem cobrir toda a parede<\/b> ou apenas a \u00e1rea atr\u00e1s da cama, proporcionando um visual elegante e personalizado.<\/p>\n<p>Mas se voc\u00ea est\u00e1 procurando por algo mais ousado e original, <b>os ripados est\u00e3o de volta com tudo<\/b>. Embora alguns possam amar ou odiar esse estilo, a Carol garante que <b>os ripados est\u00e3o mais vibrantes do que nunca<\/b>, dispon\u00edveis em uma paleta rica de cores, desde os tons amadeirados at\u00e9 o branco imaculado e o preto sofisticado. Eles criam uma atmosfera acolhedora e r\u00fastica, perfeita para quem busca um toque de naturalidade em seu santu\u00e1rio particular.<\/p>\n<h3>Cabeceiras Curvas e Estofadas: Op\u00e7\u00f5es Elegantes e Aconchegantes<\/h3>\n<p>Se o conforto \u00e9 a sua prioridade m\u00e1xima, <b>as cabeceiras curvas e estofadas s\u00e3o a escolha perfeita<\/b>. Essas pe\u00e7as acolhedoras envolvem suavemente a cama, criando uma sensa\u00e7\u00e3o de abra\u00e7o caloroso. Dispon\u00edveis em uma variedade de tecidos e cores, elas se adaptam facilmente a diferentes estilos de decora\u00e7\u00e3o, desde o minimalismo escandinavo at\u00e9 o charme retr\u00f4.<\/p>\n<p>Al\u00e9m disso, <b>algumas camas j\u00e1 v\u00eam com essas cabeceiras integradas<\/b>, oferecendo uma solu\u00e7\u00e3o elegante e econ\u00f4mica. Imagine-se mergulhando em um mundo de conforto e eleg\u00e2ncia, onde cada detalhe foi cuidadosamente escolhido para proporcionar momentos de puro deleite.<\/p>\n<h3>Cabeceiras Lisas e Minimalistas: Menos \u00e9 Mais<\/h3>\n<figure style=\"width: 1024px\" class=\"wp-caption aligncenter\"><img decoding=\"async\" src=\"https:\/\/www.aarquiteta.com.br\/blog\/wp-content\/uploads\/2024\/04\/5-tendencias-de-cabeceiras-para-2024-que-vao-surpreender.03.jpg\" alt=\"Voc\u00ea ficar\u00e1 surpreso com estas 5 tend\u00eancias de cabeceiras que v\u00e3o dominar 2024.\" width=\"1024\" height=\"1024\" title=\"\"><figcaption class=\"wp-caption-text\">Voc\u00ea ficar\u00e1 surpreso com estas 5 tend\u00eancias de cabeceiras que v\u00e3o dominar 2024.<\/figcaption><\/figure>\n<p>Para aqueles que preferem <b>um visual mais limpo e descomplicado<\/b>, as cabeceiras lisas e estofadas s\u00e3o a escolha perfeita. Essas pe\u00e7as minimalistas, muitas vezes com linhas retas e design depurado, permitem que outros elementos do quarto brilhem sem competi\u00e7\u00e3o.<\/p>\n<p><b>Elas tamb\u00e9m podem ser encontradas em uma variedade de texturas e cores<\/b>, desde os tons terrosos at\u00e9 os vibrantes tons esverdeados que remetem \u00e0 natureza. E o melhor de tudo \u00e9 que essas cabeceiras podem ser facilmente combinadas com qualquer estilo, desde o r\u00fastico at\u00e9 o contempor\u00e2neo, tornando-as uma escolha vers\u00e1til e atemporal.<\/p>\n<p>Ent\u00e3o, seja qual for o seu estilo, <b>prepare-se para elevar a experi\u00eancia do seu quarto em 2023<\/b>. Com uma infinidade de op\u00e7\u00f5es \u00e0 sua disposi\u00e7\u00e3o, voc\u00ea pode criar um santu\u00e1rio verdadeiramente \u00fanico, um espa\u00e7o que reflete sua personalidade e proporciona momentos de puro prazer e relaxamento.<\/p>\n<figure style=\"width: 1024px\" class=\"wp-caption aligncenter\"><img decoding=\"async\" src=\"https:\/\/www.aarquiteta.com.br\/blog\/wp-content\/uploads\/2024\/04\/5-tendencias-de-cabeceiras-para-2024-que-vao-surpreender.04.jpg\" alt=\"Voc\u00ea ficar\u00e1 surpreso com estas 5 tend\u00eancias de cabeceiras que v\u00e3o dominar 2024.\" width=\"1024\" height=\"1024\" title=\"\"><figcaption class=\"wp-caption-text\">Voc\u00ea ficar\u00e1 surpreso com estas 5 tend\u00eancias de cabeceiras que v\u00e3o dominar 2024.<\/figcaption><\/figure>\n<h3><b>veja mais informa\u00e7\u00f5es sobre o tema do artigo no v\u00eddeo abaixo!<\/b><\/h3>\n<p>Caso seja necess\u00e1rio, ative as legendas em Portugu\u00eas Brasil, nas configura\u00e7\u00f5es do v\u00eddeo e aproveite!<\/p>\n<p><div class=\"youtube-embed\" data-video_id=\"v7Nzhmft-MA\"><iframe title=\"TOP 5 CABECEIRAS NA MODA 2023\" width=\"696\" height=\"392\" src=\"https:\/\/www.youtube.com\/embed\/v7Nzhmft-MA?feature=oembed&#038;enablejsapi=1\" frameborder=\"0\" allow=\"accelerometer; autoplay; clipboard-write; encrypted-media; gyroscope; picture-in-picture; web-share\" referrerpolicy=\"strict-origin-when-cross-origin\" allowfullscreen><\/iframe><\/div>\n<\/p>\n<p>Espero que tenha encontrado o v\u00eddeo informativo e enriquecedor. <\/p>\n<p>Se gostou do conte\u00fado, n\u00e3o deixe de deslizar para baixo e explorar mais dicas e insights valiosos como este. <\/p>\n<p>Estamos sempre aqui para oferecer informa\u00e7\u00f5es \u00fateis e inspiradoras para voc\u00ea!<\/p>\n<figure style=\"width: 1024px\" class=\"wp-caption aligncenter\"><img decoding=\"async\" src=\"https:\/\/www.aarquiteta.com.br\/blog\/wp-content\/uploads\/2024\/04\/5-tendencias-de-cabeceiras-para-2024-que-vao-surpreender.02.jpg\" alt=\"Voc\u00ea ficar\u00e1 surpreso com estas 5 tend\u00eancias de cabeceiras que v\u00e3o dominar 2024.\" width=\"1024\" height=\"1024\" title=\"\"><figcaption class=\"wp-caption-text\">Voc\u00ea ficar\u00e1 surpreso com estas 5 tend\u00eancias de cabeceiras que v\u00e3o dominar 2024.<\/figcaption><\/figure>\n","protected":false},"excerpt":{"rendered":"<p>Voc\u00ea ficar\u00e1 surpreso com estas 5 tend\u00eancias de cabeceiras que v\u00e3o dominar 2024.<\/p>\n","protected":false},"author":102,"featured_media":111653,"comment_status":"closed","ping_status":"closed","sticky":false,"template":"","format":"standard","meta":{"footnotes":""},"categories":[249],"tags":[],"class_list":["post-111657","post","type-post","status-publish","format-standard","has-post-thumbnail","category-engenharia-e-construcao-civil"],"_wp_attached_file":null,"_wp_attachment_metadata":null,"_wp_attachment_context":null,"_wp_attachment_is_custom_header":null,"geo_longitude":null,"geo_public":null,"geo_latitude":null,"_publicize_done_external":null,"_wpas_done_3897181":null,"publicize_twitter_user":null,"_wpas_done_3897175":null,"_wpas_skip_3897181":null,"_wpas_skip_3897175":null,"_wpas_skip_3924723":null,"_wpas_mess":null,"_wpas_done_3924723":null,"wps_subtitle":"","_links":{"self":[{"href":"https:\/\/www.aarquiteta.com.br\/blog\/wp-json\/wp\/v2\/posts\/111657","targetHints":{"allow":["GET"]}}],"collection":[{"href":"https:\/\/www.aarquiteta.com.br\/blog\/wp-json\/wp\/v2\/posts"}],"about":[{"href":"https:\/\/www.aarquiteta.com.br\/blog\/wp-json\/wp\/v2\/types\/post"}],"author":[{"embeddable":true,"href":"https:\/\/www.aarquiteta.com.br\/blog\/wp-json\/wp\/v2\/users\/102"}],"replies":[{"embeddable":true,"href":"https:\/\/www.aarquiteta.com.br\/blog\/wp-json\/wp\/v2\/comments?post=111657"}],"version-history":[{"count":0,"href":"https:\/\/www.aarquiteta.com.br\/blog\/wp-json\/wp\/v2\/posts\/111657\/revisions"}],"wp:featuredmedia":[{"embeddable":true,"href":"https:\/\/www.aarquiteta.com.br\/blog\/wp-json\/wp\/v2\/media\/111653"}],"wp:attachment":[{"href":"https:\/\/www.aarquiteta.com.br\/blog\/wp-json\/wp\/v2\/media?parent=111657"}],"wp:term":[{"taxonomy":"category","embeddable":true,"href":"https:\/\/www.aarquiteta.com.br\/blog\/wp-json\/wp\/v2\/categories?post=111657"},{"taxonomy":"post_tag","embeddable":true,"href":"https:\/\/www.aarquiteta.com.br\/blog\/wp-json\/wp\/v2\/tags?post=111657"}],"curies":[{"name":"wp","href":"https:\/\/api.w.org\/{rel}","templated":true}]}}