{"id":111554,"date":"2024-04-24T15:46:35","date_gmt":"2024-04-24T18:46:35","guid":{"rendered":"https:\/\/www.aarquiteta.com.br\/blog\/espaco-e-estilo-planejando-um-quarto-com-closet-perfeito\/"},"modified":"2024-04-24T15:46:35","modified_gmt":"2024-04-24T18:46:35","slug":"espaco-e-estilo-planejando-um-quarto-com-closet-perfeito","status":"publish","type":"post","link":"https:\/\/www.aarquiteta.com.br\/blog\/espaco-e-estilo-planejando-um-quarto-com-closet-perfeito\/","title":{"rendered":"Espa\u00e7o e Estilo Planejando um Quarto com Closet Perfeito"},"content":{"rendered":"<p>Manter um closet organizado pode ser um verdadeiro desafio, especialmente quando se trata de aproveitar ao m\u00e1ximo o espa\u00e7o dispon\u00edvel e garantir que tudo esteja acess\u00edvel e visualmente atraente. No entanto, com as dicas certas, \u00e9 poss\u00edvel transformar esse dilema em uma oportunidade para <b>criar um ambiente funcional e elegante<\/b>, refletindo seu estilo pessoal e facilitando sua rotina di\u00e1ria.<\/p>\n<p>### Contexto Breve: 3 Principais Insights<\/p>\n<p>1. **Otimiza\u00e7\u00e3o Inteligente do Espa\u00e7o**: Descubra solu\u00e7\u00f5es criativas e pr\u00e1ticas para maximizar o aproveitamento do espa\u00e7o em seu closet, permitindo que voc\u00ea armazene e organize suas roupas e acess\u00f3rios de maneira eficiente.<\/p>\n<p>2. **Design Elegante e Funcional**: Explore t\u00e9cnicas de ilumina\u00e7\u00e3o e dicas de est\u00e9tica para criar um closet visualmente atraente, que combine beleza e funcionalidade de forma harmoniosa.<\/p>\n<p>3. **Personaliza\u00e7\u00e3o e Planejamento**: Aprenda a adaptar seu closet \u00e0s suas necessidades espec\u00edficas, tornando-o um reflexo de seu estilo pessoal e facilitando sua rotina di\u00e1ria.<\/p>\n<h2>Organizando seu Espa\u00e7o: Dicas para um Closet Perfeito<\/h2>\n<p>Um <b>closet bem organizado<\/b> \u00e9 a chave para uma rotina mais tranquila e eficiente. Ao manter tudo em seu devido lugar, voc\u00ea economiza tempo precioso e evita o estresse desnecess\u00e1rio de procurar por aquela pe\u00e7a espec\u00edfica que parece ter desaparecido no caos. <strong>A organiza\u00e7\u00e3o n\u00e3o apenas torna sua vida mais f\u00e1cil, mas tamb\u00e9m prolonga a vida \u00fatil de suas roupas e acess\u00f3rios, mantendo-os em boas condi\u00e7\u00f5es.<\/strong><\/p>\n<h3>Aproveitando a \u00c1rea Dispon\u00edvel: Solu\u00e7\u00f5es Inteligentes de Armazenamento<\/h3>\n<p>Independentemente do tamanho do seu closet, <b>aproveitar ao m\u00e1ximo o espa\u00e7o dispon\u00edvel<\/b> \u00e9 fundamental para uma organiza\u00e7\u00e3o eficiente. Comece por fazer uma triagem cuidadosa de suas roupas e acess\u00f3rios, doando ou vendendo aqueles que voc\u00ea n\u00e3o usa mais. Em seguida, invista em solu\u00e7\u00f5es de armazenamento inteligentes, como prateleiras suspensas, cestos organizadores e cabides duplos, para maximizar o espa\u00e7o vertical e horizontal.<\/p>\n<p>Outra dica valiosa \u00e9 <strong>agrupar itens semelhantes juntos<\/strong>, como camisetas, cal\u00e7as e vestidos. Isso n\u00e3o apenas facilita a localiza\u00e7\u00e3o das pe\u00e7as, mas tamb\u00e9m cria uma sensa\u00e7\u00e3o de ordem e harmonia visual. Al\u00e9m disso, <b>aproveite o espa\u00e7o debaixo das prateleiras<\/b> para armazenar sapatos, bolsas ou caixas organizadoras, otimizando cada cent\u00edmetro dispon\u00edvel.<\/p>\n<h3>Ilumina\u00e7\u00e3o e Est\u00e9tica: Criando um Closet Elegante e Funcional<\/h3>\n<p><img decoding=\"async\" src=\"https:\/\/www.aarquiteta.com.br\/blog\/wp-content\/uploads\/2024\/04\/8f5f521b762c32a584b6cd46c2dec573.jpg\" alt=\"\" title=\"\">Source: <a href=\"http:\/\/www.pinterest.com\/pin\/455426581083600417\" target=\"_blank\" rel=\"noopener\">Pinterest<\/a><\/p>\n<p>Al\u00e9m da organiza\u00e7\u00e3o pr\u00e1tica, <b>um closet bem iluminado e esteticamente agrad\u00e1vel<\/b> pode transformar completamente sua experi\u00eancia di\u00e1ria. Invista em ilumina\u00e7\u00e3o adequada, seja por meio de luzes embutidas ou lumin\u00e1rias estrategicamente posicionadas, para que voc\u00ea possa visualizar facilmente suas roupas e acess\u00f3rios.<\/p>\n<p>N\u00e3o se esque\u00e7a tamb\u00e9m de <strong>incorporar elementos decorativos<\/strong> que reflitam seu estilo pessoal, como um espelho de corpo inteiro, um banco acolchoado ou at\u00e9 mesmo uma pequena obra de arte na parede. Esses detalhes n\u00e3o apenas <b>tornam seu closet mais atraente<\/b>, mas tamb\u00e9m o transformam em um verdadeiro santu\u00e1rio onde voc\u00ea pode se preparar para enfrentar o dia com confian\u00e7a e estilo.<\/p>\n<h3>Acess\u00f3rios Essenciais: Otimizando a Organiza\u00e7\u00e3o do Seu Closet<\/h3>\n<p><img decoding=\"async\" src=\"https:\/\/www.aarquiteta.com.br\/blog\/wp-content\/uploads\/2024\/04\/c4a949c6b9f515066909ab412fd67d67.jpg\" alt=\"\" title=\"\">Source: <a href=\"http:\/\/www.pinterest.com\/pin\/246923992191644360\" target=\"_blank\" rel=\"noopener\">Pinterest<\/a><\/p>\n<p>Para alcan\u00e7ar <b>a organiza\u00e7\u00e3o perfeita<\/b>, \u00e9 fundamental contar com os acess\u00f3rios certos. Cabides de qualidade, por exemplo, podem fazer uma grande diferen\u00e7a na apar\u00eancia e na conserva\u00e7\u00e3o de suas roupas. Invista em cabides de veludo ou revestidos, que evitam que as pe\u00e7as escorreguem e fiquem amassadas.<\/p>\n<p><strong>Cestos organizadores e caixas transparentes<\/strong> tamb\u00e9m s\u00e3o aliados valiosos na hora de armazenar itens menores, como meias, len\u00e7os e cintos. Eles n\u00e3o apenas mant\u00eam tudo organizado e vis\u00edvel, mas tamb\u00e9m <b>facilitam a localiza\u00e7\u00e3o r\u00e1pida do que voc\u00ea precisa<\/b>. Al\u00e9m disso, considere a adi\u00e7\u00e3o de um espelho de corpo inteiro, essencial para experimentar looks completos e garantir que tudo esteja impec\u00e1vel antes de sair.<\/p>\n<h3>Planejamento e Personaliza\u00e7\u00e3o: Adaptando o Closet \u00e0s Suas Necessidades<\/h3>\n<p><img decoding=\"async\" src=\"https:\/\/www.aarquiteta.com.br\/blog\/wp-content\/uploads\/2024\/04\/b8e47f243b54d5e636f46f916997519c.jpg\" alt=\"\" title=\"\">Source: <a href=\"http:\/\/www.pinterest.com\/pin\/AQ-019SLL9oFGE5e62tSY_Wsq6bIs-bCAwpeWpNoQURWqPjsgJ0VysdvjVpOwTmfy2cttD2II2luc1NFuInKOGI\" target=\"_blank\" rel=\"noopener\">Pinterest<\/a><\/p>\n<p>Lembre-se de que <b>n\u00e3o existe uma solu\u00e7\u00e3o \u00fanica para todos<\/b>. Cada pessoa tem suas pr\u00f3prias necessidades e prefer\u00eancias quando se trata de organiza\u00e7\u00e3o e estilo. Por isso, \u00e9 crucial <strong>planejar e personalizar seu closet de acordo com suas demandas espec\u00edficas<\/strong>.<\/p>\n<p>Se voc\u00ea \u00e9 uma pessoa que gosta de ter tudo \u00e0 vista, opte por prateleiras abertas e cabides expostos. Por outro lado, se voc\u00ea prefere um visual mais minimalista, <b>solu\u00e7\u00f5es de armazenamento fechadas<\/b>, como arm\u00e1rios e gavetas, podem ser a melhor escolha. Al\u00e9m disso, leve em considera\u00e7\u00e3o a disposi\u00e7\u00e3o do seu closet e aproveite cada canto e recesso para maximizar o espa\u00e7o \u00fatil.<\/p>\n<h3>Conclus\u00e3o: Seu Closet Perfeito, Sua Rotina Facilitada<\/h3>\n<p><img decoding=\"async\" src=\"https:\/\/www.aarquiteta.com.br\/blog\/wp-content\/uploads\/2024\/04\/2af9f78e6769210645ef4f2f492c78d9.jpg\" alt=\"\" title=\"\">Source: <a href=\"http:\/\/www.pinterest.com\/pin\/48061921597056295\" target=\"_blank\" rel=\"noopener\">Pinterest<\/a><\/p>\n<p>Um <b>closet bem organizado e funcional<\/b> n\u00e3o \u00e9 apenas uma quest\u00e3o de est\u00e9tica, mas sim <strong>uma verdadeira revolu\u00e7\u00e3o em sua rotina di\u00e1ria<\/strong>. Ao seguir as dicas e solu\u00e7\u00f5es apresentadas neste artigo, voc\u00ea estar\u00e1 no caminho certo para criar um ambiente que reflete seu estilo pessoal e facilita sua vida, economizando tempo e reduzindo o estresse desnecess\u00e1rio.<\/p>\n<p>Lembre-se de que a organiza\u00e7\u00e3o \u00e9 um processo cont\u00ednuo, e <b>pequenos ajustes aqui e ali<\/b> podem fazer uma grande diferen\u00e7a. Ent\u00e3o, n\u00e3o tenha medo de experimentar e encontrar as solu\u00e7\u00f5es que melhor se adaptam \u00e0s suas necessidades. <strong>Um closet perfeito est\u00e1 ao seu alcance, e a tranquilidade de uma rotina organizada \u00e9 a recompensa que voc\u00ea merece.<\/strong><\/p>\n<h3>Bestar Versatile 108&#8221; 5 Piece 2-Corner Storage Unit in White<\/h3>\n<p><img decoding=\"async\" src=\"https:\/\/www.aarquiteta.com.br\/blog\/wp-content\/uploads\/2024\/04\/4b8f022e305534d9f0fe7789e7685c87.jpg\" alt=\"\" title=\"\">Source: <a href=\"http:\/\/www.pinterest.com\/pin\/923026886131731007\" target=\"_blank\" rel=\"noopener\">Pinterest<\/a><\/p>\n<h3>Kit Closet Modulado M96 Arm&aacute;rio, Quarto, Loja<\/h3>\n<p><img decoding=\"async\" src=\"https:\/\/www.aarquiteta.com.br\/blog\/wp-content\/uploads\/2024\/04\/7555007082231062bcaae4a366c6f63e.jpg\" alt=\"\" title=\"\">Source: <a href=\"http:\/\/www.pinterest.com\/pin\/846395323736968107\" target=\"_blank\" rel=\"noopener\">Pinterest<\/a><\/p>\n<h3>Closet aberto<\/h3>\n<p><img decoding=\"async\" src=\"https:\/\/www.aarquiteta.com.br\/blog\/wp-content\/uploads\/2024\/04\/dcf84f84efc591e5873ac4a1c59ad227-675x1200.jpg\" alt=\"\" title=\"\">Source: <a href=\"http:\/\/www.pinterest.com\/pin\/5981411999337826\" target=\"_blank\" rel=\"noopener\">Pinterest<\/a><\/p>\n<h3>ClosetMaid SpaceCreations 50&#8243; W &#8211; 121&#8243; W Closet System Reach-In Sets Manufactured Wood in White | 84 H x 15.2 D in | Wayfair | Organization<\/h3>\n<p><img decoding=\"async\" src=\"https:\/\/www.aarquiteta.com.br\/blog\/wp-content\/uploads\/2024\/04\/937f8f0d5df84bcf8f0c95d9d1440c01.jpg\" alt=\"\" title=\"\">Source: <a href=\"http:\/\/www.pinterest.com\/pin\/AQoeqUUyW1RfxrSKkdMNxhGC2yxFm7j7V6DY2Jl2erv8VzRGrAgVlJAHTSB1ay2YsZF9Sw_t_W6d6zeaNPrqmvY\" target=\"_blank\" rel=\"noopener\">Pinterest<\/a><\/p>\n<h3>Ramsey White Open 3-Sectional Corner Closet (Set of 3)<\/h3>\n<p><img decoding=\"async\" src=\"https:\/\/www.aarquiteta.com.br\/blog\/wp-content\/uploads\/2024\/04\/a39935d9008de78a5b0c04ea2cb9a63f.jpg\" alt=\"\" title=\"\">Source: <a href=\"http:\/\/www.pinterest.com\/pin\/923026886131731007\" target=\"_blank\" rel=\"noopener\">Pinterest<\/a><\/p>\n<h3>Latitude Run&reg; Crissey 139.25&#8243; W Closet System Walk-In Sets Manufactured Wood in Brown \/ White | 93 H x 139.25 W x 14 D in | Wayfair | Organization<\/h3>\n<p><img decoding=\"async\" src=\"https:\/\/www.aarquiteta.com.br\/blog\/wp-content\/uploads\/2024\/04\/f8e493dee4a60344659540b2a4af194e.jpg\" alt=\"\" title=\"\">Source: <a href=\"http:\/\/www.pinterest.com\/pin\/48061921597284732\" target=\"_blank\" rel=\"noopener\">Pinterest<\/a><\/p>\n<h3>Closet &#038; CO 84&#8243; Closet System Manufactured Wood in White | 84 H x 84 W x 21 D in | Wayfair | Organization<\/h3>\n<p><img decoding=\"async\" src=\"https:\/\/www.aarquiteta.com.br\/blog\/wp-content\/uploads\/2024\/04\/e7373b615cf8325ee5ca584c1e99f4d4.jpg\" alt=\"\" title=\"\">Source: <a href=\"http:\/\/www.pinterest.com\/pin\/48061921592145546\" target=\"_blank\" rel=\"noopener\">Pinterest<\/a><\/p>\n<h3>Elfa Classic 5&#8242; Reach-In Closet White<\/h3>\n<p><img decoding=\"async\" src=\"https:\/\/www.aarquiteta.com.br\/blog\/wp-content\/uploads\/2024\/04\/c0e5f7ff6c6e863eb2799a33ef3ed657-1200x1200.jpg\" alt=\"\" title=\"\">Source: <a href=\"http:\/\/www.pinterest.com\/pin\/455426581078779453\" target=\"_blank\" rel=\"noopener\">Pinterest<\/a><\/p>\n<h3>Elfa Decor 7&#8242; Reach-In Closet White and Birch<\/h3>\n<p><img decoding=\"async\" src=\"https:\/\/www.aarquiteta.com.br\/blog\/wp-content\/uploads\/2024\/04\/8f5f521b762c32a584b6cd46c2dec573.jpg\" alt=\"\" title=\"\">Source: <a href=\"http:\/\/www.pinterest.com\/pin\/455426581083600417\" target=\"_blank\" rel=\"noopener\">Pinterest<\/a><\/p>\n<h3>Stylish &#038; Multifunctional Design Full Size Loft Bed with Built-in Desk with 2 Drawers, and Storage Shelves, Space Saving, White<\/h3>\n<p><img decoding=\"async\" src=\"https:\/\/www.aarquiteta.com.br\/blog\/wp-content\/uploads\/2024\/04\/c4a949c6b9f515066909ab412fd67d67.jpg\" alt=\"\" title=\"\">Source: <a href=\"http:\/\/www.pinterest.com\/pin\/246923992191644360\" target=\"_blank\" rel=\"noopener\">Pinterest<\/a><\/p>\n<h3>Latitude Run&reg; Faige 96 Inches Closet System w \/ 3 Shelving Towers &#038; 3 Drawers Manufactured Wood in Gray \/ White | 75 H x 16 D in | Wayfair<\/h3>\n<p><img decoding=\"async\" src=\"https:\/\/www.aarquiteta.com.br\/blog\/wp-content\/uploads\/2024\/04\/b8e47f243b54d5e636f46f916997519c.jpg\" alt=\"\" title=\"\">Source: <a href=\"http:\/\/www.pinterest.com\/pin\/AQ-019SLL9oFGE5e62tSY_Wsq6bIs-bCAwpeWpNoQURWqPjsgJ0VysdvjVpOwTmfy2cttD2II2luc1NFuInKOGI\" target=\"_blank\" rel=\"noopener\">Pinterest<\/a><\/p>\n<h3>Closet &#038; CO 90&#8243; Closet System Manufactured Wood in White | 84 H x 90 W x 21 D in | Wayfair | Organization<\/h3>\n<p><img decoding=\"async\" src=\"https:\/\/www.aarquiteta.com.br\/blog\/wp-content\/uploads\/2024\/04\/2af9f78e6769210645ef4f2f492c78d9.jpg\" alt=\"\" title=\"\">Source: <a href=\"http:\/\/www.pinterest.com\/pin\/48061921597056295\" target=\"_blank\" rel=\"noopener\">Pinterest<\/a><\/p>\n<h3>Bestar Versatile 108&#8221; 5 Piece 2-Corner Storage Unit in White<\/h3>\n<p><img decoding=\"async\" src=\"https:\/\/www.aarquiteta.com.br\/blog\/wp-content\/uploads\/2024\/04\/4b8f022e305534d9f0fe7789e7685c87.jpg\" alt=\"\" title=\"\">Source: <a href=\"http:\/\/www.pinterest.com\/pin\/923026886131731007\" target=\"_blank\" rel=\"noopener\">Pinterest<\/a><\/p>\n<h3>Kit Closet Modulado M96 Arm&aacute;rio, Quarto, Loja<\/h3>\n<p><img decoding=\"async\" src=\"https:\/\/www.aarquiteta.com.br\/blog\/wp-content\/uploads\/2024\/04\/7555007082231062bcaae4a366c6f63e.jpg\" alt=\"\" title=\"\">Source: <a href=\"http:\/\/www.pinterest.com\/pin\/846395323736968107\" target=\"_blank\" rel=\"noopener\">Pinterest<\/a><\/p>\n<h3>Closet aberto<\/h3>\n<p><img decoding=\"async\" src=\"https:\/\/www.aarquiteta.com.br\/blog\/wp-content\/uploads\/2024\/04\/dcf84f84efc591e5873ac4a1c59ad227-675x1200.jpg\" alt=\"\" title=\"\">Source: <a href=\"http:\/\/www.pinterest.com\/pin\/5981411999337826\" target=\"_blank\" rel=\"noopener\">Pinterest<\/a><\/p>\n<h3>ClosetMaid SpaceCreations 50&#8243; W &#8211; 121&#8243; W Closet System Reach-In Sets Manufactured Wood in White | 84 H x 15.2 D in | Wayfair | Organization<\/h3>\n<p><img decoding=\"async\" src=\"https:\/\/www.aarquiteta.com.br\/blog\/wp-content\/uploads\/2024\/04\/937f8f0d5df84bcf8f0c95d9d1440c01.jpg\" alt=\"\" title=\"\">Source: <a href=\"http:\/\/www.pinterest.com\/pin\/AQoeqUUyW1RfxrSKkdMNxhGC2yxFm7j7V6DY2Jl2erv8VzRGrAgVlJAHTSB1ay2YsZF9Sw_t_W6d6zeaNPrqmvY\" target=\"_blank\" rel=\"noopener\">Pinterest<\/a><\/p>\n","protected":false},"excerpt":{"rendered":"<p>Espa\u00e7o e Estilo Planejando um Quarto com Closet Perfeito<\/p>\n","protected":false},"author":102,"featured_media":111539,"comment_status":"closed","ping_status":"closed","sticky":false,"template":"","format":"standard","meta":{"footnotes":""},"categories":[1484],"tags":[],"class_list":["post-111554","post","type-post","status-publish","format-standard","has-post-thumbnail","category-decoracao"],"_wp_attached_file":null,"_wp_attachment_metadata":null,"_wp_attachment_context":null,"_wp_attachment_is_custom_header":null,"geo_longitude":null,"geo_public":null,"geo_latitude":null,"_publicize_done_external":null,"_wpas_done_3897181":null,"publicize_twitter_user":null,"_wpas_done_3897175":null,"_wpas_skip_3897181":null,"_wpas_skip_3897175":null,"_wpas_skip_3924723":null,"_wpas_mess":null,"_wpas_done_3924723":null,"wps_subtitle":"","_links":{"self":[{"href":"https:\/\/www.aarquiteta.com.br\/blog\/wp-json\/wp\/v2\/posts\/111554","targetHints":{"allow":["GET"]}}],"collection":[{"href":"https:\/\/www.aarquiteta.com.br\/blog\/wp-json\/wp\/v2\/posts"}],"about":[{"href":"https:\/\/www.aarquiteta.com.br\/blog\/wp-json\/wp\/v2\/types\/post"}],"author":[{"embeddable":true,"href":"https:\/\/www.aarquiteta.com.br\/blog\/wp-json\/wp\/v2\/users\/102"}],"replies":[{"embeddable":true,"href":"https:\/\/www.aarquiteta.com.br\/blog\/wp-json\/wp\/v2\/comments?post=111554"}],"version-history":[{"count":0,"href":"https:\/\/www.aarquiteta.com.br\/blog\/wp-json\/wp\/v2\/posts\/111554\/revisions"}],"wp:featuredmedia":[{"embeddable":true,"href":"https:\/\/www.aarquiteta.com.br\/blog\/wp-json\/wp\/v2\/media\/111539"}],"wp:attachment":[{"href":"https:\/\/www.aarquiteta.com.br\/blog\/wp-json\/wp\/v2\/media?parent=111554"}],"wp:term":[{"taxonomy":"category","embeddable":true,"href":"https:\/\/www.aarquiteta.com.br\/blog\/wp-json\/wp\/v2\/categories?post=111554"},{"taxonomy":"post_tag","embeddable":true,"href":"https:\/\/www.aarquiteta.com.br\/blog\/wp-json\/wp\/v2\/tags?post=111554"}],"curies":[{"name":"wp","href":"https:\/\/api.w.org\/{rel}","templated":true}]}}