{"id":111352,"date":"2024-04-22T18:09:07","date_gmt":"2024-04-22T21:09:07","guid":{"rendered":"https:\/\/www.aarquiteta.com.br\/blog\/veja-os-5-melhores-bairros-do-nordeste-para-investir-em-imoveis\/"},"modified":"2024-04-22T18:09:07","modified_gmt":"2024-04-22T21:09:07","slug":"veja-os-5-melhores-bairros-do-nordeste-para-investir-em-imoveis","status":"publish","type":"post","link":"https:\/\/www.aarquiteta.com.br\/blog\/veja-os-5-melhores-bairros-do-nordeste-para-investir-em-imoveis\/","title":{"rendered":"Veja os 5 melhores bairros do Nordeste para investir em im\u00f3veis."},"content":{"rendered":"<p>O mercado imobili\u00e1rio no Nordeste tem se tornado cada vez mais atraente para investidores devido \u00e0 sua s\u00f3lida economia e ao crescimento constante da regi\u00e3o. No entanto, escolher o bairro certo \u00e9 fundamental para garantir um investimento bem-sucedido e lucrativo. Aqui est\u00e3o as principais ideias centrais que abordaremos neste artigo:<\/p>\n<ul>\n<li><b>Os 5 melhores bairros do Nordeste para investir em im\u00f3veis<\/b> &#8211; Apresentaremos uma lista dos bairros mais promissores da regi\u00e3o, considerando fatores como infraestrutura, seguran\u00e7a, valoriza\u00e7\u00e3o imobili\u00e1ria e qualidade de vida.<\/li>\n<li><b>Por que esses bairros s\u00e3o \u00f3timas op\u00e7\u00f5es para investimento<\/b> &#8211; Exploraremos as raz\u00f5es pelas quais cada um desses bairros se destaca, com base em dados concretos e an\u00e1lises de mercado.<\/li>\n<li><b>Dicas valiosas para investidores imobili\u00e1rios<\/b> &#8211; Compartilharemos insights e conselhos pr\u00e1ticos para aqueles que desejam investir com sucesso no mercado imobili\u00e1rio nordestino.<\/li>\n<\/ul>\n<p>Ent\u00e3o, sem mais delongas, vamos mergulhar neste emocionante mundo dos investimentos imobili\u00e1rios no Nordeste!<\/p>\n<h3>Introdu\u00e7\u00e3o<\/h3>\n<p>O Nordeste brasileiro tem sido palco de um <b>crescimento econ\u00f4mico impressionante<\/b> nos \u00faltimos anos, atraindo a aten\u00e7\u00e3o de investidores de todo o pa\u00eds. Com cidades vibrantes, belezas naturais deslumbrantes e um estilo de vida descontra\u00eddo, a regi\u00e3o se tornou um destino de escolha para muitos em busca de oportunidades lucrativas no setor imobili\u00e1rio.<\/p>\n<p>No entanto, <b>escolher o bairro certo<\/b> \u00e9 crucial quando se trata de investir em im\u00f3veis. Afinal, n\u00e3o basta apenas adquirir uma propriedade em uma localiza\u00e7\u00e3o qualquer. \u00c9 necess\u00e1rio considerar fatores como infraestrutura, seguran\u00e7a, valoriza\u00e7\u00e3o imobili\u00e1ria e qualidade de vida, pois eles influenciar\u00e3o diretamente o sucesso do seu investimento.<\/p>\n<h3>1. Boa Viagem &#8211; Recife, PE<\/h3>\n<figure style=\"width: 1024px\" class=\"wp-caption aligncenter\"><img decoding=\"async\" src=\"https:\/\/www.aarquiteta.com.br\/blog\/wp-content\/uploads\/2024\/04\/melhores-bairros-nordeste-investir-imoveis04.jpg\" alt=\"Veja os 5 melhores bairros do Nordeste para investir em im\u00f3veis.\" width=\"1024\" height=\"1024\" title=\"\"><figcaption class=\"wp-caption-text\">Veja os 5 melhores bairros do Nordeste para investir em im\u00f3veis.<\/figcaption><\/figure>\n<p>Situado \u00e0 beira-mar, o bairro de Boa Viagem, em Recife, \u00e9 um verdadeiro para\u00edso para investidores e moradores. Suas <b>praias deslumbrantes<\/b> e abund\u00e2ncia de op\u00e7\u00f5es de lazer e entretenimento tornam-no um dos bairros mais cobi\u00e7ados da regi\u00e3o. Al\u00e9m disso, Boa Viagem possui uma excelente infraestrutura urbana, com shoppings centers, restaurantes renomados e acesso f\u00e1cil a outras \u00e1reas da cidade.<\/p>\n<p>Nos \u00faltimos anos, o bairro tem vivenciado uma <b>valoriza\u00e7\u00e3o imobili\u00e1ria impressionante<\/b>, tornando-o uma \u00f3tima op\u00e7\u00e3o para investimentos de curto e longo prazo. Seja para aquisi\u00e7\u00e3o de im\u00f3veis residenciais ou comerciais, Boa Viagem \u00e9 uma aposta segura para aqueles que buscam retornos financeiros s\u00f3lidos.<\/p>\n<h3>2. Aldeota &#8211; Fortaleza, CE<\/h3>\n<p>Conhecido como o &#8220;bairro nobre&#8221; de Fortaleza, a Aldeota \u00e9 um verdadeiro <b>o\u00e1sis urbano<\/b> no cora\u00e7\u00e3o da capital cearense. Com suas ruas arborizadas, seguran\u00e7a impec\u00e1vel e infraestrutura de primeira linha, este bairro \u00e9 um destino cobi\u00e7ado por fam\u00edlias de alta renda e investidores imobili\u00e1rios.<\/p>\n<p>Al\u00e9m de abrigar alguns dos <b>im\u00f3veis mais valorizados<\/b> da cidade, a Aldeota tamb\u00e9m \u00e9 um polo gastron\u00f4mico e cultural de destaque. Seus in\u00fameros restaurantes, bares e centros culturais atraem visitantes de todas as partes, contribuindo para a valoriza\u00e7\u00e3o constante dos im\u00f3veis na regi\u00e3o.<\/p>\n<h3>3. Mana\u00edra &#8211; Jo\u00e3o Pessoa, PB<\/h3>\n<style id=\"wp_carousel_dynamic_css104050\">.sp-wp-carousel-free-id-104050.wpcf-fancybox-wrapper .fancybox-bg{background: #0b0b0b;opacity: 0.8;}.sp-wp-carousel-free-id-104050.wpcf-fancybox-wrapper .fancybox-navigation .fancybox-button .wpcp-fancybox-nav-arrow i {color: #ccc;}.sp-wp-carousel-free-id-104050.wpcf-fancybox-wrapper .fancybox-navigation .fancybox-button .wpcp-fancybox-nav-arrow i:hover {color: #fff;}.sp-wp-carousel-free-id-104050.wpcf-fancybox-wrapper .fancybox-navigation .fancybox-button {background: #1e1e1e;}.sp-wp-carousel-free-id-104050.wpcf-fancybox-wrapper .fancybox-navigation .fancybox-button:hover {background: #1e1e1e;}#sp-wp-carousel-free-id-104050 .wpcp-swiper-dots {margin: 40px 0px 0px 0px;}.wpcp-wrapper-104050 .swiper-wrapper .swiper-slide-kenburn, .wpcp-wrapper-104050 .swiper-wrapper, .wpcp-wrapper-104050 .wpcpro-row{align-items: center;}#sp-wp-carousel-free-id-104050 .wpcp-single-item {box-shadow: 0px 0px 0px 0px #dddddd;transition: all .3s;margin: 0px;}#sp-wp-carousel-free-id-104050.swiper-flip .wpcp-single-item{margin: 0!important;}#sp-wp-carousel-free-id-104050 .wpcp-single-item:hover {box-shadow: 0px 0px 0px 0px #dddddd;}#sp-wp-carousel-free-id-104050.sp-wpcp-104050 .wpcp-single-item {border: 1px solid #dddddd;}#sp-wp-carousel-free-id-104050.sp-wpcp-104050 .swiper-button-prev,#sp-wp-carousel-free-id-104050.sp-wpcp-104050 .swiper-button-next,#sp-wp-carousel-free-id-104050.sp-wpcp-104050 .swiper-button-prev:hover,#sp-wp-carousel-free-id-104050.sp-wpcp-104050 .swiper-button-next:hover {background: none;border: none;font-size: 30px;}#sp-wp-carousel-free-id-104050.sp-wpcp-104050 .swiper-button-prev i,#sp-wp-carousel-free-id-104050.sp-wpcp-104050 .swiper-button-next i {color: #aaa;}#sp-wp-carousel-free-id-104050.sp-wpcp-104050 .swiper-button-prev i:hover,#sp-wp-carousel-free-id-104050.sp-wpcp-104050 .swiper-button-next i:hover {color: #178087;}#sp-wp-carousel-free-id-104050.sp-wpcp-104050 .wpcp-swiper-dots .swiper-pagination-bullet {background-color: #cccccc;}#sp-wp-carousel-free-id-104050.sp-wpcp-104050 .wpcp-swiper-dots .swiper-pagination-bullet.swiper-pagination-bullet-active {background-color: #178087;} #sp-wp-carousel-free-id-104050.sp-wpcp-104050.wpcp-image-carousel .wpcp-single-item:hover img, #sp-wp-carousel-free-id-104050.sp-wpcp-104050.wpcp-post-carousel .wpcp-single-item:hover img, #sp-wp-carousel-free-id-104050.sp-wpcp-104050.wpcp-product-carousel .wpcp-single-item:hover img{-webkit-transform: scale(1.2);-moz-transform: scale(1.2);transform: scale(1.2);}#sp-wp-carousel-free-id-104050 .wpcpro-row>[class*=\"wpcpro-col-\"] { padding: 0 10px; padding-bottom: 20px;} #sp-wp-carousel-free-id-104050 .swiper-slide .single-item-fade:not(:last-child) { margin-right: 20px;}@media (min-width: 480px) { .wpcpro-row .wpcpro-col-sm-1 { flex: 0 0 100%; max-width: 100%; } .wpcpro-row .wpcpro-col-sm-2 { flex: 0 0 50%; max-width: 50%; } .wpcpro-row .wpcpro-col-sm-2-5 { flex: 0 0 75%; max-width: 75%; } .wpcpro-row .wpcpro-col-sm-3 { flex: 0 0 33.333%; max-width: 33.333%; } .wpcpro-row .wpcpro-col-sm-4 { flex: 0 0 25%; max-width: 25%; } .wpcpro-row .wpcpro-col-sm-5 { flex: 0 0 20%; max-width: 20%; } .wpcpro-row .wpcpro-col-sm-6 { flex: 0 0 16.66666666666667%; max-width: 16.66666666666667%; } .wpcpro-row .wpcpro-col-sm-7 { flex: 0 0 14.28571428%; max-width: 14.28571428%; } .wpcpro-row .wpcpro-col-sm-8 { flex: 0 0 12.5%; max-width: 12.5%; } } @media (max-width: 480px) { .wpcpro-row .wpcpro-col-xs-1 { flex: 0 0 100%; max-width: 100%; } .wpcpro-row .wpcpro-col-xs-2 { flex: 0 0 50%; max-width: 50%; } .wpcpro-row .wpcpro-col-xs-3 { flex: 0 0 33.222%; max-width: 33.222%; } .wpcpro-row .wpcpro-col-xs-4 { flex: 0 0 25%; max-width: 25%; } .wpcpro-row .wpcpro-col-xs-5 { flex: 0 0 20%; max-width: 20%; } .wpcpro-row .wpcpro-col-xs-6 { flex: 0 0 16.6667%; max-width: 16.6667%; } .wpcpro-row .wpcpro-col-xs-7 { flex: 0 0 14.28571428%; max-width: 14.28571428%; } .wpcpro-row .wpcpro-col-xs-8 { flex: 0 0 12.5%; max-width: 12.5%; } } @media (min-width: 736px) { .wpcpro-row .wpcpro-col-md-1 { flex: 0 0 100%; max-width: 100%; } .wpcpro-row .wpcpro-col-md-2 { flex: 0 0 50%; max-width: 50%; } .wpcpro-row .wpcpro-col-md-2-5 { flex: 0 0 75%; max-width: 75%; } .wpcpro-row .wpcpro-col-md-3 { flex: 0 0 33.333%; max-width: 33.333%; } .wpcpro-row .wpcpro-col-md-4 { flex: 0 0 25%; max-width: 25%; } .wpcpro-row .wpcpro-col-md-5 { flex: 0 0 20%; max-width: 20%; } .wpcpro-row .wpcpro-col-md-6 { flex: 0 0 16.66666666666667%; max-width: 16.66666666666667%; } .wpcpro-row .wpcpro-col-md-7 { flex: 0 0 14.28571428%; max-width: 14.28571428%; } .wpcpro-row .wpcpro-col-md-8 { flex: 0 0 12.5%; max-width: 12.5%; } } @media (min-width: 980px) { .wpcpro-row .wpcpro-col-lg-1 { flex: 0 0 100%; max-width: 100%; } .wpcpro-row .wpcpro-col-lg-2 { flex: 0 0 50%; max-width: 50%; } .wpcpro-row .wpcpro-col-lg-3 { flex: 0 0 33.222%; max-width: 33.222%; } .wpcpro-row .wpcpro-col-lg-4 { flex: 0 0 25%; max-width: 25%; } .wpcpro-row .wpcpro-col-lg-5 { flex: 0 0 20%; max-width: 20%; } .wpcpro-row .wpcpro-col-lg-6 { flex: 0 0 16.6667%; max-width: 16.6667%; } .wpcpro-row .wpcpro-col-lg-7 { flex: 0 0 14.28571428%; max-width: 14.28571428%; } .wpcpro-row .wpcpro-col-lg-8 { flex: 0 0 12.5%; max-width: 12.5%; } } @media (min-width: 1200px) { .wpcpro-row .wpcpro-col-xl-1 { flex: 0 0 100%; max-width: 100%; } .wpcpro-row .wpcpro-col-xl-2 { flex: 0 0 50%; max-width: 50%; } .wpcpro-row .wpcpro-col-xl-3 { flex: 0 0 33.22222222%; max-width: 33.22222222%; } .wpcpro-row .wpcpro-col-xl-4 { flex: 0 0 25%; max-width: 25%; } .wpcpro-row .wpcpro-col-xl-5 { flex: 0 0 20%; max-width: 20%; } .wpcpro-row .wpcpro-col-xl-6 { flex: 0 0 16.66667%; max-width: 16.66667%; } .wpcpro-row .wpcpro-col-xl-7 { flex: 0 0 14.28571428%; max-width: 14.28571428%; } .wpcpro-row .wpcpro-col-xl-8 { flex: 0 0 12.5%; max-width: 12.5%; } }<\/style><div class=\"wpcp-carousel-wrapper wpcp-wrapper-104050\">\n\t<div id=\"wpcp-preloader-104050\" class=\"wpcp-carousel-preloader\"><img decoding=\"async\" src=\"https:\/\/www.aarquiteta.com.br\/blog\/wp-content\/plugins\/wp-carousel-free\/public\/css\/spinner.svg\" alt=\"Preloader Image\" title=\"\"><\/div>\t<div class=\"wpcp-carousel-content-wrapper\">\n\t<div id=\"sp-wp-carousel-free-id-104050\" class=\"wpcp-carousel-section sp-wpcp-104050  nav-vertical-center wpcp-image-carousel wpcp-preloader wpcp-standard\" data-swiper='{ &quot;pagination_type&quot;: &quot;dots&quot;,&quot;accessibility&quot;:true, &quot;spaceBetween&quot;:20, &quot;arrows&quot;:false, &quot;freeMode&quot;: false, &quot;autoplay&quot;:true, &quot;effect&quot;: &quot;&quot;, &quot;centerMode&quot;: false, &quot;autoplaySpeed&quot;:3000, &quot;dots&quot;:true, &quot;infinite&quot;:true, &quot;speed&quot;:600, &quot;pauseOnHover&quot;:true,\n\t\t\t&quot;slidesToShow&quot;:{&quot;lg_desktop&quot;:5, &quot;desktop&quot;: 4, &quot;laptop&quot;: 3, &quot;tablet&quot;: 2, &quot;mobile&quot;: 1}, &quot;responsive&quot;:{&quot;desktop&quot;:1200, &quot;laptop&quot;: 980, &quot;tablet&quot;: 736, &quot;mobile&quot;: 480}, &quot;rtl&quot;:false, &quot;lazyLoad&quot;: &quot;false&quot;, &quot;swipe&quot;: true, &quot;draggable&quot;: true, &quot;swipeToSlide&quot;:false }' dir=\"ltr\">\n\t\t<div class=\"swiper-wrapper\">\n\t\t<div class=\"swiper-slide\">\n\t<div class=\"wpcp-single-item\">\n\t\t\t<a class=\"wcp-light-box\" data-buttons='[\"close\"]' data-wpc_url='https:\/\/www.aarquiteta.com.br\/blog\/wp-content\/uploads\/2023\/10\/casa-em-terreno-2.jpg' href=\"https:\/\/www.aarquiteta.com.br\/blog\/wp-content\/uploads\/2023\/10\/casa-em-terreno-2.jpg\" data-fancybox=\"wpcp_view\">\n\t\t<figure>\n\t\t\t<img decoding=\"async\" class=\"skip-lazy\" src=\"https:\/\/www.aarquiteta.com.br\/blog\/wp-content\/uploads\/2023\/10\/casa-em-terreno-2.jpg\" alt=\"Como Escolher o Melhor Terreno para Constru\u00e7\u00e3o: Dicas e Considera\u00e7\u00f5es!\" width=\"1200\" height=\"800\" title=\"\">\t\t<\/figure>\n\t<\/a>\n\t\t<\/div>\n<\/div>\n\t<div class=\"swiper-slide\">\n\t<div class=\"wpcp-single-item\">\n\t\t\t<a class=\"wcp-light-box\" data-buttons='[\"close\"]' data-wpc_url='https:\/\/www.aarquiteta.com.br\/blog\/wp-content\/uploads\/2023\/12\/dono-terreno-inovador-transforma-projeto-Rebequinha02.jpg' href=\"https:\/\/www.aarquiteta.com.br\/blog\/wp-content\/uploads\/2023\/12\/dono-terreno-inovador-transforma-projeto-Rebequinha02.jpg\" data-fancybox=\"wpcp_view\">\n\t\t<figure>\n\t\t\t<img decoding=\"async\" class=\"skip-lazy\" src=\"https:\/\/www.aarquiteta.com.br\/blog\/wp-content\/uploads\/2023\/12\/dono-terreno-inovador-transforma-projeto-Rebequinha02.jpg\" alt=\"dono-terreno-inovador-transforma-projeto-Rebequinha\" width=\"1024\" height=\"1024\" title=\"\">\t\t<\/figure>\n\t<\/a>\n\t\t<\/div>\n<\/div>\n\t<div class=\"swiper-slide\">\n\t<div class=\"wpcp-single-item\">\n\t\t\t<a class=\"wcp-light-box\" data-buttons='[\"close\"]' data-wpc_url='https:\/\/www.aarquiteta.com.br\/blog\/wp-content\/uploads\/2023\/12\/dono-terreno-inovador-transforma-projeto-Rebequinha01.jpg' href=\"https:\/\/www.aarquiteta.com.br\/blog\/wp-content\/uploads\/2023\/12\/dono-terreno-inovador-transforma-projeto-Rebequinha01.jpg\" data-fancybox=\"wpcp_view\">\n\t\t<figure>\n\t\t\t<img decoding=\"async\" class=\"skip-lazy\" src=\"https:\/\/www.aarquiteta.com.br\/blog\/wp-content\/uploads\/2023\/12\/dono-terreno-inovador-transforma-projeto-Rebequinha01.jpg\" alt=\"dono-terreno-inovador-transforma-projeto-Rebequinha\" width=\"1024\" height=\"1024\" title=\"\">\t\t<\/figure>\n\t<\/a>\n\t\t<\/div>\n<\/div>\n\t<div class=\"swiper-slide\">\n\t<div class=\"wpcp-single-item\">\n\t\t\t<a class=\"wcp-light-box\" data-buttons='[\"close\"]' data-wpc_url='https:\/\/www.aarquiteta.com.br\/blog\/wp-content\/uploads\/2023\/12\/arquiteto-brilhante-transforma-terreno-desafiador01.jpg' href=\"https:\/\/www.aarquiteta.com.br\/blog\/wp-content\/uploads\/2023\/12\/arquiteto-brilhante-transforma-terreno-desafiador01.jpg\" data-fancybox=\"wpcp_view\">\n\t\t<figure>\n\t\t\t<img decoding=\"async\" class=\"skip-lazy\" src=\"https:\/\/www.aarquiteta.com.br\/blog\/wp-content\/uploads\/2023\/12\/arquiteto-brilhante-transforma-terreno-desafiador01.jpg\" alt=\"arquiteto-brilhante-transforma-terreno-desafiador\" width=\"1024\" height=\"1024\" title=\"\">\t\t<\/figure>\n\t<\/a>\n\t\t<\/div>\n<\/div>\n\t<div class=\"swiper-slide\">\n\t<div class=\"wpcp-single-item\">\n\t\t\t<a class=\"wcp-light-box\" data-buttons='[\"close\"]' data-wpc_url='https:\/\/www.aarquiteta.com.br\/blog\/wp-content\/uploads\/2023\/10\/casa-em-terreno-4.jpg' href=\"https:\/\/www.aarquiteta.com.br\/blog\/wp-content\/uploads\/2023\/10\/casa-em-terreno-4.jpg\" data-fancybox=\"wpcp_view\">\n\t\t<figure>\n\t\t\t<img decoding=\"async\" class=\"skip-lazy\" src=\"https:\/\/www.aarquiteta.com.br\/blog\/wp-content\/uploads\/2023\/10\/casa-em-terreno-4.jpg\" alt=\"Como Escolher o Melhor Terreno para Constru\u00e7\u00e3o: Dicas e Considera\u00e7\u00f5es!\" width=\"1200\" height=\"800\" title=\"\">\t\t<\/figure>\n\t<\/a>\n\t\t<\/div>\n<\/div>\n\t<div class=\"swiper-slide\">\n\t<div class=\"wpcp-single-item\">\n\t\t\t<a class=\"wcp-light-box\" data-buttons='[\"close\"]' data-wpc_url='https:\/\/www.aarquiteta.com.br\/blog\/wp-content\/uploads\/2023\/09\/casa-terreno-7-x-20-metros.png' href=\"https:\/\/www.aarquiteta.com.br\/blog\/wp-content\/uploads\/2023\/09\/casa-terreno-7-x-20-metros.png\" data-fancybox=\"wpcp_view\">\n\t\t<figure>\n\t\t\t<img decoding=\"async\" class=\"skip-lazy\" src=\"https:\/\/www.aarquiteta.com.br\/blog\/wp-content\/uploads\/2023\/09\/casa-terreno-7-x-20-metros.png\" alt=\"casa terreno 7 x 20 metros\" width=\"1024\" height=\"1024\" title=\"\">\t\t<\/figure>\n\t<\/a>\n\t\t<\/div>\n<\/div>\n\t<div class=\"swiper-slide\">\n\t<div class=\"wpcp-single-item\">\n\t\t\t<a class=\"wcp-light-box\" data-buttons='[\"close\"]' data-wpc_url='https:\/\/www.aarquiteta.com.br\/blog\/wp-content\/uploads\/2023\/08\/Terreno-Estreito-Grandes-Possibilidades-Dicas-para-Construir-em-6-x-25-Metros-1.png' href=\"https:\/\/www.aarquiteta.com.br\/blog\/wp-content\/uploads\/2023\/08\/Terreno-Estreito-Grandes-Possibilidades-Dicas-para-Construir-em-6-x-25-Metros-1.png\" data-fancybox=\"wpcp_view\">\n\t\t<figure>\n\t\t\t<img decoding=\"async\" class=\"skip-lazy\" src=\"https:\/\/www.aarquiteta.com.br\/blog\/wp-content\/uploads\/2023\/08\/Terreno-Estreito-Grandes-Possibilidades-Dicas-para-Construir-em-6-x-25-Metros-1.png\" alt=\"Terreno Estreito, Grandes Possibilidades: Dicas para Construir em 6 x 25 Metros\" width=\"1024\" height=\"1024\" title=\"\">\t\t<\/figure>\n\t<\/a>\n\t\t<\/div>\n<\/div>\n\t<div class=\"swiper-slide\">\n\t<div class=\"wpcp-single-item\">\n\t\t\t<a class=\"wcp-light-box\" data-buttons='[\"close\"]' data-wpc_url='https:\/\/www.aarquiteta.com.br\/blog\/wp-content\/uploads\/2023\/08\/Terreno-Estreito-Grandes-Possibilidades-Dicas-para-Construir-em-6-x-25-Metros.png' href=\"https:\/\/www.aarquiteta.com.br\/blog\/wp-content\/uploads\/2023\/08\/Terreno-Estreito-Grandes-Possibilidades-Dicas-para-Construir-em-6-x-25-Metros.png\" data-fancybox=\"wpcp_view\">\n\t\t<figure>\n\t\t\t<img decoding=\"async\" class=\"skip-lazy\" src=\"https:\/\/www.aarquiteta.com.br\/blog\/wp-content\/uploads\/2023\/08\/Terreno-Estreito-Grandes-Possibilidades-Dicas-para-Construir-em-6-x-25-Metros.png\" alt=\"Terreno Estreito, Grandes Possibilidades: Dicas para Construir em 6 x 25 Metros\" width=\"1024\" height=\"1024\" title=\"\">\t\t<\/figure>\n\t<\/a>\n\t\t<\/div>\n<\/div>\n\t<div class=\"swiper-slide\">\n\t<div class=\"wpcp-single-item\">\n\t\t\t<a class=\"wcp-light-box\" data-buttons='[\"close\"]' data-wpc_url='https:\/\/www.aarquiteta.com.br\/blog\/wp-content\/uploads\/2023\/07\/Casa-em-terreno-6x8-metros.-Dicas-e-ideias-para-construir-a-sua-e1690721334875.png' href=\"https:\/\/www.aarquiteta.com.br\/blog\/wp-content\/uploads\/2023\/07\/Casa-em-terreno-6x8-metros.-Dicas-e-ideias-para-construir-a-sua-e1690721334875.png\" data-fancybox=\"wpcp_view\">\n\t\t<figure>\n\t\t\t<img decoding=\"async\" class=\"skip-lazy\" src=\"https:\/\/www.aarquiteta.com.br\/blog\/wp-content\/uploads\/2023\/07\/Casa-em-terreno-6x8-metros.-Dicas-e-ideias-para-construir-a-sua-e1690721334875.png\" alt=\"Casa em terreno 6x8 metros. Dicas e ideias para construir a sua\" width=\"1024\" height=\"760\" title=\"\">\t\t<\/figure>\n\t<\/a>\n\t\t<\/div>\n<\/div>\n\t<div class=\"swiper-slide\">\n\t<div class=\"wpcp-single-item\">\n\t\t\t<a class=\"wcp-light-box\" data-buttons='[\"close\"]' data-wpc_url='https:\/\/www.aarquiteta.com.br\/blog\/wp-content\/uploads\/2023\/07\/casa-em-terreno-12x25-metros.png' href=\"https:\/\/www.aarquiteta.com.br\/blog\/wp-content\/uploads\/2023\/07\/casa-em-terreno-12x25-metros.png\" data-fancybox=\"wpcp_view\">\n\t\t<figure>\n\t\t\t<img decoding=\"async\" class=\"skip-lazy\" src=\"https:\/\/www.aarquiteta.com.br\/blog\/wp-content\/uploads\/2023\/07\/casa-em-terreno-12x25-metros.png\" alt=\"casa em terreno 12x25 metros\" width=\"1024\" height=\"1024\" title=\"\">\t\t<\/figure>\n\t<\/a>\n\t\t<\/div>\n<\/div>\n\t<div class=\"swiper-slide\">\n\t<div class=\"wpcp-single-item\">\n\t\t\t<a class=\"wcp-light-box\" data-buttons='[\"close\"]' data-wpc_url='https:\/\/www.aarquiteta.com.br\/blog\/wp-content\/uploads\/2023\/06\/planta-de-casa-10x25-metros-terreno.jpg' href=\"https:\/\/www.aarquiteta.com.br\/blog\/wp-content\/uploads\/2023\/06\/planta-de-casa-10x25-metros-terreno.jpg\" data-fancybox=\"wpcp_view\">\n\t\t<figure>\n\t\t\t<img decoding=\"async\" class=\"skip-lazy\" src=\"https:\/\/www.aarquiteta.com.br\/blog\/wp-content\/uploads\/2023\/06\/planta-de-casa-10x25-metros-terreno.jpg\" alt=\"planta de casa 10x25 metros terreno\" width=\"564\" height=\"1085\" title=\"\">\t\t<\/figure>\n\t<\/a>\n\t\t<\/div>\n<\/div>\n\t<div class=\"swiper-slide\">\n\t<div class=\"wpcp-single-item\">\n\t\t\t<a class=\"wcp-light-box\" data-buttons='[\"close\"]' data-wpc_url='https:\/\/www.aarquiteta.com.br\/blog\/wp-content\/uploads\/2023\/07\/plantas-de-casas-5-x-20-7-pinterest.jpg' href=\"https:\/\/www.aarquiteta.com.br\/blog\/wp-content\/uploads\/2023\/07\/plantas-de-casas-5-x-20-7-pinterest.jpg\" data-fancybox=\"wpcp_view\">\n\t\t<figure>\n\t\t\t<img decoding=\"async\" class=\"skip-lazy\" src=\"https:\/\/www.aarquiteta.com.br\/blog\/wp-content\/uploads\/2023\/07\/plantas-de-casas-5-x-20-7-pinterest.jpg\" alt=\"Casa em terreno 5x20 metros\" width=\"600\" height=\"225\" title=\"\">\t\t<\/figure>\n\t<\/a>\n\t\t<\/div>\n<\/div>\n\t<div class=\"swiper-slide\">\n\t<div class=\"wpcp-single-item\">\n\t\t\t<a class=\"wcp-light-box\" data-buttons='[\"close\"]' data-wpc_url='https:\/\/www.aarquiteta.com.br\/blog\/wp-content\/uploads\/2023\/05\/Casa-em-terreno-6x8-metros-1.png' href=\"https:\/\/www.aarquiteta.com.br\/blog\/wp-content\/uploads\/2023\/05\/Casa-em-terreno-6x8-metros-1.png\" data-fancybox=\"wpcp_view\">\n\t\t<figure>\n\t\t\t<img decoding=\"async\" class=\"skip-lazy\" src=\"https:\/\/www.aarquiteta.com.br\/blog\/wp-content\/uploads\/2023\/05\/Casa-em-terreno-6x8-metros-1.png\" alt=\"Casa em terreno 6x8 metros\" width=\"1456\" height=\"816\" title=\"\">\t\t<\/figure>\n\t<\/a>\n\t\t<\/div>\n<\/div>\n\t<div class=\"swiper-slide\">\n\t<div class=\"wpcp-single-item\">\n\t\t\t<a class=\"wcp-light-box\" data-buttons='[\"close\"]' data-wpc_url='https:\/\/www.aarquiteta.com.br\/blog\/wp-content\/uploads\/2023\/05\/Casa-em-terreno-6x8-metros.png' href=\"https:\/\/www.aarquiteta.com.br\/blog\/wp-content\/uploads\/2023\/05\/Casa-em-terreno-6x8-metros.png\" data-fancybox=\"wpcp_view\">\n\t\t<figure>\n\t\t\t<img decoding=\"async\" class=\"skip-lazy\" src=\"https:\/\/www.aarquiteta.com.br\/blog\/wp-content\/uploads\/2023\/05\/Casa-em-terreno-6x8-metros.png\" alt=\"Casa em terreno 6x8 metros\" width=\"1456\" height=\"816\" title=\"\">\t\t<\/figure>\n\t<\/a>\n\t\t<\/div>\n<\/div>\n\t<div class=\"swiper-slide\">\n\t<div class=\"wpcp-single-item\">\n\t\t\t<a class=\"wcp-light-box\" data-buttons='[\"close\"]' data-wpc_url='https:\/\/www.aarquiteta.com.br\/blog\/wp-content\/uploads\/2023\/04\/Terreno-10x20-casa-terrea-3.png' href=\"https:\/\/www.aarquiteta.com.br\/blog\/wp-content\/uploads\/2023\/04\/Terreno-10x20-casa-terrea-3.png\" data-fancybox=\"wpcp_view\">\n\t\t<figure>\n\t\t\t<img decoding=\"async\" class=\"skip-lazy\" src=\"https:\/\/www.aarquiteta.com.br\/blog\/wp-content\/uploads\/2023\/04\/Terreno-10x20-casa-terrea-3.png\" alt=\"Terreno 10x20 casa t\u00e9rrea\" width=\"2048\" height=\"1148\" title=\"\">\t\t<\/figure>\n\t<\/a>\n\t\t<\/div>\n<\/div>\n\t\t\t<\/div>\n\t\t\t\t\t<div class=\"wpcp-swiper-dots swiper-pagination\"><\/div>\n\t\t\t\t<!-- If we need navigation buttons -->\n\t\t\t<\/div>\n\t<\/div>\n<\/div>\n\n<p>Se voc\u00ea est\u00e1 procurando por um bairro que combina <b>tranquilidade e investimento lucrativo<\/b>, Mana\u00edra, em Jo\u00e3o Pessoa, \u00e9 uma excelente op\u00e7\u00e3o. Este bairro encantador, localizado pr\u00f3ximo \u00e0s praias paradis\u00edacas da capital paraibana, \u00e9 conhecido por sua baixa densidade demogr\u00e1fica e qualidade de vida excepcional.<\/p>\n<p>Apesar de ser um bairro relativamente calmo, Mana\u00edra tem atra\u00eddo a aten\u00e7\u00e3o de investidores devido ao seu <b>crescimento constante e valoriza\u00e7\u00e3o imobili\u00e1ria<\/b>. Com a chegada de novos empreendimentos residenciais e comerciais, \u00e9 prov\u00e1vel que esta tend\u00eancia se mantenha nos pr\u00f3ximos anos, tornando-o uma escolha s\u00e1bia para aqueles que buscam diversificar seus investimentos.<\/p>\n<h3>4. Pituba &#8211; Salvador, BA<\/h3>\n<p>Na vibrante cidade de Salvador, o bairro de Pituba se destaca como um verdadeiro <b>o\u00e1sis de sofistica\u00e7\u00e3o<\/b>. Conhecido por abrigar alguns dos melhores restaurantes, bares e centros comerciais da capital baiana, Pituba \u00e9 o destino ideal para aqueles que apreciam um estilo de vida cosmopolita e cheio de op\u00e7\u00f5es.<\/p>\n<p>Al\u00e9m de sua infraestrutura impec\u00e1vel, Pituba tamb\u00e9m se destaca por sua <b>valoriza\u00e7\u00e3o imobili\u00e1ria cont\u00ednua<\/b>. Com uma demanda crescente por im\u00f3veis de alto padr\u00e3o, investir neste bairro pode ser uma excelente estrat\u00e9gia para obter retornos expressivos a longo prazo.<\/p>\n<h3>5. Boa Vista &#8211; Recife, PE<\/h3>\n<figure style=\"width: 1024px\" class=\"wp-caption aligncenter\"><img decoding=\"async\" src=\"https:\/\/www.aarquiteta.com.br\/blog\/wp-content\/uploads\/2024\/04\/melhores-bairros-nordeste-investir-imoveis02.jpg\" alt=\"Veja os 5 melhores bairros do Nordeste para investir em im\u00f3veis.\" width=\"1024\" height=\"1024\" title=\"\"><figcaption class=\"wp-caption-text\">Veja os 5 melhores bairros do Nordeste para investir em im\u00f3veis.<\/figcaption><\/figure>\n<p>De volta a Recife, o bairro de Boa Vista se destaca como uma <b>joia escondida<\/b> para investidores imobili\u00e1rios perspicazes. Localizado em uma \u00e1rea nobre da cidade, Boa Vista \u00e9 conhecido por sua tranquilidade, seguran\u00e7a e excelente infraestrutura.<\/p>\n<p>Embora ainda seja considerado um bairro em ascens\u00e3o, Boa Vista tem atra\u00eddo a aten\u00e7\u00e3o de muitos investidores devido ao seu <b>potencial de valoriza\u00e7\u00e3o<\/b> nos pr\u00f3ximos anos. Com novos empreendimentos residenciais e comerciais sendo constru\u00eddos, \u00e9 prov\u00e1vel que este bairro se torne um dos mais cobi\u00e7ados de Recife em um futuro pr\u00f3ximo.<\/p>\n<h3>Conclus\u00e3o<\/h3>\n<p>Investir em im\u00f3veis no Nordeste pode ser uma excelente oportunidade para aqueles que buscam <b>retornos financeiros s\u00f3lidos e uma qualidade de vida incompar\u00e1vel<\/b>. Dos bairros de Boa Viagem e Boa Vista em Recife, \u00e0 Aldeota em Fortaleza, passando por Mana\u00edra em Jo\u00e3o Pessoa e Pituba em Salvador, a regi\u00e3o oferece uma variedade de op\u00e7\u00f5es para atender a diferentes perfis de investidores.<\/p>\n<p>No entanto, \u00e9 importante lembrar que o sucesso de um investimento imobili\u00e1rio depende de uma an\u00e1lise cuidadosa do mercado, al\u00e9m de paci\u00eancia e estrat\u00e9gia. Mas, <b>com as dicas e informa\u00e7\u00f5es compartilhadas neste artigo<\/b>, voc\u00ea estar\u00e1 bem preparado para dar o pr\u00f3ximo passo em dire\u00e7\u00e3o a um futuro financeiro mais s\u00f3lido e promissor no Nordeste brasileiro.<\/p>\n<h3>Perguntas Frequentes<\/h3>\n<figure style=\"width: 1024px\" class=\"wp-caption aligncenter\"><img decoding=\"async\" src=\"https:\/\/www.aarquiteta.com.br\/blog\/wp-content\/uploads\/2024\/04\/melhores-bairros-nordeste-investir-imoveis01.jpg\" alt=\"Veja os 5 melhores bairros do Nordeste para investir em im\u00f3veis.\" width=\"1024\" height=\"1024\" title=\"\"><figcaption class=\"wp-caption-text\">Veja os 5 melhores bairros do Nordeste para investir em im\u00f3veis.<\/figcaption><\/figure>\n<p>1. <b>Quais s\u00e3o os principais fatores a considerar ao escolher um bairro para investir em im\u00f3veis no Nordeste?<\/b><\/p>\n<p>Ao escolher um bairro para investir em im\u00f3veis no Nordeste, \u00e9 essencial considerar fatores como infraestrutura, seguran\u00e7a, valoriza\u00e7\u00e3o imobili\u00e1ria e qualidade de vida. Al\u00e9m disso, \u00e9 importante analisar a demanda por im\u00f3veis na regi\u00e3o, bem como o potencial de crescimento futuro.<\/p>\n<p>2. <b>Como posso avaliar o potencial de valoriza\u00e7\u00e3o de um im\u00f3vel em um determinado bairro?<\/b><\/p>\n<p>Para avaliar o potencial de valoriza\u00e7\u00e3o de um im\u00f3vel em um determinado bairro, \u00e9 necess\u00e1rio realizar uma pesquisa aprofundada sobre o mercado imobili\u00e1rio local. Analise dados hist\u00f3ricos de valoriza\u00e7\u00e3o, novos empreendimentos e projetos de infraestrutura previstos para a regi\u00e3o. Tamb\u00e9m \u00e9 recomend\u00e1vel consultar profissionais especializados, como corretores e avaliadores imobili\u00e1rios.<\/p>\n<p>3. <b>Existem diferen\u00e7as significativas entre os bairros mais valorizados e os bairros em ascens\u00e3o no mercado imobili\u00e1rio do Nordeste?<\/b><\/p>\n<p>Sim, existem diferen\u00e7as significativas entre os bairros j\u00e1 consolidados e valorizados e aqueles considerados em ascens\u00e3o. Os bairros mais valorizados, geralmente, oferecem uma infraestrutura mais completa, maior seguran\u00e7a e uma demanda mais est\u00e1vel, enquanto os bairros em ascens\u00e3o apresentam um potencial de valoriza\u00e7\u00e3o mais acentuado, mas tamb\u00e9m podem envolver mais riscos. \u00c9 importante avaliar cuidadosamente os pr\u00f3s e contras de cada op\u00e7\u00e3o antes de tomar uma decis\u00e3o de investimento.<\/p>\n<figure style=\"width: 1024px\" class=\"wp-caption aligncenter\"><img decoding=\"async\" src=\"https:\/\/www.aarquiteta.com.br\/blog\/wp-content\/uploads\/2024\/04\/melhores-bairros-nordeste-investir-imoveis03.jpg\" alt=\"Veja os 5 melhores bairros do Nordeste para investir em im\u00f3veis.\" width=\"1024\" height=\"1024\" title=\"\"><figcaption class=\"wp-caption-text\">Veja os 5 melhores bairros do Nordeste para investir em im\u00f3veis.<\/figcaption><\/figure>\n<h3>Assista agora a minha recomenda\u00e7\u00e3o de video abaixo sobre o tema que estamos tratando neste artigo: <\/h3>\n<p><div class=\"youtube-embed\" data-video_id=\"6yMyD7Lj5a8\"><iframe title=\"Veja quais s\u00e3o os bairros mais caros para alugar im\u00f3veis no Nordeste\" width=\"696\" height=\"392\" src=\"https:\/\/www.youtube.com\/embed\/6yMyD7Lj5a8?feature=oembed&#038;enablejsapi=1\" frameborder=\"0\" allow=\"accelerometer; autoplay; clipboard-write; encrypted-media; gyroscope; picture-in-picture; web-share\" referrerpolicy=\"strict-origin-when-cross-origin\" allowfullscreen><\/iframe><\/div>\n<\/p>\n<p style=\"text-align: center;\">[amazon table=&#8221;88247&#8243;]\n","protected":false},"excerpt":{"rendered":"<p>Veja os 5 melhores bairros do Nordeste para investir em im\u00f3veis.<\/p>\n","protected":false},"author":102,"featured_media":111349,"comment_status":"closed","ping_status":"closed","sticky":false,"template":"","format":"standard","meta":{"footnotes":""},"categories":[1484],"tags":[],"class_list":["post-111352","post","type-post","status-publish","format-standard","has-post-thumbnail","category-decoracao"],"_wp_attached_file":null,"_wp_attachment_metadata":null,"_wp_attachment_context":null,"_wp_attachment_is_custom_header":null,"geo_longitude":null,"geo_public":null,"geo_latitude":null,"_publicize_done_external":null,"_wpas_done_3897181":null,"publicize_twitter_user":null,"_wpas_done_3897175":null,"_wpas_skip_3897181":null,"_wpas_skip_3897175":null,"_wpas_skip_3924723":null,"_wpas_mess":null,"_wpas_done_3924723":null,"wps_subtitle":"","_links":{"self":[{"href":"https:\/\/www.aarquiteta.com.br\/blog\/wp-json\/wp\/v2\/posts\/111352","targetHints":{"allow":["GET"]}}],"collection":[{"href":"https:\/\/www.aarquiteta.com.br\/blog\/wp-json\/wp\/v2\/posts"}],"about":[{"href":"https:\/\/www.aarquiteta.com.br\/blog\/wp-json\/wp\/v2\/types\/post"}],"author":[{"embeddable":true,"href":"https:\/\/www.aarquiteta.com.br\/blog\/wp-json\/wp\/v2\/users\/102"}],"replies":[{"embeddable":true,"href":"https:\/\/www.aarquiteta.com.br\/blog\/wp-json\/wp\/v2\/comments?post=111352"}],"version-history":[{"count":0,"href":"https:\/\/www.aarquiteta.com.br\/blog\/wp-json\/wp\/v2\/posts\/111352\/revisions"}],"wp:featuredmedia":[{"embeddable":true,"href":"https:\/\/www.aarquiteta.com.br\/blog\/wp-json\/wp\/v2\/media\/111349"}],"wp:attachment":[{"href":"https:\/\/www.aarquiteta.com.br\/blog\/wp-json\/wp\/v2\/media?parent=111352"}],"wp:term":[{"taxonomy":"category","embeddable":true,"href":"https:\/\/www.aarquiteta.com.br\/blog\/wp-json\/wp\/v2\/categories?post=111352"},{"taxonomy":"post_tag","embeddable":true,"href":"https:\/\/www.aarquiteta.com.br\/blog\/wp-json\/wp\/v2\/tags?post=111352"}],"curies":[{"name":"wp","href":"https:\/\/api.w.org\/{rel}","templated":true}]}}