{"id":110931,"date":"2024-04-17T15:53:37","date_gmt":"2024-04-17T18:53:37","guid":{"rendered":"https:\/\/www.aarquiteta.com.br\/blog\/pergolado-de-ferro-elegancia-industrial-no-seu-jardim\/"},"modified":"2024-06-27T16:58:03","modified_gmt":"2024-06-27T19:58:03","slug":"pergolado-de-ferro-elegancia-industrial-no-seu-jardim","status":"publish","type":"post","link":"https:\/\/www.aarquiteta.com.br\/blog\/pergolado-de-ferro-elegancia-industrial-no-seu-jardim\/","title":{"rendered":"Descubra os Segredos do Pergolado de Ferro que Transformam Seu Jardim em Eleg\u00e2ncia Industrial."},"content":{"rendered":"<p><Introdu\u00e7\u00e3o><br \/>\nBem-vindo ao mundo dos pergolados de ferro! Se voc\u00ea est\u00e1 procurando por uma maneira elegante e industrial de transformar seu jardim, ent\u00e3o chegou ao lugar certo. Neste artigo, vamos desvendar os segredos por tr\u00e1s desses deslumbrantes elementos arquitet\u00f4nicos e explorar como eles podem elevar o visual de seu espa\u00e7o externo a um novo n\u00edvel de sofistica\u00e7\u00e3o.<\/p>\n<h3>Destaques Principais<\/h3>\n<ul>\n<li><b>Durabilidade Excepcional:<\/b> Descubra por que o ferro \u00e9 um material t\u00e3o resistente e duradouro para pergolados, garantindo uma estrutura robusta que desafia as intemp\u00e9ries e o passar do tempo.<\/li>\n<li><b>Estilos Vers\u00e1teis:<\/b> Explore uma variedade de estilos de pergolados de ferro, desde os mais cl\u00e1ssicos at\u00e9 os mais modernos e minimalistas, permitindo que voc\u00ea encontre a perfeita harmonia com a est\u00e9tica de seu jardim.<\/li>\n<li><b>Personaliza\u00e7\u00e3o Criativa:<\/b> Aprenda como os pergolados de ferro podem ser personalizados de acordo com suas prefer\u00eancias, adicionando um toque \u00fanico e exclusivo ao seu espa\u00e7o ao ar livre.<\/li>\n<li><b>Integra\u00e7\u00e3o Paisag\u00edstica:<\/b> Descubra dicas sobre como integrar seu pergolado de ferro de forma harmoniosa com a paisagem existente, criando um ambiente coeso e visualmente atraente.<\/li>\n<li><b>Manuten\u00e7\u00e3o Simplificada:<\/b> Obtenha insights valiosos sobre como manter seu pergolado de ferro em \u00f3timas condi\u00e7\u00f5es, prolongando sua beleza e evitando problemas futuros.<\/li>\n<\/ul>\n<h3>Vantagens do Pergolado de Ferro<\/h3>\n<figure style=\"width: 1024px\" class=\"wp-caption aligncenter\"><img decoding=\"async\" src=\"https:\/\/www.aarquiteta.com.br\/blog\/wp-content\/uploads\/2024\/04\/descobra-os-segredos-do-pergolado-de-ferro-que-transformam04.jpg\" alt=\"Descubra os Segredos do Pergolado de Ferro que Transformam Seu Jardim em Eleg\u00e2ncia Industrial.\" width=\"1024\" height=\"1024\" title=\"\"><figcaption class=\"wp-caption-text\">Descubra os Segredos do Pergolado de Ferro que Transformam Seu Jardim em Eleg\u00e2ncia Industrial.<\/figcaption><\/figure>\nOs pergolados de ferro oferecem uma s\u00e9rie de <b>vantagens incompar\u00e1veis<\/b> que os tornam uma escolha excepcional para qualquer jardim. Em primeiro lugar, sua durabilidade \u00e9 simplesmente impressionante. O ferro \u00e9 um material robusto e resistente, capaz de suportar condi\u00e7\u00f5es clim\u00e1ticas adversas, desde chuvas torrenciais at\u00e9 o sol escaldante do ver\u00e3o.<\/p>\n<p>Al\u00e9m disso, os pergolados de ferro s\u00e3o <b>extremamente vers\u00e1teis<\/b>. Eles podem ser moldados em praticamente qualquer forma ou design desejado, permitindo que voc\u00ea crie estruturas \u00fanicas e personalizadas que se adequem perfeitamente ao estilo de seu jardim. Seja um visual cl\u00e1ssico e elegante ou algo mais moderno e minimalista, os pergolados de ferro t\u00eam a capacidade de se adequar a qualquer est\u00e9tica.<\/p>\n<h3>Estilos de Pergolado de Ferro<\/h3>\n<p>Quando se trata de estilos de pergolados de ferro, as possibilidades s\u00e3o <b>praticamente infinitas<\/b>. Desde os designs mais tradicionais, com linhas elaboradas e detalhes intrincados, at\u00e9 as op\u00e7\u00f5es minimalistas e contempor\u00e2neas, com linhas limpas e formas geom\u00e9tricas, h\u00e1 uma abund\u00e2ncia de op\u00e7\u00f5es para escolher.<\/p>\n<p>Para aqueles que apreciam um toque mais cl\u00e1ssico, os pergolados de ferro forjado s\u00e3o uma excelente escolha. Essas estruturas s\u00e3o verdadeiras obras de arte, com intrincados padr\u00f5es e design s elaborados que lembram a era vitoriana. Por outro lado, se voc\u00ea prefere um visual mais moderno, os pergolados de ferro com linhas retas e formas geom\u00e9tricas simples podem ser a op\u00e7\u00e3o perfeita.<\/p>\n<h3>Escolha do Material<\/h3>\n<style id=\"wp_carousel_dynamic_css104054\">.sp-wp-carousel-free-id-104054.wpcf-fancybox-wrapper .fancybox-bg{background: #0b0b0b;opacity: 0.8;}.sp-wp-carousel-free-id-104054.wpcf-fancybox-wrapper .fancybox-navigation .fancybox-button .wpcp-fancybox-nav-arrow i {color: #ccc;}.sp-wp-carousel-free-id-104054.wpcf-fancybox-wrapper .fancybox-navigation .fancybox-button .wpcp-fancybox-nav-arrow i:hover {color: #fff;}.sp-wp-carousel-free-id-104054.wpcf-fancybox-wrapper .fancybox-navigation .fancybox-button {background: #1e1e1e;}.sp-wp-carousel-free-id-104054.wpcf-fancybox-wrapper .fancybox-navigation .fancybox-button:hover {background: #1e1e1e;}#sp-wp-carousel-free-id-104054 .wpcp-swiper-dots {margin: 40px 0px 0px 0px;}.wpcp-wrapper-104054 .swiper-wrapper .swiper-slide-kenburn, .wpcp-wrapper-104054 .swiper-wrapper, .wpcp-wrapper-104054 .wpcpro-row{align-items: center;}#sp-wp-carousel-free-id-104054 .wpcp-single-item {box-shadow: 0px 0px 0px 0px #dddddd;transition: all .3s;margin: 0px;}#sp-wp-carousel-free-id-104054.swiper-flip .wpcp-single-item{margin: 0!important;}#sp-wp-carousel-free-id-104054 .wpcp-single-item:hover {box-shadow: 0px 0px 0px 0px #dddddd;}#sp-wp-carousel-free-id-104054.sp-wpcp-104054 .wpcp-single-item {border: 1px solid #dddddd;}#sp-wp-carousel-free-id-104054.sp-wpcp-104054 .swiper-button-prev,#sp-wp-carousel-free-id-104054.sp-wpcp-104054 .swiper-button-next,#sp-wp-carousel-free-id-104054.sp-wpcp-104054 .swiper-button-prev:hover,#sp-wp-carousel-free-id-104054.sp-wpcp-104054 .swiper-button-next:hover {background: none;border: none;font-size: 30px;}#sp-wp-carousel-free-id-104054.sp-wpcp-104054 .swiper-button-prev i,#sp-wp-carousel-free-id-104054.sp-wpcp-104054 .swiper-button-next i {color: #aaa;}#sp-wp-carousel-free-id-104054.sp-wpcp-104054 .swiper-button-prev i:hover,#sp-wp-carousel-free-id-104054.sp-wpcp-104054 .swiper-button-next i:hover {color: #178087;}#sp-wp-carousel-free-id-104054.sp-wpcp-104054 .wpcp-swiper-dots .swiper-pagination-bullet {background-color: #cccccc;}#sp-wp-carousel-free-id-104054.sp-wpcp-104054 .wpcp-swiper-dots .swiper-pagination-bullet.swiper-pagination-bullet-active {background-color: #178087;} #sp-wp-carousel-free-id-104054.sp-wpcp-104054.wpcp-image-carousel .wpcp-single-item:hover img, #sp-wp-carousel-free-id-104054.sp-wpcp-104054.wpcp-post-carousel .wpcp-single-item:hover img, #sp-wp-carousel-free-id-104054.sp-wpcp-104054.wpcp-product-carousel .wpcp-single-item:hover img{-webkit-transform: scale(1.2);-moz-transform: scale(1.2);transform: scale(1.2);}#sp-wp-carousel-free-id-104054 .wpcpro-row>[class*=\"wpcpro-col-\"] { padding: 0 10px; padding-bottom: 20px;} #sp-wp-carousel-free-id-104054 .swiper-slide .single-item-fade:not(:last-child) { margin-right: 20px;}@media (min-width: 480px) { .wpcpro-row .wpcpro-col-sm-1 { flex: 0 0 100%; max-width: 100%; } .wpcpro-row .wpcpro-col-sm-2 { flex: 0 0 50%; max-width: 50%; } .wpcpro-row .wpcpro-col-sm-2-5 { flex: 0 0 75%; max-width: 75%; } .wpcpro-row .wpcpro-col-sm-3 { flex: 0 0 33.333%; max-width: 33.333%; } .wpcpro-row .wpcpro-col-sm-4 { flex: 0 0 25%; max-width: 25%; } .wpcpro-row .wpcpro-col-sm-5 { flex: 0 0 20%; max-width: 20%; } .wpcpro-row .wpcpro-col-sm-6 { flex: 0 0 16.66666666666667%; max-width: 16.66666666666667%; } .wpcpro-row .wpcpro-col-sm-7 { flex: 0 0 14.28571428%; max-width: 14.28571428%; } .wpcpro-row .wpcpro-col-sm-8 { flex: 0 0 12.5%; max-width: 12.5%; } } @media (max-width: 480px) { .wpcpro-row .wpcpro-col-xs-1 { flex: 0 0 100%; max-width: 100%; } .wpcpro-row .wpcpro-col-xs-2 { flex: 0 0 50%; max-width: 50%; } .wpcpro-row .wpcpro-col-xs-3 { flex: 0 0 33.222%; max-width: 33.222%; } .wpcpro-row .wpcpro-col-xs-4 { flex: 0 0 25%; max-width: 25%; } .wpcpro-row .wpcpro-col-xs-5 { flex: 0 0 20%; max-width: 20%; } .wpcpro-row .wpcpro-col-xs-6 { flex: 0 0 16.6667%; max-width: 16.6667%; } .wpcpro-row .wpcpro-col-xs-7 { flex: 0 0 14.28571428%; max-width: 14.28571428%; } .wpcpro-row .wpcpro-col-xs-8 { flex: 0 0 12.5%; max-width: 12.5%; } } @media (min-width: 736px) { .wpcpro-row .wpcpro-col-md-1 { flex: 0 0 100%; max-width: 100%; } .wpcpro-row .wpcpro-col-md-2 { flex: 0 0 50%; max-width: 50%; } .wpcpro-row .wpcpro-col-md-2-5 { flex: 0 0 75%; max-width: 75%; } .wpcpro-row .wpcpro-col-md-3 { flex: 0 0 33.333%; max-width: 33.333%; } .wpcpro-row .wpcpro-col-md-4 { flex: 0 0 25%; max-width: 25%; } .wpcpro-row .wpcpro-col-md-5 { flex: 0 0 20%; max-width: 20%; } .wpcpro-row .wpcpro-col-md-6 { flex: 0 0 16.66666666666667%; max-width: 16.66666666666667%; } .wpcpro-row .wpcpro-col-md-7 { flex: 0 0 14.28571428%; max-width: 14.28571428%; } .wpcpro-row .wpcpro-col-md-8 { flex: 0 0 12.5%; max-width: 12.5%; } } @media (min-width: 980px) { .wpcpro-row .wpcpro-col-lg-1 { flex: 0 0 100%; max-width: 100%; } .wpcpro-row .wpcpro-col-lg-2 { flex: 0 0 50%; max-width: 50%; } .wpcpro-row .wpcpro-col-lg-3 { flex: 0 0 33.222%; max-width: 33.222%; } .wpcpro-row .wpcpro-col-lg-4 { flex: 0 0 25%; max-width: 25%; } .wpcpro-row .wpcpro-col-lg-5 { flex: 0 0 20%; max-width: 20%; } .wpcpro-row .wpcpro-col-lg-6 { flex: 0 0 16.6667%; max-width: 16.6667%; } .wpcpro-row .wpcpro-col-lg-7 { flex: 0 0 14.28571428%; max-width: 14.28571428%; } .wpcpro-row .wpcpro-col-lg-8 { flex: 0 0 12.5%; max-width: 12.5%; } } @media (min-width: 1200px) { .wpcpro-row .wpcpro-col-xl-1 { flex: 0 0 100%; max-width: 100%; } .wpcpro-row .wpcpro-col-xl-2 { flex: 0 0 50%; max-width: 50%; } .wpcpro-row .wpcpro-col-xl-3 { flex: 0 0 33.22222222%; max-width: 33.22222222%; } .wpcpro-row .wpcpro-col-xl-4 { flex: 0 0 25%; max-width: 25%; } .wpcpro-row .wpcpro-col-xl-5 { flex: 0 0 20%; max-width: 20%; } .wpcpro-row .wpcpro-col-xl-6 { flex: 0 0 16.66667%; max-width: 16.66667%; } .wpcpro-row .wpcpro-col-xl-7 { flex: 0 0 14.28571428%; max-width: 14.28571428%; } .wpcpro-row .wpcpro-col-xl-8 { flex: 0 0 12.5%; max-width: 12.5%; } }<\/style><div class=\"wpcp-carousel-wrapper wpcp-wrapper-104054\">\n\t<div id=\"wpcp-preloader-104054\" class=\"wpcp-carousel-preloader\"><img decoding=\"async\" src=\"https:\/\/www.aarquiteta.com.br\/blog\/wp-content\/plugins\/wp-carousel-free\/public\/css\/spinner.svg\" alt=\"Preloader Image\" title=\"\"><\/div>\t<div class=\"wpcp-carousel-content-wrapper\">\n\t<div id=\"sp-wp-carousel-free-id-104054\" class=\"wpcp-carousel-section sp-wpcp-104054  nav-vertical-center wpcp-image-carousel wpcp-preloader wpcp-standard\" data-swiper='{ &quot;pagination_type&quot;: &quot;dots&quot;,&quot;accessibility&quot;:true, &quot;spaceBetween&quot;:20, &quot;arrows&quot;:false, &quot;freeMode&quot;: false, &quot;autoplay&quot;:true, &quot;effect&quot;: &quot;&quot;, &quot;centerMode&quot;: false, &quot;autoplaySpeed&quot;:3000, &quot;dots&quot;:true, &quot;infinite&quot;:true, &quot;speed&quot;:600, &quot;pauseOnHover&quot;:true,\n\t\t\t&quot;slidesToShow&quot;:{&quot;lg_desktop&quot;:5, &quot;desktop&quot;: 4, &quot;laptop&quot;: 3, &quot;tablet&quot;: 2, &quot;mobile&quot;: 1}, &quot;responsive&quot;:{&quot;desktop&quot;:1200, &quot;laptop&quot;: 980, &quot;tablet&quot;: 736, &quot;mobile&quot;: 480}, &quot;rtl&quot;:false, &quot;lazyLoad&quot;: &quot;false&quot;, &quot;swipe&quot;: true, &quot;draggable&quot;: true, &quot;swipeToSlide&quot;:false }' dir=\"ltr\">\n\t\t<div class=\"swiper-wrapper\">\n\t\t<div class=\"swiper-slide\">\n\t<div class=\"wpcp-single-item\">\n\t\t\t<a class=\"wcp-light-box\" data-buttons='[\"close\"]' data-wpc_url='https:\/\/www.aarquiteta.com.br\/blog\/wp-content\/uploads\/2023\/12\/escubra-como-Transformar-Sua-Casa-com-o-Incrivel-Efeito-Madeira-Usando-Apenas-Argamassa.jpg' href=\"https:\/\/www.aarquiteta.com.br\/blog\/wp-content\/uploads\/2023\/12\/escubra-como-Transformar-Sua-Casa-com-o-Incrivel-Efeito-Madeira-Usando-Apenas-Argamassa.jpg\" data-fancybox=\"wpcp_view\">\n\t\t<figure>\n\t\t\t<img decoding=\"async\" class=\"skip-lazy\" src=\"https:\/\/www.aarquiteta.com.br\/blog\/wp-content\/uploads\/2023\/12\/escubra-como-Transformar-Sua-Casa-com-o-Incrivel-Efeito-Madeira-Usando-Apenas-Argamassa.jpg\" alt=\"Descubra como Transformar Sua Casa com o Incr\u00edvel Efeito Madeira Usando Apenas Argamassa\" width=\"1024\" height=\"1024\" title=\"\">\t\t<\/figure>\n\t<\/a>\n\t\t<\/div>\n<\/div>\n\t<div class=\"swiper-slide\">\n\t<div class=\"wpcp-single-item\">\n\t\t\t<a class=\"wcp-light-box\" data-buttons='[\"close\"]' data-wpc_url='https:\/\/www.aarquiteta.com.br\/blog\/wp-content\/uploads\/2023\/12\/pisos-que-imitam-madeira04.jpg' href=\"https:\/\/www.aarquiteta.com.br\/blog\/wp-content\/uploads\/2023\/12\/pisos-que-imitam-madeira04.jpg\" data-fancybox=\"wpcp_view\">\n\t\t<figure>\n\t\t\t<img decoding=\"async\" class=\"skip-lazy\" src=\"https:\/\/www.aarquiteta.com.br\/blog\/wp-content\/uploads\/2023\/12\/pisos-que-imitam-madeira04.jpg\" alt=\"pisos que imitam madeira\" width=\"1024\" height=\"1024\" title=\"\">\t\t<\/figure>\n\t<\/a>\n\t\t<\/div>\n<\/div>\n\t<div class=\"swiper-slide\">\n\t<div class=\"wpcp-single-item\">\n\t\t\t<a class=\"wcp-light-box\" data-buttons='[\"close\"]' data-wpc_url='https:\/\/www.aarquiteta.com.br\/blog\/wp-content\/uploads\/2024\/01\/poltrona-de-madeira02.jpg' href=\"https:\/\/www.aarquiteta.com.br\/blog\/wp-content\/uploads\/2024\/01\/poltrona-de-madeira02.jpg\" data-fancybox=\"wpcp_view\">\n\t\t<figure>\n\t\t\t<img decoding=\"async\" class=\"skip-lazy\" src=\"https:\/\/www.aarquiteta.com.br\/blog\/wp-content\/uploads\/2024\/01\/poltrona-de-madeira02.jpg\" alt=\"poltrona de madeira\" width=\"1024\" height=\"1024\" title=\"\">\t\t<\/figure>\n\t<\/a>\n\t\t<\/div>\n<\/div>\n\t<div class=\"swiper-slide\">\n\t<div class=\"wpcp-single-item\">\n\t\t\t<a class=\"wcp-light-box\" data-buttons='[\"close\"]' data-wpc_url='https:\/\/www.aarquiteta.com.br\/blog\/wp-content\/uploads\/2023\/12\/pisos-que-imitam-madeira01.jpg' href=\"https:\/\/www.aarquiteta.com.br\/blog\/wp-content\/uploads\/2023\/12\/pisos-que-imitam-madeira01.jpg\" data-fancybox=\"wpcp_view\">\n\t\t<figure>\n\t\t\t<img decoding=\"async\" class=\"skip-lazy\" src=\"https:\/\/www.aarquiteta.com.br\/blog\/wp-content\/uploads\/2023\/12\/pisos-que-imitam-madeira01.jpg\" alt=\"pisos que imitam madeira\" width=\"1024\" height=\"1024\" title=\"\">\t\t<\/figure>\n\t<\/a>\n\t\t<\/div>\n<\/div>\n\t<div class=\"swiper-slide\">\n\t<div class=\"wpcp-single-item\">\n\t\t\t<a class=\"wcp-light-box\" data-buttons='[\"close\"]' data-wpc_url='https:\/\/www.aarquiteta.com.br\/blog\/wp-content\/uploads\/2023\/12\/cabeceira-de-madeira04.jpg' href=\"https:\/\/www.aarquiteta.com.br\/blog\/wp-content\/uploads\/2023\/12\/cabeceira-de-madeira04.jpg\" data-fancybox=\"wpcp_view\">\n\t\t<figure>\n\t\t\t<img decoding=\"async\" class=\"skip-lazy\" src=\"https:\/\/www.aarquiteta.com.br\/blog\/wp-content\/uploads\/2023\/12\/cabeceira-de-madeira04.jpg\" alt=\"cabeceira de madeira\" width=\"1024\" height=\"1024\" title=\"\">\t\t<\/figure>\n\t<\/a>\n\t\t<\/div>\n<\/div>\n\t<div class=\"swiper-slide\">\n\t<div class=\"wpcp-single-item\">\n\t\t\t<a class=\"wcp-light-box\" data-buttons='[\"close\"]' data-wpc_url='https:\/\/www.aarquiteta.com.br\/blog\/wp-content\/uploads\/2023\/12\/divisoria-de-madeira01.jpg' href=\"https:\/\/www.aarquiteta.com.br\/blog\/wp-content\/uploads\/2023\/12\/divisoria-de-madeira01.jpg\" data-fancybox=\"wpcp_view\">\n\t\t<figure>\n\t\t\t<img decoding=\"async\" class=\"skip-lazy\" src=\"https:\/\/www.aarquiteta.com.br\/blog\/wp-content\/uploads\/2023\/12\/divisoria-de-madeira01.jpg\" alt=\"divis\u00f3ria de madeira\" width=\"1024\" height=\"1024\" title=\"\">\t\t<\/figure>\n\t<\/a>\n\t\t<\/div>\n<\/div>\n\t<div class=\"swiper-slide\">\n\t<div class=\"wpcp-single-item\">\n\t\t\t<a class=\"wcp-light-box\" data-buttons='[\"close\"]' data-wpc_url='https:\/\/www.aarquiteta.com.br\/blog\/wp-content\/uploads\/2023\/12\/rack-de-madeira03.jpg' href=\"https:\/\/www.aarquiteta.com.br\/blog\/wp-content\/uploads\/2023\/12\/rack-de-madeira03.jpg\" data-fancybox=\"wpcp_view\">\n\t\t<figure>\n\t\t\t<img decoding=\"async\" class=\"skip-lazy\" src=\"https:\/\/www.aarquiteta.com.br\/blog\/wp-content\/uploads\/2023\/12\/rack-de-madeira03.jpg\" alt=\"rack de madeira\" width=\"1024\" height=\"1024\" title=\"\">\t\t<\/figure>\n\t<\/a>\n\t\t<\/div>\n<\/div>\n\t<div class=\"swiper-slide\">\n\t<div class=\"wpcp-single-item\">\n\t\t\t<a class=\"wcp-light-box\" data-buttons='[\"close\"]' data-wpc_url='https:\/\/www.aarquiteta.com.br\/blog\/wp-content\/uploads\/2023\/12\/cabeceira-de-madeira02.jpg' href=\"https:\/\/www.aarquiteta.com.br\/blog\/wp-content\/uploads\/2023\/12\/cabeceira-de-madeira02.jpg\" data-fancybox=\"wpcp_view\">\n\t\t<figure>\n\t\t\t<img decoding=\"async\" class=\"skip-lazy\" src=\"https:\/\/www.aarquiteta.com.br\/blog\/wp-content\/uploads\/2023\/12\/cabeceira-de-madeira02.jpg\" alt=\"cabeceira de madeira\" width=\"1024\" height=\"1024\" title=\"\">\t\t<\/figure>\n\t<\/a>\n\t\t<\/div>\n<\/div>\n\t<div class=\"swiper-slide\">\n\t<div class=\"wpcp-single-item\">\n\t\t\t<a class=\"wcp-light-box\" data-buttons='[\"close\"]' data-wpc_url='https:\/\/www.aarquiteta.com.br\/blog\/wp-content\/uploads\/2023\/11\/escadas-de-madeira04.jpg' href=\"https:\/\/www.aarquiteta.com.br\/blog\/wp-content\/uploads\/2023\/11\/escadas-de-madeira04.jpg\" data-fancybox=\"wpcp_view\">\n\t\t<figure>\n\t\t\t<img decoding=\"async\" class=\"skip-lazy\" src=\"https:\/\/www.aarquiteta.com.br\/blog\/wp-content\/uploads\/2023\/11\/escadas-de-madeira04.jpg\" alt=\"escadas de madeira\" width=\"1024\" height=\"1024\" title=\"\">\t\t<\/figure>\n\t<\/a>\n\t\t<\/div>\n<\/div>\n\t<div class=\"swiper-slide\">\n\t<div class=\"wpcp-single-item\">\n\t\t\t<a class=\"wcp-light-box\" data-buttons='[\"close\"]' data-wpc_url='https:\/\/www.aarquiteta.com.br\/blog\/wp-content\/uploads\/2023\/11\/escadas-de-madeira01.jpg' href=\"https:\/\/www.aarquiteta.com.br\/blog\/wp-content\/uploads\/2023\/11\/escadas-de-madeira01.jpg\" data-fancybox=\"wpcp_view\">\n\t\t<figure>\n\t\t\t<img decoding=\"async\" class=\"skip-lazy\" src=\"https:\/\/www.aarquiteta.com.br\/blog\/wp-content\/uploads\/2023\/11\/escadas-de-madeira01.jpg\" alt=\"escadas de madeira\" width=\"1024\" height=\"1024\" title=\"\">\t\t<\/figure>\n\t<\/a>\n\t\t<\/div>\n<\/div>\n\t<div class=\"swiper-slide\">\n\t<div class=\"wpcp-single-item\">\n\t\t\t<a class=\"wcp-light-box\" data-buttons='[\"close\"]' data-wpc_url='https:\/\/www.aarquiteta.com.br\/blog\/wp-content\/uploads\/2023\/11\/carpete-de-madeira04.jpg' href=\"https:\/\/www.aarquiteta.com.br\/blog\/wp-content\/uploads\/2023\/11\/carpete-de-madeira04.jpg\" data-fancybox=\"wpcp_view\">\n\t\t<figure>\n\t\t\t<img decoding=\"async\" class=\"skip-lazy\" src=\"https:\/\/www.aarquiteta.com.br\/blog\/wp-content\/uploads\/2023\/11\/carpete-de-madeira04.jpg\" alt=\"carpete de madeira\" width=\"1024\" height=\"1024\" title=\"\">\t\t<\/figure>\n\t<\/a>\n\t\t<\/div>\n<\/div>\n\t<div class=\"swiper-slide\">\n\t<div class=\"wpcp-single-item\">\n\t\t\t<a class=\"wcp-light-box\" data-buttons='[\"close\"]' data-wpc_url='https:\/\/www.aarquiteta.com.br\/blog\/wp-content\/uploads\/2023\/11\/O-que-e-e-como-usar-a-brise-de-madeira02.jpg' href=\"https:\/\/www.aarquiteta.com.br\/blog\/wp-content\/uploads\/2023\/11\/O-que-e-e-como-usar-a-brise-de-madeira02.jpg\" data-fancybox=\"wpcp_view\">\n\t\t<figure>\n\t\t\t<img decoding=\"async\" class=\"skip-lazy\" src=\"https:\/\/www.aarquiteta.com.br\/blog\/wp-content\/uploads\/2023\/11\/O-que-e-e-como-usar-a-brise-de-madeira02.jpg\" alt=\"O que \u00e9 e como usar a brise de madeira\" width=\"1024\" height=\"1024\" title=\"\">\t\t<\/figure>\n\t<\/a>\n\t\t<\/div>\n<\/div>\n\t<div class=\"swiper-slide\">\n\t<div class=\"wpcp-single-item\">\n\t\t\t<a class=\"wcp-light-box\" data-buttons='[\"close\"]' data-wpc_url='https:\/\/www.aarquiteta.com.br\/blog\/wp-content\/uploads\/2023\/10\/tinta-para-madeira02.jpg' href=\"https:\/\/www.aarquiteta.com.br\/blog\/wp-content\/uploads\/2023\/10\/tinta-para-madeira02.jpg\" data-fancybox=\"wpcp_view\">\n\t\t<figure>\n\t\t\t<img decoding=\"async\" class=\"skip-lazy\" src=\"https:\/\/www.aarquiteta.com.br\/blog\/wp-content\/uploads\/2023\/10\/tinta-para-madeira02.jpg\" alt=\"tinta para madeira\" width=\"1024\" height=\"1024\" title=\"\">\t\t<\/figure>\n\t<\/a>\n\t\t<\/div>\n<\/div>\n\t<div class=\"swiper-slide\">\n\t<div class=\"wpcp-single-item\">\n\t\t\t<a class=\"wcp-light-box\" data-buttons='[\"close\"]' data-wpc_url='https:\/\/www.aarquiteta.com.br\/blog\/wp-content\/uploads\/2023\/10\/mesa-de-madeira-rustica04.jpg' href=\"https:\/\/www.aarquiteta.com.br\/blog\/wp-content\/uploads\/2023\/10\/mesa-de-madeira-rustica04.jpg\" data-fancybox=\"wpcp_view\">\n\t\t<figure>\n\t\t\t<img decoding=\"async\" class=\"skip-lazy\" src=\"https:\/\/www.aarquiteta.com.br\/blog\/wp-content\/uploads\/2023\/10\/mesa-de-madeira-rustica04.jpg\" alt=\"mesa de madeira r\u00fastica\" width=\"1024\" height=\"1024\" title=\"\">\t\t<\/figure>\n\t<\/a>\n\t\t<\/div>\n<\/div>\n\t<div class=\"swiper-slide\">\n\t<div class=\"wpcp-single-item\">\n\t\t\t<a class=\"wcp-light-box\" data-buttons='[\"close\"]' data-wpc_url='https:\/\/www.aarquiteta.com.br\/blog\/wp-content\/uploads\/2023\/08\/pergolados-de-madeira-1.png' href=\"https:\/\/www.aarquiteta.com.br\/blog\/wp-content\/uploads\/2023\/08\/pergolados-de-madeira-1.png\" data-fancybox=\"wpcp_view\">\n\t\t<figure>\n\t\t\t<img decoding=\"async\" class=\"skip-lazy\" src=\"https:\/\/www.aarquiteta.com.br\/blog\/wp-content\/uploads\/2023\/08\/pergolados-de-madeira-1.png\" alt=\"Os 5 Tipos de Pergolados Mais Populares para Transformar seu Espa\u00e7o com Estilo e Conforto\" width=\"1024\" height=\"1024\" title=\"\">\t\t<\/figure>\n\t<\/a>\n\t\t<\/div>\n<\/div>\n\t<div class=\"swiper-slide\">\n\t<div class=\"wpcp-single-item\">\n\t\t\t<a class=\"wcp-light-box\" data-buttons='[\"close\"]' data-wpc_url='https:\/\/www.aarquiteta.com.br\/blog\/wp-content\/uploads\/2023\/08\/pergolados-de-madeira.png' href=\"https:\/\/www.aarquiteta.com.br\/blog\/wp-content\/uploads\/2023\/08\/pergolados-de-madeira.png\" data-fancybox=\"wpcp_view\">\n\t\t<figure>\n\t\t\t<img decoding=\"async\" class=\"skip-lazy\" src=\"https:\/\/www.aarquiteta.com.br\/blog\/wp-content\/uploads\/2023\/08\/pergolados-de-madeira.png\" alt=\"pergolados de madeira\" width=\"1024\" height=\"1024\" title=\"\">\t\t<\/figure>\n\t<\/a>\n\t\t<\/div>\n<\/div>\n\t<div class=\"swiper-slide\">\n\t<div class=\"wpcp-single-item\">\n\t\t\t<a class=\"wcp-light-box\" data-buttons='[\"close\"]' data-wpc_url='https:\/\/www.aarquiteta.com.br\/blog\/wp-content\/uploads\/2023\/05\/pergolado-de-madeira-3.png' href=\"https:\/\/www.aarquiteta.com.br\/blog\/wp-content\/uploads\/2023\/05\/pergolado-de-madeira-3.png\" data-fancybox=\"wpcp_view\">\n\t\t<figure>\n\t\t\t<img decoding=\"async\" class=\"skip-lazy\" src=\"https:\/\/www.aarquiteta.com.br\/blog\/wp-content\/uploads\/2023\/05\/pergolado-de-madeira-3.png\" alt=\"\" width=\"1456\" height=\"816\" title=\"\">\t\t<\/figure>\n\t<\/a>\n\t\t<\/div>\n<\/div>\n\t<div class=\"swiper-slide\">\n\t<div class=\"wpcp-single-item\">\n\t\t\t<a class=\"wcp-light-box\" data-buttons='[\"close\"]' data-wpc_url='https:\/\/www.aarquiteta.com.br\/blog\/wp-content\/uploads\/2023\/06\/piso-laminado-de-madeira-2.png' href=\"https:\/\/www.aarquiteta.com.br\/blog\/wp-content\/uploads\/2023\/06\/piso-laminado-de-madeira-2.png\" data-fancybox=\"wpcp_view\">\n\t\t<figure>\n\t\t\t<img decoding=\"async\" class=\"skip-lazy\" src=\"https:\/\/www.aarquiteta.com.br\/blog\/wp-content\/uploads\/2023\/06\/piso-laminado-de-madeira-2.png\" alt=\"piso laminado de madeira\" width=\"1456\" height=\"816\" title=\"\">\t\t<\/figure>\n\t<\/a>\n\t\t<\/div>\n<\/div>\n\t<div class=\"swiper-slide\">\n\t<div class=\"wpcp-single-item\">\n\t\t\t<a class=\"wcp-light-box\" data-buttons='[\"close\"]' data-wpc_url='https:\/\/www.aarquiteta.com.br\/blog\/wp-content\/uploads\/2023\/05\/piso-vinilico-7.jpg' href=\"https:\/\/www.aarquiteta.com.br\/blog\/wp-content\/uploads\/2023\/05\/piso-vinilico-7.jpg\" data-fancybox=\"wpcp_view\">\n\t\t<figure>\n\t\t\t<img decoding=\"async\" class=\"skip-lazy\" src=\"https:\/\/www.aarquiteta.com.br\/blog\/wp-content\/uploads\/2023\/05\/piso-vinilico-7.jpg\" alt=\"A ascens\u00e3o do Piso Vin\u00edlico - O piso que est\u00e1 derrotando a Madeira!\" width=\"1200\" height=\"800\" title=\"\">\t\t<\/figure>\n\t<\/a>\n\t\t<\/div>\n<\/div>\n\t<div class=\"swiper-slide\">\n\t<div class=\"wpcp-single-item\">\n\t\t\t<a class=\"wcp-light-box\" data-buttons='[\"close\"]' data-wpc_url='https:\/\/www.aarquiteta.com.br\/blog\/wp-content\/uploads\/2023\/05\/piso-vinilico-6.jpg' href=\"https:\/\/www.aarquiteta.com.br\/blog\/wp-content\/uploads\/2023\/05\/piso-vinilico-6.jpg\" data-fancybox=\"wpcp_view\">\n\t\t<figure>\n\t\t\t<img decoding=\"async\" class=\"skip-lazy\" src=\"https:\/\/www.aarquiteta.com.br\/blog\/wp-content\/uploads\/2023\/05\/piso-vinilico-6.jpg\" alt=\"A ascens\u00e3o do Piso Vin\u00edlico - O piso que est\u00e1 derrotando a Madeira!\" width=\"1200\" height=\"800\" title=\"\">\t\t<\/figure>\n\t<\/a>\n\t\t<\/div>\n<\/div>\n\t<div class=\"swiper-slide\">\n\t<div class=\"wpcp-single-item\">\n\t\t\t<a class=\"wcp-light-box\" data-buttons='[\"close\"]' data-wpc_url='https:\/\/www.aarquiteta.com.br\/blog\/wp-content\/uploads\/2023\/05\/casa-de-madeira-4.png' href=\"https:\/\/www.aarquiteta.com.br\/blog\/wp-content\/uploads\/2023\/05\/casa-de-madeira-4.png\" data-fancybox=\"wpcp_view\">\n\t\t<figure>\n\t\t\t<img decoding=\"async\" class=\"skip-lazy\" src=\"https:\/\/www.aarquiteta.com.br\/blog\/wp-content\/uploads\/2023\/05\/casa-de-madeira-4.png\" alt=\"casa de madeira\" width=\"1456\" height=\"816\" title=\"\">\t\t<\/figure>\n\t<\/a>\n\t\t<\/div>\n<\/div>\n\t<div class=\"swiper-slide\">\n\t<div class=\"wpcp-single-item\">\n\t\t\t<a class=\"wcp-light-box\" data-buttons='[\"close\"]' data-wpc_url='https:\/\/www.aarquiteta.com.br\/blog\/wp-content\/uploads\/2023\/05\/Painel-Ripado-de-madeira-3.png' href=\"https:\/\/www.aarquiteta.com.br\/blog\/wp-content\/uploads\/2023\/05\/Painel-Ripado-de-madeira-3.png\" data-fancybox=\"wpcp_view\">\n\t\t<figure>\n\t\t\t<img decoding=\"async\" class=\"skip-lazy\" src=\"https:\/\/www.aarquiteta.com.br\/blog\/wp-content\/uploads\/2023\/05\/Painel-Ripado-de-madeira-3.png\" alt=\"sala de tv planejada painel ripado\" width=\"1664\" height=\"960\" title=\"\">\t\t<\/figure>\n\t<\/a>\n\t\t<\/div>\n<\/div>\n\t\t\t<\/div>\n\t\t\t\t\t<div class=\"wpcp-swiper-dots swiper-pagination\"><\/div>\n\t\t\t\t<!-- If we need navigation buttons -->\n\t\t\t<\/div>\n\t<\/div>\n<\/div>\n\nAo selecionar o material para seu pergolado de ferro, \u00e9 importante levar em considera\u00e7\u00e3o a <b>qualidade e a durabilidade<\/b>. O ferro \u00e9 um material robusto, mas nem todos os tipos de ferro s\u00e3o iguais. Opte por materiais de alta qualidade, como o ferro forjado ou o a\u00e7o inoxid\u00e1vel, que s\u00e3o resistentes \u00e0 corros\u00e3o e \u00e0 deteriora\u00e7\u00e3o ao longo do tempo.<\/p>\n<p>Al\u00e9m disso, considere o acabamento do material. Alguns acabamentos, como o galvanizado ou o powder coating, oferecem uma prote\u00e7\u00e3o extra contra a oxida\u00e7\u00e3o e a corros\u00e3o, prolongando a vida \u00fatil de seu pergolado de ferro.<\/p>\n<h3>Personaliza\u00e7\u00e3o do Design<\/h3>\n<p>Uma das grandes vantagens dos pergolados de ferro \u00e9 a possibilidade de <b>personaliza\u00e7\u00e3o<\/b>. Voc\u00ea pode trabalhar em conjunto com um artes\u00e3o habilidoso ou uma empresa especializada para criar um design exclusivo e \u00fanico, adaptado \u00e0s suas prefer\u00eancias e ao estilo de seu jardim.<\/p>\n<p>Desde a forma geral do pergolado at\u00e9 os detalhes intrincados, tudo pode ser personalizado. Voc\u00ea pode optar por adicionar elementos decorativos, como folhagens, flores ou padr\u00f5es geom\u00e9tricos, ou manter um visual mais minimalista e limpo.<\/p>\n<h3>Integra\u00e7\u00e3o com a Paisagem<\/h3>\n<figure style=\"width: 1024px\" class=\"wp-caption aligncenter\"><img decoding=\"async\" src=\"https:\/\/www.aarquiteta.com.br\/blog\/wp-content\/uploads\/2024\/04\/descobra-os-segredos-do-pergolado-de-ferro-que-transformam02.jpg\" alt=\"Descubra os Segredos do Pergolado de Ferro que Transformam Seu Jardim em Eleg\u00e2ncia Industrial.\" width=\"1024\" height=\"1024\" title=\"\"><figcaption class=\"wp-caption-text\">Descubra os Segredos do Pergolado de Ferro que Transformam Seu Jardim em Eleg\u00e2ncia Industrial.<\/figcaption><\/figure>\nAo incorporar um pergolado de ferro em seu jardim, \u00e9 essencial considerar a <b>integra\u00e7\u00e3o harmoniosa com a paisagem existente<\/b>. O pergolado deve complementar e real\u00e7ar os elementos naturais do seu espa\u00e7o ao ar livre, em vez de parecer uma adi\u00e7\u00e3o desconectada.<\/p>\n<p>Uma maneira eficaz de alcan\u00e7ar essa integra\u00e7\u00e3o \u00e9 escolher um design que se harmonize com o estilo arquitet\u00f4nico de sua casa ou propriedade. Al\u00e9m disso, considere a utiliza\u00e7\u00e3o de plantas trepadeiras ou floridas para criar uma transi\u00e7\u00e3o suave entre o pergolado de ferro e o jardim circundante.<\/p>\n<h3>Ilumina\u00e7\u00e3o Adequada<\/h3>\n<p>Para aproveitar ao m\u00e1ximo seu pergolado de ferro, \u00e9 fundamental incorporar uma <b>ilumina\u00e7\u00e3o adequada<\/b>. A ilumina\u00e7\u00e3o n\u00e3o apenas real\u00e7a a beleza das estruturas de ferro, mas tamb\u00e9m cria um ambiente acolhedor e convidativo para desfrutar durante as noites agrad\u00e1veis.<\/p>\n<p>Existem v\u00e1rias op\u00e7\u00f5es de ilumina\u00e7\u00e3o dispon\u00edveis, desde luzes embutidas ao longo das vigas do pergolado at\u00e9 lanternas penduradas ou lumin\u00e1rias de ch\u00e3o estrategicamente posicionadas. Experimente com diferentes tipos de ilumina\u00e7\u00e3o para criar o ambiente desejado, seja um clima intimista e rom\u00e2ntico ou um espa\u00e7o vibrante e festivo.<\/p>\n<h3>Plantas e Vegeta\u00e7\u00e3o<\/h3>\n<figure style=\"width: 1024px\" class=\"wp-caption aligncenter\"><img decoding=\"async\" src=\"https:\/\/www.aarquiteta.com.br\/blog\/wp-content\/uploads\/2024\/04\/descobra-os-segredos-do-pergolado-de-ferro-que-transformam01.jpg\" alt=\"Descubra os Segredos do Pergolado de Ferro que Transformam Seu Jardim em Eleg\u00e2ncia Industrial.\" width=\"1024\" height=\"1024\" title=\"\"><figcaption class=\"wp-caption-text\">Descubra os Segredos do Pergolado de Ferro que Transformam Seu Jardim em Eleg\u00e2ncia Industrial.<\/figcaption><\/figure>\nOs pergolados de ferro s\u00e3o o <b>cen\u00e1rio perfeito<\/b> para exibir plantas trepadeiras e floridas. Essas estruturas oferecem suporte e apoio para que as plantas cres\u00e7am e se entrelacem, criando uma bela cortina verde ou um tapete de flores coloridas.<\/p>\n<p>Algumas op\u00e7\u00f5es populares incluem rosas trepadeiras, glic\u00ednias, jasmineiros e videiras. Essas plantas n\u00e3o apenas adicionam um toque de cor e vida ao seu pergolado de ferro, mas tamb\u00e9m fornecem sombra natural e um ref\u00fagio acolhedor durante os meses mais quentes.<\/p>\n<h3>Manuten\u00e7\u00e3o Regular<\/h3>\n<p>Embora os pergolados de ferro sejam conhecidos por sua <b>durabilidade<\/b>, \u00e9 importante realizar uma manuten\u00e7\u00e3o regular para mant\u00ea-los em \u00f3timas condi\u00e7\u00f5es. Uma limpeza peri\u00f3dica com um pano \u00famido e a remo\u00e7\u00e3o de folhas ou detritos acumulados ajudar\u00e3o a manter o visual impec\u00e1vel do seu pergolado.<\/p>\n<p>Al\u00e9m disso, \u00e9 recomendado proteger o ferro contra a corros\u00e3o aplicando uma camada protetora, como tinta ou verniz \u00e0 base de \u00f3leo, a cada dois ou tr\u00eas anos. Essa camada protetora evitar\u00e1 que o ferro enferruje e prolongar\u00e1 a vida \u00fatil de seu pergolado.<\/p>\n<h3>Durabilidade do Pergolado de Ferro<\/h3>\n<figure style=\"width: 1024px\" class=\"wp-caption aligncenter\"><img decoding=\"async\" src=\"https:\/\/www.aarquiteta.com.br\/blog\/wp-content\/uploads\/2024\/04\/descobra-os-segredos-do-pergolado-de-ferro-que-transformam03.jpg\" alt=\"Descubra os Segredos do Pergolado de Ferro que Transformam Seu Jardim em Eleg\u00e2ncia Industrial.\" width=\"1024\" height=\"1024\" title=\"\"><figcaption class=\"wp-caption-text\">Descubra os Segredos do Pergolado de Ferro que Transformam Seu Jardim em Eleg\u00e2ncia Industrial.<\/figcaption><\/figure>\nUm dos principais benef\u00edcios dos pergolados de ferro \u00e9 sua <b>durabilidade excepcional<\/b>. Quando constru\u00eddo com materiais de alta qualidade e devidamente mantido, um pergolado de ferro pode durar d\u00e9cadas, resistindo aos efeitos do tempo e das intemp\u00e9ries.<\/p>\n<p>O ferro \u00e9 um material robusto e resistente, capaz de suportar ventos fortes, chuvas intensas e at\u00e9 mesmo nevascas sem sofrer danos significativos. Essa durabilidade torna os pergolados de ferro uma escolha inteligente para aqueles que buscam uma solu\u00e7\u00e3o de longo prazo para seus jardins.<\/p>\n<h3>Prote\u00e7\u00e3o contra Corros\u00e3o<\/h3>\n<h3>veja a minha recomenda\u00e7\u00e3o de video abaixo sobre o tema que estamos tratando neste artigo: <\/h3>\n<p><div class=\"youtube-embed\" data-video_id=\"e7VyLv4KX5Y\"><iframe title=\"Time-lapse - Instala\u00e7\u00e3o de Pergolado em alum\u00ednio\" width=\"696\" height=\"392\" src=\"https:\/\/www.youtube.com\/embed\/e7VyLv4KX5Y?feature=oembed&#038;enablejsapi=1\" frameborder=\"0\" allow=\"accelerometer; autoplay; clipboard-write; encrypted-media; gyroscope; picture-in-picture; web-share\" referrerpolicy=\"strict-origin-when-cross-origin\" allowfullscreen><\/iframe><\/div>\n<\/p>\n<p>Apesar de sua resist\u00eancia, o ferro ainda \u00e9 suscet\u00edvel \u00e0 <b>corros\u00e3o<\/b> se n\u00e3o for devidamente protegido. Por isso, \u00e9 essencial tomar medidas preventivas para garantir que seu pergolado de ferro permane\u00e7a em \u00f3timas condi\u00e7\u00f5es por muitos anos.<\/p>\n<p>Uma das melhores formas de proteger o ferro contra a corros\u00e3o \u00e9 aplicar um revestimento protetivo, como o galvanizado ou o powder coating. Esses revestimentos formam uma barreira protetora que impede o contato direto do ferro com a umidade e o oxig\u00eanio, os principais causadores da corros\u00e3o.<\/p>\n<h3>Pintura e Acabamento<\/h3>\n<p style=\"text-align: center;\">[amazon table=&#8221;89025&#8243;]\n<p>Al\u00e9m de proteger contra a corros\u00e3o, a <b>pintura e o acabamento<\/b> tamb\u00e9m podem adicionar uma dose extra de estilo e personalidade ao seu pergolado de ferro. Existem in\u00fameras op\u00e7\u00f5es de cores e acabamentos dispon\u00edveis, permitindo que voc\u00ea crie uma apar\u00eancia \u00fanica que combine perfeitamente com o restante de seu jardim.<\/p>\n<p>Desde cores vibrantes e ousadas at\u00e9 tons mais suaves e neutros, a escolha \u00e9 sua. Voc\u00ea tamb\u00e9m pode optar por acabamentos texturizados ou brilhantes, dependendo do efeito desejado. N\u00e3o hesite em experimentar diferentes combina\u00e7\u00f5es at\u00e9 encontrar a perfeita para seu espa\u00e7o.<\/p>\n<h3>Harmoniza\u00e7\u00e3o com M\u00f3veis e Decora\u00e7\u00e3o<\/h3>\n<p>Para criar um ambiente verdadeiramente integrado e harmonioso, \u00e9 importante <b>harmonizar<\/b> seu pergolado de ferro com os m\u00f3veis e a decora\u00e7\u00e3o do seu jardim. Escolha pe\u00e7as que complementem o estilo e a cor do seu pergolado, criando uma sensa\u00e7\u00e3o de coer\u00eancia visual.<\/p>\n<p>Por exemplo, se seu pergolado tem um design mais r\u00fastico e vintage, considere adicionar m\u00f3veis de madeira envelhecida ou pe\u00e7as com acabamento em ferro forjado. Se o seu pergolado for mais moderno e minimalista, opte por m\u00f3veis de linhas limpas e materiais como a\u00e7o inoxid\u00e1vel ou vidro.<\/p>\n<p><Conclus\u00e3o><br \/>\nOs pergolados de ferro s\u00e3o verdadeiros tesouros para qualquer jardim, combinando eleg\u00e2ncia industrial com durabilidade excepcional. Ao explorar os segredos por tr\u00e1s dessas estruturas ic\u00f4nicas, voc\u00ea pode criar um espa\u00e7o ao ar livre verdadeiramente cativante e \u00fanico.<\/p>\n<p>Lembre-se de aproveitar a versatilidade dos pergolados de ferro, personalizando-os de acordo com suas prefer\u00eancias e estilo pessoal. Integre-os harmoniosamente com a paisagem existente, adicione ilumina\u00e7\u00e3o adequada e decore com plantas trepadeiras e floridas para obter um visual deslumbrante.<\/p>\n<p>Com a manuten\u00e7\u00e3o adequada e prote\u00e7\u00e3o contra a corros\u00e3o, seu pergolado de ferro permanecer\u00e1 imponente e elegante por muitos anos, transformando seu jardim em um verdadeiro ref\u00fagio de tranquilidade e beleza. Ent\u00e3o, prepare-se para mergulhar nesse mundo de eleg\u00e2ncia industrial e deixe que seu jardim brilhe como nunca antes!<\/p>\n<h3>Perguntas Frequentes<\/h3>\n<p>1. <b>Como posso escolher o estilo de pergolado de ferro ideal para o meu jardim?<\/b><br \/>\nA escolha do estilo perfeito depende do visual geral que voc\u00ea deseja criar em seu jardim. Se voc\u00ea aprecia um toque mais cl\u00e1ssico e elegante, os pergolados de ferro forjado com detalhes intrincados podem ser a op\u00e7\u00e3o ideal. Por outro lado, se voc\u00ea prefere um visual mais moderno e minimalista, opte por designs de linhas retas e formas geom\u00e9tricas limpas.<\/p>\n<p>2. <b>Qual \u00e9 a melhor forma de manter o pergolado de ferro protegido contra a corros\u00e3o?<\/b><br \/>\nA melhor forma de proteger seu pergolado de ferro contra a corros\u00e3o \u00e9 aplicar um revestimento protetivo, como o galvanizado ou o powder coating. Esses revestimentos formam uma barreira protetora que impede o contato direto do ferro com a umidade e o oxig\u00eanio, os principais causadores da corros\u00e3o. Al\u00e9m disso, \u00e9 importante realizar uma manuten\u00e7\u00e3o regular, limpando e inspecionando o pergolado periodicamente.<\/p>\n<p>3. <b>Quais s\u00e3o as plantas mais indicadas para decorar um pergolado de ferro?<\/b><br \/>\nAlgumas das melhores op\u00e7\u00f5es para decorar um pergolado de ferro incluem plantas trepadeiras e floridas, como rosas trepadeiras, glic\u00ednias, jasmineiros e videiras. Essas plantas n\u00e3o apenas adicionam cor e vida ao seu pergolado, mas tamb\u00e9m fornecem sombra natural e um ref\u00fagio acolhedor durante os meses mais quentes. Certifique-se de escolher plantas adequadas ao clima e \u00e0s condi\u00e7\u00f5es de sua regi\u00e3o para um crescimento saud\u00e1vel.<\/p>\n","protected":false},"excerpt":{"rendered":"<p>Descubra os Segredos do Pergolado de Ferro que Transformam Seu Jardim em Eleg\u00e2ncia Industrial.<\/p>\n","protected":false},"author":102,"featured_media":110928,"comment_status":"closed","ping_status":"closed","sticky":false,"template":"","format":"standard","meta":{"footnotes":""},"categories":[1484,35329],"tags":[],"class_list":["post-110931","post","type-post","status-publish","format-standard","has-post-thumbnail","category-decoracao","category-pergolados"],"_wp_attached_file":null,"_wp_attachment_metadata":null,"_wp_attachment_context":null,"_wp_attachment_is_custom_header":null,"geo_longitude":null,"geo_public":null,"geo_latitude":null,"_publicize_done_external":null,"_wpas_done_3897181":null,"publicize_twitter_user":null,"_wpas_done_3897175":null,"_wpas_skip_3897181":null,"_wpas_skip_3897175":null,"_wpas_skip_3924723":null,"_wpas_mess":null,"_wpas_done_3924723":null,"wps_subtitle":"","_links":{"self":[{"href":"https:\/\/www.aarquiteta.com.br\/blog\/wp-json\/wp\/v2\/posts\/110931","targetHints":{"allow":["GET"]}}],"collection":[{"href":"https:\/\/www.aarquiteta.com.br\/blog\/wp-json\/wp\/v2\/posts"}],"about":[{"href":"https:\/\/www.aarquiteta.com.br\/blog\/wp-json\/wp\/v2\/types\/post"}],"author":[{"embeddable":true,"href":"https:\/\/www.aarquiteta.com.br\/blog\/wp-json\/wp\/v2\/users\/102"}],"replies":[{"embeddable":true,"href":"https:\/\/www.aarquiteta.com.br\/blog\/wp-json\/wp\/v2\/comments?post=110931"}],"version-history":[{"count":0,"href":"https:\/\/www.aarquiteta.com.br\/blog\/wp-json\/wp\/v2\/posts\/110931\/revisions"}],"wp:featuredmedia":[{"embeddable":true,"href":"https:\/\/www.aarquiteta.com.br\/blog\/wp-json\/wp\/v2\/media\/110928"}],"wp:attachment":[{"href":"https:\/\/www.aarquiteta.com.br\/blog\/wp-json\/wp\/v2\/media?parent=110931"}],"wp:term":[{"taxonomy":"category","embeddable":true,"href":"https:\/\/www.aarquiteta.com.br\/blog\/wp-json\/wp\/v2\/categories?post=110931"},{"taxonomy":"post_tag","embeddable":true,"href":"https:\/\/www.aarquiteta.com.br\/blog\/wp-json\/wp\/v2\/tags?post=110931"}],"curies":[{"name":"wp","href":"https:\/\/api.w.org\/{rel}","templated":true}]}}