{"id":110448,"date":"2024-04-10T16:09:19","date_gmt":"2024-04-10T19:09:19","guid":{"rendered":"https:\/\/www.aarquiteta.com.br\/blog\/canjiquinha-na-parede\/"},"modified":"2024-04-10T16:09:19","modified_gmt":"2024-04-10T19:09:19","slug":"canjiquinha-na-parede","status":"publish","type":"post","link":"https:\/\/www.aarquiteta.com.br\/blog\/canjiquinha-na-parede\/","title":{"rendered":"Canjiquinha na Parede: 5 Ideias Para Adicionar Textura e Estilo"},"content":{"rendered":"<p>A canjiquinha, tamb\u00e9m conhecida como seixo rolado ou pedra de rio, \u00e9 um material decorativo vers\u00e1til e encantador. Seu uso em paredes internas e externas vem ganhando cada vez mais popularidade, trazendo um toque r\u00fastico e natural para os ambientes. Neste artigo, exploraremos os detalhes desse revestimento \u00fanico, desde a escolha certa das pedras at\u00e9 dicas para instala\u00e7\u00e3o e harmoniza\u00e7\u00e3o com a decora\u00e7\u00e3o.<\/p>\n<h3>Destaques principais:<\/h3>\n<ul>\n<li><b>Entenda o que \u00e9 canjiquinha<\/b> e descubra suas vantagens como revestimento de parede.<\/li>\n<li>Conhe\u00e7a os diferentes <b>tipos de pedras dispon\u00edveis<\/b> e como escolher a ideal para seu projeto.<\/li>\n<li>Aprenda a <b>preparar a parede<\/b> corretamente antes da aplica\u00e7\u00e3o da canjiquinha.<\/li>\n<li>Siga o <b>passo a passo<\/b> detalhado para instalar a canjiquinha com perfei\u00e7\u00e3o.<\/li>\n<li>Descubra dicas valiosas para <b>manuten\u00e7\u00e3o<\/b> e cuidados com a canjiquinha.<\/li>\n<li>Explore inspira\u00e7\u00f5es de <b>ambientes decorados<\/b> com canjiquinha e harmonize com seu estilo.<\/li>\n<\/ul>\n<h3>O que \u00e9 canjiquinha?<\/h3>\n<figure style=\"width: 1024px\" class=\"wp-caption aligncenter\"><img decoding=\"async\" src=\"https:\/\/www.aarquiteta.com.br\/blog\/wp-content\/uploads\/2024\/04\/canjiquinha-na-parede04.jpg\" alt=\"canjiquinha na parede\" width=\"1024\" height=\"1024\" title=\"\"><figcaption class=\"wp-caption-text\">canjiquinha na parede<\/figcaption><\/figure>\n<p>A canjiquinha, tamb\u00e9m conhecida como seixo rolado ou pedra de rio, \u00e9 um revestimento natural composto por pequenas pedras arredondadas, formadas ao longo de anos pela a\u00e7\u00e3o das \u00e1guas dos rios. Essas pedrinhas possuem uma textura \u00fanica e cores vibrantes, variando do branco ao preto, passando por tons de bege, marrom, cinza e at\u00e9 mesmo azulados. <b>Cada pedra \u00e9 uma obra de arte \u00fanica<\/b>, esculpida pela natureza com paci\u00eancia e perfei\u00e7\u00e3o.<\/p>\n<h3>Vantagens de usar canjiquinha na parede<\/h3>\n<style id=\"wp_carousel_dynamic_css104049\">.sp-wp-carousel-free-id-104049.wpcf-fancybox-wrapper .fancybox-bg{background: #0b0b0b;opacity: 0.8;}.sp-wp-carousel-free-id-104049.wpcf-fancybox-wrapper .fancybox-navigation .fancybox-button .wpcp-fancybox-nav-arrow i {color: #ccc;}.sp-wp-carousel-free-id-104049.wpcf-fancybox-wrapper .fancybox-navigation .fancybox-button .wpcp-fancybox-nav-arrow i:hover {color: #fff;}.sp-wp-carousel-free-id-104049.wpcf-fancybox-wrapper .fancybox-navigation .fancybox-button {background: #1e1e1e;}.sp-wp-carousel-free-id-104049.wpcf-fancybox-wrapper .fancybox-navigation .fancybox-button:hover {background: #1e1e1e;}#sp-wp-carousel-free-id-104049 .wpcp-swiper-dots {margin: 40px 0px 0px 0px;}.wpcp-wrapper-104049 .swiper-wrapper .swiper-slide-kenburn, .wpcp-wrapper-104049 .swiper-wrapper, .wpcp-wrapper-104049 .wpcpro-row{align-items: center;}#sp-wp-carousel-free-id-104049 .wpcp-single-item {box-shadow: 0px 0px 0px 0px #dddddd;transition: all .3s;margin: 0px;}#sp-wp-carousel-free-id-104049.swiper-flip .wpcp-single-item{margin: 0!important;}#sp-wp-carousel-free-id-104049 .wpcp-single-item:hover {box-shadow: 0px 0px 0px 0px #dddddd;}#sp-wp-carousel-free-id-104049.sp-wpcp-104049 .wpcp-single-item {border: 1px solid #dddddd;}#sp-wp-carousel-free-id-104049.sp-wpcp-104049 .swiper-button-prev,#sp-wp-carousel-free-id-104049.sp-wpcp-104049 .swiper-button-next,#sp-wp-carousel-free-id-104049.sp-wpcp-104049 .swiper-button-prev:hover,#sp-wp-carousel-free-id-104049.sp-wpcp-104049 .swiper-button-next:hover {background: none;border: none;font-size: 30px;}#sp-wp-carousel-free-id-104049.sp-wpcp-104049 .swiper-button-prev i,#sp-wp-carousel-free-id-104049.sp-wpcp-104049 .swiper-button-next i {color: #aaa;}#sp-wp-carousel-free-id-104049.sp-wpcp-104049 .swiper-button-prev i:hover,#sp-wp-carousel-free-id-104049.sp-wpcp-104049 .swiper-button-next i:hover {color: #178087;}#sp-wp-carousel-free-id-104049.sp-wpcp-104049 .wpcp-swiper-dots .swiper-pagination-bullet {background-color: #cccccc;}#sp-wp-carousel-free-id-104049.sp-wpcp-104049 .wpcp-swiper-dots .swiper-pagination-bullet.swiper-pagination-bullet-active {background-color: #178087;} #sp-wp-carousel-free-id-104049.sp-wpcp-104049.wpcp-image-carousel .wpcp-single-item:hover img, #sp-wp-carousel-free-id-104049.sp-wpcp-104049.wpcp-post-carousel .wpcp-single-item:hover img, #sp-wp-carousel-free-id-104049.sp-wpcp-104049.wpcp-product-carousel .wpcp-single-item:hover img{-webkit-transform: scale(1.2);-moz-transform: scale(1.2);transform: scale(1.2);}#sp-wp-carousel-free-id-104049 .wpcpro-row>[class*=\"wpcpro-col-\"] { padding: 0 10px; padding-bottom: 20px;} #sp-wp-carousel-free-id-104049 .swiper-slide .single-item-fade:not(:last-child) { margin-right: 20px;}@media (min-width: 480px) { .wpcpro-row .wpcpro-col-sm-1 { flex: 0 0 100%; max-width: 100%; } .wpcpro-row .wpcpro-col-sm-2 { flex: 0 0 50%; max-width: 50%; } .wpcpro-row .wpcpro-col-sm-2-5 { flex: 0 0 75%; max-width: 75%; } .wpcpro-row .wpcpro-col-sm-3 { flex: 0 0 33.333%; max-width: 33.333%; } .wpcpro-row .wpcpro-col-sm-4 { flex: 0 0 25%; max-width: 25%; } .wpcpro-row .wpcpro-col-sm-5 { flex: 0 0 20%; max-width: 20%; } .wpcpro-row .wpcpro-col-sm-6 { flex: 0 0 16.66666666666667%; max-width: 16.66666666666667%; } .wpcpro-row .wpcpro-col-sm-7 { flex: 0 0 14.28571428%; max-width: 14.28571428%; } .wpcpro-row .wpcpro-col-sm-8 { flex: 0 0 12.5%; max-width: 12.5%; } } @media (max-width: 480px) { .wpcpro-row .wpcpro-col-xs-1 { flex: 0 0 100%; max-width: 100%; } .wpcpro-row .wpcpro-col-xs-2 { flex: 0 0 50%; max-width: 50%; } .wpcpro-row .wpcpro-col-xs-3 { flex: 0 0 33.222%; max-width: 33.222%; } .wpcpro-row .wpcpro-col-xs-4 { flex: 0 0 25%; max-width: 25%; } .wpcpro-row .wpcpro-col-xs-5 { flex: 0 0 20%; max-width: 20%; } .wpcpro-row .wpcpro-col-xs-6 { flex: 0 0 16.6667%; max-width: 16.6667%; } .wpcpro-row .wpcpro-col-xs-7 { flex: 0 0 14.28571428%; max-width: 14.28571428%; } .wpcpro-row .wpcpro-col-xs-8 { flex: 0 0 12.5%; max-width: 12.5%; } } @media (min-width: 736px) { .wpcpro-row .wpcpro-col-md-1 { flex: 0 0 100%; max-width: 100%; } .wpcpro-row .wpcpro-col-md-2 { flex: 0 0 50%; max-width: 50%; } .wpcpro-row .wpcpro-col-md-2-5 { flex: 0 0 75%; max-width: 75%; } .wpcpro-row .wpcpro-col-md-3 { flex: 0 0 33.333%; max-width: 33.333%; } .wpcpro-row .wpcpro-col-md-4 { flex: 0 0 25%; max-width: 25%; } .wpcpro-row .wpcpro-col-md-5 { flex: 0 0 20%; max-width: 20%; } .wpcpro-row .wpcpro-col-md-6 { flex: 0 0 16.66666666666667%; max-width: 16.66666666666667%; } .wpcpro-row .wpcpro-col-md-7 { flex: 0 0 14.28571428%; max-width: 14.28571428%; } .wpcpro-row .wpcpro-col-md-8 { flex: 0 0 12.5%; max-width: 12.5%; } } @media (min-width: 980px) { .wpcpro-row .wpcpro-col-lg-1 { flex: 0 0 100%; max-width: 100%; } .wpcpro-row .wpcpro-col-lg-2 { flex: 0 0 50%; max-width: 50%; } .wpcpro-row .wpcpro-col-lg-3 { flex: 0 0 33.222%; max-width: 33.222%; } .wpcpro-row .wpcpro-col-lg-4 { flex: 0 0 25%; max-width: 25%; } .wpcpro-row .wpcpro-col-lg-5 { flex: 0 0 20%; max-width: 20%; } .wpcpro-row .wpcpro-col-lg-6 { flex: 0 0 16.6667%; max-width: 16.6667%; } .wpcpro-row .wpcpro-col-lg-7 { flex: 0 0 14.28571428%; max-width: 14.28571428%; } .wpcpro-row .wpcpro-col-lg-8 { flex: 0 0 12.5%; max-width: 12.5%; } } @media (min-width: 1200px) { .wpcpro-row .wpcpro-col-xl-1 { flex: 0 0 100%; max-width: 100%; } .wpcpro-row .wpcpro-col-xl-2 { flex: 0 0 50%; max-width: 50%; } .wpcpro-row .wpcpro-col-xl-3 { flex: 0 0 33.22222222%; max-width: 33.22222222%; } .wpcpro-row .wpcpro-col-xl-4 { flex: 0 0 25%; max-width: 25%; } .wpcpro-row .wpcpro-col-xl-5 { flex: 0 0 20%; max-width: 20%; } .wpcpro-row .wpcpro-col-xl-6 { flex: 0 0 16.66667%; max-width: 16.66667%; } .wpcpro-row .wpcpro-col-xl-7 { flex: 0 0 14.28571428%; max-width: 14.28571428%; } .wpcpro-row .wpcpro-col-xl-8 { flex: 0 0 12.5%; max-width: 12.5%; } }<\/style><div class=\"wpcp-carousel-wrapper wpcp-wrapper-104049\">\n\t<div id=\"wpcp-preloader-104049\" class=\"wpcp-carousel-preloader\"><img decoding=\"async\" src=\"https:\/\/www.aarquiteta.com.br\/blog\/wp-content\/plugins\/wp-carousel-free\/public\/css\/spinner.svg\" alt=\"Preloader Image\" title=\"\"><\/div>\t<div class=\"wpcp-carousel-content-wrapper\">\n\t<div id=\"sp-wp-carousel-free-id-104049\" class=\"wpcp-carousel-section sp-wpcp-104049  nav-vertical-center wpcp-image-carousel wpcp-preloader wpcp-standard\" data-swiper='{ &quot;pagination_type&quot;: &quot;dots&quot;,&quot;accessibility&quot;:true, &quot;spaceBetween&quot;:20, &quot;arrows&quot;:false, &quot;freeMode&quot;: false, &quot;autoplay&quot;:true, &quot;effect&quot;: &quot;&quot;, &quot;centerMode&quot;: false, &quot;autoplaySpeed&quot;:3000, &quot;dots&quot;:true, &quot;infinite&quot;:true, &quot;speed&quot;:600, &quot;pauseOnHover&quot;:true,\n\t\t\t&quot;slidesToShow&quot;:{&quot;lg_desktop&quot;:5, &quot;desktop&quot;: 4, &quot;laptop&quot;: 3, &quot;tablet&quot;: 2, &quot;mobile&quot;: 1}, &quot;responsive&quot;:{&quot;desktop&quot;:1200, &quot;laptop&quot;: 980, &quot;tablet&quot;: 736, &quot;mobile&quot;: 480}, &quot;rtl&quot;:false, &quot;lazyLoad&quot;: &quot;false&quot;, &quot;swipe&quot;: true, &quot;draggable&quot;: true, &quot;swipeToSlide&quot;:false }' dir=\"ltr\">\n\t\t<div class=\"swiper-wrapper\">\n\t\t<div class=\"swiper-slide\">\n\t<div class=\"wpcp-single-item\">\n\t\t\t<a class=\"wcp-light-box\" data-buttons='[\"close\"]' data-wpc_url='https:\/\/www.aarquiteta.com.br\/blog\/wp-content\/uploads\/2023\/12\/transformacao-incrivel-parede-poucos-minutos-tecnica-inovadora01.jpg' href=\"https:\/\/www.aarquiteta.com.br\/blog\/wp-content\/uploads\/2023\/12\/transformacao-incrivel-parede-poucos-minutos-tecnica-inovadora01.jpg\" data-fancybox=\"wpcp_view\">\n\t\t<figure>\n\t\t\t<img decoding=\"async\" class=\"skip-lazy\" src=\"https:\/\/www.aarquiteta.com.br\/blog\/wp-content\/uploads\/2023\/12\/transformacao-incrivel-parede-poucos-minutos-tecnica-inovadora01.jpg\" alt=\"transformacao-incrivel-parede-poucos-minutos-tecnica-inovadora\" width=\"1024\" height=\"1024\" title=\"\">\t\t<\/figure>\n\t<\/a>\n\t\t<\/div>\n<\/div>\n\t<div class=\"swiper-slide\">\n\t<div class=\"wpcp-single-item\">\n\t\t\t<a class=\"wcp-light-box\" data-buttons='[\"close\"]' data-wpc_url='https:\/\/www.aarquiteta.com.br\/blog\/wp-content\/uploads\/2023\/12\/nichos-de-parede03.jpg' href=\"https:\/\/www.aarquiteta.com.br\/blog\/wp-content\/uploads\/2023\/12\/nichos-de-parede03.jpg\" data-fancybox=\"wpcp_view\">\n\t\t<figure>\n\t\t\t<img decoding=\"async\" class=\"skip-lazy\" src=\"https:\/\/www.aarquiteta.com.br\/blog\/wp-content\/uploads\/2023\/12\/nichos-de-parede03.jpg\" alt=\"nichos de parede\" width=\"1024\" height=\"1024\" title=\"\">\t\t<\/figure>\n\t<\/a>\n\t\t<\/div>\n<\/div>\n\t<div class=\"swiper-slide\">\n\t<div class=\"wpcp-single-item\">\n\t\t\t<a class=\"wcp-light-box\" data-buttons='[\"close\"]' data-wpc_url='https:\/\/www.aarquiteta.com.br\/blog\/wp-content\/uploads\/2023\/12\/nichos-de-parede02.jpg' href=\"https:\/\/www.aarquiteta.com.br\/blog\/wp-content\/uploads\/2023\/12\/nichos-de-parede02.jpg\" data-fancybox=\"wpcp_view\">\n\t\t<figure>\n\t\t\t<img decoding=\"async\" class=\"skip-lazy\" src=\"https:\/\/www.aarquiteta.com.br\/blog\/wp-content\/uploads\/2023\/12\/nichos-de-parede02.jpg\" alt=\"nichos de parede\" width=\"1024\" height=\"1024\" title=\"\">\t\t<\/figure>\n\t<\/a>\n\t\t<\/div>\n<\/div>\n\t<div class=\"swiper-slide\">\n\t<div class=\"wpcp-single-item\">\n\t\t\t<a class=\"wcp-light-box\" data-buttons='[\"close\"]' data-wpc_url='https:\/\/www.aarquiteta.com.br\/blog\/wp-content\/uploads\/2023\/12\/nichos-de-parede01.jpg' href=\"https:\/\/www.aarquiteta.com.br\/blog\/wp-content\/uploads\/2023\/12\/nichos-de-parede01.jpg\" data-fancybox=\"wpcp_view\">\n\t\t<figure>\n\t\t\t<img decoding=\"async\" class=\"skip-lazy\" src=\"https:\/\/www.aarquiteta.com.br\/blog\/wp-content\/uploads\/2023\/12\/nichos-de-parede01.jpg\" alt=\"nichos de parede\" width=\"1024\" height=\"1024\" title=\"\">\t\t<\/figure>\n\t<\/a>\n\t\t<\/div>\n<\/div>\n\t<div class=\"swiper-slide\">\n\t<div class=\"wpcp-single-item\">\n\t\t\t<a class=\"wcp-light-box\" data-buttons='[\"close\"]' data-wpc_url='https:\/\/www.aarquiteta.com.br\/blog\/wp-content\/uploads\/2023\/11\/decoracao-de-parede-da-sala03.jpg' href=\"https:\/\/www.aarquiteta.com.br\/blog\/wp-content\/uploads\/2023\/11\/decoracao-de-parede-da-sala03.jpg\" data-fancybox=\"wpcp_view\">\n\t\t<figure>\n\t\t\t<img decoding=\"async\" class=\"skip-lazy\" src=\"https:\/\/www.aarquiteta.com.br\/blog\/wp-content\/uploads\/2023\/11\/decoracao-de-parede-da-sala03.jpg\" alt=\"decora\u00e7\u00e3o de parede da sala\" width=\"1024\" height=\"1024\" title=\"\">\t\t<\/figure>\n\t<\/a>\n\t\t<\/div>\n<\/div>\n\t<div class=\"swiper-slide\">\n\t<div class=\"wpcp-single-item\">\n\t\t\t<a class=\"wcp-light-box\" data-buttons='[\"close\"]' data-wpc_url='https:\/\/www.aarquiteta.com.br\/blog\/wp-content\/uploads\/2023\/12\/como-pintar-parede01.jpg' href=\"https:\/\/www.aarquiteta.com.br\/blog\/wp-content\/uploads\/2023\/12\/como-pintar-parede01.jpg\" data-fancybox=\"wpcp_view\">\n\t\t<figure>\n\t\t\t<img decoding=\"async\" class=\"skip-lazy\" src=\"https:\/\/www.aarquiteta.com.br\/blog\/wp-content\/uploads\/2023\/12\/como-pintar-parede01.jpg\" alt=\"como pintar parede\" width=\"1024\" height=\"1024\" title=\"\">\t\t<\/figure>\n\t<\/a>\n\t\t<\/div>\n<\/div>\n\t<div class=\"swiper-slide\">\n\t<div class=\"wpcp-single-item\">\n\t\t\t<a class=\"wcp-light-box\" data-buttons='[\"close\"]' data-wpc_url='https:\/\/www.aarquiteta.com.br\/blog\/wp-content\/uploads\/2023\/12\/como-pintar-parede02.jpg' href=\"https:\/\/www.aarquiteta.com.br\/blog\/wp-content\/uploads\/2023\/12\/como-pintar-parede02.jpg\" data-fancybox=\"wpcp_view\">\n\t\t<figure>\n\t\t\t<img decoding=\"async\" class=\"skip-lazy\" src=\"https:\/\/www.aarquiteta.com.br\/blog\/wp-content\/uploads\/2023\/12\/como-pintar-parede02.jpg\" alt=\"como pintar parede\" width=\"1024\" height=\"1024\" title=\"\">\t\t<\/figure>\n\t<\/a>\n\t\t<\/div>\n<\/div>\n\t<div class=\"swiper-slide\">\n\t<div class=\"wpcp-single-item\">\n\t\t\t<a class=\"wcp-light-box\" data-buttons='[\"close\"]' data-wpc_url='https:\/\/www.aarquiteta.com.br\/blog\/wp-content\/uploads\/2023\/11\/decoracao-de-parede-da-sala02.jpg' href=\"https:\/\/www.aarquiteta.com.br\/blog\/wp-content\/uploads\/2023\/11\/decoracao-de-parede-da-sala02.jpg\" data-fancybox=\"wpcp_view\">\n\t\t<figure>\n\t\t\t<img decoding=\"async\" class=\"skip-lazy\" src=\"https:\/\/www.aarquiteta.com.br\/blog\/wp-content\/uploads\/2023\/11\/decoracao-de-parede-da-sala02.jpg\" alt=\"decora\u00e7\u00e3o de parede da sala\" width=\"1024\" height=\"1024\" title=\"\">\t\t<\/figure>\n\t<\/a>\n\t\t<\/div>\n<\/div>\n\t<div class=\"swiper-slide\">\n\t<div class=\"wpcp-single-item\">\n\t\t\t<a class=\"wcp-light-box\" data-buttons='[\"close\"]' data-wpc_url='https:\/\/www.aarquiteta.com.br\/blog\/wp-content\/uploads\/2023\/11\/decoracao-de-parede-da-sala01.jpg' href=\"https:\/\/www.aarquiteta.com.br\/blog\/wp-content\/uploads\/2023\/11\/decoracao-de-parede-da-sala01.jpg\" data-fancybox=\"wpcp_view\">\n\t\t<figure>\n\t\t\t<img decoding=\"async\" class=\"skip-lazy\" src=\"https:\/\/www.aarquiteta.com.br\/blog\/wp-content\/uploads\/2023\/11\/decoracao-de-parede-da-sala01.jpg\" alt=\"decora\u00e7\u00e3o de parede da sala\" width=\"1024\" height=\"1024\" title=\"\">\t\t<\/figure>\n\t<\/a>\n\t\t<\/div>\n<\/div>\n\t<div class=\"swiper-slide\">\n\t<div class=\"wpcp-single-item\">\n\t\t\t<a class=\"wcp-light-box\" data-buttons='[\"close\"]' data-wpc_url='https:\/\/www.aarquiteta.com.br\/blog\/wp-content\/uploads\/2023\/11\/5-dicas-para-decorar-as-paredes-da-sua-casa02.jpg' href=\"https:\/\/www.aarquiteta.com.br\/blog\/wp-content\/uploads\/2023\/11\/5-dicas-para-decorar-as-paredes-da-sua-casa02.jpg\" data-fancybox=\"wpcp_view\">\n\t\t<figure>\n\t\t\t<img decoding=\"async\" class=\"skip-lazy\" src=\"https:\/\/www.aarquiteta.com.br\/blog\/wp-content\/uploads\/2023\/11\/5-dicas-para-decorar-as-paredes-da-sua-casa02.jpg\" alt=\"5 dicas para decorar as paredes da sua casa\" width=\"1024\" height=\"1024\" title=\"\">\t\t<\/figure>\n\t<\/a>\n\t\t<\/div>\n<\/div>\n\t<div class=\"swiper-slide\">\n\t<div class=\"wpcp-single-item\">\n\t\t\t<a class=\"wcp-light-box\" data-buttons='[\"close\"]' data-wpc_url='https:\/\/www.aarquiteta.com.br\/blog\/wp-content\/uploads\/2023\/11\/revestimento-de-parede-externa04.jpg' href=\"https:\/\/www.aarquiteta.com.br\/blog\/wp-content\/uploads\/2023\/11\/revestimento-de-parede-externa04.jpg\" data-fancybox=\"wpcp_view\">\n\t\t<figure>\n\t\t\t<img decoding=\"async\" class=\"skip-lazy\" src=\"https:\/\/www.aarquiteta.com.br\/blog\/wp-content\/uploads\/2023\/11\/revestimento-de-parede-externa04.jpg\" alt=\"revestimento de parede externa\" width=\"1024\" height=\"1024\" title=\"\">\t\t<\/figure>\n\t<\/a>\n\t\t<\/div>\n<\/div>\n\t<div class=\"swiper-slide\">\n\t<div class=\"wpcp-single-item\">\n\t\t\t<a class=\"wcp-light-box\" data-buttons='[\"close\"]' data-wpc_url='https:\/\/www.aarquiteta.com.br\/blog\/wp-content\/uploads\/2023\/11\/revestimento-de-parede-externa03.jpg' href=\"https:\/\/www.aarquiteta.com.br\/blog\/wp-content\/uploads\/2023\/11\/revestimento-de-parede-externa03.jpg\" data-fancybox=\"wpcp_view\">\n\t\t<figure>\n\t\t\t<img decoding=\"async\" class=\"skip-lazy\" src=\"https:\/\/www.aarquiteta.com.br\/blog\/wp-content\/uploads\/2023\/11\/revestimento-de-parede-externa03.jpg\" alt=\"revestimento de parede externa\" width=\"1024\" height=\"1024\" title=\"\">\t\t<\/figure>\n\t<\/a>\n\t\t<\/div>\n<\/div>\n\t<div class=\"swiper-slide\">\n\t<div class=\"wpcp-single-item\">\n\t\t\t<a class=\"wcp-light-box\" data-buttons='[\"close\"]' data-wpc_url='https:\/\/www.aarquiteta.com.br\/blog\/wp-content\/uploads\/2023\/11\/revestimento-de-parede-externa01.jpg' href=\"https:\/\/www.aarquiteta.com.br\/blog\/wp-content\/uploads\/2023\/11\/revestimento-de-parede-externa01.jpg\" data-fancybox=\"wpcp_view\">\n\t\t<figure>\n\t\t\t<img decoding=\"async\" class=\"skip-lazy\" src=\"https:\/\/www.aarquiteta.com.br\/blog\/wp-content\/uploads\/2023\/11\/revestimento-de-parede-externa01.jpg\" alt=\"revestimento de parede externa\" width=\"1024\" height=\"1024\" title=\"\">\t\t<\/figure>\n\t<\/a>\n\t\t<\/div>\n<\/div>\n\t<div class=\"swiper-slide\">\n\t<div class=\"wpcp-single-item\">\n\t\t\t<a class=\"wcp-light-box\" data-buttons='[\"close\"]' data-wpc_url='https:\/\/www.aarquiteta.com.br\/blog\/wp-content\/uploads\/2023\/11\/parede-de-tijolo-aparente04.jpg' href=\"https:\/\/www.aarquiteta.com.br\/blog\/wp-content\/uploads\/2023\/11\/parede-de-tijolo-aparente04.jpg\" data-fancybox=\"wpcp_view\">\n\t\t<figure>\n\t\t\t<img decoding=\"async\" class=\"skip-lazy\" src=\"https:\/\/www.aarquiteta.com.br\/blog\/wp-content\/uploads\/2023\/11\/parede-de-tijolo-aparente04.jpg\" alt=\"parede de tijolo aparente\" width=\"1024\" height=\"1024\" title=\"\">\t\t<\/figure>\n\t<\/a>\n\t\t<\/div>\n<\/div>\n\t<div class=\"swiper-slide\">\n\t<div class=\"wpcp-single-item\">\n\t\t\t<a class=\"wcp-light-box\" data-buttons='[\"close\"]' data-wpc_url='https:\/\/www.aarquiteta.com.br\/blog\/wp-content\/uploads\/2023\/11\/do-clssico-ao-moderno-dicas-para-acertar-na-escolha-do-papel-de-parede-para-salavmqa.jpg' href=\"https:\/\/www.aarquiteta.com.br\/blog\/wp-content\/uploads\/2023\/11\/do-clssico-ao-moderno-dicas-para-acertar-na-escolha-do-papel-de-parede-para-salavmqa.jpg\" data-fancybox=\"wpcp_view\">\n\t\t<figure>\n\t\t\t<img decoding=\"async\" class=\"skip-lazy\" src=\"https:\/\/www.aarquiteta.com.br\/blog\/wp-content\/uploads\/2023\/11\/do-clssico-ao-moderno-dicas-para-acertar-na-escolha-do-papel-de-parede-para-salavmqa.jpg\" alt=\"Do Clssico ao Moderno Dicas para Acertar na Escolha do Papel de Parede para Sala\" width=\"1024\" height=\"768\" title=\"\">\t\t<\/figure>\n\t<\/a>\n\t\t<\/div>\n<\/div>\n\t<div class=\"swiper-slide\">\n\t<div class=\"wpcp-single-item\">\n\t\t\t<a class=\"wcp-light-box\" data-buttons='[\"close\"]' data-wpc_url='https:\/\/www.aarquiteta.com.br\/blog\/wp-content\/uploads\/2023\/11\/parede-de-tijolo-aparente01.jpg' href=\"https:\/\/www.aarquiteta.com.br\/blog\/wp-content\/uploads\/2023\/11\/parede-de-tijolo-aparente01.jpg\" data-fancybox=\"wpcp_view\">\n\t\t<figure>\n\t\t\t<img decoding=\"async\" class=\"skip-lazy\" src=\"https:\/\/www.aarquiteta.com.br\/blog\/wp-content\/uploads\/2023\/11\/parede-de-tijolo-aparente01.jpg\" alt=\"parede de tijolo aparente\" width=\"1024\" height=\"1024\" title=\"\">\t\t<\/figure>\n\t<\/a>\n\t\t<\/div>\n<\/div>\n\t<div class=\"swiper-slide\">\n\t<div class=\"wpcp-single-item\">\n\t\t\t<a class=\"wcp-light-box\" data-buttons='[\"close\"]' data-wpc_url='https:\/\/www.aarquiteta.com.br\/blog\/wp-content\/uploads\/2023\/11\/Artesanato-Criativo-7-Tendencias-de-Decoracao-de-Parede-para-2023-que-Vao-Revolucionar-Seu-Espaco03.jpg' href=\"https:\/\/www.aarquiteta.com.br\/blog\/wp-content\/uploads\/2023\/11\/Artesanato-Criativo-7-Tendencias-de-Decoracao-de-Parede-para-2023-que-Vao-Revolucionar-Seu-Espaco03.jpg\" data-fancybox=\"wpcp_view\">\n\t\t<figure>\n\t\t\t<img decoding=\"async\" class=\"skip-lazy\" src=\"https:\/\/www.aarquiteta.com.br\/blog\/wp-content\/uploads\/2023\/11\/Artesanato-Criativo-7-Tendencias-de-Decoracao-de-Parede-para-2023-que-Vao-Revolucionar-Seu-Espaco03.jpg\" alt=\"Artesanato Criativo: 7 Tend\u00eancias de Decora\u00e7\u00e3o de Parede para 2023 que V\u00e3o Revolucionar Seu Espa\u00e7o!\" width=\"1024\" height=\"1024\" title=\"\">\t\t<\/figure>\n\t<\/a>\n\t\t<\/div>\n<\/div>\n\t<div class=\"swiper-slide\">\n\t<div class=\"wpcp-single-item\">\n\t\t\t<a class=\"wcp-light-box\" data-buttons='[\"close\"]' data-wpc_url='https:\/\/www.aarquiteta.com.br\/blog\/wp-content\/uploads\/2023\/11\/como-decorar-a-parede-da-sua-casa-atras-do-sofa01.jpg' href=\"https:\/\/www.aarquiteta.com.br\/blog\/wp-content\/uploads\/2023\/11\/como-decorar-a-parede-da-sua-casa-atras-do-sofa01.jpg\" data-fancybox=\"wpcp_view\">\n\t\t<figure>\n\t\t\t<img decoding=\"async\" class=\"skip-lazy\" src=\"https:\/\/www.aarquiteta.com.br\/blog\/wp-content\/uploads\/2023\/11\/como-decorar-a-parede-da-sua-casa-atras-do-sofa01.jpg\" alt=\"como decorar a parede da sua casa atras do sof\u00e1?\" width=\"1024\" height=\"1024\" title=\"\">\t\t<\/figure>\n\t<\/a>\n\t\t<\/div>\n<\/div>\n\t<div class=\"swiper-slide\">\n\t<div class=\"wpcp-single-item\">\n\t\t\t<a class=\"wcp-light-box\" data-buttons='[\"close\"]' data-wpc_url='https:\/\/www.aarquiteta.com.br\/blog\/wp-content\/uploads\/2023\/11\/floreira-de-parede04.jpg' href=\"https:\/\/www.aarquiteta.com.br\/blog\/wp-content\/uploads\/2023\/11\/floreira-de-parede04.jpg\" data-fancybox=\"wpcp_view\">\n\t\t<figure>\n\t\t\t<img decoding=\"async\" class=\"skip-lazy\" src=\"https:\/\/www.aarquiteta.com.br\/blog\/wp-content\/uploads\/2023\/11\/floreira-de-parede04.jpg\" alt=\"floreira de parede\" width=\"1024\" height=\"1024\" title=\"\">\t\t<\/figure>\n\t<\/a>\n\t\t<\/div>\n<\/div>\n\t\t\t<\/div>\n\t\t\t\t\t<div class=\"wpcp-swiper-dots swiper-pagination\"><\/div>\n\t\t\t\t<!-- If we need navigation buttons -->\n\t\t\t<\/div>\n\t<\/div>\n<\/div>\n\n<p>Al\u00e9m de sua beleza incompar\u00e1vel, a canjiquinha oferece <b>in\u00fameras vantagens<\/b> como revestimento de parede. Primeiramente, \u00e9 um material extremamente dur\u00e1vel e resistente, capaz de suportar condi\u00e7\u00f5es adversas de temperatura e umidade. Sua textura rugosa tamb\u00e9m proporciona uma ader\u00eancia excelente, reduzindo o risco de deslizamentos ou deslocamentos.<\/p>\n<p>Outra vantagem not\u00e1vel \u00e9 a <b>facilidade de limpeza<\/b>. Basta uma passada com um pano \u00famido para remover a poeira ou sujeira acumulada. Al\u00e9m disso, a canjiquinha \u00e9 um material antimofo e antial\u00e9rgico, tornando-se uma escolha saud\u00e1vel para ambientes internos.<\/p>\n<p>Por fim, a versatilidade \u00e9 um dos principais atrativos da canjiquinha. <b>Ela pode ser aplicada em praticamente qualquer superf\u00edcie<\/b>, desde paredes internas at\u00e9 \u00e1reas externas, como jardins, piscinas e at\u00e9 mesmo banheiros e cozinhas. Sua beleza r\u00fastica se adapta perfeitamente a diversos estilos de decora\u00e7\u00e3o, do r\u00fastico ao moderno.<\/p>\n<h3>Tipos de pedras dispon\u00edveis<\/h3>\n<p>No mercado, voc\u00ea encontrar\u00e1 uma vasta gama de op\u00e7\u00f5es de canjiquinha, variando em cores, tamanhos e formatos. As mais comuns s\u00e3o as <b>pedras de rio<\/b>, como quartzo, \u00e1gata, jaspe e calced\u00f4nia, que apresentam uma mistura de tons terrosos e vibrantes. Contudo, tamb\u00e9m existem op\u00e7\u00f5es mais ex\u00f3ticas, como as <b>pedras vulc\u00e2nicas<\/b>, com suas cores intensas e texturas \u00fanicas.<\/p>\n<p>Al\u00e9m disso, \u00e9 poss\u00edvel encontrar canjiquinha em diferentes granulometrias, desde pedrinhas min\u00fasculas at\u00e9 pedras maiores. <b>A escolha do tamanho depender\u00e1 do efeito desejado<\/b> e da \u00e1rea a ser revestida. Pedras menores tendem a criar uma superf\u00edcie mais uniforme, enquanto as maiores proporcionam um visual mais r\u00fastico e texturizado.<\/p>\n<h3>Como escolher a canjiquinha ideal para sua parede<\/h3>\n<figure style=\"width: 1024px\" class=\"wp-caption aligncenter\"><img decoding=\"async\" src=\"https:\/\/www.aarquiteta.com.br\/blog\/wp-content\/uploads\/2024\/04\/canjiquinha-na-parede02.jpg\" alt=\"canjiquinha na parede\" width=\"1024\" height=\"1024\" title=\"\"><figcaption class=\"wp-caption-text\">canjiquinha na parede<\/figcaption><\/figure>\n<p>Ao selecionar a canjiquinha ideal para sua parede, \u00e9 importante levar em considera\u00e7\u00e3o <b>diversos fatores<\/b>. Primeiramente, analise o estilo de decora\u00e7\u00e3o do ambiente e escolha uma cor que se harmonize com os demais elementos. Tons neutros, como bege, marrom e cinza, s\u00e3o \u00f3timas op\u00e7\u00f5es para ambientes r\u00fasticos ou minimalistas, enquanto cores mais vibrantes, como azul e vermelho, podem trazer vida a ambientes modernos ou contempor\u00e2neos.<\/p>\n<p>Outro aspecto crucial \u00e9 o <b>tamanho das pedras<\/b>. Para \u00e1reas menores ou paredes com muitos detalhes, opte por pedras menores, que criar\u00e3o uma superf\u00edcie mais suave e uniforme. J\u00e1 em \u00e1reas maiores ou paredes lisas, pedras maiores podem adicionar um toque de textura e profundidade.<\/p>\n<p>Por fim, considere o <b>ambiente de aplica\u00e7\u00e3o<\/b>. Se for uma \u00e1rea externa, escolha pedras mais resistentes e imperme\u00e1veis, como quartzo ou basalto. Para ambientes internos, como banheiros e cozinhas, opte por pedras menos porosas e mais f\u00e1ceis de limpar.<\/p>\n<h3>Prepara\u00e7\u00e3o da parede antes da aplica\u00e7\u00e3o<\/h3>\n<p>Antes de iniciar a aplica\u00e7\u00e3o da canjiquinha, \u00e9 essencial <b>preparar adequadamente a superf\u00edcie<\/b> da parede. Comece removendo qualquer res\u00edduo ou material solto, como tinta descascada ou reboco solto. Em seguida, lixe a superf\u00edcie para criar uma ader\u00eancia ideal para o novo revestimento.<\/p>\n<p>Se a parede apresentar muitas imperfei\u00e7\u00f5es, como trincas ou buracos, \u00e9 recomendado <b>aplicar uma camada de massa acr\u00edlica<\/b> para nivel\u00e1-la. Deixe secar completamente antes de prosseguir com a instala\u00e7\u00e3o da canjiquinha.<\/p>\n<p>Outro passo importante \u00e9 a <b>impermeabiliza\u00e7\u00e3o<\/b>. Aplique uma camada de impermeabilizante adequado, seguindo as instru\u00e7\u00f5es do fabricante. Isso ajudar\u00e1 a proteger a parede contra umidade e infiltra\u00e7\u00f5es, garantindo a durabilidade do revestimento.<\/p>\n<h3>Passo a passo para instalar a canjiquinha<\/h3>\n<figure style=\"width: 1024px\" class=\"wp-caption aligncenter\"><img decoding=\"async\" src=\"https:\/\/www.aarquiteta.com.br\/blog\/wp-content\/uploads\/2024\/04\/canjiquinha-na-parede01.jpg\" alt=\"canjiquinha na parede\" width=\"1024\" height=\"1024\" title=\"\"><figcaption class=\"wp-caption-text\">canjiquinha na parede<\/figcaption><\/figure>\n<p>Com a parede devidamente preparada, \u00e9 hora de iniciar a instala\u00e7\u00e3o da canjiquinha. Siga este passo a passo detalhado:<\/p>\n<ol>\n<li><b>Aplique a argamassa<\/b>: Misture a argamassa de acordo com as instru\u00e7\u00f5es do fabricante e espalhe uma camada uniforme na \u00e1rea a ser revestida.<\/li>\n<li><b>Pressione as pedras<\/b>: Comece a pressionar as pedras de canjiquinha na argamassa, encaixando-as lado a lado. Use espa\u00e7adores para manter uma dist\u00e2ncia uniforme entre elas.<\/li>\n<li><b>Preencha os espa\u00e7os vazios<\/b>: Ap\u00f3s preencher toda a \u00e1rea, aplique mais argamassa para cobrir os espa\u00e7os vazios entre as pedras.<\/li>\n<li><b>Limpe o excesso<\/b>: Enquanto a argamassa ainda estiver fresca, remova o excesso com uma esponja \u00famida, limpando suavemente a superf\u00edcie das pedras.<\/li>\n<li><b>Rejunte<\/b>: Ap\u00f3s a secagem completa da argamassa, aplique o rejunte entre as pedras, seguindo as instru\u00e7\u00f5es do fabricante.<\/li>\n<li><b>Limpe novamente<\/b>: Remova o excesso de rejunte com um pano \u00famido, revelando a beleza das pedras.<\/li>\n<\/ol>\n<h3>Cuidados e manuten\u00e7\u00e3o<\/h3>\n<p>A canjiquinha \u00e9 um material extremamente dur\u00e1vel e resistente, mas ainda assim requer <b>alguns cuidados b\u00e1sicos<\/b> para manter sua beleza intacta. A limpeza regular \u00e9 essencial, e pode ser feita com um pano \u00famido e produtos de limpeza neutros. Evite produtos abrasivos ou \u00e1cidos, que podem danificar a superf\u00edcie das pedras.<\/p>\n<p>Em \u00e1reas externas, \u00e9 recomendado <b>aplicar um selante<\/b> a cada dois ou tr\u00eas anos, protegendo as pedras contra intemp\u00e9ries e garantindo sua durabilidade. Al\u00e9m disso, mantenha a \u00e1rea livre de ac\u00famulo de folhas, galhos ou outros detritos que possam causar manchas ou crescimento de musgos.<\/p>\n<p>Para \u00e1reas internas, como banheiros e cozinhas, <b>remova imediatamente<\/b> quaisquer respingos ou manchas de alimentos ou produtos qu\u00edmicos. Isso evitar\u00e1 que eles se impregnem nas pedras e causem danos permanentes.<\/p>\n<h3>Canjiquinha na \u00e1rea externa: dicas e cuidados<\/h3>\n<p><div class=\"youtube-embed\" data-video_id=\"3NS_cMgNUcQ\"><iframe title=\"Instala\u00e7\u00e3o de pedra canjiquinha\" width=\"696\" height=\"392\" src=\"https:\/\/www.youtube.com\/embed\/3NS_cMgNUcQ?feature=oembed&#038;enablejsapi=1\" frameborder=\"0\" allow=\"accelerometer; autoplay; clipboard-write; encrypted-media; gyroscope; picture-in-picture; web-share\" referrerpolicy=\"strict-origin-when-cross-origin\" allowfullscreen><\/iframe><\/div>\n<\/p>\n<p>A canjiquinha \u00e9 uma excelente op\u00e7\u00e3o para <b>revestir \u00e1reas externas<\/b>, trazendo um toque r\u00fastico e natural para jardins, piscinas e \u00e1reas de lazer. No entanto, \u00e9 importante tomar alguns cuidados extras para garantir sua durabilidade nessas condi\u00e7\u00f5es.<\/p>\n<p>Primeiramente, escolha <b>pedras resistentes<\/b> \u00e0 exposi\u00e7\u00e3o solar e \u00e0s intemp\u00e9ries, como quartzo, basalto ou pedras vulc\u00e2nicas. Essas op\u00e7\u00f5es s\u00e3o menos porosas e mais dur\u00e1veis ao longo do tempo.<\/p>\n<p>Durante a instala\u00e7\u00e3o, certifique-se de <b>aplicar um impermeabilizante adequado<\/b> na base, protegendo a parede contra a umidade do solo. Al\u00e9m disso, considere a inclina\u00e7\u00e3o da \u00e1rea para permitir o escoamento adequado da \u00e1gua da chuva.<\/p>\n<p>A <b>limpeza regular<\/b> tamb\u00e9m \u00e9 crucial em \u00e1reas externas. Remova folhas, galhos e detritos com uma vassoura ou soprador de folhas. Caso haja ac\u00famulo de musgos ou l\u00edquens, utilize uma solu\u00e7\u00e3o de \u00e1gua sanit\u00e1ria dilu\u00edda e uma escova de cerdas macias para remov\u00ea-los suavemente.<\/p>\n<h3>Canjiquinha na \u00e1rea interna: como harmonizar com a decora\u00e7\u00e3o<\/h3>\n<figure style=\"width: 1024px\" class=\"wp-caption aligncenter\"><img decoding=\"async\" src=\"https:\/\/www.aarquiteta.com.br\/blog\/wp-content\/uploads\/2024\/04\/canjiquinha-na-parede03.jpg\" alt=\"canjiquinha na parede\" width=\"1024\" height=\"1024\" title=\"\"><figcaption class=\"wp-caption-text\">canjiquinha na parede<\/figcaption><\/figure>\n<p>A canjiquinha \u00e9 uma adi\u00e7\u00e3o deslumbrante a <b>ambientes internos<\/b>, trazendo um toque natural e r\u00fastico \u00e0 decora\u00e7\u00e3o. No entanto, \u00e9 importante harmoniz\u00e1-la corretamente com os outros elementos do ambiente para criar um visual coeso e atraente.<\/p>\n<p>Se optar por utilizar a canjiquinha em uma parede focal, <b>equilibre-a com mobili\u00e1rio e acess\u00f3rios neutros<\/b>, permitindo que ela se destaque. Por outro lado, se a parede revestida for mais discreta, sinta-se \u00e0 vontade para adicionar pe\u00e7as de mobili\u00e1rio e decora\u00e7\u00e3o mais vibrantes e coloridas.<\/p>\n<p>Outra dica \u00e9 <b>combinar a canjiquinha com elementos de madeira<\/b>, como pisos de taco, vigas aparentes ou m\u00f3veis r\u00fasticos. Essa combina\u00e7\u00e3o cria um visual org\u00e2nico e aconchegante, perfeito para ambientes como salas de estar ou varandas.<\/p>\n<p>Para \u00e1reas como cozinhas e banheiros, a canjiquinha pode ser usada como <b>revestimento parcial<\/b>, criando um focal interessante atr\u00e1s da pia ou do chuveiro. Nesse caso, harmonize-a com azulejos ou ladrilhos neutros para manter um equil\u00edbrio visual.<\/p>\n<h3>Alternativas \u00e0 canjiquinha para revestimento de parede<\/h3>\n<p>Embora a canjiquinha seja uma op\u00e7\u00e3o encantadora, existem <b>outras alternativas naturais<\/b> para revestimento de paredes que tamb\u00e9m merecem ser consideradas. O bambu, por exemplo, \u00e9 um material ecol\u00f3gico e renov\u00e1vel que pode ser aplicado em diferentes estilos, desde pain\u00e9is lisos at\u00e9 tran\u00e7ados elaborados.<\/p>\n<p>Outra op\u00e7\u00e3o \u00e9 a <b>madeira<\/b>, que pode ser usada em diferentes formas, como toras, t\u00e1buas ou mesmo cascas de \u00e1rvores. Esse material traz uma sensa\u00e7\u00e3o aconchegante e r\u00fastica aos ambientes, al\u00e9m de ser extremamente dur\u00e1vel quando tratado corretamente.<\/p>\n<p>Para um toque mais ex\u00f3tico, considere <b>revestimentos de pedra natural<\/b>, como ard\u00f3sia, quartzito ou at\u00e9 mesmo pedras preciosas. Essas op\u00e7\u00f5es podem adicionar profundidade e textura \u00e0s paredes, criando um visual sofisticado e elegante.<\/p>\n<h3>Inspira\u00e7\u00f5es de ambientes decorados com canjiquinha<\/h3>\n<p style=\"text-align: center;\">[amazon table=&#8221;88070&#8243;]\n<p>Se voc\u00ea est\u00e1 em d\u00favida sobre como incorporar a canjiquinha em sua decora\u00e7\u00e3o, <b>n\u00e3o se preocupe<\/b>. Existem in\u00fameras inspira\u00e7\u00f5es encantadoras que podem ajud\u00e1-lo a visualizar o potencial desse material em diferentes ambientes.<\/p>\n<p>Em salas de estar, uma parede revestida com canjiquinha em tons terrosos cria um <b>focal aconchegante<\/b> ao redor da lareira ou da TV. Combine-a com m\u00f3veis de madeira maci\u00e7a e acess\u00f3rios r\u00fasticos para obter um visual coeso e harm\u00f4nico.<\/p>\n<p>Nos banheiros, a canjiquinha pode ser usada como <b>revestimento de chuveiro<\/b>, trazendo um toque natural e relaxante ao ambiente. Opte por pedras em tons claros e combine-as com metais escovados para um visual moderno e elegante.<\/p>\n<p>J\u00e1 nas \u00e1reas externas, como <b>jardins e piscinas<\/b>, a canjiquinha pode ser usada para revestir caminhos, paredes ou at\u00e9 mesmo a \u00e1rea ao redor da piscina. Escolha pedras resistentes \u00e0 exposi\u00e7\u00e3o solar e combine-as com vegeta\u00e7\u00e3o nativa para criar um visual integrado \u00e0 natureza.<\/p>\n<h3>Onde comprar canjiquinha de qualidade<\/h3>\n<p>Agora que voc\u00ea conhece os benef\u00edcios e o potencial da canjiquinha, \u00e9 hora de <b>colocar seu projeto em pr\u00e1tica<\/b>. Mas onde encontrar canjiquinha de qualidade e confi\u00e1vel?<\/p>\n<p>Uma \u00f3tima op\u00e7\u00e3o \u00e9 procurar por <b>lojas especializadas em materiais de constru\u00e7\u00e3o<\/b> e revestimentos. Essas lojas geralmente oferecem uma variedade de op\u00e7\u00f5es de canjiquinha, tanto em termos de cor quanto de tamanho e origem das pedras.<\/p>\n<p>Outra alternativa \u00e9 <b>consultar profissionais da \u00e1rea<\/b>, como arquitetos, designers de interiores ou paisagistas. Eles podem indicar fornecedores confi\u00e1veis e ajud\u00e1-lo a escolher a canjiquinha ideal para seu projeto.<\/p>\n<p>Por fim, n\u00e3o se esque\u00e7a de <b>pesquisar online<\/b>. Existem muitos fornecedores confi\u00e1veis que oferecem entregas em todo o pa\u00eds, permitindo<\/p>\n","protected":false},"excerpt":{"rendered":"<p>Explore dicas imperd\u00edveis para uma canjiquinha na parede deslumbrante. N\u00e3o perca!<\/p>\n","protected":false},"author":102,"featured_media":110445,"comment_status":"closed","ping_status":"closed","sticky":false,"template":"","format":"standard","meta":{"footnotes":""},"categories":[1484],"tags":[],"class_list":["post-110448","post","type-post","status-publish","format-standard","has-post-thumbnail","category-decoracao"],"_wp_attached_file":null,"_wp_attachment_metadata":null,"_wp_attachment_context":null,"_wp_attachment_is_custom_header":null,"geo_longitude":null,"geo_public":null,"geo_latitude":null,"_publicize_done_external":null,"_wpas_done_3897181":null,"publicize_twitter_user":null,"_wpas_done_3897175":null,"_wpas_skip_3897181":null,"_wpas_skip_3897175":null,"_wpas_skip_3924723":null,"_wpas_mess":null,"_wpas_done_3924723":null,"wps_subtitle":"","_links":{"self":[{"href":"https:\/\/www.aarquiteta.com.br\/blog\/wp-json\/wp\/v2\/posts\/110448","targetHints":{"allow":["GET"]}}],"collection":[{"href":"https:\/\/www.aarquiteta.com.br\/blog\/wp-json\/wp\/v2\/posts"}],"about":[{"href":"https:\/\/www.aarquiteta.com.br\/blog\/wp-json\/wp\/v2\/types\/post"}],"author":[{"embeddable":true,"href":"https:\/\/www.aarquiteta.com.br\/blog\/wp-json\/wp\/v2\/users\/102"}],"replies":[{"embeddable":true,"href":"https:\/\/www.aarquiteta.com.br\/blog\/wp-json\/wp\/v2\/comments?post=110448"}],"version-history":[{"count":0,"href":"https:\/\/www.aarquiteta.com.br\/blog\/wp-json\/wp\/v2\/posts\/110448\/revisions"}],"wp:featuredmedia":[{"embeddable":true,"href":"https:\/\/www.aarquiteta.com.br\/blog\/wp-json\/wp\/v2\/media\/110445"}],"wp:attachment":[{"href":"https:\/\/www.aarquiteta.com.br\/blog\/wp-json\/wp\/v2\/media?parent=110448"}],"wp:term":[{"taxonomy":"category","embeddable":true,"href":"https:\/\/www.aarquiteta.com.br\/blog\/wp-json\/wp\/v2\/categories?post=110448"},{"taxonomy":"post_tag","embeddable":true,"href":"https:\/\/www.aarquiteta.com.br\/blog\/wp-json\/wp\/v2\/tags?post=110448"}],"curies":[{"name":"wp","href":"https:\/\/api.w.org\/{rel}","templated":true}]}}