{"id":110245,"date":"2024-04-07T20:37:42","date_gmt":"2024-04-07T23:37:42","guid":{"rendered":"https:\/\/www.aarquiteta.com.br\/blog\/arandellas-externas-solucoes-versateis-sua-montagem\/"},"modified":"2024-04-07T20:37:42","modified_gmt":"2024-04-07T23:37:42","slug":"arandellas-externas-solucoes-versateis-sua-montagem","status":"publish","type":"post","link":"https:\/\/www.aarquiteta.com.br\/blog\/arandellas-externas-solucoes-versateis-sua-montagem\/","title":{"rendered":"Arandellas Externas &#8211; Solu\u00e7\u00f5es Vers\u00e1teis para Sua Montagem."},"content":{"rendered":"<p><body><\/p>\n<h3>Introdu\u00e7\u00e3o \u00e0s Arandellas Externas<\/h3>\n<p>Ol\u00e1, meus amigos! Hoje vamos explorar um t\u00f3pico fascinante: as <b>arandellas externas<\/b>. Essas pequenas, mas poderosas, estruturas t\u00eam o potencial de transformar completamente a forma como organizamos e utilizamos nossos espa\u00e7os externos. Vamos mergulhar neste universo e descobrir como elas podem <b>melhorar sua experi\u00eancia ao ar livre<\/b>.<\/p>\n<h3>Vantagens das Arandellas Externas para sua Montagem<\/h3>\n<p><img decoding=\"async\" src=\"https:\/\/www.aarquiteta.com.br\/blog\/wp-content\/uploads\/2024\/04\/525543c99583d70a0a036dc41197e591.jpg\" alt=\"\" title=\"\">Source: <a href=\"http:\/\/www.pinterest.com\/pin\/499407046195677387\" target=\"_blank\" rel=\"noopener\">Pinterest<\/a><\/p>\n<p>As <b>arandellas externas<\/b> oferecem uma s\u00e9rie de vantagens que as tornam uma escolha excepcional para sua montagem. Primeiro, elas fornecem <b>prote\u00e7\u00e3o contra o clima<\/b>, permitindo que voc\u00ea aproveite seu espa\u00e7o externo mesmo em dias mais ensolarados ou chuvosos. Al\u00e9m disso, elas <b>ampliam seu espa\u00e7o de conviv\u00eancia<\/b>, criando \u00e1reas cobertas e aconchegantes para reuni\u00f5es, refei\u00e7\u00f5es ou simplesmente relaxar. E o melhor de tudo: elas adicionam <b>um toque de eleg\u00e2ncia e estilo<\/b> ao seu ambiente, elevando a apar\u00eancia geral de sua propriedade.<\/p>\n<h3>Tipos de Arandellas Externas Dispon\u00edveis<\/h3>\n<p><img decoding=\"async\" src=\"https:\/\/www.aarquiteta.com.br\/blog\/wp-content\/uploads\/2024\/04\/55262c37d1a378aa3d4840b8f15c5ab3.jpg\" alt=\"\" title=\"\">Source: <a href=\"http:\/\/www.pinterest.com\/pin\/331366485098630366\" target=\"_blank\" rel=\"noopener\">Pinterest<\/a><\/p>\n<p>No mercado, voc\u00ea encontrar\u00e1 uma ampla variedade de <b>arandellas externas<\/b> para escolher. Desde designs simples e minimalistas at\u00e9 op\u00e7\u00f5es mais elaboradas e personaliz\u00e1veis, h\u00e1 algo para todos os gostos e necessidades. Algumas das <b>principais op\u00e7\u00f5es<\/b> incluem:<\/p>\n<ul>\n<li>Arandellas retr\u00e1teis, que podem ser abertas e fechadas conforme a necessidade<\/li>\n<li>Arandellas fixas, que oferecem uma estrutura permanente e robusta<\/li>\n<li>Arandellas com ilumina\u00e7\u00e3o embutida, para uma atmosfera aconchegante \u00e0 noite<\/li>\n<li>Arandellas com aquecimento integrado, para prolongar o uso durante os meses mais frios<\/li>\n<\/ul>\n<h3>Dicas para Escolher a Arandella Externa Ideal<\/h3>\n<p><img decoding=\"async\" src=\"https:\/\/www.aarquiteta.com.br\/blog\/wp-content\/uploads\/2024\/04\/808c204fc610b0669c56abe0225c61a6.jpg\" alt=\"\" title=\"\">Source: <a href=\"http:\/\/www.pinterest.com\/pin\/497718196338777138\" target=\"_blank\" rel=\"noopener\">Pinterest<\/a><\/p>\n<p>Ao selecionar sua <b>arandella externa<\/b>, \u00e9 importante considerar diversos fatores para garantir que voc\u00ea fa\u00e7a a melhor escolha. Alguns <b>aspectos-chave<\/b> a serem levados em conta:<\/p>\n<ol>\n<li>Tamanho e layout do seu espa\u00e7o externo<\/li>\n<li>Estilo e design que combinem com a est\u00e9tica da sua propriedade<\/li>\n<li>Caracter\u00edsticas adicionais, como ilumina\u00e7\u00e3o e aquecimento, que atendam \u00e0s suas necessidades<\/li>\n<li>Durabilidade e qualidade dos materiais utilizados na constru\u00e7\u00e3o<\/li>\n<li>Or\u00e7amento dispon\u00edvel para seu projeto<\/li>\n<\/ol>\n<h3>Instala\u00e7\u00e3o e Manuten\u00e7\u00e3o das Arandellas Externas<\/h3>\n<p><img decoding=\"async\" src=\"https:\/\/www.aarquiteta.com.br\/blog\/wp-content\/uploads\/2024\/04\/1453e151b7a914c8a5e44f8f1529075e-800x1200.jpg\" alt=\"\" title=\"\">Source: <a href=\"http:\/\/www.pinterest.com\/pin\/84653668200352309\" target=\"_blank\" rel=\"noopener\">Pinterest<\/a><\/p>\n<p>A instala\u00e7\u00e3o de uma <b>arandella externa<\/b> requer cuidados e aten\u00e7\u00e3o, mas com as orienta\u00e7\u00f5es certas, o processo pode ser <b>simples e direto<\/b>. \u00c9 importante seguir as instru\u00e7\u00f5es do fabricante e, se necess\u00e1rio, contar com a ajuda de um profissional especializado. Al\u00e9m disso, a <b>manuten\u00e7\u00e3o regular<\/b> \u00e9 essencial para garantir a durabilidade e o bom funcionamento da sua arandella. Isso envolve limpeza, verifica\u00e7\u00e3o de pe\u00e7as e, eventualmente, pequenos reparos.<\/p>\n<h3>Conclus\u00e3o: Aproveite as Solu\u00e7\u00f5es Vers\u00e1teis das Arandellas Externas<\/h3>\n<h3>Kit 8 Arandelas Colonial Lumin&aacute;ria Parede Transparente 132<\/h3>\n<p><img decoding=\"async\" src=\"https:\/\/www.aarquiteta.com.br\/blog\/wp-content\/uploads\/2024\/04\/525543c99583d70a0a036dc41197e591.jpg\" alt=\"\" title=\"\">Source: <a href=\"http:\/\/www.pinterest.com\/pin\/499407046195677387\" target=\"_blank\" rel=\"noopener\">Pinterest<\/a><br \/>\nAs <b>arandellas externas<\/b> s\u00e3o uma solu\u00e7\u00e3o fant\u00e1stica para quem deseja <b>desfrutar ao m\u00e1ximo de seu espa\u00e7o externo<\/b>, independentemente das condi\u00e7\u00f5es clim\u00e1ticas. Elas oferecem prote\u00e7\u00e3o, conforto e estilo, transformando sua \u00e1rea externa em um verdadeiro o\u00e1sis de relaxamento e conviv\u00eancia. Ent\u00e3o, por que n\u00e3o come\u00e7ar a explorar as op\u00e7\u00f5es dispon\u00edveis e encontrar a <b>arandella perfeita<\/b> para sua casa?<\/p>\n<p><\/body><\/p>\n<h3>simple modern aesthetic outdoor lighting ideas<\/h3>\n<p><img decoding=\"async\" src=\"https:\/\/www.aarquiteta.com.br\/blog\/wp-content\/uploads\/2024\/04\/55262c37d1a378aa3d4840b8f15c5ab3.jpg\" alt=\"\" title=\"\">Source: <a href=\"http:\/\/www.pinterest.com\/pin\/331366485098630366\" target=\"_blank\" rel=\"noopener\">Pinterest<\/a><\/p>\n<h3>Arandela Lumin&aacute;ria Led Externa E Interna P\/ Parede 2 Fachos<\/h3>\n<p><img decoding=\"async\" src=\"https:\/\/www.aarquiteta.com.br\/blog\/wp-content\/uploads\/2024\/04\/808c204fc610b0669c56abe0225c61a6.jpg\" alt=\"\" title=\"\">Source: <a href=\"http:\/\/www.pinterest.com\/pin\/497718196338777138\" target=\"_blank\" rel=\"noopener\">Pinterest<\/a><\/p>\n<h3>Babila Outdoor Wall Lamp by Marset &#8211; 7 \/ Polished Stainless Steel \/ LED On\/Off<\/h3>\n<p><img decoding=\"async\" src=\"https:\/\/www.aarquiteta.com.br\/blog\/wp-content\/uploads\/2024\/04\/1453e151b7a914c8a5e44f8f1529075e-800x1200.jpg\" alt=\"\" title=\"\">Source: <a href=\"http:\/\/www.pinterest.com\/pin\/84653668200352309\" target=\"_blank\" rel=\"noopener\">Pinterest<\/a><\/p>\n<h3><\/h3>\n<p><img decoding=\"async\" src=\"\" alt=\"\" title=\"\">Source: <a href=\"http:\/\/www.pinterest.com\/pin\/499407046195677387\" target=\"_blank\" rel=\"noopener\">Pinterest<\/a><\/p>\n<h3><\/h3>\n<p><img decoding=\"async\" src=\"\" alt=\"\" title=\"\">Source: <a href=\"\">Pinterest<\/a><\/p>\n<h3><\/h3>\n<p><img decoding=\"async\" src=\"\" alt=\"\" title=\"\">Source: <a href=\"\">Pinterest<\/a><\/p>\n<h3><\/h3>\n<p><img decoding=\"async\" src=\"\" alt=\"\" title=\"\">Source: <a href=\"\">Pinterest<\/a><\/p>\n<h3><\/h3>\n<p><img decoding=\"async\" src=\"\" alt=\"\" title=\"\">Source: <a href=\"\">Pinterest<\/a><\/p>\n<h3><\/h3>\n<p><img decoding=\"async\" src=\"\" alt=\"\" title=\"\">Source: <a href=\"\">Pinterest<\/a><\/p>\n<h3><\/h3>\n<p><img decoding=\"async\" src=\"\" alt=\"\" title=\"\">Source: <a href=\"\">Pinterest<\/a><\/p>\n<h3><\/h3>\n<p><img decoding=\"async\" src=\"\" alt=\"\" title=\"\">Source: <a href=\"\">Pinterest<\/a><\/p>\n<h3><\/h3>\n<p><img decoding=\"async\" src=\"\" alt=\"\" title=\"\">Source: <a href=\"\">Pinterest<\/a><\/p>\n<h3><\/h3>\n<p><img decoding=\"async\" src=\"\" alt=\"\" title=\"\">Source: <a href=\"\">Pinterest<\/a><\/p>\n<h3><\/h3>\n<p><img decoding=\"async\" src=\"\" alt=\"\" title=\"\">Source: <a href=\"\">Pinterest<\/a><\/p>\n<h3><\/h3>\n<p><img decoding=\"async\" src=\"\" alt=\"\" title=\"\">Source: <a href=\"\">Pinterest<\/a><\/p>\n","protected":false},"excerpt":{"rendered":"<p>Arandellas Externas &#8211; Solu\u00e7\u00f5es Vers\u00e1teis para Sua Montagem.<\/p>\n","protected":false},"author":102,"featured_media":110239,"comment_status":"closed","ping_status":"closed","sticky":false,"template":"","format":"standard","meta":{"footnotes":""},"categories":[1484],"tags":[],"class_list":["post-110245","post","type-post","status-publish","format-standard","has-post-thumbnail","category-decoracao"],"_wp_attached_file":null,"_wp_attachment_metadata":null,"_wp_attachment_context":null,"_wp_attachment_is_custom_header":null,"geo_longitude":null,"geo_public":null,"geo_latitude":null,"_publicize_done_external":null,"_wpas_done_3897181":null,"publicize_twitter_user":null,"_wpas_done_3897175":null,"_wpas_skip_3897181":null,"_wpas_skip_3897175":null,"_wpas_skip_3924723":null,"_wpas_mess":null,"_wpas_done_3924723":null,"wps_subtitle":"","_links":{"self":[{"href":"https:\/\/www.aarquiteta.com.br\/blog\/wp-json\/wp\/v2\/posts\/110245","targetHints":{"allow":["GET"]}}],"collection":[{"href":"https:\/\/www.aarquiteta.com.br\/blog\/wp-json\/wp\/v2\/posts"}],"about":[{"href":"https:\/\/www.aarquiteta.com.br\/blog\/wp-json\/wp\/v2\/types\/post"}],"author":[{"embeddable":true,"href":"https:\/\/www.aarquiteta.com.br\/blog\/wp-json\/wp\/v2\/users\/102"}],"replies":[{"embeddable":true,"href":"https:\/\/www.aarquiteta.com.br\/blog\/wp-json\/wp\/v2\/comments?post=110245"}],"version-history":[{"count":0,"href":"https:\/\/www.aarquiteta.com.br\/blog\/wp-json\/wp\/v2\/posts\/110245\/revisions"}],"wp:featuredmedia":[{"embeddable":true,"href":"https:\/\/www.aarquiteta.com.br\/blog\/wp-json\/wp\/v2\/media\/110239"}],"wp:attachment":[{"href":"https:\/\/www.aarquiteta.com.br\/blog\/wp-json\/wp\/v2\/media?parent=110245"}],"wp:term":[{"taxonomy":"category","embeddable":true,"href":"https:\/\/www.aarquiteta.com.br\/blog\/wp-json\/wp\/v2\/categories?post=110245"},{"taxonomy":"post_tag","embeddable":true,"href":"https:\/\/www.aarquiteta.com.br\/blog\/wp-json\/wp\/v2\/tags?post=110245"}],"curies":[{"name":"wp","href":"https:\/\/api.w.org\/{rel}","templated":true}]}}