{"id":11001,"date":"2023-09-06T17:06:54","date_gmt":"2023-09-06T20:06:54","guid":{"rendered":"http:\/\/aarquiteta.com.br\/?p=11001"},"modified":"2026-09-01T16:04:09","modified_gmt":"2026-09-01T19:04:09","slug":"masp-curiosidades-sobre-o-museu","status":"publish","type":"post","link":"https:\/\/www.aarquiteta.com.br\/blog\/masp-curiosidades-sobre-o-museu\/","title":{"rendered":"MASP &#8211; 10 curiosidades sobre o museu mais famoso de SP!"},"content":{"rendered":"<p>O Museu de Arte de S\u00e3o Paulo (MASP) foi fundado em 1947, um projeto da arquiteta <a href=\"https:\/\/www.aarquiteta.com.br\/blog\/arquitetura\/mundo-arquitetura\/lina-bo-bardi-10-curiosidades\/\">Lina Bo Bardi<\/a>.\u00a0A ideia de criar o espa\u00e7o veio do empres\u00e1rio e jornalista Assis Chateaubriand, conhecido pela vinda da televis\u00e3o ao pa\u00eds, e tamb\u00e9m por Pietro Maria Bardi, um jornalista e cr\u00edtico de arte italiano.<\/p>\n<p>Inclusive as primeiras obras expostas no museu foram selecionadas por este cr\u00edtico, que escolheu pessoalmente o acervo na Europa p\u00f3s-guerra.\u00a0O projeto de Bardi levou 12 anos entre o projeto e a execu\u00e7\u00e3o, trazendo a sede para a Avenida Paulista.<\/p>\n<p>Atualmente, o museu \u00e9 tido como um dos marcos de S\u00e3o Paulo, conhecido no pa\u00eds inteiro e ao redor do mundo.\u00a0Essa \u00e9 s\u00f3 um pouco da hist\u00f3ria do MASP, que tem muito mais a ser contado.\u00a0Por isso separamos algumas curiosidades sobre o museu e tamb\u00e9m algumas das suas hist\u00f3rias.<\/p>\n<h2>MASP \u2014 10 curiosidades sobre o museu mais famoso de SP.<\/h2>\n<figure id=\"attachment_88139\" aria-describedby=\"caption-attachment-88139\" style=\"width: 1280px\" class=\"wp-caption alignnone\"><img decoding=\"async\" class=\"size-full wp-image-88139\" src=\"https:\/\/www.aarquiteta.com.br\/blog\/wp-content\/uploads\/2023\/07\/MASP-Sao-Paulo-LINA-BO-BARDI.jpg\" alt=\"O Modernismo na Arquitetura do Museu de Arte de S\u00e3o Paulo - MASP.\" width=\"1280\" height=\"888\" title=\"\" srcset=\"https:\/\/www.aarquiteta.com.br\/blog\/wp-content\/uploads\/2023\/07\/MASP-Sao-Paulo-LINA-BO-BARDI.jpg 1280w, https:\/\/www.aarquiteta.com.br\/blog\/wp-content\/uploads\/2023\/07\/MASP-Sao-Paulo-LINA-BO-BARDI-1024x710.jpg 1024w, https:\/\/www.aarquiteta.com.br\/blog\/wp-content\/uploads\/2023\/07\/MASP-Sao-Paulo-LINA-BO-BARDI-696x483.jpg 696w, https:\/\/www.aarquiteta.com.br\/blog\/wp-content\/uploads\/2023\/07\/MASP-Sao-Paulo-LINA-BO-BARDI-150x104.jpg 150w\" sizes=\"(max-width: 1280px) 100vw, 1280px\" \/><figcaption id=\"caption-attachment-88139\" class=\"wp-caption-text\">Foto: https:\/\/pt.wikipedia.org\/<\/figcaption><\/figure>\n<h3>1 \u2014 A Primeira sede:<\/h3>\n<p>O MASP \u00e9 um marco da Avenida Paulista, principal avenida da capital, mas essa n\u00e3o foi a primeira localiza\u00e7\u00e3o do museu.<\/p>\n<p>Inicialmente, ele foi instalado em quatro andares dos Di\u00e1rios Associados, o imp\u00e9rio jornal\u00edstico de Chat\u00f4 \u2013 eram 34 jornais, 36 emissoras de r\u00e1dio, editora, a revista O Cruzeiro. Mais tarde, 18 esta\u00e7\u00f5es de televis\u00e3o, incluindo a TV Tupi.<\/p>\n<p>Embora tenha nascido em 1947, a inaugura\u00e7\u00e3o na Paulista s\u00f3 ocorreu h\u00e1 mais de 20 anos de sua funda\u00e7\u00e3o, em novembro de 1968.\u00a0A constru\u00e7\u00e3o do MASP onde ele se encontra hoje durou 12 anos, por isso a demora para a mudan\u00e7a de endere\u00e7o.<\/p>\n<figure id=\"attachment_11025\" aria-describedby=\"caption-attachment-11025\" style=\"width: 1100px\" class=\"wp-caption aligncenter\"><img decoding=\"async\" class=\"wp-image-11025\" title=\"MASP - 10 curiosidades sobre o museu mais famoso de SP!\" src=\"https:\/\/www.aarquiteta.com.br\/blog\/wp-content\/uploads\/2017\/09\/diarios-associados.jpg\" alt=\"MASP \u2014 10 curiosidades sobre o museu mais famoso de SP.\" width=\"1100\" height=\"621\" srcset=\"https:\/\/www.aarquiteta.com.br\/blog\/wp-content\/uploads\/2017\/09\/diarios-associados.jpg 600w, https:\/\/www.aarquiteta.com.br\/blog\/wp-content\/uploads\/2017\/09\/diarios-associados-150x85.jpg 150w\" sizes=\"(max-width: 1100px) 100vw, 1100px\" \/><figcaption id=\"caption-attachment-11025\" class=\"wp-caption-text\">MASP \u2014 10 curiosidades sobre o museu mais famoso de SP.<\/figcaption><\/figure>\n<h3>2 \u2014 Visitas ilustres:<\/h3>\n<p>A inaugura\u00e7\u00e3o do MASP na Paulista foi um evento de propor\u00e7\u00f5es gigantescas, gerou at\u00e9 mesmo a visita da rainha Elizabeth II.<\/p>\n<p>Era a primeira visita da monarca ao Brasil e ela veio especialmente para a inaugura\u00e7\u00e3o.<\/p>\n<p>Por conta de sua presen\u00e7a, a Avenida Paulista acabou congestionada e parada pelos presentes ao evento, o que acabou atrasando o in\u00edcio das comemora\u00e7\u00f5es.\u00a0Atrasos \u00e0 parte, o evento saiu como esperado sendo lembrado at\u00e9 hoje.<\/p>\n<figure id=\"attachment_11026\" aria-describedby=\"caption-attachment-11026\" style=\"width: 1100px\" class=\"wp-caption aligncenter\"><img decoding=\"async\" class=\"wp-image-11026\" title=\"visita da rainha Elizabeth II ao MASP\" src=\"https:\/\/www.aarquiteta.com.br\/blog\/wp-content\/uploads\/2017\/09\/rainha-elizabeth-masp.jpg\" alt=\"MASP \u2014 10 curiosidades sobre o museu mais famoso de SP.\" width=\"1100\" height=\"625\" srcset=\"https:\/\/www.aarquiteta.com.br\/blog\/wp-content\/uploads\/2017\/09\/rainha-elizabeth-masp.jpg 760w, https:\/\/www.aarquiteta.com.br\/blog\/wp-content\/uploads\/2017\/09\/rainha-elizabeth-masp-696x396.jpg 696w, https:\/\/www.aarquiteta.com.br\/blog\/wp-content\/uploads\/2017\/09\/rainha-elizabeth-masp-150x85.jpg 150w\" sizes=\"(max-width: 1100px) 100vw, 1100px\" \/><figcaption id=\"caption-attachment-11026\" class=\"wp-caption-text\">MASP \u2014 10 curiosidades sobre o museu mais famoso de SP.<\/figcaption><\/figure>\n<h3>3 \u2014 O v\u00e3o n\u00e3o \u00e9 \u00e0 toa:<\/h3>\n<p>Um dos principais marcos da arquitetura de Lina Bo Bardi \u00e9 o MASP, justamente por seu v\u00e3o livre que chama bastante aten\u00e7\u00e3o. Mas esse fato n\u00e3o surgiu por um surto de inspira\u00e7\u00e3o da arquiteta, era uma necessidade da obra.<\/p>\n<p>O terreno onde o museu foi instalado foi doado \u00e0 Prefeitura de S\u00e3o Paulo, com a condi\u00e7\u00e3o de que jamais fosse constru\u00eddo um edif\u00edcio no local. Isso porque a constru\u00e7\u00e3o iria esconder a paisagem para a Avenida Nove de Julho, que vazia vista para o centro e a Serra da Cantareira.<\/p>\n<p>Assim, para atender a essa exig\u00eancia, a arquiteta apresentou um projeto com um grande v\u00e3o, onde era poss\u00edvel ver toda a paisagem preservada.<\/p>\n<figure id=\"attachment_11027\" aria-describedby=\"caption-attachment-11027\" style=\"width: 1100px\" class=\"wp-caption aligncenter\"><img decoding=\"async\" class=\"wp-image-11027\" title=\"vista debaixo do v\u00e3o do MASP\" src=\"https:\/\/www.aarquiteta.com.br\/blog\/wp-content\/uploads\/2017\/09\/vao-masp-790x435.jpeg\" alt=\"MASP - 10 curiosidades sobre o museu mais famoso de SP!\" width=\"1100\" height=\"680\" \/><figcaption id=\"caption-attachment-11027\" class=\"wp-caption-text\">MASP &#8211; 10 curiosidades sobre o museu mais famoso de SP!<\/figcaption><\/figure>\n<h3>4 \u2014 Pequenos contratempos:<\/h3>\n<p>O pr\u00f3prio Pietro Bardi reuniu boa parte do acervo entre os anos de 1947 e 1952, entre viagens pessoais na Europa p\u00f3s-guerra. Na maioria das viagens, o cr\u00edtico de arte era acompanhado por Chateaubriand, tamb\u00e9m fundador do museu.<\/p>\n<p>Desta sele\u00e7\u00e3o, a primeira aquisi\u00e7\u00e3o foi o quatro Retrato de Mulher, de Picasso, j\u00e1 em 1947.<\/p>\n<p>Nesses primeiros anos foi adquirido o grosso que comp\u00f5e o acervo. Atualmente, ele possui 10 mil obras.<\/p>\n<p>Mas nem tudo foram flores. Os curadores tiveram alguns deslizes em rela\u00e7\u00e3o ao acervo, sobretudo no in\u00edcio dos anos 70, quando o pintor Joan Mir\u00f3 endere\u00e7ou uma carta ao pr\u00f3prio Bardi, onde negava a autoria de uma obra exposta no museu.<\/p>\n<p>Era uma pintura em guache e ela foi imediatamente retirada, e colocada em uma reserva t\u00e9cnica, por\u00e9m n\u00e3o foi a \u00fanica. Nos anos seguintes, muitas outras obras tiveram sua autoria contestada pelos artistas.<\/p>\n<figure id=\"attachment_11028\" aria-describedby=\"caption-attachment-11028\" style=\"width: 1100px\" class=\"wp-caption aligncenter\"><img decoding=\"async\" class=\"wp-image-11028\" title=\"parte do acervo de quadros do MASP\" src=\"https:\/\/www.aarquiteta.com.br\/blog\/wp-content\/uploads\/2017\/09\/acervo-masp-790x435.jpeg\" alt=\"MASP - 10 curiosidades sobre o museu mais famoso de SP!\" width=\"1100\" height=\"680\" \/><figcaption id=\"caption-attachment-11028\" class=\"wp-caption-text\">MASP &#8211; 10 curiosidades sobre o museu mais famoso de SP!<\/figcaption><\/figure>\n<h3>5 \u2014 Pedra no meio do v\u00e3o:<\/h3>\n<p>Existem in\u00fameras teorias em rela\u00e7\u00e3o \u00e0 pedra que fica no v\u00e3o do museu.<\/p>\n<p>H\u00e1 uma oficial, que afirma que ela est\u00e1 ali por carregar uma mensagem gravada como comemora\u00e7\u00e3o da inaugura\u00e7\u00e3o do novo endere\u00e7o.<\/p>\n<p>Mas, como sempre, tamb\u00e9m h\u00e1 especula\u00e7\u00f5es em meio a hist\u00f3ria.<\/p>\n<p>Assim, algumas pessoas afirmam que Lina escolheu a pedra por ter uma silhueta pr\u00f3xima \u00e0s formas de Chat\u00f4, o empres\u00e1rio idealizador do museu junto a seu marido.<\/p>\n<figure id=\"attachment_11029\" aria-describedby=\"caption-attachment-11029\" style=\"width: 825px\" class=\"wp-caption aligncenter\"><img decoding=\"async\" class=\"wp-image-11029\" title=\"pedra no meio do v\u00e3o do MASP\" src=\"https:\/\/www.aarquiteta.com.br\/blog\/wp-content\/uploads\/2017\/09\/Pedra_V\u00e3o_Livre_MASP-530x726.jpg\" alt=\"MASP - 10 curiosidades sobre o museu mais famoso de SP!\" width=\"825\" height=\"1100\" \/><figcaption id=\"caption-attachment-11029\" class=\"wp-caption-text\">MASP &#8211; 10 curiosidades sobre o museu mais famoso de SP!<\/figcaption><\/figure>\n<h3>MASP \u2014 10 curiosidades sobre o museu mais famoso de SP!<\/h3>\n<h3>6 \u2014 Sala secreta do MASP:<\/h3>\n<p>Ela n\u00e3o \u00e9 realmente secreta, mas poucas pessoas sabem de sua exist\u00eancia.<\/p>\n<p>Al\u00e9m disso, menos pessoas ainda t\u00eam acesso ao local, restrito inclusive ao p\u00fablico.<\/p>\n<p>A sala \u00e9 isolada e fica no museu, onde guarda cerca de oito mil obras do acervo permanente do museu.<\/p>\n<p>Essa fortaleza \u00e9 vigiada constantemente, 24 horas, tanto por seguran\u00e7as como por c\u00e2meras de monitoramento.<\/p>\n<h3>7 \u2014 Obras pouco conhecidas:<\/h3>\n<p>Parte do acervo mal d\u00e1 as caras ao p\u00fablico, sendo que algumas jamais foram exibidas no MASP.<\/p>\n<p>Uma delas \u00e9 uma armadura de 1480, feita em cobre e a\u00e7o.<\/p>\n<p>H\u00e1 tamb\u00e9m aquelas pouco conhecidas, como \u00e9 o caso do acervo de moda.<\/p>\n<p>At\u00e9 dezembro de 2016 as pe\u00e7as foram exibidas pouqu\u00edssimas vezes no museu.<\/p>\n<p>A mais recente trouxe apenas 80 itens, mas o acervo completo possui 159 pe\u00e7as.<\/p>\n<p><img decoding=\"async\" class=\"aligncenter wp-image-11032\" title=\"parte do acervo de moda do MASP\" src=\"https:\/\/www.aarquiteta.com.br\/blog\/wp-content\/uploads\/2017\/09\/acervo-moda-masp-225x145.jpg\" alt=\"\" width=\"600\" height=\"420\"><\/p>\n<p>&nbsp;<\/p>\n<h3>8 \u2014 N\u00e3o s\u00e3o s\u00f3 pinturas:<\/h3>\n<p>O acervo do MASP n\u00e3o agrega apenas pinturas, ele tem muito mais obras de diferentes estilos e \u00e9pocas.<\/p>\n<p>Os n\u00facleos do museu s\u00e3o divididos entre arqueologia, desenhos, esculturas, fotografias, gravuras, pe\u00e7as de tape\u00e7aria, vestu\u00e1rio e design.<\/p>\n<p>H\u00e1 ainda as mai\u00f3licas, cer\u00e2micas italianas datadas dos s\u00e9culos XIV a XI.<\/p>\n<h3>9 \u2014 Cole\u00e7\u00e3o completa:<\/h3>\n<p><img decoding=\"async\" class=\"aligncenter wp-image-11033 size-full\" title=\"A Bailarina de 14 anos, obra de Edgar Degas\" src=\"https:\/\/www.aarquiteta.com.br\/blog\/wp-content\/uploads\/2017\/09\/edgar-degas-masp.jpg\" alt=\"\" width=\"750\" height=\"600\" srcset=\"https:\/\/www.aarquiteta.com.br\/blog\/wp-content\/uploads\/2017\/09\/edgar-degas-masp.jpg 750w, https:\/\/www.aarquiteta.com.br\/blog\/wp-content\/uploads\/2017\/09\/edgar-degas-masp-696x557.jpg 696w, https:\/\/www.aarquiteta.com.br\/blog\/wp-content\/uploads\/2017\/09\/edgar-degas-masp-150x120.jpg 150w\" sizes=\"(max-width: 750px) 100vw, 750px\" \/><\/p>\n<p>O museu \u00e9 uma das quatro institui\u00e7\u00f5es no mundo todo que possui em seu acervo uma cole\u00e7\u00e3o completa de Edgar Degas. Trata-se das 73 esculturas de bronze feitas por ele.<\/p>\n<p>Nela est\u00e1 inclusa a Bailarina de 14 anos, a \u00fanica que foi exposta enquanto o artista ainda era vivo.<\/p>\n<h3>10 \u2014 Clube dos 19:<\/h3>\n<p>O MASP faz parte do chamado Clube dos 19 desde 2008.<\/p>\n<p>\u00c9 um grupo que integra outros 19 museus consagrados ao redor do mundo.<\/p>\n<p>Eles foram escolhidos por serem grandes representantes da arte europeia no s\u00e9culo XX.<\/p>\n<p>Na lista, al\u00e9m do pr\u00f3prio museu paulista, h\u00e1 ainda o Metropolitan de Nova York, The Art Institute de Chigago e o Mus\u00e8e d\u2019Orsay, na Fran\u00e7a, o respons\u00e1vel por integrar o MASP no grupo.<\/p>\n<h3>E a\u00ed, gostou das dicas do artigo? Ent\u00e3o deslize a tela para baixo e confira <strong><a href=\"https:\/\/www.aarquiteta.com.br\">mais dicas<\/a><\/strong>, al\u00e9m dos nossos <strong><a href=\"http:\/\/www.aarquiteta.com.br\">Cursos e Treinamentos<\/a><\/strong>\u00a0e n\u00e3o se esque\u00e7a de compartilhar com os amigos!<\/h3>\n<p>Quer receber conte\u00fados exclusivos sobre <strong>casa, jardim, <a href=\"https:\/\/amzn.to\/47hsVXp\" target=\"_blank\" rel=\"noopener\">decora\u00e7\u00e3o<\/a>, arquitetura, educa\u00e7\u00e3o financeira e <a href=\"https:\/\/www.ideia-decoracao.com\/\" target=\"_blank\" rel=\"noopener\">muito mais<\/a><\/strong>? Ent\u00e3o, <strong><a href=\"https:\/\/cursosdearquitetura.com.br\/\" target=\"_blank\" rel=\"noopener\">inscreva-se agora<\/a><\/strong> mesmo no nosso <strong><a href=\"https:\/\/t.me\/aarquitetablog\" target=\"_blank\" rel=\"noopener\">Canal do Telegram<\/a>!<\/strong> \ud83e\udd29\ud83d\udc68\u200d\ud83d\udc69\u200d\ud83d\udc67\u200d\ud83d\udc66<\/p>\n<p>Aqui, voc\u00ea ter\u00e1 acesso a artigos, dicas de <strong>beleza e sa\u00fade<\/strong>, al\u00e9m\u00a0e inspira\u00e7\u00f5es para <strong>transformar sua casa em um lar dos sonhos<\/strong>, cuidar do seu jardim com carinho, aprender sobre finan\u00e7as pessoais e muito mais. \ud83d\udcda\ud83d\udcb0<\/p>\n<p>N\u00e3o perca mais tempo e junte-se a n\u00f3s para receber conte\u00fados exclusivos e se manter sempre atualizado! \ud83d\udce2\ud83c\udfe0\ud83c\udf3f\ud83c\udfe6. Ingresse <strong><a href=\"https:\/\/t.me\/aarquitetablog\" target=\"_blank\" rel=\"noopener\">aqui<\/a> <\/strong>no Canal da <strong>Arquiteta Blog por <a href=\"https:\/\/www.aarquiteta.com.br\/blog\/quem-e-luciana-paixao-do-blog-aarquiteta-cursos-profissionais\/\" target=\"_blank\" rel=\"noopener\">Luciana Paix\u00e3o<\/a>!<\/strong> \ud83d\udc95<\/p>\n","protected":false},"excerpt":{"rendered":"<p>O Museu de Arte de S\u00e3o Paulo (MASP) foi fundado em 1947, um projeto da arquiteta Lina Bo Bardi.\u00a0A ideia de criar o espa\u00e7o veio do empres\u00e1rio e jornalista Assis Chateaubriand, conhecido pela vinda da televis\u00e3o ao pa\u00eds, e tamb\u00e9m por Pietro Maria Bardi, um jornalista e cr\u00edtico de arte italiano. Inclusive as primeiras obras [&hellip;]<\/p>\n","protected":false},"author":102,"featured_media":88139,"comment_status":"closed","ping_status":"closed","sticky":false,"template":"","format":"standard","meta":{"footnotes":""},"categories":[144,1507,31218],"tags":[],"class_list":["post-11001","post","type-post","status-publish","format-standard","has-post-thumbnail","category-mundo-arquitetura","category-arquitetura","category-cidades-e-curiosidades"],"_wp_attached_file":null,"_wp_attachment_metadata":null,"_wp_attachment_context":null,"_wp_attachment_is_custom_header":null,"geo_longitude":null,"geo_public":null,"geo_latitude":null,"_publicize_done_external":null,"_wpas_done_3897181":null,"publicize_twitter_user":null,"_wpas_done_3897175":null,"_wpas_skip_3897181":null,"_wpas_skip_3897175":null,"_wpas_skip_3924723":null,"_wpas_mess":null,"_wpas_done_3924723":null,"wps_subtitle":"Saiba tudo o que acontece na Arquitetura pelo mundo afora!","_links":{"self":[{"href":"https:\/\/www.aarquiteta.com.br\/blog\/wp-json\/wp\/v2\/posts\/11001","targetHints":{"allow":["GET"]}}],"collection":[{"href":"https:\/\/www.aarquiteta.com.br\/blog\/wp-json\/wp\/v2\/posts"}],"about":[{"href":"https:\/\/www.aarquiteta.com.br\/blog\/wp-json\/wp\/v2\/types\/post"}],"author":[{"embeddable":true,"href":"https:\/\/www.aarquiteta.com.br\/blog\/wp-json\/wp\/v2\/users\/102"}],"replies":[{"embeddable":true,"href":"https:\/\/www.aarquiteta.com.br\/blog\/wp-json\/wp\/v2\/comments?post=11001"}],"version-history":[{"count":2,"href":"https:\/\/www.aarquiteta.com.br\/blog\/wp-json\/wp\/v2\/posts\/11001\/revisions"}],"predecessor-version":[{"id":157972,"href":"https:\/\/www.aarquiteta.com.br\/blog\/wp-json\/wp\/v2\/posts\/11001\/revisions\/157972"}],"wp:featuredmedia":[{"embeddable":true,"href":"https:\/\/www.aarquiteta.com.br\/blog\/wp-json\/wp\/v2\/media\/88139"}],"wp:attachment":[{"href":"https:\/\/www.aarquiteta.com.br\/blog\/wp-json\/wp\/v2\/media?parent=11001"}],"wp:term":[{"taxonomy":"category","embeddable":true,"href":"https:\/\/www.aarquiteta.com.br\/blog\/wp-json\/wp\/v2\/categories?post=11001"},{"taxonomy":"post_tag","embeddable":true,"href":"https:\/\/www.aarquiteta.com.br\/blog\/wp-json\/wp\/v2\/tags?post=11001"}],"curies":[{"name":"wp","href":"https:\/\/api.w.org\/{rel}","templated":true}]}}