{"id":109922,"date":"2024-04-04T09:15:24","date_gmt":"2024-04-04T12:15:24","guid":{"rendered":"https:\/\/www.aarquiteta.com.br\/blog\/poltrona-para-quarto\/"},"modified":"2024-04-04T09:15:24","modified_gmt":"2024-04-04T12:15:24","slug":"poltrona-para-quarto","status":"publish","type":"post","link":"https:\/\/www.aarquiteta.com.br\/blog\/poltrona-para-quarto\/","title":{"rendered":"Tend\u00eancia inesperada: Descubra os segredos de decorar seu quarto com a poltrona perfeita."},"content":{"rendered":"<p><intro><br \/>\nEscolher a poltrona ideal para o quarto \u00e9 uma tarefa que requer aten\u00e7\u00e3o e cuidado. Afinal, esse m\u00f3vel \u00e9 muito mais do que um simples assento: ele \u00e9 respons\u00e1vel por agregar estilo, conforto e funcionalidade ao ambiente. Para ajud\u00e1-lo nessa miss\u00e3o, preparamos um guia completo com as principais dicas e orienta\u00e7\u00f5es.<br \/>\n<\/intro><\/p>\n<p><key-takeaways><br \/>\n<b>\u2022 Import\u00e2ncia da poltrona no quarto:<\/b> Contribui para o estilo, oferece conforto e relaxamento, al\u00e9m de agregar funcionalidade e praticidade ao ambiente.<\/p>\n<p><b>\u2022 Tipos de poltronas:<\/b> Poltrona de leitura, poltrona decorativa e poltrona reclin\u00e1vel s\u00e3o algumas das op\u00e7\u00f5es dispon\u00edveis.<\/p>\n<p><b>\u2022 Tamanho e propor\u00e7\u00e3o:<\/b> \u00c9 preciso considerar o espa\u00e7o dispon\u00edvel, a propor\u00e7\u00e3o em rela\u00e7\u00e3o \u00e0 cama e as medidas ideais de altura e largura.<\/p>\n<p><b>\u2022 Materiais e revestimentos:<\/b> Tecidos, couro e materiais sint\u00e9ticos s\u00e3o algumas das op\u00e7\u00f5es para o revestimento da poltrona.<\/p>\n<p><b>\u2022 Cores e estampas:<\/b> Cores neutras ou estampadas podem ser escolhidas, desde que harmonizem com a decora\u00e7\u00e3o do quarto.<\/p>\n<p><b>\u2022 Funcionalidades extras:<\/b> Apoio para os p\u00e9s, porta-objetos e massageadores s\u00e3o recursos adicionais que algumas poltronas oferecem.<br \/>\n<\/key-takeaways><\/p>\n<h3>1. Import\u00e2ncia da poltrona no quarto<\/h3>\n<p>Muitas vezes negligenciada, a poltrona \u00e9 um elemento fundamental na decora\u00e7\u00e3o e no conforto do quarto. Afinal, al\u00e9m de <b>agregar estilo ao ambiente<\/b>, ela tamb\u00e9m proporciona um cantinho aconchegante para o relaxamento ap\u00f3s um longo dia de atividades.<\/p>\n<p>Imagine s\u00f3: voc\u00ea chega em casa, exausto, ap\u00f3s mais um dia cheio de compromissos e obriga\u00e7\u00f5es. O que poderia ser melhor do que se acomodar em uma poltrona macia e confort\u00e1vel para ler aquele livro que anda esperando na cabeceira? Ou ent\u00e3o, simplesmente <b>cochilar um pouquinho<\/b>, recarregando as energias para enfrentar os desafios do dia seguinte? \u00c9 a\u00ed que entra a import\u00e2ncia desse m\u00f3vel t\u00e3o especial.<\/p>\n<h3>2. Tipos de poltronas para quarto<\/h3>\n<figure style=\"width: 1024px\" class=\"wp-caption aligncenter\"><img decoding=\"async\" src=\"https:\/\/www.aarquiteta.com.br\/blog\/wp-content\/uploads\/2024\/04\/poltrona-para-quarto04.jpg\" alt=\"poltrona para quarto\" width=\"1024\" height=\"1024\" title=\"\"><figcaption class=\"wp-caption-text\">poltrona para quarto<\/figcaption><\/figure>\n<p>Ao contr\u00e1rio do que muitos pensam, as poltronas n\u00e3o s\u00e3o todas iguais. Na verdade, existem diferentes tipos, cada um com suas caracter\u00edsticas e prop\u00f3sitos espec\u00edficos. Vamos conhecer alguns deles?<\/p>\n<p><b>Poltrona de leitura:<\/b> Como o pr\u00f3prio nome sugere, esse modelo \u00e9 perfeito para aqueles que adoram aproveitar o cantinho de leitura do quarto. Geralmente, essas poltronas possuem encostos altos e bra\u00e7os laterais, proporcionando maior conforto durante a leitura.<\/p>\n<p><b>Poltrona decorativa:<\/b> Nesse caso, o foco principal \u00e9 mesmo a est\u00e9tica. Esse tipo de poltrona \u00e9 escolhido principalmente por seu visual atraente, que combina com a decora\u00e7\u00e3o do ambiente. Ainda assim, modelos bem projetados conseguem aliar beleza e conforto.<\/p>\n<p><b>Poltrona reclin\u00e1vel:<\/b> Quer algo mais parecido com uma pequena &#8220;sala de estar&#8221; dentro do quarto? Ent\u00e3o a poltrona reclin\u00e1vel \u00e9 uma excelente pedida! Com mecanismos que permitem reclinar o encosto e estender o apoio para as pernas, essa op\u00e7\u00e3o \u00e9 a escolha perfeita para aqueles que buscam o m\u00e1ximo em comodidade e relaxamento.<\/p>\n<h3>3. Tamanho e propor\u00e7\u00e3o da poltrona<\/h3>\n<style id=\"wp_carousel_dynamic_css102741\">.sp-wp-carousel-free-id-102741.wpcf-fancybox-wrapper .fancybox-bg{background: #0b0b0b;opacity: 0.8;}.sp-wp-carousel-free-id-102741.wpcf-fancybox-wrapper .fancybox-navigation .fancybox-button .wpcp-fancybox-nav-arrow i {color: #ccc;}.sp-wp-carousel-free-id-102741.wpcf-fancybox-wrapper .fancybox-navigation .fancybox-button .wpcp-fancybox-nav-arrow i:hover {color: #fff;}.sp-wp-carousel-free-id-102741.wpcf-fancybox-wrapper .fancybox-navigation .fancybox-button {background: #1e1e1e;}.sp-wp-carousel-free-id-102741.wpcf-fancybox-wrapper .fancybox-navigation .fancybox-button:hover {background: #1e1e1e;}#sp-wp-carousel-free-id-102741 .wpcp-swiper-dots {margin: 40px 0px 0px 0px;}.wpcp-wrapper-102741 .swiper-wrapper .swiper-slide-kenburn, .wpcp-wrapper-102741 .swiper-wrapper, .wpcp-wrapper-102741 .wpcpro-row{align-items: center;}#sp-wp-carousel-free-id-102741 .wpcp-single-item {box-shadow: 0px 0px 0px 0px #dddddd;transition: all .3s;margin: 0px;}#sp-wp-carousel-free-id-102741.swiper-flip .wpcp-single-item{margin: 0!important;}#sp-wp-carousel-free-id-102741 .wpcp-single-item:hover {box-shadow: 0px 0px 0px 0px #dddddd;}#sp-wp-carousel-free-id-102741.sp-wpcp-102741 .wpcp-single-item {border: 1px solid #dddddd;}#sp-wp-carousel-free-id-102741.sp-wpcp-102741 .swiper-button-prev,#sp-wp-carousel-free-id-102741.sp-wpcp-102741 .swiper-button-next,#sp-wp-carousel-free-id-102741.sp-wpcp-102741 .swiper-button-prev:hover,#sp-wp-carousel-free-id-102741.sp-wpcp-102741 .swiper-button-next:hover {background: none;border: none;font-size: 30px;}#sp-wp-carousel-free-id-102741.sp-wpcp-102741 .swiper-button-prev i,#sp-wp-carousel-free-id-102741.sp-wpcp-102741 .swiper-button-next i {color: #aaa;}#sp-wp-carousel-free-id-102741.sp-wpcp-102741 .swiper-button-prev i:hover,#sp-wp-carousel-free-id-102741.sp-wpcp-102741 .swiper-button-next i:hover {color: #178087;}#sp-wp-carousel-free-id-102741.sp-wpcp-102741 .wpcp-swiper-dots .swiper-pagination-bullet {background-color: #cccccc;}#sp-wp-carousel-free-id-102741.sp-wpcp-102741 .wpcp-swiper-dots .swiper-pagination-bullet.swiper-pagination-bullet-active {background-color: #178087;} #sp-wp-carousel-free-id-102741.sp-wpcp-102741.wpcp-image-carousel .wpcp-single-item:hover img, #sp-wp-carousel-free-id-102741.sp-wpcp-102741.wpcp-post-carousel .wpcp-single-item:hover img, #sp-wp-carousel-free-id-102741.sp-wpcp-102741.wpcp-product-carousel .wpcp-single-item:hover img{-webkit-transform: scale(1.2);-moz-transform: scale(1.2);transform: scale(1.2);}#sp-wp-carousel-free-id-102741 .wpcpro-row>[class*=\"wpcpro-col-\"] { padding: 0 10px; padding-bottom: 20px;} #sp-wp-carousel-free-id-102741 .swiper-slide .single-item-fade:not(:last-child) { margin-right: 20px;}@media (min-width: 480px) { .wpcpro-row .wpcpro-col-sm-1 { flex: 0 0 100%; max-width: 100%; } .wpcpro-row .wpcpro-col-sm-2 { flex: 0 0 50%; max-width: 50%; } .wpcpro-row .wpcpro-col-sm-2-5 { flex: 0 0 75%; max-width: 75%; } .wpcpro-row .wpcpro-col-sm-3 { flex: 0 0 33.333%; max-width: 33.333%; } .wpcpro-row .wpcpro-col-sm-4 { flex: 0 0 25%; max-width: 25%; } .wpcpro-row .wpcpro-col-sm-5 { flex: 0 0 20%; max-width: 20%; } .wpcpro-row .wpcpro-col-sm-6 { flex: 0 0 16.66666666666667%; max-width: 16.66666666666667%; } .wpcpro-row .wpcpro-col-sm-7 { flex: 0 0 14.28571428%; max-width: 14.28571428%; } .wpcpro-row .wpcpro-col-sm-8 { flex: 0 0 12.5%; max-width: 12.5%; } } @media (max-width: 480px) { .wpcpro-row .wpcpro-col-xs-1 { flex: 0 0 100%; max-width: 100%; } .wpcpro-row .wpcpro-col-xs-2 { flex: 0 0 50%; max-width: 50%; } .wpcpro-row .wpcpro-col-xs-3 { flex: 0 0 33.222%; max-width: 33.222%; } .wpcpro-row .wpcpro-col-xs-4 { flex: 0 0 25%; max-width: 25%; } .wpcpro-row .wpcpro-col-xs-5 { flex: 0 0 20%; max-width: 20%; } .wpcpro-row .wpcpro-col-xs-6 { flex: 0 0 16.6667%; max-width: 16.6667%; } .wpcpro-row .wpcpro-col-xs-7 { flex: 0 0 14.28571428%; max-width: 14.28571428%; } .wpcpro-row .wpcpro-col-xs-8 { flex: 0 0 12.5%; max-width: 12.5%; } } @media (min-width: 736px) { .wpcpro-row .wpcpro-col-md-1 { flex: 0 0 100%; max-width: 100%; } .wpcpro-row .wpcpro-col-md-2 { flex: 0 0 50%; max-width: 50%; } .wpcpro-row .wpcpro-col-md-2-5 { flex: 0 0 75%; max-width: 75%; } .wpcpro-row .wpcpro-col-md-3 { flex: 0 0 33.333%; max-width: 33.333%; } .wpcpro-row .wpcpro-col-md-4 { flex: 0 0 25%; max-width: 25%; } .wpcpro-row .wpcpro-col-md-5 { flex: 0 0 20%; max-width: 20%; } .wpcpro-row .wpcpro-col-md-6 { flex: 0 0 16.66666666666667%; max-width: 16.66666666666667%; } .wpcpro-row .wpcpro-col-md-7 { flex: 0 0 14.28571428%; max-width: 14.28571428%; } .wpcpro-row .wpcpro-col-md-8 { flex: 0 0 12.5%; max-width: 12.5%; } } @media (min-width: 980px) { .wpcpro-row .wpcpro-col-lg-1 { flex: 0 0 100%; max-width: 100%; } .wpcpro-row .wpcpro-col-lg-2 { flex: 0 0 50%; max-width: 50%; } .wpcpro-row .wpcpro-col-lg-3 { flex: 0 0 33.222%; max-width: 33.222%; } .wpcpro-row .wpcpro-col-lg-4 { flex: 0 0 25%; max-width: 25%; } .wpcpro-row .wpcpro-col-lg-5 { flex: 0 0 20%; max-width: 20%; } .wpcpro-row .wpcpro-col-lg-6 { flex: 0 0 16.6667%; max-width: 16.6667%; } .wpcpro-row .wpcpro-col-lg-7 { flex: 0 0 14.28571428%; max-width: 14.28571428%; } .wpcpro-row .wpcpro-col-lg-8 { flex: 0 0 12.5%; max-width: 12.5%; } } @media (min-width: 1200px) { .wpcpro-row .wpcpro-col-xl-1 { flex: 0 0 100%; max-width: 100%; } .wpcpro-row .wpcpro-col-xl-2 { flex: 0 0 50%; max-width: 50%; } .wpcpro-row .wpcpro-col-xl-3 { flex: 0 0 33.22222222%; max-width: 33.22222222%; } .wpcpro-row .wpcpro-col-xl-4 { flex: 0 0 25%; max-width: 25%; } .wpcpro-row .wpcpro-col-xl-5 { flex: 0 0 20%; max-width: 20%; } .wpcpro-row .wpcpro-col-xl-6 { flex: 0 0 16.66667%; max-width: 16.66667%; } .wpcpro-row .wpcpro-col-xl-7 { flex: 0 0 14.28571428%; max-width: 14.28571428%; } .wpcpro-row .wpcpro-col-xl-8 { flex: 0 0 12.5%; max-width: 12.5%; } }<\/style><div class=\"wpcp-carousel-wrapper wpcp-wrapper-102741\">\n\t<div id=\"wpcp-preloader-102741\" class=\"wpcp-carousel-preloader\"><img decoding=\"async\" src=\"https:\/\/www.aarquiteta.com.br\/blog\/wp-content\/plugins\/wp-carousel-free\/public\/css\/spinner.svg\" alt=\"Preloader Image\" title=\"\"><\/div>\t<div class=\"wpcp-carousel-content-wrapper\">\n\t<div id=\"sp-wp-carousel-free-id-102741\" class=\"wpcp-carousel-section sp-wpcp-102741  nav-vertical-center wpcp-image-carousel wpcp-preloader wpcp-standard\" data-swiper='{ &quot;pagination_type&quot;: &quot;dots&quot;,&quot;accessibility&quot;:true, &quot;spaceBetween&quot;:20, &quot;arrows&quot;:false, &quot;freeMode&quot;: false, &quot;autoplay&quot;:true, &quot;effect&quot;: &quot;&quot;, &quot;centerMode&quot;: false, &quot;autoplaySpeed&quot;:3000, &quot;dots&quot;:true, &quot;infinite&quot;:true, &quot;speed&quot;:600, &quot;pauseOnHover&quot;:true,\n\t\t\t&quot;slidesToShow&quot;:{&quot;lg_desktop&quot;:5, &quot;desktop&quot;: 4, &quot;laptop&quot;: 3, &quot;tablet&quot;: 2, &quot;mobile&quot;: 1}, &quot;responsive&quot;:{&quot;desktop&quot;:1200, &quot;laptop&quot;: 980, &quot;tablet&quot;: 736, &quot;mobile&quot;: 480}, &quot;rtl&quot;:false, &quot;lazyLoad&quot;: &quot;false&quot;, &quot;swipe&quot;: true, &quot;draggable&quot;: true, &quot;swipeToSlide&quot;:false }' dir=\"ltr\">\n\t\t<div class=\"swiper-wrapper\">\n\t\t<div class=\"swiper-slide\">\n\t<div class=\"wpcp-single-item\">\n\t\t\t<a class=\"wcp-light-box\" data-buttons='[\"close\"]' data-wpc_url='https:\/\/www.aarquiteta.com.br\/blog\/wp-content\/uploads\/2023\/12\/cortina-para-quarto-de-menino01.jpg' href=\"https:\/\/www.aarquiteta.com.br\/blog\/wp-content\/uploads\/2023\/12\/cortina-para-quarto-de-menino01.jpg\" data-fancybox=\"wpcp_view\">\n\t\t<figure>\n\t\t\t<img decoding=\"async\" class=\"skip-lazy\" src=\"https:\/\/www.aarquiteta.com.br\/blog\/wp-content\/uploads\/2023\/12\/cortina-para-quarto-de-menino01.jpg\" alt=\"cortina para quarto de menino\" width=\"1024\" height=\"1024\" title=\"\">\t\t<\/figure>\n\t<\/a>\n\t\t<\/div>\n<\/div>\n\t<div class=\"swiper-slide\">\n\t<div class=\"wpcp-single-item\">\n\t\t\t<a class=\"wcp-light-box\" data-buttons='[\"close\"]' data-wpc_url='https:\/\/www.aarquiteta.com.br\/blog\/wp-content\/uploads\/2023\/12\/cortinas-para-quarto01.jpg' href=\"https:\/\/www.aarquiteta.com.br\/blog\/wp-content\/uploads\/2023\/12\/cortinas-para-quarto01.jpg\" data-fancybox=\"wpcp_view\">\n\t\t<figure>\n\t\t\t<img decoding=\"async\" class=\"skip-lazy\" src=\"https:\/\/www.aarquiteta.com.br\/blog\/wp-content\/uploads\/2023\/12\/cortinas-para-quarto01.jpg\" alt=\"cortinas para quarto\" width=\"1024\" height=\"1024\" title=\"\">\t\t<\/figure>\n\t<\/a>\n\t\t<\/div>\n<\/div>\n\t<div class=\"swiper-slide\">\n\t<div class=\"wpcp-single-item\">\n\t\t\t<a class=\"wcp-light-box\" data-buttons='[\"close\"]' data-wpc_url='https:\/\/www.aarquiteta.com.br\/blog\/wp-content\/uploads\/2023\/11\/cabeceira-de-cama-ripada-4.jpg' href=\"https:\/\/www.aarquiteta.com.br\/blog\/wp-content\/uploads\/2023\/11\/cabeceira-de-cama-ripada-4.jpg\" data-fancybox=\"wpcp_view\">\n\t\t<figure>\n\t\t\t<img decoding=\"async\" class=\"skip-lazy\" src=\"https:\/\/www.aarquiteta.com.br\/blog\/wp-content\/uploads\/2023\/11\/cabeceira-de-cama-ripada-4.jpg\" alt=\"Cabeceira Ripada: 5 Ideias Para Modernizar e Aconchegar Seu Quarto.\" width=\"1200\" height=\"1200\" title=\"\">\t\t<\/figure>\n\t<\/a>\n\t\t<\/div>\n<\/div>\n\t<div class=\"swiper-slide\">\n\t<div class=\"wpcp-single-item\">\n\t\t\t<a class=\"wcp-light-box\" data-buttons='[\"close\"]' data-wpc_url='https:\/\/www.aarquiteta.com.br\/blog\/wp-content\/uploads\/2023\/10\/quarto-de-solteiro-decorado04.jpg' href=\"https:\/\/www.aarquiteta.com.br\/blog\/wp-content\/uploads\/2023\/10\/quarto-de-solteiro-decorado04.jpg\" data-fancybox=\"wpcp_view\">\n\t\t<figure>\n\t\t\t<img decoding=\"async\" class=\"skip-lazy\" src=\"https:\/\/www.aarquiteta.com.br\/blog\/wp-content\/uploads\/2023\/10\/quarto-de-solteiro-decorado04.jpg\" alt=\"quarto de solteiro decorado\" width=\"1024\" height=\"1024\" title=\"\">\t\t<\/figure>\n\t<\/a>\n\t\t<\/div>\n<\/div>\n\t<div class=\"swiper-slide\">\n\t<div class=\"wpcp-single-item\">\n\t\t\t<a class=\"wcp-light-box\" data-buttons='[\"close\"]' data-wpc_url='https:\/\/www.aarquiteta.com.br\/blog\/wp-content\/uploads\/2023\/10\/nichos-para-quarto03.jpg' href=\"https:\/\/www.aarquiteta.com.br\/blog\/wp-content\/uploads\/2023\/10\/nichos-para-quarto03.jpg\" data-fancybox=\"wpcp_view\">\n\t\t<figure>\n\t\t\t<img decoding=\"async\" class=\"skip-lazy\" src=\"https:\/\/www.aarquiteta.com.br\/blog\/wp-content\/uploads\/2023\/10\/nichos-para-quarto03.jpg\" alt=\"nichos para quarto\" width=\"1024\" height=\"1024\" title=\"\">\t\t<\/figure>\n\t<\/a>\n\t\t<\/div>\n<\/div>\n\t<div class=\"swiper-slide\">\n\t<div class=\"wpcp-single-item\">\n\t\t\t<a class=\"wcp-light-box\" data-buttons='[\"close\"]' data-wpc_url='https:\/\/www.aarquiteta.com.br\/blog\/wp-content\/uploads\/2023\/10\/cortina-para-quarto-de-bebe03.jpg' href=\"https:\/\/www.aarquiteta.com.br\/blog\/wp-content\/uploads\/2023\/10\/cortina-para-quarto-de-bebe03.jpg\" data-fancybox=\"wpcp_view\">\n\t\t<figure>\n\t\t\t<img decoding=\"async\" class=\"skip-lazy\" src=\"https:\/\/www.aarquiteta.com.br\/blog\/wp-content\/uploads\/2023\/10\/cortina-para-quarto-de-bebe03.jpg\" alt=\"cortina para quarto de beb\u00ea\" width=\"1024\" height=\"1024\" title=\"\">\t\t<\/figure>\n\t<\/a>\n\t\t<\/div>\n<\/div>\n\t<div class=\"swiper-slide\">\n\t<div class=\"wpcp-single-item\">\n\t\t\t<a class=\"wcp-light-box\" data-buttons='[\"close\"]' data-wpc_url='https:\/\/www.aarquiteta.com.br\/blog\/wp-content\/uploads\/2023\/10\/cortina-para-quarto-de-bebe01.jpg' href=\"https:\/\/www.aarquiteta.com.br\/blog\/wp-content\/uploads\/2023\/10\/cortina-para-quarto-de-bebe01.jpg\" data-fancybox=\"wpcp_view\">\n\t\t<figure>\n\t\t\t<img decoding=\"async\" class=\"skip-lazy\" src=\"https:\/\/www.aarquiteta.com.br\/blog\/wp-content\/uploads\/2023\/10\/cortina-para-quarto-de-bebe01.jpg\" alt=\"*Cortina para Quarto de Beb\u00ea: Encante e Proteja com Estilo*\" width=\"1024\" height=\"1024\" title=\"\">\t\t<\/figure>\n\t<\/a>\n\t\t<\/div>\n<\/div>\n\t<div class=\"swiper-slide\">\n\t<div class=\"wpcp-single-item\">\n\t\t\t<a class=\"wcp-light-box\" data-buttons='[\"close\"]' data-wpc_url='https:\/\/www.aarquiteta.com.br\/blog\/wp-content\/uploads\/2023\/10\/adesivos-de-parede-para-quarto01.jpg' href=\"https:\/\/www.aarquiteta.com.br\/blog\/wp-content\/uploads\/2023\/10\/adesivos-de-parede-para-quarto01.jpg\" data-fancybox=\"wpcp_view\">\n\t\t<figure>\n\t\t\t<img decoding=\"async\" class=\"skip-lazy\" src=\"https:\/\/www.aarquiteta.com.br\/blog\/wp-content\/uploads\/2023\/10\/adesivos-de-parede-para-quarto01.jpg\" alt=\"Descubra as melhores formas de adesivos de parede para quarto\" width=\"1024\" height=\"1024\" title=\"\">\t\t<\/figure>\n\t<\/a>\n\t\t<\/div>\n<\/div>\n\t<div class=\"swiper-slide\">\n\t<div class=\"wpcp-single-item\">\n\t\t\t<a class=\"wcp-light-box\" data-buttons='[\"close\"]' data-wpc_url='https:\/\/www.aarquiteta.com.br\/blog\/wp-content\/uploads\/2023\/10\/ideias-para-decoracao-de-quarto-04.jpg' href=\"https:\/\/www.aarquiteta.com.br\/blog\/wp-content\/uploads\/2023\/10\/ideias-para-decoracao-de-quarto-04.jpg\" data-fancybox=\"wpcp_view\">\n\t\t<figure>\n\t\t\t<img decoding=\"async\" class=\"skip-lazy\" src=\"https:\/\/www.aarquiteta.com.br\/blog\/wp-content\/uploads\/2023\/10\/ideias-para-decoracao-de-quarto-04.jpg\" alt=\"Sugest\u00f5es para decora\u00e7\u00e3o de quarto: encontre as melhores ideias online!\" width=\"1024\" height=\"1024\" title=\"\">\t\t<\/figure>\n\t<\/a>\n\t\t<\/div>\n<\/div>\n\t<div class=\"swiper-slide\">\n\t<div class=\"wpcp-single-item\">\n\t\t\t<a class=\"wcp-light-box\" data-buttons='[\"close\"]' data-wpc_url='https:\/\/www.aarquiteta.com.br\/blog\/wp-content\/uploads\/2023\/09\/Ideias-de-decoracao-para-quarto-pequeno-1.jpg' href=\"https:\/\/www.aarquiteta.com.br\/blog\/wp-content\/uploads\/2023\/09\/Ideias-de-decoracao-para-quarto-pequeno-1.jpg\" data-fancybox=\"wpcp_view\">\n\t\t<figure>\n\t\t\t<img decoding=\"async\" class=\"skip-lazy\" src=\"https:\/\/www.aarquiteta.com.br\/blog\/wp-content\/uploads\/2023\/09\/Ideias-de-decoracao-para-quarto-pequeno-1.jpg\" alt=\"Ideias de decora\u00e7\u00e3o para quarto pequeno\" width=\"1024\" height=\"1024\" title=\"\">\t\t<\/figure>\n\t<\/a>\n\t\t<\/div>\n<\/div>\n\t<div class=\"swiper-slide\">\n\t<div class=\"wpcp-single-item\">\n\t\t\t<a class=\"wcp-light-box\" data-buttons='[\"close\"]' data-wpc_url='https:\/\/www.aarquiteta.com.br\/blog\/wp-content\/uploads\/2023\/09\/ideias-para-decoracao-de-quarto-1.jpg' href=\"https:\/\/www.aarquiteta.com.br\/blog\/wp-content\/uploads\/2023\/09\/ideias-para-decoracao-de-quarto-1.jpg\" data-fancybox=\"wpcp_view\">\n\t\t<figure>\n\t\t\t<img decoding=\"async\" class=\"skip-lazy\" src=\"https:\/\/www.aarquiteta.com.br\/blog\/wp-content\/uploads\/2023\/09\/ideias-para-decoracao-de-quarto-1.jpg\" alt=\"ideias para decora\u00e7\u00e3o de quarto\" width=\"1024\" height=\"1024\" title=\"\">\t\t<\/figure>\n\t<\/a>\n\t\t<\/div>\n<\/div>\n\t<div class=\"swiper-slide\">\n\t<div class=\"wpcp-single-item\">\n\t\t\t<a class=\"wcp-light-box\" data-buttons='[\"close\"]' data-wpc_url='https:\/\/www.aarquiteta.com.br\/blog\/wp-content\/uploads\/2023\/09\/ideias-para-decoracao-de-quarto.jpg' href=\"https:\/\/www.aarquiteta.com.br\/blog\/wp-content\/uploads\/2023\/09\/ideias-para-decoracao-de-quarto.jpg\" data-fancybox=\"wpcp_view\">\n\t\t<figure>\n\t\t\t<img decoding=\"async\" class=\"skip-lazy\" src=\"https:\/\/www.aarquiteta.com.br\/blog\/wp-content\/uploads\/2023\/09\/ideias-para-decoracao-de-quarto.jpg\" alt=\"ideias para decora\u00e7\u00e3o de quarto\" width=\"1024\" height=\"1024\" title=\"\">\t\t<\/figure>\n\t<\/a>\n\t\t<\/div>\n<\/div>\n\t<div class=\"swiper-slide\">\n\t<div class=\"wpcp-single-item\">\n\t\t\t<a class=\"wcp-light-box\" data-buttons='[\"close\"]' data-wpc_url='https:\/\/www.aarquiteta.com.br\/blog\/wp-content\/uploads\/2023\/09\/ideias-decoracao-de-quarto-infantil-masculino-simples-e-barato-2.png' href=\"https:\/\/www.aarquiteta.com.br\/blog\/wp-content\/uploads\/2023\/09\/ideias-decoracao-de-quarto-infantil-masculino-simples-e-barato-2.png\" data-fancybox=\"wpcp_view\">\n\t\t<figure>\n\t\t\t<img decoding=\"async\" class=\"skip-lazy\" src=\"https:\/\/www.aarquiteta.com.br\/blog\/wp-content\/uploads\/2023\/09\/ideias-decoracao-de-quarto-infantil-masculino-simples-e-barato-2.png\" alt=\"ideias decora\u00e7\u00e3o de quarto infantil masculino simples e barato\" width=\"1024\" height=\"1024\" title=\"\">\t\t<\/figure>\n\t<\/a>\n\t\t<\/div>\n<\/div>\n\t<div class=\"swiper-slide\">\n\t<div class=\"wpcp-single-item\">\n\t\t\t<a class=\"wcp-light-box\" data-buttons='[\"close\"]' data-wpc_url='https:\/\/www.aarquiteta.com.br\/blog\/wp-content\/uploads\/2023\/09\/Quarto-Feminino.png' href=\"https:\/\/www.aarquiteta.com.br\/blog\/wp-content\/uploads\/2023\/09\/Quarto-Feminino.png\" data-fancybox=\"wpcp_view\">\n\t\t<figure>\n\t\t\t<img decoding=\"async\" class=\"skip-lazy\" src=\"https:\/\/www.aarquiteta.com.br\/blog\/wp-content\/uploads\/2023\/09\/Quarto-Feminino.png\" alt=\"Transforme seu Quarto Feminino: Ideias Inspiradoras para Uma Decora\u00e7\u00e3o Personalizada\" width=\"1024\" height=\"1024\" title=\"\">\t\t<\/figure>\n\t<\/a>\n\t\t<\/div>\n<\/div>\n\t<div class=\"swiper-slide\">\n\t<div class=\"wpcp-single-item\">\n\t\t\t<a class=\"wcp-light-box\" data-buttons='[\"close\"]' data-wpc_url='https:\/\/www.aarquiteta.com.br\/blog\/wp-content\/uploads\/2023\/08\/5-Estampas-para-Transformar-a-Decoracao-do-Seu-Quarto-1.png' href=\"https:\/\/www.aarquiteta.com.br\/blog\/wp-content\/uploads\/2023\/08\/5-Estampas-para-Transformar-a-Decoracao-do-Seu-Quarto-1.png\" data-fancybox=\"wpcp_view\">\n\t\t<figure>\n\t\t\t<img decoding=\"async\" class=\"skip-lazy\" src=\"https:\/\/www.aarquiteta.com.br\/blog\/wp-content\/uploads\/2023\/08\/5-Estampas-para-Transformar-a-Decoracao-do-Seu-Quarto-1.png\" alt=\"5 Estampas para Transformar a Decora\u00e7\u00e3o do Seu Quarto\" width=\"1024\" height=\"1024\" title=\"\">\t\t<\/figure>\n\t<\/a>\n\t\t<\/div>\n<\/div>\n\t<div class=\"swiper-slide\">\n\t<div class=\"wpcp-single-item\">\n\t\t\t<a class=\"wcp-light-box\" data-buttons='[\"close\"]' data-wpc_url='https:\/\/www.aarquiteta.com.br\/blog\/wp-content\/uploads\/2023\/08\/5-Estampas-para-Transformar-a-Decoracao-do-Seu-Quarto.png' href=\"https:\/\/www.aarquiteta.com.br\/blog\/wp-content\/uploads\/2023\/08\/5-Estampas-para-Transformar-a-Decoracao-do-Seu-Quarto.png\" data-fancybox=\"wpcp_view\">\n\t\t<figure>\n\t\t\t<img decoding=\"async\" class=\"skip-lazy\" src=\"https:\/\/www.aarquiteta.com.br\/blog\/wp-content\/uploads\/2023\/08\/5-Estampas-para-Transformar-a-Decoracao-do-Seu-Quarto.png\" alt=\"5 Estampas para Transformar a Decora\u00e7\u00e3o do Seu Quarto\" width=\"1024\" height=\"1024\" title=\"\">\t\t<\/figure>\n\t<\/a>\n\t\t<\/div>\n<\/div>\n\t<div class=\"swiper-slide\">\n\t<div class=\"wpcp-single-item\">\n\t\t\t<a class=\"wcp-light-box\" data-buttons='[\"close\"]' data-wpc_url='https:\/\/www.aarquiteta.com.br\/blog\/wp-content\/uploads\/2023\/08\/Dicas-de-Decoracao-para-um-Quarto-de-Casal-Aconchegante-1.png' href=\"https:\/\/www.aarquiteta.com.br\/blog\/wp-content\/uploads\/2023\/08\/Dicas-de-Decoracao-para-um-Quarto-de-Casal-Aconchegante-1.png\" data-fancybox=\"wpcp_view\">\n\t\t<figure>\n\t\t\t<img decoding=\"async\" class=\"skip-lazy\" src=\"https:\/\/www.aarquiteta.com.br\/blog\/wp-content\/uploads\/2023\/08\/Dicas-de-Decoracao-para-um-Quarto-de-Casal-Aconchegante-1.png\" alt=\"Dicas de Decora\u00e7\u00e3o para um Quarto de Casal Aconchegante.\" width=\"1024\" height=\"1024\" title=\"\">\t\t<\/figure>\n\t<\/a>\n\t\t<\/div>\n<\/div>\n\t<div class=\"swiper-slide\">\n\t<div class=\"wpcp-single-item\">\n\t\t\t<a class=\"wcp-light-box\" data-buttons='[\"close\"]' data-wpc_url='https:\/\/www.aarquiteta.com.br\/blog\/wp-content\/uploads\/2023\/08\/quarto-de-casal-pequeno-decorado-de-forma-economica-e-funcional.png' href=\"https:\/\/www.aarquiteta.com.br\/blog\/wp-content\/uploads\/2023\/08\/quarto-de-casal-pequeno-decorado-de-forma-economica-e-funcional.png\" data-fancybox=\"wpcp_view\">\n\t\t<figure>\n\t\t\t<img decoding=\"async\" class=\"skip-lazy\" src=\"https:\/\/www.aarquiteta.com.br\/blog\/wp-content\/uploads\/2023\/08\/quarto-de-casal-pequeno-decorado-de-forma-economica-e-funcional.png\" alt=\"Quarto de Casal Pequeno? Descubra Como Decorar Gastando Pouco!\" width=\"1024\" height=\"1024\" title=\"\">\t\t<\/figure>\n\t<\/a>\n\t\t<\/div>\n<\/div>\n\t\t\t<\/div>\n\t\t\t\t\t<div class=\"wpcp-swiper-dots swiper-pagination\"><\/div>\n\t\t\t\t<!-- If we need navigation buttons -->\n\t\t\t<\/div>\n\t<\/div>\n<\/div>\n\n<p>Al\u00e9m do estilo e do conforto, \u00e9 fundamental levar em considera\u00e7\u00e3o o <b>tamanho e a propor\u00e7\u00e3o da poltrona<\/b> em rela\u00e7\u00e3o ao espa\u00e7o dispon\u00edvel no quarto. Afinal, ningu\u00e9m quer um m\u00f3vel que fique &#8220;perdido&#8221; ou que ocupe demais o ambiente, n\u00e3o \u00e9 mesmo?<\/p>\n<p>Antes de iniciar a sua busca, me\u00e7a cuidadosamente o local onde pretende posicionar a poltrona. Lembre-se de considerar n\u00e3o apenas a \u00e1rea de circula\u00e7\u00e3o, mas tamb\u00e9m a propor\u00e7\u00e3o em rela\u00e7\u00e3o \u00e0 cama e aos outros m\u00f3veis do quarto.<\/p>\n<p>Em rela\u00e7\u00e3o \u00e0s medidas ideais, \u00e9 recomendado optar por poltronas com largura entre 70 e 90 cent\u00edmetros e altura que varie de 80 a 100 cent\u00edmetros. Claro, tudo vai depender do tamanho do seu quarto e das suas prefer\u00eancias pessoais.<\/p>\n<h3>4. Materiais e revestimentos<\/h3>\n<\/p>\n<p>Al\u00e9m do design atraente, a escolha do material e do revestimento da poltrona tamb\u00e9m \u00e9 crucial para garantir conforto e durabilidade. Veja algumas das op\u00e7\u00f5es mais populares:<\/p>\n<p><b>Tecidos:<\/b> Os tecidos s\u00e3o uma excelente op\u00e7\u00e3o para quem busca maciez e aconchego. Desde os tradicionais algod\u00f5es at\u00e9 os modernos tecidos sint\u00e9ticos, as possibilidades s\u00e3o infinitas. S\u00f3 \u00e9 preciso tomar cuidado com a manuten\u00e7\u00e3o, optando por op\u00e7\u00f5es que facilitem a limpeza e a remo\u00e7\u00e3o de manchas.<\/p>\n<p><b>Couro:<\/b> Resistente, dur\u00e1vel e com um toque de sofistica\u00e7\u00e3o, o couro \u00e9 outro material muito apreciado para o revestimento de poltronas. Al\u00e9m de proporcionar um visual elegante, ele tamb\u00e9m \u00e9 f\u00e1cil de limpar e manter. A \u00fanica desvantagem \u00e9 o pre\u00e7o, geralmente mais elevado.<\/p>\n<p><b>Materiais sint\u00e9ticos:<\/b> Por fim, temos os materiais sint\u00e9ticos, como o couro ecol\u00f3gico e alguns tipos de pl\u00e1sticos. Essas op\u00e7\u00f5es costumam ser mais acess\u00edveis financeiramente e oferecem boa durabilidade. No entanto, \u00e9 importante verificar a qualidade do material para evitar problemas com desgastes precoces.<\/p>\n<h3>5. Cores e estampas<\/h3>\n<figure style=\"width: 1024px\" class=\"wp-caption aligncenter\"><img decoding=\"async\" src=\"https:\/\/www.aarquiteta.com.br\/blog\/wp-content\/uploads\/2024\/04\/poltrona-para-quarto02.jpg\" alt=\"poltrona para quarto\" width=\"1024\" height=\"1024\" title=\"\"><figcaption class=\"wp-caption-text\">poltrona para quarto<\/figcaption><\/figure>\n<p>Al\u00e9m do conforto f\u00edsico, a poltrona tamb\u00e9m deve proporcionar <b>conforto visual<\/b>, harmonizando-se com o restante da decora\u00e7\u00e3o do quarto. Por isso, a escolha das cores e estampas \u00e9 t\u00e3o importante.<\/p>\n<p>Se voc\u00ea prefere um ambiente mais clean e minimalista, opte por cores neutras, como o bege, o cinza ou o marrom. Essas tonalidades se integram facilmente a qualquer estilo decorativo e trazem uma sensa\u00e7\u00e3o de aconchego e tranquilidade.<\/p>\n<p>J\u00e1 para os mais ousados e criativos, as estampas e texturas podem ser uma \u00f3tima alternativa. Desde os cl\u00e1ssicos florais at\u00e9 os modernos geom\u00e9tricos, h\u00e1 infinitas possibilidades. O importante \u00e9 escolher um padr\u00e3o que combine com o restante do quarto, criando uma atmosfera harmoniosa e acolhedora.<\/p>\n<h3>6. Funcionalidades extras<\/h3>\n<\/p>\n<p>Al\u00e9m do conforto e do visual atraente, algumas poltronas tamb\u00e9m oferecem <b>funcionalidades extras<\/b> que podem tornar a sua experi\u00eancia ainda mais agrad\u00e1vel. Veja alguns exemplos:<\/p>\n<p><b>Poltronas com apoio para os p\u00e9s:<\/b> Perfeitas para aqueles momentos de puro relaxamento, essas poltronas possuem uma esp\u00e9cie de &#8220;banqueta&#8221; que permite elevar as pernas, aliviando a tens\u00e3o e o cansa\u00e7o.<\/p>\n<p><b>Poltronas com porta-objetos:<\/b> Quer ter sempre \u00e0 m\u00e3o o seu livro, o controle remoto ou at\u00e9 mesmo uma bebida refrescante? As poltronas com porta-objetos facilitam isso, com compartimentos estrategicamente posicionados.<\/p>\n<p><b>Poltronas massageadoras:<\/b> E por que n\u00e3o aproveitar a tecnologia para potencializar o conforto? As poltronas massageadoras utilizam mecanismos que promovem uma agrad\u00e1vel massagem, relaxando os m\u00fasculos tensos e proporcionando uma sensa\u00e7\u00e3o de bem-estar incompar\u00e1vel.<\/p>\n<h3>7. Cuidados e manuten\u00e7\u00e3o<\/h3>\n<figure style=\"width: 1024px\" class=\"wp-caption aligncenter\"><img decoding=\"async\" src=\"https:\/\/www.aarquiteta.com.br\/blog\/wp-content\/uploads\/2024\/04\/poltrona-para-quarto01.jpg\" alt=\"poltrona para quarto\" width=\"1024\" height=\"1024\" title=\"\"><figcaption class=\"wp-caption-text\">poltrona para quarto<\/figcaption><\/figure>\n<p>Depois de escolher a poltrona perfeita, \u00e9 importante dedicar algum tempo aos cuidados e \u00e0 manuten\u00e7\u00e3o adequada do m\u00f3vel. Afinal, quanto mais bem conservada, maior ser\u00e1 a sua durabilidade e melhor ser\u00e1 a sua apar\u00eancia ao longo dos anos.<\/p>\n<p><b>Limpeza dos tecidos:<\/b> Se voc\u00ea optou por uma poltrona revestida em tecido, d\u00ea prefer\u00eancia a materiais que facilitem a limpeza e a remo\u00e7\u00e3o de manchas. Al\u00e9m disso, n\u00e3o negligencie a manuten\u00e7\u00e3o peri\u00f3dica, utilizando produtos espec\u00edficos para a conserva\u00e7\u00e3o do revestimento.<\/p>\n<p><b>Manuten\u00e7\u00e3o da estrutura:<\/b> Independentemente do material escolhido, \u00e9 fundamental verificar regularmente a integridade da estrutura da poltrona, identificando poss\u00edveis rachaduras, folgas ou desgastes que possam comprometer a sua estabilidade e seguran\u00e7a.<\/p>\n<p><b>Prote\u00e7\u00e3o contra a umidade:<\/b> Por fim, lembre-se de proteger a sua poltrona da umidade excessiva, que pode causar danos ao material e at\u00e9 mesmo a prolifera\u00e7\u00e3o de fungos e \u00e1caros. Mantenha o quarto bem ventilado e evite colocar o m\u00f3vel em locais sujeitos \u00e0 incid\u00eancia direta de luz solar.<\/p>\n<p><conclusion><br \/>\nComo voc\u00ea p\u00f4de perceber, escolher a poltrona ideal para o quarto vai muito al\u00e9m de simplesmente selecionar um modelo bonito. \u00c9 preciso levar em considera\u00e7\u00e3o diversos fatores, como o estilo, o conforto, o tamanho, os materiais e as funcionalidades extras.<\/p>\n<p>No entanto, com as dicas apresentadas neste artigo, voc\u00ea estar\u00e1 muito bem preparado para fazer a escolha certa e transformar o seu quarto em um verdadeiro o\u00e1sis de aconchego e relaxamento. Afinal, nada melhor do que ter um cantinho especial para descansar depois de um longo dia, n\u00e3o \u00e9 mesmo?<br \/>\n<\/conclusion><\/p>\n<p><faqs><\/p>\n<h3>Perguntas Frequentes<\/h3>\n<p><b>1. Qual \u00e9 o melhor local para posicionar a poltrona no quarto?<\/b><\/p>\n<p>O posicionamento ideal da poltrona vai depender do tamanho e do layout do seu quarto. No entanto, uma boa dica \u00e9 coloc\u00e1-la em um canto aconchegante, pr\u00f3xima a uma janela ou \u00e0 cabeceira da cama. Assim, voc\u00ea poder\u00e1 aproveitar a ilumina\u00e7\u00e3o natural e criar um cantinho perfeito para a leitura ou o relaxamento.<\/p>\n<p><b>2. Como combinar a poltrona com o restante da decora\u00e7\u00e3o do quarto?<\/b><\/p>\n<p>A chave para uma combina\u00e7\u00e3o harmoniosa \u00e9 prestar aten\u00e7\u00e3o \u00e0s cores, texturas e estilos. Opte por uma poltrona que complemente os tons e os materiais predominantes no quarto, criando um ambiente visualmente coeso e equilibrado. Se voc\u00ea preferir um toque de contraste, escolha um modelo que se destaque sutilmente, sem destoar demais do restante da decora\u00e7\u00e3o.<\/p>\n<p><b>3. Existe alguma poltrona espec\u00edfica recomendada para quartos pequenos?<\/b><\/p>\n<p>Para quartos menores, as poltronas com design compacto e linhas retas s\u00e3o as mais indicadas. Elas ocupam menos espa\u00e7o e criam uma sensa\u00e7\u00e3o de amplitude. Outra boa op\u00e7\u00e3o s\u00e3o as poltronas com p\u00e9s elevados, que permitem visualizar mais o piso e d\u00e3o a impress\u00e3o de um ambiente mais espa\u00e7oso.<\/p>\n<p><\/faqs>\n<\/p>\n<p><div class=\"youtube-embed\" data-video_id=\"kMTv9AcNKvA\"><iframe title=\"Poltronas Para Sala - 567 Modelos Modernos, Lindos e Confort\u00e1veis\" width=\"696\" height=\"392\" src=\"https:\/\/www.youtube.com\/embed\/kMTv9AcNKvA?feature=oembed&#038;enablejsapi=1\" frameborder=\"0\" allow=\"accelerometer; autoplay; clipboard-write; encrypted-media; gyroscope; picture-in-picture; web-share\" referrerpolicy=\"strict-origin-when-cross-origin\" allowfullscreen><\/iframe><\/div>\n<\/p>\n<figure style=\"width: 1024px\" class=\"wp-caption aligncenter\"><img decoding=\"async\" src=\"https:\/\/www.aarquiteta.com.br\/blog\/wp-content\/uploads\/2024\/04\/poltrona-para-quarto03.jpg\" alt=\"poltrona para quarto\" width=\"1024\" height=\"1024\" title=\"\"><figcaption class=\"wp-caption-text\">poltrona para quarto<\/figcaption><\/figure>\n<p style=\"text-align: center;\">[amazon table=&#8221;95758&#8243;]\n","protected":false},"excerpt":{"rendered":"<p>Quer uma poltrona para quarto de tirar o f\u00f4lego? Descubra inspira\u00e7\u00f5es aqui!<\/p>\n","protected":false},"author":102,"featured_media":109919,"comment_status":"closed","ping_status":"closed","sticky":false,"template":"","format":"standard","meta":{"footnotes":""},"categories":[1484],"tags":[],"class_list":["post-109922","post","type-post","status-publish","format-standard","has-post-thumbnail","category-decoracao"],"_wp_attached_file":null,"_wp_attachment_metadata":null,"_wp_attachment_context":null,"_wp_attachment_is_custom_header":null,"geo_longitude":null,"geo_public":null,"geo_latitude":null,"_publicize_done_external":null,"_wpas_done_3897181":null,"publicize_twitter_user":null,"_wpas_done_3897175":null,"_wpas_skip_3897181":null,"_wpas_skip_3897175":null,"_wpas_skip_3924723":null,"_wpas_mess":null,"_wpas_done_3924723":null,"wps_subtitle":"","_links":{"self":[{"href":"https:\/\/www.aarquiteta.com.br\/blog\/wp-json\/wp\/v2\/posts\/109922","targetHints":{"allow":["GET"]}}],"collection":[{"href":"https:\/\/www.aarquiteta.com.br\/blog\/wp-json\/wp\/v2\/posts"}],"about":[{"href":"https:\/\/www.aarquiteta.com.br\/blog\/wp-json\/wp\/v2\/types\/post"}],"author":[{"embeddable":true,"href":"https:\/\/www.aarquiteta.com.br\/blog\/wp-json\/wp\/v2\/users\/102"}],"replies":[{"embeddable":true,"href":"https:\/\/www.aarquiteta.com.br\/blog\/wp-json\/wp\/v2\/comments?post=109922"}],"version-history":[{"count":0,"href":"https:\/\/www.aarquiteta.com.br\/blog\/wp-json\/wp\/v2\/posts\/109922\/revisions"}],"wp:featuredmedia":[{"embeddable":true,"href":"https:\/\/www.aarquiteta.com.br\/blog\/wp-json\/wp\/v2\/media\/109919"}],"wp:attachment":[{"href":"https:\/\/www.aarquiteta.com.br\/blog\/wp-json\/wp\/v2\/media?parent=109922"}],"wp:term":[{"taxonomy":"category","embeddable":true,"href":"https:\/\/www.aarquiteta.com.br\/blog\/wp-json\/wp\/v2\/categories?post=109922"},{"taxonomy":"post_tag","embeddable":true,"href":"https:\/\/www.aarquiteta.com.br\/blog\/wp-json\/wp\/v2\/tags?post=109922"}],"curies":[{"name":"wp","href":"https:\/\/api.w.org\/{rel}","templated":true}]}}