{"id":109829,"date":"2024-04-02T16:42:07","date_gmt":"2024-04-02T19:42:07","guid":{"rendered":"https:\/\/www.aarquiteta.com.br\/blog\/salas-retro\/"},"modified":"2024-07-03T12:45:45","modified_gmt":"2024-07-03T15:45:45","slug":"salas-retro","status":"publish","type":"post","link":"https:\/\/www.aarquiteta.com.br\/blog\/salas-retro\/","title":{"rendered":"Top 10 Salas de Estilo Retr\u00f4 que V\u00e3o Surpreender Voc\u00ea."},"content":{"rendered":"<p><b>Explorando as Salas Retro: Revivendo um Toque de Nostalgia em Casa<\/b><\/p>\n<h3>Uma Introdu\u00e7\u00e3o ao Charme das Salas Retro<\/h3>\n<p>Nos \u00faltimos tempos, as salas retro t\u00eam ganhado um novo f\u00f4lego, tornando-se uma tend\u00eancia cada vez mais popular no design de interiores. Com sua capacidade \u00fanica de transportar-nos a \u00e9pocas passadas, essas salas oferecem um ref\u00fagio aconchegante e cheio de personalidade. Seja pela nostalgia dos bons tempos ou pelo fasc\u00ednio pelo vintage, as salas retro cativam cora\u00e7\u00f5es e mentes, convidando-nos a desfrutar de uma atmosfera \u00fanica e cheia de encantos.<\/p>\n<p><b>Principais Destaques<\/b><\/p>\n<ul>\n<li>Entenda o conceito de salas retro e sua crescente popularidade.<\/li>\n<li>Descubra os elementos-chave para criar uma sala retro aut\u00eantica e charmosa.<\/li>\n<li>Explore diferentes estilos retro, desde o vision\u00e1rio dos anos 50 ao ecl\u00e9tico dos anos 70.<\/li>\n<li>Aprenda a misturar elementos modernos com o estilo retro de forma harmoniosa.<\/li>\n<li>Descubra dicas para manter sua sala retro organizada e funcional.<\/li>\n<li>Fique por dentro das tend\u00eancias atuais que d\u00e3o um toque fresco \u00e0s salas retro.<\/li>\n<\/ul>\n<h3>O Que Torna as Salas Retro T\u00e3o Cativantes?<\/h3>\n<figure style=\"width: 1024px\" class=\"wp-caption aligncenter\"><img decoding=\"async\" src=\"https:\/\/www.aarquiteta.com.br\/blog\/wp-content\/uploads\/2024\/04\/salas-retro04.jpg\" alt=\"salas retro\" width=\"1024\" height=\"1024\" title=\"\"><figcaption class=\"wp-caption-text\">salas retro<\/figcaption><\/figure>\nAs salas retro s\u00e3o uma verdadeira celebra\u00e7\u00e3o da nostalgia e do charme atemporal. Elas nos convidam a mergulhar em uma \u00e9poca anterior, repleta de lembran\u00e7as calorosas e detalhes cativantes. Cada elemento, desde os m\u00f3veis vintages at\u00e9 os acess\u00f3rios ic\u00f4nicos, \u00e9 cuidadosamente escolhido para evocar uma sensa\u00e7\u00e3o de familiaridade e conforto.<\/p>\n<p>Mas o que realmente torna essas salas t\u00e3o especiais? <b>\u00c9 a capacidade de transportar-nos para um mundo de sonhos e mem\u00f3rias, enquanto nos presenteia com um ref\u00fagio acolhedor e \u00fanico<\/b>. Seja revisitando a eleg\u00e2ncia dos anos 50, a exuber\u00e2ncia dos anos 60 ou a criatividade desenfreada dos anos 70, cada estilo retro tem sua pr\u00f3pria personalidade e encantos a serem explorados.<\/p>\n<h3>Criando sua Pr\u00f3pria Sala Retro: Um Guia Passo a Passo<\/h3>\n<style id=\"wp_carousel_dynamic_css104046\">.sp-wp-carousel-free-id-104046.wpcf-fancybox-wrapper .fancybox-bg{background: #0b0b0b;opacity: 0.8;}.sp-wp-carousel-free-id-104046.wpcf-fancybox-wrapper .fancybox-navigation .fancybox-button .wpcp-fancybox-nav-arrow i {color: #ccc;}.sp-wp-carousel-free-id-104046.wpcf-fancybox-wrapper .fancybox-navigation .fancybox-button .wpcp-fancybox-nav-arrow i:hover {color: #fff;}.sp-wp-carousel-free-id-104046.wpcf-fancybox-wrapper .fancybox-navigation .fancybox-button {background: #1e1e1e;}.sp-wp-carousel-free-id-104046.wpcf-fancybox-wrapper .fancybox-navigation .fancybox-button:hover {background: #1e1e1e;}#sp-wp-carousel-free-id-104046 .wpcp-swiper-dots {margin: 40px 0px 0px 0px;}.wpcp-wrapper-104046 .swiper-wrapper .swiper-slide-kenburn, .wpcp-wrapper-104046 .swiper-wrapper, .wpcp-wrapper-104046 .wpcpro-row{align-items: center;}#sp-wp-carousel-free-id-104046 .wpcp-single-item {box-shadow: 0px 0px 0px 0px #dddddd;transition: all .3s;margin: 0px;}#sp-wp-carousel-free-id-104046.swiper-flip .wpcp-single-item{margin: 0!important;}#sp-wp-carousel-free-id-104046 .wpcp-single-item:hover {box-shadow: 0px 0px 0px 0px #dddddd;}#sp-wp-carousel-free-id-104046.sp-wpcp-104046 .wpcp-single-item {border: 1px solid #dddddd;}#sp-wp-carousel-free-id-104046.sp-wpcp-104046 .swiper-button-prev,#sp-wp-carousel-free-id-104046.sp-wpcp-104046 .swiper-button-next,#sp-wp-carousel-free-id-104046.sp-wpcp-104046 .swiper-button-prev:hover,#sp-wp-carousel-free-id-104046.sp-wpcp-104046 .swiper-button-next:hover {background: none;border: none;font-size: 30px;}#sp-wp-carousel-free-id-104046.sp-wpcp-104046 .swiper-button-prev i,#sp-wp-carousel-free-id-104046.sp-wpcp-104046 .swiper-button-next i {color: #aaa;}#sp-wp-carousel-free-id-104046.sp-wpcp-104046 .swiper-button-prev i:hover,#sp-wp-carousel-free-id-104046.sp-wpcp-104046 .swiper-button-next i:hover {color: #178087;}#sp-wp-carousel-free-id-104046.sp-wpcp-104046 .wpcp-swiper-dots .swiper-pagination-bullet {background-color: #cccccc;}#sp-wp-carousel-free-id-104046.sp-wpcp-104046 .wpcp-swiper-dots .swiper-pagination-bullet.swiper-pagination-bullet-active {background-color: #178087;} #sp-wp-carousel-free-id-104046.sp-wpcp-104046.wpcp-image-carousel .wpcp-single-item:hover img, #sp-wp-carousel-free-id-104046.sp-wpcp-104046.wpcp-post-carousel .wpcp-single-item:hover img, #sp-wp-carousel-free-id-104046.sp-wpcp-104046.wpcp-product-carousel .wpcp-single-item:hover img{-webkit-transform: scale(1.2);-moz-transform: scale(1.2);transform: scale(1.2);}#sp-wp-carousel-free-id-104046 .wpcpro-row>[class*=\"wpcpro-col-\"] { padding: 0 10px; padding-bottom: 20px;} #sp-wp-carousel-free-id-104046 .swiper-slide .single-item-fade:not(:last-child) { margin-right: 20px;}@media (min-width: 480px) { .wpcpro-row .wpcpro-col-sm-1 { flex: 0 0 100%; max-width: 100%; } .wpcpro-row .wpcpro-col-sm-2 { flex: 0 0 50%; max-width: 50%; } .wpcpro-row .wpcpro-col-sm-2-5 { flex: 0 0 75%; max-width: 75%; } .wpcpro-row .wpcpro-col-sm-3 { flex: 0 0 33.333%; max-width: 33.333%; } .wpcpro-row .wpcpro-col-sm-4 { flex: 0 0 25%; max-width: 25%; } .wpcpro-row .wpcpro-col-sm-5 { flex: 0 0 20%; max-width: 20%; } .wpcpro-row .wpcpro-col-sm-6 { flex: 0 0 16.66666666666667%; max-width: 16.66666666666667%; } .wpcpro-row .wpcpro-col-sm-7 { flex: 0 0 14.28571428%; max-width: 14.28571428%; } .wpcpro-row .wpcpro-col-sm-8 { flex: 0 0 12.5%; max-width: 12.5%; } } @media (max-width: 480px) { .wpcpro-row .wpcpro-col-xs-1 { flex: 0 0 100%; max-width: 100%; } .wpcpro-row .wpcpro-col-xs-2 { flex: 0 0 50%; max-width: 50%; } .wpcpro-row .wpcpro-col-xs-3 { flex: 0 0 33.222%; max-width: 33.222%; } .wpcpro-row .wpcpro-col-xs-4 { flex: 0 0 25%; max-width: 25%; } .wpcpro-row .wpcpro-col-xs-5 { flex: 0 0 20%; max-width: 20%; } .wpcpro-row .wpcpro-col-xs-6 { flex: 0 0 16.6667%; max-width: 16.6667%; } .wpcpro-row .wpcpro-col-xs-7 { flex: 0 0 14.28571428%; max-width: 14.28571428%; } .wpcpro-row .wpcpro-col-xs-8 { flex: 0 0 12.5%; max-width: 12.5%; } } @media (min-width: 736px) { .wpcpro-row .wpcpro-col-md-1 { flex: 0 0 100%; max-width: 100%; } .wpcpro-row .wpcpro-col-md-2 { flex: 0 0 50%; max-width: 50%; } .wpcpro-row .wpcpro-col-md-2-5 { flex: 0 0 75%; max-width: 75%; } .wpcpro-row .wpcpro-col-md-3 { flex: 0 0 33.333%; max-width: 33.333%; } .wpcpro-row .wpcpro-col-md-4 { flex: 0 0 25%; max-width: 25%; } .wpcpro-row .wpcpro-col-md-5 { flex: 0 0 20%; max-width: 20%; } .wpcpro-row .wpcpro-col-md-6 { flex: 0 0 16.66666666666667%; max-width: 16.66666666666667%; } .wpcpro-row .wpcpro-col-md-7 { flex: 0 0 14.28571428%; max-width: 14.28571428%; } .wpcpro-row .wpcpro-col-md-8 { flex: 0 0 12.5%; max-width: 12.5%; } } @media (min-width: 980px) { .wpcpro-row .wpcpro-col-lg-1 { flex: 0 0 100%; max-width: 100%; } .wpcpro-row .wpcpro-col-lg-2 { flex: 0 0 50%; max-width: 50%; } .wpcpro-row .wpcpro-col-lg-3 { flex: 0 0 33.222%; max-width: 33.222%; } .wpcpro-row .wpcpro-col-lg-4 { flex: 0 0 25%; max-width: 25%; } .wpcpro-row .wpcpro-col-lg-5 { flex: 0 0 20%; max-width: 20%; } .wpcpro-row .wpcpro-col-lg-6 { flex: 0 0 16.6667%; max-width: 16.6667%; } .wpcpro-row .wpcpro-col-lg-7 { flex: 0 0 14.28571428%; max-width: 14.28571428%; } .wpcpro-row .wpcpro-col-lg-8 { flex: 0 0 12.5%; max-width: 12.5%; } } @media (min-width: 1200px) { .wpcpro-row .wpcpro-col-xl-1 { flex: 0 0 100%; max-width: 100%; } .wpcpro-row .wpcpro-col-xl-2 { flex: 0 0 50%; max-width: 50%; } .wpcpro-row .wpcpro-col-xl-3 { flex: 0 0 33.22222222%; max-width: 33.22222222%; } .wpcpro-row .wpcpro-col-xl-4 { flex: 0 0 25%; max-width: 25%; } .wpcpro-row .wpcpro-col-xl-5 { flex: 0 0 20%; max-width: 20%; } .wpcpro-row .wpcpro-col-xl-6 { flex: 0 0 16.66667%; max-width: 16.66667%; } .wpcpro-row .wpcpro-col-xl-7 { flex: 0 0 14.28571428%; max-width: 14.28571428%; } .wpcpro-row .wpcpro-col-xl-8 { flex: 0 0 12.5%; max-width: 12.5%; } }<\/style><div class=\"wpcp-carousel-wrapper wpcp-wrapper-104046\">\n\t<div id=\"wpcp-preloader-104046\" class=\"wpcp-carousel-preloader\"><img decoding=\"async\" src=\"https:\/\/www.aarquiteta.com.br\/blog\/wp-content\/plugins\/wp-carousel-free\/public\/css\/spinner.svg\" alt=\"Preloader Image\" title=\"\"><\/div>\t<div class=\"wpcp-carousel-content-wrapper\">\n\t<div id=\"sp-wp-carousel-free-id-104046\" class=\"wpcp-carousel-section sp-wpcp-104046  nav-vertical-center wpcp-image-carousel wpcp-preloader wpcp-standard\" data-swiper='{ &quot;pagination_type&quot;: &quot;dots&quot;,&quot;accessibility&quot;:true, &quot;spaceBetween&quot;:20, &quot;arrows&quot;:false, &quot;freeMode&quot;: false, &quot;autoplay&quot;:true, &quot;effect&quot;: &quot;&quot;, &quot;centerMode&quot;: false, &quot;autoplaySpeed&quot;:3000, &quot;dots&quot;:true, &quot;infinite&quot;:true, &quot;speed&quot;:600, &quot;pauseOnHover&quot;:true,\n\t\t\t&quot;slidesToShow&quot;:{&quot;lg_desktop&quot;:5, &quot;desktop&quot;: 4, &quot;laptop&quot;: 3, &quot;tablet&quot;: 2, &quot;mobile&quot;: 1}, &quot;responsive&quot;:{&quot;desktop&quot;:1200, &quot;laptop&quot;: 980, &quot;tablet&quot;: 736, &quot;mobile&quot;: 480}, &quot;rtl&quot;:false, &quot;lazyLoad&quot;: &quot;false&quot;, &quot;swipe&quot;: true, &quot;draggable&quot;: true, &quot;swipeToSlide&quot;:false }' dir=\"ltr\">\n\t\t<div class=\"swiper-wrapper\">\n\t\t<div class=\"swiper-slide\">\n\t<div class=\"wpcp-single-item\">\n\t\t\t<a class=\"wcp-light-box\" data-buttons='[\"close\"]' data-wpc_url='https:\/\/www.aarquiteta.com.br\/blog\/wp-content\/uploads\/2024\/01\/transformei-sala-estar-refugio-aconchegante02.jpg' href=\"https:\/\/www.aarquiteta.com.br\/blog\/wp-content\/uploads\/2024\/01\/transformei-sala-estar-refugio-aconchegante02.jpg\" data-fancybox=\"wpcp_view\">\n\t\t<figure>\n\t\t\t<img decoding=\"async\" class=\"skip-lazy\" src=\"https:\/\/www.aarquiteta.com.br\/blog\/wp-content\/uploads\/2024\/01\/transformei-sala-estar-refugio-aconchegante02.jpg\" alt=\"transformei-sala-estar-refugio-aconchegante\" width=\"1024\" height=\"1024\" title=\"\">\t\t<\/figure>\n\t<\/a>\n\t\t<\/div>\n<\/div>\n\t<div class=\"swiper-slide\">\n\t<div class=\"wpcp-single-item\">\n\t\t\t<a class=\"wcp-light-box\" data-buttons='[\"close\"]' data-wpc_url='https:\/\/www.aarquiteta.com.br\/blog\/wp-content\/uploads\/2023\/12\/plantas-na-sala-de-estar02.jpg' href=\"https:\/\/www.aarquiteta.com.br\/blog\/wp-content\/uploads\/2023\/12\/plantas-na-sala-de-estar02.jpg\" data-fancybox=\"wpcp_view\">\n\t\t<figure>\n\t\t\t<img decoding=\"async\" class=\"skip-lazy\" src=\"https:\/\/www.aarquiteta.com.br\/blog\/wp-content\/uploads\/2023\/12\/plantas-na-sala-de-estar02.jpg\" alt=\"plantas na sala de estar\" width=\"1024\" height=\"1024\" title=\"\">\t\t<\/figure>\n\t<\/a>\n\t\t<\/div>\n<\/div>\n\t<div class=\"swiper-slide\">\n\t<div class=\"wpcp-single-item\">\n\t\t\t<a class=\"wcp-light-box\" data-buttons='[\"close\"]' data-wpc_url='https:\/\/www.aarquiteta.com.br\/blog\/wp-content\/uploads\/2023\/12\/Elementos-em-Espacos-Modernos-da-Sala-de-Estar-e-Jantar-1.jpg' href=\"https:\/\/www.aarquiteta.com.br\/blog\/wp-content\/uploads\/2023\/12\/Elementos-em-Espacos-Modernos-da-Sala-de-Estar-e-Jantar-1.jpg\" data-fancybox=\"wpcp_view\">\n\t\t<figure>\n\t\t\t<img decoding=\"async\" class=\"skip-lazy\" src=\"https:\/\/www.aarquiteta.com.br\/blog\/wp-content\/uploads\/2023\/12\/Elementos-em-Espacos-Modernos-da-Sala-de-Estar-e-Jantar-1.jpg\" alt=\"Elementos em Espa\u00e7os Modernos da Sala de Estar e Jantar\" width=\"1024\" height=\"1024\" title=\"\">\t\t<\/figure>\n\t<\/a>\n\t\t<\/div>\n<\/div>\n\t<div class=\"swiper-slide\">\n\t<div class=\"wpcp-single-item\">\n\t\t\t<a class=\"wcp-light-box\" data-buttons='[\"close\"]' data-wpc_url='https:\/\/www.aarquiteta.com.br\/blog\/wp-content\/uploads\/2023\/11\/sala-de-estar-sofisticada02.jpg' href=\"https:\/\/www.aarquiteta.com.br\/blog\/wp-content\/uploads\/2023\/11\/sala-de-estar-sofisticada02.jpg\" data-fancybox=\"wpcp_view\">\n\t\t<figure>\n\t\t\t<img decoding=\"async\" class=\"skip-lazy\" src=\"https:\/\/www.aarquiteta.com.br\/blog\/wp-content\/uploads\/2023\/11\/sala-de-estar-sofisticada02.jpg\" alt=\"sala de estar sofisticada\" width=\"1024\" height=\"1024\" title=\"\">\t\t<\/figure>\n\t<\/a>\n\t\t<\/div>\n<\/div>\n\t<div class=\"swiper-slide\">\n\t<div class=\"wpcp-single-item\">\n\t\t\t<a class=\"wcp-light-box\" data-buttons='[\"close\"]' data-wpc_url='https:\/\/www.aarquiteta.com.br\/blog\/wp-content\/uploads\/2023\/11\/5-dicas-para-uma-mini-sala-de-estar-planejada04.jpg' href=\"https:\/\/www.aarquiteta.com.br\/blog\/wp-content\/uploads\/2023\/11\/5-dicas-para-uma-mini-sala-de-estar-planejada04.jpg\" data-fancybox=\"wpcp_view\">\n\t\t<figure>\n\t\t\t<img decoding=\"async\" class=\"skip-lazy\" src=\"https:\/\/www.aarquiteta.com.br\/blog\/wp-content\/uploads\/2023\/11\/5-dicas-para-uma-mini-sala-de-estar-planejada04.jpg\" alt=\"5 dicas para uma mini sala de estar planejada\" width=\"1024\" height=\"1024\" title=\"\">\t\t<\/figure>\n\t<\/a>\n\t\t<\/div>\n<\/div>\n\t<div class=\"swiper-slide\">\n\t<div class=\"wpcp-single-item\">\n\t\t\t<a class=\"wcp-light-box\" data-buttons='[\"close\"]' data-wpc_url='https:\/\/www.aarquiteta.com.br\/blog\/wp-content\/uploads\/2023\/11\/sala-de-estar-sofisticada04.jpg' href=\"https:\/\/www.aarquiteta.com.br\/blog\/wp-content\/uploads\/2023\/11\/sala-de-estar-sofisticada04.jpg\" data-fancybox=\"wpcp_view\">\n\t\t<figure>\n\t\t\t<img decoding=\"async\" class=\"skip-lazy\" src=\"https:\/\/www.aarquiteta.com.br\/blog\/wp-content\/uploads\/2023\/11\/sala-de-estar-sofisticada04.jpg\" alt=\"sala de estar sofisticada\" width=\"1024\" height=\"1024\" title=\"\">\t\t<\/figure>\n\t<\/a>\n\t\t<\/div>\n<\/div>\n\t<div class=\"swiper-slide\">\n\t<div class=\"wpcp-single-item\">\n\t\t\t<a class=\"wcp-light-box\" data-buttons='[\"close\"]' data-wpc_url='https:\/\/www.aarquiteta.com.br\/blog\/wp-content\/uploads\/2023\/11\/sala-de-estar-sofisticada03.jpg' href=\"https:\/\/www.aarquiteta.com.br\/blog\/wp-content\/uploads\/2023\/11\/sala-de-estar-sofisticada03.jpg\" data-fancybox=\"wpcp_view\">\n\t\t<figure>\n\t\t\t<img decoding=\"async\" class=\"skip-lazy\" src=\"https:\/\/www.aarquiteta.com.br\/blog\/wp-content\/uploads\/2023\/11\/sala-de-estar-sofisticada03.jpg\" alt=\"sala de estar sofisticada\" width=\"1024\" height=\"1024\" title=\"\">\t\t<\/figure>\n\t<\/a>\n\t\t<\/div>\n<\/div>\n\t<div class=\"swiper-slide\">\n\t<div class=\"wpcp-single-item\">\n\t\t\t<a class=\"wcp-light-box\" data-buttons='[\"close\"]' data-wpc_url='https:\/\/www.aarquiteta.com.br\/blog\/wp-content\/uploads\/2023\/11\/sala-de-estar-sofisticada04.jpg' href=\"https:\/\/www.aarquiteta.com.br\/blog\/wp-content\/uploads\/2023\/11\/sala-de-estar-sofisticada04.jpg\" data-fancybox=\"wpcp_view\">\n\t\t<figure>\n\t\t\t<img decoding=\"async\" class=\"skip-lazy\" src=\"https:\/\/www.aarquiteta.com.br\/blog\/wp-content\/uploads\/2023\/11\/sala-de-estar-sofisticada04.jpg\" alt=\"sala de estar sofisticada\" width=\"1024\" height=\"1024\" title=\"\">\t\t<\/figure>\n\t<\/a>\n\t\t<\/div>\n<\/div>\n\t<div class=\"swiper-slide\">\n\t<div class=\"wpcp-single-item\">\n\t\t\t<a class=\"wcp-light-box\" data-buttons='[\"close\"]' data-wpc_url='https:\/\/www.aarquiteta.com.br\/blog\/wp-content\/uploads\/2023\/10\/ideias-de-decoracao-para-sala-04.jpg' href=\"https:\/\/www.aarquiteta.com.br\/blog\/wp-content\/uploads\/2023\/10\/ideias-de-decoracao-para-sala-04.jpg\" data-fancybox=\"wpcp_view\">\n\t\t<figure>\n\t\t\t<img decoding=\"async\" class=\"skip-lazy\" src=\"https:\/\/www.aarquiteta.com.br\/blog\/wp-content\/uploads\/2023\/10\/ideias-de-decoracao-para-sala-04.jpg\" alt=\"Ideias e sugest\u00f5es para decora\u00e7\u00e3o de salas de estar\" width=\"1024\" height=\"1024\" title=\"\">\t\t<\/figure>\n\t<\/a>\n\t\t<\/div>\n<\/div>\n\t<div class=\"swiper-slide\">\n\t<div class=\"wpcp-single-item\">\n\t\t\t<a class=\"wcp-light-box\" data-buttons='[\"close\"]' data-wpc_url='https:\/\/www.aarquiteta.com.br\/blog\/wp-content\/uploads\/2023\/07\/espelhos-decorativos-2.png' href=\"https:\/\/www.aarquiteta.com.br\/blog\/wp-content\/uploads\/2023\/07\/espelhos-decorativos-2.png\" data-fancybox=\"wpcp_view\">\n\t\t<figure>\n\t\t\t<img decoding=\"async\" class=\"skip-lazy\" src=\"https:\/\/www.aarquiteta.com.br\/blog\/wp-content\/uploads\/2023\/07\/espelhos-decorativos-2.png\" alt=\"Reflexos de Beleza: Espelhos Decorativos que Transformam sua Sala de Estar!\" width=\"1024\" height=\"1024\" title=\"\">\t\t<\/figure>\n\t<\/a>\n\t\t<\/div>\n<\/div>\n\t<div class=\"swiper-slide\">\n\t<div class=\"wpcp-single-item\">\n\t\t\t<a class=\"wcp-light-box\" data-buttons='[\"close\"]' data-wpc_url='https:\/\/www.aarquiteta.com.br\/blog\/wp-content\/uploads\/2023\/07\/Decoracao-eficiente-dicas-para-maximizar-o-espaco-e-economizar-dinheiro.png' href=\"https:\/\/www.aarquiteta.com.br\/blog\/wp-content\/uploads\/2023\/07\/Decoracao-eficiente-dicas-para-maximizar-o-espaco-e-economizar-dinheiro.png\" data-fancybox=\"wpcp_view\">\n\t\t<figure>\n\t\t\t<img decoding=\"async\" class=\"skip-lazy\" src=\"https:\/\/www.aarquiteta.com.br\/blog\/wp-content\/uploads\/2023\/07\/Decoracao-eficiente-dicas-para-maximizar-o-espaco-e-economizar-dinheiro.png\" alt=\"Transforme sua Sala de Estar com Esses Projetos DIY\" width=\"1024\" height=\"1024\" title=\"\">\t\t<\/figure>\n\t<\/a>\n\t\t<\/div>\n<\/div>\n\t\t\t<\/div>\n\t\t\t\t\t<div class=\"wpcp-swiper-dots swiper-pagination\"><\/div>\n\t\t\t\t<!-- If we need navigation buttons -->\n\t\t\t<\/div>\n\t<\/div>\n<\/div>\n\nTransformar um espa\u00e7o em uma aut\u00eantica sala retro requer aten\u00e7\u00e3o aos detalhes e uma pitada de criatividade. Comece escolhendo um estilo espec\u00edfico que mais lhe agrade, como o mid-century moderno, o vintage dos anos 60 ou o ecl\u00e9tico dos anos 70. <b>Em seguida, mergulhe na ca\u00e7a aos tesouros perfeitos<\/b> \u2013 m\u00f3veis originais da \u00e9poca, pe\u00e7as de antiqu\u00e1rio e objetos de decora\u00e7\u00e3o ic\u00f4nicos que possam trazer aquele toque m\u00e1gico de outrora.<\/p>\n<p>N\u00e3o se esque\u00e7a das cores! As salas retro t\u00eam uma paleta vibrante e ousada, com tons terrosos, tons de laranja intensos, verde musgo e at\u00e9 mesmo o avermelhado dos anos 70. Combinados com os padr\u00f5es geom\u00e9tricos e florais t\u00e3o t\u00edpicos dessas \u00e9pocas, as cores criam uma atmosfera envolvente e cheia de personalidade.<\/p>\n<h3>Misturando o Moderno com o Retro: Uma Harmonia Encantadora<\/h3>\n<p>Embora as salas retro sejam um tributo ao passado, n\u00e3o h\u00e1 necessidade de ficar preso a ele. <b>A chave para criar um espa\u00e7o verdadeiramente cativante \u00e9 encontrar o equil\u00edbrio perfeito entre o vintage e o contempor\u00e2neo<\/b>. Misture m\u00f3veis retr\u00f4 com pe\u00e7as modernas, contraste texturas e materiais diferentes, e deixe que sua criatividade flua.<\/p>\n<p>Um toque moderno pode vir de algo t\u00e3o simples quanto uma lumin\u00e1ria minimalista ou uma obra de arte abstrata. Ou, se voc\u00ea \u00e9 mais ousado, pode optar por um sof\u00e1 contempor\u00e2neo contrastando com uma poltrona vintage. O segredo \u00e9 criar uma harmonia visual, onde o antigo e o novo se complementam em vez de competirem.<\/p>\n<h3>Mantendo sua Sala Retro Organizada e Funcional<\/h3>\n<figure style=\"width: 1024px\" class=\"wp-caption aligncenter\"><img decoding=\"async\" src=\"https:\/\/www.aarquiteta.com.br\/blog\/wp-content\/uploads\/2024\/04\/salas-retro02.jpg\" alt=\"salas retro\" width=\"1024\" height=\"1024\" title=\"\"><figcaption class=\"wp-caption-text\">salas retro<\/figcaption><\/figure>\nUma sala retro n\u00e3o precisa ser um museu empoeirado ou um amontoado de bugigangas. <b>Com um pouco de planejamento inteligente, voc\u00ea pode criar um espa\u00e7o retro totalmente funcional e organizado<\/b>. Aproveite as linhas depuradas dos m\u00f3veis mid-century modern para maximizar o espa\u00e7o de armazenamento, ou escolha pe\u00e7as com m\u00faltiplos usos, como um aparador que tamb\u00e9m serve como uma mesa de cabeceira.<\/p>\n<p>Al\u00e9m disso, n\u00e3o negligencie a import\u00e2ncia da ilumina\u00e7\u00e3o. Opte por lumin\u00e1rias vintage aut\u00eanticas ou r\u00e9plicas modernas que capturam a ess\u00eancia retro. Elas n\u00e3o apenas trar\u00e3o um toque de nostalgia, mas tamb\u00e9m criar\u00e3o uma atmosfera aconchegante e envolvente.<\/p>\n<h3>Tend\u00eancias Atuais para Salas Retro: Um Toque Fresco de Modernidade<\/h3>\n<p>Assim como tudo na vida, as salas retro tamb\u00e9m evoluem com o tempo. <b>As tend\u00eancias atuais trazem um sopro de ar fresco para esse estilo t\u00e3o encantador, misturando elementos contempor\u00e2neos com um toque vintage<\/b>. Por exemplo, o uso de cores vibrantes e ousadas, como o coral, o azul cobalto e o verde esmeralda, adiciona uma vibra\u00e7\u00e3o moderna \u00e0s paletas tradicionais.<\/p>\n<p>Outra tend\u00eancia \u00e9 a incorpora\u00e7\u00e3o de materiais naturais, como madeira r\u00fastica, fibras vegetais e pedras. Esses elementos org\u00e2nicos trazem uma sensa\u00e7\u00e3o de calor e autenticidade, contrastando deliciosamente com os m\u00f3veis e acess\u00f3rios retr\u00f4.<\/p>\n<h3>Conclus\u00e3o: Celebrando a Nostalgia com Estilo<\/h3>\n<figure style=\"width: 1024px\" class=\"wp-caption aligncenter\"><img decoding=\"async\" src=\"https:\/\/www.aarquiteta.com.br\/blog\/wp-content\/uploads\/2024\/04\/salas-retro01.jpg\" alt=\"salas retro\" width=\"1024\" height=\"1024\" title=\"\"><figcaption class=\"wp-caption-text\">salas retro<\/figcaption><\/figure>\nAs salas retro s\u00e3o muito mais do que uma simples decora\u00e7\u00e3o \u2013 elas s\u00e3o uma celebra\u00e7\u00e3o da nostalgia, do charme atemporal e da personalidade \u00fanica. Ao mergulhar nesse mundo encantador, voc\u00ea n\u00e3o apenas cria um ref\u00fagio acolhedor em sua pr\u00f3pria casa, mas tamb\u00e9m homenageia as \u00e9pocas passadas e tudo o que elas representam.<\/p>\n<p>Ent\u00e3o, seja ousado, seja criativo e deixe que sua paix\u00e3o pelo vintage flores\u00e7a. <b>Misture, combine e crie sua pr\u00f3pria interpreta\u00e7\u00e3o desse estilo t\u00e3o cativante<\/b>. Afinal, uma sala retro n\u00e3o \u00e9 apenas um espa\u00e7o \u2013 \u00e9 uma experi\u00eancia envolvente que transporta sua alma para um tempo em que a vida era mais simples, mais colorida e repleta de encantos.<\/p>\n<h2>Perguntas Frequentes<\/h2>\n<h3>1. Como escolher o papel de parede ideal para uma sala retro?<\/h3>\n<p>Ao escolher o papel de parede perfeito para sua sala retro, lembre-se de que ele desempenhar\u00e1 um papel crucial na cria\u00e7\u00e3o da atmosfera desejada. Opte por padr\u00f5es ic\u00f4nicos das \u00e9pocas que voc\u00ea est\u00e1 homenageando, como os geom\u00e9tricos dos anos 50, os psicod\u00e9licos dos anos 60 ou os florais exuberantes dos anos 70. N\u00e3o tenha medo de ser ousado com cores vibrantes e contrastantes, pois elas s\u00e3o a marca registrada desses estilos.<\/p>\n<h3>2. Qual \u00e9 a import\u00e2ncia da ilumina\u00e7\u00e3o na decora\u00e7\u00e3o de uma sala retro?<\/h3>\n<p><div class=\"youtube-embed\" data-video_id=\"lhnHXU5gmPI\"><iframe title=\"Salas estilo vintage\" width=\"696\" height=\"392\" src=\"https:\/\/www.youtube.com\/embed\/lhnHXU5gmPI?feature=oembed&#038;enablejsapi=1\" frameborder=\"0\" allow=\"accelerometer; autoplay; clipboard-write; encrypted-media; gyroscope; picture-in-picture; web-share\" referrerpolicy=\"strict-origin-when-cross-origin\" allowfullscreen><\/iframe><\/div>\n<\/p>\n<p>A ilumina\u00e7\u00e3o \u00e9 fundamental para criar a atmosfera perfeita em uma sala retro. Lumin\u00e1rias vintage aut\u00eanticas ou r\u00e9plicas modernas podem trazer aquele toque de nostalgia t\u00e3o desejado. Opte por abajures de mesa com texturas interessantes, como vidro ou cer\u00e2mica, ou pendentes ic\u00f4nicos que se tornam pe\u00e7as de destaque. Al\u00e9m disso, a ilumina\u00e7\u00e3o adequada pode real\u00e7ar os detalhes e texturas dos m\u00f3veis e acess\u00f3rios retr\u00f4, criando uma experi\u00eancia verdadeiramente envolvente.<\/p>\n<h3>3. \u00c9 poss\u00edvel adaptar uma sala contempor\u00e2nea para um estilo retro sem gastar muito?<\/h3>\n<figure style=\"width: 1024px\" class=\"wp-caption aligncenter\"><img decoding=\"async\" src=\"https:\/\/www.aarquiteta.com.br\/blog\/wp-content\/uploads\/2024\/04\/salas-retro03.jpg\" alt=\"salas retro\" width=\"1024\" height=\"1024\" title=\"\"><figcaption class=\"wp-caption-text\">salas retro<\/figcaption><\/figure>\nSim, \u00e9 totalmente poss\u00edvel transformar uma sala contempor\u00e2nea em um espa\u00e7o retro sem quebrar o banco. A chave est\u00e1 em ser criativo e aproveitar pe\u00e7as que voc\u00ea j\u00e1 possui, dando-lhes um novo prop\u00f3sito. Por exemplo, um simples aparador moderno pode ganhar um novo visual com a adi\u00e7\u00e3o de puxadores vintage e um renovado acabamento em laca. Tamb\u00e9m procure por pe\u00e7as de segunda m\u00e3o, antiguidades e itens em brech\u00f3s, pois eles podem adicionar aquele toque de autenticidade sem gastar uma fortuna.<\/p>\n<p style=\"text-align: center;\">[amazon table=&#8221;88024&#8243;]\n","protected":false},"excerpt":{"rendered":"<p>Reinvente seu espa\u00e7o com ideias incr\u00edveis para salas retro. Confira agora!<\/p>\n","protected":false},"author":102,"featured_media":109826,"comment_status":"closed","ping_status":"closed","sticky":false,"template":"","format":"standard","meta":{"footnotes":""},"categories":[1484,35371],"tags":[],"class_list":["post-109829","post","type-post","status-publish","format-standard","has-post-thumbnail","category-decoracao","category-estilo-retro-na-decoracao"],"_wp_attached_file":null,"_wp_attachment_metadata":null,"_wp_attachment_context":null,"_wp_attachment_is_custom_header":null,"geo_longitude":null,"geo_public":null,"geo_latitude":null,"_publicize_done_external":null,"_wpas_done_3897181":null,"publicize_twitter_user":null,"_wpas_done_3897175":null,"_wpas_skip_3897181":null,"_wpas_skip_3897175":null,"_wpas_skip_3924723":null,"_wpas_mess":null,"_wpas_done_3924723":null,"wps_subtitle":"","_links":{"self":[{"href":"https:\/\/www.aarquiteta.com.br\/blog\/wp-json\/wp\/v2\/posts\/109829","targetHints":{"allow":["GET"]}}],"collection":[{"href":"https:\/\/www.aarquiteta.com.br\/blog\/wp-json\/wp\/v2\/posts"}],"about":[{"href":"https:\/\/www.aarquiteta.com.br\/blog\/wp-json\/wp\/v2\/types\/post"}],"author":[{"embeddable":true,"href":"https:\/\/www.aarquiteta.com.br\/blog\/wp-json\/wp\/v2\/users\/102"}],"replies":[{"embeddable":true,"href":"https:\/\/www.aarquiteta.com.br\/blog\/wp-json\/wp\/v2\/comments?post=109829"}],"version-history":[{"count":0,"href":"https:\/\/www.aarquiteta.com.br\/blog\/wp-json\/wp\/v2\/posts\/109829\/revisions"}],"wp:featuredmedia":[{"embeddable":true,"href":"https:\/\/www.aarquiteta.com.br\/blog\/wp-json\/wp\/v2\/media\/109826"}],"wp:attachment":[{"href":"https:\/\/www.aarquiteta.com.br\/blog\/wp-json\/wp\/v2\/media?parent=109829"}],"wp:term":[{"taxonomy":"category","embeddable":true,"href":"https:\/\/www.aarquiteta.com.br\/blog\/wp-json\/wp\/v2\/categories?post=109829"},{"taxonomy":"post_tag","embeddable":true,"href":"https:\/\/www.aarquiteta.com.br\/blog\/wp-json\/wp\/v2\/tags?post=109829"}],"curies":[{"name":"wp","href":"https:\/\/api.w.org\/{rel}","templated":true}]}}