{"id":109479,"date":"2024-03-28T18:36:25","date_gmt":"2024-03-28T21:36:25","guid":{"rendered":"https:\/\/www.aarquiteta.com.br\/blog\/dicas-para-decoracao-para-corredores-externos-de-casa\/"},"modified":"2024-03-28T18:36:25","modified_gmt":"2024-03-28T21:36:25","slug":"dicas-para-decoracao-para-corredores-externos-de-casa","status":"publish","type":"post","link":"https:\/\/www.aarquiteta.com.br\/blog\/dicas-para-decoracao-para-corredores-externos-de-casa\/","title":{"rendered":"As 10 Melhores Ideias Surpreendentes para Decorar Seu Corredor Externo de Casa."},"content":{"rendered":"<p>A decora\u00e7\u00e3o dos corredores externos de uma casa \u00e9 essencial para <b>criar uma primeira impress\u00e3o positiva<\/b> e transmitir um ambiente acolhedor e convidativo. Esses espa\u00e7os frequentemente negligenciados t\u00eam um grande potencial para se destacar e <strong>valorizar a est\u00e9tica geral da propriedade<\/strong>. Este artigo fornecer\u00e1 dicas valiosas para transformar seus corredores externos em \u00e1reas elegantes e funcionais.<\/p>\n<h3>1. Escolha do piso<\/h3>\n<figure style=\"width: 1024px\" class=\"wp-caption aligncenter\"><img decoding=\"async\" src=\"https:\/\/www.aarquiteta.com.br\/blog\/wp-content\/uploads\/2024\/03\/dicas-para-decoracao-para-corredores-externos-de-casa04.jpg\" alt=\"dicas para decora\u00e7\u00e3o para corredores externos de casa\" width=\"1024\" height=\"1024\" title=\"\"><figcaption class=\"wp-caption-text\">dicas para decora\u00e7\u00e3o para corredores externos de casa<\/figcaption><\/figure>\n<p>O piso \u00e9 a base de qualquer decora\u00e7\u00e3o, portanto, <b>escolher o material certo<\/b> \u00e9 crucial. Para \u00e1reas externas, opte por pisos resistentes como pedras naturais, tijoletas r\u00fasticas ou cimentados texturizados. Eles n\u00e3o apenas <strong>agregam beleza, mas tamb\u00e9m s\u00e3o dur\u00e1veis e antiderrapantes<\/strong>, garantindo seguran\u00e7a mesmo em dias chuvosos.<\/p>\n<h3>2. Ilumina\u00e7\u00e3o adequada<\/h3>\n<p>A ilumina\u00e7\u00e3o correta pode <b>transformar completamente a atmosfera<\/b> de um corredor externo. Combinando luzes de diferentes fontes, como lanternas suspensas, lumin\u00e1rias embutidas ou at\u00e9 mesmo cord\u00f5es de luz, voc\u00ea pode criar <strong>um ambiente aconchegante e seguro<\/strong> para desfrutar durante a noite.<\/p>\n<h3>3. Utilize plantas e flores<\/h3>\n<style id=\"wp_carousel_dynamic_css104046\">.sp-wp-carousel-free-id-104046.wpcf-fancybox-wrapper .fancybox-bg{background: #0b0b0b;opacity: 0.8;}.sp-wp-carousel-free-id-104046.wpcf-fancybox-wrapper .fancybox-navigation .fancybox-button .wpcp-fancybox-nav-arrow i {color: #ccc;}.sp-wp-carousel-free-id-104046.wpcf-fancybox-wrapper .fancybox-navigation .fancybox-button .wpcp-fancybox-nav-arrow i:hover {color: #fff;}.sp-wp-carousel-free-id-104046.wpcf-fancybox-wrapper .fancybox-navigation .fancybox-button {background: #1e1e1e;}.sp-wp-carousel-free-id-104046.wpcf-fancybox-wrapper .fancybox-navigation .fancybox-button:hover {background: #1e1e1e;}#sp-wp-carousel-free-id-104046 .wpcp-swiper-dots {margin: 40px 0px 0px 0px;}.wpcp-wrapper-104046 .swiper-wrapper .swiper-slide-kenburn, .wpcp-wrapper-104046 .swiper-wrapper, .wpcp-wrapper-104046 .wpcpro-row{align-items: center;}#sp-wp-carousel-free-id-104046 .wpcp-single-item {box-shadow: 0px 0px 0px 0px #dddddd;transition: all .3s;margin: 0px;}#sp-wp-carousel-free-id-104046.swiper-flip .wpcp-single-item{margin: 0!important;}#sp-wp-carousel-free-id-104046 .wpcp-single-item:hover {box-shadow: 0px 0px 0px 0px #dddddd;}#sp-wp-carousel-free-id-104046.sp-wpcp-104046 .wpcp-single-item {border: 1px solid #dddddd;}#sp-wp-carousel-free-id-104046.sp-wpcp-104046 .swiper-button-prev,#sp-wp-carousel-free-id-104046.sp-wpcp-104046 .swiper-button-next,#sp-wp-carousel-free-id-104046.sp-wpcp-104046 .swiper-button-prev:hover,#sp-wp-carousel-free-id-104046.sp-wpcp-104046 .swiper-button-next:hover {background: none;border: none;font-size: 30px;}#sp-wp-carousel-free-id-104046.sp-wpcp-104046 .swiper-button-prev i,#sp-wp-carousel-free-id-104046.sp-wpcp-104046 .swiper-button-next i {color: #aaa;}#sp-wp-carousel-free-id-104046.sp-wpcp-104046 .swiper-button-prev i:hover,#sp-wp-carousel-free-id-104046.sp-wpcp-104046 .swiper-button-next i:hover {color: #178087;}#sp-wp-carousel-free-id-104046.sp-wpcp-104046 .wpcp-swiper-dots .swiper-pagination-bullet {background-color: #cccccc;}#sp-wp-carousel-free-id-104046.sp-wpcp-104046 .wpcp-swiper-dots .swiper-pagination-bullet.swiper-pagination-bullet-active {background-color: #178087;} #sp-wp-carousel-free-id-104046.sp-wpcp-104046.wpcp-image-carousel .wpcp-single-item:hover img, #sp-wp-carousel-free-id-104046.sp-wpcp-104046.wpcp-post-carousel .wpcp-single-item:hover img, #sp-wp-carousel-free-id-104046.sp-wpcp-104046.wpcp-product-carousel .wpcp-single-item:hover img{-webkit-transform: scale(1.2);-moz-transform: scale(1.2);transform: scale(1.2);}#sp-wp-carousel-free-id-104046 .wpcpro-row>[class*=\"wpcpro-col-\"] { padding: 0 10px; padding-bottom: 20px;} #sp-wp-carousel-free-id-104046 .swiper-slide .single-item-fade:not(:last-child) { margin-right: 20px;}@media (min-width: 480px) { .wpcpro-row .wpcpro-col-sm-1 { flex: 0 0 100%; max-width: 100%; } .wpcpro-row .wpcpro-col-sm-2 { flex: 0 0 50%; max-width: 50%; } .wpcpro-row .wpcpro-col-sm-2-5 { flex: 0 0 75%; max-width: 75%; } .wpcpro-row .wpcpro-col-sm-3 { flex: 0 0 33.333%; max-width: 33.333%; } .wpcpro-row .wpcpro-col-sm-4 { flex: 0 0 25%; max-width: 25%; } .wpcpro-row .wpcpro-col-sm-5 { flex: 0 0 20%; max-width: 20%; } .wpcpro-row .wpcpro-col-sm-6 { flex: 0 0 16.66666666666667%; max-width: 16.66666666666667%; } .wpcpro-row .wpcpro-col-sm-7 { flex: 0 0 14.28571428%; max-width: 14.28571428%; } .wpcpro-row .wpcpro-col-sm-8 { flex: 0 0 12.5%; max-width: 12.5%; } } @media (max-width: 480px) { .wpcpro-row .wpcpro-col-xs-1 { flex: 0 0 100%; max-width: 100%; } .wpcpro-row .wpcpro-col-xs-2 { flex: 0 0 50%; max-width: 50%; } .wpcpro-row .wpcpro-col-xs-3 { flex: 0 0 33.222%; max-width: 33.222%; } .wpcpro-row .wpcpro-col-xs-4 { flex: 0 0 25%; max-width: 25%; } .wpcpro-row .wpcpro-col-xs-5 { flex: 0 0 20%; max-width: 20%; } .wpcpro-row .wpcpro-col-xs-6 { flex: 0 0 16.6667%; max-width: 16.6667%; } .wpcpro-row .wpcpro-col-xs-7 { flex: 0 0 14.28571428%; max-width: 14.28571428%; } .wpcpro-row .wpcpro-col-xs-8 { flex: 0 0 12.5%; max-width: 12.5%; } } @media (min-width: 736px) { .wpcpro-row .wpcpro-col-md-1 { flex: 0 0 100%; max-width: 100%; } .wpcpro-row .wpcpro-col-md-2 { flex: 0 0 50%; max-width: 50%; } .wpcpro-row .wpcpro-col-md-2-5 { flex: 0 0 75%; max-width: 75%; } .wpcpro-row .wpcpro-col-md-3 { flex: 0 0 33.333%; max-width: 33.333%; } .wpcpro-row .wpcpro-col-md-4 { flex: 0 0 25%; max-width: 25%; } .wpcpro-row .wpcpro-col-md-5 { flex: 0 0 20%; max-width: 20%; } .wpcpro-row .wpcpro-col-md-6 { flex: 0 0 16.66666666666667%; max-width: 16.66666666666667%; } .wpcpro-row .wpcpro-col-md-7 { flex: 0 0 14.28571428%; max-width: 14.28571428%; } .wpcpro-row .wpcpro-col-md-8 { flex: 0 0 12.5%; max-width: 12.5%; } } @media (min-width: 980px) { .wpcpro-row .wpcpro-col-lg-1 { flex: 0 0 100%; max-width: 100%; } .wpcpro-row .wpcpro-col-lg-2 { flex: 0 0 50%; max-width: 50%; } .wpcpro-row .wpcpro-col-lg-3 { flex: 0 0 33.222%; max-width: 33.222%; } .wpcpro-row .wpcpro-col-lg-4 { flex: 0 0 25%; max-width: 25%; } .wpcpro-row .wpcpro-col-lg-5 { flex: 0 0 20%; max-width: 20%; } .wpcpro-row .wpcpro-col-lg-6 { flex: 0 0 16.6667%; max-width: 16.6667%; } .wpcpro-row .wpcpro-col-lg-7 { flex: 0 0 14.28571428%; max-width: 14.28571428%; } .wpcpro-row .wpcpro-col-lg-8 { flex: 0 0 12.5%; max-width: 12.5%; } } @media (min-width: 1200px) { .wpcpro-row .wpcpro-col-xl-1 { flex: 0 0 100%; max-width: 100%; } .wpcpro-row .wpcpro-col-xl-2 { flex: 0 0 50%; max-width: 50%; } .wpcpro-row .wpcpro-col-xl-3 { flex: 0 0 33.22222222%; max-width: 33.22222222%; } .wpcpro-row .wpcpro-col-xl-4 { flex: 0 0 25%; max-width: 25%; } .wpcpro-row .wpcpro-col-xl-5 { flex: 0 0 20%; max-width: 20%; } .wpcpro-row .wpcpro-col-xl-6 { flex: 0 0 16.66667%; max-width: 16.66667%; } .wpcpro-row .wpcpro-col-xl-7 { flex: 0 0 14.28571428%; max-width: 14.28571428%; } .wpcpro-row .wpcpro-col-xl-8 { flex: 0 0 12.5%; max-width: 12.5%; } }<\/style><div class=\"wpcp-carousel-wrapper wpcp-wrapper-104046\">\n\t<div id=\"wpcp-preloader-104046\" class=\"wpcp-carousel-preloader\"><img decoding=\"async\" src=\"https:\/\/www.aarquiteta.com.br\/blog\/wp-content\/plugins\/wp-carousel-free\/public\/css\/spinner.svg\" alt=\"Preloader Image\" title=\"\"><\/div>\t<div class=\"wpcp-carousel-content-wrapper\">\n\t<div id=\"sp-wp-carousel-free-id-104046\" class=\"wpcp-carousel-section sp-wpcp-104046  nav-vertical-center wpcp-image-carousel wpcp-preloader wpcp-standard\" data-swiper='{ &quot;pagination_type&quot;: &quot;dots&quot;,&quot;accessibility&quot;:true, &quot;spaceBetween&quot;:20, &quot;arrows&quot;:false, &quot;freeMode&quot;: false, &quot;autoplay&quot;:true, &quot;effect&quot;: &quot;&quot;, &quot;centerMode&quot;: false, &quot;autoplaySpeed&quot;:3000, &quot;dots&quot;:true, &quot;infinite&quot;:true, &quot;speed&quot;:600, &quot;pauseOnHover&quot;:true,\n\t\t\t&quot;slidesToShow&quot;:{&quot;lg_desktop&quot;:5, &quot;desktop&quot;: 4, &quot;laptop&quot;: 3, &quot;tablet&quot;: 2, &quot;mobile&quot;: 1}, &quot;responsive&quot;:{&quot;desktop&quot;:1200, &quot;laptop&quot;: 980, &quot;tablet&quot;: 736, &quot;mobile&quot;: 480}, &quot;rtl&quot;:false, &quot;lazyLoad&quot;: &quot;false&quot;, &quot;swipe&quot;: true, &quot;draggable&quot;: true, &quot;swipeToSlide&quot;:false }' dir=\"ltr\">\n\t\t<div class=\"swiper-wrapper\">\n\t\t<div class=\"swiper-slide\">\n\t<div class=\"wpcp-single-item\">\n\t\t\t<a class=\"wcp-light-box\" data-buttons='[\"close\"]' data-wpc_url='https:\/\/www.aarquiteta.com.br\/blog\/wp-content\/uploads\/2024\/01\/transformei-sala-estar-refugio-aconchegante02.jpg' href=\"https:\/\/www.aarquiteta.com.br\/blog\/wp-content\/uploads\/2024\/01\/transformei-sala-estar-refugio-aconchegante02.jpg\" data-fancybox=\"wpcp_view\">\n\t\t<figure>\n\t\t\t<img decoding=\"async\" class=\"skip-lazy\" src=\"https:\/\/www.aarquiteta.com.br\/blog\/wp-content\/uploads\/2024\/01\/transformei-sala-estar-refugio-aconchegante02.jpg\" alt=\"transformei-sala-estar-refugio-aconchegante\" width=\"1024\" height=\"1024\" title=\"\">\t\t<\/figure>\n\t<\/a>\n\t\t<\/div>\n<\/div>\n\t<div class=\"swiper-slide\">\n\t<div class=\"wpcp-single-item\">\n\t\t\t<a class=\"wcp-light-box\" data-buttons='[\"close\"]' data-wpc_url='https:\/\/www.aarquiteta.com.br\/blog\/wp-content\/uploads\/2023\/12\/plantas-na-sala-de-estar02.jpg' href=\"https:\/\/www.aarquiteta.com.br\/blog\/wp-content\/uploads\/2023\/12\/plantas-na-sala-de-estar02.jpg\" data-fancybox=\"wpcp_view\">\n\t\t<figure>\n\t\t\t<img decoding=\"async\" class=\"skip-lazy\" src=\"https:\/\/www.aarquiteta.com.br\/blog\/wp-content\/uploads\/2023\/12\/plantas-na-sala-de-estar02.jpg\" alt=\"plantas na sala de estar\" width=\"1024\" height=\"1024\" title=\"\">\t\t<\/figure>\n\t<\/a>\n\t\t<\/div>\n<\/div>\n\t<div class=\"swiper-slide\">\n\t<div class=\"wpcp-single-item\">\n\t\t\t<a class=\"wcp-light-box\" data-buttons='[\"close\"]' data-wpc_url='https:\/\/www.aarquiteta.com.br\/blog\/wp-content\/uploads\/2023\/12\/Elementos-em-Espacos-Modernos-da-Sala-de-Estar-e-Jantar-1.jpg' href=\"https:\/\/www.aarquiteta.com.br\/blog\/wp-content\/uploads\/2023\/12\/Elementos-em-Espacos-Modernos-da-Sala-de-Estar-e-Jantar-1.jpg\" data-fancybox=\"wpcp_view\">\n\t\t<figure>\n\t\t\t<img decoding=\"async\" class=\"skip-lazy\" src=\"https:\/\/www.aarquiteta.com.br\/blog\/wp-content\/uploads\/2023\/12\/Elementos-em-Espacos-Modernos-da-Sala-de-Estar-e-Jantar-1.jpg\" alt=\"Elementos em Espa\u00e7os Modernos da Sala de Estar e Jantar\" width=\"1024\" height=\"1024\" title=\"\">\t\t<\/figure>\n\t<\/a>\n\t\t<\/div>\n<\/div>\n\t<div class=\"swiper-slide\">\n\t<div class=\"wpcp-single-item\">\n\t\t\t<a class=\"wcp-light-box\" data-buttons='[\"close\"]' data-wpc_url='https:\/\/www.aarquiteta.com.br\/blog\/wp-content\/uploads\/2023\/11\/sala-de-estar-sofisticada02.jpg' href=\"https:\/\/www.aarquiteta.com.br\/blog\/wp-content\/uploads\/2023\/11\/sala-de-estar-sofisticada02.jpg\" data-fancybox=\"wpcp_view\">\n\t\t<figure>\n\t\t\t<img decoding=\"async\" class=\"skip-lazy\" src=\"https:\/\/www.aarquiteta.com.br\/blog\/wp-content\/uploads\/2023\/11\/sala-de-estar-sofisticada02.jpg\" alt=\"sala de estar sofisticada\" width=\"1024\" height=\"1024\" title=\"\">\t\t<\/figure>\n\t<\/a>\n\t\t<\/div>\n<\/div>\n\t<div class=\"swiper-slide\">\n\t<div class=\"wpcp-single-item\">\n\t\t\t<a class=\"wcp-light-box\" data-buttons='[\"close\"]' data-wpc_url='https:\/\/www.aarquiteta.com.br\/blog\/wp-content\/uploads\/2023\/11\/5-dicas-para-uma-mini-sala-de-estar-planejada04.jpg' href=\"https:\/\/www.aarquiteta.com.br\/blog\/wp-content\/uploads\/2023\/11\/5-dicas-para-uma-mini-sala-de-estar-planejada04.jpg\" data-fancybox=\"wpcp_view\">\n\t\t<figure>\n\t\t\t<img decoding=\"async\" class=\"skip-lazy\" src=\"https:\/\/www.aarquiteta.com.br\/blog\/wp-content\/uploads\/2023\/11\/5-dicas-para-uma-mini-sala-de-estar-planejada04.jpg\" alt=\"5 dicas para uma mini sala de estar planejada\" width=\"1024\" height=\"1024\" title=\"\">\t\t<\/figure>\n\t<\/a>\n\t\t<\/div>\n<\/div>\n\t<div class=\"swiper-slide\">\n\t<div class=\"wpcp-single-item\">\n\t\t\t<a class=\"wcp-light-box\" data-buttons='[\"close\"]' data-wpc_url='https:\/\/www.aarquiteta.com.br\/blog\/wp-content\/uploads\/2023\/11\/sala-de-estar-sofisticada04.jpg' href=\"https:\/\/www.aarquiteta.com.br\/blog\/wp-content\/uploads\/2023\/11\/sala-de-estar-sofisticada04.jpg\" data-fancybox=\"wpcp_view\">\n\t\t<figure>\n\t\t\t<img decoding=\"async\" class=\"skip-lazy\" src=\"https:\/\/www.aarquiteta.com.br\/blog\/wp-content\/uploads\/2023\/11\/sala-de-estar-sofisticada04.jpg\" alt=\"sala de estar sofisticada\" width=\"1024\" height=\"1024\" title=\"\">\t\t<\/figure>\n\t<\/a>\n\t\t<\/div>\n<\/div>\n\t<div class=\"swiper-slide\">\n\t<div class=\"wpcp-single-item\">\n\t\t\t<a class=\"wcp-light-box\" data-buttons='[\"close\"]' data-wpc_url='https:\/\/www.aarquiteta.com.br\/blog\/wp-content\/uploads\/2023\/11\/sala-de-estar-sofisticada03.jpg' href=\"https:\/\/www.aarquiteta.com.br\/blog\/wp-content\/uploads\/2023\/11\/sala-de-estar-sofisticada03.jpg\" data-fancybox=\"wpcp_view\">\n\t\t<figure>\n\t\t\t<img decoding=\"async\" class=\"skip-lazy\" src=\"https:\/\/www.aarquiteta.com.br\/blog\/wp-content\/uploads\/2023\/11\/sala-de-estar-sofisticada03.jpg\" alt=\"sala de estar sofisticada\" width=\"1024\" height=\"1024\" title=\"\">\t\t<\/figure>\n\t<\/a>\n\t\t<\/div>\n<\/div>\n\t<div class=\"swiper-slide\">\n\t<div class=\"wpcp-single-item\">\n\t\t\t<a class=\"wcp-light-box\" data-buttons='[\"close\"]' data-wpc_url='https:\/\/www.aarquiteta.com.br\/blog\/wp-content\/uploads\/2023\/11\/sala-de-estar-sofisticada04.jpg' href=\"https:\/\/www.aarquiteta.com.br\/blog\/wp-content\/uploads\/2023\/11\/sala-de-estar-sofisticada04.jpg\" data-fancybox=\"wpcp_view\">\n\t\t<figure>\n\t\t\t<img decoding=\"async\" class=\"skip-lazy\" src=\"https:\/\/www.aarquiteta.com.br\/blog\/wp-content\/uploads\/2023\/11\/sala-de-estar-sofisticada04.jpg\" alt=\"sala de estar sofisticada\" width=\"1024\" height=\"1024\" title=\"\">\t\t<\/figure>\n\t<\/a>\n\t\t<\/div>\n<\/div>\n\t<div class=\"swiper-slide\">\n\t<div class=\"wpcp-single-item\">\n\t\t\t<a class=\"wcp-light-box\" data-buttons='[\"close\"]' data-wpc_url='https:\/\/www.aarquiteta.com.br\/blog\/wp-content\/uploads\/2023\/10\/ideias-de-decoracao-para-sala-04.jpg' href=\"https:\/\/www.aarquiteta.com.br\/blog\/wp-content\/uploads\/2023\/10\/ideias-de-decoracao-para-sala-04.jpg\" data-fancybox=\"wpcp_view\">\n\t\t<figure>\n\t\t\t<img decoding=\"async\" class=\"skip-lazy\" src=\"https:\/\/www.aarquiteta.com.br\/blog\/wp-content\/uploads\/2023\/10\/ideias-de-decoracao-para-sala-04.jpg\" alt=\"Ideias e sugest\u00f5es para decora\u00e7\u00e3o de salas de estar\" width=\"1024\" height=\"1024\" title=\"\">\t\t<\/figure>\n\t<\/a>\n\t\t<\/div>\n<\/div>\n\t<div class=\"swiper-slide\">\n\t<div class=\"wpcp-single-item\">\n\t\t\t<a class=\"wcp-light-box\" data-buttons='[\"close\"]' data-wpc_url='https:\/\/www.aarquiteta.com.br\/blog\/wp-content\/uploads\/2023\/07\/espelhos-decorativos-2.png' href=\"https:\/\/www.aarquiteta.com.br\/blog\/wp-content\/uploads\/2023\/07\/espelhos-decorativos-2.png\" data-fancybox=\"wpcp_view\">\n\t\t<figure>\n\t\t\t<img decoding=\"async\" class=\"skip-lazy\" src=\"https:\/\/www.aarquiteta.com.br\/blog\/wp-content\/uploads\/2023\/07\/espelhos-decorativos-2.png\" alt=\"Reflexos de Beleza: Espelhos Decorativos que Transformam sua Sala de Estar!\" width=\"1024\" height=\"1024\" title=\"\">\t\t<\/figure>\n\t<\/a>\n\t\t<\/div>\n<\/div>\n\t<div class=\"swiper-slide\">\n\t<div class=\"wpcp-single-item\">\n\t\t\t<a class=\"wcp-light-box\" data-buttons='[\"close\"]' data-wpc_url='https:\/\/www.aarquiteta.com.br\/blog\/wp-content\/uploads\/2023\/07\/Decoracao-eficiente-dicas-para-maximizar-o-espaco-e-economizar-dinheiro.png' href=\"https:\/\/www.aarquiteta.com.br\/blog\/wp-content\/uploads\/2023\/07\/Decoracao-eficiente-dicas-para-maximizar-o-espaco-e-economizar-dinheiro.png\" data-fancybox=\"wpcp_view\">\n\t\t<figure>\n\t\t\t<img decoding=\"async\" class=\"skip-lazy\" src=\"https:\/\/www.aarquiteta.com.br\/blog\/wp-content\/uploads\/2023\/07\/Decoracao-eficiente-dicas-para-maximizar-o-espaco-e-economizar-dinheiro.png\" alt=\"Transforme sua Sala de Estar com Esses Projetos DIY\" width=\"1024\" height=\"1024\" title=\"\">\t\t<\/figure>\n\t<\/a>\n\t\t<\/div>\n<\/div>\n\t\t\t<\/div>\n\t\t\t\t\t<div class=\"wpcp-swiper-dots swiper-pagination\"><\/div>\n\t\t\t\t<!-- If we need navigation buttons -->\n\t\t\t<\/div>\n\t<\/div>\n<\/div>\n\n<p>As plantas e flores s\u00e3o <b>um toque natural imprescind\u00edvel<\/b> para qualquer \u00e1rea externa. Al\u00e9m de embelezar, elas <strong>trazem vida e frescor<\/strong> aos corredores. Experimente com vasos suspensos, jardineiras verticais ou at\u00e9 mesmo canteiros ao longo das paredes para criar um visual vibrante e acolhedor.<\/p>\n<h3>4. M\u00f3veis e acess\u00f3rios<\/h3>\n<p>Adicionar m\u00f3veis e acess\u00f3rios \u00e9 uma forma eficaz de <b>tornar os corredores externos mais funcionais e convidativos<\/b>. Bancos, mesas laterais e at\u00e9 mesmo cadeiras de balan\u00e7o podem criar <strong>\u00e1reas de descanso atraentes<\/strong>, enquanto vasos decorativos, espelhos e est\u00e1tuas podem adicionar um toque de personalidade.<\/p>\n<h3>5. Paredes decoradas<\/h3>\n<figure style=\"width: 1024px\" class=\"wp-caption aligncenter\"><img decoding=\"async\" src=\"https:\/\/www.aarquiteta.com.br\/blog\/wp-content\/uploads\/2024\/03\/dicas-para-decoracao-para-corredores-externos-de-casa02.jpg\" alt=\"dicas para decora\u00e7\u00e3o para corredores externos de casa\" width=\"1024\" height=\"1024\" title=\"\"><figcaption class=\"wp-caption-text\">dicas para decora\u00e7\u00e3o para corredores externos de casa<\/figcaption><\/figure>\n<p>As paredes dos corredores externos n\u00e3o devem ser negligenciadas. <b>Considere pint\u00e1-las com cores vibrantes<\/b> ou adicionar elementos decorativos, como pain\u00e9is de azulejos, murais ou at\u00e9 mesmo prateleiras para exibir plantas ou objetos decorativos. Isso <strong>criar\u00e1 uma sensa\u00e7\u00e3o de profundidade e interesse visual<\/strong>.<\/p>\n<h3>6. Tapetes e passadeiras<\/h3>\n<p>Tapetes e passadeiras s\u00e3o uma adi\u00e7\u00e3o pr\u00e1tica e estilosa aos corredores externos. Eles <b>n\u00e3o apenas definem a \u00e1rea<\/b>, mas tamb\u00e9m <strong>adicionam textura, cor e conforto<\/strong> ao ambiente. Escolha designs resistentes \u00e0s intemp\u00e9ries e que combinem com o restante da decora\u00e7\u00e3o.<\/p>\n<h3>7. Crie um cantinho de descanso<\/h3>\n<figure style=\"width: 1024px\" class=\"wp-caption aligncenter\"><img decoding=\"async\" src=\"https:\/\/www.aarquiteta.com.br\/blog\/wp-content\/uploads\/2024\/03\/dicas-para-decoracao-para-corredores-externos-de-casa01.jpg\" alt=\"dicas para decora\u00e7\u00e3o para corredores externos de casa\" width=\"1024\" height=\"1024\" title=\"\"><figcaption class=\"wp-caption-text\">dicas para decora\u00e7\u00e3o para corredores externos de casa<\/figcaption><\/figure>\n<p>Transforme um canto do corredor externo em <b>um o\u00e1sis de tranquilidade<\/b>. Adicione um conjunto de m\u00f3veis confort\u00e1veis, como cadeiras ou uma pequena mesa, e <strong>crie uma \u00e1rea acolhedora para relaxar<\/strong> enquanto aprecia o ar fresco.<\/p>\n<h3>8. Utilize elementos verticais<\/h3>\n<p>Para <b>adicionar profundidade e interesse visual<\/b>, considere incorporar elementos verticais, como p\u00e9rgulas, treli\u00e7as ou at\u00e9 mesmo paredes divis\u00f3rias decorativas. Eles <strong>trazem textura e estrutura<\/strong>, al\u00e9m de serem \u00f3timos para plantas trepadeiras.<\/p>\n<h3>9. Cores e estampas<\/h3>\n<figure style=\"width: 1024px\" class=\"wp-caption aligncenter\"><img decoding=\"async\" src=\"https:\/\/www.aarquiteta.com.br\/blog\/wp-content\/uploads\/2024\/03\/dicas-para-decoracao-para-corredores-externos-de-casa03.jpg\" alt=\"dicas para decora\u00e7\u00e3o para corredores externos de casa\" width=\"1024\" height=\"1024\" title=\"\"><figcaption class=\"wp-caption-text\">dicas para decora\u00e7\u00e3o para corredores externos de casa<\/figcaption><\/figure>\n<p>N\u00e3o tenha medo de <b>ser ousado com cores e estampas<\/b> na decora\u00e7\u00e3o dos corredores externos. Combine tons vibrantes com neutros para criar <strong>um visual equilibrado e envolvente<\/strong>. Experimente com azulejos decorativos, almofadas coloridas ou at\u00e9 mesmo pain\u00e9is de madeira pintados para adicionar personalidade.<\/p>\n<h3>10. Aproveite a arquitetura do espa\u00e7o<\/h3>\n<p>Ao decorar corredores externos, <b>\u00e9 importante trabalhar com a arquitetura existente<\/b>. Observe as linhas, formas e espa\u00e7os dispon\u00edveis e <strong>permita que eles guiem suas escolhas de decora\u00e7\u00e3o<\/strong>, criando uma harmonia visual.<\/p>\n<h3>11. Adicione elementos de \u00e1gua<\/h3>\n<p><div class=\"youtube-embed\" data-video_id=\"9SB5x9ceJUs\"><iframe title=\"DICAS SIMPLES PARA UM CORREDOR CHIQUE DA SUA CASA\" width=\"696\" height=\"392\" src=\"https:\/\/www.youtube.com\/embed\/9SB5x9ceJUs?feature=oembed&#038;enablejsapi=1\" frameborder=\"0\" allow=\"accelerometer; autoplay; clipboard-write; encrypted-media; gyroscope; picture-in-picture; web-share\" referrerpolicy=\"strict-origin-when-cross-origin\" allowfullscreen><\/iframe><\/div>\n<\/p>\n<p>Nada \u00e9 mais relaxante do que <b>o som suave de \u00e1gua corrente<\/b>. Considere instalar uma pequena fonte ou cascata em seus corredores externos para <strong>criar uma atmosfera serena e rejuvenescedora<\/strong>.<\/p>\n<h3>12. Manuten\u00e7\u00e3o e limpeza<\/h3>\n<p>Para manter a beleza dos corredores externos, <b>\u00e9 essencial realizar uma manuten\u00e7\u00e3o regular<\/b>. Limpe os pisos, remova folhas ca\u00eddas e podas as plantas quando necess\u00e1rio. Al\u00e9m disso, <strong>verifique se todos os acess\u00f3rios e m\u00f3veis est\u00e3o em boas condi\u00e7\u00f5es<\/strong>, substituindo-os quando necess\u00e1rio.<\/p>\n<h2>Conclus\u00e3o<\/h2>\n<p>A decora\u00e7\u00e3o dos corredores externos \u00e9 uma oportunidade para <b>expressar sua criatividade e estilo pessoal<\/b>, transformando esses espa\u00e7os em verdadeiras extens\u00f5es de sua casa. Com as dicas fornecidas neste artigo, voc\u00ea pode criar <strong>ambientes acolhedores, funcionais e visualmente deslumbrantes<\/strong> que aumentar\u00e3o o charme geral de sua propriedade.<\/p>\n<p>Curiosidade: Sabia que os corredores externos decorados de forma atraente podem <b>aumentar o valor de revenda<\/b> de sua casa? Um estudo recente mostrou que compradores est\u00e3o dispostos a pagar mais por uma propriedade com \u00e1reas externas bem projetadas e decoradas.<\/p>\n<h2>Perguntas Frequentes<\/h2>\n<h3>1. Como escolher o piso ideal para um corredor externo?<\/h3>\n<p>Ao escolher o piso para um corredor externo, <b>leve em considera\u00e7\u00e3o a durabilidade, resist\u00eancia a intemp\u00e9ries e seguran\u00e7a antiderrapante<\/b>. Materiais como pedras naturais, tijoletas r\u00fasticas ou cimentados texturizados s\u00e3o excelentes op\u00e7\u00f5es. Al\u00e9m disso, <strong>considere o estilo geral da sua casa e escolha um piso que complemente sua arquitetura<\/strong>.<\/p>\n<h3>2. Qual a import\u00e2ncia da ilumina\u00e7\u00e3o na decora\u00e7\u00e3o de corredores externos?<\/h3>\n<p>A ilumina\u00e7\u00e3o adequada \u00e9 fundamental para <b>criar uma atmosfera acolhedora e segura<\/b> nos corredores externos. Al\u00e9m de <strong>real\u00e7ar os detalhes decorativos e destacar as \u00e1reas de interesse<\/strong>, uma boa ilumina\u00e7\u00e3o tamb\u00e9m aumenta a seguran\u00e7a, evitando acidentes durante a noite.<\/p>\n<h3>3. Quais s\u00e3o os cuidados necess\u00e1rios para manter a decora\u00e7\u00e3o do corredor externo sempre bonita?<\/h3>\n<p>Para manter a beleza dos corredores externos, <b>\u00e9 essencial realizar uma manuten\u00e7\u00e3o regular<\/b>. Limpe os pisos, remova folhas ca\u00eddas e podas as plantas quando necess\u00e1rio. Al\u00e9m disso, <strong>verifique se todos os acess\u00f3rios e m\u00f3veis est\u00e3o em boas condi\u00e7\u00f5es, substituindo-os quando necess\u00e1rio<\/strong>. Uma limpeza peri\u00f3dica e reparos pontuais manter\u00e3o seus corredores externos sempre impec\u00e1veis.<\/p>\n","protected":false},"excerpt":{"rendered":"<p>dicas para decora\u00e7\u00e3o para corredores externos de casa<\/p>\n","protected":false},"author":102,"featured_media":109476,"comment_status":"closed","ping_status":"closed","sticky":false,"template":"","format":"standard","meta":{"footnotes":""},"categories":[1484],"tags":[],"class_list":["post-109479","post","type-post","status-publish","format-standard","has-post-thumbnail","category-decoracao"],"_wp_attached_file":null,"_wp_attachment_metadata":null,"_wp_attachment_context":null,"_wp_attachment_is_custom_header":null,"geo_longitude":null,"geo_public":null,"geo_latitude":null,"_publicize_done_external":null,"_wpas_done_3897181":null,"publicize_twitter_user":null,"_wpas_done_3897175":null,"_wpas_skip_3897181":null,"_wpas_skip_3897175":null,"_wpas_skip_3924723":null,"_wpas_mess":null,"_wpas_done_3924723":null,"wps_subtitle":"","_links":{"self":[{"href":"https:\/\/www.aarquiteta.com.br\/blog\/wp-json\/wp\/v2\/posts\/109479","targetHints":{"allow":["GET"]}}],"collection":[{"href":"https:\/\/www.aarquiteta.com.br\/blog\/wp-json\/wp\/v2\/posts"}],"about":[{"href":"https:\/\/www.aarquiteta.com.br\/blog\/wp-json\/wp\/v2\/types\/post"}],"author":[{"embeddable":true,"href":"https:\/\/www.aarquiteta.com.br\/blog\/wp-json\/wp\/v2\/users\/102"}],"replies":[{"embeddable":true,"href":"https:\/\/www.aarquiteta.com.br\/blog\/wp-json\/wp\/v2\/comments?post=109479"}],"version-history":[{"count":0,"href":"https:\/\/www.aarquiteta.com.br\/blog\/wp-json\/wp\/v2\/posts\/109479\/revisions"}],"wp:featuredmedia":[{"embeddable":true,"href":"https:\/\/www.aarquiteta.com.br\/blog\/wp-json\/wp\/v2\/media\/109476"}],"wp:attachment":[{"href":"https:\/\/www.aarquiteta.com.br\/blog\/wp-json\/wp\/v2\/media?parent=109479"}],"wp:term":[{"taxonomy":"category","embeddable":true,"href":"https:\/\/www.aarquiteta.com.br\/blog\/wp-json\/wp\/v2\/categories?post=109479"},{"taxonomy":"post_tag","embeddable":true,"href":"https:\/\/www.aarquiteta.com.br\/blog\/wp-json\/wp\/v2\/tags?post=109479"}],"curies":[{"name":"wp","href":"https:\/\/api.w.org\/{rel}","templated":true}]}}