{"id":10937,"date":"2022-05-14T17:00:42","date_gmt":"2022-05-14T20:00:42","guid":{"rendered":"http:\/\/aarquiteta.com.br\/?p=10937"},"modified":"2024-09-04T17:15:07","modified_gmt":"2024-09-04T20:15:07","slug":"decoracao-de-ambientes","status":"publish","type":"post","link":"https:\/\/www.aarquiteta.com.br\/blog\/decoracao-de-ambientes\/","title":{"rendered":"Decora\u00e7\u00e3o de Ambientes &#8211; Confira as melhores t\u00e9cnicas para aplicar hoje!"},"content":{"rendered":"<p><img decoding=\"async\" class=\"aligncenter wp-image-10946 size-full\" title=\"Decora\u00e7\u00e3o de Ambientes - Confira as melhores t\u00e9cnicas para aplicar hoje!\" src=\"https:\/\/www.aarquiteta.com.br\/blog\/wp-content\/uploads\/2017\/08\/dicas-de-decoracao.png\" alt=\"Decora\u00e7\u00e3o de Ambientes - Confira as melhores t\u00e9cnicas para aplicar hoje!\" width=\"730\" height=\"515\" srcset=\"https:\/\/www.aarquiteta.com.br\/blog\/wp-content\/uploads\/2017\/08\/dicas-de-decoracao.png 730w, https:\/\/www.aarquiteta.com.br\/blog\/wp-content\/uploads\/2017\/08\/dicas-de-decoracao-696x491.png 696w, https:\/\/www.aarquiteta.com.br\/blog\/wp-content\/uploads\/2017\/08\/dicas-de-decoracao-150x106.png 150w\" sizes=\"(max-width: 730px) 100vw, 730px\" \/><\/p><p>Neste artigo voc\u00ea confere 7 dicas de decora\u00e7\u00e3o para arquitetos que desejam decorar ambientes.<\/p><p>A decora\u00e7\u00e3o tamb\u00e9m \u00e9 uma fun\u00e7\u00e3o dos arquitetos, al\u00e9m da parte de projetar um edif\u00edcio ou resid\u00eancia.<\/p><p>Esse lado arquitet\u00f4nico \u00e9 muito apreciado, por trazer n\u00e3o s\u00f3 conforto ao ambiente, mas tamb\u00e9m otimizar espa\u00e7os e dar um ar mais aprimorado, entre outros pontos que s\u00e3o bem vistos.<\/p><h2>Decora\u00e7\u00e3o de Ambientes \u2014 Confira as melhores t\u00e9cnicas para aplicar hoje!<\/h2><p>Quem mora em <a href=\"https:\/\/www.aarquiteta.com.br\/blog\/?s=APARTAMENTO\">apartamento<\/a>, por exemplo, precisa ao m\u00e1ximo aproveitar o espa\u00e7o deste para se tornar um lugar aconchegante, at\u00e9 porque os im\u00f3veis est\u00e3o diminuindo cada vez mais com o passar dos anos.<\/p><p>As casas tamb\u00e9m precisam desse toque, assim como escrit\u00f3rios e outros ambientes, afinal eles trazem uma identidade e d\u00e3o charme, tornando a presen\u00e7a ali agrad\u00e1vel.<\/p><p>At\u00e9 a forma de usar as cores \u00e9 estudada pelos arquitetos, visto que os tons usados provocam sensa\u00e7\u00f5es nos seres humanos.<\/p><p>O azul, por exemplo, consegue trazer leveza e calma.<\/p><p>Cada arquiteto tem seu pr\u00f3prio estilo para a decora\u00e7\u00e3o, mas eles acabam entregando projetos conforme as prefer\u00eancias e necessidades que o cliente apresenta, considerando o espa\u00e7o a ser decorado tamb\u00e9m.<\/p><p>Para te deixar um pouco mais a par desse assunto, listamos 7 dicas sobre decora\u00e7\u00e3o que ser\u00e3o bastante uteis para quem quer dar um charme a mais a um ambiente.<\/p><p>Est\u00e1 interessado?\u00a0Ent\u00e3o acompanhe.<\/p><h6><em>\u261e Financiamento Imobili\u00e1rio:<\/em><\/h6><p><em>Casa, apartamento, novo ou usado, a <a href=\"https:\/\/www.caixa.gov.br\/Paginas\/home-caixa.aspx\" target=\"_blank\" rel=\"noopener\">Caixa Econ\u00f4mica<\/a> tem a <strong>linha de cr\u00e9dito<\/strong> ideal para voc\u00ea!\u00a0\u00a0<\/em><em>O Sonho da casa pr\u00f3pria pode estar mais perto de se tornar realidade do que voc\u00ea imagina:<\/em><\/p><figure id=\"attachment_53083\" aria-describedby=\"caption-attachment-53083\" style=\"width: 1920px\" class=\"wp-caption aligncenter\"><a href=\"https:\/\/www.aarquiteta.com.br\/blog\/financiamento-imobiliario-caixa-economica\/\" target=\"_blank\" rel=\"noopener\"><img decoding=\"async\" class=\"wp-image-53083 size-full\" title=\"Financiamento de Im\u00f3vel - Financie sua casa pela Caixa Econ\u00f4mica!\" src=\"https:\/\/www.aarquiteta.com.br\/blog\/wp-content\/uploads\/2022\/04\/financiamento-mobiliario-caixa-economica.jpg\" alt=\"Financiamento de Im\u00f3vel - Financie sua casa pela Caixa Econ\u00f4mica!\" width=\"1920\" height=\"1080\" srcset=\"https:\/\/www.aarquiteta.com.br\/blog\/wp-content\/uploads\/2022\/04\/financiamento-mobiliario-caixa-economica.jpg 1920w, https:\/\/www.aarquiteta.com.br\/blog\/wp-content\/uploads\/2022\/04\/financiamento-mobiliario-caixa-economica-1024x576.jpg 1024w, https:\/\/www.aarquiteta.com.br\/blog\/wp-content\/uploads\/2022\/04\/financiamento-mobiliario-caixa-economica-696x392.jpg 696w, https:\/\/www.aarquiteta.com.br\/blog\/wp-content\/uploads\/2022\/04\/financiamento-mobiliario-caixa-economica-150x84.jpg 150w\" sizes=\"(max-width: 1920px) 100vw, 1920px\" \/><\/a><figcaption id=\"caption-attachment-53083\" class=\"wp-caption-text\"><a href=\"https:\/\/www.aarquiteta.com.br\/blog\/financiamento-imobiliario-caixa-economica\/\" target=\"_blank\" rel=\"noopener\">Financie sua casa pela Caixa Econ\u00f4mica! Clique aqui e veja como \u00e9 f\u00e1cil!<\/a><\/figcaption><\/figure><h3>1 \u2014 Marcenaria pode fazer toda a diferen\u00e7a<\/h3><figure id=\"attachment_42395\" aria-describedby=\"caption-attachment-42395\" style=\"width: 700px\" class=\"wp-caption aligncenter\"><img decoding=\"async\" class=\"wp-image-42395 size-full\" title=\"Decora\u00e7\u00e3o de Ambientes - Confira as melhores t\u00e9cnicas para aplicar hoje!\" src=\"https:\/\/www.aarquiteta.com.br\/blog\/wp-content\/uploads\/2022\/02\/Dicas-de-decoracao-de-aparador-buffet1.png\" alt=\"Decora\u00e7\u00e3o de Ambientes - Confira as melhores t\u00e9cnicas para aplicar hoje!\" width=\"700\" height=\"400\" srcset=\"https:\/\/www.aarquiteta.com.br\/blog\/wp-content\/uploads\/2022\/02\/Dicas-de-decoracao-de-aparador-buffet1.png 700w, https:\/\/www.aarquiteta.com.br\/blog\/wp-content\/uploads\/2022\/02\/Dicas-de-decoracao-de-aparador-buffet1-696x398.png 696w, https:\/\/www.aarquiteta.com.br\/blog\/wp-content\/uploads\/2022\/02\/Dicas-de-decoracao-de-aparador-buffet1-150x86.png 150w\" sizes=\"(max-width: 700px) 100vw, 700px\" \/><figcaption id=\"caption-attachment-42395\" class=\"wp-caption-text\">Decora\u00e7\u00e3o de Ambientes &#8211; Confira as melhores t\u00e9cnicas para aplicar hoje!<\/figcaption><\/figure><p>Utilizando novamente o exemplo dos apartamentos, com ambientes e espa\u00e7os menores que uma resid\u00eancia, a marcenaria consegue aproveitar cada cent\u00edmetro presente ali, uma das principais vantagens.<\/p><p>Basta observar os guarda-roupas, por exemplo, nas lojas, que costumam ser maiores que o quarto consegue comportar, o mesmo vale aos m\u00f3veis da <a href=\"https:\/\/www.aarquiteta.com.br\/blog\/decoracao\/ambientes-na-decoracao\/decoracao-de-cozinha\/\">cozinha<\/a>.<\/p><p>Os projetos de marcenaria s\u00e3o montados segundo a medida e espa\u00e7o que o ambiente prop\u00f5e, chamados m\u00f3veis planejados por conta disso.<\/p><p>Fora isso, materiais como o MDF s\u00e3o mais resistentes at\u00e9 mesmo a \u00e1gua, o que garante uma qualidade maior ao cliente.<\/p><h3>2 \u2014 Ilumina\u00e7\u00e3o ajuda a aproveitar espa\u00e7os.<\/h3><figure id=\"attachment_35506\" aria-describedby=\"caption-attachment-35506\" style=\"width: 750px\" class=\"wp-caption aligncenter\"><a href=\"https:\/\/www.aarquiteta.com.br\/blog\/wp-content\/uploads\/2017\/08\/Quarto-filho.jpg\"><img decoding=\"async\" class=\"wp-image-35506 size-full\" title=\"Decora\u00e7\u00e3o de Ambientes - Confira as melhores t\u00e9cnicas para aplicar hoje!\" src=\"https:\/\/www.aarquiteta.com.br\/blog\/wp-content\/uploads\/2017\/08\/Quarto-filho.jpg\" alt=\"Decora\u00e7\u00e3o de Ambientes - Confira as melhores t\u00e9cnicas para aplicar hoje!\" width=\"750\" height=\"741\" \/><\/a><figcaption id=\"caption-attachment-35506\" class=\"wp-caption-text\">Decora\u00e7\u00e3o de Ambientes &#8211; Confira as melhores t\u00e9cnicas para aplicar hoje! Imagem : Pinterest<\/figcaption><\/figure><p>O espa\u00e7o pode ser muito bem aproveitado com m\u00f3veis adequados, mas a <a href=\"https:\/\/www.aarquiteta.com.br\/blog\/?s=ILUMINA%C3%87%C3%83O\">ilumina\u00e7\u00e3o<\/a> tamb\u00e9m ajuda nisso.<\/p><p>Se for usada corretamente, ela consegue trazer profundidade ao ambiente, dando a impress\u00e3o que ele \u00e9 maior, por exemplo.<\/p><p>Tanto \u00e9 que a luz se torna um fator crucial para o bom uso a espa\u00e7os limitados, incluindo aquela sendo natural, a melhor op\u00e7\u00e3o para esses casos.<\/p><p>No entanto, alguns espa\u00e7os n\u00e3o conseguem aproveitar a ilumina\u00e7\u00e3o natural, ent\u00e3o utilizar a luz artificialmente tamb\u00e9m \u00e9 indicado, que d\u00e1 ainda um toque mais sofisticado ao espa\u00e7o.<\/p><p>Focos de luz conseguem destacar objetivos e at\u00e9 mesmo espa\u00e7os, ajudando em sua distribui\u00e7\u00e3o.<\/p><h3>3 \u2014 Espelhos s\u00e3o excelentes para aumentar o ambiente.<\/h3><figure id=\"attachment_35508\" aria-describedby=\"caption-attachment-35508\" style=\"width: 426px\" class=\"wp-caption aligncenter\"><a href=\"https:\/\/www.aarquiteta.com.br\/blog\/wp-content\/uploads\/2017\/08\/Sala-de-Jantar.jpg\"><img decoding=\"async\" class=\"wp-image-35508 size-full\" title=\"Decora\u00e7\u00e3o de Ambientes - Confira as melhores t\u00e9cnicas para aplicar hoje! \" src=\"https:\/\/www.aarquiteta.com.br\/blog\/wp-content\/uploads\/2017\/08\/Sala-de-Jantar.jpg\" alt=\"Decora\u00e7\u00e3o de Ambientes - Confira as melhores t\u00e9cnicas para aplicar hoje!\" width=\"426\" height=\"640\" srcset=\"https:\/\/www.aarquiteta.com.br\/blog\/wp-content\/uploads\/2017\/08\/Sala-de-Jantar.jpg 426w, https:\/\/www.aarquiteta.com.br\/blog\/wp-content\/uploads\/2017\/08\/Sala-de-Jantar-150x225.jpg 150w\" sizes=\"(max-width: 426px) 100vw, 426px\" \/><\/a><figcaption id=\"caption-attachment-35508\" class=\"wp-caption-text\">Decora\u00e7\u00e3o de Ambientes &#8211; Confira as melhores t\u00e9cnicas para aplicar hoje! Imagem : Pinterest<\/figcaption><\/figure><p>O uso de espelhos \u00e9 um truque bastante presente na decora\u00e7\u00e3o, principalmente a ambiente pequenos.<\/p><p>Eles empregam a sensa\u00e7\u00e3o de amplitude e tamb\u00e9m trazem isso n\u00e3o apenas ao espa\u00e7o, mas tamb\u00e9m a objetos espec\u00edficos usados no decor.<\/p><p>O <a href=\"https:\/\/www.aarquiteta.com.br\/blog\/?s=TAPETE\">tapete<\/a> \u00e9 quem mais se beneficia nisso.<\/p><p>Se ele for grande e retangular e tiver um espelho corretamente direcionado a ele, trar\u00e1 tamb\u00e9m a sensa\u00e7\u00e3o de amplitude.<\/p><p>Aqueles com estampas quadriculadas, por exemplo, ainda d\u00e3o a ilus\u00e3o de que o ambiente \u00e9 maior.<\/p><h2>Decora\u00e7\u00e3o de Ambientes \u2014 Confira as melhores t\u00e9cnicas para aplicar hoje!<\/h2><p><iframe title=\"Decore f\u00e1cil: O que \u00e9 decora\u00e7\u00e3o de ambientes?\" width=\"696\" height=\"392\" src=\"https:\/\/www.youtube.com\/embed\/9PjhGXgCGLU?feature=oembed\" frameborder=\"0\" allow=\"accelerometer; autoplay; clipboard-write; encrypted-media; gyroscope; picture-in-picture; web-share\" allowfullscreen><\/iframe><\/p><h3>4 \u2014 M\u00f3veis multifuncionais d\u00e3o um toque interessante.<\/h3><figure id=\"attachment_40561\" aria-describedby=\"caption-attachment-40561\" style=\"width: 700px\" class=\"wp-caption aligncenter\"><img decoding=\"async\" class=\"wp-image-40561 size-full\" title=\"Decora\u00e7\u00e3o de Ambientes - Confira as melhores t\u00e9cnicas para aplicar hoje!\" src=\"https:\/\/www.aarquiteta.com.br\/blog\/wp-content\/uploads\/2022\/01\/aparador-de-vidro-para-sala.jpg\" alt=\"Decora\u00e7\u00e3o de Ambientes - Confira as melhores t\u00e9cnicas para aplicar hoje!\" width=\"700\" height=\"400\" srcset=\"https:\/\/www.aarquiteta.com.br\/blog\/wp-content\/uploads\/2022\/01\/aparador-de-vidro-para-sala.jpg 700w, https:\/\/www.aarquiteta.com.br\/blog\/wp-content\/uploads\/2022\/01\/aparador-de-vidro-para-sala-696x398.jpg 696w, https:\/\/www.aarquiteta.com.br\/blog\/wp-content\/uploads\/2022\/01\/aparador-de-vidro-para-sala-150x86.jpg 150w\" sizes=\"(max-width: 700px) 100vw, 700px\" \/><figcaption id=\"caption-attachment-40561\" class=\"wp-caption-text\">Decora\u00e7\u00e3o de Ambientes &#8211; Confira as melhores t\u00e9cnicas para aplicar hoje!<\/figcaption><\/figure><p>Os m\u00f3veis no estilo multifuncionais se destacam por duas coisas: o charme que trazem a decora\u00e7\u00e3o e suas fun\u00e7\u00f5es m\u00faltiplas.<\/p><p>Principalmente a ambientes limitados, esse tipo de m\u00f3vel ajuda a comportar outros objetos que ajudam a complementar a decora\u00e7\u00e3o, depois \u00e9 s\u00f3 retir\u00e1-los quando for necess\u00e1rio, para p\u00f4r em uso.<\/p><p>\u00c9 interessante pesquisar a propor\u00e7\u00e3o dos m\u00f3veis antes.<\/p><p>Independente do espa\u00e7o a ser decorado, \u00e9 interessante que o arquiteto pesquise as propor\u00e7\u00f5es dos m\u00f3veis que ser\u00e3o colocados ali.<\/p><p>Al\u00e9m de poder utiliz\u00e1-los com melhor versatilidade, isso colabora para a otimiza\u00e7\u00e3o do ambiente, tornando o mais espa\u00e7oso se necess\u00e1rio.<\/p><p>Com isso, ele tamb\u00e9m consegue deixar o local aconchegante, com ar acolhedor e charmoso, conforme o que o ambiente comporta.<\/p><h3>5 \u2014 Aproveite espa\u00e7os verticais<\/h3><figure id=\"attachment_35511\" aria-describedby=\"caption-attachment-35511\" style=\"width: 620px\" class=\"wp-caption alignnone\"><a href=\"https:\/\/www.aarquiteta.com.br\/blog\/wp-content\/uploads\/2017\/08\/FTCMAG.png\"><img decoding=\"async\" class=\"wp-image-35511 size-full\" title=\"Decora\u00e7\u00e3o de Ambientes - Confira as melhores t\u00e9cnicas para aplicar hoje!\" src=\"https:\/\/www.aarquiteta.com.br\/blog\/wp-content\/uploads\/2017\/08\/FTCMAG.png\" alt=\"Decora\u00e7\u00e3o de Ambientes - Confira as melhores t\u00e9cnicas para aplicar hoje!\" width=\"620\" height=\"827\" srcset=\"https:\/\/www.aarquiteta.com.br\/blog\/wp-content\/uploads\/2017\/08\/FTCMAG.png 620w, https:\/\/www.aarquiteta.com.br\/blog\/wp-content\/uploads\/2017\/08\/FTCMAG-150x200.png 150w\" sizes=\"(max-width: 620px) 100vw, 620px\" \/><\/a><figcaption id=\"caption-attachment-35511\" class=\"wp-caption-text\">Decora\u00e7\u00e3o de Ambientes &#8211; Confira as melhores t\u00e9cnicas para aplicar hoje! Imagem : Pinterest<\/figcaption><\/figure><p>Por conta da altura que normalmente disp\u00f5em, eles s\u00e3o \u00f3timos para implantar v\u00e1rias formas e tornar o espa\u00e7o bem melhor aproveitado.<\/p><p>Com o uso dos espa\u00e7os verticais \u00e9 poss\u00edvel criar mezaninos e implantar estantes, por exemplo, <a href=\"https:\/\/www.aarquiteta.com.br\/blog\/?s=NICHO\">nichos<\/a> nas paredes e muito mais.<\/p><p>N\u00e3o deixe de investir nos m\u00f3veis planejados.<\/p><p>Embora os m\u00f3veis vendidos em loja sejam charmosos e elegantes, nem sempre conseguem trazer um aproveitamento como os planejados.<\/p><p>A quest\u00e3o \u00e9 \u00f3bvia, visto que eles s\u00e3o projetados conforme o que o ambiente pode comportar.<\/p><p>Para quem tem apartamento ou at\u00e9 mesmo escrit\u00f3rios, cujos espa\u00e7os s\u00e3o menores, \u00e9 a melhor forma para a decora\u00e7\u00e3o, onde \u00e9 poss\u00edvel trazer charme, conforto e tamb\u00e9m amplia\u00e7\u00e3o do ambiente de uma s\u00f3 vez.<\/p><p>Al\u00e9m disso, esse tipo de m\u00f3vel consegue trazer cores, superf\u00edcies variadas, incluindo as refletivas, texturas e ilumina\u00e7\u00e3o em muito mais op\u00e7\u00f5es que os outros m\u00f3veis j\u00e1 prontos, podendo gerar projetos mais diversificados e atendam as prefer\u00eancias do cliente.<\/p><h3>6 \u2014 Aposte nos nichos<\/h3><figure id=\"attachment_35513\" aria-describedby=\"caption-attachment-35513\" style=\"width: 721px\" class=\"wp-caption aligncenter\"><a href=\"https:\/\/www.aarquiteta.com.br\/blog\/wp-content\/uploads\/2017\/08\/nichos-sala.jpg\"><img decoding=\"async\" class=\"wp-image-35513 size-full\" title=\"Decora\u00e7\u00e3o de Ambientes - Confira as melhores t\u00e9cnicas para aplicar hoje!\" src=\"https:\/\/www.aarquiteta.com.br\/blog\/wp-content\/uploads\/2017\/08\/nichos-sala.jpg\" alt=\"Decora\u00e7\u00e3o de Ambientes - Confira as melhores t\u00e9cnicas para aplicar hoje!\" width=\"721\" height=\"1080\" srcset=\"https:\/\/www.aarquiteta.com.br\/blog\/wp-content\/uploads\/2017\/08\/nichos-sala.jpg 721w, https:\/\/www.aarquiteta.com.br\/blog\/wp-content\/uploads\/2017\/08\/nichos-sala-684x1024.jpg 684w, https:\/\/www.aarquiteta.com.br\/blog\/wp-content\/uploads\/2017\/08\/nichos-sala-696x1043.jpg 696w, https:\/\/www.aarquiteta.com.br\/blog\/wp-content\/uploads\/2017\/08\/nichos-sala-150x225.jpg 150w\" sizes=\"(max-width: 721px) 100vw, 721px\" \/><\/a><figcaption id=\"caption-attachment-35513\" class=\"wp-caption-text\">Decora\u00e7\u00e3o de Ambientes &#8211; Confira as melhores t\u00e9cnicas para aplicar hoje! Imagem: Pinterest<\/figcaption><\/figure><p>O interessante e mais marcante dos nichos \u00e9 que eles se encaixam em qualquer c\u00f4modo, inclusive no banheiro.<\/p><p>A fun\u00e7\u00e3o \u00e9, geralmente, servir como um espa\u00e7o para guardar objetos, ent\u00e3o eles podem conter livros, objetos menores de decora\u00e7\u00e3o, vasos e muito mais.<\/p><p>Al\u00e9m disso, os nichos podem ser encontrados de v\u00e1rias formas, aplicados nos m\u00f3veis ou internamente nas paredes, ainda tamb\u00e9m fora delas.<\/p><p>At\u00e9 mesmo ao guarda-roupas \u00e9 poss\u00edvel emprega-los, j\u00e1 que muitos closets de hoje s\u00e3o feitos \u00e0 base de nichos.<\/p><p>O recurso \u00e9 bastante vers\u00e1til e pode ser uma op\u00e7\u00e3o interessante para decora\u00e7\u00e3o, economizando espa\u00e7o.&gt;M\u00f3veis com arm\u00e1rios embutidos<\/p><p>Os arm\u00e1rios embutidos podem ser aplicados em diversos m\u00f3veis, trazendo tamb\u00e9m a quest\u00e3o de otimizar o espa\u00e7o, al\u00e9m de serem usados para alocar objetos diversos que, normalmente, n\u00e3o precisam ficar expostos.<\/p><p>Esse m\u00f3vel ocupa o espa\u00e7o usado de qualquer jeito, mas de um modo aproveitado.<\/p><p>Como ficam escondidos, acabam trazendo leva ao ambiente e ainda d\u00e3o um toque de ter menos arm\u00e1rios do que realmente h\u00e1 naquele lugar.<\/p><h3>7 \u2014 Pain\u00e9is e quadros multi\u00faso<\/h3><figure id=\"attachment_35514\" aria-describedby=\"caption-attachment-35514\" style=\"width: 600px\" class=\"wp-caption alignnone\"><a href=\"https:\/\/www.aarquiteta.com.br\/blog\/wp-content\/uploads\/2017\/08\/painel-mutiuso.jpg\"><img decoding=\"async\" class=\"wp-image-35514\" title=\"Decora\u00e7\u00e3o de Ambientes - Confira as melhores t\u00e9cnicas para aplicar hoje!\" src=\"https:\/\/www.aarquiteta.com.br\/blog\/wp-content\/uploads\/2017\/08\/painel-mutiuso.jpg\" alt=\"Decora\u00e7\u00e3o de Ambientes - Confira as melhores t\u00e9cnicas para aplicar hoje!\" width=\"600\" height=\"600\" srcset=\"https:\/\/www.aarquiteta.com.br\/blog\/wp-content\/uploads\/2017\/08\/painel-mutiuso.jpg 450w, https:\/\/www.aarquiteta.com.br\/blog\/wp-content\/uploads\/2017\/08\/painel-mutiuso-96x96.jpg 96w, https:\/\/www.aarquiteta.com.br\/blog\/wp-content\/uploads\/2017\/08\/painel-mutiuso-150x150.jpg 150w\" sizes=\"(max-width: 600px) 100vw, 600px\" \/><\/a><figcaption id=\"caption-attachment-35514\" class=\"wp-caption-text\">Decora\u00e7\u00e3o de Ambientes &#8211; Confira as melhores t\u00e9cnicas para aplicar hoje! Imagem : Pinterest<\/figcaption><\/figure><p>Eles trazem um efeito muito al\u00e9m do est\u00e9tico e podem ser utilizados de v\u00e1rias maneiras.<\/p><p>Essas pe\u00e7as d\u00e3o um ar mais aconchegante ao ambiente, enquanto o aproveita melhor.<\/p><p>Al\u00e9m disso, um painel multi\u00faso pode ser usado tamb\u00e9m em corredores, dando uma nova fun\u00e7\u00e3o a esse espa\u00e7o.<\/p><p>Geralmente, ocupam pouqu\u00edssimo espa\u00e7o e d\u00e3o um ar diferenciado ao ambiente.<\/p><div id='gallery-1' class='gallery galleryid-10937 gallery-columns-3 gallery-size-thumbnail'><figure class='gallery-item'>\t\t\t<div class='gallery-icon landscape'>\t\t\t\t<a href=\"https:\/\/www.aarquiteta.com.br\/blog\/motivos-para-ter-ambientes-integrados-na-sua-casa-3\/\"><img decoding=\"async\" width=\"128\" height=\"73\" src=\"https:\/\/www.aarquiteta.com.br\/blog\/wp-content\/uploads\/2022\/04\/Motivos-para-ter-ambientes-integrados-na-sua-casa.3.jpg\" class=\"attachment-thumbnail size-thumbnail\" alt=\"Sala de estar com meia parede\" srcset=\"https:\/\/www.aarquiteta.com.br\/blog\/wp-content\/uploads\/2022\/04\/Motivos-para-ter-ambientes-integrados-na-sua-casa.3.jpg 700w, https:\/\/www.aarquiteta.com.br\/blog\/wp-content\/uploads\/2022\/04\/Motivos-para-ter-ambientes-integrados-na-sua-casa.3-696x398.jpg 696w, https:\/\/www.aarquiteta.com.br\/blog\/wp-content\/uploads\/2022\/04\/Motivos-para-ter-ambientes-integrados-na-sua-casa.3-150x86.jpg 150w\" sizes=\"(max-width: 128px) 100vw, 128px\" title=\"\"><\/a>\t\t\t<\/div><\/figure><figure class='gallery-item'>\t\t\t<div class='gallery-icon landscape'>\t\t\t\t<a href=\"https:\/\/www.aarquiteta.com.br\/blog\/?attachment_id=46149\"><img decoding=\"async\" width=\"128\" height=\"73\" src=\"https:\/\/www.aarquiteta.com.br\/blog\/wp-content\/uploads\/2022\/03\/Dicas-de-papel-de-parede-para-sala.2.jpg\" class=\"attachment-thumbnail size-thumbnail\" alt=\"Transforme sua sala de estar em um cen\u00e1rio de revista!\" srcset=\"https:\/\/www.aarquiteta.com.br\/blog\/wp-content\/uploads\/2022\/03\/Dicas-de-papel-de-parede-para-sala.2.jpg 700w, https:\/\/www.aarquiteta.com.br\/blog\/wp-content\/uploads\/2022\/03\/Dicas-de-papel-de-parede-para-sala.2-696x398.jpg 696w, https:\/\/www.aarquiteta.com.br\/blog\/wp-content\/uploads\/2022\/03\/Dicas-de-papel-de-parede-para-sala.2-150x86.jpg 150w\" sizes=\"(max-width: 128px) 100vw, 128px\" title=\"\"><\/a>\t\t\t<\/div><\/figure><figure class='gallery-item'>\t\t\t<div class='gallery-icon landscape'>\t\t\t\t<a href=\"https:\/\/www.aarquiteta.com.br\/blog\/?attachment_id=44989\"><img decoding=\"async\" width=\"128\" height=\"73\" src=\"https:\/\/www.aarquiteta.com.br\/blog\/wp-content\/uploads\/2022\/03\/Dicas-para-ter-uma-sala-ampla-e-iluminada.3.jpg\" class=\"attachment-thumbnail size-thumbnail\" alt=\"Acerte na Ilumina\u00e7\u00e3o: Descubra os segredos dos Designers de Interiores!\" srcset=\"https:\/\/www.aarquiteta.com.br\/blog\/wp-content\/uploads\/2022\/03\/Dicas-para-ter-uma-sala-ampla-e-iluminada.3.jpg 700w, https:\/\/www.aarquiteta.com.br\/blog\/wp-content\/uploads\/2022\/03\/Dicas-para-ter-uma-sala-ampla-e-iluminada.3-696x398.jpg 696w, https:\/\/www.aarquiteta.com.br\/blog\/wp-content\/uploads\/2022\/03\/Dicas-para-ter-uma-sala-ampla-e-iluminada.3-150x86.jpg 150w\" sizes=\"(max-width: 128px) 100vw, 128px\" title=\"\"><\/a>\t\t\t<\/div><\/figure><figure class='gallery-item'>\t\t\t<div class='gallery-icon landscape'>\t\t\t\t<a href=\"https:\/\/www.aarquiteta.com.br\/blog\/dicas-de-decoracao-estilo-escandinava3\/\"><img decoding=\"async\" width=\"128\" height=\"73\" src=\"https:\/\/www.aarquiteta.com.br\/blog\/wp-content\/uploads\/2022\/03\/Dicas-de-decoracao-estilo-escandinava3.jpg\" class=\"attachment-thumbnail size-thumbnail\" alt=\"Cortina Branca \u2014 Como utilizar na composi\u00e7\u00e3o de ambientes\" aria-describedby=\"gallery-1-44971\" srcset=\"https:\/\/www.aarquiteta.com.br\/blog\/wp-content\/uploads\/2022\/03\/Dicas-de-decoracao-estilo-escandinava3.jpg 700w, https:\/\/www.aarquiteta.com.br\/blog\/wp-content\/uploads\/2022\/03\/Dicas-de-decoracao-estilo-escandinava3-696x398.jpg 696w, https:\/\/www.aarquiteta.com.br\/blog\/wp-content\/uploads\/2022\/03\/Dicas-de-decoracao-estilo-escandinava3-150x86.jpg 150w\" sizes=\"(max-width: 128px) 100vw, 128px\" title=\"\"><\/a>\t\t\t<\/div>\t\t\t\t<figcaption class='wp-caption-text gallery-caption' id='gallery-1-44971'>\t\t\t\tCortina Branca \u2014 Como utilizar na composi\u00e7\u00e3o de ambientes\t\t\t\t<\/figcaption><\/figure><figure class='gallery-item'>\t\t\t<div class='gallery-icon landscape'>\t\t\t\t<a href=\"https:\/\/www.aarquiteta.com.br\/blog\/sala-de-estar-e-jantar-integradas-dicas-de-decoracao-e-organizacao\/dicas-de-como-fazer-uma-sala-com-dois-ambientes-4\/\"><img decoding=\"async\" width=\"128\" height=\"73\" src=\"https:\/\/www.aarquiteta.com.br\/blog\/wp-content\/uploads\/2022\/03\/Dicas-de-como-fazer-uma-sala-com-dois-ambientes.4.jpg\" class=\"attachment-thumbnail size-thumbnail\" alt=\"As estantes s\u00e3o perfeitas\" srcset=\"https:\/\/www.aarquiteta.com.br\/blog\/wp-content\/uploads\/2022\/03\/Dicas-de-como-fazer-uma-sala-com-dois-ambientes.4.jpg 700w, https:\/\/www.aarquiteta.com.br\/blog\/wp-content\/uploads\/2022\/03\/Dicas-de-como-fazer-uma-sala-com-dois-ambientes.4-696x398.jpg 696w, https:\/\/www.aarquiteta.com.br\/blog\/wp-content\/uploads\/2022\/03\/Dicas-de-como-fazer-uma-sala-com-dois-ambientes.4-150x86.jpg 150w\" sizes=\"(max-width: 128px) 100vw, 128px\" title=\"\"><\/a>\t\t\t<\/div><\/figure><figure class='gallery-item'>\t\t\t<div class='gallery-icon portrait'>\t\t\t\t<a href=\"https:\/\/www.aarquiteta.com.br\/blog\/casa-e-decoracao-como-deixar-sua-casa-mais-leve\/cropped-cores-na-decoracao-de-interiores-sala-de-estar-jpg\/\"><img decoding=\"async\" width=\"128\" height=\"82\" src=\"https:\/\/www.aarquiteta.com.br\/blog\/wp-content\/uploads\/2021\/11\/cropped-Cores-na-Decoracao-de-Interiores-sala-de-estar-225x145.jpg\" class=\"attachment-thumbnail size-thumbnail\" alt=\"cropped-Cores-na-Decoracao-de-Interiores-sala-de-estar.jpg\" title=\"\"><\/a>\t\t\t<\/div><\/figure>\t\t<\/div><h3>E a\u00ed, gostou das dicas sobre Decora\u00e7\u00e3o de Ambientes &#8211; Confira as melhores t\u00e9cnicas para aplicar hoje?<\/h3><p>Ent\u00e3o, veja este v\u00eddeo abaixo sobre o que voc\u00ea deve evitar ao m\u00e1ximo quando o assunto \u00e9 decorar corretamente:<\/p><p><iframe class=\"perfmatters-lazy loaded\" title=\"Decore f\u00e1cil: O que \u00e9 decora\u00e7\u00e3o de ambientes?\" src=\"https:\/\/www.youtube.com\/embed\/9PjhGXgCGLU?start=14&amp;feature=oembed\" width=\"640\" height=\"360\" frameborder=\"0\" allowfullscreen=\"allowfullscreen\" data-src=\"https:\/\/www.youtube.com\/embed\/9PjhGXgCGLU?start=14&amp;feature=oembed\" data-was-processed=\"true\" data-mce-fragment=\"1\"><\/iframe><\/p><p>Deslize a tela para baixo e<a href=\"https:\/\/br.pinterest.com\/aarquitetapinterest\/_created\/\" target=\"_blank\" rel=\"noopener\"> confira mais dicas<\/a>\u00a0 e n\u00e3o se esque\u00e7a de compartilhar com os amigos!<\/p><p>Quer mais dicas sobre o mundo da Arquitetura e Decora\u00e7\u00e3o, ent\u00e3o confira alguns dos nossos artigos em:<\/p><ul><li><a href=\"https:\/\/www.aarquiteta.com.br\/blog\/paisagismo\/\" target=\"_blank\" rel=\"noopener\">Casa e Jardim<\/a><\/li><li><a href=\"https:\/\/www.aarquiteta.com.br\/blog\/arquitetura\/mundo-arquitetura\/\" target=\"_blank\" rel=\"noopener\">Mundo Arquitetura<\/a><\/li><li><a href=\"https:\/\/www.aarquiteta.com.br\/decoracao\/\" target=\"_blank\" rel=\"noopener\">Decora\u00e7\u00e3o<br \/>\n<\/a><\/li><\/ul>","protected":false},"excerpt":{"rendered":"<p>Neste artigo voc\u00ea confere 7 dicas de decora\u00e7\u00e3o para arquitetos que desejam decorar ambientes.A decora\u00e7\u00e3o tamb\u00e9m \u00e9 uma fun\u00e7\u00e3o dos arquitetos, al\u00e9m da parte de projetar um edif\u00edcio ou resid\u00eancia.Esse lado arquitet\u00f4nico \u00e9 muito apreciado, por trazer n\u00e3o s\u00f3 conforto ao ambiente, mas tamb\u00e9m otimizar espa\u00e7os e dar um ar mais aprimorado, entre outros pontos [&hellip;]<\/p>\n","protected":false},"author":102,"featured_media":51608,"comment_status":"closed","ping_status":"closed","sticky":false,"template":"","format":"standard","meta":{"footnotes":""},"categories":[1484],"tags":[9908,336,18457,16889,18458,18459,1465],"class_list":["post-10937","post","type-post","status-publish","format-standard","has-post-thumbnail","category-decoracao","tag-como-decorar","tag-decoracao","tag-decoracao-com-espelhos","tag-decoracao-com-luz","tag-decoracao-com-mobiliario","tag-decorar-apartamanto","tag-dicas-de-decoracao"],"_wp_attached_file":null,"_wp_attachment_metadata":null,"_wp_attachment_context":null,"_wp_attachment_is_custom_header":null,"geo_longitude":null,"geo_public":null,"geo_latitude":null,"_publicize_done_external":null,"_wpas_done_3897181":null,"publicize_twitter_user":null,"_wpas_done_3897175":null,"_wpas_skip_3897181":null,"_wpas_skip_3897175":null,"_wpas_skip_3924723":null,"_wpas_mess":null,"_wpas_done_3924723":null,"wps_subtitle":"Confira as melhores dicas de Decora\u00e7\u00e3o que separamos para voc\u00ea decorar sua casa e deix\u00e1-la ainda mais aconchegante!","_links":{"self":[{"href":"https:\/\/www.aarquiteta.com.br\/blog\/wp-json\/wp\/v2\/posts\/10937","targetHints":{"allow":["GET"]}}],"collection":[{"href":"https:\/\/www.aarquiteta.com.br\/blog\/wp-json\/wp\/v2\/posts"}],"about":[{"href":"https:\/\/www.aarquiteta.com.br\/blog\/wp-json\/wp\/v2\/types\/post"}],"author":[{"embeddable":true,"href":"https:\/\/www.aarquiteta.com.br\/blog\/wp-json\/wp\/v2\/users\/102"}],"replies":[{"embeddable":true,"href":"https:\/\/www.aarquiteta.com.br\/blog\/wp-json\/wp\/v2\/comments?post=10937"}],"version-history":[{"count":0,"href":"https:\/\/www.aarquiteta.com.br\/blog\/wp-json\/wp\/v2\/posts\/10937\/revisions"}],"wp:featuredmedia":[{"embeddable":true,"href":"https:\/\/www.aarquiteta.com.br\/blog\/wp-json\/wp\/v2\/media\/51608"}],"wp:attachment":[{"href":"https:\/\/www.aarquiteta.com.br\/blog\/wp-json\/wp\/v2\/media?parent=10937"}],"wp:term":[{"taxonomy":"category","embeddable":true,"href":"https:\/\/www.aarquiteta.com.br\/blog\/wp-json\/wp\/v2\/categories?post=10937"},{"taxonomy":"post_tag","embeddable":true,"href":"https:\/\/www.aarquiteta.com.br\/blog\/wp-json\/wp\/v2\/tags?post=10937"}],"curies":[{"name":"wp","href":"https:\/\/api.w.org\/{rel}","templated":true}]}}