{"id":109280,"date":"2024-03-25T14:59:33","date_gmt":"2024-03-25T17:59:33","guid":{"rendered":"https:\/\/www.aarquiteta.com.br\/blog\/cozinha-modulada-mdf-transformar-espaco\/"},"modified":"2024-03-25T14:59:33","modified_gmt":"2024-03-25T17:59:33","slug":"cozinha-modulada-mdf-transformar-espaco","status":"publish","type":"post","link":"https:\/\/www.aarquiteta.com.br\/blog\/cozinha-modulada-mdf-transformar-espaco\/","title":{"rendered":"Cozinha modulada em MDF descubra como transformar seu espa\u00e7o."},"content":{"rendered":"<h2>Introdu\u00e7\u00e3o<\/h2>\n<p>Ol\u00e1! Hoje vou mergulhar no mundo das cozinhas moduladas de MDF e contar tudo o que voc\u00ea precisa saber antes de escolher a sua. Vamos desbravar juntos esse universo, onde a praticidade encontra o estilo, e descobrir como essas belezinhas podem transformar o cora\u00e7\u00e3o da casa \u2013 a cozinha \u2013 em um espa\u00e7o tanto funcional quanto charmoso.<\/p>\n<ul>\n<li><strong>Cozinha modulada de MDF<\/strong>: uma solu\u00e7\u00e3o inteligente e vers\u00e1til para quem busca otimizar espa\u00e7os com estilo.<\/li>\n<li><strong>Escolha e personaliza\u00e7\u00e3o<\/strong>: dicas para selecionar a cozinha ideal para o seu lar, considerando design e funcionalidade.<\/li>\n<li><strong>Manuten\u00e7\u00e3o<\/strong>: orienta\u00e7\u00f5es simples para manter sua cozinha sempre nova, prolongando a vida \u00fatil do MDF.<\/li>\n<\/ul>\n<h3>O que \u00e9 uma cozinha modulada de MDF?<\/h3>\n<figure style=\"width: 1024px\" class=\"wp-caption aligncenter\"><img decoding=\"async\" src=\"https:\/\/www.aarquiteta.com.br\/blog\/wp-content\/uploads\/2024\/03\/cozinha-modulada-mdf04.jpg\" alt=\"cozinha modulada mdf\" width=\"1024\" height=\"1024\" title=\"\"><figcaption class=\"wp-caption-text\">cozinha modulada mdf<\/figcaption><\/figure>\n<p>Imagine um quebra-cabe\u00e7a onde cada pe\u00e7a \u00e9 um m\u00f3vel que se encaixa perfeitamente no espa\u00e7o que voc\u00ea tem. \u00c9 mais ou menos assim que funciona a <strong>cozinha modulada de MDF<\/strong>. S\u00e3o m\u00f3dulos pr\u00e9-fabricados que voc\u00ea combina conforme a necessidade, otimizando cada cantinho dispon\u00edvel.<\/p>\n<h3>Vantagens de escolher uma cozinha modulada de MDF<\/h3>\n<p>Al\u00e9m de serem um charme, essas cozinhas t\u00eam um <strong>custo-benef\u00edcio<\/strong> que \u00e9 m\u00fasica para os ouvidos. S\u00e3o dur\u00e1veis, resistentes \u00e0 umidade e ainda por cima, f\u00e1ceis de limpar. Quer mais? S\u00e3o super personaliz\u00e1veis, ent\u00e3o d\u00e1 para criar um ambiente que \u00e9 a sua cara.<\/p>\n<h3>Principais caracter\u00edsticas da cozinha modulada de MDF<\/h3>\n<style id=\"wp_carousel_dynamic_css102759\">.sp-wp-carousel-free-id-102759.wpcf-fancybox-wrapper .fancybox-bg{background: #0b0b0b;opacity: 0.8;}.sp-wp-carousel-free-id-102759.wpcf-fancybox-wrapper .fancybox-navigation .fancybox-button .wpcp-fancybox-nav-arrow i {color: #ccc;}.sp-wp-carousel-free-id-102759.wpcf-fancybox-wrapper .fancybox-navigation .fancybox-button .wpcp-fancybox-nav-arrow i:hover {color: #fff;}.sp-wp-carousel-free-id-102759.wpcf-fancybox-wrapper .fancybox-navigation .fancybox-button {background: #1e1e1e;}.sp-wp-carousel-free-id-102759.wpcf-fancybox-wrapper .fancybox-navigation .fancybox-button:hover {background: #1e1e1e;}#sp-wp-carousel-free-id-102759 .wpcp-swiper-dots {margin: 40px 0px 0px 0px;}.wpcp-wrapper-102759 .swiper-wrapper .swiper-slide-kenburn, .wpcp-wrapper-102759 .swiper-wrapper, .wpcp-wrapper-102759 .wpcpro-row{align-items: center;}#sp-wp-carousel-free-id-102759 .wpcp-single-item {box-shadow: 0px 0px 0px 0px #dddddd;transition: all .3s;margin: 0px;}#sp-wp-carousel-free-id-102759.swiper-flip .wpcp-single-item{margin: 0!important;}#sp-wp-carousel-free-id-102759 .wpcp-single-item:hover {box-shadow: 0px 0px 0px 0px #dddddd;}#sp-wp-carousel-free-id-102759.sp-wpcp-102759 .wpcp-single-item {border: 1px solid #dddddd;}#sp-wp-carousel-free-id-102759.sp-wpcp-102759 .swiper-button-prev,#sp-wp-carousel-free-id-102759.sp-wpcp-102759 .swiper-button-next,#sp-wp-carousel-free-id-102759.sp-wpcp-102759 .swiper-button-prev:hover,#sp-wp-carousel-free-id-102759.sp-wpcp-102759 .swiper-button-next:hover {background: none;border: none;font-size: 30px;}#sp-wp-carousel-free-id-102759.sp-wpcp-102759 .swiper-button-prev i,#sp-wp-carousel-free-id-102759.sp-wpcp-102759 .swiper-button-next i {color: #aaa;}#sp-wp-carousel-free-id-102759.sp-wpcp-102759 .swiper-button-prev i:hover,#sp-wp-carousel-free-id-102759.sp-wpcp-102759 .swiper-button-next i:hover {color: #178087;}#sp-wp-carousel-free-id-102759.sp-wpcp-102759 .wpcp-swiper-dots .swiper-pagination-bullet {background-color: #cccccc;}#sp-wp-carousel-free-id-102759.sp-wpcp-102759 .wpcp-swiper-dots .swiper-pagination-bullet.swiper-pagination-bullet-active {background-color: #178087;} #sp-wp-carousel-free-id-102759.sp-wpcp-102759.wpcp-image-carousel .wpcp-single-item:hover img, #sp-wp-carousel-free-id-102759.sp-wpcp-102759.wpcp-post-carousel .wpcp-single-item:hover img, #sp-wp-carousel-free-id-102759.sp-wpcp-102759.wpcp-product-carousel .wpcp-single-item:hover img{-webkit-transform: scale(1.2);-moz-transform: scale(1.2);transform: scale(1.2);}#sp-wp-carousel-free-id-102759 .wpcpro-row>[class*=\"wpcpro-col-\"] { padding: 0 10px; padding-bottom: 20px;} #sp-wp-carousel-free-id-102759 .swiper-slide .single-item-fade:not(:last-child) { margin-right: 20px;}@media (min-width: 480px) { .wpcpro-row .wpcpro-col-sm-1 { flex: 0 0 100%; max-width: 100%; } .wpcpro-row .wpcpro-col-sm-2 { flex: 0 0 50%; max-width: 50%; } .wpcpro-row .wpcpro-col-sm-2-5 { flex: 0 0 75%; max-width: 75%; } .wpcpro-row .wpcpro-col-sm-3 { flex: 0 0 33.333%; max-width: 33.333%; } .wpcpro-row .wpcpro-col-sm-4 { flex: 0 0 25%; max-width: 25%; } .wpcpro-row .wpcpro-col-sm-5 { flex: 0 0 20%; max-width: 20%; } .wpcpro-row .wpcpro-col-sm-6 { flex: 0 0 16.66666666666667%; max-width: 16.66666666666667%; } .wpcpro-row .wpcpro-col-sm-7 { flex: 0 0 14.28571428%; max-width: 14.28571428%; } .wpcpro-row .wpcpro-col-sm-8 { flex: 0 0 12.5%; max-width: 12.5%; } } @media (max-width: 480px) { .wpcpro-row .wpcpro-col-xs-1 { flex: 0 0 100%; max-width: 100%; } .wpcpro-row .wpcpro-col-xs-2 { flex: 0 0 50%; max-width: 50%; } .wpcpro-row .wpcpro-col-xs-3 { flex: 0 0 33.222%; max-width: 33.222%; } .wpcpro-row .wpcpro-col-xs-4 { flex: 0 0 25%; max-width: 25%; } .wpcpro-row .wpcpro-col-xs-5 { flex: 0 0 20%; max-width: 20%; } .wpcpro-row .wpcpro-col-xs-6 { flex: 0 0 16.6667%; max-width: 16.6667%; } .wpcpro-row .wpcpro-col-xs-7 { flex: 0 0 14.28571428%; max-width: 14.28571428%; } .wpcpro-row .wpcpro-col-xs-8 { flex: 0 0 12.5%; max-width: 12.5%; } } @media (min-width: 736px) { .wpcpro-row .wpcpro-col-md-1 { flex: 0 0 100%; max-width: 100%; } .wpcpro-row .wpcpro-col-md-2 { flex: 0 0 50%; max-width: 50%; } .wpcpro-row .wpcpro-col-md-2-5 { flex: 0 0 75%; max-width: 75%; } .wpcpro-row .wpcpro-col-md-3 { flex: 0 0 33.333%; max-width: 33.333%; } .wpcpro-row .wpcpro-col-md-4 { flex: 0 0 25%; max-width: 25%; } .wpcpro-row .wpcpro-col-md-5 { flex: 0 0 20%; max-width: 20%; } .wpcpro-row .wpcpro-col-md-6 { flex: 0 0 16.66666666666667%; max-width: 16.66666666666667%; } .wpcpro-row .wpcpro-col-md-7 { flex: 0 0 14.28571428%; max-width: 14.28571428%; } .wpcpro-row .wpcpro-col-md-8 { flex: 0 0 12.5%; max-width: 12.5%; } } @media (min-width: 980px) { .wpcpro-row .wpcpro-col-lg-1 { flex: 0 0 100%; max-width: 100%; } .wpcpro-row .wpcpro-col-lg-2 { flex: 0 0 50%; max-width: 50%; } .wpcpro-row .wpcpro-col-lg-3 { flex: 0 0 33.222%; max-width: 33.222%; } .wpcpro-row .wpcpro-col-lg-4 { flex: 0 0 25%; max-width: 25%; } .wpcpro-row .wpcpro-col-lg-5 { flex: 0 0 20%; max-width: 20%; } .wpcpro-row .wpcpro-col-lg-6 { flex: 0 0 16.6667%; max-width: 16.6667%; } .wpcpro-row .wpcpro-col-lg-7 { flex: 0 0 14.28571428%; max-width: 14.28571428%; } .wpcpro-row .wpcpro-col-lg-8 { flex: 0 0 12.5%; max-width: 12.5%; } } @media (min-width: 1200px) { .wpcpro-row .wpcpro-col-xl-1 { flex: 0 0 100%; max-width: 100%; } .wpcpro-row .wpcpro-col-xl-2 { flex: 0 0 50%; max-width: 50%; } .wpcpro-row .wpcpro-col-xl-3 { flex: 0 0 33.22222222%; max-width: 33.22222222%; } .wpcpro-row .wpcpro-col-xl-4 { flex: 0 0 25%; max-width: 25%; } .wpcpro-row .wpcpro-col-xl-5 { flex: 0 0 20%; max-width: 20%; } .wpcpro-row .wpcpro-col-xl-6 { flex: 0 0 16.66667%; max-width: 16.66667%; } .wpcpro-row .wpcpro-col-xl-7 { flex: 0 0 14.28571428%; max-width: 14.28571428%; } .wpcpro-row .wpcpro-col-xl-8 { flex: 0 0 12.5%; max-width: 12.5%; } }<\/style><div class=\"wpcp-carousel-wrapper wpcp-wrapper-102759\">\n\t<div id=\"wpcp-preloader-102759\" class=\"wpcp-carousel-preloader\"><img decoding=\"async\" src=\"https:\/\/www.aarquiteta.com.br\/blog\/wp-content\/plugins\/wp-carousel-free\/public\/css\/spinner.svg\" alt=\"Preloader Image\" title=\"\"><\/div>\t<div class=\"wpcp-carousel-content-wrapper\">\n\t<div id=\"sp-wp-carousel-free-id-102759\" class=\"wpcp-carousel-section sp-wpcp-102759  nav-vertical-center wpcp-image-carousel wpcp-preloader wpcp-standard\" data-swiper='{ &quot;pagination_type&quot;: &quot;dots&quot;,&quot;accessibility&quot;:true, &quot;spaceBetween&quot;:20, &quot;arrows&quot;:false, &quot;freeMode&quot;: false, &quot;autoplay&quot;:true, &quot;effect&quot;: &quot;&quot;, &quot;centerMode&quot;: false, &quot;autoplaySpeed&quot;:3000, &quot;dots&quot;:true, &quot;infinite&quot;:true, &quot;speed&quot;:600, &quot;pauseOnHover&quot;:true,\n\t\t\t&quot;slidesToShow&quot;:{&quot;lg_desktop&quot;:5, &quot;desktop&quot;: 4, &quot;laptop&quot;: 3, &quot;tablet&quot;: 2, &quot;mobile&quot;: 1}, &quot;responsive&quot;:{&quot;desktop&quot;:1200, &quot;laptop&quot;: 980, &quot;tablet&quot;: 736, &quot;mobile&quot;: 480}, &quot;rtl&quot;:false, &quot;lazyLoad&quot;: &quot;false&quot;, &quot;swipe&quot;: true, &quot;draggable&quot;: true, &quot;swipeToSlide&quot;:false }' dir=\"ltr\">\n\t\t<div class=\"swiper-wrapper\">\n\t\t<div class=\"swiper-slide\">\n\t<div class=\"wpcp-single-item\">\n\t\t\t<a class=\"wcp-light-box\" data-buttons='[\"close\"]' data-wpc_url='https:\/\/www.aarquiteta.com.br\/blog\/wp-content\/uploads\/2023\/12\/Otimizando-Cozinhas-Pequenas-Projetos-Funcionais-e-Modernos-01.jpg' href=\"https:\/\/www.aarquiteta.com.br\/blog\/wp-content\/uploads\/2023\/12\/Otimizando-Cozinhas-Pequenas-Projetos-Funcionais-e-Modernos-01.jpg\" data-fancybox=\"wpcp_view\">\n\t\t<figure>\n\t\t\t<img decoding=\"async\" class=\"skip-lazy\" src=\"https:\/\/www.aarquiteta.com.br\/blog\/wp-content\/uploads\/2023\/12\/Otimizando-Cozinhas-Pequenas-Projetos-Funcionais-e-Modernos-01.jpg\" alt=\"Otimizando Cozinhas Pequenas: Projetos Funcionais e Modernos\" width=\"1024\" height=\"1024\" title=\"\">\t\t<\/figure>\n\t<\/a>\n\t\t<\/div>\n<\/div>\n\t<div class=\"swiper-slide\">\n\t<div class=\"wpcp-single-item\">\n\t\t\t<a class=\"wcp-light-box\" data-buttons='[\"close\"]' data-wpc_url='https:\/\/www.aarquiteta.com.br\/blog\/wp-content\/uploads\/2023\/12\/Otimizando-Cozinhas-Pequenas-Projetos-Funcionais-e-Modernos-04.jpg' href=\"https:\/\/www.aarquiteta.com.br\/blog\/wp-content\/uploads\/2023\/12\/Otimizando-Cozinhas-Pequenas-Projetos-Funcionais-e-Modernos-04.jpg\" data-fancybox=\"wpcp_view\">\n\t\t<figure>\n\t\t\t<img decoding=\"async\" class=\"skip-lazy\" src=\"https:\/\/www.aarquiteta.com.br\/blog\/wp-content\/uploads\/2023\/12\/Otimizando-Cozinhas-Pequenas-Projetos-Funcionais-e-Modernos-04.jpg\" alt=\"Otimizando Cozinhas Pequenas: Projetos Funcionais e Modernos\" width=\"1024\" height=\"1024\" title=\"\">\t\t<\/figure>\n\t<\/a>\n\t\t<\/div>\n<\/div>\n\t<div class=\"swiper-slide\">\n\t<div class=\"wpcp-single-item\">\n\t\t\t<a class=\"wcp-light-box\" data-buttons='[\"close\"]' data-wpc_url='https:\/\/www.aarquiteta.com.br\/blog\/wp-content\/uploads\/2023\/11\/pendentes-para-cozinha01.jpg' href=\"https:\/\/www.aarquiteta.com.br\/blog\/wp-content\/uploads\/2023\/11\/pendentes-para-cozinha01.jpg\" data-fancybox=\"wpcp_view\">\n\t\t<figure>\n\t\t\t<img decoding=\"async\" class=\"skip-lazy\" src=\"https:\/\/www.aarquiteta.com.br\/blog\/wp-content\/uploads\/2023\/11\/pendentes-para-cozinha01.jpg\" alt=\"pendentes para cozinha\" width=\"1024\" height=\"1024\" title=\"\">\t\t<\/figure>\n\t<\/a>\n\t\t<\/div>\n<\/div>\n\t<div class=\"swiper-slide\">\n\t<div class=\"wpcp-single-item\">\n\t\t\t<a class=\"wcp-light-box\" data-buttons='[\"close\"]' data-wpc_url='https:\/\/www.aarquiteta.com.br\/blog\/wp-content\/uploads\/2023\/11\/5-dicas-para-decorar-a-parede-da-sua-cozinha04.jpg' href=\"https:\/\/www.aarquiteta.com.br\/blog\/wp-content\/uploads\/2023\/11\/5-dicas-para-decorar-a-parede-da-sua-cozinha04.jpg\" data-fancybox=\"wpcp_view\">\n\t\t<figure>\n\t\t\t<img decoding=\"async\" class=\"skip-lazy\" src=\"https:\/\/www.aarquiteta.com.br\/blog\/wp-content\/uploads\/2023\/11\/5-dicas-para-decorar-a-parede-da-sua-cozinha04.jpg\" alt=\"5 dicas para decorar a parede da sua cozinha\" width=\"1024\" height=\"1024\" title=\"\">\t\t<\/figure>\n\t<\/a>\n\t\t<\/div>\n<\/div>\n\t<div class=\"swiper-slide\">\n\t<div class=\"wpcp-single-item\">\n\t\t\t<a class=\"wcp-light-box\" data-buttons='[\"close\"]' data-wpc_url='https:\/\/www.aarquiteta.com.br\/blog\/wp-content\/uploads\/2023\/11\/bancada-para-cozinha-pequena-01.jpg' href=\"https:\/\/www.aarquiteta.com.br\/blog\/wp-content\/uploads\/2023\/11\/bancada-para-cozinha-pequena-01.jpg\" data-fancybox=\"wpcp_view\">\n\t\t<figure>\n\t\t\t<img decoding=\"async\" class=\"skip-lazy\" src=\"https:\/\/www.aarquiteta.com.br\/blog\/wp-content\/uploads\/2023\/11\/bancada-para-cozinha-pequena-01.jpg\" alt=\"bancada para cozinha pequena\" width=\"1024\" height=\"1024\" title=\"\">\t\t<\/figure>\n\t<\/a>\n\t\t<\/div>\n<\/div>\n\t<div class=\"swiper-slide\">\n\t<div class=\"wpcp-single-item\">\n\t\t\t<a class=\"wcp-light-box\" data-buttons='[\"close\"]' data-wpc_url='https:\/\/www.aarquiteta.com.br\/blog\/wp-content\/uploads\/2023\/11\/cozinha-americana-7-ideias-para-criar-um-espao-simples-e-funcional6oot.jpg' href=\"https:\/\/www.aarquiteta.com.br\/blog\/wp-content\/uploads\/2023\/11\/cozinha-americana-7-ideias-para-criar-um-espao-simples-e-funcional6oot.jpg\" data-fancybox=\"wpcp_view\">\n\t\t<figure>\n\t\t\t<img decoding=\"async\" class=\"skip-lazy\" src=\"https:\/\/www.aarquiteta.com.br\/blog\/wp-content\/uploads\/2023\/11\/cozinha-americana-7-ideias-para-criar-um-espao-simples-e-funcional6oot.jpg\" alt=\"Cozinha Americana 7 Ideias para Criar um Espao Simples e Funcional\" width=\"1024\" height=\"768\" title=\"\">\t\t<\/figure>\n\t<\/a>\n\t\t<\/div>\n<\/div>\n\t<div class=\"swiper-slide\">\n\t<div class=\"wpcp-single-item\">\n\t\t\t<a class=\"wcp-light-box\" data-buttons='[\"close\"]' data-wpc_url='https:\/\/www.aarquiteta.com.br\/blog\/wp-content\/uploads\/2023\/11\/pastilhas-para-cozinha04.jpg' href=\"https:\/\/www.aarquiteta.com.br\/blog\/wp-content\/uploads\/2023\/11\/pastilhas-para-cozinha04.jpg\" data-fancybox=\"wpcp_view\">\n\t\t<figure>\n\t\t\t<img decoding=\"async\" class=\"skip-lazy\" src=\"https:\/\/www.aarquiteta.com.br\/blog\/wp-content\/uploads\/2023\/11\/pastilhas-para-cozinha04.jpg\" alt=\"pastilhas para cozinha\" width=\"1024\" height=\"1024\" title=\"\">\t\t<\/figure>\n\t<\/a>\n\t\t<\/div>\n<\/div>\n\t<div class=\"swiper-slide\">\n\t<div class=\"wpcp-single-item\">\n\t\t\t<a class=\"wcp-light-box\" data-buttons='[\"close\"]' data-wpc_url='https:\/\/www.aarquiteta.com.br\/blog\/wp-content\/uploads\/2023\/10\/cozinha-rosa04.jpg' href=\"https:\/\/www.aarquiteta.com.br\/blog\/wp-content\/uploads\/2023\/10\/cozinha-rosa04.jpg\" data-fancybox=\"wpcp_view\">\n\t\t<figure>\n\t\t\t<img decoding=\"async\" class=\"skip-lazy\" src=\"https:\/\/www.aarquiteta.com.br\/blog\/wp-content\/uploads\/2023\/10\/cozinha-rosa04.jpg\" alt=\"cozinha rosa\" width=\"1024\" height=\"1024\" title=\"\">\t\t<\/figure>\n\t<\/a>\n\t\t<\/div>\n<\/div>\n\t<div class=\"swiper-slide\">\n\t<div class=\"wpcp-single-item\">\n\t\t\t<a class=\"wcp-light-box\" data-buttons='[\"close\"]' data-wpc_url='https:\/\/www.aarquiteta.com.br\/blog\/wp-content\/uploads\/2023\/10\/cozinha-rosa01.jpg' href=\"https:\/\/www.aarquiteta.com.br\/blog\/wp-content\/uploads\/2023\/10\/cozinha-rosa01.jpg\" data-fancybox=\"wpcp_view\">\n\t\t<figure>\n\t\t\t<img decoding=\"async\" class=\"skip-lazy\" src=\"https:\/\/www.aarquiteta.com.br\/blog\/wp-content\/uploads\/2023\/10\/cozinha-rosa01.jpg\" alt=\"**Inspire-se com a Cozinha Rosa: Dicas para Criar um Ambiente Charmoso e Aconchegante**\" width=\"1024\" height=\"1024\" title=\"\">\t\t<\/figure>\n\t<\/a>\n\t\t<\/div>\n<\/div>\n\t<div class=\"swiper-slide\">\n\t<div class=\"wpcp-single-item\">\n\t\t\t<a class=\"wcp-light-box\" data-buttons='[\"close\"]' data-wpc_url='https:\/\/www.aarquiteta.com.br\/blog\/wp-content\/uploads\/2023\/10\/cozinha-em-l02.jpg' href=\"https:\/\/www.aarquiteta.com.br\/blog\/wp-content\/uploads\/2023\/10\/cozinha-em-l02.jpg\" data-fancybox=\"wpcp_view\">\n\t\t<figure>\n\t\t\t<img decoding=\"async\" class=\"skip-lazy\" src=\"https:\/\/www.aarquiteta.com.br\/blog\/wp-content\/uploads\/2023\/10\/cozinha-em-l02.jpg\" alt=\"cozinha em l\" width=\"1024\" height=\"1024\" title=\"\">\t\t<\/figure>\n\t<\/a>\n\t\t<\/div>\n<\/div>\n\t<div class=\"swiper-slide\">\n\t<div class=\"wpcp-single-item\">\n\t\t\t<a class=\"wcp-light-box\" data-buttons='[\"close\"]' data-wpc_url='https:\/\/www.aarquiteta.com.br\/blog\/wp-content\/uploads\/2023\/10\/cozinha-modulada01.jpg' href=\"https:\/\/www.aarquiteta.com.br\/blog\/wp-content\/uploads\/2023\/10\/cozinha-modulada01.jpg\" data-fancybox=\"wpcp_view\">\n\t\t<figure>\n\t\t\t<img decoding=\"async\" class=\"skip-lazy\" src=\"https:\/\/www.aarquiteta.com.br\/blog\/wp-content\/uploads\/2023\/10\/cozinha-modulada01.jpg\" alt=\"cozinha modulada\" width=\"1024\" height=\"1024\" title=\"\">\t\t<\/figure>\n\t<\/a>\n\t\t<\/div>\n<\/div>\n\t<div class=\"swiper-slide\">\n\t<div class=\"wpcp-single-item\">\n\t\t\t<a class=\"wcp-light-box\" data-buttons='[\"close\"]' data-wpc_url='https:\/\/www.aarquiteta.com.br\/blog\/wp-content\/uploads\/2023\/10\/cozinha-modulada03.jpg' href=\"https:\/\/www.aarquiteta.com.br\/blog\/wp-content\/uploads\/2023\/10\/cozinha-modulada03.jpg\" data-fancybox=\"wpcp_view\">\n\t\t<figure>\n\t\t\t<img decoding=\"async\" class=\"skip-lazy\" src=\"https:\/\/www.aarquiteta.com.br\/blog\/wp-content\/uploads\/2023\/10\/cozinha-modulada03.jpg\" alt=\"cozinha modulada\" width=\"1024\" height=\"1024\" title=\"\">\t\t<\/figure>\n\t<\/a>\n\t\t<\/div>\n<\/div>\n\t<div class=\"swiper-slide\">\n\t<div class=\"wpcp-single-item\">\n\t\t\t<a class=\"wcp-light-box\" data-buttons='[\"close\"]' data-wpc_url='https:\/\/www.aarquiteta.com.br\/blog\/wp-content\/uploads\/2023\/10\/cozinha-planejada-com-ilha02.jpg' href=\"https:\/\/www.aarquiteta.com.br\/blog\/wp-content\/uploads\/2023\/10\/cozinha-planejada-com-ilha02.jpg\" data-fancybox=\"wpcp_view\">\n\t\t<figure>\n\t\t\t<img decoding=\"async\" class=\"skip-lazy\" src=\"https:\/\/www.aarquiteta.com.br\/blog\/wp-content\/uploads\/2023\/10\/cozinha-planejada-com-ilha02.jpg\" alt=\"cozinha planejada com ilha\" width=\"1024\" height=\"1024\" title=\"\">\t\t<\/figure>\n\t<\/a>\n\t\t<\/div>\n<\/div>\n\t<div class=\"swiper-slide\">\n\t<div class=\"wpcp-single-item\">\n\t\t\t<a class=\"wcp-light-box\" data-buttons='[\"close\"]' data-wpc_url='https:\/\/www.aarquiteta.com.br\/blog\/wp-content\/uploads\/2023\/09\/balcao-de-cozinha-bem-decorada.png' href=\"https:\/\/www.aarquiteta.com.br\/blog\/wp-content\/uploads\/2023\/09\/balcao-de-cozinha-bem-decorada.png\" data-fancybox=\"wpcp_view\">\n\t\t<figure>\n\t\t\t<img decoding=\"async\" class=\"skip-lazy\" src=\"https:\/\/www.aarquiteta.com.br\/blog\/wp-content\/uploads\/2023\/09\/balcao-de-cozinha-bem-decorada.png\" alt=\"balcao de cozinha bem decorada\" width=\"1024\" height=\"1024\" title=\"\">\t\t<\/figure>\n\t<\/a>\n\t\t<\/div>\n<\/div>\n\t<div class=\"swiper-slide\">\n\t<div class=\"wpcp-single-item\">\n\t\t\t<a class=\"wcp-light-box\" data-buttons='[\"close\"]' data-wpc_url='https:\/\/www.aarquiteta.com.br\/blog\/wp-content\/uploads\/2023\/08\/Cozinha-Pequena-5-Estrategias-para-Aproveitar-Cada-Centimetro.png' href=\"https:\/\/www.aarquiteta.com.br\/blog\/wp-content\/uploads\/2023\/08\/Cozinha-Pequena-5-Estrategias-para-Aproveitar-Cada-Centimetro.png\" data-fancybox=\"wpcp_view\">\n\t\t<figure>\n\t\t\t<img decoding=\"async\" class=\"skip-lazy\" src=\"https:\/\/www.aarquiteta.com.br\/blog\/wp-content\/uploads\/2023\/08\/Cozinha-Pequena-5-Estrategias-para-Aproveitar-Cada-Centimetro.png\" alt=\"Cozinha Pequena 5 Estrat\u00e9gias para Aproveitar Cada Cent\u00edmetro\" width=\"1024\" height=\"1024\" title=\"\">\t\t<\/figure>\n\t<\/a>\n\t\t<\/div>\n<\/div>\n\t<div class=\"swiper-slide\">\n\t<div class=\"wpcp-single-item\">\n\t\t\t<a class=\"wcp-light-box\" data-buttons='[\"close\"]' data-wpc_url='https:\/\/www.aarquiteta.com.br\/blog\/wp-content\/uploads\/2023\/07\/cores-para-parede-da-cozinha-1.png' href=\"https:\/\/www.aarquiteta.com.br\/blog\/wp-content\/uploads\/2023\/07\/cores-para-parede-da-cozinha-1.png\" data-fancybox=\"wpcp_view\">\n\t\t<figure>\n\t\t\t<img decoding=\"async\" class=\"skip-lazy\" src=\"https:\/\/www.aarquiteta.com.br\/blog\/wp-content\/uploads\/2023\/07\/cores-para-parede-da-cozinha-1.png\" alt=\"cores para parede da cozinha\" width=\"1024\" height=\"1024\" title=\"\">\t\t<\/figure>\n\t<\/a>\n\t\t<\/div>\n<\/div>\n\t<div class=\"swiper-slide\">\n\t<div class=\"wpcp-single-item\">\n\t\t\t<a class=\"wcp-light-box\" data-buttons='[\"close\"]' data-wpc_url='https:\/\/www.aarquiteta.com.br\/blog\/wp-content\/uploads\/2022\/12\/armario-de-cozinha-de-parede-1.jpg' href=\"https:\/\/www.aarquiteta.com.br\/blog\/wp-content\/uploads\/2022\/12\/armario-de-cozinha-de-parede-1.jpg\" data-fancybox=\"wpcp_view\">\n\t\t<figure>\n\t\t\t<img decoding=\"async\" class=\"skip-lazy\" src=\"https:\/\/www.aarquiteta.com.br\/blog\/wp-content\/uploads\/2022\/12\/armario-de-cozinha-de-parede-1.jpg\" alt=\"\" width=\"1000\" height=\"776\" title=\"\">\t\t<\/figure>\n\t<\/a>\n\t\t<\/div>\n<\/div>\n\t<div class=\"swiper-slide\">\n\t<div class=\"wpcp-single-item\">\n\t\t\t<a class=\"wcp-light-box\" data-buttons='[\"close\"]' data-wpc_url='https:\/\/www.aarquiteta.com.br\/blog\/wp-content\/uploads\/2023\/07\/como-decorar-sua-cozinha-no-estilo-mediterraneocu14.jpg-GX6I.jpg' href=\"https:\/\/www.aarquiteta.com.br\/blog\/wp-content\/uploads\/2023\/07\/como-decorar-sua-cozinha-no-estilo-mediterraneocu14.jpg-GX6I.jpg\" data-fancybox=\"wpcp_view\">\n\t\t<figure>\n\t\t\t<img decoding=\"async\" class=\"skip-lazy\" src=\"https:\/\/www.aarquiteta.com.br\/blog\/wp-content\/uploads\/2023\/07\/como-decorar-sua-cozinha-no-estilo-mediterraneocu14.jpg-GX6I.jpg\" alt=\"como-decorar-sua-cozinha-no-estilo-mediterraneocu14.jpg-GX6I\" width=\"900\" height=\"620\" title=\"\">\t\t<\/figure>\n\t<\/a>\n\t\t<\/div>\n<\/div>\n\t<div class=\"swiper-slide\">\n\t<div class=\"wpcp-single-item\">\n\t\t\t<a class=\"wcp-light-box\" data-buttons='[\"close\"]' data-wpc_url='https:\/\/www.aarquiteta.com.br\/blog\/wp-content\/uploads\/2023\/06\/Cozinha-pequena-de-apartamento-planejada-2.png' href=\"https:\/\/www.aarquiteta.com.br\/blog\/wp-content\/uploads\/2023\/06\/Cozinha-pequena-de-apartamento-planejada-2.png\" data-fancybox=\"wpcp_view\">\n\t\t<figure>\n\t\t\t<img decoding=\"async\" class=\"skip-lazy\" src=\"https:\/\/www.aarquiteta.com.br\/blog\/wp-content\/uploads\/2023\/06\/Cozinha-pequena-de-apartamento-planejada-2.png\" alt=\"Cozinha pequena de apartamento planejada\" width=\"1024\" height=\"1024\" title=\"\">\t\t<\/figure>\n\t<\/a>\n\t\t<\/div>\n<\/div>\n\t<div class=\"swiper-slide\">\n\t<div class=\"wpcp-single-item\">\n\t\t\t<a class=\"wcp-light-box\" data-buttons='[\"close\"]' data-wpc_url='https:\/\/www.aarquiteta.com.br\/blog\/wp-content\/uploads\/2023\/05\/Cozinha-Pequena-com-Balcao.jpg' href=\"https:\/\/www.aarquiteta.com.br\/blog\/wp-content\/uploads\/2023\/05\/Cozinha-Pequena-com-Balcao.jpg\" data-fancybox=\"wpcp_view\">\n\t\t<figure>\n\t\t\t<img decoding=\"async\" class=\"skip-lazy\" src=\"https:\/\/www.aarquiteta.com.br\/blog\/wp-content\/uploads\/2023\/05\/Cozinha-Pequena-com-Balcao.jpg\" alt=\"Cozinha Pequena com Balc\u00e3o Funcional - 9 Dicas para ganhar cada cent\u00edmetro!\" width=\"1200\" height=\"800\" title=\"\">\t\t<\/figure>\n\t<\/a>\n\t\t<\/div>\n<\/div>\n\t<div class=\"swiper-slide\">\n\t<div class=\"wpcp-single-item\">\n\t\t\t<a class=\"wcp-light-box\" data-buttons='[\"close\"]' data-wpc_url='https:\/\/www.aarquiteta.com.br\/blog\/wp-content\/uploads\/2023\/05\/como-organizar-cozinha-compacta-5.png' href=\"https:\/\/www.aarquiteta.com.br\/blog\/wp-content\/uploads\/2023\/05\/como-organizar-cozinha-compacta-5.png\" data-fancybox=\"wpcp_view\">\n\t\t<figure>\n\t\t\t<img decoding=\"async\" class=\"skip-lazy\" src=\"https:\/\/www.aarquiteta.com.br\/blog\/wp-content\/uploads\/2023\/05\/como-organizar-cozinha-compacta-5.png\" alt=\"12 Truques para manter sua cozinha organizada e visualmente deslumbrante!\" width=\"1456\" height=\"816\" title=\"\">\t\t<\/figure>\n\t<\/a>\n\t\t<\/div>\n<\/div>\n\t<div class=\"swiper-slide\">\n\t<div class=\"wpcp-single-item\">\n\t\t\t<a class=\"wcp-light-box\" data-buttons='[\"close\"]' data-wpc_url='https:\/\/www.aarquiteta.com.br\/blog\/wp-content\/uploads\/2023\/04\/Armarios-de-Cozinha-Cinza-8.jpg' href=\"https:\/\/www.aarquiteta.com.br\/blog\/wp-content\/uploads\/2023\/04\/Armarios-de-Cozinha-Cinza-8.jpg\" data-fancybox=\"wpcp_view\">\n\t\t<figure>\n\t\t\t<img decoding=\"async\" class=\"skip-lazy\" src=\"https:\/\/www.aarquiteta.com.br\/blog\/wp-content\/uploads\/2023\/04\/Armarios-de-Cozinha-Cinza-8.jpg\" alt=\"Arm\u00e1rio de Cozinha Cinza: A Eleg\u00e2ncia que Falta na Sua Casa\" width=\"1200\" height=\"800\" title=\"\">\t\t<\/figure>\n\t<\/a>\n\t\t<\/div>\n<\/div>\n\t<div class=\"swiper-slide\">\n\t<div class=\"wpcp-single-item\">\n\t\t\t<a class=\"wcp-light-box\" data-buttons='[\"close\"]' data-wpc_url='https:\/\/www.aarquiteta.com.br\/blog\/wp-content\/uploads\/2023\/04\/Armarios-de-Cozinha-Cinza-10.jpg' href=\"https:\/\/www.aarquiteta.com.br\/blog\/wp-content\/uploads\/2023\/04\/Armarios-de-Cozinha-Cinza-10.jpg\" data-fancybox=\"wpcp_view\">\n\t\t<figure>\n\t\t\t<img decoding=\"async\" class=\"skip-lazy\" src=\"https:\/\/www.aarquiteta.com.br\/blog\/wp-content\/uploads\/2023\/04\/Armarios-de-Cozinha-Cinza-10.jpg\" alt=\"Arm\u00e1rio de Cozinha Cinza: A Eleg\u00e2ncia que Falta na Sua Casa\" width=\"1200\" height=\"800\" title=\"\">\t\t<\/figure>\n\t<\/a>\n\t\t<\/div>\n<\/div>\n\t\t\t<\/div>\n\t\t\t\t\t<div class=\"wpcp-swiper-dots swiper-pagination\"><\/div>\n\t\t\t\t<!-- If we need navigation buttons -->\n\t\t\t<\/div>\n\t<\/div>\n<\/div>\n\n<p>O MDF \u00e9 aquele amigo vers\u00e1til que se d\u00e1 bem em qualquer ambiente. Ele permite acabamentos diversos, desde os mais simples at\u00e9 os mais sofisticados, e sua <strong>estrutura uniforme<\/strong> facilita na hora de aplicar revestimentos ou pinturas.<\/p>\n<h3>Como escolher a melhor cozinha modulada de MDF para sua casa<\/h3>\n<p>Antes de sair comprando, \u00e9 bom dar uma olhada no espa\u00e7o que voc\u00ea tem. Me\u00e7a tudo direitinho e pense no que voc\u00ea realmente precisa. Depois, \u00e9 s\u00f3 escolher os m\u00f3dulos que v\u00e3o atender suas necessidades sem esquecer, claro, do seu <strong>estilo pessoal<\/strong>.<\/p>\n<h3>Dicas de manuten\u00e7\u00e3o e limpeza para cozinha modulada de MDF<\/h3>\n<p>Para manter sua cozinha sempre jovem, a palavra de ordem \u00e9 cuidado. Nada de \u00e1gua em excesso ou produtos abrasivos. Um pano \u00famido com sab\u00e3o neutro j\u00e1 faz milagres. E lembre-se: carinho nunca \u00e9 demais!<\/p>\n<h3>Inspira\u00e7\u00f5es de design para cozinha modulada de MDF<\/h3>\n<figure style=\"width: 1024px\" class=\"wp-caption aligncenter\"><img decoding=\"async\" src=\"https:\/\/www.aarquiteta.com.br\/blog\/wp-content\/uploads\/2024\/03\/cozinha-modulada-mdf02.jpg\" alt=\"cozinha modulada mdf\" width=\"1024\" height=\"1024\" title=\"\"><figcaption class=\"wp-caption-text\">cozinha modulada mdf<\/figcaption><\/figure>\n<p>Se voc\u00ea \u00e9 daqueles que passa horas no Pinterest, j\u00e1 sabe que as possibilidades s\u00e3o infinitas. Do <strong>moderno ao r\u00fastico<\/strong>, do colorido ao monocrom\u00e1tico, a cozinha modulada de MDF \u00e9 uma tela em branco pronta para receber sua criatividade.<\/p>\n<h2>Conclus\u00e3o<\/h2>\n<h3>Invista em uma cozinha modulada de MDF para praticidade e estilo<\/h3>\n<p>Ent\u00e3o, que tal dar aquele upgrade na cozinha? Com as cozinhas moduladas de MDF, voc\u00ea ganha em estilo, praticidade e ainda mant\u00e9m o bolso feliz. \u00c9 a escolha perfeita para quem quer um espa\u00e7o bonito sem quebrar a banca.<\/p>\n<h3>Perguntas Frequentes<\/h3>\n<figure style=\"width: 1024px\" class=\"wp-caption aligncenter\"><img decoding=\"async\" src=\"https:\/\/www.aarquiteta.com.br\/blog\/wp-content\/uploads\/2024\/03\/cozinha-modulada-mdf01.jpg\" alt=\"cozinha modulada mdf\" width=\"1024\" height=\"1024\" title=\"\"><figcaption class=\"wp-caption-text\">cozinha modulada mdf<\/figcaption><\/figure>\n<h3>Quais s\u00e3o as op\u00e7\u00f5es de acabamento dispon\u00edveis para cozinhas moduladas de MDF?<\/h3>\n<p>As op\u00e7\u00f5es s\u00e3o tantas que d\u00e1 para se perder: tem laminado, pintura laqueada, texturizada, e at\u00e9 imita\u00e7\u00e3o de madeira. O c\u00e9u \u00e9 o limite quando o assunto \u00e9 personalizar sua cozinha.<\/p>\n<h3>\u00c9 poss\u00edvel personalizar uma cozinha modulada de MDF de acordo com o espa\u00e7o dispon\u00edvel?<\/h3>\n<figure style=\"width: 1024px\" class=\"wp-caption aligncenter\"><img decoding=\"async\" src=\"https:\/\/www.aarquiteta.com.br\/blog\/wp-content\/uploads\/2024\/03\/cozinha-modulada-mdf03.jpg\" alt=\"cozinha modulada mdf\" width=\"1024\" height=\"1024\" title=\"\"><figcaption class=\"wp-caption-text\">cozinha modulada mdf<\/figcaption><\/figure>\n<p>Com certeza! O legal das cozinhas moduladas \u00e9 que elas s\u00e3o como Lego para adultos. Voc\u00ea pode escolher os m\u00f3dulos que se encaixam no seu espa\u00e7o e montar do jeitinho que sempre sonhou.<\/p>\n<h3>Qual \u00e9 a durabilidade de uma cozinha modulada de MDF em compara\u00e7\u00e3o com outros materiais?<\/h3>\n<p>O MDF n\u00e3o \u00e9 s\u00f3 bonito, ele tamb\u00e9m \u00e9 dur\u00e3o. Com os cuidados certos, ele pode durar tanto quanto outros materiais mais caros. \u00c9 um investimento que vale a pena a longo prazo.<\/p>\n<p>Para encerrar, lembre-se que a cozinha \u00e9 onde a m\u00e1gica acontece \u2013 \u00e9 onde transformamos ingredientes em mem\u00f3rias. E com uma cozinha modulada de MDF, voc\u00ea tem o cen\u00e1rio perfeito para criar esses momentos m\u00e1gicos. Ah, e aqui vai uma curiosidade: voc\u00ea sabia que o MDF \u00e9 feito de fibras de madeira recicladas? Al\u00e9m de lindo e pr\u00e1tico, \u00e9 uma escolha sustent\u00e1vel. Agora sim, voc\u00ea est\u00e1 pronto para fazer a escolha certa para sua cozinha dos sonhos!<\/p>\n<h3><b>Assista ao v\u00eddeo abaixo e venha saber mais sobre o tema do post.<\/b><\/h3>\n<p><div class=\"youtube-embed\" data-video_id=\"jiNU3aM86Xw\"><iframe title=\"TOUR COZINHA NOVA MODULADA| TROQUEI M\u00d3VEIS PLANEJADOS POR MODULADO| RESULTADO DA BANCADA QUE FIZ\ud83d\ude0d\" width=\"696\" height=\"392\" src=\"https:\/\/www.youtube.com\/embed\/jiNU3aM86Xw?feature=oembed&#038;enablejsapi=1\" frameborder=\"0\" allow=\"accelerometer; autoplay; clipboard-write; encrypted-media; gyroscope; picture-in-picture; web-share\" allowfullscreen><\/iframe><\/div>\n<\/p>\n<p>Espero que tenha achado o v\u00eddeo informativo e esclarecedor. <\/p>\n<p>Se gostou, convido-o a explorar mais recursos abaixo, repletos de dicas valiosas e conhecimentos profundos. <\/p>\n<p>Lembre-se, estamos sempre empenhados em ajud\u00e1-lo e inspirar!<\/p>\n<p style=\"text-align: center;\">[amazon table=&#8221;95675&#8243;]\n","protected":false},"excerpt":{"rendered":"<p>Cozinha modulada em MDF descubra como transformar seu espa\u00e7o.<\/p>\n","protected":false},"author":102,"featured_media":109277,"comment_status":"closed","ping_status":"closed","sticky":false,"template":"","format":"standard","meta":{"footnotes":""},"categories":[1484],"tags":[],"class_list":["post-109280","post","type-post","status-publish","format-standard","has-post-thumbnail","category-decoracao"],"_wp_attached_file":null,"_wp_attachment_metadata":null,"_wp_attachment_context":null,"_wp_attachment_is_custom_header":null,"geo_longitude":null,"geo_public":null,"geo_latitude":null,"_publicize_done_external":null,"_wpas_done_3897181":null,"publicize_twitter_user":null,"_wpas_done_3897175":null,"_wpas_skip_3897181":null,"_wpas_skip_3897175":null,"_wpas_skip_3924723":null,"_wpas_mess":null,"_wpas_done_3924723":null,"wps_subtitle":"","_links":{"self":[{"href":"https:\/\/www.aarquiteta.com.br\/blog\/wp-json\/wp\/v2\/posts\/109280","targetHints":{"allow":["GET"]}}],"collection":[{"href":"https:\/\/www.aarquiteta.com.br\/blog\/wp-json\/wp\/v2\/posts"}],"about":[{"href":"https:\/\/www.aarquiteta.com.br\/blog\/wp-json\/wp\/v2\/types\/post"}],"author":[{"embeddable":true,"href":"https:\/\/www.aarquiteta.com.br\/blog\/wp-json\/wp\/v2\/users\/102"}],"replies":[{"embeddable":true,"href":"https:\/\/www.aarquiteta.com.br\/blog\/wp-json\/wp\/v2\/comments?post=109280"}],"version-history":[{"count":0,"href":"https:\/\/www.aarquiteta.com.br\/blog\/wp-json\/wp\/v2\/posts\/109280\/revisions"}],"wp:featuredmedia":[{"embeddable":true,"href":"https:\/\/www.aarquiteta.com.br\/blog\/wp-json\/wp\/v2\/media\/109277"}],"wp:attachment":[{"href":"https:\/\/www.aarquiteta.com.br\/blog\/wp-json\/wp\/v2\/media?parent=109280"}],"wp:term":[{"taxonomy":"category","embeddable":true,"href":"https:\/\/www.aarquiteta.com.br\/blog\/wp-json\/wp\/v2\/categories?post=109280"},{"taxonomy":"post_tag","embeddable":true,"href":"https:\/\/www.aarquiteta.com.br\/blog\/wp-json\/wp\/v2\/tags?post=109280"}],"curies":[{"name":"wp","href":"https:\/\/api.w.org\/{rel}","templated":true}]}}