{"id":1088,"date":"2022-02-07T19:10:20","date_gmt":"2022-02-07T22:10:20","guid":{"rendered":"http:\/\/aarquiteta.com.br\/?p=1088"},"modified":"2024-09-04T18:55:43","modified_gmt":"2024-09-04T21:55:43","slug":"tecnico-em-edificacoes-faculdade-arquitetura","status":"publish","type":"post","link":"https:\/\/www.aarquiteta.com.br\/blog\/tecnico-em-edificacoes-faculdade-arquitetura\/","title":{"rendered":"T\u00e9cnico de Edifica\u00e7\u00f5es antes da Faculdade de Arquitetura. Vale a pena?"},"content":{"rendered":"<p>A import\u00e2ncia do col\u00e9gio T\u00e9cnico de Edifica\u00e7\u00f5es antes da Faculdade de <a href=\"https:\/\/www.aarquiteta.com.br\/blog\/?s=ARQUITETURA\">Arquitetura<\/a>.<\/p><p><img decoding=\"async\" class=\"alignnone wp-image-5064 size-full\" title=\"tecnico edifica\u00e7oes\" src=\"https:\/\/www.aarquiteta.com.br\/blog\/wp-content\/uploads\/2015\/04\/a-vantagem-dos-cursos-tecnicos-a-arquiteta-e1643917958608.jpg\" alt=\"tecnico edifica\u00e7oes\" width=\"700\" height=\"494\" \/><\/p><p style=\"text-align: justify;\">H\u00e1 muito tempo estou para escrever um artigo sobre esse tema.<\/p><p style=\"text-align: justify;\">Todo mundo me pergunta e todo mundo quer saber: quais s\u00e3o as vantagens de cursar o Curso T\u00e9cnico em Edifica\u00e7\u00f5es antes da Faculdade de Arquitetura?<\/p><p style=\"text-align: justify;\">Para responder essa pergunta contarei primeiramente como foi a minha experi\u00eancia.<\/p><p style=\"text-align: justify;\">Se voc\u00ea tem d\u00favida de como o curso t\u00e9cnico em edifica\u00e7\u00f5es pode ajudar um aspirante a estudante de arquitetura ou como ele pode ser importante na vida de quem deseja posteriormente entrar para a faculdade de arquitetura, confira o v\u00eddeo com o meu testemunho.<\/p><p style=\"text-align: justify;\"><iframe src=\"https:\/\/www.youtube.com\/embed\/CmcmsNxzlc8?list=PLcMgaiIXNiVpIGG-WlKJKMMx--vCsytw7\" width=\"560\" height=\"315\" frameborder=\"0\" allowfullscreen=\"allowfullscreen\"><\/iframe><\/p><h2 style=\"text-align: justify;\">O que aprendi em um curso de T\u00e9cnico em Edifica\u00e7\u00f5es.<\/h2><p style=\"text-align: justify;\">No col\u00e9gio t\u00e9cnico em edifica\u00e7\u00f5es aprendi o que mais tarde foi abordado na faculdade de arquitetura. Era como se estivesse na faculdade mesmo!<\/p><p style=\"text-align: justify;\">O t\u00e9cnico em edifica\u00e7\u00f5es \u00e9 uma introdu\u00e7\u00e3o, um curso preparat\u00f3rio do que eu viria aprender na faculdade de arquitetura.<\/p><p style=\"text-align: justify;\">Ele te capacita para trabalhar na \u00e1rea, claro que com mais limita\u00e7\u00f5es que um profissional de maior gradua\u00e7\u00e3o.<\/p><p style=\"text-align: justify;\">O curso t\u00e9cnico em edifica\u00e7\u00f5es tamb\u00e9m te permite trabalhar em conjunto com os profissionais de <a href=\"https:\/\/www.aarquiteta.com.br\/blog\/?s=ENGENHARIA\">engenharia<\/a> e arquitetura.<\/p><p style=\"text-align: justify;\" align=\"center\">Ele \u00e9 meio limitado quanto a possibilidade de ser respons\u00e1vel t\u00e9cnico ou de assinar um <a href=\"https:\/\/www.aarquiteta.com.br\/blog\/?s=PROJETO\">projeto<\/a>.<\/p><p style=\"text-align: justify;\" align=\"center\">Se n\u00e3o engano um t\u00e9cnico em\u00a0edifica\u00e7\u00f5es pode assinar projetos de at\u00e9 80 m2 somente.<\/p><p style=\"text-align: justify;\">Aulas de pr\u00e1ticas profissionais, <a href=\"https:\/\/www.aarquiteta.com.br\/blog\/?s=DESENHO\">desenho<\/a> t\u00e9cnico, desenho arquitet\u00f4nico, resist\u00eancia dos materiais, entre outros eram toda parte de um todo que futuramente iria me ser aprofundado anos mais tarde.<\/p><p style=\"text-align: justify;\"><span style=\"font-weight: bold; color: #f00;\">Error, group does not exist! Check your syntax! (ID: 32)<\/span><p style=\"text-align: justify;\">Eu estudava de manh\u00e3, ent\u00e3o as aulas externas que funcionavam como visitas t\u00e9cnicas, eram mais f\u00e1ceis de serem agendadas, ent\u00e3o t\u00ednhamos mais visitas t\u00e9cnicas no t\u00e9cnico do que na faculdade.<\/p><p style=\"text-align: justify;\">Durante as visitas t\u00e9cnicas em <a href=\"https:\/\/www.aarquiteta.com.br\/blog\/cursos-de-arquitetura-e-decoracao\/curso-de-gerenciamento-de-obras\">obras<\/a> da vizinhan\u00e7a v\u00edamos tudo, na pr\u00e1tica, o que se passava na sala de aula com os professores presentes, claro.<\/p><p style=\"text-align: justify;\" align=\"center\">Para fazer o curso t\u00e9cnico em edifica\u00e7\u00f5es ou uma faculdade de arquitetura tem que gostar de desenhar\u2026 mesmo que n\u00e3o se tenha aquele talento nato no desenho, voc\u00ea pode <a href=\"https:\/\/www.aarquiteta.com.br\/curso-perspectiva-a-mao-livre-arquitetos\/\">aprender a t\u00e9cnica e desenhar<\/a>\u2026<\/p><p style=\"text-align: justify;\" align=\"center\">Na faculdade temos aulas de desenho livre, de express\u00e3o, al\u00e9m dos desenhos t\u00e9cnicos e arquitet\u00f4nico, o que vai te ajudar no desenvolvimento de um talento oculto, mas tem que ter vontade\u00a0e se esfor\u00e7ar.<\/p><p style=\"text-align: justify;\" align=\"center\">Quem n\u00e3o nasceu um g\u00eanio do l\u00e1pis precisa de treino!<\/p><p style=\"text-align: justify;\">Por isso se voc\u00ea \u00e9 um jovem estudante, tiver um sonho de entrar para a faculdade de arquitetura ou engenharia, se tiver a possibilidade de antes fazer o curso t\u00e9cnico em edifica\u00e7\u00f5es, n\u00e3o pense duas vezes.<\/p><p style=\"text-align: justify;\">Isso vai te preparar para o futuro de forma que sua experi\u00eancia na faculdade ser\u00e1 menos nebulosa, digamos assim.<\/p><p style=\"text-align: justify;\">Devido ao col\u00e9gio t\u00e9cnico em edifica\u00e7\u00f5es eu consegui um emprego como desenhista assim que me formei.<\/p><p style=\"text-align: justify;\">Trabalhei para arquitetos em escrit\u00f3rio de arquitetura ajudando-os no desenvolvimento de desenhos, principalmente nos assistidos por computador como o autocad e maquete eletr\u00f4nica no sketchup, do jeitinho que os meus professores afirmaram que ia ser.<\/p><p style=\"text-align: justify;\">Muito do que ensino hoje vem dessa experi\u00eancia pr\u00e1tica!<\/p><p style=\"text-align: justify;\">O mesmo tamb\u00e9m pode acontecer com voc\u00ea.<\/p><p style=\"text-align: justify;\">Por isso pense nesse assunto.<\/p><p style=\"text-align: justify;\">Pense sim em fazer um col\u00e9gio t\u00e9cnico em edifica\u00e7\u00f5es antes da faculdade.<\/p><p style=\"text-align: justify;\">Mas fa\u00e7a isso somente se ainda tiver tempo dispon\u00edvel, pois s\u00e3o 4 anos a mais que voc\u00ea vai precisar investir em seus estudos.<\/p><p style=\"text-align: justify;\">Agora se voc\u00ea estiver em uma fase mais avan\u00e7ada de sua vida eu aconselho ir direto pro vestibular, pois esse tempo a mais de investimento pode vir a fazer falta no futuro.<\/p><p style=\"text-align: justify;\">Ent\u00e3o respondendo \u00e0 pergunta l\u00e1 de cima, se o col\u00e9gio t\u00e9cnico em edifica\u00e7\u00f5es vale a pena.<\/p><p style=\"text-align: justify;\">Claro que sim! Se n\u00e3o tivesse vivido toda essa base do col\u00e9gio t\u00e9cnico em edifica\u00e7\u00f5es tenho mais de 50% de certeza de que n\u00e3o teria me sa\u00eddo t\u00e3o bem na faculdade de arquitetura.<\/p><p style=\"text-align: justify;\">Outra vantagem de se fazer o curso t\u00e9cnico em edifica\u00e7\u00f5es antes da faculdade de arquitetura \u00e9 que se voc\u00ea j\u00e1 gostava da carreira escolhida antes de ingressar nela, essa \u00e9 a hora que voc\u00ea ter\u00e1 a certeza do que voc\u00ea quer fazer da vida: ou voc\u00ea segue e se forma ou voc\u00ea salta do barco no primeiro ou segundo ano, pois a coisa na faculdade \u00e9 mais puxada.<\/p><h3>Voc\u00ea gostou das dicas sobre t\u00e9cnico em Edifica\u00e7\u00f5es?<\/h3><p>Espero que elas tenham lhe ajudado de alguma forma.<br \/>Compartilhe com seus amigos e j\u00e1 aproveite, vendo muitas outras dicas sobre decora\u00e7\u00e3o e receitas abaixo:<\/p><h3>Veja mais dicas:<\/h3><p>Quer mais dicas ent\u00e3o confira alguns dos nossos artigos sobre:<\/p><ul><li><a href=\"https:\/\/www.aarquiteta.com.br\/decoracao\/\" target=\"_blank\" rel=\"noopener\">Decora\u00e7\u00e3o<\/a><\/li><li><a href=\"https:\/\/www.aarquiteta.com.br\/blog\/paisagismo\/\" target=\"_blank\" rel=\"noopener\">Casa e Jardim<\/a><\/li><li><a href=\"https:\/\/www.aarquiteta.com.br\/blog\/arquitetura\/mundo-arquitetura\/\" target=\"_blank\" rel=\"noopener\">Mundo Arquitetura<\/a><\/li><\/ul><h2><span id=\"Mimos_da_A_Arquiteta_para_voce\" class=\"ez-toc-section\"><\/span>Mimos da A Arquiteta para voc\u00ea!<\/h2><p><a href=\"https:\/\/www.aarquiteta.com.br\/blog\/wp-content\/uploads\/2021\/10\/luciana-paixao.jpg\" data-rel=\"fancybox\"><img decoding=\"async\" class=\"alignnone size-full wp-image-35413\" title=\"Parede decorada: Ideias que n\u00e3o podem faltar. Confira.\" src=\"https:\/\/www.aarquiteta.com.br\/blog\/wp-content\/uploads\/2021\/10\/luciana-paixao.jpg\" sizes=\"(max-width: 800px) 100vw, 800px\" srcset=\"https:\/\/www.aarquiteta.com.br\/blog\/wp-content\/uploads\/2021\/10\/luciana-paixao.jpg 800w, https:\/\/www.aarquiteta.com.br\/blog\/wp-content\/uploads\/2021\/10\/luciana-paixao-300x225.jpg 300w, https:\/\/www.aarquiteta.com.br\/blog\/wp-content\/uploads\/2021\/10\/luciana-paixao-768x576.jpg 768w, https:\/\/www.aarquiteta.com.br\/blog\/wp-content\/uploads\/2021\/10\/luciana-paixao-400x300.jpg 400w, https:\/\/www.aarquiteta.com.br\/blog\/wp-content\/uploads\/2021\/10\/luciana-paixao-150x113.jpg 150w\" alt=\"luciana paixao - Parede decorada: Ideias que n\u00e3o podem faltar. Confira.\" width=\"800\" height=\"600\" \/><\/a><\/p><p>Em meu portal de treinamento on-line separei para voc\u00ea v\u00e1rios dos<strong> meus cursos gratuitos<\/strong> para quem quer aprender a decorar ou at\u00e9 usar programas para criar seus projetos, seja de interiores, de edifica\u00e7\u00f5es, e-books e muito mais.<\/p><p><strong><a href=\"https:\/\/www.aarquiteta.com.br\/conteudos-gratuitos\/\" target=\"_blank\" rel=\"noopener\">Basta clicar aqui e come\u00e7ar a estudar.<\/a><\/strong><\/p><p>Espero que o post tenha lhe ajudado!<\/p><p>Ah! N\u00e3o esque\u00e7a de pegar seu conte\u00fado gratuito.<\/p><p>At\u00e9!<\/p>","protected":false},"excerpt":{"rendered":"<p>A import\u00e2ncia do col\u00e9gio T\u00e9cnico de Edifica\u00e7\u00f5es antes da Faculdade de Arquitetura.H\u00e1 muito tempo estou para escrever um artigo sobre esse tema.Todo mundo me pergunta e todo mundo quer saber: quais s\u00e3o as vantagens de cursar o Curso T\u00e9cnico em Edifica\u00e7\u00f5es antes da Faculdade de Arquitetura?Para responder essa pergunta contarei primeiramente como foi a minha [&hellip;]<\/p>\n","protected":false},"author":102,"featured_media":5064,"comment_status":"closed","ping_status":"closed","sticky":false,"template":"","format":"standard","meta":{"footnotes":""},"categories":[6],"tags":[206,207],"class_list":["post-1088","post","type-post","status-publish","format-standard","has-post-thumbnail","category-carreira-de-arquitetura","tag-curso-tecnico-de-edificacoes","tag-vantagens-do-curso-tecnico"],"_wp_attached_file":null,"_wp_attachment_metadata":null,"_wp_attachment_context":null,"_wp_attachment_is_custom_header":null,"geo_longitude":null,"geo_public":null,"geo_latitude":null,"_publicize_done_external":null,"_wpas_done_3897181":null,"publicize_twitter_user":null,"_wpas_done_3897175":null,"_wpas_skip_3897181":null,"_wpas_skip_3897175":null,"_wpas_skip_3924723":null,"_wpas_mess":null,"_wpas_done_3924723":null,"wps_subtitle":"Pensando em fazer arquitetura? Ent\u00e3o veja a import\u00e2ncia de se prepapar melhor para uma as carreiras mais exigentes do mercado!","_links":{"self":[{"href":"https:\/\/www.aarquiteta.com.br\/blog\/wp-json\/wp\/v2\/posts\/1088","targetHints":{"allow":["GET"]}}],"collection":[{"href":"https:\/\/www.aarquiteta.com.br\/blog\/wp-json\/wp\/v2\/posts"}],"about":[{"href":"https:\/\/www.aarquiteta.com.br\/blog\/wp-json\/wp\/v2\/types\/post"}],"author":[{"embeddable":true,"href":"https:\/\/www.aarquiteta.com.br\/blog\/wp-json\/wp\/v2\/users\/102"}],"replies":[{"embeddable":true,"href":"https:\/\/www.aarquiteta.com.br\/blog\/wp-json\/wp\/v2\/comments?post=1088"}],"version-history":[{"count":0,"href":"https:\/\/www.aarquiteta.com.br\/blog\/wp-json\/wp\/v2\/posts\/1088\/revisions"}],"wp:featuredmedia":[{"embeddable":true,"href":"https:\/\/www.aarquiteta.com.br\/blog\/wp-json\/wp\/v2\/media\/5064"}],"wp:attachment":[{"href":"https:\/\/www.aarquiteta.com.br\/blog\/wp-json\/wp\/v2\/media?parent=1088"}],"wp:term":[{"taxonomy":"category","embeddable":true,"href":"https:\/\/www.aarquiteta.com.br\/blog\/wp-json\/wp\/v2\/categories?post=1088"},{"taxonomy":"post_tag","embeddable":true,"href":"https:\/\/www.aarquiteta.com.br\/blog\/wp-json\/wp\/v2\/tags?post=1088"}],"curies":[{"name":"wp","href":"https:\/\/api.w.org\/{rel}","templated":true}]}}