{"id":108558,"date":"2024-03-18T20:50:00","date_gmt":"2024-03-18T23:50:00","guid":{"rendered":"https:\/\/www.aarquiteta.com.br\/blog\/pedras-decorativas-para-parede\/"},"modified":"2024-03-18T20:50:00","modified_gmt":"2024-03-18T23:50:00","slug":"pedras-decorativas-para-parede","status":"publish","type":"post","link":"https:\/\/www.aarquiteta.com.br\/blog\/pedras-decorativas-para-parede\/","title":{"rendered":"pedras decorativas para parede"},"content":{"rendered":"<p>Ah, pedras decorativas! Essas belezinhas s\u00e3o como as joias da coroa na decora\u00e7\u00e3o de um lar. N\u00e3o \u00e9 s\u00f3 uma quest\u00e3o de jogar umas pedrinhas na parede e pronto; \u00e9 uma arte, um toque de Midas que transforma o ambiente comum em um espa\u00e7o digno de revista de decora\u00e7\u00e3o. Vamos mergulhar nesse mundo rochoso e descobrir como essas maravilhas podem fazer toda a diferen\u00e7a no nosso cantinho.<\/p>\n<h2>Contexto Breve: Principais Pontos do Artigo<\/h2>\n<ul>\n<li><strong>Variedade \u00e9 o tempero da vida:<\/strong> Vou mostrar como a diversidade das pedras decorativas pode real\u00e7ar qualquer decora\u00e7\u00e3o, seja ela r\u00fastica ou moderna.<\/li>\n<li><strong>Escolha s\u00e1bia:<\/strong> Vou dar dicas de como escolher a pedra ideal, pensando no estilo, na manuten\u00e7\u00e3o e na durabilidade.<\/li>\n<li><strong>Instala\u00e7\u00e3o e cuidados:<\/strong> N\u00e3o basta apenas escolher; tem que saber instalar e cuidar. Vou ensinar o beab\u00e1 da instala\u00e7\u00e3o e como manter as pedras sempre bonitas.<\/li>\n<\/ul>\n<h3>Benef\u00edcios das Pedras Decorativas para Parede<\/h3>\n<figure style=\"width: 1024px\" class=\"wp-caption aligncenter\"><img decoding=\"async\" src=\"https:\/\/www.aarquiteta.com.br\/blog\/wp-content\/uploads\/2024\/03\/pedras-decorativas-para-parede04.jpg\" alt=\"pedras decorativas para parede\" width=\"1024\" height=\"1024\" title=\"\"><figcaption class=\"wp-caption-text\">pedras decorativas para parede<\/figcaption><\/figure>\n<p>Quando penso em pedras decorativas, j\u00e1 me vem \u00e0 cabe\u00e7a aquela <strong>parede que rouba a cena<\/strong> em qualquer ambiente. E n\u00e3o \u00e9 para menos, elas t\u00eam o poder de transformar um espa\u00e7o sem gra\u00e7a em um espet\u00e1culo visual. Al\u00e9m do mais, s\u00e3o como aquele casaco de couro que voc\u00ea compra e sabe que vai durar uma eternidade. A durabilidade \u00e9 um ponto alto, sem falar na variedade de estilos e cores que se encaixam em qualquer gosto pessoal.<\/p>\n<h3>Tipos de Pedras Decorativas para Parede<\/h3>\n<p>Se voc\u00ea pensa que pedra \u00e9 tudo igual, prepare-se para uma surpresa. Temos a <strong>pedra natural<\/strong>, que parece que foi arrancada diretamente da natureza para a sua sala. A pedra artificial, que \u00e9 a natureza com um toque de Photoshop, e a pedra de rio, que traz aquele ar de tranquilidade de um riacho para dentro de casa.<\/p>\n<h3>Como Escolher o Tipo de Pedra Ideal<\/h3>\n<style id=\"wp_carousel_dynamic_css104049\">.sp-wp-carousel-free-id-104049.wpcf-fancybox-wrapper .fancybox-bg{background: #0b0b0b;opacity: 0.8;}.sp-wp-carousel-free-id-104049.wpcf-fancybox-wrapper .fancybox-navigation .fancybox-button .wpcp-fancybox-nav-arrow i {color: #ccc;}.sp-wp-carousel-free-id-104049.wpcf-fancybox-wrapper .fancybox-navigation .fancybox-button .wpcp-fancybox-nav-arrow i:hover {color: #fff;}.sp-wp-carousel-free-id-104049.wpcf-fancybox-wrapper .fancybox-navigation .fancybox-button {background: #1e1e1e;}.sp-wp-carousel-free-id-104049.wpcf-fancybox-wrapper .fancybox-navigation .fancybox-button:hover {background: #1e1e1e;}#sp-wp-carousel-free-id-104049 .wpcp-swiper-dots {margin: 40px 0px 0px 0px;}.wpcp-wrapper-104049 .swiper-wrapper .swiper-slide-kenburn, .wpcp-wrapper-104049 .swiper-wrapper, .wpcp-wrapper-104049 .wpcpro-row{align-items: center;}#sp-wp-carousel-free-id-104049 .wpcp-single-item {box-shadow: 0px 0px 0px 0px #dddddd;transition: all .3s;margin: 0px;}#sp-wp-carousel-free-id-104049.swiper-flip .wpcp-single-item{margin: 0!important;}#sp-wp-carousel-free-id-104049 .wpcp-single-item:hover {box-shadow: 0px 0px 0px 0px #dddddd;}#sp-wp-carousel-free-id-104049.sp-wpcp-104049 .wpcp-single-item {border: 1px solid #dddddd;}#sp-wp-carousel-free-id-104049.sp-wpcp-104049 .swiper-button-prev,#sp-wp-carousel-free-id-104049.sp-wpcp-104049 .swiper-button-next,#sp-wp-carousel-free-id-104049.sp-wpcp-104049 .swiper-button-prev:hover,#sp-wp-carousel-free-id-104049.sp-wpcp-104049 .swiper-button-next:hover {background: none;border: none;font-size: 30px;}#sp-wp-carousel-free-id-104049.sp-wpcp-104049 .swiper-button-prev i,#sp-wp-carousel-free-id-104049.sp-wpcp-104049 .swiper-button-next i {color: #aaa;}#sp-wp-carousel-free-id-104049.sp-wpcp-104049 .swiper-button-prev i:hover,#sp-wp-carousel-free-id-104049.sp-wpcp-104049 .swiper-button-next i:hover {color: #178087;}#sp-wp-carousel-free-id-104049.sp-wpcp-104049 .wpcp-swiper-dots .swiper-pagination-bullet {background-color: #cccccc;}#sp-wp-carousel-free-id-104049.sp-wpcp-104049 .wpcp-swiper-dots .swiper-pagination-bullet.swiper-pagination-bullet-active {background-color: #178087;} #sp-wp-carousel-free-id-104049.sp-wpcp-104049.wpcp-image-carousel .wpcp-single-item:hover img, #sp-wp-carousel-free-id-104049.sp-wpcp-104049.wpcp-post-carousel .wpcp-single-item:hover img, #sp-wp-carousel-free-id-104049.sp-wpcp-104049.wpcp-product-carousel .wpcp-single-item:hover img{-webkit-transform: scale(1.2);-moz-transform: scale(1.2);transform: scale(1.2);}#sp-wp-carousel-free-id-104049 .wpcpro-row>[class*=\"wpcpro-col-\"] { padding: 0 10px; padding-bottom: 20px;} #sp-wp-carousel-free-id-104049 .swiper-slide .single-item-fade:not(:last-child) { margin-right: 20px;}@media (min-width: 480px) { .wpcpro-row .wpcpro-col-sm-1 { flex: 0 0 100%; max-width: 100%; } .wpcpro-row .wpcpro-col-sm-2 { flex: 0 0 50%; max-width: 50%; } .wpcpro-row .wpcpro-col-sm-2-5 { flex: 0 0 75%; max-width: 75%; } .wpcpro-row .wpcpro-col-sm-3 { flex: 0 0 33.333%; max-width: 33.333%; } .wpcpro-row .wpcpro-col-sm-4 { flex: 0 0 25%; max-width: 25%; } .wpcpro-row .wpcpro-col-sm-5 { flex: 0 0 20%; max-width: 20%; } .wpcpro-row .wpcpro-col-sm-6 { flex: 0 0 16.66666666666667%; max-width: 16.66666666666667%; } .wpcpro-row .wpcpro-col-sm-7 { flex: 0 0 14.28571428%; max-width: 14.28571428%; } .wpcpro-row .wpcpro-col-sm-8 { flex: 0 0 12.5%; max-width: 12.5%; } } @media (max-width: 480px) { .wpcpro-row .wpcpro-col-xs-1 { flex: 0 0 100%; max-width: 100%; } .wpcpro-row .wpcpro-col-xs-2 { flex: 0 0 50%; max-width: 50%; } .wpcpro-row .wpcpro-col-xs-3 { flex: 0 0 33.222%; max-width: 33.222%; } .wpcpro-row .wpcpro-col-xs-4 { flex: 0 0 25%; max-width: 25%; } .wpcpro-row .wpcpro-col-xs-5 { flex: 0 0 20%; max-width: 20%; } .wpcpro-row .wpcpro-col-xs-6 { flex: 0 0 16.6667%; max-width: 16.6667%; } .wpcpro-row .wpcpro-col-xs-7 { flex: 0 0 14.28571428%; max-width: 14.28571428%; } .wpcpro-row .wpcpro-col-xs-8 { flex: 0 0 12.5%; max-width: 12.5%; } } @media (min-width: 736px) { .wpcpro-row .wpcpro-col-md-1 { flex: 0 0 100%; max-width: 100%; } .wpcpro-row .wpcpro-col-md-2 { flex: 0 0 50%; max-width: 50%; } .wpcpro-row .wpcpro-col-md-2-5 { flex: 0 0 75%; max-width: 75%; } .wpcpro-row .wpcpro-col-md-3 { flex: 0 0 33.333%; max-width: 33.333%; } .wpcpro-row .wpcpro-col-md-4 { flex: 0 0 25%; max-width: 25%; } .wpcpro-row .wpcpro-col-md-5 { flex: 0 0 20%; max-width: 20%; } .wpcpro-row .wpcpro-col-md-6 { flex: 0 0 16.66666666666667%; max-width: 16.66666666666667%; } .wpcpro-row .wpcpro-col-md-7 { flex: 0 0 14.28571428%; max-width: 14.28571428%; } .wpcpro-row .wpcpro-col-md-8 { flex: 0 0 12.5%; max-width: 12.5%; } } @media (min-width: 980px) { .wpcpro-row .wpcpro-col-lg-1 { flex: 0 0 100%; max-width: 100%; } .wpcpro-row .wpcpro-col-lg-2 { flex: 0 0 50%; max-width: 50%; } .wpcpro-row .wpcpro-col-lg-3 { flex: 0 0 33.222%; max-width: 33.222%; } .wpcpro-row .wpcpro-col-lg-4 { flex: 0 0 25%; max-width: 25%; } .wpcpro-row .wpcpro-col-lg-5 { flex: 0 0 20%; max-width: 20%; } .wpcpro-row .wpcpro-col-lg-6 { flex: 0 0 16.6667%; max-width: 16.6667%; } .wpcpro-row .wpcpro-col-lg-7 { flex: 0 0 14.28571428%; max-width: 14.28571428%; } .wpcpro-row .wpcpro-col-lg-8 { flex: 0 0 12.5%; max-width: 12.5%; } } @media (min-width: 1200px) { .wpcpro-row .wpcpro-col-xl-1 { flex: 0 0 100%; max-width: 100%; } .wpcpro-row .wpcpro-col-xl-2 { flex: 0 0 50%; max-width: 50%; } .wpcpro-row .wpcpro-col-xl-3 { flex: 0 0 33.22222222%; max-width: 33.22222222%; } .wpcpro-row .wpcpro-col-xl-4 { flex: 0 0 25%; max-width: 25%; } .wpcpro-row .wpcpro-col-xl-5 { flex: 0 0 20%; max-width: 20%; } .wpcpro-row .wpcpro-col-xl-6 { flex: 0 0 16.66667%; max-width: 16.66667%; } .wpcpro-row .wpcpro-col-xl-7 { flex: 0 0 14.28571428%; max-width: 14.28571428%; } .wpcpro-row .wpcpro-col-xl-8 { flex: 0 0 12.5%; max-width: 12.5%; } }<\/style><div class=\"wpcp-carousel-wrapper wpcp-wrapper-104049\">\n\t<div id=\"wpcp-preloader-104049\" class=\"wpcp-carousel-preloader\"><img decoding=\"async\" src=\"https:\/\/www.aarquiteta.com.br\/blog\/wp-content\/plugins\/wp-carousel-free\/public\/css\/spinner.svg\" alt=\"Preloader Image\" title=\"\"><\/div>\t<div class=\"wpcp-carousel-content-wrapper\">\n\t<div id=\"sp-wp-carousel-free-id-104049\" class=\"wpcp-carousel-section sp-wpcp-104049  nav-vertical-center wpcp-image-carousel wpcp-preloader wpcp-standard\" data-swiper='{ &quot;pagination_type&quot;: &quot;dots&quot;,&quot;accessibility&quot;:true, &quot;spaceBetween&quot;:20, &quot;arrows&quot;:false, &quot;freeMode&quot;: false, &quot;autoplay&quot;:true, &quot;effect&quot;: &quot;&quot;, &quot;centerMode&quot;: false, &quot;autoplaySpeed&quot;:3000, &quot;dots&quot;:true, &quot;infinite&quot;:true, &quot;speed&quot;:600, &quot;pauseOnHover&quot;:true,\n\t\t\t&quot;slidesToShow&quot;:{&quot;lg_desktop&quot;:5, &quot;desktop&quot;: 4, &quot;laptop&quot;: 3, &quot;tablet&quot;: 2, &quot;mobile&quot;: 1}, &quot;responsive&quot;:{&quot;desktop&quot;:1200, &quot;laptop&quot;: 980, &quot;tablet&quot;: 736, &quot;mobile&quot;: 480}, &quot;rtl&quot;:false, &quot;lazyLoad&quot;: &quot;false&quot;, &quot;swipe&quot;: true, &quot;draggable&quot;: true, &quot;swipeToSlide&quot;:false }' dir=\"ltr\">\n\t\t<div class=\"swiper-wrapper\">\n\t\t<div class=\"swiper-slide\">\n\t<div class=\"wpcp-single-item\">\n\t\t\t<a class=\"wcp-light-box\" data-buttons='[\"close\"]' data-wpc_url='https:\/\/www.aarquiteta.com.br\/blog\/wp-content\/uploads\/2023\/12\/transformacao-incrivel-parede-poucos-minutos-tecnica-inovadora01.jpg' href=\"https:\/\/www.aarquiteta.com.br\/blog\/wp-content\/uploads\/2023\/12\/transformacao-incrivel-parede-poucos-minutos-tecnica-inovadora01.jpg\" data-fancybox=\"wpcp_view\">\n\t\t<figure>\n\t\t\t<img decoding=\"async\" class=\"skip-lazy\" src=\"https:\/\/www.aarquiteta.com.br\/blog\/wp-content\/uploads\/2023\/12\/transformacao-incrivel-parede-poucos-minutos-tecnica-inovadora01.jpg\" alt=\"transformacao-incrivel-parede-poucos-minutos-tecnica-inovadora\" width=\"1024\" height=\"1024\" title=\"\">\t\t<\/figure>\n\t<\/a>\n\t\t<\/div>\n<\/div>\n\t<div class=\"swiper-slide\">\n\t<div class=\"wpcp-single-item\">\n\t\t\t<a class=\"wcp-light-box\" data-buttons='[\"close\"]' data-wpc_url='https:\/\/www.aarquiteta.com.br\/blog\/wp-content\/uploads\/2023\/12\/nichos-de-parede03.jpg' href=\"https:\/\/www.aarquiteta.com.br\/blog\/wp-content\/uploads\/2023\/12\/nichos-de-parede03.jpg\" data-fancybox=\"wpcp_view\">\n\t\t<figure>\n\t\t\t<img decoding=\"async\" class=\"skip-lazy\" src=\"https:\/\/www.aarquiteta.com.br\/blog\/wp-content\/uploads\/2023\/12\/nichos-de-parede03.jpg\" alt=\"nichos de parede\" width=\"1024\" height=\"1024\" title=\"\">\t\t<\/figure>\n\t<\/a>\n\t\t<\/div>\n<\/div>\n\t<div class=\"swiper-slide\">\n\t<div class=\"wpcp-single-item\">\n\t\t\t<a class=\"wcp-light-box\" data-buttons='[\"close\"]' data-wpc_url='https:\/\/www.aarquiteta.com.br\/blog\/wp-content\/uploads\/2023\/12\/nichos-de-parede02.jpg' href=\"https:\/\/www.aarquiteta.com.br\/blog\/wp-content\/uploads\/2023\/12\/nichos-de-parede02.jpg\" data-fancybox=\"wpcp_view\">\n\t\t<figure>\n\t\t\t<img decoding=\"async\" class=\"skip-lazy\" src=\"https:\/\/www.aarquiteta.com.br\/blog\/wp-content\/uploads\/2023\/12\/nichos-de-parede02.jpg\" alt=\"nichos de parede\" width=\"1024\" height=\"1024\" title=\"\">\t\t<\/figure>\n\t<\/a>\n\t\t<\/div>\n<\/div>\n\t<div class=\"swiper-slide\">\n\t<div class=\"wpcp-single-item\">\n\t\t\t<a class=\"wcp-light-box\" data-buttons='[\"close\"]' data-wpc_url='https:\/\/www.aarquiteta.com.br\/blog\/wp-content\/uploads\/2023\/12\/nichos-de-parede01.jpg' href=\"https:\/\/www.aarquiteta.com.br\/blog\/wp-content\/uploads\/2023\/12\/nichos-de-parede01.jpg\" data-fancybox=\"wpcp_view\">\n\t\t<figure>\n\t\t\t<img decoding=\"async\" class=\"skip-lazy\" src=\"https:\/\/www.aarquiteta.com.br\/blog\/wp-content\/uploads\/2023\/12\/nichos-de-parede01.jpg\" alt=\"nichos de parede\" width=\"1024\" height=\"1024\" title=\"\">\t\t<\/figure>\n\t<\/a>\n\t\t<\/div>\n<\/div>\n\t<div class=\"swiper-slide\">\n\t<div class=\"wpcp-single-item\">\n\t\t\t<a class=\"wcp-light-box\" data-buttons='[\"close\"]' data-wpc_url='https:\/\/www.aarquiteta.com.br\/blog\/wp-content\/uploads\/2023\/11\/decoracao-de-parede-da-sala03.jpg' href=\"https:\/\/www.aarquiteta.com.br\/blog\/wp-content\/uploads\/2023\/11\/decoracao-de-parede-da-sala03.jpg\" data-fancybox=\"wpcp_view\">\n\t\t<figure>\n\t\t\t<img decoding=\"async\" class=\"skip-lazy\" src=\"https:\/\/www.aarquiteta.com.br\/blog\/wp-content\/uploads\/2023\/11\/decoracao-de-parede-da-sala03.jpg\" alt=\"decora\u00e7\u00e3o de parede da sala\" width=\"1024\" height=\"1024\" title=\"\">\t\t<\/figure>\n\t<\/a>\n\t\t<\/div>\n<\/div>\n\t<div class=\"swiper-slide\">\n\t<div class=\"wpcp-single-item\">\n\t\t\t<a class=\"wcp-light-box\" data-buttons='[\"close\"]' data-wpc_url='https:\/\/www.aarquiteta.com.br\/blog\/wp-content\/uploads\/2023\/12\/como-pintar-parede01.jpg' href=\"https:\/\/www.aarquiteta.com.br\/blog\/wp-content\/uploads\/2023\/12\/como-pintar-parede01.jpg\" data-fancybox=\"wpcp_view\">\n\t\t<figure>\n\t\t\t<img decoding=\"async\" class=\"skip-lazy\" src=\"https:\/\/www.aarquiteta.com.br\/blog\/wp-content\/uploads\/2023\/12\/como-pintar-parede01.jpg\" alt=\"como pintar parede\" width=\"1024\" height=\"1024\" title=\"\">\t\t<\/figure>\n\t<\/a>\n\t\t<\/div>\n<\/div>\n\t<div class=\"swiper-slide\">\n\t<div class=\"wpcp-single-item\">\n\t\t\t<a class=\"wcp-light-box\" data-buttons='[\"close\"]' data-wpc_url='https:\/\/www.aarquiteta.com.br\/blog\/wp-content\/uploads\/2023\/12\/como-pintar-parede02.jpg' href=\"https:\/\/www.aarquiteta.com.br\/blog\/wp-content\/uploads\/2023\/12\/como-pintar-parede02.jpg\" data-fancybox=\"wpcp_view\">\n\t\t<figure>\n\t\t\t<img decoding=\"async\" class=\"skip-lazy\" src=\"https:\/\/www.aarquiteta.com.br\/blog\/wp-content\/uploads\/2023\/12\/como-pintar-parede02.jpg\" alt=\"como pintar parede\" width=\"1024\" height=\"1024\" title=\"\">\t\t<\/figure>\n\t<\/a>\n\t\t<\/div>\n<\/div>\n\t<div class=\"swiper-slide\">\n\t<div class=\"wpcp-single-item\">\n\t\t\t<a class=\"wcp-light-box\" data-buttons='[\"close\"]' data-wpc_url='https:\/\/www.aarquiteta.com.br\/blog\/wp-content\/uploads\/2023\/11\/decoracao-de-parede-da-sala02.jpg' href=\"https:\/\/www.aarquiteta.com.br\/blog\/wp-content\/uploads\/2023\/11\/decoracao-de-parede-da-sala02.jpg\" data-fancybox=\"wpcp_view\">\n\t\t<figure>\n\t\t\t<img decoding=\"async\" class=\"skip-lazy\" src=\"https:\/\/www.aarquiteta.com.br\/blog\/wp-content\/uploads\/2023\/11\/decoracao-de-parede-da-sala02.jpg\" alt=\"decora\u00e7\u00e3o de parede da sala\" width=\"1024\" height=\"1024\" title=\"\">\t\t<\/figure>\n\t<\/a>\n\t\t<\/div>\n<\/div>\n\t<div class=\"swiper-slide\">\n\t<div class=\"wpcp-single-item\">\n\t\t\t<a class=\"wcp-light-box\" data-buttons='[\"close\"]' data-wpc_url='https:\/\/www.aarquiteta.com.br\/blog\/wp-content\/uploads\/2023\/11\/decoracao-de-parede-da-sala01.jpg' href=\"https:\/\/www.aarquiteta.com.br\/blog\/wp-content\/uploads\/2023\/11\/decoracao-de-parede-da-sala01.jpg\" data-fancybox=\"wpcp_view\">\n\t\t<figure>\n\t\t\t<img decoding=\"async\" class=\"skip-lazy\" src=\"https:\/\/www.aarquiteta.com.br\/blog\/wp-content\/uploads\/2023\/11\/decoracao-de-parede-da-sala01.jpg\" alt=\"decora\u00e7\u00e3o de parede da sala\" width=\"1024\" height=\"1024\" title=\"\">\t\t<\/figure>\n\t<\/a>\n\t\t<\/div>\n<\/div>\n\t<div class=\"swiper-slide\">\n\t<div class=\"wpcp-single-item\">\n\t\t\t<a class=\"wcp-light-box\" data-buttons='[\"close\"]' data-wpc_url='https:\/\/www.aarquiteta.com.br\/blog\/wp-content\/uploads\/2023\/11\/5-dicas-para-decorar-as-paredes-da-sua-casa02.jpg' href=\"https:\/\/www.aarquiteta.com.br\/blog\/wp-content\/uploads\/2023\/11\/5-dicas-para-decorar-as-paredes-da-sua-casa02.jpg\" data-fancybox=\"wpcp_view\">\n\t\t<figure>\n\t\t\t<img decoding=\"async\" class=\"skip-lazy\" src=\"https:\/\/www.aarquiteta.com.br\/blog\/wp-content\/uploads\/2023\/11\/5-dicas-para-decorar-as-paredes-da-sua-casa02.jpg\" alt=\"5 dicas para decorar as paredes da sua casa\" width=\"1024\" height=\"1024\" title=\"\">\t\t<\/figure>\n\t<\/a>\n\t\t<\/div>\n<\/div>\n\t<div class=\"swiper-slide\">\n\t<div class=\"wpcp-single-item\">\n\t\t\t<a class=\"wcp-light-box\" data-buttons='[\"close\"]' data-wpc_url='https:\/\/www.aarquiteta.com.br\/blog\/wp-content\/uploads\/2023\/11\/revestimento-de-parede-externa04.jpg' href=\"https:\/\/www.aarquiteta.com.br\/blog\/wp-content\/uploads\/2023\/11\/revestimento-de-parede-externa04.jpg\" data-fancybox=\"wpcp_view\">\n\t\t<figure>\n\t\t\t<img decoding=\"async\" class=\"skip-lazy\" src=\"https:\/\/www.aarquiteta.com.br\/blog\/wp-content\/uploads\/2023\/11\/revestimento-de-parede-externa04.jpg\" alt=\"revestimento de parede externa\" width=\"1024\" height=\"1024\" title=\"\">\t\t<\/figure>\n\t<\/a>\n\t\t<\/div>\n<\/div>\n\t<div class=\"swiper-slide\">\n\t<div class=\"wpcp-single-item\">\n\t\t\t<a class=\"wcp-light-box\" data-buttons='[\"close\"]' data-wpc_url='https:\/\/www.aarquiteta.com.br\/blog\/wp-content\/uploads\/2023\/11\/revestimento-de-parede-externa03.jpg' href=\"https:\/\/www.aarquiteta.com.br\/blog\/wp-content\/uploads\/2023\/11\/revestimento-de-parede-externa03.jpg\" data-fancybox=\"wpcp_view\">\n\t\t<figure>\n\t\t\t<img decoding=\"async\" class=\"skip-lazy\" src=\"https:\/\/www.aarquiteta.com.br\/blog\/wp-content\/uploads\/2023\/11\/revestimento-de-parede-externa03.jpg\" alt=\"revestimento de parede externa\" width=\"1024\" height=\"1024\" title=\"\">\t\t<\/figure>\n\t<\/a>\n\t\t<\/div>\n<\/div>\n\t<div class=\"swiper-slide\">\n\t<div class=\"wpcp-single-item\">\n\t\t\t<a class=\"wcp-light-box\" data-buttons='[\"close\"]' data-wpc_url='https:\/\/www.aarquiteta.com.br\/blog\/wp-content\/uploads\/2023\/11\/revestimento-de-parede-externa01.jpg' href=\"https:\/\/www.aarquiteta.com.br\/blog\/wp-content\/uploads\/2023\/11\/revestimento-de-parede-externa01.jpg\" data-fancybox=\"wpcp_view\">\n\t\t<figure>\n\t\t\t<img decoding=\"async\" class=\"skip-lazy\" src=\"https:\/\/www.aarquiteta.com.br\/blog\/wp-content\/uploads\/2023\/11\/revestimento-de-parede-externa01.jpg\" alt=\"revestimento de parede externa\" width=\"1024\" height=\"1024\" title=\"\">\t\t<\/figure>\n\t<\/a>\n\t\t<\/div>\n<\/div>\n\t<div class=\"swiper-slide\">\n\t<div class=\"wpcp-single-item\">\n\t\t\t<a class=\"wcp-light-box\" data-buttons='[\"close\"]' data-wpc_url='https:\/\/www.aarquiteta.com.br\/blog\/wp-content\/uploads\/2023\/11\/parede-de-tijolo-aparente04.jpg' href=\"https:\/\/www.aarquiteta.com.br\/blog\/wp-content\/uploads\/2023\/11\/parede-de-tijolo-aparente04.jpg\" data-fancybox=\"wpcp_view\">\n\t\t<figure>\n\t\t\t<img decoding=\"async\" class=\"skip-lazy\" src=\"https:\/\/www.aarquiteta.com.br\/blog\/wp-content\/uploads\/2023\/11\/parede-de-tijolo-aparente04.jpg\" alt=\"parede de tijolo aparente\" width=\"1024\" height=\"1024\" title=\"\">\t\t<\/figure>\n\t<\/a>\n\t\t<\/div>\n<\/div>\n\t<div class=\"swiper-slide\">\n\t<div class=\"wpcp-single-item\">\n\t\t\t<a class=\"wcp-light-box\" data-buttons='[\"close\"]' data-wpc_url='https:\/\/www.aarquiteta.com.br\/blog\/wp-content\/uploads\/2023\/11\/do-clssico-ao-moderno-dicas-para-acertar-na-escolha-do-papel-de-parede-para-salavmqa.jpg' href=\"https:\/\/www.aarquiteta.com.br\/blog\/wp-content\/uploads\/2023\/11\/do-clssico-ao-moderno-dicas-para-acertar-na-escolha-do-papel-de-parede-para-salavmqa.jpg\" data-fancybox=\"wpcp_view\">\n\t\t<figure>\n\t\t\t<img decoding=\"async\" class=\"skip-lazy\" src=\"https:\/\/www.aarquiteta.com.br\/blog\/wp-content\/uploads\/2023\/11\/do-clssico-ao-moderno-dicas-para-acertar-na-escolha-do-papel-de-parede-para-salavmqa.jpg\" alt=\"Do Clssico ao Moderno Dicas para Acertar na Escolha do Papel de Parede para Sala\" width=\"1024\" height=\"768\" title=\"\">\t\t<\/figure>\n\t<\/a>\n\t\t<\/div>\n<\/div>\n\t<div class=\"swiper-slide\">\n\t<div class=\"wpcp-single-item\">\n\t\t\t<a class=\"wcp-light-box\" data-buttons='[\"close\"]' data-wpc_url='https:\/\/www.aarquiteta.com.br\/blog\/wp-content\/uploads\/2023\/11\/parede-de-tijolo-aparente01.jpg' href=\"https:\/\/www.aarquiteta.com.br\/blog\/wp-content\/uploads\/2023\/11\/parede-de-tijolo-aparente01.jpg\" data-fancybox=\"wpcp_view\">\n\t\t<figure>\n\t\t\t<img decoding=\"async\" class=\"skip-lazy\" src=\"https:\/\/www.aarquiteta.com.br\/blog\/wp-content\/uploads\/2023\/11\/parede-de-tijolo-aparente01.jpg\" alt=\"parede de tijolo aparente\" width=\"1024\" height=\"1024\" title=\"\">\t\t<\/figure>\n\t<\/a>\n\t\t<\/div>\n<\/div>\n\t<div class=\"swiper-slide\">\n\t<div class=\"wpcp-single-item\">\n\t\t\t<a class=\"wcp-light-box\" data-buttons='[\"close\"]' data-wpc_url='https:\/\/www.aarquiteta.com.br\/blog\/wp-content\/uploads\/2023\/11\/Artesanato-Criativo-7-Tendencias-de-Decoracao-de-Parede-para-2023-que-Vao-Revolucionar-Seu-Espaco03.jpg' href=\"https:\/\/www.aarquiteta.com.br\/blog\/wp-content\/uploads\/2023\/11\/Artesanato-Criativo-7-Tendencias-de-Decoracao-de-Parede-para-2023-que-Vao-Revolucionar-Seu-Espaco03.jpg\" data-fancybox=\"wpcp_view\">\n\t\t<figure>\n\t\t\t<img decoding=\"async\" class=\"skip-lazy\" src=\"https:\/\/www.aarquiteta.com.br\/blog\/wp-content\/uploads\/2023\/11\/Artesanato-Criativo-7-Tendencias-de-Decoracao-de-Parede-para-2023-que-Vao-Revolucionar-Seu-Espaco03.jpg\" alt=\"Artesanato Criativo: 7 Tend\u00eancias de Decora\u00e7\u00e3o de Parede para 2023 que V\u00e3o Revolucionar Seu Espa\u00e7o!\" width=\"1024\" height=\"1024\" title=\"\">\t\t<\/figure>\n\t<\/a>\n\t\t<\/div>\n<\/div>\n\t<div class=\"swiper-slide\">\n\t<div class=\"wpcp-single-item\">\n\t\t\t<a class=\"wcp-light-box\" data-buttons='[\"close\"]' data-wpc_url='https:\/\/www.aarquiteta.com.br\/blog\/wp-content\/uploads\/2023\/11\/como-decorar-a-parede-da-sua-casa-atras-do-sofa01.jpg' href=\"https:\/\/www.aarquiteta.com.br\/blog\/wp-content\/uploads\/2023\/11\/como-decorar-a-parede-da-sua-casa-atras-do-sofa01.jpg\" data-fancybox=\"wpcp_view\">\n\t\t<figure>\n\t\t\t<img decoding=\"async\" class=\"skip-lazy\" src=\"https:\/\/www.aarquiteta.com.br\/blog\/wp-content\/uploads\/2023\/11\/como-decorar-a-parede-da-sua-casa-atras-do-sofa01.jpg\" alt=\"como decorar a parede da sua casa atras do sof\u00e1?\" width=\"1024\" height=\"1024\" title=\"\">\t\t<\/figure>\n\t<\/a>\n\t\t<\/div>\n<\/div>\n\t<div class=\"swiper-slide\">\n\t<div class=\"wpcp-single-item\">\n\t\t\t<a class=\"wcp-light-box\" data-buttons='[\"close\"]' data-wpc_url='https:\/\/www.aarquiteta.com.br\/blog\/wp-content\/uploads\/2023\/11\/floreira-de-parede04.jpg' href=\"https:\/\/www.aarquiteta.com.br\/blog\/wp-content\/uploads\/2023\/11\/floreira-de-parede04.jpg\" data-fancybox=\"wpcp_view\">\n\t\t<figure>\n\t\t\t<img decoding=\"async\" class=\"skip-lazy\" src=\"https:\/\/www.aarquiteta.com.br\/blog\/wp-content\/uploads\/2023\/11\/floreira-de-parede04.jpg\" alt=\"floreira de parede\" width=\"1024\" height=\"1024\" title=\"\">\t\t<\/figure>\n\t<\/a>\n\t\t<\/div>\n<\/div>\n\t\t\t<\/div>\n\t\t\t\t\t<div class=\"wpcp-swiper-dots swiper-pagination\"><\/div>\n\t\t\t\t<!-- If we need navigation buttons -->\n\t\t\t<\/div>\n\t<\/div>\n<\/div>\n\n<p>Escolher a pedra ideal \u00e9 como encontrar o par perfeito no Tinder. Voc\u00ea tem que considerar o estilo da decora\u00e7\u00e3o, se quer algo mais r\u00fastico ou sofisticado. Depois, pense na manuten\u00e7\u00e3o, porque ningu\u00e9m quer um relacionamento de alta manuten\u00e7\u00e3o, certo? E claro, avalie a durabilidade, porque queremos que dure mais que amor de ver\u00e3o.<\/p>\n<h3>Como Instalar Pedras Decorativas na Parede<\/h3>\n<p>Instalar pedras na parede \u00e9 quase como montar um quebra-cabe\u00e7a, s\u00f3 que um pouco mais pesado. Primeiro, a parede tem que estar preparada, sem buracos ou rachaduras. Depois, escolha a argamassa certa, porque \u00e9 ela que vai manter seu quebra-cabe\u00e7a no lugar. E por fim, a fixa\u00e7\u00e3o das pedras, que tem que ser feita com carinho e aten\u00e7\u00e3o, para n\u00e3o ter pedra caindo na cabe\u00e7a de ningu\u00e9m.<\/p>\n<h3>Ideias de Uso de Pedras Decorativas para Parede<\/h3>\n<p>As ideias para usar pedras decorativas s\u00e3o tantas que at\u00e9 me perco. Um <strong>painel de destaque na sala<\/strong> \u00e9 cl\u00e1ssico, mas e que tal revestir a lareira para aqueles dias frios? Ou ent\u00e3o dar um up na \u00e1rea externa, para impressionar a vizinhan\u00e7a? As possibilidades s\u00e3o infinitas!<\/p>\n<h3>Cuidados e Manuten\u00e7\u00e3o das Pedras Decorativas<\/h3>\n<figure style=\"width: 1024px\" class=\"wp-caption aligncenter\"><img decoding=\"async\" src=\"https:\/\/www.aarquiteta.com.br\/blog\/wp-content\/uploads\/2024\/03\/pedras-decorativas-para-parede02.jpg\" alt=\"pedras decorativas para parede\" width=\"1024\" height=\"1024\" title=\"\"><figcaption class=\"wp-caption-text\">pedras decorativas para parede<\/figcaption><\/figure>\n<p>Manter as pedras bonitas \u00e9 como cuidar de uma planta: precisa de aten\u00e7\u00e3o e carinho. Uma <strong>limpeza regular<\/strong> \u00e9 essencial, e proteger contra a umidade \u00e9 como dar um guarda-chuva para elas. E claro, uma manuten\u00e7\u00e3o preventiva para n\u00e3o ter surpresas desagrad\u00e1veis.<\/p>\n<h3>Onde Comprar Pedras Decorativas para Parede<\/h3>\n<p>Comprar pedras decorativas \u00e9 mais f\u00e1cil que escolher doce na loja de guloseimas. Voc\u00ea pode ir em lojas de materiais de constru\u00e7\u00e3o, lojas especializadas em decora\u00e7\u00e3o ou at\u00e9 mesmo dar um clique e comprar online. O dif\u00edcil \u00e9 escolher entre tantas op\u00e7\u00f5es maravilhosas.<\/p>\n<h3>Pre\u00e7o das Pedras Decorativas para Parede<\/h3>\n<figure style=\"width: 1024px\" class=\"wp-caption aligncenter\"><img decoding=\"async\" src=\"https:\/\/www.aarquiteta.com.br\/blog\/wp-content\/uploads\/2024\/03\/pedras-decorativas-para-parede01.jpg\" alt=\"pedras decorativas para parede\" width=\"1024\" height=\"1024\" title=\"\"><figcaption class=\"wp-caption-text\">pedras decorativas para parede<\/figcaption><\/figure>\n<p>O pre\u00e7o das pedras decorativas pode variar mais que humor de adolescente. Depende do tipo de pedra, do tamanho da \u00e1rea a ser coberta e da marca e qualidade do material. Mas pensa comigo, \u00e9 um investimento que vai dar aquele glow no seu lar, ent\u00e3o vale cada centavo.<\/p>\n<h3>Dicas para Combinar Pedras Decorativas com Outros Elementos Decorativos<\/h3>\n<p>Combinar pedras com outros elementos decorativos \u00e9 como fazer uma salada de frutas; tem que ter harmonia. Pense em <strong>harmonizar as cores<\/strong>, brincar com texturas contrastantes e buscar um equil\u00edbrio na distribui\u00e7\u00e3o das pedras para n\u00e3o ficar com cara de &#8220;pedreira&#8221; dentro de casa.<\/p>\n<h3>Tend\u00eancias de Uso de Pedras Decorativas para Parede<\/h3>\n<figure style=\"width: 1024px\" class=\"wp-caption aligncenter\"><img decoding=\"async\" src=\"https:\/\/www.aarquiteta.com.br\/blog\/wp-content\/uploads\/2024\/03\/pedras-decorativas-para-parede03.jpg\" alt=\"pedras decorativas para parede\" width=\"1024\" height=\"1024\" title=\"\"><figcaption class=\"wp-caption-text\">pedras decorativas para parede<\/figcaption><\/figure>\n<p>As tend\u00eancias em pedras decorativas s\u00e3o como as da moda: sempre mudando. Mas algumas que est\u00e3o com tudo s\u00e3o as paredes de pedra r\u00fastica, os pain\u00e9is de pedra iluminados e o revestimento de pedras em formatos geom\u00e9tricos. \u00c9 a uni\u00e3o perfeita entre o charme do antigo e a ousadia do moderno.<\/p>\n<h3>Inspira\u00e7\u00f5es de Ambientes Decorados com Pedras na Parede<\/h3>\n<p>Se voc\u00ea est\u00e1 buscando inspira\u00e7\u00e3o, que tal uma <strong>sala de estar moderna<\/strong> com uma parede de pedra que parece que voc\u00ea est\u00e1 em um loft em Nova York? Ou uma cozinha com detalhes em pedra que fazem voc\u00ea se sentir um chef estrelado? E a \u00e1rea externa, ent\u00e3o? Com revestimento de pedras, seu jardim pode ser o novo point para os churrascos de domingo.<\/p>\n<h3>Perguntas Frequentes<\/h3>\n<h3><b>Assista ao v\u00eddeo abaixo agora mesmo e veja como tudo isso ganha vida! Descubra, aprenda e inspire-se com o conte\u00fado que preparamos especialmente para voc\u00ea. Venha saber mais sobre o tema do post e amplie seus horizontes conosco!<\/b><\/h3>\n<p><div class=\"youtube-embed\" data-video_id=\"ljkF1vxlFGA\"><iframe title=\"TIPOS DE PEDRAS PARA USAR NA DECORA\u00c7\u00c3O E FACHADA DE CASAS-FACHADAS MODERNAS DE CASAS- FOTOS-PROJETOS\" width=\"696\" height=\"392\" src=\"https:\/\/www.youtube.com\/embed\/ljkF1vxlFGA?feature=oembed&#038;enablejsapi=1\" frameborder=\"0\" allow=\"accelerometer; autoplay; clipboard-write; encrypted-media; gyroscope; picture-in-picture; web-share\" allowfullscreen><\/iframe><\/div>\n<\/p>\n<p>Espero que tenha achado o v\u00eddeo informativo e esclarecedor. <\/p>\n<p>Se gostou, convido-o a explorar mais recursos abaixo, repletos de dicas valiosas e conhecimentos profundos. <\/p>\n<p>Lembre-se, estamos sempre empenhados em ajud\u00e1-lo e inspirar!<\/p>\n<h3>As pedras decorativas podem ser aplicadas em qualquer tipo de parede?<\/h3>\n<p>Quase todas, meu caro Watson. Mas \u00e9 sempre bom verificar se a parede pode suportar o peso das pedras e se n\u00e3o h\u00e1 problemas de umidade que possam estragar sua obra de arte.<\/p>\n<h3>\u00c9 poss\u00edvel instalar pedras decorativas por conta pr\u00f3pria?<\/h3>\n<p style=\"text-align: center;\">[amazon table=&#8221;88070&#8243;]\n<p>Com certeza! Se voc\u00ea tem habilidades de bricolagem e paci\u00eancia, \u00e9 um projeto que pode ser feito. Mas se voc\u00ea \u00e9 mais do tipo que prefere assistir, contratar um profissional pode ser uma boa ideia.<\/p>\n<h3>Como posso garantir que as pedras n\u00e3o descolem da parede?<\/h3>\n<p>Usando a argamassa certa e seguindo as instru\u00e7\u00f5es de instala\u00e7\u00e3o \u00e0 risca. E claro, n\u00e3o custa nada dar uma olhadinha de vez em quando para ver se est\u00e1 tudo no lugar.<\/p>\n<p>Em resumo, usar pedras decorativas na parede \u00e9 uma forma incr\u00edvel de adicionar personalidade e estilo \u00e0 sua casa. Com a variedade de op\u00e7\u00f5es dispon\u00edveis, a durabilidade e a facilidade de manuten\u00e7\u00e3o, \u00e9 uma escolha que vale a pena considerar. E lembre-se, a beleza est\u00e1 nos detalhes, ent\u00e3o escolha suas pedras com carinho e veja a magia acontecer.<\/p>\n<p>Curiosidade do dia: voc\u00ea sabia que as pedras decorativas tamb\u00e9m podem ajudar a regular a temperatura do ambiente? Elas absorvem o calor durante o dia e o liberam lentamente \u00e0 noite. N\u00e3o \u00e9 s\u00f3 beleza, \u00e9 ci\u00eancia tamb\u00e9m!<\/p>\n","protected":false},"excerpt":{"rendered":"<p>Ah, pedras decorativas! Essas belezinhas s\u00e3o como as joias da coroa na decora\u00e7\u00e3o de um lar. N\u00e3o \u00e9 s\u00f3 uma quest\u00e3o de jogar umas pedrinhas na parede e pronto; \u00e9 uma arte, um toque de Midas que transforma o ambiente comum em um espa\u00e7o digno de revista de decora\u00e7\u00e3o. Vamos mergulhar nesse mundo rochoso e [&hellip;]<\/p>\n","protected":false},"author":102,"featured_media":108550,"comment_status":"closed","ping_status":"closed","sticky":false,"template":"","format":"standard","meta":{"footnotes":""},"categories":[1484],"tags":[],"class_list":["post-108558","post","type-post","status-publish","format-standard","has-post-thumbnail","category-decoracao"],"_wp_attached_file":null,"_wp_attachment_metadata":null,"_wp_attachment_context":null,"_wp_attachment_is_custom_header":null,"geo_longitude":null,"geo_public":null,"geo_latitude":null,"_publicize_done_external":null,"_wpas_done_3897181":null,"publicize_twitter_user":null,"_wpas_done_3897175":null,"_wpas_skip_3897181":null,"_wpas_skip_3897175":null,"_wpas_skip_3924723":null,"_wpas_mess":null,"_wpas_done_3924723":null,"wps_subtitle":"","_links":{"self":[{"href":"https:\/\/www.aarquiteta.com.br\/blog\/wp-json\/wp\/v2\/posts\/108558","targetHints":{"allow":["GET"]}}],"collection":[{"href":"https:\/\/www.aarquiteta.com.br\/blog\/wp-json\/wp\/v2\/posts"}],"about":[{"href":"https:\/\/www.aarquiteta.com.br\/blog\/wp-json\/wp\/v2\/types\/post"}],"author":[{"embeddable":true,"href":"https:\/\/www.aarquiteta.com.br\/blog\/wp-json\/wp\/v2\/users\/102"}],"replies":[{"embeddable":true,"href":"https:\/\/www.aarquiteta.com.br\/blog\/wp-json\/wp\/v2\/comments?post=108558"}],"version-history":[{"count":0,"href":"https:\/\/www.aarquiteta.com.br\/blog\/wp-json\/wp\/v2\/posts\/108558\/revisions"}],"wp:featuredmedia":[{"embeddable":true,"href":"https:\/\/www.aarquiteta.com.br\/blog\/wp-json\/wp\/v2\/media\/108550"}],"wp:attachment":[{"href":"https:\/\/www.aarquiteta.com.br\/blog\/wp-json\/wp\/v2\/media?parent=108558"}],"wp:term":[{"taxonomy":"category","embeddable":true,"href":"https:\/\/www.aarquiteta.com.br\/blog\/wp-json\/wp\/v2\/categories?post=108558"},{"taxonomy":"post_tag","embeddable":true,"href":"https:\/\/www.aarquiteta.com.br\/blog\/wp-json\/wp\/v2\/tags?post=108558"}],"curies":[{"name":"wp","href":"https:\/\/api.w.org\/{rel}","templated":true}]}}